{"id":4069,"date":"2017-06-14T15:58:37","date_gmt":"2017-06-14T13:58:37","guid":{"rendered":"http:\/\/flashmode.tn\/magazine\/sorties\/agenda\/tunisie\/evenement-saha-chribtek-les-nuits-festives-du-ramadan-at-goethe-institut-tunis-tunis\/"},"modified":"2017-06-14T15:58:37","modified_gmt":"2017-06-14T13:58:37","slug":"evenement-saha-chribtek-les-nuits-festives-du-ramadan-at-goethe-institut-tunis-tunis","status":"publish","type":"post","link":"https:\/\/flashmode.tn\/magazine\/evenement-saha-chribtek-les-nuits-festives-du-ramadan-at-goethe-institut-tunis-tunis\/","title":{"rendered":"\u00c9v\u00e8nement : SAHA CHRIBTEK-Les nuits festives du Ramadan at Goethe-Institut Tunis, Tunis"},"content":{"rendered":"<h2>SAHA CHRIBTEK-Les nuits festives du Ramadan at Goethe-Institut Tunis, Tunis <\/h2>\n<div property=\"schema:description\">\n\t\t\t\t\t\t\t     Pour mieux savourer les soir\u00e9es ramadanesques, le Goethe-Institut a concoct\u00e9 pour vous une programmation compos\u00e9e d\u2019une projection sp\u00e9ciale d\u2019un documentaire allemand avec la pr\u00e9sence du r\u00e9alisateur ainsi que trois concerts \u00e0 d\u00e9couvrir \u00e0 la belle \u00e9toile entre les 13 et le 20 juin \u00e0 partir de 22 heures. <\/p>\n<p>La s\u00e9lection des musiciens qui vont participer \u00e0 ce programme s\u2019est faite \u00e0 partir du projet \u00abMusikraum\u00bb initi\u00e9 par les Goethe-Instituts des r\u00e9gions du Moyen-Orient \/ Afrique du Nord. <\/p>\n<p>Toute la programmation aura lieu au jardin du Goethe-Institut avec une entr\u00e9e gratuite dans la limite des places disponibles. Soyez au rendez-vous !<\/p>\n<p>Au programme : <\/p>\n<p>13\/06 Als Paul \u00fcber das Meer Kam &#8211; Quand Paul Traversa la Mer, documentaire de Jakob Preuss, 2017 (Allemagne)<br \/>15\/06 YUMA (Tunisie) &amp; Ary Sarhan (Syrie)<br \/>16\/06 Salute yal Bannote (Soudan)<br \/>20\/06 Sabry Mosbah (Tunisie) <\/p>\n<p>Pour plus d&rsquo;information sur les \u00e9v\u00e9nements de SAHA CHRIBTEK:  https:\/\/www.goethe.de\/ins\/tn\/de\/ver.cfm?fuseaction=events.detail&amp;event_id=20991771 <\/p>\n<p>Pour plus d\u2019information sur Musikraum :  https:\/\/www.goethe.de\/musikraum<\/p>\n<p>You may also like the following events from Goethe-Institut Tunis:<\/p>\n<p>Also check out other Concerts in Tunis, Entertainment Events in Tunis, Music Events in Tunis.\t\t\t\t\t\t<\/p><\/div>\n","protected":false},"excerpt":{"rendered":"<p>SAHA CHRIBTEK-Les nuits festives du Ramadan at Goethe-Institut Tunis, Tunis Pour mieux savourer les soir\u00e9es ramadanesques, le Goethe-Institut a concoct\u00e9 pour vous une programmation compos\u00e9e d\u2019une projection sp\u00e9ciale d\u2019un documentaire allemand avec la pr\u00e9sence du r\u00e9alisateur ainsi que trois concerts \u00e0 d\u00e9couvrir \u00e0 la belle \u00e9toile entre les 13 et le 20 juin \u00e0 partir [&hellip;]<\/p>\n","protected":false},"author":6,"featured_media":0,"comment_status":"open","ping_status":"open","sticky":false,"template":"","format":"standard","meta":{"tdm_status":"","tdm_grid_status":"","_jetpack_memberships_contains_paid_content":false,"footnotes":"","jetpack_publicize_message":"","jetpack_publicize_feature_enabled":true,"jetpack_social_post_already_shared":true,"jetpack_social_options":{"image_generator_settings":{"template":"highway","default_image_id":0,"font":"","enabled":false},"version":2}},"categories":[964],"tags":[],"class_list":["post-4069","post","type-post","status-publish","format-standard","hentry","category-tunisie"],"yoast_head":"<!-- This site is optimized with the Yoast SEO Premium plugin v25.0 (Yoast SEO v25.0) - https:\/\/yoast.com\/wordpress\/plugins\/seo\/ -->\n<title>\u00c9v\u00e8nement : SAHA CHRIBTEK-Les nuits festives du Ramadan at Goethe-Institut Tunis, Tunis - Flashmode Magazine | Magazine de mode et style de vie Num\u00e9ro un en Tunisie et au Maghreb<\/title>\n<meta name=\"description\" content=\"SAHA CHRIBTEK-Les nuits festives du Ramadan at Goethe-Institut Tunis, Tunis Pour mieux savourer les soir\u00e9es ramadanesques, le Goethe-Institut a concoct\u00e9\" \/>\n<meta name=\"robots\" content=\"index, follow, max-snippet:-1, max-image-preview:large, max-video-preview:-1\" \/>\n<link rel=\"canonical\" href=\"https:\/\/flashmode.tn\/magazine\/evenement-saha-chribtek-les-nuits-festives-du-ramadan-at-goethe-institut-tunis-tunis\/\" \/>\n<meta property=\"og:locale\" content=\"fr_FR\" \/>\n<meta property=\"og:type\" content=\"article\" \/>\n<meta property=\"og:title\" content=\"\u00c9v\u00e8nement : SAHA CHRIBTEK-Les nuits festives du Ramadan at Goethe-Institut Tunis, Tunis - Flashmode Magazine | Magazine de mode et style de vie Num\u00e9ro un en Tunisie et au Maghreb\" \/>\n<meta property=\"og:description\" content=\"SAHA CHRIBTEK-Les nuits festives du Ramadan at Goethe-Institut Tunis, Tunis Pour mieux savourer les soir\u00e9es ramadanesques, le Goethe-Institut a concoct\u00e9\" \/>\n<meta property=\"og:url\" content=\"https:\/\/flashmode.tn\/magazine\/evenement-saha-chribtek-les-nuits-festives-du-ramadan-at-goethe-institut-tunis-tunis\/\" \/>\n<meta property=\"og:site_name\" content=\"Flashmode Magazine | Magazine de mode et style de vie Num\u00e9ro un en Tunisie et au Maghreb\" \/>\n<meta property=\"article:publisher\" content=\"https:\/\/www.facebook.com\/flashmode.magazine\/\" \/>\n<meta property=\"article:published_time\" content=\"2017-06-14T13:58:37+00:00\" \/>\n<meta name=\"author\" content=\"EventsEditors\" \/>\n<meta name=\"twitter:card\" content=\"summary_large_image\" \/>\n<meta name=\"twitter:creator\" content=\"@agenceflashmode\" \/>\n<meta name=\"twitter:site\" content=\"@agenceflashmode\" \/>\n<meta name=\"twitter:label1\" content=\"\u00c9crit par\" \/>\n\t<meta name=\"twitter:data1\" content=\"EventsEditors\" \/>\n\t<meta name=\"twitter:label2\" content=\"Dur\u00e9e de lecture estim\u00e9e\" \/>\n\t<meta name=\"twitter:data2\" content=\"1 minute\" \/>\n<script type=\"application\/ld+json\" class=\"yoast-schema-graph\">{\"@context\":\"https:\/\/schema.org\",\"@graph\":[{\"@type\":\"WebPage\",\"@id\":\"https:\/\/flashmode.tn\/magazine\/evenement-saha-chribtek-les-nuits-festives-du-ramadan-at-goethe-institut-tunis-tunis\/\",\"url\":\"https:\/\/flashmode.tn\/magazine\/evenement-saha-chribtek-les-nuits-festives-du-ramadan-at-goethe-institut-tunis-tunis\/\",\"name\":\"\u00c9v\u00e8nement : SAHA CHRIBTEK-Les nuits festives du Ramadan at Goethe-Institut Tunis, Tunis - Flashmode Magazine | Magazine de mode et style de vie Num\u00e9ro un en Tunisie et au Maghreb\",\"isPartOf\":{\"@id\":\"https:\/\/flashmode.tn\/magazine\/#website\"},\"datePublished\":\"2017-06-14T13:58:37+00:00\",\"author\":{\"@id\":\"https:\/\/flashmode.tn\/magazine\/#\/schema\/person\/257d6780605b915a5e352977f0f6f41c\"},\"description\":\"SAHA CHRIBTEK-Les nuits festives du Ramadan at Goethe-Institut Tunis, Tunis Pour mieux savourer les soir\u00e9es ramadanesques, le Goethe-Institut a concoct\u00e9\",\"breadcrumb\":{\"@id\":\"https:\/\/flashmode.tn\/magazine\/evenement-saha-chribtek-les-nuits-festives-du-ramadan-at-goethe-institut-tunis-tunis\/#breadcrumb\"},\"inLanguage\":\"fr-FR\",\"potentialAction\":[{\"@type\":\"ReadAction\",\"target\":[\"https:\/\/flashmode.tn\/magazine\/evenement-saha-chribtek-les-nuits-festives-du-ramadan-at-goethe-institut-tunis-tunis\/\"]}]},{\"@type\":\"BreadcrumbList\",\"@id\":\"https:\/\/flashmode.tn\/magazine\/evenement-saha-chribtek-les-nuits-festives-du-ramadan-at-goethe-institut-tunis-tunis\/#breadcrumb\",\"itemListElement\":[{\"@type\":\"ListItem\",\"position\":1,\"name\":\"Accueil\",\"item\":\"https:\/\/flashmode.tn\/magazine\/\"},{\"@type\":\"ListItem\",\"position\":2,\"name\":\"\u00c9v\u00e8nement : SAHA CHRIBTEK-Les nuits festives du Ramadan at Goethe-Institut Tunis, Tunis\"}]},{\"@type\":\"WebSite\",\"@id\":\"https:\/\/flashmode.tn\/magazine\/#website\",\"url\":\"https:\/\/flashmode.tn\/magazine\/\",\"name\":\"Flashmode Magazine | Magazine de mode et style de vie Num\u00e9ro un en Tunisie et au Maghreb\",\"description\":\"Magazine de mode et style de vie Num\u00e9ro un en Tunisie et au Maghreb, cr\u00e9\u00e9 pour les hommes et les femmes : conseils beaut\u00e9, mode femme, mode homme, recettes de cuisine, c\u00e9l\u00e9brit\u00e9s et people, mannequins et top modeles\",\"potentialAction\":[{\"@type\":\"SearchAction\",\"target\":{\"@type\":\"EntryPoint\",\"urlTemplate\":\"https:\/\/flashmode.tn\/magazine\/?s={search_term_string}\"},\"query-input\":{\"@type\":\"PropertyValueSpecification\",\"valueRequired\":true,\"valueName\":\"search_term_string\"}}],\"inLanguage\":\"fr-FR\"},{\"@type\":\"Person\",\"@id\":\"https:\/\/flashmode.tn\/magazine\/#\/schema\/person\/257d6780605b915a5e352977f0f6f41c\",\"name\":\"EventsEditors\",\"image\":{\"@type\":\"ImageObject\",\"inLanguage\":\"fr-FR\",\"@id\":\"https:\/\/flashmode.tn\/magazine\/#\/schema\/person\/image\/\",\"url\":\"https:\/\/secure.gravatar.com\/avatar\/e2daedf958f66be37c9a79abe56184d85cd1baa6bba0dd8017e3f7d01555232f?s=96&d=mm&r=g\",\"contentUrl\":\"https:\/\/secure.gravatar.com\/avatar\/e2daedf958f66be37c9a79abe56184d85cd1baa6bba0dd8017e3f7d01555232f?s=96&d=mm&r=g\",\"caption\":\"EventsEditors\"},\"url\":\"https:\/\/flashmode.tn\/magazine\/author\/eventseditors\/\"}]}<\/script>\n<!-- \/ Yoast SEO Premium plugin. -->","yoast_head_json":{"title":"\u00c9v\u00e8nement : SAHA CHRIBTEK-Les nuits festives du Ramadan at Goethe-Institut Tunis, Tunis - Flashmode Magazine | Magazine de mode et style de vie Num\u00e9ro un en Tunisie et au Maghreb","description":"SAHA CHRIBTEK-Les nuits festives du Ramadan at Goethe-Institut Tunis, Tunis Pour mieux savourer les soir\u00e9es ramadanesques, le Goethe-Institut a concoct\u00e9","robots":{"index":"index","follow":"follow","max-snippet":"max-snippet:-1","max-image-preview":"max-image-preview:large","max-video-preview":"max-video-preview:-1"},"canonical":"https:\/\/flashmode.tn\/magazine\/evenement-saha-chribtek-les-nuits-festives-du-ramadan-at-goethe-institut-tunis-tunis\/","og_locale":"fr_FR","og_type":"article","og_title":"\u00c9v\u00e8nement : SAHA CHRIBTEK-Les nuits festives du Ramadan at Goethe-Institut Tunis, Tunis - Flashmode Magazine | Magazine de mode et style de vie Num\u00e9ro un en Tunisie et au Maghreb","og_description":"SAHA CHRIBTEK-Les nuits festives du Ramadan at Goethe-Institut Tunis, Tunis Pour mieux savourer les soir\u00e9es ramadanesques, le Goethe-Institut a concoct\u00e9","og_url":"https:\/\/flashmode.tn\/magazine\/evenement-saha-chribtek-les-nuits-festives-du-ramadan-at-goethe-institut-tunis-tunis\/","og_site_name":"Flashmode Magazine | Magazine de mode et style de vie Num\u00e9ro un en Tunisie et au Maghreb","article_publisher":"https:\/\/www.facebook.com\/flashmode.magazine\/","article_published_time":"2017-06-14T13:58:37+00:00","author":"EventsEditors","twitter_card":"summary_large_image","twitter_creator":"@agenceflashmode","twitter_site":"@agenceflashmode","twitter_misc":{"\u00c9crit par":"EventsEditors","Dur\u00e9e de lecture estim\u00e9e":"1 minute"},"schema":{"@context":"https:\/\/schema.org","@graph":[{"@type":"WebPage","@id":"https:\/\/flashmode.tn\/magazine\/evenement-saha-chribtek-les-nuits-festives-du-ramadan-at-goethe-institut-tunis-tunis\/","url":"https:\/\/flashmode.tn\/magazine\/evenement-saha-chribtek-les-nuits-festives-du-ramadan-at-goethe-institut-tunis-tunis\/","name":"\u00c9v\u00e8nement : SAHA CHRIBTEK-Les nuits festives du Ramadan at Goethe-Institut Tunis, Tunis - Flashmode Magazine | Magazine de mode et style de vie Num\u00e9ro un en Tunisie et au Maghreb","isPartOf":{"@id":"https:\/\/flashmode.tn\/magazine\/#website"},"datePublished":"2017-06-14T13:58:37+00:00","author":{"@id":"https:\/\/flashmode.tn\/magazine\/#\/schema\/person\/257d6780605b915a5e352977f0f6f41c"},"description":"SAHA CHRIBTEK-Les nuits festives du Ramadan at Goethe-Institut Tunis, Tunis Pour mieux savourer les soir\u00e9es ramadanesques, le Goethe-Institut a concoct\u00e9","breadcrumb":{"@id":"https:\/\/flashmode.tn\/magazine\/evenement-saha-chribtek-les-nuits-festives-du-ramadan-at-goethe-institut-tunis-tunis\/#breadcrumb"},"inLanguage":"fr-FR","potentialAction":[{"@type":"ReadAction","target":["https:\/\/flashmode.tn\/magazine\/evenement-saha-chribtek-les-nuits-festives-du-ramadan-at-goethe-institut-tunis-tunis\/"]}]},{"@type":"BreadcrumbList","@id":"https:\/\/flashmode.tn\/magazine\/evenement-saha-chribtek-les-nuits-festives-du-ramadan-at-goethe-institut-tunis-tunis\/#breadcrumb","itemListElement":[{"@type":"ListItem","position":1,"name":"Accueil","item":"https:\/\/flashmode.tn\/magazine\/"},{"@type":"ListItem","position":2,"name":"\u00c9v\u00e8nement : SAHA CHRIBTEK-Les nuits festives du Ramadan at Goethe-Institut Tunis, Tunis"}]},{"@type":"WebSite","@id":"https:\/\/flashmode.tn\/magazine\/#website","url":"https:\/\/flashmode.tn\/magazine\/","name":"Flashmode Magazine | Magazine de mode et style de vie Num\u00e9ro un en Tunisie et au Maghreb","description":"Magazine de mode et style de vie Num\u00e9ro un en Tunisie et au Maghreb, cr\u00e9\u00e9 pour les hommes et les femmes : conseils beaut\u00e9, mode femme, mode homme, recettes de cuisine, c\u00e9l\u00e9brit\u00e9s et people, mannequins et top modeles","potentialAction":[{"@type":"SearchAction","target":{"@type":"EntryPoint","urlTemplate":"https:\/\/flashmode.tn\/magazine\/?s={search_term_string}"},"query-input":{"@type":"PropertyValueSpecification","valueRequired":true,"valueName":"search_term_string"}}],"inLanguage":"fr-FR"},{"@type":"Person","@id":"https:\/\/flashmode.tn\/magazine\/#\/schema\/person\/257d6780605b915a5e352977f0f6f41c","name":"EventsEditors","image":{"@type":"ImageObject","inLanguage":"fr-FR","@id":"https:\/\/flashmode.tn\/magazine\/#\/schema\/person\/image\/","url":"https:\/\/secure.gravatar.com\/avatar\/e2daedf958f66be37c9a79abe56184d85cd1baa6bba0dd8017e3f7d01555232f?s=96&d=mm&r=g","contentUrl":"https:\/\/secure.gravatar.com\/avatar\/e2daedf958f66be37c9a79abe56184d85cd1baa6bba0dd8017e3f7d01555232f?s=96&d=mm&r=g","caption":"EventsEditors"},"url":"https:\/\/flashmode.tn\/magazine\/author\/eventseditors\/"}]}},"jetpack_publicize_connections":[],"jetpack_featured_media_url":"","jetpack_shortlink":"https:\/\/wp.me\/p8BPGr-13D","jetpack_sharing_enabled":true,"_links":{"self":[{"href":"https:\/\/flashmode.tn\/magazine\/wp-json\/wp\/v2\/posts\/4069","targetHints":{"allow":["GET"]}}],"collection":[{"href":"https:\/\/flashmode.tn\/magazine\/wp-json\/wp\/v2\/posts"}],"about":[{"href":"https:\/\/flashmode.tn\/magazine\/wp-json\/wp\/v2\/types\/post"}],"author":[{"embeddable":true,"href":"https:\/\/flashmode.tn\/magazine\/wp-json\/wp\/v2\/users\/6"}],"replies":[{"embeddable":true,"href":"https:\/\/flashmode.tn\/magazine\/wp-json\/wp\/v2\/comments?post=4069"}],"version-history":[{"count":0,"href":"https:\/\/flashmode.tn\/magazine\/wp-json\/wp\/v2\/posts\/4069\/revisions"}],"wp:attachment":[{"href":"https:\/\/flashmode.tn\/magazine\/wp-json\/wp\/v2\/media?parent=4069"}],"wp:term":[{"taxonomy":"category","embeddable":true,"href":"https:\/\/flashmode.tn\/magazine\/wp-json\/wp\/v2\/categories?post=4069"},{"taxonomy":"post_tag","embeddable":true,"href":"https:\/\/flashmode.tn\/magazine\/wp-json\/wp\/v2\/tags?post=4069"}],"curies":[{"name":"wp","href":"https:\/\/api.w.org\/{rel}","templated":true}]}}