{"id":40798,"date":"2021-12-19T22:35:10","date_gmt":"2021-12-19T21:35:10","guid":{"rendered":"https:\/\/flashmode.tn\/magazine\/?p=40798"},"modified":"2021-12-19T22:35:10","modified_gmt":"2021-12-19T21:35:10","slug":"quand-transplanter-les-semis-a-lexterieur","status":"publish","type":"post","link":"https:\/\/flashmode.tn\/magazine\/quand-transplanter-les-semis-a-lexterieur\/","title":{"rendered":"Quand transplanter les semis \u00e0 l&rsquo;ext\u00e9rieur ?"},"content":{"rendered":"<p>Calendrier de semis de l\u00e9gumes <\/p>\n<table>\n<tbody>\n<tr>\n<th>     L\u00e9gumes    <\/th>\n<th>     <b>      Semis     <\/b>     \u00e0 l&rsquo;int\u00e9rieur    <\/th>\n<th>     Plantation \u00e0 l&rsquo;     <b>      ext\u00e9rieur     <\/b>    <\/th>\n<\/tr>\n<tr>\n<td>     Chou-rave    <\/td>\n<td>     Fin avril    <\/td>\n<td>     Fin mai    <\/td>\n<\/tr>\n<tr>\n<td>     Citrouille et autres courges d&rsquo;hiver    <\/td>\n<td>     D\u00e9but mai    <\/td>\n<td>     D\u00e9but juin    <\/td>\n<\/tr>\n<tr>\n<td>     Concombre    <\/td>\n<td>     Mi-mai    <\/td>\n<td>     D\u00e9but juin    <\/td>\n<\/tr>\n<tr>\n<td>     Courgette et autres courges d&rsquo;\u00e9t\u00e9    <\/td>\n<td>     D\u00e9but mai    <\/td>\n<td>     D\u00e9but juin    <\/td>\n<\/tr>\n<\/tbody>\n<\/table>\n<p>De plus, Quand repiquer les semis Marthe ?<\/p>\n<p>Le printemps est enfin arriv\u00e9 et le soleil montre le bout de son nez : c&rsquo;est enfin le temps de pr\u00e9parer le jardin pour l&rsquo;\u00e9t\u00e9. En ce d\u00e9but du mois d&rsquo;avril, c&rsquo;est le moment de commencer son repiquetage, c&rsquo;est-\u00e0-dire transf\u00e9rer les <b>semis<\/b> dans un autre pot pour leur offrir plus d&rsquo;espace pour grandir.<\/p>\n<p>Egalement Quand transplanter semis tomates dehors ?<\/p>\n<p>Vers la mi-mai, ou apr\u00e8s les derni\u00e8res gel\u00e9es printani\u00e8res, il est temps de <b>planter<\/b> vos <b>tomates<\/b> \u00e0 l&rsquo;ext\u00e9rieur. Choisissez un emplacement bien ensoleill\u00e9 (minimum 6 \u00e0 8 heures de soleil) et \u00e0 l&rsquo;abri du vent.<\/p>\n<p>Quand planter les tomates en 2021 ?<\/p>\n<p>CALENDRIER LUNAIRE POUR LES SEMIS DE <b>TOMATES 2021<\/b><\/p>\n<p> JOURS FAVORABLES AVRIL <b>2021<\/b>: &#8211; le 3,4 avril, le 13 avril:, le 22,23 avril. JOURS FAVORABLES JUIN <b>2021<\/b>: &#8211; les 6 et 7 juin , 15,16,17 juin, 24 et 25 juin: plantez les <b>tomates<\/b>.<\/p>\n<div id=\"ez-toc-container\" class=\"ez-toc-v2_0_81 counter-hierarchy ez-toc-counter ez-toc-grey ez-toc-container-direction\">\n<div class=\"ez-toc-title-container\">\n<p class=\"ez-toc-title\" style=\"cursor:inherit\">Contenus de la page<\/p>\n<span class=\"ez-toc-title-toggle\"><a href=\"#\" class=\"ez-toc-pull-right ez-toc-btn ez-toc-btn-xs ez-toc-btn-default ez-toc-toggle\" aria-label=\"Toggle Table of Content\"><span class=\"ez-toc-js-icon-con\"><span class=\"\"><span class=\"eztoc-hide\" style=\"display:none;\">Toggle<\/span><span class=\"ez-toc-icon-toggle-span\"><svg style=\"fill: #999;color:#999\" xmlns=\"http:\/\/www.w3.org\/2000\/svg\" class=\"list-377408\" width=\"20px\" height=\"20px\" viewBox=\"0 0 24 24\" fill=\"none\"><path d=\"M6 6H4v2h2V6zm14 0H8v2h12V6zM4 11h2v2H4v-2zm16 0H8v2h12v-2zM4 16h2v2H4v-2zm16 0H8v2h12v-2z\" fill=\"currentColor\"><\/path><\/svg><svg style=\"fill: #999;color:#999\" class=\"arrow-unsorted-368013\" xmlns=\"http:\/\/www.w3.org\/2000\/svg\" width=\"10px\" height=\"10px\" viewBox=\"0 0 24 24\" version=\"1.2\" baseProfile=\"tiny\"><path d=\"M18.2 9.3l-6.2-6.3-6.2 6.3c-.2.2-.3.4-.3.7s.1.5.3.7c.2.2.4.3.7.3h11c.3 0 .5-.1.7-.3.2-.2.3-.5.3-.7s-.1-.5-.3-.7zM5.8 14.7l6.2 6.3 6.2-6.3c.2-.2.3-.5.3-.7s-.1-.5-.3-.7c-.2-.2-.4-.3-.7-.3h-11c-.3 0-.5.1-.7.3-.2.2-.3.5-.3.7s.1.5.3.7z\"\/><\/svg><\/span><\/span><\/span><\/a><\/span><\/div>\n<nav><ul class='ez-toc-list ez-toc-list-level-1 ' ><li class='ez-toc-page-1 ez-toc-heading-level-2'><a class=\"ez-toc-link ez-toc-heading-1\" href=\"https:\/\/flashmode.tn\/magazine\/quand-transplanter-les-semis-a-lexterieur\/#Quand_mettre_les_semis_en_pleine_terre\" >Quand mettre les semis en pleine terre ?<\/a><\/li><li class='ez-toc-page-1 ez-toc-heading-level-2'><a class=\"ez-toc-link ez-toc-heading-2\" href=\"https:\/\/flashmode.tn\/magazine\/quand-transplanter-les-semis-a-lexterieur\/#Quand_transplanter_les_concombres\" >Quand transplanter les concombres ?<\/a><\/li><li class='ez-toc-page-1 ez-toc-heading-level-2'><a class=\"ez-toc-link ez-toc-heading-3\" href=\"https:\/\/flashmode.tn\/magazine\/quand-transplanter-les-semis-a-lexterieur\/#Comment_transplanter_des_plants_de_concombre\" >Comment transplanter des plants de concombre ?<\/a><\/li><li class='ez-toc-page-1 ez-toc-heading-level-2'><a class=\"ez-toc-link ez-toc-heading-4\" href=\"https:\/\/flashmode.tn\/magazine\/quand-transplanter-les-semis-a-lexterieur\/#Pourquoi_mes_semis_ne_poussent_pas\" >Pourquoi mes semis ne poussent pas ?<\/a><\/li><li class='ez-toc-page-1 ez-toc-heading-level-2'><a class=\"ez-toc-link ez-toc-heading-5\" href=\"https:\/\/flashmode.tn\/magazine\/quand-transplanter-les-semis-a-lexterieur\/#Quand_transplanter_dehors\" >Quand transplanter dehors ?<\/a><\/li><li class='ez-toc-page-1 ez-toc-heading-level-2'><a class=\"ez-toc-link ez-toc-heading-6\" href=\"https:\/\/flashmode.tn\/magazine\/quand-transplanter-les-semis-a-lexterieur\/#Quel_legume_ne_pas_planter_a_cote_des_tomates\" >Quel l\u00e9gume ne pas planter \u00e0 c\u00f4t\u00e9 des tomates ?<\/a><\/li><li class='ez-toc-page-1 ez-toc-heading-level-2'><a class=\"ez-toc-link ez-toc-heading-7\" href=\"https:\/\/flashmode.tn\/magazine\/quand-transplanter-les-semis-a-lexterieur\/#Quand_planter_les_tomates_Quebec_2021\" >Quand planter les tomates Qu\u00e9bec 2021 ?<\/a><\/li><li class='ez-toc-page-1 ez-toc-heading-level-2'><a class=\"ez-toc-link ez-toc-heading-8\" href=\"https:\/\/flashmode.tn\/magazine\/quand-transplanter-les-semis-a-lexterieur\/#Quand_planter_les_plants_de_tomates_en_pleine_terre\" >Quand planter les plants de tomates en pleine terre ?<\/a><\/li><li class='ez-toc-page-1 ez-toc-heading-level-2'><a class=\"ez-toc-link ez-toc-heading-9\" href=\"https:\/\/flashmode.tn\/magazine\/quand-transplanter-les-semis-a-lexterieur\/#Quand_planter_les_tomates_en_pleine_terre_avec_la_lune\" >Quand planter les tomates en pleine terre avec la lune ?<\/a><\/li><li class='ez-toc-page-1 ez-toc-heading-level-2'><a class=\"ez-toc-link ez-toc-heading-10\" href=\"https:\/\/flashmode.tn\/magazine\/quand-transplanter-les-semis-a-lexterieur\/#Quand_repiquer_les_plants_de_tomates\" >Quand repiquer les plants de tomates ?<\/a><\/li><li class='ez-toc-page-1 ez-toc-heading-level-2'><a class=\"ez-toc-link ez-toc-heading-11\" href=\"https:\/\/flashmode.tn\/magazine\/quand-transplanter-les-semis-a-lexterieur\/#Quand_mettre_plants_en_terre\" >Quand mettre plants en terre ?<\/a><\/li><li class='ez-toc-page-1 ez-toc-heading-level-2'><a class=\"ez-toc-link ez-toc-heading-12\" href=\"https:\/\/flashmode.tn\/magazine\/quand-transplanter-les-semis-a-lexterieur\/#Quand_mettre_les_plant_en_terre\" >Quand mettre les plant en terre ?<\/a><\/li><li class='ez-toc-page-1 ez-toc-heading-level-2'><a class=\"ez-toc-link ez-toc-heading-13\" href=\"https:\/\/flashmode.tn\/magazine\/quand-transplanter-les-semis-a-lexterieur\/#Quels_legumes_semer_ou_planter_en_avril\" >Quels l\u00e9gumes semer ou planter en avril ?<\/a><\/li><li class='ez-toc-page-1 ez-toc-heading-level-2'><a class=\"ez-toc-link ez-toc-heading-14\" href=\"https:\/\/flashmode.tn\/magazine\/quand-transplanter-les-semis-a-lexterieur\/#Quand_planter_concombre_exterieur\" >Quand planter concombre ext\u00e9rieur ?<\/a><\/li><li class='ez-toc-page-1 ez-toc-heading-level-2'><a class=\"ez-toc-link ez-toc-heading-15\" href=\"https:\/\/flashmode.tn\/magazine\/quand-transplanter-les-semis-a-lexterieur\/#Quel_rendement_pour_un_pied_de_concombre\" >Quel rendement pour un pied de concombre ?<\/a><\/li><li class='ez-toc-page-1 ez-toc-heading-level-2'><a class=\"ez-toc-link ez-toc-heading-16\" href=\"https:\/\/flashmode.tn\/magazine\/quand-transplanter-les-semis-a-lexterieur\/#Ou_planter_un_pied_de_concombre\" >O\u00f9 planter un pied de concombre ?<\/a><\/li><li class='ez-toc-page-1 ez-toc-heading-level-2'><a class=\"ez-toc-link ez-toc-heading-17\" href=\"https:\/\/flashmode.tn\/magazine\/quand-transplanter-les-semis-a-lexterieur\/#Quelle_distance_entre_les_pieds_de_concombre\" >Quelle distance entre les pieds de concombre ?<\/a><\/li><li class='ez-toc-page-1 ez-toc-heading-level-2'><a class=\"ez-toc-link ez-toc-heading-18\" href=\"https:\/\/flashmode.tn\/magazine\/quand-transplanter-les-semis-a-lexterieur\/#Quand_repiquer_les_concombres_avec_la_lune\" >Quand repiquer les concombres avec la lune ?<\/a><\/li><li class='ez-toc-page-1 ez-toc-heading-level-2'><a class=\"ez-toc-link ez-toc-heading-19\" href=\"https:\/\/flashmode.tn\/magazine\/quand-transplanter-les-semis-a-lexterieur\/#Comment_faire_pousser_des_concombres\" >Comment faire pousser des concombres ?<\/a><\/li><\/ul><\/nav><\/div>\n<h2><span class=\"ez-toc-section\" id=\"Quand_mettre_les_semis_en_pleine_terre\"><\/span>Quand mettre les semis en pleine terre ?<span class=\"ez-toc-section-end\"><\/span><\/h2>\n<p>Calendrier de jardinage, les saisons des principaux l\u00e9gumes <\/p>\n<table>\n<tbody>\n<tr>\n<th>     L\u00e9gumes    <\/th>\n<th>     <b>      Plantation     <\/b>    <\/th>\n<\/tr>\n<tr>\n<td>     Haricots    <\/td>\n<td>     Semis en     <b>      pleine terre     <\/b>     , d&rsquo;avril \u00e0 juillet    <\/td>\n<\/tr>\n<tr>\n<td>     Laitue    <\/td>\n<td>     <b>      Pleine terre     <\/b>     , aux diff\u00e9rentes saisons de l&rsquo;ann\u00e9e selon les esp\u00e8ces    <\/td>\n<\/tr>\n<tr>\n<td>     Persil    <\/td>\n<td>     <b>      Pleine terre     <\/b>     , de mars \u00e0 juin    <\/td>\n<\/tr>\n<tr>\n<td>     Pomme de     <b>      terre     <\/b>    <\/td>\n<td>     <b>      Pleine terre     <\/b>     , mars \u00e0 avril    <\/td>\n<\/tr>\n<\/tbody>\n<\/table>\n<h2><span class=\"ez-toc-section\" id=\"Quand_transplanter_les_concombres\"><\/span><strong>Quand transplanter les concombres ?<\/strong><span class=\"ez-toc-section-end\"><\/span><\/h2>\n<p>La plantation se fait vers mi-mai (un peu avant dans le Sud) apr\u00e8s les Saints de glace qui marquent traditionnellement la fin des risques de gel : les plants mesurent alors g\u00e9n\u00e9ralement une quinzaine de centim\u00e8tres et vous les planterez en respectant une distance de 60 cm entre chaque pied.<\/p>\n<h2><span class=\"ez-toc-section\" id=\"Comment_transplanter_des_plants_de_concombre\"><\/span><strong>Comment transplanter des plants de concombre ?<\/strong><span class=\"ez-toc-section-end\"><\/span><\/h2>\n<p>Il vous faut alors pr\u00e9parer la terre en la m\u00e9langeant \u00e0 une bonne quantit\u00e9 de compost. Faites ensuite de petites buttes de terre de 15-20 cm, espac\u00e9es de 1 m environ. Puis, dans un trou au centre de la butte, d\u00e9poser le <b>plant<\/b>, en prenant garde de ne pas enterrer les feuilles.<\/p>\n<h2><span class=\"ez-toc-section\" id=\"Pourquoi_mes_semis_ne_poussent_pas\"><\/span><strong>Pourquoi mes semis ne poussent pas ?<\/strong><span class=\"ez-toc-section-end\"><\/span><\/h2>\n<p>Si vos <b>semis<\/b> filent, c&rsquo;est probablement qu&rsquo;ils n&rsquo;ont <b>pas<\/b> assez de soleil ou de chaleur. Les plantules filent vers le haut pour chercher la lumi\u00e8re et se fragilisent. C&rsquo;est donc le d\u00e9calage entre chaleur et luminosit\u00e9 qui perturbe les plants.<\/p>\n<h2><span class=\"ez-toc-section\" id=\"Quand_transplanter_dehors\"><\/span><strong>Quand transplanter dehors ?<\/strong><span class=\"ez-toc-section-end\"><\/span><\/h2>\n<p>En terre: Les fleurs et plantes annuelles peuvent \u00eatre plant\u00e9es en terre d\u00e8s la fin des risques de gel soit vers le d\u00e9but de juin, certaines personnes prennent une chance et plantent vers le 20-25 mai lorsqu&rsquo;ils voient qu&rsquo;il n&rsquo;y a pas de risque de gel annonc\u00e9 dans la m\u00e9t\u00e9o 14 jours.<\/p>\n<h2><span class=\"ez-toc-section\" id=\"Quel_legume_ne_pas_planter_a_cote_des_tomates\"><\/span><strong>Quel l\u00e9gume ne pas planter \u00e0 c\u00f4t\u00e9 des tomates ?<\/strong><span class=\"ez-toc-section-end\"><\/span><\/h2>\n<p>Les plantes \u00e9galement de la famille des Solanac\u00e9es, comme la pomme de terre, l&rsquo;aubergine (Solanum melongena), le poivron, <b>ne<\/b> font <b>pas<\/b> bon compagnonnage avec la <b>tomate<\/b>.<\/p>\n<h2><span class=\"ez-toc-section\" id=\"Quand_planter_les_tomates_Quebec_2021\"><\/span><strong>Quand planter les tomates Qu\u00e9bec 2021 ?<\/strong><span class=\"ez-toc-section-end\"><\/span><\/h2>\n<p>De mars \u00e0 mai.<\/p>\n<h2><span class=\"ez-toc-section\" id=\"Quand_planter_les_plants_de_tomates_en_pleine_terre\"><\/span><strong>Quand planter les plants de tomates en pleine terre ?<\/strong><span class=\"ez-toc-section-end\"><\/span><\/h2>\n<p>Dans le nord, attendre d\u00e9but-mai pour <b>planter<\/b> les <b>tomates<\/b> les plus pr\u00e9coces. Dans le Sud, pour les jardiniers disposant d&rsquo;abris, il est possible d&rsquo;installer les <b>tomates<\/b> d\u00e8s la fin-avril. Attendre 2 semaines de plus pour achever l&rsquo;essentiel de la <b>plantation<\/b> avec les <b>tomates<\/b> de mi-saison et tardives.<\/p>\n<h2><span class=\"ez-toc-section\" id=\"Quand_planter_les_tomates_en_pleine_terre_avec_la_lune\"><\/span><strong>Quand planter les tomates en pleine terre avec la lune ?<\/strong><span class=\"ez-toc-section-end\"><\/span><\/h2>\n<p>Pour la <b>plantation<\/b> des <b>tomates<\/b> sem\u00e9es mi-mars, agir de nouveau en <b>lune<\/b> descendante, <b>\u00e0<\/b> partir de la mi-mai.<\/p>\n<h2><span class=\"ez-toc-section\" id=\"Quand_repiquer_les_plants_de_tomates\"><\/span><strong>Quand repiquer les plants de tomates ?<\/strong><span class=\"ez-toc-section-end\"><\/span><\/h2>\n<p>D\u00e8s que les gel\u00e9es ne sont plus \u00e0 craindre, <b>repiquer<\/b> en godet individuel les <b>plants de tomates<\/b> (ils seront \u00e9galement pr\u00e9serv\u00e9s de la concurrence des pousses voisines). Une fois que les <b>plants<\/b> atteignent 12 ou 15 cm et que les \u201cvraies feuilles\u201d se sont d\u00e9velopp\u00e9es, la <b>plante<\/b> est suffisamment autonome pour \u00eatre repiqu\u00e9e.<\/p>\n<h2><span class=\"ez-toc-section\" id=\"Quand_mettre_plants_en_terre\"><\/span><strong>Quand mettre plants en terre ?<\/strong><span class=\"ez-toc-section-end\"><\/span><\/h2>\n<p><b>  <b>   Quand  <\/b>  repiquer ? <\/b> <\/p>\n<ul>\n<li>   Tomates : de mai \u00e0 juin dans un endroit ensoleill\u00e9 et chaud.  <\/li>\n<li>   Salades : 2 \u00e0 3 semaines apr\u00e8s le semis.  <\/li>\n<li>   Poireaux : en juin, apr\u00e8s avoir raccourci racines et feuilles.  <\/li>\n<li>   Stolons de fraisier : de mi-ao\u00fbt \u00e0 mi-octobre.  <\/li>\n<\/ul>\n<h2><span class=\"ez-toc-section\" id=\"Quand_mettre_les_plant_en_terre\"><\/span><strong>Quand mettre les plant en terre ?<\/strong><span class=\"ez-toc-section-end\"><\/span><\/h2>\n<p>La meilleure p\u00e9riode de plantation se situe \u00e9galement \u00e0 l&rsquo;automne. On pourra \u00e9galement planter au printemps ou en \u00e9t\u00e9 mais toujours en \u00e9vitant les p\u00e9riodes de fortes chaleurs et en arrosant plus r\u00e9guli\u00e8rement les plantes.<\/p>\n<h2><span class=\"ez-toc-section\" id=\"Quels_legumes_semer_ou_planter_en_avril\"><\/span><strong>Quels l\u00e9gumes semer ou planter en avril ?<\/strong><span class=\"ez-toc-section-end\"><\/span><\/h2>\n<p>Le jardinage au potager en <b>avril<\/b><\/p>\n<p> Les semis en place de melons, courges, carottes, choux, \u00e9pinards, haricots verts, radis, laitue, betterave, et autres <b>l\u00e9gumes<\/b>, peuvent commencer. Plantez les pommes de terre primeurs et les poireaux d&rsquo;\u00e9t\u00e9, ainsi que les c\u00e9leris rave et c\u00e9leri \u00e0 c\u00f4tes.<\/p>\n<h2><span class=\"ez-toc-section\" id=\"Quand_planter_concombre_exterieur\"><\/span><strong>Quand planter concombre ext\u00e9rieur ?<\/strong><span class=\"ez-toc-section-end\"><\/span><\/h2>\n<p>La mi-avril est g\u00e9n\u00e9ralement une bonne p\u00e9riode pour les <b>planter<\/b>. Les <b>concombres<\/b>, tout comme les tomates, aiment l&rsquo;exposition en plein soleil. Il faut donc pr\u00e9voir un emplacement ad\u00e9quat. Ce l\u00e9gume aime la terre humide, mais il faut bien faire attention de ne jamais laisser de flaques d&rsquo;eau lors de l&rsquo;arrosage.<\/p>\n<h2><span class=\"ez-toc-section\" id=\"Quel_rendement_pour_un_pied_de_concombre\"><\/span><strong>Quel rendement pour un pied de concombre ?<\/strong><span class=\"ez-toc-section-end\"><\/span><\/h2>\n<p>Un <b>pied<\/b> produit de 12 \u00e0 15 <b>concombres<\/b>.<\/p>\n<h2><span class=\"ez-toc-section\" id=\"Ou_planter_un_pied_de_concombre\"><\/span><strong>O\u00f9 planter un pied de concombre ?<\/strong><span class=\"ez-toc-section-end\"><\/span><\/h2>\n<p><b>O\u00f9 planter<\/b> les <b>concombres<\/b> ? Installez ce l\u00e9gume frileux au soleil, dans un endroit abrit\u00e9 des vents. Comme toutes les plantes de la famille des Cucrubitac\u00e9es, les <b>concombres<\/b> et cornichons demandent un sol riche, meuble et chaud.<\/p>\n<h2><span class=\"ez-toc-section\" id=\"Quelle_distance_entre_les_pieds_de_concombre\"><\/span><strong>Quelle distance entre les pieds de concombre ?<\/strong><span class=\"ez-toc-section-end\"><\/span><\/h2>\n<p>Dans le premier cas, installez les <b>pieds de concombre<\/b> en les espa\u00e7ant de 60 \u00e0 80 cm et en paillant le sol juste apr\u00e8s la plantation. Pour une culture <b>des concombres<\/b> en hauteur, plantez-les au <b>pied<\/b> d&rsquo;un grillage tendu ou de tuteurs.<\/p>\n<h2><span class=\"ez-toc-section\" id=\"Quand_repiquer_les_concombres_avec_la_lune\"><\/span><strong>Quand repiquer les concombres avec la lune ?<\/strong><span class=\"ez-toc-section-end\"><\/span><\/h2>\n<p><b>Semer<\/b> en <b>lune<\/b> montante : De f\u00e9vrier <b>\u00e0<\/b> avril : en int\u00e9rieur, en godet individuel (pour une culture sous serre) De mars <b>\u00e0<\/b> mai : en ext\u00e9rieur sous ch\u00e2ssis ou tunnel plastique (semis en poquet de 2 <b>\u00e0<\/b> 3 graines tous les 40 cm pour une culture en place ou en ligne tous les 10 cm pour \u00eatre repiqu\u00e9)<\/p>\n<h2><span class=\"ez-toc-section\" id=\"Comment_faire_pousser_des_concombres\"><\/span><strong>Comment faire pousser des concombres ?<\/strong><span class=\"ez-toc-section-end\"><\/span><\/h2>\n<p>Le <b>concombre<\/b> se s\u00e8me en mars et avril sous abri, en poquets de 3 \u00e0 4 graines, pour un repiquage en pleine terre, lorsque les pieds font 15 cm environ, apr\u00e8s la fin des risques de gel\u00e9es, soit vers mi-mai ou fin mai, en gardant 60 cm entre chaque pied et 1 m entre les rangs.<\/p>\n<h2><strong><\/strong><\/h2>\n<h2><strong><\/strong><\/h2>\n<hr \/>\n<p><em>Editeurs: 35 &#8211; R\u00e9f\u00e9rences: 34 articles<\/em><\/p>\n<p><em>N\u2019oubliez pas de partager l\u2019article !<\/em><\/p>\n","protected":false},"excerpt":{"rendered":"<p>Calendrier de semis de l\u00e9gumes L\u00e9gumes Semis \u00e0 l&rsquo;int\u00e9rieur Plantation \u00e0 l&rsquo; ext\u00e9rieur Chou-rave Fin avril Fin mai Citrouille et autres courges d&rsquo;hiver D\u00e9but mai D\u00e9but juin Concombre Mi-mai D\u00e9but juin Courgette et autres courges d&rsquo;\u00e9t\u00e9 D\u00e9but mai D\u00e9but juin De plus, Quand repiquer les semis Marthe ? Le printemps est enfin arriv\u00e9 et le [&hellip;]<\/p>\n","protected":false},"author":6,"featured_media":0,"comment_status":"open","ping_status":"open","sticky":false,"template":"","format":"standard","meta":{"tdm_status":"","tdm_grid_status":"","_jetpack_memberships_contains_paid_content":false,"footnotes":"","jetpack_publicize_message":"","jetpack_publicize_feature_enabled":true,"jetpack_social_post_already_shared":true,"jetpack_social_options":{"image_generator_settings":{"template":"highway","default_image_id":0,"font":"","enabled":false},"version":2}},"categories":[3457],"tags":[],"class_list":["post-40798","post","type-post","status-publish","format-standard","hentry","category-maison"],"yoast_head":"<!-- This site is optimized with the Yoast SEO Premium plugin v25.0 (Yoast SEO v25.0) - https:\/\/yoast.com\/wordpress\/plugins\/seo\/ -->\n<title>Quand transplanter les semis \u00e0 l&#039;ext\u00e9rieur ?<\/title>\n<meta name=\"description\" content=\"Calendrier de semis de l\u00e9gumes L\u00e9gumes Semis \u00e0 l&#039;int\u00e9rieur Plantation \u00e0 l&#039; ext\u00e9rieur Chou-rave Fin avril Fin mai Citrouille et autres courges d&#039;hiver\" \/>\n<meta name=\"robots\" content=\"index, follow, max-snippet:-1, max-image-preview:large, max-video-preview:-1\" \/>\n<link rel=\"canonical\" href=\"https:\/\/flashmode.tn\/magazine\/quand-transplanter-les-semis-a-lexterieur\/\" \/>\n<meta property=\"og:locale\" content=\"fr_FR\" \/>\n<meta property=\"og:type\" content=\"article\" \/>\n<meta property=\"og:title\" content=\"Quand transplanter les semis \u00e0 l&#039;ext\u00e9rieur ? - Flashmode Magazine | Magazine de mode et style de vie Num\u00e9ro un en Tunisie et au Maghreb\" \/>\n<meta property=\"og:description\" content=\"Calendrier de semis de l\u00e9gumes L\u00e9gumes Semis \u00e0 l&#039;int\u00e9rieur Plantation \u00e0 l&#039; ext\u00e9rieur Chou-rave Fin avril Fin mai Citrouille et autres courges d&#039;hiver\" \/>\n<meta property=\"og:url\" content=\"https:\/\/flashmode.tn\/magazine\/quand-transplanter-les-semis-a-lexterieur\/\" \/>\n<meta property=\"og:site_name\" content=\"Flashmode Magazine | Magazine de mode et style de vie Num\u00e9ro un en Tunisie et au Maghreb\" \/>\n<meta property=\"article:publisher\" content=\"https:\/\/www.facebook.com\/flashmode.magazine\/\" \/>\n<meta property=\"article:published_time\" content=\"2021-12-19T21:35:10+00:00\" \/>\n<meta name=\"author\" content=\"EventsEditors\" \/>\n<meta name=\"twitter:card\" content=\"summary_large_image\" \/>\n<meta name=\"twitter:creator\" content=\"@agenceflashmode\" \/>\n<meta name=\"twitter:site\" content=\"@agenceflashmode\" \/>\n<meta name=\"twitter:label1\" content=\"\u00c9crit par\" \/>\n\t<meta name=\"twitter:data1\" content=\"EventsEditors\" \/>\n\t<meta name=\"twitter:label2\" content=\"Dur\u00e9e de lecture estim\u00e9e\" \/>\n\t<meta name=\"twitter:data2\" content=\"5 minutes\" \/>\n<script type=\"application\/ld+json\" class=\"yoast-schema-graph\">{\"@context\":\"https:\/\/schema.org\",\"@graph\":[{\"@type\":\"WebPage\",\"@id\":\"https:\/\/flashmode.tn\/magazine\/quand-transplanter-les-semis-a-lexterieur\/\",\"url\":\"https:\/\/flashmode.tn\/magazine\/quand-transplanter-les-semis-a-lexterieur\/\",\"name\":\"Quand transplanter les semis \u00e0 l'ext\u00e9rieur ?\",\"isPartOf\":{\"@id\":\"https:\/\/flashmode.tn\/magazine\/#website\"},\"datePublished\":\"2021-12-19T21:35:10+00:00\",\"author\":{\"@id\":\"https:\/\/flashmode.tn\/magazine\/#\/schema\/person\/257d6780605b915a5e352977f0f6f41c\"},\"description\":\"Calendrier de semis de l\u00e9gumes L\u00e9gumes Semis \u00e0 l'int\u00e9rieur Plantation \u00e0 l' ext\u00e9rieur Chou-rave Fin avril Fin mai Citrouille et autres courges d'hiver\",\"breadcrumb\":{\"@id\":\"https:\/\/flashmode.tn\/magazine\/quand-transplanter-les-semis-a-lexterieur\/#breadcrumb\"},\"inLanguage\":\"fr-FR\",\"potentialAction\":[{\"@type\":\"ReadAction\",\"target\":[\"https:\/\/flashmode.tn\/magazine\/quand-transplanter-les-semis-a-lexterieur\/\"]}]},{\"@type\":\"BreadcrumbList\",\"@id\":\"https:\/\/flashmode.tn\/magazine\/quand-transplanter-les-semis-a-lexterieur\/#breadcrumb\",\"itemListElement\":[{\"@type\":\"ListItem\",\"position\":1,\"name\":\"Accueil\",\"item\":\"https:\/\/flashmode.tn\/magazine\/\"},{\"@type\":\"ListItem\",\"position\":2,\"name\":\"Quand transplanter les semis \u00e0 l&rsquo;ext\u00e9rieur ?\"}]},{\"@type\":\"WebSite\",\"@id\":\"https:\/\/flashmode.tn\/magazine\/#website\",\"url\":\"https:\/\/flashmode.tn\/magazine\/\",\"name\":\"Flashmode Magazine | Magazine de mode et style de vie Num\u00e9ro un en Tunisie et au Maghreb\",\"description\":\"Magazine de mode et style de vie Num\u00e9ro un en Tunisie et au Maghreb, cr\u00e9\u00e9 pour les hommes et les femmes : conseils beaut\u00e9, mode femme, mode homme, recettes de cuisine, c\u00e9l\u00e9brit\u00e9s et people, mannequins et top modeles\",\"potentialAction\":[{\"@type\":\"SearchAction\",\"target\":{\"@type\":\"EntryPoint\",\"urlTemplate\":\"https:\/\/flashmode.tn\/magazine\/?s={search_term_string}\"},\"query-input\":{\"@type\":\"PropertyValueSpecification\",\"valueRequired\":true,\"valueName\":\"search_term_string\"}}],\"inLanguage\":\"fr-FR\"},{\"@type\":\"Person\",\"@id\":\"https:\/\/flashmode.tn\/magazine\/#\/schema\/person\/257d6780605b915a5e352977f0f6f41c\",\"name\":\"EventsEditors\",\"image\":{\"@type\":\"ImageObject\",\"inLanguage\":\"fr-FR\",\"@id\":\"https:\/\/flashmode.tn\/magazine\/#\/schema\/person\/image\/\",\"url\":\"https:\/\/secure.gravatar.com\/avatar\/e2daedf958f66be37c9a79abe56184d85cd1baa6bba0dd8017e3f7d01555232f?s=96&d=mm&r=g\",\"contentUrl\":\"https:\/\/secure.gravatar.com\/avatar\/e2daedf958f66be37c9a79abe56184d85cd1baa6bba0dd8017e3f7d01555232f?s=96&d=mm&r=g\",\"caption\":\"EventsEditors\"},\"url\":\"https:\/\/flashmode.tn\/magazine\/author\/eventseditors\/\"}]}<\/script>\n<!-- \/ Yoast SEO Premium plugin. -->","yoast_head_json":{"title":"Quand transplanter les semis \u00e0 l'ext\u00e9rieur ?","description":"Calendrier de semis de l\u00e9gumes L\u00e9gumes Semis \u00e0 l'int\u00e9rieur Plantation \u00e0 l' ext\u00e9rieur Chou-rave Fin avril Fin mai Citrouille et autres courges d'hiver","robots":{"index":"index","follow":"follow","max-snippet":"max-snippet:-1","max-image-preview":"max-image-preview:large","max-video-preview":"max-video-preview:-1"},"canonical":"https:\/\/flashmode.tn\/magazine\/quand-transplanter-les-semis-a-lexterieur\/","og_locale":"fr_FR","og_type":"article","og_title":"Quand transplanter les semis \u00e0 l'ext\u00e9rieur ? - Flashmode Magazine | Magazine de mode et style de vie Num\u00e9ro un en Tunisie et au Maghreb","og_description":"Calendrier de semis de l\u00e9gumes L\u00e9gumes Semis \u00e0 l'int\u00e9rieur Plantation \u00e0 l' ext\u00e9rieur Chou-rave Fin avril Fin mai Citrouille et autres courges d'hiver","og_url":"https:\/\/flashmode.tn\/magazine\/quand-transplanter-les-semis-a-lexterieur\/","og_site_name":"Flashmode Magazine | Magazine de mode et style de vie Num\u00e9ro un en Tunisie et au Maghreb","article_publisher":"https:\/\/www.facebook.com\/flashmode.magazine\/","article_published_time":"2021-12-19T21:35:10+00:00","author":"EventsEditors","twitter_card":"summary_large_image","twitter_creator":"@agenceflashmode","twitter_site":"@agenceflashmode","twitter_misc":{"\u00c9crit par":"EventsEditors","Dur\u00e9e de lecture estim\u00e9e":"5 minutes"},"schema":{"@context":"https:\/\/schema.org","@graph":[{"@type":"WebPage","@id":"https:\/\/flashmode.tn\/magazine\/quand-transplanter-les-semis-a-lexterieur\/","url":"https:\/\/flashmode.tn\/magazine\/quand-transplanter-les-semis-a-lexterieur\/","name":"Quand transplanter les semis \u00e0 l'ext\u00e9rieur ?","isPartOf":{"@id":"https:\/\/flashmode.tn\/magazine\/#website"},"datePublished":"2021-12-19T21:35:10+00:00","author":{"@id":"https:\/\/flashmode.tn\/magazine\/#\/schema\/person\/257d6780605b915a5e352977f0f6f41c"},"description":"Calendrier de semis de l\u00e9gumes L\u00e9gumes Semis \u00e0 l'int\u00e9rieur Plantation \u00e0 l' ext\u00e9rieur Chou-rave Fin avril Fin mai Citrouille et autres courges d'hiver","breadcrumb":{"@id":"https:\/\/flashmode.tn\/magazine\/quand-transplanter-les-semis-a-lexterieur\/#breadcrumb"},"inLanguage":"fr-FR","potentialAction":[{"@type":"ReadAction","target":["https:\/\/flashmode.tn\/magazine\/quand-transplanter-les-semis-a-lexterieur\/"]}]},{"@type":"BreadcrumbList","@id":"https:\/\/flashmode.tn\/magazine\/quand-transplanter-les-semis-a-lexterieur\/#breadcrumb","itemListElement":[{"@type":"ListItem","position":1,"name":"Accueil","item":"https:\/\/flashmode.tn\/magazine\/"},{"@type":"ListItem","position":2,"name":"Quand transplanter les semis \u00e0 l&rsquo;ext\u00e9rieur ?"}]},{"@type":"WebSite","@id":"https:\/\/flashmode.tn\/magazine\/#website","url":"https:\/\/flashmode.tn\/magazine\/","name":"Flashmode Magazine | Magazine de mode et style de vie Num\u00e9ro un en Tunisie et au Maghreb","description":"Magazine de mode et style de vie Num\u00e9ro un en Tunisie et au Maghreb, cr\u00e9\u00e9 pour les hommes et les femmes : conseils beaut\u00e9, mode femme, mode homme, recettes de cuisine, c\u00e9l\u00e9brit\u00e9s et people, mannequins et top modeles","potentialAction":[{"@type":"SearchAction","target":{"@type":"EntryPoint","urlTemplate":"https:\/\/flashmode.tn\/magazine\/?s={search_term_string}"},"query-input":{"@type":"PropertyValueSpecification","valueRequired":true,"valueName":"search_term_string"}}],"inLanguage":"fr-FR"},{"@type":"Person","@id":"https:\/\/flashmode.tn\/magazine\/#\/schema\/person\/257d6780605b915a5e352977f0f6f41c","name":"EventsEditors","image":{"@type":"ImageObject","inLanguage":"fr-FR","@id":"https:\/\/flashmode.tn\/magazine\/#\/schema\/person\/image\/","url":"https:\/\/secure.gravatar.com\/avatar\/e2daedf958f66be37c9a79abe56184d85cd1baa6bba0dd8017e3f7d01555232f?s=96&d=mm&r=g","contentUrl":"https:\/\/secure.gravatar.com\/avatar\/e2daedf958f66be37c9a79abe56184d85cd1baa6bba0dd8017e3f7d01555232f?s=96&d=mm&r=g","caption":"EventsEditors"},"url":"https:\/\/flashmode.tn\/magazine\/author\/eventseditors\/"}]}},"jetpack_publicize_connections":[],"jetpack_featured_media_url":"","jetpack_shortlink":"https:\/\/wp.me\/p8BPGr-aC2","jetpack_sharing_enabled":true,"_links":{"self":[{"href":"https:\/\/flashmode.tn\/magazine\/wp-json\/wp\/v2\/posts\/40798","targetHints":{"allow":["GET"]}}],"collection":[{"href":"https:\/\/flashmode.tn\/magazine\/wp-json\/wp\/v2\/posts"}],"about":[{"href":"https:\/\/flashmode.tn\/magazine\/wp-json\/wp\/v2\/types\/post"}],"author":[{"embeddable":true,"href":"https:\/\/flashmode.tn\/magazine\/wp-json\/wp\/v2\/users\/6"}],"replies":[{"embeddable":true,"href":"https:\/\/flashmode.tn\/magazine\/wp-json\/wp\/v2\/comments?post=40798"}],"version-history":[{"count":0,"href":"https:\/\/flashmode.tn\/magazine\/wp-json\/wp\/v2\/posts\/40798\/revisions"}],"wp:attachment":[{"href":"https:\/\/flashmode.tn\/magazine\/wp-json\/wp\/v2\/media?parent=40798"}],"wp:term":[{"taxonomy":"category","embeddable":true,"href":"https:\/\/flashmode.tn\/magazine\/wp-json\/wp\/v2\/categories?post=40798"},{"taxonomy":"post_tag","embeddable":true,"href":"https:\/\/flashmode.tn\/magazine\/wp-json\/wp\/v2\/tags?post=40798"}],"curies":[{"name":"wp","href":"https:\/\/api.w.org\/{rel}","templated":true}]}}