{"id":41567,"date":"2021-10-12T12:20:08","date_gmt":"2021-10-12T10:20:08","guid":{"rendered":"https:\/\/flashmode.tn\/magazine\/puis-je-tailler-mon-olivier-en-juillet\/"},"modified":"2021-10-12T12:20:08","modified_gmt":"2021-10-12T10:20:08","slug":"puis-je-tailler-mon-olivier-en-juillet","status":"publish","type":"post","link":"https:\/\/flashmode.tn\/magazine\/puis-je-tailler-mon-olivier-en-juillet\/","title":{"rendered":"Puis-je tailler mon olivier en juillet ?"},"content":{"rendered":"<p>En <b>juillet<\/b>, la <b>taille<\/b> en vert augmente la production de l&rsquo;arbre : il faut enlever les gourmands g\u00eanants pour faciliter la circulation de la s\u00e8ve vers les branches fructif\u00e8res.<\/p>\n<p>De plus, Puis-je tailler mon olivier en septembre ?<\/p>\n<p>Il peut \u00eatre taill\u00e9 toute l&rsquo;ann\u00e9e, mais les mois de mars, avril et mai sont les mois de la <b>taille<\/b>, entre les risques de gel et la floraison. L&rsquo;<b>olivier<\/b> est un arbre qui n\u00e9cessite une <b>taille<\/b> annuelle. &#8230; La <b>taille<\/b> de fructification est pour sa part limit\u00e9e \u00e0 l&rsquo;entretien et \u00e0 l&rsquo;harmonisation.<\/p>\n<p>Egalement Comment tailler un olivier en parasol ?<\/p>\n<p>Supprimez donc les pousses trop verticales et rectilignes, en faveur de branches plus retombantes, arqu\u00e9es, afin de faciliter la fructification et la r\u00e9colte. Ensuite, l&rsquo;id\u00e9e est de supprimer les branches se d\u00e9veloppant \u00e0 l&rsquo;int\u00e9rieur de la ramure, dans le coeur de l&rsquo;arbre et favoriser les branches en p\u00e9riph\u00e9rie.<\/p>\n<p>Quand et comment tailler un vieil olivier ?<\/p>\n<p>G\u00e9n\u00e9ralement, la <b>taille<\/b> de l&rsquo;<b>olivier<\/b> se pratique avant la floraison (qui d\u00e9bute vers la fin du mois de mai) mais apr\u00e8s la p\u00e9riode des fortes gel\u00e9es, c&rsquo;est-\u00e0-dire au cours des mois de mars et d&rsquo;avril.<\/p>\n<div id=\"ez-toc-container\" class=\"ez-toc-v2_0_81 counter-hierarchy ez-toc-counter ez-toc-grey ez-toc-container-direction\">\n<div class=\"ez-toc-title-container\">\n<p class=\"ez-toc-title\" style=\"cursor:inherit\">Contenus de la page<\/p>\n<span class=\"ez-toc-title-toggle\"><a href=\"#\" class=\"ez-toc-pull-right ez-toc-btn ez-toc-btn-xs ez-toc-btn-default ez-toc-toggle\" aria-label=\"Toggle Table of Content\"><span class=\"ez-toc-js-icon-con\"><span class=\"\"><span class=\"eztoc-hide\" style=\"display:none;\">Toggle<\/span><span class=\"ez-toc-icon-toggle-span\"><svg style=\"fill: #999;color:#999\" xmlns=\"http:\/\/www.w3.org\/2000\/svg\" class=\"list-377408\" width=\"20px\" height=\"20px\" viewBox=\"0 0 24 24\" fill=\"none\"><path d=\"M6 6H4v2h2V6zm14 0H8v2h12V6zM4 11h2v2H4v-2zm16 0H8v2h12v-2zM4 16h2v2H4v-2zm16 0H8v2h12v-2z\" fill=\"currentColor\"><\/path><\/svg><svg style=\"fill: #999;color:#999\" class=\"arrow-unsorted-368013\" xmlns=\"http:\/\/www.w3.org\/2000\/svg\" width=\"10px\" height=\"10px\" viewBox=\"0 0 24 24\" version=\"1.2\" baseProfile=\"tiny\"><path d=\"M18.2 9.3l-6.2-6.3-6.2 6.3c-.2.2-.3.4-.3.7s.1.5.3.7c.2.2.4.3.7.3h11c.3 0 .5-.1.7-.3.2-.2.3-.5.3-.7s-.1-.5-.3-.7zM5.8 14.7l6.2 6.3 6.2-6.3c.2-.2.3-.5.3-.7s-.1-.5-.3-.7c-.2-.2-.4-.3-.7-.3h-11c-.3 0-.5.1-.7.3-.2.2-.3.5-.3.7s.1.5.3.7z\"\/><\/svg><\/span><\/span><\/span><\/a><\/span><\/div>\n<nav><ul class='ez-toc-list ez-toc-list-level-1 ' ><li class='ez-toc-page-1 ez-toc-heading-level-2'><a class=\"ez-toc-link ez-toc-heading-1\" href=\"https:\/\/flashmode.tn\/magazine\/puis-je-tailler-mon-olivier-en-juillet\/#Comment_tailler_un_olivier_en_boule\" >Comment tailler un olivier en boule ?<\/a><\/li><li class='ez-toc-page-1 ez-toc-heading-level-2'><a class=\"ez-toc-link ez-toc-heading-2\" href=\"https:\/\/flashmode.tn\/magazine\/puis-je-tailler-mon-olivier-en-juillet\/#Quand_tailler_un_olivier_automne\" >Quand tailler un olivier automne ?<\/a><\/li><li class='ez-toc-page-1 ez-toc-heading-level-2'><a class=\"ez-toc-link ez-toc-heading-3\" href=\"https:\/\/flashmode.tn\/magazine\/puis-je-tailler-mon-olivier-en-juillet\/#Quand_tailler_ses_rosiers_pour_lhiver\" >Quand tailler ses rosiers pour l&rsquo;hiver ?<\/a><\/li><li class='ez-toc-page-1 ez-toc-heading-level-2'><a class=\"ez-toc-link ez-toc-heading-4\" href=\"https:\/\/flashmode.tn\/magazine\/puis-je-tailler-mon-olivier-en-juillet\/#Comment_tailler_un_olivier_en_forme_de_nuage\" >Comment tailler un olivier en forme de nuage ?<\/a><\/li><li class='ez-toc-page-1 ez-toc-heading-level-2'><a class=\"ez-toc-link ez-toc-heading-5\" href=\"https:\/\/flashmode.tn\/magazine\/puis-je-tailler-mon-olivier-en-juillet\/#Quand_et_comment_tailler_un_olivier_en_nuage\" >Quand et comment tailler un olivier en nuage ?<\/a><\/li><li class='ez-toc-page-1 ez-toc-heading-level-2'><a class=\"ez-toc-link ez-toc-heading-6\" href=\"https:\/\/flashmode.tn\/magazine\/puis-je-tailler-mon-olivier-en-juillet\/#Comment_faire_pour_faire_grossir_le_tronc_dun_olivier\" >Comment faire pour faire grossir le tronc d&rsquo;un olivier ?<\/a><\/li><li class='ez-toc-page-1 ez-toc-heading-level-2'><a class=\"ez-toc-link ez-toc-heading-7\" href=\"https:\/\/flashmode.tn\/magazine\/puis-je-tailler-mon-olivier-en-juillet\/#Comment_tailler_un_olivier_avant_transplantation\" >Comment tailler un olivier avant transplantation ?<\/a><\/li><li class='ez-toc-page-1 ez-toc-heading-level-2'><a class=\"ez-toc-link ez-toc-heading-8\" href=\"https:\/\/flashmode.tn\/magazine\/puis-je-tailler-mon-olivier-en-juillet\/#Quand_et_comment_tailler_un_rosier\" >Quand et comment tailler un rosier ?<\/a><\/li><li class='ez-toc-page-1 ez-toc-heading-level-2'><a class=\"ez-toc-link ez-toc-heading-9\" href=\"https:\/\/flashmode.tn\/magazine\/puis-je-tailler-mon-olivier-en-juillet\/#Quand_couper_les_branches_de_cerisier\" >Quand couper les branches de cerisier ?<\/a><\/li><li class='ez-toc-page-1 ez-toc-heading-level-2'><a class=\"ez-toc-link ez-toc-heading-10\" href=\"https:\/\/flashmode.tn\/magazine\/puis-je-tailler-mon-olivier-en-juillet\/#Comment_tailler_un_olivier_Buisson\" >Comment tailler un olivier Buisson ?<\/a><\/li><li class='ez-toc-page-1 ez-toc-heading-level-2'><a class=\"ez-toc-link ez-toc-heading-11\" href=\"https:\/\/flashmode.tn\/magazine\/puis-je-tailler-mon-olivier-en-juillet\/#Comment_tailler_olivier_plateau\" >Comment tailler olivier plateau ?<\/a><\/li><li class='ez-toc-page-1 ez-toc-heading-level-2'><a class=\"ez-toc-link ez-toc-heading-12\" href=\"https:\/\/flashmode.tn\/magazine\/puis-je-tailler-mon-olivier-en-juillet\/#Quel_mois_pour_tailler_les_rosiers\" >Quel mois pour tailler les rosiers ?<\/a><\/li><li class='ez-toc-page-1 ez-toc-heading-level-2'><a class=\"ez-toc-link ez-toc-heading-13\" href=\"https:\/\/flashmode.tn\/magazine\/puis-je-tailler-mon-olivier-en-juillet\/#Quelle_est_la_meilleure_periode_pour_tailler_les_rosiers\" >Quelle est la meilleure p\u00e9riode pour tailler les rosiers ?<\/a><\/li><li class='ez-toc-page-1 ez-toc-heading-level-2'><a class=\"ez-toc-link ez-toc-heading-14\" href=\"https:\/\/flashmode.tn\/magazine\/puis-je-tailler-mon-olivier-en-juillet\/#Comment_tailler_ses_rosiers\" >Comment tailler ses rosiers ?<\/a><\/li><li class='ez-toc-page-1 ez-toc-heading-level-2'><a class=\"ez-toc-link ez-toc-heading-15\" href=\"https:\/\/flashmode.tn\/magazine\/puis-je-tailler-mon-olivier-en-juillet\/#Comment_faire_grossir_le_tronc_dun_palmier\" >Comment faire grossir le tronc d&rsquo;un palmier ?<\/a><\/li><li class='ez-toc-page-1 ez-toc-heading-level-2'><a class=\"ez-toc-link ez-toc-heading-16\" href=\"https:\/\/flashmode.tn\/magazine\/puis-je-tailler-mon-olivier-en-juillet\/#Comment_faire_grossir_le_tronc_dun_yucca\" >Comment faire grossir le tronc d&rsquo;un yucca ?<\/a><\/li><li class='ez-toc-page-1 ez-toc-heading-level-2'><a class=\"ez-toc-link ez-toc-heading-17\" href=\"https:\/\/flashmode.tn\/magazine\/puis-je-tailler-mon-olivier-en-juillet\/#Comment_faire_grossir_un_Nebari\" >Comment faire grossir un N\u00e9bari ?<\/a><\/li><li class='ez-toc-page-1 ez-toc-heading-level-2'><a class=\"ez-toc-link ez-toc-heading-18\" href=\"https:\/\/flashmode.tn\/magazine\/puis-je-tailler-mon-olivier-en-juillet\/#Comment_transplanter_olivier\" >Comment transplanter olivier ?<\/a><\/li><li class='ez-toc-page-1 ez-toc-heading-level-2'><a class=\"ez-toc-link ez-toc-heading-19\" href=\"https:\/\/flashmode.tn\/magazine\/puis-je-tailler-mon-olivier-en-juillet\/#Quand_Peut-on_Deplanter_et_replanter_un_olivier\" >Quand Peut-on Deplanter et replanter un olivier ?<\/a><\/li><li class='ez-toc-page-1 ez-toc-heading-level-2'><a class=\"ez-toc-link ez-toc-heading-20\" href=\"https:\/\/flashmode.tn\/magazine\/puis-je-tailler-mon-olivier-en-juillet\/#Comment_Depoter_un_gros_olivier\" >Comment Depoter un gros olivier ?<\/a><\/li><\/ul><\/nav><\/div>\n<h2><span class=\"ez-toc-section\" id=\"Comment_tailler_un_olivier_en_boule\"><\/span>Comment tailler un olivier en boule ?<span class=\"ez-toc-section-end\"><\/span><\/h2>\n<p><b>  <b>   Comment tailler  <\/b>  l&rsquo;  <b>   olivier  <\/b>  ? <\/b> <\/p>\n<ol>\n<li>   Munissez-vous d&rsquo;un s\u00e9cateur ;  <\/li>\n<li>   Mettez-vous \u00e0 la hauteur de l&rsquo;   <b>    olivier   <\/b>   ou l\u00e9g\u00e8rement au-dessus ;  <\/li>\n<li>   Coupez les branches de l&rsquo;   <b>    olivier   <\/b>   pour former un buisson, une   <b>    boule   <\/b>   ;  <\/li>\n<li>   Taillez toujours un an \u00e0 l&rsquo;avance pour revenir \u00e0 une production plus importante pour l&rsquo;ann\u00e9e prochaine ;  <\/li>\n<\/ol>\n<h2><span class=\"ez-toc-section\" id=\"Quand_tailler_un_olivier_automne\"><\/span><strong>Quand tailler un olivier automne ?<\/strong><span class=\"ez-toc-section-end\"><\/span><\/h2>\n<p>Vous pouvez le <b>tailler<\/b> avant que le froid arrive mais c&rsquo;est un peu juste en Novembre, vous avez peu de temps , de mani\u00e8re plus s\u00fbre il vaut mieux attendre la fin de l&rsquo;hiver et la fin des gels \u00e0 la mi-mars ou plus tard si vous habitez au Nord.<\/p>\n<h2><span class=\"ez-toc-section\" id=\"Quand_tailler_ses_rosiers_pour_lhiver\"><\/span><strong>Quand tailler ses rosiers pour l&rsquo;hiver ?<\/strong><span class=\"ez-toc-section-end\"><\/span><\/h2>\n<p>La <b>taille<\/b> principale des <b>rosiers<\/b> s&rsquo;op\u00e8re <b>\u00e0<\/b> la sortie <b>de l&rsquo;hiver<\/b>, en f\u00e9vrier ou mars selon <b>les<\/b> r\u00e9gions, lorsque <b>les<\/b> fortes gel\u00e9es sont pass\u00e9es. Bien s\u00fbr, ce n&rsquo;est pas une r\u00e8gle absolue, il est possible d&rsquo;op\u00e9rer plus tard, jusqu&rsquo;en avril. Une seule r\u00e8gle: \u00e9viter <b>les<\/b> jours <b>de<\/b> gel.<\/p>\n<h2><span class=\"ez-toc-section\" id=\"Comment_tailler_un_olivier_en_forme_de_nuage\"><\/span><strong>Comment tailler un olivier en forme de nuage ?<\/strong><span class=\"ez-toc-section-end\"><\/span><\/h2>\n<p>Commencez par couper les petites branches ou rameaux de votre <b>olivier<\/b> \u00e0 la base du tronc tout en remontant au fur et \u00e0 mesure. Puis coupez petit \u00e0 petit gr\u00e2ce \u00e0 de petits gestes r\u00e9guliers, taillez en tournant autour de chaque <b>nuage<\/b> en vous mettant bien \u00e0 la hauteur de la coupe pour viser correctement.<\/p>\n<h2><span class=\"ez-toc-section\" id=\"Quand_et_comment_tailler_un_olivier_en_nuage\"><\/span><strong>Quand et comment tailler un olivier en nuage ?<\/strong><span class=\"ez-toc-section-end\"><\/span><\/h2>\n<p>La p\u00e9riode propice pour <b>tailler un olivier en nuage<\/b><\/p>\n<p> L&rsquo;<b>olivier<\/b> est un arbre qu&rsquo;il faut id\u00e9alement <b>tailler<\/b> en <b>nuage<\/b> dans la p\u00e9riode allant de f\u00e9vrier \u00e0 mars une fois que la vague des grands froids est pass\u00e9e. Il est \u00e9galement possible de le <b>tailler<\/b> entre mai et juin avant que n&rsquo;apparaissent les premi\u00e8res fleurs.<\/p>\n<h2><span class=\"ez-toc-section\" id=\"Comment_faire_pour_faire_grossir_le_tronc_dun_olivier\"><\/span><strong>Comment faire pour faire grossir le tronc d&rsquo;un olivier ?<\/strong><span class=\"ez-toc-section-end\"><\/span><\/h2>\n<p>Plantez votre arbre dans le sol<\/p>\n<p> Pour <b>faire grossir le tronc<\/b> le plus t\u00f4t possible, la meilleure chose \u00e0 <b>faire<\/b> est de plantez-le dans le sol dans une zone o\u00f9 il re\u00e7oit beaucoup de lumi\u00e8re directe du soleil et prenez-en soin comme une autre plante de jardin pendant au moins deux ou trois ans.<\/p>\n<h2><span class=\"ez-toc-section\" id=\"Comment_tailler_un_olivier_avant_transplantation\"><\/span><strong>Comment tailler un olivier avant transplantation ?<\/strong><span class=\"ez-toc-section-end\"><\/span><\/h2>\n<p>Creuser au minimum 4 \u00e0 6 fois le diam\u00e8tre du tronc. Exemple: Si le tronc fait 20 cm de diam\u00e8tre, creuser un trou de 80cm voire de 1m20, selon la motte racinaire (bougne). Essayer de bouger l&rsquo;arbre en le poussant et en le tirant, jusqu&rsquo;\u00e0 ce que les racines cassent (o\u00f9 soient cass\u00e9es en creusant les tranch\u00e9es).<\/p>\n<h2><span class=\"ez-toc-section\" id=\"Quand_et_comment_tailler_un_rosier\"><\/span><strong>Quand et comment tailler un rosier ?<\/strong><span class=\"ez-toc-section-end\"><\/span><\/h2>\n<p>On <b>taille<\/b> toujours en mars et on peut \u00e9galement faire une <b>taille<\/b> de nettoyage en automne. Notre astuce pour assurer une floraison continue est une formule math\u00e9matique : Nombre de branches \u00e9mis dans l&rsquo;ann\u00e9e x 2 = nombre d&rsquo;\u0153il \u00e0 maintenir. Un <b>rosier<\/b> ayant produit 12 branches, il faut veiller \u00e0 conserver 24 yeux.<\/p>\n<h2><span class=\"ez-toc-section\" id=\"Quand_couper_les_branches_de_cerisier\"><\/span><strong>Quand couper les branches de cerisier ?<\/strong><span class=\"ez-toc-section-end\"><\/span><\/h2>\n<p><b>Quand tailler<\/b> le <b>cerisier<\/b> ? Privil\u00e9giez l&rsquo;automne, <b>quand<\/b> l&rsquo;arbre perd ses feuilles, en octobre et novembre, ou l&rsquo;hiver hors p\u00e9riodes de gel et d&rsquo;humidit\u00e9. Si vous n&rsquo;avez pas pu le <b>tailler<\/b> durant cette p\u00e9riode, mars est encore un bon mois pour le faire.<\/p>\n<h2><span class=\"ez-toc-section\" id=\"Comment_tailler_un_olivier_Buisson\"><\/span><strong>Comment tailler un olivier Buisson ?<\/strong><span class=\"ez-toc-section-end\"><\/span><\/h2>\n<p>Pendant la <b>taille<\/b>, prenez un s\u00e9cateur bien aiguis\u00e9 et positionnez-vous l\u00e9g\u00e8rement au-dessus de l&rsquo;<b>olivier<\/b>. Coupez les rameaux de l&rsquo;arbre \u00e0 la forme d&rsquo;un <b>buisson<\/b>. Pour les jeunes <b>oliviers<\/b>, pensez \u00e0 couper les branches porteuses des fruits tous les deux ans.<\/p>\n<h2><span class=\"ez-toc-section\" id=\"Comment_tailler_olivier_plateau\"><\/span><strong>Comment tailler olivier plateau ?<\/strong><span class=\"ez-toc-section-end\"><\/span><\/h2>\n<p>Commencez par couper les petites branches ou rameaux de votre <b>olivier<\/b> \u00e0 la base du tronc tout en remontant au fur et \u00e0 mesure. Puis coupez petit \u00e0 petit gr\u00e2ce \u00e0 de petits gestes r\u00e9guliers, taillez en tournant autour de chaque nuage en vous mettant bien \u00e0 la hauteur de la coupe pour viser correctement.<\/p>\n<h2><span class=\"ez-toc-section\" id=\"Quel_mois_pour_tailler_les_rosiers\"><\/span><strong>Quel mois pour tailler les rosiers ?<\/strong><span class=\"ez-toc-section-end\"><\/span><\/h2>\n<p>On <b>taille<\/b> toujours en mars et on peut \u00e9galement faire une <b>taille de<\/b> nettoyage en automne. Notre astuce <b>pour<\/b> assurer une floraison continue est une formule math\u00e9matique : Nombre <b>de<\/b> branches \u00e9mis dans l&rsquo;ann\u00e9e x 2 = nombre d&rsquo;\u0153il \u00e0 maintenir. Un <b>rosier<\/b> ayant produit 12 branches, il faut veiller \u00e0 conserver 24 yeux.<\/p>\n<h2><span class=\"ez-toc-section\" id=\"Quelle_est_la_meilleure_periode_pour_tailler_les_rosiers\"><\/span><strong>Quelle est la meilleure p\u00e9riode pour tailler les rosiers ?<\/strong><span class=\"ez-toc-section-end\"><\/span><\/h2>\n<p><b>Taille<\/b> des <b>rosiers<\/b> au printemps<\/p>\n<p> C&rsquo;<b>est<\/b> la <b>taille<\/b> la plus importante <b>pour<\/b> la plupart des <b>rosiers<\/b>. En fonction des r\u00e9gions, elle se pratique \u00e0 la fin <b>de<\/b> l&rsquo;hiver, fin f\u00e9vrier ou d\u00e9but mars, lorsque les risques <b>de<\/b> fortes gel\u00e9es <b>sont<\/b> \u00e9cart\u00e9s et avant que les <b>rosiers<\/b> ne soient en v\u00e9g\u00e9tation.<\/p>\n<h2><span class=\"ez-toc-section\" id=\"Comment_tailler_ses_rosiers\"><\/span><strong>Comment tailler ses rosiers ?<\/strong><span class=\"ez-toc-section-end\"><\/span><\/h2>\n<p>Pour <b>tailler<\/b> ces <b>rosiers<\/b>, il est n\u00e9cessaire d&rsquo;enlever le bois mort, ainsi que les rameaux ch\u00e9tifs, mal plac\u00e9s ou trop vieux. Supprimer 2\/3 \u00e0 3\/4 de la longueur des branches. Penser \u00e0 conserver 2 \u00e0 3 bourgeons sur les rameaux faibles, et 4 ou 5 sur les plus vigoureux du <b>rosier<\/b>.<\/p>\n<h2><span class=\"ez-toc-section\" id=\"Comment_faire_grossir_le_tronc_dun_palmier\"><\/span><strong>Comment faire grossir le tronc d&rsquo;un palmier ?<\/strong><span class=\"ez-toc-section-end\"><\/span><\/h2>\n<p>En principe, le <b>palmier<\/b> en cas de croissance optimale, <b>grossit<\/b> son stipe d&rsquo;abord en largeur puis il s&rsquo;\u00e9l\u00e8ve en hauteur. N\u00e9anmoins, pour une \u00e9l\u00e9vation plus rapide du stipe, qui sera d&rsquo;autant plus gr\u00e8le au d\u00e9but, certains sectionnent les palmes inf\u00e9rieures de la couronne&#8230;.<\/p>\n<h2><span class=\"ez-toc-section\" id=\"Comment_faire_grossir_le_tronc_dun_yucca\"><\/span><strong>Comment faire grossir le tronc d&rsquo;un yucca ?<\/strong><span class=\"ez-toc-section-end\"><\/span><\/h2>\n<p>Veillez simplement \u00e0 humidifier r\u00e9guli\u00e8rement son feuillage \u00e0 l&rsquo;aide d&rsquo;un brumisateur, car il se d\u00e9veloppe mieux dans l&rsquo;humidit\u00e9. Pour une meilleure croissance, vous pouvez toujours lui ajouter un peu d&rsquo;engrais sp\u00e9cial plante verte, mais ce n&rsquo;est pas indispensable avec le <b>Yucca<\/b>.<\/p>\n<h2><span class=\"ez-toc-section\" id=\"Comment_faire_grossir_un_Nebari\"><\/span><strong>Comment faire grossir un N\u00e9bari ?<\/strong><span class=\"ez-toc-section-end\"><\/span><\/h2>\n<p>Une m\u00e9thode alternative consiste \u00e0 appliquer un anneau autour de la base du tronc. A mesure que le tronc s&rsquo;\u00e9paissit, l&rsquo;anneau va bloquer le passage de nutriments et forcer l&rsquo;arbre \u00e0 <b>faire<\/b> pousser de nouvelles racines juste au-dessus de l&rsquo;anneau. De cette fa\u00e7on, un nouveau <b>n\u00e9bari<\/b> peut \u00eatre cr\u00e9\u00e9.<\/p>\n<h2><span class=\"ez-toc-section\" id=\"Comment_transplanter_olivier\"><\/span><strong>Comment transplanter olivier ?<\/strong><span class=\"ez-toc-section-end\"><\/span><\/h2>\n<p>Arroser avant de <b>transplanter<\/b> : un plant s&rsquo;installe mieux si ses racines sont entour\u00e9es d&rsquo;une motte de terre humide. Laisser la motte dans l&rsquo;eau pendant au moins une demi-heure. Enfoncer l&rsquo;arbre en terre en laissant les racines juste au-dessous de la surface.<\/p>\n<h2><span class=\"ez-toc-section\" id=\"Quand_Peut-on_Deplanter_et_replanter_un_olivier\"><\/span><strong>Quand Peut-on Deplanter et replanter un olivier ?<\/strong><span class=\"ez-toc-section-end\"><\/span><\/h2>\n<p>L&rsquo;\u00e9poque : De mars \u00e0 juin si l&rsquo;on a la possibilit\u00e9 d&rsquo;arroser l&rsquo;arbre transplant\u00e9, sinon en octobre-novembre. Dans tous les cas il faut \u00e9viter les p\u00e9riodes o\u00f9 la terre est tr\u00e8s s\u00e8che ou au contraire tr\u00e8s humide.<\/p>\n<h2><span class=\"ez-toc-section\" id=\"Comment_Depoter_un_gros_olivier\"><\/span><strong>Comment Depoter un gros olivier ?<\/strong><span class=\"ez-toc-section-end\"><\/span><\/h2>\n<p><b>  Pour rempoter votre  <b>   olivier  <\/b>  : <\/b> <\/p>\n<ol>\n<li>   Placez la motte dans le pot, de fa\u00e7on \u00e0 ce que le collet (point de jonction du tronc et des racines) affleure la partie sup\u00e9rieure du pot. &#8230;  <\/li>\n<li>   Maintenez la motte bien droite et comblez le pot avec le substrat pr\u00e9par\u00e9.  <\/li>\n<li>   Tassez l\u00e9g\u00e8rement le substrat en surface.  <\/li>\n<\/ol>\n<h2><strong><\/strong><\/h2>\n<hr \/>\n<p><em>Editeurs: 8 &#8211; R\u00e9f\u00e9rences: 26 articles<\/em><\/p>\n<p><em>N\u2019oubliez pas de partager l\u2019article !<\/em><\/p>\n","protected":false},"excerpt":{"rendered":"<p>En juillet, la taille en vert augmente la production de l&rsquo;arbre : il faut enlever les gourmands g\u00eanants pour faciliter la circulation de la s\u00e8ve vers les branches fructif\u00e8res. De plus, Puis-je tailler mon olivier en septembre ? Il peut \u00eatre taill\u00e9 toute l&rsquo;ann\u00e9e, mais les mois de mars, avril et mai sont les mois [&hellip;]<\/p>\n","protected":false},"author":6,"featured_media":0,"comment_status":"open","ping_status":"open","sticky":false,"template":"","format":"standard","meta":{"tdm_status":"","tdm_grid_status":"","_jetpack_memberships_contains_paid_content":false,"footnotes":"","jetpack_publicize_message":"","jetpack_publicize_feature_enabled":true,"jetpack_social_post_already_shared":false,"jetpack_social_options":{"image_generator_settings":{"template":"highway","default_image_id":0,"font":"","enabled":false},"version":2}},"categories":[3457],"tags":[],"class_list":["post-41567","post","type-post","status-publish","format-standard","hentry","category-maison"],"yoast_head":"<!-- This site is optimized with the Yoast SEO Premium plugin v25.0 (Yoast SEO v25.0) - https:\/\/yoast.com\/wordpress\/plugins\/seo\/ -->\n<title>Puis-je tailler mon olivier en juillet ?<\/title>\n<meta name=\"description\" content=\"En juillet, la taille en vert augmente la production de l&#039;arbre : il faut enlever les gourmands g\u00eanants pour faciliter la circulation de la s\u00e8ve vers les\" \/>\n<meta name=\"robots\" content=\"index, follow, max-snippet:-1, max-image-preview:large, max-video-preview:-1\" \/>\n<link rel=\"canonical\" href=\"https:\/\/flashmode.tn\/magazine\/puis-je-tailler-mon-olivier-en-juillet\/\" \/>\n<meta property=\"og:locale\" content=\"fr_FR\" \/>\n<meta property=\"og:type\" content=\"article\" \/>\n<meta property=\"og:title\" content=\"Puis-je tailler mon olivier en juillet ? - Flashmode Magazine | Magazine de mode et style de vie Num\u00e9ro un en Tunisie et au Maghreb\" \/>\n<meta property=\"og:description\" content=\"En juillet, la taille en vert augmente la production de l&#039;arbre : il faut enlever les gourmands g\u00eanants pour faciliter la circulation de la s\u00e8ve vers les\" \/>\n<meta property=\"og:url\" content=\"https:\/\/flashmode.tn\/magazine\/puis-je-tailler-mon-olivier-en-juillet\/\" \/>\n<meta property=\"og:site_name\" content=\"Flashmode Magazine | Magazine de mode et style de vie Num\u00e9ro un en Tunisie et au Maghreb\" \/>\n<meta property=\"article:publisher\" content=\"https:\/\/www.facebook.com\/flashmode.magazine\/\" \/>\n<meta property=\"article:published_time\" content=\"2021-10-12T10:20:08+00:00\" \/>\n<meta name=\"author\" content=\"EventsEditors\" \/>\n<meta name=\"twitter:card\" content=\"summary_large_image\" \/>\n<meta name=\"twitter:creator\" content=\"@agenceflashmode\" \/>\n<meta name=\"twitter:site\" content=\"@agenceflashmode\" \/>\n<meta name=\"twitter:label1\" content=\"\u00c9crit par\" \/>\n\t<meta name=\"twitter:data1\" content=\"EventsEditors\" \/>\n\t<meta name=\"twitter:label2\" content=\"Dur\u00e9e de lecture estim\u00e9e\" \/>\n\t<meta name=\"twitter:data2\" content=\"7 minutes\" \/>\n<script type=\"application\/ld+json\" class=\"yoast-schema-graph\">{\"@context\":\"https:\/\/schema.org\",\"@graph\":[{\"@type\":\"WebPage\",\"@id\":\"https:\/\/flashmode.tn\/magazine\/puis-je-tailler-mon-olivier-en-juillet\/\",\"url\":\"https:\/\/flashmode.tn\/magazine\/puis-je-tailler-mon-olivier-en-juillet\/\",\"name\":\"Puis-je tailler mon olivier en juillet ?\",\"isPartOf\":{\"@id\":\"https:\/\/flashmode.tn\/magazine\/#website\"},\"datePublished\":\"2021-10-12T10:20:08+00:00\",\"author\":{\"@id\":\"https:\/\/flashmode.tn\/magazine\/#\/schema\/person\/257d6780605b915a5e352977f0f6f41c\"},\"description\":\"En juillet, la taille en vert augmente la production de l'arbre : il faut enlever les gourmands g\u00eanants pour faciliter la circulation de la s\u00e8ve vers les\",\"breadcrumb\":{\"@id\":\"https:\/\/flashmode.tn\/magazine\/puis-je-tailler-mon-olivier-en-juillet\/#breadcrumb\"},\"inLanguage\":\"fr-FR\",\"potentialAction\":[{\"@type\":\"ReadAction\",\"target\":[\"https:\/\/flashmode.tn\/magazine\/puis-je-tailler-mon-olivier-en-juillet\/\"]}]},{\"@type\":\"BreadcrumbList\",\"@id\":\"https:\/\/flashmode.tn\/magazine\/puis-je-tailler-mon-olivier-en-juillet\/#breadcrumb\",\"itemListElement\":[{\"@type\":\"ListItem\",\"position\":1,\"name\":\"Accueil\",\"item\":\"https:\/\/flashmode.tn\/magazine\/\"},{\"@type\":\"ListItem\",\"position\":2,\"name\":\"Puis-je tailler mon olivier en juillet ?\"}]},{\"@type\":\"WebSite\",\"@id\":\"https:\/\/flashmode.tn\/magazine\/#website\",\"url\":\"https:\/\/flashmode.tn\/magazine\/\",\"name\":\"Flashmode Magazine | Magazine de mode et style de vie Num\u00e9ro un en Tunisie et au Maghreb\",\"description\":\"Magazine de mode et style de vie Num\u00e9ro un en Tunisie et au Maghreb, cr\u00e9\u00e9 pour les hommes et les femmes : conseils beaut\u00e9, mode femme, mode homme, recettes de cuisine, c\u00e9l\u00e9brit\u00e9s et people, mannequins et top modeles\",\"potentialAction\":[{\"@type\":\"SearchAction\",\"target\":{\"@type\":\"EntryPoint\",\"urlTemplate\":\"https:\/\/flashmode.tn\/magazine\/?s={search_term_string}\"},\"query-input\":{\"@type\":\"PropertyValueSpecification\",\"valueRequired\":true,\"valueName\":\"search_term_string\"}}],\"inLanguage\":\"fr-FR\"},{\"@type\":\"Person\",\"@id\":\"https:\/\/flashmode.tn\/magazine\/#\/schema\/person\/257d6780605b915a5e352977f0f6f41c\",\"name\":\"EventsEditors\",\"image\":{\"@type\":\"ImageObject\",\"inLanguage\":\"fr-FR\",\"@id\":\"https:\/\/flashmode.tn\/magazine\/#\/schema\/person\/image\/\",\"url\":\"https:\/\/secure.gravatar.com\/avatar\/e2daedf958f66be37c9a79abe56184d85cd1baa6bba0dd8017e3f7d01555232f?s=96&d=mm&r=g\",\"contentUrl\":\"https:\/\/secure.gravatar.com\/avatar\/e2daedf958f66be37c9a79abe56184d85cd1baa6bba0dd8017e3f7d01555232f?s=96&d=mm&r=g\",\"caption\":\"EventsEditors\"},\"url\":\"https:\/\/flashmode.tn\/magazine\/author\/eventseditors\/\"}]}<\/script>\n<!-- \/ Yoast SEO Premium plugin. -->","yoast_head_json":{"title":"Puis-je tailler mon olivier en juillet ?","description":"En juillet, la taille en vert augmente la production de l'arbre : il faut enlever les gourmands g\u00eanants pour faciliter la circulation de la s\u00e8ve vers les","robots":{"index":"index","follow":"follow","max-snippet":"max-snippet:-1","max-image-preview":"max-image-preview:large","max-video-preview":"max-video-preview:-1"},"canonical":"https:\/\/flashmode.tn\/magazine\/puis-je-tailler-mon-olivier-en-juillet\/","og_locale":"fr_FR","og_type":"article","og_title":"Puis-je tailler mon olivier en juillet ? - Flashmode Magazine | Magazine de mode et style de vie Num\u00e9ro un en Tunisie et au Maghreb","og_description":"En juillet, la taille en vert augmente la production de l'arbre : il faut enlever les gourmands g\u00eanants pour faciliter la circulation de la s\u00e8ve vers les","og_url":"https:\/\/flashmode.tn\/magazine\/puis-je-tailler-mon-olivier-en-juillet\/","og_site_name":"Flashmode Magazine | Magazine de mode et style de vie Num\u00e9ro un en Tunisie et au Maghreb","article_publisher":"https:\/\/www.facebook.com\/flashmode.magazine\/","article_published_time":"2021-10-12T10:20:08+00:00","author":"EventsEditors","twitter_card":"summary_large_image","twitter_creator":"@agenceflashmode","twitter_site":"@agenceflashmode","twitter_misc":{"\u00c9crit par":"EventsEditors","Dur\u00e9e de lecture estim\u00e9e":"7 minutes"},"schema":{"@context":"https:\/\/schema.org","@graph":[{"@type":"WebPage","@id":"https:\/\/flashmode.tn\/magazine\/puis-je-tailler-mon-olivier-en-juillet\/","url":"https:\/\/flashmode.tn\/magazine\/puis-je-tailler-mon-olivier-en-juillet\/","name":"Puis-je tailler mon olivier en juillet ?","isPartOf":{"@id":"https:\/\/flashmode.tn\/magazine\/#website"},"datePublished":"2021-10-12T10:20:08+00:00","author":{"@id":"https:\/\/flashmode.tn\/magazine\/#\/schema\/person\/257d6780605b915a5e352977f0f6f41c"},"description":"En juillet, la taille en vert augmente la production de l'arbre : il faut enlever les gourmands g\u00eanants pour faciliter la circulation de la s\u00e8ve vers les","breadcrumb":{"@id":"https:\/\/flashmode.tn\/magazine\/puis-je-tailler-mon-olivier-en-juillet\/#breadcrumb"},"inLanguage":"fr-FR","potentialAction":[{"@type":"ReadAction","target":["https:\/\/flashmode.tn\/magazine\/puis-je-tailler-mon-olivier-en-juillet\/"]}]},{"@type":"BreadcrumbList","@id":"https:\/\/flashmode.tn\/magazine\/puis-je-tailler-mon-olivier-en-juillet\/#breadcrumb","itemListElement":[{"@type":"ListItem","position":1,"name":"Accueil","item":"https:\/\/flashmode.tn\/magazine\/"},{"@type":"ListItem","position":2,"name":"Puis-je tailler mon olivier en juillet ?"}]},{"@type":"WebSite","@id":"https:\/\/flashmode.tn\/magazine\/#website","url":"https:\/\/flashmode.tn\/magazine\/","name":"Flashmode Magazine | Magazine de mode et style de vie Num\u00e9ro un en Tunisie et au Maghreb","description":"Magazine de mode et style de vie Num\u00e9ro un en Tunisie et au Maghreb, cr\u00e9\u00e9 pour les hommes et les femmes : conseils beaut\u00e9, mode femme, mode homme, recettes de cuisine, c\u00e9l\u00e9brit\u00e9s et people, mannequins et top modeles","potentialAction":[{"@type":"SearchAction","target":{"@type":"EntryPoint","urlTemplate":"https:\/\/flashmode.tn\/magazine\/?s={search_term_string}"},"query-input":{"@type":"PropertyValueSpecification","valueRequired":true,"valueName":"search_term_string"}}],"inLanguage":"fr-FR"},{"@type":"Person","@id":"https:\/\/flashmode.tn\/magazine\/#\/schema\/person\/257d6780605b915a5e352977f0f6f41c","name":"EventsEditors","image":{"@type":"ImageObject","inLanguage":"fr-FR","@id":"https:\/\/flashmode.tn\/magazine\/#\/schema\/person\/image\/","url":"https:\/\/secure.gravatar.com\/avatar\/e2daedf958f66be37c9a79abe56184d85cd1baa6bba0dd8017e3f7d01555232f?s=96&d=mm&r=g","contentUrl":"https:\/\/secure.gravatar.com\/avatar\/e2daedf958f66be37c9a79abe56184d85cd1baa6bba0dd8017e3f7d01555232f?s=96&d=mm&r=g","caption":"EventsEditors"},"url":"https:\/\/flashmode.tn\/magazine\/author\/eventseditors\/"}]}},"jetpack_publicize_connections":[],"jetpack_featured_media_url":"","jetpack_shortlink":"https:\/\/wp.me\/p8BPGr-aOr","jetpack_sharing_enabled":true,"_links":{"self":[{"href":"https:\/\/flashmode.tn\/magazine\/wp-json\/wp\/v2\/posts\/41567","targetHints":{"allow":["GET"]}}],"collection":[{"href":"https:\/\/flashmode.tn\/magazine\/wp-json\/wp\/v2\/posts"}],"about":[{"href":"https:\/\/flashmode.tn\/magazine\/wp-json\/wp\/v2\/types\/post"}],"author":[{"embeddable":true,"href":"https:\/\/flashmode.tn\/magazine\/wp-json\/wp\/v2\/users\/6"}],"replies":[{"embeddable":true,"href":"https:\/\/flashmode.tn\/magazine\/wp-json\/wp\/v2\/comments?post=41567"}],"version-history":[{"count":0,"href":"https:\/\/flashmode.tn\/magazine\/wp-json\/wp\/v2\/posts\/41567\/revisions"}],"wp:attachment":[{"href":"https:\/\/flashmode.tn\/magazine\/wp-json\/wp\/v2\/media?parent=41567"}],"wp:term":[{"taxonomy":"category","embeddable":true,"href":"https:\/\/flashmode.tn\/magazine\/wp-json\/wp\/v2\/categories?post=41567"},{"taxonomy":"post_tag","embeddable":true,"href":"https:\/\/flashmode.tn\/magazine\/wp-json\/wp\/v2\/tags?post=41567"}],"curies":[{"name":"wp","href":"https:\/\/api.w.org\/{rel}","templated":true}]}}