{"id":41855,"date":"2021-10-22T04:00:31","date_gmt":"2021-10-22T02:00:31","guid":{"rendered":"https:\/\/flashmode.tn\/magazine\/?p=41855"},"modified":"2021-10-22T04:00:31","modified_gmt":"2021-10-22T02:00:31","slug":"quand-planter-les-tomates-apres-les-saints-de-glace","status":"publish","type":"post","link":"https:\/\/flashmode.tn\/magazine\/quand-planter-les-tomates-apres-les-saints-de-glace\/","title":{"rendered":"Quand planter les tomates apr\u00e8s les saints de glace ?"},"content":{"rendered":"<p><b>Apr\u00e8s les Saints de Glace<\/b> (11-12-13 mai), on estime qu&rsquo;il n&rsquo;y a plus de gel\u00e9es nocturnes \u00e0 craindre. On peut d\u00e8s maintenant tout semer et repiquer.<\/p>\n<p>De plus, Quand la fin des gel\u00e9es ?<\/p>\n<p>Puis s&rsquo;ensuivent les saints de glace. Ils marquent la derni\u00e8re p\u00e9riode o\u00f9, selon une croyance populaire remontant au Moyen-\u00c2ge, la baisse des temp\u00e9ratures nocturnes peut encore \u00eatre suffisante pour entra\u00eener du gel. Les saints de glace ont lieu les 11 mai, 12 mai et 13 mai 2021.<\/p>\n<p>Egalement Pourquoi planter apr\u00e8s les saints de glace ?<\/p>\n<p>La terre met plus de temps \u00e0 se r\u00e9chauffer <b>apr\u00e8s<\/b> un hiver froid et long : on peut penser \u00e0 reporter ses plantations les plus fragiles (les tomates ou courgettes par exemple) <b>apr\u00e8s les Saints de glace<\/b> ; ou sinon, donner un petit coup de pouce en a\u00e9rant la terre \u00e0 l&rsquo;aide d&rsquo;un griffoir pour qu&rsquo;elle se r\u00e9chauffe plus &#8230;<\/p>\n<p>Quels l\u00e9gumes planter avant les saintes glaces ?<\/p>\n<p>Que peut-on semer ou <b>planter<\/b> pendant la p\u00e9riode des <b>saints<\/b> de <b>glace<\/b>. Tout d&rsquo;abord, il est faux de dire qu&rsquo;on ne plante rien <b>avant les saints<\/b> de <b>glace<\/b>, puisque bon nombre de plantes pas trop frileuses, comme les pois, les f\u00e8ves, les carottes et les radis sont souvent sem\u00e9s <b>avant<\/b> cette p\u00e9riode.<\/p>\n<div id=\"ez-toc-container\" class=\"ez-toc-v2_0_81 counter-hierarchy ez-toc-counter ez-toc-grey ez-toc-container-direction\">\n<div class=\"ez-toc-title-container\">\n<p class=\"ez-toc-title\" style=\"cursor:inherit\">Contenus de la page<\/p>\n<span class=\"ez-toc-title-toggle\"><a href=\"#\" class=\"ez-toc-pull-right ez-toc-btn ez-toc-btn-xs ez-toc-btn-default ez-toc-toggle\" aria-label=\"Toggle Table of Content\"><span class=\"ez-toc-js-icon-con\"><span class=\"\"><span class=\"eztoc-hide\" style=\"display:none;\">Toggle<\/span><span class=\"ez-toc-icon-toggle-span\"><svg style=\"fill: #999;color:#999\" xmlns=\"http:\/\/www.w3.org\/2000\/svg\" class=\"list-377408\" width=\"20px\" height=\"20px\" viewBox=\"0 0 24 24\" fill=\"none\"><path d=\"M6 6H4v2h2V6zm14 0H8v2h12V6zM4 11h2v2H4v-2zm16 0H8v2h12v-2zM4 16h2v2H4v-2zm16 0H8v2h12v-2z\" fill=\"currentColor\"><\/path><\/svg><svg style=\"fill: #999;color:#999\" class=\"arrow-unsorted-368013\" xmlns=\"http:\/\/www.w3.org\/2000\/svg\" width=\"10px\" height=\"10px\" viewBox=\"0 0 24 24\" version=\"1.2\" baseProfile=\"tiny\"><path d=\"M18.2 9.3l-6.2-6.3-6.2 6.3c-.2.2-.3.4-.3.7s.1.5.3.7c.2.2.4.3.7.3h11c.3 0 .5-.1.7-.3.2-.2.3-.5.3-.7s-.1-.5-.3-.7zM5.8 14.7l6.2 6.3 6.2-6.3c.2-.2.3-.5.3-.7s-.1-.5-.3-.7c-.2-.2-.4-.3-.7-.3h-11c-.3 0-.5.1-.7.3-.2.2-.3.5-.3.7s.1.5.3.7z\"\/><\/svg><\/span><\/span><\/span><\/a><\/span><\/div>\n<nav><ul class='ez-toc-list ez-toc-list-level-1 ' ><li class='ez-toc-page-1 ez-toc-heading-level-2'><a class=\"ez-toc-link ez-toc-heading-1\" href=\"https:\/\/flashmode.tn\/magazine\/quand-planter-les-tomates-apres-les-saints-de-glace\/#Quelle_culture_apres_les_tomates\" >Quelle culture apr\u00e8s les tomates ?<\/a><\/li><li class='ez-toc-page-1 ez-toc-heading-level-2'><a class=\"ez-toc-link ez-toc-heading-2\" href=\"https:\/\/flashmode.tn\/magazine\/quand-planter-les-tomates-apres-les-saints-de-glace\/#Comment_savoir_si_il_va_geler\" >Comment savoir si il va geler ?<\/a><\/li><li class='ez-toc-page-1 ez-toc-heading-level-2'><a class=\"ez-toc-link ez-toc-heading-3\" href=\"https:\/\/flashmode.tn\/magazine\/quand-planter-les-tomates-apres-les-saints-de-glace\/#Quel_est_le_dicton_des_Saints_de_glace\" >Quel est le dicton des Saints de glace ?<\/a><\/li><li class='ez-toc-page-1 ez-toc-heading-level-2'><a class=\"ez-toc-link ez-toc-heading-4\" href=\"https:\/\/flashmode.tn\/magazine\/quand-planter-les-tomates-apres-les-saints-de-glace\/#Quelle_est_lorigine_des_Saints_de_glace\" >Quelle est l&rsquo;origine des Saints de glace ?<\/a><\/li><li class='ez-toc-page-1 ez-toc-heading-level-2'><a class=\"ez-toc-link ez-toc-heading-5\" href=\"https:\/\/flashmode.tn\/magazine\/quand-planter-les-tomates-apres-les-saints-de-glace\/#Quels_sont_les_Saints_de_glace_au_mois_de_mai\" >Quels sont les Saints de glace au mois de mai ?<\/a><\/li><li class='ez-toc-page-1 ez-toc-heading-level-2'><a class=\"ez-toc-link ez-toc-heading-6\" href=\"https:\/\/flashmode.tn\/magazine\/quand-planter-les-tomates-apres-les-saints-de-glace\/#Pourquoi_ne_pas_planter_quand_il_gele\" >Pourquoi ne pas planter quand il g\u00e8le ?<\/a><\/li><li class='ez-toc-page-1 ez-toc-heading-level-2'><a class=\"ez-toc-link ez-toc-heading-7\" href=\"https:\/\/flashmode.tn\/magazine\/quand-planter-les-tomates-apres-les-saints-de-glace\/#Quand_planter_les_plants_de_tomates_en_pleine_terre\" >Quand planter les plants de tomates en pleine terre ?<\/a><\/li><li class='ez-toc-page-1 ez-toc-heading-level-2'><a class=\"ez-toc-link ez-toc-heading-8\" href=\"https:\/\/flashmode.tn\/magazine\/quand-planter-les-tomates-apres-les-saints-de-glace\/#Quel_engrais_vert_apres_les_tomates\" >Quel engrais vert apr\u00e8s les tomates ?<\/a><\/li><li class='ez-toc-page-1 ez-toc-heading-level-2'><a class=\"ez-toc-link ez-toc-heading-9\" href=\"https:\/\/flashmode.tn\/magazine\/quand-planter-les-tomates-apres-les-saints-de-glace\/#Quel_legume_planter_apres_le_mildiou\" >Quel l\u00e9gume planter apr\u00e8s le mildiou ?<\/a><\/li><li class='ez-toc-page-1 ez-toc-heading-level-2'><a class=\"ez-toc-link ez-toc-heading-10\" href=\"https:\/\/flashmode.tn\/magazine\/quand-planter-les-tomates-apres-les-saints-de-glace\/#Quel_legume_planter_apres_les_echalotes\" >Quel l\u00e9gume planter apr\u00e8s les \u00e9chalotes ?<\/a><\/li><li class='ez-toc-page-1 ez-toc-heading-level-2'><a class=\"ez-toc-link ez-toc-heading-11\" href=\"https:\/\/flashmode.tn\/magazine\/quand-planter-les-tomates-apres-les-saints-de-glace\/#Quelle_temperature_il_gele\" >Quelle temp\u00e9rature il g\u00e8le ?<\/a><\/li><li class='ez-toc-page-1 ez-toc-heading-level-2'><a class=\"ez-toc-link ez-toc-heading-12\" href=\"https:\/\/flashmode.tn\/magazine\/quand-planter-les-tomates-apres-les-saints-de-glace\/#Comment_savoir_si_lhiver_sera_rude\" >Comment savoir si lhiver sera rude ?<\/a><\/li><li class='ez-toc-page-1 ez-toc-heading-level-2'><a class=\"ez-toc-link ez-toc-heading-13\" href=\"https:\/\/flashmode.tn\/magazine\/quand-planter-les-tomates-apres-les-saints-de-glace\/#Pourquoi_il_gele_le_matin\" >Pourquoi il g\u00e8le le matin ?<\/a><\/li><li class='ez-toc-page-1 ez-toc-heading-level-2'><a class=\"ez-toc-link ez-toc-heading-14\" href=\"https:\/\/flashmode.tn\/magazine\/quand-planter-les-tomates-apres-les-saints-de-glace\/#Quel_est_le_dicton_du_jour\" >Quel est le dicton du jour ?<\/a><\/li><li class='ez-toc-page-1 ez-toc-heading-level-2'><a class=\"ez-toc-link ez-toc-heading-15\" href=\"https:\/\/flashmode.tn\/magazine\/quand-planter-les-tomates-apres-les-saints-de-glace\/#Qui_sont_les_saint_de_glace_2021\" >Qui sont les saint de glace 2021 ?<\/a><\/li><li class='ez-toc-page-1 ez-toc-heading-level-2'><a class=\"ez-toc-link ez-toc-heading-16\" href=\"https:\/\/flashmode.tn\/magazine\/quand-planter-les-tomates-apres-les-saints-de-glace\/#Qui_sont_les_saints_de_glace_2020\" >Qui sont les saints de glace 2020 ?<\/a><\/li><li class='ez-toc-page-1 ez-toc-heading-level-2'><a class=\"ez-toc-link ez-toc-heading-17\" href=\"https:\/\/flashmode.tn\/magazine\/quand-planter-les-tomates-apres-les-saints-de-glace\/#Quand_les_St_glace_2021\" >Quand les St glace 2021 ?<\/a><\/li><li class='ez-toc-page-1 ez-toc-heading-level-2'><a class=\"ez-toc-link ez-toc-heading-18\" href=\"https:\/\/flashmode.tn\/magazine\/quand-planter-les-tomates-apres-les-saints-de-glace\/#Comment_soigner_une_plante_qui_a_gele\" >Comment soigner une plante qui a gel\u00e9 ?<\/a><\/li><li class='ez-toc-page-1 ez-toc-heading-level-2'><a class=\"ez-toc-link ez-toc-heading-19\" href=\"https:\/\/flashmode.tn\/magazine\/quand-planter-les-tomates-apres-les-saints-de-glace\/#Quand_couvrir_jardin\" >Quand couvrir jardin ?<\/a><\/li><li class='ez-toc-page-1 ez-toc-heading-level-2'><a class=\"ez-toc-link ez-toc-heading-20\" href=\"https:\/\/flashmode.tn\/magazine\/quand-planter-les-tomates-apres-les-saints-de-glace\/#Pourquoi_arroser_en_cas_de_gel\" >Pourquoi arroser en cas de gel ?<\/a><\/li><\/ul><\/nav><\/div>\n<h2><span class=\"ez-toc-section\" id=\"Quelle_culture_apres_les_tomates\"><\/span>Quelle culture apr\u00e8s les tomates ?<span class=\"ez-toc-section-end\"><\/span><\/h2>\n<p>Que semer ou planter <b>apr\u00e8s<\/b> la <b>tomate<\/b> ? Semer des l\u00e9gumes graines comme les pois, les f\u00e8ves ou les haricots qui reconstituent les ressources en azote du sol. La parcelle peut aussi \u00eatre laiss\u00e9e en jach\u00e8re pour permettre au sol de se reconstituer.<\/p>\n<h2><span class=\"ez-toc-section\" id=\"Comment_savoir_si_il_va_geler\"><\/span><strong>Comment savoir si il va geler ?<\/strong><span class=\"ez-toc-section-end\"><\/span><\/h2>\n<p>Lorsque le point de saturation est sup\u00e9rieur au point de cong\u00e9lation de l&rsquo;eau (0 \u00b0C), la ros\u00e9e se forme. S&rsquo;<b>il<\/b> se situe au-dessous du point de cong\u00e9lation, c&rsquo;est du givre ou de la gel\u00e9e blanche qui appara\u00eet.<\/p>\n<h2><span class=\"ez-toc-section\" id=\"Quel_est_le_dicton_des_Saints_de_glace\"><\/span><strong>Quel est le dicton des Saints de glace ?<\/strong><span class=\"ez-toc-section-end\"><\/span><\/h2>\n<p>\u00ab\u00a0Saint Servais, Saint Pancrace et Saint Mamert font \u00e0 eux trois un petit hiver\u00a0\u00bb, dit le <b>dicton<\/b>. Les <b>Saints de glace<\/b>, qui s&rsquo;\u00e9talent chaque ann\u00e9e du 11 au 13 mai, apporteraient avec eux le froid, la gel\u00e9e et les ultimes sursauts de l&rsquo;hiver, selon la croyance populaire.<\/p>\n<h2><span class=\"ez-toc-section\" id=\"Quelle_est_lorigine_des_Saints_de_glace\"><\/span><strong>Quelle est l&rsquo;origine des Saints de glace ?<\/strong><span class=\"ez-toc-section-end\"><\/span><\/h2>\n<p><b>Origine des Saints de glace<\/b><\/p>\n<p> C&rsquo;<b>est<\/b> au cours du Haut Moyen-\u00c2ge (d\u00e8s l&rsquo;an 476) que des constatations climatiques <b>sont<\/b> relev\u00e9es en Europe, notamment par les agriculteurs. Ils \u00e9taient contrari\u00e9s chaque ann\u00e9e \u00e0 la m\u00eame \u00e9poque par le subit retour d&rsquo;une p\u00e9riode de gel matinal parfois rude, n\u00e9faste aux cultures.<\/p>\n<h2><span class=\"ez-toc-section\" id=\"Quels_sont_les_Saints_de_glace_au_mois_de_mai\"><\/span><strong>Quels sont les Saints de glace au mois de mai ?<\/strong><span class=\"ez-toc-section-end\"><\/span><\/h2>\n<p><b>  <b>   Saints de Glace  <\/b>  : \u00e0  <b>   quelles  <\/b>  dates au juste ? <\/b> <\/p>\n<ul>\n<li>   <b>    Saint   <\/b>   Mamert, le 11   <b>    mai   <\/b>   ,  <\/li>\n<li>   <b>    Saint   <\/b>   Pancrace, le 12   <b>    mai   <\/b>   ,  <\/li>\n<li>   <b>    Saint   <\/b>   Servais, le 13   <b>    mai   <\/b>   .  <\/li>\n<\/ul>\n<h2><span class=\"ez-toc-section\" id=\"Pourquoi_ne_pas_planter_quand_il_gele\"><\/span><strong>Pourquoi ne pas planter quand il g\u00e8le ?<\/strong><span class=\"ez-toc-section-end\"><\/span><\/h2>\n<p><b>Il<\/b> en r\u00e9sulte une contrainte : les v\u00e9g\u00e9taux doivent \u00eatre rapidement plant\u00e9s, pour \u00e9viter le dess\u00e8chement des racines. Un jour sans <b>gel<\/b> pendant les gel\u00e9es ? Les plantations doivent se faire dans des p\u00e9riodes hors <b>gel<\/b>. <b>Il ne<\/b> suffit <b>pas<\/b> que le mercure soit au-dessus de z\u00e9ro JUSTE le jour de la <b>plantation<\/b> !<\/p>\n<h2><span class=\"ez-toc-section\" id=\"Quand_planter_les_plants_de_tomates_en_pleine_terre\"><\/span><strong>Quand planter les plants de tomates en pleine terre ?<\/strong><span class=\"ez-toc-section-end\"><\/span><\/h2>\n<p>Dans le nord, attendre d\u00e9but-mai pour <b>planter<\/b> les <b>tomates<\/b> les plus pr\u00e9coces. Dans le Sud, pour les jardiniers disposant d&rsquo;abris, il est possible d&rsquo;installer les <b>tomates<\/b> d\u00e8s la fin-avril. Attendre 2 semaines de plus pour achever l&rsquo;essentiel de la <b>plantation<\/b> avec les <b>tomates<\/b> de mi-saison et tardives.<\/p>\n<h2><span class=\"ez-toc-section\" id=\"Quel_engrais_vert_apres_les_tomates\"><\/span><strong>Quel engrais vert apr\u00e8s les tomates ?<\/strong><span class=\"ez-toc-section-end\"><\/span><\/h2>\n<p>Occupez la parcelle avec un <b>engrais vert<\/b> (\u00e9pinard, seigle) en attendant de reprendre la rotation au printemps. Dispersez les graines \u00e0 la vol\u00e9e, recouvrez-les \u00e0 peine de terre et arrosez en pluie fine. Vous enfouirez les plantes au printemps <b>apr\u00e8s<\/b> un broyage.<\/p>\n<h2><span class=\"ez-toc-section\" id=\"Quel_legume_planter_apres_le_mildiou\"><\/span><strong>Quel l\u00e9gume planter apr\u00e8s le mildiou ?<\/strong><span class=\"ez-toc-section-end\"><\/span><\/h2>\n<p>La pr\u00e9paration du sol pour de nouvelles plantations<\/p>\n<p> Ecartez \u00e9galement les cultures de pommes de terre, d&rsquo;aubergines, de poivrons ou encore de vigne, toutes aussi sensibles au <b>mildiou<\/b>. Respectez une rotation des cultures d&rsquo;au moins 3 ans et, en attendant, mettez en terre salades, courgettes, haricots nains, etc.<\/p>\n<h2><span class=\"ez-toc-section\" id=\"Quel_legume_planter_apres_les_echalotes\"><\/span><strong>Quel l\u00e9gume planter apr\u00e8s les \u00e9chalotes ?<\/strong><span class=\"ez-toc-section-end\"><\/span><\/h2>\n<p>Rotation des cultures &#8211; Les gourmands laissent place nette &#8211; <b>Apr\u00e8s<\/b> les oignons, ails et <b>\u00e9chalotes<\/b>, installer des laitues, du persil ou du cerfeuil. Septembre. La r\u00e9colte des vari\u00e9t\u00e9s d&rsquo;Alliac\u00e9es de conservation hivernale est termin\u00e9e. Ils ont lib\u00e9r\u00e9 de l&rsquo;espace au potager pour d&rsquo;autres <b>l\u00e9gumes<\/b>.<\/p>\n<h2><span class=\"ez-toc-section\" id=\"Quelle_temperature_il_gele\"><\/span><strong>Quelle temp\u00e9rature il g\u00e8le ?<\/strong><span class=\"ez-toc-section-end\"><\/span><\/h2>\n<p>A <b>quelle temp\u00e9rature g\u00e8le<\/b> l&rsquo;eau ? Pas toujours \u00e0 0 \u00b0C, pas m\u00eame forc\u00e9ment \u00e0 \u201340 \u00b0C : <b>il<\/b> faut parvenir \u00e0 \u201348 \u00b0C pour \u00eatre s\u00fbr de transformer l&rsquo;eau en glace.<\/p>\n<h2><span class=\"ez-toc-section\" id=\"Comment_savoir_si_lhiver_sera_rude\"><\/span><strong>Comment savoir si lhiver sera rude ?<\/strong><span class=\"ez-toc-section-end\"><\/span><\/h2>\n<p><b>  10 signes qui annoncent que  <b>   l&rsquo;hiver sera  <\/b>  blanc <\/b> <\/p>\n<ul>\n<li>   Quand les Gentianes sont hautes   &#8230;  <\/li>\n<li>   Quand les gu\u00eapes abondent en \u00e9t\u00e9   &#8230;  <\/li>\n<li>   Quand les pies, rouge-gorges et souris se r\u00e9fugient dans les granges   &#8230;  <\/li>\n<li>   Quand les oignons ont beaucoup de pelures    &#8230;  <\/li>\n<li>   Quand les sorbiers, pruniers, noyers et noisetiers sont g\u00e9n\u00e9reux    <\/li>\n<\/ul>\n<h2><span class=\"ez-toc-section\" id=\"Pourquoi_il_gele_le_matin\"><\/span><strong>Pourquoi il g\u00e8le le matin ?<\/strong><span class=\"ez-toc-section-end\"><\/span><\/h2>\n<p>La nuit, <b>il<\/b> n&rsquo;y a pas de compensation, donc la terre se refroidit. &#8230; Ainsi, plusieurs \u00e9l\u00e9ments concomitants expliquent le froid matinal : la masse d&rsquo;air frais, le ciel d\u00e9gag\u00e9 de la nuit, l&rsquo;absence de vent qui favorisent le rayonnement nocturne.<\/p>\n<h2><span class=\"ez-toc-section\" id=\"Quel_est_le_dicton_du_jour\"><\/span><strong>Quel est le dicton du jour ?<\/strong><span class=\"ez-toc-section-end\"><\/span><\/h2>\n<p>Fais que chaque <b>jour<\/b> soit plus beau que celui de la veille. Chaque <b>jour<\/b> \u00e0 son tour doit produire son miel. Du <b>jour<\/b> nouveau n&rsquo;oublie pas celui de la veille. Fais de nuit nuit et de <b>jour jour<\/b>, et tu vivras sans douleur.<\/p>\n<h2><span class=\"ez-toc-section\" id=\"Qui_sont_les_saint_de_glace_2021\"><\/span><strong>Qui sont les saint de glace 2021 ?<\/strong><span class=\"ez-toc-section-end\"><\/span><\/h2>\n<p>Les <b>Saints de Glace<\/b> correspondent aux dates du 11, 12 et 13 mai avec <b>saint<\/b> Mamert, <b>saint<\/b> Pancrace et <b>saint<\/b> Servais. Ils <b>sont<\/b> particuli\u00e8rement redout\u00e9s par les jardiniers car des gel\u00e9es tardives <b>sont<\/b> encore possibles \u00e0 cette p\u00e9riode de l&rsquo;ann\u00e9e.<\/p>\n<h2><span class=\"ez-toc-section\" id=\"Qui_sont_les_saints_de_glace_2020\"><\/span><strong>Qui sont les saints de glace 2020 ?<\/strong><span class=\"ez-toc-section-end\"><\/span><\/h2>\n<p>En <b>2020<\/b>, les <b>saints de glace sont<\/b> pr\u00e9vus le lundi 11, mardi 12 et mercredi 13 mai.<\/p>\n<h2><span class=\"ez-toc-section\" id=\"Quand_les_St_glace_2021\"><\/span><strong>Quand les St glace 2021 ?<\/strong><span class=\"ez-toc-section-end\"><\/span><\/h2>\n<p>Date des <b>Saints<\/b> de <b>glace 2021<\/b><\/p>\n<p> Il s&rsquo;agit du 11, 12, et 13 mai. \u00c0 chacun de ces <b>Saints<\/b> son dicton, qui peut s&rsquo;av\u00e9rer d&rsquo;une aide pr\u00e9cieuse pour les jardiniers. Ainsi le 11 mai, a-t-on coutume d&rsquo;entendre :\u00ab Le premier <b>saint<\/b> de <b>glace<\/b> souvent, tu en gardes la trace \u00bb.<\/p>\n<h2><span class=\"ez-toc-section\" id=\"Comment_soigner_une_plante_qui_a_gele\"><\/span><strong>Comment soigner une plante qui a gel\u00e9 ?<\/strong><span class=\"ez-toc-section-end\"><\/span><\/h2>\n<p>Coupez sans attendre toutes les branches br\u00fbl\u00e9es avec un s\u00e9cateur d\u00e9sinfect\u00e9 en ne conservant <b>que<\/b> celles <b>qui<\/b> sont intactes, s&rsquo;il y en a, ou au plus pr\u00e8s du sol si toute la partie a\u00e9rienne est <b>gel\u00e9e<\/b>. Vous aurez ainsi plus de chances de sauver les racines. Stockez ensuite votre <b>plante<\/b> dans un endroit bien abrit\u00e9.<\/p>\n<h2><span class=\"ez-toc-section\" id=\"Quand_couvrir_jardin\"><\/span><strong>Quand couvrir jardin ?<\/strong><span class=\"ez-toc-section-end\"><\/span><\/h2>\n<p>En terre: Les fleurs et plantes annuelles peuvent \u00eatre plant\u00e9es en terre d\u00e8s la fin des risques de gel soit vers le d\u00e9but de juin, certaines personnes prennent une chance et plantent vers le 20-25 mai lorsqu&rsquo;ils voient qu&rsquo;il n&rsquo;y a pas de risque de gel annonc\u00e9 dans la m\u00e9t\u00e9o 14 jours.<\/p>\n<h2><span class=\"ez-toc-section\" id=\"Pourquoi_arroser_en_cas_de_gel\"><\/span><strong>Pourquoi arroser en cas de gel ?<\/strong><span class=\"ez-toc-section-end\"><\/span><\/h2>\n<p>L&rsquo;aspersion d&rsquo;eau. La vaporisation d&rsquo;eau, \u00e0 raison d&rsquo;un tr\u00e8s faible d\u00e9bit, peut emp\u00eacher les d\u00e9g\u00e2ts du <b>gel<\/b> gr\u00e2ce \u00e0 la chaleur lib\u00e9r\u00e9e par les gouttelettes en refroidissant et en gelant.<\/p>\n<h2><strong><\/strong><\/h2>\n<hr \/>\n<p><em>Editeurs: 18 &#8211; R\u00e9f\u00e9rences: 28 articles<\/em><\/p>\n<p><em>N\u2019oubliez pas de partager l\u2019article !<\/em><\/p>\n","protected":false},"excerpt":{"rendered":"<p>Apr\u00e8s les Saints de Glace (11-12-13 mai), on estime qu&rsquo;il n&rsquo;y a plus de gel\u00e9es nocturnes \u00e0 craindre. On peut d\u00e8s maintenant tout semer et repiquer. De plus, Quand la fin des gel\u00e9es ? Puis s&rsquo;ensuivent les saints de glace. Ils marquent la derni\u00e8re p\u00e9riode o\u00f9, selon une croyance populaire remontant au Moyen-\u00c2ge, la baisse [&hellip;]<\/p>\n","protected":false},"author":6,"featured_media":0,"comment_status":"open","ping_status":"open","sticky":false,"template":"","format":"standard","meta":{"tdm_status":"","tdm_grid_status":"","_jetpack_memberships_contains_paid_content":false,"footnotes":"","jetpack_publicize_message":"","jetpack_publicize_feature_enabled":true,"jetpack_social_post_already_shared":true,"jetpack_social_options":{"image_generator_settings":{"template":"highway","default_image_id":0,"font":"","enabled":false},"version":2}},"categories":[3457],"tags":[],"class_list":["post-41855","post","type-post","status-publish","format-standard","hentry","category-maison"],"yoast_head":"<!-- This site is optimized with the Yoast SEO Premium plugin v25.0 (Yoast SEO v25.0) - https:\/\/yoast.com\/wordpress\/plugins\/seo\/ -->\n<title>Quand planter les tomates apr\u00e8s les saints de glace ?<\/title>\n<meta name=\"description\" content=\"Apr\u00e8s les Saints de Glace (11-12-13 mai), on estime qu&#039;il n&#039;y a plus de gel\u00e9es nocturnes \u00e0 craindre. On peut d\u00e8s maintenant tout semer et repiquer. De\" \/>\n<meta name=\"robots\" content=\"index, follow, max-snippet:-1, max-image-preview:large, max-video-preview:-1\" \/>\n<link rel=\"canonical\" href=\"https:\/\/flashmode.tn\/magazine\/quand-planter-les-tomates-apres-les-saints-de-glace\/\" \/>\n<meta property=\"og:locale\" content=\"fr_FR\" \/>\n<meta property=\"og:type\" content=\"article\" \/>\n<meta property=\"og:title\" content=\"Quand planter les tomates apr\u00e8s les saints de glace ? - Flashmode Magazine | Magazine de mode et style de vie Num\u00e9ro un en Tunisie et au Maghreb\" \/>\n<meta property=\"og:description\" content=\"Apr\u00e8s les Saints de Glace (11-12-13 mai), on estime qu&#039;il n&#039;y a plus de gel\u00e9es nocturnes \u00e0 craindre. On peut d\u00e8s maintenant tout semer et repiquer. De\" \/>\n<meta property=\"og:url\" content=\"https:\/\/flashmode.tn\/magazine\/quand-planter-les-tomates-apres-les-saints-de-glace\/\" \/>\n<meta property=\"og:site_name\" content=\"Flashmode Magazine | Magazine de mode et style de vie Num\u00e9ro un en Tunisie et au Maghreb\" \/>\n<meta property=\"article:publisher\" content=\"https:\/\/www.facebook.com\/flashmode.magazine\/\" \/>\n<meta property=\"article:published_time\" content=\"2021-10-22T02:00:31+00:00\" \/>\n<meta name=\"author\" content=\"EventsEditors\" \/>\n<meta name=\"twitter:card\" content=\"summary_large_image\" \/>\n<meta name=\"twitter:creator\" content=\"@agenceflashmode\" \/>\n<meta name=\"twitter:site\" content=\"@agenceflashmode\" \/>\n<meta name=\"twitter:label1\" content=\"\u00c9crit par\" \/>\n\t<meta name=\"twitter:data1\" content=\"EventsEditors\" \/>\n\t<meta name=\"twitter:label2\" content=\"Dur\u00e9e de lecture estim\u00e9e\" \/>\n\t<meta name=\"twitter:data2\" content=\"6 minutes\" \/>\n<script type=\"application\/ld+json\" class=\"yoast-schema-graph\">{\"@context\":\"https:\/\/schema.org\",\"@graph\":[{\"@type\":\"WebPage\",\"@id\":\"https:\/\/flashmode.tn\/magazine\/quand-planter-les-tomates-apres-les-saints-de-glace\/\",\"url\":\"https:\/\/flashmode.tn\/magazine\/quand-planter-les-tomates-apres-les-saints-de-glace\/\",\"name\":\"Quand planter les tomates apr\u00e8s les saints de glace ?\",\"isPartOf\":{\"@id\":\"https:\/\/flashmode.tn\/magazine\/#website\"},\"datePublished\":\"2021-10-22T02:00:31+00:00\",\"author\":{\"@id\":\"https:\/\/flashmode.tn\/magazine\/#\/schema\/person\/257d6780605b915a5e352977f0f6f41c\"},\"description\":\"Apr\u00e8s les Saints de Glace (11-12-13 mai), on estime qu'il n'y a plus de gel\u00e9es nocturnes \u00e0 craindre. On peut d\u00e8s maintenant tout semer et repiquer. De\",\"breadcrumb\":{\"@id\":\"https:\/\/flashmode.tn\/magazine\/quand-planter-les-tomates-apres-les-saints-de-glace\/#breadcrumb\"},\"inLanguage\":\"fr-FR\",\"potentialAction\":[{\"@type\":\"ReadAction\",\"target\":[\"https:\/\/flashmode.tn\/magazine\/quand-planter-les-tomates-apres-les-saints-de-glace\/\"]}]},{\"@type\":\"BreadcrumbList\",\"@id\":\"https:\/\/flashmode.tn\/magazine\/quand-planter-les-tomates-apres-les-saints-de-glace\/#breadcrumb\",\"itemListElement\":[{\"@type\":\"ListItem\",\"position\":1,\"name\":\"Accueil\",\"item\":\"https:\/\/flashmode.tn\/magazine\/\"},{\"@type\":\"ListItem\",\"position\":2,\"name\":\"Quand planter les tomates apr\u00e8s les saints de glace ?\"}]},{\"@type\":\"WebSite\",\"@id\":\"https:\/\/flashmode.tn\/magazine\/#website\",\"url\":\"https:\/\/flashmode.tn\/magazine\/\",\"name\":\"Flashmode Magazine | Magazine de mode et style de vie Num\u00e9ro un en Tunisie et au Maghreb\",\"description\":\"Magazine de mode et style de vie Num\u00e9ro un en Tunisie et au Maghreb, cr\u00e9\u00e9 pour les hommes et les femmes : conseils beaut\u00e9, mode femme, mode homme, recettes de cuisine, c\u00e9l\u00e9brit\u00e9s et people, mannequins et top modeles\",\"potentialAction\":[{\"@type\":\"SearchAction\",\"target\":{\"@type\":\"EntryPoint\",\"urlTemplate\":\"https:\/\/flashmode.tn\/magazine\/?s={search_term_string}\"},\"query-input\":{\"@type\":\"PropertyValueSpecification\",\"valueRequired\":true,\"valueName\":\"search_term_string\"}}],\"inLanguage\":\"fr-FR\"},{\"@type\":\"Person\",\"@id\":\"https:\/\/flashmode.tn\/magazine\/#\/schema\/person\/257d6780605b915a5e352977f0f6f41c\",\"name\":\"EventsEditors\",\"image\":{\"@type\":\"ImageObject\",\"inLanguage\":\"fr-FR\",\"@id\":\"https:\/\/flashmode.tn\/magazine\/#\/schema\/person\/image\/\",\"url\":\"https:\/\/secure.gravatar.com\/avatar\/e2daedf958f66be37c9a79abe56184d85cd1baa6bba0dd8017e3f7d01555232f?s=96&d=mm&r=g\",\"contentUrl\":\"https:\/\/secure.gravatar.com\/avatar\/e2daedf958f66be37c9a79abe56184d85cd1baa6bba0dd8017e3f7d01555232f?s=96&d=mm&r=g\",\"caption\":\"EventsEditors\"},\"url\":\"https:\/\/flashmode.tn\/magazine\/author\/eventseditors\/\"}]}<\/script>\n<!-- \/ Yoast SEO Premium plugin. -->","yoast_head_json":{"title":"Quand planter les tomates apr\u00e8s les saints de glace ?","description":"Apr\u00e8s les Saints de Glace (11-12-13 mai), on estime qu'il n'y a plus de gel\u00e9es nocturnes \u00e0 craindre. On peut d\u00e8s maintenant tout semer et repiquer. De","robots":{"index":"index","follow":"follow","max-snippet":"max-snippet:-1","max-image-preview":"max-image-preview:large","max-video-preview":"max-video-preview:-1"},"canonical":"https:\/\/flashmode.tn\/magazine\/quand-planter-les-tomates-apres-les-saints-de-glace\/","og_locale":"fr_FR","og_type":"article","og_title":"Quand planter les tomates apr\u00e8s les saints de glace ? - Flashmode Magazine | Magazine de mode et style de vie Num\u00e9ro un en Tunisie et au Maghreb","og_description":"Apr\u00e8s les Saints de Glace (11-12-13 mai), on estime qu'il n'y a plus de gel\u00e9es nocturnes \u00e0 craindre. On peut d\u00e8s maintenant tout semer et repiquer. De","og_url":"https:\/\/flashmode.tn\/magazine\/quand-planter-les-tomates-apres-les-saints-de-glace\/","og_site_name":"Flashmode Magazine | Magazine de mode et style de vie Num\u00e9ro un en Tunisie et au Maghreb","article_publisher":"https:\/\/www.facebook.com\/flashmode.magazine\/","article_published_time":"2021-10-22T02:00:31+00:00","author":"EventsEditors","twitter_card":"summary_large_image","twitter_creator":"@agenceflashmode","twitter_site":"@agenceflashmode","twitter_misc":{"\u00c9crit par":"EventsEditors","Dur\u00e9e de lecture estim\u00e9e":"6 minutes"},"schema":{"@context":"https:\/\/schema.org","@graph":[{"@type":"WebPage","@id":"https:\/\/flashmode.tn\/magazine\/quand-planter-les-tomates-apres-les-saints-de-glace\/","url":"https:\/\/flashmode.tn\/magazine\/quand-planter-les-tomates-apres-les-saints-de-glace\/","name":"Quand planter les tomates apr\u00e8s les saints de glace ?","isPartOf":{"@id":"https:\/\/flashmode.tn\/magazine\/#website"},"datePublished":"2021-10-22T02:00:31+00:00","author":{"@id":"https:\/\/flashmode.tn\/magazine\/#\/schema\/person\/257d6780605b915a5e352977f0f6f41c"},"description":"Apr\u00e8s les Saints de Glace (11-12-13 mai), on estime qu'il n'y a plus de gel\u00e9es nocturnes \u00e0 craindre. On peut d\u00e8s maintenant tout semer et repiquer. De","breadcrumb":{"@id":"https:\/\/flashmode.tn\/magazine\/quand-planter-les-tomates-apres-les-saints-de-glace\/#breadcrumb"},"inLanguage":"fr-FR","potentialAction":[{"@type":"ReadAction","target":["https:\/\/flashmode.tn\/magazine\/quand-planter-les-tomates-apres-les-saints-de-glace\/"]}]},{"@type":"BreadcrumbList","@id":"https:\/\/flashmode.tn\/magazine\/quand-planter-les-tomates-apres-les-saints-de-glace\/#breadcrumb","itemListElement":[{"@type":"ListItem","position":1,"name":"Accueil","item":"https:\/\/flashmode.tn\/magazine\/"},{"@type":"ListItem","position":2,"name":"Quand planter les tomates apr\u00e8s les saints de glace ?"}]},{"@type":"WebSite","@id":"https:\/\/flashmode.tn\/magazine\/#website","url":"https:\/\/flashmode.tn\/magazine\/","name":"Flashmode Magazine | Magazine de mode et style de vie Num\u00e9ro un en Tunisie et au Maghreb","description":"Magazine de mode et style de vie Num\u00e9ro un en Tunisie et au Maghreb, cr\u00e9\u00e9 pour les hommes et les femmes : conseils beaut\u00e9, mode femme, mode homme, recettes de cuisine, c\u00e9l\u00e9brit\u00e9s et people, mannequins et top modeles","potentialAction":[{"@type":"SearchAction","target":{"@type":"EntryPoint","urlTemplate":"https:\/\/flashmode.tn\/magazine\/?s={search_term_string}"},"query-input":{"@type":"PropertyValueSpecification","valueRequired":true,"valueName":"search_term_string"}}],"inLanguage":"fr-FR"},{"@type":"Person","@id":"https:\/\/flashmode.tn\/magazine\/#\/schema\/person\/257d6780605b915a5e352977f0f6f41c","name":"EventsEditors","image":{"@type":"ImageObject","inLanguage":"fr-FR","@id":"https:\/\/flashmode.tn\/magazine\/#\/schema\/person\/image\/","url":"https:\/\/secure.gravatar.com\/avatar\/e2daedf958f66be37c9a79abe56184d85cd1baa6bba0dd8017e3f7d01555232f?s=96&d=mm&r=g","contentUrl":"https:\/\/secure.gravatar.com\/avatar\/e2daedf958f66be37c9a79abe56184d85cd1baa6bba0dd8017e3f7d01555232f?s=96&d=mm&r=g","caption":"EventsEditors"},"url":"https:\/\/flashmode.tn\/magazine\/author\/eventseditors\/"}]}},"jetpack_publicize_connections":[],"jetpack_featured_media_url":"","jetpack_shortlink":"https:\/\/wp.me\/p8BPGr-aT5","jetpack_sharing_enabled":true,"_links":{"self":[{"href":"https:\/\/flashmode.tn\/magazine\/wp-json\/wp\/v2\/posts\/41855","targetHints":{"allow":["GET"]}}],"collection":[{"href":"https:\/\/flashmode.tn\/magazine\/wp-json\/wp\/v2\/posts"}],"about":[{"href":"https:\/\/flashmode.tn\/magazine\/wp-json\/wp\/v2\/types\/post"}],"author":[{"embeddable":true,"href":"https:\/\/flashmode.tn\/magazine\/wp-json\/wp\/v2\/users\/6"}],"replies":[{"embeddable":true,"href":"https:\/\/flashmode.tn\/magazine\/wp-json\/wp\/v2\/comments?post=41855"}],"version-history":[{"count":0,"href":"https:\/\/flashmode.tn\/magazine\/wp-json\/wp\/v2\/posts\/41855\/revisions"}],"wp:attachment":[{"href":"https:\/\/flashmode.tn\/magazine\/wp-json\/wp\/v2\/media?parent=41855"}],"wp:term":[{"taxonomy":"category","embeddable":true,"href":"https:\/\/flashmode.tn\/magazine\/wp-json\/wp\/v2\/categories?post=41855"},{"taxonomy":"post_tag","embeddable":true,"href":"https:\/\/flashmode.tn\/magazine\/wp-json\/wp\/v2\/tags?post=41855"}],"curies":[{"name":"wp","href":"https:\/\/api.w.org\/{rel}","templated":true}]}}