{"id":43034,"date":"2021-12-13T03:05:38","date_gmt":"2021-12-13T02:05:38","guid":{"rendered":"https:\/\/flashmode.tn\/magazine\/?p=43034"},"modified":"2021-12-13T03:05:38","modified_gmt":"2021-12-13T02:05:38","slug":"quand-tailler-le-viburnum-lantana","status":"publish","type":"post","link":"https:\/\/flashmode.tn\/magazine\/quand-tailler-le-viburnum-lantana\/","title":{"rendered":"Quand tailler le Viburnum lantana ?"},"content":{"rendered":"<p>Il suffit dans un premier temps de supprimer les tiges les plus anciennes pour favoriser le renouvellement de celles-ci. Puis, dans un second remps, supprimer les fleurs fan\u00e9es. Intervenir apr\u00e8s la floraison. Pour les esp\u00e8ces \u00e0 floraison hivernale, intervenir en mars.<\/p>\n<p>De plus, Comment tailler Viburnum Bodnantense ?<\/p>\n<p>La <b>taille<\/b> se r\u00e9sume \u00e0 supprimer les branches mortes ou celles qui sont inesth\u00e9tiques pour la silhouette de l&rsquo;arbuste, cependant, si besoin, il est possible de <b>tailler<\/b> s\u00e9v\u00e8rement \u00e0 l&rsquo;issue de la floraison et non \u00e0 l&rsquo;automne car vous compromettriez la floraison qui se fait sur le bois d&rsquo;un an.<\/p>\n<p>Egalement O\u00f9 planter un Viburnum ?<\/p>\n<p><b>O\u00f9 planter<\/b> la viorne ? <b>Plante<\/b> des lisi\u00e8res de for\u00eat, la viorne appr\u00e9cie une exposition \u00e0 mi-ombre. Facile \u00e0 vivre, elle se plait aussi au soleil et \u00e0 l&rsquo;ombre, m\u00eame s&rsquo;il est pr\u00e9f\u00e9rable d&rsquo;\u00e9viter le soleil br\u00fblant et l&rsquo;ombre totale. La viorne n&rsquo;est pas non plus exigeante en ce qui concerne la nature du sol.<\/p>\n<p>Quand tailler le Viburnum Bodnantense ?<\/p>\n<p>Il n&rsquo;y a aucun entretien \u00e0 pr\u00e9voir. La Viorne de Bodnant est tr\u00e8s rustique et tol\u00e8re des temp\u00e9ratures hivernales de l&rsquo;ordre de -15\u00b0C. Vous pouvez effectuer une <b>taille<\/b> de mise en forme apr\u00e8s la floraison mais il est assez d\u00e9licat d&rsquo;obtenir un port harmonieux.<\/p>\n<div id=\"ez-toc-container\" class=\"ez-toc-v2_0_81 counter-hierarchy ez-toc-counter ez-toc-grey ez-toc-container-direction\">\n<div class=\"ez-toc-title-container\">\n<p class=\"ez-toc-title\" style=\"cursor:inherit\">Contenus de la page<\/p>\n<span class=\"ez-toc-title-toggle\"><a href=\"#\" class=\"ez-toc-pull-right ez-toc-btn ez-toc-btn-xs ez-toc-btn-default ez-toc-toggle\" aria-label=\"Toggle Table of Content\"><span class=\"ez-toc-js-icon-con\"><span class=\"\"><span class=\"eztoc-hide\" style=\"display:none;\">Toggle<\/span><span class=\"ez-toc-icon-toggle-span\"><svg style=\"fill: #999;color:#999\" xmlns=\"http:\/\/www.w3.org\/2000\/svg\" class=\"list-377408\" width=\"20px\" height=\"20px\" viewBox=\"0 0 24 24\" fill=\"none\"><path d=\"M6 6H4v2h2V6zm14 0H8v2h12V6zM4 11h2v2H4v-2zm16 0H8v2h12v-2zM4 16h2v2H4v-2zm16 0H8v2h12v-2z\" fill=\"currentColor\"><\/path><\/svg><svg style=\"fill: #999;color:#999\" class=\"arrow-unsorted-368013\" xmlns=\"http:\/\/www.w3.org\/2000\/svg\" width=\"10px\" height=\"10px\" viewBox=\"0 0 24 24\" version=\"1.2\" baseProfile=\"tiny\"><path d=\"M18.2 9.3l-6.2-6.3-6.2 6.3c-.2.2-.3.4-.3.7s.1.5.3.7c.2.2.4.3.7.3h11c.3 0 .5-.1.7-.3.2-.2.3-.5.3-.7s-.1-.5-.3-.7zM5.8 14.7l6.2 6.3 6.2-6.3c.2-.2.3-.5.3-.7s-.1-.5-.3-.7c-.2-.2-.4-.3-.7-.3h-11c-.3 0-.5.1-.7.3-.2.2-.3.5-.3.7s.1.5.3.7z\"\/><\/svg><\/span><\/span><\/span><\/a><\/span><\/div>\n<nav><ul class='ez-toc-list ez-toc-list-level-1 ' ><li class='ez-toc-page-1 ez-toc-heading-level-2'><a class=\"ez-toc-link ez-toc-heading-1\" href=\"https:\/\/flashmode.tn\/magazine\/quand-tailler-le-viburnum-lantana\/#Quand_tailler_les_Forcicias\" >Quand tailler les Forcicias ?<\/a><\/li><li class='ez-toc-page-1 ez-toc-heading-level-2'><a class=\"ez-toc-link ez-toc-heading-2\" href=\"https:\/\/flashmode.tn\/magazine\/quand-tailler-le-viburnum-lantana\/#Quand_tailler_le_viburnum_Bodnantense\" >Quand tailler le viburnum Bodnantense ?<\/a><\/li><li class='ez-toc-page-1 ez-toc-heading-level-2'><a class=\"ez-toc-link ez-toc-heading-3\" href=\"https:\/\/flashmode.tn\/magazine\/quand-tailler-le-viburnum-lantana\/#Quand_tailler_une_haie_de_laurier_tin\" >Quand tailler une haie de laurier tin ?<\/a><\/li><li class='ez-toc-page-1 ez-toc-heading-level-2'><a class=\"ez-toc-link ez-toc-heading-4\" href=\"https:\/\/flashmode.tn\/magazine\/quand-tailler-le-viburnum-lantana\/#Quelle_terre_pour_planter_un_Viburnum\" >Quelle terre pour planter un Viburnum ?<\/a><\/li><li class='ez-toc-page-1 ez-toc-heading-level-2'><a class=\"ez-toc-link ez-toc-heading-5\" href=\"https:\/\/flashmode.tn\/magazine\/quand-tailler-le-viburnum-lantana\/#Quand_planter_le_Viburnum\" >Quand planter le Viburnum ?<\/a><\/li><li class='ez-toc-page-1 ez-toc-heading-level-2'><a class=\"ez-toc-link ez-toc-heading-6\" href=\"https:\/\/flashmode.tn\/magazine\/quand-tailler-le-viburnum-lantana\/#Quel_arbre_dans_un_petit_jardin\" >Quel arbre dans un petit jardin ?<\/a><\/li><li class='ez-toc-page-1 ez-toc-heading-level-2'><a class=\"ez-toc-link ez-toc-heading-7\" href=\"https:\/\/flashmode.tn\/magazine\/quand-tailler-le-viburnum-lantana\/#Quand_tailler_les_cornus\" >Quand tailler les cornus ?<\/a><\/li><li class='ez-toc-page-1 ez-toc-heading-level-2'><a class=\"ez-toc-link ez-toc-heading-8\" href=\"https:\/\/flashmode.tn\/magazine\/quand-tailler-le-viburnum-lantana\/#Comment_tailler_arbuste_boule_de_neige\" >Comment tailler arbuste boule de neige ?<\/a><\/li><li class='ez-toc-page-1 ez-toc-heading-level-2'><a class=\"ez-toc-link ez-toc-heading-9\" href=\"https:\/\/flashmode.tn\/magazine\/quand-tailler-le-viburnum-lantana\/#Quand_tailler_les_forsythia_et_comment\" >Quand tailler les forsythia et comment ?<\/a><\/li><li class='ez-toc-page-1 ez-toc-heading-level-2'><a class=\"ez-toc-link ez-toc-heading-10\" href=\"https:\/\/flashmode.tn\/magazine\/quand-tailler-le-viburnum-lantana\/#Quand_tailler_ses_rosiers_pour_lhiver\" >Quand tailler ses rosiers pour l&rsquo;hiver ?<\/a><\/li><li class='ez-toc-page-1 ez-toc-heading-level-2'><a class=\"ez-toc-link ez-toc-heading-11\" href=\"https:\/\/flashmode.tn\/magazine\/quand-tailler-le-viburnum-lantana\/#Quand_et_comment_tailler_les_spirees\" >Quand et comment tailler les spir\u00e9es ?<\/a><\/li><li class='ez-toc-page-1 ez-toc-heading-level-2'><a class=\"ez-toc-link ez-toc-heading-12\" href=\"https:\/\/flashmode.tn\/magazine\/quand-tailler-le-viburnum-lantana\/#Quand_tailler_les_lilas\" >Quand tailler les lilas ?<\/a><\/li><li class='ez-toc-page-1 ez-toc-heading-level-2'><a class=\"ez-toc-link ez-toc-heading-13\" href=\"https:\/\/flashmode.tn\/magazine\/quand-tailler-le-viburnum-lantana\/#Quand_tailler_le_laurier_thym\" >Quand tailler le laurier thym ?<\/a><\/li><li class='ez-toc-page-1 ez-toc-heading-level-2'><a class=\"ez-toc-link ez-toc-heading-14\" href=\"https:\/\/flashmode.tn\/magazine\/quand-tailler-le-viburnum-lantana\/#Comment_couper_un_laurier_tin\" >Comment couper un laurier tin ?<\/a><\/li><li class='ez-toc-page-1 ez-toc-heading-level-2'><a class=\"ez-toc-link ez-toc-heading-15\" href=\"https:\/\/flashmode.tn\/magazine\/quand-tailler-le-viburnum-lantana\/#Comment_entretenir_un_laurier_tin\" >Comment entretenir un laurier tin ?<\/a><\/li><li class='ez-toc-page-1 ez-toc-heading-level-2'><a class=\"ez-toc-link ez-toc-heading-16\" href=\"https:\/\/flashmode.tn\/magazine\/quand-tailler-le-viburnum-lantana\/#Comment_planter_le_viorne_obier\" >Comment planter le viorne obier ?<\/a><\/li><li class='ez-toc-page-1 ez-toc-heading-level-2'><a class=\"ez-toc-link ez-toc-heading-17\" href=\"https:\/\/flashmode.tn\/magazine\/quand-tailler-le-viburnum-lantana\/#Quel_engrais_pour_Viburnum\" >Quel engrais pour Viburnum ?<\/a><\/li><li class='ez-toc-page-1 ez-toc-heading-level-2'><a class=\"ez-toc-link ez-toc-heading-18\" href=\"https:\/\/flashmode.tn\/magazine\/quand-tailler-le-viburnum-lantana\/#Quel_engrais_pour_viburnum\" >Quel engrais pour viburnum ?<\/a><\/li><li class='ez-toc-page-1 ez-toc-heading-level-2'><a class=\"ez-toc-link ez-toc-heading-19\" href=\"https:\/\/flashmode.tn\/magazine\/quand-tailler-le-viburnum-lantana\/#Quel_arbre_planter_pres_de_la_maison\" >Quel arbre planter pr\u00e8s de la maison ?<\/a><\/li><li class='ez-toc-page-1 ez-toc-heading-level-2'><a class=\"ez-toc-link ez-toc-heading-20\" href=\"https:\/\/flashmode.tn\/magazine\/quand-tailler-le-viburnum-lantana\/#Quel_arbre_planter_pres_des_canalisations\" >Quel arbre planter pr\u00e8s des canalisations ?<\/a><\/li><li class='ez-toc-page-1 ez-toc-heading-level-2'><a class=\"ez-toc-link ez-toc-heading-21\" href=\"https:\/\/flashmode.tn\/magazine\/quand-tailler-le-viburnum-lantana\/#Quel_arbre_ne_pas_planter_pres_dune_maison\" >Quel arbre ne pas planter pr\u00e8s d&rsquo;une maison ?<\/a><\/li><\/ul><\/nav><\/div>\n<h2><span class=\"ez-toc-section\" id=\"Quand_tailler_les_Forcicias\"><\/span>Quand tailler les Forcicias ?<span class=\"ez-toc-section-end\"><\/span><\/h2>\n<p>Ne taillez le forsythia qu&rsquo;apr\u00e8s sa floraison. Ainsi, op\u00e9rez la <b>taille<\/b> d&rsquo;en avril \u00e0 juin.<\/p>\n<h2><span class=\"ez-toc-section\" id=\"Quand_tailler_le_viburnum_Bodnantense\"><\/span><strong>Quand tailler le viburnum Bodnantense ?<\/strong><span class=\"ez-toc-section-end\"><\/span><\/h2>\n<p>Il n&rsquo;y a aucun entretien \u00e0 pr\u00e9voir. La Viorne de Bodnant est tr\u00e8s rustique et tol\u00e8re des temp\u00e9ratures hivernales de l&rsquo;ordre de -15\u00b0C. Vous pouvez effectuer une <b>taille<\/b> de mise en forme apr\u00e8s la floraison mais il est assez d\u00e9licat d&rsquo;obtenir un port harmonieux.<\/p>\n<h2><span class=\"ez-toc-section\" id=\"Quand_tailler_une_haie_de_laurier_tin\"><\/span><strong>Quand tailler une haie de laurier tin ?<\/strong><span class=\"ez-toc-section-end\"><\/span><\/h2>\n<p>Le <b>laurier tin<\/b> peut se passer de <b>taille<\/b>. Toutefois, il peut \u00eatre n\u00e9cessaire de le contenir dans une haie, ou si son port venait \u00e0 \u00eatre d\u00e9s\u00e9quilibr\u00e9. La meilleure p\u00e9riode pour le <b>tailler<\/b> est en mars, apr\u00e8s sa floraison. Elle consiste \u00e0 r\u00e9duire de moiti\u00e9 tous les rameaux ayant fleuri.<\/p>\n<h2><span class=\"ez-toc-section\" id=\"Quelle_terre_pour_planter_un_Viburnum\"><\/span><strong>Quelle terre pour planter un Viburnum ?<\/strong><span class=\"ez-toc-section-end\"><\/span><\/h2>\n<p>Plut\u00f4t faciles \u00e0 cultiver, les <b>Viburnum<\/b> demandent peu d&rsquo;entretien. La plupart sont tr\u00e8s rustiques et se plairont au soleil ou \u00e0 mi-ombre. Ils appr\u00e9cient les sols riches, frais et bien drain\u00e9s. Ils peuvent g\u00e9n\u00e9ralement s&rsquo;accommoder de tout type de sol, mais ont une pr\u00e9f\u00e9rence <b>pour<\/b> les terrains acides.<\/p>\n<h2><span class=\"ez-toc-section\" id=\"Quand_planter_le_Viburnum\"><\/span><strong>Quand planter le Viburnum ?<\/strong><span class=\"ez-toc-section-end\"><\/span><\/h2>\n<p>octobre-avril : c&rsquo;est durant l&rsquo;hiver que vous pourrez <b>planter<\/b> vos <b>viornes<\/b>. Le choix est en cette saison tr\u00e8s large chez les p\u00e9pini\u00e9ristes et la reprise beaucoup plus facile. En outre, vous pourrez choisir votre vari\u00e9t\u00e9 pr\u00e9f\u00e9r\u00e9e en fleur. Mais vous pouvez aussi <b>planter<\/b> le reste de l&rsquo;ann\u00e9e des plantes en pot.<\/p>\n<h2><span class=\"ez-toc-section\" id=\"Quel_arbre_dans_un_petit_jardin\"><\/span><strong>Quel arbre dans un petit jardin ?<\/strong><span class=\"ez-toc-section-end\"><\/span><\/h2>\n<p><b>  Les voici. <\/b> <\/p>\n<ul>\n<li>   Le catalpa boule \u2013 le n\u00b01   <b>    pour   <\/b>   l&rsquo;ombrage. &#8230;  <\/li>\n<li>   Le robinier boule \u2013 comme le catalpa mais en plus raffin\u00e9 &#8230;  <\/li>\n<li>   L&rsquo;\u00e9rable boule \u2013 de l&rsquo;ombre et de belles couleurs \u00e0 l&rsquo;automne. &#8230;  <\/li>\n<li>   Le savonnier \u2013   <b>    pour   <\/b>   des fleurs en \u00e9t\u00e9 &#8230;  <\/li>\n<li>   Le cerisier du Japon \u2013 une pluie de p\u00e9tales roses. &#8230;  <\/li>\n<li>   L&rsquo;   <b>    arbre   <\/b>   de Jud\u00e9e \u2013 une floraison pas comme les autres.  <\/li>\n<\/ul>\n<h2><span class=\"ez-toc-section\" id=\"Quand_tailler_les_cornus\"><\/span><strong>Quand tailler les cornus ?<\/strong><span class=\"ez-toc-section-end\"><\/span><\/h2>\n<p>Attendez la fin d&rsquo;hiver pour <b>tailler<\/b> (d\u00e8s mi- f\u00e9vrier en climat doux). Rabattez les tiges presque \u00e0 ras, \u00e0 quelques centim\u00e8tres de la souche. Il est possible de faire une <b>taille<\/b> moins drastique en ne supprimant qu&rsquo;un tiers des tiges.<\/p>\n<h2><span class=\"ez-toc-section\" id=\"Comment_tailler_arbuste_boule_de_neige\"><\/span><strong>Comment tailler arbuste boule de neige ?<\/strong><span class=\"ez-toc-section-end\"><\/span><\/h2>\n<p>Rabattre les branches choisies sur tout l&rsquo;<b>arbuste<\/b> \u00e0 30-40 cm de haut. A l&rsquo;endroit de la coupe, choisir de pr\u00e9f\u00e9rence un \u0153il tourn\u00e9 vers l&rsquo;ext\u00e9rieur. Si vous avez d\u00e9cid\u00e9 de rajeunir votre viorne en 3 ans, taillez chaque ann\u00e9e 1\/3 et gardez l&rsquo;ext\u00e9rieur pour la derni\u00e8re <b>taille<\/b>.<\/p>\n<h2><span class=\"ez-toc-section\" id=\"Quand_tailler_les_forsythia_et_comment\"><\/span><strong>Quand tailler les forsythia et comment ?<\/strong><span class=\"ez-toc-section-end\"><\/span><\/h2>\n<p>Pour tous les types de <b>taille<\/b> du <b>forsythia<\/b>, agir juste \u00e0 la fin de la floraison (avril-mai). Les nouvelles pousses, vigoureuses et tr\u00e8s tendres, sont un peu lentes \u00e0 appara\u00eetre. Il faut qu&rsquo;elles aient le temps de former leurs boutons floraux pour le printemps suivant et de s&rsquo;endurcir au jardin avant l&rsquo;hiver.<\/p>\n<h2><span class=\"ez-toc-section\" id=\"Quand_tailler_ses_rosiers_pour_lhiver\"><\/span><strong>Quand tailler ses rosiers pour l&rsquo;hiver ?<\/strong><span class=\"ez-toc-section-end\"><\/span><\/h2>\n<p>La <b>taille<\/b> principale des <b>rosiers<\/b> s&rsquo;op\u00e8re <b>\u00e0<\/b> la sortie <b>de l&rsquo;hiver<\/b>, en f\u00e9vrier ou mars selon <b>les<\/b> r\u00e9gions, lorsque <b>les<\/b> fortes gel\u00e9es sont pass\u00e9es. Bien s\u00fbr, ce n&rsquo;est pas une r\u00e8gle absolue, il est possible d&rsquo;op\u00e9rer plus tard, jusqu&rsquo;en avril. Une seule r\u00e8gle: \u00e9viter <b>les<\/b> jours <b>de<\/b> gel.<\/p>\n<h2><span class=\"ez-toc-section\" id=\"Quand_et_comment_tailler_les_spirees\"><\/span><strong>Quand et comment tailler les spir\u00e9es ?<\/strong><span class=\"ez-toc-section-end\"><\/span><\/h2>\n<p>Ne taillez les <b>spir\u00e9es<\/b> d&rsquo;\u00e9t\u00e9 qu&rsquo;\u00e0 la fin de l&rsquo;hiver, vous profiterez ainsi de leurs couleurs automnales et de leurs corymbes fan\u00e9es, encore esth\u00e9tiques. Taillez en f\u00e9vrier-mars. Les nouvelles pousses se d\u00e9veloppent au printemps, ce sont elles qui porteront les fleurs.<\/p>\n<h2><span class=\"ez-toc-section\" id=\"Quand_tailler_les_lilas\"><\/span><strong>Quand tailler les lilas ?<\/strong><span class=\"ez-toc-section-end\"><\/span><\/h2>\n<p>Les bourgeons floraux des <b>lilas<\/b> se forment \u00e0 l&rsquo;extr\u00e9mit\u00e9 des rameaux au cours de l&rsquo;ann\u00e9e pr\u00e9c\u00e9dente. Il faut donc <b>tailler<\/b> juste sous les panicules une \u00e0 deux semaines apr\u00e8s la fin de la floraison.<\/p>\n<h2><span class=\"ez-toc-section\" id=\"Quand_tailler_le_laurier_thym\"><\/span><strong>Quand tailler le laurier thym ?<\/strong><span class=\"ez-toc-section-end\"><\/span><\/h2>\n<p>Plantez le <b>laurier tin<\/b> en automne, ou au printemps.<\/p>\n<h2><span class=\"ez-toc-section\" id=\"Comment_couper_un_laurier_tin\"><\/span><strong>Comment couper un laurier tin ?<\/strong><span class=\"ez-toc-section-end\"><\/span><\/h2>\n<p>Pour un <b>laurier<\/b>&#8211;<b>tin<\/b> cultiv\u00e9 en haie, apr\u00e8s la floraison taillez, avec la cisaille ou le taille-haie, de moiti\u00e9 les jeunes rameaux les deux premi\u00e8res ann\u00e9es, puis allongez un peu chaque ann\u00e9e la taille des rameaux jusqu&rsquo;\u00e0 la hauteur souhait\u00e9e.<\/p>\n<h2><span class=\"ez-toc-section\" id=\"Comment_entretenir_un_laurier_tin\"><\/span><strong>Comment entretenir un laurier tin ?<\/strong><span class=\"ez-toc-section-end\"><\/span><\/h2>\n<p><b>  Taille et entretien du  <b>   laurier  <\/b>  &#8211;  <b>   tin  <\/b> <\/b> <\/p>\n<ol>\n<li>   Si vous souhaitez \u00e9quilibrer la ramure, attendez la fin de la floraison car vous risqueriez de supprimer la fructification.  <\/li>\n<li>   Une taille tous les 2 \u00e0 3 ans permet de densifier le feuillage, de redonner de la vigueur au   <b>    laurier tin   <\/b>   et ainsi am\u00e9liorer la floraison.  <\/li>\n<\/ol>\n<h2><span class=\"ez-toc-section\" id=\"Comment_planter_le_viorne_obier\"><\/span><strong>Comment planter le viorne obier ?<\/strong><span class=\"ez-toc-section-end\"><\/span><\/h2>\n<p><b>  <b>   Plantation  <\/b>  de la  <b>   viorne obier  <\/b> <\/b> <\/p>\n<ol>\n<li>   L&rsquo;arbuste tr\u00e8s rustique se pla\u00eet au soleil comme \u00e0 mi-ombre dans tous sols frais humif\u00e8res ou argileux. &#8230;  <\/li>\n<li>   Creusez une fosse profonde d&rsquo;une largeur \u00e9gale \u00e0 3 fois celle de la motte. &#8230;  <\/li>\n<li>   Paillez pour maintenir le maximum d&rsquo;humidit\u00e9.  <\/li>\n<\/ol>\n<h2><span class=\"ez-toc-section\" id=\"Quel_engrais_pour_Viburnum\"><\/span><strong>Quel engrais pour Viburnum ?<\/strong><span class=\"ez-toc-section-end\"><\/span><\/h2>\n<p>Types d&rsquo;<b>engrais<\/b> naturels recommand\u00e9s <b>pour<\/b> la viorne<\/p>\n<p> <b>Engrais<\/b> organique vendu dans le commerce sp\u00e9cial arbustes \u00e0 fleurs riche en potasse (type <b>engrais<\/b> rosiers). Lombricompost, tr\u00e8s riche ; il peut s&rsquo;acheter mais aussi \u00eatre fait soi-m\u00eame. Broyat de type BRF, source de nutriments.<\/p>\n<h2><span class=\"ez-toc-section\" id=\"Quel_engrais_pour_viburnum\"><\/span><strong>Quel engrais pour viburnum ?<\/strong><span class=\"ez-toc-section-end\"><\/span><\/h2>\n<p>Types d&rsquo;<b>engrais<\/b> naturels recommand\u00e9s <b>pour<\/b> la viorne<\/p>\n<p> <b>Engrais<\/b> organique vendu dans le commerce sp\u00e9cial arbustes \u00e0 fleurs riche en potasse (type <b>engrais<\/b> rosiers). Lombricompost, tr\u00e8s riche ; il peut s&rsquo;acheter mais aussi \u00eatre fait soi-m\u00eame. Broyat de type BRF, source de nutriments.<\/p>\n<h2><span class=\"ez-toc-section\" id=\"Quel_arbre_planter_pres_de_la_maison\"><\/span><strong>Quel arbre planter pr\u00e8s de la maison ?<\/strong><span class=\"ez-toc-section-end\"><\/span><\/h2>\n<p>Thuyas, lauriers, fusains ou encore bambous, ces esp\u00e8ces persistantes vous prot\u00e9geront des regards indiscrets tout au long de l&rsquo;ann\u00e9e. Pour vous cacher du vis-\u00e0-vis, pensez \u00e0 bien choisir des <b>arbres<\/b>, plantes et arbustes \u00e0 feuilles persistantes, c&rsquo;est-\u00e0-dire qui ne perdent pas leur feuillage en automne ou en hiver.<\/p>\n<h2><span class=\"ez-toc-section\" id=\"Quel_arbre_planter_pres_des_canalisations\"><\/span><strong>Quel arbre planter pr\u00e8s des canalisations ?<\/strong><span class=\"ez-toc-section-end\"><\/span><\/h2>\n<p>Plantez de pr\u00e9f\u00e9rence des v\u00e9g\u00e9taux \u00e0 enracinement superficiel et ne formant pas de souche \u00e9paisse. Les cistes, les buis, les rhododendrons, les rosiers, les grandes lavat\u00e8res (Lavatera olbiea) ou le lilas r\u00e9pondent \u00e0 cette contrainte.<\/p>\n<h2><span class=\"ez-toc-section\" id=\"Quel_arbre_ne_pas_planter_pres_dune_maison\"><\/span><strong>Quel arbre ne pas planter pr\u00e8s d&rsquo;une maison ?<\/strong><span class=\"ez-toc-section-end\"><\/span><\/h2>\n<p>Certains <b>arbres ne<\/b> doivent <b>pas<\/b> \u00eatre plant\u00e9s <b>pr\u00e8s<\/b> des <b>maisons<\/b>. La raison est simple : ils peuvent g\u00eaner les voisins en se d\u00e9veloppant de fa\u00e7on excessive et en obstruant les fen\u00eatres par exemple. Ainsi, les vari\u00e9t\u00e9s d&rsquo;<b>arbres<\/b> \u00e0 \u00e9viter <b>pr\u00e8s<\/b> des <b>maison<\/b> sont : l&rsquo;eucalyptus, le ch\u00eane, l&rsquo;orme, le prunus ou encore l&rsquo;acacia !<\/p>\n<hr \/>\n<p><em>Editeurs: 32 &#8211; R\u00e9f\u00e9rences: 38 articles<\/em><\/p>\n<p><em>N\u2019oubliez pas de partager l\u2019article !<\/em><\/p>\n","protected":false},"excerpt":{"rendered":"<p>Il suffit dans un premier temps de supprimer les tiges les plus anciennes pour favoriser le renouvellement de celles-ci. Puis, dans un second remps, supprimer les fleurs fan\u00e9es. Intervenir apr\u00e8s la floraison. Pour les esp\u00e8ces \u00e0 floraison hivernale, intervenir en mars. De plus, Comment tailler Viburnum Bodnantense ? La taille se r\u00e9sume \u00e0 supprimer les [&hellip;]<\/p>\n","protected":false},"author":6,"featured_media":0,"comment_status":"open","ping_status":"open","sticky":false,"template":"","format":"standard","meta":{"tdm_status":"","tdm_grid_status":"","_jetpack_memberships_contains_paid_content":false,"footnotes":"","jetpack_publicize_message":"","jetpack_publicize_feature_enabled":true,"jetpack_social_post_already_shared":true,"jetpack_social_options":{"image_generator_settings":{"template":"highway","default_image_id":0,"font":"","enabled":false},"version":2}},"categories":[3457],"tags":[],"class_list":["post-43034","post","type-post","status-publish","format-standard","hentry","category-maison"],"yoast_head":"<!-- This site is optimized with the Yoast SEO Premium plugin v25.0 (Yoast SEO v25.0) - https:\/\/yoast.com\/wordpress\/plugins\/seo\/ -->\n<title>Quand tailler le Viburnum lantana ?<\/title>\n<meta name=\"description\" content=\"Il suffit dans un premier temps de supprimer les tiges les plus anciennes pour favoriser le renouvellement de celles-ci. Puis, dans un second remps,\" \/>\n<meta name=\"robots\" content=\"index, follow, max-snippet:-1, max-image-preview:large, max-video-preview:-1\" \/>\n<link rel=\"canonical\" href=\"https:\/\/flashmode.tn\/magazine\/quand-tailler-le-viburnum-lantana\/\" \/>\n<meta property=\"og:locale\" content=\"fr_FR\" \/>\n<meta property=\"og:type\" content=\"article\" \/>\n<meta property=\"og:title\" content=\"Quand tailler le Viburnum lantana ? - Flashmode Magazine | Magazine de mode et style de vie Num\u00e9ro un en Tunisie et au Maghreb\" \/>\n<meta property=\"og:description\" content=\"Il suffit dans un premier temps de supprimer les tiges les plus anciennes pour favoriser le renouvellement de celles-ci. Puis, dans un second remps,\" \/>\n<meta property=\"og:url\" content=\"https:\/\/flashmode.tn\/magazine\/quand-tailler-le-viburnum-lantana\/\" \/>\n<meta property=\"og:site_name\" content=\"Flashmode Magazine | Magazine de mode et style de vie Num\u00e9ro un en Tunisie et au Maghreb\" \/>\n<meta property=\"article:publisher\" content=\"https:\/\/www.facebook.com\/flashmode.magazine\/\" \/>\n<meta property=\"article:published_time\" content=\"2021-12-13T02:05:38+00:00\" \/>\n<meta name=\"author\" content=\"EventsEditors\" \/>\n<meta name=\"twitter:card\" content=\"summary_large_image\" \/>\n<meta name=\"twitter:creator\" content=\"@agenceflashmode\" \/>\n<meta name=\"twitter:site\" content=\"@agenceflashmode\" \/>\n<meta name=\"twitter:label1\" content=\"\u00c9crit par\" \/>\n\t<meta name=\"twitter:data1\" content=\"EventsEditors\" \/>\n\t<meta name=\"twitter:label2\" content=\"Dur\u00e9e de lecture estim\u00e9e\" \/>\n\t<meta name=\"twitter:data2\" content=\"7 minutes\" \/>\n<script type=\"application\/ld+json\" class=\"yoast-schema-graph\">{\"@context\":\"https:\/\/schema.org\",\"@graph\":[{\"@type\":\"WebPage\",\"@id\":\"https:\/\/flashmode.tn\/magazine\/quand-tailler-le-viburnum-lantana\/\",\"url\":\"https:\/\/flashmode.tn\/magazine\/quand-tailler-le-viburnum-lantana\/\",\"name\":\"Quand tailler le Viburnum lantana ?\",\"isPartOf\":{\"@id\":\"https:\/\/flashmode.tn\/magazine\/#website\"},\"datePublished\":\"2021-12-13T02:05:38+00:00\",\"author\":{\"@id\":\"https:\/\/flashmode.tn\/magazine\/#\/schema\/person\/257d6780605b915a5e352977f0f6f41c\"},\"description\":\"Il suffit dans un premier temps de supprimer les tiges les plus anciennes pour favoriser le renouvellement de celles-ci. Puis, dans un second remps,\",\"breadcrumb\":{\"@id\":\"https:\/\/flashmode.tn\/magazine\/quand-tailler-le-viburnum-lantana\/#breadcrumb\"},\"inLanguage\":\"fr-FR\",\"potentialAction\":[{\"@type\":\"ReadAction\",\"target\":[\"https:\/\/flashmode.tn\/magazine\/quand-tailler-le-viburnum-lantana\/\"]}]},{\"@type\":\"BreadcrumbList\",\"@id\":\"https:\/\/flashmode.tn\/magazine\/quand-tailler-le-viburnum-lantana\/#breadcrumb\",\"itemListElement\":[{\"@type\":\"ListItem\",\"position\":1,\"name\":\"Accueil\",\"item\":\"https:\/\/flashmode.tn\/magazine\/\"},{\"@type\":\"ListItem\",\"position\":2,\"name\":\"Quand tailler le Viburnum lantana ?\"}]},{\"@type\":\"WebSite\",\"@id\":\"https:\/\/flashmode.tn\/magazine\/#website\",\"url\":\"https:\/\/flashmode.tn\/magazine\/\",\"name\":\"Flashmode Magazine | Magazine de mode et style de vie Num\u00e9ro un en Tunisie et au Maghreb\",\"description\":\"Magazine de mode et style de vie Num\u00e9ro un en Tunisie et au Maghreb, cr\u00e9\u00e9 pour les hommes et les femmes : conseils beaut\u00e9, mode femme, mode homme, recettes de cuisine, c\u00e9l\u00e9brit\u00e9s et people, mannequins et top modeles\",\"potentialAction\":[{\"@type\":\"SearchAction\",\"target\":{\"@type\":\"EntryPoint\",\"urlTemplate\":\"https:\/\/flashmode.tn\/magazine\/?s={search_term_string}\"},\"query-input\":{\"@type\":\"PropertyValueSpecification\",\"valueRequired\":true,\"valueName\":\"search_term_string\"}}],\"inLanguage\":\"fr-FR\"},{\"@type\":\"Person\",\"@id\":\"https:\/\/flashmode.tn\/magazine\/#\/schema\/person\/257d6780605b915a5e352977f0f6f41c\",\"name\":\"EventsEditors\",\"image\":{\"@type\":\"ImageObject\",\"inLanguage\":\"fr-FR\",\"@id\":\"https:\/\/flashmode.tn\/magazine\/#\/schema\/person\/image\/\",\"url\":\"https:\/\/secure.gravatar.com\/avatar\/e2daedf958f66be37c9a79abe56184d85cd1baa6bba0dd8017e3f7d01555232f?s=96&d=mm&r=g\",\"contentUrl\":\"https:\/\/secure.gravatar.com\/avatar\/e2daedf958f66be37c9a79abe56184d85cd1baa6bba0dd8017e3f7d01555232f?s=96&d=mm&r=g\",\"caption\":\"EventsEditors\"},\"url\":\"https:\/\/flashmode.tn\/magazine\/author\/eventseditors\/\"}]}<\/script>\n<!-- \/ Yoast SEO Premium plugin. -->","yoast_head_json":{"title":"Quand tailler le Viburnum lantana ?","description":"Il suffit dans un premier temps de supprimer les tiges les plus anciennes pour favoriser le renouvellement de celles-ci. Puis, dans un second remps,","robots":{"index":"index","follow":"follow","max-snippet":"max-snippet:-1","max-image-preview":"max-image-preview:large","max-video-preview":"max-video-preview:-1"},"canonical":"https:\/\/flashmode.tn\/magazine\/quand-tailler-le-viburnum-lantana\/","og_locale":"fr_FR","og_type":"article","og_title":"Quand tailler le Viburnum lantana ? - Flashmode Magazine | Magazine de mode et style de vie Num\u00e9ro un en Tunisie et au Maghreb","og_description":"Il suffit dans un premier temps de supprimer les tiges les plus anciennes pour favoriser le renouvellement de celles-ci. Puis, dans un second remps,","og_url":"https:\/\/flashmode.tn\/magazine\/quand-tailler-le-viburnum-lantana\/","og_site_name":"Flashmode Magazine | Magazine de mode et style de vie Num\u00e9ro un en Tunisie et au Maghreb","article_publisher":"https:\/\/www.facebook.com\/flashmode.magazine\/","article_published_time":"2021-12-13T02:05:38+00:00","author":"EventsEditors","twitter_card":"summary_large_image","twitter_creator":"@agenceflashmode","twitter_site":"@agenceflashmode","twitter_misc":{"\u00c9crit par":"EventsEditors","Dur\u00e9e de lecture estim\u00e9e":"7 minutes"},"schema":{"@context":"https:\/\/schema.org","@graph":[{"@type":"WebPage","@id":"https:\/\/flashmode.tn\/magazine\/quand-tailler-le-viburnum-lantana\/","url":"https:\/\/flashmode.tn\/magazine\/quand-tailler-le-viburnum-lantana\/","name":"Quand tailler le Viburnum lantana ?","isPartOf":{"@id":"https:\/\/flashmode.tn\/magazine\/#website"},"datePublished":"2021-12-13T02:05:38+00:00","author":{"@id":"https:\/\/flashmode.tn\/magazine\/#\/schema\/person\/257d6780605b915a5e352977f0f6f41c"},"description":"Il suffit dans un premier temps de supprimer les tiges les plus anciennes pour favoriser le renouvellement de celles-ci. Puis, dans un second remps,","breadcrumb":{"@id":"https:\/\/flashmode.tn\/magazine\/quand-tailler-le-viburnum-lantana\/#breadcrumb"},"inLanguage":"fr-FR","potentialAction":[{"@type":"ReadAction","target":["https:\/\/flashmode.tn\/magazine\/quand-tailler-le-viburnum-lantana\/"]}]},{"@type":"BreadcrumbList","@id":"https:\/\/flashmode.tn\/magazine\/quand-tailler-le-viburnum-lantana\/#breadcrumb","itemListElement":[{"@type":"ListItem","position":1,"name":"Accueil","item":"https:\/\/flashmode.tn\/magazine\/"},{"@type":"ListItem","position":2,"name":"Quand tailler le Viburnum lantana ?"}]},{"@type":"WebSite","@id":"https:\/\/flashmode.tn\/magazine\/#website","url":"https:\/\/flashmode.tn\/magazine\/","name":"Flashmode Magazine | Magazine de mode et style de vie Num\u00e9ro un en Tunisie et au Maghreb","description":"Magazine de mode et style de vie Num\u00e9ro un en Tunisie et au Maghreb, cr\u00e9\u00e9 pour les hommes et les femmes : conseils beaut\u00e9, mode femme, mode homme, recettes de cuisine, c\u00e9l\u00e9brit\u00e9s et people, mannequins et top modeles","potentialAction":[{"@type":"SearchAction","target":{"@type":"EntryPoint","urlTemplate":"https:\/\/flashmode.tn\/magazine\/?s={search_term_string}"},"query-input":{"@type":"PropertyValueSpecification","valueRequired":true,"valueName":"search_term_string"}}],"inLanguage":"fr-FR"},{"@type":"Person","@id":"https:\/\/flashmode.tn\/magazine\/#\/schema\/person\/257d6780605b915a5e352977f0f6f41c","name":"EventsEditors","image":{"@type":"ImageObject","inLanguage":"fr-FR","@id":"https:\/\/flashmode.tn\/magazine\/#\/schema\/person\/image\/","url":"https:\/\/secure.gravatar.com\/avatar\/e2daedf958f66be37c9a79abe56184d85cd1baa6bba0dd8017e3f7d01555232f?s=96&d=mm&r=g","contentUrl":"https:\/\/secure.gravatar.com\/avatar\/e2daedf958f66be37c9a79abe56184d85cd1baa6bba0dd8017e3f7d01555232f?s=96&d=mm&r=g","caption":"EventsEditors"},"url":"https:\/\/flashmode.tn\/magazine\/author\/eventseditors\/"}]}},"jetpack_publicize_connections":[],"jetpack_featured_media_url":"","jetpack_shortlink":"https:\/\/wp.me\/p8BPGr-bc6","jetpack_sharing_enabled":true,"_links":{"self":[{"href":"https:\/\/flashmode.tn\/magazine\/wp-json\/wp\/v2\/posts\/43034","targetHints":{"allow":["GET"]}}],"collection":[{"href":"https:\/\/flashmode.tn\/magazine\/wp-json\/wp\/v2\/posts"}],"about":[{"href":"https:\/\/flashmode.tn\/magazine\/wp-json\/wp\/v2\/types\/post"}],"author":[{"embeddable":true,"href":"https:\/\/flashmode.tn\/magazine\/wp-json\/wp\/v2\/users\/6"}],"replies":[{"embeddable":true,"href":"https:\/\/flashmode.tn\/magazine\/wp-json\/wp\/v2\/comments?post=43034"}],"version-history":[{"count":0,"href":"https:\/\/flashmode.tn\/magazine\/wp-json\/wp\/v2\/posts\/43034\/revisions"}],"wp:attachment":[{"href":"https:\/\/flashmode.tn\/magazine\/wp-json\/wp\/v2\/media?parent=43034"}],"wp:term":[{"taxonomy":"category","embeddable":true,"href":"https:\/\/flashmode.tn\/magazine\/wp-json\/wp\/v2\/categories?post=43034"},{"taxonomy":"post_tag","embeddable":true,"href":"https:\/\/flashmode.tn\/magazine\/wp-json\/wp\/v2\/tags?post=43034"}],"curies":[{"name":"wp","href":"https:\/\/api.w.org\/{rel}","templated":true}]}}