{"id":43236,"date":"2021-11-15T14:32:28","date_gmt":"2021-11-15T13:32:28","guid":{"rendered":"https:\/\/flashmode.tn\/magazine\/?p=43236"},"modified":"2021-11-15T14:32:28","modified_gmt":"2021-11-15T13:32:28","slug":"comment-entretenir-son-mirabellier","status":"publish","type":"post","link":"https:\/\/flashmode.tn\/magazine\/comment-entretenir-son-mirabellier\/","title":{"rendered":"Comment entretenir son mirabellier ?"},"content":{"rendered":"<p>Le <b>mirabellier<\/b> se passe g\u00e9n\u00e9ralement d&rsquo;engrais. Si votre sol est de nature pauvre, apportez de l&rsquo;engrais sp\u00e9cial arbres fruitiers au printemps et du compost en automne. Ajoutez une \u00e0 deux fois par mois, selon la taille du pot, un engrais liquide sp\u00e9cial fruitiers \u00e0 l&rsquo;eau d&rsquo;arrosage de mai \u00e0 ao\u00fbt.<\/p>\n<p>De plus, Comment rajeunir un vieux mirabellier ?<\/p>\n<p>Supprimez les gourmands ; Supprimez les rameaux les plus \u00e2g\u00e9s, afin de favoriser le d\u00e9veloppement des plus jeunes ; Raccourcissez les jeunes pousses de l&rsquo;\u00e9t\u00e9 pour stimuler le d\u00e9veloppement des bourgeons \u00e0 fleurs ; Eclaircissez les coursonnes en surnombre (petits rameaux portant les bourgeons \u00e0 fleurs).<\/p>\n<p>Egalement Pourquoi mon mirabellier ne donne pas de fruits ?<\/p>\n<p><b>Mon mirabellier<\/b> attrape parfois une maladie que l&rsquo;on appelle localement \u00ab\u00a0la banane\u00a0\u00bb, les futures mirabelles s&rsquo;allongent, s\u00e8chent et tombent au lieu de <b>donner<\/b> des <b>fruits<\/b>. &#8230; Pierre-Yves N\u00e9d\u00e9lec: Les sympt\u00f4mes que vous d\u00e9crivez sont typiques de la maladie des pochettes du prunier.<\/p>\n<p>Comment tailler un prunier trop haut ?<\/p>\n<p><b>  <b>   Comment  <\/b>  proc\u00e9der \u00e0 la  <b>   taille  <\/b>  d&rsquo;un  <b>   prunier  <\/b>  ? <\/b> <\/p>\n<ol>\n<li>   Couper les branches situ\u00e9es le long du tronc \u00e0 l&rsquo;aide d&rsquo;une paire de s\u00e9cateur grande   <b>    taille   <\/b>   .  <\/li>\n<li>   <b>    Tailler   <\/b>   les rameaux gourmands (ceux qui sont envahissants et qui emp\u00eachent de cueillir les fruits \u00e0 l&rsquo;int\u00e9rieur de l&rsquo;arbre) pour a\u00e9rer et bien ouvrir l&rsquo;arbre \u00e0 l&rsquo;aide du gros s\u00e9cateur.  <\/li>\n<\/ol>\n<div id=\"ez-toc-container\" class=\"ez-toc-v2_0_81 counter-hierarchy ez-toc-counter ez-toc-grey ez-toc-container-direction\">\n<div class=\"ez-toc-title-container\">\n<p class=\"ez-toc-title\" style=\"cursor:inherit\">Contenus de la page<\/p>\n<span class=\"ez-toc-title-toggle\"><a href=\"#\" class=\"ez-toc-pull-right ez-toc-btn ez-toc-btn-xs ez-toc-btn-default ez-toc-toggle\" aria-label=\"Toggle Table of Content\"><span class=\"ez-toc-js-icon-con\"><span class=\"\"><span class=\"eztoc-hide\" style=\"display:none;\">Toggle<\/span><span class=\"ez-toc-icon-toggle-span\"><svg style=\"fill: #999;color:#999\" xmlns=\"http:\/\/www.w3.org\/2000\/svg\" class=\"list-377408\" width=\"20px\" height=\"20px\" viewBox=\"0 0 24 24\" fill=\"none\"><path d=\"M6 6H4v2h2V6zm14 0H8v2h12V6zM4 11h2v2H4v-2zm16 0H8v2h12v-2zM4 16h2v2H4v-2zm16 0H8v2h12v-2z\" fill=\"currentColor\"><\/path><\/svg><svg style=\"fill: #999;color:#999\" class=\"arrow-unsorted-368013\" xmlns=\"http:\/\/www.w3.org\/2000\/svg\" width=\"10px\" height=\"10px\" viewBox=\"0 0 24 24\" version=\"1.2\" baseProfile=\"tiny\"><path d=\"M18.2 9.3l-6.2-6.3-6.2 6.3c-.2.2-.3.4-.3.7s.1.5.3.7c.2.2.4.3.7.3h11c.3 0 .5-.1.7-.3.2-.2.3-.5.3-.7s-.1-.5-.3-.7zM5.8 14.7l6.2 6.3 6.2-6.3c.2-.2.3-.5.3-.7s-.1-.5-.3-.7c-.2-.2-.4-.3-.7-.3h-11c-.3 0-.5.1-.7.3-.2.2-.3.5-.3.7s.1.5.3.7z\"\/><\/svg><\/span><\/span><\/span><\/a><\/span><\/div>\n<nav><ul class='ez-toc-list ez-toc-list-level-1 ' ><li class='ez-toc-page-1 ez-toc-heading-level-2'><a class=\"ez-toc-link ez-toc-heading-1\" href=\"https:\/\/flashmode.tn\/magazine\/comment-entretenir-son-mirabellier\/#Pourquoi_mon_mirabellier_perd_ses_feuilles\" >Pourquoi mon mirabellier perd ses feuilles ?<\/a><\/li><li class='ez-toc-page-1 ez-toc-heading-level-2'><a class=\"ez-toc-link ez-toc-heading-2\" href=\"https:\/\/flashmode.tn\/magazine\/comment-entretenir-son-mirabellier\/#Quand_et_comment_tailler_un_vieux_prunier\" >Quand et comment tailler un vieux prunier ?<\/a><\/li><li class='ez-toc-page-1 ez-toc-heading-level-2'><a class=\"ez-toc-link ez-toc-heading-3\" href=\"https:\/\/flashmode.tn\/magazine\/comment-entretenir-son-mirabellier\/#Pourquoi_mon_Mirabellier_ne_donne_pas_de_fruits\" >Pourquoi mon Mirabellier ne donne pas de fruits ?<\/a><\/li><li class='ez-toc-page-1 ez-toc-heading-level-2'><a class=\"ez-toc-link ez-toc-heading-4\" href=\"https:\/\/flashmode.tn\/magazine\/comment-entretenir-son-mirabellier\/#Quand_et_comment_tailler_un_vieux_pecher\" >Quand et comment tailler un vieux p\u00eacher ?<\/a><\/li><li class='ez-toc-page-1 ez-toc-heading-level-2'><a class=\"ez-toc-link ez-toc-heading-5\" href=\"https:\/\/flashmode.tn\/magazine\/comment-entretenir-son-mirabellier\/#Pourquoi_le_Mirabellier_ne_fleurit_pas\" >Pourquoi le Mirabellier ne fleurit pas ?<\/a><\/li><li class='ez-toc-page-1 ez-toc-heading-level-2'><a class=\"ez-toc-link ez-toc-heading-6\" href=\"https:\/\/flashmode.tn\/magazine\/comment-entretenir-son-mirabellier\/#Pourquoi_les_arbres_fruitiers_ne_donnent_pas_de_fruits\" >Pourquoi les arbres fruitiers ne donnent pas de fruits ?<\/a><\/li><li class='ez-toc-page-1 ez-toc-heading-level-2'><a class=\"ez-toc-link ez-toc-heading-7\" href=\"https:\/\/flashmode.tn\/magazine\/comment-entretenir-son-mirabellier\/#Pourquoi_mon_prunier_ne_fait_pas_de_fleurs\" >Pourquoi mon prunier ne fait pas de fleurs ?<\/a><\/li><li class='ez-toc-page-1 ez-toc-heading-level-2'><a class=\"ez-toc-link ez-toc-heading-8\" href=\"https:\/\/flashmode.tn\/magazine\/comment-entretenir-son-mirabellier\/#Quand_tailler_un_prunier_trop_haut\" >Quand tailler un prunier trop haut ?<\/a><\/li><li class='ez-toc-page-1 ez-toc-heading-level-2'><a class=\"ez-toc-link ez-toc-heading-9\" href=\"https:\/\/flashmode.tn\/magazine\/comment-entretenir-son-mirabellier\/#Quelle_hauteur_pour_un_prunier\" >Quelle hauteur pour un prunier ?<\/a><\/li><li class='ez-toc-page-1 ez-toc-heading-level-2'><a class=\"ez-toc-link ez-toc-heading-10\" href=\"https:\/\/flashmode.tn\/magazine\/comment-entretenir-son-mirabellier\/#Quand_couper_les_branches_dun_prunus\" >Quand couper les branches d&rsquo;un prunus ?<\/a><\/li><li class='ez-toc-page-1 ez-toc-heading-level-2'><a class=\"ez-toc-link ez-toc-heading-11\" href=\"https:\/\/flashmode.tn\/magazine\/comment-entretenir-son-mirabellier\/#Quelles_sont_les_maladies_du_Mirabellier\" >Quelles sont les maladies du Mirabellier ?<\/a><\/li><li class='ez-toc-page-1 ez-toc-heading-level-2'><a class=\"ez-toc-link ez-toc-heading-12\" href=\"https:\/\/flashmode.tn\/magazine\/comment-entretenir-son-mirabellier\/#Pourquoi_les_feuilles_de_mon_prunier_jaunissent\" >Pourquoi les feuilles de mon prunier jaunissent ?<\/a><\/li><li class='ez-toc-page-1 ez-toc-heading-level-2'><a class=\"ez-toc-link ez-toc-heading-13\" href=\"https:\/\/flashmode.tn\/magazine\/comment-entretenir-son-mirabellier\/#Comment_soigner_un_prunus_malade\" >Comment soigner un prunus malade ?<\/a><\/li><li class='ez-toc-page-1 ez-toc-heading-level-2'><a class=\"ez-toc-link ez-toc-heading-14\" href=\"https:\/\/flashmode.tn\/magazine\/comment-entretenir-son-mirabellier\/#Quand_et_comment_tailler_un_prunier\" >Quand et comment tailler un prunier ?<\/a><\/li><li class='ez-toc-page-1 ez-toc-heading-level-2'><a class=\"ez-toc-link ez-toc-heading-15\" href=\"https:\/\/flashmode.tn\/magazine\/comment-entretenir-son-mirabellier\/#Comment_couper_un_vieux_prunier\" >Comment couper un vieux prunier ?<\/a><\/li><li class='ez-toc-page-1 ez-toc-heading-level-2'><a class=\"ez-toc-link ez-toc-heading-16\" href=\"https:\/\/flashmode.tn\/magazine\/comment-entretenir-son-mirabellier\/#Quand_et_comment_tailler_un_vieux_poirier\" >Quand et comment tailler un vieux poirier ?<\/a><\/li><li class='ez-toc-page-1 ez-toc-heading-level-2'><a class=\"ez-toc-link ez-toc-heading-17\" href=\"https:\/\/flashmode.tn\/magazine\/comment-entretenir-son-mirabellier\/#Comment_tailler_un_pecher_trop_haut\" >Comment tailler un p\u00eacher trop haut ?<\/a><\/li><li class='ez-toc-page-1 ez-toc-heading-level-2'><a class=\"ez-toc-link ez-toc-heading-18\" href=\"https:\/\/flashmode.tn\/magazine\/comment-entretenir-son-mirabellier\/#Comment_faire_une_taille_de_fructification\" >Comment faire une taille de fructification ?<\/a><\/li><li class='ez-toc-page-1 ez-toc-heading-level-2'><a class=\"ez-toc-link ez-toc-heading-19\" href=\"https:\/\/flashmode.tn\/magazine\/comment-entretenir-son-mirabellier\/#Pourquoi_mon_pecher_ne_donne_pas_de_fruits\" >Pourquoi mon p\u00eacher ne donne pas de fruits ?<\/a><\/li><\/ul><\/nav><\/div>\n<h2><span class=\"ez-toc-section\" id=\"Pourquoi_mon_mirabellier_perd_ses_feuilles\"><\/span>Pourquoi mon mirabellier perd ses feuilles ?<span class=\"ez-toc-section-end\"><\/span><\/h2>\n<p>Les <b>feuilles<\/b> augmentent \u00e9galement \u00e0 cause de la maladie leur \u00e9vapotranspiration naturelle, perdant leur eau de mani\u00e8re inhabituelle. Les <b>feuilles<\/b> se dess\u00e8chent et le prunier <b>perd ses feuilles<\/b> de mani\u00e8re pr\u00e9matur\u00e9e. Les fruits ont \u00e9galement du mal \u00e0 atteindre leur maturit\u00e9 compl\u00e8te, ils restent petits, peu nombreux.<\/p>\n<h2><span class=\"ez-toc-section\" id=\"Quand_et_comment_tailler_un_vieux_prunier\"><\/span><strong>Quand et comment tailler un vieux prunier ?<\/strong><span class=\"ez-toc-section-end\"><\/span><\/h2>\n<p>Op\u00e9rez entre le mois de novembre et celui de mars, car la s\u00e8ve se concentre dans les racines, et les branches taill\u00e9es cicatrisent mieux. Pratiquez la <b>taille<\/b> par une belle journ\u00e9e ensoleill\u00e9e et s\u00e8che. \u00c9vitez de <b>tailler<\/b> votre <b>prunier<\/b> par temps humide et de gel.<\/p>\n<h2><span class=\"ez-toc-section\" id=\"Pourquoi_mon_Mirabellier_ne_donne_pas_de_fruits\"><\/span><strong>Pourquoi mon Mirabellier ne donne pas de fruits ?<\/strong><span class=\"ez-toc-section-end\"><\/span><\/h2>\n<p><b>Mon mirabellier<\/b> attrape parfois une maladie que l&rsquo;on appelle localement \u00ab\u00a0la banane\u00a0\u00bb, les futures mirabelles s&rsquo;allongent, s\u00e8chent et tombent au lieu de <b>donner<\/b> des <b>fruits<\/b>. &#8230; Pierre-Yves N\u00e9d\u00e9lec: Les sympt\u00f4mes que vous d\u00e9crivez sont typiques de la maladie des pochettes du prunier.<\/p>\n<h2><span class=\"ez-toc-section\" id=\"Quand_et_comment_tailler_un_vieux_pecher\"><\/span><strong>Quand et comment tailler un vieux p\u00eacher ?<\/strong><span class=\"ez-toc-section-end\"><\/span><\/h2>\n<p><b>Quand tailler<\/b> le <b>p\u00eacher<\/b> et le nectarinier ? Pr\u00e9f\u00e9rez la fin de l&rsquo;automne, d\u00e9but de l&rsquo;hiver pour pr\u00e9parer le <b>p\u00eacher<\/b> et le nectarinier \u00e0 la prochaine production de fruits. Les fruits seront moins nombreux mais plus gros, avec moins de risques de maladies et les branches ne casseront pas sous leur poids.<\/p>\n<h2><span class=\"ez-toc-section\" id=\"Pourquoi_le_Mirabellier_ne_fleurit_pas\"><\/span><strong>Pourquoi le Mirabellier ne fleurit pas ?<\/strong><span class=\"ez-toc-section-end\"><\/span><\/h2>\n<p>S&rsquo;il <b>ne fleurit pas<\/b> , s&rsquo;il est en bonne sant\u00e9 , <b>pas<\/b> de parasites , c&rsquo;est sans doute que ce n&rsquo;est <b>pas<\/b> son heure, il est trop jeune . Le prunier ( PRUNUS DOMESTICA ) est un arbre fruitier appartenant \u00e0 la famille des ROSACEAE, cultiv\u00e9 pour ses fruits. Ces arbres g\u00e9n\u00e9ralement de plein vent, peuvent atteindre 8 m de haut.<\/p>\n<h2><span class=\"ez-toc-section\" id=\"Pourquoi_les_arbres_fruitiers_ne_donnent_pas_de_fruits\"><\/span><strong>Pourquoi les arbres fruitiers ne donnent pas de fruits ?<\/strong><span class=\"ez-toc-section-end\"><\/span><\/h2>\n<p>Il est rare qu&rsquo;un probl\u00e8me de maladie emp\u00eache un <b>arbre<\/b> de former des <b>fruits<\/b>, \u00e0 moins d&rsquo;\u00eatre tr\u00e8s atteint. Ce <b>ne<\/b> sont <b>pas<\/b> quelques feuilles cloqu\u00e9es et quelques pucerons qui emp\u00eachent la nature de vous donner des <b>fruits<\/b>. En revanche, une fertilisation inadapt\u00e9e car trop riche en azote peu en \u00eatre la cause.<\/p>\n<h2><span class=\"ez-toc-section\" id=\"Pourquoi_mon_prunier_ne_fait_pas_de_fleurs\"><\/span><strong>Pourquoi mon prunier ne fait pas de fleurs ?<\/strong><span class=\"ez-toc-section-end\"><\/span><\/h2>\n<p>S&rsquo;il <b>ne fleurit pas<\/b> c&rsquo;est qu&rsquo;il manque de nourriture, de potasse. Mais un pied franc peut <b>fleurir<\/b> et <b>ne<\/b> rien avoir comme fruit car st\u00e9rile.<\/p>\n<h2><span class=\"ez-toc-section\" id=\"Quand_tailler_un_prunier_trop_haut\"><\/span><strong>Quand tailler un prunier trop haut ?<\/strong><span class=\"ez-toc-section-end\"><\/span><\/h2>\n<p>Op\u00e9rez entre le mois de novembre et celui de mars, car la s\u00e8ve se concentre dans les racines, et les branches taill\u00e9es cicatrisent mieux. Pratiquez la <b>taille<\/b> par une belle journ\u00e9e ensoleill\u00e9e et s\u00e8che. \u00c9vitez de <b>tailler<\/b> votre <b>prunier<\/b> par temps humide et de gel.<\/p>\n<h2><span class=\"ez-toc-section\" id=\"Quelle_hauteur_pour_un_prunier\"><\/span><strong>Quelle hauteur pour un prunier ?<\/strong><span class=\"ez-toc-section-end\"><\/span><\/h2>\n<p>Ce petit arbre fruitier touffu de 6 \u00e0 8 m de <b>hauteur<\/b> porte des fruits d\u00e9licieux : mirabelles, quetsches, reines-claudes au go\u00fbt d\u00e9licatement parfum\u00e9.<\/p>\n<h2><span class=\"ez-toc-section\" id=\"Quand_couper_les_branches_dun_prunus\"><\/span><strong>Quand couper les branches d&rsquo;un prunus ?<\/strong><span class=\"ez-toc-section-end\"><\/span><\/h2>\n<p><b>Quand<\/b> et comment <b>tailler un prunus<\/b> ? On taille le prunier d&rsquo;ornement apr\u00e8s sa floraison, au mois de mai. Cet arbre a naturellement un port arrondi, il n&rsquo;est pas obligatoire de l&rsquo;<b>\u00e9laguer<\/b>. La taille permet d&rsquo;a\u00e9rer le centre de l&rsquo;arbre et de supprimer les bois morts.<\/p>\n<h2><span class=\"ez-toc-section\" id=\"Quelles_sont_les_maladies_du_Mirabellier\"><\/span><strong>Quelles sont les maladies du Mirabellier ?<\/strong><span class=\"ez-toc-section-end\"><\/span><\/h2>\n<p><b>  Retrouvez aussi les  <b>   maladies  <\/b>  et insectes qui touchent le  <b>   mirabellier  <\/b>  : <\/b> <\/p>\n<ul>\n<li>   La rouille : pustule orange brun sous les feuilles.  <\/li>\n<li>   Les pucerons: les feuilles s&rsquo;enroulent et perdent leur couleur d&rsquo;origine.  <\/li>\n<li>   La tavelure: t\u00e2ches brune sur les fruits et sur les feuilles.  <\/li>\n<li>   La moniliose: les mirabelles pourrissent sur le   <b>    mirabellier   <\/b>   .  <\/li>\n<\/ul>\n<h2><span class=\"ez-toc-section\" id=\"Pourquoi_les_feuilles_de_mon_prunier_jaunissent\"><\/span><strong>Pourquoi les feuilles de mon prunier jaunissent ?<\/strong><span class=\"ez-toc-section-end\"><\/span><\/h2>\n<p>La chlorose, ou plus pr\u00e9cis\u00e9ment chlorose ferrique, est une carence en fer. Elle se caract\u00e9rise par un <b>jaunissement<\/b> plus ou moins g\u00e9n\u00e9ralis\u00e9 du feuillage. Les sympt\u00f4mes sont bien connus et se traduisent par un <b>jaunissement<\/b> internervaire des <b>feuilles<\/b>. Au d\u00e9but de la saison, les nervures seules restent vertes.<\/p>\n<h2><span class=\"ez-toc-section\" id=\"Comment_soigner_un_prunus_malade\"><\/span><strong>Comment soigner un prunus malade ?<\/strong><span class=\"ez-toc-section-end\"><\/span><\/h2>\n<p><b>Comment<\/b> traiter les maladies du prunier ? De mani\u00e8re g\u00e9n\u00e9rale, vous appliquerez un traitement du prunier \u00e0 la bouillie bordelaise 2 fois dans l&rsquo;ann\u00e9e, en automne apr\u00e8s la chute des feuilles et au printemps juste avant le d\u00e9bourrement des bourgeons.<\/p>\n<h2><span class=\"ez-toc-section\" id=\"Quand_et_comment_tailler_un_prunier\"><\/span><strong>Quand et comment tailler un prunier ?<\/strong><span class=\"ez-toc-section-end\"><\/span><\/h2>\n<p>Sur les <b>pruniers<\/b> de plein-vent, la <b>taille<\/b> est inutile. Supprimez seulement le bois mort et a\u00e9rez si besoin tous les 6 \u00e0 7 ans le centre du fruitier. Sur les fuseaux, effectuez une <b>taille<\/b> l\u00e9g\u00e8re chaque ann\u00e9e \u00e0 la fin de l&rsquo;hiver en f\u00e9vrier-mars pour r\u00e9duire le volume.<\/p>\n<h2><span class=\"ez-toc-section\" id=\"Comment_couper_un_vieux_prunier\"><\/span><strong>Comment couper un vieux prunier ?<\/strong><span class=\"ez-toc-section-end\"><\/span><\/h2>\n<p><b>  <b>   Comment  <\/b>  proc\u00e9der \u00e0 la  <b>   taille  <\/b>  d&rsquo;un  <b>   prunier  <\/b>  ? <\/b> <\/p>\n<ol>\n<li>   Couper les branches situ\u00e9es le long du tronc \u00e0 l&rsquo;aide d&rsquo;une paire de s\u00e9cateur grande   <b>    taille   <\/b>   .  <\/li>\n<li>   <b>    Tailler   <\/b>   les rameaux gourmands (ceux qui sont envahissants et qui emp\u00eachent de cueillir les fruits \u00e0 l&rsquo;int\u00e9rieur de l&rsquo;arbre) pour a\u00e9rer et bien ouvrir l&rsquo;arbre \u00e0 l&rsquo;aide du gros s\u00e9cateur.  <\/li>\n<\/ol>\n<h2><span class=\"ez-toc-section\" id=\"Quand_et_comment_tailler_un_vieux_poirier\"><\/span><strong>Quand et comment tailler un vieux poirier ?<\/strong><span class=\"ez-toc-section-end\"><\/span><\/h2>\n<p>Ne taillez les <b>poiriers<\/b> pour la premi\u00e8re fois que l&rsquo;ann\u00e9e suivant celle de la plantation. Choisissez une belle journ\u00e9e d&rsquo;hiver, <b>quand<\/b> les bourgeons sont form\u00e9s, et qu&rsquo;il vous est possible de diff\u00e9rencier oeil \u00e0 bois et bourgeon \u00e0 fleur. NB : Ne taillez jamais en p\u00e9riode de gel, le gel met \u00e0 mal la cicatrisation.<\/p>\n<h2><span class=\"ez-toc-section\" id=\"Comment_tailler_un_pecher_trop_haut\"><\/span><strong>Comment tailler un p\u00eacher trop haut ?<\/strong><span class=\"ez-toc-section-end\"><\/span><\/h2>\n<p>Si l&rsquo;arbre est en forme libre <b>haute<\/b>-tige ou demi-tige, coupez le bois mort et les branches qui partent verticalement <b>trop<\/b> vigoureusement (ce sont des gourmands). Ne gardez que 3 \u00e0 5 branches charpenti\u00e8res.<\/p>\n<h2><span class=\"ez-toc-section\" id=\"Comment_faire_une_taille_de_fructification\"><\/span><strong>Comment faire une taille de fructification ?<\/strong><span class=\"ez-toc-section-end\"><\/span><\/h2>\n<p>La <b>taille de fructification<\/b> consiste \u00e0 <b>tailler<\/b> les branches les plus importantes de l&rsquo;arbre fruitier sans en modifier l&rsquo;aspect physique et en laissant toujours au moins trois yeux sur chaque branche <b>taill\u00e9e<\/b> afin de permettre la <b>fructification<\/b>.<\/p>\n<h2><span class=\"ez-toc-section\" id=\"Pourquoi_mon_pecher_ne_donne_pas_de_fruits\"><\/span><strong>Pourquoi mon p\u00eacher ne donne pas de fruits ?<\/strong><span class=\"ez-toc-section-end\"><\/span><\/h2>\n<p>Faire fructifier le <b>p\u00eacher<\/b><\/p>\n<p> La taille du <b>p\u00eacher<\/b> se fait \u00e0 l&rsquo;automne ou \u00e0 la fin de l&rsquo;hiver. Mais en taillant tard, vous affaiblirez l&rsquo;arbre. N&rsquo;op\u00e9rez <b>pas<\/b> \u00e0 la floraison : vous perturberiez la fructification et provoqueriez des coulures de fleurs, donc de <b>fruits<\/b>. Les <b>fruits<\/b> poussent sur les rameaux du printemps dernier.<\/p>\n<h2><strong><\/strong><\/h2>\n<h2><strong><\/strong><\/h2>\n<hr \/>\n<p><em>Editeurs: 7 &#8211; R\u00e9f\u00e9rences: 34 articles<\/em><\/p>\n<p><em>N\u2019oubliez pas de partager l\u2019article !<\/em><\/p>\n","protected":false},"excerpt":{"rendered":"<p>Le mirabellier se passe g\u00e9n\u00e9ralement d&rsquo;engrais. Si votre sol est de nature pauvre, apportez de l&rsquo;engrais sp\u00e9cial arbres fruitiers au printemps et du compost en automne. Ajoutez une \u00e0 deux fois par mois, selon la taille du pot, un engrais liquide sp\u00e9cial fruitiers \u00e0 l&rsquo;eau d&rsquo;arrosage de mai \u00e0 ao\u00fbt. De plus, Comment rajeunir un [&hellip;]<\/p>\n","protected":false},"author":6,"featured_media":0,"comment_status":"open","ping_status":"open","sticky":false,"template":"","format":"standard","meta":{"tdm_status":"","tdm_grid_status":"","_jetpack_memberships_contains_paid_content":false,"footnotes":"","jetpack_publicize_message":"","jetpack_publicize_feature_enabled":true,"jetpack_social_post_already_shared":true,"jetpack_social_options":{"image_generator_settings":{"template":"highway","default_image_id":0,"font":"","enabled":false},"version":2}},"categories":[3457],"tags":[],"class_list":["post-43236","post","type-post","status-publish","format-standard","hentry","category-maison"],"yoast_head":"<!-- This site is optimized with the Yoast SEO Premium plugin v25.0 (Yoast SEO v25.0) - https:\/\/yoast.com\/wordpress\/plugins\/seo\/ -->\n<title>Comment entretenir son mirabellier ?<\/title>\n<meta name=\"description\" content=\"Le mirabellier se passe g\u00e9n\u00e9ralement d&#039;engrais. Si votre sol est de nature pauvre, apportez de l&#039;engrais sp\u00e9cial arbres fruitiers au printemps et du\" \/>\n<meta name=\"robots\" content=\"index, follow, max-snippet:-1, max-image-preview:large, max-video-preview:-1\" \/>\n<link rel=\"canonical\" href=\"https:\/\/flashmode.tn\/magazine\/comment-entretenir-son-mirabellier\/\" \/>\n<meta property=\"og:locale\" content=\"fr_FR\" \/>\n<meta property=\"og:type\" content=\"article\" \/>\n<meta property=\"og:title\" content=\"Comment entretenir son mirabellier ? - Flashmode Magazine | Magazine de mode et style de vie Num\u00e9ro un en Tunisie et au Maghreb\" \/>\n<meta property=\"og:description\" content=\"Le mirabellier se passe g\u00e9n\u00e9ralement d&#039;engrais. Si votre sol est de nature pauvre, apportez de l&#039;engrais sp\u00e9cial arbres fruitiers au printemps et du\" \/>\n<meta property=\"og:url\" content=\"https:\/\/flashmode.tn\/magazine\/comment-entretenir-son-mirabellier\/\" \/>\n<meta property=\"og:site_name\" content=\"Flashmode Magazine | Magazine de mode et style de vie Num\u00e9ro un en Tunisie et au Maghreb\" \/>\n<meta property=\"article:publisher\" content=\"https:\/\/www.facebook.com\/flashmode.magazine\/\" \/>\n<meta property=\"article:published_time\" content=\"2021-11-15T13:32:28+00:00\" \/>\n<meta name=\"author\" content=\"EventsEditors\" \/>\n<meta name=\"twitter:card\" content=\"summary_large_image\" \/>\n<meta name=\"twitter:creator\" content=\"@agenceflashmode\" \/>\n<meta name=\"twitter:site\" content=\"@agenceflashmode\" \/>\n<meta name=\"twitter:label1\" content=\"\u00c9crit par\" \/>\n\t<meta name=\"twitter:data1\" content=\"EventsEditors\" \/>\n\t<meta name=\"twitter:label2\" content=\"Dur\u00e9e de lecture estim\u00e9e\" \/>\n\t<meta name=\"twitter:data2\" content=\"6 minutes\" \/>\n<script type=\"application\/ld+json\" class=\"yoast-schema-graph\">{\"@context\":\"https:\/\/schema.org\",\"@graph\":[{\"@type\":\"WebPage\",\"@id\":\"https:\/\/flashmode.tn\/magazine\/comment-entretenir-son-mirabellier\/\",\"url\":\"https:\/\/flashmode.tn\/magazine\/comment-entretenir-son-mirabellier\/\",\"name\":\"Comment entretenir son mirabellier ?\",\"isPartOf\":{\"@id\":\"https:\/\/flashmode.tn\/magazine\/#website\"},\"datePublished\":\"2021-11-15T13:32:28+00:00\",\"author\":{\"@id\":\"https:\/\/flashmode.tn\/magazine\/#\/schema\/person\/257d6780605b915a5e352977f0f6f41c\"},\"description\":\"Le mirabellier se passe g\u00e9n\u00e9ralement d'engrais. Si votre sol est de nature pauvre, apportez de l'engrais sp\u00e9cial arbres fruitiers au printemps et du\",\"breadcrumb\":{\"@id\":\"https:\/\/flashmode.tn\/magazine\/comment-entretenir-son-mirabellier\/#breadcrumb\"},\"inLanguage\":\"fr-FR\",\"potentialAction\":[{\"@type\":\"ReadAction\",\"target\":[\"https:\/\/flashmode.tn\/magazine\/comment-entretenir-son-mirabellier\/\"]}]},{\"@type\":\"BreadcrumbList\",\"@id\":\"https:\/\/flashmode.tn\/magazine\/comment-entretenir-son-mirabellier\/#breadcrumb\",\"itemListElement\":[{\"@type\":\"ListItem\",\"position\":1,\"name\":\"Accueil\",\"item\":\"https:\/\/flashmode.tn\/magazine\/\"},{\"@type\":\"ListItem\",\"position\":2,\"name\":\"Comment entretenir son mirabellier ?\"}]},{\"@type\":\"WebSite\",\"@id\":\"https:\/\/flashmode.tn\/magazine\/#website\",\"url\":\"https:\/\/flashmode.tn\/magazine\/\",\"name\":\"Flashmode Magazine | Magazine de mode et style de vie Num\u00e9ro un en Tunisie et au Maghreb\",\"description\":\"Magazine de mode et style de vie Num\u00e9ro un en Tunisie et au Maghreb, cr\u00e9\u00e9 pour les hommes et les femmes : conseils beaut\u00e9, mode femme, mode homme, recettes de cuisine, c\u00e9l\u00e9brit\u00e9s et people, mannequins et top modeles\",\"potentialAction\":[{\"@type\":\"SearchAction\",\"target\":{\"@type\":\"EntryPoint\",\"urlTemplate\":\"https:\/\/flashmode.tn\/magazine\/?s={search_term_string}\"},\"query-input\":{\"@type\":\"PropertyValueSpecification\",\"valueRequired\":true,\"valueName\":\"search_term_string\"}}],\"inLanguage\":\"fr-FR\"},{\"@type\":\"Person\",\"@id\":\"https:\/\/flashmode.tn\/magazine\/#\/schema\/person\/257d6780605b915a5e352977f0f6f41c\",\"name\":\"EventsEditors\",\"image\":{\"@type\":\"ImageObject\",\"inLanguage\":\"fr-FR\",\"@id\":\"https:\/\/flashmode.tn\/magazine\/#\/schema\/person\/image\/\",\"url\":\"https:\/\/secure.gravatar.com\/avatar\/e2daedf958f66be37c9a79abe56184d85cd1baa6bba0dd8017e3f7d01555232f?s=96&d=mm&r=g\",\"contentUrl\":\"https:\/\/secure.gravatar.com\/avatar\/e2daedf958f66be37c9a79abe56184d85cd1baa6bba0dd8017e3f7d01555232f?s=96&d=mm&r=g\",\"caption\":\"EventsEditors\"},\"url\":\"https:\/\/flashmode.tn\/magazine\/author\/eventseditors\/\"}]}<\/script>\n<!-- \/ Yoast SEO Premium plugin. -->","yoast_head_json":{"title":"Comment entretenir son mirabellier ?","description":"Le mirabellier se passe g\u00e9n\u00e9ralement d'engrais. Si votre sol est de nature pauvre, apportez de l'engrais sp\u00e9cial arbres fruitiers au printemps et du","robots":{"index":"index","follow":"follow","max-snippet":"max-snippet:-1","max-image-preview":"max-image-preview:large","max-video-preview":"max-video-preview:-1"},"canonical":"https:\/\/flashmode.tn\/magazine\/comment-entretenir-son-mirabellier\/","og_locale":"fr_FR","og_type":"article","og_title":"Comment entretenir son mirabellier ? - Flashmode Magazine | Magazine de mode et style de vie Num\u00e9ro un en Tunisie et au Maghreb","og_description":"Le mirabellier se passe g\u00e9n\u00e9ralement d'engrais. Si votre sol est de nature pauvre, apportez de l'engrais sp\u00e9cial arbres fruitiers au printemps et du","og_url":"https:\/\/flashmode.tn\/magazine\/comment-entretenir-son-mirabellier\/","og_site_name":"Flashmode Magazine | Magazine de mode et style de vie Num\u00e9ro un en Tunisie et au Maghreb","article_publisher":"https:\/\/www.facebook.com\/flashmode.magazine\/","article_published_time":"2021-11-15T13:32:28+00:00","author":"EventsEditors","twitter_card":"summary_large_image","twitter_creator":"@agenceflashmode","twitter_site":"@agenceflashmode","twitter_misc":{"\u00c9crit par":"EventsEditors","Dur\u00e9e de lecture estim\u00e9e":"6 minutes"},"schema":{"@context":"https:\/\/schema.org","@graph":[{"@type":"WebPage","@id":"https:\/\/flashmode.tn\/magazine\/comment-entretenir-son-mirabellier\/","url":"https:\/\/flashmode.tn\/magazine\/comment-entretenir-son-mirabellier\/","name":"Comment entretenir son mirabellier ?","isPartOf":{"@id":"https:\/\/flashmode.tn\/magazine\/#website"},"datePublished":"2021-11-15T13:32:28+00:00","author":{"@id":"https:\/\/flashmode.tn\/magazine\/#\/schema\/person\/257d6780605b915a5e352977f0f6f41c"},"description":"Le mirabellier se passe g\u00e9n\u00e9ralement d'engrais. Si votre sol est de nature pauvre, apportez de l'engrais sp\u00e9cial arbres fruitiers au printemps et du","breadcrumb":{"@id":"https:\/\/flashmode.tn\/magazine\/comment-entretenir-son-mirabellier\/#breadcrumb"},"inLanguage":"fr-FR","potentialAction":[{"@type":"ReadAction","target":["https:\/\/flashmode.tn\/magazine\/comment-entretenir-son-mirabellier\/"]}]},{"@type":"BreadcrumbList","@id":"https:\/\/flashmode.tn\/magazine\/comment-entretenir-son-mirabellier\/#breadcrumb","itemListElement":[{"@type":"ListItem","position":1,"name":"Accueil","item":"https:\/\/flashmode.tn\/magazine\/"},{"@type":"ListItem","position":2,"name":"Comment entretenir son mirabellier ?"}]},{"@type":"WebSite","@id":"https:\/\/flashmode.tn\/magazine\/#website","url":"https:\/\/flashmode.tn\/magazine\/","name":"Flashmode Magazine | Magazine de mode et style de vie Num\u00e9ro un en Tunisie et au Maghreb","description":"Magazine de mode et style de vie Num\u00e9ro un en Tunisie et au Maghreb, cr\u00e9\u00e9 pour les hommes et les femmes : conseils beaut\u00e9, mode femme, mode homme, recettes de cuisine, c\u00e9l\u00e9brit\u00e9s et people, mannequins et top modeles","potentialAction":[{"@type":"SearchAction","target":{"@type":"EntryPoint","urlTemplate":"https:\/\/flashmode.tn\/magazine\/?s={search_term_string}"},"query-input":{"@type":"PropertyValueSpecification","valueRequired":true,"valueName":"search_term_string"}}],"inLanguage":"fr-FR"},{"@type":"Person","@id":"https:\/\/flashmode.tn\/magazine\/#\/schema\/person\/257d6780605b915a5e352977f0f6f41c","name":"EventsEditors","image":{"@type":"ImageObject","inLanguage":"fr-FR","@id":"https:\/\/flashmode.tn\/magazine\/#\/schema\/person\/image\/","url":"https:\/\/secure.gravatar.com\/avatar\/e2daedf958f66be37c9a79abe56184d85cd1baa6bba0dd8017e3f7d01555232f?s=96&d=mm&r=g","contentUrl":"https:\/\/secure.gravatar.com\/avatar\/e2daedf958f66be37c9a79abe56184d85cd1baa6bba0dd8017e3f7d01555232f?s=96&d=mm&r=g","caption":"EventsEditors"},"url":"https:\/\/flashmode.tn\/magazine\/author\/eventseditors\/"}]}},"jetpack_publicize_connections":[],"jetpack_featured_media_url":"","jetpack_shortlink":"https:\/\/wp.me\/p8BPGr-bfm","jetpack_sharing_enabled":true,"_links":{"self":[{"href":"https:\/\/flashmode.tn\/magazine\/wp-json\/wp\/v2\/posts\/43236","targetHints":{"allow":["GET"]}}],"collection":[{"href":"https:\/\/flashmode.tn\/magazine\/wp-json\/wp\/v2\/posts"}],"about":[{"href":"https:\/\/flashmode.tn\/magazine\/wp-json\/wp\/v2\/types\/post"}],"author":[{"embeddable":true,"href":"https:\/\/flashmode.tn\/magazine\/wp-json\/wp\/v2\/users\/6"}],"replies":[{"embeddable":true,"href":"https:\/\/flashmode.tn\/magazine\/wp-json\/wp\/v2\/comments?post=43236"}],"version-history":[{"count":0,"href":"https:\/\/flashmode.tn\/magazine\/wp-json\/wp\/v2\/posts\/43236\/revisions"}],"wp:attachment":[{"href":"https:\/\/flashmode.tn\/magazine\/wp-json\/wp\/v2\/media?parent=43236"}],"wp:term":[{"taxonomy":"category","embeddable":true,"href":"https:\/\/flashmode.tn\/magazine\/wp-json\/wp\/v2\/categories?post=43236"},{"taxonomy":"post_tag","embeddable":true,"href":"https:\/\/flashmode.tn\/magazine\/wp-json\/wp\/v2\/tags?post=43236"}],"curies":[{"name":"wp","href":"https:\/\/api.w.org\/{rel}","templated":true}]}}