{"id":43772,"date":"2021-11-24T09:29:12","date_gmt":"2021-11-24T08:29:12","guid":{"rendered":"https:\/\/flashmode.tn\/magazine\/?p=43772"},"modified":"2021-11-24T09:29:12","modified_gmt":"2021-11-24T08:29:12","slug":"quelle-association-avec-les-poivrons","status":"publish","type":"post","link":"https:\/\/flashmode.tn\/magazine\/quelle-association-avec-les-poivrons\/","title":{"rendered":"Quelle association avec les poivrons ?"},"content":{"rendered":"<p>Emplacement et <b>association<\/b> favorable des <b>poivrons<\/b> et piments au potager. Les piments et <b>poivrons<\/b> ne s&rsquo;entendent pas <b>avec<\/b> les autres Solanac\u00e9es : tomate, aubergine, pomme de terre. Ils font bon compagnonnage <b>avec<\/b> chou, carotte, oeillet d&rsquo;Inde, rose d&rsquo;Inde.<\/p>\n<p>Mais encore, O\u00f9 planter les poivrons dans le jardin ?<\/p>\n<p>Dans quel sol et sous quelle exposition cultiver les <b>poivrons<\/b> ? Le <b>poivron<\/b> aime les terres profondes, richement amend\u00e9e \u00e0 l&rsquo;automne pr\u00e9c\u00e9dent en compost. L\u00e9gume du soleil, le <b>poivron<\/b> appr\u00e9cie une place chaude et lumineuse.<\/p>\n<p>et Quelle association avec les blettes ?<\/p>\n<p>Dans un jardin potager, la poir\u00e9e s&rsquo;accommode tr\u00e8s bien <b>avec<\/b> les carotte, chou-rave, navet, radis, haricot nain.<\/p>\n<p>Quelle association avec le potimarron ?<\/p>\n<p>Emplacement et <b>association<\/b> favorable <b>avec le potimarron<\/b><\/p>\n<p> Le <b>potimarron<\/b> pourra \u00eatre entour\u00e9 de ma\u00efs et de camomille. Eloignez, par contre, les choux et pommes de terre.<\/p>\n<div id=\"ez-toc-container\" class=\"ez-toc-v2_0_81 counter-hierarchy ez-toc-counter ez-toc-grey ez-toc-container-direction\">\n<div class=\"ez-toc-title-container\">\n<p class=\"ez-toc-title\" style=\"cursor:inherit\">Contenus de la page<\/p>\n<span class=\"ez-toc-title-toggle\"><a href=\"#\" class=\"ez-toc-pull-right ez-toc-btn ez-toc-btn-xs ez-toc-btn-default ez-toc-toggle\" aria-label=\"Toggle Table of Content\"><span class=\"ez-toc-js-icon-con\"><span class=\"\"><span class=\"eztoc-hide\" style=\"display:none;\">Toggle<\/span><span class=\"ez-toc-icon-toggle-span\"><svg style=\"fill: #999;color:#999\" xmlns=\"http:\/\/www.w3.org\/2000\/svg\" class=\"list-377408\" width=\"20px\" height=\"20px\" viewBox=\"0 0 24 24\" fill=\"none\"><path d=\"M6 6H4v2h2V6zm14 0H8v2h12V6zM4 11h2v2H4v-2zm16 0H8v2h12v-2zM4 16h2v2H4v-2zm16 0H8v2h12v-2z\" fill=\"currentColor\"><\/path><\/svg><svg style=\"fill: #999;color:#999\" class=\"arrow-unsorted-368013\" xmlns=\"http:\/\/www.w3.org\/2000\/svg\" width=\"10px\" height=\"10px\" viewBox=\"0 0 24 24\" version=\"1.2\" baseProfile=\"tiny\"><path d=\"M18.2 9.3l-6.2-6.3-6.2 6.3c-.2.2-.3.4-.3.7s.1.5.3.7c.2.2.4.3.7.3h11c.3 0 .5-.1.7-.3.2-.2.3-.5.3-.7s-.1-.5-.3-.7zM5.8 14.7l6.2 6.3 6.2-6.3c.2-.2.3-.5.3-.7s-.1-.5-.3-.7c-.2-.2-.4-.3-.7-.3h-11c-.3 0-.5.1-.7.3-.2.2-.3.5-.3.7s.1.5.3.7z\"\/><\/svg><\/span><\/span><\/span><\/a><\/span><\/div>\n<nav><ul class='ez-toc-list ez-toc-list-level-1 ' ><li class='ez-toc-page-1 ez-toc-heading-level-2'><a class=\"ez-toc-link ez-toc-heading-1\" href=\"https:\/\/flashmode.tn\/magazine\/quelle-association-avec-les-poivrons\/#Quel_legume_associer_avec_les_courgettes\" >Quel l\u00e9gume associer avec les courgettes ?<\/a><\/li><li class='ez-toc-page-1 ez-toc-heading-level-2'><a class=\"ez-toc-link ez-toc-heading-2\" href=\"https:\/\/flashmode.tn\/magazine\/quelle-association-avec-les-poivrons\/#Comment_faire_pour_avoir_de_beaux_poivrons\" >Comment faire pour avoir de beaux poivrons ?<\/a><\/li><li class='ez-toc-page-1 ez-toc-heading-level-2'><a class=\"ez-toc-link ez-toc-heading-3\" href=\"https:\/\/flashmode.tn\/magazine\/quelle-association-avec-les-poivrons\/#Quelle_exposition_pour_planter_des_courgettes\" >Quelle exposition pour planter des courgettes ?<\/a><\/li><li class='ez-toc-page-1 ez-toc-heading-level-2'><a class=\"ez-toc-link ez-toc-heading-4\" href=\"https:\/\/flashmode.tn\/magazine\/quelle-association-avec-les-poivrons\/#Quel_legume_planter_a_cote_des_blettes\" >Quel l\u00e9gume planter \u00e0 c\u00f4t\u00e9 des blettes ?<\/a><\/li><li class='ez-toc-page-1 ez-toc-heading-level-2'><a class=\"ez-toc-link ez-toc-heading-5\" href=\"https:\/\/flashmode.tn\/magazine\/quelle-association-avec-les-poivrons\/#Quel_legume_ne_pas_planter_a_cote_des_tomates\" >Quel l\u00e9gume ne pas planter \u00e0 c\u00f4t\u00e9 des tomates ?<\/a><\/li><li class='ez-toc-page-1 ez-toc-heading-level-2'><a class=\"ez-toc-link ez-toc-heading-6\" href=\"https:\/\/flashmode.tn\/magazine\/quelle-association-avec-les-poivrons\/#Ou_planter_les_blettes_dans_le_jardin\" >O\u00f9 planter les blettes dans le jardin ?<\/a><\/li><li class='ez-toc-page-1 ez-toc-heading-level-2'><a class=\"ez-toc-link ez-toc-heading-7\" href=\"https:\/\/flashmode.tn\/magazine\/quelle-association-avec-les-poivrons\/#Quel_legume_associer_avec_le_melon\" >Quel l\u00e9gume associer avec le melon ?<\/a><\/li><li class='ez-toc-page-1 ez-toc-heading-level-2'><a class=\"ez-toc-link ez-toc-heading-8\" href=\"https:\/\/flashmode.tn\/magazine\/quelle-association-avec-les-poivrons\/#Quelle_plante_associer_au_Butternut\" >Quelle plante associer au Butternut ?<\/a><\/li><li class='ez-toc-page-1 ez-toc-heading-level-2'><a class=\"ez-toc-link ez-toc-heading-9\" href=\"https:\/\/flashmode.tn\/magazine\/quelle-association-avec-les-poivrons\/#Quels_legumes_ne_pas_mettre_a_cote_des_courgettes\" >Quels l\u00e9gumes ne pas mettre \u00e0 c\u00f4t\u00e9 des courgettes ?<\/a><\/li><li class='ez-toc-page-1 ez-toc-heading-level-2'><a class=\"ez-toc-link ez-toc-heading-10\" href=\"https:\/\/flashmode.tn\/magazine\/quelle-association-avec-les-poivrons\/#Quelle_plante_associer_avec_la_courge\" >Quelle plante associer avec la courge ?<\/a><\/li><li class='ez-toc-page-1 ez-toc-heading-level-2'><a class=\"ez-toc-link ez-toc-heading-11\" href=\"https:\/\/flashmode.tn\/magazine\/quelle-association-avec-les-poivrons\/#Comment_soccuper_dun_plant_de_poivron\" >Comment s&rsquo;occuper d&rsquo;un plant de poivron ?<\/a><\/li><li class='ez-toc-page-1 ez-toc-heading-level-2'><a class=\"ez-toc-link ez-toc-heading-12\" href=\"https:\/\/flashmode.tn\/magazine\/quelle-association-avec-les-poivrons\/#Quel_engrais_pour_les_poivrons\" >Quel engrais pour les poivrons ?<\/a><\/li><li class='ez-toc-page-1 ez-toc-heading-level-2'><a class=\"ez-toc-link ez-toc-heading-13\" href=\"https:\/\/flashmode.tn\/magazine\/quelle-association-avec-les-poivrons\/#Pourquoi_mes_poivrons_ne_grossissent_pas\" >Pourquoi mes poivrons ne grossissent pas ?<\/a><\/li><li class='ez-toc-page-1 ez-toc-heading-level-2'><a class=\"ez-toc-link ez-toc-heading-14\" href=\"https:\/\/flashmode.tn\/magazine\/quelle-association-avec-les-poivrons\/#Quel_ensoleillement_pour_les_courgettes\" >Quel ensoleillement pour les courgettes ?<\/a><\/li><li class='ez-toc-page-1 ez-toc-heading-level-2'><a class=\"ez-toc-link ez-toc-heading-15\" href=\"https:\/\/flashmode.tn\/magazine\/quelle-association-avec-les-poivrons\/#Ou_et_quand_planter_les_courgettes\" >O\u00f9 et quand planter les courgettes ?<\/a><\/li><li class='ez-toc-page-1 ez-toc-heading-level-2'><a class=\"ez-toc-link ez-toc-heading-16\" href=\"https:\/\/flashmode.tn\/magazine\/quelle-association-avec-les-poivrons\/#Ou_planter_les_plants_de_courgettes_en_pleine_terre\" >O\u00f9 planter les plants de courgettes en pleine terre ?<\/a><\/li><li class='ez-toc-page-1 ez-toc-heading-level-2'><a class=\"ez-toc-link ez-toc-heading-17\" href=\"https:\/\/flashmode.tn\/magazine\/quelle-association-avec-les-poivrons\/#Ou_planter_la_Poiree\" >O\u00f9 planter la Poiree ?<\/a><\/li><li class='ez-toc-page-1 ez-toc-heading-level-2'><a class=\"ez-toc-link ez-toc-heading-18\" href=\"https:\/\/flashmode.tn\/magazine\/quelle-association-avec-les-poivrons\/#Quelle_association_avec_les_pommes_de_terre\" >Quelle association avec les pommes de terre ?<\/a><\/li><li class='ez-toc-page-1 ez-toc-heading-level-2'><a class=\"ez-toc-link ez-toc-heading-19\" href=\"https:\/\/flashmode.tn\/magazine\/quelle-association-avec-les-poivrons\/#Comment_booster_les_blettes\" >Comment booster les blettes ?<\/a><\/li><\/ul><\/nav><\/div>\n<h2><span class=\"ez-toc-section\" id=\"Quel_legume_associer_avec_les_courgettes\"><\/span>Quel l\u00e9gume associer avec les courgettes ?<span class=\"ez-toc-section-end\"><\/span><\/h2>\n<p>De bons compagnons pour la <b>courgette<\/b><\/p>\n<p> Les Alliac\u00e9es : ciboulette, \u00e9chalote, oignon, ail, prot\u00e8gent les <b>courgettes<\/b> contre les maladies cryptogamiques. Les Fabac\u00e9es (l\u00e9gumineuses) : petit pois et haricot peuvent \u00eatre plant\u00e9s pr\u00e8s <b>des<\/b> pieds de <b>courgettes<\/b> qu&rsquo;ils fertilisent gr\u00e2ce \u00e0 l&rsquo;azote qu&rsquo;ils pi\u00e8gent.<\/p>\n<h2><span class=\"ez-toc-section\" id=\"Comment_faire_pour_avoir_de_beaux_poivrons\"><\/span><strong>Comment faire pour avoir de beaux poivrons ?<\/strong><span class=\"ez-toc-section-end\"><\/span><\/h2>\n<p>Les <b>poivrons<\/b> ont besoin d&rsquo;un sol riche en terreau et qui se draine facilement. \u00c9vitez de <b>faire<\/b> trop d&rsquo;apport en azote, car un exc\u00e8s peut entra\u00eener un fort d\u00e9veloppement du feuillage, et peu ou pas de fruits. Le pH id\u00e9al du sol doit \u00eatre entre 6,0 et 6,5.<\/p>\n<h2><span class=\"ez-toc-section\" id=\"Quelle_exposition_pour_planter_des_courgettes\"><\/span><strong>Quelle exposition pour planter des courgettes ?<\/strong><span class=\"ez-toc-section-end\"><\/span><\/h2>\n<p><b>Plantation de<\/b> la <b>courgette<\/b><\/p>\n<p> L&#8217;emplacement doit \u00eatre ensoleill\u00e9, mais \u00e9galement bien abrit\u00e9. <b>Planter<\/b> les <b>courgettes<\/b> d\u00e8s que les gel\u00e9es ne sont plus \u00e0 craindre, dans une terre r\u00e9chauff\u00e9e (10 \u00b0C), largement enrichie.<\/p>\n<h2><span class=\"ez-toc-section\" id=\"Quel_legume_planter_a_cote_des_blettes\"><\/span><strong>Quel l\u00e9gume planter \u00e0 c\u00f4t\u00e9 des blettes ?<\/strong><span class=\"ez-toc-section-end\"><\/span><\/h2>\n<p>du chou-rave, du poireau, de la ciboulette, et de bien d&rsquo;autres <b>l\u00e9gumes<\/b>.<\/p>\n<h2><span class=\"ez-toc-section\" id=\"Quel_legume_ne_pas_planter_a_cote_des_tomates\"><\/span><strong>Quel l\u00e9gume ne pas planter \u00e0 c\u00f4t\u00e9 des tomates ?<\/strong><span class=\"ez-toc-section-end\"><\/span><\/h2>\n<p>Les plantes \u00e9galement de la famille des Solanac\u00e9es, comme la pomme de terre, l&rsquo;aubergine (Solanum melongena), le poivron, <b>ne<\/b> font <b>pas<\/b> bon compagnonnage avec la <b>tomate<\/b>.<\/p>\n<h2><span class=\"ez-toc-section\" id=\"Ou_planter_les_blettes_dans_le_jardin\"><\/span><strong>O\u00f9 planter les blettes dans le jardin ?<\/strong><span class=\"ez-toc-section-end\"><\/span><\/h2>\n<p><b>O\u00f9 planter les blettes<\/b> ? Ce l\u00e9gume-feuille peut \u00eatre cultiv\u00e9 partout, \u00e0 condition d&rsquo;avoir suffisamment d&rsquo;eau car il d\u00e9teste la s\u00e9cheresse. La <b>blette<\/b> appr\u00e9cie les sols frais et profonds, du fait de sa racine pivotante, et les situations ensoleill\u00e9es tant qu&rsquo;elle dispose d&rsquo;assez d&rsquo;eau.<\/p>\n<h2><span class=\"ez-toc-section\" id=\"Quel_legume_associer_avec_le_melon\"><\/span><strong>Quel l\u00e9gume associer avec le melon ?<\/strong><span class=\"ez-toc-section-end\"><\/span><\/h2>\n<p>Le <b>melon<\/b> d\u00e9teste la proximit\u00e9 des v\u00e9g\u00e9taux de la m\u00eame famille. Ne le plantez pas <b>avec<\/b> d&rsquo;autres Cucurbitac\u00e9es (courges, concombres, etc.). Il s&rsquo;\u00e9panouira au voisinage des choux, haricots ou ma\u00efs doux, son feuillage pouvant m\u00eame faire office de paillage naturel.<\/p>\n<h2><span class=\"ez-toc-section\" id=\"Quelle_plante_associer_au_Butternut\"><\/span><strong>Quelle plante associer au Butternut ?<\/strong><span class=\"ez-toc-section-end\"><\/span><\/h2>\n<p><b>  Les  <b>   plantes  <\/b>  amies <\/b> <\/p>\n<ol>\n<li>   Les oignons, aulx, ciboulettes et autres \u00e9chalotes sont de bonnes   <b>    plantes   <\/b>   compagnes pour les cucurbitac\u00e9es.  <\/li>\n<li>   Les haricots \u00e0 rame sont de bons pourvoyeurs d&rsquo;azote, comme toutes les   <b>    plantes   <\/b>   de leur famille. &#8230;  <\/li>\n<li>   Des fleurs, pour attirer le plus grand nombre d&rsquo;insectes pollinisateurs.  <\/li>\n<\/ol>\n<h2><span class=\"ez-toc-section\" id=\"Quels_legumes_ne_pas_mettre_a_cote_des_courgettes\"><\/span><strong>Quels l\u00e9gumes ne pas mettre \u00e0 c\u00f4t\u00e9 des courgettes ?<\/strong><span class=\"ez-toc-section-end\"><\/span><\/h2>\n<p>Les pommes de terre, les tomates et les concombres sont sensibles aux m\u00eames pathologies que les <b>courgettes<\/b>. Il est donc vivement d\u00e9conseill\u00e9 de les tenir \u00e0 bonne distance les uns des autres dans votre potager.<\/p>\n<h2><span class=\"ez-toc-section\" id=\"Quelle_plante_associer_avec_la_courge\"><\/span><strong>Quelle plante associer avec la courge ?<\/strong><span class=\"ez-toc-section-end\"><\/span><\/h2>\n<p>La famille des <b>courges<\/b> se plaira pr\u00e8s des haricots, des pois <b>et de<\/b> la ciboulette. Le melon cohabitera <b>\u00e0<\/b> merveille <b>avec<\/b> le <b>potiron<\/b>. Les radis se plairont aupr\u00e8s des carottes, des haricots <b>et<\/b> des salades. <b>Pour<\/b> la pomme <b>de<\/b> terre, les favoris seront les pois, les haricots <b>et<\/b> l&rsquo;ail.<\/p>\n<h2><span class=\"ez-toc-section\" id=\"Comment_soccuper_dun_plant_de_poivron\"><\/span><strong>Comment s&rsquo;occuper d&rsquo;un plant de poivron ?<\/strong><span class=\"ez-toc-section-end\"><\/span><\/h2>\n<p>Laisser venir les fruits naturellement, mais guetter leur apparition. Quand les premiers, puis les suivants, sont bien form\u00e9s, tailler les rameaux secondaires qui les portent, une feuille au-dessus du dernier fruit. En climat frais, lorsque le pied porte de 12 \u00e0 15 piments ou <b>poivrons<\/b>, \u00e9t\u00eater la tige principale.<\/p>\n<h2><span class=\"ez-toc-section\" id=\"Quel_engrais_pour_les_poivrons\"><\/span><strong>Quel engrais pour les poivrons ?<\/strong><span class=\"ez-toc-section-end\"><\/span><\/h2>\n<p>Le compost maison, bien d\u00e9compos\u00e9, est id\u00e9al comme mati\u00e8re organique <b>pour<\/b> enrichir le sol avant la plantation. Il peut \u00eatre compl\u00e9t\u00e9 par de la cendre de bois qui apportera de la potasse. Le purin d&rsquo;ortie apportera l&rsquo;azote n\u00e9cessaire \u00e0 la plante tout au long de sa croissance.<\/p>\n<h2><span class=\"ez-toc-section\" id=\"Pourquoi_mes_poivrons_ne_grossissent_pas\"><\/span><strong>Pourquoi mes poivrons ne grossissent pas ?<\/strong><span class=\"ez-toc-section-end\"><\/span><\/h2>\n<p>C&rsquo;est signe que la plante <b>ne<\/b> re\u00e7oit <b>pas<\/b> les conditions ad\u00e9quates. Les <b>poivrons<\/b> aiment beaucoup de soleil et de chaleur. Assurez-vous qu&rsquo;ils re\u00e7oivent au moins 8 heures de soleil par jour et <b>ne<\/b> les repiquez <b>pas<\/b> au jardin trop t\u00f4t. &#8230; En g\u00e9n\u00e9ral, plus les fruits sont petits, plus il y a de fruits par plante.<\/p>\n<h2><span class=\"ez-toc-section\" id=\"Quel_ensoleillement_pour_les_courgettes\"><\/span><strong>Quel ensoleillement pour les courgettes ?<\/strong><span class=\"ez-toc-section-end\"><\/span><\/h2>\n<p>2- L&rsquo;exposition<\/p>\n<p> Si c&rsquo;est possible, privil\u00e9giez le soleil du matin (toute la journ\u00e9e c&rsquo;est encore mieux) <b>pour<\/b> que les insectes pollinisateurs soient \u00e0 pied d&rsquo;\u0153uvre \u00e0 l&rsquo;ouverture <b>des<\/b> fleurs, t\u00f4t le matin.<\/p>\n<h2><span class=\"ez-toc-section\" id=\"Ou_et_quand_planter_les_courgettes\"><\/span><strong>O\u00f9 et quand planter les courgettes ?<\/strong><span class=\"ez-toc-section-end\"><\/span><\/h2>\n<p>Le semis de <b>courgette<\/b>, en pleine terre (de la mi-mai \u00e0 la mi-juin) ou en pot (de la mi-avril \u00e0 la mi-mai) est \u00e0 envisager en Lune montante (Lune ascendante). La <b>plantation<\/b> des <b>courgettes<\/b>, elle, s&rsquo;effectue en Lune descendante. Et \u00e0 partir de la mi-mai, apr\u00e8s les derni\u00e8res gel\u00e9es.<\/p>\n<h2><span class=\"ez-toc-section\" id=\"Ou_planter_les_plants_de_courgettes_en_pleine_terre\"><\/span><strong>O\u00f9 planter les plants de courgettes en pleine terre ?<\/strong><span class=\"ez-toc-section-end\"><\/span><\/h2>\n<p>Comment <b>semer<\/b> les <b>courgettes<\/b><\/p>\n<p> En <b>pleine terre<\/b>, <b>semer<\/b> sous tunnel d\u00e9but mai et en <b>plein<\/b> air \u00e0 partir de la mi-mai, jusqu&rsquo;\u00e0 la mi-juillet dans le Sud. Placer 3 graines dans des poquets espac\u00e9s de 80 cm \u00e0 1 m suivant les vari\u00e9t\u00e9s. Ne conserver qu&rsquo;une plantule par poquet.<\/p>\n<h2><span class=\"ez-toc-section\" id=\"Ou_planter_la_Poiree\"><\/span><strong>O\u00f9 planter la Poiree ?<\/strong><span class=\"ez-toc-section-end\"><\/span><\/h2>\n<p>Espacement : 40 cm sur la ligne, en ligne distante de 40 cm. R\u00e9colte : 2 \u00e0 2,5 mois apr\u00e8s le semis. Bons mariages : La <b>poir\u00e9e<\/b> appr\u00e9cie la proximit\u00e9 de la carotte, du chou-rave, du radis, du navet et du haricot nain. Par contre il faut \u00e9viter de le faire voisiner \u00e0 c\u00f4t\u00e9 du poireau.<\/p>\n<h2><span class=\"ez-toc-section\" id=\"Quelle_association_avec_les_pommes_de_terre\"><\/span><strong>Quelle association avec les pommes de terre ?<\/strong><span class=\"ez-toc-section-end\"><\/span><\/h2>\n<p>En terme d&rsquo;<b>association<\/b>, les <b>pommes de terre<\/b> appr\u00e9cient de se trouver \u00e0 proximit\u00e9 des oignons et haricots. En revanche, il convient d&rsquo;\u00e9viter de cultiver c\u00f4te \u00e0 c\u00f4te <b>pommes de terre<\/b> et courges et concombres.<\/p>\n<h2><span class=\"ez-toc-section\" id=\"Comment_booster_les_blettes\"><\/span><strong>Comment booster les blettes ?<\/strong><span class=\"ez-toc-section-end\"><\/span><\/h2>\n<p>Type d&rsquo;engrais naturel recommand\u00e9 pour la fertilisation de la <b>bette<\/b>. Si cela est possible de s&rsquo;en procurer, le fumier de ferme bien m\u00fbr est d&rsquo;autant plus ad\u00e9quat qu&rsquo;il introduit du bore dans la terre. Il peut \u00eatre remplac\u00e9 par du compost bien d\u00e9compos\u00e9.<\/p>\n<h2><strong><\/strong><\/h2>\n<h2><strong><\/strong><\/h2>\n<hr \/>\n<p><em>Editeurs: 22 &#8211; R\u00e9f\u00e9rences: 30 articles<\/em><\/p>\n<p><em>N\u2019oubliez pas de partager l\u2019article !<\/em><\/p>\n","protected":false},"excerpt":{"rendered":"<p>Emplacement et association favorable des poivrons et piments au potager. Les piments et poivrons ne s&rsquo;entendent pas avec les autres Solanac\u00e9es : tomate, aubergine, pomme de terre. Ils font bon compagnonnage avec chou, carotte, oeillet d&rsquo;Inde, rose d&rsquo;Inde. Mais encore, O\u00f9 planter les poivrons dans le jardin ? Dans quel sol et sous quelle exposition [&hellip;]<\/p>\n","protected":false},"author":2,"featured_media":0,"comment_status":"open","ping_status":"open","sticky":false,"template":"","format":"standard","meta":{"tdm_status":"","tdm_grid_status":"","_jetpack_memberships_contains_paid_content":false,"footnotes":"","jetpack_publicize_message":"","jetpack_publicize_feature_enabled":true,"jetpack_social_post_already_shared":true,"jetpack_social_options":{"image_generator_settings":{"template":"highway","default_image_id":0,"font":"","enabled":false},"version":2}},"categories":[3457],"tags":[],"class_list":["post-43772","post","type-post","status-publish","format-standard","hentry","category-maison"],"yoast_head":"<!-- This site is optimized with the Yoast SEO Premium plugin v25.0 (Yoast SEO v25.0) - https:\/\/yoast.com\/wordpress\/plugins\/seo\/ -->\n<title>Quelle association avec les poivrons ?<\/title>\n<meta name=\"description\" content=\"Emplacement et association favorable des poivrons et piments au potager. Les piments et poivrons ne s&#039;entendent pas avec les autres Solanac\u00e9es : tomate,\" \/>\n<meta name=\"robots\" content=\"index, follow, max-snippet:-1, max-image-preview:large, max-video-preview:-1\" \/>\n<link rel=\"canonical\" href=\"https:\/\/flashmode.tn\/magazine\/quelle-association-avec-les-poivrons\/\" \/>\n<meta property=\"og:locale\" content=\"fr_FR\" \/>\n<meta property=\"og:type\" content=\"article\" \/>\n<meta property=\"og:title\" content=\"Quelle association avec les poivrons ? - Flashmode Magazine | Magazine de mode et style de vie Num\u00e9ro un en Tunisie et au Maghreb\" \/>\n<meta property=\"og:description\" content=\"Emplacement et association favorable des poivrons et piments au potager. Les piments et poivrons ne s&#039;entendent pas avec les autres Solanac\u00e9es : tomate,\" \/>\n<meta property=\"og:url\" content=\"https:\/\/flashmode.tn\/magazine\/quelle-association-avec-les-poivrons\/\" \/>\n<meta property=\"og:site_name\" content=\"Flashmode Magazine | Magazine de mode et style de vie Num\u00e9ro un en Tunisie et au Maghreb\" \/>\n<meta property=\"article:publisher\" content=\"https:\/\/www.facebook.com\/flashmode.magazine\/\" \/>\n<meta property=\"article:published_time\" content=\"2021-11-24T08:29:12+00:00\" \/>\n<meta name=\"author\" content=\"Nora D.\" \/>\n<meta name=\"twitter:card\" content=\"summary_large_image\" \/>\n<meta name=\"twitter:creator\" content=\"@agenceflashmode\" \/>\n<meta name=\"twitter:site\" content=\"@agenceflashmode\" \/>\n<meta name=\"twitter:label1\" content=\"\u00c9crit par\" \/>\n\t<meta name=\"twitter:data1\" content=\"Nora D.\" \/>\n\t<meta name=\"twitter:label2\" content=\"Dur\u00e9e de lecture estim\u00e9e\" \/>\n\t<meta name=\"twitter:data2\" content=\"6 minutes\" \/>\n<script type=\"application\/ld+json\" class=\"yoast-schema-graph\">{\"@context\":\"https:\/\/schema.org\",\"@graph\":[{\"@type\":\"WebPage\",\"@id\":\"https:\/\/flashmode.tn\/magazine\/quelle-association-avec-les-poivrons\/\",\"url\":\"https:\/\/flashmode.tn\/magazine\/quelle-association-avec-les-poivrons\/\",\"name\":\"Quelle association avec les poivrons ?\",\"isPartOf\":{\"@id\":\"https:\/\/flashmode.tn\/magazine\/#website\"},\"datePublished\":\"2021-11-24T08:29:12+00:00\",\"author\":{\"@id\":\"https:\/\/flashmode.tn\/magazine\/#\/schema\/person\/ebeaf8414935b60ba8817ab0babd7fbe\"},\"description\":\"Emplacement et association favorable des poivrons et piments au potager. Les piments et poivrons ne s'entendent pas avec les autres Solanac\u00e9es : tomate,\",\"breadcrumb\":{\"@id\":\"https:\/\/flashmode.tn\/magazine\/quelle-association-avec-les-poivrons\/#breadcrumb\"},\"inLanguage\":\"fr-FR\",\"potentialAction\":[{\"@type\":\"ReadAction\",\"target\":[\"https:\/\/flashmode.tn\/magazine\/quelle-association-avec-les-poivrons\/\"]}]},{\"@type\":\"BreadcrumbList\",\"@id\":\"https:\/\/flashmode.tn\/magazine\/quelle-association-avec-les-poivrons\/#breadcrumb\",\"itemListElement\":[{\"@type\":\"ListItem\",\"position\":1,\"name\":\"Accueil\",\"item\":\"https:\/\/flashmode.tn\/magazine\/\"},{\"@type\":\"ListItem\",\"position\":2,\"name\":\"Quelle association avec les poivrons ?\"}]},{\"@type\":\"WebSite\",\"@id\":\"https:\/\/flashmode.tn\/magazine\/#website\",\"url\":\"https:\/\/flashmode.tn\/magazine\/\",\"name\":\"Flashmode Magazine | Magazine de mode et style de vie Num\u00e9ro un en Tunisie et au Maghreb\",\"description\":\"Magazine de mode et style de vie Num\u00e9ro un en Tunisie et au Maghreb, cr\u00e9\u00e9 pour les hommes et les femmes : conseils beaut\u00e9, mode femme, mode homme, recettes de cuisine, c\u00e9l\u00e9brit\u00e9s et people, mannequins et top modeles\",\"potentialAction\":[{\"@type\":\"SearchAction\",\"target\":{\"@type\":\"EntryPoint\",\"urlTemplate\":\"https:\/\/flashmode.tn\/magazine\/?s={search_term_string}\"},\"query-input\":{\"@type\":\"PropertyValueSpecification\",\"valueRequired\":true,\"valueName\":\"search_term_string\"}}],\"inLanguage\":\"fr-FR\"},{\"@type\":\"Person\",\"@id\":\"https:\/\/flashmode.tn\/magazine\/#\/schema\/person\/ebeaf8414935b60ba8817ab0babd7fbe\",\"name\":\"Nora D.\",\"image\":{\"@type\":\"ImageObject\",\"inLanguage\":\"fr-FR\",\"@id\":\"https:\/\/flashmode.tn\/magazine\/#\/schema\/person\/image\/\",\"url\":\"https:\/\/secure.gravatar.com\/avatar\/a51d897ddf0a2216affe16e03a39790850922d1b5b29f147f35db7ccb8861eab?s=96&d=mm&r=g\",\"contentUrl\":\"https:\/\/secure.gravatar.com\/avatar\/a51d897ddf0a2216affe16e03a39790850922d1b5b29f147f35db7ccb8861eab?s=96&d=mm&r=g\",\"caption\":\"Nora D.\"},\"url\":\"https:\/\/flashmode.tn\/magazine\/author\/nora-damak\/\"}]}<\/script>\n<!-- \/ Yoast SEO Premium plugin. -->","yoast_head_json":{"title":"Quelle association avec les poivrons ?","description":"Emplacement et association favorable des poivrons et piments au potager. Les piments et poivrons ne s'entendent pas avec les autres Solanac\u00e9es : tomate,","robots":{"index":"index","follow":"follow","max-snippet":"max-snippet:-1","max-image-preview":"max-image-preview:large","max-video-preview":"max-video-preview:-1"},"canonical":"https:\/\/flashmode.tn\/magazine\/quelle-association-avec-les-poivrons\/","og_locale":"fr_FR","og_type":"article","og_title":"Quelle association avec les poivrons ? - Flashmode Magazine | Magazine de mode et style de vie Num\u00e9ro un en Tunisie et au Maghreb","og_description":"Emplacement et association favorable des poivrons et piments au potager. Les piments et poivrons ne s'entendent pas avec les autres Solanac\u00e9es : tomate,","og_url":"https:\/\/flashmode.tn\/magazine\/quelle-association-avec-les-poivrons\/","og_site_name":"Flashmode Magazine | Magazine de mode et style de vie Num\u00e9ro un en Tunisie et au Maghreb","article_publisher":"https:\/\/www.facebook.com\/flashmode.magazine\/","article_published_time":"2021-11-24T08:29:12+00:00","author":"Nora D.","twitter_card":"summary_large_image","twitter_creator":"@agenceflashmode","twitter_site":"@agenceflashmode","twitter_misc":{"\u00c9crit par":"Nora D.","Dur\u00e9e de lecture estim\u00e9e":"6 minutes"},"schema":{"@context":"https:\/\/schema.org","@graph":[{"@type":"WebPage","@id":"https:\/\/flashmode.tn\/magazine\/quelle-association-avec-les-poivrons\/","url":"https:\/\/flashmode.tn\/magazine\/quelle-association-avec-les-poivrons\/","name":"Quelle association avec les poivrons ?","isPartOf":{"@id":"https:\/\/flashmode.tn\/magazine\/#website"},"datePublished":"2021-11-24T08:29:12+00:00","author":{"@id":"https:\/\/flashmode.tn\/magazine\/#\/schema\/person\/ebeaf8414935b60ba8817ab0babd7fbe"},"description":"Emplacement et association favorable des poivrons et piments au potager. Les piments et poivrons ne s'entendent pas avec les autres Solanac\u00e9es : tomate,","breadcrumb":{"@id":"https:\/\/flashmode.tn\/magazine\/quelle-association-avec-les-poivrons\/#breadcrumb"},"inLanguage":"fr-FR","potentialAction":[{"@type":"ReadAction","target":["https:\/\/flashmode.tn\/magazine\/quelle-association-avec-les-poivrons\/"]}]},{"@type":"BreadcrumbList","@id":"https:\/\/flashmode.tn\/magazine\/quelle-association-avec-les-poivrons\/#breadcrumb","itemListElement":[{"@type":"ListItem","position":1,"name":"Accueil","item":"https:\/\/flashmode.tn\/magazine\/"},{"@type":"ListItem","position":2,"name":"Quelle association avec les poivrons ?"}]},{"@type":"WebSite","@id":"https:\/\/flashmode.tn\/magazine\/#website","url":"https:\/\/flashmode.tn\/magazine\/","name":"Flashmode Magazine | Magazine de mode et style de vie Num\u00e9ro un en Tunisie et au Maghreb","description":"Magazine de mode et style de vie Num\u00e9ro un en Tunisie et au Maghreb, cr\u00e9\u00e9 pour les hommes et les femmes : conseils beaut\u00e9, mode femme, mode homme, recettes de cuisine, c\u00e9l\u00e9brit\u00e9s et people, mannequins et top modeles","potentialAction":[{"@type":"SearchAction","target":{"@type":"EntryPoint","urlTemplate":"https:\/\/flashmode.tn\/magazine\/?s={search_term_string}"},"query-input":{"@type":"PropertyValueSpecification","valueRequired":true,"valueName":"search_term_string"}}],"inLanguage":"fr-FR"},{"@type":"Person","@id":"https:\/\/flashmode.tn\/magazine\/#\/schema\/person\/ebeaf8414935b60ba8817ab0babd7fbe","name":"Nora D.","image":{"@type":"ImageObject","inLanguage":"fr-FR","@id":"https:\/\/flashmode.tn\/magazine\/#\/schema\/person\/image\/","url":"https:\/\/secure.gravatar.com\/avatar\/a51d897ddf0a2216affe16e03a39790850922d1b5b29f147f35db7ccb8861eab?s=96&d=mm&r=g","contentUrl":"https:\/\/secure.gravatar.com\/avatar\/a51d897ddf0a2216affe16e03a39790850922d1b5b29f147f35db7ccb8861eab?s=96&d=mm&r=g","caption":"Nora D."},"url":"https:\/\/flashmode.tn\/magazine\/author\/nora-damak\/"}]}},"jetpack_publicize_connections":[],"jetpack_featured_media_url":"","jetpack_shortlink":"https:\/\/wp.me\/p8BPGr-bo0","jetpack_sharing_enabled":true,"_links":{"self":[{"href":"https:\/\/flashmode.tn\/magazine\/wp-json\/wp\/v2\/posts\/43772","targetHints":{"allow":["GET"]}}],"collection":[{"href":"https:\/\/flashmode.tn\/magazine\/wp-json\/wp\/v2\/posts"}],"about":[{"href":"https:\/\/flashmode.tn\/magazine\/wp-json\/wp\/v2\/types\/post"}],"author":[{"embeddable":true,"href":"https:\/\/flashmode.tn\/magazine\/wp-json\/wp\/v2\/users\/2"}],"replies":[{"embeddable":true,"href":"https:\/\/flashmode.tn\/magazine\/wp-json\/wp\/v2\/comments?post=43772"}],"version-history":[{"count":0,"href":"https:\/\/flashmode.tn\/magazine\/wp-json\/wp\/v2\/posts\/43772\/revisions"}],"wp:attachment":[{"href":"https:\/\/flashmode.tn\/magazine\/wp-json\/wp\/v2\/media?parent=43772"}],"wp:term":[{"taxonomy":"category","embeddable":true,"href":"https:\/\/flashmode.tn\/magazine\/wp-json\/wp\/v2\/categories?post=43772"},{"taxonomy":"post_tag","embeddable":true,"href":"https:\/\/flashmode.tn\/magazine\/wp-json\/wp\/v2\/tags?post=43772"}],"curies":[{"name":"wp","href":"https:\/\/api.w.org\/{rel}","templated":true}]}}