{"id":44554,"date":"2021-12-16T09:01:52","date_gmt":"2021-12-16T08:01:52","guid":{"rendered":"https:\/\/flashmode.tn\/magazine\/?p=44554"},"modified":"2021-12-16T09:01:52","modified_gmt":"2021-12-16T08:01:52","slug":"comment-faire-pousser-des-edelweiss","status":"publish","type":"post","link":"https:\/\/flashmode.tn\/magazine\/comment-faire-pousser-des-edelweiss\/","title":{"rendered":"Comment faire pousser des edelweiss ?"},"content":{"rendered":"<p>De f\u00e9vrier \u00e0 mai \u00e0 froid, en couche ou en serre froide, en petits pots dans un terreau de semis de qualit\u00e9. Les <b>graines<\/b> sont tr\u00e8s fines, semez tr\u00e8s l\u00e9ger. Tasser l\u00e9g\u00e8rement sans recouvrir les <b>graines<\/b> et arrosez en pluie ou mieux, pulv\u00e9risez \u00e0 l&rsquo;aide d&rsquo;un brumisateur \u00e0 main.<\/p>\n<p>Mais encore, Comment s&rsquo;occuper d&rsquo;une edelweiss ?<\/p>\n<p>Culture et <b>entretien<\/b> de l&rsquo;<b>edelweiss<\/b><\/p>\n<p> \u00d4tez les fleurs fan\u00e9es au fur et \u00e0 mesure pour stimuler la floraison. Griffez le sol r\u00e9guli\u00e8rement pour l&rsquo;a\u00e9rer. L&rsquo;<b>edelweiss<\/b> demande tr\u00e8s peu d&rsquo;arrosage : n&rsquo;arrosez qu&rsquo;en cas de fortes chaleurs. Rabattez \u00e0 l&rsquo;automne pour stimuler l&rsquo;apparition de nouvelles pousses.<\/p>\n<p>et O\u00f9 planter une edelweiss ?<\/p>\n<p>La <b>plantation<\/b> de l&rsquo;<b>edelweiss<\/b> peut se faire sans probl\u00e8me dans un sol pauvre et rocailleux mais bien drain\u00e9 car il supporte mal l&rsquo;humidit\u00e9. On peut aussi le cultiver au jardin, dans une jardini\u00e8re pos\u00e9e sur un balcon ou une terrasse. La <b>plantation<\/b> de l&rsquo;<b>edelweiss<\/b> se fait au printemps \u00e0 un emplacement ensoleill\u00e9.<\/p>\n<p>O\u00f9 trouver des graines d&rsquo;edelweiss ?<\/p>\n<p>Achat les <b>Graine d&rsquo;Edelweiss<\/b> a Jardinerie Koeman! Nous offrons des produits de haute qualit\u00e9 de jardin, semences, plantes et bulbes. Commande <b>Graine d&rsquo;Edelweiss<\/b> facilement en ligne.<\/p>\n<div id=\"ez-toc-container\" class=\"ez-toc-v2_0_81 counter-hierarchy ez-toc-counter ez-toc-grey ez-toc-container-direction\">\n<div class=\"ez-toc-title-container\">\n<p class=\"ez-toc-title\" style=\"cursor:inherit\">Contenus de la page<\/p>\n<span class=\"ez-toc-title-toggle\"><a href=\"#\" class=\"ez-toc-pull-right ez-toc-btn ez-toc-btn-xs ez-toc-btn-default ez-toc-toggle\" aria-label=\"Toggle Table of Content\"><span class=\"ez-toc-js-icon-con\"><span class=\"\"><span class=\"eztoc-hide\" style=\"display:none;\">Toggle<\/span><span class=\"ez-toc-icon-toggle-span\"><svg style=\"fill: #999;color:#999\" xmlns=\"http:\/\/www.w3.org\/2000\/svg\" class=\"list-377408\" width=\"20px\" height=\"20px\" viewBox=\"0 0 24 24\" fill=\"none\"><path d=\"M6 6H4v2h2V6zm14 0H8v2h12V6zM4 11h2v2H4v-2zm16 0H8v2h12v-2zM4 16h2v2H4v-2zm16 0H8v2h12v-2z\" fill=\"currentColor\"><\/path><\/svg><svg style=\"fill: #999;color:#999\" class=\"arrow-unsorted-368013\" xmlns=\"http:\/\/www.w3.org\/2000\/svg\" width=\"10px\" height=\"10px\" viewBox=\"0 0 24 24\" version=\"1.2\" baseProfile=\"tiny\"><path d=\"M18.2 9.3l-6.2-6.3-6.2 6.3c-.2.2-.3.4-.3.7s.1.5.3.7c.2.2.4.3.7.3h11c.3 0 .5-.1.7-.3.2-.2.3-.5.3-.7s-.1-.5-.3-.7zM5.8 14.7l6.2 6.3 6.2-6.3c.2-.2.3-.5.3-.7s-.1-.5-.3-.7c-.2-.2-.4-.3-.7-.3h-11c-.3 0-.5.1-.7.3-.2.2-.3.5-.3.7s.1.5.3.7z\"\/><\/svg><\/span><\/span><\/span><\/a><\/span><\/div>\n<nav><ul class='ez-toc-list ez-toc-list-level-1 ' ><li class='ez-toc-page-1 ez-toc-heading-level-2'><a class=\"ez-toc-link ez-toc-heading-1\" href=\"https:\/\/flashmode.tn\/magazine\/comment-faire-pousser-des-edelweiss\/#Ou_trouver_de_ledelweiss\" >O\u00f9 trouver de l&rsquo;edelweiss ?<\/a><\/li><li class='ez-toc-page-1 ez-toc-heading-level-2'><a class=\"ez-toc-link ez-toc-heading-2\" href=\"https:\/\/flashmode.tn\/magazine\/comment-faire-pousser-des-edelweiss\/#Quelle_exposition_pour_les_edelweiss\" >Quelle exposition pour les edelweiss ?<\/a><\/li><li class='ez-toc-page-1 ez-toc-heading-level-2'><a class=\"ez-toc-link ez-toc-heading-3\" href=\"https:\/\/flashmode.tn\/magazine\/comment-faire-pousser-des-edelweiss\/#Ou_pousse_ledelweiss\" >O\u00f9 pousse l&rsquo;edelweiss ?<\/a><\/li><li class='ez-toc-page-1 ez-toc-heading-level-2'><a class=\"ez-toc-link ez-toc-heading-4\" href=\"https:\/\/flashmode.tn\/magazine\/comment-faire-pousser-des-edelweiss\/#Ou_planter_du_muguet_dans_son_jardin\" >O\u00f9 planter du muguet dans son jardin ?<\/a><\/li><li class='ez-toc-page-1 ez-toc-heading-level-2'><a class=\"ez-toc-link ez-toc-heading-5\" href=\"https:\/\/flashmode.tn\/magazine\/comment-faire-pousser-des-edelweiss\/#Comment_planter_une_gentiane_bleue\" >Comment planter une gentiane bleue ?<\/a><\/li><li class='ez-toc-page-1 ez-toc-heading-level-2'><a class=\"ez-toc-link ez-toc-heading-6\" href=\"https:\/\/flashmode.tn\/magazine\/comment-faire-pousser-des-edelweiss\/#Comment_couper_des_edelweiss\" >Comment couper des edelweiss ?<\/a><\/li><li class='ez-toc-page-1 ez-toc-heading-level-2'><a class=\"ez-toc-link ez-toc-heading-7\" href=\"https:\/\/flashmode.tn\/magazine\/comment-faire-pousser-des-edelweiss\/#Ou_trouver_des_edelweiss_dans_la_Haute-savoie\" >O\u00f9 trouver des edelweiss dans la Haute-savoie ?<\/a><\/li><li class='ez-toc-page-1 ez-toc-heading-level-2'><a class=\"ez-toc-link ez-toc-heading-8\" href=\"https:\/\/flashmode.tn\/magazine\/comment-faire-pousser-des-edelweiss\/#Comment_ledelweiss_Resiste-t-elle_aux_conditions_extremes\" >Comment l&rsquo;edelweiss R\u00e9siste-t-elle aux conditions extr\u00eames ?<\/a><\/li><li class='ez-toc-page-1 ez-toc-heading-level-2'><a class=\"ez-toc-link ez-toc-heading-9\" href=\"https:\/\/flashmode.tn\/magazine\/comment-faire-pousser-des-edelweiss\/#Ou_trouver_de_ledelweiss_Dofus\" >O\u00f9 trouver de l&rsquo;edelweiss Dofus ?<\/a><\/li><li class='ez-toc-page-1 ez-toc-heading-level-2'><a class=\"ez-toc-link ez-toc-heading-10\" href=\"https:\/\/flashmode.tn\/magazine\/comment-faire-pousser-des-edelweiss\/#Ou_trouver_de_lEdelweiss_Dofus\" >O\u00f9 trouver de l&rsquo;Edelweiss Dofus ?<\/a><\/li><li class='ez-toc-page-1 ez-toc-heading-level-2'><a class=\"ez-toc-link ez-toc-heading-11\" href=\"https:\/\/flashmode.tn\/magazine\/comment-faire-pousser-des-edelweiss\/#Quel_est_lautre_nom_de_ledelweiss\" >Quel est l&rsquo;autre nom de l&rsquo;edelweiss ?<\/a><\/li><li class='ez-toc-page-1 ez-toc-heading-level-2'><a class=\"ez-toc-link ez-toc-heading-12\" href=\"https:\/\/flashmode.tn\/magazine\/comment-faire-pousser-des-edelweiss\/#Cest_quoi_rabattre_une_plante\" >C&rsquo;est quoi rabattre une plante ?<\/a><\/li><li class='ez-toc-page-1 ez-toc-heading-level-2'><a class=\"ez-toc-link ez-toc-heading-13\" href=\"https:\/\/flashmode.tn\/magazine\/comment-faire-pousser-des-edelweiss\/#Comment_realiser_un_massif_rocailleux\" >Comment r\u00e9aliser un massif rocailleux ?<\/a><\/li><li class='ez-toc-page-1 ez-toc-heading-level-2'><a class=\"ez-toc-link ez-toc-heading-14\" href=\"https:\/\/flashmode.tn\/magazine\/comment-faire-pousser-des-edelweiss\/#Quand_et_comment_planter_du_muguet\" >Quand et comment planter du muguet ?<\/a><\/li><li class='ez-toc-page-1 ez-toc-heading-level-2'><a class=\"ez-toc-link ez-toc-heading-15\" href=\"https:\/\/flashmode.tn\/magazine\/comment-faire-pousser-des-edelweiss\/#Quand_semer_des_graines_de_muguet\" >Quand semer des graines de muguet ?<\/a><\/li><li class='ez-toc-page-1 ez-toc-heading-level-2'><a class=\"ez-toc-link ez-toc-heading-16\" href=\"https:\/\/flashmode.tn\/magazine\/comment-faire-pousser-des-edelweiss\/#Quand_Couper_les_feuilles_de_muguet\" >Quand Couper les feuilles de muguet ?<\/a><\/li><li class='ez-toc-page-1 ez-toc-heading-level-2'><a class=\"ez-toc-link ez-toc-heading-17\" href=\"https:\/\/flashmode.tn\/magazine\/comment-faire-pousser-des-edelweiss\/#Ou_planter_des_Gentianes\" >O\u00f9 planter des Gentianes ?<\/a><\/li><li class='ez-toc-page-1 ez-toc-heading-level-2'><a class=\"ez-toc-link ez-toc-heading-18\" href=\"https:\/\/flashmode.tn\/magazine\/comment-faire-pousser-des-edelweiss\/#Comment_multiplier_la_gentiane\" >Comment multiplier la gentiane ?<\/a><\/li><li class='ez-toc-page-1 ez-toc-heading-level-2'><a class=\"ez-toc-link ez-toc-heading-19\" href=\"https:\/\/flashmode.tn\/magazine\/comment-faire-pousser-des-edelweiss\/#Comment_faire_germer_des_graines_de_gentiane\" >Comment faire germer des graines de gentiane ?<\/a><\/li><\/ul><\/nav><\/div>\n<h2><span class=\"ez-toc-section\" id=\"Ou_trouver_de_ledelweiss\"><\/span>O\u00f9 trouver de l&rsquo;edelweiss ?<span class=\"ez-toc-section-end\"><\/span><\/h2>\n<p>O\u00f9 peut-on voir l&rsquo;<b>edelweiss<\/b>? L&rsquo;<b>edelweiss<\/b> pousse sur les p\u00e2turages alpins riches en calcaire, \u00e0 une altitude entre 1&rsquo;800 et plus de 3&rsquo;000 m. Elle fleurit de juillet \u00e0 septembre. A Zermatt, le symbole des Alpes se d\u00e9tecte facilement sur les diff\u00e9rents chemins de randonn\u00e9e \u00e0 th\u00e8me.<\/p>\n<h2><span class=\"ez-toc-section\" id=\"Quelle_exposition_pour_les_edelweiss\"><\/span><strong>Quelle exposition pour les edelweiss ?<\/strong><span class=\"ez-toc-section-end\"><\/span><\/h2>\n<p>Plante mythique des montagnes, l&rsquo; <b>  edelweiss <\/b> pousse aussi tr\u00e8s bien au jardin pourvu que le sol soit caillouteux. <br \/> &#8230; <br \/> <b>  L&rsquo;  <b>   edelweiss  <\/b>  en pratique <\/b> <\/p>\n<ul>\n<li>   <b>    Exposition   <\/b>   : soleil\/mi-ombre.  <\/li>\n<li>   Sol : tr\u00e8s drain\u00e9, alcalin.  <\/li>\n<li>   Type de v\u00e9g\u00e9tation : vivace.  <\/li>\n<li>   Rusticit\u00e9 : -15\/-20\u00b0C.  <\/li>\n<li>   Maladies et parasites : limaces, escargots, pucerons.  <\/li>\n<\/ul>\n<h2><span class=\"ez-toc-section\" id=\"Ou_pousse_ledelweiss\"><\/span><strong>O\u00f9 pousse l&rsquo;edelweiss ?<\/strong><span class=\"ez-toc-section-end\"><\/span><\/h2>\n<p>O\u00f9 peut-on voir l&rsquo;<b>edelweiss<\/b>? L&rsquo;<b>edelweiss pousse<\/b> sur les p\u00e2turages alpins riches en calcaire, \u00e0 une altitude entre 1&rsquo;800 et plus de 3&rsquo;000 m. Elle fleurit de juillet \u00e0 septembre. A Zermatt, le symbole des Alpes se d\u00e9tecte facilement sur les diff\u00e9rents chemins de randonn\u00e9e \u00e0 th\u00e8me.<\/p>\n<h2><span class=\"ez-toc-section\" id=\"Ou_planter_du_muguet_dans_son_jardin\"><\/span><strong>O\u00f9 planter du muguet dans son jardin ?<\/strong><span class=\"ez-toc-section-end\"><\/span><\/h2>\n<p>choisir un emplacement \u00e0 l&rsquo;ombre ou \u00e0 mi-ombre. Le trou doit \u00eatre quatre fois plus grand que la motte, sur 15 cm de profondeur environ. Il doit \u00eatre bien ameubli car le <b>muguet<\/b> \u00ab trace \u00bb c&rsquo;est \u00e0 dire qu&rsquo;il va s&rsquo;\u00e9taler sous terre (il faut donc bien \u00e9taler la griffe au moment de la <b>plantation<\/b>).<\/p>\n<h2><span class=\"ez-toc-section\" id=\"Comment_planter_une_gentiane_bleue\"><\/span><strong>Comment planter une gentiane bleue ?<\/strong><span class=\"ez-toc-section-end\"><\/span><\/h2>\n<p><b>Plantation<\/b> de la <b>gentiane<\/b><\/p>\n<p> Pr\u00e9f\u00e9rez une <b>plantation<\/b> des godets au printemps \u00e0 raison de 5 \u00e0 10 pieds par m2. M\u00e9langez votre terre \u00e0 du terreau plantes fleuries et \u00e9ventuellement \u00e0 de la terre de bruy\u00e8re.<\/p>\n<h2><span class=\"ez-toc-section\" id=\"Comment_couper_des_edelweiss\"><\/span><strong>Comment couper des edelweiss ?<\/strong><span class=\"ez-toc-section-end\"><\/span><\/h2>\n<p>L&rsquo;<b>edelweiss<\/b> est une plante qui ne r\u00e9clame quasiment aucun entretien et qui refleurira d&rsquo;ann\u00e9e en ann\u00e9e. Supprimez les fleurs fan\u00e9es au fur et \u00e0 mesure. Vous pouvez rabattre \u00e0 l&rsquo;automne.<\/p>\n<h2><span class=\"ez-toc-section\" id=\"Ou_trouver_des_edelweiss_dans_la_Haute-savoie\"><\/span><strong>O\u00f9 trouver des edelweiss dans la Haute-savoie ?<\/strong><span class=\"ez-toc-section-end\"><\/span><\/h2>\n<p>L&rsquo;<b>edelweiss<\/b> est assez rare dans le Chablais : mont Chauff\u00e9, Tavaneuse, Roc d&rsquo;Enfer, Novel et compte une station excentr\u00e9e \u00e0 M\u00e9gevette, cr\u00eates d&rsquo;Hirmentaz \u00e0 1594m, vers 1990 (Ducrot). Elle est rare dans le Haut-Giffre : montagne de Bostan (1938, Bouket, Jay.<\/p>\n<h2><span class=\"ez-toc-section\" id=\"Comment_ledelweiss_Resiste-t-elle_aux_conditions_extremes\"><\/span><strong>Comment l&rsquo;edelweiss R\u00e9siste-t-elle aux conditions extr\u00eames ?<\/strong><span class=\"ez-toc-section-end\"><\/span><\/h2>\n<p><b>Comment l&rsquo;edelweiss r\u00e9siste<\/b>&#8211;<b>t<\/b>&#8211;<b>elle aux conditions extr\u00eames<\/b> ? <b>Elle<\/b> a de nombreux poils qui lui permettent de pi\u00e9ger l&rsquo;humidit\u00e9. <b>Elle<\/b> lutte ainsi contre le dess\u00e8chement.<\/p>\n<h2><span class=\"ez-toc-section\" id=\"Ou_trouver_de_ledelweiss_Dofus\"><\/span><strong>O\u00f9 trouver de l&rsquo;edelweiss Dofus ?<\/strong><span class=\"ez-toc-section-end\"><\/span><\/h2>\n<p>Il est simple de les r\u00e9colter quand on conna\u00eet les bons endroits. je connait la montagne basse des carcleure et le campement bwork mais il y en a pas enormement yen a meme pas 20 en tous ! Il a raison, les <b>edelweiss<\/b> sont rare et on en a extremement besoin pour les potions :'( Amicalement Lawa.<\/p>\n<h2><span class=\"ez-toc-section\" id=\"Ou_trouver_de_lEdelweiss_Dofus\"><\/span><strong>O\u00f9 trouver de l&rsquo;Edelweiss Dofus ?<\/strong><span class=\"ez-toc-section-end\"><\/span><\/h2>\n<p>Il est simple de les r\u00e9colter quand on conna\u00eet les bons endroits. je connait la montagne basse des carcleure et le campement bwork mais il y en a pas enormement yen a meme pas 20 en tous ! Il a raison, les <b>edelweiss<\/b> sont rare et on en a extremement besoin pour les potions :'( Amicalement Lawa.<\/p>\n<h2><span class=\"ez-toc-section\" id=\"Quel_est_lautre_nom_de_ledelweiss\"><\/span><strong>Quel est l&rsquo;autre nom de l&rsquo;edelweiss ?<\/strong><span class=\"ez-toc-section-end\"><\/span><\/h2>\n<p>L&rsquo;<b>edelweiss<\/b> porte diff\u00e9rents <b>noms<\/b> : pied-de-lion, gnaphale \u00e0 pied de lion, \u00e9toile d&rsquo;argent, \u00e9toile des glaciers, immortelle des neiges&#8230; Sans oublier <b>le nom<\/b> scientifique de l&rsquo;<b>edelweiss<\/b> : Leontopodium Alpinum.<\/p>\n<h2><span class=\"ez-toc-section\" id=\"Cest_quoi_rabattre_une_plante\"><\/span><strong>C&rsquo;est quoi rabattre une plante ?<\/strong><span class=\"ez-toc-section-end\"><\/span><\/h2>\n<p><b>Rabattre une plante<\/b> signifie la tailler tr\u00e8s court, tr\u00e8s pr\u00e8s du sol. <b>Rabattre<\/b> un v\u00e9g\u00e9tal a pour but de lui faire \u00e9mettre de nouvelles pousses. On peut <b>rabattre<\/b> totalement, s\u00e9v\u00e8rement, donc au ras, mais aussi partiellement: chaque tige sera raccourcie de moiti\u00e9, d&rsquo;un tiers, de 30 cm, \u2026<\/p>\n<h2><span class=\"ez-toc-section\" id=\"Comment_realiser_un_massif_rocailleux\"><\/span><strong>Comment r\u00e9aliser un massif rocailleux ?<\/strong><span class=\"ez-toc-section-end\"><\/span><\/h2>\n<p>Choisissez un emplacement dans votre rocaille entre les pierres. Creusez un petit trou de plantation, et m\u00e9langez au substrat un peu de sable grossier pour am\u00e9liorer le drainage. Sortez la plante de son pot puis plantez-la, et replacez le substrat tout autour. Arrosez.<\/p>\n<h2><span class=\"ez-toc-section\" id=\"Quand_et_comment_planter_du_muguet\"><\/span><strong>Quand et comment planter du muguet ?<\/strong><span class=\"ez-toc-section-end\"><\/span><\/h2>\n<p>Le meilleur moment pour <b>planter le muguet<\/b> est le d\u00e9but de l&rsquo;automne si vous achetez les griffes, mais cela peut se faire aussi au d\u00e9but du printemps, hors p\u00e9riodes de gel. Il peut aussi \u00eatre achet\u00e9 en pot, au printemps, et plant\u00e9 avant ou apr\u00e8s la floraison.<\/p>\n<h2><span class=\"ez-toc-section\" id=\"Quand_semer_des_graines_de_muguet\"><\/span><strong>Quand semer des graines de muguet ?<\/strong><span class=\"ez-toc-section-end\"><\/span><\/h2>\n<p><b>Quand semer<\/b> le <b>muguet<\/b> ? Le meilleur moment pour planter votre <b>muguet<\/b> est le d\u00e9but de l&rsquo;automne, en septembre et octobre, si vous l&rsquo;achetez sous forme de griffes ou de rhizomes. Vous pouvez \u00e9galement le planter au printemps, une fois le risque de gel \u00e9cart\u00e9, <b>quand<\/b> vous l&rsquo;achetez en pots ou en godets.<\/p>\n<h2><span class=\"ez-toc-section\" id=\"Quand_Couper_les_feuilles_de_muguet\"><\/span><strong>Quand Couper les feuilles de muguet ?<\/strong><span class=\"ez-toc-section-end\"><\/span><\/h2>\n<p>Lorsque les <b>feuilles<\/b> finissent par faner, il n&rsquo;est pas utile de les s\u00e9parer des autres <b>feuilles<\/b> : celles-ci tomberont toutes seules et le <b>muguet<\/b> refleurira au printemps suivant.<\/p>\n<h2><span class=\"ez-toc-section\" id=\"Ou_planter_des_Gentianes\"><\/span><strong>O\u00f9 planter des Gentianes ?<\/strong><span class=\"ez-toc-section-end\"><\/span><\/h2>\n<p>La <b>gentiane<\/b> appr\u00e9cie une exposition ensoleill\u00e9e mais pousse sans probl\u00e8me sous un peu d&rsquo;ombre. Privil\u00e9gier les endroits frais. La <b>gentiane<\/b> craint la s\u00e9cheresse en \u00e9t\u00e9 et l&rsquo;exc\u00e8s d&rsquo;humidit\u00e9 en hiver.<\/p>\n<h2><span class=\"ez-toc-section\" id=\"Comment_multiplier_la_gentiane\"><\/span><strong>Comment multiplier la gentiane ?<\/strong><span class=\"ez-toc-section-end\"><\/span><\/h2>\n<p><b>Multiplier<\/b> un <b>gentiane<\/b><\/p>\n<p> La <b>gentiane<\/b> peut \u00eatre divis\u00e9e par la touffe au printemps \u00e0 partir du mois de juin. Ou bien, elle peut \u00eatre sem\u00e9e en automne, sous ch\u00e2ssis froid, pour \u00eatre replant\u00e9e au printemps suivant.<\/p>\n<h2><span class=\"ez-toc-section\" id=\"Comment_faire_germer_des_graines_de_gentiane\"><\/span><strong>Comment faire germer des graines de gentiane ?<\/strong><span class=\"ez-toc-section-end\"><\/span><\/h2>\n<p>Les <b>graines<\/b> ont besoin d&rsquo;une p\u00e9riode de froid pour <b>germer<\/b> (stratification permettant de lever la dormance). Vous pouvez placer au pr\u00e9alable les <b>graines<\/b> dans un sachet en plastique, puis au r\u00e9frig\u00e9rateur, pour deux mois, et les semer ensuite en pot, au d\u00e9but du printemps.<\/p>\n<h2><strong><\/strong><\/h2>\n<h2><strong><\/strong><\/h2>\n<hr \/>\n<p><em>Editeurs: 36 &#8211; R\u00e9f\u00e9rences: 22 articles<\/em><\/p>\n<p><em>N\u2019oubliez pas de partager l\u2019article !<\/em><\/p>\n","protected":false},"excerpt":{"rendered":"<p>De f\u00e9vrier \u00e0 mai \u00e0 froid, en couche ou en serre froide, en petits pots dans un terreau de semis de qualit\u00e9. Les graines sont tr\u00e8s fines, semez tr\u00e8s l\u00e9ger. Tasser l\u00e9g\u00e8rement sans recouvrir les graines et arrosez en pluie ou mieux, pulv\u00e9risez \u00e0 l&rsquo;aide d&rsquo;un brumisateur \u00e0 main. Mais encore, Comment s&rsquo;occuper d&rsquo;une edelweiss [&hellip;]<\/p>\n","protected":false},"author":2,"featured_media":0,"comment_status":"open","ping_status":"open","sticky":false,"template":"","format":"standard","meta":{"tdm_status":"","tdm_grid_status":"","_jetpack_memberships_contains_paid_content":false,"footnotes":"","jetpack_publicize_message":"","jetpack_publicize_feature_enabled":true,"jetpack_social_post_already_shared":true,"jetpack_social_options":{"image_generator_settings":{"template":"highway","default_image_id":0,"font":"","enabled":false},"version":2}},"categories":[3457],"tags":[],"class_list":["post-44554","post","type-post","status-publish","format-standard","hentry","category-maison"],"yoast_head":"<!-- This site is optimized with the Yoast SEO Premium plugin v25.0 (Yoast SEO v25.0) - https:\/\/yoast.com\/wordpress\/plugins\/seo\/ -->\n<title>Comment faire pousser des edelweiss ?<\/title>\n<meta name=\"description\" content=\"De f\u00e9vrier \u00e0 mai \u00e0 froid, en couche ou en serre froide, en petits pots dans un terreau de semis de qualit\u00e9. Les graines sont tr\u00e8s fines, semez tr\u00e8s l\u00e9ger.\" \/>\n<meta name=\"robots\" content=\"index, follow, max-snippet:-1, max-image-preview:large, max-video-preview:-1\" \/>\n<link rel=\"canonical\" href=\"https:\/\/flashmode.tn\/magazine\/comment-faire-pousser-des-edelweiss\/\" \/>\n<meta property=\"og:locale\" content=\"fr_FR\" \/>\n<meta property=\"og:type\" content=\"article\" \/>\n<meta property=\"og:title\" content=\"Comment faire pousser des edelweiss ? - Flashmode Magazine | Magazine de mode et style de vie Num\u00e9ro un en Tunisie et au Maghreb\" \/>\n<meta property=\"og:description\" content=\"De f\u00e9vrier \u00e0 mai \u00e0 froid, en couche ou en serre froide, en petits pots dans un terreau de semis de qualit\u00e9. Les graines sont tr\u00e8s fines, semez tr\u00e8s l\u00e9ger.\" \/>\n<meta property=\"og:url\" content=\"https:\/\/flashmode.tn\/magazine\/comment-faire-pousser-des-edelweiss\/\" \/>\n<meta property=\"og:site_name\" content=\"Flashmode Magazine | Magazine de mode et style de vie Num\u00e9ro un en Tunisie et au Maghreb\" \/>\n<meta property=\"article:publisher\" content=\"https:\/\/www.facebook.com\/flashmode.magazine\/\" \/>\n<meta property=\"article:published_time\" content=\"2021-12-16T08:01:52+00:00\" \/>\n<meta name=\"author\" content=\"Nora D.\" \/>\n<meta name=\"twitter:card\" content=\"summary_large_image\" \/>\n<meta name=\"twitter:creator\" content=\"@agenceflashmode\" \/>\n<meta name=\"twitter:site\" content=\"@agenceflashmode\" \/>\n<meta name=\"twitter:label1\" content=\"\u00c9crit par\" \/>\n\t<meta name=\"twitter:data1\" content=\"Nora D.\" \/>\n\t<meta name=\"twitter:label2\" content=\"Dur\u00e9e de lecture estim\u00e9e\" \/>\n\t<meta name=\"twitter:data2\" content=\"6 minutes\" \/>\n<script type=\"application\/ld+json\" class=\"yoast-schema-graph\">{\"@context\":\"https:\/\/schema.org\",\"@graph\":[{\"@type\":\"WebPage\",\"@id\":\"https:\/\/flashmode.tn\/magazine\/comment-faire-pousser-des-edelweiss\/\",\"url\":\"https:\/\/flashmode.tn\/magazine\/comment-faire-pousser-des-edelweiss\/\",\"name\":\"Comment faire pousser des edelweiss ?\",\"isPartOf\":{\"@id\":\"https:\/\/flashmode.tn\/magazine\/#website\"},\"datePublished\":\"2021-12-16T08:01:52+00:00\",\"author\":{\"@id\":\"https:\/\/flashmode.tn\/magazine\/#\/schema\/person\/ebeaf8414935b60ba8817ab0babd7fbe\"},\"description\":\"De f\u00e9vrier \u00e0 mai \u00e0 froid, en couche ou en serre froide, en petits pots dans un terreau de semis de qualit\u00e9. Les graines sont tr\u00e8s fines, semez tr\u00e8s l\u00e9ger.\",\"breadcrumb\":{\"@id\":\"https:\/\/flashmode.tn\/magazine\/comment-faire-pousser-des-edelweiss\/#breadcrumb\"},\"inLanguage\":\"fr-FR\",\"potentialAction\":[{\"@type\":\"ReadAction\",\"target\":[\"https:\/\/flashmode.tn\/magazine\/comment-faire-pousser-des-edelweiss\/\"]}]},{\"@type\":\"BreadcrumbList\",\"@id\":\"https:\/\/flashmode.tn\/magazine\/comment-faire-pousser-des-edelweiss\/#breadcrumb\",\"itemListElement\":[{\"@type\":\"ListItem\",\"position\":1,\"name\":\"Accueil\",\"item\":\"https:\/\/flashmode.tn\/magazine\/\"},{\"@type\":\"ListItem\",\"position\":2,\"name\":\"Comment faire pousser des edelweiss ?\"}]},{\"@type\":\"WebSite\",\"@id\":\"https:\/\/flashmode.tn\/magazine\/#website\",\"url\":\"https:\/\/flashmode.tn\/magazine\/\",\"name\":\"Flashmode Magazine | Magazine de mode et style de vie Num\u00e9ro un en Tunisie et au Maghreb\",\"description\":\"Magazine de mode et style de vie Num\u00e9ro un en Tunisie et au Maghreb, cr\u00e9\u00e9 pour les hommes et les femmes : conseils beaut\u00e9, mode femme, mode homme, recettes de cuisine, c\u00e9l\u00e9brit\u00e9s et people, mannequins et top modeles\",\"potentialAction\":[{\"@type\":\"SearchAction\",\"target\":{\"@type\":\"EntryPoint\",\"urlTemplate\":\"https:\/\/flashmode.tn\/magazine\/?s={search_term_string}\"},\"query-input\":{\"@type\":\"PropertyValueSpecification\",\"valueRequired\":true,\"valueName\":\"search_term_string\"}}],\"inLanguage\":\"fr-FR\"},{\"@type\":\"Person\",\"@id\":\"https:\/\/flashmode.tn\/magazine\/#\/schema\/person\/ebeaf8414935b60ba8817ab0babd7fbe\",\"name\":\"Nora D.\",\"image\":{\"@type\":\"ImageObject\",\"inLanguage\":\"fr-FR\",\"@id\":\"https:\/\/flashmode.tn\/magazine\/#\/schema\/person\/image\/\",\"url\":\"https:\/\/secure.gravatar.com\/avatar\/a51d897ddf0a2216affe16e03a39790850922d1b5b29f147f35db7ccb8861eab?s=96&d=mm&r=g\",\"contentUrl\":\"https:\/\/secure.gravatar.com\/avatar\/a51d897ddf0a2216affe16e03a39790850922d1b5b29f147f35db7ccb8861eab?s=96&d=mm&r=g\",\"caption\":\"Nora D.\"},\"url\":\"https:\/\/flashmode.tn\/magazine\/author\/nora-damak\/\"}]}<\/script>\n<!-- \/ Yoast SEO Premium plugin. -->","yoast_head_json":{"title":"Comment faire pousser des edelweiss ?","description":"De f\u00e9vrier \u00e0 mai \u00e0 froid, en couche ou en serre froide, en petits pots dans un terreau de semis de qualit\u00e9. Les graines sont tr\u00e8s fines, semez tr\u00e8s l\u00e9ger.","robots":{"index":"index","follow":"follow","max-snippet":"max-snippet:-1","max-image-preview":"max-image-preview:large","max-video-preview":"max-video-preview:-1"},"canonical":"https:\/\/flashmode.tn\/magazine\/comment-faire-pousser-des-edelweiss\/","og_locale":"fr_FR","og_type":"article","og_title":"Comment faire pousser des edelweiss ? - Flashmode Magazine | Magazine de mode et style de vie Num\u00e9ro un en Tunisie et au Maghreb","og_description":"De f\u00e9vrier \u00e0 mai \u00e0 froid, en couche ou en serre froide, en petits pots dans un terreau de semis de qualit\u00e9. Les graines sont tr\u00e8s fines, semez tr\u00e8s l\u00e9ger.","og_url":"https:\/\/flashmode.tn\/magazine\/comment-faire-pousser-des-edelweiss\/","og_site_name":"Flashmode Magazine | Magazine de mode et style de vie Num\u00e9ro un en Tunisie et au Maghreb","article_publisher":"https:\/\/www.facebook.com\/flashmode.magazine\/","article_published_time":"2021-12-16T08:01:52+00:00","author":"Nora D.","twitter_card":"summary_large_image","twitter_creator":"@agenceflashmode","twitter_site":"@agenceflashmode","twitter_misc":{"\u00c9crit par":"Nora D.","Dur\u00e9e de lecture estim\u00e9e":"6 minutes"},"schema":{"@context":"https:\/\/schema.org","@graph":[{"@type":"WebPage","@id":"https:\/\/flashmode.tn\/magazine\/comment-faire-pousser-des-edelweiss\/","url":"https:\/\/flashmode.tn\/magazine\/comment-faire-pousser-des-edelweiss\/","name":"Comment faire pousser des edelweiss ?","isPartOf":{"@id":"https:\/\/flashmode.tn\/magazine\/#website"},"datePublished":"2021-12-16T08:01:52+00:00","author":{"@id":"https:\/\/flashmode.tn\/magazine\/#\/schema\/person\/ebeaf8414935b60ba8817ab0babd7fbe"},"description":"De f\u00e9vrier \u00e0 mai \u00e0 froid, en couche ou en serre froide, en petits pots dans un terreau de semis de qualit\u00e9. Les graines sont tr\u00e8s fines, semez tr\u00e8s l\u00e9ger.","breadcrumb":{"@id":"https:\/\/flashmode.tn\/magazine\/comment-faire-pousser-des-edelweiss\/#breadcrumb"},"inLanguage":"fr-FR","potentialAction":[{"@type":"ReadAction","target":["https:\/\/flashmode.tn\/magazine\/comment-faire-pousser-des-edelweiss\/"]}]},{"@type":"BreadcrumbList","@id":"https:\/\/flashmode.tn\/magazine\/comment-faire-pousser-des-edelweiss\/#breadcrumb","itemListElement":[{"@type":"ListItem","position":1,"name":"Accueil","item":"https:\/\/flashmode.tn\/magazine\/"},{"@type":"ListItem","position":2,"name":"Comment faire pousser des edelweiss ?"}]},{"@type":"WebSite","@id":"https:\/\/flashmode.tn\/magazine\/#website","url":"https:\/\/flashmode.tn\/magazine\/","name":"Flashmode Magazine | Magazine de mode et style de vie Num\u00e9ro un en Tunisie et au Maghreb","description":"Magazine de mode et style de vie Num\u00e9ro un en Tunisie et au Maghreb, cr\u00e9\u00e9 pour les hommes et les femmes : conseils beaut\u00e9, mode femme, mode homme, recettes de cuisine, c\u00e9l\u00e9brit\u00e9s et people, mannequins et top modeles","potentialAction":[{"@type":"SearchAction","target":{"@type":"EntryPoint","urlTemplate":"https:\/\/flashmode.tn\/magazine\/?s={search_term_string}"},"query-input":{"@type":"PropertyValueSpecification","valueRequired":true,"valueName":"search_term_string"}}],"inLanguage":"fr-FR"},{"@type":"Person","@id":"https:\/\/flashmode.tn\/magazine\/#\/schema\/person\/ebeaf8414935b60ba8817ab0babd7fbe","name":"Nora D.","image":{"@type":"ImageObject","inLanguage":"fr-FR","@id":"https:\/\/flashmode.tn\/magazine\/#\/schema\/person\/image\/","url":"https:\/\/secure.gravatar.com\/avatar\/a51d897ddf0a2216affe16e03a39790850922d1b5b29f147f35db7ccb8861eab?s=96&d=mm&r=g","contentUrl":"https:\/\/secure.gravatar.com\/avatar\/a51d897ddf0a2216affe16e03a39790850922d1b5b29f147f35db7ccb8861eab?s=96&d=mm&r=g","caption":"Nora D."},"url":"https:\/\/flashmode.tn\/magazine\/author\/nora-damak\/"}]}},"jetpack_publicize_connections":[],"jetpack_featured_media_url":"","jetpack_shortlink":"https:\/\/wp.me\/p8BPGr-bAC","jetpack_sharing_enabled":true,"_links":{"self":[{"href":"https:\/\/flashmode.tn\/magazine\/wp-json\/wp\/v2\/posts\/44554","targetHints":{"allow":["GET"]}}],"collection":[{"href":"https:\/\/flashmode.tn\/magazine\/wp-json\/wp\/v2\/posts"}],"about":[{"href":"https:\/\/flashmode.tn\/magazine\/wp-json\/wp\/v2\/types\/post"}],"author":[{"embeddable":true,"href":"https:\/\/flashmode.tn\/magazine\/wp-json\/wp\/v2\/users\/2"}],"replies":[{"embeddable":true,"href":"https:\/\/flashmode.tn\/magazine\/wp-json\/wp\/v2\/comments?post=44554"}],"version-history":[{"count":0,"href":"https:\/\/flashmode.tn\/magazine\/wp-json\/wp\/v2\/posts\/44554\/revisions"}],"wp:attachment":[{"href":"https:\/\/flashmode.tn\/magazine\/wp-json\/wp\/v2\/media?parent=44554"}],"wp:term":[{"taxonomy":"category","embeddable":true,"href":"https:\/\/flashmode.tn\/magazine\/wp-json\/wp\/v2\/categories?post=44554"},{"taxonomy":"post_tag","embeddable":true,"href":"https:\/\/flashmode.tn\/magazine\/wp-json\/wp\/v2\/tags?post=44554"}],"curies":[{"name":"wp","href":"https:\/\/api.w.org\/{rel}","templated":true}]}}