{"id":44873,"date":"2021-12-18T02:30:57","date_gmt":"2021-12-18T01:30:57","guid":{"rendered":"https:\/\/flashmode.tn\/magazine\/?p=44873"},"modified":"2021-12-18T02:30:57","modified_gmt":"2021-12-18T01:30:57","slug":"ou-planter-le-lys-des-incas","status":"publish","type":"post","link":"https:\/\/flashmode.tn\/magazine\/ou-planter-le-lys-des-incas\/","title":{"rendered":"O\u00f9 planter le lys des Incas ?"},"content":{"rendered":"<p><b>O\u00f9 planter<\/b> ? Les <b>lis des Incas<\/b> appr\u00e9cient un emplacement b\u00e9n\u00e9ficiant du soleil du matin, ou \u00e0 mi-ombre sous l&rsquo;ombre l\u00e9g\u00e8re d&rsquo;un arbre \u00e0 feuillage l\u00e9ger comme celui de l&rsquo;Albizia. Ils r\u00e9clament un sol l\u00e9ger, drain\u00e9, bien travaill\u00e9, \u00e0 tendance sableuse ou limoneuse et peu calcaire, neutre \u00e0 l\u00e9g\u00e8rement acide.<\/p>\n<p>Mais encore, Comment tailler des alstroemeria ?<\/p>\n<p><b>Comment tailler<\/b> son Alstroemeria ? Comme toutes les fleurs, il est important de retirer les feuilles et les fleurs fan\u00e9es de la plante afin de favoriser sa croissance et sa floraison. Apr\u00e8s les premi\u00e8res gel\u00e9es, vous pouvez couper le feuillage \u00e0 10 cm du sol pour laisser respirer la plante.<\/p>\n<p>et Quelle fleur ressemble au Lys ?<\/p>\n<p>Les h\u00e9m\u00e9rocalles ou lis perp\u00e9tuels<\/p>\n<p> Leurs <b>fleurs ressemblent<\/b> donc \u00e0 celles des lis avec quelques variations subtiles. Si vous aimez les lis, vous adorerez les h\u00e9m\u00e9rocalles. Leur floraison s&rsquo;\u00e9tale de juin \u00e0 septembre avec une exposition ensoleill\u00e9es et mi-ombrag\u00e9e.<\/p>\n<p>Comment prot\u00e9ger un lys en hiver ?<\/p>\n<p>En automne, coupez le feuillage, au ras du sol et <b>prot\u00e9gez<\/b> la souche par un paillage de 10 \u00e0 25 cm d&rsquo;\u00e9paisseur de feuilles mortes, de paille ou de frondes de foug\u00e8res : cette couverture isole les racines <b>du froid<\/b>. Le feuillage dispara\u00eetra totalement en <b>hiver<\/b> mais la plante repartira de plus belle au printemps.<\/p>\n<div id=\"ez-toc-container\" class=\"ez-toc-v2_0_81 counter-hierarchy ez-toc-counter ez-toc-grey ez-toc-container-direction\">\n<div class=\"ez-toc-title-container\">\n<p class=\"ez-toc-title\" style=\"cursor:inherit\">Contenus de la page<\/p>\n<span class=\"ez-toc-title-toggle\"><a href=\"#\" class=\"ez-toc-pull-right ez-toc-btn ez-toc-btn-xs ez-toc-btn-default ez-toc-toggle\" aria-label=\"Toggle Table of Content\"><span class=\"ez-toc-js-icon-con\"><span class=\"\"><span class=\"eztoc-hide\" style=\"display:none;\">Toggle<\/span><span class=\"ez-toc-icon-toggle-span\"><svg style=\"fill: #999;color:#999\" xmlns=\"http:\/\/www.w3.org\/2000\/svg\" class=\"list-377408\" width=\"20px\" height=\"20px\" viewBox=\"0 0 24 24\" fill=\"none\"><path d=\"M6 6H4v2h2V6zm14 0H8v2h12V6zM4 11h2v2H4v-2zm16 0H8v2h12v-2zM4 16h2v2H4v-2zm16 0H8v2h12v-2z\" fill=\"currentColor\"><\/path><\/svg><svg style=\"fill: #999;color:#999\" class=\"arrow-unsorted-368013\" xmlns=\"http:\/\/www.w3.org\/2000\/svg\" width=\"10px\" height=\"10px\" viewBox=\"0 0 24 24\" version=\"1.2\" baseProfile=\"tiny\"><path d=\"M18.2 9.3l-6.2-6.3-6.2 6.3c-.2.2-.3.4-.3.7s.1.5.3.7c.2.2.4.3.7.3h11c.3 0 .5-.1.7-.3.2-.2.3-.5.3-.7s-.1-.5-.3-.7zM5.8 14.7l6.2 6.3 6.2-6.3c.2-.2.3-.5.3-.7s-.1-.5-.3-.7c-.2-.2-.4-.3-.7-.3h-11c-.3 0-.5.1-.7.3-.2.2-.3.5-.3.7s.1.5.3.7z\"\/><\/svg><\/span><\/span><\/span><\/a><\/span><\/div>\n<nav><ul class='ez-toc-list ez-toc-list-level-1 ' ><li class='ez-toc-page-1 ez-toc-heading-level-2'><a class=\"ez-toc-link ez-toc-heading-1\" href=\"https:\/\/flashmode.tn\/magazine\/ou-planter-le-lys-des-incas\/#Comment_hiverner_Alstroemeria\" >Comment hiverner Alstroemeria ?<\/a><\/li><li class='ez-toc-page-1 ez-toc-heading-level-2'><a class=\"ez-toc-link ez-toc-heading-2\" href=\"https:\/\/flashmode.tn\/magazine\/ou-planter-le-lys-des-incas\/#Pourquoi_mon_Alstroemeria_ne_fleurit_pas\" >Pourquoi mon Alstroemeria ne fleurit pas ?<\/a><\/li><li class='ez-toc-page-1 ez-toc-heading-level-2'><a class=\"ez-toc-link ez-toc-heading-3\" href=\"https:\/\/flashmode.tn\/magazine\/ou-planter-le-lys-des-incas\/#Quelle_est_la_signification_de_la_fleur_de_lys\" >Quelle est la signification de la fleur de lys ?<\/a><\/li><li class='ez-toc-page-1 ez-toc-heading-level-2'><a class=\"ez-toc-link ez-toc-heading-4\" href=\"https:\/\/flashmode.tn\/magazine\/ou-planter-le-lys-des-incas\/#Ou_pousse_la_fleur_de_lys\" >O\u00f9 pousse la fleur de lys ?<\/a><\/li><li class='ez-toc-page-1 ez-toc-heading-level-2'><a class=\"ez-toc-link ez-toc-heading-5\" href=\"https:\/\/flashmode.tn\/magazine\/ou-planter-le-lys-des-incas\/#Est-ce_que_le_lys_refleurit\" >Est-ce que le lys refleurit ?<\/a><\/li><li class='ez-toc-page-1 ez-toc-heading-level-2'><a class=\"ez-toc-link ez-toc-heading-6\" href=\"https:\/\/flashmode.tn\/magazine\/ou-planter-le-lys-des-incas\/#Comment_prendre_soin_dun_lys\" >Comment prendre soin d&rsquo;un lys ?<\/a><\/li><li class='ez-toc-page-1 ez-toc-heading-level-2'><a class=\"ez-toc-link ez-toc-heading-7\" href=\"https:\/\/flashmode.tn\/magazine\/ou-planter-le-lys-des-incas\/#Quand_couper_les_lys\" >Quand couper les lys ?<\/a><\/li><li class='ez-toc-page-1 ez-toc-heading-level-2'><a class=\"ez-toc-link ez-toc-heading-8\" href=\"https:\/\/flashmode.tn\/magazine\/ou-planter-le-lys-des-incas\/#Est-ce_que_le_lys_gel\" >Est-ce que le lys gel ?<\/a><\/li><li class='ez-toc-page-1 ez-toc-heading-level-2'><a class=\"ez-toc-link ez-toc-heading-9\" href=\"https:\/\/flashmode.tn\/magazine\/ou-planter-le-lys-des-incas\/#Comment_faire_refleurir_les_lys\" >Comment faire refleurir les lys ?<\/a><\/li><li class='ez-toc-page-1 ez-toc-heading-level-2'><a class=\"ez-toc-link ez-toc-heading-10\" href=\"https:\/\/flashmode.tn\/magazine\/ou-planter-le-lys-des-incas\/#Est-ce_que_le_lys_est_toxique_pour_lhomme\" >Est-ce que le lys est toxique pour l&rsquo;homme ?<\/a><\/li><li class='ez-toc-page-1 ez-toc-heading-level-2'><a class=\"ez-toc-link ez-toc-heading-11\" href=\"https:\/\/flashmode.tn\/magazine\/ou-planter-le-lys-des-incas\/#Comment_faire_fleurir_des_fleurs\" >Comment faire fleurir des fleurs ?<\/a><\/li><li class='ez-toc-page-1 ez-toc-heading-level-2'><a class=\"ez-toc-link ez-toc-heading-12\" href=\"https:\/\/flashmode.tn\/magazine\/ou-planter-le-lys-des-incas\/#Pourquoi_la_fleur_de_lys_est_un_symbole_royal\" >Pourquoi la fleur de lys est un symbole royal ?<\/a><\/li><li class='ez-toc-page-1 ez-toc-heading-level-2'><a class=\"ez-toc-link ez-toc-heading-13\" href=\"https:\/\/flashmode.tn\/magazine\/ou-planter-le-lys-des-incas\/#Quand_offrir_du_lys\" >Quand offrir du lys ?<\/a><\/li><li class='ez-toc-page-1 ez-toc-heading-level-2'><a class=\"ez-toc-link ez-toc-heading-14\" href=\"https:\/\/flashmode.tn\/magazine\/ou-planter-le-lys-des-incas\/#Quelle_est_la_couleur_de_la_fleur_de_lys\" >Quelle est la couleur de la fleur de lys ?<\/a><\/li><li class='ez-toc-page-1 ez-toc-heading-level-2'><a class=\"ez-toc-link ez-toc-heading-15\" href=\"https:\/\/flashmode.tn\/magazine\/ou-planter-le-lys-des-incas\/#Quelle_exposition_pour_les_lys\" >Quelle exposition pour les lys ?<\/a><\/li><li class='ez-toc-page-1 ez-toc-heading-level-2'><a class=\"ez-toc-link ez-toc-heading-16\" href=\"https:\/\/flashmode.tn\/magazine\/ou-planter-le-lys-des-incas\/#Quand_planter_les_bulbes_de_lys\" >Quand planter les bulbes de lys ?<\/a><\/li><li class='ez-toc-page-1 ez-toc-heading-level-2'><a class=\"ez-toc-link ez-toc-heading-17\" href=\"https:\/\/flashmode.tn\/magazine\/ou-planter-le-lys-des-incas\/#Comment_faire_pousser_des_graines_de_lys\" >Comment faire pousser des graines de lys ?<\/a><\/li><li class='ez-toc-page-1 ez-toc-heading-level-2'><a class=\"ez-toc-link ez-toc-heading-18\" href=\"https:\/\/flashmode.tn\/magazine\/ou-planter-le-lys-des-incas\/#Pourquoi_mes_lys_ne_fleurissent_pas\" >Pourquoi mes lys ne fleurissent pas ?<\/a><\/li><li class='ez-toc-page-1 ez-toc-heading-level-2'><a class=\"ez-toc-link ez-toc-heading-19\" href=\"https:\/\/flashmode.tn\/magazine\/ou-planter-le-lys-des-incas\/#Quand_deplacer_les_lys\" >Quand d\u00e9placer les lys ?<\/a><\/li><li class='ez-toc-page-1 ez-toc-heading-level-2'><a class=\"ez-toc-link ez-toc-heading-20\" href=\"https:\/\/flashmode.tn\/magazine\/ou-planter-le-lys-des-incas\/#Comment_couper_les_fleurs_fanees_du_lys\" >Comment couper les fleurs fan\u00e9es du lys ?<\/a><\/li><\/ul><\/nav><\/div>\n<h2><span class=\"ez-toc-section\" id=\"Comment_hiverner_Alstroemeria\"><\/span>Comment hiverner Alstroemeria ?<span class=\"ez-toc-section-end\"><\/span><\/h2>\n<p>L&rsquo;<b>alstroemeria<\/b> n&rsquo;a pas de besoin particulier. Ces fleurs ne sont g\u00e9n\u00e9ralement pas touch\u00e9es par les maladies. Et la plante peut supporter des temp\u00e9ratures froides, jusqu&rsquo;\u00e0 moins 10\u00b0C. L&rsquo;hiver, il est conseill\u00e9 de couper \u00e0 hauteur du sol le feuillage et, pour les r\u00e9gions froides, mettre en place un paillage.<\/p>\n<h2><span class=\"ez-toc-section\" id=\"Pourquoi_mon_Alstroemeria_ne_fleurit_pas\"><\/span><strong>Pourquoi mon Alstroemeria ne fleurit pas ?<\/strong><span class=\"ez-toc-section-end\"><\/span><\/h2>\n<p>Pensez \u00e0 les arroser par temps sec. Apportez-leur un engrais enrichi en potasse afin d&rsquo;encourager l&rsquo;installation et le d\u00e9veloppement de la souche. <b>Ne<\/b> remuez <b>pas<\/b> la terre autour des plants car ils sont pourvus de grosses racines charnues et tr\u00e8s fragiles.<\/p>\n<h2><span class=\"ez-toc-section\" id=\"Quelle_est_la_signification_de_la_fleur_de_lys\"><\/span><strong>Quelle est la signification de la fleur de lys ?<\/strong><span class=\"ez-toc-section-end\"><\/span><\/h2>\n<p>Le langage des <b>fleurs<\/b>, parfois important lorsqu&rsquo;on offre un bouquet, n&rsquo;<b>est<\/b> pas sans rapport avec le symbolisme historique : la blancheur de la <b>fleur<\/b> de lis symbolise toujours la puret\u00e9, l&rsquo;innocence et la virginit\u00e9, ce qui explique qu&rsquo;il orne les \u00e9glises mais aussi les c\u00e9r\u00e9monies de mariage.<\/p>\n<h2><span class=\"ez-toc-section\" id=\"Ou_pousse_la_fleur_de_lys\"><\/span><strong>O\u00f9 pousse la fleur de lys ?<\/strong><span class=\"ez-toc-section-end\"><\/span><\/h2>\n<p>Les <b>lys<\/b> comptent parmi les plantes \u00e0 bulbes \u00e0 floraison estivale les plus majestueuses. La majorit\u00e9 des esp\u00e8ces sauvages sont originaires des r\u00e9gions temp\u00e9r\u00e9es de l&rsquo;h\u00e9misph\u00e8re nord (Am\u00e9rique du Nord, Europe, Asie du Sud-Est).<\/p>\n<h2><span class=\"ez-toc-section\" id=\"Est-ce_que_le_lys_refleurit\"><\/span><strong>Est-ce que le lys refleurit ?<\/strong><span class=\"ez-toc-section-end\"><\/span><\/h2>\n<p>Le <b>lys<\/b> reconstitue ses r\u00e9serves pour <b>refleurir<\/b> l&rsquo;ann\u00e9e suivante. En revanche, vous pouvez couper les fleurs fan\u00e9es au fur et \u00e0 mesure, mais en gardant les tiges lorsqu&rsquo;elles sont vertes.<\/p>\n<h2><span class=\"ez-toc-section\" id=\"Comment_prendre_soin_dun_lys\"><\/span><strong>Comment prendre soin d&rsquo;un lys ?<\/strong><span class=\"ez-toc-section-end\"><\/span><\/h2>\n<p>Pour le <b>conserver<\/b> le plus longtemps possible, il est conseill\u00e9 de l&rsquo;arroser une fois par semaine. C&rsquo;est largement suffisant. En hiver, un arrosage, une fois tous les quinze jours, satisfera pleinement votre <b>lys<\/b> en pot.<\/p>\n<h2><span class=\"ez-toc-section\" id=\"Quand_couper_les_lys\"><\/span><strong>Quand couper les lys ?<\/strong><span class=\"ez-toc-section-end\"><\/span><\/h2>\n<p><b>Couper<\/b> seulement en automne le feuillage au ras du sol une fois qu&rsquo;il est totalement fan\u00e9. Laisser les bulbes de <b>lys<\/b> en terre.<\/p>\n<h2><span class=\"ez-toc-section\" id=\"Est-ce_que_le_lys_gel\"><\/span><strong>Est-ce que le lys gel ?<\/strong><span class=\"ez-toc-section-end\"><\/span><\/h2>\n<p>Le <b>lys<\/b> en pot <b>est<\/b> un vrai dur s&rsquo;il s&rsquo;agit de supporter le froid. Les bulbes ont m\u00eame besoin de <b>gel<\/b> pour revenir en vie. Apr\u00e8s l&rsquo;hiver vous profiterez de nouveau de la magnifique floraison du <b>lys<\/b>. &#8230;<\/p>\n<h2><span class=\"ez-toc-section\" id=\"Comment_faire_refleurir_les_lys\"><\/span><strong>Comment faire refleurir les lys ?<\/strong><span class=\"ez-toc-section-end\"><\/span><\/h2>\n<p>Il suffit donc de couper les tiges une fois celles-ci s\u00e8ches. Ne coupez surtout pas avant ! Le <b>lys<\/b> reconstitue ses r\u00e9serves pour <b>refleurir<\/b> l&rsquo;ann\u00e9e suivante. En revanche, vous pouvez couper les fleurs fan\u00e9es au fur et \u00e0 mesure, mais en gardant les tiges lorsqu&rsquo;elles sont vertes.<\/p>\n<h2><span class=\"ez-toc-section\" id=\"Est-ce_que_le_lys_est_toxique_pour_lhomme\"><\/span><strong>Est-ce que le lys est toxique pour l&rsquo;homme ?<\/strong><span class=\"ez-toc-section-end\"><\/span><\/h2>\n<p>Le <b>lys<\/b> : il peut provoquer des l\u00e9sions du rein chez le chat apr\u00e8s ingestion <b>de<\/b> fleurs, <b>de<\/b> feuilles ou <b>de<\/b> pollen. Le laurier-rose : il provoque des troubles digestifs, nerveux et cardiaques, des vomissements, des convulsions et des douleurs abdominales chez les animaux.<\/p>\n<h2><span class=\"ez-toc-section\" id=\"Comment_faire_fleurir_des_fleurs\"><\/span><strong>Comment faire fleurir des fleurs ?<\/strong><span class=\"ez-toc-section-end\"><\/span><\/h2>\n<p><b>  Principes de base pour  <b>   faire refleurir  <\/b>  les plantes de maison <\/b> <\/p>\n<ol>\n<li>   rempotant ou surfa\u00e7ant la plante,  <\/li>\n<li>   arrosant r\u00e9guli\u00e8rement la plante,  <\/li>\n<li>   mettant la plante \u00e0 une lumi\u00e8re vive, g\u00e9n\u00e9ralement hors soleil direct,  <\/li>\n<li>   fertilisant r\u00e9guli\u00e8rement la plante.  <\/li>\n<\/ol>\n<h2><span class=\"ez-toc-section\" id=\"Pourquoi_la_fleur_de_lys_est_un_symbole_royal\"><\/span><strong>Pourquoi la fleur de lys est un symbole royal ?<\/strong><span class=\"ez-toc-section-end\"><\/span><\/h2>\n<p>Ce <b>symbole<\/b> aurait \u00e9t\u00e9 introduit vers le IXe si\u00e8cle par les rois francs, en r\u00e9f\u00e9rence \u00e0 la bataille de Vouill\u00e9 (en 507). &#8230; Cette derni\u00e8re s&rsquo;\u00e9tait sold\u00e9e par la victoire de Clovis sur les Wisigoths, afin de conqu\u00e9rir le Midi et asseoir la puissance du royaume.<\/p>\n<h2><span class=\"ez-toc-section\" id=\"Quand_offrir_du_lys\"><\/span><strong>Quand offrir du lys ?<\/strong><span class=\"ez-toc-section-end\"><\/span><\/h2>\n<p>Le deuil. &#8230; Mais elles peuvent aussi nous aider \u00e0 nous exprimer sans paroles en cas de perte et de deuil. Les <b>lys<\/b> sont souvent utilis\u00e9s pour les obs\u00e8ques ; l&rsquo;allure sereine et pure de cette fleur convient tout \u00e0 fait \u00e0 l&rsquo;occasion.<\/p>\n<h2><span class=\"ez-toc-section\" id=\"Quelle_est_la_couleur_de_la_fleur_de_lys\"><\/span><strong>Quelle est la couleur de la fleur de lys ?<\/strong><span class=\"ez-toc-section-end\"><\/span><\/h2>\n<p>En raison de sa connotation religieuse, le <b>lys<\/b> blanc <b>est<\/b> l&#8217;embl\u00e8me de l&rsquo;innocence et de l&rsquo;amour pur, tandis que son pass\u00e9 royal en fait un symbole de la noblesse des sentiments. Rouge, il clame la passion ; rose, l&rsquo;affection et la tendresse ; jaune l&rsquo;amiti\u00e9 et l&rsquo;enthousiasme ; et orange le d\u00e9sir.<\/p>\n<h2><span class=\"ez-toc-section\" id=\"Quelle_exposition_pour_les_lys\"><\/span><strong>Quelle exposition pour les lys ?<\/strong><span class=\"ez-toc-section-end\"><\/span><\/h2>\n<p>Les <b>lys<\/b> en pots aiment le soleil, mais pr\u00e9f\u00e8rent avoir le pied au frais, surtout l&rsquo;\u00e9t\u00e9. Privil\u00e9giez donc une <b>exposition<\/b> ensoleill\u00e9e ou \u00e0 mi-ombre.<\/p>\n<h2><span class=\"ez-toc-section\" id=\"Quand_planter_les_bulbes_de_lys\"><\/span><strong>Quand planter les bulbes de lys ?<\/strong><span class=\"ez-toc-section-end\"><\/span><\/h2>\n<p>La bonne p\u00e9riode pour <b>planter<\/b> le <b>lys<\/b><\/p>\n<p> C&rsquo;est durant leur p\u00e9riode de repos, entre le mois de septembre et le d\u00e9but du printemps que peuvent \u00eatre plant\u00e9s les <b>lys<\/b>, mis \u00e0 part le <b>lys<\/b> de la madone qui se plante strictement durant l&rsquo;automne (\u00e0 cause de son feuillage qui se d\u00e9veloppe \u00e0 cette p\u00e9riode).<\/p>\n<h2><span class=\"ez-toc-section\" id=\"Comment_faire_pousser_des_graines_de_lys\"><\/span><strong>Comment faire pousser des graines de lys ?<\/strong><span class=\"ez-toc-section-end\"><\/span><\/h2>\n<p>G\u00e9n\u00e9ralement les <b>graines<\/b> sem\u00e9es dans un substrat l\u00e9ger , humide , sont recouvertes d&rsquo;environ 1\/2 cm dans un environnement de temp\u00e9rature entre 20\u00b0C et 25\u00b0C pendant 9 \u00e0 12 semaines. M\u00e9thode dite \u201d \u00e0 l&rsquo;\u00e9touff\u00e9e\u201d pour maintenir une humidit\u00e9 satisfaisante.<\/p>\n<h2><span class=\"ez-toc-section\" id=\"Pourquoi_mes_lys_ne_fleurissent_pas\"><\/span><strong>Pourquoi mes lys ne fleurissent pas ?<\/strong><span class=\"ez-toc-section-end\"><\/span><\/h2>\n<p>Le <b>lys<\/b> est une plante bulbeuse vivace qui a besoin de nourriture et de <b>ne pas<\/b> \u00eatre trop \u00ab\u00a0jeune\u00a0\u00bb pour <b>fleurir<\/b>. Placez vos bulbes dans des pots ou en pleine terre et laissez-les dehors. La chaleur de la maison fait pousser les feuilles au d\u00e9triment de la floraison.<\/p>\n<h2><span class=\"ez-toc-section\" id=\"Quand_deplacer_les_lys\"><\/span><strong>Quand d\u00e9placer les lys ?<\/strong><span class=\"ez-toc-section-end\"><\/span><\/h2>\n<p>Divisez les lis en automne tous les 3 ou 4 ans pour \u00e9viter qu&rsquo;ils manquent de place. Au bout de cette p\u00e9riode, ils auront d\u00e9velopp\u00e9 une grande masse souterraine de bulbes et peuvent commencer \u00e0 \u00eatre \u00e0 l&rsquo;\u00e9troit.<\/p>\n<h2><span class=\"ez-toc-section\" id=\"Comment_couper_les_fleurs_fanees_du_lys\"><\/span><strong>Comment couper les fleurs fan\u00e9es du lys ?<\/strong><span class=\"ez-toc-section-end\"><\/span><\/h2>\n<p>Il convient de laisser les tiges s\u00e9cher, puis de les <b>couper<\/b> \u00e0 2\/3 centim\u00e8tres environ en conservant les bulbes pour l&rsquo;ann\u00e9e prochaine. Oui , vous pouvez <b>couper<\/b> le sommet des tiges de <b>fleurs fan\u00e9es<\/b> , mais , laisser le feuillage afin que le bulbe reconstitue ses r\u00e9serves.<\/p>\n<h2><strong><\/strong><\/h2>\n<hr \/>\n<p><em>Editeurs: 33 &#8211; R\u00e9f\u00e9rences: 39 articles<\/em><\/p>\n<p><em>N\u2019oubliez pas de partager l\u2019article !<\/em><\/p>\n","protected":false},"excerpt":{"rendered":"<p>O\u00f9 planter ? Les lis des Incas appr\u00e9cient un emplacement b\u00e9n\u00e9ficiant du soleil du matin, ou \u00e0 mi-ombre sous l&rsquo;ombre l\u00e9g\u00e8re d&rsquo;un arbre \u00e0 feuillage l\u00e9ger comme celui de l&rsquo;Albizia. Ils r\u00e9clament un sol l\u00e9ger, drain\u00e9, bien travaill\u00e9, \u00e0 tendance sableuse ou limoneuse et peu calcaire, neutre \u00e0 l\u00e9g\u00e8rement acide. Mais encore, Comment tailler des [&hellip;]<\/p>\n","protected":false},"author":2,"featured_media":0,"comment_status":"open","ping_status":"open","sticky":false,"template":"","format":"standard","meta":{"tdm_status":"","tdm_grid_status":"","_jetpack_memberships_contains_paid_content":false,"footnotes":"","jetpack_publicize_message":"","jetpack_publicize_feature_enabled":true,"jetpack_social_post_already_shared":true,"jetpack_social_options":{"image_generator_settings":{"template":"highway","default_image_id":0,"font":"","enabled":false},"version":2}},"categories":[3457],"tags":[],"class_list":["post-44873","post","type-post","status-publish","format-standard","hentry","category-maison"],"yoast_head":"<!-- This site is optimized with the Yoast SEO Premium plugin v25.0 (Yoast SEO v25.0) - https:\/\/yoast.com\/wordpress\/plugins\/seo\/ -->\n<title>O\u00f9 planter le lys des Incas ?<\/title>\n<meta name=\"description\" content=\"O\u00f9 planter ? Les lis des Incas appr\u00e9cient un emplacement b\u00e9n\u00e9ficiant du soleil du matin, ou \u00e0 mi-ombre sous l&#039;ombre l\u00e9g\u00e8re d&#039;un arbre \u00e0 feuillage l\u00e9ger\" \/>\n<meta name=\"robots\" content=\"index, follow, max-snippet:-1, max-image-preview:large, max-video-preview:-1\" \/>\n<link rel=\"canonical\" href=\"https:\/\/flashmode.tn\/magazine\/ou-planter-le-lys-des-incas\/\" \/>\n<meta property=\"og:locale\" content=\"fr_FR\" \/>\n<meta property=\"og:type\" content=\"article\" \/>\n<meta property=\"og:title\" content=\"O\u00f9 planter le lys des Incas ? - Flashmode Magazine | Magazine de mode et style de vie Num\u00e9ro un en Tunisie et au Maghreb\" \/>\n<meta property=\"og:description\" content=\"O\u00f9 planter ? Les lis des Incas appr\u00e9cient un emplacement b\u00e9n\u00e9ficiant du soleil du matin, ou \u00e0 mi-ombre sous l&#039;ombre l\u00e9g\u00e8re d&#039;un arbre \u00e0 feuillage l\u00e9ger\" \/>\n<meta property=\"og:url\" content=\"https:\/\/flashmode.tn\/magazine\/ou-planter-le-lys-des-incas\/\" \/>\n<meta property=\"og:site_name\" content=\"Flashmode Magazine | Magazine de mode et style de vie Num\u00e9ro un en Tunisie et au Maghreb\" \/>\n<meta property=\"article:publisher\" content=\"https:\/\/www.facebook.com\/flashmode.magazine\/\" \/>\n<meta property=\"article:published_time\" content=\"2021-12-18T01:30:57+00:00\" \/>\n<meta name=\"author\" content=\"Nora D.\" \/>\n<meta name=\"twitter:card\" content=\"summary_large_image\" \/>\n<meta name=\"twitter:creator\" content=\"@agenceflashmode\" \/>\n<meta name=\"twitter:site\" content=\"@agenceflashmode\" \/>\n<meta name=\"twitter:label1\" content=\"\u00c9crit par\" \/>\n\t<meta name=\"twitter:data1\" content=\"Nora D.\" \/>\n\t<meta name=\"twitter:label2\" content=\"Dur\u00e9e de lecture estim\u00e9e\" \/>\n\t<meta name=\"twitter:data2\" content=\"6 minutes\" \/>\n<script type=\"application\/ld+json\" class=\"yoast-schema-graph\">{\"@context\":\"https:\/\/schema.org\",\"@graph\":[{\"@type\":\"WebPage\",\"@id\":\"https:\/\/flashmode.tn\/magazine\/ou-planter-le-lys-des-incas\/\",\"url\":\"https:\/\/flashmode.tn\/magazine\/ou-planter-le-lys-des-incas\/\",\"name\":\"O\u00f9 planter le lys des Incas ?\",\"isPartOf\":{\"@id\":\"https:\/\/flashmode.tn\/magazine\/#website\"},\"datePublished\":\"2021-12-18T01:30:57+00:00\",\"author\":{\"@id\":\"https:\/\/flashmode.tn\/magazine\/#\/schema\/person\/ebeaf8414935b60ba8817ab0babd7fbe\"},\"description\":\"O\u00f9 planter ? Les lis des Incas appr\u00e9cient un emplacement b\u00e9n\u00e9ficiant du soleil du matin, ou \u00e0 mi-ombre sous l'ombre l\u00e9g\u00e8re d'un arbre \u00e0 feuillage l\u00e9ger\",\"breadcrumb\":{\"@id\":\"https:\/\/flashmode.tn\/magazine\/ou-planter-le-lys-des-incas\/#breadcrumb\"},\"inLanguage\":\"fr-FR\",\"potentialAction\":[{\"@type\":\"ReadAction\",\"target\":[\"https:\/\/flashmode.tn\/magazine\/ou-planter-le-lys-des-incas\/\"]}]},{\"@type\":\"BreadcrumbList\",\"@id\":\"https:\/\/flashmode.tn\/magazine\/ou-planter-le-lys-des-incas\/#breadcrumb\",\"itemListElement\":[{\"@type\":\"ListItem\",\"position\":1,\"name\":\"Accueil\",\"item\":\"https:\/\/flashmode.tn\/magazine\/\"},{\"@type\":\"ListItem\",\"position\":2,\"name\":\"O\u00f9 planter le lys des Incas ?\"}]},{\"@type\":\"WebSite\",\"@id\":\"https:\/\/flashmode.tn\/magazine\/#website\",\"url\":\"https:\/\/flashmode.tn\/magazine\/\",\"name\":\"Flashmode Magazine | Magazine de mode et style de vie Num\u00e9ro un en Tunisie et au Maghreb\",\"description\":\"Magazine de mode et style de vie Num\u00e9ro un en Tunisie et au Maghreb, cr\u00e9\u00e9 pour les hommes et les femmes : conseils beaut\u00e9, mode femme, mode homme, recettes de cuisine, c\u00e9l\u00e9brit\u00e9s et people, mannequins et top modeles\",\"potentialAction\":[{\"@type\":\"SearchAction\",\"target\":{\"@type\":\"EntryPoint\",\"urlTemplate\":\"https:\/\/flashmode.tn\/magazine\/?s={search_term_string}\"},\"query-input\":{\"@type\":\"PropertyValueSpecification\",\"valueRequired\":true,\"valueName\":\"search_term_string\"}}],\"inLanguage\":\"fr-FR\"},{\"@type\":\"Person\",\"@id\":\"https:\/\/flashmode.tn\/magazine\/#\/schema\/person\/ebeaf8414935b60ba8817ab0babd7fbe\",\"name\":\"Nora D.\",\"image\":{\"@type\":\"ImageObject\",\"inLanguage\":\"fr-FR\",\"@id\":\"https:\/\/flashmode.tn\/magazine\/#\/schema\/person\/image\/\",\"url\":\"https:\/\/secure.gravatar.com\/avatar\/a51d897ddf0a2216affe16e03a39790850922d1b5b29f147f35db7ccb8861eab?s=96&d=mm&r=g\",\"contentUrl\":\"https:\/\/secure.gravatar.com\/avatar\/a51d897ddf0a2216affe16e03a39790850922d1b5b29f147f35db7ccb8861eab?s=96&d=mm&r=g\",\"caption\":\"Nora D.\"},\"url\":\"https:\/\/flashmode.tn\/magazine\/author\/nora-damak\/\"}]}<\/script>\n<!-- \/ Yoast SEO Premium plugin. -->","yoast_head_json":{"title":"O\u00f9 planter le lys des Incas ?","description":"O\u00f9 planter ? Les lis des Incas appr\u00e9cient un emplacement b\u00e9n\u00e9ficiant du soleil du matin, ou \u00e0 mi-ombre sous l'ombre l\u00e9g\u00e8re d'un arbre \u00e0 feuillage l\u00e9ger","robots":{"index":"index","follow":"follow","max-snippet":"max-snippet:-1","max-image-preview":"max-image-preview:large","max-video-preview":"max-video-preview:-1"},"canonical":"https:\/\/flashmode.tn\/magazine\/ou-planter-le-lys-des-incas\/","og_locale":"fr_FR","og_type":"article","og_title":"O\u00f9 planter le lys des Incas ? - Flashmode Magazine | Magazine de mode et style de vie Num\u00e9ro un en Tunisie et au Maghreb","og_description":"O\u00f9 planter ? Les lis des Incas appr\u00e9cient un emplacement b\u00e9n\u00e9ficiant du soleil du matin, ou \u00e0 mi-ombre sous l'ombre l\u00e9g\u00e8re d'un arbre \u00e0 feuillage l\u00e9ger","og_url":"https:\/\/flashmode.tn\/magazine\/ou-planter-le-lys-des-incas\/","og_site_name":"Flashmode Magazine | Magazine de mode et style de vie Num\u00e9ro un en Tunisie et au Maghreb","article_publisher":"https:\/\/www.facebook.com\/flashmode.magazine\/","article_published_time":"2021-12-18T01:30:57+00:00","author":"Nora D.","twitter_card":"summary_large_image","twitter_creator":"@agenceflashmode","twitter_site":"@agenceflashmode","twitter_misc":{"\u00c9crit par":"Nora D.","Dur\u00e9e de lecture estim\u00e9e":"6 minutes"},"schema":{"@context":"https:\/\/schema.org","@graph":[{"@type":"WebPage","@id":"https:\/\/flashmode.tn\/magazine\/ou-planter-le-lys-des-incas\/","url":"https:\/\/flashmode.tn\/magazine\/ou-planter-le-lys-des-incas\/","name":"O\u00f9 planter le lys des Incas ?","isPartOf":{"@id":"https:\/\/flashmode.tn\/magazine\/#website"},"datePublished":"2021-12-18T01:30:57+00:00","author":{"@id":"https:\/\/flashmode.tn\/magazine\/#\/schema\/person\/ebeaf8414935b60ba8817ab0babd7fbe"},"description":"O\u00f9 planter ? Les lis des Incas appr\u00e9cient un emplacement b\u00e9n\u00e9ficiant du soleil du matin, ou \u00e0 mi-ombre sous l'ombre l\u00e9g\u00e8re d'un arbre \u00e0 feuillage l\u00e9ger","breadcrumb":{"@id":"https:\/\/flashmode.tn\/magazine\/ou-planter-le-lys-des-incas\/#breadcrumb"},"inLanguage":"fr-FR","potentialAction":[{"@type":"ReadAction","target":["https:\/\/flashmode.tn\/magazine\/ou-planter-le-lys-des-incas\/"]}]},{"@type":"BreadcrumbList","@id":"https:\/\/flashmode.tn\/magazine\/ou-planter-le-lys-des-incas\/#breadcrumb","itemListElement":[{"@type":"ListItem","position":1,"name":"Accueil","item":"https:\/\/flashmode.tn\/magazine\/"},{"@type":"ListItem","position":2,"name":"O\u00f9 planter le lys des Incas ?"}]},{"@type":"WebSite","@id":"https:\/\/flashmode.tn\/magazine\/#website","url":"https:\/\/flashmode.tn\/magazine\/","name":"Flashmode Magazine | Magazine de mode et style de vie Num\u00e9ro un en Tunisie et au Maghreb","description":"Magazine de mode et style de vie Num\u00e9ro un en Tunisie et au Maghreb, cr\u00e9\u00e9 pour les hommes et les femmes : conseils beaut\u00e9, mode femme, mode homme, recettes de cuisine, c\u00e9l\u00e9brit\u00e9s et people, mannequins et top modeles","potentialAction":[{"@type":"SearchAction","target":{"@type":"EntryPoint","urlTemplate":"https:\/\/flashmode.tn\/magazine\/?s={search_term_string}"},"query-input":{"@type":"PropertyValueSpecification","valueRequired":true,"valueName":"search_term_string"}}],"inLanguage":"fr-FR"},{"@type":"Person","@id":"https:\/\/flashmode.tn\/magazine\/#\/schema\/person\/ebeaf8414935b60ba8817ab0babd7fbe","name":"Nora D.","image":{"@type":"ImageObject","inLanguage":"fr-FR","@id":"https:\/\/flashmode.tn\/magazine\/#\/schema\/person\/image\/","url":"https:\/\/secure.gravatar.com\/avatar\/a51d897ddf0a2216affe16e03a39790850922d1b5b29f147f35db7ccb8861eab?s=96&d=mm&r=g","contentUrl":"https:\/\/secure.gravatar.com\/avatar\/a51d897ddf0a2216affe16e03a39790850922d1b5b29f147f35db7ccb8861eab?s=96&d=mm&r=g","caption":"Nora D."},"url":"https:\/\/flashmode.tn\/magazine\/author\/nora-damak\/"}]}},"jetpack_publicize_connections":[],"jetpack_featured_media_url":"","jetpack_shortlink":"https:\/\/wp.me\/p8BPGr-bFL","jetpack_sharing_enabled":true,"_links":{"self":[{"href":"https:\/\/flashmode.tn\/magazine\/wp-json\/wp\/v2\/posts\/44873","targetHints":{"allow":["GET"]}}],"collection":[{"href":"https:\/\/flashmode.tn\/magazine\/wp-json\/wp\/v2\/posts"}],"about":[{"href":"https:\/\/flashmode.tn\/magazine\/wp-json\/wp\/v2\/types\/post"}],"author":[{"embeddable":true,"href":"https:\/\/flashmode.tn\/magazine\/wp-json\/wp\/v2\/users\/2"}],"replies":[{"embeddable":true,"href":"https:\/\/flashmode.tn\/magazine\/wp-json\/wp\/v2\/comments?post=44873"}],"version-history":[{"count":0,"href":"https:\/\/flashmode.tn\/magazine\/wp-json\/wp\/v2\/posts\/44873\/revisions"}],"wp:attachment":[{"href":"https:\/\/flashmode.tn\/magazine\/wp-json\/wp\/v2\/media?parent=44873"}],"wp:term":[{"taxonomy":"category","embeddable":true,"href":"https:\/\/flashmode.tn\/magazine\/wp-json\/wp\/v2\/categories?post=44873"},{"taxonomy":"post_tag","embeddable":true,"href":"https:\/\/flashmode.tn\/magazine\/wp-json\/wp\/v2\/tags?post=44873"}],"curies":[{"name":"wp","href":"https:\/\/api.w.org\/{rel}","templated":true}]}}