{"id":45130,"date":"2021-12-29T15:21:36","date_gmt":"2021-12-29T14:21:36","guid":{"rendered":"https:\/\/flashmode.tn\/magazine\/?p=45130"},"modified":"2021-12-29T15:21:36","modified_gmt":"2021-12-29T14:21:36","slug":"quel-mois-tailler-le-framboisier","status":"publish","type":"post","link":"https:\/\/flashmode.tn\/magazine\/quel-mois-tailler-le-framboisier\/","title":{"rendered":"Quel mois tailler le framboisier ?"},"content":{"rendered":"<p>En juin, pratiquer une <b>taille<\/b> d&rsquo;\u00e9claircissement en laissant une quinzaine de beaux brins par m\u00e8tre lin\u00e9aire. La <b>taille<\/b> d&rsquo;hiver consiste \u00e0 couper au ras du sol les branches qui ont produit. On en profitera pour \u00e9liminer syst\u00e9matiquement les rameaux faibles et les tiges dess\u00e9ch\u00e9es.<\/p>\n<p>Mais encore, Pourquoi les framboisiers ne donnent pas de fruits ?<\/p>\n<p>Donc quand au printemps il sort de dormance il est suffisamment enracin\u00e9 pour produire des <b>fruits<\/b> d\u00e8s le premier \u00e9t\u00e9. S&rsquo;il est plant\u00e9 au printemps, il n&rsquo;a <b>pas<\/b> le temps de se d\u00e9velopper suffisamment, et il y a de grandes chances de n&rsquo;avoir aucun <b>fruit<\/b> la premi\u00e8re ann\u00e9e.<\/p>\n<p>et Quand tailler les framboisiers pour l&rsquo;hiver ?<\/p>\n<p>La <b>taille de<\/b> formation<\/p>\n<p> A l&rsquo;<b>hiver de<\/b> l&rsquo;ann\u00e9e suivant la plantation <b>de<\/b> jeunes drageons : coupez <b>\u00e0<\/b> ras du sol la pousse m\u00e8re, taillez <b>\u00e0<\/b> 50 cm les nouveaux drageons \u00e9mis. A l&rsquo;<b>hiver de<\/b> l&rsquo;ann\u00e9e suivante : coupez <b>\u00e0<\/b> ras du sol les drageons dess\u00e9ch\u00e9s (la plupart du temps, il s&rsquo;agit <b>de<\/b> ceux qui ont port\u00e9s des fruits).<\/p>\n<p>Comment reconna\u00eetre un framboisier remontant d&rsquo;un non remontant ?<\/p>\n<p>On distingue deux types de <b>framboisiers<\/b> : le <b>framboisier non remontant<\/b>, qui fructifie sur les pousses de l&rsquo;ann\u00e9e pr\u00e9c\u00e9dente en juin-juillet, et le <b>framboisier remontant<\/b>, qui produit une premi\u00e8re fois sur les pousses de l&rsquo;ann\u00e9e d&rsquo;ao\u00fbt \u00e0 octobre et une deuxi\u00e8me fois sur les m\u00eames cannes l&rsquo;ann\u00e9e suivante en juin-juillet.<\/p>\n<div id=\"ez-toc-container\" class=\"ez-toc-v2_0_81 counter-hierarchy ez-toc-counter ez-toc-grey ez-toc-container-direction\">\n<div class=\"ez-toc-title-container\">\n<p class=\"ez-toc-title\" style=\"cursor:inherit\">Contenus de la page<\/p>\n<span class=\"ez-toc-title-toggle\"><a href=\"#\" class=\"ez-toc-pull-right ez-toc-btn ez-toc-btn-xs ez-toc-btn-default ez-toc-toggle\" aria-label=\"Toggle Table of Content\"><span class=\"ez-toc-js-icon-con\"><span class=\"\"><span class=\"eztoc-hide\" style=\"display:none;\">Toggle<\/span><span class=\"ez-toc-icon-toggle-span\"><svg style=\"fill: #999;color:#999\" xmlns=\"http:\/\/www.w3.org\/2000\/svg\" class=\"list-377408\" width=\"20px\" height=\"20px\" viewBox=\"0 0 24 24\" fill=\"none\"><path d=\"M6 6H4v2h2V6zm14 0H8v2h12V6zM4 11h2v2H4v-2zm16 0H8v2h12v-2zM4 16h2v2H4v-2zm16 0H8v2h12v-2z\" fill=\"currentColor\"><\/path><\/svg><svg style=\"fill: #999;color:#999\" class=\"arrow-unsorted-368013\" xmlns=\"http:\/\/www.w3.org\/2000\/svg\" width=\"10px\" height=\"10px\" viewBox=\"0 0 24 24\" version=\"1.2\" baseProfile=\"tiny\"><path d=\"M18.2 9.3l-6.2-6.3-6.2 6.3c-.2.2-.3.4-.3.7s.1.5.3.7c.2.2.4.3.7.3h11c.3 0 .5-.1.7-.3.2-.2.3-.5.3-.7s-.1-.5-.3-.7zM5.8 14.7l6.2 6.3 6.2-6.3c.2-.2.3-.5.3-.7s-.1-.5-.3-.7c-.2-.2-.4-.3-.7-.3h-11c-.3 0-.5.1-.7.3-.2.2-.3.5-.3.7s.1.5.3.7z\"\/><\/svg><\/span><\/span><\/span><\/a><\/span><\/div>\n<nav><ul class='ez-toc-list ez-toc-list-level-1 ' ><li class='ez-toc-page-1 ez-toc-heading-level-2'><a class=\"ez-toc-link ez-toc-heading-1\" href=\"https:\/\/flashmode.tn\/magazine\/quel-mois-tailler-le-framboisier\/#Quand_et_comment_tailler_un_framboisier_non_remontant\" >Quand et comment tailler un framboisier non remontant ?<\/a><\/li><li class='ez-toc-page-1 ez-toc-heading-level-2'><a class=\"ez-toc-link ez-toc-heading-2\" href=\"https:\/\/flashmode.tn\/magazine\/quel-mois-tailler-le-framboisier\/#Pourquoi_mes_framboisiers_nont_pas_de_framboises\" >Pourquoi mes framboisiers n&rsquo;ont pas de framboises ?<\/a><\/li><li class='ez-toc-page-1 ez-toc-heading-level-2'><a class=\"ez-toc-link ez-toc-heading-3\" href=\"https:\/\/flashmode.tn\/magazine\/quel-mois-tailler-le-framboisier\/#Pourquoi_pas_de_framboises\" >Pourquoi pas de framboises ?<\/a><\/li><li class='ez-toc-page-1 ez-toc-heading-level-2'><a class=\"ez-toc-link ez-toc-heading-4\" href=\"https:\/\/flashmode.tn\/magazine\/quel-mois-tailler-le-framboisier\/#Pourquoi_mon_framboisier_ne_fleurit_pas\" >Pourquoi mon framboisier ne fleurit pas ?<\/a><\/li><li class='ez-toc-page-1 ez-toc-heading-level-2'><a class=\"ez-toc-link ez-toc-heading-5\" href=\"https:\/\/flashmode.tn\/magazine\/quel-mois-tailler-le-framboisier\/#Comment_preparer_les_framboisiers_pour_lhiver\" >Comment pr\u00e9parer les framboisiers pour l&rsquo;hiver ?<\/a><\/li><li class='ez-toc-page-1 ez-toc-heading-level-2'><a class=\"ez-toc-link ez-toc-heading-6\" href=\"https:\/\/flashmode.tn\/magazine\/quel-mois-tailler-le-framboisier\/#Quand_tailler_ses_rosiers_pour_lhiver\" >Quand tailler ses rosiers pour l&rsquo;hiver ?<\/a><\/li><li class='ez-toc-page-1 ez-toc-heading-level-2'><a class=\"ez-toc-link ez-toc-heading-7\" href=\"https:\/\/flashmode.tn\/magazine\/quel-mois-tailler-le-framboisier\/#Comment_entretenir_un_framboisier_pendant_lhiver\" >Comment entretenir un framboisier pendant l&rsquo;hiver ?<\/a><\/li><li class='ez-toc-page-1 ez-toc-heading-level-2'><a class=\"ez-toc-link ez-toc-heading-8\" href=\"https:\/\/flashmode.tn\/magazine\/quel-mois-tailler-le-framboisier\/#Comment_savoir_si_le_framboisier_est_remontant\" >Comment savoir si le framboisier est remontant ?<\/a><\/li><li class='ez-toc-page-1 ez-toc-heading-level-2'><a class=\"ez-toc-link ez-toc-heading-9\" href=\"https:\/\/flashmode.tn\/magazine\/quel-mois-tailler-le-framboisier\/#Quest-ce_quun_Drageon_de_framboisier\" >Qu&rsquo;est-ce qu&rsquo;un Drageon de framboisier ?<\/a><\/li><li class='ez-toc-page-1 ez-toc-heading-level-2'><a class=\"ez-toc-link ez-toc-heading-10\" href=\"https:\/\/flashmode.tn\/magazine\/quel-mois-tailler-le-framboisier\/#Comment_differencier_les_framboisiers\" >Comment diff\u00e9rencier les framboisiers ?<\/a><\/li><li class='ez-toc-page-1 ez-toc-heading-level-2'><a class=\"ez-toc-link ez-toc-heading-11\" href=\"https:\/\/flashmode.tn\/magazine\/quel-mois-tailler-le-framboisier\/#Quand_tailler_framboisier_Quebec\" >Quand tailler framboisier Qu\u00e9bec ?<\/a><\/li><li class='ez-toc-page-1 ez-toc-heading-level-2'><a class=\"ez-toc-link ez-toc-heading-12\" href=\"https:\/\/flashmode.tn\/magazine\/quel-mois-tailler-le-framboisier\/#Est-ce_que_les_framboisiers_se_taillent\" >Est-ce que les framboisiers se taillent ?<\/a><\/li><li class='ez-toc-page-1 ez-toc-heading-level-2'><a class=\"ez-toc-link ez-toc-heading-13\" href=\"https:\/\/flashmode.tn\/magazine\/quel-mois-tailler-le-framboisier\/#Comment_faire_fructifier_un_framboisier\" >Comment faire fructifier un framboisier ?<\/a><\/li><li class='ez-toc-page-1 ez-toc-heading-level-2'><a class=\"ez-toc-link ez-toc-heading-14\" href=\"https:\/\/flashmode.tn\/magazine\/quel-mois-tailler-le-framboisier\/#Quel_engrais_On_doit_utiliser_pour_les_plants_de_framboises\" >Quel engrais On doit utiliser pour les plants de framboises ?<\/a><\/li><li class='ez-toc-page-1 ez-toc-heading-level-2'><a class=\"ez-toc-link ez-toc-heading-15\" href=\"https:\/\/flashmode.tn\/magazine\/quel-mois-tailler-le-framboisier\/#Comment_faire_fructifier_les_framboisiers\" >Comment faire fructifier les framboisiers ?<\/a><\/li><li class='ez-toc-page-1 ez-toc-heading-level-2'><a class=\"ez-toc-link ez-toc-heading-16\" href=\"https:\/\/flashmode.tn\/magazine\/quel-mois-tailler-le-framboisier\/#Comment_faire_refleurir_un_framboisier\" >Comment faire refleurir un framboisier ?<\/a><\/li><li class='ez-toc-page-1 ez-toc-heading-level-2'><a class=\"ez-toc-link ez-toc-heading-17\" href=\"https:\/\/flashmode.tn\/magazine\/quel-mois-tailler-le-framboisier\/#Quand_mettre_de_lengrais_aux_framboisiers\" >Quand mettre de l&rsquo;engrais aux framboisiers ?<\/a><\/li><li class='ez-toc-page-1 ez-toc-heading-level-2'><a class=\"ez-toc-link ez-toc-heading-18\" href=\"https:\/\/flashmode.tn\/magazine\/quel-mois-tailler-le-framboisier\/#Comment_tailler_framboisier_Quebec\" >Comment tailler framboisier Qu\u00e9bec ?<\/a><\/li><li class='ez-toc-page-1 ez-toc-heading-level-2'><a class=\"ez-toc-link ez-toc-heading-19\" href=\"https:\/\/flashmode.tn\/magazine\/quel-mois-tailler-le-framboisier\/#Quand_tailler_framboisier_Quebec-2\" >Quand tailler framboisier Qu\u00e9bec ?<\/a><\/li><li class='ez-toc-page-1 ez-toc-heading-level-2'><a class=\"ez-toc-link ez-toc-heading-20\" href=\"https:\/\/flashmode.tn\/magazine\/quel-mois-tailler-le-framboisier\/#Comment_faire_un_palissage_pour_framboisier\" >Comment faire un palissage pour framboisier ?<\/a><\/li><\/ul><\/nav><\/div>\n<h2><span class=\"ez-toc-section\" id=\"Quand_et_comment_tailler_un_framboisier_non_remontant\"><\/span>Quand et comment tailler un framboisier non remontant ?<span class=\"ez-toc-section-end\"><\/span><\/h2>\n<p>A la fin du printemps, la <b>taille<\/b> consiste \u00e0 \u00e9claircir les jeunes cannes pour n&rsquo;en garder que 10-15 par m\u00e8tre lin\u00e9aire, ou par poquets de 5 tous les 35cm. La <b>taille<\/b> d&rsquo;hiver est simple : on rase au sol toutes les tiges, qu&rsquo;elles aient ou <b>non<\/b> produits du fruit.<\/p>\n<h2><span class=\"ez-toc-section\" id=\"Pourquoi_mes_framboisiers_nont_pas_de_framboises\"><\/span><strong>Pourquoi mes framboisiers n&rsquo;ont pas de framboises ?<\/strong><span class=\"ez-toc-section-end\"><\/span><\/h2>\n<p>Re: <b>pas de framboises<\/b> sur <b>mes framboisiers<\/b><\/p>\n<p> Si tu as taill\u00e9 les cannes de l&rsquo;ann\u00e9e, ne va <b>pas<\/b> chercher plus loin. Deux cas se pr\u00e9sentent : 1- les <b>framboisiers<\/b> ne sont <b>pas<\/b> remontants (ils ne produisent qu&rsquo;une fois par an au printemps) : on ne les taille <b>pas<\/b> ! Il faut juste enlever les cannes qui sont s\u00e8ches.<\/p>\n<h2><span class=\"ez-toc-section\" id=\"Pourquoi_pas_de_framboises\"><\/span><strong>Pourquoi pas de framboises ?<\/strong><span class=\"ez-toc-section-end\"><\/span><\/h2>\n<p>Oui, manque d&rsquo;eau comme l&rsquo;a dit pat29. Autre possibilit\u00e9 : le framboisier est sensible aux exc\u00e8s de calcaire &#8230; manque de fer, les feuilles <b>sont<\/b> jaunes et les fruits <b>petits<\/b>.<\/p>\n<h2><span class=\"ez-toc-section\" id=\"Pourquoi_mon_framboisier_ne_fleurit_pas\"><\/span><strong>Pourquoi mon framboisier ne fleurit pas ?<\/strong><span class=\"ez-toc-section-end\"><\/span><\/h2>\n<p>R\u00e9ponse de Larry Hodgson: On peut pr\u00e9sumer que, si vos <b>framboisiers fleurissent<\/b> bien, les conditions de culture doivent \u00eatre acceptables. &#8230; On <b>ne<\/b> peut <b>pas<\/b> bl\u00e2mer l&rsquo;absence d&rsquo;insectes pollinisateurs, car les <b>framboisiers<\/b> peuvent s&rsquo;autof\u00e9conder s&rsquo;il le faut (les fruits sont alors ch\u00e9tifs et peu go\u00fbteux).<\/p>\n<h2><span class=\"ez-toc-section\" id=\"Comment_preparer_les_framboisiers_pour_lhiver\"><\/span><strong>Comment pr\u00e9parer les framboisiers pour l&rsquo;hiver ?<\/strong><span class=\"ez-toc-section-end\"><\/span><\/h2>\n<p>Couper les branches s\u00e8ches au pied, les rameaux qui poussent <b>\u00e0<\/b> l&rsquo;horizontal ou <b>\u00e0<\/b> ras du sol ainsi que les branches ch\u00e9tives. S&rsquo;il est trop dense, garder les beaux rameaux et supprimer le reste <b>pour<\/b> bien a\u00e9rer le <b>framboisier<\/b>. Les branches qui seront gard\u00e9es seront rabattues <b>de<\/b> moiti\u00e9.<\/p>\n<h2><span class=\"ez-toc-section\" id=\"Quand_tailler_ses_rosiers_pour_lhiver\"><\/span><strong>Quand tailler ses rosiers pour l&rsquo;hiver ?<\/strong><span class=\"ez-toc-section-end\"><\/span><\/h2>\n<p>La <b>taille<\/b> principale des <b>rosiers<\/b> s&rsquo;op\u00e8re <b>\u00e0<\/b> la sortie <b>de l&rsquo;hiver<\/b>, en f\u00e9vrier ou mars selon <b>les<\/b> r\u00e9gions, lorsque <b>les<\/b> fortes gel\u00e9es sont pass\u00e9es. Bien s\u00fbr, ce n&rsquo;est pas une r\u00e8gle absolue, il est possible d&rsquo;op\u00e9rer plus tard, jusqu&rsquo;en avril. Une seule r\u00e8gle: \u00e9viter <b>les<\/b> jours <b>de<\/b> gel.<\/p>\n<h2><span class=\"ez-toc-section\" id=\"Comment_entretenir_un_framboisier_pendant_lhiver\"><\/span><strong>Comment entretenir un framboisier pendant l&rsquo;hiver ?<\/strong><span class=\"ez-toc-section-end\"><\/span><\/h2>\n<p>L&rsquo;<b>hiver<\/b> est la bonne p\u00e9riode pour supprimer les drageons trop aventureux. Pour ce faire, employer la Grelinette ou, mieux, la fourche-b\u00eache, \u00e0 manier entre les rangs. Rabattre auparavant les cannes ayant fructifi\u00e9 l&rsquo;ann\u00e9e pass\u00e9e afin de favoriser une quinzaine de pousses vigoureuses par m\u00e8tre lin\u00e9aire.<\/p>\n<h2><span class=\"ez-toc-section\" id=\"Comment_savoir_si_le_framboisier_est_remontant\"><\/span><strong>Comment savoir si le framboisier est remontant ?<\/strong><span class=\"ez-toc-section-end\"><\/span><\/h2>\n<p><b>  <b>   Framboisier remontant  <\/b>  , non  <b>   remontant  <\/b>  ,  <b>   comment  <\/b>  les  <b>   reconna\u00eetre  <\/b>  ? <\/b> <\/p>\n<ol>\n<li>   les vari\u00e9t\u00e9s remontantes produisent deux fois par an : en juin puis d&rsquo;ao\u00fbt \u00e0 octobre,  <\/li>\n<li>   les vari\u00e9t\u00e9s non remontantes n&rsquo;offrent   <b>    qu   <\/b>   &lsquo;une seule r\u00e9colte, abondante, autour de juin \u2013 juillet.  <\/li>\n<\/ol>\n<h2><span class=\"ez-toc-section\" id=\"Quest-ce_quun_Drageon_de_framboisier\"><\/span><strong>Qu&rsquo;est-ce qu&rsquo;un Drageon de framboisier ?<\/strong><span class=\"ez-toc-section-end\"><\/span><\/h2>\n<p>Au printemps, l&rsquo;entretien du <b>framboisier<\/b> consiste \u00e0 supprimer les <b>drageons<\/b> (= rejet provenant des racines du pied plant\u00e9) qui poussent \u00e0 l&rsquo;ext\u00e9rieur de la ligne dans le cas d&rsquo;une haie fruiti\u00e8re ou ceux qui poussent l\u00e0 ou vous ne le souhaitez pas.<\/p>\n<h2><span class=\"ez-toc-section\" id=\"Comment_differencier_les_framboisiers\"><\/span><strong>Comment diff\u00e9rencier les framboisiers ?<\/strong><span class=\"ez-toc-section-end\"><\/span><\/h2>\n<p><b>Comment<\/b> reconna\u00eetre le <b>framboisier<\/b> ? Sa feuille est tr\u00e8s semblable \u00e0 la ronce commune avec ses 3 folioles (parfois 5). Ce qui est tr\u00e8s caract\u00e9ristique chez le <b>framboisier<\/b> est la couleur blanche de la face inf\u00e9rieure de sa feuille alors que la face sup\u00e9rieure est verte.<\/p>\n<h2><span class=\"ez-toc-section\" id=\"Quand_tailler_framboisier_Quebec\"><\/span><strong>Quand tailler framboisier Qu\u00e9bec ?<\/strong><span class=\"ez-toc-section-end\"><\/span><\/h2>\n<p><b>  <b>   Taille  <\/b>  pour la framboise d&rsquo;\u00e9t\u00e9 : <\/b> <\/p>\n<ul>\n<li>   Apr\u00e8s la r\u00e9colte, en ao\u00fbt si le plant est malade ou en novembre s&rsquo;il est en sant\u00e9.   <b>    Tailler   <\/b>   au sol les tiges de bois sec.  <\/li>\n<li>   Au printemps, \u00e9liminer les tiges bris\u00e9es apr\u00e8s les risques de gel. Faucher les drageons exc\u00e9dentaires.  <\/li>\n<\/ul>\n<h2><span class=\"ez-toc-section\" id=\"Est-ce_que_les_framboisiers_se_taillent\"><\/span><strong>Est-ce que les framboisiers se taillent ?<\/strong><span class=\"ez-toc-section-end\"><\/span><\/h2>\n<p>Tailler les <b>framboisiers<\/b> \u00e0 ras &#8211; surtout les tiges qui ont fl\u00e9tri. &#8230; les <b>framboisiers<\/b> non remontants : ils ne donnent qu&rsquo;une fois par an, au printemps, et pas en automne. Ceux-l\u00e0 <b>se taillent<\/b> plus facilement puisque les tiges qui ont donn\u00e9 fl\u00e9trissent en \u00e9t\u00e9 et il faut donc les couper \u00e0 ras.<\/p>\n<h2><span class=\"ez-toc-section\" id=\"Comment_faire_fructifier_un_framboisier\"><\/span><strong>Comment faire fructifier un framboisier ?<\/strong><span class=\"ez-toc-section-end\"><\/span><\/h2>\n<p>Pour les <b>framboisiers<\/b> remontants, coupez au ras du sol les tiges qui ont donn\u00e9 des fruits durant l&rsquo;\u00e9t\u00e9 (elles se reconnaissent car ce sont les plus s\u00e8ches). Pour les rameux qui ont fructifi\u00e9 \u00e0 l&rsquo;automne, rabattez les \u00e0 80 cm environ, c&rsquo;est \u00e0 dire sous la hampe de fruits qu&rsquo;elles ont port\u00e9s.<\/p>\n<h2><span class=\"ez-toc-section\" id=\"Quel_engrais_On_doit_utiliser_pour_les_plants_de_framboises\"><\/span><strong>Quel engrais On doit utiliser pour les plants de framboises ?<\/strong><span class=\"ez-toc-section-end\"><\/span><\/h2>\n<p>C&rsquo;est en automne que l&rsquo;on fait g\u00e9n\u00e9ralement un apport fertilisant aux <b>framboisiers<\/b> sous forme d&rsquo;amendement. Celui-ci doit \u00eatre riche en mati\u00e8res organiques afin de se transformer en humus : fumier, terreau de bonne qualit\u00e9, compost bien d\u00e9compos\u00e9.<\/p>\n<h2><span class=\"ez-toc-section\" id=\"Comment_faire_fructifier_les_framboisiers\"><\/span><strong>Comment faire fructifier les framboisiers ?<\/strong><span class=\"ez-toc-section-end\"><\/span><\/h2>\n<p>Pour les <b>framboisiers<\/b> remontants, coupez au ras du sol les tiges qui ont donn\u00e9 des fruits durant l&rsquo;\u00e9t\u00e9 (elles se reconnaissent car ce sont les plus s\u00e8ches). Pour les rameux qui ont fructifi\u00e9 \u00e0 l&rsquo;automne, rabattez les \u00e0 80 cm environ, c&rsquo;est \u00e0 dire sous la hampe de fruits qu&rsquo;elles ont port\u00e9s.<\/p>\n<h2><span class=\"ez-toc-section\" id=\"Comment_faire_refleurir_un_framboisier\"><\/span><strong>Comment faire refleurir un framboisier ?<\/strong><span class=\"ez-toc-section-end\"><\/span><\/h2>\n<p><b>Comment faire<\/b> des boutures de rameaux de <b>framboisier<\/b> avec feuilles : C&rsquo;est la m\u00e9thode la plus simple pour multiplier le <b>framboisier<\/b> et elle donne de superbes r\u00e9sultats. Sur un arbuste sain, coupez un des rameaux de l&rsquo;ann\u00e9e pr\u00e9c\u00e9dente. Coupez le rameaux en plusieurs tron\u00e7ons juste au dessus des bourgeons.<\/p>\n<h2><span class=\"ez-toc-section\" id=\"Quand_mettre_de_lengrais_aux_framboisiers\"><\/span><strong>Quand mettre de l&rsquo;engrais aux framboisiers ?<\/strong><span class=\"ez-toc-section-end\"><\/span><\/h2>\n<p>C&rsquo;est en automne que l&rsquo;on fait g\u00e9n\u00e9ralement un apport fertilisant aux <b>framboisiers<\/b> sous forme d&rsquo;amendement. Celui-ci doit \u00eatre riche en mati\u00e8res organiques afin de se transformer en humus : fumier, terreau de bonne qualit\u00e9, compost bien d\u00e9compos\u00e9.<\/p>\n<h2><span class=\"ez-toc-section\" id=\"Comment_tailler_framboisier_Quebec\"><\/span><strong>Comment tailler framboisier Qu\u00e9bec ?<\/strong><span class=\"ez-toc-section-end\"><\/span><\/h2>\n<p><b>Comment<\/b>? &#8211; Enlevez les petites tiges faibles avec entren\u0153uds trop espac\u00e9s et\/ou hors du rang et\/ou malades. &#8211; Laissez de 15 \u00e0 18 grosses tiges\/m\u00e8tre (5 \u00e0 6 tiges\/pied) lin\u00e9aire de rang, sur une largeur de 30 \u00e0 45 cm.<\/p>\n<h2><span class=\"ez-toc-section\" id=\"Quand_tailler_framboisier_Quebec-2\"><\/span><strong>Quand tailler framboisier Qu\u00e9bec ?<\/strong><span class=\"ez-toc-section-end\"><\/span><\/h2>\n<p><b>  Taille pour la framboise d&rsquo;\u00e9t\u00e9 : <\/b> <\/p>\n<ul>\n<li>   Apr\u00e8s la r\u00e9colte, en ao\u00fbt si le plant est malade ou en novembre s&rsquo;il est en sant\u00e9.   <b>    Tailler   <\/b>   au sol les tiges de bois sec.  <\/li>\n<li>   Au printemps, \u00e9liminer les tiges bris\u00e9es apr\u00e8s les risques de gel. Faucher les drageons exc\u00e9dentaires.  <\/li>\n<\/ul>\n<h2><span class=\"ez-toc-section\" id=\"Comment_faire_un_palissage_pour_framboisier\"><\/span><strong>Comment faire un palissage pour framboisier ?<\/strong><span class=\"ez-toc-section-end\"><\/span><\/h2>\n<p>Les <b>framboisiers<\/b> sont plant\u00e9s plus proches : 60 \u00e0 70cm entre chaque touffe. On plante des poteaux de part et d&rsquo;autre de la ligne de <b>framboisiers<\/b>. Des fils de fer au sommet des poteaux courent parall\u00e8lement aux <b>framboisiers<\/b>. On attache les tiges (les 8-10 gard\u00e9es apr\u00e8s la taille) \u00e0 ces fils en les y r\u00e9partissant.<\/p>\n<h2><strong><\/strong><\/h2>\n<hr \/>\n<p><em>Editeurs: 25 &#8211; R\u00e9f\u00e9rences: 37 articles<\/em><\/p>\n<p><em>N\u2019oubliez pas de partager l\u2019article !<\/em><\/p>\n","protected":false},"excerpt":{"rendered":"<p>En juin, pratiquer une taille d&rsquo;\u00e9claircissement en laissant une quinzaine de beaux brins par m\u00e8tre lin\u00e9aire. La taille d&rsquo;hiver consiste \u00e0 couper au ras du sol les branches qui ont produit. On en profitera pour \u00e9liminer syst\u00e9matiquement les rameaux faibles et les tiges dess\u00e9ch\u00e9es. Mais encore, Pourquoi les framboisiers ne donnent pas de fruits ? [&hellip;]<\/p>\n","protected":false},"author":2,"featured_media":0,"comment_status":"open","ping_status":"open","sticky":false,"template":"","format":"standard","meta":{"tdm_status":"","tdm_grid_status":"","_jetpack_memberships_contains_paid_content":false,"footnotes":"","jetpack_publicize_message":"","jetpack_publicize_feature_enabled":true,"jetpack_social_post_already_shared":true,"jetpack_social_options":{"image_generator_settings":{"template":"highway","default_image_id":0,"font":"","enabled":false},"version":2}},"categories":[3457],"tags":[],"class_list":["post-45130","post","type-post","status-publish","format-standard","hentry","category-maison"],"yoast_head":"<!-- This site is optimized with the Yoast SEO Premium plugin v25.0 (Yoast SEO v25.0) - https:\/\/yoast.com\/wordpress\/plugins\/seo\/ -->\n<title>Quel mois tailler le framboisier ?<\/title>\n<meta name=\"description\" content=\"En juin, pratiquer une taille d&#039;\u00e9claircissement en laissant une quinzaine de beaux brins par m\u00e8tre lin\u00e9aire. La taille d&#039;hiver consiste \u00e0 couper au ras du\" \/>\n<meta name=\"robots\" content=\"index, follow, max-snippet:-1, max-image-preview:large, max-video-preview:-1\" \/>\n<link rel=\"canonical\" href=\"https:\/\/flashmode.tn\/magazine\/quel-mois-tailler-le-framboisier\/\" \/>\n<meta property=\"og:locale\" content=\"fr_FR\" \/>\n<meta property=\"og:type\" content=\"article\" \/>\n<meta property=\"og:title\" content=\"Quel mois tailler le framboisier ? - Flashmode Magazine | Magazine de mode et style de vie Num\u00e9ro un en Tunisie et au Maghreb\" \/>\n<meta property=\"og:description\" content=\"En juin, pratiquer une taille d&#039;\u00e9claircissement en laissant une quinzaine de beaux brins par m\u00e8tre lin\u00e9aire. La taille d&#039;hiver consiste \u00e0 couper au ras du\" \/>\n<meta property=\"og:url\" content=\"https:\/\/flashmode.tn\/magazine\/quel-mois-tailler-le-framboisier\/\" \/>\n<meta property=\"og:site_name\" content=\"Flashmode Magazine | Magazine de mode et style de vie Num\u00e9ro un en Tunisie et au Maghreb\" \/>\n<meta property=\"article:publisher\" content=\"https:\/\/www.facebook.com\/flashmode.magazine\/\" \/>\n<meta property=\"article:published_time\" content=\"2021-12-29T14:21:36+00:00\" \/>\n<meta name=\"author\" content=\"Nora D.\" \/>\n<meta name=\"twitter:card\" content=\"summary_large_image\" \/>\n<meta name=\"twitter:creator\" content=\"@agenceflashmode\" \/>\n<meta name=\"twitter:site\" content=\"@agenceflashmode\" \/>\n<meta name=\"twitter:label1\" content=\"\u00c9crit par\" \/>\n\t<meta name=\"twitter:data1\" content=\"Nora D.\" \/>\n\t<meta name=\"twitter:label2\" content=\"Dur\u00e9e de lecture estim\u00e9e\" \/>\n\t<meta name=\"twitter:data2\" content=\"7 minutes\" \/>\n<script type=\"application\/ld+json\" class=\"yoast-schema-graph\">{\"@context\":\"https:\/\/schema.org\",\"@graph\":[{\"@type\":\"WebPage\",\"@id\":\"https:\/\/flashmode.tn\/magazine\/quel-mois-tailler-le-framboisier\/\",\"url\":\"https:\/\/flashmode.tn\/magazine\/quel-mois-tailler-le-framboisier\/\",\"name\":\"Quel mois tailler le framboisier ?\",\"isPartOf\":{\"@id\":\"https:\/\/flashmode.tn\/magazine\/#website\"},\"datePublished\":\"2021-12-29T14:21:36+00:00\",\"author\":{\"@id\":\"https:\/\/flashmode.tn\/magazine\/#\/schema\/person\/ebeaf8414935b60ba8817ab0babd7fbe\"},\"description\":\"En juin, pratiquer une taille d'\u00e9claircissement en laissant une quinzaine de beaux brins par m\u00e8tre lin\u00e9aire. La taille d'hiver consiste \u00e0 couper au ras du\",\"breadcrumb\":{\"@id\":\"https:\/\/flashmode.tn\/magazine\/quel-mois-tailler-le-framboisier\/#breadcrumb\"},\"inLanguage\":\"fr-FR\",\"potentialAction\":[{\"@type\":\"ReadAction\",\"target\":[\"https:\/\/flashmode.tn\/magazine\/quel-mois-tailler-le-framboisier\/\"]}]},{\"@type\":\"BreadcrumbList\",\"@id\":\"https:\/\/flashmode.tn\/magazine\/quel-mois-tailler-le-framboisier\/#breadcrumb\",\"itemListElement\":[{\"@type\":\"ListItem\",\"position\":1,\"name\":\"Accueil\",\"item\":\"https:\/\/flashmode.tn\/magazine\/\"},{\"@type\":\"ListItem\",\"position\":2,\"name\":\"Quel mois tailler le framboisier ?\"}]},{\"@type\":\"WebSite\",\"@id\":\"https:\/\/flashmode.tn\/magazine\/#website\",\"url\":\"https:\/\/flashmode.tn\/magazine\/\",\"name\":\"Flashmode Magazine | Magazine de mode et style de vie Num\u00e9ro un en Tunisie et au Maghreb\",\"description\":\"Magazine de mode et style de vie Num\u00e9ro un en Tunisie et au Maghreb, cr\u00e9\u00e9 pour les hommes et les femmes : conseils beaut\u00e9, mode femme, mode homme, recettes de cuisine, c\u00e9l\u00e9brit\u00e9s et people, mannequins et top modeles\",\"potentialAction\":[{\"@type\":\"SearchAction\",\"target\":{\"@type\":\"EntryPoint\",\"urlTemplate\":\"https:\/\/flashmode.tn\/magazine\/?s={search_term_string}\"},\"query-input\":{\"@type\":\"PropertyValueSpecification\",\"valueRequired\":true,\"valueName\":\"search_term_string\"}}],\"inLanguage\":\"fr-FR\"},{\"@type\":\"Person\",\"@id\":\"https:\/\/flashmode.tn\/magazine\/#\/schema\/person\/ebeaf8414935b60ba8817ab0babd7fbe\",\"name\":\"Nora D.\",\"image\":{\"@type\":\"ImageObject\",\"inLanguage\":\"fr-FR\",\"@id\":\"https:\/\/flashmode.tn\/magazine\/#\/schema\/person\/image\/\",\"url\":\"https:\/\/secure.gravatar.com\/avatar\/a51d897ddf0a2216affe16e03a39790850922d1b5b29f147f35db7ccb8861eab?s=96&d=mm&r=g\",\"contentUrl\":\"https:\/\/secure.gravatar.com\/avatar\/a51d897ddf0a2216affe16e03a39790850922d1b5b29f147f35db7ccb8861eab?s=96&d=mm&r=g\",\"caption\":\"Nora D.\"},\"url\":\"https:\/\/flashmode.tn\/magazine\/author\/nora-damak\/\"}]}<\/script>\n<!-- \/ Yoast SEO Premium plugin. -->","yoast_head_json":{"title":"Quel mois tailler le framboisier ?","description":"En juin, pratiquer une taille d'\u00e9claircissement en laissant une quinzaine de beaux brins par m\u00e8tre lin\u00e9aire. La taille d'hiver consiste \u00e0 couper au ras du","robots":{"index":"index","follow":"follow","max-snippet":"max-snippet:-1","max-image-preview":"max-image-preview:large","max-video-preview":"max-video-preview:-1"},"canonical":"https:\/\/flashmode.tn\/magazine\/quel-mois-tailler-le-framboisier\/","og_locale":"fr_FR","og_type":"article","og_title":"Quel mois tailler le framboisier ? - Flashmode Magazine | Magazine de mode et style de vie Num\u00e9ro un en Tunisie et au Maghreb","og_description":"En juin, pratiquer une taille d'\u00e9claircissement en laissant une quinzaine de beaux brins par m\u00e8tre lin\u00e9aire. La taille d'hiver consiste \u00e0 couper au ras du","og_url":"https:\/\/flashmode.tn\/magazine\/quel-mois-tailler-le-framboisier\/","og_site_name":"Flashmode Magazine | Magazine de mode et style de vie Num\u00e9ro un en Tunisie et au Maghreb","article_publisher":"https:\/\/www.facebook.com\/flashmode.magazine\/","article_published_time":"2021-12-29T14:21:36+00:00","author":"Nora D.","twitter_card":"summary_large_image","twitter_creator":"@agenceflashmode","twitter_site":"@agenceflashmode","twitter_misc":{"\u00c9crit par":"Nora D.","Dur\u00e9e de lecture estim\u00e9e":"7 minutes"},"schema":{"@context":"https:\/\/schema.org","@graph":[{"@type":"WebPage","@id":"https:\/\/flashmode.tn\/magazine\/quel-mois-tailler-le-framboisier\/","url":"https:\/\/flashmode.tn\/magazine\/quel-mois-tailler-le-framboisier\/","name":"Quel mois tailler le framboisier ?","isPartOf":{"@id":"https:\/\/flashmode.tn\/magazine\/#website"},"datePublished":"2021-12-29T14:21:36+00:00","author":{"@id":"https:\/\/flashmode.tn\/magazine\/#\/schema\/person\/ebeaf8414935b60ba8817ab0babd7fbe"},"description":"En juin, pratiquer une taille d'\u00e9claircissement en laissant une quinzaine de beaux brins par m\u00e8tre lin\u00e9aire. La taille d'hiver consiste \u00e0 couper au ras du","breadcrumb":{"@id":"https:\/\/flashmode.tn\/magazine\/quel-mois-tailler-le-framboisier\/#breadcrumb"},"inLanguage":"fr-FR","potentialAction":[{"@type":"ReadAction","target":["https:\/\/flashmode.tn\/magazine\/quel-mois-tailler-le-framboisier\/"]}]},{"@type":"BreadcrumbList","@id":"https:\/\/flashmode.tn\/magazine\/quel-mois-tailler-le-framboisier\/#breadcrumb","itemListElement":[{"@type":"ListItem","position":1,"name":"Accueil","item":"https:\/\/flashmode.tn\/magazine\/"},{"@type":"ListItem","position":2,"name":"Quel mois tailler le framboisier ?"}]},{"@type":"WebSite","@id":"https:\/\/flashmode.tn\/magazine\/#website","url":"https:\/\/flashmode.tn\/magazine\/","name":"Flashmode Magazine | Magazine de mode et style de vie Num\u00e9ro un en Tunisie et au Maghreb","description":"Magazine de mode et style de vie Num\u00e9ro un en Tunisie et au Maghreb, cr\u00e9\u00e9 pour les hommes et les femmes : conseils beaut\u00e9, mode femme, mode homme, recettes de cuisine, c\u00e9l\u00e9brit\u00e9s et people, mannequins et top modeles","potentialAction":[{"@type":"SearchAction","target":{"@type":"EntryPoint","urlTemplate":"https:\/\/flashmode.tn\/magazine\/?s={search_term_string}"},"query-input":{"@type":"PropertyValueSpecification","valueRequired":true,"valueName":"search_term_string"}}],"inLanguage":"fr-FR"},{"@type":"Person","@id":"https:\/\/flashmode.tn\/magazine\/#\/schema\/person\/ebeaf8414935b60ba8817ab0babd7fbe","name":"Nora D.","image":{"@type":"ImageObject","inLanguage":"fr-FR","@id":"https:\/\/flashmode.tn\/magazine\/#\/schema\/person\/image\/","url":"https:\/\/secure.gravatar.com\/avatar\/a51d897ddf0a2216affe16e03a39790850922d1b5b29f147f35db7ccb8861eab?s=96&d=mm&r=g","contentUrl":"https:\/\/secure.gravatar.com\/avatar\/a51d897ddf0a2216affe16e03a39790850922d1b5b29f147f35db7ccb8861eab?s=96&d=mm&r=g","caption":"Nora D."},"url":"https:\/\/flashmode.tn\/magazine\/author\/nora-damak\/"}]}},"jetpack_publicize_connections":[],"jetpack_featured_media_url":"","jetpack_shortlink":"https:\/\/wp.me\/p8BPGr-bJU","jetpack_sharing_enabled":true,"_links":{"self":[{"href":"https:\/\/flashmode.tn\/magazine\/wp-json\/wp\/v2\/posts\/45130","targetHints":{"allow":["GET"]}}],"collection":[{"href":"https:\/\/flashmode.tn\/magazine\/wp-json\/wp\/v2\/posts"}],"about":[{"href":"https:\/\/flashmode.tn\/magazine\/wp-json\/wp\/v2\/types\/post"}],"author":[{"embeddable":true,"href":"https:\/\/flashmode.tn\/magazine\/wp-json\/wp\/v2\/users\/2"}],"replies":[{"embeddable":true,"href":"https:\/\/flashmode.tn\/magazine\/wp-json\/wp\/v2\/comments?post=45130"}],"version-history":[{"count":0,"href":"https:\/\/flashmode.tn\/magazine\/wp-json\/wp\/v2\/posts\/45130\/revisions"}],"wp:attachment":[{"href":"https:\/\/flashmode.tn\/magazine\/wp-json\/wp\/v2\/media?parent=45130"}],"wp:term":[{"taxonomy":"category","embeddable":true,"href":"https:\/\/flashmode.tn\/magazine\/wp-json\/wp\/v2\/categories?post=45130"},{"taxonomy":"post_tag","embeddable":true,"href":"https:\/\/flashmode.tn\/magazine\/wp-json\/wp\/v2\/tags?post=45130"}],"curies":[{"name":"wp","href":"https:\/\/api.w.org\/{rel}","templated":true}]}}