{"id":45319,"date":"2021-11-20T23:26:05","date_gmt":"2021-11-20T22:26:05","guid":{"rendered":"https:\/\/flashmode.tn\/magazine\/?p=45319"},"modified":"2021-11-20T23:26:05","modified_gmt":"2021-11-20T22:26:05","slug":"ou-trouve-t-on-des-champs-de-coquelicots","status":"publish","type":"post","link":"https:\/\/flashmode.tn\/magazine\/ou-trouve-t-on-des-champs-de-coquelicots\/","title":{"rendered":"O\u00f9 Trouve-t-on des champs de coquelicots ?"},"content":{"rendered":"<p>Du c\u00f4t\u00e9 de Lambesc, Saint-Cannat et Tarascon, en sillonnant les belles routes de Provence ou au d\u00e9tour d&rsquo;une petite route serpentant dans la colline en direction de l&rsquo;Abbaye de Saint-Michel-de-Frigolet, l\u00e0, se <b>trouve<\/b> un sublime <b>champ de coquelicots<\/b>.<\/p>\n<p>Mais encore, Pourquoi il n&rsquo;y a plus de coquelicots ?<\/p>\n<p>Les herbicides et la disparition des haies mis en cause<\/p>\n<p> \u00ab\u00a0Apr\u00e8s, la raison principale, c&rsquo;est l&#8217;emploi des herbicides. Les herbicides d\u00e9truisent d\u00e8s la germination la plante et donc <b>il n&rsquo;y a plus<\/b> de possibilit\u00e9 pour les messicoles d&rsquo;\u00eatre pr\u00e9sentes dans les champs.\u00a0\u00bb<\/p>\n<p>et Comment faire un champ de coquelicots ?<\/p>\n<p>Plantation du <b>coquelicot<\/b><\/p>\n<p> Semez dans une terre retourn\u00e9e et humide, si possible m\u00e9lang\u00e9e \u00e0 du terreau, et veillez \u00e0 espacer les semis de <b>coquelicot<\/b> de 20 cm environ. Si vous avez mis vos <b>coquelicots<\/b> en pot d\u00e9but f\u00e9vrier, \u00e9claircissez \u00e0 environ 10 cm et mettez-les en terre au printemps.<\/p>\n<p>Pourquoi y A-t-il autant de coquelicots cette ann\u00e9e ?<\/p>\n<p><b>La<\/b> multiplication r\u00e9cente des <b>coquelicots est aussi<\/b> due \u00e0 une particularit\u00e9 de <b>la<\/b> plante \u00e0 savoir sa tendance naturelle \u00e0 produire une quantit\u00e9 importante de graines. \u201cLes nombreuses graines produites par les <b>coquelicots<\/b> peuvent conserver leur pouvoir germinatif pendant une dizaine d&rsquo;<b>ann\u00e9es<\/b>.<\/p>\n<div id=\"ez-toc-container\" class=\"ez-toc-v2_0_81 counter-hierarchy ez-toc-counter ez-toc-grey ez-toc-container-direction\">\n<div class=\"ez-toc-title-container\">\n<p class=\"ez-toc-title\" style=\"cursor:inherit\">Contenus de la page<\/p>\n<span class=\"ez-toc-title-toggle\"><a href=\"#\" class=\"ez-toc-pull-right ez-toc-btn ez-toc-btn-xs ez-toc-btn-default ez-toc-toggle\" aria-label=\"Toggle Table of Content\"><span class=\"ez-toc-js-icon-con\"><span class=\"\"><span class=\"eztoc-hide\" style=\"display:none;\">Toggle<\/span><span class=\"ez-toc-icon-toggle-span\"><svg style=\"fill: #999;color:#999\" xmlns=\"http:\/\/www.w3.org\/2000\/svg\" class=\"list-377408\" width=\"20px\" height=\"20px\" viewBox=\"0 0 24 24\" fill=\"none\"><path d=\"M6 6H4v2h2V6zm14 0H8v2h12V6zM4 11h2v2H4v-2zm16 0H8v2h12v-2zM4 16h2v2H4v-2zm16 0H8v2h12v-2z\" fill=\"currentColor\"><\/path><\/svg><svg style=\"fill: #999;color:#999\" class=\"arrow-unsorted-368013\" xmlns=\"http:\/\/www.w3.org\/2000\/svg\" width=\"10px\" height=\"10px\" viewBox=\"0 0 24 24\" version=\"1.2\" baseProfile=\"tiny\"><path d=\"M18.2 9.3l-6.2-6.3-6.2 6.3c-.2.2-.3.4-.3.7s.1.5.3.7c.2.2.4.3.7.3h11c.3 0 .5-.1.7-.3.2-.2.3-.5.3-.7s-.1-.5-.3-.7zM5.8 14.7l6.2 6.3 6.2-6.3c.2-.2.3-.5.3-.7s-.1-.5-.3-.7c-.2-.2-.4-.3-.7-.3h-11c-.3 0-.5.1-.7.3-.2.2-.3.5-.3.7s.1.5.3.7z\"\/><\/svg><\/span><\/span><\/span><\/a><\/span><\/div>\n<nav><ul class='ez-toc-list ez-toc-list-level-1 ' ><li class='ez-toc-page-1 ez-toc-heading-level-2'><a class=\"ez-toc-link ez-toc-heading-1\" href=\"https:\/\/flashmode.tn\/magazine\/ou-trouve-t-on-des-champs-de-coquelicots\/#Comment_recolter_des_graines_de_coquelicot\" >Comment r\u00e9colter des graines de coquelicot ?<\/a><\/li><li class='ez-toc-page-1 ez-toc-heading-level-2'><a class=\"ez-toc-link ez-toc-heading-2\" href=\"https:\/\/flashmode.tn\/magazine\/ou-trouve-t-on-des-champs-de-coquelicots\/#Quand_recolter_graines_de_coquelicot\" >Quand r\u00e9colter graines de coquelicot ?<\/a><\/li><li class='ez-toc-page-1 ez-toc-heading-level-2'><a class=\"ez-toc-link ez-toc-heading-3\" href=\"https:\/\/flashmode.tn\/magazine\/ou-trouve-t-on-des-champs-de-coquelicots\/#Quand_semer_pavot_coquelicot\" >Quand semer pavot coquelicot ?<\/a><\/li><li class='ez-toc-page-1 ez-toc-heading-level-2'><a class=\"ez-toc-link ez-toc-heading-4\" href=\"https:\/\/flashmode.tn\/magazine\/ou-trouve-t-on-des-champs-de-coquelicots\/#Comment_faire_secher_des_graines_de_coquelicots\" >Comment faire s\u00e9cher des graines de coquelicots ?<\/a><\/li><li class='ez-toc-page-1 ez-toc-heading-level-2'><a class=\"ez-toc-link ez-toc-heading-5\" href=\"https:\/\/flashmode.tn\/magazine\/ou-trouve-t-on-des-champs-de-coquelicots\/#Comment_recolter_les_graines_dune_fleur\" >Comment r\u00e9colter les graines d&rsquo;une fleur ?<\/a><\/li><li class='ez-toc-page-1 ez-toc-heading-level-2'><a class=\"ez-toc-link ez-toc-heading-6\" href=\"https:\/\/flashmode.tn\/magazine\/ou-trouve-t-on-des-champs-de-coquelicots\/#Comment_faire_secher_des_graines_de_fleurs\" >Comment faire s\u00e9cher des graines de fleurs ?<\/a><\/li><li class='ez-toc-page-1 ez-toc-heading-level-2'><a class=\"ez-toc-link ez-toc-heading-7\" href=\"https:\/\/flashmode.tn\/magazine\/ou-trouve-t-on-des-champs-de-coquelicots\/#Comment_obtenir_des_coquelicots\" >Comment obtenir des coquelicots ?<\/a><\/li><li class='ez-toc-page-1 ez-toc-heading-level-2'><a class=\"ez-toc-link ez-toc-heading-8\" href=\"https:\/\/flashmode.tn\/magazine\/ou-trouve-t-on-des-champs-de-coquelicots\/#Comment_multiplier_des_coquelicots\" >Comment multiplier des coquelicots ?<\/a><\/li><li class='ez-toc-page-1 ez-toc-heading-level-2'><a class=\"ez-toc-link ez-toc-heading-9\" href=\"https:\/\/flashmode.tn\/magazine\/ou-trouve-t-on-des-champs-de-coquelicots\/#Comment_et_quand_semer_les_coquelicots\" >Comment et quand semer les coquelicots ?<\/a><\/li><li class='ez-toc-page-1 ez-toc-heading-level-2'><a class=\"ez-toc-link ez-toc-heading-10\" href=\"https:\/\/flashmode.tn\/magazine\/ou-trouve-t-on-des-champs-de-coquelicots\/#Quel_drogue_se_fait_avec_le_pavot\" >Quel drogue se fait avec le pavot ?<\/a><\/li><li class='ez-toc-page-1 ez-toc-heading-level-2'><a class=\"ez-toc-link ez-toc-heading-11\" href=\"https:\/\/flashmode.tn\/magazine\/ou-trouve-t-on-des-champs-de-coquelicots\/#Comment_planter_graine_de_pavot\" >Comment planter graine de pavot ?<\/a><\/li><li class='ez-toc-page-1 ez-toc-heading-level-2'><a class=\"ez-toc-link ez-toc-heading-12\" href=\"https:\/\/flashmode.tn\/magazine\/ou-trouve-t-on-des-champs-de-coquelicots\/#Pourquoi_faire_secher_les_graines_avant_de_les_planter\" >Pourquoi faire s\u00e9cher les graines avant de les planter ?<\/a><\/li><li class='ez-toc-page-1 ez-toc-heading-level-2'><a class=\"ez-toc-link ez-toc-heading-13\" href=\"https:\/\/flashmode.tn\/magazine\/ou-trouve-t-on-des-champs-de-coquelicots\/#Ou_sont_les_graines_dune_fleur\" >O\u00f9 sont les graines d&rsquo;une fleur ?<\/a><\/li><li class='ez-toc-page-1 ez-toc-heading-level-2'><a class=\"ez-toc-link ez-toc-heading-14\" href=\"https:\/\/flashmode.tn\/magazine\/ou-trouve-t-on-des-champs-de-coquelicots\/#Comment_recolter_les_graines_donagre\" >Comment r\u00e9colter les graines d&rsquo;onagre ?<\/a><\/li><li class='ez-toc-page-1 ez-toc-heading-level-2'><a class=\"ez-toc-link ez-toc-heading-15\" href=\"https:\/\/flashmode.tn\/magazine\/ou-trouve-t-on-des-champs-de-coquelicots\/#Comment_recolter_les_graines_de_Gazania\" >Comment r\u00e9colter les graines de Gazania ?<\/a><\/li><li class='ez-toc-page-1 ez-toc-heading-level-2'><a class=\"ez-toc-link ez-toc-heading-16\" href=\"https:\/\/flashmode.tn\/magazine\/ou-trouve-t-on-des-champs-de-coquelicots\/#Quand_recolter_les_graines_de_fleurs\" >Quand r\u00e9colter les graines de fleurs ?<\/a><\/li><li class='ez-toc-page-1 ez-toc-heading-level-2'><a class=\"ez-toc-link ez-toc-heading-17\" href=\"https:\/\/flashmode.tn\/magazine\/ou-trouve-t-on-des-champs-de-coquelicots\/#Comment_faire_secher_graine_Agapanthe\" >Comment faire s\u00e9cher graine Agapanthe ?<\/a><\/li><li class='ez-toc-page-1 ez-toc-heading-level-2'><a class=\"ez-toc-link ez-toc-heading-18\" href=\"https:\/\/flashmode.tn\/magazine\/ou-trouve-t-on-des-champs-de-coquelicots\/#Comment_conserver_les_graines\" >Comment conserver les graines ?<\/a><\/li><li class='ez-toc-page-1 ez-toc-heading-level-2'><a class=\"ez-toc-link ez-toc-heading-19\" href=\"https:\/\/flashmode.tn\/magazine\/ou-trouve-t-on-des-champs-de-coquelicots\/#Quand_recolter_les_graines_de_Genet\" >Quand r\u00e9colter les graines de Genet ?<\/a><\/li><\/ul><\/nav><\/div>\n<h2><span class=\"ez-toc-section\" id=\"Comment_recolter_des_graines_de_coquelicot\"><\/span>Comment r\u00e9colter des graines de coquelicot ?<span class=\"ez-toc-section-end\"><\/span><\/h2>\n<p>La <b>r\u00e9colte<\/b> se fait donc en inclinant la capsule vers le bas, sans casser la tige, et en tapotant la t\u00eate du <b>coquelicot<\/b> au-dessus d&rsquo;un r\u00e9cipient.<\/p>\n<h2><span class=\"ez-toc-section\" id=\"Quand_recolter_graines_de_coquelicot\"><\/span><strong>Quand r\u00e9colter graines de coquelicot ?<\/strong><span class=\"ez-toc-section-end\"><\/span><\/h2>\n<p>On les retrouve au bord d&rsquo;un champ durant la p\u00e9riode des moissons, au mois de juillet-ao\u00fbt. Elles fleurissent \u00e0 peine une journ\u00e9e. Il est alors possible de <b>r\u00e9colter<\/b> les <b>graines de coquelicots<\/b> contenus dans des capsules, en prenant soin de les tenir droites car les <b>graines<\/b> s&rsquo;\u00e9chappent facilement.<\/p>\n<h2><span class=\"ez-toc-section\" id=\"Quand_semer_pavot_coquelicot\"><\/span><strong>Quand semer pavot coquelicot ?<\/strong><span class=\"ez-toc-section-end\"><\/span><\/h2>\n<p><b>Quand semer<\/b> ? Les <b>pavots<\/b> annuels se s\u00e8ment \u00e0 l&rsquo;automne et au d\u00e9but du printemps, l&rsquo;id\u00e9al \u00e9tant en automne.<\/p>\n<h2><span class=\"ez-toc-section\" id=\"Comment_faire_secher_des_graines_de_coquelicots\"><\/span><strong>Comment faire s\u00e9cher des graines de coquelicots ?<\/strong><span class=\"ez-toc-section-end\"><\/span><\/h2>\n<p>L&rsquo;exemple type est le <b>coquelicot<\/b>. S\u00e9chage des <b>graines<\/b> : Pour enlever toutes les traces d&rsquo;humidit\u00e9 et achever la dessiccation (la d\u00e9shydratation) des <b>graines<\/b>, il faut les laisser <b>s\u00e9cher<\/b> \u00e0 l&rsquo;air libre et au soleil pendant un jour ou deux, suivant le temps.<\/p>\n<h2><span class=\"ez-toc-section\" id=\"Comment_recolter_les_graines_dune_fleur\"><\/span><strong>Comment r\u00e9colter les graines d&rsquo;une fleur ?<\/strong><span class=\"ez-toc-section-end\"><\/span><\/h2>\n<p>Quand les <b>fleurs<\/b> ont fan\u00e9es et qu&rsquo;elles sont presque s\u00e8ches, et que de petites <b>graines<\/b> noires apparaissent. Coupez les tiges au matin. Mettez-les \u00e0 s\u00e9cher sur un tissu \u00e0 l&rsquo;ombre. Plusieurs brassages vigoureux seront n\u00e9cessaires pour faire tomber les <b>graines<\/b>.<\/p>\n<h2><span class=\"ez-toc-section\" id=\"Comment_faire_secher_des_graines_de_fleurs\"><\/span><strong>Comment faire s\u00e9cher des graines de fleurs ?<\/strong><span class=\"ez-toc-section-end\"><\/span><\/h2>\n<p>Munissez vous d&rsquo;un s\u00e9cateur et coupez les t\u00eates florales s\u00e9ch\u00e9es que vous mettrez dans un grand sac en papier. Etalez les au sec pour qu&rsquo;elles finissent de <b>s\u00e9cher<\/b>. Quelques jours plus tard, d\u00e9posez les t\u00eates coup\u00e9es dans un plateau afin de les \u00e9grainer en froissant les <b>fleurs<\/b>, les capsules ou les gousses selon les cas.<\/p>\n<h2><span class=\"ez-toc-section\" id=\"Comment_obtenir_des_coquelicots\"><\/span><strong>Comment obtenir des coquelicots ?<\/strong><span class=\"ez-toc-section-end\"><\/span><\/h2>\n<p>Le <b>coquelicot<\/b> est une plante qui supporte tr\u00e8s mal le repiquage ; il est donc pr\u00e9f\u00e9rable de le semer directement en place d\u00e8s que la terre est bien r\u00e9chauff\u00e9e en avril. Le <b>coquelicot<\/b> appr\u00e9cie les sols secs, pauvres, caillouteux et bien drain\u00e9s et une exposition en plein soleil. Cette plante ne craint pas la s\u00e9cheresse.<\/p>\n<h2><span class=\"ez-toc-section\" id=\"Comment_multiplier_des_coquelicots\"><\/span><strong>Comment multiplier des coquelicots ?<\/strong><span class=\"ez-toc-section-end\"><\/span><\/h2>\n<p>La seule fa\u00e7on de <b>multiplier<\/b> le <b>coquelicot<\/b> est de le semer. En effet, le <b>coquelicot<\/b> ne supporte pas le repiquage. Il vous faut le semer directement en place.<\/p>\n<h2><span class=\"ez-toc-section\" id=\"Comment_et_quand_semer_les_coquelicots\"><\/span><strong>Comment et quand semer les coquelicots ?<\/strong><span class=\"ez-toc-section-end\"><\/span><\/h2>\n<p>Le <b>coquelicot<\/b> est une plante qui supporte tr\u00e8s mal le repiquage ; il est donc pr\u00e9f\u00e9rable de le <b>semer<\/b> directement en place d\u00e8s que la terre est bien r\u00e9chauff\u00e9e en avril. Le <b>coquelicot<\/b> appr\u00e9cie les sols secs, pauvres, caillouteux et bien drain\u00e9s et une exposition en plein soleil.<\/p>\n<h2><span class=\"ez-toc-section\" id=\"Quel_drogue_se_fait_avec_le_pavot\"><\/span><strong>Quel drogue se fait avec le pavot ?<\/strong><span class=\"ez-toc-section-end\"><\/span><\/h2>\n<p>Les graines de <b>pavot<\/b> somnif\u00e8re, Papaver somniferum, dont on tire l&rsquo;opium, la morphine et l\u00a0\u00bbh\u00e9ro\u00efne.<\/p>\n<h2><span class=\"ez-toc-section\" id=\"Comment_planter_graine_de_pavot\"><\/span><strong>Comment planter graine de pavot ?<\/strong><span class=\"ez-toc-section-end\"><\/span><\/h2>\n<p>Plantation du coquelicot, <b>pavot<\/b><\/p>\n<p> <b>Semer<\/b> \u00e0 la vol\u00e9e dans un m\u00e9lange de terreau et de sable ou terreau sp\u00e9cial <b>semis<\/b>. Recouvrir les graines avec du terreau puis arroser en pluie fine. Maintenir le substrat l\u00e9g\u00e8rement humide. Eclaircir tous les 10 cm environ, d\u00e8s l&rsquo;apparition des premi\u00e8res feuilles.<\/p>\n<h2><span class=\"ez-toc-section\" id=\"Pourquoi_faire_secher_les_graines_avant_de_les_planter\"><\/span><strong>Pourquoi faire s\u00e9cher les graines avant de les planter ?<\/strong><span class=\"ez-toc-section-end\"><\/span><\/h2>\n<p>IMPORTANT : privil\u00e9giez toujours une r\u00e9colte de vos <b>graines<\/b> par temps sec. Cela \u00e9vitera tout risque de pourrissement, de contamination ou de non-germination par la suite.<\/p>\n<h2><span class=\"ez-toc-section\" id=\"Ou_sont_les_graines_dune_fleur\"><\/span><strong>O\u00f9 sont les graines d&rsquo;une fleur ?<\/strong><span class=\"ez-toc-section-end\"><\/span><\/h2>\n<p>3 Comment r\u00e9colter les <b>graines<\/b> de <b>fleurs<\/b> ? Selon les <b>fleurs<\/b>, les <b>graines<\/b> se trouvent au c\u0153ur m\u00eame de la <b>fleur<\/b> (tournesols), dans des gousses (pois de senteur, haricots d&rsquo;Espagne) ou dans des capsules de diff\u00e9rentes formes (nigelles, lavat\u00e8res, volubilis\u2026).<\/p>\n<h2><span class=\"ez-toc-section\" id=\"Comment_recolter_les_graines_donagre\"><\/span><strong>Comment r\u00e9colter les graines d&rsquo;onagre ?<\/strong><span class=\"ez-toc-section-end\"><\/span><\/h2>\n<p><b>  <b>   Comment r\u00e9colter  <\/b>  et conserver cette plante ? <\/b> <\/p>\n<ol>\n<li>   Choisissez 2 ou 3 beaux pieds que vous laissez en place. &#8230;  <\/li>\n<li>   R\u00e9coltez les   <b>    graines   <\/b>   au fur et \u00e0 mesure qu&rsquo;elles m\u00fbrissent (de bas en haut de la tige). &#8230;  <\/li>\n<li>   Faites les s\u00e9cher \u00e0 l&rsquo;ombre puis ensachez-les.  <\/li>\n<li>   Conservez-les \u00e0 l&rsquo;abri de l&rsquo;humidit\u00e9.  <\/li>\n<\/ol>\n<h2><span class=\"ez-toc-section\" id=\"Comment_recolter_les_graines_de_Gazania\"><\/span><strong>Comment r\u00e9colter les graines de Gazania ?<\/strong><span class=\"ez-toc-section-end\"><\/span><\/h2>\n<p>Pour <b>recuperer<\/b> les <b>graines de gazania<\/b> rien de plus simple: attendre que la fleur soit fan\u00e9e et ramasser les petits \u00ab\u00a0plumeaux\u00a0\u00bb qui apparaitront quelques temps + tard . La <b>graine<\/b> se trouve au bout.<\/p>\n<h2><span class=\"ez-toc-section\" id=\"Quand_recolter_les_graines_de_fleurs\"><\/span><strong>Quand r\u00e9colter les graines de fleurs ?<\/strong><span class=\"ez-toc-section-end\"><\/span><\/h2>\n<p>En r\u00e8gle g\u00e9n\u00e9rale, r\u00e9coltez les <b>graines de fleurs<\/b> en ao\u00fbt ou en septembre, lorsque les <b>graines<\/b> sont matures, brunes et s\u00e8ches. Cependant, n&rsquo;intervenez pas trop tard, lorsque les <b>graines<\/b> se sont d\u00e9j\u00e0 diss\u00e9min\u00e9es dans la nature.<\/p>\n<h2><span class=\"ez-toc-section\" id=\"Comment_faire_secher_graine_Agapanthe\"><\/span><strong>Comment faire s\u00e9cher graine Agapanthe ?<\/strong><span class=\"ez-toc-section-end\"><\/span><\/h2>\n<p><b>  Multiplication de l&rsquo;  <b>   agapanthe  <\/b> <\/b> <\/p>\n<ol>\n<li>   Garnissez une terrine de terreau pour semis : 50 % de sable et 50 % de tourbe blonde.  <\/li>\n<li>   Placez les   <b>    graines   <\/b>   sans les serrer et recouvrez-les d&rsquo;un peu de terreau.  <\/li>\n<li>   Mettez la terrine dans un endroit \u00e0 18 \u00b0C.  <\/li>\n<li>   Arrosez.  <\/li>\n<li>   Attendez la germination 15 \u00e0 20 jours.  <\/li>\n<\/ol>\n<h2><span class=\"ez-toc-section\" id=\"Comment_conserver_les_graines\"><\/span><strong>Comment conserver les graines ?<\/strong><span class=\"ez-toc-section-end\"><\/span><\/h2>\n<p>Plus la temp\u00e9rature ambiante augmente, plus le risque de germination est \u00e9lev\u00e9. <b>Conserver les graines<\/b>, si possible, \u00e0 4 ou 5 \u00b0C, par exemple dans le bac \u00e0 l\u00e9gumes en bas du r\u00e9frig\u00e9rateur. Veiller aussi \u00e0 garder les sachets dans un endroit ventil\u00e9.<\/p>\n<h2><span class=\"ez-toc-section\" id=\"Quand_recolter_les_graines_de_Genet\"><\/span><strong>Quand r\u00e9colter les graines de Genet ?<\/strong><span class=\"ez-toc-section-end\"><\/span><\/h2>\n<p>Semis. Pour <b>r\u00e9colter les graines<\/b>, cueillez les gousses dess\u00e9ch\u00e9es en automne ou fin d&rsquo;\u00e9t\u00e9 d\u00e8s que les premi\u00e8res \u00e9clatent.<\/p>\n<h2><strong><\/strong><\/h2>\n<h2><strong><\/strong><\/h2>\n<hr \/>\n<p><em>Editeurs: 4 &#8211; R\u00e9f\u00e9rences: 30 articles<\/em><\/p>\n<p><em>N\u2019oubliez pas de partager l\u2019article !<\/em><\/p>\n","protected":false},"excerpt":{"rendered":"<p>Du c\u00f4t\u00e9 de Lambesc, Saint-Cannat et Tarascon, en sillonnant les belles routes de Provence ou au d\u00e9tour d&rsquo;une petite route serpentant dans la colline en direction de l&rsquo;Abbaye de Saint-Michel-de-Frigolet, l\u00e0, se trouve un sublime champ de coquelicots. Mais encore, Pourquoi il n&rsquo;y a plus de coquelicots ? Les herbicides et la disparition des haies [&hellip;]<\/p>\n","protected":false},"author":2,"featured_media":0,"comment_status":"open","ping_status":"open","sticky":false,"template":"","format":"standard","meta":{"tdm_status":"","tdm_grid_status":"","_jetpack_memberships_contains_paid_content":false,"footnotes":"","jetpack_publicize_message":"","jetpack_publicize_feature_enabled":true,"jetpack_social_post_already_shared":true,"jetpack_social_options":{"image_generator_settings":{"template":"highway","default_image_id":0,"font":"","enabled":false},"version":2}},"categories":[3457],"tags":[],"class_list":["post-45319","post","type-post","status-publish","format-standard","hentry","category-maison"],"yoast_head":"<!-- This site is optimized with the Yoast SEO Premium plugin v25.0 (Yoast SEO v25.0) - https:\/\/yoast.com\/wordpress\/plugins\/seo\/ -->\n<title>O\u00f9 Trouve-t-on des champs de coquelicots ?<\/title>\n<meta name=\"description\" content=\"Du c\u00f4t\u00e9 de Lambesc, Saint-Cannat et Tarascon, en sillonnant les belles routes de Provence ou au d\u00e9tour d&#039;une petite route serpentant dans la colline en\" \/>\n<meta name=\"robots\" content=\"index, follow, max-snippet:-1, max-image-preview:large, max-video-preview:-1\" \/>\n<link rel=\"canonical\" href=\"https:\/\/flashmode.tn\/magazine\/ou-trouve-t-on-des-champs-de-coquelicots\/\" \/>\n<meta property=\"og:locale\" content=\"fr_FR\" \/>\n<meta property=\"og:type\" content=\"article\" \/>\n<meta property=\"og:title\" content=\"O\u00f9 Trouve-t-on des champs de coquelicots ? - Flashmode Magazine | Magazine de mode et style de vie Num\u00e9ro un en Tunisie et au Maghreb\" \/>\n<meta property=\"og:description\" content=\"Du c\u00f4t\u00e9 de Lambesc, Saint-Cannat et Tarascon, en sillonnant les belles routes de Provence ou au d\u00e9tour d&#039;une petite route serpentant dans la colline en\" \/>\n<meta property=\"og:url\" content=\"https:\/\/flashmode.tn\/magazine\/ou-trouve-t-on-des-champs-de-coquelicots\/\" \/>\n<meta property=\"og:site_name\" content=\"Flashmode Magazine | Magazine de mode et style de vie Num\u00e9ro un en Tunisie et au Maghreb\" \/>\n<meta property=\"article:publisher\" content=\"https:\/\/www.facebook.com\/flashmode.magazine\/\" \/>\n<meta property=\"article:published_time\" content=\"2021-11-20T22:26:05+00:00\" \/>\n<meta name=\"author\" content=\"Nora D.\" \/>\n<meta name=\"twitter:card\" content=\"summary_large_image\" \/>\n<meta name=\"twitter:creator\" content=\"@agenceflashmode\" \/>\n<meta name=\"twitter:site\" content=\"@agenceflashmode\" \/>\n<meta name=\"twitter:label1\" content=\"\u00c9crit par\" \/>\n\t<meta name=\"twitter:data1\" content=\"Nora D.\" \/>\n\t<meta name=\"twitter:label2\" content=\"Dur\u00e9e de lecture estim\u00e9e\" \/>\n\t<meta name=\"twitter:data2\" content=\"6 minutes\" \/>\n<script type=\"application\/ld+json\" class=\"yoast-schema-graph\">{\"@context\":\"https:\/\/schema.org\",\"@graph\":[{\"@type\":\"WebPage\",\"@id\":\"https:\/\/flashmode.tn\/magazine\/ou-trouve-t-on-des-champs-de-coquelicots\/\",\"url\":\"https:\/\/flashmode.tn\/magazine\/ou-trouve-t-on-des-champs-de-coquelicots\/\",\"name\":\"O\u00f9 Trouve-t-on des champs de coquelicots ?\",\"isPartOf\":{\"@id\":\"https:\/\/flashmode.tn\/magazine\/#website\"},\"datePublished\":\"2021-11-20T22:26:05+00:00\",\"author\":{\"@id\":\"https:\/\/flashmode.tn\/magazine\/#\/schema\/person\/ebeaf8414935b60ba8817ab0babd7fbe\"},\"description\":\"Du c\u00f4t\u00e9 de Lambesc, Saint-Cannat et Tarascon, en sillonnant les belles routes de Provence ou au d\u00e9tour d'une petite route serpentant dans la colline en\",\"breadcrumb\":{\"@id\":\"https:\/\/flashmode.tn\/magazine\/ou-trouve-t-on-des-champs-de-coquelicots\/#breadcrumb\"},\"inLanguage\":\"fr-FR\",\"potentialAction\":[{\"@type\":\"ReadAction\",\"target\":[\"https:\/\/flashmode.tn\/magazine\/ou-trouve-t-on-des-champs-de-coquelicots\/\"]}]},{\"@type\":\"BreadcrumbList\",\"@id\":\"https:\/\/flashmode.tn\/magazine\/ou-trouve-t-on-des-champs-de-coquelicots\/#breadcrumb\",\"itemListElement\":[{\"@type\":\"ListItem\",\"position\":1,\"name\":\"Accueil\",\"item\":\"https:\/\/flashmode.tn\/magazine\/\"},{\"@type\":\"ListItem\",\"position\":2,\"name\":\"O\u00f9 Trouve-t-on des champs de coquelicots ?\"}]},{\"@type\":\"WebSite\",\"@id\":\"https:\/\/flashmode.tn\/magazine\/#website\",\"url\":\"https:\/\/flashmode.tn\/magazine\/\",\"name\":\"Flashmode Magazine | Magazine de mode et style de vie Num\u00e9ro un en Tunisie et au Maghreb\",\"description\":\"Magazine de mode et style de vie Num\u00e9ro un en Tunisie et au Maghreb, cr\u00e9\u00e9 pour les hommes et les femmes : conseils beaut\u00e9, mode femme, mode homme, recettes de cuisine, c\u00e9l\u00e9brit\u00e9s et people, mannequins et top modeles\",\"potentialAction\":[{\"@type\":\"SearchAction\",\"target\":{\"@type\":\"EntryPoint\",\"urlTemplate\":\"https:\/\/flashmode.tn\/magazine\/?s={search_term_string}\"},\"query-input\":{\"@type\":\"PropertyValueSpecification\",\"valueRequired\":true,\"valueName\":\"search_term_string\"}}],\"inLanguage\":\"fr-FR\"},{\"@type\":\"Person\",\"@id\":\"https:\/\/flashmode.tn\/magazine\/#\/schema\/person\/ebeaf8414935b60ba8817ab0babd7fbe\",\"name\":\"Nora D.\",\"image\":{\"@type\":\"ImageObject\",\"inLanguage\":\"fr-FR\",\"@id\":\"https:\/\/flashmode.tn\/magazine\/#\/schema\/person\/image\/\",\"url\":\"https:\/\/secure.gravatar.com\/avatar\/a51d897ddf0a2216affe16e03a39790850922d1b5b29f147f35db7ccb8861eab?s=96&d=mm&r=g\",\"contentUrl\":\"https:\/\/secure.gravatar.com\/avatar\/a51d897ddf0a2216affe16e03a39790850922d1b5b29f147f35db7ccb8861eab?s=96&d=mm&r=g\",\"caption\":\"Nora D.\"},\"url\":\"https:\/\/flashmode.tn\/magazine\/author\/nora-damak\/\"}]}<\/script>\n<!-- \/ Yoast SEO Premium plugin. -->","yoast_head_json":{"title":"O\u00f9 Trouve-t-on des champs de coquelicots ?","description":"Du c\u00f4t\u00e9 de Lambesc, Saint-Cannat et Tarascon, en sillonnant les belles routes de Provence ou au d\u00e9tour d'une petite route serpentant dans la colline en","robots":{"index":"index","follow":"follow","max-snippet":"max-snippet:-1","max-image-preview":"max-image-preview:large","max-video-preview":"max-video-preview:-1"},"canonical":"https:\/\/flashmode.tn\/magazine\/ou-trouve-t-on-des-champs-de-coquelicots\/","og_locale":"fr_FR","og_type":"article","og_title":"O\u00f9 Trouve-t-on des champs de coquelicots ? - Flashmode Magazine | Magazine de mode et style de vie Num\u00e9ro un en Tunisie et au Maghreb","og_description":"Du c\u00f4t\u00e9 de Lambesc, Saint-Cannat et Tarascon, en sillonnant les belles routes de Provence ou au d\u00e9tour d'une petite route serpentant dans la colline en","og_url":"https:\/\/flashmode.tn\/magazine\/ou-trouve-t-on-des-champs-de-coquelicots\/","og_site_name":"Flashmode Magazine | Magazine de mode et style de vie Num\u00e9ro un en Tunisie et au Maghreb","article_publisher":"https:\/\/www.facebook.com\/flashmode.magazine\/","article_published_time":"2021-11-20T22:26:05+00:00","author":"Nora D.","twitter_card":"summary_large_image","twitter_creator":"@agenceflashmode","twitter_site":"@agenceflashmode","twitter_misc":{"\u00c9crit par":"Nora D.","Dur\u00e9e de lecture estim\u00e9e":"6 minutes"},"schema":{"@context":"https:\/\/schema.org","@graph":[{"@type":"WebPage","@id":"https:\/\/flashmode.tn\/magazine\/ou-trouve-t-on-des-champs-de-coquelicots\/","url":"https:\/\/flashmode.tn\/magazine\/ou-trouve-t-on-des-champs-de-coquelicots\/","name":"O\u00f9 Trouve-t-on des champs de coquelicots ?","isPartOf":{"@id":"https:\/\/flashmode.tn\/magazine\/#website"},"datePublished":"2021-11-20T22:26:05+00:00","author":{"@id":"https:\/\/flashmode.tn\/magazine\/#\/schema\/person\/ebeaf8414935b60ba8817ab0babd7fbe"},"description":"Du c\u00f4t\u00e9 de Lambesc, Saint-Cannat et Tarascon, en sillonnant les belles routes de Provence ou au d\u00e9tour d'une petite route serpentant dans la colline en","breadcrumb":{"@id":"https:\/\/flashmode.tn\/magazine\/ou-trouve-t-on-des-champs-de-coquelicots\/#breadcrumb"},"inLanguage":"fr-FR","potentialAction":[{"@type":"ReadAction","target":["https:\/\/flashmode.tn\/magazine\/ou-trouve-t-on-des-champs-de-coquelicots\/"]}]},{"@type":"BreadcrumbList","@id":"https:\/\/flashmode.tn\/magazine\/ou-trouve-t-on-des-champs-de-coquelicots\/#breadcrumb","itemListElement":[{"@type":"ListItem","position":1,"name":"Accueil","item":"https:\/\/flashmode.tn\/magazine\/"},{"@type":"ListItem","position":2,"name":"O\u00f9 Trouve-t-on des champs de coquelicots ?"}]},{"@type":"WebSite","@id":"https:\/\/flashmode.tn\/magazine\/#website","url":"https:\/\/flashmode.tn\/magazine\/","name":"Flashmode Magazine | Magazine de mode et style de vie Num\u00e9ro un en Tunisie et au Maghreb","description":"Magazine de mode et style de vie Num\u00e9ro un en Tunisie et au Maghreb, cr\u00e9\u00e9 pour les hommes et les femmes : conseils beaut\u00e9, mode femme, mode homme, recettes de cuisine, c\u00e9l\u00e9brit\u00e9s et people, mannequins et top modeles","potentialAction":[{"@type":"SearchAction","target":{"@type":"EntryPoint","urlTemplate":"https:\/\/flashmode.tn\/magazine\/?s={search_term_string}"},"query-input":{"@type":"PropertyValueSpecification","valueRequired":true,"valueName":"search_term_string"}}],"inLanguage":"fr-FR"},{"@type":"Person","@id":"https:\/\/flashmode.tn\/magazine\/#\/schema\/person\/ebeaf8414935b60ba8817ab0babd7fbe","name":"Nora D.","image":{"@type":"ImageObject","inLanguage":"fr-FR","@id":"https:\/\/flashmode.tn\/magazine\/#\/schema\/person\/image\/","url":"https:\/\/secure.gravatar.com\/avatar\/a51d897ddf0a2216affe16e03a39790850922d1b5b29f147f35db7ccb8861eab?s=96&d=mm&r=g","contentUrl":"https:\/\/secure.gravatar.com\/avatar\/a51d897ddf0a2216affe16e03a39790850922d1b5b29f147f35db7ccb8861eab?s=96&d=mm&r=g","caption":"Nora D."},"url":"https:\/\/flashmode.tn\/magazine\/author\/nora-damak\/"}]}},"jetpack_publicize_connections":[],"jetpack_featured_media_url":"","jetpack_shortlink":"https:\/\/wp.me\/p8BPGr-bMX","jetpack_sharing_enabled":true,"_links":{"self":[{"href":"https:\/\/flashmode.tn\/magazine\/wp-json\/wp\/v2\/posts\/45319","targetHints":{"allow":["GET"]}}],"collection":[{"href":"https:\/\/flashmode.tn\/magazine\/wp-json\/wp\/v2\/posts"}],"about":[{"href":"https:\/\/flashmode.tn\/magazine\/wp-json\/wp\/v2\/types\/post"}],"author":[{"embeddable":true,"href":"https:\/\/flashmode.tn\/magazine\/wp-json\/wp\/v2\/users\/2"}],"replies":[{"embeddable":true,"href":"https:\/\/flashmode.tn\/magazine\/wp-json\/wp\/v2\/comments?post=45319"}],"version-history":[{"count":0,"href":"https:\/\/flashmode.tn\/magazine\/wp-json\/wp\/v2\/posts\/45319\/revisions"}],"wp:attachment":[{"href":"https:\/\/flashmode.tn\/magazine\/wp-json\/wp\/v2\/media?parent=45319"}],"wp:term":[{"taxonomy":"category","embeddable":true,"href":"https:\/\/flashmode.tn\/magazine\/wp-json\/wp\/v2\/categories?post=45319"},{"taxonomy":"post_tag","embeddable":true,"href":"https:\/\/flashmode.tn\/magazine\/wp-json\/wp\/v2\/tags?post=45319"}],"curies":[{"name":"wp","href":"https:\/\/api.w.org\/{rel}","templated":true}]}}