{"id":45355,"date":"2022-01-22T15:40:44","date_gmt":"2022-01-22T14:40:44","guid":{"rendered":"https:\/\/flashmode.tn\/magazine\/?p=45355"},"modified":"2022-01-22T15:40:44","modified_gmt":"2022-01-22T14:40:44","slug":"quand-semer-la-salade-avec-la-lune-2021","status":"publish","type":"post","link":"https:\/\/flashmode.tn\/magazine\/quand-semer-la-salade-avec-la-lune-2021\/","title":{"rendered":"Quand semer la salade avec la lune 2021 ?"},"content":{"rendered":"<p>Nous commen\u00e7ons le mois d&rsquo;octobre <b>2021 en lune<\/b> descendante, p\u00e9riode favorable <b>pour<\/b> : bouturer, enrichir le sol, \u00e9claircir les <b>semis<\/b>, repiquer, planter, tailler, diviser. Blanchir les <b>salades<\/b>, les cardons <b>et<\/b> les c\u00e9leris.<\/p>\n<p>Mais encore, Quand semer la salade scarole avec la lune ?<\/p>\n<p>La culture se fera en jours-feuilles, le <b>semis<\/b> en <b>lune<\/b> montante, la plantation se d\u00e9roulera en <b>lune<\/b> descendante.<\/p>\n<p>et Quel jour semer de la salade ?<\/p>\n<p>Laitues d&rsquo;\u00e9t\u00e9 : <b>semis<\/b> de fin mars \u00e0 juin en pleine terre. Laitues d&rsquo;hiver : <b>semis<\/b> en ao\u00fbt-septembre (protection \u00e0 pr\u00e9voir). Laitues romaines : <b>semis<\/b> de mars \u00e0 juin. Laitues \u00e0 couper : <b>semis<\/b> de mars \u00e0 fin ao\u00fbt, en place.<\/p>\n<p>Quand planter des plants de salade ?<\/p>\n<p>Les laitues sont repiqu\u00e9es <b>quand<\/b> elles ont quatre ou cinq feuilles, environ un mois apr\u00e8s le semis.<\/p>\n<div id=\"ez-toc-container\" class=\"ez-toc-v2_0_81 counter-hierarchy ez-toc-counter ez-toc-grey ez-toc-container-direction\">\n<div class=\"ez-toc-title-container\">\n<p class=\"ez-toc-title\" style=\"cursor:inherit\">Contenus de la page<\/p>\n<span class=\"ez-toc-title-toggle\"><a href=\"#\" class=\"ez-toc-pull-right ez-toc-btn ez-toc-btn-xs ez-toc-btn-default ez-toc-toggle\" aria-label=\"Toggle Table of Content\"><span class=\"ez-toc-js-icon-con\"><span class=\"\"><span class=\"eztoc-hide\" style=\"display:none;\">Toggle<\/span><span class=\"ez-toc-icon-toggle-span\"><svg style=\"fill: #999;color:#999\" xmlns=\"http:\/\/www.w3.org\/2000\/svg\" class=\"list-377408\" width=\"20px\" height=\"20px\" viewBox=\"0 0 24 24\" fill=\"none\"><path d=\"M6 6H4v2h2V6zm14 0H8v2h12V6zM4 11h2v2H4v-2zm16 0H8v2h12v-2zM4 16h2v2H4v-2zm16 0H8v2h12v-2z\" fill=\"currentColor\"><\/path><\/svg><svg style=\"fill: #999;color:#999\" class=\"arrow-unsorted-368013\" xmlns=\"http:\/\/www.w3.org\/2000\/svg\" width=\"10px\" height=\"10px\" viewBox=\"0 0 24 24\" version=\"1.2\" baseProfile=\"tiny\"><path d=\"M18.2 9.3l-6.2-6.3-6.2 6.3c-.2.2-.3.4-.3.7s.1.5.3.7c.2.2.4.3.7.3h11c.3 0 .5-.1.7-.3.2-.2.3-.5.3-.7s-.1-.5-.3-.7zM5.8 14.7l6.2 6.3 6.2-6.3c.2-.2.3-.5.3-.7s-.1-.5-.3-.7c-.2-.2-.4-.3-.7-.3h-11c-.3 0-.5.1-.7.3-.2.2-.3.5-.3.7s.1.5.3.7z\"\/><\/svg><\/span><\/span><\/span><\/a><\/span><\/div>\n<nav><ul class='ez-toc-list ez-toc-list-level-1 ' ><li class='ez-toc-page-1 ez-toc-heading-level-2'><a class=\"ez-toc-link ez-toc-heading-1\" href=\"https:\/\/flashmode.tn\/magazine\/quand-semer-la-salade-avec-la-lune-2021\/#Quand_semer_les_haricots_avec_la_lune_2021\" >Quand semer les haricots avec la lune 2021 ?<\/a><\/li><li class='ez-toc-page-1 ez-toc-heading-level-2'><a class=\"ez-toc-link ez-toc-heading-2\" href=\"https:\/\/flashmode.tn\/magazine\/quand-semer-la-salade-avec-la-lune-2021\/#Quand_semer_la_salade_chicoree\" >Quand semer la salade chicor\u00e9e ?<\/a><\/li><li class='ez-toc-page-1 ez-toc-heading-level-2'><a class=\"ez-toc-link ez-toc-heading-3\" href=\"https:\/\/flashmode.tn\/magazine\/quand-semer-la-salade-avec-la-lune-2021\/#Quelle_salade_semer_en_ce_moment\" >Quelle salade semer en ce moment ?<\/a><\/li><li class='ez-toc-page-1 ez-toc-heading-level-2'><a class=\"ez-toc-link ez-toc-heading-4\" href=\"https:\/\/flashmode.tn\/magazine\/quand-semer-la-salade-avec-la-lune-2021\/#Quelle_salade_semer_au_mois_de_juillet\" >Quelle salade semer au mois de juillet ?<\/a><\/li><li class='ez-toc-page-1 ez-toc-heading-level-2'><a class=\"ez-toc-link ez-toc-heading-5\" href=\"https:\/\/flashmode.tn\/magazine\/quand-semer-la-salade-avec-la-lune-2021\/#Comment_faire_pousser_des_salades_rapidement\" >Comment faire pousser des salades rapidement ?<\/a><\/li><li class='ez-toc-page-1 ez-toc-heading-level-2'><a class=\"ez-toc-link ez-toc-heading-6\" href=\"https:\/\/flashmode.tn\/magazine\/quand-semer-la-salade-avec-la-lune-2021\/#Quand_semer_de_la_salade_dhiver\" >Quand semer de la salade d&rsquo;hiver ?<\/a><\/li><li class='ez-toc-page-1 ez-toc-heading-level-2'><a class=\"ez-toc-link ez-toc-heading-7\" href=\"https:\/\/flashmode.tn\/magazine\/quand-semer-la-salade-avec-la-lune-2021\/#Comment_planter_des_plants_de_salade\" >Comment planter des plants de salade ?<\/a><\/li><li class='ez-toc-page-1 ez-toc-heading-level-2'><a class=\"ez-toc-link ez-toc-heading-8\" href=\"https:\/\/flashmode.tn\/magazine\/quand-semer-la-salade-avec-la-lune-2021\/#Quelle_salade_planter_maintenant\" >Quelle salade planter maintenant ?<\/a><\/li><li class='ez-toc-page-1 ez-toc-heading-level-2'><a class=\"ez-toc-link ez-toc-heading-9\" href=\"https:\/\/flashmode.tn\/magazine\/quand-semer-la-salade-avec-la-lune-2021\/#Quelles_salades_planter_en_mars\" >Quelles salades planter en mars ?<\/a><\/li><li class='ez-toc-page-1 ez-toc-heading-level-2'><a class=\"ez-toc-link ez-toc-heading-10\" href=\"https:\/\/flashmode.tn\/magazine\/quand-semer-la-salade-avec-la-lune-2021\/#Quelle_lune_pour_les_haricots\" >Quelle lune pour les haricots ?<\/a><\/li><li class='ez-toc-page-1 ez-toc-heading-level-2'><a class=\"ez-toc-link ez-toc-heading-11\" href=\"https:\/\/flashmode.tn\/magazine\/quand-semer-la-salade-avec-la-lune-2021\/#Quand_planter_les_haricots_avec_la_lune\" >Quand planter les haricots avec la lune ?<\/a><\/li><li class='ez-toc-page-1 ez-toc-heading-level-2'><a class=\"ez-toc-link ez-toc-heading-12\" href=\"https:\/\/flashmode.tn\/magazine\/quand-semer-la-salade-avec-la-lune-2021\/#Quel_jour_semer_des_haricots_verts\" >Quel jour semer des haricots verts ?<\/a><\/li><li class='ez-toc-page-1 ez-toc-heading-level-2'><a class=\"ez-toc-link ez-toc-heading-13\" href=\"https:\/\/flashmode.tn\/magazine\/quand-semer-la-salade-avec-la-lune-2021\/#Quand_semer_la_chicoree_pain_de_sucre_avec_la_lune\" >Quand semer la chicor\u00e9e pain de sucre avec la lune ?<\/a><\/li><li class='ez-toc-page-1 ez-toc-heading-level-2'><a class=\"ez-toc-link ez-toc-heading-14\" href=\"https:\/\/flashmode.tn\/magazine\/quand-semer-la-salade-avec-la-lune-2021\/#Comment_et_quand_semer_la_chicoree_sauvage\" >Comment et quand semer la chicor\u00e9e sauvage ?<\/a><\/li><li class='ez-toc-page-1 ez-toc-heading-level-2'><a class=\"ez-toc-link ez-toc-heading-15\" href=\"https:\/\/flashmode.tn\/magazine\/quand-semer-la-salade-avec-la-lune-2021\/#Comment_cultiver_de_la_chicoree\" >Comment cultiver de la chicor\u00e9e ?<\/a><\/li><li class='ez-toc-page-1 ez-toc-heading-level-2'><a class=\"ez-toc-link ez-toc-heading-16\" href=\"https:\/\/flashmode.tn\/magazine\/quand-semer-la-salade-avec-la-lune-2021\/#Quand_semer_la_laitue_Merveille_dhiver\" >Quand semer la laitue Merveille d&rsquo;hiver ?<\/a><\/li><li class='ez-toc-page-1 ez-toc-heading-level-2'><a class=\"ez-toc-link ez-toc-heading-17\" href=\"https:\/\/flashmode.tn\/magazine\/quand-semer-la-salade-avec-la-lune-2021\/#Quelles_sont_les_salades_dhiver\" >Quelles sont les salades d&rsquo;hiver ?<\/a><\/li><li class='ez-toc-page-1 ez-toc-heading-level-2'><a class=\"ez-toc-link ez-toc-heading-18\" href=\"https:\/\/flashmode.tn\/magazine\/quand-semer-la-salade-avec-la-lune-2021\/#Quelles_graines_semer_en_aout\" >Quelles graines semer en ao\u00fbt ?<\/a><\/li><li class='ez-toc-page-1 ez-toc-heading-level-2'><a class=\"ez-toc-link ez-toc-heading-19\" href=\"https:\/\/flashmode.tn\/magazine\/quand-semer-la-salade-avec-la-lune-2021\/#Quand_mettre_les_haricots_avec_la_lune\" >Quand mettre les haricots avec la lune ?<\/a><\/li><li class='ez-toc-page-1 ez-toc-heading-level-2'><a class=\"ez-toc-link ez-toc-heading-20\" href=\"https:\/\/flashmode.tn\/magazine\/quand-semer-la-salade-avec-la-lune-2021\/#Quand_semer_les_haricots_verts_en_juillet_2021\" >Quand semer les haricots verts en juillet 2021 ?<\/a><\/li><li class='ez-toc-page-1 ez-toc-heading-level-2'><a class=\"ez-toc-link ez-toc-heading-21\" href=\"https:\/\/flashmode.tn\/magazine\/quand-semer-la-salade-avec-la-lune-2021\/#Pourquoi_planter_les_haricots_a_la_Saint-didier\" >Pourquoi planter les haricots \u00e0 la Saint-didier ?<\/a><\/li><\/ul><\/nav><\/div>\n<h2><span class=\"ez-toc-section\" id=\"Quand_semer_les_haricots_avec_la_lune_2021\"><\/span>Quand semer les haricots avec la lune 2021 ?<span class=\"ez-toc-section-end\"><\/span><\/h2>\n<p>Calendrier lunaire <\/p>\n<table>\n<tbody>\n<tr>\n<th>     Lundi 4    <\/th>\n<th>     Plantez les fraisiers : c&rsquo;est mieux     <b>      \u00e0     <\/b>     l&rsquo;automne qu&rsquo;au printemps !    <\/th>\n<\/tr>\n<tr>\n<td>     Jeudi 21    <\/td>\n<td>     R\u00e9coltez les cucurbitac\u00e9es avant la premi\u00e8re gel\u00e9e    <\/td>\n<\/tr>\n<tr>\n<td>     Vendredi 22    <\/td>\n<td>     R\u00e9coltez les     <b>      haricots     <\/b>     grains lorsque les feuilles sont presque toutes tomb\u00e9es    <\/td>\n<\/tr>\n<tr>\n<td>     Samedi 23    <\/td>\n<td>     Noeud lunaire : ne jardinez pas    <\/td>\n<\/tr>\n<tr>\n<td>     Dimanche 24    <\/td>\n<td>     <b>      Lune \u00e0     <\/b>     l&rsquo;apog\u00e9e : ne jardinez pas    <\/td>\n<\/tr>\n<\/tbody>\n<\/table>\n<h2><span class=\"ez-toc-section\" id=\"Quand_semer_la_salade_chicoree\"><\/span><strong>Quand semer la salade chicor\u00e9e ?<\/strong><span class=\"ez-toc-section-end\"><\/span><\/h2>\n<p>Le moment id\u00e9al est juin-juillet, o\u00f9 d\u00e8s que tout danger de gel\u00e9e est \u00e9cart\u00e9. La <b>chicor\u00e9e<\/b> scarole se pla\u00eet dans la plupart des sols, mais attention, elle exige de l&rsquo;ombre \u00e0 mesure que l&rsquo;\u00e9t\u00e9 se r\u00e9chauffe. Si la plantation souffre de la chaleur, les <b>salades<\/b> risquent de monter en graines.<\/p>\n<h2><span class=\"ez-toc-section\" id=\"Quelle_salade_semer_en_ce_moment\"><\/span><strong>Quelle salade semer en ce moment ?<\/strong><span class=\"ez-toc-section-end\"><\/span><\/h2>\n<p>Laitues de printemps : <b>semis<\/b> en f\u00e9vrier et mars sous abri (tunnel ou ch\u00e2ssis froid). Laitues d&rsquo;\u00e9t\u00e9 : <b>semis<\/b> de fin mars \u00e0 juin en pleine terre. Laitues d&rsquo;hiver : <b>semis<\/b> en ao\u00fbt-septembre (protection \u00e0 pr\u00e9voir). Laitues romaines : <b>semis<\/b> de mars \u00e0 juin.<\/p>\n<h2><span class=\"ez-toc-section\" id=\"Quelle_salade_semer_au_mois_de_juillet\"><\/span><strong>Quelle salade semer au mois de juillet ?<\/strong><span class=\"ez-toc-section-end\"><\/span><\/h2>\n<p><b>  <b>   Semer  <\/b>  des l\u00e9gumes-feuilles en  <b>   juillet  <\/b>  : <\/b> <\/p>\n<ul>\n<li>   La laitue \u00e0 couper.  <\/li>\n<li>   La laitue batavia.  <\/li>\n<li>   La laitue pomm\u00e9e.  <\/li>\n<li>   Le mesclun (qui remplace tr\u00e8s facilement les \u00e9pinards).  <\/li>\n<li>   La chicor\u00e9e fris\u00e9e ou scarole.  <\/li>\n<li>   La roquette (il est n\u00e9cessaire de les arroser abondamment, car le manque d&rsquo;eau donne aux feuilles un go\u00fbt tr\u00e8s piquant).  <\/li>\n<\/ul>\n<h2><span class=\"ez-toc-section\" id=\"Comment_faire_pousser_des_salades_rapidement\"><\/span><strong>Comment faire pousser des salades rapidement ?<\/strong><span class=\"ez-toc-section-end\"><\/span><\/h2>\n<p>Choisissez un endroit partiellement ensoleill\u00e9, m\u00eame en pot sur un balcon. Ne pas enterrer le collet (base du plant), laissez donc effleurer cette partie au dessus de la terre. Respectez une distance de 30 cm entre chaque plante et arrosez r\u00e9guli\u00e8rement.<\/p>\n<h2><span class=\"ez-toc-section\" id=\"Quand_semer_de_la_salade_dhiver\"><\/span><strong>Quand semer de la salade d&rsquo;hiver ?<\/strong><span class=\"ez-toc-section-end\"><\/span><\/h2>\n<p>R\u00e9galez-vous de salades m\u00eame en <b>hiver<\/b> ! De septembre \u00e0 novembre, il est possible de <b>semer<\/b> des <b>laitues<\/b> ou des scaroles. Le <b>semis<\/b> se fait tr\u00e8s clair dans de l\u00e9gers sillons. Je fais un petit sillon, dans un sol qui a \u00e9t\u00e9 l\u00e9g\u00e8rement travaill\u00e9 avant.<\/p>\n<h2><span class=\"ez-toc-section\" id=\"Comment_planter_des_plants_de_salade\"><\/span><strong>Comment planter des plants de salade ?<\/strong><span class=\"ez-toc-section-end\"><\/span><\/h2>\n<p><b>Planter<\/b> des pieds de <b>salade<\/b> du commerce :<\/p>\n<p> &#8211; Faites des trous en quinconce, \u00e0 25 cm de distance les uns des autres. &#8211; Installez vos pieds de <b>salade<\/b> sans enterrer les feuilles ni le collet laissez environ un tiers de la motte au dessus de la surface. &#8211; Arrosez en pluie fine apr\u00e8s avoir d\u00e9licatement tass\u00e9 la terre.<\/p>\n<h2><span class=\"ez-toc-section\" id=\"Quelle_salade_planter_maintenant\"><\/span><strong>Quelle salade planter maintenant ?<\/strong><span class=\"ez-toc-section-end\"><\/span><\/h2>\n<p><b>  Quelles  <b>   salades  <\/b>  d&rsquo;hiver  <b>   planter  <\/b>  ? <\/b> <\/p>\n<ul>\n<li>   chicor\u00e9e fris\u00e9e.  <\/li>\n<li>   chicor\u00e9e scarole.  <\/li>\n<li>   chicor\u00e9e pain de sucre.  <\/li>\n<li>   cornet d&rsquo;Anjou.  <\/li>\n<li>   chicor\u00e9e rouge.  <\/li>\n<li>   laitue romaine d&rsquo;hiver.  <\/li>\n<li>   m\u00e2che.  <\/li>\n<li>   roquette&#8230;  <\/li>\n<\/ul>\n<h2><span class=\"ez-toc-section\" id=\"Quelles_salades_planter_en_mars\"><\/span><strong>Quelles salades planter en mars ?<\/strong><span class=\"ez-toc-section-end\"><\/span><\/h2>\n<p>Calendrier de plantation des salades <\/p>\n<table>\n<tbody>\n<tr>\n<th>     Mois    <\/th>\n<th>     <b>      Salades     <\/b>     \u00e0 semer    <\/th>\n<\/tr>\n<tr>\n<td>     <b>      Mars     <\/b>    <\/td>\n<td>     Laitues, roquette, cresson    <\/td>\n<\/tr>\n<tr>\n<td>     Avril    <\/td>\n<td>     Scaroles, cresson, \u00e9pinards, laitues, batavia, roquette&#8230;    <\/td>\n<\/tr>\n<tr>\n<td>     Mai    <\/td>\n<td>     Chicor\u00e9es fris\u00e9es, scaroles, cresson, \u00e9pinards, laitues, roquette&#8230;    <\/td>\n<\/tr>\n<tr>\n<td>     Juin    <\/td>\n<td>     Chicor\u00e9es fris\u00e9es, scaroles, pain de sucre, cresson, \u00e9pinards, laitues, pourpier, roquette&#8230;    <\/td>\n<\/tr>\n<\/tbody>\n<\/table>\n<h2><span class=\"ez-toc-section\" id=\"Quelle_lune_pour_les_haricots\"><\/span><strong>Quelle lune pour les haricots ?<\/strong><span class=\"ez-toc-section-end\"><\/span><\/h2>\n<p>En jours-fruits et en <b>lune<\/b> descendante, buttez les plants de <b>haricots<\/b> une quinzaine de jours apr\u00e8s leur lev\u00e9e, en ramenant la terre \u00e0 l&rsquo;aide d&rsquo;une binette, afin de maintenir le pied bien ancr\u00e9 dans le sol <b>pour<\/b> une meilleure tenue au vent.<\/p>\n<h2><span class=\"ez-toc-section\" id=\"Quand_planter_les_haricots_avec_la_lune\"><\/span><strong>Quand planter les haricots avec la lune ?<\/strong><span class=\"ez-toc-section-end\"><\/span><\/h2>\n<p>En <b>lune<\/b> montante : <b>Semer<\/b> au mois d&rsquo;avril-mai en int\u00e9rieur, en godet individuel (<b>semer<\/b> 2 graines par godet). De mai \u00e0 juillet, <b>semer<\/b> en pleine terre les vari\u00e9t\u00e9s naines en ligne et les vari\u00e9t\u00e9s \u00e0 rames en poquets. Tuteurer au mois de mai.<\/p>\n<h2><span class=\"ez-toc-section\" id=\"Quel_jour_semer_des_haricots_verts\"><\/span><strong>Quel jour semer des haricots verts ?<\/strong><span class=\"ez-toc-section-end\"><\/span><\/h2>\n<p>Selon les r\u00e9gions, les <b>semis<\/b> d\u00e9buteront donc entre fin mars et fin mai : pour le climat m\u00e9diterran\u00e9en, les premiers <b>semis<\/b> se feront fin mars et surtout en avril, ailleurs, il faudra attendre mai.<\/p>\n<h2><span class=\"ez-toc-section\" id=\"Quand_semer_la_chicoree_pain_de_sucre_avec_la_lune\"><\/span><strong>Quand semer la chicor\u00e9e pain de sucre avec la lune ?<\/strong><span class=\"ez-toc-section-end\"><\/span><\/h2>\n<p><b>Semer la chicor\u00e9e avec la lune<\/b><\/p>\n<p> Le <b>semis<\/b> se fait <b>en lune<\/b> montante, la plantation <b>en lune<\/b> descendante. Les <b>chicor\u00e9es<\/b> sont sem\u00e9es soit <b>en<\/b> sillons, <b>en<\/b> pleine terre, soit <b>en<\/b> p\u00e9pini\u00e8re. Le substrat doit \u00eatre humide <b>et<\/b> ombr\u00e9, les graines peu couvertes. <b>\u00c0<\/b> bonne temp\u00e9rature, les <b>chicor\u00e9es<\/b> germent <b>en<\/b> 2 ou 3 jours.<\/p>\n<h2><span class=\"ez-toc-section\" id=\"Comment_et_quand_semer_la_chicoree_sauvage\"><\/span><strong>Comment et quand semer la chicor\u00e9e sauvage ?<\/strong><span class=\"ez-toc-section-end\"><\/span><\/h2>\n<p>On s\u00e8me la <b>chicor\u00e9e sauvage<\/b> en p\u00e9pini\u00e8re partiellement ombrag\u00e9e \u00e0 partir d&rsquo;avril et on repique un mois plus tard. Pensez \u00e0 \u00e9chelonner vos <b>semis<\/b> pour r\u00e9colter sur une plus longue p\u00e9riode. Faites tremper les graines pendant quelques heures dans de l&rsquo;eau.<\/p>\n<h2><span class=\"ez-toc-section\" id=\"Comment_cultiver_de_la_chicoree\"><\/span><strong>Comment cultiver de la chicor\u00e9e ?<\/strong><span class=\"ez-toc-section-end\"><\/span><\/h2>\n<p><b>  Les \u00e9tapes du semis de la  <b>   chicor\u00e9e  <\/b>  : <\/b> <\/p>\n<ol>\n<li>   Bien travailler son sol.  <\/li>\n<li>   Eliminer les herbes ind\u00e9sirables.  <\/li>\n<li>   Griffer en surface.  <\/li>\n<li>   Tracer les rayons \u00e0 l&rsquo;aide d&rsquo;un r\u00e2teau.  <\/li>\n<li>   Bien tasser la terre.  <\/li>\n<li>   <b>    Semer   <\/b>   les graines.  <\/li>\n<li>   <b>    Semer   <\/b>   large dans le rayon : la   <b>    chicor\u00e9e   <\/b>   scarole a besoin d&rsquo;air.  <\/li>\n<li>   Puis   <b>    semer   <\/b>   toujours menu la   <b>    chicor\u00e9e   <\/b>   fris\u00e9e.  <\/li>\n<\/ol>\n<h2><span class=\"ez-toc-section\" id=\"Quand_semer_la_laitue_Merveille_dhiver\"><\/span><strong>Quand semer la laitue Merveille d&rsquo;hiver ?<\/strong><span class=\"ez-toc-section-end\"><\/span><\/h2>\n<p><b>Semis<\/b> direct en rangs distants de 30 cm en Septembre. \u00c9claircir \u00e0 25 cm. Ou <b>semis<\/b> en p\u00e9pini\u00e8re d&rsquo;Ao\u00fbt \u00e0 mi-Septembre et planter d&rsquo;Octobre \u00e0 Novembre. R\u00e9colte Avril \u00e0 Mai.<\/p>\n<h2><span class=\"ez-toc-section\" id=\"Quelles_sont_les_salades_dhiver\"><\/span><strong>Quelles sont les salades d&rsquo;hiver ?<\/strong><span class=\"ez-toc-section-end\"><\/span><\/h2>\n<p>Vari\u00e9t\u00e9s de <b>salades d&rsquo;hiver<\/b>. Les vari\u00e9t\u00e9s de <b>salades<\/b> r\u00e9sistantes au froid, que vous aurez plaisir \u00e0 d\u00e9guster au c\u0153ur de l&rsquo;<b>hiver<\/b>, <b>sont<\/b> la m\u00e2che, les chicor\u00e9es, quelques laitues pomm\u00e9es, laitues \u00e0 couper et choux : &#8211; M\u00e2che \u00e0 Grosse Graine bio : Vari\u00e9t\u00e9 tr\u00e8s r\u00e9sistante et productive.<\/p>\n<h2><span class=\"ez-toc-section\" id=\"Quelles_graines_semer_en_aout\"><\/span><strong>Quelles graines semer en ao\u00fbt ?<\/strong><span class=\"ez-toc-section-end\"><\/span><\/h2>\n<p><b>  Les  <b>   graines  <\/b>  potag\u00e8res \u00e0  <b>   semer  <\/b>  au mois d&rsquo;  <b>   ao\u00fbt  <\/b> <\/b> <\/p>\n<ul>\n<li>   \u00c9pinard. Radis long. Radis noir. Laitue Batavia.  <\/li>\n<li>   M\u00e2che. Feuille de ch\u00eane rouge. Feuille de ch\u00eane verte. Laitue Beurre.  <\/li>\n<li>   Oignon blanc de Lisbonne. Navet jaune boule d&rsquo;or.  <\/li>\n<li>   Cerfeuil. Persil fris\u00e9 Persil Plat. Coriandre.  <\/li>\n<\/ul>\n<h2><span class=\"ez-toc-section\" id=\"Quand_mettre_les_haricots_avec_la_lune\"><\/span><strong>Quand mettre les haricots avec la lune ?<\/strong><span class=\"ez-toc-section-end\"><\/span><\/h2>\n<p>En jours-fruits et en <b>lune<\/b> descendante, buttez les plants de <b>haricots<\/b> une quinzaine de jours apr\u00e8s leur lev\u00e9e, en ramenant la terre <b>\u00e0<\/b> l&rsquo;aide d&rsquo;une binette, afin de maintenir le pied bien ancr\u00e9 dans le sol pour une meilleure tenue au vent.<\/p>\n<h2><span class=\"ez-toc-section\" id=\"Quand_semer_les_haricots_verts_en_juillet_2021\"><\/span><strong>Quand semer les haricots verts en juillet 2021 ?<\/strong><span class=\"ez-toc-section-end\"><\/span><\/h2>\n<p>JOURS FAVORABLES JUIN <b>2021<\/b>: \u2013 6 et 7 juin, 15,16,17 juin, 24 et 25 juin: plantez les tomates. Les <b>haricots verts<\/b>, ou <b>haricots verts<\/b>, font partie des l\u00e9gumes les plus simples \u00e0 cultiver avec la Lune, puisqu&rsquo;ils sont \u00e0 <b>semer<\/b> dans la Lune d\u00e9croissante, et ce de fin avril \u00e0 d\u00e9but <b>juillet<\/b>.<\/p>\n<h2><span class=\"ez-toc-section\" id=\"Pourquoi_planter_les_haricots_a_la_Saint-didier\"><\/span><strong>Pourquoi planter les haricots \u00e0 la Saint-didier ?<\/strong><span class=\"ez-toc-section-end\"><\/span><\/h2>\n<p>Semez des <b>haricots<\/b> le 23 mai, \u00e0 la <b>saint Didier<\/b><\/p>\n<p> Edith est formelle : si on s\u00e8me des <b>haricots \u00e0 la saint Didier<\/b>, le 23 mai, on en r\u00e9coltera le double ! Cela fait des ann\u00e9es qu&rsquo;elle le pratique et qu&rsquo;elle constate que c&rsquo;est sa meilleure r\u00e9colte de princesse de la saison.<\/p>\n<hr \/>\n<p><em>Editeurs: 4 &#8211; R\u00e9f\u00e9rences: 39 articles<\/em><\/p>\n<p><em>N\u2019oubliez pas de partager l\u2019article !<\/em><\/p>\n","protected":false},"excerpt":{"rendered":"<p>Nous commen\u00e7ons le mois d&rsquo;octobre 2021 en lune descendante, p\u00e9riode favorable pour : bouturer, enrichir le sol, \u00e9claircir les semis, repiquer, planter, tailler, diviser. Blanchir les salades, les cardons et les c\u00e9leris. Mais encore, Quand semer la salade scarole avec la lune ? La culture se fera en jours-feuilles, le semis en lune montante, la [&hellip;]<\/p>\n","protected":false},"author":2,"featured_media":0,"comment_status":"open","ping_status":"open","sticky":false,"template":"","format":"standard","meta":{"tdm_status":"","tdm_grid_status":"","_jetpack_memberships_contains_paid_content":false,"footnotes":"","jetpack_publicize_message":"","jetpack_publicize_feature_enabled":true,"jetpack_social_post_already_shared":true,"jetpack_social_options":{"image_generator_settings":{"template":"highway","default_image_id":0,"font":"","enabled":false},"version":2}},"categories":[3457],"tags":[],"class_list":["post-45355","post","type-post","status-publish","format-standard","hentry","category-maison"],"yoast_head":"<!-- This site is optimized with the Yoast SEO Premium plugin v25.0 (Yoast SEO v25.0) - https:\/\/yoast.com\/wordpress\/plugins\/seo\/ -->\n<title>Quand semer la salade avec la lune 2021 ?<\/title>\n<meta name=\"description\" content=\"Nous commen\u00e7ons le mois d&#039;octobre 2021 en lune descendante, p\u00e9riode favorable pour : bouturer, enrichir le sol, \u00e9claircir les semis, repiquer, planter,\" \/>\n<meta name=\"robots\" content=\"index, follow, max-snippet:-1, max-image-preview:large, max-video-preview:-1\" \/>\n<link rel=\"canonical\" href=\"https:\/\/flashmode.tn\/magazine\/quand-semer-la-salade-avec-la-lune-2021\/\" \/>\n<meta property=\"og:locale\" content=\"fr_FR\" \/>\n<meta property=\"og:type\" content=\"article\" \/>\n<meta property=\"og:title\" content=\"Quand semer la salade avec la lune 2021 ? - Flashmode Magazine | Magazine de mode et style de vie Num\u00e9ro un en Tunisie et au Maghreb\" \/>\n<meta property=\"og:description\" content=\"Nous commen\u00e7ons le mois d&#039;octobre 2021 en lune descendante, p\u00e9riode favorable pour : bouturer, enrichir le sol, \u00e9claircir les semis, repiquer, planter,\" \/>\n<meta property=\"og:url\" content=\"https:\/\/flashmode.tn\/magazine\/quand-semer-la-salade-avec-la-lune-2021\/\" \/>\n<meta property=\"og:site_name\" content=\"Flashmode Magazine | Magazine de mode et style de vie Num\u00e9ro un en Tunisie et au Maghreb\" \/>\n<meta property=\"article:publisher\" content=\"https:\/\/www.facebook.com\/flashmode.magazine\/\" \/>\n<meta property=\"article:published_time\" content=\"2022-01-22T14:40:44+00:00\" \/>\n<meta name=\"author\" content=\"Nora D.\" \/>\n<meta name=\"twitter:card\" content=\"summary_large_image\" \/>\n<meta name=\"twitter:creator\" content=\"@agenceflashmode\" \/>\n<meta name=\"twitter:site\" content=\"@agenceflashmode\" \/>\n<meta name=\"twitter:label1\" content=\"\u00c9crit par\" \/>\n\t<meta name=\"twitter:data1\" content=\"Nora D.\" \/>\n\t<meta name=\"twitter:label2\" content=\"Dur\u00e9e de lecture estim\u00e9e\" \/>\n\t<meta name=\"twitter:data2\" content=\"6 minutes\" \/>\n<script type=\"application\/ld+json\" class=\"yoast-schema-graph\">{\"@context\":\"https:\/\/schema.org\",\"@graph\":[{\"@type\":\"WebPage\",\"@id\":\"https:\/\/flashmode.tn\/magazine\/quand-semer-la-salade-avec-la-lune-2021\/\",\"url\":\"https:\/\/flashmode.tn\/magazine\/quand-semer-la-salade-avec-la-lune-2021\/\",\"name\":\"Quand semer la salade avec la lune 2021 ?\",\"isPartOf\":{\"@id\":\"https:\/\/flashmode.tn\/magazine\/#website\"},\"datePublished\":\"2022-01-22T14:40:44+00:00\",\"author\":{\"@id\":\"https:\/\/flashmode.tn\/magazine\/#\/schema\/person\/ebeaf8414935b60ba8817ab0babd7fbe\"},\"description\":\"Nous commen\u00e7ons le mois d'octobre 2021 en lune descendante, p\u00e9riode favorable pour : bouturer, enrichir le sol, \u00e9claircir les semis, repiquer, planter,\",\"breadcrumb\":{\"@id\":\"https:\/\/flashmode.tn\/magazine\/quand-semer-la-salade-avec-la-lune-2021\/#breadcrumb\"},\"inLanguage\":\"fr-FR\",\"potentialAction\":[{\"@type\":\"ReadAction\",\"target\":[\"https:\/\/flashmode.tn\/magazine\/quand-semer-la-salade-avec-la-lune-2021\/\"]}]},{\"@type\":\"BreadcrumbList\",\"@id\":\"https:\/\/flashmode.tn\/magazine\/quand-semer-la-salade-avec-la-lune-2021\/#breadcrumb\",\"itemListElement\":[{\"@type\":\"ListItem\",\"position\":1,\"name\":\"Accueil\",\"item\":\"https:\/\/flashmode.tn\/magazine\/\"},{\"@type\":\"ListItem\",\"position\":2,\"name\":\"Quand semer la salade avec la lune 2021 ?\"}]},{\"@type\":\"WebSite\",\"@id\":\"https:\/\/flashmode.tn\/magazine\/#website\",\"url\":\"https:\/\/flashmode.tn\/magazine\/\",\"name\":\"Flashmode Magazine | Magazine de mode et style de vie Num\u00e9ro un en Tunisie et au Maghreb\",\"description\":\"Magazine de mode et style de vie Num\u00e9ro un en Tunisie et au Maghreb, cr\u00e9\u00e9 pour les hommes et les femmes : conseils beaut\u00e9, mode femme, mode homme, recettes de cuisine, c\u00e9l\u00e9brit\u00e9s et people, mannequins et top modeles\",\"potentialAction\":[{\"@type\":\"SearchAction\",\"target\":{\"@type\":\"EntryPoint\",\"urlTemplate\":\"https:\/\/flashmode.tn\/magazine\/?s={search_term_string}\"},\"query-input\":{\"@type\":\"PropertyValueSpecification\",\"valueRequired\":true,\"valueName\":\"search_term_string\"}}],\"inLanguage\":\"fr-FR\"},{\"@type\":\"Person\",\"@id\":\"https:\/\/flashmode.tn\/magazine\/#\/schema\/person\/ebeaf8414935b60ba8817ab0babd7fbe\",\"name\":\"Nora D.\",\"image\":{\"@type\":\"ImageObject\",\"inLanguage\":\"fr-FR\",\"@id\":\"https:\/\/flashmode.tn\/magazine\/#\/schema\/person\/image\/\",\"url\":\"https:\/\/secure.gravatar.com\/avatar\/a51d897ddf0a2216affe16e03a39790850922d1b5b29f147f35db7ccb8861eab?s=96&d=mm&r=g\",\"contentUrl\":\"https:\/\/secure.gravatar.com\/avatar\/a51d897ddf0a2216affe16e03a39790850922d1b5b29f147f35db7ccb8861eab?s=96&d=mm&r=g\",\"caption\":\"Nora D.\"},\"url\":\"https:\/\/flashmode.tn\/magazine\/author\/nora-damak\/\"}]}<\/script>\n<!-- \/ Yoast SEO Premium plugin. -->","yoast_head_json":{"title":"Quand semer la salade avec la lune 2021 ?","description":"Nous commen\u00e7ons le mois d'octobre 2021 en lune descendante, p\u00e9riode favorable pour : bouturer, enrichir le sol, \u00e9claircir les semis, repiquer, planter,","robots":{"index":"index","follow":"follow","max-snippet":"max-snippet:-1","max-image-preview":"max-image-preview:large","max-video-preview":"max-video-preview:-1"},"canonical":"https:\/\/flashmode.tn\/magazine\/quand-semer-la-salade-avec-la-lune-2021\/","og_locale":"fr_FR","og_type":"article","og_title":"Quand semer la salade avec la lune 2021 ? - Flashmode Magazine | Magazine de mode et style de vie Num\u00e9ro un en Tunisie et au Maghreb","og_description":"Nous commen\u00e7ons le mois d'octobre 2021 en lune descendante, p\u00e9riode favorable pour : bouturer, enrichir le sol, \u00e9claircir les semis, repiquer, planter,","og_url":"https:\/\/flashmode.tn\/magazine\/quand-semer-la-salade-avec-la-lune-2021\/","og_site_name":"Flashmode Magazine | Magazine de mode et style de vie Num\u00e9ro un en Tunisie et au Maghreb","article_publisher":"https:\/\/www.facebook.com\/flashmode.magazine\/","article_published_time":"2022-01-22T14:40:44+00:00","author":"Nora D.","twitter_card":"summary_large_image","twitter_creator":"@agenceflashmode","twitter_site":"@agenceflashmode","twitter_misc":{"\u00c9crit par":"Nora D.","Dur\u00e9e de lecture estim\u00e9e":"6 minutes"},"schema":{"@context":"https:\/\/schema.org","@graph":[{"@type":"WebPage","@id":"https:\/\/flashmode.tn\/magazine\/quand-semer-la-salade-avec-la-lune-2021\/","url":"https:\/\/flashmode.tn\/magazine\/quand-semer-la-salade-avec-la-lune-2021\/","name":"Quand semer la salade avec la lune 2021 ?","isPartOf":{"@id":"https:\/\/flashmode.tn\/magazine\/#website"},"datePublished":"2022-01-22T14:40:44+00:00","author":{"@id":"https:\/\/flashmode.tn\/magazine\/#\/schema\/person\/ebeaf8414935b60ba8817ab0babd7fbe"},"description":"Nous commen\u00e7ons le mois d'octobre 2021 en lune descendante, p\u00e9riode favorable pour : bouturer, enrichir le sol, \u00e9claircir les semis, repiquer, planter,","breadcrumb":{"@id":"https:\/\/flashmode.tn\/magazine\/quand-semer-la-salade-avec-la-lune-2021\/#breadcrumb"},"inLanguage":"fr-FR","potentialAction":[{"@type":"ReadAction","target":["https:\/\/flashmode.tn\/magazine\/quand-semer-la-salade-avec-la-lune-2021\/"]}]},{"@type":"BreadcrumbList","@id":"https:\/\/flashmode.tn\/magazine\/quand-semer-la-salade-avec-la-lune-2021\/#breadcrumb","itemListElement":[{"@type":"ListItem","position":1,"name":"Accueil","item":"https:\/\/flashmode.tn\/magazine\/"},{"@type":"ListItem","position":2,"name":"Quand semer la salade avec la lune 2021 ?"}]},{"@type":"WebSite","@id":"https:\/\/flashmode.tn\/magazine\/#website","url":"https:\/\/flashmode.tn\/magazine\/","name":"Flashmode Magazine | Magazine de mode et style de vie Num\u00e9ro un en Tunisie et au Maghreb","description":"Magazine de mode et style de vie Num\u00e9ro un en Tunisie et au Maghreb, cr\u00e9\u00e9 pour les hommes et les femmes : conseils beaut\u00e9, mode femme, mode homme, recettes de cuisine, c\u00e9l\u00e9brit\u00e9s et people, mannequins et top modeles","potentialAction":[{"@type":"SearchAction","target":{"@type":"EntryPoint","urlTemplate":"https:\/\/flashmode.tn\/magazine\/?s={search_term_string}"},"query-input":{"@type":"PropertyValueSpecification","valueRequired":true,"valueName":"search_term_string"}}],"inLanguage":"fr-FR"},{"@type":"Person","@id":"https:\/\/flashmode.tn\/magazine\/#\/schema\/person\/ebeaf8414935b60ba8817ab0babd7fbe","name":"Nora D.","image":{"@type":"ImageObject","inLanguage":"fr-FR","@id":"https:\/\/flashmode.tn\/magazine\/#\/schema\/person\/image\/","url":"https:\/\/secure.gravatar.com\/avatar\/a51d897ddf0a2216affe16e03a39790850922d1b5b29f147f35db7ccb8861eab?s=96&d=mm&r=g","contentUrl":"https:\/\/secure.gravatar.com\/avatar\/a51d897ddf0a2216affe16e03a39790850922d1b5b29f147f35db7ccb8861eab?s=96&d=mm&r=g","caption":"Nora D."},"url":"https:\/\/flashmode.tn\/magazine\/author\/nora-damak\/"}]}},"jetpack_publicize_connections":[],"jetpack_featured_media_url":"","jetpack_shortlink":"https:\/\/wp.me\/p8BPGr-bNx","jetpack_sharing_enabled":true,"_links":{"self":[{"href":"https:\/\/flashmode.tn\/magazine\/wp-json\/wp\/v2\/posts\/45355","targetHints":{"allow":["GET"]}}],"collection":[{"href":"https:\/\/flashmode.tn\/magazine\/wp-json\/wp\/v2\/posts"}],"about":[{"href":"https:\/\/flashmode.tn\/magazine\/wp-json\/wp\/v2\/types\/post"}],"author":[{"embeddable":true,"href":"https:\/\/flashmode.tn\/magazine\/wp-json\/wp\/v2\/users\/2"}],"replies":[{"embeddable":true,"href":"https:\/\/flashmode.tn\/magazine\/wp-json\/wp\/v2\/comments?post=45355"}],"version-history":[{"count":0,"href":"https:\/\/flashmode.tn\/magazine\/wp-json\/wp\/v2\/posts\/45355\/revisions"}],"wp:attachment":[{"href":"https:\/\/flashmode.tn\/magazine\/wp-json\/wp\/v2\/media?parent=45355"}],"wp:term":[{"taxonomy":"category","embeddable":true,"href":"https:\/\/flashmode.tn\/magazine\/wp-json\/wp\/v2\/categories?post=45355"},{"taxonomy":"post_tag","embeddable":true,"href":"https:\/\/flashmode.tn\/magazine\/wp-json\/wp\/v2\/tags?post=45355"}],"curies":[{"name":"wp","href":"https:\/\/api.w.org\/{rel}","templated":true}]}}