{"id":45425,"date":"2022-01-06T00:18:42","date_gmt":"2022-01-05T23:18:42","guid":{"rendered":"https:\/\/flashmode.tn\/magazine\/?p=45425"},"modified":"2022-01-06T00:18:42","modified_gmt":"2022-01-05T23:18:42","slug":"quelles-pommes-de-terre-pour-les-frites","status":"publish","type":"post","link":"https:\/\/flashmode.tn\/magazine\/quelles-pommes-de-terre-pour-les-frites\/","title":{"rendered":"Quelles pommes de terre pour les frites ?"},"content":{"rendered":"<p>Les vari\u00e9t\u00e9s de <b>pommes de terre<\/b> pl\u00e9biscit\u00e9es <b>pour les frites<\/b><\/p>\n<p> <b>Pour<\/b> ce qui est des vari\u00e9t\u00e9s, la star des assiettes est sans aucun doute la vari\u00e9t\u00e9 Bintje. Originaire des Pays-Bas et populaire aussi bien en France qu&rsquo;en Belgique, il s&rsquo;agit d&rsquo;une <b>pomme de terre<\/b> farineuse oblongue \u00e0 la chair jaune.<\/p>\n<p>Mais encore, Quand la r\u00e9colte des pommes de terre ?<\/p>\n<p>Au plus t\u00f4t, on peut <b>r\u00e9colter<\/b> les vari\u00e9t\u00e9s les plus pr\u00e9coces 90 jours apr\u00e8s la plantation. Les <b>r\u00e9coltes<\/b> commencent donc d\u00e8s juillet et jusqu&rsquo;en septembre pour les plus tardives. Vous savez qu&rsquo;il est temps de <b>r\u00e9colter<\/b> lorsque la partie a\u00e9rienne est jaunit et se couche.<\/p>\n<p>et Quelle est la meilleure huile pour les frites ?<\/p>\n<p>L&rsquo;<b>huile<\/b> d&rsquo;arachide<\/p>\n<p> Les <b>meilleures huiles pour<\/b> faire des <b>frites sont<\/b> les <b>huiles<\/b> v\u00e9g\u00e9tales car elles <b>sont<\/b> moins riches en mauvais cholest\u00e9rol que la graisse de b\u0153uf ou de porc. Parmi les diff\u00e9rentes <b>huiles<\/b> possibles, l&rsquo;<b>huile<\/b> d&rsquo;arachide <b>est<\/b> g\u00e9n\u00e9ralement celle cit\u00e9e en premier.<\/p>\n<p>Quelle pomme de terre pour les frite rouge ou blanche ?<\/p>\n<p>Voici les diff\u00e9rentes vari\u00e9t\u00e9s de <b>pommes de terre<\/b> convenant <b>pour les frites<\/b>: Agria: chair de couleur tr\u00e8s jaune, c&rsquo;est une alternative \u00e0 la Bintje. Asterix: peau <b>rouge<\/b>. Artemis: chair jaune p\u00e2le. Bintje: peau et chair jaune p\u00e2le, la plus courante.<\/p>\n<div id=\"ez-toc-container\" class=\"ez-toc-v2_0_81 counter-hierarchy ez-toc-counter ez-toc-grey ez-toc-container-direction\">\n<div class=\"ez-toc-title-container\">\n<p class=\"ez-toc-title\" style=\"cursor:inherit\">Contenus de la page<\/p>\n<span class=\"ez-toc-title-toggle\"><a href=\"#\" class=\"ez-toc-pull-right ez-toc-btn ez-toc-btn-xs ez-toc-btn-default ez-toc-toggle\" aria-label=\"Toggle Table of Content\"><span class=\"ez-toc-js-icon-con\"><span class=\"\"><span class=\"eztoc-hide\" style=\"display:none;\">Toggle<\/span><span class=\"ez-toc-icon-toggle-span\"><svg style=\"fill: #999;color:#999\" xmlns=\"http:\/\/www.w3.org\/2000\/svg\" class=\"list-377408\" width=\"20px\" height=\"20px\" viewBox=\"0 0 24 24\" fill=\"none\"><path d=\"M6 6H4v2h2V6zm14 0H8v2h12V6zM4 11h2v2H4v-2zm16 0H8v2h12v-2zM4 16h2v2H4v-2zm16 0H8v2h12v-2z\" fill=\"currentColor\"><\/path><\/svg><svg style=\"fill: #999;color:#999\" class=\"arrow-unsorted-368013\" xmlns=\"http:\/\/www.w3.org\/2000\/svg\" width=\"10px\" height=\"10px\" viewBox=\"0 0 24 24\" version=\"1.2\" baseProfile=\"tiny\"><path d=\"M18.2 9.3l-6.2-6.3-6.2 6.3c-.2.2-.3.4-.3.7s.1.5.3.7c.2.2.4.3.7.3h11c.3 0 .5-.1.7-.3.2-.2.3-.5.3-.7s-.1-.5-.3-.7zM5.8 14.7l6.2 6.3 6.2-6.3c.2-.2.3-.5.3-.7s-.1-.5-.3-.7c-.2-.2-.4-.3-.7-.3h-11c-.3 0-.5.1-.7.3-.2.2-.3.5-.3.7s.1.5.3.7z\"\/><\/svg><\/span><\/span><\/span><\/a><\/span><\/div>\n<nav><ul class='ez-toc-list ez-toc-list-level-1 ' ><li class='ez-toc-page-1 ez-toc-heading-level-2'><a class=\"ez-toc-link ez-toc-heading-1\" href=\"https:\/\/flashmode.tn\/magazine\/quelles-pommes-de-terre-pour-les-frites\/#Quelle_variete_de_pomme_de_terre_pour_un_gratin_dauphinois\" >Quelle vari\u00e9t\u00e9 de pomme de terre pour un gratin dauphinois ?<\/a><\/li><li class='ez-toc-page-1 ez-toc-heading-level-2'><a class=\"ez-toc-link ez-toc-heading-2\" href=\"https:\/\/flashmode.tn\/magazine\/quelles-pommes-de-terre-pour-les-frites\/#Quand_recolter_les_pommes_de_terre_en_2021\" >Quand r\u00e9colter les pommes de terre en 2021 ?<\/a><\/li><li class='ez-toc-page-1 ez-toc-heading-level-2'><a class=\"ez-toc-link ez-toc-heading-3\" href=\"https:\/\/flashmode.tn\/magazine\/quelles-pommes-de-terre-pour-les-frites\/#Quand_recolte_patate_Quebec\" >Quand r\u00e9colte patate Qu\u00e9bec ?<\/a><\/li><li class='ez-toc-page-1 ez-toc-heading-level-2'><a class=\"ez-toc-link ez-toc-heading-4\" href=\"https:\/\/flashmode.tn\/magazine\/quelles-pommes-de-terre-pour-les-frites\/#Quel_rendement_par_plant_de_pomme_de_terre\" >Quel rendement par plant de pomme de terre ?<\/a><\/li><li class='ez-toc-page-1 ez-toc-heading-level-2'><a class=\"ez-toc-link ez-toc-heading-5\" href=\"https:\/\/flashmode.tn\/magazine\/quelles-pommes-de-terre-pour-les-frites\/#Quelle_est_la_meilleure_huile_darachide\" >Quelle est la meilleure huile d&rsquo;arachide ?<\/a><\/li><li class='ez-toc-page-1 ez-toc-heading-level-2'><a class=\"ez-toc-link ez-toc-heading-6\" href=\"https:\/\/flashmode.tn\/magazine\/quelles-pommes-de-terre-pour-les-frites\/#Ou_stocker_huile_friture\" >O\u00f9 stocker huile friture ?<\/a><\/li><li class='ez-toc-page-1 ez-toc-heading-level-2'><a class=\"ez-toc-link ez-toc-heading-7\" href=\"https:\/\/flashmode.tn\/magazine\/quelles-pommes-de-terre-pour-les-frites\/#Quelle_est_la_meilleure_huile_pour_le_coeur\" >Quelle est la meilleure huile pour le c\u0153ur ?<\/a><\/li><li class='ez-toc-page-1 ez-toc-heading-level-2'><a class=\"ez-toc-link ez-toc-heading-8\" href=\"https:\/\/flashmode.tn\/magazine\/quelles-pommes-de-terre-pour-les-frites\/#Quelle_variete_de_pomme_de_terre_a_la_peau_rouge\" >Quelle vari\u00e9t\u00e9 de pomme de terre \u00e0 la peau rouge ?<\/a><\/li><li class='ez-toc-page-1 ez-toc-heading-level-2'><a class=\"ez-toc-link ez-toc-heading-9\" href=\"https:\/\/flashmode.tn\/magazine\/quelles-pommes-de-terre-pour-les-frites\/#Quelle_est_la_meilleure_variete_de_pomme_de_terre\" >Quelle est la meilleure vari\u00e9t\u00e9 de pomme de terre ?<\/a><\/li><li class='ez-toc-page-1 ez-toc-heading-level-2'><a class=\"ez-toc-link ez-toc-heading-10\" href=\"https:\/\/flashmode.tn\/magazine\/quelles-pommes-de-terre-pour-les-frites\/#Quelle_est_la_difference_entre_une_pomme_de_terre_et_une_patate\" >Quelle est la diff\u00e9rence entre une pomme de terre et une patate ?<\/a><\/li><li class='ez-toc-page-1 ez-toc-heading-level-2'><a class=\"ez-toc-link ez-toc-heading-11\" href=\"https:\/\/flashmode.tn\/magazine\/quelles-pommes-de-terre-pour-les-frites\/#Quelle_variete_pomme_de_terre_nouvelle\" >Quelle vari\u00e9t\u00e9 pomme de terre nouvelle ?<\/a><\/li><li class='ez-toc-page-1 ez-toc-heading-level-2'><a class=\"ez-toc-link ez-toc-heading-12\" href=\"https:\/\/flashmode.tn\/magazine\/quelles-pommes-de-terre-pour-les-frites\/#Quelle_pomme_de_terre_pour_ecrase_de_pomme_de_terre\" >Quelle pomme de terre pour \u00e9cras\u00e9 de pomme de terre ?<\/a><\/li><li class='ez-toc-page-1 ez-toc-heading-level-2'><a class=\"ez-toc-link ez-toc-heading-13\" href=\"https:\/\/flashmode.tn\/magazine\/quelles-pommes-de-terre-pour-les-frites\/#Quand_lail_est_mur\" >Quand l&rsquo;ail est m\u00fbr ?<\/a><\/li><li class='ez-toc-page-1 ez-toc-heading-level-2'><a class=\"ez-toc-link ez-toc-heading-14\" href=\"https:\/\/flashmode.tn\/magazine\/quelles-pommes-de-terre-pour-les-frites\/#Pourquoi_mes_pommes_de_terre_sont_petites\" >Pourquoi mes pommes de terre sont petites ?<\/a><\/li><li class='ez-toc-page-1 ez-toc-heading-level-2'><a class=\"ez-toc-link ez-toc-heading-15\" href=\"https:\/\/flashmode.tn\/magazine\/quelles-pommes-de-terre-pour-les-frites\/#Comment_savoir_si_les_pommes_de_terre_sont_encore_bonnes\" >Comment savoir si les pommes de terre sont encore bonnes ?<\/a><\/li><li class='ez-toc-page-1 ez-toc-heading-level-2'><a class=\"ez-toc-link ez-toc-heading-16\" href=\"https:\/\/flashmode.tn\/magazine\/quelles-pommes-de-terre-pour-les-frites\/#Quand_planter_pomme_de_terre_2020\" >Quand planter pomme de terre 2020 ?<\/a><\/li><li class='ez-toc-page-1 ez-toc-heading-level-2'><a class=\"ez-toc-link ez-toc-heading-17\" href=\"https:\/\/flashmode.tn\/magazine\/quelles-pommes-de-terre-pour-les-frites\/#Quelle_surface_pour_pomme_de_terre\" >Quelle surface pour pomme de terre ?<\/a><\/li><li class='ez-toc-page-1 ez-toc-heading-level-2'><a class=\"ez-toc-link ez-toc-heading-18\" href=\"https:\/\/flashmode.tn\/magazine\/quelles-pommes-de-terre-pour-les-frites\/#Comment_avoir_un_bon_rendement_de_pomme_de_terre\" >Comment avoir un bon rendement de pomme de terre ?<\/a><\/li><li class='ez-toc-page-1 ez-toc-heading-level-2'><a class=\"ez-toc-link ez-toc-heading-19\" href=\"https:\/\/flashmode.tn\/magazine\/quelles-pommes-de-terre-pour-les-frites\/#Quelle_quantite_de_pomme_de_terre_par_pied\" >Quelle quantit\u00e9 de pomme de terre par pied ?<\/a><\/li><\/ul><\/nav><\/div>\n<h2><span class=\"ez-toc-section\" id=\"Quelle_variete_de_pomme_de_terre_pour_un_gratin_dauphinois\"><\/span>Quelle vari\u00e9t\u00e9 de pomme de terre pour un gratin dauphinois ?<span class=\"ez-toc-section-end\"><\/span><\/h2>\n<p><b>Pour<\/b> les <b>pommes de terre<\/b>, les vari\u00e9t\u00e9s \u00e0 chair ferme type Monalisa, Roseval, Belle de Fontnay et Charlotte sont parfaites. Du lait et de la cr\u00e8me enti\u00e8re, du sel, poivre et muscade <b>pour<\/b> l&rsquo;assaisonnement et de l&rsquo;ail et beurre <b>pour<\/b> le plat.<\/p>\n<h2><span class=\"ez-toc-section\" id=\"Quand_recolter_les_pommes_de_terre_en_2021\"><\/span><strong>Quand r\u00e9colter les pommes de terre en 2021 ?<\/strong><span class=\"ez-toc-section-end\"><\/span><\/h2>\n<p>Alors que l&rsquo;ann\u00e9e derni\u00e8re, la <b>r\u00e9colte<\/b> de <b>pommes de terre<\/b> avait commenc\u00e9 avec beaucoup d&rsquo;avance la premi\u00e8re semaine de juillet, cette ann\u00e9e, elle va d\u00e9buter bien en retard : \u00ab Nous devrions commencer la <b>r\u00e9colte<\/b> \u00e0 la fin de la semaine.<\/p>\n<h2><span class=\"ez-toc-section\" id=\"Quand_recolte_patate_Quebec\"><\/span><strong>Quand r\u00e9colte patate Qu\u00e9bec ?<\/strong><span class=\"ez-toc-section-end\"><\/span><\/h2>\n<p>Comptez 13 semaines de culture pour <b>r\u00e9colter<\/b> des pommes de terre nouvelles (primeurs), 17 \u00e0 22 semaines pour les autres. Pommes de terre nouvelles: d\u00e9terrez-les avant maturit\u00e9 en d\u00e9but d&rsquo;\u00e9t\u00e9, lorsque les tubercules ont atteint la taille d&rsquo;un oeuf de poulette.<\/p>\n<h2><span class=\"ez-toc-section\" id=\"Quel_rendement_par_plant_de_pomme_de_terre\"><\/span><strong>Quel rendement par plant de pomme de terre ?<\/strong><span class=\"ez-toc-section-end\"><\/span><\/h2>\n<p>\u2013 Un <b>plant de pomme de terre<\/b> donne en moyenne 1 kilo de patates. \u00ab Pour avoir un <b>rendement<\/b> de 100 kilos, il faudrait donc 100 <b>plants de pommes de terre<\/b>, voire 130 ou 150 \u00bb. Ce qui n&rsquo;est pas possible sur une aussi petite surface.<\/p>\n<h2><span class=\"ez-toc-section\" id=\"Quelle_est_la_meilleure_huile_darachide\"><\/span><strong>Quelle est la meilleure huile d&rsquo;arachide ?<\/strong><span class=\"ez-toc-section-end\"><\/span><\/h2>\n<p>L&rsquo;<b>huile d&rsquo;arachide<\/b> \/ de cacahu\u00e8tes<\/p>\n<p> Riche en om\u00e9gas 6, elle <b>est<\/b> plut\u00f4t pauvre en om\u00e9gas 3, il <b>est<\/b> pourtant important de garder un certain \u00e9quilibre entre ce deux acides gras. Nous vous conseillons de la choisir bio car il s&rsquo;agit tr\u00e8s souvent d&rsquo;une <b>huile<\/b> raffin\u00e9e.<\/p>\n<h2><span class=\"ez-toc-section\" id=\"Ou_stocker_huile_friture\"><\/span><strong>O\u00f9 stocker huile friture ?<\/strong><span class=\"ez-toc-section-end\"><\/span><\/h2>\n<p>Mais ne pas laisser l&rsquo;<b>huile<\/b> plus de 2 ou 3 semaines dans la friteuse sans l&rsquo;utiliser : la <b>stocker<\/b> de pr\u00e9f\u00e9rence dans un r\u00e9cipient ferm\u00e9 (bouteille en verre, par exemple), \u00e0 l&rsquo;abri de la lumi\u00e8re dans un endroit frais, par exemple le r\u00e9frig\u00e9rateur. Il est d\u00e9conseill\u00e9 d&rsquo;utiliser l&rsquo;<b>huile<\/b> plus de 4 \u00e0 6 fois.<\/p>\n<h2><span class=\"ez-toc-section\" id=\"Quelle_est_la_meilleure_huile_pour_le_coeur\"><\/span><strong>Quelle est la meilleure huile pour le c\u0153ur ?<\/strong><span class=\"ez-toc-section-end\"><\/span><\/h2>\n<p>L&rsquo;<b>huile<\/b> de colza <b>est<\/b> l&rsquo;alli\u00e9e de notre <b>c\u0153ur<\/b>. Elle <b>est<\/b> riche en om\u00e9ga 3 et 6, ainsi qu&rsquo;en antioxydants, notamment les vitamines E. L&rsquo;<b>huile<\/b> de colza contient des quantit\u00e9s faibles d&rsquo;acides gras satur\u00e9s. Cette <b>huile<\/b> rejoint \u00e9galement les propri\u00e9t\u00e9s de l&rsquo;<b>huile<\/b> d&rsquo;olive en termes de sant\u00e9 cardiaque.<\/p>\n<h2><span class=\"ez-toc-section\" id=\"Quelle_variete_de_pomme_de_terre_a_la_peau_rouge\"><\/span><strong>Quelle vari\u00e9t\u00e9 de pomme de terre \u00e0 la peau rouge ?<\/strong><span class=\"ez-toc-section-end\"><\/span><\/h2>\n<p>La Roseval est une <b>pomme de terre<\/b> de la noblesse, issue d&rsquo;une longue lign\u00e9e. Elle a \u00e9t\u00e9 cr\u00e9\u00e9e en 1950 en Bretagne, \u00e0 partir de la <b>vari\u00e9t\u00e9<\/b> Rosa \u00e0 <b>peau rouge<\/b>, et de la <b>vari\u00e9t\u00e9<\/b> Vale \u00e0 <b>peau<\/b> jaune. Et <b>rouge<\/b> + jaune = rose, du moins en patatologie. La Roseval a donc la <b>peau<\/b> rose, et la chair jaune, parfois vein\u00e9e de rose.<\/p>\n<h2><span class=\"ez-toc-section\" id=\"Quelle_est_la_meilleure_variete_de_pomme_de_terre\"><\/span><strong>Quelle est la meilleure vari\u00e9t\u00e9 de pomme de terre ?<\/strong><span class=\"ez-toc-section-end\"><\/span><\/h2>\n<p>Les <b>pommes de terre<\/b> \u00e0 chair ferme<\/p>\n<p> Les plus populaires <b>sont<\/b> la Charlotte, la Ratte, l&rsquo;Annabelle, la Belle de Fontenay, l&rsquo;Amandine, la Franceline ou la Roseval. Ces vari\u00e9t\u00e9s <b>sont<\/b> id\u00e9ales pour des daubes, des rago\u00fbts et des gratins.<\/p>\n<h2><span class=\"ez-toc-section\" id=\"Quelle_est_la_difference_entre_une_pomme_de_terre_et_une_patate\"><\/span><strong>Quelle est la diff\u00e9rence entre une pomme de terre et une patate ?<\/strong><span class=\"ez-toc-section-end\"><\/span><\/h2>\n<p><b>Pomme de terre<\/b> ou <b>patate<\/b> ? Dans le langage familier, on dit couramment \u00ab<b>patate<\/b>\u00bb lorsqu&rsquo;on veut parler de \u00ab<b>pommes de terre<\/b>\u00bb.<\/p>\n<h2><span class=\"ez-toc-section\" id=\"Quelle_variete_pomme_de_terre_nouvelle\"><\/span><strong>Quelle vari\u00e9t\u00e9 pomme de terre nouvelle ?<\/strong><span class=\"ez-toc-section-end\"><\/span><\/h2>\n<p><b>  <b>   Vari\u00e9t\u00e9s  <\/b>  de pommes de  <b>   terre nouvelles  <\/b> <\/b> <\/p>\n<ul>\n<li>   Amandine :   <b>    vari\u00e9t\u00e9   <\/b>   pr\u00e9coce, qui a une tr\u00e8s bonne tenue \u00e0 la cuisson et une bonne qualit\u00e9 gustative. &#8230;  <\/li>\n<li>   Agata : c&rsquo;est une   <b>    vari\u00e9t\u00e9   <\/b>   pr\u00e9coce et productive \u00e0 chair ferme et jaune, et \u00e0 forme ovale. &#8230;  <\/li>\n<li>   Sirtema :   <b>    vari\u00e9t\u00e9   <\/b>   pr\u00e9coce \u00e0 bon rendement et qui a une bonne tenue \u00e0 la cuisson.  <\/li>\n<\/ul>\n<h2><span class=\"ez-toc-section\" id=\"Quelle_pomme_de_terre_pour_ecrase_de_pomme_de_terre\"><\/span><strong>Quelle pomme de terre pour \u00e9cras\u00e9 de pomme de terre ?<\/strong><span class=\"ez-toc-section-end\"><\/span><\/h2>\n<p>Les meilleures <b>pour<\/b> l&rsquo;<b>\u00e9cras\u00e9<\/b> sont les <b>pommes de terre<\/b> \u00ab \u00e0 chair fondante \u00bb : elles s&rsquo;\u00e9crasent juste comme il faut, il reste des morceaux, c&rsquo;est fondant et structur\u00e9, bref, c&rsquo;est parfait. Dans cette cat\u00e9gorie, on trouve les vari\u00e9t\u00e9s Agata, Monalisa, Samba, Nicola, Melody, Kerpondy, D\u00e9sir\u00e9e\u2026<\/p>\n<h2><span class=\"ez-toc-section\" id=\"Quand_lail_est_mur\"><\/span><strong>Quand l&rsquo;ail est m\u00fbr ?<\/strong><span class=\"ez-toc-section-end\"><\/span><\/h2>\n<p><b>R\u00e9colter<\/b> l&rsquo;<b>ail<\/b> d\u00e8s que les feuilles commencent \u00e0 jaunir, entre 4 et 9 mois selon la p\u00e9riode de plantation des ca\u00efeux. Intervenir de pr\u00e9f\u00e9rence par temps sec et ensoleill\u00e9.<\/p>\n<h2><span class=\"ez-toc-section\" id=\"Pourquoi_mes_pommes_de_terre_sont_petites\"><\/span><strong>Pourquoi mes pommes de terre sont petites ?<\/strong><span class=\"ez-toc-section-end\"><\/span><\/h2>\n<p>En fait, un <b>petit<\/b> plant de <b>pommes de terre<\/b> donnera moins de <b>pommes de terre<\/b>, mais celles-ci seront plus grosses. &#8230; A l&rsquo;inverse, plus un plant de <b>pommes de terre<\/b> est gros, plus il \u00e9mettra de pousses et donc il donnera plus de tubercules, mais de tailles moins importantes\u2026<\/p>\n<h2><span class=\"ez-toc-section\" id=\"Comment_savoir_si_les_pommes_de_terre_sont_encore_bonnes\"><\/span><strong>Comment savoir si les pommes de terre sont encore bonnes ?<\/strong><span class=\"ez-toc-section-end\"><\/span><\/h2>\n<p>\u00c7a d\u00e9pend ! <b>Si<\/b> c&rsquo;est juste un peu et que vos <b>pommes de terre sont<\/b> encore fermes, pas de probl\u00e8me. Il suffit de retirer les petits germes, \u00e0 l&rsquo;aide d&rsquo;un couteau pour ne pas noircir vos ongles puis de les peler.<\/p>\n<h2><span class=\"ez-toc-section\" id=\"Quand_planter_pomme_de_terre_2020\"><\/span><strong>Quand planter pomme de terre 2020 ?<\/strong><span class=\"ez-toc-section-end\"><\/span><\/h2>\n<p>Plantez les tubercules germ\u00e9s de mars \u00e0 avril, une fois que tout risque de gel\u00e9es est \u00e9cart\u00e9. La floraison du lilas est un bon rep\u00e8re ! On pourra les <b>planter<\/b> plus t\u00f4t en r\u00e9gion littorale ou sous tunnel plastique. Pour cultiver des <b>pommes de terre<\/b>, la pr\u00e9paration du sol est primordiale.<\/p>\n<h2><span class=\"ez-toc-section\" id=\"Quelle_surface_pour_pomme_de_terre\"><\/span><strong>Quelle surface pour pomme de terre ?<\/strong><span class=\"ez-toc-section-end\"><\/span><\/h2>\n<p>Les <b>pommes de terre<\/b> se cultivent facilement avec une production \u00e9lev\u00e9e. Aussi, elles sont pr\u00e9sentes dans les potagers d\u00e8s que la <b>surface<\/b> est suffisante. Compter de 20 \u00e0 30 m\u00b2, soit de 150 \u00e0 200 plants, <b>pour<\/b> couvrir les besoins d&rsquo;une famille de quatre personnes.<\/p>\n<h2><span class=\"ez-toc-section\" id=\"Comment_avoir_un_bon_rendement_de_pomme_de_terre\"><\/span><strong>Comment avoir un bon rendement de pomme de terre ?<\/strong><span class=\"ez-toc-section-end\"><\/span><\/h2>\n<p><b>  Les crit\u00e8res de  <b>   rendement  <\/b>  des  <b>   pommes de terre  <\/b> <\/b> <\/p>\n<ol>\n<li>   Planter le plus t\u00f4t possible pour allonger la p\u00e9riode de v\u00e9g\u00e9tation dans les r\u00e9gions o\u00f9 les journ\u00e9es sont courtes,  <\/li>\n<li>   Utiliser des plants d&rsquo;\u00e2ge physiologique \u00e9lev\u00e9, dont la croissance est plus rapide,  <\/li>\n<\/ol>\n<h2><span class=\"ez-toc-section\" id=\"Quelle_quantite_de_pomme_de_terre_par_pied\"><\/span><strong>Quelle quantit\u00e9 de pomme de terre par pied ?<\/strong><span class=\"ez-toc-section-end\"><\/span><\/h2>\n<p>Ca d\u00e9pend de ce que vous avez pris comme <b>pommes de terre<\/b> : chaque <b>pomme de terre<\/b> n&rsquo;a pas le m\u00eame rendement. Il y a des <b>pieds<\/b> de <b>pommes de terre<\/b> qui peuvent vous donner 2 kg. Mais quand vous prenez la Belle de Fontenay, quand elle a donn\u00e9 500 g elle a bien travaill\u00e9e. Mais 1 kg, c&rsquo;est pas rare d&rsquo;avoir 1 kg par <b>pied<\/b>.<\/p>\n<h2><strong><\/strong><\/h2>\n<h2><strong><\/strong><\/h2>\n<hr \/>\n<p><em>Editeurs: 35 &#8211; R\u00e9f\u00e9rences: 33 articles<\/em><\/p>\n<p><em>N\u2019oubliez pas de partager l\u2019article !<\/em><\/p>\n","protected":false},"excerpt":{"rendered":"<p>Les vari\u00e9t\u00e9s de pommes de terre pl\u00e9biscit\u00e9es pour les frites Pour ce qui est des vari\u00e9t\u00e9s, la star des assiettes est sans aucun doute la vari\u00e9t\u00e9 Bintje. Originaire des Pays-Bas et populaire aussi bien en France qu&rsquo;en Belgique, il s&rsquo;agit d&rsquo;une pomme de terre farineuse oblongue \u00e0 la chair jaune. Mais encore, Quand la r\u00e9colte [&hellip;]<\/p>\n","protected":false},"author":2,"featured_media":0,"comment_status":"open","ping_status":"open","sticky":false,"template":"","format":"standard","meta":{"tdm_status":"","tdm_grid_status":"","_jetpack_memberships_contains_paid_content":false,"footnotes":"","jetpack_publicize_message":"","jetpack_publicize_feature_enabled":true,"jetpack_social_post_already_shared":true,"jetpack_social_options":{"image_generator_settings":{"template":"highway","default_image_id":0,"font":"","enabled":false},"version":2}},"categories":[3457],"tags":[],"class_list":["post-45425","post","type-post","status-publish","format-standard","hentry","category-maison"],"yoast_head":"<!-- This site is optimized with the Yoast SEO Premium plugin v25.0 (Yoast SEO v25.0) - https:\/\/yoast.com\/wordpress\/plugins\/seo\/ -->\n<title>Quelles pommes de terre pour les frites ?<\/title>\n<meta name=\"description\" content=\"Les vari\u00e9t\u00e9s de pommes de terre pl\u00e9biscit\u00e9es pour les frites Pour ce qui est des vari\u00e9t\u00e9s, la star des assiettes est sans aucun doute la vari\u00e9t\u00e9 Bintje.\" \/>\n<meta name=\"robots\" content=\"index, follow, max-snippet:-1, max-image-preview:large, max-video-preview:-1\" \/>\n<link rel=\"canonical\" href=\"https:\/\/flashmode.tn\/magazine\/quelles-pommes-de-terre-pour-les-frites\/\" \/>\n<meta property=\"og:locale\" content=\"fr_FR\" \/>\n<meta property=\"og:type\" content=\"article\" \/>\n<meta property=\"og:title\" content=\"Quelles pommes de terre pour les frites ? - Flashmode Magazine | Magazine de mode et style de vie Num\u00e9ro un en Tunisie et au Maghreb\" \/>\n<meta property=\"og:description\" content=\"Les vari\u00e9t\u00e9s de pommes de terre pl\u00e9biscit\u00e9es pour les frites Pour ce qui est des vari\u00e9t\u00e9s, la star des assiettes est sans aucun doute la vari\u00e9t\u00e9 Bintje.\" \/>\n<meta property=\"og:url\" content=\"https:\/\/flashmode.tn\/magazine\/quelles-pommes-de-terre-pour-les-frites\/\" \/>\n<meta property=\"og:site_name\" content=\"Flashmode Magazine | Magazine de mode et style de vie Num\u00e9ro un en Tunisie et au Maghreb\" \/>\n<meta property=\"article:publisher\" content=\"https:\/\/www.facebook.com\/flashmode.magazine\/\" \/>\n<meta property=\"article:published_time\" content=\"2022-01-05T23:18:42+00:00\" \/>\n<meta name=\"author\" content=\"Nora D.\" \/>\n<meta name=\"twitter:card\" content=\"summary_large_image\" \/>\n<meta name=\"twitter:creator\" content=\"@agenceflashmode\" \/>\n<meta name=\"twitter:site\" content=\"@agenceflashmode\" \/>\n<meta name=\"twitter:label1\" content=\"\u00c9crit par\" \/>\n\t<meta name=\"twitter:data1\" content=\"Nora D.\" \/>\n\t<meta name=\"twitter:label2\" content=\"Dur\u00e9e de lecture estim\u00e9e\" \/>\n\t<meta name=\"twitter:data2\" content=\"6 minutes\" \/>\n<script type=\"application\/ld+json\" class=\"yoast-schema-graph\">{\"@context\":\"https:\/\/schema.org\",\"@graph\":[{\"@type\":\"WebPage\",\"@id\":\"https:\/\/flashmode.tn\/magazine\/quelles-pommes-de-terre-pour-les-frites\/\",\"url\":\"https:\/\/flashmode.tn\/magazine\/quelles-pommes-de-terre-pour-les-frites\/\",\"name\":\"Quelles pommes de terre pour les frites ?\",\"isPartOf\":{\"@id\":\"https:\/\/flashmode.tn\/magazine\/#website\"},\"datePublished\":\"2022-01-05T23:18:42+00:00\",\"author\":{\"@id\":\"https:\/\/flashmode.tn\/magazine\/#\/schema\/person\/ebeaf8414935b60ba8817ab0babd7fbe\"},\"description\":\"Les vari\u00e9t\u00e9s de pommes de terre pl\u00e9biscit\u00e9es pour les frites Pour ce qui est des vari\u00e9t\u00e9s, la star des assiettes est sans aucun doute la vari\u00e9t\u00e9 Bintje.\",\"breadcrumb\":{\"@id\":\"https:\/\/flashmode.tn\/magazine\/quelles-pommes-de-terre-pour-les-frites\/#breadcrumb\"},\"inLanguage\":\"fr-FR\",\"potentialAction\":[{\"@type\":\"ReadAction\",\"target\":[\"https:\/\/flashmode.tn\/magazine\/quelles-pommes-de-terre-pour-les-frites\/\"]}]},{\"@type\":\"BreadcrumbList\",\"@id\":\"https:\/\/flashmode.tn\/magazine\/quelles-pommes-de-terre-pour-les-frites\/#breadcrumb\",\"itemListElement\":[{\"@type\":\"ListItem\",\"position\":1,\"name\":\"Accueil\",\"item\":\"https:\/\/flashmode.tn\/magazine\/\"},{\"@type\":\"ListItem\",\"position\":2,\"name\":\"Quelles pommes de terre pour les frites ?\"}]},{\"@type\":\"WebSite\",\"@id\":\"https:\/\/flashmode.tn\/magazine\/#website\",\"url\":\"https:\/\/flashmode.tn\/magazine\/\",\"name\":\"Flashmode Magazine | Magazine de mode et style de vie Num\u00e9ro un en Tunisie et au Maghreb\",\"description\":\"Magazine de mode et style de vie Num\u00e9ro un en Tunisie et au Maghreb, cr\u00e9\u00e9 pour les hommes et les femmes : conseils beaut\u00e9, mode femme, mode homme, recettes de cuisine, c\u00e9l\u00e9brit\u00e9s et people, mannequins et top modeles\",\"potentialAction\":[{\"@type\":\"SearchAction\",\"target\":{\"@type\":\"EntryPoint\",\"urlTemplate\":\"https:\/\/flashmode.tn\/magazine\/?s={search_term_string}\"},\"query-input\":{\"@type\":\"PropertyValueSpecification\",\"valueRequired\":true,\"valueName\":\"search_term_string\"}}],\"inLanguage\":\"fr-FR\"},{\"@type\":\"Person\",\"@id\":\"https:\/\/flashmode.tn\/magazine\/#\/schema\/person\/ebeaf8414935b60ba8817ab0babd7fbe\",\"name\":\"Nora D.\",\"image\":{\"@type\":\"ImageObject\",\"inLanguage\":\"fr-FR\",\"@id\":\"https:\/\/flashmode.tn\/magazine\/#\/schema\/person\/image\/\",\"url\":\"https:\/\/secure.gravatar.com\/avatar\/a51d897ddf0a2216affe16e03a39790850922d1b5b29f147f35db7ccb8861eab?s=96&d=mm&r=g\",\"contentUrl\":\"https:\/\/secure.gravatar.com\/avatar\/a51d897ddf0a2216affe16e03a39790850922d1b5b29f147f35db7ccb8861eab?s=96&d=mm&r=g\",\"caption\":\"Nora D.\"},\"url\":\"https:\/\/flashmode.tn\/magazine\/author\/nora-damak\/\"}]}<\/script>\n<!-- \/ Yoast SEO Premium plugin. -->","yoast_head_json":{"title":"Quelles pommes de terre pour les frites ?","description":"Les vari\u00e9t\u00e9s de pommes de terre pl\u00e9biscit\u00e9es pour les frites Pour ce qui est des vari\u00e9t\u00e9s, la star des assiettes est sans aucun doute la vari\u00e9t\u00e9 Bintje.","robots":{"index":"index","follow":"follow","max-snippet":"max-snippet:-1","max-image-preview":"max-image-preview:large","max-video-preview":"max-video-preview:-1"},"canonical":"https:\/\/flashmode.tn\/magazine\/quelles-pommes-de-terre-pour-les-frites\/","og_locale":"fr_FR","og_type":"article","og_title":"Quelles pommes de terre pour les frites ? - Flashmode Magazine | Magazine de mode et style de vie Num\u00e9ro un en Tunisie et au Maghreb","og_description":"Les vari\u00e9t\u00e9s de pommes de terre pl\u00e9biscit\u00e9es pour les frites Pour ce qui est des vari\u00e9t\u00e9s, la star des assiettes est sans aucun doute la vari\u00e9t\u00e9 Bintje.","og_url":"https:\/\/flashmode.tn\/magazine\/quelles-pommes-de-terre-pour-les-frites\/","og_site_name":"Flashmode Magazine | Magazine de mode et style de vie Num\u00e9ro un en Tunisie et au Maghreb","article_publisher":"https:\/\/www.facebook.com\/flashmode.magazine\/","article_published_time":"2022-01-05T23:18:42+00:00","author":"Nora D.","twitter_card":"summary_large_image","twitter_creator":"@agenceflashmode","twitter_site":"@agenceflashmode","twitter_misc":{"\u00c9crit par":"Nora D.","Dur\u00e9e de lecture estim\u00e9e":"6 minutes"},"schema":{"@context":"https:\/\/schema.org","@graph":[{"@type":"WebPage","@id":"https:\/\/flashmode.tn\/magazine\/quelles-pommes-de-terre-pour-les-frites\/","url":"https:\/\/flashmode.tn\/magazine\/quelles-pommes-de-terre-pour-les-frites\/","name":"Quelles pommes de terre pour les frites ?","isPartOf":{"@id":"https:\/\/flashmode.tn\/magazine\/#website"},"datePublished":"2022-01-05T23:18:42+00:00","author":{"@id":"https:\/\/flashmode.tn\/magazine\/#\/schema\/person\/ebeaf8414935b60ba8817ab0babd7fbe"},"description":"Les vari\u00e9t\u00e9s de pommes de terre pl\u00e9biscit\u00e9es pour les frites Pour ce qui est des vari\u00e9t\u00e9s, la star des assiettes est sans aucun doute la vari\u00e9t\u00e9 Bintje.","breadcrumb":{"@id":"https:\/\/flashmode.tn\/magazine\/quelles-pommes-de-terre-pour-les-frites\/#breadcrumb"},"inLanguage":"fr-FR","potentialAction":[{"@type":"ReadAction","target":["https:\/\/flashmode.tn\/magazine\/quelles-pommes-de-terre-pour-les-frites\/"]}]},{"@type":"BreadcrumbList","@id":"https:\/\/flashmode.tn\/magazine\/quelles-pommes-de-terre-pour-les-frites\/#breadcrumb","itemListElement":[{"@type":"ListItem","position":1,"name":"Accueil","item":"https:\/\/flashmode.tn\/magazine\/"},{"@type":"ListItem","position":2,"name":"Quelles pommes de terre pour les frites ?"}]},{"@type":"WebSite","@id":"https:\/\/flashmode.tn\/magazine\/#website","url":"https:\/\/flashmode.tn\/magazine\/","name":"Flashmode Magazine | Magazine de mode et style de vie Num\u00e9ro un en Tunisie et au Maghreb","description":"Magazine de mode et style de vie Num\u00e9ro un en Tunisie et au Maghreb, cr\u00e9\u00e9 pour les hommes et les femmes : conseils beaut\u00e9, mode femme, mode homme, recettes de cuisine, c\u00e9l\u00e9brit\u00e9s et people, mannequins et top modeles","potentialAction":[{"@type":"SearchAction","target":{"@type":"EntryPoint","urlTemplate":"https:\/\/flashmode.tn\/magazine\/?s={search_term_string}"},"query-input":{"@type":"PropertyValueSpecification","valueRequired":true,"valueName":"search_term_string"}}],"inLanguage":"fr-FR"},{"@type":"Person","@id":"https:\/\/flashmode.tn\/magazine\/#\/schema\/person\/ebeaf8414935b60ba8817ab0babd7fbe","name":"Nora D.","image":{"@type":"ImageObject","inLanguage":"fr-FR","@id":"https:\/\/flashmode.tn\/magazine\/#\/schema\/person\/image\/","url":"https:\/\/secure.gravatar.com\/avatar\/a51d897ddf0a2216affe16e03a39790850922d1b5b29f147f35db7ccb8861eab?s=96&d=mm&r=g","contentUrl":"https:\/\/secure.gravatar.com\/avatar\/a51d897ddf0a2216affe16e03a39790850922d1b5b29f147f35db7ccb8861eab?s=96&d=mm&r=g","caption":"Nora D."},"url":"https:\/\/flashmode.tn\/magazine\/author\/nora-damak\/"}]}},"jetpack_publicize_connections":[],"jetpack_featured_media_url":"","jetpack_shortlink":"https:\/\/wp.me\/p8BPGr-bOF","jetpack_sharing_enabled":true,"_links":{"self":[{"href":"https:\/\/flashmode.tn\/magazine\/wp-json\/wp\/v2\/posts\/45425","targetHints":{"allow":["GET"]}}],"collection":[{"href":"https:\/\/flashmode.tn\/magazine\/wp-json\/wp\/v2\/posts"}],"about":[{"href":"https:\/\/flashmode.tn\/magazine\/wp-json\/wp\/v2\/types\/post"}],"author":[{"embeddable":true,"href":"https:\/\/flashmode.tn\/magazine\/wp-json\/wp\/v2\/users\/2"}],"replies":[{"embeddable":true,"href":"https:\/\/flashmode.tn\/magazine\/wp-json\/wp\/v2\/comments?post=45425"}],"version-history":[{"count":0,"href":"https:\/\/flashmode.tn\/magazine\/wp-json\/wp\/v2\/posts\/45425\/revisions"}],"wp:attachment":[{"href":"https:\/\/flashmode.tn\/magazine\/wp-json\/wp\/v2\/media?parent=45425"}],"wp:term":[{"taxonomy":"category","embeddable":true,"href":"https:\/\/flashmode.tn\/magazine\/wp-json\/wp\/v2\/categories?post=45425"},{"taxonomy":"post_tag","embeddable":true,"href":"https:\/\/flashmode.tn\/magazine\/wp-json\/wp\/v2\/tags?post=45425"}],"curies":[{"name":"wp","href":"https:\/\/api.w.org\/{rel}","templated":true}]}}