{"id":45501,"date":"2021-10-19T03:30:23","date_gmt":"2021-10-19T01:30:23","guid":{"rendered":"https:\/\/flashmode.tn\/magazine\/?p=45501"},"modified":"2021-10-19T03:30:23","modified_gmt":"2021-10-19T01:30:23","slug":"pourquoi-y-a-t-il-du-blanc-sur-les-framboises","status":"publish","type":"post","link":"https:\/\/flashmode.tn\/magazine\/pourquoi-y-a-t-il-du-blanc-sur-les-framboises\/","title":{"rendered":"Pourquoi y A-t-il du blanc sur les framboises ?"},"content":{"rendered":"<p>Pouvez-vous me dire <b>pourquoi<\/b> certaines <b>framboises<\/b> ont des t\u00e2ches blanches ? Vos <b>framboises<\/b> ont subi un coup de soleil lors de la canicule. C&rsquo;<b>est<\/b>-\u00e0-dire au moment o\u00f9 les fruits commen\u00e7aient \u00e0 grossir, le soleil ardent br\u00fble les grains dans la partie sup\u00e9rieure provoquant une d\u00e9coloration partielle.<\/p>\n<p>Mais encore, Quelles sont les maladies du m\u00fbrier ?<\/p>\n<p>L&rsquo;o\u00efdium, le chancre, la <b>maladie<\/b> du corail peuvent atteindre le <b>m\u00fbrier<\/b> platane.<\/p>\n<p>et Est-ce que la framboise est un fruit ?<\/p>\n<p>Sensuelle et charnue, la <b>framboise<\/b> poss\u00e8de une saveur parfum\u00e9e et suave. La <b>framboise<\/b> se d\u00e9guste nature ou cuisin\u00e9e, mais reste fragile. Ce petit <b>fruit<\/b> rouge pr\u00e9sente un apport calorique mod\u00e9r\u00e9 : avec elle, alliez plaisir en bouche et bien-\u00eatre !<\/p>\n<p>Quel insecte mange les framboises ?<\/p>\n<p>Punaise brune ou verte sur la <b>framboise<\/b> !<\/p>\n<p> La punaise se fait discr\u00e8te sur les <b>framboisiers<\/b> et se camoufle du mieux qu&rsquo;elle le peut gr\u00e2ce \u00e0 sa couleur brune. Pourtant, cet <b>insecte<\/b> piqueur-suceur de s\u00e8ve s&rsquo;amarre \u00e0 de bonnes et grosses <b>framboises<\/b> pour les \u00ab siroter \u00bb tranquillement.<\/p>\n<div id=\"ez-toc-container\" class=\"ez-toc-v2_0_81 counter-hierarchy ez-toc-counter ez-toc-grey ez-toc-container-direction\">\n<div class=\"ez-toc-title-container\">\n<p class=\"ez-toc-title\" style=\"cursor:inherit\">Contenus de la page<\/p>\n<span class=\"ez-toc-title-toggle\"><a href=\"#\" class=\"ez-toc-pull-right ez-toc-btn ez-toc-btn-xs ez-toc-btn-default ez-toc-toggle\" aria-label=\"Toggle Table of Content\"><span class=\"ez-toc-js-icon-con\"><span class=\"\"><span class=\"eztoc-hide\" style=\"display:none;\">Toggle<\/span><span class=\"ez-toc-icon-toggle-span\"><svg style=\"fill: #999;color:#999\" xmlns=\"http:\/\/www.w3.org\/2000\/svg\" class=\"list-377408\" width=\"20px\" height=\"20px\" viewBox=\"0 0 24 24\" fill=\"none\"><path d=\"M6 6H4v2h2V6zm14 0H8v2h12V6zM4 11h2v2H4v-2zm16 0H8v2h12v-2zM4 16h2v2H4v-2zm16 0H8v2h12v-2z\" fill=\"currentColor\"><\/path><\/svg><svg style=\"fill: #999;color:#999\" class=\"arrow-unsorted-368013\" xmlns=\"http:\/\/www.w3.org\/2000\/svg\" width=\"10px\" height=\"10px\" viewBox=\"0 0 24 24\" version=\"1.2\" baseProfile=\"tiny\"><path d=\"M18.2 9.3l-6.2-6.3-6.2 6.3c-.2.2-.3.4-.3.7s.1.5.3.7c.2.2.4.3.7.3h11c.3 0 .5-.1.7-.3.2-.2.3-.5.3-.7s-.1-.5-.3-.7zM5.8 14.7l6.2 6.3 6.2-6.3c.2-.2.3-.5.3-.7s-.1-.5-.3-.7c-.2-.2-.4-.3-.7-.3h-11c-.3 0-.5.1-.7.3-.2.2-.3.5-.3.7s.1.5.3.7z\"\/><\/svg><\/span><\/span><\/span><\/a><\/span><\/div>\n<nav><ul class='ez-toc-list ez-toc-list-level-1 ' ><li class='ez-toc-page-1 ez-toc-heading-level-2'><a class=\"ez-toc-link ez-toc-heading-1\" href=\"https:\/\/flashmode.tn\/magazine\/pourquoi-y-a-t-il-du-blanc-sur-les-framboises\/#Pourquoi_les_fraises_blanchissent\" >Pourquoi les fraises blanchissent ?<\/a><\/li><li class='ez-toc-page-1 ez-toc-heading-level-2'><a class=\"ez-toc-link ez-toc-heading-2\" href=\"https:\/\/flashmode.tn\/magazine\/pourquoi-y-a-t-il-du-blanc-sur-les-framboises\/#Comment_sauver_un_murier_platane\" >Comment sauver un m\u00fbrier platane ?<\/a><\/li><li class='ez-toc-page-1 ez-toc-heading-level-2'><a class=\"ez-toc-link ez-toc-heading-3\" href=\"https:\/\/flashmode.tn\/magazine\/pourquoi-y-a-t-il-du-blanc-sur-les-framboises\/#Pourquoi_mon_Murier-platane_perd_ses_feuilles\" >Pourquoi mon M\u00fbrier-platane perd ses feuilles ?<\/a><\/li><li class='ez-toc-page-1 ez-toc-heading-level-2'><a class=\"ez-toc-link ez-toc-heading-4\" href=\"https:\/\/flashmode.tn\/magazine\/pourquoi-y-a-t-il-du-blanc-sur-les-framboises\/#Pourquoi_les_feuilles_de_mon_Murier-platane_jaunissent\" >Pourquoi les feuilles de mon M\u00fbrier-platane jaunissent ?<\/a><\/li><li class='ez-toc-page-1 ez-toc-heading-level-2'><a class=\"ez-toc-link ez-toc-heading-5\" href=\"https:\/\/flashmode.tn\/magazine\/pourquoi-y-a-t-il-du-blanc-sur-les-framboises\/#Est-ce_que_la_framboise_est_une_baie\" >Est-ce que la framboise est une baie ?<\/a><\/li><li class='ez-toc-page-1 ez-toc-heading-level-2'><a class=\"ez-toc-link ez-toc-heading-6\" href=\"https:\/\/flashmode.tn\/magazine\/pourquoi-y-a-t-il-du-blanc-sur-les-framboises\/#Pourquoi_il_y_a_des_poils_sur_les_framboises\" >Pourquoi il y a des poils sur les framboises ?<\/a><\/li><li class='ez-toc-page-1 ez-toc-heading-level-2'><a class=\"ez-toc-link ez-toc-heading-7\" href=\"https:\/\/flashmode.tn\/magazine\/pourquoi-y-a-t-il-du-blanc-sur-les-framboises\/#Quelle_est_la_saison_de_la_framboise\" >Quelle est la saison de la framboise ?<\/a><\/li><li class='ez-toc-page-1 ez-toc-heading-level-2'><a class=\"ez-toc-link ez-toc-heading-8\" href=\"https:\/\/flashmode.tn\/magazine\/pourquoi-y-a-t-il-du-blanc-sur-les-framboises\/#Quel_animal_mange_les_feuilles_de_framboisier\" >Quel animal mange les feuilles de framboisier ?<\/a><\/li><li class='ez-toc-page-1 ez-toc-heading-level-2'><a class=\"ez-toc-link ez-toc-heading-9\" href=\"https:\/\/flashmode.tn\/magazine\/pourquoi-y-a-t-il-du-blanc-sur-les-framboises\/#Pourquoi_mes_framboises_ne_murissent_pas\" >Pourquoi mes framboises ne m\u00fbrissent pas ?<\/a><\/li><li class='ez-toc-page-1 ez-toc-heading-level-2'><a class=\"ez-toc-link ez-toc-heading-10\" href=\"https:\/\/flashmode.tn\/magazine\/pourquoi-y-a-t-il-du-blanc-sur-les-framboises\/#Comment_ne_pas_avoir_de_vers_dans_les_framboises\" >Comment ne pas avoir de vers dans les framboises ?<\/a><\/li><li class='ez-toc-page-1 ez-toc-heading-level-2'><a class=\"ez-toc-link ez-toc-heading-11\" href=\"https:\/\/flashmode.tn\/magazine\/pourquoi-y-a-t-il-du-blanc-sur-les-framboises\/#Pourquoi_les_fraises_pourrissent_sur_le_pied\" >Pourquoi les fraises pourrissent sur le pied ?<\/a><\/li><li class='ez-toc-page-1 ez-toc-heading-level-2'><a class=\"ez-toc-link ez-toc-heading-12\" href=\"https:\/\/flashmode.tn\/magazine\/pourquoi-y-a-t-il-du-blanc-sur-les-framboises\/#Comment_soigner_mes_fraisiers\" >Comment soigner mes fraisiers ?<\/a><\/li><li class='ez-toc-page-1 ez-toc-heading-level-2'><a class=\"ez-toc-link ez-toc-heading-13\" href=\"https:\/\/flashmode.tn\/magazine\/pourquoi-y-a-t-il-du-blanc-sur-les-framboises\/#Quel_traitement_pour_les_fraises\" >Quel traitement pour les fraises ?<\/a><\/li><li class='ez-toc-page-1 ez-toc-heading-level-2'><a class=\"ez-toc-link ez-toc-heading-14\" href=\"https:\/\/flashmode.tn\/magazine\/pourquoi-y-a-t-il-du-blanc-sur-les-framboises\/#Comment_savoir_si_mon_Murier-platane_est_mort\" >Comment savoir si mon M\u00fbrier-platane est mort ?<\/a><\/li><li class='ez-toc-page-1 ez-toc-heading-level-2'><a class=\"ez-toc-link ez-toc-heading-15\" href=\"https:\/\/flashmode.tn\/magazine\/pourquoi-y-a-t-il-du-blanc-sur-les-framboises\/#Comment_traiter_la_maladie_du_corail\" >Comment traiter la maladie du corail ?<\/a><\/li><li class='ez-toc-page-1 ez-toc-heading-level-2'><a class=\"ez-toc-link ez-toc-heading-16\" href=\"https:\/\/flashmode.tn\/magazine\/pourquoi-y-a-t-il-du-blanc-sur-les-framboises\/#Comment_sauver_un_arbre_mort\" >Comment sauver un arbre mort ?<\/a><\/li><li class='ez-toc-page-1 ez-toc-heading-level-2'><a class=\"ez-toc-link ez-toc-heading-17\" href=\"https:\/\/flashmode.tn\/magazine\/pourquoi-y-a-t-il-du-blanc-sur-les-framboises\/#Est-ce_que_le_murier_perd_ses_feuilles\" >Est-ce que le m\u00fbrier perd ses feuilles ?<\/a><\/li><li class='ez-toc-page-1 ez-toc-heading-level-2'><a class=\"ez-toc-link ez-toc-heading-18\" href=\"https:\/\/flashmode.tn\/magazine\/pourquoi-y-a-t-il-du-blanc-sur-les-framboises\/#Est-ce_que_le_platane_perd_ses_feuilles\" >Est-ce que le platane perd ses feuilles ?<\/a><\/li><li class='ez-toc-page-1 ez-toc-heading-level-2'><a class=\"ez-toc-link ez-toc-heading-19\" href=\"https:\/\/flashmode.tn\/magazine\/pourquoi-y-a-t-il-du-blanc-sur-les-framboises\/#Comment_traiter_l_oidium_du_platane\" >Comment traiter l oidium du platane ?<\/a><\/li><\/ul><\/nav><\/div>\n<h2><span class=\"ez-toc-section\" id=\"Pourquoi_les_fraises_blanchissent\"><\/span>Pourquoi les fraises blanchissent ?<span class=\"ez-toc-section-end\"><\/span><\/h2>\n<p>La maladie du blanc est caus\u00e9e par le champignon Sphaerotheca macularis, qui infecte uniquement les <b>fraises<\/b> sauvages et cultiv\u00e9es. &#8230; \u00c0 la diff\u00e9rence de la plupart des agents des maladies fongiques, les spores du blanc n&rsquo;ont pas besoin d&rsquo;eau libre pour infecter les feuilles.<\/p>\n<h2><span class=\"ez-toc-section\" id=\"Comment_sauver_un_murier_platane\"><\/span><strong>Comment sauver un m\u00fbrier platane ?<\/strong><span class=\"ez-toc-section-end\"><\/span><\/h2>\n<p>La premi\u00e8re intervention indispensable consiste \u00e0 tailler rameaux ou branches sous les parties malades, en veillant \u00e0 rabattre jusqu&rsquo;au bois sain (de couleur claire en coupe). Les seuls produits pr\u00e9sentant une certaine efficacit\u00e9 sont les fongicides \u00e0 base de cuivre, comme la bouillie bordelaise.<\/p>\n<h2><span class=\"ez-toc-section\" id=\"Pourquoi_mon_Murier-platane_perd_ses_feuilles\"><\/span><strong>Pourquoi mon M\u00fbrier-platane perd ses feuilles ?<\/strong><span class=\"ez-toc-section-end\"><\/span><\/h2>\n<p>Votre <b>m\u00fbrier<\/b> semble avoir souffert dans le pass\u00e9 de coups de soleil ou \u00e9chaudures aussi appel\u00e9es \u00abn\u00e9croses corticales orient\u00e9es\u00bb. &#8230; Du coup, elle est expos\u00e9e au soleil br\u00fblant qui peut alt\u00e9rer les tissus corticaux (les n\u00e9croses sont localis\u00e9es dans la partie sup\u00e9rieure des branches).<\/p>\n<h2><span class=\"ez-toc-section\" id=\"Pourquoi_les_feuilles_de_mon_Murier-platane_jaunissent\"><\/span><strong>Pourquoi les feuilles de mon M\u00fbrier-platane jaunissent ?<\/strong><span class=\"ez-toc-section-end\"><\/span><\/h2>\n<p>Le <b>jaunissement<\/b> pr\u00e9matur\u00e9 de <b>feuilles<\/b> est tr\u00e8s souvent d\u00fb \u00e0 une p\u00e9riode de s\u00e9cheresse, mais dans ce cas, c&rsquo;est l&rsquo;ensemble du feuillage qui aurait d\u00fb \u00eatre affect\u00e9.<\/p>\n<h2><span class=\"ez-toc-section\" id=\"Est-ce_que_la_framboise_est_une_baie\"><\/span><strong>Est-ce que la framboise est une baie ?<\/strong><span class=\"ez-toc-section-end\"><\/span><\/h2>\n<p>Les <b>framboises<\/b> et les m\u00fbres font effectivement partie de cette famille de drupes. Le long du r\u00e9ceptacle se d\u00e9veloppent de juteuses drup\u00e9oles qui adh\u00e8rent les unes aux autres pour former ce que nous appellons une \u00ab<b>baie<\/b>\u00bb. &#8230; Tous ces petits fruits ronds, juteux et sucr\u00e9s sont d\u00e9sign\u00e9s commun\u00e9ment par le mot <b>baie<\/b>.<\/p>\n<h2><span class=\"ez-toc-section\" id=\"Pourquoi_il_y_a_des_poils_sur_les_framboises\"><\/span><strong>Pourquoi il y a des poils sur les framboises ?<\/strong><span class=\"ez-toc-section-end\"><\/span><\/h2>\n<p>La <b>Framboise<\/b> est plut\u00f4t une r\u00e9union de drup\u00e9oles semi-soud\u00e9es, contenant chacune un minuscule noyau dans lequel se trouve une graine. Observ\u00e9e de plus pr\u00e8s, elle laisse apercevoir des <b>poils<\/b> microscopiques jaunes sur les drup\u00e9oles : ce sont des restes de stigmates, organes reproducteurs de la fleur.<\/p>\n<h2><span class=\"ez-toc-section\" id=\"Quelle_est_la_saison_de_la_framboise\"><\/span><strong>Quelle est la saison de la framboise ?<\/strong><span class=\"ez-toc-section-end\"><\/span><\/h2>\n<p>La pleine <b>saison de la framboise<\/b> s&rsquo;\u00e9tend de juillet \u00e0 ao\u00fbt. On trouve cependant sur les \u00e9tals quelques vari\u00e9t\u00e9s pr\u00e9coces d\u00e8s avril, et des vari\u00e9t\u00e9s tardives jusqu&rsquo;en octobre. Son nom serait issu de la d\u00e9formation de \u00ab fraise des bois \u00bb.<\/p>\n<h2><span class=\"ez-toc-section\" id=\"Quel_animal_mange_les_feuilles_de_framboisier\"><\/span><strong>Quel animal mange les feuilles de framboisier ?<\/strong><span class=\"ez-toc-section-end\"><\/span><\/h2>\n<p>La <b>feuilles de framboisier<\/b> est une herbe <b>qui<\/b> fait partie du r\u00e9gime alimentaire des lapins sauvages.<\/p>\n<h2><span class=\"ez-toc-section\" id=\"Pourquoi_mes_framboises_ne_murissent_pas\"><\/span><strong>Pourquoi mes framboises ne m\u00fbrissent pas ?<\/strong><span class=\"ez-toc-section-end\"><\/span><\/h2>\n<p>Il existe de nombreux virus infestant les framboisiers. &#8230; Presque toujours, les plants peu productifs se r\u00e9v\u00e8lent \u00eatre infest\u00e9s de non <b>pas<\/b> un, mais de plusieurs virus. Ces virus sont transport\u00e9s par des insectes piqueurs, puis s&rsquo;\u00e9tendent rapidement d&rsquo;un plant \u00e0 l&rsquo;autre par le contact entre les racines.<\/p>\n<h2><span class=\"ez-toc-section\" id=\"Comment_ne_pas_avoir_de_vers_dans_les_framboises\"><\/span><strong>Comment ne pas avoir de vers dans les framboises ?<\/strong><span class=\"ez-toc-section-end\"><\/span><\/h2>\n<p>Pour \u00e9viter l&rsquo;apparition de <b>vers<\/b> et autres parasites venant attaquer les fruits de l&rsquo;arbre, mieux vaut user de traitements pr\u00e9ventifs. Ainsi, \u00e0 partir de fin avril, pulv\u00e9risez r\u00e9guli\u00e8rement sur vos <b>framboisiers<\/b> un purin de tanaisie. L&rsquo;odeur a un effet r\u00e9pulsif sur les insectes adultes.<\/p>\n<h2><span class=\"ez-toc-section\" id=\"Pourquoi_les_fraises_pourrissent_sur_le_pied\"><\/span><strong>Pourquoi les fraises pourrissent sur le pied ?<\/strong><span class=\"ez-toc-section-end\"><\/span><\/h2>\n<p>Le plus souvent, la pourriture est due \u00e0 un champignon : pourriture grise ou botrytis (botrytis cinerea). Cette maladie se propage lorsqu&rsquo;il fait chaud et qu&rsquo;il y a trop d&rsquo;humidit\u00e9 au <b>pied<\/b> des fraisiers. &#8230; Pensez \u00e9galement \u00e0 retirer toutes les parties malades pour \u00e9viter la contagion.<\/p>\n<h2><span class=\"ez-toc-section\" id=\"Comment_soigner_mes_fraisiers\"><\/span><strong>Comment soigner mes fraisiers ?<\/strong><span class=\"ez-toc-section-end\"><\/span><\/h2>\n<p>Pulv\u00e9riser une d\u00e9coction de pr\u00eale toutes les deux ou trois semaines afin de renforcer la r\u00e9sistance des <b>fraisiers<\/b>. Avant l&rsquo;hiver, enlever tous les d\u00e9chets et les feuilles mortes. En automne, apr\u00e8s la cueillette, puis au printemps, avant la floraison, traiter \u00e0 la bouillie bordelaise.<\/p>\n<h2><span class=\"ez-toc-section\" id=\"Quel_traitement_pour_les_fraises\"><\/span><strong>Quel traitement pour les fraises ?<\/strong><span class=\"ez-toc-section-end\"><\/span><\/h2>\n<p>Des pulv\u00e9risations de bouillie bordelaise ou purin de pr\u00eale sont g\u00e9n\u00e9ralement utiles. &#8211; La tache commune ou rouille (mycosphaerella fragariae) : ce champignon provoque des petites taches brun rouge au centre clair sur les feuilles, stolons, p\u00e9tioles et p\u00e9doncules. Ces taches s&rsquo;\u00e9tendent et la feuille va se dess\u00e9cher.<\/p>\n<h2><span class=\"ez-toc-section\" id=\"Comment_savoir_si_mon_Murier-platane_est_mort\"><\/span><strong>Comment savoir si mon M\u00fbrier-platane est mort ?<\/strong><span class=\"ez-toc-section-end\"><\/span><\/h2>\n<p>Dans le cas de l&rsquo;anthracnose du <b>platane<\/b>, les sympt\u00f4mes visibles sont le brunissement du feuillage d\u00fb \u00e0 la n\u00e9crose des nervures, puis d&rsquo;un d\u00e9pouillement pr\u00e9coce, c&rsquo;<b>est<\/b>-\u00e0-dire que l&rsquo;arbre perd ses feuilles bien avant l&rsquo;automne. On peut aussi constater la <b>mort<\/b> des rameaux des <b>platanes<\/b> de tout \u00e2ge.<\/p>\n<h2><span class=\"ez-toc-section\" id=\"Comment_traiter_la_maladie_du_corail\"><\/span><strong>Comment traiter la maladie du corail ?<\/strong><span class=\"ez-toc-section-end\"><\/span><\/h2>\n<p>Nettoyez le sol en ramassant les feuilles et brindilles susceptibles d&rsquo;\u00eatre porteuses de spores malsains. Br\u00fblez-les. Une fois d\u00e9barrass\u00e9 de ses parties malades, arrosez, amendez le pied de l&rsquo;arbre et pulv\u00e9risez de la bouillie bordelaise. Parfois, l&rsquo;arbre entier doit \u00eatre abattu, s&rsquo;il est enti\u00e8rement touch\u00e9.<\/p>\n<h2><span class=\"ez-toc-section\" id=\"Comment_sauver_un_arbre_mort\"><\/span><strong>Comment sauver un arbre mort ?<\/strong><span class=\"ez-toc-section-end\"><\/span><\/h2>\n<p>Coupez \u00e0 l&rsquo;aide d&rsquo;un s\u00e9cateur toutes les parties ab\u00eem\u00e9es de la plante, en commen\u00e7ant par l&rsquo;extr\u00e9mit\u00e9 des tiges puis en vous rapprochant de la tige principale. Stoppez la coupe d\u00e8s que l&rsquo;int\u00e9rieur de la tige est encore vert. Votre plante n&rsquo;est pas <b>morte<\/b> : elle peut donc <b>repartir<\/b>. Armez-vous de patience !<\/p>\n<h2><span class=\"ez-toc-section\" id=\"Est-ce_que_le_murier_perd_ses_feuilles\"><\/span><strong>Est-ce que le m\u00fbrier perd ses feuilles ?<\/strong><span class=\"ez-toc-section-end\"><\/span><\/h2>\n<p>La p\u00e9riode de taille doit \u00e9viter les \u00e9coulements de s\u00e8ve et donc elle sera situ\u00e9e au moment de la dormance v\u00e9g\u00e9tative, soit en hiver lorsque l&rsquo;arbre <b>a perdu ses feuilles<\/b>, soit \u00e0 l&rsquo;automne juste avant que les <b>feuilles<\/b> ne tombent, mais toujours par temps sec.<\/p>\n<h2><span class=\"ez-toc-section\" id=\"Est-ce_que_le_platane_perd_ses_feuilles\"><\/span><strong>Est-ce que le platane perd ses feuilles ?<\/strong><span class=\"ez-toc-section-end\"><\/span><\/h2>\n<p>Ce ph\u00e9nom\u00e8ne qui survient r\u00e9guli\u00e8rement lorsque le printemps <b>est<\/b> froid et humide <b>est<\/b> la cons\u00e9quence du d\u00e9veloppement d&rsquo;un champignon microscopique sur les branches des <b>platanes<\/b>, puis sur les jeunes <b>feuilles<\/b> qui sont d\u00e9grad\u00e9es et tombent au sol. &#8230;<\/p>\n<h2><span class=\"ez-toc-section\" id=\"Comment_traiter_l_oidium_du_platane\"><\/span><strong>Comment traiter l oidium du platane ?<\/strong><span class=\"ez-toc-section-end\"><\/span><\/h2>\n<p><b>  <b>   Comment traiter l&rsquo;o\u00efdium  <\/b>  ? <\/b> <\/p>\n<ol>\n<li>   A\u00e9rez bien les plantations afin d&rsquo;\u00e9viter que l&rsquo;humidit\u00e9 ne stagne.  <\/li>\n<li>   L&rsquo;   <b>    o\u00efdium   <\/b>   se propage lorsque les plantes sont trop serr\u00e9es entre elles\u2026  <\/li>\n<li>   Supprimez imm\u00e9diatement les parties touch\u00e9es.  <\/li>\n<li>   Br\u00fblez les feuilles et les parties infest\u00e9es de la plante.  <\/li>\n<li>   Evitez les arrosages excessifs.  <\/li>\n<\/ol>\n<h2><strong><\/strong><\/h2>\n<h2><strong><\/strong><\/h2>\n<hr \/>\n<p><em>Editeurs: 8 &#8211; R\u00e9f\u00e9rences: 38 articles<\/em><\/p>\n<p><em>N\u2019oubliez pas de partager l\u2019article !<\/em><\/p>\n","protected":false},"excerpt":{"rendered":"<p>Pouvez-vous me dire pourquoi certaines framboises ont des t\u00e2ches blanches ? Vos framboises ont subi un coup de soleil lors de la canicule. C&rsquo;est-\u00e0-dire au moment o\u00f9 les fruits commen\u00e7aient \u00e0 grossir, le soleil ardent br\u00fble les grains dans la partie sup\u00e9rieure provoquant une d\u00e9coloration partielle. Mais encore, Quelles sont les maladies du m\u00fbrier ? [&hellip;]<\/p>\n","protected":false},"author":2,"featured_media":0,"comment_status":"open","ping_status":"open","sticky":false,"template":"","format":"standard","meta":{"tdm_status":"","tdm_grid_status":"","_jetpack_memberships_contains_paid_content":false,"footnotes":"","jetpack_publicize_message":"","jetpack_publicize_feature_enabled":true,"jetpack_social_post_already_shared":true,"jetpack_social_options":{"image_generator_settings":{"template":"highway","default_image_id":0,"font":"","enabled":false},"version":2}},"categories":[3457],"tags":[],"class_list":["post-45501","post","type-post","status-publish","format-standard","hentry","category-maison"],"yoast_head":"<!-- This site is optimized with the Yoast SEO Premium plugin v25.0 (Yoast SEO v25.0) - https:\/\/yoast.com\/wordpress\/plugins\/seo\/ -->\n<title>Pourquoi y A-t-il du blanc sur les framboises ?<\/title>\n<meta name=\"description\" content=\"Pouvez-vous me dire pourquoi certaines framboises ont des t\u00e2ches blanches ? Vos framboises ont subi un coup de soleil lors de la canicule. C&#039;est-\u00e0-dire au\" \/>\n<meta name=\"robots\" content=\"index, follow, max-snippet:-1, max-image-preview:large, max-video-preview:-1\" \/>\n<link rel=\"canonical\" href=\"https:\/\/flashmode.tn\/magazine\/pourquoi-y-a-t-il-du-blanc-sur-les-framboises\/\" \/>\n<meta property=\"og:locale\" content=\"fr_FR\" \/>\n<meta property=\"og:type\" content=\"article\" \/>\n<meta property=\"og:title\" content=\"Pourquoi y A-t-il du blanc sur les framboises ? - Flashmode Magazine | Magazine de mode et style de vie Num\u00e9ro un en Tunisie et au Maghreb\" \/>\n<meta property=\"og:description\" content=\"Pouvez-vous me dire pourquoi certaines framboises ont des t\u00e2ches blanches ? Vos framboises ont subi un coup de soleil lors de la canicule. C&#039;est-\u00e0-dire au\" \/>\n<meta property=\"og:url\" content=\"https:\/\/flashmode.tn\/magazine\/pourquoi-y-a-t-il-du-blanc-sur-les-framboises\/\" \/>\n<meta property=\"og:site_name\" content=\"Flashmode Magazine | Magazine de mode et style de vie Num\u00e9ro un en Tunisie et au Maghreb\" \/>\n<meta property=\"article:publisher\" content=\"https:\/\/www.facebook.com\/flashmode.magazine\/\" \/>\n<meta property=\"article:published_time\" content=\"2021-10-19T01:30:23+00:00\" \/>\n<meta name=\"author\" content=\"Nora D.\" \/>\n<meta name=\"twitter:card\" content=\"summary_large_image\" \/>\n<meta name=\"twitter:creator\" content=\"@agenceflashmode\" \/>\n<meta name=\"twitter:site\" content=\"@agenceflashmode\" \/>\n<meta name=\"twitter:label1\" content=\"\u00c9crit par\" \/>\n\t<meta name=\"twitter:data1\" content=\"Nora D.\" \/>\n\t<meta name=\"twitter:label2\" content=\"Dur\u00e9e de lecture estim\u00e9e\" \/>\n\t<meta name=\"twitter:data2\" content=\"6 minutes\" \/>\n<script type=\"application\/ld+json\" class=\"yoast-schema-graph\">{\"@context\":\"https:\/\/schema.org\",\"@graph\":[{\"@type\":\"WebPage\",\"@id\":\"https:\/\/flashmode.tn\/magazine\/pourquoi-y-a-t-il-du-blanc-sur-les-framboises\/\",\"url\":\"https:\/\/flashmode.tn\/magazine\/pourquoi-y-a-t-il-du-blanc-sur-les-framboises\/\",\"name\":\"Pourquoi y A-t-il du blanc sur les framboises ?\",\"isPartOf\":{\"@id\":\"https:\/\/flashmode.tn\/magazine\/#website\"},\"datePublished\":\"2021-10-19T01:30:23+00:00\",\"author\":{\"@id\":\"https:\/\/flashmode.tn\/magazine\/#\/schema\/person\/ebeaf8414935b60ba8817ab0babd7fbe\"},\"description\":\"Pouvez-vous me dire pourquoi certaines framboises ont des t\u00e2ches blanches ? Vos framboises ont subi un coup de soleil lors de la canicule. C'est-\u00e0-dire au\",\"breadcrumb\":{\"@id\":\"https:\/\/flashmode.tn\/magazine\/pourquoi-y-a-t-il-du-blanc-sur-les-framboises\/#breadcrumb\"},\"inLanguage\":\"fr-FR\",\"potentialAction\":[{\"@type\":\"ReadAction\",\"target\":[\"https:\/\/flashmode.tn\/magazine\/pourquoi-y-a-t-il-du-blanc-sur-les-framboises\/\"]}]},{\"@type\":\"BreadcrumbList\",\"@id\":\"https:\/\/flashmode.tn\/magazine\/pourquoi-y-a-t-il-du-blanc-sur-les-framboises\/#breadcrumb\",\"itemListElement\":[{\"@type\":\"ListItem\",\"position\":1,\"name\":\"Accueil\",\"item\":\"https:\/\/flashmode.tn\/magazine\/\"},{\"@type\":\"ListItem\",\"position\":2,\"name\":\"Pourquoi y A-t-il du blanc sur les framboises ?\"}]},{\"@type\":\"WebSite\",\"@id\":\"https:\/\/flashmode.tn\/magazine\/#website\",\"url\":\"https:\/\/flashmode.tn\/magazine\/\",\"name\":\"Flashmode Magazine | Magazine de mode et style de vie Num\u00e9ro un en Tunisie et au Maghreb\",\"description\":\"Magazine de mode et style de vie Num\u00e9ro un en Tunisie et au Maghreb, cr\u00e9\u00e9 pour les hommes et les femmes : conseils beaut\u00e9, mode femme, mode homme, recettes de cuisine, c\u00e9l\u00e9brit\u00e9s et people, mannequins et top modeles\",\"potentialAction\":[{\"@type\":\"SearchAction\",\"target\":{\"@type\":\"EntryPoint\",\"urlTemplate\":\"https:\/\/flashmode.tn\/magazine\/?s={search_term_string}\"},\"query-input\":{\"@type\":\"PropertyValueSpecification\",\"valueRequired\":true,\"valueName\":\"search_term_string\"}}],\"inLanguage\":\"fr-FR\"},{\"@type\":\"Person\",\"@id\":\"https:\/\/flashmode.tn\/magazine\/#\/schema\/person\/ebeaf8414935b60ba8817ab0babd7fbe\",\"name\":\"Nora D.\",\"image\":{\"@type\":\"ImageObject\",\"inLanguage\":\"fr-FR\",\"@id\":\"https:\/\/flashmode.tn\/magazine\/#\/schema\/person\/image\/\",\"url\":\"https:\/\/secure.gravatar.com\/avatar\/a51d897ddf0a2216affe16e03a39790850922d1b5b29f147f35db7ccb8861eab?s=96&d=mm&r=g\",\"contentUrl\":\"https:\/\/secure.gravatar.com\/avatar\/a51d897ddf0a2216affe16e03a39790850922d1b5b29f147f35db7ccb8861eab?s=96&d=mm&r=g\",\"caption\":\"Nora D.\"},\"url\":\"https:\/\/flashmode.tn\/magazine\/author\/nora-damak\/\"}]}<\/script>\n<!-- \/ Yoast SEO Premium plugin. -->","yoast_head_json":{"title":"Pourquoi y A-t-il du blanc sur les framboises ?","description":"Pouvez-vous me dire pourquoi certaines framboises ont des t\u00e2ches blanches ? Vos framboises ont subi un coup de soleil lors de la canicule. C'est-\u00e0-dire au","robots":{"index":"index","follow":"follow","max-snippet":"max-snippet:-1","max-image-preview":"max-image-preview:large","max-video-preview":"max-video-preview:-1"},"canonical":"https:\/\/flashmode.tn\/magazine\/pourquoi-y-a-t-il-du-blanc-sur-les-framboises\/","og_locale":"fr_FR","og_type":"article","og_title":"Pourquoi y A-t-il du blanc sur les framboises ? - Flashmode Magazine | Magazine de mode et style de vie Num\u00e9ro un en Tunisie et au Maghreb","og_description":"Pouvez-vous me dire pourquoi certaines framboises ont des t\u00e2ches blanches ? Vos framboises ont subi un coup de soleil lors de la canicule. C'est-\u00e0-dire au","og_url":"https:\/\/flashmode.tn\/magazine\/pourquoi-y-a-t-il-du-blanc-sur-les-framboises\/","og_site_name":"Flashmode Magazine | Magazine de mode et style de vie Num\u00e9ro un en Tunisie et au Maghreb","article_publisher":"https:\/\/www.facebook.com\/flashmode.magazine\/","article_published_time":"2021-10-19T01:30:23+00:00","author":"Nora D.","twitter_card":"summary_large_image","twitter_creator":"@agenceflashmode","twitter_site":"@agenceflashmode","twitter_misc":{"\u00c9crit par":"Nora D.","Dur\u00e9e de lecture estim\u00e9e":"6 minutes"},"schema":{"@context":"https:\/\/schema.org","@graph":[{"@type":"WebPage","@id":"https:\/\/flashmode.tn\/magazine\/pourquoi-y-a-t-il-du-blanc-sur-les-framboises\/","url":"https:\/\/flashmode.tn\/magazine\/pourquoi-y-a-t-il-du-blanc-sur-les-framboises\/","name":"Pourquoi y A-t-il du blanc sur les framboises ?","isPartOf":{"@id":"https:\/\/flashmode.tn\/magazine\/#website"},"datePublished":"2021-10-19T01:30:23+00:00","author":{"@id":"https:\/\/flashmode.tn\/magazine\/#\/schema\/person\/ebeaf8414935b60ba8817ab0babd7fbe"},"description":"Pouvez-vous me dire pourquoi certaines framboises ont des t\u00e2ches blanches ? Vos framboises ont subi un coup de soleil lors de la canicule. C'est-\u00e0-dire au","breadcrumb":{"@id":"https:\/\/flashmode.tn\/magazine\/pourquoi-y-a-t-il-du-blanc-sur-les-framboises\/#breadcrumb"},"inLanguage":"fr-FR","potentialAction":[{"@type":"ReadAction","target":["https:\/\/flashmode.tn\/magazine\/pourquoi-y-a-t-il-du-blanc-sur-les-framboises\/"]}]},{"@type":"BreadcrumbList","@id":"https:\/\/flashmode.tn\/magazine\/pourquoi-y-a-t-il-du-blanc-sur-les-framboises\/#breadcrumb","itemListElement":[{"@type":"ListItem","position":1,"name":"Accueil","item":"https:\/\/flashmode.tn\/magazine\/"},{"@type":"ListItem","position":2,"name":"Pourquoi y A-t-il du blanc sur les framboises ?"}]},{"@type":"WebSite","@id":"https:\/\/flashmode.tn\/magazine\/#website","url":"https:\/\/flashmode.tn\/magazine\/","name":"Flashmode Magazine | Magazine de mode et style de vie Num\u00e9ro un en Tunisie et au Maghreb","description":"Magazine de mode et style de vie Num\u00e9ro un en Tunisie et au Maghreb, cr\u00e9\u00e9 pour les hommes et les femmes : conseils beaut\u00e9, mode femme, mode homme, recettes de cuisine, c\u00e9l\u00e9brit\u00e9s et people, mannequins et top modeles","potentialAction":[{"@type":"SearchAction","target":{"@type":"EntryPoint","urlTemplate":"https:\/\/flashmode.tn\/magazine\/?s={search_term_string}"},"query-input":{"@type":"PropertyValueSpecification","valueRequired":true,"valueName":"search_term_string"}}],"inLanguage":"fr-FR"},{"@type":"Person","@id":"https:\/\/flashmode.tn\/magazine\/#\/schema\/person\/ebeaf8414935b60ba8817ab0babd7fbe","name":"Nora D.","image":{"@type":"ImageObject","inLanguage":"fr-FR","@id":"https:\/\/flashmode.tn\/magazine\/#\/schema\/person\/image\/","url":"https:\/\/secure.gravatar.com\/avatar\/a51d897ddf0a2216affe16e03a39790850922d1b5b29f147f35db7ccb8861eab?s=96&d=mm&r=g","contentUrl":"https:\/\/secure.gravatar.com\/avatar\/a51d897ddf0a2216affe16e03a39790850922d1b5b29f147f35db7ccb8861eab?s=96&d=mm&r=g","caption":"Nora D."},"url":"https:\/\/flashmode.tn\/magazine\/author\/nora-damak\/"}]}},"jetpack_publicize_connections":[],"jetpack_featured_media_url":"","jetpack_shortlink":"https:\/\/wp.me\/p8BPGr-bPT","jetpack_sharing_enabled":true,"_links":{"self":[{"href":"https:\/\/flashmode.tn\/magazine\/wp-json\/wp\/v2\/posts\/45501","targetHints":{"allow":["GET"]}}],"collection":[{"href":"https:\/\/flashmode.tn\/magazine\/wp-json\/wp\/v2\/posts"}],"about":[{"href":"https:\/\/flashmode.tn\/magazine\/wp-json\/wp\/v2\/types\/post"}],"author":[{"embeddable":true,"href":"https:\/\/flashmode.tn\/magazine\/wp-json\/wp\/v2\/users\/2"}],"replies":[{"embeddable":true,"href":"https:\/\/flashmode.tn\/magazine\/wp-json\/wp\/v2\/comments?post=45501"}],"version-history":[{"count":0,"href":"https:\/\/flashmode.tn\/magazine\/wp-json\/wp\/v2\/posts\/45501\/revisions"}],"wp:attachment":[{"href":"https:\/\/flashmode.tn\/magazine\/wp-json\/wp\/v2\/media?parent=45501"}],"wp:term":[{"taxonomy":"category","embeddable":true,"href":"https:\/\/flashmode.tn\/magazine\/wp-json\/wp\/v2\/categories?post=45501"},{"taxonomy":"post_tag","embeddable":true,"href":"https:\/\/flashmode.tn\/magazine\/wp-json\/wp\/v2\/tags?post=45501"}],"curies":[{"name":"wp","href":"https:\/\/api.w.org\/{rel}","templated":true}]}}