{"id":45524,"date":"2021-12-10T05:59:59","date_gmt":"2021-12-10T04:59:59","guid":{"rendered":"https:\/\/flashmode.tn\/magazine\/?p=45524"},"modified":"2021-12-10T05:59:59","modified_gmt":"2021-12-10T04:59:59","slug":"quelle-couleur-pour-une-petite-terrasse","status":"publish","type":"post","link":"https:\/\/flashmode.tn\/magazine\/quelle-couleur-pour-une-petite-terrasse\/","title":{"rendered":"Quelle couleur pour une petite terrasse ?"},"content":{"rendered":"<p>Optez <b>pour<\/b> un coloris fonc\u00e9 ! un gris anthracite sera donc parfait <b>pour<\/b> un aspect moderne et chic. Assortissez-le <b>de<\/b> meubles et \u00e9l\u00e9ments <b>de<\/b> d\u00e9coration g\u00e9om\u00e9triques et blancs, et, pourquoi pas, rehaussez le tout avec une <b>couleur<\/b> vive telle que le jaune ou le rouge.<\/p>\n<p>Mais encore, Quelle couleur pour une jardini\u00e8re ?<\/p>\n<p>Pensez aussi \u00e0 l&rsquo;exposition : au plein soleil les <b>couleurs<\/b> vives seront \u00e9clatantes. \u0152illets rouges, zinnias, p\u00e9tunias seront du meilleur effet. <b>A<\/b> l&rsquo;ombre choisissez des teintes plut\u00f4t pastels qui illumineront la zone. Fuchsias, impatiens, lobelias, ou b\u00e9gonia aux teintes p\u00e2les seront parfaitement mis en valeur.<\/p>\n<p>et Quelle couleur mur terrasse ?<\/p>\n<ul>\n<li>   Noir et blanc : chic et sobre. &#8230;  <\/li>\n<li>   Noir et vert : un duo atypique. &#8230;  <\/li>\n<li>   Noir et jaune : le chic \u00ab waouh \u00bb ! &#8230;  <\/li>\n<li>   Gris et jaune : Impossible \u00e0 rater ! &#8230;  <\/li>\n<li>   Bleu et blanc : incontournables ! &#8230;  <\/li>\n<li>   Vert et bleu :   <b>    quelle   <\/b>   fra\u00eecheur ! &#8230;  <\/li>\n<li>   Bleu et jaune : le plein d&rsquo;\u00e9nergie ! &#8230;  <\/li>\n<li>   Orange et rose : girly ?  <\/li>\n<\/ul>\n<p>Comment choisir couleur maison ext\u00e9rieur ?<\/p>\n<p>Voici un truc qui vous aidera \u00e0 r\u00e9ussir votre projet de peinture <b>ext\u00e9rieure<\/b> haut la main : optez soit pour des tons chauds (beige, kaki, brun), soit pour des tons froids (gris, bleu, noir) lorsque vous s\u00e9lectionnez votre palette de <b>couleurs<\/b>. N&rsquo;oubliez pas les \u00e9l\u00e9ments fixes.<\/p>\n<div id=\"ez-toc-container\" class=\"ez-toc-v2_0_81 counter-hierarchy ez-toc-counter ez-toc-grey ez-toc-container-direction\">\n<div class=\"ez-toc-title-container\">\n<p class=\"ez-toc-title\" style=\"cursor:inherit\">Contenus de la page<\/p>\n<span class=\"ez-toc-title-toggle\"><a href=\"#\" class=\"ez-toc-pull-right ez-toc-btn ez-toc-btn-xs ez-toc-btn-default ez-toc-toggle\" aria-label=\"Toggle Table of Content\"><span class=\"ez-toc-js-icon-con\"><span class=\"\"><span class=\"eztoc-hide\" style=\"display:none;\">Toggle<\/span><span class=\"ez-toc-icon-toggle-span\"><svg style=\"fill: #999;color:#999\" xmlns=\"http:\/\/www.w3.org\/2000\/svg\" class=\"list-377408\" width=\"20px\" height=\"20px\" viewBox=\"0 0 24 24\" fill=\"none\"><path d=\"M6 6H4v2h2V6zm14 0H8v2h12V6zM4 11h2v2H4v-2zm16 0H8v2h12v-2zM4 16h2v2H4v-2zm16 0H8v2h12v-2z\" fill=\"currentColor\"><\/path><\/svg><svg style=\"fill: #999;color:#999\" class=\"arrow-unsorted-368013\" xmlns=\"http:\/\/www.w3.org\/2000\/svg\" width=\"10px\" height=\"10px\" viewBox=\"0 0 24 24\" version=\"1.2\" baseProfile=\"tiny\"><path d=\"M18.2 9.3l-6.2-6.3-6.2 6.3c-.2.2-.3.4-.3.7s.1.5.3.7c.2.2.4.3.7.3h11c.3 0 .5-.1.7-.3.2-.2.3-.5.3-.7s-.1-.5-.3-.7zM5.8 14.7l6.2 6.3 6.2-6.3c.2-.2.3-.5.3-.7s-.1-.5-.3-.7c-.2-.2-.4-.3-.7-.3h-11c-.3 0-.5.1-.7.3-.2.2-.3.5-.3.7s.1.5.3.7z\"\/><\/svg><\/span><\/span><\/span><\/a><\/span><\/div>\n<nav><ul class='ez-toc-list ez-toc-list-level-1 ' ><li class='ez-toc-page-1 ez-toc-heading-level-2'><a class=\"ez-toc-link ez-toc-heading-1\" href=\"https:\/\/flashmode.tn\/magazine\/quelle-couleur-pour-une-petite-terrasse\/#Quelle_couleur_pour_lexterieur_de_la_maison\" >Quelle couleur pour l&rsquo;ext\u00e9rieur de la maison ?<\/a><\/li><li class='ez-toc-page-1 ez-toc-heading-level-2'><a class=\"ez-toc-link ez-toc-heading-2\" href=\"https:\/\/flashmode.tn\/magazine\/quelle-couleur-pour-une-petite-terrasse\/#Quelles_plantes_associer_dans_une_jardiniere\" >Quelles plantes associer dans une jardini\u00e8re ?<\/a><\/li><li class='ez-toc-page-1 ez-toc-heading-level-2'><a class=\"ez-toc-link ez-toc-heading-3\" href=\"https:\/\/flashmode.tn\/magazine\/quelle-couleur-pour-une-petite-terrasse\/#Quelle_plante_pour_jardiniere_plein_soleil\" >Quelle plante pour jardini\u00e8re plein soleil ?<\/a><\/li><li class='ez-toc-page-1 ez-toc-heading-level-2'><a class=\"ez-toc-link ez-toc-heading-4\" href=\"https:\/\/flashmode.tn\/magazine\/quelle-couleur-pour-une-petite-terrasse\/#Quelle_plante_pour_grande_jardiniere\" >Quelle plante pour grande jardini\u00e8re ?<\/a><\/li><li class='ez-toc-page-1 ez-toc-heading-level-2'><a class=\"ez-toc-link ez-toc-heading-5\" href=\"https:\/\/flashmode.tn\/magazine\/quelle-couleur-pour-une-petite-terrasse\/#Comment_choisir_la_couleur_dune_facade\" >Comment choisir la couleur d&rsquo;une fa\u00e7ade ?<\/a><\/li><li class='ez-toc-page-1 ez-toc-heading-level-2'><a class=\"ez-toc-link ez-toc-heading-6\" href=\"https:\/\/flashmode.tn\/magazine\/quelle-couleur-pour-une-petite-terrasse\/#Comment_choisir_la_couleur_de_la_maison\" >Comment choisir la couleur de la maison ?<\/a><\/li><li class='ez-toc-page-1 ez-toc-heading-level-2'><a class=\"ez-toc-link ez-toc-heading-7\" href=\"https:\/\/flashmode.tn\/magazine\/quelle-couleur-pour-une-petite-terrasse\/#Quelle_couleur_de_crepis_choisir\" >Quelle couleur de cr\u00e9pis choisir ?<\/a><\/li><li class='ez-toc-page-1 ez-toc-heading-level-2'><a class=\"ez-toc-link ez-toc-heading-8\" href=\"https:\/\/flashmode.tn\/magazine\/quelle-couleur-pour-une-petite-terrasse\/#Comment_choisir_la_couleur_de_la_facade_de_sa_maison\" >Comment choisir la couleur de la fa\u00e7ade de sa maison ?<\/a><\/li><li class='ez-toc-page-1 ez-toc-heading-level-2'><a class=\"ez-toc-link ez-toc-heading-9\" href=\"https:\/\/flashmode.tn\/magazine\/quelle-couleur-pour-une-petite-terrasse\/#Comment_choisir_la_facade_de_sa_maison\" >Comment choisir la fa\u00e7ade de sa maison ?<\/a><\/li><li class='ez-toc-page-1 ez-toc-heading-level-2'><a class=\"ez-toc-link ez-toc-heading-10\" href=\"https:\/\/flashmode.tn\/magazine\/quelle-couleur-pour-une-petite-terrasse\/#Quelles_fleurs_associer_aux_geraniums\" >Quelles fleurs associer aux g\u00e9raniums ?<\/a><\/li><li class='ez-toc-page-1 ez-toc-heading-level-2'><a class=\"ez-toc-link ez-toc-heading-11\" href=\"https:\/\/flashmode.tn\/magazine\/quelle-couleur-pour-une-petite-terrasse\/#Quelle_plante_associer_avec_campanule\" >Quelle plante associer avec campanule ?<\/a><\/li><li class='ez-toc-page-1 ez-toc-heading-level-2'><a class=\"ez-toc-link ez-toc-heading-12\" href=\"https:\/\/flashmode.tn\/magazine\/quelle-couleur-pour-une-petite-terrasse\/#Quelle_plante_associer_avec_verveine\" >Quelle plante associer avec verveine ?<\/a><\/li><li class='ez-toc-page-1 ez-toc-heading-level-2'><a class=\"ez-toc-link ez-toc-heading-13\" href=\"https:\/\/flashmode.tn\/magazine\/quelle-couleur-pour-une-petite-terrasse\/#Quelle_plante_exterieur_sans_entretien\" >Quelle plante ext\u00e9rieur sans entretien ?<\/a><\/li><li class='ez-toc-page-1 ez-toc-heading-level-2'><a class=\"ez-toc-link ez-toc-heading-14\" href=\"https:\/\/flashmode.tn\/magazine\/quelle-couleur-pour-une-petite-terrasse\/#Quelle_plante_resiste_a_la_secheresse\" >Quelle plante r\u00e9siste \u00e0 la s\u00e9cheresse ?<\/a><\/li><li class='ez-toc-page-1 ez-toc-heading-level-2'><a class=\"ez-toc-link ez-toc-heading-15\" href=\"https:\/\/flashmode.tn\/magazine\/quelle-couleur-pour-une-petite-terrasse\/#Quelle_plante_pour_une_jardiniere_a_lombre\" >Quelle plante pour une jardini\u00e8re \u00e0 l&rsquo;ombre ?<\/a><\/li><li class='ez-toc-page-1 ez-toc-heading-level-2'><a class=\"ez-toc-link ez-toc-heading-16\" href=\"https:\/\/flashmode.tn\/magazine\/quelle-couleur-pour-une-petite-terrasse\/#Quelle_plante_en_bac_sur_terrasse\" >Quelle plante en bac sur terrasse ?<\/a><\/li><li class='ez-toc-page-1 ez-toc-heading-level-2'><a class=\"ez-toc-link ez-toc-heading-17\" href=\"https:\/\/flashmode.tn\/magazine\/quelle-couleur-pour-une-petite-terrasse\/#Comment_changer_la_couleur_dune_facade\" >Comment changer la couleur d&rsquo;une fa\u00e7ade ?<\/a><\/li><li class='ez-toc-page-1 ez-toc-heading-level-2'><a class=\"ez-toc-link ez-toc-heading-18\" href=\"https:\/\/flashmode.tn\/magazine\/quelle-couleur-pour-une-petite-terrasse\/#Quelle_est_la_meilleure_peinture_pour_facade\" >Quelle est la meilleure peinture pour fa\u00e7ade ?<\/a><\/li><li class='ez-toc-page-1 ez-toc-heading-level-2'><a class=\"ez-toc-link ez-toc-heading-19\" href=\"https:\/\/flashmode.tn\/magazine\/quelle-couleur-pour-une-petite-terrasse\/#Comment_choisir_les_couleurs_de_son_appartement\" >Comment choisir les couleurs de son appartement ?<\/a><\/li><li class='ez-toc-page-1 ez-toc-heading-level-2'><a class=\"ez-toc-link ez-toc-heading-20\" href=\"https:\/\/flashmode.tn\/magazine\/quelle-couleur-pour-une-petite-terrasse\/#Quelle_couleur_pour_une_petite_maison\" >Quelle couleur pour une petite maison ?<\/a><\/li><li class='ez-toc-page-1 ez-toc-heading-level-2'><a class=\"ez-toc-link ez-toc-heading-21\" href=\"https:\/\/flashmode.tn\/magazine\/quelle-couleur-pour-une-petite-terrasse\/#Quelle_couleur_mettre_dans_une_piece\" >Quelle couleur mettre dans une pi\u00e8ce ?<\/a><\/li><\/ul><\/nav><\/div>\n<h2><span class=\"ez-toc-section\" id=\"Quelle_couleur_pour_lexterieur_de_la_maison\"><\/span>Quelle couleur pour l&rsquo;ext\u00e9rieur de la maison ?<span class=\"ez-toc-section-end\"><\/span><\/h2>\n<p>On choisit des <b>couleurs<\/b> chaudes comme le rouge, l&rsquo;orange, l&rsquo;ocre, le rose ou le jaune <b>pour<\/b> apporter une image chaleureuse et accueillante <b>\u00e0<\/b> sa <b>maison<\/b>. Douce harmonie avec cette fa\u00e7ade rose rehauss\u00e9e de vert amande.<\/p>\n<h2><span class=\"ez-toc-section\" id=\"Quelles_plantes_associer_dans_une_jardiniere\"><\/span><strong>Quelles plantes associer dans une jardini\u00e8re ?<\/strong><span class=\"ez-toc-section-end\"><\/span><\/h2>\n<p><b>  <b>   Plantes  <\/b>  pour le plein soleil ou la mi-ombre* <\/b> <\/p>\n<ul>\n<li>   G\u00e9ranium lierre, p\u00e9tunia et surfinia, verveine pour la g\u00e9n\u00e9rosit\u00e9 et la durabilit\u00e9 de leur floraison.  <\/li>\n<li>   Calibrachoa, bacopa et bidens pour leur floraison en cascades retombantes.  <\/li>\n<li>   Scaevola pour son beau feuillage d\u00e9coup\u00e9 et sa floraison tr\u00e8s durable.  <\/li>\n<\/ul>\n<h2><span class=\"ez-toc-section\" id=\"Quelle_plante_pour_jardiniere_plein_soleil\"><\/span><strong>Quelle plante pour jardini\u00e8re plein soleil ?<\/strong><span class=\"ez-toc-section-end\"><\/span><\/h2>\n<p><b>  Il est m\u00eame conseill\u00e9  <b>   de  <\/b>  laisser s\u00e9cher le terreau sur un ou deux centim\u00e8tres entre deux apports d&rsquo;eau. <\/b> <\/p>\n<ul>\n<li>   Le p\u00e9largonium. &#8230;  <\/li>\n<li>   Le diplad\u00e9nia. &#8230;  <\/li>\n<li>   Le gaura. &#8230;  <\/li>\n<li>   Le liseron   <b>    de   <\/b>   Mauritanie (Convolvulus mauritanicus) &#8230;  <\/li>\n<li>   L&rsquo;\u0153illet d&rsquo;Inde. &#8230;  <\/li>\n<li>   L&rsquo;anth\u00e9mis (Argyranthemum frutescens) &#8230;  <\/li>\n<li>   Le bidens. &#8230;  <\/li>\n<li>   Le g\u00e9ranium vivace \u00ab Rozanne \u00bb  <\/li>\n<\/ul>\n<h2><span class=\"ez-toc-section\" id=\"Quelle_plante_pour_grande_jardiniere\"><\/span><strong>Quelle plante pour grande jardini\u00e8re ?<\/strong><span class=\"ez-toc-section-end\"><\/span><\/h2>\n<p><b>  27 fleurs  <b>   pour  <\/b>  une  <b>   jardini\u00e8re  <\/b>  d&rsquo;\u00e9t\u00e9 r\u00e9ussie ! <\/b> <\/p>\n<ul>\n<li>   Anthemis. Avec sa culture facile, au soleil et en sol drain\u00e9, l&rsquo;Anthemis est une   <b>    plante   <\/b>   id\u00e9ale   <b>    pour   <\/b>   les pot\u00e9es fleuries ou les massifs.  <\/li>\n<li>   Chevalier d&rsquo;onze heures. &#8230;  <\/li>\n<li>   Fico\u00efde. &#8230;  <\/li>\n<li>   Gazania. &#8230;  <\/li>\n<li>   Geranium lierre. &#8230;  <\/li>\n<li>   Sauge rouge. &#8230;  <\/li>\n<li>   Pavot   <b>    de   <\/b>   Californie. &#8230;  <\/li>\n<li>   Pourpier \u00e0   <b>    grandes   <\/b>   fleurs.  <\/li>\n<\/ul>\n<h2><span class=\"ez-toc-section\" id=\"Comment_choisir_la_couleur_dune_facade\"><\/span><strong>Comment choisir la couleur d&rsquo;une fa\u00e7ade ?<\/strong><span class=\"ez-toc-section-end\"><\/span><\/h2>\n<p>L&rsquo;orientation de la <b>fa\u00e7ade<\/b> doit peser dans le choix de la <b>couleur<\/b>. Si la <b>fa\u00e7ade<\/b> est plut\u00f4t orient\u00e9e vers le sud, c&rsquo;est-\u00e0-dire si elle est illumin\u00e9e une grande partie de la journ\u00e9e, privil\u00e9giez des tons clairs afin de capter les rayons, mais \u00e9vitez le blanc.<\/p>\n<h2><span class=\"ez-toc-section\" id=\"Comment_choisir_la_couleur_de_la_maison\"><\/span><strong>Comment choisir la couleur de la maison ?<\/strong><span class=\"ez-toc-section-end\"><\/span><\/h2>\n<p>Une pi\u00e8ce bien \u00e9quilibr\u00e9e devrait \u00eatre compos\u00e9e de trois <b>couleurs<\/b>. La r\u00e8gle du 60-30-10. Lorsque vous peinturez, divisez les <b>couleurs<\/b> ainsi : 60% d&rsquo;une <b>couleur<\/b> dominante (murs), 30% d&rsquo;une <b>couleur<\/b> secondaire (portes, plafond, fen\u00eatres, etc.) et 10% d&rsquo;une <b>couleur<\/b> d&rsquo;accent (accessoires et d\u00e9corations).<\/p>\n<h2><span class=\"ez-toc-section\" id=\"Quelle_couleur_de_crepis_choisir\"><\/span><strong>Quelle couleur de cr\u00e9pis choisir ?<\/strong><span class=\"ez-toc-section-end\"><\/span><\/h2>\n<p>Un <b>cr\u00e9pi<\/b> gris est particuli\u00e8rement indiqu\u00e9 pour les fa\u00e7ades d&rsquo;une <b>maison<\/b> moderne, avec terrasse sur le toit et au style cubique, o\u00f9 dominent les tons neutres. L&rsquo;anthracite y a par exemple toute sa place. Vous pouvez \u00e9galement retrouver le <b>cr\u00e9pi<\/b> pour mettre en valeur une <b>couleur<\/b> chaude.<\/p>\n<h2><span class=\"ez-toc-section\" id=\"Comment_choisir_la_couleur_de_la_facade_de_sa_maison\"><\/span><strong>Comment choisir la couleur de la fa\u00e7ade de sa maison ?<\/strong><span class=\"ez-toc-section-end\"><\/span><\/h2>\n<p>L&rsquo;orientation : si les <b>fa\u00e7ades<\/b> sont baign\u00e9es de soleil, partez sur des tons clairs. \u00c0 l&rsquo;inverse, des tons neutres pour des <b>fa\u00e7ades<\/b> orient\u00e9es nord ou tr\u00e8s ombrag\u00e9es. Faites votre choix avec un nuancier dans les mains, sur place, pour \u00e9viter les d\u00e9convenues une fois la <b>couleur<\/b> appliqu\u00e9e \u00e0 grande \u00e9chelle.<\/p>\n<h2><span class=\"ez-toc-section\" id=\"Comment_choisir_la_facade_de_sa_maison\"><\/span><strong>Comment choisir la fa\u00e7ade de sa maison ?<\/strong><span class=\"ez-toc-section-end\"><\/span><\/h2>\n<p><b>  <b>   Quel  <\/b>  rev\u00eatement choisir  <b>   pour  <\/b>  la  <b>   fa\u00e7ade de  <\/b>  sa  <b>   maison  <\/b>  ? <\/b> <\/p>\n<ul>\n<li>   Le cr\u00e9pi ou l&rsquo;enduit.  <\/li>\n<li>   Le bardage bois.  <\/li>\n<li>   Le bardage PVC.  <\/li>\n<li>   Le bardage m\u00e9tallique.  <\/li>\n<li>   Le bardage en ciment composite.  <\/li>\n<li>   Les plaquettes   <b>    de   <\/b>   parement.  <\/li>\n<li>   Le mur v\u00e9g\u00e9tal.  <\/li>\n<\/ul>\n<h2><span class=\"ez-toc-section\" id=\"Quelles_fleurs_associer_aux_geraniums\"><\/span><strong>Quelles fleurs associer aux g\u00e9raniums ?<\/strong><span class=\"ez-toc-section-end\"><\/span><\/h2>\n<p><b>  10 plantes \u00e0  <b>   associer  <\/b>  avec des  <b>   g\u00e9raniums  <\/b> <\/b> <\/p>\n<ul>\n<li>   La jacinthe des bois. La jacinthe des bois est une plante \u00e0   <b>    fleurs   <\/b>   blanches facile \u00e0 entretenir. &#8230;  <\/li>\n<li>   La camomille. La camomille est une plante \u00e0   <b>    fleurs   <\/b>   blanches tr\u00e8s facile \u00e0 entretenir. &#8230;  <\/li>\n<li>   L&rsquo;ancolie. &#8230;  <\/li>\n<li>   L&rsquo;ail de Bulgarie. &#8230;  <\/li>\n<li>   Le lierre. &#8230;  <\/li>\n<li>   La luzule blanche. &#8230;  <\/li>\n<li>   Le chlorophytum. &#8230;  <\/li>\n<li>   Le n\u00e9m\u00e9sia.  <\/li>\n<\/ul>\n<h2><span class=\"ez-toc-section\" id=\"Quelle_plante_associer_avec_campanule\"><\/span><strong>Quelle plante associer avec campanule ?<\/strong><span class=\"ez-toc-section-end\"><\/span><\/h2>\n<p>La <b>campanule<\/b> cultiv\u00e9e pour faire des bouquets pr\u00e9f\u00e9rera un sol frais et calcaire alors que la <b>campanule<\/b> des Carpates et des murs sera plus \u00e0 l&rsquo;aise dans un sol sec et bien drain\u00e9. Pensez lors de la plantation \u00e0 les <b>associer avec<\/b> des asters, des rosiers, des g\u00e9raniums retombants ou des v\u00e9roniques.<\/p>\n<h2><span class=\"ez-toc-section\" id=\"Quelle_plante_associer_avec_verveine\"><\/span><strong>Quelle plante associer avec verveine ?<\/strong><span class=\"ez-toc-section-end\"><\/span><\/h2>\n<p><b>  <b>   Quelles  <\/b>  bonnes associations de  <b>   plantes avec  <\/b>  la  <b>   verveine  <\/b>  ? <\/b> <\/p>\n<ul>\n<li>   La lantana jaune   <b>    avec   <\/b>   son parfum de fleur d&rsquo;oranger se marie parfaitement ave la   <b>    verveine   <\/b>   . &#8230;  <\/li>\n<li>   L&rsquo;ag\u00e9ratum peut \u00eatre associ\u00e9 \u00e0 la   <b>    verveine   <\/b>   et permettra d&rsquo;apporter une touche de couleur pastel au massif.  <\/li>\n<\/ul>\n<h2><span class=\"ez-toc-section\" id=\"Quelle_plante_exterieur_sans_entretien\"><\/span><strong>Quelle plante ext\u00e9rieur sans entretien ?<\/strong><span class=\"ez-toc-section-end\"><\/span><\/h2>\n<p><b>  Pas besoin d&rsquo;arrosage automatique ou de zone humide, rien ne pourra faire p\u00e9rir ces  <b>   plantes  <\/b>  d&rsquo;  <b>   ext\u00e9rieur  <\/b>  , m\u00eame en p\u00e9riode de canicule ! <\/b> <\/p>\n<ol>\n<li>   Le pourpier. &#8230;  <\/li>\n<li>   La verveine. &#8230;  <\/li>\n<li>   La Gaura Lindheimer. &#8230;  <\/li>\n<li>   L&rsquo;orpin. &#8230;  <\/li>\n<li>   Le chardon \u00e0 t\u00eate ronde. &#8230;  <\/li>\n<li>   La gaillarde. &#8230;  <\/li>\n<li>   La Rock Daisy. &#8230;  <\/li>\n<li>   Le cactus.  <\/li>\n<\/ol>\n<h2><span class=\"ez-toc-section\" id=\"Quelle_plante_resiste_a_la_secheresse\"><\/span><strong>Quelle plante r\u00e9siste \u00e0 la s\u00e9cheresse ?<\/strong><span class=\"ez-toc-section-end\"><\/span><\/h2>\n<p><b>  14  <b>   plantes  <\/b>  qui supportent la  <b>   s\u00e9cheresse  <\/b> <\/b> <\/p>\n<ul>\n<li>   Perovskia (Sauge de Russie) &#8230;  <\/li>\n<li>   Lagerstroemia (Lilas des Indes) &#8230;  <\/li>\n<li>   Les coriaces d\u00e9coratives. &#8230;  <\/li>\n<li>   Aeonium atropurpureum. &#8230;  <\/li>\n<li>   F\u00e9tuque. &#8230;  <\/li>\n<li>   Les grimpantes \u00abplein cagnard\u00bb &#8230;  <\/li>\n<li>   Bignone (Jasmin de Virginie) &#8230;  <\/li>\n<li>   Les florif\u00e8res longue dur\u00e9e.  <\/li>\n<\/ul>\n<h2><span class=\"ez-toc-section\" id=\"Quelle_plante_pour_une_jardiniere_a_lombre\"><\/span><strong>Quelle plante pour une jardini\u00e8re \u00e0 l&rsquo;ombre ?<\/strong><span class=\"ez-toc-section-end\"><\/span><\/h2>\n<p><b>Quelles plantes pour une jardini\u00e8re<\/b> (ou tout autre contenant) \u00e0 l&rsquo;<b>ombre<\/b> ? Votre choix se portera naturellement sur des <b>plantes<\/b> ou des fleurs d&rsquo;<b>ombre<\/b> telles que les foug\u00e8res, les hostas, les b\u00e9gonias, les fuchsias, les impatiens, les lobelias, les lierres ou encore les heuch\u00e8res.<\/p>\n<h2><span class=\"ez-toc-section\" id=\"Quelle_plante_en_bac_sur_terrasse\"><\/span><strong>Quelle plante en bac sur terrasse ?<\/strong><span class=\"ez-toc-section-end\"><\/span><\/h2>\n<p><b>  Des vari\u00e9t\u00e9s id\u00e9ales pour pot sur le balcon ou la  <b>   terrasse  <\/b> <\/b> <\/p>\n<ul>\n<li>   Le bougainvillier en pot sur la   <b>    terrasse   <\/b>   . &#8230;  <\/li>\n<li>   Le brugmansia : une floraison originale pour le balcon. &#8230;  <\/li>\n<li>   Les fico\u00efdes : des fleurs en forme de soleil pour illuminer la   <b>    terrasse   <\/b>   . &#8230;  <\/li>\n<li>   Les fuschia : des clochettes retentissantes de couleurs.  <\/li>\n<\/ul>\n<h2><span class=\"ez-toc-section\" id=\"Comment_changer_la_couleur_dune_facade\"><\/span><strong>Comment changer la couleur d&rsquo;une fa\u00e7ade ?<\/strong><span class=\"ez-toc-section-end\"><\/span><\/h2>\n<p>En revanche, si vous voulez <b>changer<\/b> de <b>couleur<\/b>, vous devez obligatoirement adresser une demande d&rsquo;autorisation \u00e0 la mairie de votre commune. Le d\u00e9lai de traitement est d&rsquo;un mois. Pass\u00e9 ce d\u00e9lai et sans r\u00e9ponse de la part de l&rsquo;\u00e9quipe municipale, la demande est consid\u00e9r\u00e9e comme accept\u00e9e : les travaux peuvent commencer.<\/p>\n<h2><span class=\"ez-toc-section\" id=\"Quelle_est_la_meilleure_peinture_pour_facade\"><\/span><strong>Quelle est la meilleure peinture pour fa\u00e7ade ?<\/strong><span class=\"ez-toc-section-end\"><\/span><\/h2>\n<p><b>Pour<\/b> une <b>fa\u00e7ade<\/b> lisse et en bon \u00e9tat il <b>est<\/b> conseill\u00e9 d&rsquo;opter <b>pour<\/b> une <b>peinture<\/b> acrylique, pliolite ou encore une r\u00e9sine acrylique. <b>Pour<\/b> une <b>fa\u00e7ade<\/b> fissur\u00e9e ou en cr\u00e9pi \u00e0 pointe, optez <b>pour<\/b> une <b>peinture<\/b> acrylique \u00e9paisse.<\/p>\n<h2><span class=\"ez-toc-section\" id=\"Comment_choisir_les_couleurs_de_son_appartement\"><\/span><strong>Comment choisir les couleurs de son appartement ?<\/strong><span class=\"ez-toc-section-end\"><\/span><\/h2>\n<p>Apr\u00e8s le taupe, le gris, le vert anis et le joli jaune, le violet d\u00e9barque <b>dans<\/b> les pi\u00e8ces des <b>appartements<\/b> tendances. L&rsquo;heure est aux <b>couleurs avec<\/b> des murs color\u00e9s et un mobilier plus neutre. Mais si vous n&rsquo;\u00eates pas \u00e0 l&rsquo;aise <b>avec<\/b> l&rsquo;accord des <b>couleurs<\/b>, misez <b>sur<\/b> une d\u00e9coration color\u00e9e <b>avec<\/b> des murs blancs.<\/p>\n<h2><span class=\"ez-toc-section\" id=\"Quelle_couleur_pour_une_petite_maison\"><\/span><strong>Quelle couleur pour une petite maison ?<\/strong><span class=\"ez-toc-section-end\"><\/span><\/h2>\n<p>Il existe diff\u00e9rentes nuances <b>de<\/b> bleu : le bleu ciel, le bleu fonc\u00e9, le bleu turquoise, le gris bleu, le bleu vert&#8230; Le bleu clair am\u00e8ne fra\u00eecheur et douceur dans votre pi\u00e8ce. Comme la plupart des <b>couleurs<\/b> froides ou pastels, il donne la sensation <b>d<\/b>&lsquo;agrandir votre espace.<\/p>\n<h2><span class=\"ez-toc-section\" id=\"Quelle_couleur_mettre_dans_une_piece\"><\/span><strong>Quelle couleur mettre dans une pi\u00e8ce ?<\/strong><span class=\"ez-toc-section-end\"><\/span><\/h2>\n<p>Ce qu&rsquo;il faut savoir sur les <b>couleurs<\/b> en d\u00e9co<\/p>\n<p> Sachez qu&rsquo;on peut mixer plusieurs <b>couleurs<\/b> dans une m\u00eame <b>pi\u00e8ce<\/b> mais pas n&rsquo;importe lesquelles. Choisissez des <b>couleurs<\/b> compl\u00e9mentaires qui s&rsquo;associent parfaitement ensemble : le jaune et le violet, le bleu et l&rsquo;orange, le vert et le rouge&#8230;<\/p>\n<hr \/>\n<p><em>Editeurs: 8 &#8211; R\u00e9f\u00e9rences: 24 articles<\/em><\/p>\n<p><em>N\u2019oubliez pas de partager l\u2019article !<\/em><\/p>\n","protected":false},"excerpt":{"rendered":"<p>Optez pour un coloris fonc\u00e9 ! un gris anthracite sera donc parfait pour un aspect moderne et chic. Assortissez-le de meubles et \u00e9l\u00e9ments de d\u00e9coration g\u00e9om\u00e9triques et blancs, et, pourquoi pas, rehaussez le tout avec une couleur vive telle que le jaune ou le rouge. Mais encore, Quelle couleur pour une jardini\u00e8re ? Pensez aussi [&hellip;]<\/p>\n","protected":false},"author":2,"featured_media":0,"comment_status":"open","ping_status":"open","sticky":false,"template":"","format":"standard","meta":{"tdm_status":"","tdm_grid_status":"","_jetpack_memberships_contains_paid_content":false,"footnotes":"","jetpack_publicize_message":"","jetpack_publicize_feature_enabled":true,"jetpack_social_post_already_shared":true,"jetpack_social_options":{"image_generator_settings":{"template":"highway","default_image_id":0,"font":"","enabled":false},"version":2}},"categories":[3457],"tags":[],"class_list":["post-45524","post","type-post","status-publish","format-standard","hentry","category-maison"],"yoast_head":"<!-- This site is optimized with the Yoast SEO Premium plugin v25.0 (Yoast SEO v25.0) - https:\/\/yoast.com\/wordpress\/plugins\/seo\/ -->\n<title>Quelle couleur pour une petite terrasse ?<\/title>\n<meta name=\"description\" content=\"Optez pour un coloris fonc\u00e9 ! un gris anthracite sera donc parfait pour un aspect moderne et chic. Assortissez-le de meubles et \u00e9l\u00e9ments de d\u00e9coration\" \/>\n<meta name=\"robots\" content=\"index, follow, max-snippet:-1, max-image-preview:large, max-video-preview:-1\" \/>\n<link rel=\"canonical\" href=\"https:\/\/flashmode.tn\/magazine\/quelle-couleur-pour-une-petite-terrasse\/\" \/>\n<meta property=\"og:locale\" content=\"fr_FR\" \/>\n<meta property=\"og:type\" content=\"article\" \/>\n<meta property=\"og:title\" content=\"Quelle couleur pour une petite terrasse ? - Flashmode Magazine | Magazine de mode et style de vie Num\u00e9ro un en Tunisie et au Maghreb\" \/>\n<meta property=\"og:description\" content=\"Optez pour un coloris fonc\u00e9 ! un gris anthracite sera donc parfait pour un aspect moderne et chic. Assortissez-le de meubles et \u00e9l\u00e9ments de d\u00e9coration\" \/>\n<meta property=\"og:url\" content=\"https:\/\/flashmode.tn\/magazine\/quelle-couleur-pour-une-petite-terrasse\/\" \/>\n<meta property=\"og:site_name\" content=\"Flashmode Magazine | Magazine de mode et style de vie Num\u00e9ro un en Tunisie et au Maghreb\" \/>\n<meta property=\"article:publisher\" content=\"https:\/\/www.facebook.com\/flashmode.magazine\/\" \/>\n<meta property=\"article:published_time\" content=\"2021-12-10T04:59:59+00:00\" \/>\n<meta name=\"author\" content=\"Nora D.\" \/>\n<meta name=\"twitter:card\" content=\"summary_large_image\" \/>\n<meta name=\"twitter:creator\" content=\"@agenceflashmode\" \/>\n<meta name=\"twitter:site\" content=\"@agenceflashmode\" \/>\n<meta name=\"twitter:label1\" content=\"\u00c9crit par\" \/>\n\t<meta name=\"twitter:data1\" content=\"Nora D.\" \/>\n\t<meta name=\"twitter:label2\" content=\"Dur\u00e9e de lecture estim\u00e9e\" \/>\n\t<meta name=\"twitter:data2\" content=\"7 minutes\" \/>\n<script type=\"application\/ld+json\" class=\"yoast-schema-graph\">{\"@context\":\"https:\/\/schema.org\",\"@graph\":[{\"@type\":\"WebPage\",\"@id\":\"https:\/\/flashmode.tn\/magazine\/quelle-couleur-pour-une-petite-terrasse\/\",\"url\":\"https:\/\/flashmode.tn\/magazine\/quelle-couleur-pour-une-petite-terrasse\/\",\"name\":\"Quelle couleur pour une petite terrasse ?\",\"isPartOf\":{\"@id\":\"https:\/\/flashmode.tn\/magazine\/#website\"},\"datePublished\":\"2021-12-10T04:59:59+00:00\",\"author\":{\"@id\":\"https:\/\/flashmode.tn\/magazine\/#\/schema\/person\/ebeaf8414935b60ba8817ab0babd7fbe\"},\"description\":\"Optez pour un coloris fonc\u00e9 ! un gris anthracite sera donc parfait pour un aspect moderne et chic. Assortissez-le de meubles et \u00e9l\u00e9ments de d\u00e9coration\",\"breadcrumb\":{\"@id\":\"https:\/\/flashmode.tn\/magazine\/quelle-couleur-pour-une-petite-terrasse\/#breadcrumb\"},\"inLanguage\":\"fr-FR\",\"potentialAction\":[{\"@type\":\"ReadAction\",\"target\":[\"https:\/\/flashmode.tn\/magazine\/quelle-couleur-pour-une-petite-terrasse\/\"]}]},{\"@type\":\"BreadcrumbList\",\"@id\":\"https:\/\/flashmode.tn\/magazine\/quelle-couleur-pour-une-petite-terrasse\/#breadcrumb\",\"itemListElement\":[{\"@type\":\"ListItem\",\"position\":1,\"name\":\"Accueil\",\"item\":\"https:\/\/flashmode.tn\/magazine\/\"},{\"@type\":\"ListItem\",\"position\":2,\"name\":\"Quelle couleur pour une petite terrasse ?\"}]},{\"@type\":\"WebSite\",\"@id\":\"https:\/\/flashmode.tn\/magazine\/#website\",\"url\":\"https:\/\/flashmode.tn\/magazine\/\",\"name\":\"Flashmode Magazine | Magazine de mode et style de vie Num\u00e9ro un en Tunisie et au Maghreb\",\"description\":\"Magazine de mode et style de vie Num\u00e9ro un en Tunisie et au Maghreb, cr\u00e9\u00e9 pour les hommes et les femmes : conseils beaut\u00e9, mode femme, mode homme, recettes de cuisine, c\u00e9l\u00e9brit\u00e9s et people, mannequins et top modeles\",\"potentialAction\":[{\"@type\":\"SearchAction\",\"target\":{\"@type\":\"EntryPoint\",\"urlTemplate\":\"https:\/\/flashmode.tn\/magazine\/?s={search_term_string}\"},\"query-input\":{\"@type\":\"PropertyValueSpecification\",\"valueRequired\":true,\"valueName\":\"search_term_string\"}}],\"inLanguage\":\"fr-FR\"},{\"@type\":\"Person\",\"@id\":\"https:\/\/flashmode.tn\/magazine\/#\/schema\/person\/ebeaf8414935b60ba8817ab0babd7fbe\",\"name\":\"Nora D.\",\"image\":{\"@type\":\"ImageObject\",\"inLanguage\":\"fr-FR\",\"@id\":\"https:\/\/flashmode.tn\/magazine\/#\/schema\/person\/image\/\",\"url\":\"https:\/\/secure.gravatar.com\/avatar\/a51d897ddf0a2216affe16e03a39790850922d1b5b29f147f35db7ccb8861eab?s=96&d=mm&r=g\",\"contentUrl\":\"https:\/\/secure.gravatar.com\/avatar\/a51d897ddf0a2216affe16e03a39790850922d1b5b29f147f35db7ccb8861eab?s=96&d=mm&r=g\",\"caption\":\"Nora D.\"},\"url\":\"https:\/\/flashmode.tn\/magazine\/author\/nora-damak\/\"}]}<\/script>\n<!-- \/ Yoast SEO Premium plugin. -->","yoast_head_json":{"title":"Quelle couleur pour une petite terrasse ?","description":"Optez pour un coloris fonc\u00e9 ! un gris anthracite sera donc parfait pour un aspect moderne et chic. Assortissez-le de meubles et \u00e9l\u00e9ments de d\u00e9coration","robots":{"index":"index","follow":"follow","max-snippet":"max-snippet:-1","max-image-preview":"max-image-preview:large","max-video-preview":"max-video-preview:-1"},"canonical":"https:\/\/flashmode.tn\/magazine\/quelle-couleur-pour-une-petite-terrasse\/","og_locale":"fr_FR","og_type":"article","og_title":"Quelle couleur pour une petite terrasse ? - Flashmode Magazine | Magazine de mode et style de vie Num\u00e9ro un en Tunisie et au Maghreb","og_description":"Optez pour un coloris fonc\u00e9 ! un gris anthracite sera donc parfait pour un aspect moderne et chic. Assortissez-le de meubles et \u00e9l\u00e9ments de d\u00e9coration","og_url":"https:\/\/flashmode.tn\/magazine\/quelle-couleur-pour-une-petite-terrasse\/","og_site_name":"Flashmode Magazine | Magazine de mode et style de vie Num\u00e9ro un en Tunisie et au Maghreb","article_publisher":"https:\/\/www.facebook.com\/flashmode.magazine\/","article_published_time":"2021-12-10T04:59:59+00:00","author":"Nora D.","twitter_card":"summary_large_image","twitter_creator":"@agenceflashmode","twitter_site":"@agenceflashmode","twitter_misc":{"\u00c9crit par":"Nora D.","Dur\u00e9e de lecture estim\u00e9e":"7 minutes"},"schema":{"@context":"https:\/\/schema.org","@graph":[{"@type":"WebPage","@id":"https:\/\/flashmode.tn\/magazine\/quelle-couleur-pour-une-petite-terrasse\/","url":"https:\/\/flashmode.tn\/magazine\/quelle-couleur-pour-une-petite-terrasse\/","name":"Quelle couleur pour une petite terrasse ?","isPartOf":{"@id":"https:\/\/flashmode.tn\/magazine\/#website"},"datePublished":"2021-12-10T04:59:59+00:00","author":{"@id":"https:\/\/flashmode.tn\/magazine\/#\/schema\/person\/ebeaf8414935b60ba8817ab0babd7fbe"},"description":"Optez pour un coloris fonc\u00e9 ! un gris anthracite sera donc parfait pour un aspect moderne et chic. Assortissez-le de meubles et \u00e9l\u00e9ments de d\u00e9coration","breadcrumb":{"@id":"https:\/\/flashmode.tn\/magazine\/quelle-couleur-pour-une-petite-terrasse\/#breadcrumb"},"inLanguage":"fr-FR","potentialAction":[{"@type":"ReadAction","target":["https:\/\/flashmode.tn\/magazine\/quelle-couleur-pour-une-petite-terrasse\/"]}]},{"@type":"BreadcrumbList","@id":"https:\/\/flashmode.tn\/magazine\/quelle-couleur-pour-une-petite-terrasse\/#breadcrumb","itemListElement":[{"@type":"ListItem","position":1,"name":"Accueil","item":"https:\/\/flashmode.tn\/magazine\/"},{"@type":"ListItem","position":2,"name":"Quelle couleur pour une petite terrasse ?"}]},{"@type":"WebSite","@id":"https:\/\/flashmode.tn\/magazine\/#website","url":"https:\/\/flashmode.tn\/magazine\/","name":"Flashmode Magazine | Magazine de mode et style de vie Num\u00e9ro un en Tunisie et au Maghreb","description":"Magazine de mode et style de vie Num\u00e9ro un en Tunisie et au Maghreb, cr\u00e9\u00e9 pour les hommes et les femmes : conseils beaut\u00e9, mode femme, mode homme, recettes de cuisine, c\u00e9l\u00e9brit\u00e9s et people, mannequins et top modeles","potentialAction":[{"@type":"SearchAction","target":{"@type":"EntryPoint","urlTemplate":"https:\/\/flashmode.tn\/magazine\/?s={search_term_string}"},"query-input":{"@type":"PropertyValueSpecification","valueRequired":true,"valueName":"search_term_string"}}],"inLanguage":"fr-FR"},{"@type":"Person","@id":"https:\/\/flashmode.tn\/magazine\/#\/schema\/person\/ebeaf8414935b60ba8817ab0babd7fbe","name":"Nora D.","image":{"@type":"ImageObject","inLanguage":"fr-FR","@id":"https:\/\/flashmode.tn\/magazine\/#\/schema\/person\/image\/","url":"https:\/\/secure.gravatar.com\/avatar\/a51d897ddf0a2216affe16e03a39790850922d1b5b29f147f35db7ccb8861eab?s=96&d=mm&r=g","contentUrl":"https:\/\/secure.gravatar.com\/avatar\/a51d897ddf0a2216affe16e03a39790850922d1b5b29f147f35db7ccb8861eab?s=96&d=mm&r=g","caption":"Nora D."},"url":"https:\/\/flashmode.tn\/magazine\/author\/nora-damak\/"}]}},"jetpack_publicize_connections":[],"jetpack_featured_media_url":"","jetpack_shortlink":"https:\/\/wp.me\/p8BPGr-bQg","jetpack_sharing_enabled":true,"_links":{"self":[{"href":"https:\/\/flashmode.tn\/magazine\/wp-json\/wp\/v2\/posts\/45524","targetHints":{"allow":["GET"]}}],"collection":[{"href":"https:\/\/flashmode.tn\/magazine\/wp-json\/wp\/v2\/posts"}],"about":[{"href":"https:\/\/flashmode.tn\/magazine\/wp-json\/wp\/v2\/types\/post"}],"author":[{"embeddable":true,"href":"https:\/\/flashmode.tn\/magazine\/wp-json\/wp\/v2\/users\/2"}],"replies":[{"embeddable":true,"href":"https:\/\/flashmode.tn\/magazine\/wp-json\/wp\/v2\/comments?post=45524"}],"version-history":[{"count":0,"href":"https:\/\/flashmode.tn\/magazine\/wp-json\/wp\/v2\/posts\/45524\/revisions"}],"wp:attachment":[{"href":"https:\/\/flashmode.tn\/magazine\/wp-json\/wp\/v2\/media?parent=45524"}],"wp:term":[{"taxonomy":"category","embeddable":true,"href":"https:\/\/flashmode.tn\/magazine\/wp-json\/wp\/v2\/categories?post=45524"},{"taxonomy":"post_tag","embeddable":true,"href":"https:\/\/flashmode.tn\/magazine\/wp-json\/wp\/v2\/tags?post=45524"}],"curies":[{"name":"wp","href":"https:\/\/api.w.org\/{rel}","templated":true}]}}