{"id":47896,"date":"2021-12-17T18:44:09","date_gmt":"2021-12-17T17:44:09","guid":{"rendered":"https:\/\/flashmode.tn\/magazine\/?p=47896"},"modified":"2021-12-17T18:44:09","modified_gmt":"2021-12-17T17:44:09","slug":"comment-savoir-quand-cueillir-une-aubergine-2","status":"publish","type":"post","link":"https:\/\/flashmode.tn\/magazine\/comment-savoir-quand-cueillir-une-aubergine-2\/","title":{"rendered":"Comment savoir quand cueillir une aubergine ?"},"content":{"rendered":"<p>R\u00e9coltez deux \u00e0 trois fois par semaine en pleine saison, \u00e0 partir de la mi-juillet, en pleine terre et dans les r\u00e9gions de climat doux. Ailleurs, il faut patienter jusqu&rsquo;\u00e0 la fin de juillet. Une culture sous serre ou en v\u00e9randa est toujours plus pr\u00e9coce de deux \u00e0 trois semaines.<\/p>\n<p>Mais encore, Quand l&rsquo;ail est m\u00fbr ?<\/p>\n<p><b>R\u00e9colter<\/b> l&rsquo;<b>ail<\/b> d\u00e8s que les feuilles commencent \u00e0 jaunir, entre 4 et 9 mois selon la p\u00e9riode de plantation des ca\u00efeux. Intervenir de pr\u00e9f\u00e9rence par temps sec et ensoleill\u00e9.<\/p>\n<p>et Comment savoir quand r\u00e9colter les pommes de terre ?<\/p>\n<p>Au plus t\u00f4t, on peut <b>r\u00e9colter<\/b> les vari\u00e9t\u00e9s les plus pr\u00e9coces 90 jours apr\u00e8s la plantation. Les r\u00e9coltes commencent donc d\u00e8s juillet et jusqu&rsquo;en septembre pour les plus tardives. Vous savez qu&rsquo;il est temps de <b>r\u00e9colter<\/b> lorsque la partie a\u00e9rienne est jaunit et se couche.<\/p>\n<p>Quand r\u00e9colter aubergine ronde ?<\/p>\n<p>La <b>r\u00e9colte<\/b> doit alors attendre la fin du mois d&rsquo;ao\u00fbt. En bordure m\u00e9diterran\u00e9enne, l&rsquo;<b>aubergine<\/b> &lsquo;<b>Ronde<\/b> de Valence&rsquo; peut \u00eatre plant\u00e9e plus t\u00f4t, d\u00e8s le mois de mars pour une <b>r\u00e9colte<\/b> en juillet. Dans tous les cas, il vous faudra patienter plus ou moins 5 mois entre le semis et la <b>r\u00e9colte<\/b>.<\/p>\n<div id=\"ez-toc-container\" class=\"ez-toc-v2_0_81 counter-hierarchy ez-toc-counter ez-toc-grey ez-toc-container-direction\">\n<div class=\"ez-toc-title-container\">\n<p class=\"ez-toc-title\" style=\"cursor:inherit\">Contenus de la page<\/p>\n<span class=\"ez-toc-title-toggle\"><a href=\"#\" class=\"ez-toc-pull-right ez-toc-btn ez-toc-btn-xs ez-toc-btn-default ez-toc-toggle\" aria-label=\"Toggle Table of Content\"><span class=\"ez-toc-js-icon-con\"><span class=\"\"><span class=\"eztoc-hide\" style=\"display:none;\">Toggle<\/span><span class=\"ez-toc-icon-toggle-span\"><svg style=\"fill: #999;color:#999\" xmlns=\"http:\/\/www.w3.org\/2000\/svg\" class=\"list-377408\" width=\"20px\" height=\"20px\" viewBox=\"0 0 24 24\" fill=\"none\"><path d=\"M6 6H4v2h2V6zm14 0H8v2h12V6zM4 11h2v2H4v-2zm16 0H8v2h12v-2zM4 16h2v2H4v-2zm16 0H8v2h12v-2z\" fill=\"currentColor\"><\/path><\/svg><svg style=\"fill: #999;color:#999\" class=\"arrow-unsorted-368013\" xmlns=\"http:\/\/www.w3.org\/2000\/svg\" width=\"10px\" height=\"10px\" viewBox=\"0 0 24 24\" version=\"1.2\" baseProfile=\"tiny\"><path d=\"M18.2 9.3l-6.2-6.3-6.2 6.3c-.2.2-.3.4-.3.7s.1.5.3.7c.2.2.4.3.7.3h11c.3 0 .5-.1.7-.3.2-.2.3-.5.3-.7s-.1-.5-.3-.7zM5.8 14.7l6.2 6.3 6.2-6.3c.2-.2.3-.5.3-.7s-.1-.5-.3-.7c-.2-.2-.4-.3-.7-.3h-11c-.3 0-.5.1-.7.3-.2.2-.3.5-.3.7s.1.5.3.7z\"\/><\/svg><\/span><\/span><\/span><\/a><\/span><\/div>\n<nav><ul class='ez-toc-list ez-toc-list-level-1 ' ><li class='ez-toc-page-1 ez-toc-heading-level-2'><a class=\"ez-toc-link ez-toc-heading-1\" href=\"https:\/\/flashmode.tn\/magazine\/comment-savoir-quand-cueillir-une-aubergine-2\/#Comment_faire_murir_des_aubergines\" >Comment faire m\u00fbrir des aubergines ?<\/a><\/li><li class='ez-toc-page-1 ez-toc-heading-level-2'><a class=\"ez-toc-link ez-toc-heading-2\" href=\"https:\/\/flashmode.tn\/magazine\/comment-savoir-quand-cueillir-une-aubergine-2\/#Comment_faire_grossir_les_gousses_dail\" >Comment faire grossir les gousses d&rsquo;ail ?<\/a><\/li><li class='ez-toc-page-1 ez-toc-heading-level-2'><a class=\"ez-toc-link ez-toc-heading-3\" href=\"https:\/\/flashmode.tn\/magazine\/comment-savoir-quand-cueillir-une-aubergine-2\/#Comment_recolter_de_lail\" >Comment r\u00e9colter de l&rsquo;ail ?<\/a><\/li><li class='ez-toc-page-1 ez-toc-heading-level-2'><a class=\"ez-toc-link ez-toc-heading-4\" href=\"https:\/\/flashmode.tn\/magazine\/comment-savoir-quand-cueillir-une-aubergine-2\/#Quand_recolter_lail_plante_en_novembre\" >Quand r\u00e9colter l&rsquo;ail plante en novembre ?<\/a><\/li><li class='ez-toc-page-1 ez-toc-heading-level-2'><a class=\"ez-toc-link ez-toc-heading-5\" href=\"https:\/\/flashmode.tn\/magazine\/comment-savoir-quand-cueillir-une-aubergine-2\/#Comment_faire_grossir_les_pommes_de_terre\" >Comment faire grossir les pommes de terre ?<\/a><\/li><li class='ez-toc-page-1 ez-toc-heading-level-2'><a class=\"ez-toc-link ez-toc-heading-6\" href=\"https:\/\/flashmode.tn\/magazine\/comment-savoir-quand-cueillir-une-aubergine-2\/#Quand_recolter_les_pommes_de_terre_en_2021\" >Quand r\u00e9colter les pommes de terre en 2021 ?<\/a><\/li><li class='ez-toc-page-1 ez-toc-heading-level-2'><a class=\"ez-toc-link ez-toc-heading-7\" href=\"https:\/\/flashmode.tn\/magazine\/comment-savoir-quand-cueillir-une-aubergine-2\/#Quand_commencer_a_arroser_les_pommes_de_terre\" >Quand commencer \u00e0 arroser les pommes de terre ?<\/a><\/li><li class='ez-toc-page-1 ez-toc-heading-level-2'><a class=\"ez-toc-link ez-toc-heading-8\" href=\"https:\/\/flashmode.tn\/magazine\/comment-savoir-quand-cueillir-une-aubergine-2\/#Quand_ramasser_aubergine_blanche\" >Quand ramasser aubergine blanche ?<\/a><\/li><li class='ez-toc-page-1 ez-toc-heading-level-2'><a class=\"ez-toc-link ez-toc-heading-9\" href=\"https:\/\/flashmode.tn\/magazine\/comment-savoir-quand-cueillir-une-aubergine-2\/#Comment_conserver_un_pied_daubergine\" >Comment conserver un pied d&rsquo;aubergine ?<\/a><\/li><li class='ez-toc-page-1 ez-toc-heading-level-2'><a class=\"ez-toc-link ez-toc-heading-10\" href=\"https:\/\/flashmode.tn\/magazine\/comment-savoir-quand-cueillir-une-aubergine-2\/#Quelle_est_la_hauteur_dun_pied_daubergine\" >Quelle est la hauteur d&rsquo;un pied d&rsquo;aubergine ?<\/a><\/li><li class='ez-toc-page-1 ez-toc-heading-level-2'><a class=\"ez-toc-link ez-toc-heading-11\" href=\"https:\/\/flashmode.tn\/magazine\/comment-savoir-quand-cueillir-une-aubergine-2\/#Comment_faire_rougir_les_piments\" >Comment faire rougir les piments ?<\/a><\/li><li class='ez-toc-page-1 ez-toc-heading-level-2'><a class=\"ez-toc-link ez-toc-heading-12\" href=\"https:\/\/flashmode.tn\/magazine\/comment-savoir-quand-cueillir-une-aubergine-2\/#Comment_faire_murir_pasteque\" >Comment faire m\u00fbrir past\u00e8que ?<\/a><\/li><li class='ez-toc-page-1 ez-toc-heading-level-2'><a class=\"ez-toc-link ez-toc-heading-13\" href=\"https:\/\/flashmode.tn\/magazine\/comment-savoir-quand-cueillir-une-aubergine-2\/#Comment_faire_murir_des_physalis\" >Comment faire m\u00fbrir des physalis ?<\/a><\/li><li class='ez-toc-page-1 ez-toc-heading-level-2'><a class=\"ez-toc-link ez-toc-heading-14\" href=\"https:\/\/flashmode.tn\/magazine\/comment-savoir-quand-cueillir-une-aubergine-2\/#Pourquoi_mes_ails_ne_grossissent_pas\" >Pourquoi mes ails ne grossissent pas ?<\/a><\/li><li class='ez-toc-page-1 ez-toc-heading-level-2'><a class=\"ez-toc-link ez-toc-heading-15\" href=\"https:\/\/flashmode.tn\/magazine\/comment-savoir-quand-cueillir-une-aubergine-2\/#Quel_engrais_pour_de_lail\" >Quel engrais pour de l&rsquo;ail ?<\/a><\/li><li class='ez-toc-page-1 ez-toc-heading-level-2'><a class=\"ez-toc-link ez-toc-heading-16\" href=\"https:\/\/flashmode.tn\/magazine\/comment-savoir-quand-cueillir-une-aubergine-2\/#Pourquoi_mon_ail_ne_pousse_pas\" >Pourquoi mon ail ne pousse pas ?<\/a><\/li><li class='ez-toc-page-1 ez-toc-heading-level-2'><a class=\"ez-toc-link ez-toc-heading-17\" href=\"https:\/\/flashmode.tn\/magazine\/comment-savoir-quand-cueillir-une-aubergine-2\/#Quand_et_comment_cueillir_lail\" >Quand et comment cueillir l&rsquo;ail ?<\/a><\/li><li class='ez-toc-page-1 ez-toc-heading-level-2'><a class=\"ez-toc-link ez-toc-heading-18\" href=\"https:\/\/flashmode.tn\/magazine\/comment-savoir-quand-cueillir-une-aubergine-2\/#Quand_recolter_lail_plante_en_mars\" >Quand r\u00e9colter l&rsquo;ail plante en mars ?<\/a><\/li><li class='ez-toc-page-1 ez-toc-heading-level-2'><a class=\"ez-toc-link ez-toc-heading-19\" href=\"https:\/\/flashmode.tn\/magazine\/comment-savoir-quand-cueillir-une-aubergine-2\/#Comment_faire_secher_son_ail\" >Comment faire s\u00e9cher son ail ?<\/a><\/li><\/ul><\/nav><\/div>\n<h2><span class=\"ez-toc-section\" id=\"Comment_faire_murir_des_aubergines\"><\/span>Comment faire m\u00fbrir des aubergines ?<span class=\"ez-toc-section-end\"><\/span><\/h2>\n<p>\u00c9t\u00eatez les plants de tomates au dessus de la derni\u00e8re grappe, \u00f4tez les derni\u00e8res fleurs qui \u00e9puisent la plante et supprimez un maximum de feuillage non loin des fruits. Les tomates recevront ainsi un ensoleillement maximal pour terminer leur m\u00fbrissement. Vous pouvez proc\u00e9der de m\u00eame pour les <b>aubergines<\/b> ou les poivrons.<\/p>\n<h2><span class=\"ez-toc-section\" id=\"Comment_faire_grossir_les_gousses_dail\"><\/span><strong>Comment faire grossir les gousses d&rsquo;ail ?<\/strong><span class=\"ez-toc-section-end\"><\/span><\/h2>\n<p>Lorsque les tiges de fleurs d&rsquo;<b>ail<\/b> s&rsquo;enroulent sur elles-m\u00eames (entre 1 et 2 tours), il faut r\u00e9colter les fleurs (celles-ci sont comestibles). Cette \u00e9tape permettra au bulbe de <b>grossir<\/b> encore plus.<\/p>\n<h2><span class=\"ez-toc-section\" id=\"Comment_recolter_de_lail\"><\/span><strong>Comment r\u00e9colter de l&rsquo;ail ?<\/strong><span class=\"ez-toc-section-end\"><\/span><\/h2>\n<p>R\u00e9coltez les bulbes de 4 \u00e0 5 semaines apr\u00e8s la <b>r\u00e9colte<\/b> des fleurs d&rsquo;<b>ail<\/b>, g\u00e9n\u00e9ralement la derni\u00e8re semaine de juillet ou la premi\u00e8re semaine d&rsquo;ao\u00fbt. Si possible, choisissez une journ\u00e9e s\u00e8che et venteuse. Les peaux ext\u00e9rieures seront minces comme du papier et vous pourrez sentir un espace entre les ca\u00efeux et la tige.<\/p>\n<h2><span class=\"ez-toc-section\" id=\"Quand_recolter_lail_plante_en_novembre\"><\/span><strong>Quand r\u00e9colter l&rsquo;ail plante en novembre ?<\/strong><span class=\"ez-toc-section-end\"><\/span><\/h2>\n<p><b>Quand<\/b> les deux tiers des feuilles sont s\u00e8ches ( et donc jaunies\/brun\u00e2tres), c&rsquo;est le moment de <b>r\u00e9colter<\/b>. Et il faut certaines ann\u00e9es jongler avec les caprices du ciel <b>quand<\/b> un mois de juillet particuli\u00e8rement humide retarde la <b>r\u00e9colte<\/b>.<\/p>\n<h2><span class=\"ez-toc-section\" id=\"Comment_faire_grossir_les_pommes_de_terre\"><\/span><strong>Comment faire grossir les pommes de terre ?<\/strong><span class=\"ez-toc-section-end\"><\/span><\/h2>\n<p>Le d\u00e9fanage : couper les feuilles de <b>pommes de terre<\/b><\/p>\n<p> Il va \u00e9galement faciliter le ramassage. Le d\u00e9fanage peut \u00eatre <b>fait<\/b> \u00e0 la main ou bien \u00eatre thermique. Il est g\u00e9n\u00e9ralis\u00e9 en agriculture, car il permet de calibrer la taille des <b>pommes de terre<\/b> et facilite leur arrachage.<\/p>\n<h2><span class=\"ez-toc-section\" id=\"Quand_recolter_les_pommes_de_terre_en_2021\"><\/span><strong>Quand r\u00e9colter les pommes de terre en 2021 ?<\/strong><span class=\"ez-toc-section-end\"><\/span><\/h2>\n<p>Alors que l&rsquo;ann\u00e9e derni\u00e8re, la <b>r\u00e9colte<\/b> de <b>pommes de terre<\/b> avait commenc\u00e9 avec beaucoup d&rsquo;avance la premi\u00e8re semaine de juillet, cette ann\u00e9e, elle va d\u00e9buter bien en retard : \u00ab Nous devrions commencer la <b>r\u00e9colte<\/b> \u00e0 la fin de la semaine.<\/p>\n<h2><span class=\"ez-toc-section\" id=\"Quand_commencer_a_arroser_les_pommes_de_terre\"><\/span><strong>Quand commencer \u00e0 arroser les pommes de terre ?<\/strong><span class=\"ez-toc-section-end\"><\/span><\/h2>\n<p>La <b>pomme de terre<\/b> appr\u00e9cie beaucoup l&rsquo;eau. Pendant les p\u00e9riodes chaudes et s\u00e8ches, arrosez donc r\u00e9guli\u00e8rement le sol entre les rangs de votre culture, de pr\u00e9f\u00e9rence le soir ou le matin. Mais ne mouillez pas le feuillage, de fa\u00e7on \u00e0 \u00e9viter le d\u00e9veloppement de maladies.<\/p>\n<h2><span class=\"ez-toc-section\" id=\"Quand_ramasser_aubergine_blanche\"><\/span><strong>Quand ramasser aubergine blanche ?<\/strong><span class=\"ez-toc-section-end\"><\/span><\/h2>\n<p>La r\u00e9colte des fruits se fait \u00e0 partir de juillet jusqu&rsquo;en octobre. Ils se r\u00e9coltent jeunes, lorsqu&rsquo;ils sont de la taille d&rsquo;un gros \u0153uf de poule.<\/p>\n<h2><span class=\"ez-toc-section\" id=\"Comment_conserver_un_pied_daubergine\"><\/span><strong>Comment conserver un pied d&rsquo;aubergine ?<\/strong><span class=\"ez-toc-section-end\"><\/span><\/h2>\n<p>Bonne fin de semaine. L&rsquo;<b>aubergine<\/b> est une plante vivace mais cultiv\u00e9e comme annuelle sous notre climat. Un hivernage peut \u00eatre tent\u00e9 avec d\u00e9terrage, un peu de taille et replantation en pot dans un lieu tr\u00e8s bien \u00e9clair\u00e9 comme une v\u00e9randa.<\/p>\n<h2><span class=\"ez-toc-section\" id=\"Quelle_est_la_hauteur_dun_pied_daubergine\"><\/span><strong>Quelle est la hauteur d&rsquo;un pied d&rsquo;aubergine ?<\/strong><span class=\"ez-toc-section-end\"><\/span><\/h2>\n<p>Cette plante potag\u00e8re annuelle <b>est<\/b> le l\u00e9gume d&rsquo;\u00e9t\u00e9 par excellence. Elle mesure entre 60 et 80 cm de <b>hauteur<\/b>. Ses feuilles de couleur vert p\u00e2le <b>sont<\/b> ovales, caduques et recouvertes d&rsquo;un duvet \u00e9pais.<\/p>\n<h2><span class=\"ez-toc-section\" id=\"Comment_faire_rougir_les_piments\"><\/span><strong>Comment faire rougir les piments ?<\/strong><span class=\"ez-toc-section-end\"><\/span><\/h2>\n<p>vous pouvez couper une tige et laisser le <b>piment<\/b> suspendu la t\u00eate \u00e0 l&rsquo;envers dans un endroit frais et sec le temps de le laisser finir de m\u00fbrir. si vous taillez votre plant cela vous permettra de favoriser sa pousse et contribuer \u00e0 <b>faire<\/b> m\u00fbrir les fruits.<\/p>\n<h2><span class=\"ez-toc-section\" id=\"Comment_faire_murir_pasteque\"><\/span><strong>Comment faire m\u00fbrir past\u00e8que ?<\/strong><span class=\"ez-toc-section-end\"><\/span><\/h2>\n<p>-3- Si vous souhaitez <b>faire murir<\/b> votre <b>past\u00e8que<\/b> apr\u00e8s l&rsquo;avoir achet\u00e9e, gardez-la \u00e0 temp\u00e9rature ambiante pendant deux jours. Cela permettra \u00e0 la <b>past\u00e8que<\/b> de <b>murir<\/b> l\u00e9g\u00e8rement, mais pas de mani\u00e8re exceptionnelle.<\/p>\n<h2><span class=\"ez-toc-section\" id=\"Comment_faire_murir_des_physalis\"><\/span><strong>Comment faire m\u00fbrir des physalis ?<\/strong><span class=\"ez-toc-section-end\"><\/span><\/h2>\n<p><b>  Pour ce  <b>   faire  <\/b>  , vous pouvez : Sur le m\u00eame sujet : Quels l\u00e9gumes planter dans son jardin ?. <\/b> <\/p>\n<ol>\n<li>   placer le fruit dans un sac en papier et le fermer sans trop serrer.  <\/li>\n<li>   laisser le fruit   <b>    m\u00fbrir   <\/b>   quelques jours \u00e0 temp\u00e9rature ambiante.  <\/li>\n<li>   v\u00e9rifier de temps en temps si le fruit est pr\u00eat \u00e0 \u00eatre mang\u00e9  <\/li>\n<\/ol>\n<h2><span class=\"ez-toc-section\" id=\"Pourquoi_mes_ails_ne_grossissent_pas\"><\/span><strong>Pourquoi mes ails ne grossissent pas ?<\/strong><span class=\"ez-toc-section-end\"><\/span><\/h2>\n<p>En ce qui concerne l&rsquo;arrosage, l&rsquo;<b>ail<\/b> se d\u00e9patouille tout seul (comme le dit si bien AMATY). Il n&rsquo;a <b>pas<\/b> besoin de beaucoup d&rsquo;eau. Sinon essaie de griffer entre tes rangs pour que la terre <b>ne<\/b> soit <b>pas<\/b> trop dure au niveau de tes t\u00eates d&rsquo;<b>ails<\/b>. Normalement, elles pourrons <b>grossir<\/b>.<\/p>\n<h2><span class=\"ez-toc-section\" id=\"Quel_engrais_pour_de_lail\"><\/span><strong>Quel engrais pour de l&rsquo;ail ?<\/strong><span class=\"ez-toc-section-end\"><\/span><\/h2>\n<p>L&rsquo;<b>ail<\/b> est une plante qui appr\u00e9cie l&rsquo;azote en d\u00e9but de croissance, puis la potasse et le phosphore. Vous pouvez donc pr\u00e9voir d&rsquo;apporter un <b>engrais<\/b> bien muri en mars quelques semaines avant la plantation de votre <b>ail<\/b>.<\/p>\n<h2><span class=\"ez-toc-section\" id=\"Pourquoi_mon_ail_ne_pousse_pas\"><\/span><strong>Pourquoi mon ail ne pousse pas ?<\/strong><span class=\"ez-toc-section-end\"><\/span><\/h2>\n<p>Il aime la s\u00e9cheresse et d\u00e9teste l&rsquo;humidit\u00e9 qui peut fait pourrir ses bulbes. La terre <b>ne<\/b> doit <b>pas<\/b> retenir l&rsquo;eau et \u00eatre bien drain\u00e9e. Il a donc du mal \u00e0 <b>pousser<\/b> dans les terres argileuses.<\/p>\n<h2><span class=\"ez-toc-section\" id=\"Quand_et_comment_cueillir_lail\"><\/span><strong>Quand et comment cueillir l&rsquo;ail ?<\/strong><span class=\"ez-toc-section-end\"><\/span><\/h2>\n<p><b>Quand<\/b> r\u00e9colter? Le moment propice peut varier selon les r\u00e9gions et les vari\u00e9t\u00e9s. Lorsque la moiti\u00e9 des feuilles du bas ont jauni, mais que celles du haut sont encore vertes est un bon indice visuel. Pour que les bulbes se conservent longtemps, il faut les r\u00e9colter un peu avant leur pleine maturit\u00e9.<\/p>\n<h2><span class=\"ez-toc-section\" id=\"Quand_recolter_lail_plante_en_mars\"><\/span><strong>Quand r\u00e9colter l&rsquo;ail plante en mars ?<\/strong><span class=\"ez-toc-section-end\"><\/span><\/h2>\n<p>La r\u00e9ponse est positive mais il faudra attendre juillet\/ao\u00fbt pour <b>r\u00e9colter<\/b> les premi\u00e8res \u00abt\u00eates\u00bb. Il est encore temps de <b>planter<\/b> l&rsquo;<b>ail<\/b> au mois de <b>mars<\/b>, mais vous ne r\u00e9colterez rien avant juillet\/ao\u00fbt.<\/p>\n<h2><span class=\"ez-toc-section\" id=\"Comment_faire_secher_son_ail\"><\/span><strong>Comment faire s\u00e9cher son ail ?<\/strong><span class=\"ez-toc-section-end\"><\/span><\/h2>\n<p>Les bulbes, avec ou sans les feuilles, peuvent aussi \u00eatre s\u00e9ch\u00e9s dans des boites \u00e0 l\u00e9gumes ajour\u00e9es en plastique ou, comme c&rsquo;est souvent le cas pour l&rsquo;oignon, dans des caisses-palettes \u00e0 fond trou\u00e9. Une ventilation forc\u00e9e de bas en haut \u00e0 travers les bo\u00eetes est alors utilis\u00e9e pour assurer un s\u00e9chage rapide et uniforme.<\/p>\n<h2><strong><\/strong><\/h2>\n<h2><strong><\/strong><\/h2>\n<hr \/>\n<p><em>Editeurs: 26 &#8211; R\u00e9f\u00e9rences: 38 articles<\/em><\/p>\n<p><em>N\u2019oubliez pas de partager l\u2019article !<\/em><\/p>\n","protected":false},"excerpt":{"rendered":"<p>R\u00e9coltez deux \u00e0 trois fois par semaine en pleine saison, \u00e0 partir de la mi-juillet, en pleine terre et dans les r\u00e9gions de climat doux. Ailleurs, il faut patienter jusqu&rsquo;\u00e0 la fin de juillet. Une culture sous serre ou en v\u00e9randa est toujours plus pr\u00e9coce de deux \u00e0 trois semaines. Mais encore, Quand l&rsquo;ail est [&hellip;]<\/p>\n","protected":false},"author":2,"featured_media":0,"comment_status":"open","ping_status":"open","sticky":false,"template":"","format":"standard","meta":{"tdm_status":"","tdm_grid_status":"","_jetpack_memberships_contains_paid_content":false,"footnotes":"","jetpack_publicize_message":"","jetpack_publicize_feature_enabled":true,"jetpack_social_post_already_shared":true,"jetpack_social_options":{"image_generator_settings":{"template":"highway","default_image_id":0,"font":"","enabled":false},"version":2}},"categories":[3457],"tags":[],"class_list":["post-47896","post","type-post","status-publish","format-standard","hentry","category-maison"],"yoast_head":"<!-- This site is optimized with the Yoast SEO Premium plugin v25.0 (Yoast SEO v25.0) - https:\/\/yoast.com\/wordpress\/plugins\/seo\/ -->\n<title>Comment savoir quand cueillir une aubergine ?<\/title>\n<meta name=\"description\" content=\"R\u00e9coltez deux \u00e0 trois fois par semaine en pleine saison, \u00e0 partir de la mi-juillet, en pleine terre et dans les r\u00e9gions de climat doux. Ailleurs, il faut\" \/>\n<meta name=\"robots\" content=\"index, follow, max-snippet:-1, max-image-preview:large, max-video-preview:-1\" \/>\n<link rel=\"canonical\" href=\"https:\/\/flashmode.tn\/magazine\/comment-savoir-quand-cueillir-une-aubergine-2\/\" \/>\n<meta property=\"og:locale\" content=\"fr_FR\" \/>\n<meta property=\"og:type\" content=\"article\" \/>\n<meta property=\"og:title\" content=\"Comment savoir quand cueillir une aubergine ? - Flashmode Magazine | Magazine de mode et style de vie Num\u00e9ro un en Tunisie et au Maghreb\" \/>\n<meta property=\"og:description\" content=\"R\u00e9coltez deux \u00e0 trois fois par semaine en pleine saison, \u00e0 partir de la mi-juillet, en pleine terre et dans les r\u00e9gions de climat doux. Ailleurs, il faut\" \/>\n<meta property=\"og:url\" content=\"https:\/\/flashmode.tn\/magazine\/comment-savoir-quand-cueillir-une-aubergine-2\/\" \/>\n<meta property=\"og:site_name\" content=\"Flashmode Magazine | Magazine de mode et style de vie Num\u00e9ro un en Tunisie et au Maghreb\" \/>\n<meta property=\"article:publisher\" content=\"https:\/\/www.facebook.com\/flashmode.magazine\/\" \/>\n<meta property=\"article:published_time\" content=\"2021-12-17T17:44:09+00:00\" \/>\n<meta name=\"author\" content=\"Nora D.\" \/>\n<meta name=\"twitter:card\" content=\"summary_large_image\" \/>\n<meta name=\"twitter:creator\" content=\"@agenceflashmode\" \/>\n<meta name=\"twitter:site\" content=\"@agenceflashmode\" \/>\n<meta name=\"twitter:label1\" content=\"\u00c9crit par\" \/>\n\t<meta name=\"twitter:data1\" content=\"Nora D.\" \/>\n\t<meta name=\"twitter:label2\" content=\"Dur\u00e9e de lecture estim\u00e9e\" \/>\n\t<meta name=\"twitter:data2\" content=\"6 minutes\" \/>\n<script type=\"application\/ld+json\" class=\"yoast-schema-graph\">{\"@context\":\"https:\/\/schema.org\",\"@graph\":[{\"@type\":\"WebPage\",\"@id\":\"https:\/\/flashmode.tn\/magazine\/comment-savoir-quand-cueillir-une-aubergine-2\/\",\"url\":\"https:\/\/flashmode.tn\/magazine\/comment-savoir-quand-cueillir-une-aubergine-2\/\",\"name\":\"Comment savoir quand cueillir une aubergine ?\",\"isPartOf\":{\"@id\":\"https:\/\/flashmode.tn\/magazine\/#website\"},\"datePublished\":\"2021-12-17T17:44:09+00:00\",\"author\":{\"@id\":\"https:\/\/flashmode.tn\/magazine\/#\/schema\/person\/ebeaf8414935b60ba8817ab0babd7fbe\"},\"description\":\"R\u00e9coltez deux \u00e0 trois fois par semaine en pleine saison, \u00e0 partir de la mi-juillet, en pleine terre et dans les r\u00e9gions de climat doux. Ailleurs, il faut\",\"breadcrumb\":{\"@id\":\"https:\/\/flashmode.tn\/magazine\/comment-savoir-quand-cueillir-une-aubergine-2\/#breadcrumb\"},\"inLanguage\":\"fr-FR\",\"potentialAction\":[{\"@type\":\"ReadAction\",\"target\":[\"https:\/\/flashmode.tn\/magazine\/comment-savoir-quand-cueillir-une-aubergine-2\/\"]}]},{\"@type\":\"BreadcrumbList\",\"@id\":\"https:\/\/flashmode.tn\/magazine\/comment-savoir-quand-cueillir-une-aubergine-2\/#breadcrumb\",\"itemListElement\":[{\"@type\":\"ListItem\",\"position\":1,\"name\":\"Accueil\",\"item\":\"https:\/\/flashmode.tn\/magazine\/\"},{\"@type\":\"ListItem\",\"position\":2,\"name\":\"Comment savoir quand cueillir une aubergine ?\"}]},{\"@type\":\"WebSite\",\"@id\":\"https:\/\/flashmode.tn\/magazine\/#website\",\"url\":\"https:\/\/flashmode.tn\/magazine\/\",\"name\":\"Flashmode Magazine | Magazine de mode et style de vie Num\u00e9ro un en Tunisie et au Maghreb\",\"description\":\"Magazine de mode et style de vie Num\u00e9ro un en Tunisie et au Maghreb, cr\u00e9\u00e9 pour les hommes et les femmes : conseils beaut\u00e9, mode femme, mode homme, recettes de cuisine, c\u00e9l\u00e9brit\u00e9s et people, mannequins et top modeles\",\"potentialAction\":[{\"@type\":\"SearchAction\",\"target\":{\"@type\":\"EntryPoint\",\"urlTemplate\":\"https:\/\/flashmode.tn\/magazine\/?s={search_term_string}\"},\"query-input\":{\"@type\":\"PropertyValueSpecification\",\"valueRequired\":true,\"valueName\":\"search_term_string\"}}],\"inLanguage\":\"fr-FR\"},{\"@type\":\"Person\",\"@id\":\"https:\/\/flashmode.tn\/magazine\/#\/schema\/person\/ebeaf8414935b60ba8817ab0babd7fbe\",\"name\":\"Nora D.\",\"image\":{\"@type\":\"ImageObject\",\"inLanguage\":\"fr-FR\",\"@id\":\"https:\/\/flashmode.tn\/magazine\/#\/schema\/person\/image\/\",\"url\":\"https:\/\/secure.gravatar.com\/avatar\/a51d897ddf0a2216affe16e03a39790850922d1b5b29f147f35db7ccb8861eab?s=96&d=mm&r=g\",\"contentUrl\":\"https:\/\/secure.gravatar.com\/avatar\/a51d897ddf0a2216affe16e03a39790850922d1b5b29f147f35db7ccb8861eab?s=96&d=mm&r=g\",\"caption\":\"Nora D.\"},\"url\":\"https:\/\/flashmode.tn\/magazine\/author\/nora-damak\/\"}]}<\/script>\n<!-- \/ Yoast SEO Premium plugin. -->","yoast_head_json":{"title":"Comment savoir quand cueillir une aubergine ?","description":"R\u00e9coltez deux \u00e0 trois fois par semaine en pleine saison, \u00e0 partir de la mi-juillet, en pleine terre et dans les r\u00e9gions de climat doux. Ailleurs, il faut","robots":{"index":"index","follow":"follow","max-snippet":"max-snippet:-1","max-image-preview":"max-image-preview:large","max-video-preview":"max-video-preview:-1"},"canonical":"https:\/\/flashmode.tn\/magazine\/comment-savoir-quand-cueillir-une-aubergine-2\/","og_locale":"fr_FR","og_type":"article","og_title":"Comment savoir quand cueillir une aubergine ? - Flashmode Magazine | Magazine de mode et style de vie Num\u00e9ro un en Tunisie et au Maghreb","og_description":"R\u00e9coltez deux \u00e0 trois fois par semaine en pleine saison, \u00e0 partir de la mi-juillet, en pleine terre et dans les r\u00e9gions de climat doux. Ailleurs, il faut","og_url":"https:\/\/flashmode.tn\/magazine\/comment-savoir-quand-cueillir-une-aubergine-2\/","og_site_name":"Flashmode Magazine | Magazine de mode et style de vie Num\u00e9ro un en Tunisie et au Maghreb","article_publisher":"https:\/\/www.facebook.com\/flashmode.magazine\/","article_published_time":"2021-12-17T17:44:09+00:00","author":"Nora D.","twitter_card":"summary_large_image","twitter_creator":"@agenceflashmode","twitter_site":"@agenceflashmode","twitter_misc":{"\u00c9crit par":"Nora D.","Dur\u00e9e de lecture estim\u00e9e":"6 minutes"},"schema":{"@context":"https:\/\/schema.org","@graph":[{"@type":"WebPage","@id":"https:\/\/flashmode.tn\/magazine\/comment-savoir-quand-cueillir-une-aubergine-2\/","url":"https:\/\/flashmode.tn\/magazine\/comment-savoir-quand-cueillir-une-aubergine-2\/","name":"Comment savoir quand cueillir une aubergine ?","isPartOf":{"@id":"https:\/\/flashmode.tn\/magazine\/#website"},"datePublished":"2021-12-17T17:44:09+00:00","author":{"@id":"https:\/\/flashmode.tn\/magazine\/#\/schema\/person\/ebeaf8414935b60ba8817ab0babd7fbe"},"description":"R\u00e9coltez deux \u00e0 trois fois par semaine en pleine saison, \u00e0 partir de la mi-juillet, en pleine terre et dans les r\u00e9gions de climat doux. Ailleurs, il faut","breadcrumb":{"@id":"https:\/\/flashmode.tn\/magazine\/comment-savoir-quand-cueillir-une-aubergine-2\/#breadcrumb"},"inLanguage":"fr-FR","potentialAction":[{"@type":"ReadAction","target":["https:\/\/flashmode.tn\/magazine\/comment-savoir-quand-cueillir-une-aubergine-2\/"]}]},{"@type":"BreadcrumbList","@id":"https:\/\/flashmode.tn\/magazine\/comment-savoir-quand-cueillir-une-aubergine-2\/#breadcrumb","itemListElement":[{"@type":"ListItem","position":1,"name":"Accueil","item":"https:\/\/flashmode.tn\/magazine\/"},{"@type":"ListItem","position":2,"name":"Comment savoir quand cueillir une aubergine ?"}]},{"@type":"WebSite","@id":"https:\/\/flashmode.tn\/magazine\/#website","url":"https:\/\/flashmode.tn\/magazine\/","name":"Flashmode Magazine | Magazine de mode et style de vie Num\u00e9ro un en Tunisie et au Maghreb","description":"Magazine de mode et style de vie Num\u00e9ro un en Tunisie et au Maghreb, cr\u00e9\u00e9 pour les hommes et les femmes : conseils beaut\u00e9, mode femme, mode homme, recettes de cuisine, c\u00e9l\u00e9brit\u00e9s et people, mannequins et top modeles","potentialAction":[{"@type":"SearchAction","target":{"@type":"EntryPoint","urlTemplate":"https:\/\/flashmode.tn\/magazine\/?s={search_term_string}"},"query-input":{"@type":"PropertyValueSpecification","valueRequired":true,"valueName":"search_term_string"}}],"inLanguage":"fr-FR"},{"@type":"Person","@id":"https:\/\/flashmode.tn\/magazine\/#\/schema\/person\/ebeaf8414935b60ba8817ab0babd7fbe","name":"Nora D.","image":{"@type":"ImageObject","inLanguage":"fr-FR","@id":"https:\/\/flashmode.tn\/magazine\/#\/schema\/person\/image\/","url":"https:\/\/secure.gravatar.com\/avatar\/a51d897ddf0a2216affe16e03a39790850922d1b5b29f147f35db7ccb8861eab?s=96&d=mm&r=g","contentUrl":"https:\/\/secure.gravatar.com\/avatar\/a51d897ddf0a2216affe16e03a39790850922d1b5b29f147f35db7ccb8861eab?s=96&d=mm&r=g","caption":"Nora D."},"url":"https:\/\/flashmode.tn\/magazine\/author\/nora-damak\/"}]}},"jetpack_publicize_connections":[],"jetpack_featured_media_url":"","jetpack_shortlink":"https:\/\/wp.me\/p8BPGr-csw","jetpack_sharing_enabled":true,"_links":{"self":[{"href":"https:\/\/flashmode.tn\/magazine\/wp-json\/wp\/v2\/posts\/47896","targetHints":{"allow":["GET"]}}],"collection":[{"href":"https:\/\/flashmode.tn\/magazine\/wp-json\/wp\/v2\/posts"}],"about":[{"href":"https:\/\/flashmode.tn\/magazine\/wp-json\/wp\/v2\/types\/post"}],"author":[{"embeddable":true,"href":"https:\/\/flashmode.tn\/magazine\/wp-json\/wp\/v2\/users\/2"}],"replies":[{"embeddable":true,"href":"https:\/\/flashmode.tn\/magazine\/wp-json\/wp\/v2\/comments?post=47896"}],"version-history":[{"count":0,"href":"https:\/\/flashmode.tn\/magazine\/wp-json\/wp\/v2\/posts\/47896\/revisions"}],"wp:attachment":[{"href":"https:\/\/flashmode.tn\/magazine\/wp-json\/wp\/v2\/media?parent=47896"}],"wp:term":[{"taxonomy":"category","embeddable":true,"href":"https:\/\/flashmode.tn\/magazine\/wp-json\/wp\/v2\/categories?post=47896"},{"taxonomy":"post_tag","embeddable":true,"href":"https:\/\/flashmode.tn\/magazine\/wp-json\/wp\/v2\/tags?post=47896"}],"curies":[{"name":"wp","href":"https:\/\/api.w.org\/{rel}","templated":true}]}}