{"id":48559,"date":"2022-01-22T22:12:02","date_gmt":"2022-01-22T21:12:02","guid":{"rendered":"https:\/\/flashmode.tn\/magazine\/?p=48559"},"modified":"2022-01-22T22:12:02","modified_gmt":"2022-01-22T21:12:02","slug":"puis-je-semer-mes-radis-aujourdhui","status":"publish","type":"post","link":"https:\/\/flashmode.tn\/magazine\/puis-je-semer-mes-radis-aujourdhui\/","title":{"rendered":"Puis-je semer mes radis aujourd&rsquo;hui ?"},"content":{"rendered":"<p>Il est possible de <b>semer<\/b> des <b>radis<\/b> de 18 jours jusqu&rsquo;\u00e0 la fin septembre. Arroser le sillon pour faciliter la germination. &#8230; Les graines doivent \u00eatre recouvertes de 1 \u00e0 2 cm de terre et le <b>semis<\/b> bien plomb\u00e9, en terre battante.<\/p>\n<p>Mais encore, Quel jour semer les radis en juillet ?<\/p>\n<p>Le <b>radis<\/b> de 18 <b>jours<\/b> est le plus courant. Le <b>semis<\/b> s&rsquo;effectue en pleine terre entre mars et fin <b>juillet<\/b>. La r\u00e9colte est r\u00e9alis\u00e9e entre avril et fin ao\u00fbt.<\/p>\n<p>et Comment ramasser des radis ?<\/p>\n<p>Lorsque vous apercevez nettement le collet entre la tige et la racine, il est temps de r\u00e9colter, sans attendre car ils deviennent plus ou moins rapidement creux lorsqu&rsquo;ils grossissent et ont plus tendance \u00e0 piquer.<\/p>\n<p>Comment savoir si un radis est encore bon ?<\/p>\n<p>Il doit \u00eatre ferme, sans taches ni craquelures. Mais avant tout, c&rsquo;<b>est<\/b> la fra\u00eecheur de ses fanes, bien vertes, <b>qu<\/b>&lsquo;il faut regarder.<\/p>\n<div id=\"ez-toc-container\" class=\"ez-toc-v2_0_81 counter-hierarchy ez-toc-counter ez-toc-grey ez-toc-container-direction\">\n<div class=\"ez-toc-title-container\">\n<p class=\"ez-toc-title\" style=\"cursor:inherit\">Contenus de la page<\/p>\n<span class=\"ez-toc-title-toggle\"><a href=\"#\" class=\"ez-toc-pull-right ez-toc-btn ez-toc-btn-xs ez-toc-btn-default ez-toc-toggle\" aria-label=\"Toggle Table of Content\"><span class=\"ez-toc-js-icon-con\"><span class=\"\"><span class=\"eztoc-hide\" style=\"display:none;\">Toggle<\/span><span class=\"ez-toc-icon-toggle-span\"><svg style=\"fill: #999;color:#999\" xmlns=\"http:\/\/www.w3.org\/2000\/svg\" class=\"list-377408\" width=\"20px\" height=\"20px\" viewBox=\"0 0 24 24\" fill=\"none\"><path d=\"M6 6H4v2h2V6zm14 0H8v2h12V6zM4 11h2v2H4v-2zm16 0H8v2h12v-2zM4 16h2v2H4v-2zm16 0H8v2h12v-2z\" fill=\"currentColor\"><\/path><\/svg><svg style=\"fill: #999;color:#999\" class=\"arrow-unsorted-368013\" xmlns=\"http:\/\/www.w3.org\/2000\/svg\" width=\"10px\" height=\"10px\" viewBox=\"0 0 24 24\" version=\"1.2\" baseProfile=\"tiny\"><path d=\"M18.2 9.3l-6.2-6.3-6.2 6.3c-.2.2-.3.4-.3.7s.1.5.3.7c.2.2.4.3.7.3h11c.3 0 .5-.1.7-.3.2-.2.3-.5.3-.7s-.1-.5-.3-.7zM5.8 14.7l6.2 6.3 6.2-6.3c.2-.2.3-.5.3-.7s-.1-.5-.3-.7c-.2-.2-.4-.3-.7-.3h-11c-.3 0-.5.1-.7.3-.2.2-.3.5-.3.7s.1.5.3.7z\"\/><\/svg><\/span><\/span><\/span><\/a><\/span><\/div>\n<nav><ul class='ez-toc-list ez-toc-list-level-1 ' ><li class='ez-toc-page-1 ez-toc-heading-level-2'><a class=\"ez-toc-link ez-toc-heading-1\" href=\"https:\/\/flashmode.tn\/magazine\/puis-je-semer-mes-radis-aujourdhui\/#Pourquoi_les_radis_poussent_en_feuilles\" >Pourquoi les radis poussent en feuilles ?<\/a><\/li><li class='ez-toc-page-1 ez-toc-heading-level-2'><a class=\"ez-toc-link ez-toc-heading-2\" href=\"https:\/\/flashmode.tn\/magazine\/puis-je-semer-mes-radis-aujourdhui\/#Quand_planter_les_poireaux_en_juillet_2021\" >Quand planter les poireaux en juillet 2021 ?<\/a><\/li><li class='ez-toc-page-1 ez-toc-heading-level-2'><a class=\"ez-toc-link ez-toc-heading-3\" href=\"https:\/\/flashmode.tn\/magazine\/puis-je-semer-mes-radis-aujourdhui\/#Quand_semer_haricots_verts_en_juillet_2021\" >Quand semer haricots verts en juillet 2021 ?<\/a><\/li><li class='ez-toc-page-1 ez-toc-heading-level-2'><a class=\"ez-toc-link ez-toc-heading-4\" href=\"https:\/\/flashmode.tn\/magazine\/puis-je-semer-mes-radis-aujourdhui\/#Quand_semer_en_juillet_2021\" >Quand semer en juillet 2021 ?<\/a><\/li><li class='ez-toc-page-1 ez-toc-heading-level-2'><a class=\"ez-toc-link ez-toc-heading-5\" href=\"https:\/\/flashmode.tn\/magazine\/puis-je-semer-mes-radis-aujourdhui\/#Pourquoi_les_radis_ne_poussent_pas\" >Pourquoi les radis ne poussent pas ?<\/a><\/li><li class='ez-toc-page-1 ez-toc-heading-level-2'><a class=\"ez-toc-link ez-toc-heading-6\" href=\"https:\/\/flashmode.tn\/magazine\/puis-je-semer-mes-radis-aujourdhui\/#Comment_conserver_les_radis_au_frigo\" >Comment conserver les radis au frigo ?<\/a><\/li><li class='ez-toc-page-1 ez-toc-heading-level-2'><a class=\"ez-toc-link ez-toc-heading-7\" href=\"https:\/\/flashmode.tn\/magazine\/puis-je-semer-mes-radis-aujourdhui\/#Comment_conserver_les_radis_laves_au_frigo\" >Comment conserver les radis lav\u00e9s au frigo ?<\/a><\/li><li class='ez-toc-page-1 ez-toc-heading-level-2'><a class=\"ez-toc-link ez-toc-heading-8\" href=\"https:\/\/flashmode.tn\/magazine\/puis-je-semer-mes-radis-aujourdhui\/#Comment_garder_le_croquant_des_radis\" >Comment garder le croquant des radis ?<\/a><\/li><li class='ez-toc-page-1 ez-toc-heading-level-2'><a class=\"ez-toc-link ez-toc-heading-9\" href=\"https:\/\/flashmode.tn\/magazine\/puis-je-semer-mes-radis-aujourdhui\/#Pourquoi_mes_radis_nont_pas_grossi\" >Pourquoi mes radis n&rsquo;ont pas grossi ?<\/a><\/li><li class='ez-toc-page-1 ez-toc-heading-level-2'><a class=\"ez-toc-link ez-toc-heading-10\" href=\"https:\/\/flashmode.tn\/magazine\/puis-je-semer-mes-radis-aujourdhui\/#Comment_enlever_le_piquant_des_radis\" >Comment enlever le piquant des radis ?<\/a><\/li><li class='ez-toc-page-1 ez-toc-heading-level-2'><a class=\"ez-toc-link ez-toc-heading-11\" href=\"https:\/\/flashmode.tn\/magazine\/puis-je-semer-mes-radis-aujourdhui\/#Pourquoi_les_melon_ne_grossissent_pas\" >Pourquoi les melon ne grossissent pas ?<\/a><\/li><li class='ez-toc-page-1 ez-toc-heading-level-2'><a class=\"ez-toc-link ez-toc-heading-12\" href=\"https:\/\/flashmode.tn\/magazine\/puis-je-semer-mes-radis-aujourdhui\/#Quand_planter_les_poireaux_avec_la_lune_2020\" >Quand planter les poireaux avec la lune 2020 ?<\/a><\/li><li class='ez-toc-page-1 ez-toc-heading-level-2'><a class=\"ez-toc-link ez-toc-heading-13\" href=\"https:\/\/flashmode.tn\/magazine\/puis-je-semer-mes-radis-aujourdhui\/#Quand_planter_les_poireaux_en_mai_2021\" >Quand planter les poireaux en mai 2021 ?<\/a><\/li><li class='ez-toc-page-1 ez-toc-heading-level-2'><a class=\"ez-toc-link ez-toc-heading-14\" href=\"https:\/\/flashmode.tn\/magazine\/puis-je-semer-mes-radis-aujourdhui\/#Comment_on_fait_pour_faire_grossir_les_pied_de_poireau\" >Comment on fait pour faire grossir les pied de poireau ?<\/a><\/li><li class='ez-toc-page-1 ez-toc-heading-level-2'><a class=\"ez-toc-link ez-toc-heading-15\" href=\"https:\/\/flashmode.tn\/magazine\/puis-je-semer-mes-radis-aujourdhui\/#Quand_semer_haricots_verts_en_mai_2021\" >Quand semer haricots verts en mai 2021 ?<\/a><\/li><li class='ez-toc-page-1 ez-toc-heading-level-2'><a class=\"ez-toc-link ez-toc-heading-16\" href=\"https:\/\/flashmode.tn\/magazine\/puis-je-semer-mes-radis-aujourdhui\/#Quand_planter_les_haricots_verts_en_pleine_terre\" >Quand planter les haricots verts en pleine terre ?<\/a><\/li><li class='ez-toc-page-1 ez-toc-heading-level-2'><a class=\"ez-toc-link ez-toc-heading-17\" href=\"https:\/\/flashmode.tn\/magazine\/puis-je-semer-mes-radis-aujourdhui\/#Quand_planter_des_haricots_verts_avec_la_lune\" >Quand planter des haricots verts avec la lune ?<\/a><\/li><li class='ez-toc-page-1 ez-toc-heading-level-2'><a class=\"ez-toc-link ez-toc-heading-18\" href=\"https:\/\/flashmode.tn\/magazine\/puis-je-semer-mes-radis-aujourdhui\/#Quand_semer_en_juillet\" >Quand semer en juillet ?<\/a><\/li><li class='ez-toc-page-1 ez-toc-heading-level-2'><a class=\"ez-toc-link ez-toc-heading-19\" href=\"https:\/\/flashmode.tn\/magazine\/puis-je-semer-mes-radis-aujourdhui\/#Quelle_lune_le_18_juillet_2021\" >Quelle lune le 18 juillet 2021 ?<\/a><\/li><\/ul><\/nav><\/div>\n<h2><span class=\"ez-toc-section\" id=\"Pourquoi_les_radis_poussent_en_feuilles\"><\/span>Pourquoi les radis poussent en feuilles ?<span class=\"ez-toc-section-end\"><\/span><\/h2>\n<p>G\u00e9n\u00e9ralement, un <b>radis<\/b> stress\u00e9 ou trop serr\u00e9 <b>monte<\/b> sans se former. &#8230; Les <b>radis<\/b> pr\u00e9f\u00e8rent une exposition ensoleill\u00e9e, sauf l&rsquo;\u00e9t\u00e9 o\u00f9 ils supportent une ombre l\u00e9g\u00e8re. Leur cycle \u00e9tant rapide, la terre doit \u00eatre affin\u00e9e sur 10 \u00e0 15 cm de profondeur afin qu&rsquo;ils grossissent sans contrainte.<\/p>\n<h2><span class=\"ez-toc-section\" id=\"Quand_planter_les_poireaux_en_juillet_2021\"><\/span><strong>Quand planter les poireaux en juillet 2021 ?<\/strong><span class=\"ez-toc-section-end\"><\/span><\/h2>\n<p>Quand et comment cultiver les poireaux ? <\/p>\n<table>\n<tbody>\n<tr>\n<th>     Semis    <\/th>\n<th>     Repiquage    <\/th>\n<th>     Culture    <\/th>\n<\/tr>\n<tr>\n<td>     Janvier    <\/td>\n<td>     Avril    <\/td>\n<td>     forc\u00e9e sous ch\u00e2ssis    <\/td>\n<\/tr>\n<tr>\n<td>     F\u00e9vrier-mars    <\/td>\n<td>     Mai \u00e0 mi-     <b>      juillet     <\/b>    <\/td>\n<td>     semis en ligne (jusqu&rsquo;en mai pour les vari\u00e9t\u00e9s d&rsquo;hiver). Repiquage jusqu&rsquo;en septembre pour les vari\u00e9t\u00e9s d&rsquo;hiver.    <\/td>\n<\/tr>\n<tr>\n<td>     Septembre    <\/td>\n<td>     &#8211;    <\/td>\n<td>     il s&rsquo;agit de \u00a0\u00bb     <b>      poireaux     <\/b>     baguettes\u00a0\u00bb. A r\u00e9server au climat doux.    <\/td>\n<\/tr>\n<\/tbody>\n<\/table>\n<h2><span class=\"ez-toc-section\" id=\"Quand_semer_haricots_verts_en_juillet_2021\"><\/span><strong>Quand semer haricots verts en juillet 2021 ?<\/strong><span class=\"ez-toc-section-end\"><\/span><\/h2>\n<p>JOURS FAVORABLES JUIN <b>2021<\/b>: \u2013 6 et 7 juin, 15,16,17 juin, 24 et 25 juin: plantez les tomates. Les <b>haricots verts<\/b>, ou <b>haricots verts<\/b>, font partie des l\u00e9gumes les plus simples \u00e0 cultiver avec la Lune, puisqu&rsquo;ils sont \u00e0 <b>semer<\/b> dans la Lune d\u00e9croissante, et ce de fin avril \u00e0 d\u00e9but <b>juillet<\/b>.<\/p>\n<h2><span class=\"ez-toc-section\" id=\"Quand_semer_en_juillet_2021\"><\/span><strong>Quand semer en juillet 2021 ?<\/strong><span class=\"ez-toc-section-end\"><\/span><\/h2>\n<p>Jardiner avec la lune : que faire au jardin la premi\u00e8re quinzaine de Juillet <\/p>\n<table>\n<tbody>\n<tr>\n<th>     Date    <\/th>\n<th>     Type de lune Lune    <\/th>\n<th>     Type de jour Jour    <\/th>\n<\/tr>\n<tr>\n<td>     4-5    <\/td>\n<td>     Lune ascendante    <\/td>\n<td>     Jour graines et fruit Jusqu \u00e0 13h44 le 5    <\/td>\n<\/tr>\n<tr>\n<td>     6-7    <\/td>\n<td>     Lune ascendante    <\/td>\n<td>     Jour racines    <\/td>\n<\/tr>\n<tr>\n<td>     8    <\/td>\n<td>     Lune ascendante    <\/td>\n<td>     Jour racines Jusqu&rsquo;\u00e0 16 h 44 puis Jour fleurs    <\/td>\n<\/tr>\n<tr>\n<td>     9-10    <\/td>\n<td>     Lune descendante \u00e0 partir de 12 h 03 le 9    <\/td>\n<td>     Jour fleurs    <\/td>\n<\/tr>\n<\/tbody>\n<\/table>\n<h2><span class=\"ez-toc-section\" id=\"Pourquoi_les_radis_ne_poussent_pas\"><\/span><strong>Pourquoi les radis ne poussent pas ?<\/strong><span class=\"ez-toc-section-end\"><\/span><\/h2>\n<p>Les graines de <b>radis<\/b> ont besoin d&rsquo;\u00eatre vraiment sem\u00e9es sous terre et non \u00e0 la surface. Dans ce cas, la racine <b>ne<\/b> dispose <b>pas<\/b> d&rsquo;assez de terre environnante pour grossir, et elle va pousser \u00e0 moiti\u00e9 hors du sol, sans grossir.<\/p>\n<h2><span class=\"ez-toc-section\" id=\"Comment_conserver_les_radis_au_frigo\"><\/span><strong>Comment conserver les radis au frigo ?<\/strong><span class=\"ez-toc-section-end\"><\/span><\/h2>\n<p>Une m\u00e9thode pour <b>conserver<\/b> les <b>radis<\/b> plus longtemps consiste tout d&rsquo;abord \u00e0 ne pas les laver. Ils garderont alors un peu de terre ou de sable. Vous pourrez ensuite les r\u00e9server au <b>frigo<\/b>, sur une feuille d&rsquo;essuie-tout plac\u00e9e dans un saladier. Le papier absorbera l&rsquo;humidit\u00e9 qui pourrait faire pourrir les <b>radis<\/b>.<\/p>\n<h2><span class=\"ez-toc-section\" id=\"Comment_conserver_les_radis_laves_au_frigo\"><\/span><strong>Comment conserver les radis lav\u00e9s au frigo ?<\/strong><span class=\"ez-toc-section-end\"><\/span><\/h2>\n<p>Il faut couper les fanes, laver les <b>radis<\/b> \u00e0 l&rsquo;eau froide et les essorer soigneusement sur du papier absorbant. Ensuite, on les d\u00e9pose dans un r\u00e9cipient garni de papier absorbant, ce qui permet de les consommer durant toute la semaine qui suit.<\/p>\n<h2><span class=\"ez-toc-section\" id=\"Comment_garder_le_croquant_des_radis\"><\/span><strong>Comment garder le croquant des radis ?<\/strong><span class=\"ez-toc-section-end\"><\/span><\/h2>\n<p>Les <b>radis<\/b> se conservent une semaine au r\u00e9frig\u00e9rateur dans un sac de plastique perfor\u00e9 ou dans un r\u00e9cipient d&rsquo;eau froide. Les <b>radis<\/b> asiatiques et les <b>radis<\/b> noirs se conservent plus longtemps. Pour que vos <b>radis<\/b> frais soient bien <b>croquants<\/b> au moment de les servir, plongez-les dans un bain d&rsquo;eau glac\u00e9 pendant une heure.<\/p>\n<h2><span class=\"ez-toc-section\" id=\"Pourquoi_mes_radis_nont_pas_grossi\"><\/span><strong>Pourquoi mes radis n&rsquo;ont pas grossi ?<\/strong><span class=\"ez-toc-section-end\"><\/span><\/h2>\n<p>Les graines de <b>radis<\/b> ont besoin d&rsquo;\u00eatre vraiment sem\u00e9es sous terre et non \u00e0 la surface. Dans ce cas, la racine ne dispose <b>pas<\/b> d&rsquo;assez de terre environnante pour <b>grossir<\/b>, et elle va pousser \u00e0 moiti\u00e9 hors du sol, sans <b>grossir<\/b>.<\/p>\n<h2><span class=\"ez-toc-section\" id=\"Comment_enlever_le_piquant_des_radis\"><\/span><strong>Comment enlever le piquant des radis ?<\/strong><span class=\"ez-toc-section-end\"><\/span><\/h2>\n<p>Apr\u00e8s avoir retir\u00e9 les fanes, il faut tasser les <b>radis<\/b> dans un bocal, puis faire chauffer de l&rsquo;eau dans une casserole. Ajoutez du sel, du sucre, voire quelques \u00e9pices et portez le tout \u00e0 \u00e9bullition. Versez dans le bocal et ajoutez-y ensuite du vinaigre, avant de bien fermer le r\u00e9cipient et de le r\u00e9frig\u00e9rer.<\/p>\n<h2><span class=\"ez-toc-section\" id=\"Pourquoi_les_melon_ne_grossissent_pas\"><\/span><strong>Pourquoi les melon ne grossissent pas ?<\/strong><span class=\"ez-toc-section-end\"><\/span><\/h2>\n<p>en g\u00e9n\u00e9ral si les <b>melons ne grossissent pas<\/b>, c&rsquo;est soit qu&rsquo;il y a trop de fruits sur une tige ou alors qu&rsquo;ils ont besoin de plus de nourriture. &#8230; La r\u00e9colte du <b>melon<\/b> a lieu \u00e0 maturit\u00e9 entre 4 et 5 mois apr\u00e8s le semis.<\/p>\n<h2><span class=\"ez-toc-section\" id=\"Quand_planter_les_poireaux_avec_la_lune_2020\"><\/span><strong>Quand planter les poireaux avec la lune 2020 ?<\/strong><span class=\"ez-toc-section-end\"><\/span><\/h2>\n<p>Plantez les <b>poireaux<\/b> en <b>Lune<\/b> descendante, en jours racine, c&rsquo;est-<b>\u00e0<\/b>-dire lorsque la <b>Lune<\/b> passe devant une constellation de terre (Capricorne, Taureau et Vierge). L&rsquo;\u00e9poque de <b>plantation<\/b> des <b>poireaux<\/b> s&rsquo;\u00e9tale sur de longs mois, depuis la mi-mai jusqu&rsquo;<b>\u00e0<\/b> la fin juillet.<\/p>\n<h2><span class=\"ez-toc-section\" id=\"Quand_planter_les_poireaux_en_mai_2021\"><\/span><strong>Quand planter les poireaux en mai 2021 ?<\/strong><span class=\"ez-toc-section-end\"><\/span><\/h2>\n<p><b>Planter les poireaux<\/b> sem\u00e9s les 19 et 20 mars. Pour r\u00e9ussir le repiquage des <b>poireaux<\/b>, les arracher et les laisser s\u00e9cher 2 jours \u00e0 m\u00eame le sol pour \u00e9liminer les larves de la teigne.<\/p>\n<h2><span class=\"ez-toc-section\" id=\"Comment_on_fait_pour_faire_grossir_les_pied_de_poireau\"><\/span><strong>Comment on fait pour faire grossir les pied de poireau ?<\/strong><span class=\"ez-toc-section-end\"><\/span><\/h2>\n<p><b>Pour<\/b> r\u00e9sumer :<\/p>\n<p> L&rsquo;astuce est donc de couper une partie des feuilles vertes que vous d\u00e9poserez simplement aux <b>pieds<\/b> de vos <b>poireaux<\/b>. Cela aura <b>pour<\/b> avantage de <b>faire grossir<\/b> le f\u00fbt et de permettre <b>\u00e0<\/b> vos <b>poireaux<\/b> de \u00ab fabriquer\u201d de nouvelles feuilles.<\/p>\n<h2><span class=\"ez-toc-section\" id=\"Quand_semer_haricots_verts_en_mai_2021\"><\/span><strong>Quand semer haricots verts en mai 2021 ?<\/strong><span class=\"ez-toc-section-end\"><\/span><\/h2>\n<p>Le 21 au matin, en jour graines et fruit, poser les rames aux <b>haricots<\/b> grimpants sem\u00e9s les 1er et 2 <b>mai<\/b>.<\/p>\n<h2><span class=\"ez-toc-section\" id=\"Quand_planter_les_haricots_verts_en_pleine_terre\"><\/span><strong>Quand planter les haricots verts en pleine terre ?<\/strong><span class=\"ez-toc-section-end\"><\/span><\/h2>\n<p>Les graines de <b>haricots<\/b> se s\u00e8ment d&rsquo;avril \u00e0 juillet en <b>pleine terre<\/b>.<\/p>\n<h2><span class=\"ez-toc-section\" id=\"Quand_planter_des_haricots_verts_avec_la_lune\"><\/span><strong>Quand planter des haricots verts avec la lune ?<\/strong><span class=\"ez-toc-section-end\"><\/span><\/h2>\n<p>En <b>lune<\/b> montante : <b>Semer<\/b> au mois d&rsquo;avril-mai en int\u00e9rieur, en godet individuel (<b>semer<\/b> 2 graines par godet). De mai \u00e0 juillet, <b>semer<\/b> en pleine terre les vari\u00e9t\u00e9s naines en ligne et les vari\u00e9t\u00e9s \u00e0 rames en poquets.<\/p>\n<h2><span class=\"ez-toc-section\" id=\"Quand_semer_en_juillet\"><\/span><strong>Quand semer en juillet ?<\/strong><span class=\"ez-toc-section-end\"><\/span><\/h2>\n<p>Il est encore temps de <b>semer en juillet<\/b> au potager<\/p>\n<p> En pleine terre : choux-raves, navets, haricots verts, brocolis, fenouils, endives, choux-fris\u00e9s, carottes, choux-fleurs, bettes, choux chinois mais aussi persil fris\u00e9 et persil simple.<\/p>\n<h2><span class=\"ez-toc-section\" id=\"Quelle_lune_le_18_juillet_2021\"><\/span><strong>Quelle lune le 18 juillet 2021 ?<\/strong><span class=\"ez-toc-section-end\"><\/span><\/h2>\n<p>Phase de la lune Juillet 2021 <\/p>\n<table>\n<tbody>\n<tr>\n<th>     Date    <\/th>\n<th>     Type    <\/th>\n<th>     Visibilit\u00e9    <\/th>\n<\/tr>\n<tr>\n<td>     Dimanche     <b>      18 Juillet 2021     <\/b>    <\/td>\n<td>     <b>      Lune     <\/b>     Gibbeuse ascendante    <\/td>\n<td>     De 22h09 \u00e0 00h39    <\/td>\n<\/tr>\n<tr>\n<td>     Lundi 19     <b>      Juillet 2021     <\/b>    <\/td>\n<td>     <b>      Lune     <\/b>     Gibbeuse ascendante    <\/td>\n<td>     De 22h08 \u00e0 00h58    <\/td>\n<\/tr>\n<tr>\n<td>     Mardi 20     <b>      Juillet 2021     <\/b>    <\/td>\n<td>     <b>      Lune     <\/b>     Gibbeuse ascendante    <\/td>\n<td>     De 22h07 \u00e0 01h20    <\/td>\n<\/tr>\n<tr>\n<td>     Mercredi 21     <b>      Juillet 2021     <\/b>    <\/td>\n<td>     <b>      Lune     <\/b>     Gibbeuse ascendante    <\/td>\n<td>     De 22h06 \u00e0 01h50    <\/td>\n<\/tr>\n<\/tbody>\n<\/table>\n<h2><strong><\/strong><\/h2>\n<h2><strong><\/strong><\/h2>\n<hr \/>\n<p><em>Editeurs: 7 &#8211; R\u00e9f\u00e9rences: 25 articles<\/em><\/p>\n<p><em>N\u2019oubliez pas de partager l\u2019article !<\/em><\/p>\n","protected":false},"excerpt":{"rendered":"<p>Il est possible de semer des radis de 18 jours jusqu&rsquo;\u00e0 la fin septembre. Arroser le sillon pour faciliter la germination. &#8230; Les graines doivent \u00eatre recouvertes de 1 \u00e0 2 cm de terre et le semis bien plomb\u00e9, en terre battante. Mais encore, Quel jour semer les radis en juillet ? Le radis de [&hellip;]<\/p>\n","protected":false},"author":2,"featured_media":0,"comment_status":"open","ping_status":"open","sticky":false,"template":"","format":"standard","meta":{"tdm_status":"","tdm_grid_status":"","_jetpack_memberships_contains_paid_content":false,"footnotes":"","jetpack_publicize_message":"","jetpack_publicize_feature_enabled":true,"jetpack_social_post_already_shared":true,"jetpack_social_options":{"image_generator_settings":{"template":"highway","default_image_id":0,"font":"","enabled":false},"version":2}},"categories":[3457],"tags":[],"class_list":["post-48559","post","type-post","status-publish","format-standard","hentry","category-maison"],"yoast_head":"<!-- This site is optimized with the Yoast SEO Premium plugin v25.0 (Yoast SEO v25.0) - https:\/\/yoast.com\/wordpress\/plugins\/seo\/ -->\n<title>Puis-je semer mes radis aujourd&#039;hui ?<\/title>\n<meta name=\"description\" content=\"Il est possible de semer des radis de 18 jours jusqu&#039;\u00e0 la fin septembre. Arroser le sillon pour faciliter la germination. ... Les graines doivent \u00eatre\" \/>\n<meta name=\"robots\" content=\"index, follow, max-snippet:-1, max-image-preview:large, max-video-preview:-1\" \/>\n<link rel=\"canonical\" href=\"https:\/\/flashmode.tn\/magazine\/puis-je-semer-mes-radis-aujourdhui\/\" \/>\n<meta property=\"og:locale\" content=\"fr_FR\" \/>\n<meta property=\"og:type\" content=\"article\" \/>\n<meta property=\"og:title\" content=\"Puis-je semer mes radis aujourd&#039;hui ? - Flashmode Magazine | Magazine de mode et style de vie Num\u00e9ro un en Tunisie et au Maghreb\" \/>\n<meta property=\"og:description\" content=\"Il est possible de semer des radis de 18 jours jusqu&#039;\u00e0 la fin septembre. Arroser le sillon pour faciliter la germination. ... Les graines doivent \u00eatre\" \/>\n<meta property=\"og:url\" content=\"https:\/\/flashmode.tn\/magazine\/puis-je-semer-mes-radis-aujourdhui\/\" \/>\n<meta property=\"og:site_name\" content=\"Flashmode Magazine | Magazine de mode et style de vie Num\u00e9ro un en Tunisie et au Maghreb\" \/>\n<meta property=\"article:publisher\" content=\"https:\/\/www.facebook.com\/flashmode.magazine\/\" \/>\n<meta property=\"article:published_time\" content=\"2022-01-22T21:12:02+00:00\" \/>\n<meta name=\"author\" content=\"Nora D.\" \/>\n<meta name=\"twitter:card\" content=\"summary_large_image\" \/>\n<meta name=\"twitter:creator\" content=\"@agenceflashmode\" \/>\n<meta name=\"twitter:site\" content=\"@agenceflashmode\" \/>\n<meta name=\"twitter:label1\" content=\"\u00c9crit par\" \/>\n\t<meta name=\"twitter:data1\" content=\"Nora D.\" \/>\n\t<meta name=\"twitter:label2\" content=\"Dur\u00e9e de lecture estim\u00e9e\" \/>\n\t<meta name=\"twitter:data2\" content=\"5 minutes\" \/>\n<script type=\"application\/ld+json\" class=\"yoast-schema-graph\">{\"@context\":\"https:\/\/schema.org\",\"@graph\":[{\"@type\":\"WebPage\",\"@id\":\"https:\/\/flashmode.tn\/magazine\/puis-je-semer-mes-radis-aujourdhui\/\",\"url\":\"https:\/\/flashmode.tn\/magazine\/puis-je-semer-mes-radis-aujourdhui\/\",\"name\":\"Puis-je semer mes radis aujourd'hui ?\",\"isPartOf\":{\"@id\":\"https:\/\/flashmode.tn\/magazine\/#website\"},\"datePublished\":\"2022-01-22T21:12:02+00:00\",\"author\":{\"@id\":\"https:\/\/flashmode.tn\/magazine\/#\/schema\/person\/ebeaf8414935b60ba8817ab0babd7fbe\"},\"description\":\"Il est possible de semer des radis de 18 jours jusqu'\u00e0 la fin septembre. Arroser le sillon pour faciliter la germination. ... Les graines doivent \u00eatre\",\"breadcrumb\":{\"@id\":\"https:\/\/flashmode.tn\/magazine\/puis-je-semer-mes-radis-aujourdhui\/#breadcrumb\"},\"inLanguage\":\"fr-FR\",\"potentialAction\":[{\"@type\":\"ReadAction\",\"target\":[\"https:\/\/flashmode.tn\/magazine\/puis-je-semer-mes-radis-aujourdhui\/\"]}]},{\"@type\":\"BreadcrumbList\",\"@id\":\"https:\/\/flashmode.tn\/magazine\/puis-je-semer-mes-radis-aujourdhui\/#breadcrumb\",\"itemListElement\":[{\"@type\":\"ListItem\",\"position\":1,\"name\":\"Accueil\",\"item\":\"https:\/\/flashmode.tn\/magazine\/\"},{\"@type\":\"ListItem\",\"position\":2,\"name\":\"Puis-je semer mes radis aujourd&rsquo;hui ?\"}]},{\"@type\":\"WebSite\",\"@id\":\"https:\/\/flashmode.tn\/magazine\/#website\",\"url\":\"https:\/\/flashmode.tn\/magazine\/\",\"name\":\"Flashmode Magazine | Magazine de mode et style de vie Num\u00e9ro un en Tunisie et au Maghreb\",\"description\":\"Magazine de mode et style de vie Num\u00e9ro un en Tunisie et au Maghreb, cr\u00e9\u00e9 pour les hommes et les femmes : conseils beaut\u00e9, mode femme, mode homme, recettes de cuisine, c\u00e9l\u00e9brit\u00e9s et people, mannequins et top modeles\",\"potentialAction\":[{\"@type\":\"SearchAction\",\"target\":{\"@type\":\"EntryPoint\",\"urlTemplate\":\"https:\/\/flashmode.tn\/magazine\/?s={search_term_string}\"},\"query-input\":{\"@type\":\"PropertyValueSpecification\",\"valueRequired\":true,\"valueName\":\"search_term_string\"}}],\"inLanguage\":\"fr-FR\"},{\"@type\":\"Person\",\"@id\":\"https:\/\/flashmode.tn\/magazine\/#\/schema\/person\/ebeaf8414935b60ba8817ab0babd7fbe\",\"name\":\"Nora D.\",\"image\":{\"@type\":\"ImageObject\",\"inLanguage\":\"fr-FR\",\"@id\":\"https:\/\/flashmode.tn\/magazine\/#\/schema\/person\/image\/\",\"url\":\"https:\/\/secure.gravatar.com\/avatar\/a51d897ddf0a2216affe16e03a39790850922d1b5b29f147f35db7ccb8861eab?s=96&d=mm&r=g\",\"contentUrl\":\"https:\/\/secure.gravatar.com\/avatar\/a51d897ddf0a2216affe16e03a39790850922d1b5b29f147f35db7ccb8861eab?s=96&d=mm&r=g\",\"caption\":\"Nora D.\"},\"url\":\"https:\/\/flashmode.tn\/magazine\/author\/nora-damak\/\"}]}<\/script>\n<!-- \/ Yoast SEO Premium plugin. -->","yoast_head_json":{"title":"Puis-je semer mes radis aujourd'hui ?","description":"Il est possible de semer des radis de 18 jours jusqu'\u00e0 la fin septembre. Arroser le sillon pour faciliter la germination. ... Les graines doivent \u00eatre","robots":{"index":"index","follow":"follow","max-snippet":"max-snippet:-1","max-image-preview":"max-image-preview:large","max-video-preview":"max-video-preview:-1"},"canonical":"https:\/\/flashmode.tn\/magazine\/puis-je-semer-mes-radis-aujourdhui\/","og_locale":"fr_FR","og_type":"article","og_title":"Puis-je semer mes radis aujourd'hui ? - Flashmode Magazine | Magazine de mode et style de vie Num\u00e9ro un en Tunisie et au Maghreb","og_description":"Il est possible de semer des radis de 18 jours jusqu'\u00e0 la fin septembre. Arroser le sillon pour faciliter la germination. ... Les graines doivent \u00eatre","og_url":"https:\/\/flashmode.tn\/magazine\/puis-je-semer-mes-radis-aujourdhui\/","og_site_name":"Flashmode Magazine | Magazine de mode et style de vie Num\u00e9ro un en Tunisie et au Maghreb","article_publisher":"https:\/\/www.facebook.com\/flashmode.magazine\/","article_published_time":"2022-01-22T21:12:02+00:00","author":"Nora D.","twitter_card":"summary_large_image","twitter_creator":"@agenceflashmode","twitter_site":"@agenceflashmode","twitter_misc":{"\u00c9crit par":"Nora D.","Dur\u00e9e de lecture estim\u00e9e":"5 minutes"},"schema":{"@context":"https:\/\/schema.org","@graph":[{"@type":"WebPage","@id":"https:\/\/flashmode.tn\/magazine\/puis-je-semer-mes-radis-aujourdhui\/","url":"https:\/\/flashmode.tn\/magazine\/puis-je-semer-mes-radis-aujourdhui\/","name":"Puis-je semer mes radis aujourd'hui ?","isPartOf":{"@id":"https:\/\/flashmode.tn\/magazine\/#website"},"datePublished":"2022-01-22T21:12:02+00:00","author":{"@id":"https:\/\/flashmode.tn\/magazine\/#\/schema\/person\/ebeaf8414935b60ba8817ab0babd7fbe"},"description":"Il est possible de semer des radis de 18 jours jusqu'\u00e0 la fin septembre. Arroser le sillon pour faciliter la germination. ... Les graines doivent \u00eatre","breadcrumb":{"@id":"https:\/\/flashmode.tn\/magazine\/puis-je-semer-mes-radis-aujourdhui\/#breadcrumb"},"inLanguage":"fr-FR","potentialAction":[{"@type":"ReadAction","target":["https:\/\/flashmode.tn\/magazine\/puis-je-semer-mes-radis-aujourdhui\/"]}]},{"@type":"BreadcrumbList","@id":"https:\/\/flashmode.tn\/magazine\/puis-je-semer-mes-radis-aujourdhui\/#breadcrumb","itemListElement":[{"@type":"ListItem","position":1,"name":"Accueil","item":"https:\/\/flashmode.tn\/magazine\/"},{"@type":"ListItem","position":2,"name":"Puis-je semer mes radis aujourd&rsquo;hui ?"}]},{"@type":"WebSite","@id":"https:\/\/flashmode.tn\/magazine\/#website","url":"https:\/\/flashmode.tn\/magazine\/","name":"Flashmode Magazine | Magazine de mode et style de vie Num\u00e9ro un en Tunisie et au Maghreb","description":"Magazine de mode et style de vie Num\u00e9ro un en Tunisie et au Maghreb, cr\u00e9\u00e9 pour les hommes et les femmes : conseils beaut\u00e9, mode femme, mode homme, recettes de cuisine, c\u00e9l\u00e9brit\u00e9s et people, mannequins et top modeles","potentialAction":[{"@type":"SearchAction","target":{"@type":"EntryPoint","urlTemplate":"https:\/\/flashmode.tn\/magazine\/?s={search_term_string}"},"query-input":{"@type":"PropertyValueSpecification","valueRequired":true,"valueName":"search_term_string"}}],"inLanguage":"fr-FR"},{"@type":"Person","@id":"https:\/\/flashmode.tn\/magazine\/#\/schema\/person\/ebeaf8414935b60ba8817ab0babd7fbe","name":"Nora D.","image":{"@type":"ImageObject","inLanguage":"fr-FR","@id":"https:\/\/flashmode.tn\/magazine\/#\/schema\/person\/image\/","url":"https:\/\/secure.gravatar.com\/avatar\/a51d897ddf0a2216affe16e03a39790850922d1b5b29f147f35db7ccb8861eab?s=96&d=mm&r=g","contentUrl":"https:\/\/secure.gravatar.com\/avatar\/a51d897ddf0a2216affe16e03a39790850922d1b5b29f147f35db7ccb8861eab?s=96&d=mm&r=g","caption":"Nora D."},"url":"https:\/\/flashmode.tn\/magazine\/author\/nora-damak\/"}]}},"jetpack_publicize_connections":[],"jetpack_featured_media_url":"","jetpack_shortlink":"https:\/\/wp.me\/p8BPGr-cDd","jetpack_sharing_enabled":true,"_links":{"self":[{"href":"https:\/\/flashmode.tn\/magazine\/wp-json\/wp\/v2\/posts\/48559","targetHints":{"allow":["GET"]}}],"collection":[{"href":"https:\/\/flashmode.tn\/magazine\/wp-json\/wp\/v2\/posts"}],"about":[{"href":"https:\/\/flashmode.tn\/magazine\/wp-json\/wp\/v2\/types\/post"}],"author":[{"embeddable":true,"href":"https:\/\/flashmode.tn\/magazine\/wp-json\/wp\/v2\/users\/2"}],"replies":[{"embeddable":true,"href":"https:\/\/flashmode.tn\/magazine\/wp-json\/wp\/v2\/comments?post=48559"}],"version-history":[{"count":0,"href":"https:\/\/flashmode.tn\/magazine\/wp-json\/wp\/v2\/posts\/48559\/revisions"}],"wp:attachment":[{"href":"https:\/\/flashmode.tn\/magazine\/wp-json\/wp\/v2\/media?parent=48559"}],"wp:term":[{"taxonomy":"category","embeddable":true,"href":"https:\/\/flashmode.tn\/magazine\/wp-json\/wp\/v2\/categories?post=48559"},{"taxonomy":"post_tag","embeddable":true,"href":"https:\/\/flashmode.tn\/magazine\/wp-json\/wp\/v2\/tags?post=48559"}],"curies":[{"name":"wp","href":"https:\/\/api.w.org\/{rel}","templated":true}]}}