{"id":49274,"date":"2021-12-17T18:50:22","date_gmt":"2021-12-17T17:50:22","guid":{"rendered":"https:\/\/flashmode.tn\/magazine\/?p=49274"},"modified":"2021-12-17T18:50:22","modified_gmt":"2021-12-17T17:50:22","slug":"quand-et-comment-tailler-un-fusain","status":"publish","type":"post","link":"https:\/\/flashmode.tn\/magazine\/quand-et-comment-tailler-un-fusain\/","title":{"rendered":"Quand et comment tailler un fusain ?"},"content":{"rendered":"<p>Une l\u00e9g\u00e8re <b>taille<\/b> peut \u00eatre effectu\u00e9e au moment de la plantation. Les vari\u00e9t\u00e9s persistantes, souvent utilis\u00e9es en haie, se taillent 2 fois par an : en avril et en ao\u00fbt. Les vari\u00e9t\u00e9s caduques se taillent \u00e0 la fin de l&rsquo;hiver, avant que la formation des jeunes pousses. Toutefois, ne les taillez que tous les 2-3 ans.<\/p>\n<p>Mais encore, Quand faire des boutures de Troenes ?<\/p>\n<p>Le <b>bouturage<\/b> du <b>tro\u00e8ne<\/b> a lieu \u00e0 la fin de l&rsquo;\u00e9t\u00e9, sur du bois semi-ao\u00fbt\u00e9, c&rsquo;est \u00e0 dire n&rsquo;ayant pas encore durci, ni bruni mais \u00e9tant en phase de durcissement. Pr\u00e9lever des <b>boutures<\/b> de 15 cm environ. Supprimer les feuilles du bas de mani\u00e8re \u00e0 ne garder qu&rsquo;une ou 2 paire(s) de feuilles.<\/p>\n<p>et Comment rabattre fusain ?<\/p>\n<p><b>Rabattre<\/b> soit au ras du tronc, soit juste au-dessus d&rsquo;une jeune pousse bien plac\u00e9e. Pour les <b>fusains<\/b> persistants : passer \u00e0 la cisaille les esp\u00e8ces rampantes si elles sont d\u00e9sordonn\u00e9es. Les <b>rabattre<\/b> de moiti\u00e9 en avril seulement.<\/p>\n<p>Quand pousse le fusain ?<\/p>\n<p>La p\u00e9riode id\u00e9ale pour <b>planter<\/b> le <b>fusain<\/b> est l&rsquo;automne, voire l&rsquo;hiver mais en \u00e9vitant les p\u00e9riodes de gel.<\/p>\n<div id=\"ez-toc-container\" class=\"ez-toc-v2_0_81 counter-hierarchy ez-toc-counter ez-toc-grey ez-toc-container-direction\">\n<div class=\"ez-toc-title-container\">\n<p class=\"ez-toc-title\" style=\"cursor:inherit\">Contenus de la page<\/p>\n<span class=\"ez-toc-title-toggle\"><a href=\"#\" class=\"ez-toc-pull-right ez-toc-btn ez-toc-btn-xs ez-toc-btn-default ez-toc-toggle\" aria-label=\"Toggle Table of Content\"><span class=\"ez-toc-js-icon-con\"><span class=\"\"><span class=\"eztoc-hide\" style=\"display:none;\">Toggle<\/span><span class=\"ez-toc-icon-toggle-span\"><svg style=\"fill: #999;color:#999\" xmlns=\"http:\/\/www.w3.org\/2000\/svg\" class=\"list-377408\" width=\"20px\" height=\"20px\" viewBox=\"0 0 24 24\" fill=\"none\"><path d=\"M6 6H4v2h2V6zm14 0H8v2h12V6zM4 11h2v2H4v-2zm16 0H8v2h12v-2zM4 16h2v2H4v-2zm16 0H8v2h12v-2z\" fill=\"currentColor\"><\/path><\/svg><svg style=\"fill: #999;color:#999\" class=\"arrow-unsorted-368013\" xmlns=\"http:\/\/www.w3.org\/2000\/svg\" width=\"10px\" height=\"10px\" viewBox=\"0 0 24 24\" version=\"1.2\" baseProfile=\"tiny\"><path d=\"M18.2 9.3l-6.2-6.3-6.2 6.3c-.2.2-.3.4-.3.7s.1.5.3.7c.2.2.4.3.7.3h11c.3 0 .5-.1.7-.3.2-.2.3-.5.3-.7s-.1-.5-.3-.7zM5.8 14.7l6.2 6.3 6.2-6.3c.2-.2.3-.5.3-.7s-.1-.5-.3-.7c-.2-.2-.4-.3-.7-.3h-11c-.3 0-.5.1-.7.3-.2.2-.3.5-.3.7s.1.5.3.7z\"\/><\/svg><\/span><\/span><\/span><\/a><\/span><\/div>\n<nav><ul class='ez-toc-list ez-toc-list-level-1 ' ><li class='ez-toc-page-1 ez-toc-heading-level-2'><a class=\"ez-toc-link ez-toc-heading-1\" href=\"https:\/\/flashmode.tn\/magazine\/quand-et-comment-tailler-un-fusain\/#Comment_tailler_un_fusain_en_nuage\" >Comment tailler un fusain en nuage ?<\/a><\/li><li class='ez-toc-page-1 ez-toc-heading-level-2'><a class=\"ez-toc-link ez-toc-heading-2\" href=\"https:\/\/flashmode.tn\/magazine\/quand-et-comment-tailler-un-fusain\/#Comment_faire_des_boutures_avec_des_Troenes\" >Comment faire des boutures avec des Troenes ?<\/a><\/li><li class='ez-toc-page-1 ez-toc-heading-level-2'><a class=\"ez-toc-link ez-toc-heading-3\" href=\"https:\/\/flashmode.tn\/magazine\/quand-et-comment-tailler-un-fusain\/#Quand_faire_des_boutures_doranger_du_Mexique\" >Quand faire des boutures d&rsquo;oranger du Mexique ?<\/a><\/li><li class='ez-toc-page-1 ez-toc-heading-level-2'><a class=\"ez-toc-link ez-toc-heading-4\" href=\"https:\/\/flashmode.tn\/magazine\/quand-et-comment-tailler-un-fusain\/#Quelle_periode_pour_tailler_les_haies\" >Quelle p\u00e9riode pour tailler les haies ?<\/a><\/li><li class='ez-toc-page-1 ez-toc-heading-level-2'><a class=\"ez-toc-link ez-toc-heading-5\" href=\"https:\/\/flashmode.tn\/magazine\/quand-et-comment-tailler-un-fusain\/#Quand_tailler_un_fusain_aile\" >Quand tailler un fusain ail\u00e9 ?<\/a><\/li><li class='ez-toc-page-1 ez-toc-heading-level-2'><a class=\"ez-toc-link ez-toc-heading-6\" href=\"https:\/\/flashmode.tn\/magazine\/quand-et-comment-tailler-un-fusain\/#Pourquoi_le_fusain_perd_ses_feuilles\" >Pourquoi le fusain perd ses feuilles ?<\/a><\/li><li class='ez-toc-page-1 ez-toc-heading-level-2'><a class=\"ez-toc-link ez-toc-heading-7\" href=\"https:\/\/flashmode.tn\/magazine\/quand-et-comment-tailler-un-fusain\/#Est-ce_que_le_fusain_pousse_vite\" >Est-ce que le fusain pousse vite ?<\/a><\/li><li class='ez-toc-page-1 ez-toc-heading-level-2'><a class=\"ez-toc-link ez-toc-heading-8\" href=\"https:\/\/flashmode.tn\/magazine\/quand-et-comment-tailler-un-fusain\/#Quelle_plante_associer_au_fusain\" >Quelle plante associer au fusain ?<\/a><\/li><li class='ez-toc-page-1 ez-toc-heading-level-2'><a class=\"ez-toc-link ez-toc-heading-9\" href=\"https:\/\/flashmode.tn\/magazine\/quand-et-comment-tailler-un-fusain\/#Quelle_plante_pour_taille_en_nuage\" >Quelle plante pour taille en nuage ?<\/a><\/li><li class='ez-toc-page-1 ez-toc-heading-level-2'><a class=\"ez-toc-link ez-toc-heading-10\" href=\"https:\/\/flashmode.tn\/magazine\/quand-et-comment-tailler-un-fusain\/#Comment_faire_une_taille_en_nuage\" >Comment faire une taille en nuage ?<\/a><\/li><li class='ez-toc-page-1 ez-toc-heading-level-2'><a class=\"ez-toc-link ez-toc-heading-11\" href=\"https:\/\/flashmode.tn\/magazine\/quand-et-comment-tailler-un-fusain\/#Quel_arbre_taille_en_nuage\" >Quel arbre taill\u00e9 en nuage ?<\/a><\/li><li class='ez-toc-page-1 ez-toc-heading-level-2'><a class=\"ez-toc-link ez-toc-heading-12\" href=\"https:\/\/flashmode.tn\/magazine\/quand-et-comment-tailler-un-fusain\/#Comment_faire_des_belles_boutures\" >Comment faire des belles boutures ?<\/a><\/li><li class='ez-toc-page-1 ez-toc-heading-level-2'><a class=\"ez-toc-link ez-toc-heading-13\" href=\"https:\/\/flashmode.tn\/magazine\/quand-et-comment-tailler-un-fusain\/#Comment_faire_repartir_un_Troene\" >Comment faire repartir un Troene ?<\/a><\/li><li class='ez-toc-page-1 ez-toc-heading-level-2'><a class=\"ez-toc-link ez-toc-heading-14\" href=\"https:\/\/flashmode.tn\/magazine\/quand-et-comment-tailler-un-fusain\/#Comment_faire_des_boutures_de_laurier\" >Comment faire des boutures de laurier ?<\/a><\/li><li class='ez-toc-page-1 ez-toc-heading-level-2'><a class=\"ez-toc-link ez-toc-heading-15\" href=\"https:\/\/flashmode.tn\/magazine\/quand-et-comment-tailler-un-fusain\/#Comment_planter_une_bouture_doranger_du_Mexique\" >Comment planter une bouture d&rsquo;oranger du Mexique ?<\/a><\/li><li class='ez-toc-page-1 ez-toc-heading-level-2'><a class=\"ez-toc-link ez-toc-heading-16\" href=\"https:\/\/flashmode.tn\/magazine\/quand-et-comment-tailler-un-fusain\/#Quand_et_comment_tailler_un_oranger_du_Mexique\" >Quand et comment tailler un oranger du Mexique ?<\/a><\/li><li class='ez-toc-page-1 ez-toc-heading-level-2'><a class=\"ez-toc-link ez-toc-heading-17\" href=\"https:\/\/flashmode.tn\/magazine\/quand-et-comment-tailler-un-fusain\/#Est-ce_que_loranger_du_Mexique_pousse_vite\" >Est-ce que l&rsquo;oranger du Mexique pousse vite ?<\/a><\/li><li class='ez-toc-page-1 ez-toc-heading-level-2'><a class=\"ez-toc-link ez-toc-heading-18\" href=\"https:\/\/flashmode.tn\/magazine\/quand-et-comment-tailler-un-fusain\/#Quand_tailler_les_haies_en_2021\" >Quand tailler les haies en 2021 ?<\/a><\/li><li class='ez-toc-page-1 ez-toc-heading-level-2'><a class=\"ez-toc-link ez-toc-heading-19\" href=\"https:\/\/flashmode.tn\/magazine\/quand-et-comment-tailler-un-fusain\/#Quand_tailler_la_haie_de_lauriers\" >Quand tailler la haie de lauriers ?<\/a><\/li><li class='ez-toc-page-1 ez-toc-heading-level-2'><a class=\"ez-toc-link ez-toc-heading-20\" href=\"https:\/\/flashmode.tn\/magazine\/quand-et-comment-tailler-un-fusain\/#Quand_tailler_les_haies_et_arbustes\" >Quand tailler les haies et arbustes ?<\/a><\/li><\/ul><\/nav><\/div>\n<h2><span class=\"ez-toc-section\" id=\"Comment_tailler_un_fusain_en_nuage\"><\/span>Comment tailler un fusain en nuage ?<span class=\"ez-toc-section-end\"><\/span><\/h2>\n<p><b>  M\u00e9thode <\/b> <\/p>\n<ol>\n<li>   Supprimez le bois mort et les branches qui se croisent.  <\/li>\n<li>   Observez le port naturel de l&rsquo;arbre \u00e0   <b>    tailler   <\/b>   et rep\u00e9rez les branches ma\u00eetresses qui porteront les   <b>    nuages   <\/b>   . &#8230;  <\/li>\n<li>   D\u00e9gagez le d\u00e9part des branches en supprimant, \u00e0 ras du bois, tous les petits rameaux, et ce, sur une longueur de 10 cm environ.  <\/li>\n<\/ol>\n<h2><span class=\"ez-toc-section\" id=\"Comment_faire_des_boutures_avec_des_Troenes\"><\/span><strong>Comment faire des boutures avec des Troenes ?<\/strong><span class=\"ez-toc-section-end\"><\/span><\/h2>\n<p>Dans un coin abrit\u00e9 du jardin, pr\u00e9parez un coffre dans lequel vous incorporez un m\u00e9lange de sable de rivi\u00e8re et de tourbe en proportions \u00e9gales. Humidifiez en profondeur. Faites des trous \u00e0 l&rsquo;aide d&rsquo;un crayon et plantez-y vos <b>boutures<\/b> en les espa\u00e7ant d&rsquo;environ 5 cm. Enfin, arrosez en pluie fine.<\/p>\n<h2><span class=\"ez-toc-section\" id=\"Quand_faire_des_boutures_doranger_du_Mexique\"><\/span><strong>Quand faire des boutures d&rsquo;oranger du Mexique ?<\/strong><span class=\"ez-toc-section-end\"><\/span><\/h2>\n<p>1. Choisissez le bon moment pour <b>bouturer<\/b> un <b>oranger du Mexique<\/b>. C&rsquo;est en \u00e9t\u00e9, de juillet \u00e0 septembre, que l&rsquo;on proc\u00e8de au <b>bouturage<\/b> de l&rsquo;<b>oranger du Mexique<\/b>, lorsqu&rsquo;il n&rsquo;est pas en fleur. La <b>bouture<\/b> est alors dite \u00ab semi-ao\u00fbt\u00e9e \u00bb ou \u00ab semi-ligneuse \u00bb : le bois de l&rsquo;ann\u00e9e n&rsquo;est pas encore dur.<\/p>\n<h2><span class=\"ez-toc-section\" id=\"Quelle_periode_pour_tailler_les_haies\"><\/span><strong>Quelle p\u00e9riode pour tailler les haies ?<\/strong><span class=\"ez-toc-section-end\"><\/span><\/h2>\n<p>Les <b>haies<\/b> en formation, qui n&rsquo;ont donc pas atteint leur plein d\u00e9veloppement, se taillent durant la saison de v\u00e9g\u00e9tation, de mars \u00e0 septembre, en jour de Lune descendante. Mais les <b>haies<\/b> plus \u00e2g\u00e9es, qu&rsquo;il faut rajeunir, se taillent plut\u00f4t en fin d&rsquo;hiver, de janvier \u00e0 mars, toujours en Lune descendante.<\/p>\n<h2><span class=\"ez-toc-section\" id=\"Quand_tailler_un_fusain_aile\"><\/span><strong>Quand tailler un fusain ail\u00e9 ?<\/strong><span class=\"ez-toc-section-end\"><\/span><\/h2>\n<p>Le <b>fusain ail\u00e9<\/b> nain n&rsquo;est pas aussi nain qu&rsquo;on le dit (il peut facilement atteindre 1,8 m de hauteur) et il peut avoir besoin de <b>taille<\/b> pour r\u00e9duire sa croissance lente mais inexorable. On le <b>taille<\/b> habituellement au d\u00e9but du printemps.<\/p>\n<h2><span class=\"ez-toc-section\" id=\"Pourquoi_le_fusain_perd_ses_feuilles\"><\/span><strong>Pourquoi le fusain perd ses feuilles ?<\/strong><span class=\"ez-toc-section-end\"><\/span><\/h2>\n<p>Il est normal qu&rsquo;un nouveau d\u00e9part de croissance, entra\u00eene chez les v\u00e9g\u00e9taux \u00e0 feuillage persistant une l\u00e9g\u00e8re chute des anciennes <b>feuilles<\/b>. &#8230; Par leur prolif\u00e9ration, les kerm\u00e8s affaiblissent plantes, entra\u00eenant la chute pr\u00e9matur\u00e9e des <b>feuilles<\/b>. Sans un traitement approrpri\u00e9, le <b>fusain<\/b> peut mourir.<\/p>\n<h2><span class=\"ez-toc-section\" id=\"Est-ce_que_le_fusain_pousse_vite\"><\/span><strong>Est-ce que le fusain pousse vite ?<\/strong><span class=\"ez-toc-section-end\"><\/span><\/h2>\n<p>Le <b>fusain est<\/b> un arbuste qui a tendance \u00e0 s&rsquo;\u00e9taler, garnissant <b>vite<\/b> un massif ou une rocaille de son feuillage panach\u00e9, aux couleurs automnales vives. Peu exigeant, il <b>pousse<\/b> facilement dans presque toutes les r\u00e9gions de France.<\/p>\n<h2><span class=\"ez-toc-section\" id=\"Quelle_plante_associer_au_fusain\"><\/span><strong>Quelle plante associer au fusain ?<\/strong><span class=\"ez-toc-section-end\"><\/span><\/h2>\n<p><b>Quelle plante<\/b> s&rsquo;accorde le <b>fusain<\/b> ? Plantez le <b>fusain<\/b> avec des <b>plantes<\/b> bulbeuses de printemps tulipes et jonquilles ou bien des viornes\u2026<\/p>\n<h2><span class=\"ez-toc-section\" id=\"Quelle_plante_pour_taille_en_nuage\"><\/span><strong>Quelle plante pour taille en nuage ?<\/strong><span class=\"ez-toc-section-end\"><\/span><\/h2>\n<p>Ainsi, le charme, et le gen\u00e9vrier <b>de<\/b> Pfitzer, le gen\u00e9vrier <b>de<\/b> Chine, l&rsquo;if ou encore le cypr\u00e8s d&rsquo;Arizona, sont relativement simples \u00e0 <b>tailler en nuage<\/b>. En revanche, tous les pins, le cypr\u00e8s ou faux cypr\u00e8s, le c\u00e8dre du Japon et les conif\u00e8res sont des arbres plus difficiles \u00e0 modeler.<\/p>\n<h2><span class=\"ez-toc-section\" id=\"Comment_faire_une_taille_en_nuage\"><\/span><strong>Comment faire une taille en nuage ?<\/strong><span class=\"ez-toc-section-end\"><\/span><\/h2>\n<p><b>  Pour une  <b>   taille  <\/b>  en  <b>   nuage  <\/b> <\/b> <\/p>\n<ol>\n<li>   Commencez par bien observer la forme g\u00e9n\u00e9rale de l&rsquo;arbuste. &#8230;  <\/li>\n<li>   Supprimez les branches s\u00e8ches ou abim\u00e9es, et celles qui poussent trop \u00e0 l&rsquo;horizontale. &#8230;  <\/li>\n<li>   Trouvez de belles branches charpenti\u00e8res, de pr\u00e9f\u00e9rence inclin\u00e9es et r\u00e9guli\u00e8rement r\u00e9parties le long du tronc.  <\/li>\n<\/ol>\n<h2><span class=\"ez-toc-section\" id=\"Quel_arbre_taille_en_nuage\"><\/span><strong>Quel arbre taill\u00e9 en nuage ?<\/strong><span class=\"ez-toc-section-end\"><\/span><\/h2>\n<p><b>Taille en nuage<\/b> : <b>quels arbres<\/b> choisir ? Des conif\u00e8res bien s\u00fbr ! Les japonais en sont friands et ils se pr\u00eatent tr\u00e8s bien \u00e0 la <b>taille en nuage<\/b>. Ifs, pins, cypr\u00e8s, podocarpus, etc.<\/p>\n<h2><span class=\"ez-toc-section\" id=\"Comment_faire_des_belles_boutures\"><\/span><strong>Comment faire des belles boutures ?<\/strong><span class=\"ez-toc-section-end\"><\/span><\/h2>\n<p><b>  En pot, la technique classique <\/b> <\/p>\n<ol>\n<li>   Coupez \u00e0 environ 1 \u00e0 2 cm sous une feuille, des tiges de 15 \u00e0 20 cm de long avec au moins 2 \u00e0 3 niveaux de feuilles, sur la plante \u00e0 reproduire. &#8230;  <\/li>\n<li>   Plantez la tige dans un petit pot rempli de terreau l\u00e9ger (terreau \u00e0 semis par exemple).  <\/li>\n<\/ol>\n<h2><span class=\"ez-toc-section\" id=\"Comment_faire_repartir_un_Troene\"><\/span><strong>Comment faire repartir un Troene ?<\/strong><span class=\"ez-toc-section-end\"><\/span><\/h2>\n<p><b>Comment<\/b> rabattre le <b>tro\u00e8ne<\/b> ? La bonne mesure consiste \u00e0 rabattre les charpenti\u00e8res en ne laissant que 30 cm environ. \u00c9liminer tous les bois morts. Si l&rsquo;\u00e9tat sanitaire de la plante le justifie, ne pas h\u00e9siter \u00e0 rabattre tr\u00e8s court : \u00e0 la diff\u00e9rence de son cousin le lilas, le <b>tro\u00e8ne repart<\/b> bien, m\u00eame depuis la souche.<\/p>\n<h2><span class=\"ez-toc-section\" id=\"Comment_faire_des_boutures_de_laurier\"><\/span><strong>Comment faire des boutures de laurier ?<\/strong><span class=\"ez-toc-section-end\"><\/span><\/h2>\n<ol>\n<li>   Pr\u00e9lever les   <b>    boutures   <\/b>   . Le   <b>    bouturage   <\/b>   de rameaux dans l&rsquo;eau est tr\u00e8s simple. &#8230;  <\/li>\n<li>   Supprimer une partie du feuillage. Toujours avec la pointe du s\u00e9cateur, supprimez une partie des feuilles en partant de la base de la   <b>    bouture   <\/b>   . &#8230;  <\/li>\n<li>   Placer les   <b>    boutures   <\/b>   dans l&rsquo;eau. &#8230;  <\/li>\n<li>   Attendre l&rsquo;apparition des racines.  <\/li>\n<\/ol>\n<h2><span class=\"ez-toc-section\" id=\"Comment_planter_une_bouture_doranger_du_Mexique\"><\/span><strong>Comment planter une bouture d&rsquo;oranger du Mexique ?<\/strong><span class=\"ez-toc-section-end\"><\/span><\/h2>\n<p>Coupez des extr\u00e9mit\u00e9s de rameaux lat\u00e9raux bien ao\u00fbt\u00e9s de 10 \u00e0 15 cm. Habillez-les puis piquez dans un terreau pour semis et placez \u00e0 l&rsquo;\u00e9touff\u00e9e. Lorsque de nouvelles feuilles seront form\u00e9es, ce qui peut prendre des semaines, mettez chaque <b>bouture<\/b> r\u00e9ussie dans un pot de 10 cm avec du terreau de rempotage.<\/p>\n<h2><span class=\"ez-toc-section\" id=\"Quand_et_comment_tailler_un_oranger_du_Mexique\"><\/span><strong>Quand et comment tailler un oranger du Mexique ?<\/strong><span class=\"ez-toc-section-end\"><\/span><\/h2>\n<p><b>Quand tailler un Oranger du Mexique<\/b> ? La <b>taille<\/b> de l&rsquo;<b>Oranger du Mexique<\/b> peut se faire juste apr\u00e8s la premi\u00e8re floraison (juin), soit apr\u00e8s la seconde floraison, dans le courant de l&rsquo;automne (octobre). Il peut \u00eatre n\u00e9cessaire de rabattre les vieux sujets afin de les rajeunir.<\/p>\n<h2><span class=\"ez-toc-section\" id=\"Est-ce_que_loranger_du_Mexique_pousse_vite\"><\/span><strong>Est-ce que l&rsquo;oranger du Mexique pousse vite ?<\/strong><span class=\"ez-toc-section-end\"><\/span><\/h2>\n<p>Rustique jusqu&rsquo;\u00e0 -8\u00b0C. Croissance : assez lente : 10 cm par an. 1.5 m de hauteur en 10 ans. La forme reste joliment compacte et arrondie.<\/p>\n<h2><span class=\"ez-toc-section\" id=\"Quand_tailler_les_haies_en_2021\"><\/span><strong>Quand tailler les haies en 2021 ?<\/strong><span class=\"ez-toc-section-end\"><\/span><\/h2>\n<p>Pour ne pas d\u00e9ranger ou d\u00e9loger les oiseaux pendant cette p\u00e9riode cruciale pour leur cycle de vie, l&rsquo;Office fran\u00e7ais de la biodiversit\u00e9, comme la Ligue pour la protection des oiseaux (LPO), recommande de ne pas <b>tailler les haies<\/b> ni d&rsquo;\u00e9laguer les arbres du 15 mars au 31 juillet.<\/p>\n<h2><span class=\"ez-toc-section\" id=\"Quand_tailler_la_haie_de_lauriers\"><\/span><strong>Quand tailler la haie de lauriers ?<\/strong><span class=\"ez-toc-section-end\"><\/span><\/h2>\n<p>En bac ou en pot : <b>tailler<\/b> cet arbuste en automne, apr\u00e8s la floraison mais avant les fortes gel\u00e9es. Les plantes commenceront \u00e0 repousser en cours d&rsquo;hiver. En pleine terre : <b>tailler<\/b> au d\u00e9but du printemps (avril). La <b>taille<\/b> n&rsquo;intervient que sur des sujets \u00e2g\u00e9s de cinq ans au moins.<\/p>\n<h2><span class=\"ez-toc-section\" id=\"Quand_tailler_les_haies_et_arbustes\"><\/span><strong>Quand tailler les haies et arbustes ?<\/strong><span class=\"ez-toc-section-end\"><\/span><\/h2>\n<p>De mani\u00e8re g\u00e9n\u00e9rale, la <b>taille<\/b> s&rsquo;effectue \u00e0 la fin de l&rsquo;hiver, afin de pr\u00e9parer les <b>arbustes<\/b> \u00e0 la venue du printemps. La <b>taille<\/b> de d\u00e9but d&rsquo;\u00e9t\u00e9 est consacr\u00e9e aux <b>arbustes<\/b> \u00e0 floraison printani\u00e8re.<\/p>\n<h2><strong><\/strong><\/h2>\n<hr \/>\n<p><em>Editeurs: 5 &#8211; R\u00e9f\u00e9rences: 23 articles<\/em><\/p>\n<p><em>N\u2019oubliez pas de partager l\u2019article !<\/em><\/p>\n","protected":false},"excerpt":{"rendered":"<p>Une l\u00e9g\u00e8re taille peut \u00eatre effectu\u00e9e au moment de la plantation. Les vari\u00e9t\u00e9s persistantes, souvent utilis\u00e9es en haie, se taillent 2 fois par an : en avril et en ao\u00fbt. Les vari\u00e9t\u00e9s caduques se taillent \u00e0 la fin de l&rsquo;hiver, avant que la formation des jeunes pousses. Toutefois, ne les taillez que tous les 2-3 [&hellip;]<\/p>\n","protected":false},"author":2,"featured_media":0,"comment_status":"open","ping_status":"open","sticky":false,"template":"","format":"standard","meta":{"tdm_status":"","tdm_grid_status":"","_jetpack_memberships_contains_paid_content":false,"footnotes":"","jetpack_publicize_message":"","jetpack_publicize_feature_enabled":true,"jetpack_social_post_already_shared":true,"jetpack_social_options":{"image_generator_settings":{"template":"highway","default_image_id":0,"font":"","enabled":false},"version":2}},"categories":[3457],"tags":[],"class_list":["post-49274","post","type-post","status-publish","format-standard","hentry","category-maison"],"yoast_head":"<!-- This site is optimized with the Yoast SEO Premium plugin v25.0 (Yoast SEO v25.0) - https:\/\/yoast.com\/wordpress\/plugins\/seo\/ -->\n<title>Quand et comment tailler un fusain ?<\/title>\n<meta name=\"description\" content=\"Une l\u00e9g\u00e8re taille peut \u00eatre effectu\u00e9e au moment de la plantation. Les vari\u00e9t\u00e9s persistantes, souvent utilis\u00e9es en haie, se taillent 2 fois par an : en\" \/>\n<meta name=\"robots\" content=\"index, follow, max-snippet:-1, max-image-preview:large, max-video-preview:-1\" \/>\n<link rel=\"canonical\" href=\"https:\/\/flashmode.tn\/magazine\/quand-et-comment-tailler-un-fusain\/\" \/>\n<meta property=\"og:locale\" content=\"fr_FR\" \/>\n<meta property=\"og:type\" content=\"article\" \/>\n<meta property=\"og:title\" content=\"Quand et comment tailler un fusain ? - Flashmode Magazine | Magazine de mode et style de vie Num\u00e9ro un en Tunisie et au Maghreb\" \/>\n<meta property=\"og:description\" content=\"Une l\u00e9g\u00e8re taille peut \u00eatre effectu\u00e9e au moment de la plantation. Les vari\u00e9t\u00e9s persistantes, souvent utilis\u00e9es en haie, se taillent 2 fois par an : en\" \/>\n<meta property=\"og:url\" content=\"https:\/\/flashmode.tn\/magazine\/quand-et-comment-tailler-un-fusain\/\" \/>\n<meta property=\"og:site_name\" content=\"Flashmode Magazine | Magazine de mode et style de vie Num\u00e9ro un en Tunisie et au Maghreb\" \/>\n<meta property=\"article:publisher\" content=\"https:\/\/www.facebook.com\/flashmode.magazine\/\" \/>\n<meta property=\"article:published_time\" content=\"2021-12-17T17:50:22+00:00\" \/>\n<meta name=\"author\" content=\"Nora D.\" \/>\n<meta name=\"twitter:card\" content=\"summary_large_image\" \/>\n<meta name=\"twitter:creator\" content=\"@agenceflashmode\" \/>\n<meta name=\"twitter:site\" content=\"@agenceflashmode\" \/>\n<meta name=\"twitter:label1\" content=\"\u00c9crit par\" \/>\n\t<meta name=\"twitter:data1\" content=\"Nora D.\" \/>\n\t<meta name=\"twitter:label2\" content=\"Dur\u00e9e de lecture estim\u00e9e\" \/>\n\t<meta name=\"twitter:data2\" content=\"6 minutes\" \/>\n<script type=\"application\/ld+json\" class=\"yoast-schema-graph\">{\"@context\":\"https:\/\/schema.org\",\"@graph\":[{\"@type\":\"WebPage\",\"@id\":\"https:\/\/flashmode.tn\/magazine\/quand-et-comment-tailler-un-fusain\/\",\"url\":\"https:\/\/flashmode.tn\/magazine\/quand-et-comment-tailler-un-fusain\/\",\"name\":\"Quand et comment tailler un fusain ?\",\"isPartOf\":{\"@id\":\"https:\/\/flashmode.tn\/magazine\/#website\"},\"datePublished\":\"2021-12-17T17:50:22+00:00\",\"author\":{\"@id\":\"https:\/\/flashmode.tn\/magazine\/#\/schema\/person\/ebeaf8414935b60ba8817ab0babd7fbe\"},\"description\":\"Une l\u00e9g\u00e8re taille peut \u00eatre effectu\u00e9e au moment de la plantation. Les vari\u00e9t\u00e9s persistantes, souvent utilis\u00e9es en haie, se taillent 2 fois par an : en\",\"breadcrumb\":{\"@id\":\"https:\/\/flashmode.tn\/magazine\/quand-et-comment-tailler-un-fusain\/#breadcrumb\"},\"inLanguage\":\"fr-FR\",\"potentialAction\":[{\"@type\":\"ReadAction\",\"target\":[\"https:\/\/flashmode.tn\/magazine\/quand-et-comment-tailler-un-fusain\/\"]}]},{\"@type\":\"BreadcrumbList\",\"@id\":\"https:\/\/flashmode.tn\/magazine\/quand-et-comment-tailler-un-fusain\/#breadcrumb\",\"itemListElement\":[{\"@type\":\"ListItem\",\"position\":1,\"name\":\"Accueil\",\"item\":\"https:\/\/flashmode.tn\/magazine\/\"},{\"@type\":\"ListItem\",\"position\":2,\"name\":\"Quand et comment tailler un fusain ?\"}]},{\"@type\":\"WebSite\",\"@id\":\"https:\/\/flashmode.tn\/magazine\/#website\",\"url\":\"https:\/\/flashmode.tn\/magazine\/\",\"name\":\"Flashmode Magazine | Magazine de mode et style de vie Num\u00e9ro un en Tunisie et au Maghreb\",\"description\":\"Magazine de mode et style de vie Num\u00e9ro un en Tunisie et au Maghreb, cr\u00e9\u00e9 pour les hommes et les femmes : conseils beaut\u00e9, mode femme, mode homme, recettes de cuisine, c\u00e9l\u00e9brit\u00e9s et people, mannequins et top modeles\",\"potentialAction\":[{\"@type\":\"SearchAction\",\"target\":{\"@type\":\"EntryPoint\",\"urlTemplate\":\"https:\/\/flashmode.tn\/magazine\/?s={search_term_string}\"},\"query-input\":{\"@type\":\"PropertyValueSpecification\",\"valueRequired\":true,\"valueName\":\"search_term_string\"}}],\"inLanguage\":\"fr-FR\"},{\"@type\":\"Person\",\"@id\":\"https:\/\/flashmode.tn\/magazine\/#\/schema\/person\/ebeaf8414935b60ba8817ab0babd7fbe\",\"name\":\"Nora D.\",\"image\":{\"@type\":\"ImageObject\",\"inLanguage\":\"fr-FR\",\"@id\":\"https:\/\/flashmode.tn\/magazine\/#\/schema\/person\/image\/\",\"url\":\"https:\/\/secure.gravatar.com\/avatar\/a51d897ddf0a2216affe16e03a39790850922d1b5b29f147f35db7ccb8861eab?s=96&d=mm&r=g\",\"contentUrl\":\"https:\/\/secure.gravatar.com\/avatar\/a51d897ddf0a2216affe16e03a39790850922d1b5b29f147f35db7ccb8861eab?s=96&d=mm&r=g\",\"caption\":\"Nora D.\"},\"url\":\"https:\/\/flashmode.tn\/magazine\/author\/nora-damak\/\"}]}<\/script>\n<!-- \/ Yoast SEO Premium plugin. -->","yoast_head_json":{"title":"Quand et comment tailler un fusain ?","description":"Une l\u00e9g\u00e8re taille peut \u00eatre effectu\u00e9e au moment de la plantation. Les vari\u00e9t\u00e9s persistantes, souvent utilis\u00e9es en haie, se taillent 2 fois par an : en","robots":{"index":"index","follow":"follow","max-snippet":"max-snippet:-1","max-image-preview":"max-image-preview:large","max-video-preview":"max-video-preview:-1"},"canonical":"https:\/\/flashmode.tn\/magazine\/quand-et-comment-tailler-un-fusain\/","og_locale":"fr_FR","og_type":"article","og_title":"Quand et comment tailler un fusain ? - Flashmode Magazine | Magazine de mode et style de vie Num\u00e9ro un en Tunisie et au Maghreb","og_description":"Une l\u00e9g\u00e8re taille peut \u00eatre effectu\u00e9e au moment de la plantation. Les vari\u00e9t\u00e9s persistantes, souvent utilis\u00e9es en haie, se taillent 2 fois par an : en","og_url":"https:\/\/flashmode.tn\/magazine\/quand-et-comment-tailler-un-fusain\/","og_site_name":"Flashmode Magazine | Magazine de mode et style de vie Num\u00e9ro un en Tunisie et au Maghreb","article_publisher":"https:\/\/www.facebook.com\/flashmode.magazine\/","article_published_time":"2021-12-17T17:50:22+00:00","author":"Nora D.","twitter_card":"summary_large_image","twitter_creator":"@agenceflashmode","twitter_site":"@agenceflashmode","twitter_misc":{"\u00c9crit par":"Nora D.","Dur\u00e9e de lecture estim\u00e9e":"6 minutes"},"schema":{"@context":"https:\/\/schema.org","@graph":[{"@type":"WebPage","@id":"https:\/\/flashmode.tn\/magazine\/quand-et-comment-tailler-un-fusain\/","url":"https:\/\/flashmode.tn\/magazine\/quand-et-comment-tailler-un-fusain\/","name":"Quand et comment tailler un fusain ?","isPartOf":{"@id":"https:\/\/flashmode.tn\/magazine\/#website"},"datePublished":"2021-12-17T17:50:22+00:00","author":{"@id":"https:\/\/flashmode.tn\/magazine\/#\/schema\/person\/ebeaf8414935b60ba8817ab0babd7fbe"},"description":"Une l\u00e9g\u00e8re taille peut \u00eatre effectu\u00e9e au moment de la plantation. Les vari\u00e9t\u00e9s persistantes, souvent utilis\u00e9es en haie, se taillent 2 fois par an : en","breadcrumb":{"@id":"https:\/\/flashmode.tn\/magazine\/quand-et-comment-tailler-un-fusain\/#breadcrumb"},"inLanguage":"fr-FR","potentialAction":[{"@type":"ReadAction","target":["https:\/\/flashmode.tn\/magazine\/quand-et-comment-tailler-un-fusain\/"]}]},{"@type":"BreadcrumbList","@id":"https:\/\/flashmode.tn\/magazine\/quand-et-comment-tailler-un-fusain\/#breadcrumb","itemListElement":[{"@type":"ListItem","position":1,"name":"Accueil","item":"https:\/\/flashmode.tn\/magazine\/"},{"@type":"ListItem","position":2,"name":"Quand et comment tailler un fusain ?"}]},{"@type":"WebSite","@id":"https:\/\/flashmode.tn\/magazine\/#website","url":"https:\/\/flashmode.tn\/magazine\/","name":"Flashmode Magazine | Magazine de mode et style de vie Num\u00e9ro un en Tunisie et au Maghreb","description":"Magazine de mode et style de vie Num\u00e9ro un en Tunisie et au Maghreb, cr\u00e9\u00e9 pour les hommes et les femmes : conseils beaut\u00e9, mode femme, mode homme, recettes de cuisine, c\u00e9l\u00e9brit\u00e9s et people, mannequins et top modeles","potentialAction":[{"@type":"SearchAction","target":{"@type":"EntryPoint","urlTemplate":"https:\/\/flashmode.tn\/magazine\/?s={search_term_string}"},"query-input":{"@type":"PropertyValueSpecification","valueRequired":true,"valueName":"search_term_string"}}],"inLanguage":"fr-FR"},{"@type":"Person","@id":"https:\/\/flashmode.tn\/magazine\/#\/schema\/person\/ebeaf8414935b60ba8817ab0babd7fbe","name":"Nora D.","image":{"@type":"ImageObject","inLanguage":"fr-FR","@id":"https:\/\/flashmode.tn\/magazine\/#\/schema\/person\/image\/","url":"https:\/\/secure.gravatar.com\/avatar\/a51d897ddf0a2216affe16e03a39790850922d1b5b29f147f35db7ccb8861eab?s=96&d=mm&r=g","contentUrl":"https:\/\/secure.gravatar.com\/avatar\/a51d897ddf0a2216affe16e03a39790850922d1b5b29f147f35db7ccb8861eab?s=96&d=mm&r=g","caption":"Nora D."},"url":"https:\/\/flashmode.tn\/magazine\/author\/nora-damak\/"}]}},"jetpack_publicize_connections":[],"jetpack_featured_media_url":"","jetpack_shortlink":"https:\/\/wp.me\/p8BPGr-cOK","jetpack_sharing_enabled":true,"_links":{"self":[{"href":"https:\/\/flashmode.tn\/magazine\/wp-json\/wp\/v2\/posts\/49274","targetHints":{"allow":["GET"]}}],"collection":[{"href":"https:\/\/flashmode.tn\/magazine\/wp-json\/wp\/v2\/posts"}],"about":[{"href":"https:\/\/flashmode.tn\/magazine\/wp-json\/wp\/v2\/types\/post"}],"author":[{"embeddable":true,"href":"https:\/\/flashmode.tn\/magazine\/wp-json\/wp\/v2\/users\/2"}],"replies":[{"embeddable":true,"href":"https:\/\/flashmode.tn\/magazine\/wp-json\/wp\/v2\/comments?post=49274"}],"version-history":[{"count":0,"href":"https:\/\/flashmode.tn\/magazine\/wp-json\/wp\/v2\/posts\/49274\/revisions"}],"wp:attachment":[{"href":"https:\/\/flashmode.tn\/magazine\/wp-json\/wp\/v2\/media?parent=49274"}],"wp:term":[{"taxonomy":"category","embeddable":true,"href":"https:\/\/flashmode.tn\/magazine\/wp-json\/wp\/v2\/categories?post=49274"},{"taxonomy":"post_tag","embeddable":true,"href":"https:\/\/flashmode.tn\/magazine\/wp-json\/wp\/v2\/tags?post=49274"}],"curies":[{"name":"wp","href":"https:\/\/api.w.org\/{rel}","templated":true}]}}