{"id":50279,"date":"2022-01-05T21:29:09","date_gmt":"2022-01-05T20:29:09","guid":{"rendered":"https:\/\/flashmode.tn\/magazine\/?p=50279"},"modified":"2022-01-05T21:29:09","modified_gmt":"2022-01-05T20:29:09","slug":"quand-et-comment-tailler-la-verveine-2","status":"publish","type":"post","link":"https:\/\/flashmode.tn\/magazine\/quand-et-comment-tailler-la-verveine-2\/","title":{"rendered":"Quand et comment tailler la verveine ?"},"content":{"rendered":"<p>F\u00e9vrier et mars sont les mois conseill\u00e9s pour <b>tailler la verveine<\/b> citronnelle. Raccourcissez les branches en laissant 5 \u00e0 10 cm maximum, sans toucher aux branches principales qui d\u00e9marrent au pied de la <b>verveine<\/b>.<\/p>\n<p>Mais encore, Comment arroser de la verveine ?<\/p>\n<p><b>Arrosage de la verveine<\/b><\/p>\n<p> La <b>verveine<\/b> en pot se montre plus gourmande en eau. Arrosez r\u00e9guli\u00e8rement, d\u00e8s que le substrat est sec en surface, durant toute la p\u00e9riode de v\u00e9g\u00e9tation. En pot comme en pleine terre, veillez \u00e0 ne pas mouiller le feuillage pour limiter les risques de maladies.<\/p>\n<p>et Est-ce que la verveine repousse ?<\/p>\n<p>La <b>verveine<\/b>, bien que vivace, <b>est<\/b> cultiv\u00e9e comme une annuelle. La <b>verveine est<\/b> une plante qui exige assez peu de soins mais qui m\u00e9rite n\u00e9anmoins une petite attention pour voire la floraison durer longtemps. Supprimez les fleurs fan\u00e9es au fur et \u00e0 mesure afin de stimuler l&rsquo;apparition de nouvelles fleurs.<\/p>\n<p>Comment faire une infusion de verveine fra\u00eeche ?<\/p>\n<p>Une recette de boisson rafraichissante qui ravira toute la famille : mettre une vingtaine de feuilles de <b>verveine<\/b> citronnelle dans une casserole, versez 1 litre d&rsquo;eau bouillante dessus, laissez infuser. Rajoutez deux cuill\u00e8res \u00e0 soupe de sucre, faites fondre. Laissez refroidir et servir frais.<\/p>\n<div id=\"ez-toc-container\" class=\"ez-toc-v2_0_81 counter-hierarchy ez-toc-counter ez-toc-grey ez-toc-container-direction\">\n<div class=\"ez-toc-title-container\">\n<p class=\"ez-toc-title\" style=\"cursor:inherit\">Contenus de la page<\/p>\n<span class=\"ez-toc-title-toggle\"><a href=\"#\" class=\"ez-toc-pull-right ez-toc-btn ez-toc-btn-xs ez-toc-btn-default ez-toc-toggle\" aria-label=\"Toggle Table of Content\"><span class=\"ez-toc-js-icon-con\"><span class=\"\"><span class=\"eztoc-hide\" style=\"display:none;\">Toggle<\/span><span class=\"ez-toc-icon-toggle-span\"><svg style=\"fill: #999;color:#999\" xmlns=\"http:\/\/www.w3.org\/2000\/svg\" class=\"list-377408\" width=\"20px\" height=\"20px\" viewBox=\"0 0 24 24\" fill=\"none\"><path d=\"M6 6H4v2h2V6zm14 0H8v2h12V6zM4 11h2v2H4v-2zm16 0H8v2h12v-2zM4 16h2v2H4v-2zm16 0H8v2h12v-2z\" fill=\"currentColor\"><\/path><\/svg><svg style=\"fill: #999;color:#999\" class=\"arrow-unsorted-368013\" xmlns=\"http:\/\/www.w3.org\/2000\/svg\" width=\"10px\" height=\"10px\" viewBox=\"0 0 24 24\" version=\"1.2\" baseProfile=\"tiny\"><path d=\"M18.2 9.3l-6.2-6.3-6.2 6.3c-.2.2-.3.4-.3.7s.1.5.3.7c.2.2.4.3.7.3h11c.3 0 .5-.1.7-.3.2-.2.3-.5.3-.7s-.1-.5-.3-.7zM5.8 14.7l6.2 6.3 6.2-6.3c.2-.2.3-.5.3-.7s-.1-.5-.3-.7c-.2-.2-.4-.3-.7-.3h-11c-.3 0-.5.1-.7.3-.2.2-.3.5-.3.7s.1.5.3.7z\"\/><\/svg><\/span><\/span><\/span><\/a><\/span><\/div>\n<nav><ul class='ez-toc-list ez-toc-list-level-1 ' ><li class='ez-toc-page-1 ez-toc-heading-level-2'><a class=\"ez-toc-link ez-toc-heading-1\" href=\"https:\/\/flashmode.tn\/magazine\/quand-et-comment-tailler-la-verveine-2\/#Comment_utiliser_les_feuilles_de_verveine_citronnelle\" >Comment utiliser les feuilles de verveine citronnelle ?<\/a><\/li><li class='ez-toc-page-1 ez-toc-heading-level-2'><a class=\"ez-toc-link ez-toc-heading-2\" href=\"https:\/\/flashmode.tn\/magazine\/quand-et-comment-tailler-la-verveine-2\/#Comment_avoir_une_belle_verveine\" >Comment avoir une belle verveine ?<\/a><\/li><li class='ez-toc-page-1 ez-toc-heading-level-2'><a class=\"ez-toc-link ez-toc-heading-3\" href=\"https:\/\/flashmode.tn\/magazine\/quand-et-comment-tailler-la-verveine-2\/#Ou_placer_la_verveine\" >O\u00f9 placer la verveine ?<\/a><\/li><li class='ez-toc-page-1 ez-toc-heading-level-2'><a class=\"ez-toc-link ez-toc-heading-4\" href=\"https:\/\/flashmode.tn\/magazine\/quand-et-comment-tailler-la-verveine-2\/#Quelle_quantite_de_verveine_pour_infusion\" >Quelle quantit\u00e9 de verveine pour infusion ?<\/a><\/li><li class='ez-toc-page-1 ez-toc-heading-level-2'><a class=\"ez-toc-link ez-toc-heading-5\" href=\"https:\/\/flashmode.tn\/magazine\/quand-et-comment-tailler-la-verveine-2\/#Comment_conserver_la_couleur_verte_de_la_liqueur_de_verveine\" >Comment conserver la couleur verte de la liqueur de verveine ?<\/a><\/li><li class='ez-toc-page-1 ez-toc-heading-level-2'><a class=\"ez-toc-link ez-toc-heading-6\" href=\"https:\/\/flashmode.tn\/magazine\/quand-et-comment-tailler-la-verveine-2\/#Comment_utiliser_les_fleurs_de_verveine\" >Comment utiliser les fleurs de verveine ?<\/a><\/li><li class='ez-toc-page-1 ez-toc-heading-level-2'><a class=\"ez-toc-link ez-toc-heading-7\" href=\"https:\/\/flashmode.tn\/magazine\/quand-et-comment-tailler-la-verveine-2\/#Quels_sont_les_bienfaits_de_la_verveine_citronnee\" >Quels sont les bienfaits de la verveine citronn\u00e9e ?<\/a><\/li><li class='ez-toc-page-1 ez-toc-heading-level-2'><a class=\"ez-toc-link ez-toc-heading-8\" href=\"https:\/\/flashmode.tn\/magazine\/quand-et-comment-tailler-la-verveine-2\/#Comment_faire_tisane_verveine_citronnelle\" >Comment faire tisane verveine citronnelle ?<\/a><\/li><li class='ez-toc-page-1 ez-toc-heading-level-2'><a class=\"ez-toc-link ez-toc-heading-9\" href=\"https:\/\/flashmode.tn\/magazine\/quand-et-comment-tailler-la-verveine-2\/#Quand_et_comment_faire_des_boutures_de_verveine_citronnelle\" >Quand et comment faire des boutures de verveine citronnelle ?<\/a><\/li><li class='ez-toc-page-1 ez-toc-heading-level-2'><a class=\"ez-toc-link ez-toc-heading-10\" href=\"https:\/\/flashmode.tn\/magazine\/quand-et-comment-tailler-la-verveine-2\/#Quelle_plante_associer_avec_la_verveine\" >Quelle plante associer avec la verveine ?<\/a><\/li><li class='ez-toc-page-1 ez-toc-heading-level-2'><a class=\"ez-toc-link ez-toc-heading-11\" href=\"https:\/\/flashmode.tn\/magazine\/quand-et-comment-tailler-la-verveine-2\/#Est-ce_que_la_verveine_aime_le_soleil\" >Est-ce que la verveine aime le soleil ?<\/a><\/li><li class='ez-toc-page-1 ez-toc-heading-level-2'><a class=\"ez-toc-link ez-toc-heading-12\" href=\"https:\/\/flashmode.tn\/magazine\/quand-et-comment-tailler-la-verveine-2\/#Quelle_quantite_pour_une_infusion\" >Quelle quantit\u00e9 pour une infusion ?<\/a><\/li><li class='ez-toc-page-1 ez-toc-heading-level-2'><a class=\"ez-toc-link ez-toc-heading-13\" href=\"https:\/\/flashmode.tn\/magazine\/quand-et-comment-tailler-la-verveine-2\/#Comment_doser_sa_tisane\" >Comment doser sa tisane ?<\/a><\/li><li class='ez-toc-page-1 ez-toc-heading-level-2'><a class=\"ez-toc-link ez-toc-heading-14\" href=\"https:\/\/flashmode.tn\/magazine\/quand-et-comment-tailler-la-verveine-2\/#Comment_faire_une_infusion_de_verveine_citronnelle\" >Comment faire une infusion de verveine citronnelle ?<\/a><\/li><li class='ez-toc-page-1 ez-toc-heading-level-2'><a class=\"ez-toc-link ez-toc-heading-15\" href=\"https:\/\/flashmode.tn\/magazine\/quand-et-comment-tailler-la-verveine-2\/#Quel_alcool_pour_faire_de_la_liqueur\" >Quel alcool pour faire de la liqueur ?<\/a><\/li><li class='ez-toc-page-1 ez-toc-heading-level-2'><a class=\"ez-toc-link ez-toc-heading-16\" href=\"https:\/\/flashmode.tn\/magazine\/quand-et-comment-tailler-la-verveine-2\/#Comment_adoucir_une_liqueur\" >Comment adoucir une liqueur ?<\/a><\/li><li class='ez-toc-page-1 ez-toc-heading-level-2'><a class=\"ez-toc-link ez-toc-heading-17\" href=\"https:\/\/flashmode.tn\/magazine\/quand-et-comment-tailler-la-verveine-2\/#Comment_faire_de_la_liqueur\" >Comment faire de la liqueur ?<\/a><\/li><li class='ez-toc-page-1 ez-toc-heading-level-2'><a class=\"ez-toc-link ez-toc-heading-18\" href=\"https:\/\/flashmode.tn\/magazine\/quand-et-comment-tailler-la-verveine-2\/#Comment_sont_les_feuilles_de_verveine\" >Comment sont les feuilles de verveine ?<\/a><\/li><li class='ez-toc-page-1 ez-toc-heading-level-2'><a class=\"ez-toc-link ez-toc-heading-19\" href=\"https:\/\/flashmode.tn\/magazine\/quand-et-comment-tailler-la-verveine-2\/#Quand_boire_la_verveine_citronnelle\" >Quand boire la verveine citronnelle ?<\/a><\/li><li class='ez-toc-page-1 ez-toc-heading-level-2'><a class=\"ez-toc-link ez-toc-heading-20\" href=\"https:\/\/flashmode.tn\/magazine\/quand-et-comment-tailler-la-verveine-2\/#Ou_planter_la_verveine_citronnee\" >O\u00f9 planter la verveine citronn\u00e9e ?<\/a><\/li><\/ul><\/nav><\/div>\n<h2><span class=\"ez-toc-section\" id=\"Comment_utiliser_les_feuilles_de_verveine_citronnelle\"><\/span>Comment utiliser les feuilles de verveine citronnelle ?<span class=\"ez-toc-section-end\"><\/span><\/h2>\n<p>~ En tisane, chaude ou glac\u00e9e, en solo ou en m\u00e9lange avec d&rsquo;autres herbes, comme la menthe ou la sauge. ~ Pr\u00e9parer un sirop pour les cocktails, ou bien pour sucrer une eau gazeuse, un th\u00e9 glac\u00e9 ou une limonade. ~ Faire une liqueur de <b>verveine citronnelle<\/b>.<\/p>\n<h2><span class=\"ez-toc-section\" id=\"Comment_avoir_une_belle_verveine\"><\/span><strong>Comment avoir une belle verveine ?<\/strong><span class=\"ez-toc-section-end\"><\/span><\/h2>\n<p>Plantez les jeunes plants de <b>verveine<\/b> en pleine terre \u00e0 la fin du printemps ou au d\u00e9but de l&rsquo;\u00e9t\u00e9. Les derni\u00e8res gel\u00e9es doivent \u00eatre loin et les journ\u00e9es longues. Plantez-les dans un sol bien drain\u00e9. Apr\u00e8s <b>avoir<\/b> plant\u00e9 la <b>verveine<\/b>, ajoutez de l&rsquo;engrais horticole.<\/p>\n<h2><span class=\"ez-toc-section\" id=\"Ou_placer_la_verveine\"><\/span><strong>O\u00f9 placer la verveine ?<\/strong><span class=\"ez-toc-section-end\"><\/span><\/h2>\n<p>Sol et exposition id\u00e9als pour planter de la <b>verveine<\/b> citronnelle au jardin potager. La <b>verveine<\/b> citronnelle appr\u00e9cie un sol pauvre, calcaire, sec et bien drain\u00e9 expos\u00e9 en plein soleil.<\/p>\n<h2><span class=\"ez-toc-section\" id=\"Quelle_quantite_de_verveine_pour_infusion\"><\/span><strong>Quelle quantit\u00e9 de verveine pour infusion ?<\/strong><span class=\"ez-toc-section-end\"><\/span><\/h2>\n<p><b>Infusion<\/b> : 1 \u00e0 2 g (1 \u00e0 2 cuill\u00e8res \u00e0 caf\u00e9) de feuilles de <b>verveine<\/b> dans une tasse d&rsquo;eau chaude apr\u00e8s les repas. Huile essentielle : 2 \u00e0 6 gouttes, 2 fois par jour, dans 250 ml d&rsquo;eau chaude.<\/p>\n<h2><span class=\"ez-toc-section\" id=\"Comment_conserver_la_couleur_verte_de_la_liqueur_de_verveine\"><\/span><strong>Comment conserver la couleur verte de la liqueur de verveine ?<\/strong><span class=\"ez-toc-section-end\"><\/span><\/h2>\n<p>Faire suer dans un grand bocal herm\u00e9tique les brins de <b>verveine<\/b> avec les 50 cl d&rsquo;<b>alcool<\/b>, il convient de suspendre la <b>verveine<\/b> li\u00e9e en petit fagot au-dessus de l&rsquo;<b>alcool<\/b> sans les faire toucher la surface de l&rsquo;<b>alcool<\/b>. Au bout de sept jours environ, la <b>verveine<\/b> aura communiqu\u00e9 sa belle <b>couleur verte<\/b> \u00e0 l&rsquo;<b>alcool<\/b>.<\/p>\n<h2><span class=\"ez-toc-section\" id=\"Comment_utiliser_les_fleurs_de_verveine\"><\/span><strong>Comment utiliser les fleurs de verveine ?<\/strong><span class=\"ez-toc-section-end\"><\/span><\/h2>\n<p>La <b>verveine<\/b> est une plante qui exige tr\u00e8s peu de soins mais qui m\u00e9rite n\u00e9anmoins une petite attention pour voire la floraison durer longtemps. Supprimez les <b>fleurs<\/b> au fur et \u00e0 mesure afin de stimuler l&rsquo;apparition de nouvelles <b>fleurs<\/b>. On <b>utilise<\/b> alors les <b>fleurs<\/b> en infusion, fra\u00eeches ou s\u00e9ch\u00e9es.<\/p>\n<h2><span class=\"ez-toc-section\" id=\"Quels_sont_les_bienfaits_de_la_verveine_citronnee\"><\/span><strong>Quels sont les bienfaits de la verveine citronn\u00e9e ?<\/strong><span class=\"ez-toc-section-end\"><\/span><\/h2>\n<p>Vertus th\u00e9rapeutiques de la <b>verveine citronnelle<\/b><\/p>\n<p> Facilite la digestion : apaisante, cette plante stimule la digestion, \u00e9limine les gaz et soulage les naus\u00e9es. L\u00e9g\u00e8rement s\u00e9dative : gr\u00e2ce aux terp\u00e8nes qui ont un effet calmant sur le syst\u00e8me nerveux. La <b>verveine citronnelle<\/b> agit comme un d\u00e9contractant.<\/p>\n<h2><span class=\"ez-toc-section\" id=\"Comment_faire_tisane_verveine_citronnelle\"><\/span><strong>Comment faire tisane verveine citronnelle ?<\/strong><span class=\"ez-toc-section-end\"><\/span><\/h2>\n<p><b>  \u00c9tapes de pr\u00e9paration <\/b> <\/p>\n<ol>\n<li>   Portez 1 litre d&rsquo;eau \u00e0 \u00e9bullition dans une casserole. Hors du feu, ajoutez les feuilles de   <b>    verveine   <\/b>   , couvrez puis laissez infuser 10 min.  <\/li>\n<li>   Filtrez puis m\u00e9langez avec le miel. &#8230;  <\/li>\n<li>   R\u00e9partissez la   <b>    tisane   <\/b>   dans des tasses, ajoutez 1 rondelle de   <b>    citron   <\/b>   et servez bien chaud.  <\/li>\n<\/ol>\n<h2><span class=\"ez-toc-section\" id=\"Quand_et_comment_faire_des_boutures_de_verveine_citronnelle\"><\/span><strong>Quand et comment faire des boutures de verveine citronnelle ?<\/strong><span class=\"ez-toc-section-end\"><\/span><\/h2>\n<p>Attendre l&rsquo;\u00e9t\u00e9 pour <b>bouturer<\/b> la <b>verveine citronelle<\/b>. En juillet ou ao\u00fbt, pr\u00e9lever des <b>boutures<\/b> herbac\u00e9es. Couper des rameaux en gardant un talon (un morceau d&rsquo;\u00e9corce de la tige). Retirer les feuilles de la base et ne conserver que 5 ou 6 feuilles.<\/p>\n<h2><span class=\"ez-toc-section\" id=\"Quelle_plante_associer_avec_la_verveine\"><\/span><strong>Quelle plante associer avec la verveine ?<\/strong><span class=\"ez-toc-section-end\"><\/span><\/h2>\n<p><b>  <b>   Quelles  <\/b>  bonnes associations de  <b>   plantes avec la verveine  <\/b>  ? <\/b> <\/p>\n<ul>\n<li>   La lantana jaune   <b>    avec   <\/b>   son parfum de fleur d&rsquo;oranger se marie parfaitement ave la   <b>    verveine   <\/b>   . &#8230;  <\/li>\n<li>   L&rsquo;ag\u00e9ratum peut \u00eatre associ\u00e9   <b>    \u00e0 la verveine   <\/b>   et permettra d&rsquo;apporter une touche de couleur pastel au massif.  <\/li>\n<\/ul>\n<h2><span class=\"ez-toc-section\" id=\"Est-ce_que_la_verveine_aime_le_soleil\"><\/span><strong>Est-ce que la verveine aime le soleil ?<\/strong><span class=\"ez-toc-section-end\"><\/span><\/h2>\n<p>La <b>verveine<\/b> se contente d&rsquo;une terre normale qu&rsquo;elle appr\u00e9cie n\u00e9anmoins riche, bien drain\u00e9e et restant fra\u00eeche en \u00e9t\u00e9. Le plein <b>soleil<\/b> favorise une floraison abondante et une croissance r\u00e9guli\u00e8re, mais la <b>Verveine<\/b> tol\u00e8re l&rsquo;ombre l\u00e9g\u00e8re.<\/p>\n<h2><span class=\"ez-toc-section\" id=\"Quelle_quantite_pour_une_infusion\"><\/span><strong>Quelle quantit\u00e9 pour une infusion ?<\/strong><span class=\"ez-toc-section-end\"><\/span><\/h2>\n<p>La dose id\u00e9ale <b>pour<\/b> r\u00e9aliser une <b>infusion<\/b> parfaite est <b>de<\/b> compter 1 cuill\u00e8re \u00e0 caf\u00e9 <b>de<\/b> plante <b>pour<\/b> 250 ml <b>d<\/b>&lsquo;eau. Fra\u00eeches ou s\u00e9ch\u00e9es, les plantes doivent \u00eatre hach\u00e9es finement <b>pour<\/b> diffuser tous leurs bienfaits. Mettre l&rsquo;eau \u00e0 chauffer jusqu&rsquo;\u00e0 fr\u00e9missement. Retirer du feu et y jeter les plantes.<\/p>\n<h2><span class=\"ez-toc-section\" id=\"Comment_doser_sa_tisane\"><\/span><strong>Comment doser sa tisane ?<\/strong><span class=\"ez-toc-section-end\"><\/span><\/h2>\n<p>1 cuill\u00e8re \u00e0 soupe, correspond \u00e0 environ 3 \u00e0 9 g de plantes (selon celle choisie). 1 cuill\u00e8re \u00e0 caf\u00e9 correspond \u00e0 environ 1 \u00e0 3 g. Pour la quantit\u00e9 d&rsquo;eau 1 tasse correspond \u00e0 environ 1\/4 de litre soit 250 ml.<\/p>\n<h2><span class=\"ez-toc-section\" id=\"Comment_faire_une_infusion_de_verveine_citronnelle\"><\/span><strong>Comment faire une infusion de verveine citronnelle ?<\/strong><span class=\"ez-toc-section-end\"><\/span><\/h2>\n<p><b>  \u00c9tapes de pr\u00e9paration <\/b> <\/p>\n<ol>\n<li>   Portez 1 litre d&rsquo;eau \u00e0 \u00e9bullition dans une casserole. Hors du feu, ajoutez les feuilles de   <b>    verveine   <\/b>   , couvrez puis laissez   <b>    infuser   <\/b>   10 min.  <\/li>\n<li>   Filtrez puis m\u00e9langez avec le miel. &#8230;  <\/li>\n<li>   R\u00e9partissez la tisane dans des tasses, ajoutez 1 rondelle de   <b>    citron   <\/b>   et servez bien chaud.  <\/li>\n<\/ol>\n<h2><span class=\"ez-toc-section\" id=\"Quel_alcool_pour_faire_de_la_liqueur\"><\/span><strong>Quel alcool pour faire de la liqueur ?<\/strong><span class=\"ez-toc-section-end\"><\/span><\/h2>\n<p><b>Quel alcool<\/b> utiliser ? On <b>a<\/b> le choix entre diff\u00e9rents alcools : gin, vodka, brandy\u2026 Mais l&rsquo;eau-de-vie blanche reste le meilleur choix car elle est neutre en couleur et en go\u00fbt, ce qui permet de conserver la saveur des fruits. <b>Quel<\/b> que soit l&rsquo;<b>alcool<\/b> choisi, il doit titrer entre 40 et 45\u00b0.<\/p>\n<h2><span class=\"ez-toc-section\" id=\"Comment_adoucir_une_liqueur\"><\/span><strong>Comment adoucir une liqueur ?<\/strong><span class=\"ez-toc-section-end\"><\/span><\/h2>\n<p>Un alcool trop fort \u00ab br\u00fble le gosier \u00bb et perd ainsi une bonne partie de son go\u00fbt. La dilution se fait en g\u00e9n\u00e9ral avec de l&rsquo;eau : eau de source, eau du robinet si elle est potable et n&rsquo;a pas de go\u00fbt chlor\u00e9&#8230;<\/p>\n<h2><span class=\"ez-toc-section\" id=\"Comment_faire_de_la_liqueur\"><\/span><strong>Comment faire de la liqueur ?<\/strong><span class=\"ez-toc-section-end\"><\/span><\/h2>\n<p>Pour l&rsquo;\u00e9laboration des <b>liqueurs<\/b> de fruits, on utilise principalement de l&rsquo;alcool surfin d&rsquo;origine agricole \u00e0 96\u00b0 mais l&rsquo;eau-de-vie peut \u00e9galement servir de base. Les fruits sont mis \u00e0 mac\u00e9rer dans cet alcool surfin dans des cuves de mac\u00e9ration de 24 heures \u00e0 plusieurs mois.<\/p>\n<h2><span class=\"ez-toc-section\" id=\"Comment_sont_les_feuilles_de_verveine\"><\/span><strong>Comment sont les feuilles de verveine ?<\/strong><span class=\"ez-toc-section-end\"><\/span><\/h2>\n<p>On la surnomme parfois herbe de tous les maux, pour ses nombreuses vertus m\u00e9dicinales. Ses <b>feuilles sont<\/b> oblongues, d\u00e9coup\u00e9es en lobes dent\u00e9s. Elles <b>sont<\/b> vert fonc\u00e9 et ont une surface rugueuse. Les fleurs, le plus souvent violettes, <b>sont<\/b> port\u00e9es \u00e0 l&rsquo;extr\u00e9mit\u00e9 des tiges.<\/p>\n<h2><span class=\"ez-toc-section\" id=\"Quand_boire_la_verveine_citronnelle\"><\/span><strong>Quand boire la verveine citronnelle ?<\/strong><span class=\"ez-toc-section-end\"><\/span><\/h2>\n<p>Les feuilles peuvent \u00eatre s\u00e9ch\u00e9es et servir \u00e0 pr\u00e9parer des infusions. La boisson se consomme chaude ou froide. Voici quelques bienfaits connus de cette plante : Pour les muscles : la <b>verveine citronnelle<\/b> peut servir de compl\u00e9ment \u00e0 l&rsquo;effort.<\/p>\n<h2><span class=\"ez-toc-section\" id=\"Ou_planter_la_verveine_citronnee\"><\/span><strong>O\u00f9 planter la verveine citronn\u00e9e ?<\/strong><span class=\"ez-toc-section-end\"><\/span><\/h2>\n<p>Sol et exposition id\u00e9als pour <b>planter<\/b> de la <b>verveine citronnelle<\/b> au jardin potager. La <b>verveine citronnelle<\/b> appr\u00e9cie un sol pauvre, calcaire, sec et bien drain\u00e9 expos\u00e9 en plein soleil.<\/p>\n<h2><strong><\/strong><\/h2>\n<hr \/>\n<p><em>Editeurs: 20 &#8211; R\u00e9f\u00e9rences: 25 articles<\/em><\/p>\n<p><em>N\u2019oubliez pas de partager l\u2019article !<\/em><\/p>\n","protected":false},"excerpt":{"rendered":"<p>F\u00e9vrier et mars sont les mois conseill\u00e9s pour tailler la verveine citronnelle. Raccourcissez les branches en laissant 5 \u00e0 10 cm maximum, sans toucher aux branches principales qui d\u00e9marrent au pied de la verveine. Mais encore, Comment arroser de la verveine ? Arrosage de la verveine La verveine en pot se montre plus gourmande en [&hellip;]<\/p>\n","protected":false},"author":2,"featured_media":0,"comment_status":"open","ping_status":"open","sticky":false,"template":"","format":"standard","meta":{"tdm_status":"","tdm_grid_status":"","_jetpack_memberships_contains_paid_content":false,"footnotes":"","jetpack_publicize_message":"","jetpack_publicize_feature_enabled":true,"jetpack_social_post_already_shared":true,"jetpack_social_options":{"image_generator_settings":{"template":"highway","default_image_id":0,"font":"","enabled":false},"version":2}},"categories":[3457],"tags":[],"class_list":["post-50279","post","type-post","status-publish","format-standard","hentry","category-maison"],"yoast_head":"<!-- This site is optimized with the Yoast SEO Premium plugin v25.0 (Yoast SEO v25.0) - https:\/\/yoast.com\/wordpress\/plugins\/seo\/ -->\n<title>Quand et comment tailler la verveine ?<\/title>\n<meta name=\"description\" content=\"F\u00e9vrier et mars sont les mois conseill\u00e9s pour tailler la verveine citronnelle. Raccourcissez les branches en laissant 5 \u00e0 10 cm maximum, sans toucher aux\" \/>\n<meta name=\"robots\" content=\"index, follow, max-snippet:-1, max-image-preview:large, max-video-preview:-1\" \/>\n<link rel=\"canonical\" href=\"https:\/\/flashmode.tn\/magazine\/quand-et-comment-tailler-la-verveine-2\/\" \/>\n<meta property=\"og:locale\" content=\"fr_FR\" \/>\n<meta property=\"og:type\" content=\"article\" \/>\n<meta property=\"og:title\" content=\"Quand et comment tailler la verveine ? - Flashmode Magazine | Magazine de mode et style de vie Num\u00e9ro un en Tunisie et au Maghreb\" \/>\n<meta property=\"og:description\" content=\"F\u00e9vrier et mars sont les mois conseill\u00e9s pour tailler la verveine citronnelle. Raccourcissez les branches en laissant 5 \u00e0 10 cm maximum, sans toucher aux\" \/>\n<meta property=\"og:url\" content=\"https:\/\/flashmode.tn\/magazine\/quand-et-comment-tailler-la-verveine-2\/\" \/>\n<meta property=\"og:site_name\" content=\"Flashmode Magazine | Magazine de mode et style de vie Num\u00e9ro un en Tunisie et au Maghreb\" \/>\n<meta property=\"article:publisher\" content=\"https:\/\/www.facebook.com\/flashmode.magazine\/\" \/>\n<meta property=\"article:published_time\" content=\"2022-01-05T20:29:09+00:00\" \/>\n<meta name=\"author\" content=\"Nora D.\" \/>\n<meta name=\"twitter:card\" content=\"summary_large_image\" \/>\n<meta name=\"twitter:creator\" content=\"@agenceflashmode\" \/>\n<meta name=\"twitter:site\" content=\"@agenceflashmode\" \/>\n<meta name=\"twitter:label1\" content=\"\u00c9crit par\" \/>\n\t<meta name=\"twitter:data1\" content=\"Nora D.\" \/>\n\t<meta name=\"twitter:label2\" content=\"Dur\u00e9e de lecture estim\u00e9e\" \/>\n\t<meta name=\"twitter:data2\" content=\"6 minutes\" \/>\n<script type=\"application\/ld+json\" class=\"yoast-schema-graph\">{\"@context\":\"https:\/\/schema.org\",\"@graph\":[{\"@type\":\"WebPage\",\"@id\":\"https:\/\/flashmode.tn\/magazine\/quand-et-comment-tailler-la-verveine-2\/\",\"url\":\"https:\/\/flashmode.tn\/magazine\/quand-et-comment-tailler-la-verveine-2\/\",\"name\":\"Quand et comment tailler la verveine ?\",\"isPartOf\":{\"@id\":\"https:\/\/flashmode.tn\/magazine\/#website\"},\"datePublished\":\"2022-01-05T20:29:09+00:00\",\"author\":{\"@id\":\"https:\/\/flashmode.tn\/magazine\/#\/schema\/person\/ebeaf8414935b60ba8817ab0babd7fbe\"},\"description\":\"F\u00e9vrier et mars sont les mois conseill\u00e9s pour tailler la verveine citronnelle. Raccourcissez les branches en laissant 5 \u00e0 10 cm maximum, sans toucher aux\",\"breadcrumb\":{\"@id\":\"https:\/\/flashmode.tn\/magazine\/quand-et-comment-tailler-la-verveine-2\/#breadcrumb\"},\"inLanguage\":\"fr-FR\",\"potentialAction\":[{\"@type\":\"ReadAction\",\"target\":[\"https:\/\/flashmode.tn\/magazine\/quand-et-comment-tailler-la-verveine-2\/\"]}]},{\"@type\":\"BreadcrumbList\",\"@id\":\"https:\/\/flashmode.tn\/magazine\/quand-et-comment-tailler-la-verveine-2\/#breadcrumb\",\"itemListElement\":[{\"@type\":\"ListItem\",\"position\":1,\"name\":\"Accueil\",\"item\":\"https:\/\/flashmode.tn\/magazine\/\"},{\"@type\":\"ListItem\",\"position\":2,\"name\":\"Quand et comment tailler la verveine ?\"}]},{\"@type\":\"WebSite\",\"@id\":\"https:\/\/flashmode.tn\/magazine\/#website\",\"url\":\"https:\/\/flashmode.tn\/magazine\/\",\"name\":\"Flashmode Magazine | Magazine de mode et style de vie Num\u00e9ro un en Tunisie et au Maghreb\",\"description\":\"Magazine de mode et style de vie Num\u00e9ro un en Tunisie et au Maghreb, cr\u00e9\u00e9 pour les hommes et les femmes : conseils beaut\u00e9, mode femme, mode homme, recettes de cuisine, c\u00e9l\u00e9brit\u00e9s et people, mannequins et top modeles\",\"potentialAction\":[{\"@type\":\"SearchAction\",\"target\":{\"@type\":\"EntryPoint\",\"urlTemplate\":\"https:\/\/flashmode.tn\/magazine\/?s={search_term_string}\"},\"query-input\":{\"@type\":\"PropertyValueSpecification\",\"valueRequired\":true,\"valueName\":\"search_term_string\"}}],\"inLanguage\":\"fr-FR\"},{\"@type\":\"Person\",\"@id\":\"https:\/\/flashmode.tn\/magazine\/#\/schema\/person\/ebeaf8414935b60ba8817ab0babd7fbe\",\"name\":\"Nora D.\",\"image\":{\"@type\":\"ImageObject\",\"inLanguage\":\"fr-FR\",\"@id\":\"https:\/\/flashmode.tn\/magazine\/#\/schema\/person\/image\/\",\"url\":\"https:\/\/secure.gravatar.com\/avatar\/a51d897ddf0a2216affe16e03a39790850922d1b5b29f147f35db7ccb8861eab?s=96&d=mm&r=g\",\"contentUrl\":\"https:\/\/secure.gravatar.com\/avatar\/a51d897ddf0a2216affe16e03a39790850922d1b5b29f147f35db7ccb8861eab?s=96&d=mm&r=g\",\"caption\":\"Nora D.\"},\"url\":\"https:\/\/flashmode.tn\/magazine\/author\/nora-damak\/\"}]}<\/script>\n<!-- \/ Yoast SEO Premium plugin. -->","yoast_head_json":{"title":"Quand et comment tailler la verveine ?","description":"F\u00e9vrier et mars sont les mois conseill\u00e9s pour tailler la verveine citronnelle. Raccourcissez les branches en laissant 5 \u00e0 10 cm maximum, sans toucher aux","robots":{"index":"index","follow":"follow","max-snippet":"max-snippet:-1","max-image-preview":"max-image-preview:large","max-video-preview":"max-video-preview:-1"},"canonical":"https:\/\/flashmode.tn\/magazine\/quand-et-comment-tailler-la-verveine-2\/","og_locale":"fr_FR","og_type":"article","og_title":"Quand et comment tailler la verveine ? - Flashmode Magazine | Magazine de mode et style de vie Num\u00e9ro un en Tunisie et au Maghreb","og_description":"F\u00e9vrier et mars sont les mois conseill\u00e9s pour tailler la verveine citronnelle. Raccourcissez les branches en laissant 5 \u00e0 10 cm maximum, sans toucher aux","og_url":"https:\/\/flashmode.tn\/magazine\/quand-et-comment-tailler-la-verveine-2\/","og_site_name":"Flashmode Magazine | Magazine de mode et style de vie Num\u00e9ro un en Tunisie et au Maghreb","article_publisher":"https:\/\/www.facebook.com\/flashmode.magazine\/","article_published_time":"2022-01-05T20:29:09+00:00","author":"Nora D.","twitter_card":"summary_large_image","twitter_creator":"@agenceflashmode","twitter_site":"@agenceflashmode","twitter_misc":{"\u00c9crit par":"Nora D.","Dur\u00e9e de lecture estim\u00e9e":"6 minutes"},"schema":{"@context":"https:\/\/schema.org","@graph":[{"@type":"WebPage","@id":"https:\/\/flashmode.tn\/magazine\/quand-et-comment-tailler-la-verveine-2\/","url":"https:\/\/flashmode.tn\/magazine\/quand-et-comment-tailler-la-verveine-2\/","name":"Quand et comment tailler la verveine ?","isPartOf":{"@id":"https:\/\/flashmode.tn\/magazine\/#website"},"datePublished":"2022-01-05T20:29:09+00:00","author":{"@id":"https:\/\/flashmode.tn\/magazine\/#\/schema\/person\/ebeaf8414935b60ba8817ab0babd7fbe"},"description":"F\u00e9vrier et mars sont les mois conseill\u00e9s pour tailler la verveine citronnelle. Raccourcissez les branches en laissant 5 \u00e0 10 cm maximum, sans toucher aux","breadcrumb":{"@id":"https:\/\/flashmode.tn\/magazine\/quand-et-comment-tailler-la-verveine-2\/#breadcrumb"},"inLanguage":"fr-FR","potentialAction":[{"@type":"ReadAction","target":["https:\/\/flashmode.tn\/magazine\/quand-et-comment-tailler-la-verveine-2\/"]}]},{"@type":"BreadcrumbList","@id":"https:\/\/flashmode.tn\/magazine\/quand-et-comment-tailler-la-verveine-2\/#breadcrumb","itemListElement":[{"@type":"ListItem","position":1,"name":"Accueil","item":"https:\/\/flashmode.tn\/magazine\/"},{"@type":"ListItem","position":2,"name":"Quand et comment tailler la verveine ?"}]},{"@type":"WebSite","@id":"https:\/\/flashmode.tn\/magazine\/#website","url":"https:\/\/flashmode.tn\/magazine\/","name":"Flashmode Magazine | Magazine de mode et style de vie Num\u00e9ro un en Tunisie et au Maghreb","description":"Magazine de mode et style de vie Num\u00e9ro un en Tunisie et au Maghreb, cr\u00e9\u00e9 pour les hommes et les femmes : conseils beaut\u00e9, mode femme, mode homme, recettes de cuisine, c\u00e9l\u00e9brit\u00e9s et people, mannequins et top modeles","potentialAction":[{"@type":"SearchAction","target":{"@type":"EntryPoint","urlTemplate":"https:\/\/flashmode.tn\/magazine\/?s={search_term_string}"},"query-input":{"@type":"PropertyValueSpecification","valueRequired":true,"valueName":"search_term_string"}}],"inLanguage":"fr-FR"},{"@type":"Person","@id":"https:\/\/flashmode.tn\/magazine\/#\/schema\/person\/ebeaf8414935b60ba8817ab0babd7fbe","name":"Nora D.","image":{"@type":"ImageObject","inLanguage":"fr-FR","@id":"https:\/\/flashmode.tn\/magazine\/#\/schema\/person\/image\/","url":"https:\/\/secure.gravatar.com\/avatar\/a51d897ddf0a2216affe16e03a39790850922d1b5b29f147f35db7ccb8861eab?s=96&d=mm&r=g","contentUrl":"https:\/\/secure.gravatar.com\/avatar\/a51d897ddf0a2216affe16e03a39790850922d1b5b29f147f35db7ccb8861eab?s=96&d=mm&r=g","caption":"Nora D."},"url":"https:\/\/flashmode.tn\/magazine\/author\/nora-damak\/"}]}},"jetpack_publicize_connections":[],"jetpack_featured_media_url":"","jetpack_shortlink":"https:\/\/wp.me\/p8BPGr-d4X","jetpack_sharing_enabled":true,"_links":{"self":[{"href":"https:\/\/flashmode.tn\/magazine\/wp-json\/wp\/v2\/posts\/50279","targetHints":{"allow":["GET"]}}],"collection":[{"href":"https:\/\/flashmode.tn\/magazine\/wp-json\/wp\/v2\/posts"}],"about":[{"href":"https:\/\/flashmode.tn\/magazine\/wp-json\/wp\/v2\/types\/post"}],"author":[{"embeddable":true,"href":"https:\/\/flashmode.tn\/magazine\/wp-json\/wp\/v2\/users\/2"}],"replies":[{"embeddable":true,"href":"https:\/\/flashmode.tn\/magazine\/wp-json\/wp\/v2\/comments?post=50279"}],"version-history":[{"count":0,"href":"https:\/\/flashmode.tn\/magazine\/wp-json\/wp\/v2\/posts\/50279\/revisions"}],"wp:attachment":[{"href":"https:\/\/flashmode.tn\/magazine\/wp-json\/wp\/v2\/media?parent=50279"}],"wp:term":[{"taxonomy":"category","embeddable":true,"href":"https:\/\/flashmode.tn\/magazine\/wp-json\/wp\/v2\/categories?post=50279"},{"taxonomy":"post_tag","embeddable":true,"href":"https:\/\/flashmode.tn\/magazine\/wp-json\/wp\/v2\/tags?post=50279"}],"curies":[{"name":"wp","href":"https:\/\/api.w.org\/{rel}","templated":true}]}}