{"id":50464,"date":"2021-10-24T12:46:17","date_gmt":"2021-10-24T10:46:17","guid":{"rendered":"https:\/\/flashmode.tn\/magazine\/?p=50464"},"modified":"2021-10-24T12:46:17","modified_gmt":"2021-10-24T10:46:17","slug":"quel-legume-associer-a-la-lavande","status":"publish","type":"post","link":"https:\/\/flashmode.tn\/magazine\/quel-legume-associer-a-la-lavande\/","title":{"rendered":"Quel l\u00e9gume associer \u00e0 la lavande ?"},"content":{"rendered":"<p>Elle s&rsquo;accommode avec les radis, courgettes, choux, tomates. Le cerfeuil r\u00e9duit l&rsquo;invasion des limaces. La <b>lavande<\/b> \u00e9loigne les pucerons. Les \u0153illets d&rsquo;Inde prot\u00e8geront la plupart de vos plantes (pommes de terre, tomates, asperges, haricots, choux) des insectes nuisibles.<\/p>\n<p>Mais encore, Est-ce que la lavande attire les insectes ?<\/p>\n<p>A l&rsquo;inverse, la <b>lavande attire<\/b> les papillons, les abeilles et tous les <b>insectes<\/b> butineurs. On dit qu&rsquo;il s&rsquo;agit d&rsquo;une plante vivace mellif\u00e8re. Ses bienfaits ne sont donc plus \u00e0 prouver\u2026 Dans le jardin, les fruitiers l&rsquo;adorent car elle favorise l&rsquo;arriv\u00e9e des <b>insectes<\/b> en favorisant la pollinisation.<\/p>\n<p>et Quelle association avec les haricots verts ?<\/p>\n<p><b>Quelles<\/b> sont les <b>associations<\/b> favorables ? La proximit\u00e9 <b>des<\/b> fraisiers et <b>des<\/b> carottes favorisent un d\u00e9veloppement plus rapide <b>des haricots<\/b>. Ils appr\u00e9cient \u00e9galement le voisinage <b>des<\/b> choux, <b>des<\/b> pois, du radis, de la betterave, <b>des<\/b> concombres.<\/p>\n<p>Quel l\u00e9gume associer avec les tomates ?<\/p>\n<p>En revanche, les <b>tomates<\/b> appr\u00e9cient l&rsquo;ail, les carottes, les chicor\u00e9es scarole <b>et<\/b> fris\u00e9e, les c\u00e9leris-raves ou branches, les choux, les \u00e9pinards, les haricots &#8211; hormis ceux <b>\u00e0<\/b> rames -, les laitues, la m\u00e2che, le persil <b>et<\/b> les pois.<\/p>\n<div id=\"ez-toc-container\" class=\"ez-toc-v2_0_81 counter-hierarchy ez-toc-counter ez-toc-grey ez-toc-container-direction\">\n<div class=\"ez-toc-title-container\">\n<p class=\"ez-toc-title\" style=\"cursor:inherit\">Contenus de la page<\/p>\n<span class=\"ez-toc-title-toggle\"><a href=\"#\" class=\"ez-toc-pull-right ez-toc-btn ez-toc-btn-xs ez-toc-btn-default ez-toc-toggle\" aria-label=\"Toggle Table of Content\"><span class=\"ez-toc-js-icon-con\"><span class=\"\"><span class=\"eztoc-hide\" style=\"display:none;\">Toggle<\/span><span class=\"ez-toc-icon-toggle-span\"><svg style=\"fill: #999;color:#999\" xmlns=\"http:\/\/www.w3.org\/2000\/svg\" class=\"list-377408\" width=\"20px\" height=\"20px\" viewBox=\"0 0 24 24\" fill=\"none\"><path d=\"M6 6H4v2h2V6zm14 0H8v2h12V6zM4 11h2v2H4v-2zm16 0H8v2h12v-2zM4 16h2v2H4v-2zm16 0H8v2h12v-2z\" fill=\"currentColor\"><\/path><\/svg><svg style=\"fill: #999;color:#999\" class=\"arrow-unsorted-368013\" xmlns=\"http:\/\/www.w3.org\/2000\/svg\" width=\"10px\" height=\"10px\" viewBox=\"0 0 24 24\" version=\"1.2\" baseProfile=\"tiny\"><path d=\"M18.2 9.3l-6.2-6.3-6.2 6.3c-.2.2-.3.4-.3.7s.1.5.3.7c.2.2.4.3.7.3h11c.3 0 .5-.1.7-.3.2-.2.3-.5.3-.7s-.1-.5-.3-.7zM5.8 14.7l6.2 6.3 6.2-6.3c.2-.2.3-.5.3-.7s-.1-.5-.3-.7c-.2-.2-.4-.3-.7-.3h-11c-.3 0-.5.1-.7.3-.2.2-.3.5-.3.7s.1.5.3.7z\"\/><\/svg><\/span><\/span><\/span><\/a><\/span><\/div>\n<nav><ul class='ez-toc-list ez-toc-list-level-1 ' ><li class='ez-toc-page-1 ez-toc-heading-level-2'><a class=\"ez-toc-link ez-toc-heading-1\" href=\"https:\/\/flashmode.tn\/magazine\/quel-legume-associer-a-la-lavande\/#Quel_legume_ne_pas_planter_a_cote_des_tomates\" >Quel l\u00e9gume ne pas planter \u00e0 c\u00f4t\u00e9 des tomates ?<\/a><\/li><li class='ez-toc-page-1 ez-toc-heading-level-2'><a class=\"ez-toc-link ez-toc-heading-2\" href=\"https:\/\/flashmode.tn\/magazine\/quel-legume-associer-a-la-lavande\/#Quelles_plantes_attirent_les_insectes\" >Quelles plantes attirent les insectes ?<\/a><\/li><li class='ez-toc-page-1 ez-toc-heading-level-2'><a class=\"ez-toc-link ez-toc-heading-3\" href=\"https:\/\/flashmode.tn\/magazine\/quel-legume-associer-a-la-lavande\/#Est-ce_que_la_lavande_eloigne_les_guepes\" >Est-ce que la lavande \u00e9loigne les gu\u00eapes ?<\/a><\/li><li class='ez-toc-page-1 ez-toc-heading-level-2'><a class=\"ez-toc-link ez-toc-heading-4\" href=\"https:\/\/flashmode.tn\/magazine\/quel-legume-associer-a-la-lavande\/#Est-ce_que_la_lavande_repousse_les_moustiques\" >Est-ce que la lavande repousse les moustiques ?<\/a><\/li><li class='ez-toc-page-1 ez-toc-heading-level-2'><a class=\"ez-toc-link ez-toc-heading-5\" href=\"https:\/\/flashmode.tn\/magazine\/quel-legume-associer-a-la-lavande\/#Quel_legume_planter_a_cote_des_haricots_verts\" >Quel l\u00e9gume planter \u00e0 c\u00f4t\u00e9 des haricots verts ?<\/a><\/li><li class='ez-toc-page-1 ez-toc-heading-level-2'><a class=\"ez-toc-link ez-toc-heading-6\" href=\"https:\/\/flashmode.tn\/magazine\/quel-legume-associer-a-la-lavande\/#Quelle_plante_associer_aux_haricots\" >Quelle plante associer aux haricots ?<\/a><\/li><li class='ez-toc-page-1 ez-toc-heading-level-2'><a class=\"ez-toc-link ez-toc-heading-7\" href=\"https:\/\/flashmode.tn\/magazine\/quel-legume-associer-a-la-lavande\/#Quelle_fleur_avec_les_haricots_verts\" >Quelle fleur avec les haricots verts ?<\/a><\/li><li class='ez-toc-page-1 ez-toc-heading-level-2'><a class=\"ez-toc-link ez-toc-heading-8\" href=\"https:\/\/flashmode.tn\/magazine\/quel-legume-associer-a-la-lavande\/#Quel_legume_ne_pas_planter_ensemble\" >Quel l\u00e9gume ne pas planter ensemble ?<\/a><\/li><li class='ez-toc-page-1 ez-toc-heading-level-2'><a class=\"ez-toc-link ez-toc-heading-9\" href=\"https:\/\/flashmode.tn\/magazine\/quel-legume-associer-a-la-lavande\/#Quelle_association_avec_les_blettes\" >Quelle association avec les blettes ?<\/a><\/li><li class='ez-toc-page-1 ez-toc-heading-level-2'><a class=\"ez-toc-link ez-toc-heading-10\" href=\"https:\/\/flashmode.tn\/magazine\/quel-legume-associer-a-la-lavande\/#Quel_legume_associer_avec_artichaut\" >Quel l\u00e9gume associer avec artichaut ?<\/a><\/li><li class='ez-toc-page-1 ez-toc-heading-level-2'><a class=\"ez-toc-link ez-toc-heading-11\" href=\"https:\/\/flashmode.tn\/magazine\/quel-legume-associer-a-la-lavande\/#Quel_legumes_ne_pas_planter_ensemble\" >Quel l\u00e9gumes ne pas planter ensemble ?<\/a><\/li><li class='ez-toc-page-1 ez-toc-heading-level-2'><a class=\"ez-toc-link ez-toc-heading-12\" href=\"https:\/\/flashmode.tn\/magazine\/quel-legume-associer-a-la-lavande\/#Quel_legume_planter_a_cote_des_courgettes\" >Quel l\u00e9gume planter \u00e0 c\u00f4t\u00e9 des courgettes ?<\/a><\/li><li class='ez-toc-page-1 ez-toc-heading-level-2'><a class=\"ez-toc-link ez-toc-heading-13\" href=\"https:\/\/flashmode.tn\/magazine\/quel-legume-associer-a-la-lavande\/#Quel_legume_ne_pas_planter_a_cote_des_aubergines\" >Quel l\u00e9gume ne pas planter \u00e0 c\u00f4t\u00e9 des aubergines ?<\/a><\/li><li class='ez-toc-page-1 ez-toc-heading-level-2'><a class=\"ez-toc-link ez-toc-heading-14\" href=\"https:\/\/flashmode.tn\/magazine\/quel-legume-associer-a-la-lavande\/#Comment_la_fleur_attire_les_insectes\" >Comment la fleur attire les insectes ?<\/a><\/li><li class='ez-toc-page-1 ez-toc-heading-level-2'><a class=\"ez-toc-link ez-toc-heading-15\" href=\"https:\/\/flashmode.tn\/magazine\/quel-legume-associer-a-la-lavande\/#Comment_attirer_les_insectes_dans_son_jardin\" >Comment attirer les insectes dans son jardin ?<\/a><\/li><li class='ez-toc-page-1 ez-toc-heading-level-2'><a class=\"ez-toc-link ez-toc-heading-16\" href=\"https:\/\/flashmode.tn\/magazine\/quel-legume-associer-a-la-lavande\/#Quelles_sont_les_plantes_qui_attirent_les_abeilles\" >Quelles sont les plantes qui attirent les abeilles ?<\/a><\/li><li class='ez-toc-page-1 ez-toc-heading-level-2'><a class=\"ez-toc-link ez-toc-heading-17\" href=\"https:\/\/flashmode.tn\/magazine\/quel-legume-associer-a-la-lavande\/#Pourquoi_jattire_les_guepes\" >Pourquoi j&rsquo;attire les gu\u00eapes ?<\/a><\/li><li class='ez-toc-page-1 ez-toc-heading-level-2'><a class=\"ez-toc-link ez-toc-heading-18\" href=\"https:\/\/flashmode.tn\/magazine\/quel-legume-associer-a-la-lavande\/#Quelle_fleur_fait_fuir_les_guepes\" >Quelle fleur fait fuir les gu\u00eapes ?<\/a><\/li><li class='ez-toc-page-1 ez-toc-heading-level-2'><a class=\"ez-toc-link ez-toc-heading-19\" href=\"https:\/\/flashmode.tn\/magazine\/quel-legume-associer-a-la-lavande\/#Comment_faire_fuir_les_guepes\" >Comment faire fuir les gu\u00eapes ?<\/a><\/li><\/ul><\/nav><\/div>\n<h2><span class=\"ez-toc-section\" id=\"Quel_legume_ne_pas_planter_a_cote_des_tomates\"><\/span>Quel l\u00e9gume ne pas planter \u00e0 c\u00f4t\u00e9 des tomates ?<span class=\"ez-toc-section-end\"><\/span><\/h2>\n<p>Les plantes \u00e9galement de la famille des Solanac\u00e9es, comme la pomme de terre, l&rsquo;aubergine (Solanum melongena), le poivron, <b>ne<\/b> font <b>pas<\/b> bon compagnonnage avec la <b>tomate<\/b>.<\/p>\n<h2><span class=\"ez-toc-section\" id=\"Quelles_plantes_attirent_les_insectes\"><\/span><strong>Quelles plantes attirent les insectes ?<\/strong><span class=\"ez-toc-section-end\"><\/span><\/h2>\n<p><b>  10 fleurs qui  <b>   attirent les insectes  <\/b>  pollinisateurs <\/b> <\/p>\n<ul>\n<li>   L&rsquo;eupatoire. L&rsquo;eupatoire adore les terrains frais, lourds et argileux et se d\u00e9veloppe tr\u00e8s bien sur les berges d&rsquo;un bassin ou d&rsquo;un cours d&rsquo;eau. &#8230;  <\/li>\n<li>   Le thym. &#8230;  <\/li>\n<li>   Le romarin. &#8230;  <\/li>\n<li>   La lavande. &#8230;  <\/li>\n<li>   La glycine. &#8230;  <\/li>\n<li>   La bourrache. &#8230;  <\/li>\n<li>   La mauve. &#8230;  <\/li>\n<li>   Les sauges.  <\/li>\n<\/ul>\n<h2><span class=\"ez-toc-section\" id=\"Est-ce_que_la_lavande_eloigne_les_guepes\"><\/span><strong>Est-ce que la lavande \u00e9loigne les gu\u00eapes ?<\/strong><span class=\"ez-toc-section-end\"><\/span><\/h2>\n<p>Les solutions naturelles : <b>lavande<\/b> et clou de girofle<\/p>\n<p> N&rsquo;h\u00e9sitez pas \u00e0 planter dans votre jardin de l&rsquo;asp\u00e9rule odorante, de la citronnelle ou encore du g\u00e9ranium odorant, cela devrait <b>\u00e9loigner les gu\u00eapes<\/b> de votre repas.<\/p>\n<h2><span class=\"ez-toc-section\" id=\"Est-ce_que_la_lavande_repousse_les_moustiques\"><\/span><strong>Est-ce que la lavande repousse les moustiques ?<\/strong><span class=\"ez-toc-section-end\"><\/span><\/h2>\n<p><b>Lavande<\/b>. L&rsquo;odeur du linge frais (pour certains) ! Et bien sachez que les <b>moustiques<\/b> n&rsquo;aiment pas trop la <b>lavande<\/b> non plus. Il para\u00eet que le parfum de la <b>lavande<\/b> g\u00eane l&rsquo;odorat des <b>moustiques<\/b>\u2026<\/p>\n<h2><span class=\"ez-toc-section\" id=\"Quel_legume_planter_a_cote_des_haricots_verts\"><\/span><strong>Quel l\u00e9gume planter \u00e0 c\u00f4t\u00e9 des haricots verts ?<\/strong><span class=\"ez-toc-section-end\"><\/span><\/h2>\n<p>Association <b>l\u00e9gumes<\/b> au potager : <b>Haricots verts<\/b><\/p>\n<p> Parmi les autres compagnons, citons le brocoli, les choux de Bruxelles et les autres membres de la famille des choux, ainsi que les concombres, les pois, les pommes de terre et les radis.<\/p>\n<h2><span class=\"ez-toc-section\" id=\"Quelle_plante_associer_aux_haricots\"><\/span><strong>Quelle plante associer aux haricots ?<\/strong><span class=\"ez-toc-section-end\"><\/span><\/h2>\n<p>Associations de l\u00e9gumes : bonnes et mauvaises <\/p>\n<table>\n<tbody>\n<tr>\n<th>     L\u00e9gume    <\/th>\n<th>     S&rsquo;accorde avec&#8230;    <\/th>\n<\/tr>\n<tr>\n<td>     F\u00e8ve et     <b>      haricot     <\/b>    <\/td>\n<td>     betteraves, bourrache, choux, carotte, chou-fleur, ma\u00efs, oeillet d&rsquo;Inde, courge, fraise, tomate    <\/td>\n<\/tr>\n<tr>\n<td>     Laitue    <\/td>\n<td>     betterave, chou, tr\u00e8fle, pois, radis, fraise    <\/td>\n<\/tr>\n<tr>\n<td>     Melon    <\/td>\n<td>     ma\u00efs, tournesol    <\/td>\n<\/tr>\n<tr>\n<td>     Oignon    <\/td>\n<td>     betterave, chou, carotte, laitue, pomme de terre, fraise, tomate    <\/td>\n<\/tr>\n<\/tbody>\n<\/table>\n<h2><span class=\"ez-toc-section\" id=\"Quelle_fleur_avec_les_haricots_verts\"><\/span><strong>Quelle fleur avec les haricots verts ?<\/strong><span class=\"ez-toc-section-end\"><\/span><\/h2>\n<p>La capucine alli\u00e9e du <b>haricot vert<\/b>. Nain ou grimpant, le <b>haricot vert<\/b> est la cible de nombreux parasites comme les pucerons noirs. Associ\u00e9 \u00e0 la capucine, le l\u00e9gume peut pousser tranquillement <b>et<\/b> les r\u00e9coltes sont bien meilleures.<\/p>\n<h2><span class=\"ez-toc-section\" id=\"Quel_legume_ne_pas_planter_ensemble\"><\/span><strong>Quel l\u00e9gume ne pas planter ensemble ?<\/strong><span class=\"ez-toc-section-end\"><\/span><\/h2>\n<p><b>Ne<\/b> plantez <b>pas<\/b> de l\u00e9gumineuses (pois, f\u00e8ves, haricots) pr\u00e8s des poireaux, des oignons ou de l&rsquo;ail. Les \u00e9pinards produisent une substance nocive pour les betteraves et <b>ne<\/b> doivent <b>pas<\/b> \u00eatre plant\u00e9s \u00e0 proximit\u00e9 de ces derni\u00e8res. Quant aux carottes, elles n&rsquo;aiment <b>pas<\/b> la menthe ni les betteraves.<\/p>\n<h2><span class=\"ez-toc-section\" id=\"Quelle_association_avec_les_blettes\"><\/span><strong>Quelle association avec les blettes ?<\/strong><span class=\"ez-toc-section-end\"><\/span><\/h2>\n<p>Dans un jardin potager, la poir\u00e9e s&rsquo;accommode tr\u00e8s bien <b>avec<\/b> les carotte, chou-rave, navet, radis, haricot nain.<\/p>\n<h2><span class=\"ez-toc-section\" id=\"Quel_legume_associer_avec_artichaut\"><\/span><strong>Quel l\u00e9gume associer avec artichaut ?<\/strong><span class=\"ez-toc-section-end\"><\/span><\/h2>\n<p>Emplacement et association favorable des <b>artichauts<\/b><\/p>\n<p> Au potager, f\u00e8ve, laitue, pois, haricot nain, chou, oignon et radis pourront \u00eatre sem\u00e9s entre les pieds d&rsquo;<b>artichaut<\/b> ou autour.<\/p>\n<h2><span class=\"ez-toc-section\" id=\"Quel_legumes_ne_pas_planter_ensemble\"><\/span><strong>Quel l\u00e9gumes ne pas planter ensemble ?<\/strong><span class=\"ez-toc-section-end\"><\/span><\/h2>\n<p><b>Ne<\/b> plantez <b>pas<\/b> de l\u00e9gumineuses (pois, f\u00e8ves, haricots) pr\u00e8s des poireaux, des oignons ou de l&rsquo;ail. Les \u00e9pinards produisent une substance nocive pour les betteraves et <b>ne<\/b> doivent <b>pas<\/b> \u00eatre plant\u00e9s \u00e0 proximit\u00e9 de ces derni\u00e8res. Quant aux carottes, elles n&rsquo;aiment <b>pas<\/b> la menthe ni les betteraves.<\/p>\n<h2><span class=\"ez-toc-section\" id=\"Quel_legume_planter_a_cote_des_courgettes\"><\/span><strong>Quel l\u00e9gume planter \u00e0 c\u00f4t\u00e9 des courgettes ?<\/strong><span class=\"ez-toc-section-end\"><\/span><\/h2>\n<p>De bons compagnons pour la <b>courgette<\/b><\/p>\n<p> Les Alliac\u00e9es : ciboulette, \u00e9chalote, oignon, ail, prot\u00e8gent les <b>courgettes<\/b> contre les maladies cryptogamiques. Les Fabac\u00e9es (l\u00e9gumineuses) : petit pois et haricot peuvent \u00eatre plant\u00e9s pr\u00e8s des pieds de <b>courgettes<\/b> qu&rsquo;ils fertilisent gr\u00e2ce \u00e0 l&rsquo;azote qu&rsquo;ils pi\u00e8gent.<\/p>\n<h2><span class=\"ez-toc-section\" id=\"Quel_legume_ne_pas_planter_a_cote_des_aubergines\"><\/span><strong>Quel l\u00e9gume ne pas planter \u00e0 c\u00f4t\u00e9 des aubergines ?<\/strong><span class=\"ez-toc-section-end\"><\/span><\/h2>\n<p><b>  <b>   Quelles  <\/b>  sont les associations d\u00e9favorables pour les  <b>   aubergines  <\/b>  ? <\/b> <\/p>\n<ul>\n<li>   \u00c9vitez le voisinage des autres membres de sa famille (les Solanac\u00e9es) comme la tomate et la pomme de terre. &#8230;  <\/li>\n<li>   Elles n&rsquo;appr\u00e9cient   <b>    pas   <\/b>   \u00e9galement la pr\u00e9sence des concombres et des cornichons, plantes concurrentes et envahissantes.  <\/li>\n<\/ul>\n<h2><span class=\"ez-toc-section\" id=\"Comment_la_fleur_attire_les_insectes\"><\/span><strong>Comment la fleur attire les insectes ?<\/strong><span class=\"ez-toc-section-end\"><\/span><\/h2>\n<p>En \u00e9mettant des odeurs attractives pour les pollinisateurs, les plantes <b>attirent les insectes<\/b>, mais les attentes de ceux-ci ne sont pas toujours satisfaites ! &#8230; Certaines <b>fleurs<\/b> poussent l&rsquo;ing\u00e9niosit\u00e9 jusqu&rsquo;\u00e0 reproduire des odeurs imitant les ph\u00e9romones des <b>insectes<\/b> femelles, afin d&rsquo;<b>attirer<\/b> les m\u00e2les.<\/p>\n<h2><span class=\"ez-toc-section\" id=\"Comment_attirer_les_insectes_dans_son_jardin\"><\/span><strong>Comment attirer les insectes dans son jardin ?<\/strong><span class=\"ez-toc-section-end\"><\/span><\/h2>\n<p>Certains arbustes comme le laurier tin (viburnum tinus), le berb\u00e9ris, le lilas ou le controvers\u00e9 buddleia (aujourd&rsquo;hui consid\u00e9r\u00e9 comme une plante invasive) attireront les papillons et autres <b>insectes<\/b> butineurs et pollinisateurs.<\/p>\n<h2><span class=\"ez-toc-section\" id=\"Quelles_sont_les_plantes_qui_attirent_les_abeilles\"><\/span><strong>Quelles sont les plantes qui attirent les abeilles ?<\/strong><span class=\"ez-toc-section-end\"><\/span><\/h2>\n<p><b>  <b>   Abeilles  <\/b>  : les 18  <b>   plantes  <\/b>  \u00e0 avoir dans son jardin pour les attirer <\/b> <\/p>\n<ul>\n<li>   Les cerisiers. D\u00e8s le mois de mars les cerisiers   <b>    attirent les abeilles   <\/b>   . &#8230;  <\/li>\n<li>   Le pissenlit. Au tout d\u00e9but du printemps, le pissenlit   <b>    attire les abeilles   <\/b>   . &#8230;  <\/li>\n<li>   Le robinier. &#8230;  <\/li>\n<li>   Les tr\u00e8fles. &#8230;  <\/li>\n<li>   La lavande. &#8230;  <\/li>\n<li>   Les vari\u00e9t\u00e9s d&rsquo;ascl\u00e9piades. &#8230;  <\/li>\n<li>   Le tilleul. &#8230;  <\/li>\n<li>   La verge d&rsquo;or.  <\/li>\n<\/ul>\n<h2><span class=\"ez-toc-section\" id=\"Pourquoi_jattire_les_guepes\"><\/span><strong>Pourquoi j&rsquo;attire les gu\u00eapes ?<\/strong><span class=\"ez-toc-section-end\"><\/span><\/h2>\n<p>Les <b>gu\u00eapes<\/b> sont attir\u00e9es par les prot\u00e9ines<\/p>\n<p> Oui, les aliments riches en prot\u00e9ines comme la charcuterie et la viande en g\u00e9n\u00e9ral attirent plus facilement les <b>gu\u00eapes<\/b>. Maintenant, vous comprenez <b>pourquoi<\/b> elles ne vous l\u00e2chent plus lorsque vous faites un barbecue ou un ap\u00e9ro \u00e0 l&rsquo;ext\u00e9rieur !<\/p>\n<h2><span class=\"ez-toc-section\" id=\"Quelle_fleur_fait_fuir_les_guepes\"><\/span><strong>Quelle fleur fait fuir les gu\u00eapes ?<\/strong><span class=\"ez-toc-section-end\"><\/span><\/h2>\n<p>Le g\u00e9ranium rosat, la menthe, le thym, les feuilles de tomates et l&rsquo;aurone ou armoise citronnelle, comptent \u00e9galement parmi les plantes susceptibles d&rsquo;\u00e9loigner les <b>gu\u00eapes<\/b>.<\/p>\n<h2><span class=\"ez-toc-section\" id=\"Comment_faire_fuir_les_guepes\"><\/span><strong>Comment faire fuir les gu\u00eapes ?<\/strong><span class=\"ez-toc-section-end\"><\/span><\/h2>\n<p>Certaines plantes ont un effet r\u00e9pulsif sur les <b>gu\u00eapes<\/b> comme c&rsquo;est le cas des tomates, de la menthe, du thym\u2026 Ainsi, placez sur la table du salon de jardin, au milieu des assiettes des convives : des feuilles de tomates, de menthe, des brins de thym et des clous de girofle.<\/p>\n<h2><strong><\/strong><\/h2>\n<h2><strong><\/strong><\/h2>\n<hr \/>\n<p><em>Editeurs: 26 &#8211; R\u00e9f\u00e9rences: 34 articles<\/em><\/p>\n<p><em>N\u2019oubliez pas de partager l\u2019article !<\/em><\/p>\n","protected":false},"excerpt":{"rendered":"<p>Elle s&rsquo;accommode avec les radis, courgettes, choux, tomates. Le cerfeuil r\u00e9duit l&rsquo;invasion des limaces. La lavande \u00e9loigne les pucerons. Les \u0153illets d&rsquo;Inde prot\u00e8geront la plupart de vos plantes (pommes de terre, tomates, asperges, haricots, choux) des insectes nuisibles. Mais encore, Est-ce que la lavande attire les insectes ? A l&rsquo;inverse, la lavande attire les papillons, [&hellip;]<\/p>\n","protected":false},"author":2,"featured_media":0,"comment_status":"open","ping_status":"open","sticky":false,"template":"","format":"standard","meta":{"tdm_status":"","tdm_grid_status":"","_jetpack_memberships_contains_paid_content":false,"footnotes":"","jetpack_publicize_message":"","jetpack_publicize_feature_enabled":true,"jetpack_social_post_already_shared":true,"jetpack_social_options":{"image_generator_settings":{"template":"highway","default_image_id":0,"font":"","enabled":false},"version":2}},"categories":[3457],"tags":[],"class_list":["post-50464","post","type-post","status-publish","format-standard","hentry","category-maison"],"yoast_head":"<!-- This site is optimized with the Yoast SEO Premium plugin v25.0 (Yoast SEO v25.0) - https:\/\/yoast.com\/wordpress\/plugins\/seo\/ -->\n<title>Quel l\u00e9gume associer \u00e0 la lavande ?<\/title>\n<meta name=\"description\" content=\"Elle s&#039;accommode avec les radis, courgettes, choux, tomates. Le cerfeuil r\u00e9duit l&#039;invasion des limaces. La lavande \u00e9loigne les pucerons. Les \u0153illets\" \/>\n<meta name=\"robots\" content=\"index, follow, max-snippet:-1, max-image-preview:large, max-video-preview:-1\" \/>\n<link rel=\"canonical\" href=\"https:\/\/flashmode.tn\/magazine\/quel-legume-associer-a-la-lavande\/\" \/>\n<meta property=\"og:locale\" content=\"fr_FR\" \/>\n<meta property=\"og:type\" content=\"article\" \/>\n<meta property=\"og:title\" content=\"Quel l\u00e9gume associer \u00e0 la lavande ? - Flashmode Magazine | Magazine de mode et style de vie Num\u00e9ro un en Tunisie et au Maghreb\" \/>\n<meta property=\"og:description\" content=\"Elle s&#039;accommode avec les radis, courgettes, choux, tomates. Le cerfeuil r\u00e9duit l&#039;invasion des limaces. La lavande \u00e9loigne les pucerons. Les \u0153illets\" \/>\n<meta property=\"og:url\" content=\"https:\/\/flashmode.tn\/magazine\/quel-legume-associer-a-la-lavande\/\" \/>\n<meta property=\"og:site_name\" content=\"Flashmode Magazine | Magazine de mode et style de vie Num\u00e9ro un en Tunisie et au Maghreb\" \/>\n<meta property=\"article:publisher\" content=\"https:\/\/www.facebook.com\/flashmode.magazine\/\" \/>\n<meta property=\"article:published_time\" content=\"2021-10-24T10:46:17+00:00\" \/>\n<meta name=\"author\" content=\"Nora D.\" \/>\n<meta name=\"twitter:card\" content=\"summary_large_image\" \/>\n<meta name=\"twitter:creator\" content=\"@agenceflashmode\" \/>\n<meta name=\"twitter:site\" content=\"@agenceflashmode\" \/>\n<meta name=\"twitter:label1\" content=\"\u00c9crit par\" \/>\n\t<meta name=\"twitter:data1\" content=\"Nora D.\" \/>\n\t<meta name=\"twitter:label2\" content=\"Dur\u00e9e de lecture estim\u00e9e\" \/>\n\t<meta name=\"twitter:data2\" content=\"6 minutes\" \/>\n<script type=\"application\/ld+json\" class=\"yoast-schema-graph\">{\"@context\":\"https:\/\/schema.org\",\"@graph\":[{\"@type\":\"WebPage\",\"@id\":\"https:\/\/flashmode.tn\/magazine\/quel-legume-associer-a-la-lavande\/\",\"url\":\"https:\/\/flashmode.tn\/magazine\/quel-legume-associer-a-la-lavande\/\",\"name\":\"Quel l\u00e9gume associer \u00e0 la lavande ?\",\"isPartOf\":{\"@id\":\"https:\/\/flashmode.tn\/magazine\/#website\"},\"datePublished\":\"2021-10-24T10:46:17+00:00\",\"author\":{\"@id\":\"https:\/\/flashmode.tn\/magazine\/#\/schema\/person\/ebeaf8414935b60ba8817ab0babd7fbe\"},\"description\":\"Elle s'accommode avec les radis, courgettes, choux, tomates. Le cerfeuil r\u00e9duit l'invasion des limaces. La lavande \u00e9loigne les pucerons. Les \u0153illets\",\"breadcrumb\":{\"@id\":\"https:\/\/flashmode.tn\/magazine\/quel-legume-associer-a-la-lavande\/#breadcrumb\"},\"inLanguage\":\"fr-FR\",\"potentialAction\":[{\"@type\":\"ReadAction\",\"target\":[\"https:\/\/flashmode.tn\/magazine\/quel-legume-associer-a-la-lavande\/\"]}]},{\"@type\":\"BreadcrumbList\",\"@id\":\"https:\/\/flashmode.tn\/magazine\/quel-legume-associer-a-la-lavande\/#breadcrumb\",\"itemListElement\":[{\"@type\":\"ListItem\",\"position\":1,\"name\":\"Accueil\",\"item\":\"https:\/\/flashmode.tn\/magazine\/\"},{\"@type\":\"ListItem\",\"position\":2,\"name\":\"Quel l\u00e9gume associer \u00e0 la lavande ?\"}]},{\"@type\":\"WebSite\",\"@id\":\"https:\/\/flashmode.tn\/magazine\/#website\",\"url\":\"https:\/\/flashmode.tn\/magazine\/\",\"name\":\"Flashmode Magazine | Magazine de mode et style de vie Num\u00e9ro un en Tunisie et au Maghreb\",\"description\":\"Magazine de mode et style de vie Num\u00e9ro un en Tunisie et au Maghreb, cr\u00e9\u00e9 pour les hommes et les femmes : conseils beaut\u00e9, mode femme, mode homme, recettes de cuisine, c\u00e9l\u00e9brit\u00e9s et people, mannequins et top modeles\",\"potentialAction\":[{\"@type\":\"SearchAction\",\"target\":{\"@type\":\"EntryPoint\",\"urlTemplate\":\"https:\/\/flashmode.tn\/magazine\/?s={search_term_string}\"},\"query-input\":{\"@type\":\"PropertyValueSpecification\",\"valueRequired\":true,\"valueName\":\"search_term_string\"}}],\"inLanguage\":\"fr-FR\"},{\"@type\":\"Person\",\"@id\":\"https:\/\/flashmode.tn\/magazine\/#\/schema\/person\/ebeaf8414935b60ba8817ab0babd7fbe\",\"name\":\"Nora D.\",\"image\":{\"@type\":\"ImageObject\",\"inLanguage\":\"fr-FR\",\"@id\":\"https:\/\/flashmode.tn\/magazine\/#\/schema\/person\/image\/\",\"url\":\"https:\/\/secure.gravatar.com\/avatar\/a51d897ddf0a2216affe16e03a39790850922d1b5b29f147f35db7ccb8861eab?s=96&d=mm&r=g\",\"contentUrl\":\"https:\/\/secure.gravatar.com\/avatar\/a51d897ddf0a2216affe16e03a39790850922d1b5b29f147f35db7ccb8861eab?s=96&d=mm&r=g\",\"caption\":\"Nora D.\"},\"url\":\"https:\/\/flashmode.tn\/magazine\/author\/nora-damak\/\"}]}<\/script>\n<!-- \/ Yoast SEO Premium plugin. -->","yoast_head_json":{"title":"Quel l\u00e9gume associer \u00e0 la lavande ?","description":"Elle s'accommode avec les radis, courgettes, choux, tomates. Le cerfeuil r\u00e9duit l'invasion des limaces. La lavande \u00e9loigne les pucerons. Les \u0153illets","robots":{"index":"index","follow":"follow","max-snippet":"max-snippet:-1","max-image-preview":"max-image-preview:large","max-video-preview":"max-video-preview:-1"},"canonical":"https:\/\/flashmode.tn\/magazine\/quel-legume-associer-a-la-lavande\/","og_locale":"fr_FR","og_type":"article","og_title":"Quel l\u00e9gume associer \u00e0 la lavande ? - Flashmode Magazine | Magazine de mode et style de vie Num\u00e9ro un en Tunisie et au Maghreb","og_description":"Elle s'accommode avec les radis, courgettes, choux, tomates. Le cerfeuil r\u00e9duit l'invasion des limaces. La lavande \u00e9loigne les pucerons. Les \u0153illets","og_url":"https:\/\/flashmode.tn\/magazine\/quel-legume-associer-a-la-lavande\/","og_site_name":"Flashmode Magazine | Magazine de mode et style de vie Num\u00e9ro un en Tunisie et au Maghreb","article_publisher":"https:\/\/www.facebook.com\/flashmode.magazine\/","article_published_time":"2021-10-24T10:46:17+00:00","author":"Nora D.","twitter_card":"summary_large_image","twitter_creator":"@agenceflashmode","twitter_site":"@agenceflashmode","twitter_misc":{"\u00c9crit par":"Nora D.","Dur\u00e9e de lecture estim\u00e9e":"6 minutes"},"schema":{"@context":"https:\/\/schema.org","@graph":[{"@type":"WebPage","@id":"https:\/\/flashmode.tn\/magazine\/quel-legume-associer-a-la-lavande\/","url":"https:\/\/flashmode.tn\/magazine\/quel-legume-associer-a-la-lavande\/","name":"Quel l\u00e9gume associer \u00e0 la lavande ?","isPartOf":{"@id":"https:\/\/flashmode.tn\/magazine\/#website"},"datePublished":"2021-10-24T10:46:17+00:00","author":{"@id":"https:\/\/flashmode.tn\/magazine\/#\/schema\/person\/ebeaf8414935b60ba8817ab0babd7fbe"},"description":"Elle s'accommode avec les radis, courgettes, choux, tomates. Le cerfeuil r\u00e9duit l'invasion des limaces. La lavande \u00e9loigne les pucerons. Les \u0153illets","breadcrumb":{"@id":"https:\/\/flashmode.tn\/magazine\/quel-legume-associer-a-la-lavande\/#breadcrumb"},"inLanguage":"fr-FR","potentialAction":[{"@type":"ReadAction","target":["https:\/\/flashmode.tn\/magazine\/quel-legume-associer-a-la-lavande\/"]}]},{"@type":"BreadcrumbList","@id":"https:\/\/flashmode.tn\/magazine\/quel-legume-associer-a-la-lavande\/#breadcrumb","itemListElement":[{"@type":"ListItem","position":1,"name":"Accueil","item":"https:\/\/flashmode.tn\/magazine\/"},{"@type":"ListItem","position":2,"name":"Quel l\u00e9gume associer \u00e0 la lavande ?"}]},{"@type":"WebSite","@id":"https:\/\/flashmode.tn\/magazine\/#website","url":"https:\/\/flashmode.tn\/magazine\/","name":"Flashmode Magazine | Magazine de mode et style de vie Num\u00e9ro un en Tunisie et au Maghreb","description":"Magazine de mode et style de vie Num\u00e9ro un en Tunisie et au Maghreb, cr\u00e9\u00e9 pour les hommes et les femmes : conseils beaut\u00e9, mode femme, mode homme, recettes de cuisine, c\u00e9l\u00e9brit\u00e9s et people, mannequins et top modeles","potentialAction":[{"@type":"SearchAction","target":{"@type":"EntryPoint","urlTemplate":"https:\/\/flashmode.tn\/magazine\/?s={search_term_string}"},"query-input":{"@type":"PropertyValueSpecification","valueRequired":true,"valueName":"search_term_string"}}],"inLanguage":"fr-FR"},{"@type":"Person","@id":"https:\/\/flashmode.tn\/magazine\/#\/schema\/person\/ebeaf8414935b60ba8817ab0babd7fbe","name":"Nora D.","image":{"@type":"ImageObject","inLanguage":"fr-FR","@id":"https:\/\/flashmode.tn\/magazine\/#\/schema\/person\/image\/","url":"https:\/\/secure.gravatar.com\/avatar\/a51d897ddf0a2216affe16e03a39790850922d1b5b29f147f35db7ccb8861eab?s=96&d=mm&r=g","contentUrl":"https:\/\/secure.gravatar.com\/avatar\/a51d897ddf0a2216affe16e03a39790850922d1b5b29f147f35db7ccb8861eab?s=96&d=mm&r=g","caption":"Nora D."},"url":"https:\/\/flashmode.tn\/magazine\/author\/nora-damak\/"}]}},"jetpack_publicize_connections":[],"jetpack_featured_media_url":"","jetpack_shortlink":"https:\/\/wp.me\/p8BPGr-d7W","jetpack_sharing_enabled":true,"_links":{"self":[{"href":"https:\/\/flashmode.tn\/magazine\/wp-json\/wp\/v2\/posts\/50464","targetHints":{"allow":["GET"]}}],"collection":[{"href":"https:\/\/flashmode.tn\/magazine\/wp-json\/wp\/v2\/posts"}],"about":[{"href":"https:\/\/flashmode.tn\/magazine\/wp-json\/wp\/v2\/types\/post"}],"author":[{"embeddable":true,"href":"https:\/\/flashmode.tn\/magazine\/wp-json\/wp\/v2\/users\/2"}],"replies":[{"embeddable":true,"href":"https:\/\/flashmode.tn\/magazine\/wp-json\/wp\/v2\/comments?post=50464"}],"version-history":[{"count":0,"href":"https:\/\/flashmode.tn\/magazine\/wp-json\/wp\/v2\/posts\/50464\/revisions"}],"wp:attachment":[{"href":"https:\/\/flashmode.tn\/magazine\/wp-json\/wp\/v2\/media?parent=50464"}],"wp:term":[{"taxonomy":"category","embeddable":true,"href":"https:\/\/flashmode.tn\/magazine\/wp-json\/wp\/v2\/categories?post=50464"},{"taxonomy":"post_tag","embeddable":true,"href":"https:\/\/flashmode.tn\/magazine\/wp-json\/wp\/v2\/tags?post=50464"}],"curies":[{"name":"wp","href":"https:\/\/api.w.org\/{rel}","templated":true}]}}