{"id":5196,"date":"2017-07-10T06:25:12","date_gmt":"2017-07-10T04:25:12","guid":{"rendered":"http:\/\/flashmode.tn\/magazine\/people\/actu\/people-agatha-raisin-la-serie-policiere-de-france-3-aura-t-elle-droit-a-une-saison-2\/"},"modified":"2017-07-10T06:25:12","modified_gmt":"2017-07-10T04:25:12","slug":"people-agatha-raisin-la-serie-policiere-de-france-3-aura-t-elle-droit-a-une-saison-2","status":"publish","type":"post","link":"https:\/\/flashmode.tn\/magazine\/people-agatha-raisin-la-serie-policiere-de-france-3-aura-t-elle-droit-a-une-saison-2\/","title":{"rendered":"People : Agatha Raisin : la s\u00e9rie polici\u00e8re de France 3 aura-t-elle droit \u00e0 une saison 2 ?"},"content":{"rendered":"<h2>Agatha Raisin : la s\u00e9rie polici\u00e8re de France 3 aura-t-elle droit \u00e0 une saison 2 ? <\/h2>\n<p>La premi\u00e8re saison de la s\u00e9rie polici\u00e8re Agatha Raisin touche \u00e0 sa fin ce 9 juillet sur France 3. La Miss Marple des temps modernes aura-t-elle droit \u00e0 une seconde saison ?<\/p>\n<div>\n<p>Les trois derniers \u00e9pisodes de la saison 1 de la s\u00e9rie polici\u00e8re britannique <i>Agatha Raisin<\/i> sont diffus\u00e9s ce 9 juillet \u00e0 20h55 sur France 3. Les p\u00e9r\u00e9grinations de l&rsquo;excentrique Agatha Raisin (<strong>Ashley Jensen<\/strong>) dans la campagne anglaise s&rsquo;arr\u00eatent pour le moment. Apr\u00e8s une premi\u00e8re saison de qualit\u00e9, une seconde est-elle dans les tuyaux ?<\/p>\n<p>Directrice d&rsquo;une agence de relations publiques \u00e0 Londres, Agatha Raisin a d\u00e9cid\u00e9 de tout plaquer pour s&rsquo;installer dans le village de Carsely, au sud-ouest de l&rsquo;Angleterre. D\u00e8s son arriv\u00e9e, les morts se sont accumul\u00e9s, ce qui l&rsquo;a contraint \u00e0 jouer \u00e0 l&rsquo;enqu\u00eatrice. Au cours des neuf premiers \u00e9pisodes de cette saison 1, la confrontation entre ses mani\u00e8res de citadine et les habitudes de la campagne ont provoqu\u00e9 de grosses \u00e9tincelles&#8230; Avec une galerie de personnages hauts en couleurs, des meurtres imaginatifs et les magnifiques d\u00e9cors de la campagne britannique, la s\u00e9rie poss\u00e9dait de nombreux arguments en sa faveur.\u00a0L&rsquo;adaptation des romans de <strong>M. C. Beaton<\/strong> a d&rsquo;ailleurs su trouver son public la premi\u00e8re semaine de diffusion sur France 3 avec 2,6 millions de t\u00e9l\u00e9spectateurs (11,6 % de parts de march\u00e9). Mais la seconde fut plus compliqu\u00e9e avec seulement 2,2 millions de personnes (9,7 % de part d&rsquo;audience) devant leur \u00e9cran.<\/p>\n<h2 class=\"intertitre\">Les audiences comme juge de paix ?<\/h2>\n<p>Qu&rsquo;en sera-t-il pour les trois derniers \u00e9pisodes \u00e0 venir ? Les chiffres d&rsquo;audience seront scrut\u00e9s par France 3, mais pas que. En effet, <i>Agatha Raisin<\/i> n&rsquo;a pas encore \u00e9t\u00e9 renouvel\u00e9e pour une seconde saison par la cha\u00eene Sky 1. Une saison dont la diffusion s&rsquo;est pourtant achev\u00e9e le 26 juillet 2016 en Grande-Bretagne, autant dire une \u00e9ternit\u00e9&#8230; Cette attente est d&rsquo;autant plus \u00e9tonnante que 27 aventures de l&rsquo;enqu\u00eatrice ont \u00e9t\u00e9 r\u00e9dig\u00e9es par <strong>M. C. Beaton<\/strong>, ce qui offre un grand choix d&rsquo;adaptations possibles. Les audiences \u00e0 l&rsquo;international risquent d&rsquo;\u00eatre observ\u00e9es de pr\u00e8s par les d\u00e9cisionnaires dans leur choix de renouveler ou pas la s\u00e9rie. Si vous souhaitez augmenter les chances de voir <i>Agatha Raisin<\/i> revenir \u00e0 l&rsquo;\u00e9cran, nous vous conseillons fortement de regarder France 3 ce dimanche soir.<\/p>\n<p><!-- adtech emplacement:nativearticle --><\/p>\n<div id=\"tls2|1|rg|500x120Centre\" class=\"emplacement_adtech type-nativearticle\">\n\t\t\t\t<noscript><br \/>\n\t\t\t\t\t\t\t\t\t\t<a title=\"PubLink\" href=\"http:\/\/adserver.adtech.de\/adlink%7C3.0%7C1483.1%7C%7C0%7C739%7CADTECH%3Bloc%3D100%3Balias%3Dtls2%7C1%7Crg%7C500x120Centre%3Bkvsousrubrique%3Dserie%3Bkey%3D289099+tele+serie+programme-tv+chaine-tv+france-3\" target=\"_blank\"><br \/>\n\t\t\t\t\t    <img loading=\"lazy\" decoding=\"async\" alt=\"PubImage\" src=\"http:\/\/flashmode.tn\/magazine\/wp-content\/uploads\/2017\/07\/people-agatha-raisin-la-serie-policiere-de-france-3-aura-t-elle-droit-a-une-saison-2.1||0|739|ADTECH;loc=100;alias=tls2|1|rg|500x120Centre;kvsousrubrique=serie;key=289099 tele serie programme-tv chaine-tv france-3\" width=\"500\" height=\"120\"\/><\/a><br \/>\n\t\t\t\t\t\t\t\t\t<\/noscript>\n\t\t\t\t<\/div>\n<\/p><\/div>\n","protected":false},"excerpt":{"rendered":"<p>Agatha Raisin : la s\u00e9rie polici\u00e8re de France 3 aura-t-elle droit \u00e0 une saison 2 ? La premi\u00e8re saison de la s\u00e9rie polici\u00e8re Agatha Raisin touche \u00e0 sa fin ce 9 juillet sur France 3. La Miss Marple des temps modernes aura-t-elle droit \u00e0 une seconde saison ? Les trois derniers \u00e9pisodes de la saison [&hellip;]<\/p>\n","protected":false},"author":2,"featured_media":0,"comment_status":"open","ping_status":"open","sticky":false,"template":"","format":"standard","meta":{"tdm_status":"","tdm_grid_status":"","_jetpack_memberships_contains_paid_content":false,"footnotes":"","jetpack_publicize_message":"","jetpack_publicize_feature_enabled":true,"jetpack_social_post_already_shared":true,"jetpack_social_options":{"image_generator_settings":{"template":"highway","default_image_id":0,"font":"","enabled":false},"version":2}},"categories":[956],"tags":[],"class_list":["post-5196","post","type-post","status-publish","format-standard","hentry","category-actu"],"yoast_head":"<!-- This site is optimized with the Yoast SEO Premium plugin v25.0 (Yoast SEO v25.0) - https:\/\/yoast.com\/wordpress\/plugins\/seo\/ -->\n<title>People : Agatha Raisin : la s\u00e9rie polici\u00e8re de France 3 aura-t-elle droit \u00e0 une saison 2 ? - Flashmode Magazine | Magazine de mode et style de vie Num\u00e9ro un en Tunisie et au Maghreb<\/title>\n<meta name=\"description\" content=\"Agatha Raisin : la s\u00e9rie polici\u00e8re de France 3 aura-t-elle droit \u00e0 une saison 2 ? La premi\u00e8re saison de la s\u00e9rie polici\u00e8re Agatha Raisin touche \u00e0 sa fin\" \/>\n<meta name=\"robots\" content=\"index, follow, max-snippet:-1, max-image-preview:large, max-video-preview:-1\" \/>\n<link rel=\"canonical\" href=\"https:\/\/flashmode.tn\/magazine\/people-agatha-raisin-la-serie-policiere-de-france-3-aura-t-elle-droit-a-une-saison-2\/\" \/>\n<meta property=\"og:locale\" content=\"fr_FR\" \/>\n<meta property=\"og:type\" content=\"article\" \/>\n<meta property=\"og:title\" content=\"People : Agatha Raisin : la s\u00e9rie polici\u00e8re de France 3 aura-t-elle droit \u00e0 une saison 2 ? - Flashmode Magazine | Magazine de mode et style de vie Num\u00e9ro un en Tunisie et au Maghreb\" \/>\n<meta property=\"og:description\" content=\"Agatha Raisin : la s\u00e9rie polici\u00e8re de France 3 aura-t-elle droit \u00e0 une saison 2 ? La premi\u00e8re saison de la s\u00e9rie polici\u00e8re Agatha Raisin touche \u00e0 sa fin\" \/>\n<meta property=\"og:url\" content=\"https:\/\/flashmode.tn\/magazine\/people-agatha-raisin-la-serie-policiere-de-france-3-aura-t-elle-droit-a-une-saison-2\/\" \/>\n<meta property=\"og:site_name\" content=\"Flashmode Magazine | Magazine de mode et style de vie Num\u00e9ro un en Tunisie et au Maghreb\" \/>\n<meta property=\"article:publisher\" content=\"https:\/\/www.facebook.com\/flashmode.magazine\/\" \/>\n<meta property=\"article:published_time\" content=\"2017-07-10T04:25:12+00:00\" \/>\n<meta property=\"og:image\" content=\"http:\/\/flashmode.tn\/magazine\/wp-content\/uploads\/2017\/07\/people-agatha-raisin-la-serie-policiere-de-france-3-aura-t-elle-droit-a-une-saison-2.1||0|739|ADTECH;loc=100;alias=tls2|1|rg|500x120Centre;kvsousrubrique=serie;key=289099%20tele%20serie%20programme-tv%20chaine-tv%20france-3\" \/>\n<meta name=\"author\" content=\"Nora D.\" \/>\n<meta name=\"twitter:card\" content=\"summary_large_image\" \/>\n<meta name=\"twitter:creator\" content=\"@agenceflashmode\" \/>\n<meta name=\"twitter:site\" content=\"@agenceflashmode\" \/>\n<meta name=\"twitter:label1\" content=\"\u00c9crit par\" \/>\n\t<meta name=\"twitter:data1\" content=\"Nora D.\" \/>\n\t<meta name=\"twitter:label2\" content=\"Dur\u00e9e de lecture estim\u00e9e\" \/>\n\t<meta name=\"twitter:data2\" content=\"2 minutes\" \/>\n<script type=\"application\/ld+json\" class=\"yoast-schema-graph\">{\"@context\":\"https:\/\/schema.org\",\"@graph\":[{\"@type\":\"WebPage\",\"@id\":\"https:\/\/flashmode.tn\/magazine\/people-agatha-raisin-la-serie-policiere-de-france-3-aura-t-elle-droit-a-une-saison-2\/\",\"url\":\"https:\/\/flashmode.tn\/magazine\/people-agatha-raisin-la-serie-policiere-de-france-3-aura-t-elle-droit-a-une-saison-2\/\",\"name\":\"People : Agatha Raisin : la s\u00e9rie polici\u00e8re de France 3 aura-t-elle droit \u00e0 une saison 2 ? - Flashmode Magazine | Magazine de mode et style de vie Num\u00e9ro un en Tunisie et au Maghreb\",\"isPartOf\":{\"@id\":\"https:\/\/flashmode.tn\/magazine\/#website\"},\"datePublished\":\"2017-07-10T04:25:12+00:00\",\"author\":{\"@id\":\"https:\/\/flashmode.tn\/magazine\/#\/schema\/person\/ebeaf8414935b60ba8817ab0babd7fbe\"},\"description\":\"Agatha Raisin : la s\u00e9rie polici\u00e8re de France 3 aura-t-elle droit \u00e0 une saison 2 ? La premi\u00e8re saison de la s\u00e9rie polici\u00e8re Agatha Raisin touche \u00e0 sa fin\",\"breadcrumb\":{\"@id\":\"https:\/\/flashmode.tn\/magazine\/people-agatha-raisin-la-serie-policiere-de-france-3-aura-t-elle-droit-a-une-saison-2\/#breadcrumb\"},\"inLanguage\":\"fr-FR\",\"potentialAction\":[{\"@type\":\"ReadAction\",\"target\":[\"https:\/\/flashmode.tn\/magazine\/people-agatha-raisin-la-serie-policiere-de-france-3-aura-t-elle-droit-a-une-saison-2\/\"]}]},{\"@type\":\"BreadcrumbList\",\"@id\":\"https:\/\/flashmode.tn\/magazine\/people-agatha-raisin-la-serie-policiere-de-france-3-aura-t-elle-droit-a-une-saison-2\/#breadcrumb\",\"itemListElement\":[{\"@type\":\"ListItem\",\"position\":1,\"name\":\"Accueil\",\"item\":\"https:\/\/flashmode.tn\/magazine\/\"},{\"@type\":\"ListItem\",\"position\":2,\"name\":\"People : Agatha Raisin : la s\u00e9rie polici\u00e8re de France 3 aura-t-elle droit \u00e0 une saison 2 ?\"}]},{\"@type\":\"WebSite\",\"@id\":\"https:\/\/flashmode.tn\/magazine\/#website\",\"url\":\"https:\/\/flashmode.tn\/magazine\/\",\"name\":\"Flashmode Magazine | Magazine de mode et style de vie Num\u00e9ro un en Tunisie et au Maghreb\",\"description\":\"Magazine de mode et style de vie Num\u00e9ro un en Tunisie et au Maghreb, cr\u00e9\u00e9 pour les hommes et les femmes : conseils beaut\u00e9, mode femme, mode homme, recettes de cuisine, c\u00e9l\u00e9brit\u00e9s et people, mannequins et top modeles\",\"potentialAction\":[{\"@type\":\"SearchAction\",\"target\":{\"@type\":\"EntryPoint\",\"urlTemplate\":\"https:\/\/flashmode.tn\/magazine\/?s={search_term_string}\"},\"query-input\":{\"@type\":\"PropertyValueSpecification\",\"valueRequired\":true,\"valueName\":\"search_term_string\"}}],\"inLanguage\":\"fr-FR\"},{\"@type\":\"Person\",\"@id\":\"https:\/\/flashmode.tn\/magazine\/#\/schema\/person\/ebeaf8414935b60ba8817ab0babd7fbe\",\"name\":\"Nora D.\",\"image\":{\"@type\":\"ImageObject\",\"inLanguage\":\"fr-FR\",\"@id\":\"https:\/\/flashmode.tn\/magazine\/#\/schema\/person\/image\/\",\"url\":\"https:\/\/secure.gravatar.com\/avatar\/a51d897ddf0a2216affe16e03a39790850922d1b5b29f147f35db7ccb8861eab?s=96&d=mm&r=g\",\"contentUrl\":\"https:\/\/secure.gravatar.com\/avatar\/a51d897ddf0a2216affe16e03a39790850922d1b5b29f147f35db7ccb8861eab?s=96&d=mm&r=g\",\"caption\":\"Nora D.\"},\"url\":\"https:\/\/flashmode.tn\/magazine\/author\/nora-damak\/\"}]}<\/script>\n<!-- \/ Yoast SEO Premium plugin. -->","yoast_head_json":{"title":"People : Agatha Raisin : la s\u00e9rie polici\u00e8re de France 3 aura-t-elle droit \u00e0 une saison 2 ? - Flashmode Magazine | Magazine de mode et style de vie Num\u00e9ro un en Tunisie et au Maghreb","description":"Agatha Raisin : la s\u00e9rie polici\u00e8re de France 3 aura-t-elle droit \u00e0 une saison 2 ? La premi\u00e8re saison de la s\u00e9rie polici\u00e8re Agatha Raisin touche \u00e0 sa fin","robots":{"index":"index","follow":"follow","max-snippet":"max-snippet:-1","max-image-preview":"max-image-preview:large","max-video-preview":"max-video-preview:-1"},"canonical":"https:\/\/flashmode.tn\/magazine\/people-agatha-raisin-la-serie-policiere-de-france-3-aura-t-elle-droit-a-une-saison-2\/","og_locale":"fr_FR","og_type":"article","og_title":"People : Agatha Raisin : la s\u00e9rie polici\u00e8re de France 3 aura-t-elle droit \u00e0 une saison 2 ? - Flashmode Magazine | Magazine de mode et style de vie Num\u00e9ro un en Tunisie et au Maghreb","og_description":"Agatha Raisin : la s\u00e9rie polici\u00e8re de France 3 aura-t-elle droit \u00e0 une saison 2 ? La premi\u00e8re saison de la s\u00e9rie polici\u00e8re Agatha Raisin touche \u00e0 sa fin","og_url":"https:\/\/flashmode.tn\/magazine\/people-agatha-raisin-la-serie-policiere-de-france-3-aura-t-elle-droit-a-une-saison-2\/","og_site_name":"Flashmode Magazine | Magazine de mode et style de vie Num\u00e9ro un en Tunisie et au Maghreb","article_publisher":"https:\/\/www.facebook.com\/flashmode.magazine\/","article_published_time":"2017-07-10T04:25:12+00:00","og_image":[{"url":"http:\/\/flashmode.tn\/magazine\/wp-content\/uploads\/2017\/07\/people-agatha-raisin-la-serie-policiere-de-france-3-aura-t-elle-droit-a-une-saison-2.1||0|739|ADTECH;loc=100;alias=tls2|1|rg|500x120Centre;kvsousrubrique=serie;key=289099 tele serie programme-tv chaine-tv france-3","type":"","width":"","height":""}],"author":"Nora D.","twitter_card":"summary_large_image","twitter_creator":"@agenceflashmode","twitter_site":"@agenceflashmode","twitter_misc":{"\u00c9crit par":"Nora D.","Dur\u00e9e de lecture estim\u00e9e":"2 minutes"},"schema":{"@context":"https:\/\/schema.org","@graph":[{"@type":"WebPage","@id":"https:\/\/flashmode.tn\/magazine\/people-agatha-raisin-la-serie-policiere-de-france-3-aura-t-elle-droit-a-une-saison-2\/","url":"https:\/\/flashmode.tn\/magazine\/people-agatha-raisin-la-serie-policiere-de-france-3-aura-t-elle-droit-a-une-saison-2\/","name":"People : Agatha Raisin : la s\u00e9rie polici\u00e8re de France 3 aura-t-elle droit \u00e0 une saison 2 ? - Flashmode Magazine | Magazine de mode et style de vie Num\u00e9ro un en Tunisie et au Maghreb","isPartOf":{"@id":"https:\/\/flashmode.tn\/magazine\/#website"},"datePublished":"2017-07-10T04:25:12+00:00","author":{"@id":"https:\/\/flashmode.tn\/magazine\/#\/schema\/person\/ebeaf8414935b60ba8817ab0babd7fbe"},"description":"Agatha Raisin : la s\u00e9rie polici\u00e8re de France 3 aura-t-elle droit \u00e0 une saison 2 ? La premi\u00e8re saison de la s\u00e9rie polici\u00e8re Agatha Raisin touche \u00e0 sa fin","breadcrumb":{"@id":"https:\/\/flashmode.tn\/magazine\/people-agatha-raisin-la-serie-policiere-de-france-3-aura-t-elle-droit-a-une-saison-2\/#breadcrumb"},"inLanguage":"fr-FR","potentialAction":[{"@type":"ReadAction","target":["https:\/\/flashmode.tn\/magazine\/people-agatha-raisin-la-serie-policiere-de-france-3-aura-t-elle-droit-a-une-saison-2\/"]}]},{"@type":"BreadcrumbList","@id":"https:\/\/flashmode.tn\/magazine\/people-agatha-raisin-la-serie-policiere-de-france-3-aura-t-elle-droit-a-une-saison-2\/#breadcrumb","itemListElement":[{"@type":"ListItem","position":1,"name":"Accueil","item":"https:\/\/flashmode.tn\/magazine\/"},{"@type":"ListItem","position":2,"name":"People : Agatha Raisin : la s\u00e9rie polici\u00e8re de France 3 aura-t-elle droit \u00e0 une saison 2 ?"}]},{"@type":"WebSite","@id":"https:\/\/flashmode.tn\/magazine\/#website","url":"https:\/\/flashmode.tn\/magazine\/","name":"Flashmode Magazine | Magazine de mode et style de vie Num\u00e9ro un en Tunisie et au Maghreb","description":"Magazine de mode et style de vie Num\u00e9ro un en Tunisie et au Maghreb, cr\u00e9\u00e9 pour les hommes et les femmes : conseils beaut\u00e9, mode femme, mode homme, recettes de cuisine, c\u00e9l\u00e9brit\u00e9s et people, mannequins et top modeles","potentialAction":[{"@type":"SearchAction","target":{"@type":"EntryPoint","urlTemplate":"https:\/\/flashmode.tn\/magazine\/?s={search_term_string}"},"query-input":{"@type":"PropertyValueSpecification","valueRequired":true,"valueName":"search_term_string"}}],"inLanguage":"fr-FR"},{"@type":"Person","@id":"https:\/\/flashmode.tn\/magazine\/#\/schema\/person\/ebeaf8414935b60ba8817ab0babd7fbe","name":"Nora D.","image":{"@type":"ImageObject","inLanguage":"fr-FR","@id":"https:\/\/flashmode.tn\/magazine\/#\/schema\/person\/image\/","url":"https:\/\/secure.gravatar.com\/avatar\/a51d897ddf0a2216affe16e03a39790850922d1b5b29f147f35db7ccb8861eab?s=96&d=mm&r=g","contentUrl":"https:\/\/secure.gravatar.com\/avatar\/a51d897ddf0a2216affe16e03a39790850922d1b5b29f147f35db7ccb8861eab?s=96&d=mm&r=g","caption":"Nora D."},"url":"https:\/\/flashmode.tn\/magazine\/author\/nora-damak\/"}]}},"jetpack_publicize_connections":[],"jetpack_featured_media_url":"","jetpack_shortlink":"https:\/\/wp.me\/p8BPGr-1lO","jetpack_sharing_enabled":true,"_links":{"self":[{"href":"https:\/\/flashmode.tn\/magazine\/wp-json\/wp\/v2\/posts\/5196","targetHints":{"allow":["GET"]}}],"collection":[{"href":"https:\/\/flashmode.tn\/magazine\/wp-json\/wp\/v2\/posts"}],"about":[{"href":"https:\/\/flashmode.tn\/magazine\/wp-json\/wp\/v2\/types\/post"}],"author":[{"embeddable":true,"href":"https:\/\/flashmode.tn\/magazine\/wp-json\/wp\/v2\/users\/2"}],"replies":[{"embeddable":true,"href":"https:\/\/flashmode.tn\/magazine\/wp-json\/wp\/v2\/comments?post=5196"}],"version-history":[{"count":0,"href":"https:\/\/flashmode.tn\/magazine\/wp-json\/wp\/v2\/posts\/5196\/revisions"}],"wp:attachment":[{"href":"https:\/\/flashmode.tn\/magazine\/wp-json\/wp\/v2\/media?parent=5196"}],"wp:term":[{"taxonomy":"category","embeddable":true,"href":"https:\/\/flashmode.tn\/magazine\/wp-json\/wp\/v2\/categories?post=5196"},{"taxonomy":"post_tag","embeddable":true,"href":"https:\/\/flashmode.tn\/magazine\/wp-json\/wp\/v2\/tags?post=5196"}],"curies":[{"name":"wp","href":"https:\/\/api.w.org\/{rel}","templated":true}]}}