{"id":52064,"date":"2021-12-17T20:58:25","date_gmt":"2021-12-17T19:58:25","guid":{"rendered":"https:\/\/flashmode.tn\/magazine\/?p=52064"},"modified":"2021-12-17T20:58:25","modified_gmt":"2021-12-17T19:58:25","slug":"quel-bois-ne-pas-mettre-dans-la-cheminee-2","status":"publish","type":"post","link":"https:\/\/flashmode.tn\/magazine\/quel-bois-ne-pas-mettre-dans-la-cheminee-2\/","title":{"rendered":"Quel bois ne pas mettre dans la chemin\u00e9e ?"},"content":{"rendered":"<p>Enfin, les <b>  bois <\/b> de r\u00e9sineux sont \u00e0 \u00e9viter : ils encrassent tr\u00e8s rapidement votre appareil de chauffage ainsi que votre <b>  chemin\u00e9e <\/b> , ce qui augmenter le risque de feu de <b>  chemin\u00e9e <\/b> ou d&rsquo;avarie. <br \/> &#8230; <br \/> <b>  L&rsquo;id\u00e9al est de privil\u00e9gier les essences de  <b>   bois  <\/b>  de feuillus durs : <\/b> <\/p>\n<ul>\n<li>   le ch\u00eane ;  <\/li>\n<li>   le h\u00eatre ;  <\/li>\n<li>   le charme ;  <\/li>\n<li>   le fr\u00eane ;  <\/li>\n<li>   etc.  <\/li>\n<\/ul>\n<p>Mais encore, Quel est le bois qui chauffe le plus ?<\/p>\n<p>Quelles <b>sont<\/b> les propri\u00e9t\u00e9s des diff\u00e9rentes essences ? Parmi ces trois grandes familles, les feuillus durs <b>sont<\/b> les <b>bois qui<\/b> offrent le pouvoir calorifique le <b>plus<\/b> important. Leurs fibres tr\u00e8s denses leur permettent en effet une combustion <b>plus<\/b> longue, ce <b>qui<\/b> rend ces essences particuli\u00e8rement adapt\u00e9es au chauffage.<\/p>\n<p>et Quelle quantit\u00e9 de bois pour se chauffer ?<\/p>\n<p><b>pour<\/b> un usage occasionnel : environ 2 \u00e0 3 m\u00e8tres cubes ; <b>pour<\/b> un <b>chauffage<\/b> d&rsquo;appoint, utilis\u00e9 en combinaison avec une autre \u00e9nergie : de 4 \u00e0 6 m\u00e8tres cubes ; <b>pour<\/b> un <b>chauffage<\/b> principal, utilis\u00e9 plusieurs heures par jour : de 8 \u00e0 12 m\u00e8tres cubes.<\/p>\n<p>Est-ce que le marronnier est un bon bois de chauffage ?<\/p>\n<p>Le tilleul, le saule, le <b>marronnier<\/b>, le peuplier<\/p>\n<p> Ils br\u00fblent mal et chauffent peu.<\/p>\n<div id=\"ez-toc-container\" class=\"ez-toc-v2_0_81 counter-hierarchy ez-toc-counter ez-toc-grey ez-toc-container-direction\">\n<div class=\"ez-toc-title-container\">\n<p class=\"ez-toc-title\" style=\"cursor:inherit\">Contenus de la page<\/p>\n<span class=\"ez-toc-title-toggle\"><a href=\"#\" class=\"ez-toc-pull-right ez-toc-btn ez-toc-btn-xs ez-toc-btn-default ez-toc-toggle\" aria-label=\"Toggle Table of Content\"><span class=\"ez-toc-js-icon-con\"><span class=\"\"><span class=\"eztoc-hide\" style=\"display:none;\">Toggle<\/span><span class=\"ez-toc-icon-toggle-span\"><svg style=\"fill: #999;color:#999\" xmlns=\"http:\/\/www.w3.org\/2000\/svg\" class=\"list-377408\" width=\"20px\" height=\"20px\" viewBox=\"0 0 24 24\" fill=\"none\"><path d=\"M6 6H4v2h2V6zm14 0H8v2h12V6zM4 11h2v2H4v-2zm16 0H8v2h12v-2zM4 16h2v2H4v-2zm16 0H8v2h12v-2z\" fill=\"currentColor\"><\/path><\/svg><svg style=\"fill: #999;color:#999\" class=\"arrow-unsorted-368013\" xmlns=\"http:\/\/www.w3.org\/2000\/svg\" width=\"10px\" height=\"10px\" viewBox=\"0 0 24 24\" version=\"1.2\" baseProfile=\"tiny\"><path d=\"M18.2 9.3l-6.2-6.3-6.2 6.3c-.2.2-.3.4-.3.7s.1.5.3.7c.2.2.4.3.7.3h11c.3 0 .5-.1.7-.3.2-.2.3-.5.3-.7s-.1-.5-.3-.7zM5.8 14.7l6.2 6.3 6.2-6.3c.2-.2.3-.5.3-.7s-.1-.5-.3-.7c-.2-.2-.4-.3-.7-.3h-11c-.3 0-.5.1-.7.3-.2.2-.3.5-.3.7s.1.5.3.7z\"\/><\/svg><\/span><\/span><\/span><\/a><\/span><\/div>\n<nav><ul class='ez-toc-list ez-toc-list-level-1 ' ><li class='ez-toc-page-1 ez-toc-heading-level-2'><a class=\"ez-toc-link ez-toc-heading-1\" href=\"https:\/\/flashmode.tn\/magazine\/quel-bois-ne-pas-mettre-dans-la-cheminee-2\/#Quel_est_le_pouvoir_calorifique_du_bois\" >Quel est le pouvoir calorifique du bois ?<\/a><\/li><li class='ez-toc-page-1 ez-toc-heading-level-2'><a class=\"ez-toc-link ez-toc-heading-2\" href=\"https:\/\/flashmode.tn\/magazine\/quel-bois-ne-pas-mettre-dans-la-cheminee-2\/#Quelle_quantite_de_bois_de_chauffage_pour_un_hiver\" >Quelle quantit\u00e9 de bois de chauffage pour un hiver ?<\/a><\/li><li class='ez-toc-page-1 ez-toc-heading-level-2'><a class=\"ez-toc-link ez-toc-heading-3\" href=\"https:\/\/flashmode.tn\/magazine\/quel-bois-ne-pas-mettre-dans-la-cheminee-2\/#Comment_calculer_1_stere_de_bois_en_33_cm\" >Comment calculer 1 st\u00e8re de bois en 33 cm ?<\/a><\/li><li class='ez-toc-page-1 ez-toc-heading-level-2'><a class=\"ez-toc-link ez-toc-heading-4\" href=\"https:\/\/flashmode.tn\/magazine\/quel-bois-ne-pas-mettre-dans-la-cheminee-2\/#Quest-ce_quune_corde_de_bois\" >Qu&rsquo;est-ce qu&rsquo;une corde de bois ?<\/a><\/li><li class='ez-toc-page-1 ez-toc-heading-level-2'><a class=\"ez-toc-link ez-toc-heading-5\" href=\"https:\/\/flashmode.tn\/magazine\/quel-bois-ne-pas-mettre-dans-la-cheminee-2\/#Quel_arbre_planter_pour_faire_du_bois_de_chauffage\" >Quel arbre planter pour faire du bois de chauffage ?<\/a><\/li><li class='ez-toc-page-1 ez-toc-heading-level-2'><a class=\"ez-toc-link ez-toc-heading-6\" href=\"https:\/\/flashmode.tn\/magazine\/quel-bois-ne-pas-mettre-dans-la-cheminee-2\/#Quel_bois_de_chauffage_pour_un_insert\" >Quel bois de chauffage pour un insert ?<\/a><\/li><li class='ez-toc-page-1 ez-toc-heading-level-2'><a class=\"ez-toc-link ez-toc-heading-7\" href=\"https:\/\/flashmode.tn\/magazine\/quel-bois-ne-pas-mettre-dans-la-cheminee-2\/#Quel_bois_Peut-on_bruler\" >Quel bois Peut-on br\u00fbler ?<\/a><\/li><li class='ez-toc-page-1 ez-toc-heading-level-2'><a class=\"ez-toc-link ez-toc-heading-8\" href=\"https:\/\/flashmode.tn\/magazine\/quel-bois-ne-pas-mettre-dans-la-cheminee-2\/#Quel_est_le_bois_de_chauffage_le_plus_calorique\" >Quel est le bois de chauffage le plus calorique ?<\/a><\/li><li class='ez-toc-page-1 ez-toc-heading-level-2'><a class=\"ez-toc-link ez-toc-heading-9\" href=\"https:\/\/flashmode.tn\/magazine\/quel-bois-ne-pas-mettre-dans-la-cheminee-2\/#Comment_calculer_le_pouvoir_calorifique_du_bois\" >Comment calculer le pouvoir calorifique du bois ?<\/a><\/li><li class='ez-toc-page-1 ez-toc-heading-level-2'><a class=\"ez-toc-link ez-toc-heading-10\" href=\"https:\/\/flashmode.tn\/magazine\/quel-bois-ne-pas-mettre-dans-la-cheminee-2\/#Quelle_bois_de_chauffage_choisir\" >Quelle bois de chauffage choisir ?<\/a><\/li><li class='ez-toc-page-1 ez-toc-heading-level-2'><a class=\"ez-toc-link ez-toc-heading-11\" href=\"https:\/\/flashmode.tn\/magazine\/quel-bois-ne-pas-mettre-dans-la-cheminee-2\/#Quelle_quantite_de_granules_pour_chauffer_une_maison\" >Quelle quantit\u00e9 de granul\u00e9s pour chauffer une maison ?<\/a><\/li><li class='ez-toc-page-1 ez-toc-heading-level-2'><a class=\"ez-toc-link ez-toc-heading-12\" href=\"https:\/\/flashmode.tn\/magazine\/quel-bois-ne-pas-mettre-dans-la-cheminee-2\/#Comment_consommer_moins_de_bois_dans_un_insert\" >Comment consommer moins de bois dans un insert ?<\/a><\/li><li class='ez-toc-page-1 ez-toc-heading-level-2'><a class=\"ez-toc-link ez-toc-heading-13\" href=\"https:\/\/flashmode.tn\/magazine\/quel-bois-ne-pas-mettre-dans-la-cheminee-2\/#Quel_est_le_prix_du_bois\" >Quel est le prix du bois ?<\/a><\/li><li class='ez-toc-page-1 ez-toc-heading-level-2'><a class=\"ez-toc-link ez-toc-heading-14\" href=\"https:\/\/flashmode.tn\/magazine\/quel-bois-ne-pas-mettre-dans-la-cheminee-2\/#Quelle_difference_entre_m3_et_stere\" >Quelle diff\u00e9rence entre m3 et st\u00e8re ?<\/a><\/li><li class='ez-toc-page-1 ez-toc-heading-level-2'><a class=\"ez-toc-link ez-toc-heading-15\" href=\"https:\/\/flashmode.tn\/magazine\/quel-bois-ne-pas-mettre-dans-la-cheminee-2\/#Comment_calculer_le_stere\" >Comment calculer le st\u00e8re ?<\/a><\/li><li class='ez-toc-page-1 ez-toc-heading-level-2'><a class=\"ez-toc-link ez-toc-heading-16\" href=\"https:\/\/flashmode.tn\/magazine\/quel-bois-ne-pas-mettre-dans-la-cheminee-2\/#Quest-ce_que_1_stere_de_bois\" >Qu&rsquo;est-ce que 1 st\u00e8re de bois ?<\/a><\/li><li class='ez-toc-page-1 ez-toc-heading-level-2'><a class=\"ez-toc-link ez-toc-heading-17\" href=\"https:\/\/flashmode.tn\/magazine\/quel-bois-ne-pas-mettre-dans-la-cheminee-2\/#Quelle_est_la_dimension_dune_corde_de_bois\" >Quelle est la dimension d&rsquo;une corde de bois ?<\/a><\/li><li class='ez-toc-page-1 ez-toc-heading-level-2'><a class=\"ez-toc-link ez-toc-heading-18\" href=\"https:\/\/flashmode.tn\/magazine\/quel-bois-ne-pas-mettre-dans-la-cheminee-2\/#Pourquoi_Dit-on_une_corde_de_bois\" >Pourquoi Dit-on une corde de bois ?<\/a><\/li><li class='ez-toc-page-1 ez-toc-heading-level-2'><a class=\"ez-toc-link ez-toc-heading-19\" href=\"https:\/\/flashmode.tn\/magazine\/quel-bois-ne-pas-mettre-dans-la-cheminee-2\/#Quelle_est_la_longueur_dune_corde_de_bois\" >Quelle est la longueur d&rsquo;une corde de bois ?<\/a><\/li><\/ul><\/nav><\/div>\n<h2><span class=\"ez-toc-section\" id=\"Quel_est_le_pouvoir_calorifique_du_bois\"><\/span>Quel est le pouvoir calorifique du bois ?<span class=\"ez-toc-section-end\"><\/span><\/h2>\n<p>En outre, la densit\u00e9 de l&rsquo;essence de <b>bois<\/b> choisie aura un impact important sur le PCI des b\u00fbches : un st\u00e8re de ch\u00eane (20 % d&rsquo;humidit\u00e9), qui p\u00e8se 530 kg, produira environ 2 000 kWh d&rsquo;\u00e9nergie ; un st\u00e8re de r\u00e9sineux (20 % d&rsquo;humidit\u00e9), qui p\u00e8se 380 kg, produira environ 1 500 kWh d&rsquo;\u00e9nergie.<\/p>\n<h2><span class=\"ez-toc-section\" id=\"Quelle_quantite_de_bois_de_chauffage_pour_un_hiver\"><\/span><strong>Quelle quantit\u00e9 de bois de chauffage pour un hiver ?<\/strong><span class=\"ez-toc-section-end\"><\/span><\/h2>\n<p><b>Pour<\/b> le prochain <b>hiver<\/b>, vous aurez besoin donc d&rsquo;environ 4 st\u00e8res de 1 m minimum <b>pour<\/b> un volume de 1 m3. <b>Pour<\/b> des b\u00fbches de 50 cm, le volume \u00e0 acheter sera donc de 4*1,25= 5 m3.<\/p>\n<h2><span class=\"ez-toc-section\" id=\"Comment_calculer_1_stere_de_bois_en_33_cm\"><\/span><strong>Comment calculer 1 st\u00e8re de bois en 33 cm ?<\/strong><span class=\"ez-toc-section-end\"><\/span><\/h2>\n<p>Un <b>  st\u00e8re <\/b> correspond \u00e0 1m3 de <b>  bois <\/b> coup\u00e9 en 1m. <br \/> &#8230; <br \/> L&rsquo;unit\u00e9 g\u00e9n\u00e9ralement utilis\u00e9e en France est le <b>  st\u00e8re <\/b> . <\/p>\n<table>\n<tbody>\n<tr>\n<th>     LONGUEUR DES B\u00dbCHES    <\/th>\n<th>     COEFFICIENT CALCULATEUR    <\/th>\n<\/tr>\n<tr>\n<td>     40     <b>      CM     <\/b>    <\/td>\n<td>     <b>      1     <\/b>     ,36    <\/td>\n<\/tr>\n<tr>\n<td>     <b>      33 CM     <\/b>    <\/td>\n<td>     <b>      1     <\/b>     ,43    <\/td>\n<\/tr>\n<tr>\n<td>     30     <b>      CM     <\/b>    <\/td>\n<td>     <b>      1     <\/b>     ,52    <\/td>\n<\/tr>\n<tr>\n<td>     25     <b>      CM     <\/b>    <\/td>\n<td>     <b>      1     <\/b>     ,67    <\/td>\n<\/tr>\n<\/tbody>\n<\/table>\n<h2><span class=\"ez-toc-section\" id=\"Quest-ce_quune_corde_de_bois\"><\/span><strong>Qu&rsquo;est-ce qu&rsquo;une corde de bois ?<\/strong><span class=\"ez-toc-section-end\"><\/span><\/h2>\n<p>Une <b>corde de bois<\/b> \u00e9quivaut \u00e0 environ 3 st\u00e8res de <b>bois<\/b>. Il faut donc 3 m<sup>3<\/sup> apparent de <b>bois<\/b> d&rsquo;1 m de long. En st\u00e8re ou en m<sup>3<\/sup>, vous pouvez d\u00e9sormais commander le volume de <b>bois qu<\/b>&lsquo;il vous faut.<\/p>\n<h2><span class=\"ez-toc-section\" id=\"Quel_arbre_planter_pour_faire_du_bois_de_chauffage\"><\/span><strong>Quel arbre planter pour faire du bois de chauffage ?<\/strong><span class=\"ez-toc-section-end\"><\/span><\/h2>\n<p>Bien choisir son essence de <b>bois<\/b><\/p>\n<p> G1 ou les feuillis durs : ch\u00eane, charme, orme, h\u00eatre, fr\u00eane, et \u00e9rable. G2 ou les interm\u00e9diaires : ch\u00e2taignier, acacia, merisier et <b>arbres<\/b> fruitiers divers. G3 ou les feuillus tendres et les r\u00e9sineux : peuplier, bouleau, platane, \u00e9pic\u00e9a, sapin, pin, m\u00e9l\u00e8ze.<\/p>\n<h2><span class=\"ez-toc-section\" id=\"Quel_bois_de_chauffage_pour_un_insert\"><\/span><strong>Quel bois de chauffage pour un insert ?<\/strong><span class=\"ez-toc-section-end\"><\/span><\/h2>\n<p>Les essences de <b>bois<\/b> de ch\u00eane, orme, fr\u00eane, h\u00eatre, charme et ch\u00e2taignier sont consid\u00e9r\u00e9s comme des <b>bois<\/b> feuillus durs. Ce sont ceux qui permettent le mieux de chauffer. Leur pouvoir calorifique est le plus \u00e9lev\u00e9.<\/p>\n<h2><span class=\"ez-toc-section\" id=\"Quel_bois_Peut-on_bruler\"><\/span><strong>Quel bois Peut-on br\u00fbler ?<\/strong><span class=\"ez-toc-section-end\"><\/span><\/h2>\n<p>Si l&rsquo;on veut une belle flamb\u00e9e qui chauffe longtemps, on privil\u00e9giera donc les <b>bois<\/b> durs comme : le ch\u00eane, le charme, l&rsquo;\u00e9rable, le fr\u00eane, l&rsquo;orme, le bouleau de montagne, le h\u00eatre, le noyer, l&rsquo;olivier.<\/p>\n<h2><span class=\"ez-toc-section\" id=\"Quel_est_le_bois_de_chauffage_le_plus_calorique\"><\/span><strong>Quel est le bois de chauffage le plus calorique ?<\/strong><span class=\"ez-toc-section-end\"><\/span><\/h2>\n<p>Le pouvoir <b>calorifique<\/b> diff\u00e8re selon les essences. Celles-ci <b>sont<\/b> class\u00e9es en trois groupes, du <b>plus<\/b> fort pouvoir <b>calorifique<\/b> au <b>plus<\/b> faible : Le ch\u00eane, le charme, le h\u00eatre, le fr\u00eane, l&rsquo;orme et l&rsquo;\u00e9rable offrent le meilleur rendement : 2 000 kWh par m\u00e8tre cube apparent.<\/p>\n<h2><span class=\"ez-toc-section\" id=\"Comment_calculer_le_pouvoir_calorifique_du_bois\"><\/span><strong>Comment calculer le pouvoir calorifique du bois ?<\/strong><span class=\"ez-toc-section-end\"><\/span><\/h2>\n<p>Le <b>pouvoir calorifique<\/b> inf\u00e9rieur (PCI) se <b>calcule<\/b> en d\u00e9duisant du PCS la chaleur de vaporisation de l&rsquo;eau form\u00e9e au cours de la combustion et \u00e9ventuellement de l&rsquo;eau contenue dans le combustible.<\/p>\n<h2><span class=\"ez-toc-section\" id=\"Quelle_bois_de_chauffage_choisir\"><\/span><strong>Quelle bois de chauffage choisir ?<\/strong><span class=\"ez-toc-section-end\"><\/span><\/h2>\n<p><b>Bois<\/b> \u00e0 privil\u00e9gier<\/p>\n<p> Les meilleures essences de <b>bois<\/b> pour le <b>chauffage<\/b> sont les suivantes : En premier : ch\u00eane, charme, h\u00eatre, fr\u00eane, \u00e9rable, orme. Ensuite : bouleau, fruitiers (domestiques ou sauvages).<\/p>\n<h2><span class=\"ez-toc-section\" id=\"Quelle_quantite_de_granules_pour_chauffer_une_maison\"><\/span><strong>Quelle quantit\u00e9 de granul\u00e9s pour chauffer une maison ?<\/strong><span class=\"ez-toc-section-end\"><\/span><\/h2>\n<p>En moyenne, on estime souvent que 2 tonnes de pellets sont n\u00e9cessaires <b>pour<\/b> alimenter un po\u00eale durant tout l&rsquo;hiver. Ce chiffre est \u00e9videmment plus \u00e9lev\u00e9 <b>pour<\/b> une chaudi\u00e8re (5 tonnes).<\/p>\n<h2><span class=\"ez-toc-section\" id=\"Comment_consommer_moins_de_bois_dans_un_insert\"><\/span><strong>Comment consommer moins de bois dans un insert ?<\/strong><span class=\"ez-toc-section-end\"><\/span><\/h2>\n<p>Le r\u00e9glage de l&rsquo;admission d&rsquo;air<\/p>\n<p> Si trop d&rsquo;air entre, le combustible se consume trop vite entrainant une surconsommation. \u00c0 l&rsquo;inverse, en diminuant la ventilation, l&rsquo;air entre en plus faible quantit\u00e9 et les braises durent plus longtemps avec <b>moins<\/b> de flammes. Vous consommerez ainsi <b>moins<\/b> de granul\u00e9s de <b>bois<\/b>.<\/p>\n<h2><span class=\"ez-toc-section\" id=\"Quel_est_le_prix_du_bois\"><\/span><strong>Quel est le prix du bois ?<\/strong><span class=\"ez-toc-section-end\"><\/span><\/h2>\n<p>Actuellement, le <b>prix<\/b> du st\u00e8re de <b>bois<\/b> de chauffage balance entre 30 et 120 \u20ac. La plupart du temps, il <b>est<\/b> entre 50 \u20ac et 70 \u20ac. Ce <b>qui<\/b> donne une moyenne de 0,04 \u20ac \/ kWh. Il <b>est<\/b> \u00e9vident que ces <b>prix<\/b> changent suivant les frais de transport du <b>bois<\/b> car ils constituent entre 20 \u00e0 30% du <b>prix<\/b>.<\/p>\n<h2><span class=\"ez-toc-section\" id=\"Quelle_difference_entre_m3_et_stere\"><\/span><strong>Quelle diff\u00e9rence entre m3 et st\u00e8re ?<\/strong><span class=\"ez-toc-section-end\"><\/span><\/h2>\n<p>Convertisseur <b>st\u00e8re<\/b>\/<b>m3<\/b><\/p>\n<p> Un <b>st\u00e8re<\/b>, c&rsquo;est 1 m\u00b3 de bois fendu en 1m (L x l x H). Cependant, si votre appareil est fabriqu\u00e9 de sorte \u00e0 accueillir une taille de b\u00fbche plus petite, ce m\u00b3 occupera moins d&rsquo;espace. Ainsi 1 <b>st\u00e8re<\/b> ne monopolise plus que 0.8 m\u00b3 lorsque le bois est correctement rang\u00e9 et coup\u00e9 en 50 cm par exemple.<\/p>\n<h2><span class=\"ez-toc-section\" id=\"Comment_calculer_le_stere\"><\/span><strong>Comment calculer le st\u00e8re ?<\/strong><span class=\"ez-toc-section-end\"><\/span><\/h2>\n<p><b>  <b>   Calculer  <\/b>  le volume du bois b\u00fbches en st\u00e8res <\/b> <\/p>\n<ol>\n<li>   Un   <b>    st\u00e8re   <\/b>   de bois, c&rsquo;est 1m de longueur, sur 1m de hauteur, en b\u00fbches de 1m (donc 1 m de largeur).  <\/li>\n<li>   Pour   <b>    calculer   <\/b>   le nombre de st\u00e8res, le bois de chauffage doit \u00eatre rang\u00e9 afin de le mesurer pr\u00e9cis\u00e9ment.  <\/li>\n<li>   Nombre de st\u00e8res = Longueur x Hauteur x Largeur x Coefficient de conversion.  <\/li>\n<\/ol>\n<h2><span class=\"ez-toc-section\" id=\"Quest-ce_que_1_stere_de_bois\"><\/span><strong>Qu&rsquo;est-ce que 1 st\u00e8re de bois ?<\/strong><span class=\"ez-toc-section-end\"><\/span><\/h2>\n<p>Le <b>st\u00e8re<\/b> correspond \u00e0 <b>1<\/b> m<sup>3<\/sup> de <b>bois<\/b>, confectionn\u00e9 exclusivement avec des b\u00fbches de <b>1<\/b> m de longueur, toutes empil\u00e9es parall\u00e8lement et rang\u00e9es avec soin. Le d\u00e9cret n\u00b0 75-1200 du 4 d\u00e9cembre 1975 d\u00e9clare : \u00ab Le <b>st\u00e8re est<\/b> employ\u00e9 pour mesurer le volume du <b>bois<\/b> de chauffage empil\u00e9.<\/p>\n<h2><span class=\"ez-toc-section\" id=\"Quelle_est_la_dimension_dune_corde_de_bois\"><\/span><strong>Quelle est la dimension d&rsquo;une corde de bois ?<\/strong><span class=\"ez-toc-section-end\"><\/span><\/h2>\n<p>Au Canada, la loi pr\u00e9cise qu&rsquo;une <b>corde de bois<\/b> mesure 4 pieds de hauteur par 8 pieds de longueur et 4 pieds de profondeur (1,22 m par 2,44 m par 1,22 m).<\/p>\n<h2><span class=\"ez-toc-section\" id=\"Pourquoi_Dit-on_une_corde_de_bois\"><\/span><strong>Pourquoi Dit-on une corde de bois ?<\/strong><span class=\"ez-toc-section-end\"><\/span><\/h2>\n<p>La <b>corde de bois<\/b> de chauffage est une unit\u00e9 de mesure tr\u00e8s ancienne (avant la r\u00e9volution fran\u00e7aise). C&rsquo;\u00e9tait la quantit\u00e9 de <b>bois<\/b> d\u00e9termin\u00e9e par la longueur d&rsquo;une <b>corde<\/b> entourant les morceaux de <b>bois<\/b> coup\u00e9s vraisemblablement \u00e0 une longueur donn\u00e9e.<\/p>\n<h2><span class=\"ez-toc-section\" id=\"Quelle_est_la_longueur_dune_corde_de_bois\"><\/span><strong>Quelle est la longueur d&rsquo;une corde de bois ?<\/strong><span class=\"ez-toc-section-end\"><\/span><\/h2>\n<p>La dimension d&rsquo;un cordon de <b>bois est<\/b> de 8 pieds de long par 4 pieds de haut par 16 pouces de large. \u00bb<\/p>\n<h2><strong><\/strong><\/h2>\n<h2><strong><\/strong><\/h2>\n<hr \/>\n<p><em>Editeurs: 32 &#8211; R\u00e9f\u00e9rences: 29 articles<\/em><\/p>\n<p><em>N\u2019oubliez pas de partager l\u2019article !<\/em><\/p>\n","protected":false},"excerpt":{"rendered":"<p>Enfin, les bois de r\u00e9sineux sont \u00e0 \u00e9viter : ils encrassent tr\u00e8s rapidement votre appareil de chauffage ainsi que votre chemin\u00e9e , ce qui augmenter le risque de feu de chemin\u00e9e ou d&rsquo;avarie. &#8230; L&rsquo;id\u00e9al est de privil\u00e9gier les essences de bois de feuillus durs : le ch\u00eane ; le h\u00eatre ; le charme ; [&hellip;]<\/p>\n","protected":false},"author":2,"featured_media":0,"comment_status":"open","ping_status":"open","sticky":false,"template":"","format":"standard","meta":{"tdm_status":"","tdm_grid_status":"","_jetpack_memberships_contains_paid_content":false,"footnotes":"","jetpack_publicize_message":"","jetpack_publicize_feature_enabled":true,"jetpack_social_post_already_shared":true,"jetpack_social_options":{"image_generator_settings":{"template":"highway","default_image_id":0,"font":"","enabled":false},"version":2}},"categories":[3457],"tags":[],"class_list":["post-52064","post","type-post","status-publish","format-standard","hentry","category-maison"],"yoast_head":"<!-- This site is optimized with the Yoast SEO Premium plugin v25.0 (Yoast SEO v25.0) - https:\/\/yoast.com\/wordpress\/plugins\/seo\/ -->\n<title>Quel bois ne pas mettre dans la chemin\u00e9e ?<\/title>\n<meta name=\"description\" content=\"Enfin, les bois de r\u00e9sineux sont \u00e0 \u00e9viter : ils encrassent tr\u00e8s rapidement votre appareil de chauffage ainsi que votre chemin\u00e9e , ce qui augmenter le\" \/>\n<meta name=\"robots\" content=\"index, follow, max-snippet:-1, max-image-preview:large, max-video-preview:-1\" \/>\n<link rel=\"canonical\" href=\"https:\/\/flashmode.tn\/magazine\/quel-bois-ne-pas-mettre-dans-la-cheminee-2\/\" \/>\n<meta property=\"og:locale\" content=\"fr_FR\" \/>\n<meta property=\"og:type\" content=\"article\" \/>\n<meta property=\"og:title\" content=\"Quel bois ne pas mettre dans la chemin\u00e9e ? - Flashmode Magazine | Magazine de mode et style de vie Num\u00e9ro un en Tunisie et au Maghreb\" \/>\n<meta property=\"og:description\" content=\"Enfin, les bois de r\u00e9sineux sont \u00e0 \u00e9viter : ils encrassent tr\u00e8s rapidement votre appareil de chauffage ainsi que votre chemin\u00e9e , ce qui augmenter le\" \/>\n<meta property=\"og:url\" content=\"https:\/\/flashmode.tn\/magazine\/quel-bois-ne-pas-mettre-dans-la-cheminee-2\/\" \/>\n<meta property=\"og:site_name\" content=\"Flashmode Magazine | Magazine de mode et style de vie Num\u00e9ro un en Tunisie et au Maghreb\" \/>\n<meta property=\"article:publisher\" content=\"https:\/\/www.facebook.com\/flashmode.magazine\/\" \/>\n<meta property=\"article:published_time\" content=\"2021-12-17T19:58:25+00:00\" \/>\n<meta name=\"author\" content=\"Nora D.\" \/>\n<meta name=\"twitter:card\" content=\"summary_large_image\" \/>\n<meta name=\"twitter:creator\" content=\"@agenceflashmode\" \/>\n<meta name=\"twitter:site\" content=\"@agenceflashmode\" \/>\n<meta name=\"twitter:label1\" content=\"\u00c9crit par\" \/>\n\t<meta name=\"twitter:data1\" content=\"Nora D.\" \/>\n\t<meta name=\"twitter:label2\" content=\"Dur\u00e9e de lecture estim\u00e9e\" \/>\n\t<meta name=\"twitter:data2\" content=\"6 minutes\" \/>\n<script type=\"application\/ld+json\" class=\"yoast-schema-graph\">{\"@context\":\"https:\/\/schema.org\",\"@graph\":[{\"@type\":\"WebPage\",\"@id\":\"https:\/\/flashmode.tn\/magazine\/quel-bois-ne-pas-mettre-dans-la-cheminee-2\/\",\"url\":\"https:\/\/flashmode.tn\/magazine\/quel-bois-ne-pas-mettre-dans-la-cheminee-2\/\",\"name\":\"Quel bois ne pas mettre dans la chemin\u00e9e ?\",\"isPartOf\":{\"@id\":\"https:\/\/flashmode.tn\/magazine\/#website\"},\"datePublished\":\"2021-12-17T19:58:25+00:00\",\"author\":{\"@id\":\"https:\/\/flashmode.tn\/magazine\/#\/schema\/person\/ebeaf8414935b60ba8817ab0babd7fbe\"},\"description\":\"Enfin, les bois de r\u00e9sineux sont \u00e0 \u00e9viter : ils encrassent tr\u00e8s rapidement votre appareil de chauffage ainsi que votre chemin\u00e9e , ce qui augmenter le\",\"breadcrumb\":{\"@id\":\"https:\/\/flashmode.tn\/magazine\/quel-bois-ne-pas-mettre-dans-la-cheminee-2\/#breadcrumb\"},\"inLanguage\":\"fr-FR\",\"potentialAction\":[{\"@type\":\"ReadAction\",\"target\":[\"https:\/\/flashmode.tn\/magazine\/quel-bois-ne-pas-mettre-dans-la-cheminee-2\/\"]}]},{\"@type\":\"BreadcrumbList\",\"@id\":\"https:\/\/flashmode.tn\/magazine\/quel-bois-ne-pas-mettre-dans-la-cheminee-2\/#breadcrumb\",\"itemListElement\":[{\"@type\":\"ListItem\",\"position\":1,\"name\":\"Accueil\",\"item\":\"https:\/\/flashmode.tn\/magazine\/\"},{\"@type\":\"ListItem\",\"position\":2,\"name\":\"Quel bois ne pas mettre dans la chemin\u00e9e ?\"}]},{\"@type\":\"WebSite\",\"@id\":\"https:\/\/flashmode.tn\/magazine\/#website\",\"url\":\"https:\/\/flashmode.tn\/magazine\/\",\"name\":\"Flashmode Magazine | Magazine de mode et style de vie Num\u00e9ro un en Tunisie et au Maghreb\",\"description\":\"Magazine de mode et style de vie Num\u00e9ro un en Tunisie et au Maghreb, cr\u00e9\u00e9 pour les hommes et les femmes : conseils beaut\u00e9, mode femme, mode homme, recettes de cuisine, c\u00e9l\u00e9brit\u00e9s et people, mannequins et top modeles\",\"potentialAction\":[{\"@type\":\"SearchAction\",\"target\":{\"@type\":\"EntryPoint\",\"urlTemplate\":\"https:\/\/flashmode.tn\/magazine\/?s={search_term_string}\"},\"query-input\":{\"@type\":\"PropertyValueSpecification\",\"valueRequired\":true,\"valueName\":\"search_term_string\"}}],\"inLanguage\":\"fr-FR\"},{\"@type\":\"Person\",\"@id\":\"https:\/\/flashmode.tn\/magazine\/#\/schema\/person\/ebeaf8414935b60ba8817ab0babd7fbe\",\"name\":\"Nora D.\",\"image\":{\"@type\":\"ImageObject\",\"inLanguage\":\"fr-FR\",\"@id\":\"https:\/\/flashmode.tn\/magazine\/#\/schema\/person\/image\/\",\"url\":\"https:\/\/secure.gravatar.com\/avatar\/a51d897ddf0a2216affe16e03a39790850922d1b5b29f147f35db7ccb8861eab?s=96&d=mm&r=g\",\"contentUrl\":\"https:\/\/secure.gravatar.com\/avatar\/a51d897ddf0a2216affe16e03a39790850922d1b5b29f147f35db7ccb8861eab?s=96&d=mm&r=g\",\"caption\":\"Nora D.\"},\"url\":\"https:\/\/flashmode.tn\/magazine\/author\/nora-damak\/\"}]}<\/script>\n<!-- \/ Yoast SEO Premium plugin. -->","yoast_head_json":{"title":"Quel bois ne pas mettre dans la chemin\u00e9e ?","description":"Enfin, les bois de r\u00e9sineux sont \u00e0 \u00e9viter : ils encrassent tr\u00e8s rapidement votre appareil de chauffage ainsi que votre chemin\u00e9e , ce qui augmenter le","robots":{"index":"index","follow":"follow","max-snippet":"max-snippet:-1","max-image-preview":"max-image-preview:large","max-video-preview":"max-video-preview:-1"},"canonical":"https:\/\/flashmode.tn\/magazine\/quel-bois-ne-pas-mettre-dans-la-cheminee-2\/","og_locale":"fr_FR","og_type":"article","og_title":"Quel bois ne pas mettre dans la chemin\u00e9e ? - Flashmode Magazine | Magazine de mode et style de vie Num\u00e9ro un en Tunisie et au Maghreb","og_description":"Enfin, les bois de r\u00e9sineux sont \u00e0 \u00e9viter : ils encrassent tr\u00e8s rapidement votre appareil de chauffage ainsi que votre chemin\u00e9e , ce qui augmenter le","og_url":"https:\/\/flashmode.tn\/magazine\/quel-bois-ne-pas-mettre-dans-la-cheminee-2\/","og_site_name":"Flashmode Magazine | Magazine de mode et style de vie Num\u00e9ro un en Tunisie et au Maghreb","article_publisher":"https:\/\/www.facebook.com\/flashmode.magazine\/","article_published_time":"2021-12-17T19:58:25+00:00","author":"Nora D.","twitter_card":"summary_large_image","twitter_creator":"@agenceflashmode","twitter_site":"@agenceflashmode","twitter_misc":{"\u00c9crit par":"Nora D.","Dur\u00e9e de lecture estim\u00e9e":"6 minutes"},"schema":{"@context":"https:\/\/schema.org","@graph":[{"@type":"WebPage","@id":"https:\/\/flashmode.tn\/magazine\/quel-bois-ne-pas-mettre-dans-la-cheminee-2\/","url":"https:\/\/flashmode.tn\/magazine\/quel-bois-ne-pas-mettre-dans-la-cheminee-2\/","name":"Quel bois ne pas mettre dans la chemin\u00e9e ?","isPartOf":{"@id":"https:\/\/flashmode.tn\/magazine\/#website"},"datePublished":"2021-12-17T19:58:25+00:00","author":{"@id":"https:\/\/flashmode.tn\/magazine\/#\/schema\/person\/ebeaf8414935b60ba8817ab0babd7fbe"},"description":"Enfin, les bois de r\u00e9sineux sont \u00e0 \u00e9viter : ils encrassent tr\u00e8s rapidement votre appareil de chauffage ainsi que votre chemin\u00e9e , ce qui augmenter le","breadcrumb":{"@id":"https:\/\/flashmode.tn\/magazine\/quel-bois-ne-pas-mettre-dans-la-cheminee-2\/#breadcrumb"},"inLanguage":"fr-FR","potentialAction":[{"@type":"ReadAction","target":["https:\/\/flashmode.tn\/magazine\/quel-bois-ne-pas-mettre-dans-la-cheminee-2\/"]}]},{"@type":"BreadcrumbList","@id":"https:\/\/flashmode.tn\/magazine\/quel-bois-ne-pas-mettre-dans-la-cheminee-2\/#breadcrumb","itemListElement":[{"@type":"ListItem","position":1,"name":"Accueil","item":"https:\/\/flashmode.tn\/magazine\/"},{"@type":"ListItem","position":2,"name":"Quel bois ne pas mettre dans la chemin\u00e9e ?"}]},{"@type":"WebSite","@id":"https:\/\/flashmode.tn\/magazine\/#website","url":"https:\/\/flashmode.tn\/magazine\/","name":"Flashmode Magazine | Magazine de mode et style de vie Num\u00e9ro un en Tunisie et au Maghreb","description":"Magazine de mode et style de vie Num\u00e9ro un en Tunisie et au Maghreb, cr\u00e9\u00e9 pour les hommes et les femmes : conseils beaut\u00e9, mode femme, mode homme, recettes de cuisine, c\u00e9l\u00e9brit\u00e9s et people, mannequins et top modeles","potentialAction":[{"@type":"SearchAction","target":{"@type":"EntryPoint","urlTemplate":"https:\/\/flashmode.tn\/magazine\/?s={search_term_string}"},"query-input":{"@type":"PropertyValueSpecification","valueRequired":true,"valueName":"search_term_string"}}],"inLanguage":"fr-FR"},{"@type":"Person","@id":"https:\/\/flashmode.tn\/magazine\/#\/schema\/person\/ebeaf8414935b60ba8817ab0babd7fbe","name":"Nora D.","image":{"@type":"ImageObject","inLanguage":"fr-FR","@id":"https:\/\/flashmode.tn\/magazine\/#\/schema\/person\/image\/","url":"https:\/\/secure.gravatar.com\/avatar\/a51d897ddf0a2216affe16e03a39790850922d1b5b29f147f35db7ccb8861eab?s=96&d=mm&r=g","contentUrl":"https:\/\/secure.gravatar.com\/avatar\/a51d897ddf0a2216affe16e03a39790850922d1b5b29f147f35db7ccb8861eab?s=96&d=mm&r=g","caption":"Nora D."},"url":"https:\/\/flashmode.tn\/magazine\/author\/nora-damak\/"}]}},"jetpack_publicize_connections":[],"jetpack_featured_media_url":"","jetpack_shortlink":"https:\/\/wp.me\/p8BPGr-dxK","jetpack_sharing_enabled":true,"_links":{"self":[{"href":"https:\/\/flashmode.tn\/magazine\/wp-json\/wp\/v2\/posts\/52064","targetHints":{"allow":["GET"]}}],"collection":[{"href":"https:\/\/flashmode.tn\/magazine\/wp-json\/wp\/v2\/posts"}],"about":[{"href":"https:\/\/flashmode.tn\/magazine\/wp-json\/wp\/v2\/types\/post"}],"author":[{"embeddable":true,"href":"https:\/\/flashmode.tn\/magazine\/wp-json\/wp\/v2\/users\/2"}],"replies":[{"embeddable":true,"href":"https:\/\/flashmode.tn\/magazine\/wp-json\/wp\/v2\/comments?post=52064"}],"version-history":[{"count":0,"href":"https:\/\/flashmode.tn\/magazine\/wp-json\/wp\/v2\/posts\/52064\/revisions"}],"wp:attachment":[{"href":"https:\/\/flashmode.tn\/magazine\/wp-json\/wp\/v2\/media?parent=52064"}],"wp:term":[{"taxonomy":"category","embeddable":true,"href":"https:\/\/flashmode.tn\/magazine\/wp-json\/wp\/v2\/categories?post=52064"},{"taxonomy":"post_tag","embeddable":true,"href":"https:\/\/flashmode.tn\/magazine\/wp-json\/wp\/v2\/tags?post=52064"}],"curies":[{"name":"wp","href":"https:\/\/api.w.org\/{rel}","templated":true}]}}