{"id":52832,"date":"2021-11-15T19:40:53","date_gmt":"2021-11-15T18:40:53","guid":{"rendered":"https:\/\/flashmode.tn\/magazine\/?p=52832"},"modified":"2021-11-15T19:40:53","modified_gmt":"2021-11-15T18:40:53","slug":"quelle-est-la-meilleure-variete-de-noisetier","status":"publish","type":"post","link":"https:\/\/flashmode.tn\/magazine\/quelle-est-la-meilleure-variete-de-noisetier\/","title":{"rendered":"Quelle est la meilleure vari\u00e9t\u00e9 de noisetier ?"},"content":{"rendered":"<p>Les <b>meilleures vari\u00e9t\u00e9s<\/b><\/p>\n<p> &#8211; &lsquo;Merveille de Bolwiller&rsquo; : <b>vari\u00e9t\u00e9<\/b> traditionnelle, tr\u00e8s r\u00e9sistante au froid, \u00e0 gros fruits ronds et pointus m\u00fbrs en octobre. &#8211; &lsquo;Fertile de Coutard&rsquo; : vigoureuse et productive en climat doux, mais sensible au froid, d&rsquo;excellente qualit\u00e9 gustative, m\u00fbre \u00e0 la mi-septembre.<\/p>\n<p>Ainsi, Pourquoi mes noisetier ne donne pas de noisettes ?<\/p>\n<p>Gel\u00e9es pr\u00e9coces, absence de vent ou arbre isol\u00e9 sont les principales causes de l&rsquo;absence de r\u00e9colte. La floraison, tr\u00e8s discr\u00e8te, de ces arbustes \u00e0 lieu vers la mi-janvier par temps doux mais le plus souvent en f\u00e9vrier.<\/p>\n<p>ensuite Quelles sont les meilleures noisettes ?<\/p>\n<p><b>  Les grosses  <b>   noisettes  <\/b>  fran\u00e7aises <\/b> <\/p>\n<ul>\n<li>   La Fertile de Coutard \u2013 une   <b>    noisette   <\/b>   produite exclusivement dans le Sud-Ouest. &#8230;  <\/li>\n<li>   Corabel \u2013 une qualit\u00e9 gustative excellente, cette vari\u00e9t\u00e9 fait partie de l&rsquo;INRA (Institut national de la recherche gastronomique) &#8230;  <\/li>\n<li>   Ennis \u2013 vari\u00e9t\u00e9 orginaire de la r\u00e9gion de Washington.  <\/li>\n<\/ul>\n<p>Quelles sont les plus grosses noisettes ?<\/p>\n<p>Fruit gris, brun<\/p>\n<p> Le Noisetier Fertile de Coutard <b>est<\/b> une vari\u00e9t\u00e9 vigoureuse, \u00e0 mise \u00e0 fruit rapide, assez rustique et productive. Elle produit parmi les <b>plus grosses noisettes<\/b> en France. Elles <b>sont<\/b> arrondies, leur chair <b>est<\/b> blanc ivoire, ferme, assez parfum\u00e9e.<\/p>\n<div id=\"ez-toc-container\" class=\"ez-toc-v2_0_81 counter-hierarchy ez-toc-counter ez-toc-grey ez-toc-container-direction\">\n<div class=\"ez-toc-title-container\">\n<p class=\"ez-toc-title\" style=\"cursor:inherit\">Contenus de la page<\/p>\n<span class=\"ez-toc-title-toggle\"><a href=\"#\" class=\"ez-toc-pull-right ez-toc-btn ez-toc-btn-xs ez-toc-btn-default ez-toc-toggle\" aria-label=\"Toggle Table of Content\"><span class=\"ez-toc-js-icon-con\"><span class=\"\"><span class=\"eztoc-hide\" style=\"display:none;\">Toggle<\/span><span class=\"ez-toc-icon-toggle-span\"><svg style=\"fill: #999;color:#999\" xmlns=\"http:\/\/www.w3.org\/2000\/svg\" class=\"list-377408\" width=\"20px\" height=\"20px\" viewBox=\"0 0 24 24\" fill=\"none\"><path d=\"M6 6H4v2h2V6zm14 0H8v2h12V6zM4 11h2v2H4v-2zm16 0H8v2h12v-2zM4 16h2v2H4v-2zm16 0H8v2h12v-2z\" fill=\"currentColor\"><\/path><\/svg><svg style=\"fill: #999;color:#999\" class=\"arrow-unsorted-368013\" xmlns=\"http:\/\/www.w3.org\/2000\/svg\" width=\"10px\" height=\"10px\" viewBox=\"0 0 24 24\" version=\"1.2\" baseProfile=\"tiny\"><path d=\"M18.2 9.3l-6.2-6.3-6.2 6.3c-.2.2-.3.4-.3.7s.1.5.3.7c.2.2.4.3.7.3h11c.3 0 .5-.1.7-.3.2-.2.3-.5.3-.7s-.1-.5-.3-.7zM5.8 14.7l6.2 6.3 6.2-6.3c.2-.2.3-.5.3-.7s-.1-.5-.3-.7c-.2-.2-.4-.3-.7-.3h-11c-.3 0-.5.1-.7.3-.2.2-.3.5-.3.7s.1.5.3.7z\"\/><\/svg><\/span><\/span><\/span><\/a><\/span><\/div>\n<nav><ul class='ez-toc-list ez-toc-list-level-1 ' ><li class='ez-toc-page-1 ez-toc-heading-level-2'><a class=\"ez-toc-link ez-toc-heading-1\" href=\"https:\/\/flashmode.tn\/magazine\/quelle-est-la-meilleure-variete-de-noisetier\/#Quelle_periode_pour_planter_un_noisetier\" >Quelle p\u00e9riode pour planter un noisetier ?<\/a><\/li><li class='ez-toc-page-1 ez-toc-heading-level-2'><a class=\"ez-toc-link ez-toc-heading-2\" href=\"https:\/\/flashmode.tn\/magazine\/quelle-est-la-meilleure-variete-de-noisetier\/#Comment_soigner_un_noisetier_malade\" >Comment soigner un noisetier malade ?<\/a><\/li><li class='ez-toc-page-1 ez-toc-heading-level-2'><a class=\"ez-toc-link ez-toc-heading-3\" href=\"https:\/\/flashmode.tn\/magazine\/quelle-est-la-meilleure-variete-de-noisetier\/#Est-ce_quun_noisetier_se_taille\" >Est-ce qu&rsquo;un noisetier se taille ?<\/a><\/li><li class='ez-toc-page-1 ez-toc-heading-level-2'><a class=\"ez-toc-link ez-toc-heading-4\" href=\"https:\/\/flashmode.tn\/magazine\/quelle-est-la-meilleure-variete-de-noisetier\/#Pourquoi_les_noisettes_tombent_avant_maturite\" >Pourquoi les noisettes tombent avant maturit\u00e9 ?<\/a><\/li><li class='ez-toc-page-1 ez-toc-heading-level-2'><a class=\"ez-toc-link ez-toc-heading-5\" href=\"https:\/\/flashmode.tn\/magazine\/quelle-est-la-meilleure-variete-de-noisetier\/#Ou_trouver_les_meilleures_noisettes\" >O\u00f9 trouver les meilleures noisettes ?<\/a><\/li><li class='ez-toc-page-1 ez-toc-heading-level-2'><a class=\"ez-toc-link ez-toc-heading-6\" href=\"https:\/\/flashmode.tn\/magazine\/quelle-est-la-meilleure-variete-de-noisetier\/#Est-ce_que_toutes_les_noisettes_sont_comestibles\" >Est-ce que toutes les noisettes sont comestibles ?<\/a><\/li><li class='ez-toc-page-1 ez-toc-heading-level-2'><a class=\"ez-toc-link ez-toc-heading-7\" href=\"https:\/\/flashmode.tn\/magazine\/quelle-est-la-meilleure-variete-de-noisetier\/#Comment_sappelle_lenveloppe_de_la_noisette\" >Comment s&rsquo;appelle l&rsquo;enveloppe de la noisette ?<\/a><\/li><li class='ez-toc-page-1 ez-toc-heading-level-2'><a class=\"ez-toc-link ez-toc-heading-8\" href=\"https:\/\/flashmode.tn\/magazine\/quelle-est-la-meilleure-variete-de-noisetier\/#Quest-ce_qui_pousse_sous_un_noisetier\" >Qu&rsquo;est-ce qui pousse sous un noisetier ?<\/a><\/li><li class='ez-toc-page-1 ez-toc-heading-level-2'><a class=\"ez-toc-link ez-toc-heading-9\" href=\"https:\/\/flashmode.tn\/magazine\/quelle-est-la-meilleure-variete-de-noisetier\/#Ou_planter_un_noisetier_dans_le_jardin\" >O\u00f9 planter un noisetier dans le jardin ?<\/a><\/li><li class='ez-toc-page-1 ez-toc-heading-level-2'><a class=\"ez-toc-link ez-toc-heading-10\" href=\"https:\/\/flashmode.tn\/magazine\/quelle-est-la-meilleure-variete-de-noisetier\/#Quel_noisetier_en_Bretagne\" >Quel noisetier en Bretagne ?<\/a><\/li><li class='ez-toc-page-1 ez-toc-heading-level-2'><a class=\"ez-toc-link ez-toc-heading-11\" href=\"https:\/\/flashmode.tn\/magazine\/quelle-est-la-meilleure-variete-de-noisetier\/#Quelle_hauteur_pour_un_noisetier\" >Quelle hauteur pour un noisetier ?<\/a><\/li><li class='ez-toc-page-1 ez-toc-heading-level-2'><a class=\"ez-toc-link ez-toc-heading-12\" href=\"https:\/\/flashmode.tn\/magazine\/quelle-est-la-meilleure-variete-de-noisetier\/#Comment_planter_une_branche_de_noisetier\" >Comment planter une branche de noisetier ?<\/a><\/li><li class='ez-toc-page-1 ez-toc-heading-level-2'><a class=\"ez-toc-link ez-toc-heading-13\" href=\"https:\/\/flashmode.tn\/magazine\/quelle-est-la-meilleure-variete-de-noisetier\/#Quelles_sont_les_maladies_du_noisetier\" >Quelles sont les maladies du noisetier ?<\/a><\/li><li class='ez-toc-page-1 ez-toc-heading-level-2'><a class=\"ez-toc-link ez-toc-heading-14\" href=\"https:\/\/flashmode.tn\/magazine\/quelle-est-la-meilleure-variete-de-noisetier\/#Pourquoi_les_feuilles_du_noisetier_jaunissent\" >Pourquoi les feuilles du noisetier jaunissent ?<\/a><\/li><li class='ez-toc-page-1 ez-toc-heading-level-2'><a class=\"ez-toc-link ez-toc-heading-15\" href=\"https:\/\/flashmode.tn\/magazine\/quelle-est-la-meilleure-variete-de-noisetier\/#Quel_sol_pour_noisetier\" >Quel sol pour noisetier ?<\/a><\/li><li class='ez-toc-page-1 ez-toc-heading-level-2'><a class=\"ez-toc-link ez-toc-heading-16\" href=\"https:\/\/flashmode.tn\/magazine\/quelle-est-la-meilleure-variete-de-noisetier\/#Comment_tailler_un_noisetier_adulte\" >Comment tailler un noisetier adulte ?<\/a><\/li><li class='ez-toc-page-1 ez-toc-heading-level-2'><a class=\"ez-toc-link ez-toc-heading-17\" href=\"https:\/\/flashmode.tn\/magazine\/quelle-est-la-meilleure-variete-de-noisetier\/#Quand_et_comment_tailler_un_noisetier_tortueux\" >Quand et comment tailler un noisetier tortueux ?<\/a><\/li><li class='ez-toc-page-1 ez-toc-heading-level-2'><a class=\"ez-toc-link ez-toc-heading-18\" href=\"https:\/\/flashmode.tn\/magazine\/quelle-est-la-meilleure-variete-de-noisetier\/#Quand_et_comment_planter_un_noisetier\" >Quand et comment planter un noisetier ?<\/a><\/li><li class='ez-toc-page-1 ez-toc-heading-level-2'><a class=\"ez-toc-link ez-toc-heading-19\" href=\"https:\/\/flashmode.tn\/magazine\/quelle-est-la-meilleure-variete-de-noisetier\/#Pourquoi_mes_noix_tombent_avant_maturite\" >Pourquoi mes noix tombent avant maturit\u00e9 ?<\/a><\/li><li class='ez-toc-page-1 ez-toc-heading-level-2'><a class=\"ez-toc-link ez-toc-heading-20\" href=\"https:\/\/flashmode.tn\/magazine\/quelle-est-la-meilleure-variete-de-noisetier\/#Pourquoi_les_noisettes_sont_vides\" >Pourquoi les noisettes sont vides ?<\/a><\/li><li class='ez-toc-page-1 ez-toc-heading-level-2'><a class=\"ez-toc-link ez-toc-heading-21\" href=\"https:\/\/flashmode.tn\/magazine\/quelle-est-la-meilleure-variete-de-noisetier\/#Comment_conserver_noix_et_noisettes\" >Comment conserver noix et noisettes ?<\/a><\/li><\/ul><\/nav><\/div>\n<h2><span class=\"ez-toc-section\" id=\"Quelle_periode_pour_planter_un_noisetier\"><\/span>Quelle p\u00e9riode pour planter un noisetier ?<span class=\"ez-toc-section-end\"><\/span><\/h2>\n<p>La <b>p\u00e9riode<\/b> id\u00e9ale <b>pour planter<\/b> votre <b>noisetier<\/b> est l&rsquo;automne.<\/p>\n<h2><span class=\"ez-toc-section\" id=\"Comment_soigner_un_noisetier_malade\"><\/span><strong>Comment soigner un noisetier malade ?<\/strong><span class=\"ez-toc-section-end\"><\/span><\/h2>\n<p>Griffez souvent et arroser avec un purin d&rsquo;ortie en hiver pour faire remonter les larves cach\u00e9es dans les racines \u00e0 la surface du sol. Elles seront ainsi d\u00e9truites par le froid ou les pr\u00e9dateurs. Couper les rameaux atteints. Une pulv\u00e9risation de souffre avant que les bourgeons n&rsquo;\u00e9closent peu r\u00e9duire l&rsquo;attaque.<\/p>\n<h2><span class=\"ez-toc-section\" id=\"Est-ce_quun_noisetier_se_taille\"><\/span><strong>Est-ce qu&rsquo;un noisetier se taille ?<\/strong><span class=\"ez-toc-section-end\"><\/span><\/h2>\n<p>La <b>taille<\/b> des <b>noisetiers<\/b> s&rsquo;effectue en hiver, lorsque l&rsquo;arbre <b>est<\/b> en repos v\u00e9g\u00e9tatif. En r\u00e8gle g\u00e9n\u00e9rale, on ne <b>taille<\/b> pas ses arbres fruitiers en dessous de 0\u00b0c, vous pouvez donc attendre f\u00e9vrier-mars pour vos travaux et ainsi profiter de la floraison qui vous facilitera le travail.<\/p>\n<h2><span class=\"ez-toc-section\" id=\"Pourquoi_les_noisettes_tombent_avant_maturite\"><\/span><strong>Pourquoi les noisettes tombent avant maturit\u00e9 ?<\/strong><span class=\"ez-toc-section-end\"><\/span><\/h2>\n<p>Si vous avez un noisetier dans votre jardin ou si vous vous baladez dans la campagne en lisi\u00e8re de bois, vous allez remarquer, d\u00e8s le mois d&rsquo;ao\u00fbt, que des <b>noisettes tombent<\/b> et jonchent le sol sous l&rsquo;arbre : c&rsquo;est le signe qu&rsquo;elles sont m\u00fbres car elles se d\u00e9tachent facilement et ont pris une couleur marron &#8230;<\/p>\n<h2><span class=\"ez-toc-section\" id=\"Ou_trouver_les_meilleures_noisettes\"><\/span><strong>O\u00f9 trouver les meilleures noisettes ?<\/strong><span class=\"ez-toc-section-end\"><\/span><\/h2>\n<p>Mais la <b>noisette<\/b> a sa petit botte secr\u00e8te: la zone du Consorzio Langarola Classica, le coeur de la <b>noisette<\/b> delle Alte Langhe. En rouge, les Alte Langhe, en vert: la zone de production des <b>meilleures noisettes<\/b> du monde\u2026<\/p>\n<h2><span class=\"ez-toc-section\" id=\"Est-ce_que_toutes_les_noisettes_sont_comestibles\"><\/span><strong>Est-ce que toutes les noisettes sont comestibles ?<\/strong><span class=\"ez-toc-section-end\"><\/span><\/h2>\n<p>Cela permet de maximiser la diversit\u00e9 g\u00e9n\u00e9tique. \u2013 Les <b>noisettes<\/b> produites par le noisetier tortueux <b>sont comestibles<\/b>, ce qui n&rsquo;<b>est<\/b> pas le cas de <b>toutes<\/b> les esp\u00e8ces cultiv\u00e9es. La <b>noisette est<\/b> tr\u00e8s \u00e9nerg\u00e9tique, et <b>est<\/b> donc tr\u00e8s appr\u00e9ci\u00e9e des sportifs. Mais c&rsquo;<b>est<\/b> surtout en confiserie qu&rsquo;elle <b>est<\/b> utilis\u00e9e.<\/p>\n<h2><span class=\"ez-toc-section\" id=\"Comment_sappelle_lenveloppe_de_la_noisette\"><\/span><strong>Comment s&rsquo;appelle l&rsquo;enveloppe de la noisette ?<\/strong><span class=\"ez-toc-section-end\"><\/span><\/h2>\n<p>Cet ak\u00e8ne est appel\u00e9 botaniquement un nucule. Le p\u00e9ricarpe provient de la scl\u00e9rification d&rsquo;une seule loge de l&rsquo;ovaire, l&rsquo;autre ayant avort\u00e9. Il constitue la coque appel\u00e9e quelquefois, par erreur, \u00ab \u00e9cale \u00bb. Ce nucule renferme une seule graine (l&rsquo;amande) qui occupe normalement toute la cavit\u00e9 interne du p\u00e9ricarpe.<\/p>\n<h2><span class=\"ez-toc-section\" id=\"Quest-ce_qui_pousse_sous_un_noisetier\"><\/span><strong>Qu&rsquo;est-ce qui pousse sous un noisetier ?<\/strong><span class=\"ez-toc-section-end\"><\/span><\/h2>\n<p>Le biotope recompos\u00e9 sur la base du biotope du <b>Noisetier<\/b>, semi-sauvage semi-cultiv\u00e9, <b>est<\/b> particuli\u00e8rement propice \u00e0 accueillir les esp\u00e8ces suivantes: les tilleuls, les cerisiers, les sorbiers, les pruniers, les pommiers, les viornes, les <b>noisetiers<\/b>, les ch\u00e8vrefeuilles, les kiwis, les vignes, les concombres, les rosiers &#8230;<\/p>\n<h2><span class=\"ez-toc-section\" id=\"Ou_planter_un_noisetier_dans_le_jardin\"><\/span><strong>O\u00f9 planter un noisetier dans le jardin ?<\/strong><span class=\"ez-toc-section-end\"><\/span><\/h2>\n<p>Installez-les dans un coin du <b>jardin<\/b> abrit\u00e9 des gel\u00e9es qui compromettent parfois leur floraison qui se produit en janvier et f\u00e9vrier. Le <b>noisetier<\/b> fleurit au coeur de l&rsquo;hiver.<\/p>\n<h2><span class=\"ez-toc-section\" id=\"Quel_noisetier_en_Bretagne\"><\/span><strong>Quel noisetier en Bretagne ?<\/strong><span class=\"ez-toc-section-end\"><\/span><\/h2>\n<p>CORYLUS avellana &#8211; <b>Noisetier<\/b> commun &#8211; Coudrier &#8211; p\u00e9pini\u00e8res Lepage <b>Bretagne<\/b> Bord de mer.<\/p>\n<h2><span class=\"ez-toc-section\" id=\"Quelle_hauteur_pour_un_noisetier\"><\/span><strong>Quelle hauteur pour un noisetier ?<\/strong><span class=\"ez-toc-section-end\"><\/span><\/h2>\n<p>Les <b>noisetiers<\/b> sont des arbustes buissonnants qui drageonnent facilement formant naturellement une c\u00e9p\u00e9e, c&rsquo;est-\u00e0-dire une touffe constitu\u00e9e de tiges peu ramifi\u00e9es tr\u00e8s droites de 2 \u00e0 6 m de haut. Une taille r\u00e9guli\u00e8re va permettre <b>d<\/b>&lsquo;am\u00e9liorer la r\u00e9colte.<\/p>\n<h2><span class=\"ez-toc-section\" id=\"Comment_planter_une_branche_de_noisetier\"><\/span><strong>Comment planter une branche de noisetier ?<\/strong><span class=\"ez-toc-section-end\"><\/span><\/h2>\n<p>Tremper la base dans de la poudre d&rsquo;hormone de bouturage. Creuser une tranch\u00e9e de 25 cm de profondeur dans un lieu abrit\u00e9 et ombrag\u00e9 du jardin. Installer les boutures \u00e0 l&rsquo;int\u00e9rieur de cette tranch\u00e9e pour ne laisser que deux yeux d\u00e9passer du sol. Combler avec un m\u00e9lange de tourbe et de sable.<\/p>\n<h2><span class=\"ez-toc-section\" id=\"Quelles_sont_les_maladies_du_noisetier\"><\/span><strong>Quelles sont les maladies du noisetier ?<\/strong><span class=\"ez-toc-section-end\"><\/span><\/h2>\n<p><b>  Les  <b>   maladies du noisetier  <\/b>  dues \u00e0 des champignons <\/b> <\/p>\n<ul>\n<li>   Anthracnose. Parmi les   <b>    maladies du Noisetier   <\/b>   , c&rsquo;   <b>    est   <\/b>   une des plus courantes et elle   <b>    est   <\/b>   due au champignon Sphaceloma coryli. &#8230;  <\/li>\n<li>   Moniliose. &#8230;  <\/li>\n<li>   Oidium. &#8230;  <\/li>\n<li>   Pourriture grise des noisettes. &#8230;  <\/li>\n<li>   Le balanin. &#8230;  <\/li>\n<li>   Puceron vert. &#8230;  <\/li>\n<li>   Phytopte du   <b>    noisetier   <\/b>   . &#8230;  <\/li>\n<li>   Punaise de noisettes.  <\/li>\n<\/ul>\n<h2><span class=\"ez-toc-section\" id=\"Pourquoi_les_feuilles_du_noisetier_jaunissent\"><\/span><strong>Pourquoi les feuilles du noisetier jaunissent ?<\/strong><span class=\"ez-toc-section-end\"><\/span><\/h2>\n<p>Le <b>jaunissement<\/b> des <b>feuilles<\/b> t\u00e9moigne de la pr\u00e9sence d&rsquo;un ph\u00e9nom\u00e8ne appel\u00e9 la chlorose, et c&rsquo;est dans la majorit\u00e9 des cas en fin d&rsquo;\u00e9t\u00e9 qu&rsquo;il peut \u00eatre rep\u00e9r\u00e9. &#8230; La chlorophylle dispara\u00eet peu \u00e0 peu, et les <b>feuilles<\/b> \u2013 jusqu&rsquo;alors bien vertes \u2013 deviennent blanc jaun\u00e2tre.<\/p>\n<h2><span class=\"ez-toc-section\" id=\"Quel_sol_pour_noisetier\"><\/span><strong>Quel sol pour noisetier ?<\/strong><span class=\"ez-toc-section-end\"><\/span><\/h2>\n<p><b>Sol<\/b> et exposition id\u00e9als <b>pour<\/b> planter un <b>noisetier<\/b> au jardin<\/p>\n<p> Un <b>sol<\/b> frais et l\u00e9ger lui conviendra. Le <b>noisetier<\/b> aime le soleil, pr\u00e9f\u00e9rez-lui donc un emplacement d\u00e9gag\u00e9, o\u00f9 il pourra profiter d&rsquo;un maximum <b>de<\/b> lumi\u00e8re, tout en \u00e9tant prot\u00e9g\u00e9 du vent.<\/p>\n<h2><span class=\"ez-toc-section\" id=\"Comment_tailler_un_noisetier_adulte\"><\/span><strong>Comment tailler un noisetier adulte ?<\/strong><span class=\"ez-toc-section-end\"><\/span><\/h2>\n<p>Il faut retirer une branche sur les deux imp\u00e9rativement. Il est pr\u00e9f\u00e9rable de condamner celle qui va vers le bas et qui g\u00e8ne. On scie les plus grosses, toujours en deux fois, pour \u00e9viter une d\u00e9chirure. On <b>taille<\/b> aussi les petites branches au s\u00e9cateur \u00e0 l&rsquo;int\u00e9rieur de l&rsquo;arbre pour bien a\u00e9rer le <b>noisetier<\/b>.<\/p>\n<h2><span class=\"ez-toc-section\" id=\"Quand_et_comment_tailler_un_noisetier_tortueux\"><\/span><strong>Quand et comment tailler un noisetier tortueux ?<\/strong><span class=\"ez-toc-section-end\"><\/span><\/h2>\n<p>Concernant sa <b>taille<\/b>, elle peut \u00eatre effectu\u00e9e en mars, mois id\u00e9al. Cet \u00e9lagage permettra de lui pr\u00e9server une forme tr\u00e8s compacte et aussi de contr\u00f4ler son expansion. Le modelage de votre <b>noisetier<\/b> devra \u00eatre parfait, vous aurez ainsi \u00e0 supprimer 15 centim\u00e8tres au niveau des extr\u00e9mit\u00e9s des branches.<\/p>\n<h2><span class=\"ez-toc-section\" id=\"Quand_et_comment_planter_un_noisetier\"><\/span><strong>Quand et comment planter un noisetier ?<\/strong><span class=\"ez-toc-section-end\"><\/span><\/h2>\n<p>La p\u00e9riode id\u00e9ale pour <b>planter<\/b> votre <b>noisetier<\/b> est l&rsquo;automne.<\/p>\n<h2><span class=\"ez-toc-section\" id=\"Pourquoi_mes_noix_tombent_avant_maturite\"><\/span><strong>Pourquoi mes noix tombent avant maturit\u00e9 ?<\/strong><span class=\"ez-toc-section-end\"><\/span><\/h2>\n<p>Les jeunes larves s&rsquo;alimentent du brou de la <b>noix<\/b>. &#8230; Si l&rsquo;attaque est pr\u00e9coce (mi-ao\u00fbt), la <b>noix<\/b> piqu\u00e9e chutera <b>avant<\/b> la r\u00e9colte. Si l&rsquo;attaque est plus tardive, le brou d\u00e9t\u00e9rior\u00e9 laisse <b>des<\/b> marques noires sur la coque de la <b>noix<\/b>. La perte de r\u00e9coltes caus\u00e9e par la larve de cette mouche peut r\u00e9duire la production \u00e0 n\u00e9ant.<\/p>\n<h2><span class=\"ez-toc-section\" id=\"Pourquoi_les_noisettes_sont_vides\"><\/span><strong>Pourquoi les noisettes sont vides ?<\/strong><span class=\"ez-toc-section-end\"><\/span><\/h2>\n<p>Le balanin des <b>noisettes<\/b> est un petit col\u00e9opt\u00e8re brun (6 \u00e0 8 mm de long) de la famille des charan\u00e7ons. &#8230; Le probl\u00e8me, c&rsquo;est surtout la femelle du balanin. C&rsquo;est elle qui fore les jeunes <b>noisettes<\/b> pour d\u00e9poser ses \u0153ufs \u00e0 l&rsquo;int\u00e9rieur.<\/p>\n<h2><span class=\"ez-toc-section\" id=\"Comment_conserver_noix_et_noisettes\"><\/span><strong>Comment conserver noix et noisettes ?<\/strong><span class=\"ez-toc-section-end\"><\/span><\/h2>\n<p>Une fois les <b>noix<\/b> d\u00e9barrass\u00e9es du brou, brossez les coquilles avec une brosse \u00e0 poils dur. Stockez-les dans un local frais, obscur et sec sur des clayettes ou dans des cagettes en bois ou en plastique. Veillez \u00e0 assurer une bonne ventilation et brassez-les souvent. Ne les entassez pas, au risque de les voir pourrir.<\/p>\n<hr \/>\n<p><em>Editeurs: 27 &#8211; R\u00e9f\u00e9rences: 28 articles<\/em><\/p>\n<p><em>N\u2019oubliez pas de partager l\u2019article !<\/em><\/p>\n","protected":false},"excerpt":{"rendered":"<p>Les meilleures vari\u00e9t\u00e9s &#8211; &lsquo;Merveille de Bolwiller&rsquo; : vari\u00e9t\u00e9 traditionnelle, tr\u00e8s r\u00e9sistante au froid, \u00e0 gros fruits ronds et pointus m\u00fbrs en octobre. &#8211; &lsquo;Fertile de Coutard&rsquo; : vigoureuse et productive en climat doux, mais sensible au froid, d&rsquo;excellente qualit\u00e9 gustative, m\u00fbre \u00e0 la mi-septembre. Ainsi, Pourquoi mes noisetier ne donne pas de noisettes ? [&hellip;]<\/p>\n","protected":false},"author":6,"featured_media":0,"comment_status":"open","ping_status":"open","sticky":false,"template":"","format":"standard","meta":{"tdm_status":"","tdm_grid_status":"","_jetpack_memberships_contains_paid_content":false,"footnotes":"","jetpack_publicize_message":"","jetpack_publicize_feature_enabled":true,"jetpack_social_post_already_shared":true,"jetpack_social_options":{"image_generator_settings":{"template":"highway","default_image_id":0,"font":"","enabled":false},"version":2}},"categories":[3457],"tags":[],"class_list":["post-52832","post","type-post","status-publish","format-standard","hentry","category-maison"],"yoast_head":"<!-- This site is optimized with the Yoast SEO Premium plugin v25.0 (Yoast SEO v25.0) - https:\/\/yoast.com\/wordpress\/plugins\/seo\/ -->\n<title>Quelle est la meilleure vari\u00e9t\u00e9 de noisetier ?<\/title>\n<meta name=\"description\" content=\"Les meilleures vari\u00e9t\u00e9s - &#039;Merveille de Bolwiller&#039; : vari\u00e9t\u00e9 traditionnelle, tr\u00e8s r\u00e9sistante au froid, \u00e0 gros fruits ronds et pointus m\u00fbrs en octobre. -\" \/>\n<meta name=\"robots\" content=\"index, follow, max-snippet:-1, max-image-preview:large, max-video-preview:-1\" \/>\n<link rel=\"canonical\" href=\"https:\/\/flashmode.tn\/magazine\/quelle-est-la-meilleure-variete-de-noisetier\/\" \/>\n<meta property=\"og:locale\" content=\"fr_FR\" \/>\n<meta property=\"og:type\" content=\"article\" \/>\n<meta property=\"og:title\" content=\"Quelle est la meilleure vari\u00e9t\u00e9 de noisetier ? - Flashmode Magazine | Magazine de mode et style de vie Num\u00e9ro un en Tunisie et au Maghreb\" \/>\n<meta property=\"og:description\" content=\"Les meilleures vari\u00e9t\u00e9s - &#039;Merveille de Bolwiller&#039; : vari\u00e9t\u00e9 traditionnelle, tr\u00e8s r\u00e9sistante au froid, \u00e0 gros fruits ronds et pointus m\u00fbrs en octobre. -\" \/>\n<meta property=\"og:url\" content=\"https:\/\/flashmode.tn\/magazine\/quelle-est-la-meilleure-variete-de-noisetier\/\" \/>\n<meta property=\"og:site_name\" content=\"Flashmode Magazine | Magazine de mode et style de vie Num\u00e9ro un en Tunisie et au Maghreb\" \/>\n<meta property=\"article:publisher\" content=\"https:\/\/www.facebook.com\/flashmode.magazine\/\" \/>\n<meta property=\"article:published_time\" content=\"2021-11-15T18:40:53+00:00\" \/>\n<meta name=\"author\" content=\"EventsEditors\" \/>\n<meta name=\"twitter:card\" content=\"summary_large_image\" \/>\n<meta name=\"twitter:creator\" content=\"@agenceflashmode\" \/>\n<meta name=\"twitter:site\" content=\"@agenceflashmode\" \/>\n<meta name=\"twitter:label1\" content=\"\u00c9crit par\" \/>\n\t<meta name=\"twitter:data1\" content=\"EventsEditors\" \/>\n\t<meta name=\"twitter:label2\" content=\"Dur\u00e9e de lecture estim\u00e9e\" \/>\n\t<meta name=\"twitter:data2\" content=\"6 minutes\" \/>\n<script type=\"application\/ld+json\" class=\"yoast-schema-graph\">{\"@context\":\"https:\/\/schema.org\",\"@graph\":[{\"@type\":\"WebPage\",\"@id\":\"https:\/\/flashmode.tn\/magazine\/quelle-est-la-meilleure-variete-de-noisetier\/\",\"url\":\"https:\/\/flashmode.tn\/magazine\/quelle-est-la-meilleure-variete-de-noisetier\/\",\"name\":\"Quelle est la meilleure vari\u00e9t\u00e9 de noisetier ?\",\"isPartOf\":{\"@id\":\"https:\/\/flashmode.tn\/magazine\/#website\"},\"datePublished\":\"2021-11-15T18:40:53+00:00\",\"author\":{\"@id\":\"https:\/\/flashmode.tn\/magazine\/#\/schema\/person\/257d6780605b915a5e352977f0f6f41c\"},\"description\":\"Les meilleures vari\u00e9t\u00e9s - 'Merveille de Bolwiller' : vari\u00e9t\u00e9 traditionnelle, tr\u00e8s r\u00e9sistante au froid, \u00e0 gros fruits ronds et pointus m\u00fbrs en octobre. -\",\"breadcrumb\":{\"@id\":\"https:\/\/flashmode.tn\/magazine\/quelle-est-la-meilleure-variete-de-noisetier\/#breadcrumb\"},\"inLanguage\":\"fr-FR\",\"potentialAction\":[{\"@type\":\"ReadAction\",\"target\":[\"https:\/\/flashmode.tn\/magazine\/quelle-est-la-meilleure-variete-de-noisetier\/\"]}]},{\"@type\":\"BreadcrumbList\",\"@id\":\"https:\/\/flashmode.tn\/magazine\/quelle-est-la-meilleure-variete-de-noisetier\/#breadcrumb\",\"itemListElement\":[{\"@type\":\"ListItem\",\"position\":1,\"name\":\"Accueil\",\"item\":\"https:\/\/flashmode.tn\/magazine\/\"},{\"@type\":\"ListItem\",\"position\":2,\"name\":\"Quelle est la meilleure vari\u00e9t\u00e9 de noisetier ?\"}]},{\"@type\":\"WebSite\",\"@id\":\"https:\/\/flashmode.tn\/magazine\/#website\",\"url\":\"https:\/\/flashmode.tn\/magazine\/\",\"name\":\"Flashmode Magazine | Magazine de mode et style de vie Num\u00e9ro un en Tunisie et au Maghreb\",\"description\":\"Magazine de mode et style de vie Num\u00e9ro un en Tunisie et au Maghreb, cr\u00e9\u00e9 pour les hommes et les femmes : conseils beaut\u00e9, mode femme, mode homme, recettes de cuisine, c\u00e9l\u00e9brit\u00e9s et people, mannequins et top modeles\",\"potentialAction\":[{\"@type\":\"SearchAction\",\"target\":{\"@type\":\"EntryPoint\",\"urlTemplate\":\"https:\/\/flashmode.tn\/magazine\/?s={search_term_string}\"},\"query-input\":{\"@type\":\"PropertyValueSpecification\",\"valueRequired\":true,\"valueName\":\"search_term_string\"}}],\"inLanguage\":\"fr-FR\"},{\"@type\":\"Person\",\"@id\":\"https:\/\/flashmode.tn\/magazine\/#\/schema\/person\/257d6780605b915a5e352977f0f6f41c\",\"name\":\"EventsEditors\",\"image\":{\"@type\":\"ImageObject\",\"inLanguage\":\"fr-FR\",\"@id\":\"https:\/\/flashmode.tn\/magazine\/#\/schema\/person\/image\/\",\"url\":\"https:\/\/secure.gravatar.com\/avatar\/e2daedf958f66be37c9a79abe56184d85cd1baa6bba0dd8017e3f7d01555232f?s=96&d=mm&r=g\",\"contentUrl\":\"https:\/\/secure.gravatar.com\/avatar\/e2daedf958f66be37c9a79abe56184d85cd1baa6bba0dd8017e3f7d01555232f?s=96&d=mm&r=g\",\"caption\":\"EventsEditors\"},\"url\":\"https:\/\/flashmode.tn\/magazine\/author\/eventseditors\/\"}]}<\/script>\n<!-- \/ Yoast SEO Premium plugin. -->","yoast_head_json":{"title":"Quelle est la meilleure vari\u00e9t\u00e9 de noisetier ?","description":"Les meilleures vari\u00e9t\u00e9s - 'Merveille de Bolwiller' : vari\u00e9t\u00e9 traditionnelle, tr\u00e8s r\u00e9sistante au froid, \u00e0 gros fruits ronds et pointus m\u00fbrs en octobre. -","robots":{"index":"index","follow":"follow","max-snippet":"max-snippet:-1","max-image-preview":"max-image-preview:large","max-video-preview":"max-video-preview:-1"},"canonical":"https:\/\/flashmode.tn\/magazine\/quelle-est-la-meilleure-variete-de-noisetier\/","og_locale":"fr_FR","og_type":"article","og_title":"Quelle est la meilleure vari\u00e9t\u00e9 de noisetier ? - Flashmode Magazine | Magazine de mode et style de vie Num\u00e9ro un en Tunisie et au Maghreb","og_description":"Les meilleures vari\u00e9t\u00e9s - 'Merveille de Bolwiller' : vari\u00e9t\u00e9 traditionnelle, tr\u00e8s r\u00e9sistante au froid, \u00e0 gros fruits ronds et pointus m\u00fbrs en octobre. -","og_url":"https:\/\/flashmode.tn\/magazine\/quelle-est-la-meilleure-variete-de-noisetier\/","og_site_name":"Flashmode Magazine | Magazine de mode et style de vie Num\u00e9ro un en Tunisie et au Maghreb","article_publisher":"https:\/\/www.facebook.com\/flashmode.magazine\/","article_published_time":"2021-11-15T18:40:53+00:00","author":"EventsEditors","twitter_card":"summary_large_image","twitter_creator":"@agenceflashmode","twitter_site":"@agenceflashmode","twitter_misc":{"\u00c9crit par":"EventsEditors","Dur\u00e9e de lecture estim\u00e9e":"6 minutes"},"schema":{"@context":"https:\/\/schema.org","@graph":[{"@type":"WebPage","@id":"https:\/\/flashmode.tn\/magazine\/quelle-est-la-meilleure-variete-de-noisetier\/","url":"https:\/\/flashmode.tn\/magazine\/quelle-est-la-meilleure-variete-de-noisetier\/","name":"Quelle est la meilleure vari\u00e9t\u00e9 de noisetier ?","isPartOf":{"@id":"https:\/\/flashmode.tn\/magazine\/#website"},"datePublished":"2021-11-15T18:40:53+00:00","author":{"@id":"https:\/\/flashmode.tn\/magazine\/#\/schema\/person\/257d6780605b915a5e352977f0f6f41c"},"description":"Les meilleures vari\u00e9t\u00e9s - 'Merveille de Bolwiller' : vari\u00e9t\u00e9 traditionnelle, tr\u00e8s r\u00e9sistante au froid, \u00e0 gros fruits ronds et pointus m\u00fbrs en octobre. -","breadcrumb":{"@id":"https:\/\/flashmode.tn\/magazine\/quelle-est-la-meilleure-variete-de-noisetier\/#breadcrumb"},"inLanguage":"fr-FR","potentialAction":[{"@type":"ReadAction","target":["https:\/\/flashmode.tn\/magazine\/quelle-est-la-meilleure-variete-de-noisetier\/"]}]},{"@type":"BreadcrumbList","@id":"https:\/\/flashmode.tn\/magazine\/quelle-est-la-meilleure-variete-de-noisetier\/#breadcrumb","itemListElement":[{"@type":"ListItem","position":1,"name":"Accueil","item":"https:\/\/flashmode.tn\/magazine\/"},{"@type":"ListItem","position":2,"name":"Quelle est la meilleure vari\u00e9t\u00e9 de noisetier ?"}]},{"@type":"WebSite","@id":"https:\/\/flashmode.tn\/magazine\/#website","url":"https:\/\/flashmode.tn\/magazine\/","name":"Flashmode Magazine | Magazine de mode et style de vie Num\u00e9ro un en Tunisie et au Maghreb","description":"Magazine de mode et style de vie Num\u00e9ro un en Tunisie et au Maghreb, cr\u00e9\u00e9 pour les hommes et les femmes : conseils beaut\u00e9, mode femme, mode homme, recettes de cuisine, c\u00e9l\u00e9brit\u00e9s et people, mannequins et top modeles","potentialAction":[{"@type":"SearchAction","target":{"@type":"EntryPoint","urlTemplate":"https:\/\/flashmode.tn\/magazine\/?s={search_term_string}"},"query-input":{"@type":"PropertyValueSpecification","valueRequired":true,"valueName":"search_term_string"}}],"inLanguage":"fr-FR"},{"@type":"Person","@id":"https:\/\/flashmode.tn\/magazine\/#\/schema\/person\/257d6780605b915a5e352977f0f6f41c","name":"EventsEditors","image":{"@type":"ImageObject","inLanguage":"fr-FR","@id":"https:\/\/flashmode.tn\/magazine\/#\/schema\/person\/image\/","url":"https:\/\/secure.gravatar.com\/avatar\/e2daedf958f66be37c9a79abe56184d85cd1baa6bba0dd8017e3f7d01555232f?s=96&d=mm&r=g","contentUrl":"https:\/\/secure.gravatar.com\/avatar\/e2daedf958f66be37c9a79abe56184d85cd1baa6bba0dd8017e3f7d01555232f?s=96&d=mm&r=g","caption":"EventsEditors"},"url":"https:\/\/flashmode.tn\/magazine\/author\/eventseditors\/"}]}},"jetpack_publicize_connections":[],"jetpack_featured_media_url":"","jetpack_shortlink":"https:\/\/wp.me\/p8BPGr-dK8","jetpack_sharing_enabled":true,"_links":{"self":[{"href":"https:\/\/flashmode.tn\/magazine\/wp-json\/wp\/v2\/posts\/52832","targetHints":{"allow":["GET"]}}],"collection":[{"href":"https:\/\/flashmode.tn\/magazine\/wp-json\/wp\/v2\/posts"}],"about":[{"href":"https:\/\/flashmode.tn\/magazine\/wp-json\/wp\/v2\/types\/post"}],"author":[{"embeddable":true,"href":"https:\/\/flashmode.tn\/magazine\/wp-json\/wp\/v2\/users\/6"}],"replies":[{"embeddable":true,"href":"https:\/\/flashmode.tn\/magazine\/wp-json\/wp\/v2\/comments?post=52832"}],"version-history":[{"count":0,"href":"https:\/\/flashmode.tn\/magazine\/wp-json\/wp\/v2\/posts\/52832\/revisions"}],"wp:attachment":[{"href":"https:\/\/flashmode.tn\/magazine\/wp-json\/wp\/v2\/media?parent=52832"}],"wp:term":[{"taxonomy":"category","embeddable":true,"href":"https:\/\/flashmode.tn\/magazine\/wp-json\/wp\/v2\/categories?post=52832"},{"taxonomy":"post_tag","embeddable":true,"href":"https:\/\/flashmode.tn\/magazine\/wp-json\/wp\/v2\/tags?post=52832"}],"curies":[{"name":"wp","href":"https:\/\/api.w.org\/{rel}","templated":true}]}}