{"id":53865,"date":"2022-01-22T11:14:25","date_gmt":"2022-01-22T10:14:25","guid":{"rendered":"https:\/\/flashmode.tn\/magazine\/?p=53865"},"modified":"2022-01-22T11:14:25","modified_gmt":"2022-01-22T10:14:25","slug":"quelle-fleur-mettre-dans-un-massif","status":"publish","type":"post","link":"https:\/\/flashmode.tn\/magazine\/quelle-fleur-mettre-dans-un-massif\/","title":{"rendered":"Quelle fleur mettre dans un massif ?"},"content":{"rendered":"<p>Lors de la cr\u00e9ation <b>d&rsquo;un parterre<\/b>, les annuelles sont pr\u00e9cieuses <b>pour<\/b> combler les espaces entre les jeunes plants de vivaces. Capucines, cosmos, cl\u00e9omes, soucis et zinnias sont parmi les plus faciles \u00e0 r\u00e9ussir.<\/p>\n<p>Ainsi, Quelles plantes vivaces mettre dans un massif ?<\/p>\n<p>Pensez aux an\u00e9mones du Japon, aux pervenches, aux pulmonaires, aux astilbes aux longues inflorescences plumeuses, aux g\u00e9raniums <b>vivaces<\/b>, sans oublier les heuch\u00e8res, les foug\u00e8res et les hostas, int\u00e9ressants non pour leurs fleurs, mais pour leur feuillage d\u00e9coratif.<\/p>\n<p>ensuite Quelle plante pour un massif sans entretien ?<\/p>\n<p>Optez <b>pour<\/b> des <b>plantes<\/b> rustiques et solides, qui ne craignent pas les maladies et savent s&rsquo;adapter \u00e0 la plupart des sols, m\u00eame pauvres ou calcaires. Les rudbeckias, les gla\u00efeuls, les gauras, les \u0153illets, toutes les gramin\u00e9es, la potentille arbustive, le millepertuis, le seringat, la lavande\u2026<\/p>\n<p>Comment pr\u00e9parer un massif de fleurs ?<\/p>\n<p><b>  Cr\u00e9er un massif de  <b>   fleurs  <\/b>  : les 7 r\u00e8gles \u00e0 suivre <\/b> <\/p>\n<ol>\n<li>   R\u00e9alisez un plan avant de   <b>    faire   <\/b>   votre   <b>    parterre de fleurs   <\/b>   . &#8230;  <\/li>\n<li>   Adaptez les plantes au milieu naturel. &#8230;  <\/li>\n<li>   Jouez sur les couleurs du massif. &#8230;  <\/li>\n<li>   Variez les hauteurs. &#8230;  <\/li>\n<li>   Diversifiez les formes du massif. &#8230;  <\/li>\n<li>   Imaginez votre   <b>    parterre   <\/b>   \u00e0 chaque saison. &#8230;  <\/li>\n<li>   Amusez\u2011vous avec les textures.  <\/li>\n<\/ol>\n<div id=\"ez-toc-container\" class=\"ez-toc-v2_0_81 counter-hierarchy ez-toc-counter ez-toc-grey ez-toc-container-direction\">\n<div class=\"ez-toc-title-container\">\n<p class=\"ez-toc-title\" style=\"cursor:inherit\">Contenus de la page<\/p>\n<span class=\"ez-toc-title-toggle\"><a href=\"#\" class=\"ez-toc-pull-right ez-toc-btn ez-toc-btn-xs ez-toc-btn-default ez-toc-toggle\" aria-label=\"Toggle Table of Content\"><span class=\"ez-toc-js-icon-con\"><span class=\"\"><span class=\"eztoc-hide\" style=\"display:none;\">Toggle<\/span><span class=\"ez-toc-icon-toggle-span\"><svg style=\"fill: #999;color:#999\" xmlns=\"http:\/\/www.w3.org\/2000\/svg\" class=\"list-377408\" width=\"20px\" height=\"20px\" viewBox=\"0 0 24 24\" fill=\"none\"><path d=\"M6 6H4v2h2V6zm14 0H8v2h12V6zM4 11h2v2H4v-2zm16 0H8v2h12v-2zM4 16h2v2H4v-2zm16 0H8v2h12v-2z\" fill=\"currentColor\"><\/path><\/svg><svg style=\"fill: #999;color:#999\" class=\"arrow-unsorted-368013\" xmlns=\"http:\/\/www.w3.org\/2000\/svg\" width=\"10px\" height=\"10px\" viewBox=\"0 0 24 24\" version=\"1.2\" baseProfile=\"tiny\"><path d=\"M18.2 9.3l-6.2-6.3-6.2 6.3c-.2.2-.3.4-.3.7s.1.5.3.7c.2.2.4.3.7.3h11c.3 0 .5-.1.7-.3.2-.2.3-.5.3-.7s-.1-.5-.3-.7zM5.8 14.7l6.2 6.3 6.2-6.3c.2-.2.3-.5.3-.7s-.1-.5-.3-.7c-.2-.2-.4-.3-.7-.3h-11c-.3 0-.5.1-.7.3-.2.2-.3.5-.3.7s.1.5.3.7z\"\/><\/svg><\/span><\/span><\/span><\/a><\/span><\/div>\n<nav><ul class='ez-toc-list ez-toc-list-level-1 ' ><li class='ez-toc-page-1 ez-toc-heading-level-2'><a class=\"ez-toc-link ez-toc-heading-1\" href=\"https:\/\/flashmode.tn\/magazine\/quelle-fleur-mettre-dans-un-massif\/#Quelle_plante_pour_un_massif_en_plein_soleil\" >Quelle plante pour un massif en plein soleil ?<\/a><\/li><li class='ez-toc-page-1 ez-toc-heading-level-2'><a class=\"ez-toc-link ez-toc-heading-2\" href=\"https:\/\/flashmode.tn\/magazine\/quelle-fleur-mettre-dans-un-massif\/#Quelles_plantes_pour_un_massif_au_soleil\" >Quelles plantes pour un massif au soleil ?<\/a><\/li><li class='ez-toc-page-1 ez-toc-heading-level-2'><a class=\"ez-toc-link ez-toc-heading-3\" href=\"https:\/\/flashmode.tn\/magazine\/quelle-fleur-mettre-dans-un-massif\/#Comment_faire_un_parterre_avec_des_vivaces\" >Comment faire un parterre avec des vivaces ?<\/a><\/li><li class='ez-toc-page-1 ez-toc-heading-level-2'><a class=\"ez-toc-link ez-toc-heading-4\" href=\"https:\/\/flashmode.tn\/magazine\/quelle-fleur-mettre-dans-un-massif\/#Quelles_plantes_pour_un_massif_persistant\" >Quelles plantes pour un massif persistant ?<\/a><\/li><li class='ez-toc-page-1 ez-toc-heading-level-2'><a class=\"ez-toc-link ez-toc-heading-5\" href=\"https:\/\/flashmode.tn\/magazine\/quelle-fleur-mettre-dans-un-massif\/#Comment_faire_un_massif_de_fleurs_sans_mauvaises_herbes\" >Comment faire un massif de fleurs sans mauvaises herbes ?<\/a><\/li><li class='ez-toc-page-1 ez-toc-heading-level-2'><a class=\"ez-toc-link ez-toc-heading-6\" href=\"https:\/\/flashmode.tn\/magazine\/quelle-fleur-mettre-dans-un-massif\/#Quelle_plante_resiste_a_la_secheresse\" >Quelle plante r\u00e9siste \u00e0 la s\u00e9cheresse ?<\/a><\/li><li class='ez-toc-page-1 ez-toc-heading-level-2'><a class=\"ez-toc-link ez-toc-heading-7\" href=\"https:\/\/flashmode.tn\/magazine\/quelle-fleur-mettre-dans-un-massif\/#Comment_garnir_un_parterre\" >Comment garnir un parterre ?<\/a><\/li><li class='ez-toc-page-1 ez-toc-heading-level-2'><a class=\"ez-toc-link ez-toc-heading-8\" href=\"https:\/\/flashmode.tn\/magazine\/quelle-fleur-mettre-dans-un-massif\/#Comment_amenager_un_massif_de_vivaces\" >Comment am\u00e9nager un massif de vivaces ?<\/a><\/li><li class='ez-toc-page-1 ez-toc-heading-level-2'><a class=\"ez-toc-link ez-toc-heading-9\" href=\"https:\/\/flashmode.tn\/magazine\/quelle-fleur-mettre-dans-un-massif\/#Quelle_fleur_plein_soleil\" >Quelle fleur plein soleil ?<\/a><\/li><li class='ez-toc-page-1 ez-toc-heading-level-2'><a class=\"ez-toc-link ez-toc-heading-10\" href=\"https:\/\/flashmode.tn\/magazine\/quelle-fleur-mettre-dans-un-massif\/#Quelle_plante_pour_une_exposition_plein_sud\" >Quelle plante pour une exposition plein sud ?<\/a><\/li><li class='ez-toc-page-1 ez-toc-heading-level-2'><a class=\"ez-toc-link ez-toc-heading-11\" href=\"https:\/\/flashmode.tn\/magazine\/quelle-fleur-mettre-dans-un-massif\/#Quelle_plante_pour_un_parterre\" >Quelle plante pour un parterre ?<\/a><\/li><li class='ez-toc-page-1 ez-toc-heading-level-2'><a class=\"ez-toc-link ez-toc-heading-12\" href=\"https:\/\/flashmode.tn\/magazine\/quelle-fleur-mettre-dans-un-massif\/#Quelles_plantes_pour_un_jardin_moderne\" >Quelles plantes pour un jardin moderne ?<\/a><\/li><li class='ez-toc-page-1 ez-toc-heading-level-2'><a class=\"ez-toc-link ez-toc-heading-13\" href=\"https:\/\/flashmode.tn\/magazine\/quelle-fleur-mettre-dans-un-massif\/#Comment_faire_un_massif_de_fleurs_dans_une_pelouse\" >Comment faire un massif de fleurs dans une pelouse ?<\/a><\/li><li class='ez-toc-page-1 ez-toc-heading-level-2'><a class=\"ez-toc-link ez-toc-heading-14\" href=\"https:\/\/flashmode.tn\/magazine\/quelle-fleur-mettre-dans-un-massif\/#Comment_faire_un_massif_paysager\" >Comment faire un massif paysager ?<\/a><\/li><li class='ez-toc-page-1 ez-toc-heading-level-2'><a class=\"ez-toc-link ez-toc-heading-15\" href=\"https:\/\/flashmode.tn\/magazine\/quelle-fleur-mettre-dans-un-massif\/#Quel_arbustes_pour_un_massif\" >Quel arbustes pour un massif ?<\/a><\/li><li class='ez-toc-page-1 ez-toc-heading-level-2'><a class=\"ez-toc-link ez-toc-heading-16\" href=\"https:\/\/flashmode.tn\/magazine\/quelle-fleur-mettre-dans-un-massif\/#Quelles_plantes_pour_une_bordure_de_jardin\" >Quelles plantes pour une bordure de jardin ?<\/a><\/li><li class='ez-toc-page-1 ez-toc-heading-level-2'><a class=\"ez-toc-link ez-toc-heading-17\" href=\"https:\/\/flashmode.tn\/magazine\/quelle-fleur-mettre-dans-un-massif\/#Comment_eviter_les_mauvaises_herbes_dans_un_massif\" >Comment \u00e9viter les mauvaises herbes dans un massif ?<\/a><\/li><li class='ez-toc-page-1 ez-toc-heading-level-2'><a class=\"ez-toc-link ez-toc-heading-18\" href=\"https:\/\/flashmode.tn\/magazine\/quelle-fleur-mettre-dans-un-massif\/#Comment_faire_pour_que_les_mauvaises_herbes_ne_poussent_plus\" >Comment faire pour que les mauvaises herbes ne poussent plus ?<\/a><\/li><li class='ez-toc-page-1 ez-toc-heading-level-2'><a class=\"ez-toc-link ez-toc-heading-19\" href=\"https:\/\/flashmode.tn\/magazine\/quelle-fleur-mettre-dans-un-massif\/#Comment_enlever_les_mauvaises_herbes_dans_un_parterre\" >Comment enlever les mauvaises herbes dans un parterre ?<\/a><\/li><\/ul><\/nav><\/div>\n<h2><span class=\"ez-toc-section\" id=\"Quelle_plante_pour_un_massif_en_plein_soleil\"><\/span>Quelle plante pour un massif en plein soleil ?<span class=\"ez-toc-section-end\"><\/span><\/h2>\n<p>Les lavandes et la santoline sont des incontournables, \u00e0 <b>planter<\/b> sans mod\u00e9ration ! Les stipes, les mol\u00e8nes argent\u00e9es et les verveines de Buenos Aires sont des vivaces de courte vie mais les semis spontan\u00e9s sont nombreux, de quoi assurer leur p\u00e9rennit\u00e9.<\/p>\n<h2><span class=\"ez-toc-section\" id=\"Quelles_plantes_pour_un_massif_au_soleil\"><\/span><strong>Quelles plantes pour un massif au soleil ?<\/strong><span class=\"ez-toc-section-end\"><\/span><\/h2>\n<p>Les lavandes et la santoline sont des incontournables, \u00e0 planter sans mod\u00e9ration ! Les stipes, les mol\u00e8nes argent\u00e9es et les verveines de Buenos Aires sont des vivaces de courte vie mais les semis spontan\u00e9s sont nombreux, de quoi assurer leur p\u00e9rennit\u00e9.<\/p>\n<h2><span class=\"ez-toc-section\" id=\"Comment_faire_un_parterre_avec_des_vivaces\"><\/span><strong>Comment faire un parterre avec des vivaces ?<\/strong><span class=\"ez-toc-section-end\"><\/span><\/h2>\n<p>Proc\u00e9dez en 3 \u00e9tapes, en laissant suffisamment d&rsquo;espace entre chaque plante. Mettez d&rsquo;abord au fond du massif les plantes <b>vivaces<\/b> dominantes. Entourez-les ensuite de vos plantes <b>vivaces<\/b> d&rsquo;accompagnement. Disposez enfin les <b>vivaces<\/b> tapissantes en bordure.<\/p>\n<h2><span class=\"ez-toc-section\" id=\"Quelles_plantes_pour_un_massif_persistant\"><\/span><strong>Quelles plantes pour un massif persistant ?<\/strong><span class=\"ez-toc-section-end\"><\/span><\/h2>\n<p><b>Quelles plantes<\/b> privil\u00e9gier si l&rsquo;on souhaite un <b>massif<\/b> facile <b>d<\/b>&lsquo;entretien ? Si vous souhaitez des <b>plantes<\/b> \u00e0 feuillage <b>persistant<\/b>, optez <b>pour<\/b> le buis, le ch\u00e8vrefeuille, le bambou ou encore le fusain qui aura l&rsquo;avantage <b>d<\/b>&lsquo;afficher un \u00e9ventail de couleurs. Si vous voulez des fleurs, optez <b>pour<\/b> l&rsquo;\u0153illet et le g\u00e9ranium.<\/p>\n<h2><span class=\"ez-toc-section\" id=\"Comment_faire_un_massif_de_fleurs_sans_mauvaises_herbes\"><\/span><strong>Comment faire un massif de fleurs sans mauvaises herbes ?<\/strong><span class=\"ez-toc-section-end\"><\/span><\/h2>\n<p>Pour stopper la progression des <b>mauvaises herbes<\/b>, le recours \u00e0 un paillis min\u00e9ral pos\u00e9 sur une toile hors-sol est radical. La toile emp\u00eache les adventices de percer \u00e0 la surface, et le lit d&rsquo;agr\u00e9gats rocheux harmonise l&rsquo;aspect du sol.<\/p>\n<h2><span class=\"ez-toc-section\" id=\"Quelle_plante_resiste_a_la_secheresse\"><\/span><strong>Quelle plante r\u00e9siste \u00e0 la s\u00e9cheresse ?<\/strong><span class=\"ez-toc-section-end\"><\/span><\/h2>\n<p><b>  14  <b>   plantes  <\/b>  qui supportent la  <b>   s\u00e9cheresse  <\/b> <\/b> <\/p>\n<ul>\n<li>   Perovskia (Sauge de Russie) &#8230;  <\/li>\n<li>   Lagerstroemia (Lilas des Indes) &#8230;  <\/li>\n<li>   Les coriaces d\u00e9coratives. &#8230;  <\/li>\n<li>   Aeonium atropurpureum. &#8230;  <\/li>\n<li>   F\u00e9tuque. &#8230;  <\/li>\n<li>   Les grimpantes \u00abplein cagnard\u00bb &#8230;  <\/li>\n<li>   Bignone (Jasmin de Virginie) &#8230;  <\/li>\n<li>   Les florif\u00e8res longue dur\u00e9e.  <\/li>\n<\/ul>\n<h2><span class=\"ez-toc-section\" id=\"Comment_garnir_un_parterre\"><\/span><strong>Comment garnir un parterre ?<\/strong><span class=\"ez-toc-section-end\"><\/span><\/h2>\n<p>La d\u00e9co avec des galets et du gravier est une option esth\u00e9tique qui diminue l&rsquo;entretien du massif. Le massif est dit min\u00e9ral, japonais ou zen par la pr\u00e9sence de pierres, galets, graviers et gravillons d\u00e9coratifs. Il comporte aussi, bien s\u00fbr, des plantes d&rsquo;ornement.<\/p>\n<h2><span class=\"ez-toc-section\" id=\"Comment_amenager_un_massif_de_vivaces\"><\/span><strong>Comment am\u00e9nager un massif de vivaces ?<\/strong><span class=\"ez-toc-section-end\"><\/span><\/h2>\n<p>Proc\u00e9dez en 3 \u00e9tapes, en laissant suffisamment d&rsquo;espace entre chaque plante. Mettez d&rsquo;abord au fond du <b>massif<\/b> les plantes <b>vivaces<\/b> dominantes. Entourez-les ensuite de vos plantes <b>vivaces<\/b> d&rsquo;accompagnement. Disposez enfin les <b>vivaces<\/b> tapissantes en bordure.<\/p>\n<h2><span class=\"ez-toc-section\" id=\"Quelle_fleur_plein_soleil\"><\/span><strong>Quelle fleur plein soleil ?<\/strong><span class=\"ez-toc-section-end\"><\/span><\/h2>\n<p>Et aussi : la f\u00e9licia, le gazania, le lantana, le mimulus, le n\u00e9p\u00e9ta, l&rsquo;ost\u00e9ospermum, le penst\u00e9mon, la scabieuse (Scabiosa columbaria), le s\u00e9dum.<\/p>\n<h2><span class=\"ez-toc-section\" id=\"Quelle_plante_pour_une_exposition_plein_sud\"><\/span><strong>Quelle plante pour une exposition plein sud ?<\/strong><span class=\"ez-toc-section-end\"><\/span><\/h2>\n<p><b>  Les annuelles : <\/b> <\/p>\n<ul>\n<li>   L&rsquo;agathea (Felicia amelloides), qui est aussi appel\u00e9e Aster du Cap ou p\u00e2querette bleue.  <\/li>\n<li>   L&rsquo;\u00e9rigeron (Erigeron)  <\/li>\n<li>   Le gazania (Gazania)  <\/li>\n<li>   Les p\u00e9tunias (Petunia)  <\/li>\n<li>   Les p\u00e9largoniums (Pelargonium)  <\/li>\n<li>   La verveine des jardins (Verbena x hybrida)  <\/li>\n<li>   Les \u0153illets d&rsquo;Inde (Tagetes patula)  <\/li>\n<li>   L&rsquo;h\u00e9liotrope (Heliotropium)  <\/li>\n<\/ul>\n<h2><span class=\"ez-toc-section\" id=\"Quelle_plante_pour_un_parterre\"><\/span><strong>Quelle plante pour un parterre ?<\/strong><span class=\"ez-toc-section-end\"><\/span><\/h2>\n<p>Embellissez vos massifs tout au long de l&rsquo;ann\u00e9e avec notre s\u00e9lection des plus belles <b>plantes<\/b> vivaces <b>pour<\/b> massif : lupins, achill\u00e9es, asters&#8230; Conseils de paysagiste : installez en arri\u00e8re-plan du massif les vivaces les plus hautes comme les lupins, les agapanthes, les acanthes\u2026<\/p>\n<h2><span class=\"ez-toc-section\" id=\"Quelles_plantes_pour_un_jardin_moderne\"><\/span><strong>Quelles plantes pour un jardin moderne ?<\/strong><span class=\"ez-toc-section-end\"><\/span><\/h2>\n<p><b>  Les meilleures  <b>   plantes pour  <\/b>  un  <b>   jardin contemporain  <\/b> <\/b> <\/p>\n<ul>\n<li>   L&rsquo;Allium giganteum : un g\u00e9ant au graphisme \u00e9tonnant.  <\/li>\n<li>   Les agapanthes : color\u00e9es et verticales.  <\/li>\n<li>   Le Phlomis   <b>    de   <\/b>   Russel : une fleur \u00e0 \u00e9tage.  <\/li>\n<li>   La Foug\u00e8re d&rsquo;Allemagne : des foug\u00e8res aux frondes verticales.  <\/li>\n<li>   L&rsquo;Helianthus salicifolius : un fin feuillage retombant.  <\/li>\n<\/ul>\n<h2><span class=\"ez-toc-section\" id=\"Comment_faire_un_massif_de_fleurs_dans_une_pelouse\"><\/span><strong>Comment faire un massif de fleurs dans une pelouse ?<\/strong><span class=\"ez-toc-section-end\"><\/span><\/h2>\n<p><b>  <b>   Cr\u00e9er un massif de fleurs  <\/b>  : les 7 r\u00e8gles \u00e0 suivre <\/b> <\/p>\n<ol>\n<li>   R\u00e9alisez un plan avant de   <b>    faire   <\/b>   votre parterre de   <b>    fleurs   <\/b>   . &#8230;  <\/li>\n<li>   Adaptez les plantes au milieu naturel. &#8230;  <\/li>\n<li>   Jouez sur les couleurs du   <b>    massif   <\/b>   . &#8230;  <\/li>\n<li>   Variez les hauteurs. &#8230;  <\/li>\n<li>   Diversifiez les formes du   <b>    massif   <\/b>   . &#8230;  <\/li>\n<li>   Imaginez votre parterre \u00e0 chaque saison. &#8230;  <\/li>\n<li>   Amusez\u2011vous avec les textures.  <\/li>\n<\/ol>\n<h2><span class=\"ez-toc-section\" id=\"Comment_faire_un_massif_paysager\"><\/span><strong>Comment faire un massif paysager ?<\/strong><span class=\"ez-toc-section-end\"><\/span><\/h2>\n<p><b>  Planter <\/b> <\/p>\n<ol>\n<li>   Amender et nettoyer le sol.  <\/li>\n<li>   Ne pas tasser la terre: employer des planches pour acc\u00e9der au centre du   <b>    massif   <\/b>   .  <\/li>\n<li>   Arroser les plantes en attente de plantation.  <\/li>\n<li>   Disposer les plantes: Associer les plantes de mani\u00e8re naturelle, en fonction des groupes et densit\u00e9s de plantation.  <\/li>\n<\/ol>\n<h2><span class=\"ez-toc-section\" id=\"Quel_arbustes_pour_un_massif\"><\/span><strong>Quel arbustes pour un massif ?<\/strong><span class=\"ez-toc-section-end\"><\/span><\/h2>\n<p><b>Quel<\/b> que soit le style de votre <b>massif<\/b>, un ou plusieurs rosiers y feront merveille : rosier couvre-sol s&rsquo;\u00e9talant en largeur (&lsquo;Tapis rouge&rsquo;, &lsquo;Emera&rsquo;, &lsquo;Opalia&rsquo;), petit rosier buisson (&lsquo;Falstaff&rsquo;, rouge, &lsquo;Ballerina&rsquo;, rose tendre) ; rosier arbustif de dimensions plus imposantes (&lsquo;Corn\u00e9lia&rsquo;, rose chair, &lsquo;Westerland&rsquo; au &#8230;<\/p>\n<h2><span class=\"ez-toc-section\" id=\"Quelles_plantes_pour_une_bordure_de_jardin\"><\/span><strong>Quelles plantes pour une bordure de jardin ?<\/strong><span class=\"ez-toc-section-end\"><\/span><\/h2>\n<p><b>  Elles s&rsquo;utilisent aussi bien au potager qu&rsquo;au  <b>   jardin  <\/b>  d&rsquo;ornement o\u00f9 elles s&rsquo;associent aux rosiers, aux arbustes et aux vivaces. <\/b> <\/p>\n<ul>\n<li>   L&rsquo;h\u00e9lichrysum. &#8230;  <\/li>\n<li>   La santoline. &#8230;  <\/li>\n<li>   La lavande. &#8230;  <\/li>\n<li>   Un g\u00e9ranium rustique. &#8230;  <\/li>\n<li>   La germandr\u00e9e. &#8230;  <\/li>\n<li>   Le buis. &#8230;  <\/li>\n<li>   L&rsquo;hysope. &#8230;  <\/li>\n<li>   Le thym.  <\/li>\n<\/ul>\n<h2><span class=\"ez-toc-section\" id=\"Comment_eviter_les_mauvaises_herbes_dans_un_massif\"><\/span><strong>Comment \u00e9viter les mauvaises herbes dans un massif ?<\/strong><span class=\"ez-toc-section-end\"><\/span><\/h2>\n<p><b>  10 astuces naturelles pour emp\u00eacher la pousse des  <b>   mauvaises  <\/b>  &#8230; <\/b> <\/p>\n<ol>\n<li>   1- Toujours agir avant la floraison des   <b>    herbes   <\/b>   sauvages. &#8230;  <\/li>\n<li>   2- Pratiquer le faux semis. &#8230;  <\/li>\n<li>   3- Semer de l&rsquo;engrais vert. &#8230;  <\/li>\n<li>   4- Paillez avec des r\u00e9sidus v\u00e9g\u00e9taux. &#8230;  <\/li>\n<li>   5- Couvrir le sol avec une b\u00e2che. &#8230;  <\/li>\n<li>   6- Recycler des cartons. &#8230;  <\/li>\n<li>   7- Planter des couvre-sol.  <\/li>\n<\/ol>\n<h2><span class=\"ez-toc-section\" id=\"Comment_faire_pour_que_les_mauvaises_herbes_ne_poussent_plus\"><\/span><strong>Comment faire pour que les mauvaises herbes ne poussent plus ?<\/strong><span class=\"ez-toc-section-end\"><\/span><\/h2>\n<p>Pour <b>\u00e9viter<\/b> l&rsquo;apparition des <b>mauvaises herbes<\/b>, vous pouvez installer une toile de jardinage, synth\u00e9tique ou naturelle (en jute ou coco) qui va agir comme un anti-<b>herbe<\/b>. Avant de planter vos fleurs, posez la b\u00e2che. Cette solution est efficace, mais l&rsquo;apport en mati\u00e8res organiques et en eau pour le sol seront limit\u00e9s.<\/p>\n<h2><span class=\"ez-toc-section\" id=\"Comment_enlever_les_mauvaises_herbes_dans_un_parterre\"><\/span><strong>Comment enlever les mauvaises herbes dans un parterre ?<\/strong><span class=\"ez-toc-section-end\"><\/span><\/h2>\n<p>Option \u00e9conomique , le d\u00e9sherbant au vinaigre blanc et au sel peut \u00eatre une option \u00e0 envisager pour vous d\u00e9barrasser des <b>mauvaises herbes<\/b> au jardin. Pour le r\u00e9aliser, m\u00e9langez 200 ml de vinaigre et 1 kg de sel \u00e0 5 L d&rsquo;eau, et pulv\u00e9risez vos <b>mauvaises herbes<\/b> avec ce d\u00e9sherbant.<\/p>\n<h2><strong><\/strong><\/h2>\n<h2><strong><\/strong><\/h2>\n<hr \/>\n<p><em>Editeurs: 30 &#8211; R\u00e9f\u00e9rences: 30 articles<\/em><\/p>\n<p><em>N\u2019oubliez pas de partager l\u2019article !<\/em><\/p>\n","protected":false},"excerpt":{"rendered":"<p>Lors de la cr\u00e9ation d&rsquo;un parterre, les annuelles sont pr\u00e9cieuses pour combler les espaces entre les jeunes plants de vivaces. Capucines, cosmos, cl\u00e9omes, soucis et zinnias sont parmi les plus faciles \u00e0 r\u00e9ussir. Ainsi, Quelles plantes vivaces mettre dans un massif ? Pensez aux an\u00e9mones du Japon, aux pervenches, aux pulmonaires, aux astilbes aux longues [&hellip;]<\/p>\n","protected":false},"author":6,"featured_media":0,"comment_status":"open","ping_status":"open","sticky":false,"template":"","format":"standard","meta":{"tdm_status":"","tdm_grid_status":"","_jetpack_memberships_contains_paid_content":false,"footnotes":"","jetpack_publicize_message":"","jetpack_publicize_feature_enabled":true,"jetpack_social_post_already_shared":true,"jetpack_social_options":{"image_generator_settings":{"template":"highway","default_image_id":0,"font":"","enabled":false},"version":2}},"categories":[3457],"tags":[],"class_list":["post-53865","post","type-post","status-publish","format-standard","hentry","category-maison"],"yoast_head":"<!-- This site is optimized with the Yoast SEO Premium plugin v25.0 (Yoast SEO v25.0) - https:\/\/yoast.com\/wordpress\/plugins\/seo\/ -->\n<title>Quelle fleur mettre dans un massif ?<\/title>\n<meta name=\"description\" content=\"Lors de la cr\u00e9ation d&#039;un parterre, les annuelles sont pr\u00e9cieuses pour combler les espaces entre les jeunes plants de vivaces. Capucines, cosmos, cl\u00e9omes,\" \/>\n<meta name=\"robots\" content=\"index, follow, max-snippet:-1, max-image-preview:large, max-video-preview:-1\" \/>\n<link rel=\"canonical\" href=\"https:\/\/flashmode.tn\/magazine\/quelle-fleur-mettre-dans-un-massif\/\" \/>\n<meta property=\"og:locale\" content=\"fr_FR\" \/>\n<meta property=\"og:type\" content=\"article\" \/>\n<meta property=\"og:title\" content=\"Quelle fleur mettre dans un massif ? - Flashmode Magazine | Magazine de mode et style de vie Num\u00e9ro un en Tunisie et au Maghreb\" \/>\n<meta property=\"og:description\" content=\"Lors de la cr\u00e9ation d&#039;un parterre, les annuelles sont pr\u00e9cieuses pour combler les espaces entre les jeunes plants de vivaces. Capucines, cosmos, cl\u00e9omes,\" \/>\n<meta property=\"og:url\" content=\"https:\/\/flashmode.tn\/magazine\/quelle-fleur-mettre-dans-un-massif\/\" \/>\n<meta property=\"og:site_name\" content=\"Flashmode Magazine | Magazine de mode et style de vie Num\u00e9ro un en Tunisie et au Maghreb\" \/>\n<meta property=\"article:publisher\" content=\"https:\/\/www.facebook.com\/flashmode.magazine\/\" \/>\n<meta property=\"article:published_time\" content=\"2022-01-22T10:14:25+00:00\" \/>\n<meta name=\"author\" content=\"EventsEditors\" \/>\n<meta name=\"twitter:card\" content=\"summary_large_image\" \/>\n<meta name=\"twitter:creator\" content=\"@agenceflashmode\" \/>\n<meta name=\"twitter:site\" content=\"@agenceflashmode\" \/>\n<meta name=\"twitter:label1\" content=\"\u00c9crit par\" \/>\n\t<meta name=\"twitter:data1\" content=\"EventsEditors\" \/>\n\t<meta name=\"twitter:label2\" content=\"Dur\u00e9e de lecture estim\u00e9e\" \/>\n\t<meta name=\"twitter:data2\" content=\"6 minutes\" \/>\n<script type=\"application\/ld+json\" class=\"yoast-schema-graph\">{\"@context\":\"https:\/\/schema.org\",\"@graph\":[{\"@type\":\"WebPage\",\"@id\":\"https:\/\/flashmode.tn\/magazine\/quelle-fleur-mettre-dans-un-massif\/\",\"url\":\"https:\/\/flashmode.tn\/magazine\/quelle-fleur-mettre-dans-un-massif\/\",\"name\":\"Quelle fleur mettre dans un massif ?\",\"isPartOf\":{\"@id\":\"https:\/\/flashmode.tn\/magazine\/#website\"},\"datePublished\":\"2022-01-22T10:14:25+00:00\",\"author\":{\"@id\":\"https:\/\/flashmode.tn\/magazine\/#\/schema\/person\/257d6780605b915a5e352977f0f6f41c\"},\"description\":\"Lors de la cr\u00e9ation d'un parterre, les annuelles sont pr\u00e9cieuses pour combler les espaces entre les jeunes plants de vivaces. Capucines, cosmos, cl\u00e9omes,\",\"breadcrumb\":{\"@id\":\"https:\/\/flashmode.tn\/magazine\/quelle-fleur-mettre-dans-un-massif\/#breadcrumb\"},\"inLanguage\":\"fr-FR\",\"potentialAction\":[{\"@type\":\"ReadAction\",\"target\":[\"https:\/\/flashmode.tn\/magazine\/quelle-fleur-mettre-dans-un-massif\/\"]}]},{\"@type\":\"BreadcrumbList\",\"@id\":\"https:\/\/flashmode.tn\/magazine\/quelle-fleur-mettre-dans-un-massif\/#breadcrumb\",\"itemListElement\":[{\"@type\":\"ListItem\",\"position\":1,\"name\":\"Accueil\",\"item\":\"https:\/\/flashmode.tn\/magazine\/\"},{\"@type\":\"ListItem\",\"position\":2,\"name\":\"Quelle fleur mettre dans un massif ?\"}]},{\"@type\":\"WebSite\",\"@id\":\"https:\/\/flashmode.tn\/magazine\/#website\",\"url\":\"https:\/\/flashmode.tn\/magazine\/\",\"name\":\"Flashmode Magazine | Magazine de mode et style de vie Num\u00e9ro un en Tunisie et au Maghreb\",\"description\":\"Magazine de mode et style de vie Num\u00e9ro un en Tunisie et au Maghreb, cr\u00e9\u00e9 pour les hommes et les femmes : conseils beaut\u00e9, mode femme, mode homme, recettes de cuisine, c\u00e9l\u00e9brit\u00e9s et people, mannequins et top modeles\",\"potentialAction\":[{\"@type\":\"SearchAction\",\"target\":{\"@type\":\"EntryPoint\",\"urlTemplate\":\"https:\/\/flashmode.tn\/magazine\/?s={search_term_string}\"},\"query-input\":{\"@type\":\"PropertyValueSpecification\",\"valueRequired\":true,\"valueName\":\"search_term_string\"}}],\"inLanguage\":\"fr-FR\"},{\"@type\":\"Person\",\"@id\":\"https:\/\/flashmode.tn\/magazine\/#\/schema\/person\/257d6780605b915a5e352977f0f6f41c\",\"name\":\"EventsEditors\",\"image\":{\"@type\":\"ImageObject\",\"inLanguage\":\"fr-FR\",\"@id\":\"https:\/\/flashmode.tn\/magazine\/#\/schema\/person\/image\/\",\"url\":\"https:\/\/secure.gravatar.com\/avatar\/e2daedf958f66be37c9a79abe56184d85cd1baa6bba0dd8017e3f7d01555232f?s=96&d=mm&r=g\",\"contentUrl\":\"https:\/\/secure.gravatar.com\/avatar\/e2daedf958f66be37c9a79abe56184d85cd1baa6bba0dd8017e3f7d01555232f?s=96&d=mm&r=g\",\"caption\":\"EventsEditors\"},\"url\":\"https:\/\/flashmode.tn\/magazine\/author\/eventseditors\/\"}]}<\/script>\n<!-- \/ Yoast SEO Premium plugin. -->","yoast_head_json":{"title":"Quelle fleur mettre dans un massif ?","description":"Lors de la cr\u00e9ation d'un parterre, les annuelles sont pr\u00e9cieuses pour combler les espaces entre les jeunes plants de vivaces. Capucines, cosmos, cl\u00e9omes,","robots":{"index":"index","follow":"follow","max-snippet":"max-snippet:-1","max-image-preview":"max-image-preview:large","max-video-preview":"max-video-preview:-1"},"canonical":"https:\/\/flashmode.tn\/magazine\/quelle-fleur-mettre-dans-un-massif\/","og_locale":"fr_FR","og_type":"article","og_title":"Quelle fleur mettre dans un massif ? - Flashmode Magazine | Magazine de mode et style de vie Num\u00e9ro un en Tunisie et au Maghreb","og_description":"Lors de la cr\u00e9ation d'un parterre, les annuelles sont pr\u00e9cieuses pour combler les espaces entre les jeunes plants de vivaces. Capucines, cosmos, cl\u00e9omes,","og_url":"https:\/\/flashmode.tn\/magazine\/quelle-fleur-mettre-dans-un-massif\/","og_site_name":"Flashmode Magazine | Magazine de mode et style de vie Num\u00e9ro un en Tunisie et au Maghreb","article_publisher":"https:\/\/www.facebook.com\/flashmode.magazine\/","article_published_time":"2022-01-22T10:14:25+00:00","author":"EventsEditors","twitter_card":"summary_large_image","twitter_creator":"@agenceflashmode","twitter_site":"@agenceflashmode","twitter_misc":{"\u00c9crit par":"EventsEditors","Dur\u00e9e de lecture estim\u00e9e":"6 minutes"},"schema":{"@context":"https:\/\/schema.org","@graph":[{"@type":"WebPage","@id":"https:\/\/flashmode.tn\/magazine\/quelle-fleur-mettre-dans-un-massif\/","url":"https:\/\/flashmode.tn\/magazine\/quelle-fleur-mettre-dans-un-massif\/","name":"Quelle fleur mettre dans un massif ?","isPartOf":{"@id":"https:\/\/flashmode.tn\/magazine\/#website"},"datePublished":"2022-01-22T10:14:25+00:00","author":{"@id":"https:\/\/flashmode.tn\/magazine\/#\/schema\/person\/257d6780605b915a5e352977f0f6f41c"},"description":"Lors de la cr\u00e9ation d'un parterre, les annuelles sont pr\u00e9cieuses pour combler les espaces entre les jeunes plants de vivaces. Capucines, cosmos, cl\u00e9omes,","breadcrumb":{"@id":"https:\/\/flashmode.tn\/magazine\/quelle-fleur-mettre-dans-un-massif\/#breadcrumb"},"inLanguage":"fr-FR","potentialAction":[{"@type":"ReadAction","target":["https:\/\/flashmode.tn\/magazine\/quelle-fleur-mettre-dans-un-massif\/"]}]},{"@type":"BreadcrumbList","@id":"https:\/\/flashmode.tn\/magazine\/quelle-fleur-mettre-dans-un-massif\/#breadcrumb","itemListElement":[{"@type":"ListItem","position":1,"name":"Accueil","item":"https:\/\/flashmode.tn\/magazine\/"},{"@type":"ListItem","position":2,"name":"Quelle fleur mettre dans un massif ?"}]},{"@type":"WebSite","@id":"https:\/\/flashmode.tn\/magazine\/#website","url":"https:\/\/flashmode.tn\/magazine\/","name":"Flashmode Magazine | Magazine de mode et style de vie Num\u00e9ro un en Tunisie et au Maghreb","description":"Magazine de mode et style de vie Num\u00e9ro un en Tunisie et au Maghreb, cr\u00e9\u00e9 pour les hommes et les femmes : conseils beaut\u00e9, mode femme, mode homme, recettes de cuisine, c\u00e9l\u00e9brit\u00e9s et people, mannequins et top modeles","potentialAction":[{"@type":"SearchAction","target":{"@type":"EntryPoint","urlTemplate":"https:\/\/flashmode.tn\/magazine\/?s={search_term_string}"},"query-input":{"@type":"PropertyValueSpecification","valueRequired":true,"valueName":"search_term_string"}}],"inLanguage":"fr-FR"},{"@type":"Person","@id":"https:\/\/flashmode.tn\/magazine\/#\/schema\/person\/257d6780605b915a5e352977f0f6f41c","name":"EventsEditors","image":{"@type":"ImageObject","inLanguage":"fr-FR","@id":"https:\/\/flashmode.tn\/magazine\/#\/schema\/person\/image\/","url":"https:\/\/secure.gravatar.com\/avatar\/e2daedf958f66be37c9a79abe56184d85cd1baa6bba0dd8017e3f7d01555232f?s=96&d=mm&r=g","contentUrl":"https:\/\/secure.gravatar.com\/avatar\/e2daedf958f66be37c9a79abe56184d85cd1baa6bba0dd8017e3f7d01555232f?s=96&d=mm&r=g","caption":"EventsEditors"},"url":"https:\/\/flashmode.tn\/magazine\/author\/eventseditors\/"}]}},"jetpack_publicize_connections":[],"jetpack_featured_media_url":"","jetpack_shortlink":"https:\/\/wp.me\/p8BPGr-e0N","jetpack_sharing_enabled":true,"_links":{"self":[{"href":"https:\/\/flashmode.tn\/magazine\/wp-json\/wp\/v2\/posts\/53865","targetHints":{"allow":["GET"]}}],"collection":[{"href":"https:\/\/flashmode.tn\/magazine\/wp-json\/wp\/v2\/posts"}],"about":[{"href":"https:\/\/flashmode.tn\/magazine\/wp-json\/wp\/v2\/types\/post"}],"author":[{"embeddable":true,"href":"https:\/\/flashmode.tn\/magazine\/wp-json\/wp\/v2\/users\/6"}],"replies":[{"embeddable":true,"href":"https:\/\/flashmode.tn\/magazine\/wp-json\/wp\/v2\/comments?post=53865"}],"version-history":[{"count":0,"href":"https:\/\/flashmode.tn\/magazine\/wp-json\/wp\/v2\/posts\/53865\/revisions"}],"wp:attachment":[{"href":"https:\/\/flashmode.tn\/magazine\/wp-json\/wp\/v2\/media?parent=53865"}],"wp:term":[{"taxonomy":"category","embeddable":true,"href":"https:\/\/flashmode.tn\/magazine\/wp-json\/wp\/v2\/categories?post=53865"},{"taxonomy":"post_tag","embeddable":true,"href":"https:\/\/flashmode.tn\/magazine\/wp-json\/wp\/v2\/tags?post=53865"}],"curies":[{"name":"wp","href":"https:\/\/api.w.org\/{rel}","templated":true}]}}