{"id":54642,"date":"2022-01-20T02:56:45","date_gmt":"2022-01-20T01:56:45","guid":{"rendered":"https:\/\/flashmode.tn\/magazine\/?p=54642"},"modified":"2022-01-20T02:56:45","modified_gmt":"2022-01-20T01:56:45","slug":"comment-semer-les-carottes-sans-les-eclaircir","status":"publish","type":"post","link":"https:\/\/flashmode.tn\/magazine\/comment-semer-les-carottes-sans-les-eclaircir\/","title":{"rendered":"Comment semer les carottes sans les \u00e9claircir ?"},"content":{"rendered":"<p><b>Semer les carottes<\/b><\/p>\n<p> D\u00e9sherbez avant de <b>semer<\/b> et grattez la terre en surface puis arrosez. Creusez un sillon comme pour la culture des poireaux et conservez la terre sur les cot\u00e9s pour butter les <b>carottes<\/b> d\u00e8s la troisi\u00e8me semaine. Les lignes sont espac\u00e9es de 20 centim\u00e8tres pour faciliter le nettoyage entre les lignes.<\/p>\n<p>Ainsi, Comment faire grossir les carottes ?<\/p>\n<p><b>Comment faire grossir les carottes<\/b> ? Recouvrir d&rsquo;une fine couche de terre. Maintenir humide toute la lev\u00e9e, qui a lieu sous 10 \u00e0 20 jours, puis, r\u00e9guli\u00e8rement, pour \u00e9viter l&rsquo;\u00e9clatement des racines.<\/p>\n<p>ensuite Quelle profondeur pour semer les carottes ?<\/p>\n<p>Dans un sillon de 1cm de <b>profondeur<\/b>, <b>semez<\/b> tr\u00e8s clair, puis recouvrez d&rsquo;une fine couche de terre et plombez avec la t\u00eate du r\u00e2teau. Arrosez et maintenez la terre humide durant les semaines \u00e0 venir, car la <b>carotte<\/b> peut mettre jusqu&rsquo;\u00e0 3 semaines <b>pour<\/b> germer.<\/p>\n<p>Quand et comment \u00e9claircir les carottes ?<\/p>\n<p><b>Quand \u00e9claircir<\/b> les plants de <b>carottes<\/b> ? Proc\u00e9der \u00e0 l&rsquo;\u00e9claircissage lorsque les jeunes <b>carottes<\/b> ont d\u00e9velopp\u00e9 2 feuilles, soit environ 3 \u00e0 4 semaines apr\u00e8s le semis. Un deuxi\u00e8me passage sera n\u00e9cessaire lorsqu&rsquo;elles porteront 3 feuilles.<\/p>\n<div id=\"ez-toc-container\" class=\"ez-toc-v2_0_81 counter-hierarchy ez-toc-counter ez-toc-grey ez-toc-container-direction\">\n<div class=\"ez-toc-title-container\">\n<p class=\"ez-toc-title\" style=\"cursor:inherit\">Contenus de la page<\/p>\n<span class=\"ez-toc-title-toggle\"><a href=\"#\" class=\"ez-toc-pull-right ez-toc-btn ez-toc-btn-xs ez-toc-btn-default ez-toc-toggle\" aria-label=\"Toggle Table of Content\"><span class=\"ez-toc-js-icon-con\"><span class=\"\"><span class=\"eztoc-hide\" style=\"display:none;\">Toggle<\/span><span class=\"ez-toc-icon-toggle-span\"><svg style=\"fill: #999;color:#999\" xmlns=\"http:\/\/www.w3.org\/2000\/svg\" class=\"list-377408\" width=\"20px\" height=\"20px\" viewBox=\"0 0 24 24\" fill=\"none\"><path d=\"M6 6H4v2h2V6zm14 0H8v2h12V6zM4 11h2v2H4v-2zm16 0H8v2h12v-2zM4 16h2v2H4v-2zm16 0H8v2h12v-2z\" fill=\"currentColor\"><\/path><\/svg><svg style=\"fill: #999;color:#999\" class=\"arrow-unsorted-368013\" xmlns=\"http:\/\/www.w3.org\/2000\/svg\" width=\"10px\" height=\"10px\" viewBox=\"0 0 24 24\" version=\"1.2\" baseProfile=\"tiny\"><path d=\"M18.2 9.3l-6.2-6.3-6.2 6.3c-.2.2-.3.4-.3.7s.1.5.3.7c.2.2.4.3.7.3h11c.3 0 .5-.1.7-.3.2-.2.3-.5.3-.7s-.1-.5-.3-.7zM5.8 14.7l6.2 6.3 6.2-6.3c.2-.2.3-.5.3-.7s-.1-.5-.3-.7c-.2-.2-.4-.3-.7-.3h-11c-.3 0-.5.1-.7.3-.2.2-.3.5-.3.7s.1.5.3.7z\"\/><\/svg><\/span><\/span><\/span><\/a><\/span><\/div>\n<nav><ul class='ez-toc-list ez-toc-list-level-1 ' ><li class='ez-toc-page-1 ez-toc-heading-level-2'><a class=\"ez-toc-link ez-toc-heading-1\" href=\"https:\/\/flashmode.tn\/magazine\/comment-semer-les-carottes-sans-les-eclaircir\/#Pourquoi_mes_carottes_de_jardin_ne_grossissent_pas\" >Pourquoi mes carottes de jardin ne grossissent pas ?<\/a><\/li><li class='ez-toc-page-1 ez-toc-heading-level-2'><a class=\"ez-toc-link ez-toc-heading-2\" href=\"https:\/\/flashmode.tn\/magazine\/comment-semer-les-carottes-sans-les-eclaircir\/#Comment_eviter_les_vers_dans_les_carottes\" >Comment \u00e9viter les vers dans les carottes ?<\/a><\/li><li class='ez-toc-page-1 ez-toc-heading-level-2'><a class=\"ez-toc-link ez-toc-heading-3\" href=\"https:\/\/flashmode.tn\/magazine\/comment-semer-les-carottes-sans-les-eclaircir\/#Pourquoi_les_carottes_sont_petites\" >Pourquoi les carottes sont petites ?<\/a><\/li><li class='ez-toc-page-1 ez-toc-heading-level-2'><a class=\"ez-toc-link ez-toc-heading-4\" href=\"https:\/\/flashmode.tn\/magazine\/comment-semer-les-carottes-sans-les-eclaircir\/#Quand_semer_des_graines_de_panais\" >Quand semer des graines de panais ?<\/a><\/li><li class='ez-toc-page-1 ez-toc-heading-level-2'><a class=\"ez-toc-link ez-toc-heading-5\" href=\"https:\/\/flashmode.tn\/magazine\/comment-semer-les-carottes-sans-les-eclaircir\/#Comment_semer_des_carottes_nantaises\" >Comment semer des carottes nantaises ?<\/a><\/li><li class='ez-toc-page-1 ez-toc-heading-level-2'><a class=\"ez-toc-link ez-toc-heading-6\" href=\"https:\/\/flashmode.tn\/magazine\/comment-semer-les-carottes-sans-les-eclaircir\/#Quelle_profondeur_pour_une_graine\" >Quelle profondeur pour une graine ?<\/a><\/li><li class='ez-toc-page-1 ez-toc-heading-level-2'><a class=\"ez-toc-link ez-toc-heading-7\" href=\"https:\/\/flashmode.tn\/magazine\/comment-semer-les-carottes-sans-les-eclaircir\/#Est-ce_quon_peut_repiquer_des_carottes\" >Est-ce qu&rsquo;on peut repiquer des carottes ?<\/a><\/li><li class='ez-toc-page-1 ez-toc-heading-level-2'><a class=\"ez-toc-link ez-toc-heading-8\" href=\"https:\/\/flashmode.tn\/magazine\/comment-semer-les-carottes-sans-les-eclaircir\/#Quand_eclaircir_les_semis\" >Quand \u00e9claircir les semis ?<\/a><\/li><li class='ez-toc-page-1 ez-toc-heading-level-2'><a class=\"ez-toc-link ez-toc-heading-9\" href=\"https:\/\/flashmode.tn\/magazine\/comment-semer-les-carottes-sans-les-eclaircir\/#Comment_eclaircir_jardin\" >Comment \u00e9claircir jardin ?<\/a><\/li><li class='ez-toc-page-1 ez-toc-heading-level-2'><a class=\"ez-toc-link ez-toc-heading-10\" href=\"https:\/\/flashmode.tn\/magazine\/comment-semer-les-carottes-sans-les-eclaircir\/#Comment_faire_grossir_les_panais\" >Comment faire grossir les panais ?<\/a><\/li><li class='ez-toc-page-1 ez-toc-heading-level-2'><a class=\"ez-toc-link ez-toc-heading-11\" href=\"https:\/\/flashmode.tn\/magazine\/comment-semer-les-carottes-sans-les-eclaircir\/#Pourquoi_les_legumes_ne_grossissent_pas\" >Pourquoi les l\u00e9gumes ne grossissent pas ?<\/a><\/li><li class='ez-toc-page-1 ez-toc-heading-level-2'><a class=\"ez-toc-link ez-toc-heading-12\" href=\"https:\/\/flashmode.tn\/magazine\/comment-semer-les-carottes-sans-les-eclaircir\/#Pourquoi_mes_carottes_ont_plusieurs_racines\" >Pourquoi mes carottes ont plusieurs racines ?<\/a><\/li><li class='ez-toc-page-1 ez-toc-heading-level-2'><a class=\"ez-toc-link ez-toc-heading-13\" href=\"https:\/\/flashmode.tn\/magazine\/comment-semer-les-carottes-sans-les-eclaircir\/#Comment_eloigner_la_mouche_de_la_carotte\" >Comment \u00e9loigner la mouche de la carotte ?<\/a><\/li><li class='ez-toc-page-1 ez-toc-heading-level-2'><a class=\"ez-toc-link ez-toc-heading-14\" href=\"https:\/\/flashmode.tn\/magazine\/comment-semer-les-carottes-sans-les-eclaircir\/#Quand_mettre_un_filet_sur_les_carottes\" >Quand mettre un filet sur les carottes ?<\/a><\/li><li class='ez-toc-page-1 ez-toc-heading-level-2'><a class=\"ez-toc-link ez-toc-heading-15\" href=\"https:\/\/flashmode.tn\/magazine\/comment-semer-les-carottes-sans-les-eclaircir\/#Comment_lutter_contre_le_ver_du_poireau\" >Comment lutter contre le ver du poireau ?<\/a><\/li><li class='ez-toc-page-1 ez-toc-heading-level-2'><a class=\"ez-toc-link ez-toc-heading-16\" href=\"https:\/\/flashmode.tn\/magazine\/comment-semer-les-carottes-sans-les-eclaircir\/#Quel_arrosage_pour_les_carottes\" >Quel arrosage pour les carottes ?<\/a><\/li><li class='ez-toc-page-1 ez-toc-heading-level-2'><a class=\"ez-toc-link ez-toc-heading-17\" href=\"https:\/\/flashmode.tn\/magazine\/comment-semer-les-carottes-sans-les-eclaircir\/#Comment_faire_germer_les_graines_de_panais\" >Comment faire germer les graines de panais ?<\/a><\/li><li class='ez-toc-page-1 ez-toc-heading-level-2'><a class=\"ez-toc-link ez-toc-heading-18\" href=\"https:\/\/flashmode.tn\/magazine\/comment-semer-les-carottes-sans-les-eclaircir\/#Comment_obtenir_des_graines_de_panais\" >Comment obtenir des graines de panais ?<\/a><\/li><li class='ez-toc-page-1 ez-toc-heading-level-2'><a class=\"ez-toc-link ez-toc-heading-19\" href=\"https:\/\/flashmode.tn\/magazine\/comment-semer-les-carottes-sans-les-eclaircir\/#Quelle_lune_pour_semer_les_panais\" >Quelle lune pour semer les panais ?<\/a><\/li><\/ul><\/nav><\/div>\n<h2><span class=\"ez-toc-section\" id=\"Pourquoi_mes_carottes_de_jardin_ne_grossissent_pas\"><\/span>Pourquoi mes carottes de jardin ne grossissent pas ?<span class=\"ez-toc-section-end\"><\/span><\/h2>\n<p><b>Mes carottes ne grossissent pas<\/b>, <b>pourquoi<\/b> ? Deux raisons possibles : &#8211; Les <b>carottes<\/b> n&rsquo;ont <b>pas<\/b> \u00e9t\u00e9s suffisamment \u00e9claircies, elles sont trop proches les unes <b>des<\/b> autres. &#8230; Pour <b>un<\/b> bon arrosage de la <b>carotte<\/b>, arrosez moins souvent mais abondamment.<\/p>\n<h2><span class=\"ez-toc-section\" id=\"Comment_eviter_les_vers_dans_les_carottes\"><\/span><strong>Comment \u00e9viter les vers dans les carottes ?<\/strong><span class=\"ez-toc-section-end\"><\/span><\/h2>\n<p>La pr\u00e9vention consiste \u00e0 op\u00e9rer une bonne rotation : changez l&#8217;emplacement de votre semis chaque ann\u00e9e. Ne semez pas les <b>carottes<\/b> pr\u00e8s des autres apiac\u00e9es (ex ombellif\u00e8res) comme le persil, le fenouil ou le panais. Semez-les en association avec des oignons, 1 rang sur 2, ou des fleurs comme des \u0153illets d&rsquo;inde.<\/p>\n<h2><span class=\"ez-toc-section\" id=\"Pourquoi_les_carottes_sont_petites\"><\/span><strong>Pourquoi les carottes sont petites ?<\/strong><span class=\"ez-toc-section-end\"><\/span><\/h2>\n<p>Si vos <b>carottes sont<\/b> rest\u00e9es <b>petites<\/b>, c&rsquo;est sans doute qu&rsquo;elles ont du partager leur espace avec trop d&rsquo;autres racines (qu&rsquo;il s&rsquo;agisse de celles de <b>carottes<\/b> ou d&rsquo;autres plantes.) Dans les potagers traditionnels, on bine le sol avant de semer les <b>carottes<\/b>.<\/p>\n<h2><span class=\"ez-toc-section\" id=\"Quand_semer_des_graines_de_panais\"><\/span><strong>Quand semer des graines de panais ?<\/strong><span class=\"ez-toc-section-end\"><\/span><\/h2>\n<p>Semez le <b>panais<\/b> de f\u00e9vrier-mars \u00e0 juin.<\/p>\n<h2><span class=\"ez-toc-section\" id=\"Comment_semer_des_carottes_nantaises\"><\/span><strong>Comment semer des carottes nantaises ?<\/strong><span class=\"ez-toc-section-end\"><\/span><\/h2>\n<p><b>Semis<\/b> d&rsquo;\u00e9t\u00e9, de mai \u00e0 juillet pour une r\u00e9colte du d\u00e9but de l&rsquo;automne \u00e0 l&rsquo;hiver. Tr\u00e8s bien pr\u00e9parer le lit de <b>semis<\/b> : bien affiner la terre, arroser le sol, <b>semer<\/b> clair en lignes distantes de 25 \u00e0 30 cm, \u00e0 exposition ensoleill\u00e9e et recouvrir d&rsquo;un m\u00e9lange de terre tr\u00e8s fine et de sable sur quelques millim\u00e8tres.<\/p>\n<h2><span class=\"ez-toc-section\" id=\"Quelle_profondeur_pour_une_graine\"><\/span><strong>Quelle profondeur pour une graine ?<\/strong><span class=\"ez-toc-section-end\"><\/span><\/h2>\n<p>De mani\u00e8re g\u00e9n\u00e9rale, retenez que la <b>profondeur<\/b> du semis doit \u00eatre \u00e9gal \u00e0 3 fois le diam\u00e8tre de la <b>graine<\/b>. Vous avez une <b>graine<\/b> minuscule ? Appliquez une fine couche de terreau en surface. <b>A<\/b> l&rsquo;inverse, \u00e0 titre d&rsquo;exemple, une <b>graine<\/b> de f\u00e8ve pourra \u00eatre sem\u00e9e \u00e0 3 cm de <b>profondeur<\/b>.<\/p>\n<h2><span class=\"ez-toc-section\" id=\"Est-ce_quon_peut_repiquer_des_carottes\"><\/span><strong>Est-ce qu&rsquo;on peut repiquer des carottes ?<\/strong><span class=\"ez-toc-section-end\"><\/span><\/h2>\n<p>On <b>peut repiquer des carottes<\/b> : pour boucher des trous dans ses rang\u00e9es de semis apr\u00e8s \u00e9claircissage ; pour cultiver \u00e9galement des <b>carottes<\/b> en pots (1 \u00e0 3 par pot de 30 cm de profondeur) si l&rsquo;on a effectu\u00e9 au pr\u00e9alable un semis group\u00e9 en pleine terre.<\/p>\n<h2><span class=\"ez-toc-section\" id=\"Quand_eclaircir_les_semis\"><\/span><strong>Quand \u00e9claircir les semis ?<\/strong><span class=\"ez-toc-section-end\"><\/span><\/h2>\n<p><b>Quand \u00e9claircir<\/b> ? Il faut compter environ 1 mois apr\u00e8s le <b>semis<\/b>, d\u00e8s que les petites plantules ont 3-4 feuilles. Evitez de le faire par une journ\u00e9e trop ensoleill\u00e9e car les jeunes plants ne r\u00e9sisteront pas (syst\u00e8me racinaire trop fin et fragile). Pr\u00e9f\u00e9rez une journ\u00e9e couverte ou bien le soir \u00e0 la fraiche.<\/p>\n<h2><span class=\"ez-toc-section\" id=\"Comment_eclaircir_jardin\"><\/span><strong>Comment \u00e9claircir jardin ?<\/strong><span class=\"ez-toc-section-end\"><\/span><\/h2>\n<p>Une fois les graines germ\u00e9es, et les jeunes plantules pourvus de feuilles, \u00e9liminez en plusieurs pour leur laisser l&rsquo;espace n\u00e9cessaire \u00e0 leur d\u00e9veloppement. Selon le type de l\u00e9gume \u00e0 <b>\u00e9claircir<\/b> : jetez les jeunes plants au compost ou en paillis, repiquez-les plus loin ou mangez-les !<\/p>\n<h2><span class=\"ez-toc-section\" id=\"Comment_faire_grossir_les_panais\"><\/span><strong>Comment faire grossir les panais ?<\/strong><span class=\"ez-toc-section-end\"><\/span><\/h2>\n<p><b>  Semis et plantation du  <b>   panais  <\/b> <\/b> <\/p>\n<ol>\n<li>   Le semis en terre doit se   <b>    faire   <\/b>   dans un sol tr\u00e8s l\u00e9ger, avec du sable et \u00e0 peine couvert.  <\/li>\n<li>   Ameublir le sol sur 20 cm et apporter du fumier d\u00e9shydrat\u00e9 ou du compost quelques jours avant.  <\/li>\n<li>   Creuser des petites tranch\u00e9es d&rsquo;un cm de profondeur environ.  <\/li>\n<li>   Espacer chaque tranch\u00e9e de 30 cm environ.  <\/li>\n<\/ol>\n<h2><span class=\"ez-toc-section\" id=\"Pourquoi_les_legumes_ne_grossissent_pas\"><\/span><strong>Pourquoi les l\u00e9gumes ne grossissent pas ?<\/strong><span class=\"ez-toc-section-end\"><\/span><\/h2>\n<p>C&rsquo;est le signe que vos plants sont dans un terreau trop pauvre et <b>pas<\/b> assez fertile. Donnez-leur de l&rsquo;engrais riche en azote ou du purin d&rsquo;ortie pour nourrir votre terre.<\/p>\n<h2><span class=\"ez-toc-section\" id=\"Pourquoi_mes_carottes_ont_plusieurs_racines\"><\/span><strong>Pourquoi mes carottes ont plusieurs racines ?<\/strong><span class=\"ez-toc-section-end\"><\/span><\/h2>\n<p>La pr\u00e9sence de pierres, herbe ou fumier non d\u00e9compos\u00e9, mottes de terre non bris\u00e9es, etc provoque le \u201cfourchage\u201d des <b>racines<\/b> qui d\u00e9veloppent <b>plusieurs<\/b> pointes.<\/p>\n<h2><span class=\"ez-toc-section\" id=\"Comment_eloigner_la_mouche_de_la_carotte\"><\/span><strong>Comment \u00e9loigner la mouche de la carotte ?<\/strong><span class=\"ez-toc-section-end\"><\/span><\/h2>\n<p>Traitements naturels : \u00c9liminer les racines contamin\u00e9es et les d\u00e9truire. Arroser plants et sol avec des infusions de plantes \u00e0 odeur forte : tanaisie, d&rsquo;absinthe, ail ou oignon. Entre les rangs, placer aneth, foug\u00e8re ou lavande.<\/p>\n<h2><span class=\"ez-toc-section\" id=\"Quand_mettre_un_filet_sur_les_carottes\"><\/span><strong>Quand mettre un filet sur les carottes ?<\/strong><span class=\"ez-toc-section-end\"><\/span><\/h2>\n<p><b>Carotte<\/b>. La <b>carotte<\/b> a \u00e9galement son ennemi jur\u00e9, c&rsquo;est la mouche de la <b>carotte<\/b>. L\u00e0 aussi peu de solution \u00e0 part <b>poser un filet<\/b> anti-insectes d&rsquo;Avril \u00e0 Octobre.<\/p>\n<h2><span class=\"ez-toc-section\" id=\"Comment_lutter_contre_le_ver_du_poireau\"><\/span><strong>Comment lutter contre le ver du poireau ?<\/strong><span class=\"ez-toc-section-end\"><\/span><\/h2>\n<p>Des pulv\u00e9risations de purin d&rsquo;ortie. Au lieu de planter vos <b>poireaux<\/b> en lignes comme d&rsquo;habitude, installez-les par petits groupes parmi des cultures qui \u00e9loignent la <b>teigne<\/b> : carottes, tomates, c\u00e9leri. Avant de repiquer ou de planter vos touts jeunes <b>poireaux<\/b>, faites les s\u00e9cher sur du papier journal 3 \u00e0 4 jours.<\/p>\n<h2><span class=\"ez-toc-section\" id=\"Quel_arrosage_pour_les_carottes\"><\/span><strong>Quel arrosage pour les carottes ?<\/strong><span class=\"ez-toc-section-end\"><\/span><\/h2>\n<p>Quand et comment <b>arroser<\/b> la <b>carotte<\/b> au potager<\/p>\n<p> Fr\u00e9quence des <b>arrosages<\/b> : ils doivent \u00eatre r\u00e9guliers mais l\u00e9gers, <b>pour<\/b> favoriser la lev\u00e9e et \u00e9loigner les araign\u00e9es rouges ; plus abondants et 1 fois par semaine le mois qui suit le semis et en \u00e9t\u00e9, par temps sec.<\/p>\n<h2><span class=\"ez-toc-section\" id=\"Comment_faire_germer_les_graines_de_panais\"><\/span><strong>Comment faire germer les graines de panais ?<\/strong><span class=\"ez-toc-section-end\"><\/span><\/h2>\n<p><b>Comment<\/b> semer le <b>panais<\/b> ? Les semis se font en ligne avec des sillons peu profonds espac\u00e9s de 30-40 cm, \u00e0 une profondeur d&rsquo;\u00e0 peine 1cm, car les <b>graines<\/b> doivent \u00eatre peu recouvertes. Vous devrez peut-\u00eatre arroser le fond du sillon s&rsquo;il est tr\u00e8s sec avant de d\u00e9poser les <b>graines<\/b>.<\/p>\n<h2><span class=\"ez-toc-section\" id=\"Comment_obtenir_des_graines_de_panais\"><\/span><strong>Comment obtenir des graines de panais ?<\/strong><span class=\"ez-toc-section-end\"><\/span><\/h2>\n<p>La tige florale pouvant atteindre 2 m de hauteur, pr\u00e9voyez juste au mois de juillet de leur installer un tuteur afin d&rsquo;\u00e9viter que le vent ne les couche. Vous pourrez r\u00e9colter les <b>graines<\/b> quand elles seront s\u00e8ches et faciles \u00e0 d\u00e9tacher. Conservez-les ensuite au sec dans des sachets en papier.<\/p>\n<h2><span class=\"ez-toc-section\" id=\"Quelle_lune_pour_semer_les_panais\"><\/span><strong>Quelle lune pour semer les panais ?<\/strong><span class=\"ez-toc-section-end\"><\/span><\/h2>\n<p><b>Semer<\/b> le <b>panais<\/b> pendant la <b>lune<\/b> montante, en pleine terre en mars-avril, et au mois <b>de<\/b> novembre en serre froide ou en ext\u00e9rieur sous ch\u00e2ssis, voile d&rsquo;hivernage ou tunnel plastique (<b>semer<\/b> en ligne \u00e0 3-4 cm <b>de<\/b> distance).<\/p>\n<h2><strong><\/strong><\/h2>\n<h2><strong><\/strong><\/h2>\n<hr \/>\n<p><em>Editeurs: 18 &#8211; R\u00e9f\u00e9rences: 26 articles<\/em><\/p>\n<p><em>N\u2019oubliez pas de partager l\u2019article !<\/em><\/p>\n","protected":false},"excerpt":{"rendered":"<p>Semer les carottes D\u00e9sherbez avant de semer et grattez la terre en surface puis arrosez. Creusez un sillon comme pour la culture des poireaux et conservez la terre sur les cot\u00e9s pour butter les carottes d\u00e8s la troisi\u00e8me semaine. Les lignes sont espac\u00e9es de 20 centim\u00e8tres pour faciliter le nettoyage entre les lignes. Ainsi, Comment [&hellip;]<\/p>\n","protected":false},"author":6,"featured_media":0,"comment_status":"open","ping_status":"open","sticky":false,"template":"","format":"standard","meta":{"tdm_status":"","tdm_grid_status":"","_jetpack_memberships_contains_paid_content":false,"footnotes":"","jetpack_publicize_message":"","jetpack_publicize_feature_enabled":true,"jetpack_social_post_already_shared":true,"jetpack_social_options":{"image_generator_settings":{"template":"highway","default_image_id":0,"font":"","enabled":false},"version":2}},"categories":[3457],"tags":[],"class_list":["post-54642","post","type-post","status-publish","format-standard","hentry","category-maison"],"yoast_head":"<!-- This site is optimized with the Yoast SEO Premium plugin v25.0 (Yoast SEO v25.0) - https:\/\/yoast.com\/wordpress\/plugins\/seo\/ -->\n<title>Comment semer les carottes sans les \u00e9claircir ?<\/title>\n<meta name=\"description\" content=\"Semer les carottes D\u00e9sherbez avant de semer et grattez la terre en surface puis arrosez. Creusez un sillon comme pour la culture des poireaux et conservez\" \/>\n<meta name=\"robots\" content=\"index, follow, max-snippet:-1, max-image-preview:large, max-video-preview:-1\" \/>\n<link rel=\"canonical\" href=\"https:\/\/flashmode.tn\/magazine\/comment-semer-les-carottes-sans-les-eclaircir\/\" \/>\n<meta property=\"og:locale\" content=\"fr_FR\" \/>\n<meta property=\"og:type\" content=\"article\" \/>\n<meta property=\"og:title\" content=\"Comment semer les carottes sans les \u00e9claircir ? - Flashmode Magazine | Magazine de mode et style de vie Num\u00e9ro un en Tunisie et au Maghreb\" \/>\n<meta property=\"og:description\" content=\"Semer les carottes D\u00e9sherbez avant de semer et grattez la terre en surface puis arrosez. Creusez un sillon comme pour la culture des poireaux et conservez\" \/>\n<meta property=\"og:url\" content=\"https:\/\/flashmode.tn\/magazine\/comment-semer-les-carottes-sans-les-eclaircir\/\" \/>\n<meta property=\"og:site_name\" content=\"Flashmode Magazine | Magazine de mode et style de vie Num\u00e9ro un en Tunisie et au Maghreb\" \/>\n<meta property=\"article:publisher\" content=\"https:\/\/www.facebook.com\/flashmode.magazine\/\" \/>\n<meta property=\"article:published_time\" content=\"2022-01-20T01:56:45+00:00\" \/>\n<meta name=\"author\" content=\"EventsEditors\" \/>\n<meta name=\"twitter:card\" content=\"summary_large_image\" \/>\n<meta name=\"twitter:creator\" content=\"@agenceflashmode\" \/>\n<meta name=\"twitter:site\" content=\"@agenceflashmode\" \/>\n<meta name=\"twitter:label1\" content=\"\u00c9crit par\" \/>\n\t<meta name=\"twitter:data1\" content=\"EventsEditors\" \/>\n\t<meta name=\"twitter:label2\" content=\"Dur\u00e9e de lecture estim\u00e9e\" \/>\n\t<meta name=\"twitter:data2\" content=\"6 minutes\" \/>\n<script type=\"application\/ld+json\" class=\"yoast-schema-graph\">{\"@context\":\"https:\/\/schema.org\",\"@graph\":[{\"@type\":\"WebPage\",\"@id\":\"https:\/\/flashmode.tn\/magazine\/comment-semer-les-carottes-sans-les-eclaircir\/\",\"url\":\"https:\/\/flashmode.tn\/magazine\/comment-semer-les-carottes-sans-les-eclaircir\/\",\"name\":\"Comment semer les carottes sans les \u00e9claircir ?\",\"isPartOf\":{\"@id\":\"https:\/\/flashmode.tn\/magazine\/#website\"},\"datePublished\":\"2022-01-20T01:56:45+00:00\",\"author\":{\"@id\":\"https:\/\/flashmode.tn\/magazine\/#\/schema\/person\/257d6780605b915a5e352977f0f6f41c\"},\"description\":\"Semer les carottes D\u00e9sherbez avant de semer et grattez la terre en surface puis arrosez. Creusez un sillon comme pour la culture des poireaux et conservez\",\"breadcrumb\":{\"@id\":\"https:\/\/flashmode.tn\/magazine\/comment-semer-les-carottes-sans-les-eclaircir\/#breadcrumb\"},\"inLanguage\":\"fr-FR\",\"potentialAction\":[{\"@type\":\"ReadAction\",\"target\":[\"https:\/\/flashmode.tn\/magazine\/comment-semer-les-carottes-sans-les-eclaircir\/\"]}]},{\"@type\":\"BreadcrumbList\",\"@id\":\"https:\/\/flashmode.tn\/magazine\/comment-semer-les-carottes-sans-les-eclaircir\/#breadcrumb\",\"itemListElement\":[{\"@type\":\"ListItem\",\"position\":1,\"name\":\"Accueil\",\"item\":\"https:\/\/flashmode.tn\/magazine\/\"},{\"@type\":\"ListItem\",\"position\":2,\"name\":\"Comment semer les carottes sans les \u00e9claircir ?\"}]},{\"@type\":\"WebSite\",\"@id\":\"https:\/\/flashmode.tn\/magazine\/#website\",\"url\":\"https:\/\/flashmode.tn\/magazine\/\",\"name\":\"Flashmode Magazine | Magazine de mode et style de vie Num\u00e9ro un en Tunisie et au Maghreb\",\"description\":\"Magazine de mode et style de vie Num\u00e9ro un en Tunisie et au Maghreb, cr\u00e9\u00e9 pour les hommes et les femmes : conseils beaut\u00e9, mode femme, mode homme, recettes de cuisine, c\u00e9l\u00e9brit\u00e9s et people, mannequins et top modeles\",\"potentialAction\":[{\"@type\":\"SearchAction\",\"target\":{\"@type\":\"EntryPoint\",\"urlTemplate\":\"https:\/\/flashmode.tn\/magazine\/?s={search_term_string}\"},\"query-input\":{\"@type\":\"PropertyValueSpecification\",\"valueRequired\":true,\"valueName\":\"search_term_string\"}}],\"inLanguage\":\"fr-FR\"},{\"@type\":\"Person\",\"@id\":\"https:\/\/flashmode.tn\/magazine\/#\/schema\/person\/257d6780605b915a5e352977f0f6f41c\",\"name\":\"EventsEditors\",\"image\":{\"@type\":\"ImageObject\",\"inLanguage\":\"fr-FR\",\"@id\":\"https:\/\/flashmode.tn\/magazine\/#\/schema\/person\/image\/\",\"url\":\"https:\/\/secure.gravatar.com\/avatar\/e2daedf958f66be37c9a79abe56184d85cd1baa6bba0dd8017e3f7d01555232f?s=96&d=mm&r=g\",\"contentUrl\":\"https:\/\/secure.gravatar.com\/avatar\/e2daedf958f66be37c9a79abe56184d85cd1baa6bba0dd8017e3f7d01555232f?s=96&d=mm&r=g\",\"caption\":\"EventsEditors\"},\"url\":\"https:\/\/flashmode.tn\/magazine\/author\/eventseditors\/\"}]}<\/script>\n<!-- \/ Yoast SEO Premium plugin. -->","yoast_head_json":{"title":"Comment semer les carottes sans les \u00e9claircir ?","description":"Semer les carottes D\u00e9sherbez avant de semer et grattez la terre en surface puis arrosez. Creusez un sillon comme pour la culture des poireaux et conservez","robots":{"index":"index","follow":"follow","max-snippet":"max-snippet:-1","max-image-preview":"max-image-preview:large","max-video-preview":"max-video-preview:-1"},"canonical":"https:\/\/flashmode.tn\/magazine\/comment-semer-les-carottes-sans-les-eclaircir\/","og_locale":"fr_FR","og_type":"article","og_title":"Comment semer les carottes sans les \u00e9claircir ? - Flashmode Magazine | Magazine de mode et style de vie Num\u00e9ro un en Tunisie et au Maghreb","og_description":"Semer les carottes D\u00e9sherbez avant de semer et grattez la terre en surface puis arrosez. Creusez un sillon comme pour la culture des poireaux et conservez","og_url":"https:\/\/flashmode.tn\/magazine\/comment-semer-les-carottes-sans-les-eclaircir\/","og_site_name":"Flashmode Magazine | Magazine de mode et style de vie Num\u00e9ro un en Tunisie et au Maghreb","article_publisher":"https:\/\/www.facebook.com\/flashmode.magazine\/","article_published_time":"2022-01-20T01:56:45+00:00","author":"EventsEditors","twitter_card":"summary_large_image","twitter_creator":"@agenceflashmode","twitter_site":"@agenceflashmode","twitter_misc":{"\u00c9crit par":"EventsEditors","Dur\u00e9e de lecture estim\u00e9e":"6 minutes"},"schema":{"@context":"https:\/\/schema.org","@graph":[{"@type":"WebPage","@id":"https:\/\/flashmode.tn\/magazine\/comment-semer-les-carottes-sans-les-eclaircir\/","url":"https:\/\/flashmode.tn\/magazine\/comment-semer-les-carottes-sans-les-eclaircir\/","name":"Comment semer les carottes sans les \u00e9claircir ?","isPartOf":{"@id":"https:\/\/flashmode.tn\/magazine\/#website"},"datePublished":"2022-01-20T01:56:45+00:00","author":{"@id":"https:\/\/flashmode.tn\/magazine\/#\/schema\/person\/257d6780605b915a5e352977f0f6f41c"},"description":"Semer les carottes D\u00e9sherbez avant de semer et grattez la terre en surface puis arrosez. Creusez un sillon comme pour la culture des poireaux et conservez","breadcrumb":{"@id":"https:\/\/flashmode.tn\/magazine\/comment-semer-les-carottes-sans-les-eclaircir\/#breadcrumb"},"inLanguage":"fr-FR","potentialAction":[{"@type":"ReadAction","target":["https:\/\/flashmode.tn\/magazine\/comment-semer-les-carottes-sans-les-eclaircir\/"]}]},{"@type":"BreadcrumbList","@id":"https:\/\/flashmode.tn\/magazine\/comment-semer-les-carottes-sans-les-eclaircir\/#breadcrumb","itemListElement":[{"@type":"ListItem","position":1,"name":"Accueil","item":"https:\/\/flashmode.tn\/magazine\/"},{"@type":"ListItem","position":2,"name":"Comment semer les carottes sans les \u00e9claircir ?"}]},{"@type":"WebSite","@id":"https:\/\/flashmode.tn\/magazine\/#website","url":"https:\/\/flashmode.tn\/magazine\/","name":"Flashmode Magazine | Magazine de mode et style de vie Num\u00e9ro un en Tunisie et au Maghreb","description":"Magazine de mode et style de vie Num\u00e9ro un en Tunisie et au Maghreb, cr\u00e9\u00e9 pour les hommes et les femmes : conseils beaut\u00e9, mode femme, mode homme, recettes de cuisine, c\u00e9l\u00e9brit\u00e9s et people, mannequins et top modeles","potentialAction":[{"@type":"SearchAction","target":{"@type":"EntryPoint","urlTemplate":"https:\/\/flashmode.tn\/magazine\/?s={search_term_string}"},"query-input":{"@type":"PropertyValueSpecification","valueRequired":true,"valueName":"search_term_string"}}],"inLanguage":"fr-FR"},{"@type":"Person","@id":"https:\/\/flashmode.tn\/magazine\/#\/schema\/person\/257d6780605b915a5e352977f0f6f41c","name":"EventsEditors","image":{"@type":"ImageObject","inLanguage":"fr-FR","@id":"https:\/\/flashmode.tn\/magazine\/#\/schema\/person\/image\/","url":"https:\/\/secure.gravatar.com\/avatar\/e2daedf958f66be37c9a79abe56184d85cd1baa6bba0dd8017e3f7d01555232f?s=96&d=mm&r=g","contentUrl":"https:\/\/secure.gravatar.com\/avatar\/e2daedf958f66be37c9a79abe56184d85cd1baa6bba0dd8017e3f7d01555232f?s=96&d=mm&r=g","caption":"EventsEditors"},"url":"https:\/\/flashmode.tn\/magazine\/author\/eventseditors\/"}]}},"jetpack_publicize_connections":[],"jetpack_featured_media_url":"","jetpack_shortlink":"https:\/\/wp.me\/p8BPGr-edk","jetpack_sharing_enabled":true,"_links":{"self":[{"href":"https:\/\/flashmode.tn\/magazine\/wp-json\/wp\/v2\/posts\/54642","targetHints":{"allow":["GET"]}}],"collection":[{"href":"https:\/\/flashmode.tn\/magazine\/wp-json\/wp\/v2\/posts"}],"about":[{"href":"https:\/\/flashmode.tn\/magazine\/wp-json\/wp\/v2\/types\/post"}],"author":[{"embeddable":true,"href":"https:\/\/flashmode.tn\/magazine\/wp-json\/wp\/v2\/users\/6"}],"replies":[{"embeddable":true,"href":"https:\/\/flashmode.tn\/magazine\/wp-json\/wp\/v2\/comments?post=54642"}],"version-history":[{"count":0,"href":"https:\/\/flashmode.tn\/magazine\/wp-json\/wp\/v2\/posts\/54642\/revisions"}],"wp:attachment":[{"href":"https:\/\/flashmode.tn\/magazine\/wp-json\/wp\/v2\/media?parent=54642"}],"wp:term":[{"taxonomy":"category","embeddable":true,"href":"https:\/\/flashmode.tn\/magazine\/wp-json\/wp\/v2\/categories?post=54642"},{"taxonomy":"post_tag","embeddable":true,"href":"https:\/\/flashmode.tn\/magazine\/wp-json\/wp\/v2\/tags?post=54642"}],"curies":[{"name":"wp","href":"https:\/\/api.w.org\/{rel}","templated":true}]}}