{"id":55056,"date":"2021-12-07T06:00:34","date_gmt":"2021-12-07T05:00:34","guid":{"rendered":"https:\/\/flashmode.tn\/magazine\/?p=55056"},"modified":"2021-12-07T06:00:34","modified_gmt":"2021-12-07T05:00:34","slug":"comment-tailler-en-vert-les-pommiers-2","status":"publish","type":"post","link":"https:\/\/flashmode.tn\/magazine\/comment-tailler-en-vert-les-pommiers-2\/","title":{"rendered":"Comment tailler en vert les pommiers ?"},"content":{"rendered":"<p><b>Tailler \u00ab\u00a0en vert\u00a0\u00bb les pommiers<\/b> permet de limiter leur encombrement, et de parfaire leur silhouette. Cette <b>taille<\/b> vise \u00e0 d\u00e9gager le coeur de l&rsquo;arbre : supprimez \u00e0 leur base les nouvelles tiges partant du tronc principal. Elles pompent de la s\u00e8ve au d\u00e9triment des rameaux d\u00e9j\u00e0 form\u00e9s qui portent du fruit.<\/p>\n<p>Ainsi, Quel P\u00e9riode faire la taille en vert pour le p\u00eacher ?<\/p>\n<p><b>Taille<\/b> du <b>p\u00eacher en vert<\/b><\/p>\n<p> La <b>taille<\/b> en <b>vert<\/b> est une appellation d\u00e9signant plusieurs op\u00e9rations de tailles \u00e0 r\u00e9aliser <b>quand<\/b> les arbres portent encore des feuilles. La <b>taille<\/b> en <b>vert<\/b> du <b>p\u00eacher<\/b> est r\u00e9alis\u00e9e avant la floraison du <b>p\u00eacher<\/b>, \u00e0 la fin de l&rsquo;hiver puis \u00e9ventuellement en avril, apr\u00e8s la mise en fleur.<\/p>\n<p>ensuite Comment tailler un pommier trop haut ?<\/p>\n<p>Supprimez les branches qui se croisent pour ne garder que les principales et les plus vigoureuses. Vous formerez ainsi la silhouette de l&rsquo;arbre. Coupez au dessus d&rsquo;un oeil (un bourgeon) tourn\u00e9 vers l&rsquo;ext\u00e9rieur, \u00e0 environ 60 cm du <b>haut<\/b> du du tronc. Cette op\u00e9ration favorisera le d\u00e9veloppement de votre fruitier.<\/p>\n<p>Comment tailler les pommiers en U ?<\/p>\n<p>Conserver les branches charpenti\u00e8res, c&rsquo;est-\u00e0-dire celles dans l&rsquo;axe de la charpente. Si plusieurs branches sont pr\u00e9sentes, garder uniquement celles qui se posent naturellement contre la palissade. Et couper les autres \u00e0 3 yeux. Supprimer toutes les branches qui poussent sur la partie basse du <b>pommier<\/b>.<\/p>\n<div id=\"ez-toc-container\" class=\"ez-toc-v2_0_81 counter-hierarchy ez-toc-counter ez-toc-grey ez-toc-container-direction\">\n<div class=\"ez-toc-title-container\">\n<p class=\"ez-toc-title\" style=\"cursor:inherit\">Contenus de la page<\/p>\n<span class=\"ez-toc-title-toggle\"><a href=\"#\" class=\"ez-toc-pull-right ez-toc-btn ez-toc-btn-xs ez-toc-btn-default ez-toc-toggle\" aria-label=\"Toggle Table of Content\"><span class=\"ez-toc-js-icon-con\"><span class=\"\"><span class=\"eztoc-hide\" style=\"display:none;\">Toggle<\/span><span class=\"ez-toc-icon-toggle-span\"><svg style=\"fill: #999;color:#999\" xmlns=\"http:\/\/www.w3.org\/2000\/svg\" class=\"list-377408\" width=\"20px\" height=\"20px\" viewBox=\"0 0 24 24\" fill=\"none\"><path d=\"M6 6H4v2h2V6zm14 0H8v2h12V6zM4 11h2v2H4v-2zm16 0H8v2h12v-2zM4 16h2v2H4v-2zm16 0H8v2h12v-2z\" fill=\"currentColor\"><\/path><\/svg><svg style=\"fill: #999;color:#999\" class=\"arrow-unsorted-368013\" xmlns=\"http:\/\/www.w3.org\/2000\/svg\" width=\"10px\" height=\"10px\" viewBox=\"0 0 24 24\" version=\"1.2\" baseProfile=\"tiny\"><path d=\"M18.2 9.3l-6.2-6.3-6.2 6.3c-.2.2-.3.4-.3.7s.1.5.3.7c.2.2.4.3.7.3h11c.3 0 .5-.1.7-.3.2-.2.3-.5.3-.7s-.1-.5-.3-.7zM5.8 14.7l6.2 6.3 6.2-6.3c.2-.2.3-.5.3-.7s-.1-.5-.3-.7c-.2-.2-.4-.3-.7-.3h-11c-.3 0-.5.1-.7.3-.2.2-.3.5-.3.7s.1.5.3.7z\"\/><\/svg><\/span><\/span><\/span><\/a><\/span><\/div>\n<nav><ul class='ez-toc-list ez-toc-list-level-1 ' ><li class='ez-toc-page-1 ez-toc-heading-level-2'><a class=\"ez-toc-link ez-toc-heading-1\" href=\"https:\/\/flashmode.tn\/magazine\/comment-tailler-en-vert-les-pommiers-2\/#Comment_tailler_un_fruitier_en_U\" >Comment tailler un fruitier en U ?<\/a><\/li><li class='ez-toc-page-1 ez-toc-heading-level-2'><a class=\"ez-toc-link ez-toc-heading-2\" href=\"https:\/\/flashmode.tn\/magazine\/comment-tailler-en-vert-les-pommiers-2\/#Comment_tailler_en_vert_une_jeune_vigne\" >Comment tailler en vert une jeune vigne ?<\/a><\/li><li class='ez-toc-page-1 ez-toc-heading-level-2'><a class=\"ez-toc-link ez-toc-heading-3\" href=\"https:\/\/flashmode.tn\/magazine\/comment-tailler-en-vert-les-pommiers-2\/#Quand_et_comment_tailler_un_jeune_pecher\" >Quand et comment tailler un jeune p\u00eacher ?<\/a><\/li><li class='ez-toc-page-1 ez-toc-heading-level-2'><a class=\"ez-toc-link ez-toc-heading-4\" href=\"https:\/\/flashmode.tn\/magazine\/comment-tailler-en-vert-les-pommiers-2\/#Comment_faire_une_taille_de_fructification\" >Comment faire une taille de fructification ?<\/a><\/li><li class='ez-toc-page-1 ez-toc-heading-level-2'><a class=\"ez-toc-link ez-toc-heading-5\" href=\"https:\/\/flashmode.tn\/magazine\/comment-tailler-en-vert-les-pommiers-2\/#Quelle_est_la_hauteur_dun_pommier\" >Quelle est la hauteur d&rsquo;un pommier ?<\/a><\/li><li class='ez-toc-page-1 ez-toc-heading-level-2'><a class=\"ez-toc-link ez-toc-heading-6\" href=\"https:\/\/flashmode.tn\/magazine\/comment-tailler-en-vert-les-pommiers-2\/#Quand_tailler_les_pommiers_en_ete\" >Quand tailler les pommiers en \u00e9t\u00e9 ?<\/a><\/li><li class='ez-toc-page-1 ez-toc-heading-level-2'><a class=\"ez-toc-link ez-toc-heading-7\" href=\"https:\/\/flashmode.tn\/magazine\/comment-tailler-en-vert-les-pommiers-2\/#Quand_et_comment_tailler_un_jeune_pommier\" >Quand et comment tailler un jeune pommier ?<\/a><\/li><li class='ez-toc-page-1 ez-toc-heading-level-2'><a class=\"ez-toc-link ez-toc-heading-8\" href=\"https:\/\/flashmode.tn\/magazine\/comment-tailler-en-vert-les-pommiers-2\/#Comment_tailler_des_pommiers_en_cordon\" >Comment tailler des pommiers en cordon ?<\/a><\/li><li class='ez-toc-page-1 ez-toc-heading-level-2'><a class=\"ez-toc-link ez-toc-heading-9\" href=\"https:\/\/flashmode.tn\/magazine\/comment-tailler-en-vert-les-pommiers-2\/#Quelle_taille_pommier\" >Quelle taille pommier ?<\/a><\/li><li class='ez-toc-page-1 ez-toc-heading-level-2'><a class=\"ez-toc-link ez-toc-heading-10\" href=\"https:\/\/flashmode.tn\/magazine\/comment-tailler-en-vert-les-pommiers-2\/#Quand_tailler_pommier_en_U\" >Quand tailler pommier en U ?<\/a><\/li><li class='ez-toc-page-1 ez-toc-heading-level-2'><a class=\"ez-toc-link ez-toc-heading-11\" href=\"https:\/\/flashmode.tn\/magazine\/comment-tailler-en-vert-les-pommiers-2\/#Comment_tailler_un_poirier_en_U\" >Comment tailler un poirier en U ?<\/a><\/li><li class='ez-toc-page-1 ez-toc-heading-level-2'><a class=\"ez-toc-link ez-toc-heading-12\" href=\"https:\/\/flashmode.tn\/magazine\/comment-tailler-en-vert-les-pommiers-2\/#Comment_faire_fructifier_une_vigne\" >Comment faire fructifier une vigne ?<\/a><\/li><li class='ez-toc-page-1 ez-toc-heading-level-2'><a class=\"ez-toc-link ez-toc-heading-13\" href=\"https:\/\/flashmode.tn\/magazine\/comment-tailler-en-vert-les-pommiers-2\/#Quand_apparaissent_les_premieres_grappes_de_raisin\" >Quand apparaissent les premi\u00e8res grappes de raisin ?<\/a><\/li><li class='ez-toc-page-1 ez-toc-heading-level-2'><a class=\"ez-toc-link ez-toc-heading-14\" href=\"https:\/\/flashmode.tn\/magazine\/comment-tailler-en-vert-les-pommiers-2\/#Comment_faire_grossir_les_grappes_de_raisin\" >Comment faire grossir les grappes de raisin ?<\/a><\/li><li class='ez-toc-page-1 ez-toc-heading-level-2'><a class=\"ez-toc-link ez-toc-heading-15\" href=\"https:\/\/flashmode.tn\/magazine\/comment-tailler-en-vert-les-pommiers-2\/#Quand_et_comment_tailler_un_jeune_Prunier\" >Quand et comment tailler un jeune Prunier ?<\/a><\/li><li class='ez-toc-page-1 ez-toc-heading-level-2'><a class=\"ez-toc-link ez-toc-heading-16\" href=\"https:\/\/flashmode.tn\/magazine\/comment-tailler-en-vert-les-pommiers-2\/#Comment_tailler_les_jeunes_arbres_fruitiers\" >Comment tailler les jeunes arbres fruitiers ?<\/a><\/li><li class='ez-toc-page-1 ez-toc-heading-level-2'><a class=\"ez-toc-link ez-toc-heading-17\" href=\"https:\/\/flashmode.tn\/magazine\/comment-tailler-en-vert-les-pommiers-2\/#Comment_faire_fructifier_un_arbre_fruitier\" >Comment faire fructifier un arbre fruitier ?<\/a><\/li><li class='ez-toc-page-1 ez-toc-heading-level-2'><a class=\"ez-toc-link ez-toc-heading-18\" href=\"https:\/\/flashmode.tn\/magazine\/comment-tailler-en-vert-les-pommiers-2\/#Comment_faire_fructifier_un_pommier\" >Comment faire fructifier un pommier ?<\/a><\/li><li class='ez-toc-page-1 ez-toc-heading-level-2'><a class=\"ez-toc-link ez-toc-heading-19\" href=\"https:\/\/flashmode.tn\/magazine\/comment-tailler-en-vert-les-pommiers-2\/#Quand_tailler_les_pommiers_en_2021\" >Quand tailler les pommiers en 2021 ?<\/a><\/li><\/ul><\/nav><\/div>\n<h2><span class=\"ez-toc-section\" id=\"Comment_tailler_un_fruitier_en_U\"><\/span>Comment tailler un fruitier en U ?<span class=\"ez-toc-section-end\"><\/span><\/h2>\n<p><b>Taille<\/b> des <b>fruitiers en palmette<\/b> simple <b>U<\/b><\/p>\n<p> Conservez les branches principales qui forment le <b>U<\/b> et raccourcissez-les \u00e0 2 m de haut (c&rsquo;est la longueur d\u00e9finitive qu&rsquo;elles doivent attendre) ; \u00c0 l&rsquo;int\u00e9rieur du <b>U<\/b>, gardez les plus belles nouvelles branches, et rabattez-les au-dessus du 3e \u0153il.<\/p>\n<h2><span class=\"ez-toc-section\" id=\"Comment_tailler_en_vert_une_jeune_vigne\"><\/span><strong>Comment tailler en vert une jeune vigne ?<\/strong><span class=\"ez-toc-section-end\"><\/span><\/h2>\n<p><b>  <b>   Tailler  <\/b>  un plant de  <b>   vigne  <\/b>  de deux ans <\/b> <\/p>\n<ol>\n<li>   Apr\u00e8s la chute des feuilles du   <b>    jeune   <\/b>   plant install\u00e9 en terre, couper \u00e0 une demi-tige (suffisamment ao\u00fbt\u00e9e et longue) : on laisse les deux bourgeons du haut de la partie ao\u00fbt\u00e9e. &#8230;  <\/li>\n<li>   Il faut enlever toutes les pousses en dessous, au fur et \u00e0 mesure de leur apparition fin avril, d\u00e9but mai.  <\/li>\n<\/ol>\n<h2><span class=\"ez-toc-section\" id=\"Quand_et_comment_tailler_un_jeune_pecher\"><\/span><strong>Quand et comment tailler un jeune p\u00eacher ?<\/strong><span class=\"ez-toc-section-end\"><\/span><\/h2>\n<p>La premi\u00e8re <b>taille<\/b> du scion de <b>p\u00eacher<\/b> va s&rsquo;effectuer \u00e0 la fin du premier hiver apr\u00e8s la plantation, vers les mois de f\u00e9vrier mars. 1. Il faut \u00e9t\u00eater le <b>jeune p\u00eacher<\/b>. Mesurez 60 cm au-dessus du point de greffe et coupez en biseau, 0,\u00e0 1 cm au-dessus d&rsquo;un \u0153il.<\/p>\n<h2><span class=\"ez-toc-section\" id=\"Comment_faire_une_taille_de_fructification\"><\/span><strong>Comment faire une taille de fructification ?<\/strong><span class=\"ez-toc-section-end\"><\/span><\/h2>\n<p>La <b>taille de fructification<\/b> consiste \u00e0 <b>tailler<\/b> les branches les plus importantes de l&rsquo;arbre fruitier sans en modifier l&rsquo;aspect physique et en laissant toujours au moins trois yeux sur chaque branche <b>taill\u00e9e<\/b> afin de permettre la <b>fructification<\/b>.<\/p>\n<h2><span class=\"ez-toc-section\" id=\"Quelle_est_la_hauteur_dun_pommier\"><\/span><strong>Quelle est la hauteur d&rsquo;un pommier ?<\/strong><span class=\"ez-toc-section-end\"><\/span><\/h2>\n<p>Fiche de culture et d&rsquo;entretien du <b>pommier<\/b>. Arbre de 10 \u00e0 15 m de <b>hauteur<\/b>, d&rsquo;aspect sph\u00e9rique plus ou moins aplati, aux branches souples et arqu\u00e9es.<\/p>\n<h2><span class=\"ez-toc-section\" id=\"Quand_tailler_les_pommiers_en_ete\"><\/span><strong>Quand tailler les pommiers en \u00e9t\u00e9 ?<\/strong><span class=\"ez-toc-section-end\"><\/span><\/h2>\n<p>Cette <b>taille<\/b> \u00abd&rsquo;<b>\u00e9t\u00e9<\/b>\u00bb, dite \u00aben vert\u00bb, se pratique sur tous vos fruitiers \u00e0 p\u00e9pins durant la p\u00e9riode de v\u00e9g\u00e9tation, comptez de mai jusqu&rsquo;en septembre. On la pratique donc \u00e0 la fois pour former votre arbre, a\u00e9rer sa ramure, faciliter l&rsquo;ensoleillement des fruits en cours de maturit\u00e9.<\/p>\n<h2><span class=\"ez-toc-section\" id=\"Quand_et_comment_tailler_un_jeune_pommier\"><\/span><strong>Quand et comment tailler un jeune pommier ?<\/strong><span class=\"ez-toc-section-end\"><\/span><\/h2>\n<p>Moment id\u00e9al<\/p>\n<p> La p\u00e9riode id\u00e9ale pour effectuer la <b>taille<\/b> de la plupart des arbres et arbustes fruitiers se situe en mars et en avril, avant la p\u00e9riode de floraison. \u00c0 ce moment, l&rsquo;absence de feuilles permet de mieux voir la structure des v\u00e9g\u00e9taux ce qui facilite la r\u00e9alisation des travaux d&rsquo;\u00e9lagage.<\/p>\n<h2><span class=\"ez-toc-section\" id=\"Comment_tailler_des_pommiers_en_cordon\"><\/span><strong>Comment tailler des pommiers en cordon ?<\/strong><span class=\"ez-toc-section-end\"><\/span><\/h2>\n<p>\u00c0 la fin de l&rsquo;hiver, on taillera la jeune pousse de prolongement \u00e0 30 ou 40 cm de sa naissance, juste au-dessus d&rsquo;un bourgeon orient\u00e9 vers le bas. Les pousses tr\u00e8s vigoureuses ainsi que les gourmands implant\u00e9s verticalement seront taill\u00e9s au-dessus du 2<sup>\u00e8me<\/sup> \u0153il, les jeunes pousses lat\u00e9rales, au-dessus du 3<sup>\u00e8me<\/sup> \u0153il.<\/p>\n<h2><span class=\"ez-toc-section\" id=\"Quelle_taille_pommier\"><\/span><strong>Quelle taille pommier ?<\/strong><span class=\"ez-toc-section-end\"><\/span><\/h2>\n<p>Raccourcissez la longueur des branches charpenti\u00e8res \u00e0 25 cm (prenez en rep\u00e8re la longueur du s\u00e9cateur). Taillez alors au-dessus d&rsquo;un \u0153il pointant vers l&rsquo;ext\u00e9rieur, pour privil\u00e9gier une croissance bien droite de la branche principale. Taillez les branches lat\u00e9rales au-dessus du 3e bourgeon ou \u0153il.<\/p>\n<h2><span class=\"ez-toc-section\" id=\"Quand_tailler_pommier_en_U\"><\/span><strong>Quand tailler pommier en U ?<\/strong><span class=\"ez-toc-section-end\"><\/span><\/h2>\n<p>La <b>taille<\/b> du <b>pommier<\/b> se fait en g\u00e9n\u00e9ral en d\u00e9but d&rsquo;hiver mais courre jusqu&rsquo;en f\u00e9vrier (hors p\u00e9riode de gel), dans le but de favoriser la fructification. Plus vous taillerez tard, mieux vous reconnaitrez les bourgeons qui donneront des fleurs car ils gonflent d\u00e9j\u00e0.<\/p>\n<h2><span class=\"ez-toc-section\" id=\"Comment_tailler_un_poirier_en_U\"><\/span><strong>Comment tailler un poirier en U ?<\/strong><span class=\"ez-toc-section-end\"><\/span><\/h2>\n<p><b>  <b>   Tailler un poirier en U  <\/b> <\/b> <\/p>\n<ol>\n<li>   Retirer une bonne moiti\u00e9 des fleurs en gardant 15 cm d&rsquo;\u00e9cartement entre chaque bourgeon.  <\/li>\n<li>   Ne pas h\u00e9siter \u00e0 raccourcir les branches pour rapprocher les futurs bourgeons de la charpente. &#8230;  <\/li>\n<li>   Supprimer les branches qui poussent \u00e0 l&rsquo;arri\u00e8re de la palissade.  <\/li>\n<\/ol>\n<h2><span class=\"ez-toc-section\" id=\"Comment_faire_fructifier_une_vigne\"><\/span><strong>Comment faire fructifier une vigne ?<\/strong><span class=\"ez-toc-section-end\"><\/span><\/h2>\n<p>Taille de base pour avoir de belles grappes sur votre <b>vigne<\/b><\/p>\n<p> \u2013 Coupez ces tiges en laissant au moins 3 bourgeons (yeux) par tige. \u2013 Ce sont elles qui seront les plus fertiles et qui donneront du raisin. \u2013 Si vous coupez toute la tige vous n&rsquo;aurez pas de raisin.<\/p>\n<h2><span class=\"ez-toc-section\" id=\"Quand_apparaissent_les_premieres_grappes_de_raisin\"><\/span><strong>Quand apparaissent les premi\u00e8res grappes de raisin ?<\/strong><span class=\"ez-toc-section-end\"><\/span><\/h2>\n<p>Juin : la floraison<\/p>\n<p> C&rsquo;est la p\u00e9riode de floraison, les baies de <b>raisins<\/b> se dessinent. Ces fleurs <b>apparaissent<\/b> d\u00e9but juin, <b>quand<\/b> la temp\u00e9rature avoisine les 20\u00b0C, les <b>grappes<\/b> s&rsquo;\u00e9panouissent et exhalent un l\u00e9ger parfum. C&rsquo;est de cette floraison dont d\u00e9pend le nombre de baies (les grains) par <b>grappe<\/b>.<\/p>\n<h2><span class=\"ez-toc-section\" id=\"Comment_faire_grossir_les_grappes_de_raisin\"><\/span><strong>Comment faire grossir les grappes de raisin ?<\/strong><span class=\"ez-toc-section-end\"><\/span><\/h2>\n<p>L&rsquo;\u00e9claircissage devient n\u00e9cessaire lorsque les <b>grappes<\/b> sont en grand nombre sur un cep de vigueur modeste. Il consiste \u00e0 couper, au s\u00e9cateur, les <b>grappes<\/b> les plus \u00e9loign\u00e9es du pied de vigne. Intervenir juste apr\u00e8s la nouaison, lorsque les \u00e9tamines sont fl\u00e9tries et que les grains commencent \u00e0 <b>grossir<\/b>.<\/p>\n<h2><span class=\"ez-toc-section\" id=\"Quand_et_comment_tailler_un_jeune_Prunier\"><\/span><strong>Quand et comment tailler un jeune Prunier ?<\/strong><span class=\"ez-toc-section-end\"><\/span><\/h2>\n<p>Quel mois <b>tailler<\/b> les <b>pruniers<\/b> ? Op\u00e9rez entre le mois de novembre et celui de mars, car la s\u00e8ve se concentre dans les racines, et les branches taill\u00e9es cicatrisent mieux. Pratiquez la <b>taille<\/b> par une belle journ\u00e9e ensoleill\u00e9e et s\u00e8che. \u00c9vitez de <b>tailler<\/b> votre <b>prunier<\/b> par temps humide et de gel.<\/p>\n<h2><span class=\"ez-toc-section\" id=\"Comment_tailler_les_jeunes_arbres_fruitiers\"><\/span><strong>Comment tailler les jeunes arbres fruitiers ?<\/strong><span class=\"ez-toc-section-end\"><\/span><\/h2>\n<p>\u00c9liminez les broussins (ou rejets) \u00e9ventuels sur le porte-greffe \u00e0 l&rsquo;aide d&rsquo;un s\u00e9cateur. Pliez les branches fruiti\u00e8res sous l&rsquo;horizontale en fin d&rsquo;\u00e9t\u00e9 quand elles ont atteint 60 \u00e0 80 cm. Il est important que ce soit la m\u00eame personne qui forme les <b>arbres fruitiers<\/b> les premi\u00e8res ann\u00e9es de vie.<\/p>\n<h2><span class=\"ez-toc-section\" id=\"Comment_faire_fructifier_un_arbre_fruitier\"><\/span><strong>Comment faire fructifier un arbre fruitier ?<\/strong><span class=\"ez-toc-section-end\"><\/span><\/h2>\n<p><b>  Si un  <b>   arbre fruitier  <\/b>  n&rsquo;a donn\u00e9 aucun ou peu de fruits\u2026 <\/b> <\/p>\n<ol>\n<li>   Supprimez les rameaux verticaux pour favoriser la pousse des branches horizontales.  <\/li>\n<li>   Cette op\u00e9ration permettra d&rsquo;optimiser la   <b>    fructification   <\/b>   de fa\u00e7on plus efficace.  <\/li>\n<li>   Retirez une partie des fruits d\u00e8s le d\u00e9but de leur formation.  <\/li>\n<\/ol>\n<h2><span class=\"ez-toc-section\" id=\"Comment_faire_fructifier_un_pommier\"><\/span><strong>Comment faire fructifier un pommier ?<\/strong><span class=\"ez-toc-section-end\"><\/span><\/h2>\n<p>La taille sur brindille couronn\u00e9e, respectueuse de la physiologie des arbres \u00e0 p\u00e9pins, est la plus simple \u00e0 <b>r\u00e9aliser<\/b>. Au printemps, il est imp\u00e9ratif de tailler toutes les pousses verticales qui deviendront des gourmands. Ces pousses concurrencent l&rsquo;alimentation des fruits sur les brindilles couronn\u00e9es.<\/p>\n<h2><span class=\"ez-toc-section\" id=\"Quand_tailler_les_pommiers_en_2021\"><\/span><strong>Quand tailler les pommiers en 2021 ?<\/strong><span class=\"ez-toc-section-end\"><\/span><\/h2>\n<p><b>Quand tailler les pommiers<\/b> ? La <b>taille<\/b> du <b>pommier<\/b> se fait en g\u00e9n\u00e9ral en d\u00e9but d&rsquo;hiver mais courre jusqu&rsquo;en f\u00e9vrier (hors p\u00e9riode de gel), dans le but de favoriser la fructification. Plus vous taillerez tard, mieux vous reconnaitrez les bourgeons qui donneront des fleurs car ils gonflent d\u00e9j\u00e0.<\/p>\n<h2><strong><\/strong><\/h2>\n<h2><strong><\/strong><\/h2>\n<hr \/>\n<p><em>Editeurs: 13 &#8211; R\u00e9f\u00e9rences: 21 articles<\/em><\/p>\n<p><em>N\u2019oubliez pas de partager l\u2019article !<\/em><\/p>\n","protected":false},"excerpt":{"rendered":"<p>Tailler \u00ab\u00a0en vert\u00a0\u00bb les pommiers permet de limiter leur encombrement, et de parfaire leur silhouette. Cette taille vise \u00e0 d\u00e9gager le coeur de l&rsquo;arbre : supprimez \u00e0 leur base les nouvelles tiges partant du tronc principal. Elles pompent de la s\u00e8ve au d\u00e9triment des rameaux d\u00e9j\u00e0 form\u00e9s qui portent du fruit. Ainsi, Quel P\u00e9riode faire [&hellip;]<\/p>\n","protected":false},"author":6,"featured_media":0,"comment_status":"open","ping_status":"open","sticky":false,"template":"","format":"standard","meta":{"tdm_status":"","tdm_grid_status":"","_jetpack_memberships_contains_paid_content":false,"footnotes":"","jetpack_publicize_message":"","jetpack_publicize_feature_enabled":true,"jetpack_social_post_already_shared":true,"jetpack_social_options":{"image_generator_settings":{"template":"highway","default_image_id":0,"font":"","enabled":false},"version":2}},"categories":[3457],"tags":[],"class_list":["post-55056","post","type-post","status-publish","format-standard","hentry","category-maison"],"yoast_head":"<!-- This site is optimized with the Yoast SEO Premium plugin v25.0 (Yoast SEO v25.0) - https:\/\/yoast.com\/wordpress\/plugins\/seo\/ -->\n<title>Comment tailler en vert les pommiers ?<\/title>\n<meta name=\"description\" content=\"Tailler &quot;en vert&quot; les pommiers permet de limiter leur encombrement, et de parfaire leur silhouette. Cette taille vise \u00e0 d\u00e9gager le coeur de l&#039;arbre :\" \/>\n<meta name=\"robots\" content=\"index, follow, max-snippet:-1, max-image-preview:large, max-video-preview:-1\" \/>\n<link rel=\"canonical\" href=\"https:\/\/flashmode.tn\/magazine\/comment-tailler-en-vert-les-pommiers-2\/\" \/>\n<meta property=\"og:locale\" content=\"fr_FR\" \/>\n<meta property=\"og:type\" content=\"article\" \/>\n<meta property=\"og:title\" content=\"Comment tailler en vert les pommiers ? - Flashmode Magazine | Magazine de mode et style de vie Num\u00e9ro un en Tunisie et au Maghreb\" \/>\n<meta property=\"og:description\" content=\"Tailler &quot;en vert&quot; les pommiers permet de limiter leur encombrement, et de parfaire leur silhouette. Cette taille vise \u00e0 d\u00e9gager le coeur de l&#039;arbre :\" \/>\n<meta property=\"og:url\" content=\"https:\/\/flashmode.tn\/magazine\/comment-tailler-en-vert-les-pommiers-2\/\" \/>\n<meta property=\"og:site_name\" content=\"Flashmode Magazine | Magazine de mode et style de vie Num\u00e9ro un en Tunisie et au Maghreb\" \/>\n<meta property=\"article:publisher\" content=\"https:\/\/www.facebook.com\/flashmode.magazine\/\" \/>\n<meta property=\"article:published_time\" content=\"2021-12-07T05:00:34+00:00\" \/>\n<meta name=\"author\" content=\"EventsEditors\" \/>\n<meta name=\"twitter:card\" content=\"summary_large_image\" \/>\n<meta name=\"twitter:creator\" content=\"@agenceflashmode\" \/>\n<meta name=\"twitter:site\" content=\"@agenceflashmode\" \/>\n<meta name=\"twitter:label1\" content=\"\u00c9crit par\" \/>\n\t<meta name=\"twitter:data1\" content=\"EventsEditors\" \/>\n\t<meta name=\"twitter:label2\" content=\"Dur\u00e9e de lecture estim\u00e9e\" \/>\n\t<meta name=\"twitter:data2\" content=\"6 minutes\" \/>\n<script type=\"application\/ld+json\" class=\"yoast-schema-graph\">{\"@context\":\"https:\/\/schema.org\",\"@graph\":[{\"@type\":\"WebPage\",\"@id\":\"https:\/\/flashmode.tn\/magazine\/comment-tailler-en-vert-les-pommiers-2\/\",\"url\":\"https:\/\/flashmode.tn\/magazine\/comment-tailler-en-vert-les-pommiers-2\/\",\"name\":\"Comment tailler en vert les pommiers ?\",\"isPartOf\":{\"@id\":\"https:\/\/flashmode.tn\/magazine\/#website\"},\"datePublished\":\"2021-12-07T05:00:34+00:00\",\"author\":{\"@id\":\"https:\/\/flashmode.tn\/magazine\/#\/schema\/person\/257d6780605b915a5e352977f0f6f41c\"},\"description\":\"Tailler \\\"en vert\\\" les pommiers permet de limiter leur encombrement, et de parfaire leur silhouette. Cette taille vise \u00e0 d\u00e9gager le coeur de l'arbre :\",\"breadcrumb\":{\"@id\":\"https:\/\/flashmode.tn\/magazine\/comment-tailler-en-vert-les-pommiers-2\/#breadcrumb\"},\"inLanguage\":\"fr-FR\",\"potentialAction\":[{\"@type\":\"ReadAction\",\"target\":[\"https:\/\/flashmode.tn\/magazine\/comment-tailler-en-vert-les-pommiers-2\/\"]}]},{\"@type\":\"BreadcrumbList\",\"@id\":\"https:\/\/flashmode.tn\/magazine\/comment-tailler-en-vert-les-pommiers-2\/#breadcrumb\",\"itemListElement\":[{\"@type\":\"ListItem\",\"position\":1,\"name\":\"Accueil\",\"item\":\"https:\/\/flashmode.tn\/magazine\/\"},{\"@type\":\"ListItem\",\"position\":2,\"name\":\"Comment tailler en vert les pommiers ?\"}]},{\"@type\":\"WebSite\",\"@id\":\"https:\/\/flashmode.tn\/magazine\/#website\",\"url\":\"https:\/\/flashmode.tn\/magazine\/\",\"name\":\"Flashmode Magazine | Magazine de mode et style de vie Num\u00e9ro un en Tunisie et au Maghreb\",\"description\":\"Magazine de mode et style de vie Num\u00e9ro un en Tunisie et au Maghreb, cr\u00e9\u00e9 pour les hommes et les femmes : conseils beaut\u00e9, mode femme, mode homme, recettes de cuisine, c\u00e9l\u00e9brit\u00e9s et people, mannequins et top modeles\",\"potentialAction\":[{\"@type\":\"SearchAction\",\"target\":{\"@type\":\"EntryPoint\",\"urlTemplate\":\"https:\/\/flashmode.tn\/magazine\/?s={search_term_string}\"},\"query-input\":{\"@type\":\"PropertyValueSpecification\",\"valueRequired\":true,\"valueName\":\"search_term_string\"}}],\"inLanguage\":\"fr-FR\"},{\"@type\":\"Person\",\"@id\":\"https:\/\/flashmode.tn\/magazine\/#\/schema\/person\/257d6780605b915a5e352977f0f6f41c\",\"name\":\"EventsEditors\",\"image\":{\"@type\":\"ImageObject\",\"inLanguage\":\"fr-FR\",\"@id\":\"https:\/\/flashmode.tn\/magazine\/#\/schema\/person\/image\/\",\"url\":\"https:\/\/secure.gravatar.com\/avatar\/e2daedf958f66be37c9a79abe56184d85cd1baa6bba0dd8017e3f7d01555232f?s=96&d=mm&r=g\",\"contentUrl\":\"https:\/\/secure.gravatar.com\/avatar\/e2daedf958f66be37c9a79abe56184d85cd1baa6bba0dd8017e3f7d01555232f?s=96&d=mm&r=g\",\"caption\":\"EventsEditors\"},\"url\":\"https:\/\/flashmode.tn\/magazine\/author\/eventseditors\/\"}]}<\/script>\n<!-- \/ Yoast SEO Premium plugin. -->","yoast_head_json":{"title":"Comment tailler en vert les pommiers ?","description":"Tailler \"en vert\" les pommiers permet de limiter leur encombrement, et de parfaire leur silhouette. Cette taille vise \u00e0 d\u00e9gager le coeur de l'arbre :","robots":{"index":"index","follow":"follow","max-snippet":"max-snippet:-1","max-image-preview":"max-image-preview:large","max-video-preview":"max-video-preview:-1"},"canonical":"https:\/\/flashmode.tn\/magazine\/comment-tailler-en-vert-les-pommiers-2\/","og_locale":"fr_FR","og_type":"article","og_title":"Comment tailler en vert les pommiers ? - Flashmode Magazine | Magazine de mode et style de vie Num\u00e9ro un en Tunisie et au Maghreb","og_description":"Tailler \"en vert\" les pommiers permet de limiter leur encombrement, et de parfaire leur silhouette. Cette taille vise \u00e0 d\u00e9gager le coeur de l'arbre :","og_url":"https:\/\/flashmode.tn\/magazine\/comment-tailler-en-vert-les-pommiers-2\/","og_site_name":"Flashmode Magazine | Magazine de mode et style de vie Num\u00e9ro un en Tunisie et au Maghreb","article_publisher":"https:\/\/www.facebook.com\/flashmode.magazine\/","article_published_time":"2021-12-07T05:00:34+00:00","author":"EventsEditors","twitter_card":"summary_large_image","twitter_creator":"@agenceflashmode","twitter_site":"@agenceflashmode","twitter_misc":{"\u00c9crit par":"EventsEditors","Dur\u00e9e de lecture estim\u00e9e":"6 minutes"},"schema":{"@context":"https:\/\/schema.org","@graph":[{"@type":"WebPage","@id":"https:\/\/flashmode.tn\/magazine\/comment-tailler-en-vert-les-pommiers-2\/","url":"https:\/\/flashmode.tn\/magazine\/comment-tailler-en-vert-les-pommiers-2\/","name":"Comment tailler en vert les pommiers ?","isPartOf":{"@id":"https:\/\/flashmode.tn\/magazine\/#website"},"datePublished":"2021-12-07T05:00:34+00:00","author":{"@id":"https:\/\/flashmode.tn\/magazine\/#\/schema\/person\/257d6780605b915a5e352977f0f6f41c"},"description":"Tailler \"en vert\" les pommiers permet de limiter leur encombrement, et de parfaire leur silhouette. Cette taille vise \u00e0 d\u00e9gager le coeur de l'arbre :","breadcrumb":{"@id":"https:\/\/flashmode.tn\/magazine\/comment-tailler-en-vert-les-pommiers-2\/#breadcrumb"},"inLanguage":"fr-FR","potentialAction":[{"@type":"ReadAction","target":["https:\/\/flashmode.tn\/magazine\/comment-tailler-en-vert-les-pommiers-2\/"]}]},{"@type":"BreadcrumbList","@id":"https:\/\/flashmode.tn\/magazine\/comment-tailler-en-vert-les-pommiers-2\/#breadcrumb","itemListElement":[{"@type":"ListItem","position":1,"name":"Accueil","item":"https:\/\/flashmode.tn\/magazine\/"},{"@type":"ListItem","position":2,"name":"Comment tailler en vert les pommiers ?"}]},{"@type":"WebSite","@id":"https:\/\/flashmode.tn\/magazine\/#website","url":"https:\/\/flashmode.tn\/magazine\/","name":"Flashmode Magazine | Magazine de mode et style de vie Num\u00e9ro un en Tunisie et au Maghreb","description":"Magazine de mode et style de vie Num\u00e9ro un en Tunisie et au Maghreb, cr\u00e9\u00e9 pour les hommes et les femmes : conseils beaut\u00e9, mode femme, mode homme, recettes de cuisine, c\u00e9l\u00e9brit\u00e9s et people, mannequins et top modeles","potentialAction":[{"@type":"SearchAction","target":{"@type":"EntryPoint","urlTemplate":"https:\/\/flashmode.tn\/magazine\/?s={search_term_string}"},"query-input":{"@type":"PropertyValueSpecification","valueRequired":true,"valueName":"search_term_string"}}],"inLanguage":"fr-FR"},{"@type":"Person","@id":"https:\/\/flashmode.tn\/magazine\/#\/schema\/person\/257d6780605b915a5e352977f0f6f41c","name":"EventsEditors","image":{"@type":"ImageObject","inLanguage":"fr-FR","@id":"https:\/\/flashmode.tn\/magazine\/#\/schema\/person\/image\/","url":"https:\/\/secure.gravatar.com\/avatar\/e2daedf958f66be37c9a79abe56184d85cd1baa6bba0dd8017e3f7d01555232f?s=96&d=mm&r=g","contentUrl":"https:\/\/secure.gravatar.com\/avatar\/e2daedf958f66be37c9a79abe56184d85cd1baa6bba0dd8017e3f7d01555232f?s=96&d=mm&r=g","caption":"EventsEditors"},"url":"https:\/\/flashmode.tn\/magazine\/author\/eventseditors\/"}]}},"jetpack_publicize_connections":[],"jetpack_featured_media_url":"","jetpack_shortlink":"https:\/\/wp.me\/p8BPGr-ek0","jetpack_sharing_enabled":true,"_links":{"self":[{"href":"https:\/\/flashmode.tn\/magazine\/wp-json\/wp\/v2\/posts\/55056","targetHints":{"allow":["GET"]}}],"collection":[{"href":"https:\/\/flashmode.tn\/magazine\/wp-json\/wp\/v2\/posts"}],"about":[{"href":"https:\/\/flashmode.tn\/magazine\/wp-json\/wp\/v2\/types\/post"}],"author":[{"embeddable":true,"href":"https:\/\/flashmode.tn\/magazine\/wp-json\/wp\/v2\/users\/6"}],"replies":[{"embeddable":true,"href":"https:\/\/flashmode.tn\/magazine\/wp-json\/wp\/v2\/comments?post=55056"}],"version-history":[{"count":0,"href":"https:\/\/flashmode.tn\/magazine\/wp-json\/wp\/v2\/posts\/55056\/revisions"}],"wp:attachment":[{"href":"https:\/\/flashmode.tn\/magazine\/wp-json\/wp\/v2\/media?parent=55056"}],"wp:term":[{"taxonomy":"category","embeddable":true,"href":"https:\/\/flashmode.tn\/magazine\/wp-json\/wp\/v2\/categories?post=55056"},{"taxonomy":"post_tag","embeddable":true,"href":"https:\/\/flashmode.tn\/magazine\/wp-json\/wp\/v2\/tags?post=55056"}],"curies":[{"name":"wp","href":"https:\/\/api.w.org\/{rel}","templated":true}]}}