{"id":55058,"date":"2022-01-11T11:53:53","date_gmt":"2022-01-11T10:53:53","guid":{"rendered":"https:\/\/flashmode.tn\/magazine\/?p=55058"},"modified":"2022-01-11T11:53:53","modified_gmt":"2022-01-11T10:53:53","slug":"quand-tailler-en-vert-cerisier","status":"publish","type":"post","link":"https:\/\/flashmode.tn\/magazine\/quand-tailler-en-vert-cerisier\/","title":{"rendered":"Quand tailler en vert cerisier ?"},"content":{"rendered":"<p>La <b>taille en vert<\/b> proprement dite s&rsquo;effectue plut\u00f4t en juillet et se prolonge jusqu&rsquo;en septembre. Il est important de ne pas <b>tailler<\/b> trop t\u00f4t en saison, car l&rsquo;afflux plus important de s\u00e8ve dans les parties non taill\u00e9es emp\u00eacheraient les bourgeons situ\u00e9s \u00e0 la base de ces derni\u00e8res de se d\u00e9velopper en bourgeons \u00e0 fruits.<\/p>\n<p>Ainsi, Quand tailler un cerisier trop haut ?<\/p>\n<p>Re: <b>Taille cerisier<\/b> beaucoup <b>trop haut<\/b><\/p>\n<p> Ce doit \u00eatre fait imp\u00e9rativement bien avant la chutes des premi\u00e8res feuilles, si non l&rsquo;arbre a de tr\u00e8s forts risques de mourir .<\/p>\n<p>ensuite Comment tailler un cerisier en \u00e9t\u00e9 ?<\/p>\n<p>En d\u00e9but d&rsquo;<b>\u00e9t\u00e9<\/b>, la chaleur et la rar\u00e9faction des pluies am\u00e9liorent en effet la cicatrisation des plaies. Taillez toujours le <b>cerisier<\/b> en douceur, en limitant vos coupes aux 4 \u00e0 5 branches les plus mal plac\u00e9es, celles qui se d\u00e9veloppent par exemple vers l&rsquo;int\u00e9rieur de l&rsquo;arbre et se croisent inutilement.<\/p>\n<p>Comment tailler en vert ?<\/p>\n<p>Pour r\u00e9aliser la <b>taille en vert<\/b>, il faut <b>tailler<\/b> les pousses de l&rsquo;ann\u00e9e entre leur cinqui\u00e8me et leur sixi\u00e8me feuille. Pour les formes paliss\u00e9es, il faut rabattre les pousses sommitales qui ont tendance \u00e0 monter tr\u00e8s haut et qui vont alors attirer la s\u00e8ve.<\/p>\n<div id=\"ez-toc-container\" class=\"ez-toc-v2_0_81 counter-hierarchy ez-toc-counter ez-toc-grey ez-toc-container-direction\">\n<div class=\"ez-toc-title-container\">\n<p class=\"ez-toc-title\" style=\"cursor:inherit\">Contenus de la page<\/p>\n<span class=\"ez-toc-title-toggle\"><a href=\"#\" class=\"ez-toc-pull-right ez-toc-btn ez-toc-btn-xs ez-toc-btn-default ez-toc-toggle\" aria-label=\"Toggle Table of Content\"><span class=\"ez-toc-js-icon-con\"><span class=\"\"><span class=\"eztoc-hide\" style=\"display:none;\">Toggle<\/span><span class=\"ez-toc-icon-toggle-span\"><svg style=\"fill: #999;color:#999\" xmlns=\"http:\/\/www.w3.org\/2000\/svg\" class=\"list-377408\" width=\"20px\" height=\"20px\" viewBox=\"0 0 24 24\" fill=\"none\"><path d=\"M6 6H4v2h2V6zm14 0H8v2h12V6zM4 11h2v2H4v-2zm16 0H8v2h12v-2zM4 16h2v2H4v-2zm16 0H8v2h12v-2z\" fill=\"currentColor\"><\/path><\/svg><svg style=\"fill: #999;color:#999\" class=\"arrow-unsorted-368013\" xmlns=\"http:\/\/www.w3.org\/2000\/svg\" width=\"10px\" height=\"10px\" viewBox=\"0 0 24 24\" version=\"1.2\" baseProfile=\"tiny\"><path d=\"M18.2 9.3l-6.2-6.3-6.2 6.3c-.2.2-.3.4-.3.7s.1.5.3.7c.2.2.4.3.7.3h11c.3 0 .5-.1.7-.3.2-.2.3-.5.3-.7s-.1-.5-.3-.7zM5.8 14.7l6.2 6.3 6.2-6.3c.2-.2.3-.5.3-.7s-.1-.5-.3-.7c-.2-.2-.4-.3-.7-.3h-11c-.3 0-.5.1-.7.3-.2.2-.3.5-.3.7s.1.5.3.7z\"\/><\/svg><\/span><\/span><\/span><\/a><\/span><\/div>\n<nav><ul class='ez-toc-list ez-toc-list-level-1 ' ><li class='ez-toc-page-1 ez-toc-heading-level-2'><a class=\"ez-toc-link ez-toc-heading-1\" href=\"https:\/\/flashmode.tn\/magazine\/quand-tailler-en-vert-cerisier\/#Quand_tailler_les_Pechers_en_vert\" >Quand tailler les Pechers en vert ?<\/a><\/li><li class='ez-toc-page-1 ez-toc-heading-level-2'><a class=\"ez-toc-link ez-toc-heading-2\" href=\"https:\/\/flashmode.tn\/magazine\/quand-tailler-en-vert-cerisier\/#Quand_et_comment_tailler_un_vieux_cerisier\" >Quand et comment tailler un vieux cerisier ?<\/a><\/li><li class='ez-toc-page-1 ez-toc-heading-level-2'><a class=\"ez-toc-link ez-toc-heading-3\" href=\"https:\/\/flashmode.tn\/magazine\/quand-tailler-en-vert-cerisier\/#Quelle_est_la_duree_de_vie_dun_cerisier\" >Quelle est la dur\u00e9e de vie d&rsquo;un cerisier ?<\/a><\/li><li class='ez-toc-page-1 ez-toc-heading-level-2'><a class=\"ez-toc-link ez-toc-heading-4\" href=\"https:\/\/flashmode.tn\/magazine\/quand-tailler-en-vert-cerisier\/#Comment_sauver_mon_cerisier\" >Comment sauver mon cerisier ?<\/a><\/li><li class='ez-toc-page-1 ez-toc-heading-level-2'><a class=\"ez-toc-link ez-toc-heading-5\" href=\"https:\/\/flashmode.tn\/magazine\/quand-tailler-en-vert-cerisier\/#Quelle_hauteur_pour_un_cerisier\" >Quelle hauteur pour un cerisier ?<\/a><\/li><li class='ez-toc-page-1 ez-toc-heading-level-2'><a class=\"ez-toc-link ez-toc-heading-6\" href=\"https:\/\/flashmode.tn\/magazine\/quand-tailler-en-vert-cerisier\/#Comment_tailler_un_prunier_en_vert\" >Comment tailler un prunier en vert ?<\/a><\/li><li class='ez-toc-page-1 ez-toc-heading-level-2'><a class=\"ez-toc-link ez-toc-heading-7\" href=\"https:\/\/flashmode.tn\/magazine\/quand-tailler-en-vert-cerisier\/#Quand_tailler_en_vert_abricotier\" >Quand tailler en vert abricotier ?<\/a><\/li><li class='ez-toc-page-1 ez-toc-heading-level-2'><a class=\"ez-toc-link ez-toc-heading-8\" href=\"https:\/\/flashmode.tn\/magazine\/quand-tailler-en-vert-cerisier\/#Comment_tailler_un_figuier_en_vert\" >Comment tailler un figuier en vert ?<\/a><\/li><li class='ez-toc-page-1 ez-toc-heading-level-2'><a class=\"ez-toc-link ez-toc-heading-9\" href=\"https:\/\/flashmode.tn\/magazine\/quand-tailler-en-vert-cerisier\/#Quand_tailler_un_pecher_et_comment\" >Quand tailler un p\u00eacher et comment ?<\/a><\/li><li class='ez-toc-page-1 ez-toc-heading-level-2'><a class=\"ez-toc-link ez-toc-heading-10\" href=\"https:\/\/flashmode.tn\/magazine\/quand-tailler-en-vert-cerisier\/#Quand_et_comment_tailler_un_jeune_pecher\" >Quand et comment tailler un jeune p\u00eacher ?<\/a><\/li><li class='ez-toc-page-1 ez-toc-heading-level-2'><a class=\"ez-toc-link ez-toc-heading-11\" href=\"https:\/\/flashmode.tn\/magazine\/quand-tailler-en-vert-cerisier\/#Comment_faire_une_taille_de_fructification\" >Comment faire une taille de fructification ?<\/a><\/li><li class='ez-toc-page-1 ez-toc-heading-level-2'><a class=\"ez-toc-link ez-toc-heading-12\" href=\"https:\/\/flashmode.tn\/magazine\/quand-tailler-en-vert-cerisier\/#Comment_tailler_un_vieux_gros_cerisier\" >Comment tailler un vieux gros cerisier ?<\/a><\/li><li class='ez-toc-page-1 ez-toc-heading-level-2'><a class=\"ez-toc-link ez-toc-heading-13\" href=\"https:\/\/flashmode.tn\/magazine\/quand-tailler-en-vert-cerisier\/#Comment_tailler_un_tres_vieux_cerisier\" >Comment tailler un tr\u00e8s vieux cerisier ?<\/a><\/li><li class='ez-toc-page-1 ez-toc-heading-level-2'><a class=\"ez-toc-link ez-toc-heading-14\" href=\"https:\/\/flashmode.tn\/magazine\/quand-tailler-en-vert-cerisier\/#Comment_sauver_un_vieux_cerisier\" >Comment sauver un vieux cerisier ?<\/a><\/li><li class='ez-toc-page-1 ez-toc-heading-level-2'><a class=\"ez-toc-link ez-toc-heading-15\" href=\"https:\/\/flashmode.tn\/magazine\/quand-tailler-en-vert-cerisier\/#Comment_savoir_si_un_cerisier_est_mort\" >Comment savoir si un cerisier est mort ?<\/a><\/li><li class='ez-toc-page-1 ez-toc-heading-level-2'><a class=\"ez-toc-link ez-toc-heading-16\" href=\"https:\/\/flashmode.tn\/magazine\/quand-tailler-en-vert-cerisier\/#Comment_faire_repartir_un_cerisier\" >Comment faire repartir un cerisier ?<\/a><\/li><li class='ez-toc-page-1 ez-toc-heading-level-2'><a class=\"ez-toc-link ez-toc-heading-17\" href=\"https:\/\/flashmode.tn\/magazine\/quand-tailler-en-vert-cerisier\/#Comment_sont_les_racines_dun_cerisier\" >Comment sont les racines d&rsquo;un cerisier ?<\/a><\/li><li class='ez-toc-page-1 ez-toc-heading-level-2'><a class=\"ez-toc-link ez-toc-heading-18\" href=\"https:\/\/flashmode.tn\/magazine\/quand-tailler-en-vert-cerisier\/#Pourquoi_les_cerisiers_meurent\" >Pourquoi les cerisiers meurent ?<\/a><\/li><li class='ez-toc-page-1 ez-toc-heading-level-2'><a class=\"ez-toc-link ez-toc-heading-19\" href=\"https:\/\/flashmode.tn\/magazine\/quand-tailler-en-vert-cerisier\/#Comment_sauver_un_arbre_qui_meurt\" >Comment sauver un arbre qui meurt ?<\/a><\/li><\/ul><\/nav><\/div>\n<h2><span class=\"ez-toc-section\" id=\"Quand_tailler_les_Pechers_en_vert\"><\/span>Quand tailler les Pechers en vert ?<span class=\"ez-toc-section-end\"><\/span><\/h2>\n<p><b>Taille<\/b> du <b>p\u00eacher en vert<\/b><\/p>\n<p> La <b>taille<\/b> en <b>vert<\/b> est une appellation d\u00e9signant plusieurs op\u00e9rations de tailles \u00e0 r\u00e9aliser <b>quand<\/b> les arbres portent encore des feuilles. La <b>taille<\/b> en <b>vert<\/b> du <b>p\u00eacher<\/b> est r\u00e9alis\u00e9e avant la floraison du <b>p\u00eacher<\/b>, \u00e0 la fin de l&rsquo;hiver puis \u00e9ventuellement en avril, apr\u00e8s la mise en fleur.<\/p>\n<h2><span class=\"ez-toc-section\" id=\"Quand_et_comment_tailler_un_vieux_cerisier\"><\/span><strong>Quand et comment tailler un vieux cerisier ?<\/strong><span class=\"ez-toc-section-end\"><\/span><\/h2>\n<p>\u00c0 r\u00e9aliser entre octobre et novembre, la <b>taille<\/b> d&rsquo;entretien consiste \u00e0 couper les branches de fa\u00e7on \u00e0 cr\u00e9er une couronne de trente centim\u00e8tres, \u00e0 l&rsquo;arri\u00e8re du bourgeon. Les branches et le tronc doivent avoir la m\u00eame hauteur pour un effet plus esth\u00e9tique. Les branches mortes sont \u00e0 \u00e9liminer.<\/p>\n<h2><span class=\"ez-toc-section\" id=\"Quelle_est_la_duree_de_vie_dun_cerisier\"><\/span><strong>Quelle est la dur\u00e9e de vie d&rsquo;un cerisier ?<\/strong><span class=\"ez-toc-section-end\"><\/span><\/h2>\n<p><b>Cerisier<\/b> : non aux sols lourds<\/p>\n<p> 50 ans en moyenne, mais elle peut aller jusqu&rsquo;\u00e0 100 ans. \u00c9viter la taille, qui favorise les \u00e9coulements de s\u00e8ve, et les sols lourds et gorg\u00e9s d&rsquo;eau en hiver. Pour le faire durer, planter le <b>cerisier<\/b> au soleil en lui laissant toute la place de se d\u00e9velopper.<\/p>\n<h2><span class=\"ez-toc-section\" id=\"Comment_sauver_mon_cerisier\"><\/span><strong>Comment sauver mon cerisier ?<\/strong><span class=\"ez-toc-section-end\"><\/span><\/h2>\n<p>La d\u00e9coction de tabac est un bon insecticide, ou bien un m\u00e9lange d&rsquo;eau et de savon noir, \u00e0 pulv\u00e9riser sur les feuilles atteintes. Installez sur le tronc des bandes de glu. Elles emp\u00eacheront les fourmis de venir prot\u00e9ger les pucerons, qui seront donc plus vuln\u00e9rables face \u00e0 leurs pr\u00e9dateurs.<\/p>\n<h2><span class=\"ez-toc-section\" id=\"Quelle_hauteur_pour_un_cerisier\"><\/span><strong>Quelle hauteur pour un cerisier ?<\/strong><span class=\"ez-toc-section-end\"><\/span><\/h2>\n<p>Arbre rustique \u00e0 port \u00e9vas\u00e9 s&rsquo;arrondissant avec l&rsquo;\u00e2ge, le <b>cerisier<\/b> atteint une fois adulte 6 \u00e0 10 m de haut. Son abondante floraison blanche en mars-avril redoute les gel\u00e9es tardives : les fleurs sont d\u00e9truites vers -2\u00b0C. Les fruits se r\u00e9coltent selon les vari\u00e9t\u00e9s de mai \u00e0 fin juillet.<\/p>\n<h2><span class=\"ez-toc-section\" id=\"Comment_tailler_un_prunier_en_vert\"><\/span><strong>Comment tailler un prunier en vert ?<\/strong><span class=\"ez-toc-section-end\"><\/span><\/h2>\n<p><b>  <b>   Comment tailler  <\/b>  le  <b>   prunier  <\/b>  en hiver ? <\/b> <\/p>\n<ol>\n<li>   Rep\u00e9rez les branches qui se dirigent vers l&rsquo;ext\u00e9rieur de l&rsquo;arbre, et qui sont le plus horizontal possible (elles seront porteuses de plus de fruits !).  <\/li>\n<li>   Supprimez les branches qui sont trop verticales, et celles qui se dirigent vers le c\u0153ur de l&rsquo;arbre.  <\/li>\n<\/ol>\n<h2><span class=\"ez-toc-section\" id=\"Quand_tailler_en_vert_abricotier\"><\/span><strong>Quand tailler en vert abricotier ?<\/strong><span class=\"ez-toc-section-end\"><\/span><\/h2>\n<p>La <b>taille<\/b> de fructification : \u00e0 effectuer en \u00e9t\u00e9, il s&rsquo;agit d&rsquo;une <b>taille en vert<\/b> (l&rsquo;<b>abricotier<\/b> est en feuilles). Elle aide \u00e0 obtenir des fruits gros et bien m\u00fbrs. La <b>taille<\/b> de rajeunissement : pour renforcer les pousses et rajeunir les branches les plus \u00e2g\u00e9es.<\/p>\n<h2><span class=\"ez-toc-section\" id=\"Comment_tailler_un_figuier_en_vert\"><\/span><strong>Comment tailler un figuier en vert ?<\/strong><span class=\"ez-toc-section-end\"><\/span><\/h2>\n<p>Rabattez les branches principales \u00e0 50 cm de l&rsquo;extr\u00e9mit\u00e9 du tronc. L&rsquo;arbre va \u00e9mettre de nombreux rameaux pour compenser ce manque, \u00e0 l&rsquo;extr\u00e9mit\u00e9 des branches rabattues. En juin, vous n&rsquo;en conserverez que la moiti\u00e9 et vous \u00e9pointerez l\u00e9g\u00e8rement les restants. Refaites la m\u00eame op\u00e9ration l&rsquo;ann\u00e9e suivante.<\/p>\n<h2><span class=\"ez-toc-section\" id=\"Quand_tailler_un_pecher_et_comment\"><\/span><strong>Quand tailler un p\u00eacher et comment ?<\/strong><span class=\"ez-toc-section-end\"><\/span><\/h2>\n<p><b>Quand tailler<\/b> le <b>p\u00eacher<\/b> et le nectarinier ? Pr\u00e9f\u00e9rez la fin de l&rsquo;automne, d\u00e9but de l&rsquo;hiver pour pr\u00e9parer le <b>p\u00eacher<\/b> et le nectarinier \u00e0 la prochaine production de fruits. Les fruits seront moins nombreux mais plus gros, avec moins de risques de maladies et les branches ne casseront pas sous leur poids.<\/p>\n<h2><span class=\"ez-toc-section\" id=\"Quand_et_comment_tailler_un_jeune_pecher\"><\/span><strong>Quand et comment tailler un jeune p\u00eacher ?<\/strong><span class=\"ez-toc-section-end\"><\/span><\/h2>\n<p>La premi\u00e8re <b>taille<\/b> du scion de <b>p\u00eacher<\/b> va s&rsquo;effectuer \u00e0 la fin du premier hiver apr\u00e8s la plantation, vers les mois de f\u00e9vrier mars. 1. Il faut \u00e9t\u00eater le <b>jeune p\u00eacher<\/b>. Mesurez 60 cm au-dessus du point de greffe et coupez en biseau, 0,\u00e0 1 cm au-dessus d&rsquo;un \u0153il.<\/p>\n<h2><span class=\"ez-toc-section\" id=\"Comment_faire_une_taille_de_fructification\"><\/span><strong>Comment faire une taille de fructification ?<\/strong><span class=\"ez-toc-section-end\"><\/span><\/h2>\n<p>La <b>taille de fructification<\/b> consiste \u00e0 <b>tailler<\/b> les branches les plus importantes de l&rsquo;arbre fruitier sans en modifier l&rsquo;aspect physique et en laissant toujours au moins trois yeux sur chaque branche <b>taill\u00e9e<\/b> afin de permettre la <b>fructification<\/b>.<\/p>\n<h2><span class=\"ez-toc-section\" id=\"Comment_tailler_un_vieux_gros_cerisier\"><\/span><strong>Comment tailler un vieux gros cerisier ?<\/strong><span class=\"ez-toc-section-end\"><\/span><\/h2>\n<p><b>  Entretien et  <b>   taille  <\/b>  du  <b>   merisier  <\/b> <\/b> <\/p>\n<ol>\n<li>   Taillez de pr\u00e9f\u00e9rence en hiver, lorsque l&rsquo;arbre est au repos.  <\/li>\n<li>   Contentez vous des branchez malades ou mortes.  <\/li>\n<li>   Appliquez du mastic de cicatrisation sur les grosses branches coup\u00e9es.  <\/li>\n<\/ol>\n<h2><span class=\"ez-toc-section\" id=\"Comment_tailler_un_tres_vieux_cerisier\"><\/span><strong>Comment tailler un tr\u00e8s vieux cerisier ?<\/strong><span class=\"ez-toc-section-end\"><\/span><\/h2>\n<p>Cette taille s&rsquo;effectue g\u00e9n\u00e9ralement tous les trois \u00e0 quatre ans, \u00e0 r\u00e9aliser sur la p\u00e9riode d&rsquo;octobre \u00e0 novembre. Elle consiste \u00e0 couper les branches de fa\u00e7on \u00e0 obtenir une couronne de branche de 30cm apr\u00e8s chaque bourgeon. Il faut \u00e9galement enlever les branches mortes et celles qui s&rsquo;entrecroisent.<\/p>\n<h2><span class=\"ez-toc-section\" id=\"Comment_sauver_un_vieux_cerisier\"><\/span><strong>Comment sauver un vieux cerisier ?<\/strong><span class=\"ez-toc-section-end\"><\/span><\/h2>\n<p>Le fait d&rsquo;\u00e9laguer votre <b>vieil<\/b> arbre est encore la meilleure fa\u00e7on de ralentir sa lente d\u00e9cr\u00e9pitude. \u00c0 condition de bien mastiquer les plaies de coupe. \u00abDepuis plusieurs ann\u00e9es, les branches de mon <b>vieux cerisier<\/b> meurent. Il s&rsquo;agit probablement de moniliose.<\/p>\n<h2><span class=\"ez-toc-section\" id=\"Comment_savoir_si_un_cerisier_est_mort\"><\/span><strong>Comment savoir si un cerisier est mort ?<\/strong><span class=\"ez-toc-section-end\"><\/span><\/h2>\n<p><b>Si<\/b> la sous-couche d\u00e9nomm\u00e9e cambium <b>est<\/b> verte : l&rsquo;arbre <b>est<\/b> vivant. Par contre, <b>si<\/b> la sous-couche <b>est<\/b> brune ou s\u00e8che, le constat <b>est<\/b> sans appel : votre arbre <b>est mort<\/b>. Sinon, vous pouvez aussi gratter une ou deux branches pour v\u00e9rifier <b>si<\/b> les sous-couches sont toujours vertes.<\/p>\n<h2><span class=\"ez-toc-section\" id=\"Comment_faire_repartir_un_cerisier\"><\/span><strong>Comment faire repartir un cerisier ?<\/strong><span class=\"ez-toc-section-end\"><\/span><\/h2>\n<p>Surtout ne pas tailler<\/p>\n<p> Dans tous les cas ne taillez pas, cela contribuerait au dess\u00e8chement de votre <b>cerisier<\/b>. L&rsquo;arbre doit d&rsquo;abord \u00e9mettre des racines pour effectuer sa reprise. Attendez le mois de juin et v\u00e9rifiez \u00e0 nouveau l&rsquo;\u00e9tat des branches et des bourgeons avant d&rsquo;\u00e9tablir un diagnostic d\u00e9finitif.<\/p>\n<h2><span class=\"ez-toc-section\" id=\"Comment_sont_les_racines_dun_cerisier\"><\/span><strong>Comment sont les racines d&rsquo;un cerisier ?<\/strong><span class=\"ez-toc-section-end\"><\/span><\/h2>\n<p>Elles ont tendance \u00e0 \u00eatre peu profondes, restant pr\u00e8s de la surface du sol o\u00f9 l&rsquo;oxyg\u00e8ne, les min\u00e9raux et l&rsquo;humidit\u00e9 <b>sont<\/b> les plus facilement disponibles.<\/p>\n<h2><span class=\"ez-toc-section\" id=\"Pourquoi_les_cerisiers_meurent\"><\/span><strong>Pourquoi les cerisiers meurent ?<\/strong><span class=\"ez-toc-section-end\"><\/span><\/h2>\n<p>Les vieux jardiniers parlent m\u00eame d&rsquo;apoplexie du <b>cerisier<\/b>. Cette maladie, le pourridi\u00e9 ou blanc des racines, est provoqu\u00e9e par un champignon parasite qui s&rsquo;attaque aux racines, l&rsquo;armillaire couleur de miel (Armillaria mellea). Difficiles \u00e0 d\u00e9celer, les sympt\u00f4mes seront confirm\u00e9s en arrachant l&rsquo;arbre malade.<\/p>\n<h2><span class=\"ez-toc-section\" id=\"Comment_sauver_un_arbre_qui_meurt\"><\/span><strong>Comment sauver un arbre qui meurt ?<\/strong><span class=\"ez-toc-section-end\"><\/span><\/h2>\n<p>Il existe deux m\u00e9thodes : Requ\u00e9rir \u00e0 une dessoucheuse afin de r\u00e9duire la souche en copeaux pour un minimum de 6 pouces sous le sol, puis remettre une bonne terre et de la tourbe pour combler le trou.<\/p>\n<h2><strong><\/strong><\/h2>\n<h2><strong><\/strong><\/h2>\n<hr \/>\n<p><em>Editeurs: 29 &#8211; R\u00e9f\u00e9rences: 23 articles<\/em><\/p>\n<p><em>N\u2019oubliez pas de partager l\u2019article !<\/em><\/p>\n","protected":false},"excerpt":{"rendered":"<p>La taille en vert proprement dite s&rsquo;effectue plut\u00f4t en juillet et se prolonge jusqu&rsquo;en septembre. Il est important de ne pas tailler trop t\u00f4t en saison, car l&rsquo;afflux plus important de s\u00e8ve dans les parties non taill\u00e9es emp\u00eacheraient les bourgeons situ\u00e9s \u00e0 la base de ces derni\u00e8res de se d\u00e9velopper en bourgeons \u00e0 fruits. Ainsi, [&hellip;]<\/p>\n","protected":false},"author":6,"featured_media":0,"comment_status":"open","ping_status":"open","sticky":false,"template":"","format":"standard","meta":{"tdm_status":"","tdm_grid_status":"","_jetpack_memberships_contains_paid_content":false,"footnotes":"","jetpack_publicize_message":"","jetpack_publicize_feature_enabled":true,"jetpack_social_post_already_shared":true,"jetpack_social_options":{"image_generator_settings":{"template":"highway","default_image_id":0,"font":"","enabled":false},"version":2}},"categories":[3457],"tags":[],"class_list":["post-55058","post","type-post","status-publish","format-standard","hentry","category-maison"],"yoast_head":"<!-- This site is optimized with the Yoast SEO Premium plugin v25.0 (Yoast SEO v25.0) - https:\/\/yoast.com\/wordpress\/plugins\/seo\/ -->\n<title>Quand tailler en vert cerisier ?<\/title>\n<meta name=\"description\" content=\"La taille en vert proprement dite s&#039;effectue plut\u00f4t en juillet et se prolonge jusqu&#039;en septembre. Il est important de ne pas tailler trop t\u00f4t en saison,\" \/>\n<meta name=\"robots\" content=\"index, follow, max-snippet:-1, max-image-preview:large, max-video-preview:-1\" \/>\n<link rel=\"canonical\" href=\"https:\/\/flashmode.tn\/magazine\/quand-tailler-en-vert-cerisier\/\" \/>\n<meta property=\"og:locale\" content=\"fr_FR\" \/>\n<meta property=\"og:type\" content=\"article\" \/>\n<meta property=\"og:title\" content=\"Quand tailler en vert cerisier ? - Flashmode Magazine | Magazine de mode et style de vie Num\u00e9ro un en Tunisie et au Maghreb\" \/>\n<meta property=\"og:description\" content=\"La taille en vert proprement dite s&#039;effectue plut\u00f4t en juillet et se prolonge jusqu&#039;en septembre. Il est important de ne pas tailler trop t\u00f4t en saison,\" \/>\n<meta property=\"og:url\" content=\"https:\/\/flashmode.tn\/magazine\/quand-tailler-en-vert-cerisier\/\" \/>\n<meta property=\"og:site_name\" content=\"Flashmode Magazine | Magazine de mode et style de vie Num\u00e9ro un en Tunisie et au Maghreb\" \/>\n<meta property=\"article:publisher\" content=\"https:\/\/www.facebook.com\/flashmode.magazine\/\" \/>\n<meta property=\"article:published_time\" content=\"2022-01-11T10:53:53+00:00\" \/>\n<meta name=\"author\" content=\"EventsEditors\" \/>\n<meta name=\"twitter:card\" content=\"summary_large_image\" \/>\n<meta name=\"twitter:creator\" content=\"@agenceflashmode\" \/>\n<meta name=\"twitter:site\" content=\"@agenceflashmode\" \/>\n<meta name=\"twitter:label1\" content=\"\u00c9crit par\" \/>\n\t<meta name=\"twitter:data1\" content=\"EventsEditors\" \/>\n\t<meta name=\"twitter:label2\" content=\"Dur\u00e9e de lecture estim\u00e9e\" \/>\n\t<meta name=\"twitter:data2\" content=\"6 minutes\" \/>\n<script type=\"application\/ld+json\" class=\"yoast-schema-graph\">{\"@context\":\"https:\/\/schema.org\",\"@graph\":[{\"@type\":\"WebPage\",\"@id\":\"https:\/\/flashmode.tn\/magazine\/quand-tailler-en-vert-cerisier\/\",\"url\":\"https:\/\/flashmode.tn\/magazine\/quand-tailler-en-vert-cerisier\/\",\"name\":\"Quand tailler en vert cerisier ?\",\"isPartOf\":{\"@id\":\"https:\/\/flashmode.tn\/magazine\/#website\"},\"datePublished\":\"2022-01-11T10:53:53+00:00\",\"author\":{\"@id\":\"https:\/\/flashmode.tn\/magazine\/#\/schema\/person\/257d6780605b915a5e352977f0f6f41c\"},\"description\":\"La taille en vert proprement dite s'effectue plut\u00f4t en juillet et se prolonge jusqu'en septembre. Il est important de ne pas tailler trop t\u00f4t en saison,\",\"breadcrumb\":{\"@id\":\"https:\/\/flashmode.tn\/magazine\/quand-tailler-en-vert-cerisier\/#breadcrumb\"},\"inLanguage\":\"fr-FR\",\"potentialAction\":[{\"@type\":\"ReadAction\",\"target\":[\"https:\/\/flashmode.tn\/magazine\/quand-tailler-en-vert-cerisier\/\"]}]},{\"@type\":\"BreadcrumbList\",\"@id\":\"https:\/\/flashmode.tn\/magazine\/quand-tailler-en-vert-cerisier\/#breadcrumb\",\"itemListElement\":[{\"@type\":\"ListItem\",\"position\":1,\"name\":\"Accueil\",\"item\":\"https:\/\/flashmode.tn\/magazine\/\"},{\"@type\":\"ListItem\",\"position\":2,\"name\":\"Quand tailler en vert cerisier ?\"}]},{\"@type\":\"WebSite\",\"@id\":\"https:\/\/flashmode.tn\/magazine\/#website\",\"url\":\"https:\/\/flashmode.tn\/magazine\/\",\"name\":\"Flashmode Magazine | Magazine de mode et style de vie Num\u00e9ro un en Tunisie et au Maghreb\",\"description\":\"Magazine de mode et style de vie Num\u00e9ro un en Tunisie et au Maghreb, cr\u00e9\u00e9 pour les hommes et les femmes : conseils beaut\u00e9, mode femme, mode homme, recettes de cuisine, c\u00e9l\u00e9brit\u00e9s et people, mannequins et top modeles\",\"potentialAction\":[{\"@type\":\"SearchAction\",\"target\":{\"@type\":\"EntryPoint\",\"urlTemplate\":\"https:\/\/flashmode.tn\/magazine\/?s={search_term_string}\"},\"query-input\":{\"@type\":\"PropertyValueSpecification\",\"valueRequired\":true,\"valueName\":\"search_term_string\"}}],\"inLanguage\":\"fr-FR\"},{\"@type\":\"Person\",\"@id\":\"https:\/\/flashmode.tn\/magazine\/#\/schema\/person\/257d6780605b915a5e352977f0f6f41c\",\"name\":\"EventsEditors\",\"image\":{\"@type\":\"ImageObject\",\"inLanguage\":\"fr-FR\",\"@id\":\"https:\/\/flashmode.tn\/magazine\/#\/schema\/person\/image\/\",\"url\":\"https:\/\/secure.gravatar.com\/avatar\/e2daedf958f66be37c9a79abe56184d85cd1baa6bba0dd8017e3f7d01555232f?s=96&d=mm&r=g\",\"contentUrl\":\"https:\/\/secure.gravatar.com\/avatar\/e2daedf958f66be37c9a79abe56184d85cd1baa6bba0dd8017e3f7d01555232f?s=96&d=mm&r=g\",\"caption\":\"EventsEditors\"},\"url\":\"https:\/\/flashmode.tn\/magazine\/author\/eventseditors\/\"}]}<\/script>\n<!-- \/ Yoast SEO Premium plugin. -->","yoast_head_json":{"title":"Quand tailler en vert cerisier ?","description":"La taille en vert proprement dite s'effectue plut\u00f4t en juillet et se prolonge jusqu'en septembre. Il est important de ne pas tailler trop t\u00f4t en saison,","robots":{"index":"index","follow":"follow","max-snippet":"max-snippet:-1","max-image-preview":"max-image-preview:large","max-video-preview":"max-video-preview:-1"},"canonical":"https:\/\/flashmode.tn\/magazine\/quand-tailler-en-vert-cerisier\/","og_locale":"fr_FR","og_type":"article","og_title":"Quand tailler en vert cerisier ? - Flashmode Magazine | Magazine de mode et style de vie Num\u00e9ro un en Tunisie et au Maghreb","og_description":"La taille en vert proprement dite s'effectue plut\u00f4t en juillet et se prolonge jusqu'en septembre. Il est important de ne pas tailler trop t\u00f4t en saison,","og_url":"https:\/\/flashmode.tn\/magazine\/quand-tailler-en-vert-cerisier\/","og_site_name":"Flashmode Magazine | Magazine de mode et style de vie Num\u00e9ro un en Tunisie et au Maghreb","article_publisher":"https:\/\/www.facebook.com\/flashmode.magazine\/","article_published_time":"2022-01-11T10:53:53+00:00","author":"EventsEditors","twitter_card":"summary_large_image","twitter_creator":"@agenceflashmode","twitter_site":"@agenceflashmode","twitter_misc":{"\u00c9crit par":"EventsEditors","Dur\u00e9e de lecture estim\u00e9e":"6 minutes"},"schema":{"@context":"https:\/\/schema.org","@graph":[{"@type":"WebPage","@id":"https:\/\/flashmode.tn\/magazine\/quand-tailler-en-vert-cerisier\/","url":"https:\/\/flashmode.tn\/magazine\/quand-tailler-en-vert-cerisier\/","name":"Quand tailler en vert cerisier ?","isPartOf":{"@id":"https:\/\/flashmode.tn\/magazine\/#website"},"datePublished":"2022-01-11T10:53:53+00:00","author":{"@id":"https:\/\/flashmode.tn\/magazine\/#\/schema\/person\/257d6780605b915a5e352977f0f6f41c"},"description":"La taille en vert proprement dite s'effectue plut\u00f4t en juillet et se prolonge jusqu'en septembre. Il est important de ne pas tailler trop t\u00f4t en saison,","breadcrumb":{"@id":"https:\/\/flashmode.tn\/magazine\/quand-tailler-en-vert-cerisier\/#breadcrumb"},"inLanguage":"fr-FR","potentialAction":[{"@type":"ReadAction","target":["https:\/\/flashmode.tn\/magazine\/quand-tailler-en-vert-cerisier\/"]}]},{"@type":"BreadcrumbList","@id":"https:\/\/flashmode.tn\/magazine\/quand-tailler-en-vert-cerisier\/#breadcrumb","itemListElement":[{"@type":"ListItem","position":1,"name":"Accueil","item":"https:\/\/flashmode.tn\/magazine\/"},{"@type":"ListItem","position":2,"name":"Quand tailler en vert cerisier ?"}]},{"@type":"WebSite","@id":"https:\/\/flashmode.tn\/magazine\/#website","url":"https:\/\/flashmode.tn\/magazine\/","name":"Flashmode Magazine | Magazine de mode et style de vie Num\u00e9ro un en Tunisie et au Maghreb","description":"Magazine de mode et style de vie Num\u00e9ro un en Tunisie et au Maghreb, cr\u00e9\u00e9 pour les hommes et les femmes : conseils beaut\u00e9, mode femme, mode homme, recettes de cuisine, c\u00e9l\u00e9brit\u00e9s et people, mannequins et top modeles","potentialAction":[{"@type":"SearchAction","target":{"@type":"EntryPoint","urlTemplate":"https:\/\/flashmode.tn\/magazine\/?s={search_term_string}"},"query-input":{"@type":"PropertyValueSpecification","valueRequired":true,"valueName":"search_term_string"}}],"inLanguage":"fr-FR"},{"@type":"Person","@id":"https:\/\/flashmode.tn\/magazine\/#\/schema\/person\/257d6780605b915a5e352977f0f6f41c","name":"EventsEditors","image":{"@type":"ImageObject","inLanguage":"fr-FR","@id":"https:\/\/flashmode.tn\/magazine\/#\/schema\/person\/image\/","url":"https:\/\/secure.gravatar.com\/avatar\/e2daedf958f66be37c9a79abe56184d85cd1baa6bba0dd8017e3f7d01555232f?s=96&d=mm&r=g","contentUrl":"https:\/\/secure.gravatar.com\/avatar\/e2daedf958f66be37c9a79abe56184d85cd1baa6bba0dd8017e3f7d01555232f?s=96&d=mm&r=g","caption":"EventsEditors"},"url":"https:\/\/flashmode.tn\/magazine\/author\/eventseditors\/"}]}},"jetpack_publicize_connections":[],"jetpack_featured_media_url":"","jetpack_shortlink":"https:\/\/wp.me\/p8BPGr-ek2","jetpack_sharing_enabled":true,"_links":{"self":[{"href":"https:\/\/flashmode.tn\/magazine\/wp-json\/wp\/v2\/posts\/55058","targetHints":{"allow":["GET"]}}],"collection":[{"href":"https:\/\/flashmode.tn\/magazine\/wp-json\/wp\/v2\/posts"}],"about":[{"href":"https:\/\/flashmode.tn\/magazine\/wp-json\/wp\/v2\/types\/post"}],"author":[{"embeddable":true,"href":"https:\/\/flashmode.tn\/magazine\/wp-json\/wp\/v2\/users\/6"}],"replies":[{"embeddable":true,"href":"https:\/\/flashmode.tn\/magazine\/wp-json\/wp\/v2\/comments?post=55058"}],"version-history":[{"count":0,"href":"https:\/\/flashmode.tn\/magazine\/wp-json\/wp\/v2\/posts\/55058\/revisions"}],"wp:attachment":[{"href":"https:\/\/flashmode.tn\/magazine\/wp-json\/wp\/v2\/media?parent=55058"}],"wp:term":[{"taxonomy":"category","embeddable":true,"href":"https:\/\/flashmode.tn\/magazine\/wp-json\/wp\/v2\/categories?post=55058"},{"taxonomy":"post_tag","embeddable":true,"href":"https:\/\/flashmode.tn\/magazine\/wp-json\/wp\/v2\/tags?post=55058"}],"curies":[{"name":"wp","href":"https:\/\/api.w.org\/{rel}","templated":true}]}}