{"id":55142,"date":"2021-12-13T00:42:52","date_gmt":"2021-12-12T23:42:52","guid":{"rendered":"https:\/\/flashmode.tn\/magazine\/?p=55142"},"modified":"2021-12-13T00:42:52","modified_gmt":"2021-12-12T23:42:52","slug":"quand-repiquer-des-salades-avec-la-lune","status":"publish","type":"post","link":"https:\/\/flashmode.tn\/magazine\/quand-repiquer-des-salades-avec-la-lune\/","title":{"rendered":"Quand repiquer des salades avec la lune ?"},"content":{"rendered":"<p>Elles ont toutes en commun <b>de<\/b> se semer en suivant la d\u00e9clinaison <b>de la Lune<\/b>, puisqu&rsquo;on les s\u00e8me en <b>Lune<\/b> montante. Dans les r\u00e9gions <b>de<\/b> climat standard, le semis <b>de salades<\/b> s&rsquo;effectue au printemps, <b>de<\/b> la fin mars jusqu&rsquo;<b>\u00e0<\/b> la mi-juin, puis reprend en automne, lorsque la fra\u00eecheur revient et jusqu&rsquo;<b>\u00e0<\/b> la mi-septembre.<\/p>\n<p>Ainsi, Quand repiquer salade hiver ?<\/p>\n<p>Habituellement les <b>salades<\/b> d&rsquo;<b>hiver<\/b> se plantent \u00e0 la fin de l&rsquo;\u00e9t\u00e9 jusqu&rsquo;en octobre, sauf que cette ann\u00e9e, la douceur des temp\u00e9ratures permet d&rsquo;en planter encore jusqu&rsquo;\u00e0 mi-novembre&#8230;si vous trouvez encore des plants !<\/p>\n<p>ensuite Quand repiquer la salade batavia ?<\/p>\n<p>Date de semis et de <b>repiquage<\/b> des laitues batavias<\/p>\n<p> Les semis se font de janvier \u00e0 septembre, sous abri jusqu&rsquo;en avril puis en pleine terre de mai \u00e0 septembre, avec un <b>repiquage<\/b> en place ou un \u00e9claircissage \u00e0 25 cm entre chaque plant, environ 4 semaines apr\u00e8s le semis, lorsque les plantules ont 4-5 feuilles.<\/p>\n<p>Quand repiquer les fleurs avec la lune ?<\/p>\n<p><b>Quand<\/b> la <b>Lune<\/b> est montante (ou ascendante) et qu&rsquo;elle passe devant la constellation du Verseau, vous pouvez <b>semer<\/b> vos <b>fleurs<\/b> et l\u00e9gumes-<b>fleurs<\/b> mais aussi effectuer leur cueillette ou leur r\u00e9colte. Cette p\u00e9riode est favorable au pr\u00e9l\u00e8vement des greffons et aux op\u00e9rations de greffe des arbustes <b>\u00e0 fleurs<\/b>.<\/p>\n<div id=\"ez-toc-container\" class=\"ez-toc-v2_0_81 counter-hierarchy ez-toc-counter ez-toc-grey ez-toc-container-direction\">\n<div class=\"ez-toc-title-container\">\n<p class=\"ez-toc-title\" style=\"cursor:inherit\">Contenus de la page<\/p>\n<span class=\"ez-toc-title-toggle\"><a href=\"#\" class=\"ez-toc-pull-right ez-toc-btn ez-toc-btn-xs ez-toc-btn-default ez-toc-toggle\" aria-label=\"Toggle Table of Content\"><span class=\"ez-toc-js-icon-con\"><span class=\"\"><span class=\"eztoc-hide\" style=\"display:none;\">Toggle<\/span><span class=\"ez-toc-icon-toggle-span\"><svg style=\"fill: #999;color:#999\" xmlns=\"http:\/\/www.w3.org\/2000\/svg\" class=\"list-377408\" width=\"20px\" height=\"20px\" viewBox=\"0 0 24 24\" fill=\"none\"><path d=\"M6 6H4v2h2V6zm14 0H8v2h12V6zM4 11h2v2H4v-2zm16 0H8v2h12v-2zM4 16h2v2H4v-2zm16 0H8v2h12v-2z\" fill=\"currentColor\"><\/path><\/svg><svg style=\"fill: #999;color:#999\" class=\"arrow-unsorted-368013\" xmlns=\"http:\/\/www.w3.org\/2000\/svg\" width=\"10px\" height=\"10px\" viewBox=\"0 0 24 24\" version=\"1.2\" baseProfile=\"tiny\"><path d=\"M18.2 9.3l-6.2-6.3-6.2 6.3c-.2.2-.3.4-.3.7s.1.5.3.7c.2.2.4.3.7.3h11c.3 0 .5-.1.7-.3.2-.2.3-.5.3-.7s-.1-.5-.3-.7zM5.8 14.7l6.2 6.3 6.2-6.3c.2-.2.3-.5.3-.7s-.1-.5-.3-.7c-.2-.2-.4-.3-.7-.3h-11c-.3 0-.5.1-.7.3-.2.2-.3.5-.3.7s.1.5.3.7z\"\/><\/svg><\/span><\/span><\/span><\/a><\/span><\/div>\n<nav><ul class='ez-toc-list ez-toc-list-level-1 ' ><li class='ez-toc-page-1 ez-toc-heading-level-2'><a class=\"ez-toc-link ez-toc-heading-1\" href=\"https:\/\/flashmode.tn\/magazine\/quand-repiquer-des-salades-avec-la-lune\/#Quelle_salade_planter_au_mois_doctobre\" >Quelle salade planter au mois d&rsquo;octobre ?<\/a><\/li><li class='ez-toc-page-1 ez-toc-heading-level-2'><a class=\"ez-toc-link ez-toc-heading-2\" href=\"https:\/\/flashmode.tn\/magazine\/quand-repiquer-des-salades-avec-la-lune\/#Quand_repiquer_la_chicoree_scarole\" >Quand repiquer la chicor\u00e9e scarole ?<\/a><\/li><li class='ez-toc-page-1 ez-toc-heading-level-2'><a class=\"ez-toc-link ez-toc-heading-3\" href=\"https:\/\/flashmode.tn\/magazine\/quand-repiquer-des-salades-avec-la-lune\/#Quelle_salade_repousse_quand_on_la_coupe\" >Quelle salade repousse quand on la coupe ?<\/a><\/li><li class='ez-toc-page-1 ez-toc-heading-level-2'><a class=\"ez-toc-link ez-toc-heading-4\" href=\"https:\/\/flashmode.tn\/magazine\/quand-repiquer-des-salades-avec-la-lune\/#Est-ce_que_la_batavia_repousse\" >Est-ce que la batavia repousse ?<\/a><\/li><li class='ez-toc-page-1 ez-toc-heading-level-2'><a class=\"ez-toc-link ez-toc-heading-5\" href=\"https:\/\/flashmode.tn\/magazine\/quand-repiquer-des-salades-avec-la-lune\/#Quelle_exposition_pour_planter_les_salades\" >Quelle exposition pour planter les salades ?<\/a><\/li><li class='ez-toc-page-1 ez-toc-heading-level-2'><a class=\"ez-toc-link ez-toc-heading-6\" href=\"https:\/\/flashmode.tn\/magazine\/quand-repiquer-des-salades-avec-la-lune\/#Quand_eclaircir_les_salades\" >Quand \u00e9claircir les salades ?<\/a><\/li><li class='ez-toc-page-1 ez-toc-heading-level-2'><a class=\"ez-toc-link ez-toc-heading-7\" href=\"https:\/\/flashmode.tn\/magazine\/quand-repiquer-des-salades-avec-la-lune\/#Quand_planter_les_tomates_avec_la_Lune_2021\" >Quand planter les tomates avec la Lune 2021 ?<\/a><\/li><li class='ez-toc-page-1 ez-toc-heading-level-2'><a class=\"ez-toc-link ez-toc-heading-8\" href=\"https:\/\/flashmode.tn\/magazine\/quand-repiquer-des-salades-avec-la-lune\/#Pourquoi_planter_en_fonction_de_la_Lune\" >Pourquoi planter en fonction de la Lune ?<\/a><\/li><li class='ez-toc-page-1 ez-toc-heading-level-2'><a class=\"ez-toc-link ez-toc-heading-9\" href=\"https:\/\/flashmode.tn\/magazine\/quand-repiquer-des-salades-avec-la-lune\/#Comment_la_Lune_influence_les_plantes\" >Comment la Lune influence les plantes ?<\/a><\/li><li class='ez-toc-page-1 ez-toc-heading-level-2'><a class=\"ez-toc-link ez-toc-heading-10\" href=\"https:\/\/flashmode.tn\/magazine\/quand-repiquer-des-salades-avec-la-lune\/#Quels_legume_planter_en_octobre\" >Quels l\u00e9gume planter en octobre ?<\/a><\/li><li class='ez-toc-page-1 ez-toc-heading-level-2'><a class=\"ez-toc-link ez-toc-heading-11\" href=\"https:\/\/flashmode.tn\/magazine\/quand-repiquer-des-salades-avec-la-lune\/#Est-ce_que_les_plants_de_salade_craignent_le_gel\" >Est-ce que les plants de salade craignent le gel ?<\/a><\/li><li class='ez-toc-page-1 ez-toc-heading-level-2'><a class=\"ez-toc-link ez-toc-heading-12\" href=\"https:\/\/flashmode.tn\/magazine\/quand-repiquer-des-salades-avec-la-lune\/#Quel_legume_planter_a_lautomne\" >Quel l\u00e9gume planter \u00e0 l&rsquo;automne ?<\/a><\/li><li class='ez-toc-page-1 ez-toc-heading-level-2'><a class=\"ez-toc-link ez-toc-heading-13\" href=\"https:\/\/flashmode.tn\/magazine\/quand-repiquer-des-salades-avec-la-lune\/#Comment_repiquer_de_la_scarole\" >Comment repiquer de la scarole ?<\/a><\/li><li class='ez-toc-page-1 ez-toc-heading-level-2'><a class=\"ez-toc-link ez-toc-heading-14\" href=\"https:\/\/flashmode.tn\/magazine\/quand-repiquer-des-salades-avec-la-lune\/#Quand_planter_les_scaroles_dhiver\" >Quand planter les scaroles d&rsquo;hiver ?<\/a><\/li><li class='ez-toc-page-1 ez-toc-heading-level-2'><a class=\"ez-toc-link ez-toc-heading-15\" href=\"https:\/\/flashmode.tn\/magazine\/quand-repiquer-des-salades-avec-la-lune\/#Quand_planter_chicoree\" >Quand planter chicor\u00e9e ?<\/a><\/li><li class='ez-toc-page-1 ez-toc-heading-level-2'><a class=\"ez-toc-link ez-toc-heading-16\" href=\"https:\/\/flashmode.tn\/magazine\/quand-repiquer-des-salades-avec-la-lune\/#Est-ce_que_la_salade_repousse\" >Est-ce que la salade repousse ?<\/a><\/li><li class='ez-toc-page-1 ez-toc-heading-level-2'><a class=\"ez-toc-link ez-toc-heading-17\" href=\"https:\/\/flashmode.tn\/magazine\/quand-repiquer-des-salades-avec-la-lune\/#Comment_couper_une_salade_dans_le_jardin\" >Comment couper une salade dans le jardin ?<\/a><\/li><li class='ez-toc-page-1 ez-toc-heading-level-2'><a class=\"ez-toc-link ez-toc-heading-18\" href=\"https:\/\/flashmode.tn\/magazine\/quand-repiquer-des-salades-avec-la-lune\/#Quand_recolter_la_laitue_a_couper\" >Quand r\u00e9colter la laitue \u00e0 couper ?<\/a><\/li><li class='ez-toc-page-1 ez-toc-heading-level-2'><a class=\"ez-toc-link ez-toc-heading-19\" href=\"https:\/\/flashmode.tn\/magazine\/quand-repiquer-des-salades-avec-la-lune\/#Est-ce_que_la_salade_repousse_quand_on_la_coupe\" >Est-ce que la salade repousse quand on la coupe ?<\/a><\/li><li class='ez-toc-page-1 ez-toc-heading-level-2'><a class=\"ez-toc-link ez-toc-heading-20\" href=\"https:\/\/flashmode.tn\/magazine\/quand-repiquer-des-salades-avec-la-lune\/#Comment_couper_la_batavia_pour_quelle_repousse\" >Comment couper la batavia pour qu&rsquo;elle repousse ?<\/a><\/li><li class='ez-toc-page-1 ez-toc-heading-level-2'><a class=\"ez-toc-link ez-toc-heading-21\" href=\"https:\/\/flashmode.tn\/magazine\/quand-repiquer-des-salades-avec-la-lune\/#Est-ce_que_la_laitue_Boston_repousse\" >Est-ce que la laitue Boston repousse ?<\/a><\/li><\/ul><\/nav><\/div>\n<h2><span class=\"ez-toc-section\" id=\"Quelle_salade_planter_au_mois_doctobre\"><\/span>Quelle salade planter au mois d&rsquo;octobre ?<span class=\"ez-toc-section-end\"><\/span><\/h2>\n<p>En <b>octobre<\/b>, vous pouvez terminer de semer la m\u00e2che, la laitue d&rsquo;hiver ou encore le chou de printemps. Sachez que la m\u00e2che est la <b>salade<\/b> d&rsquo;hiver par excellence. Elle se consomme aussi bien crue \u00e0 l&rsquo;image de la <b>salade<\/b> de bl\u00e9, ou cuite \u00e0 la mani\u00e8re des \u00e9pinards. En outre, la m\u00e2che se plante de juillet \u00e0 <b>octobre<\/b>.<\/p>\n<h2><span class=\"ez-toc-section\" id=\"Quand_repiquer_la_chicoree_scarole\"><\/span><strong>Quand repiquer la chicor\u00e9e scarole ?<\/strong><span class=\"ez-toc-section-end\"><\/span><\/h2>\n<p>En \u00e9t\u00e9 ou en p\u00e9riode de s\u00e9cheresse, c&rsquo;est le bon moment pour <b>repiquer<\/b> des <b>chicor\u00e9es scaroles<\/b> afin de les planter au potager. La principale difficult\u00e9 est de r\u00e9ussir le <b>repiquage<\/b> en p\u00e9riode chaude et s\u00e8che.<\/p>\n<h2><span class=\"ez-toc-section\" id=\"Quelle_salade_repousse_quand_on_la_coupe\"><\/span><strong>Quelle salade repousse quand on la coupe ?<\/strong><span class=\"ez-toc-section-end\"><\/span><\/h2>\n<p>La laitue \u00e0 <b>couper<\/b> est un l\u00e9gume-feuille annuel que l&rsquo;on consomme cru en <b>salade<\/b>, ou cuit. Il s&rsquo;agit d&rsquo;une laitue comme nous les connaissons bien, \u00e0 feuilles plus ou moins d\u00e9coup\u00e9es. Sa sp\u00e9cificit\u00e9 se trouve dans la r\u00e9colte, puisque la laitue \u00e0 <b>couper<\/b> pr\u00e9sente la particularit\u00e9 de <b>repousser<\/b> apr\u00e8s la cueillette !<\/p>\n<h2><span class=\"ez-toc-section\" id=\"Est-ce_que_la_batavia_repousse\"><\/span><strong>Est-ce que la batavia repousse ?<\/strong><span class=\"ez-toc-section-end\"><\/span><\/h2>\n<p>La laitue \u00e0 couper <b>est<\/b> un l\u00e9gume-feuille annuel que l&rsquo;on consomme cru en salade, ou cuit. Il s&rsquo;agit d&rsquo;une laitue comme nous les connaissons bien, \u00e0 feuilles plus ou moins d\u00e9coup\u00e9es. Sa sp\u00e9cificit\u00e9 se trouve dans la r\u00e9colte, puisque la laitue \u00e0 couper pr\u00e9sente la particularit\u00e9 de <b>repousser<\/b> apr\u00e8s la cueillette !<\/p>\n<h2><span class=\"ez-toc-section\" id=\"Quelle_exposition_pour_planter_les_salades\"><\/span><strong>Quelle exposition pour planter les salades ?<\/strong><span class=\"ez-toc-section-end\"><\/span><\/h2>\n<p>Choisissez un endroit partiellement ensoleill\u00e9, m\u00eame en pot sur un balcon. Ne pas enterrer le collet (base du plant), laissez donc effleurer cette partie au dessus de la terre. Respectez une distance de 30 cm entre chaque plante et arrosez r\u00e9guli\u00e8rement.<\/p>\n<h2><span class=\"ez-toc-section\" id=\"Quand_eclaircir_les_salades\"><\/span><strong>Quand \u00e9claircir les salades ?<\/strong><span class=\"ez-toc-section-end\"><\/span><\/h2>\n<p><b>Quand \u00e9claircir<\/b> laitue ? L&rsquo;\u00e9claircissage se pratique lorsque les plants poss\u00e8dent 4 feuilles. Il permet d&rsquo;obtenir la distance entre les plants qui permettra une croissance optimale jusqu&rsquo;\u00e0 la r\u00e9colte.<\/p>\n<h2><span class=\"ez-toc-section\" id=\"Quand_planter_les_tomates_avec_la_Lune_2021\"><\/span><strong>Quand planter les tomates avec la Lune 2021 ?<\/strong><span class=\"ez-toc-section-end\"><\/span><\/h2>\n<p>CALENDRIER LUNAIRE <b>POUR<\/b> LES SEMIS <b>DE TOMATES 2021<\/b><\/p>\n<p> JOURS FAVORABLES MARS <b>2021<\/b>: &#8211; le 7,8 mars, le 16,17,18 mars, le 25,26 <b>et<\/b> 27 mars. JOURS FAVORABLES AVRIL <b>2021<\/b>: &#8211; le 3,4 avril, le 13 avril:, le 22,23 avril. JOURS FAVORABLES JUIN <b>2021<\/b>: &#8211; les 6 <b>et<\/b> 7 juin , 15,16,17 juin, 24 <b>et<\/b> 25 juin: plantez les <b>tomates<\/b>.<\/p>\n<h2><span class=\"ez-toc-section\" id=\"Pourquoi_planter_en_fonction_de_la_Lune\"><\/span><strong>Pourquoi planter en fonction de la Lune ?<\/strong><span class=\"ez-toc-section-end\"><\/span><\/h2>\n<p>Les v\u00e9g\u00e9taux sont plus r\u00e9sistants aux maladies et c&rsquo;est le moment id\u00e9al pour effectuer tous les travaux qui vont demander de l&rsquo;\u00e9nergie \u00e0 la plante comme la taille et la cueillette des fleurs et des fruits.<\/p>\n<h2><span class=\"ez-toc-section\" id=\"Comment_la_Lune_influence_les_plantes\"><\/span><strong>Comment la Lune influence les plantes ?<\/strong><span class=\"ez-toc-section-end\"><\/span><\/h2>\n<p>Au cours de la phase ascendante de la <b>Lune<\/b>, on dit que la s\u00e8ve monte dans les parties hautes de la <b>plante<\/b>. &#8230; Lorsque la <b>Lune<\/b> est en phase descendante, la gravit\u00e9, \u00e0 l&rsquo;inverse, favorise la pr\u00e9sence de s\u00e8ve dans les racines. Vous l&rsquo;aurez compris, vous devez mettre boutures et graines en terre \u00e0 ce moment-l\u00e0.<\/p>\n<h2><span class=\"ez-toc-section\" id=\"Quels_legume_planter_en_octobre\"><\/span><strong>Quels l\u00e9gume planter en octobre ?<\/strong><span class=\"ez-toc-section-end\"><\/span><\/h2>\n<p><b>  <b>   Quels l\u00e9gumes planter en octobre  <\/b>  ? <\/b> <\/p>\n<ul>\n<li>   ail blanc et violet.  <\/li>\n<li>   \u00e9chalote grise.  <\/li>\n<li>   oignon rouge d&rsquo;hiver.  <\/li>\n<li>   ail rose.  <\/li>\n<li>   oignon blanc.  <\/li>\n<li>   rhubarbe.  <\/li>\n<li>   asperges et artichauts dans les r\u00e9gions \u00e0 hiver doux.  <\/li>\n<li>   f\u00e8ves et petits pois \u00e0   <b>    semer   <\/b>   , dans les r\u00e9gions \u00e0 hiver doux.  <\/li>\n<\/ul>\n<h2><span class=\"ez-toc-section\" id=\"Est-ce_que_les_plants_de_salade_craignent_le_gel\"><\/span><strong>Est-ce que les plants de salade craignent le gel ?<\/strong><span class=\"ez-toc-section-end\"><\/span><\/h2>\n<p>La laitue <b>est<\/b> une culture peu exigeante en temp\u00e9rature, elle peut supporter des temp\u00e9ratures n\u00e9gatives cependant au stade plantation et pommaison, elle <b>est<\/b> sensible au <b>gel<\/b>.<\/p>\n<h2><span class=\"ez-toc-section\" id=\"Quel_legume_planter_a_lautomne\"><\/span><strong>Quel l\u00e9gume planter \u00e0 l&rsquo;automne ?<\/strong><span class=\"ez-toc-section-end\"><\/span><\/h2>\n<p><b>Quels<\/b> sont les <b>l\u00e9gumes<\/b> d&rsquo;<b>automne<\/b> et d&rsquo;hiver ? Les <b>l\u00e9gumes<\/b> sp\u00e9cifiques \u00e0 la saison sont : cardon, c\u00e9leri-rave, choux de Bruxelles, chou fris\u00e9, rutabaga, crosne (<b>plantation<\/b>), m\u00e2che, panais, courges, salsifis et scorson\u00e8re, topinambour (<b>plantation<\/b>), endive.<\/p>\n<h2><span class=\"ez-toc-section\" id=\"Comment_repiquer_de_la_scarole\"><\/span><strong>Comment repiquer de la scarole ?<\/strong><span class=\"ez-toc-section-end\"><\/span><\/h2>\n<p>La <b>scarole<\/b> se s\u00e8me d&rsquo;avril \u00e0 ao\u00fbt, une fois que la p\u00e9riode des gel\u00e9es est termin\u00e9e. Semez vos graines \u00e0 1 cm de profondeur en espa\u00e7ant les rangs d&rsquo;une trentaine de centim\u00e8tres. Eclaircissez puis repiquez vos plants \u00e0 30-40 cm d&rsquo;\u00e9carts lorsqu&rsquo;ils font une dizaine de cm.<\/p>\n<h2><span class=\"ez-toc-section\" id=\"Quand_planter_les_scaroles_dhiver\"><\/span><strong>Quand planter les scaroles d&rsquo;hiver ?<\/strong><span class=\"ez-toc-section-end\"><\/span><\/h2>\n<p>Retirez le tunnel d\u00e8s la fin des gel\u00e9es. <b>Scarole<\/b> d&rsquo;\u00e9t\u00e9 : Semis en place d&rsquo;avril \u00e0 juin. <b>Scarole<\/b> d&rsquo;automne : Semis en place de mai \u00e0 juin. <b>Scarole d&rsquo;hiver<\/b> : Semis en p\u00e9pini\u00e8re au mois d&rsquo;ao\u00fbt au mois d&rsquo;octobre.<\/p>\n<h2><span class=\"ez-toc-section\" id=\"Quand_planter_chicoree\"><\/span><strong>Quand planter chicor\u00e9e ?<\/strong><span class=\"ez-toc-section-end\"><\/span><\/h2>\n<p>Ces <b>chicor\u00e9es<\/b> se s\u00e8ment de juin \u00e0 ao\u00fbt, en place d\u00e8s que la terre s&rsquo;est r\u00e9chauff\u00e9e \u00e0 15\u00b0C, en espa\u00e7ant les rangs de 20 \u00e0 30 centim\u00e8tres.<\/p>\n<h2><span class=\"ez-toc-section\" id=\"Est-ce_que_la_salade_repousse\"><\/span><strong>Est-ce que la salade repousse ?<\/strong><span class=\"ez-toc-section-end\"><\/span><\/h2>\n<p>La <b>laitue<\/b> (de m\u00eame que d&rsquo;autres salades) <b>repousse<\/b> facilement \u00e0 partir de son trognon. Lorsque vous achetez votre salade (enti\u00e8re) ou la r\u00e9coltez au potager, ne jetez pas son trognon. Apr\u00e8s avoir coup\u00e9 les feuilles, conservez le coeur avec la base du trognon.<\/p>\n<h2><span class=\"ez-toc-section\" id=\"Comment_couper_une_salade_dans_le_jardin\"><\/span><strong>Comment couper une salade dans le jardin ?<\/strong><span class=\"ez-toc-section-end\"><\/span><\/h2>\n<p>Lors de la r\u00e9colte, n&rsquo;arrachez pas les racines car vous l&#8217;emp\u00eacherez de faire de nouvelles feuilles. Il est pr\u00e9f\u00e9rable d&rsquo;utiliser un bon couteau et de <b>couper la laitue<\/b> 2 cm au dessus du collet. Laissez ainsi la partie blanche et de nouvelles pousses appara\u00eetront rapidement pour une autre r\u00e9colte.<\/p>\n<h2><span class=\"ez-toc-section\" id=\"Quand_recolter_la_laitue_a_couper\"><\/span><strong>Quand r\u00e9colter la laitue \u00e0 couper ?<\/strong><span class=\"ez-toc-section-end\"><\/span><\/h2>\n<p>Lorsque la terre est bien r\u00e9chauff\u00e9e, la <b>laitue<\/b> \u00e0 <b>couper<\/b> germe tr\u00e8s vite et cro\u00eet en quelques semaines. La <b>r\u00e9colte<\/b> s&rsquo;effectue alors au fur et \u00e0 mesure des besoins, de nouvelles feuilles apparaissant sans cesse.<\/p>\n<h2><span class=\"ez-toc-section\" id=\"Est-ce_que_la_salade_repousse_quand_on_la_coupe\"><\/span><strong>Est-ce que la salade repousse quand on la coupe ?<\/strong><span class=\"ez-toc-section-end\"><\/span><\/h2>\n<p>Comme leur nom l&rsquo;indique, ces <b>salades<\/b> se coupent. On les r\u00e9colte sans arracher la racine mais en sectionnant tout simplement les feuilles. Mais l\u00e0 o\u00f9 elles sont particuli\u00e8rement int\u00e9ressantes (et productives) , c&rsquo;<b>est<\/b> qu&rsquo;elles repoussent, et rapidement. Pas ind\u00e9finiment, certes, mais deux ou trois fois, au moins.<\/p>\n<h2><span class=\"ez-toc-section\" id=\"Comment_couper_la_batavia_pour_quelle_repousse\"><\/span><strong>Comment couper la batavia pour qu&rsquo;elle repousse ?<\/strong><span class=\"ez-toc-section-end\"><\/span><\/h2>\n<p><b>Pour qu<\/b>&lsquo;<b>elle repousse<\/b>, une salade doit \u00eatre coup\u00e9e au niveau des feuilles, sur le pourtour du pied ou \u00e0 2 cm du collet. \u00c0 ce stade, <b>elle<\/b> repoussera plus vite <b>qu<\/b>&lsquo;\u00e0 partir <b>de<\/b> la plantation d&rsquo;une graine.<\/p>\n<h2><span class=\"ez-toc-section\" id=\"Est-ce_que_la_laitue_Boston_repousse\"><\/span><strong>Est-ce que la laitue Boston repousse ?<\/strong><span class=\"ez-toc-section-end\"><\/span><\/h2>\n<p>Il existe deux m\u00e9thodes pour faire <b>repousser<\/b> la <b>laitue<\/b> \u00e0 partir de sa base: la placer dans l&rsquo;eau ou la cultiver dans un terreau. Regardons les deux possibilit\u00e9s. 1. &#8230; Pour \u00e9viter la pourriture, changez l&rsquo;eau tous les 24 ou 48 heures.<\/p>\n<hr \/>\n<p><em>Editeurs: 12 &#8211; R\u00e9f\u00e9rences: 34 articles<\/em><\/p>\n<p><em>N\u2019oubliez pas de partager l\u2019article !<\/em><\/p>\n","protected":false},"excerpt":{"rendered":"<p>Elles ont toutes en commun de se semer en suivant la d\u00e9clinaison de la Lune, puisqu&rsquo;on les s\u00e8me en Lune montante. Dans les r\u00e9gions de climat standard, le semis de salades s&rsquo;effectue au printemps, de la fin mars jusqu&rsquo;\u00e0 la mi-juin, puis reprend en automne, lorsque la fra\u00eecheur revient et jusqu&rsquo;\u00e0 la mi-septembre. Ainsi, Quand [&hellip;]<\/p>\n","protected":false},"author":6,"featured_media":0,"comment_status":"open","ping_status":"open","sticky":false,"template":"","format":"standard","meta":{"tdm_status":"","tdm_grid_status":"","_jetpack_memberships_contains_paid_content":false,"footnotes":"","jetpack_publicize_message":"","jetpack_publicize_feature_enabled":true,"jetpack_social_post_already_shared":true,"jetpack_social_options":{"image_generator_settings":{"template":"highway","default_image_id":0,"font":"","enabled":false},"version":2}},"categories":[3457],"tags":[],"class_list":["post-55142","post","type-post","status-publish","format-standard","hentry","category-maison"],"yoast_head":"<!-- This site is optimized with the Yoast SEO Premium plugin v25.0 (Yoast SEO v25.0) - https:\/\/yoast.com\/wordpress\/plugins\/seo\/ -->\n<title>Quand repiquer des salades avec la lune ?<\/title>\n<meta name=\"description\" content=\"Elles ont toutes en commun de se semer en suivant la d\u00e9clinaison de la Lune, puisqu&#039;on les s\u00e8me en Lune montante. Dans les r\u00e9gions de climat standard, le\" \/>\n<meta name=\"robots\" content=\"index, follow, max-snippet:-1, max-image-preview:large, max-video-preview:-1\" \/>\n<link rel=\"canonical\" href=\"https:\/\/flashmode.tn\/magazine\/quand-repiquer-des-salades-avec-la-lune\/\" \/>\n<meta property=\"og:locale\" content=\"fr_FR\" \/>\n<meta property=\"og:type\" content=\"article\" \/>\n<meta property=\"og:title\" content=\"Quand repiquer des salades avec la lune ? - Flashmode Magazine | Magazine de mode et style de vie Num\u00e9ro un en Tunisie et au Maghreb\" \/>\n<meta property=\"og:description\" content=\"Elles ont toutes en commun de se semer en suivant la d\u00e9clinaison de la Lune, puisqu&#039;on les s\u00e8me en Lune montante. Dans les r\u00e9gions de climat standard, le\" \/>\n<meta property=\"og:url\" content=\"https:\/\/flashmode.tn\/magazine\/quand-repiquer-des-salades-avec-la-lune\/\" \/>\n<meta property=\"og:site_name\" content=\"Flashmode Magazine | Magazine de mode et style de vie Num\u00e9ro un en Tunisie et au Maghreb\" \/>\n<meta property=\"article:publisher\" content=\"https:\/\/www.facebook.com\/flashmode.magazine\/\" \/>\n<meta property=\"article:published_time\" content=\"2021-12-12T23:42:52+00:00\" \/>\n<meta name=\"author\" content=\"EventsEditors\" \/>\n<meta name=\"twitter:card\" content=\"summary_large_image\" \/>\n<meta name=\"twitter:creator\" content=\"@agenceflashmode\" \/>\n<meta name=\"twitter:site\" content=\"@agenceflashmode\" \/>\n<meta name=\"twitter:label1\" content=\"\u00c9crit par\" \/>\n\t<meta name=\"twitter:data1\" content=\"EventsEditors\" \/>\n\t<meta name=\"twitter:label2\" content=\"Dur\u00e9e de lecture estim\u00e9e\" \/>\n\t<meta name=\"twitter:data2\" content=\"6 minutes\" \/>\n<script type=\"application\/ld+json\" class=\"yoast-schema-graph\">{\"@context\":\"https:\/\/schema.org\",\"@graph\":[{\"@type\":\"WebPage\",\"@id\":\"https:\/\/flashmode.tn\/magazine\/quand-repiquer-des-salades-avec-la-lune\/\",\"url\":\"https:\/\/flashmode.tn\/magazine\/quand-repiquer-des-salades-avec-la-lune\/\",\"name\":\"Quand repiquer des salades avec la lune ?\",\"isPartOf\":{\"@id\":\"https:\/\/flashmode.tn\/magazine\/#website\"},\"datePublished\":\"2021-12-12T23:42:52+00:00\",\"author\":{\"@id\":\"https:\/\/flashmode.tn\/magazine\/#\/schema\/person\/257d6780605b915a5e352977f0f6f41c\"},\"description\":\"Elles ont toutes en commun de se semer en suivant la d\u00e9clinaison de la Lune, puisqu'on les s\u00e8me en Lune montante. Dans les r\u00e9gions de climat standard, le\",\"breadcrumb\":{\"@id\":\"https:\/\/flashmode.tn\/magazine\/quand-repiquer-des-salades-avec-la-lune\/#breadcrumb\"},\"inLanguage\":\"fr-FR\",\"potentialAction\":[{\"@type\":\"ReadAction\",\"target\":[\"https:\/\/flashmode.tn\/magazine\/quand-repiquer-des-salades-avec-la-lune\/\"]}]},{\"@type\":\"BreadcrumbList\",\"@id\":\"https:\/\/flashmode.tn\/magazine\/quand-repiquer-des-salades-avec-la-lune\/#breadcrumb\",\"itemListElement\":[{\"@type\":\"ListItem\",\"position\":1,\"name\":\"Accueil\",\"item\":\"https:\/\/flashmode.tn\/magazine\/\"},{\"@type\":\"ListItem\",\"position\":2,\"name\":\"Quand repiquer des salades avec la lune ?\"}]},{\"@type\":\"WebSite\",\"@id\":\"https:\/\/flashmode.tn\/magazine\/#website\",\"url\":\"https:\/\/flashmode.tn\/magazine\/\",\"name\":\"Flashmode Magazine | Magazine de mode et style de vie Num\u00e9ro un en Tunisie et au Maghreb\",\"description\":\"Magazine de mode et style de vie Num\u00e9ro un en Tunisie et au Maghreb, cr\u00e9\u00e9 pour les hommes et les femmes : conseils beaut\u00e9, mode femme, mode homme, recettes de cuisine, c\u00e9l\u00e9brit\u00e9s et people, mannequins et top modeles\",\"potentialAction\":[{\"@type\":\"SearchAction\",\"target\":{\"@type\":\"EntryPoint\",\"urlTemplate\":\"https:\/\/flashmode.tn\/magazine\/?s={search_term_string}\"},\"query-input\":{\"@type\":\"PropertyValueSpecification\",\"valueRequired\":true,\"valueName\":\"search_term_string\"}}],\"inLanguage\":\"fr-FR\"},{\"@type\":\"Person\",\"@id\":\"https:\/\/flashmode.tn\/magazine\/#\/schema\/person\/257d6780605b915a5e352977f0f6f41c\",\"name\":\"EventsEditors\",\"image\":{\"@type\":\"ImageObject\",\"inLanguage\":\"fr-FR\",\"@id\":\"https:\/\/flashmode.tn\/magazine\/#\/schema\/person\/image\/\",\"url\":\"https:\/\/secure.gravatar.com\/avatar\/e2daedf958f66be37c9a79abe56184d85cd1baa6bba0dd8017e3f7d01555232f?s=96&d=mm&r=g\",\"contentUrl\":\"https:\/\/secure.gravatar.com\/avatar\/e2daedf958f66be37c9a79abe56184d85cd1baa6bba0dd8017e3f7d01555232f?s=96&d=mm&r=g\",\"caption\":\"EventsEditors\"},\"url\":\"https:\/\/flashmode.tn\/magazine\/author\/eventseditors\/\"}]}<\/script>\n<!-- \/ Yoast SEO Premium plugin. -->","yoast_head_json":{"title":"Quand repiquer des salades avec la lune ?","description":"Elles ont toutes en commun de se semer en suivant la d\u00e9clinaison de la Lune, puisqu'on les s\u00e8me en Lune montante. Dans les r\u00e9gions de climat standard, le","robots":{"index":"index","follow":"follow","max-snippet":"max-snippet:-1","max-image-preview":"max-image-preview:large","max-video-preview":"max-video-preview:-1"},"canonical":"https:\/\/flashmode.tn\/magazine\/quand-repiquer-des-salades-avec-la-lune\/","og_locale":"fr_FR","og_type":"article","og_title":"Quand repiquer des salades avec la lune ? - Flashmode Magazine | Magazine de mode et style de vie Num\u00e9ro un en Tunisie et au Maghreb","og_description":"Elles ont toutes en commun de se semer en suivant la d\u00e9clinaison de la Lune, puisqu'on les s\u00e8me en Lune montante. Dans les r\u00e9gions de climat standard, le","og_url":"https:\/\/flashmode.tn\/magazine\/quand-repiquer-des-salades-avec-la-lune\/","og_site_name":"Flashmode Magazine | Magazine de mode et style de vie Num\u00e9ro un en Tunisie et au Maghreb","article_publisher":"https:\/\/www.facebook.com\/flashmode.magazine\/","article_published_time":"2021-12-12T23:42:52+00:00","author":"EventsEditors","twitter_card":"summary_large_image","twitter_creator":"@agenceflashmode","twitter_site":"@agenceflashmode","twitter_misc":{"\u00c9crit par":"EventsEditors","Dur\u00e9e de lecture estim\u00e9e":"6 minutes"},"schema":{"@context":"https:\/\/schema.org","@graph":[{"@type":"WebPage","@id":"https:\/\/flashmode.tn\/magazine\/quand-repiquer-des-salades-avec-la-lune\/","url":"https:\/\/flashmode.tn\/magazine\/quand-repiquer-des-salades-avec-la-lune\/","name":"Quand repiquer des salades avec la lune ?","isPartOf":{"@id":"https:\/\/flashmode.tn\/magazine\/#website"},"datePublished":"2021-12-12T23:42:52+00:00","author":{"@id":"https:\/\/flashmode.tn\/magazine\/#\/schema\/person\/257d6780605b915a5e352977f0f6f41c"},"description":"Elles ont toutes en commun de se semer en suivant la d\u00e9clinaison de la Lune, puisqu'on les s\u00e8me en Lune montante. Dans les r\u00e9gions de climat standard, le","breadcrumb":{"@id":"https:\/\/flashmode.tn\/magazine\/quand-repiquer-des-salades-avec-la-lune\/#breadcrumb"},"inLanguage":"fr-FR","potentialAction":[{"@type":"ReadAction","target":["https:\/\/flashmode.tn\/magazine\/quand-repiquer-des-salades-avec-la-lune\/"]}]},{"@type":"BreadcrumbList","@id":"https:\/\/flashmode.tn\/magazine\/quand-repiquer-des-salades-avec-la-lune\/#breadcrumb","itemListElement":[{"@type":"ListItem","position":1,"name":"Accueil","item":"https:\/\/flashmode.tn\/magazine\/"},{"@type":"ListItem","position":2,"name":"Quand repiquer des salades avec la lune ?"}]},{"@type":"WebSite","@id":"https:\/\/flashmode.tn\/magazine\/#website","url":"https:\/\/flashmode.tn\/magazine\/","name":"Flashmode Magazine | Magazine de mode et style de vie Num\u00e9ro un en Tunisie et au Maghreb","description":"Magazine de mode et style de vie Num\u00e9ro un en Tunisie et au Maghreb, cr\u00e9\u00e9 pour les hommes et les femmes : conseils beaut\u00e9, mode femme, mode homme, recettes de cuisine, c\u00e9l\u00e9brit\u00e9s et people, mannequins et top modeles","potentialAction":[{"@type":"SearchAction","target":{"@type":"EntryPoint","urlTemplate":"https:\/\/flashmode.tn\/magazine\/?s={search_term_string}"},"query-input":{"@type":"PropertyValueSpecification","valueRequired":true,"valueName":"search_term_string"}}],"inLanguage":"fr-FR"},{"@type":"Person","@id":"https:\/\/flashmode.tn\/magazine\/#\/schema\/person\/257d6780605b915a5e352977f0f6f41c","name":"EventsEditors","image":{"@type":"ImageObject","inLanguage":"fr-FR","@id":"https:\/\/flashmode.tn\/magazine\/#\/schema\/person\/image\/","url":"https:\/\/secure.gravatar.com\/avatar\/e2daedf958f66be37c9a79abe56184d85cd1baa6bba0dd8017e3f7d01555232f?s=96&d=mm&r=g","contentUrl":"https:\/\/secure.gravatar.com\/avatar\/e2daedf958f66be37c9a79abe56184d85cd1baa6bba0dd8017e3f7d01555232f?s=96&d=mm&r=g","caption":"EventsEditors"},"url":"https:\/\/flashmode.tn\/magazine\/author\/eventseditors\/"}]}},"jetpack_publicize_connections":[],"jetpack_featured_media_url":"","jetpack_shortlink":"https:\/\/wp.me\/p8BPGr-elo","jetpack_sharing_enabled":true,"_links":{"self":[{"href":"https:\/\/flashmode.tn\/magazine\/wp-json\/wp\/v2\/posts\/55142","targetHints":{"allow":["GET"]}}],"collection":[{"href":"https:\/\/flashmode.tn\/magazine\/wp-json\/wp\/v2\/posts"}],"about":[{"href":"https:\/\/flashmode.tn\/magazine\/wp-json\/wp\/v2\/types\/post"}],"author":[{"embeddable":true,"href":"https:\/\/flashmode.tn\/magazine\/wp-json\/wp\/v2\/users\/6"}],"replies":[{"embeddable":true,"href":"https:\/\/flashmode.tn\/magazine\/wp-json\/wp\/v2\/comments?post=55142"}],"version-history":[{"count":0,"href":"https:\/\/flashmode.tn\/magazine\/wp-json\/wp\/v2\/posts\/55142\/revisions"}],"wp:attachment":[{"href":"https:\/\/flashmode.tn\/magazine\/wp-json\/wp\/v2\/media?parent=55142"}],"wp:term":[{"taxonomy":"category","embeddable":true,"href":"https:\/\/flashmode.tn\/magazine\/wp-json\/wp\/v2\/categories?post=55142"},{"taxonomy":"post_tag","embeddable":true,"href":"https:\/\/flashmode.tn\/magazine\/wp-json\/wp\/v2\/tags?post=55142"}],"curies":[{"name":"wp","href":"https:\/\/api.w.org\/{rel}","templated":true}]}}