{"id":55932,"date":"2022-01-15T03:16:59","date_gmt":"2022-01-15T02:16:59","guid":{"rendered":"https:\/\/flashmode.tn\/magazine\/?p=55932"},"modified":"2022-01-15T03:16:59","modified_gmt":"2022-01-15T02:16:59","slug":"quelle-est-la-duree-de-vie-dun-pied-de-lavande-2","status":"publish","type":"post","link":"https:\/\/flashmode.tn\/magazine\/quelle-est-la-duree-de-vie-dun-pied-de-lavande-2\/","title":{"rendered":"Quelle est la dur\u00e9e de vie d&rsquo;un pied de lavande ?"},"content":{"rendered":"<p>La <b>dur\u00e9e de vie<\/b> d&rsquo;une <b>lavande<\/b> dans de bonnes conditions <b>est<\/b> de huit \u00e0 dix ans.<\/p>\n<p>Ainsi, Comment faire repartir de la lavande ?<\/p>\n<p>Vous pouvez tout juste refaire un pied en faisant une bouture. Juste enlever les feuilles du bas sur une moiti\u00e9 de tige et enfoncer la partie d\u00e9nud\u00e9e dans la terre, couper un bout de tige en haut et arroser r\u00e9guli\u00e8rement, d\u00e8s que le sol est sec, mais seulement lorsqu&rsquo;il est sec.<\/p>\n<p>ensuite Quand changer les Lavandes ?<\/p>\n<p>Remplacer les pieds de <b>lavande<\/b><\/p>\n<p> Il faut alors prendre la d\u00e9cision de les remplacer. Pour ce faire, attendez la fin de l&rsquo;\u00e9t\u00e9 ou l&rsquo;automne afin de ne pas cr\u00e9er un vide dans votre jardin, et arrachez les touffes en prenant soin de bien tout enlever du syst\u00e8me racinaire qui n&rsquo;est g\u00e9n\u00e9ralement pas tr\u00e8s profond\u00e9ment ancr\u00e9.<\/p>\n<p>Comment entretenir un pied de lavande ?<\/p>\n<p>La <b>lavande<\/b> redoute l&rsquo;exc\u00e8s d&rsquo;humidit\u00e9 et doit donc \u00eatre arros\u00e9e avec mesure pour ne pas asphyxier les racines. Arroser apr\u00e8s la plantation lorsque la terre est s\u00e8che en surface. Une fois bien install\u00e9e, la <b>lavande<\/b> ne requi\u00e8re plus d&rsquo;arrosage. En pot, les arrosages sont plus fr\u00e9quents.<\/p>\n<div id=\"ez-toc-container\" class=\"ez-toc-v2_0_81 counter-hierarchy ez-toc-counter ez-toc-grey ez-toc-container-direction\">\n<div class=\"ez-toc-title-container\">\n<p class=\"ez-toc-title\" style=\"cursor:inherit\">Contenus de la page<\/p>\n<span class=\"ez-toc-title-toggle\"><a href=\"#\" class=\"ez-toc-pull-right ez-toc-btn ez-toc-btn-xs ez-toc-btn-default ez-toc-toggle\" aria-label=\"Toggle Table of Content\"><span class=\"ez-toc-js-icon-con\"><span class=\"\"><span class=\"eztoc-hide\" style=\"display:none;\">Toggle<\/span><span class=\"ez-toc-icon-toggle-span\"><svg style=\"fill: #999;color:#999\" xmlns=\"http:\/\/www.w3.org\/2000\/svg\" class=\"list-377408\" width=\"20px\" height=\"20px\" viewBox=\"0 0 24 24\" fill=\"none\"><path d=\"M6 6H4v2h2V6zm14 0H8v2h12V6zM4 11h2v2H4v-2zm16 0H8v2h12v-2zM4 16h2v2H4v-2zm16 0H8v2h12v-2z\" fill=\"currentColor\"><\/path><\/svg><svg style=\"fill: #999;color:#999\" class=\"arrow-unsorted-368013\" xmlns=\"http:\/\/www.w3.org\/2000\/svg\" width=\"10px\" height=\"10px\" viewBox=\"0 0 24 24\" version=\"1.2\" baseProfile=\"tiny\"><path d=\"M18.2 9.3l-6.2-6.3-6.2 6.3c-.2.2-.3.4-.3.7s.1.5.3.7c.2.2.4.3.7.3h11c.3 0 .5-.1.7-.3.2-.2.3-.5.3-.7s-.1-.5-.3-.7zM5.8 14.7l6.2 6.3 6.2-6.3c.2-.2.3-.5.3-.7s-.1-.5-.3-.7c-.2-.2-.4-.3-.7-.3h-11c-.3 0-.5.1-.7.3-.2.2-.3.5-.3.7s.1.5.3.7z\"\/><\/svg><\/span><\/span><\/span><\/a><\/span><\/div>\n<nav><ul class='ez-toc-list ez-toc-list-level-1 ' ><li class='ez-toc-page-1 ez-toc-heading-level-2'><a class=\"ez-toc-link ez-toc-heading-1\" href=\"https:\/\/flashmode.tn\/magazine\/quelle-est-la-duree-de-vie-dun-pied-de-lavande-2\/#Quel_mois_pousse_la_lavande\" >Quel mois pousse la lavande ?<\/a><\/li><li class='ez-toc-page-1 ez-toc-heading-level-2'><a class=\"ez-toc-link ez-toc-heading-2\" href=\"https:\/\/flashmode.tn\/magazine\/quelle-est-la-duree-de-vie-dun-pied-de-lavande-2\/#Comment_savoir_si_la_lavande_est_morte\" >Comment savoir si la lavande est morte ?<\/a><\/li><li class='ez-toc-page-1 ez-toc-heading-level-2'><a class=\"ez-toc-link ez-toc-heading-3\" href=\"https:\/\/flashmode.tn\/magazine\/quelle-est-la-duree-de-vie-dun-pied-de-lavande-2\/#Comment_faire_repartir_un_pied_de_lavande\" >Comment faire repartir un pied de lavande ?<\/a><\/li><li class='ez-toc-page-1 ez-toc-heading-level-2'><a class=\"ez-toc-link ez-toc-heading-4\" href=\"https:\/\/flashmode.tn\/magazine\/quelle-est-la-duree-de-vie-dun-pied-de-lavande-2\/#Comment_sauver_une_lavande_papillon\" >Comment sauver une lavande papillon ?<\/a><\/li><li class='ez-toc-page-1 ez-toc-heading-level-2'><a class=\"ez-toc-link ez-toc-heading-5\" href=\"https:\/\/flashmode.tn\/magazine\/quelle-est-la-duree-de-vie-dun-pied-de-lavande-2\/#Comment_sont_les_racines_de_la_lavande\" >Comment sont les racines de la lavande ?<\/a><\/li><li class='ez-toc-page-1 ez-toc-heading-level-2'><a class=\"ez-toc-link ez-toc-heading-6\" href=\"https:\/\/flashmode.tn\/magazine\/quelle-est-la-duree-de-vie-dun-pied-de-lavande-2\/#Comment_et_quand_couper_les_Lavandes\" >Comment et quand couper les Lavandes ?<\/a><\/li><li class='ez-toc-page-1 ez-toc-heading-level-2'><a class=\"ez-toc-link ez-toc-heading-7\" href=\"https:\/\/flashmode.tn\/magazine\/quelle-est-la-duree-de-vie-dun-pied-de-lavande-2\/#Quand_tailler_les_lavandes_et_comment\" >Quand tailler les lavandes et comment ?<\/a><\/li><li class='ez-toc-page-1 ez-toc-heading-level-2'><a class=\"ez-toc-link ez-toc-heading-8\" href=\"https:\/\/flashmode.tn\/magazine\/quelle-est-la-duree-de-vie-dun-pied-de-lavande-2\/#Ou_mettre_la_lavande_dans_le_jardin\" >O\u00f9 mettre la lavande dans le jardin ?<\/a><\/li><li class='ez-toc-page-1 ez-toc-heading-level-2'><a class=\"ez-toc-link ez-toc-heading-9\" href=\"https:\/\/flashmode.tn\/magazine\/quelle-est-la-duree-de-vie-dun-pied-de-lavande-2\/#Quand_et_comment_tailler_la_lavande_papillon\" >Quand et comment tailler la lavande papillon ?<\/a><\/li><li class='ez-toc-page-1 ez-toc-heading-level-2'><a class=\"ez-toc-link ez-toc-heading-10\" href=\"https:\/\/flashmode.tn\/magazine\/quelle-est-la-duree-de-vie-dun-pied-de-lavande-2\/#Est-ce_que_la_lavande_pousse_vite\" >Est-ce que la lavande pousse vite ?<\/a><\/li><li class='ez-toc-page-1 ez-toc-heading-level-2'><a class=\"ez-toc-link ez-toc-heading-11\" href=\"https:\/\/flashmode.tn\/magazine\/quelle-est-la-duree-de-vie-dun-pied-de-lavande-2\/#Est-ce_que_la_lavande_est_une_plante_vivace\" >Est-ce que la lavande est une plante vivace ?<\/a><\/li><li class='ez-toc-page-1 ez-toc-heading-level-2'><a class=\"ez-toc-link ez-toc-heading-12\" href=\"https:\/\/flashmode.tn\/magazine\/quelle-est-la-duree-de-vie-dun-pied-de-lavande-2\/#Quand_arroser_la_lavande\" >Quand arroser la lavande ?<\/a><\/li><li class='ez-toc-page-1 ez-toc-heading-level-2'><a class=\"ez-toc-link ez-toc-heading-13\" href=\"https:\/\/flashmode.tn\/magazine\/quelle-est-la-duree-de-vie-dun-pied-de-lavande-2\/#Comment_entretenir_une_lavande_sur_tige\" >Comment entretenir une lavande sur tige ?<\/a><\/li><li class='ez-toc-page-1 ez-toc-heading-level-2'><a class=\"ez-toc-link ez-toc-heading-14\" href=\"https:\/\/flashmode.tn\/magazine\/quelle-est-la-duree-de-vie-dun-pied-de-lavande-2\/#Quelle_est_la_plus_belle_lavande\" >Quelle est la plus belle lavande ?<\/a><\/li><li class='ez-toc-page-1 ez-toc-heading-level-2'><a class=\"ez-toc-link ez-toc-heading-15\" href=\"https:\/\/flashmode.tn\/magazine\/quelle-est-la-duree-de-vie-dun-pied-de-lavande-2\/#Quand_Faut-il_arroser_les_Lavandes\" >Quand Faut-il arroser les Lavandes ?<\/a><\/li><li class='ez-toc-page-1 ez-toc-heading-level-2'><a class=\"ez-toc-link ez-toc-heading-16\" href=\"https:\/\/flashmode.tn\/magazine\/quelle-est-la-duree-de-vie-dun-pied-de-lavande-2\/#Pourquoi_ma_lavande_papillon_ne_fleurit_pas\" >Pourquoi ma lavande papillon ne fleurit pas ?<\/a><\/li><li class='ez-toc-page-1 ez-toc-heading-level-2'><a class=\"ez-toc-link ez-toc-heading-17\" href=\"https:\/\/flashmode.tn\/magazine\/quelle-est-la-duree-de-vie-dun-pied-de-lavande-2\/#Comment_faire_fleurir_de_la_lavande\" >Comment faire fleurir de la lavande ?<\/a><\/li><li class='ez-toc-page-1 ez-toc-heading-level-2'><a class=\"ez-toc-link ez-toc-heading-18\" href=\"https:\/\/flashmode.tn\/magazine\/quelle-est-la-duree-de-vie-dun-pied-de-lavande-2\/#Comment_couper_la_lavande_pour_lhiver\" >Comment couper la lavande pour l&rsquo;hiver ?<\/a><\/li><li class='ez-toc-page-1 ez-toc-heading-level-2'><a class=\"ez-toc-link ez-toc-heading-19\" href=\"https:\/\/flashmode.tn\/magazine\/quelle-est-la-duree-de-vie-dun-pied-de-lavande-2\/#Quand_cueillir_la_lavande_pour_faire_des_sachets\" >Quand cueillir la lavande pour faire des sachets ?<\/a><\/li><\/ul><\/nav><\/div>\n<h2><span class=\"ez-toc-section\" id=\"Quel_mois_pousse_la_lavande\"><\/span>Quel mois pousse la lavande ?<span class=\"ez-toc-section-end\"><\/span><\/h2>\n<p>Cette plante aromatique odorante, tr\u00e8s pr\u00e9sente sur le bassin m\u00e9diterran\u00e9en, poss\u00e8de un feuillage persistant. On la plante au printemps ou en automne pour la voir fleurir de juillet \u00e0 septembre.<\/p>\n<h2><span class=\"ez-toc-section\" id=\"Comment_savoir_si_la_lavande_est_morte\"><\/span><strong>Comment savoir si la lavande est morte ?<\/strong><span class=\"ez-toc-section-end\"><\/span><\/h2>\n<p>Coupez l&rsquo;extr\u00e9mit\u00e9 d&rsquo;une tige : <b>si<\/b> c&rsquo;est noir \u2013 marron, c&rsquo;est <b>mort<\/b>. Pour \u00eatre certain, continuez le test en progressant vers la base de la tige.<\/p>\n<h2><span class=\"ez-toc-section\" id=\"Comment_faire_repartir_un_pied_de_lavande\"><\/span><strong>Comment faire repartir un pied de lavande ?<\/strong><span class=\"ez-toc-section-end\"><\/span><\/h2>\n<p>Avec le s\u00e9cateur, coupez juste au dessous de feuilles, des tiges sans fleurs d&rsquo;une douzaine de cm. Enlevez les feuilles du bas avec le couteau en coupant proprement et franchement. Avec votre index, faites un trou dans un petit pot et ins\u00e9rez y la bouture. Tassez la terre autour et arrosez g\u00e9n\u00e9reusement.<\/p>\n<h2><span class=\"ez-toc-section\" id=\"Comment_sauver_une_lavande_papillon\"><\/span><strong>Comment sauver une lavande papillon ?<\/strong><span class=\"ez-toc-section-end\"><\/span><\/h2>\n<p><b>  Taille et entretien de la  <b>   lavande papillon  <\/b> <\/b> <\/p>\n<ol>\n<li>   En fin d&rsquo;hiver, taillez \u00e0 votre guise en respectant la forme arrondie de la plante. &#8230;  <\/li>\n<li>   Si le climat de votre r\u00e9gion est doux en hiver, vous pouvez aussi tailler votre   <b>    lavande   <\/b>   \u00e0 l&rsquo;automne.  <\/li>\n<li>   Apr\u00e8s la floraison, coupez les hampes florales pour ne pas \u00e9puiser la   <b>    lavande   <\/b>   inutilement.  <\/li>\n<\/ol>\n<h2><span class=\"ez-toc-section\" id=\"Comment_sont_les_racines_de_la_lavande\"><\/span><strong>Comment sont les racines de la lavande ?<\/strong><span class=\"ez-toc-section-end\"><\/span><\/h2>\n<p>Comme toutes les plantes de terrain sec, la <b>lavande<\/b> vraie a une puissante <b>racine<\/b> pivot qui lui permet d&rsquo;aller chercher l&rsquo;eau en profondeur. Pour ceux qui n&rsquo;ont pas de jardin, il est possible de cultiver la <b>lavande<\/b> vraie en pot.<\/p>\n<h2><span class=\"ez-toc-section\" id=\"Comment_et_quand_couper_les_Lavandes\"><\/span><strong>Comment et quand couper les Lavandes ?<\/strong><span class=\"ez-toc-section-end\"><\/span><\/h2>\n<p><b>Quand tailler<\/b> la <b>lavande<\/b> ? Il est n\u00e9cessaire de <b>tailler<\/b> (l\u00e9g\u00e8rement) les jeunes plants trois fois dans l&rsquo;ann\u00e9e, pour qu&rsquo;ils se densifient : en f\u00e9vrier, mars et avril. Un plant adulte (3 ans) ne sera taill\u00e9 que deux fois dans l&rsquo;ann\u00e9e, en mars et ao\u00fbt.<\/p>\n<h2><span class=\"ez-toc-section\" id=\"Quand_tailler_les_lavandes_et_comment\"><\/span><strong>Quand tailler les lavandes et comment ?<\/strong><span class=\"ez-toc-section-end\"><\/span><\/h2>\n<p><b>Quand tailler<\/b> la <b>lavande<\/b> ? Il est n\u00e9cessaire de <b>tailler<\/b> (l\u00e9g\u00e8rement) les jeunes plants trois fois dans l&rsquo;ann\u00e9e, pour qu&rsquo;ils se densifient : en f\u00e9vrier, mars et avril. Un plant adulte (3 ans) ne sera taill\u00e9 que deux fois dans l&rsquo;ann\u00e9e, en mars et ao\u00fbt.<\/p>\n<h2><span class=\"ez-toc-section\" id=\"Ou_mettre_la_lavande_dans_le_jardin\"><\/span><strong>O\u00f9 mettre la lavande dans le jardin ?<\/strong><span class=\"ez-toc-section-end\"><\/span><\/h2>\n<p>Quand et comment planter la <b>lavande<\/b> ? La <b>lavande<\/b>, petit arbuste m\u00e9diterran\u00e9en dont les fleurs et le feuillage embaument l&rsquo;air en \u00e9t\u00e9, se plait dans un sol pauvre, caillouteux voire aride, et une exposition bien ensoleill\u00e9e. Plantez la <b>lavande<\/b> toute l&rsquo;ann\u00e9e, en pleine terre comme en pot, en \u00e9vitant les p\u00e9riodes de gel.<\/p>\n<h2><span class=\"ez-toc-section\" id=\"Quand_et_comment_tailler_la_lavande_papillon\"><\/span><strong>Quand et comment tailler la lavande papillon ?<\/strong><span class=\"ez-toc-section-end\"><\/span><\/h2>\n<p>Lorsque la floraison est achev\u00e9e, coupez les hampes florales fan\u00e9es ainsi que les rameaux qui d\u00e9passent. La <b>taille<\/b> se fait en mars-avril en conservant la forme boule du pied. La <b>lavande papillon<\/b> n&rsquo;a pas besoin d&rsquo;arrosage sauf l&rsquo;ann\u00e9e de plantation si des \u00e9pisodes de s\u00e9cheresse ont lieu durant l&rsquo;\u00e9t\u00e9.<\/p>\n<h2><span class=\"ez-toc-section\" id=\"Est-ce_que_la_lavande_pousse_vite\"><\/span><strong>Est-ce que la lavande pousse vite ?<\/strong><span class=\"ez-toc-section-end\"><\/span><\/h2>\n<p>Sa croissance \u00e9tant rapide, n&rsquo;achetez pas de trop gros sujets. Mieux vaut qu&rsquo;elle grossise \u00e0 son emplacement d\u00e9finitif.<\/p>\n<h2><span class=\"ez-toc-section\" id=\"Est-ce_que_la_lavande_est_une_plante_vivace\"><\/span><strong>Est-ce que la lavande est une plante vivace ?<\/strong><span class=\"ez-toc-section-end\"><\/span><\/h2>\n<p>Nom botanique : Lavandula angustifolia &#8211; <b>Vivace<\/b> ou sous-arbrisseau. Plantation : printemps ou automne &#8211; Floraison : juillet \u00e0 septembre. Les fleurs s\u00e9ch\u00e9es de <b>lavande<\/b>, qui embaument les armoires et \u00e9loignent les mites, sont utilis\u00e9es pour produire une essence tr\u00e8s parfum\u00e9e.<\/p>\n<h2><span class=\"ez-toc-section\" id=\"Quand_arroser_la_lavande\"><\/span><strong>Quand arroser la lavande ?<\/strong><span class=\"ez-toc-section-end\"><\/span><\/h2>\n<p><b>Arrosage<\/b>. La <b>lavande<\/b> est une plante qui tol\u00e8re un peu de fra\u00eecheur sur ses racines, mais qui ne supporte pas l&rsquo;exc\u00e8s d&rsquo;eau, surtout en hiver car cela nuit \u00e0 sa rusticit\u00e9. Arrosez quelques fois le premier \u00e9t\u00e9, ensuite la <b>lavande<\/b> se passe de tout apport d&rsquo;eau et s&#8217;embellit m\u00eame en p\u00e9riode de s\u00e9cheresse.<\/p>\n<h2><span class=\"ez-toc-section\" id=\"Comment_entretenir_une_lavande_sur_tige\"><\/span><strong>Comment entretenir une lavande sur tige ?<\/strong><span class=\"ez-toc-section-end\"><\/span><\/h2>\n<p>Veillez \u00e0 bien jauger l&rsquo;eau pendant l&rsquo;arrosage afin d&rsquo;\u00e9viter d&rsquo;asphyxier les racines. Prenez \u00e9galement soin d&rsquo;arroser votre <b>lavande sur tige<\/b> apr\u00e8s l&rsquo;avoir plant\u00e9e, surtout lorsque la terre est s\u00e8che \u00e0 la surface. Par la suite, elle aura moins besoin d&rsquo;eau.<\/p>\n<h2><span class=\"ez-toc-section\" id=\"Quelle_est_la_plus_belle_lavande\"><\/span><strong>Quelle est la plus belle lavande ?<\/strong><span class=\"ez-toc-section-end\"><\/span><\/h2>\n<p>la Lavandula stoechas, \u00ab <b>lavande<\/b> papillon \u00bb ou encore \u00ab <b>lavande<\/b> \u00e0 toupet \u00bb, <b>est<\/b> sans doute la <b>plus<\/b> originale des <b>lavandes<\/b> ! Elle porte les <b>plus<\/b> grosses fleurs du genre et une floraison tr\u00e8s particuli\u00e8re couronn\u00e9e d&rsquo;un toupet \u00e9voquant de petites ailes de papillons relev\u00e9es.<\/p>\n<h2><span class=\"ez-toc-section\" id=\"Quand_Faut-il_arroser_les_Lavandes\"><\/span><strong>Quand Faut-il arroser les Lavandes ?<\/strong><span class=\"ez-toc-section-end\"><\/span><\/h2>\n<p>Arrosage. La <b>lavande<\/b> est une plante qui tol\u00e8re un peu de fra\u00eecheur sur ses racines, mais qui ne supporte pas l&rsquo;exc\u00e8s d&rsquo;eau, surtout en hiver car cela nuit \u00e0 sa rusticit\u00e9. Arrosez quelques fois le premier \u00e9t\u00e9, ensuite la <b>lavande<\/b> se passe de tout apport d&rsquo;eau et s&#8217;embellit m\u00eame en p\u00e9riode de s\u00e9cheresse.<\/p>\n<h2><span class=\"ez-toc-section\" id=\"Pourquoi_ma_lavande_papillon_ne_fleurit_pas\"><\/span><strong>Pourquoi ma lavande papillon ne fleurit pas ?<\/strong><span class=\"ez-toc-section-end\"><\/span><\/h2>\n<p>Voici comment vous devez proc\u00e9der: Coupez les hampes florales apr\u00e8s la floraison ; vous pouvez aussi <b>ne<\/b> les couper qu&rsquo;en septembre et conserver les hampes d\u00e9fleuries mais qui restent odorantes \u00e0 l&rsquo;int\u00e9rieur de la maison. &#8230; Netaillez jamais sur du bois dur et sec car vous n&rsquo;aurez <b>pas<\/b> de repousse et donc <b>pas<\/b> de floraison.<\/p>\n<h2><span class=\"ez-toc-section\" id=\"Comment_faire_fleurir_de_la_lavande\"><\/span><strong>Comment faire fleurir de la lavande ?<\/strong><span class=\"ez-toc-section-end\"><\/span><\/h2>\n<p>Pour b\u00e9n\u00e9ficier d&rsquo;une longue floraison au jardin, elle propose aux visiteurs de tailler les <b>lavandes<\/b> quand la fleur commence \u00e0 faner, puis d&rsquo;arroser et d&rsquo;apporter de l&rsquo;engrais de type Or Brun ou alors du fumier de mouton ou de cheval.<\/p>\n<h2><span class=\"ez-toc-section\" id=\"Comment_couper_la_lavande_pour_lhiver\"><\/span><strong>Comment couper la lavande pour l&rsquo;hiver ?<\/strong><span class=\"ez-toc-section-end\"><\/span><\/h2>\n<p><b>Sur<\/b> les jeunes plants, <b>couper<\/b> les tiges d\u00e9fleuries<\/p>\n<p> <b>Sur<\/b> les jeunes plantes, la premi\u00e8re ann\u00e9e et en avril-mai, <b>couper<\/b> les tiges d\u00e9fleuries le plus pr\u00e8s possible <b>de<\/b> leur base, puis rabattre les branches <b>de<\/b> la moiti\u00e9 <b>de<\/b> leur longueur <b>pour<\/b> provoquer le d\u00e9part <b>de<\/b> nouvelles pousses qui viendront \u00e9paissir la touffe.<\/p>\n<h2><span class=\"ez-toc-section\" id=\"Quand_cueillir_la_lavande_pour_faire_des_sachets\"><\/span><strong>Quand cueillir la lavande pour faire des sachets ?<\/strong><span class=\"ez-toc-section-end\"><\/span><\/h2>\n<p><b>Quand cueillir la lavande<\/b> ? Elle se r\u00e9colte lorsqu&rsquo;elle fleurit, entre juillet et la fin du mois d&rsquo;ao\u00fbt, au moment o\u00f9 les \u00e9pis commencent <b>\u00e0<\/b> faner.<\/p>\n<h2><strong><\/strong><\/h2>\n<h2><strong><\/strong><\/h2>\n<hr \/>\n<p><em>Editeurs: 19 &#8211; R\u00e9f\u00e9rences: 21 articles<\/em><\/p>\n<p><em>N\u2019oubliez pas de partager l\u2019article !<\/em><\/p>\n","protected":false},"excerpt":{"rendered":"<p>La dur\u00e9e de vie d&rsquo;une lavande dans de bonnes conditions est de huit \u00e0 dix ans. Ainsi, Comment faire repartir de la lavande ? Vous pouvez tout juste refaire un pied en faisant une bouture. Juste enlever les feuilles du bas sur une moiti\u00e9 de tige et enfoncer la partie d\u00e9nud\u00e9e dans la terre, couper [&hellip;]<\/p>\n","protected":false},"author":6,"featured_media":0,"comment_status":"open","ping_status":"open","sticky":false,"template":"","format":"standard","meta":{"tdm_status":"","tdm_grid_status":"","_jetpack_memberships_contains_paid_content":false,"footnotes":"","jetpack_publicize_message":"","jetpack_publicize_feature_enabled":true,"jetpack_social_post_already_shared":true,"jetpack_social_options":{"image_generator_settings":{"template":"highway","default_image_id":0,"font":"","enabled":false},"version":2}},"categories":[3457],"tags":[],"class_list":["post-55932","post","type-post","status-publish","format-standard","hentry","category-maison"],"yoast_head":"<!-- This site is optimized with the Yoast SEO Premium plugin v25.0 (Yoast SEO v25.0) - https:\/\/yoast.com\/wordpress\/plugins\/seo\/ -->\n<title>Quelle est la dur\u00e9e de vie d&#039;un pied de lavande ?<\/title>\n<meta name=\"description\" content=\"La dur\u00e9e de vie d&#039;une lavande dans de bonnes conditions est de huit \u00e0 dix ans. Ainsi, Comment faire repartir de la lavande ? Vous pouvez tout juste\" \/>\n<meta name=\"robots\" content=\"index, follow, max-snippet:-1, max-image-preview:large, max-video-preview:-1\" \/>\n<link rel=\"canonical\" href=\"https:\/\/flashmode.tn\/magazine\/quelle-est-la-duree-de-vie-dun-pied-de-lavande-2\/\" \/>\n<meta property=\"og:locale\" content=\"fr_FR\" \/>\n<meta property=\"og:type\" content=\"article\" \/>\n<meta property=\"og:title\" content=\"Quelle est la dur\u00e9e de vie d&#039;un pied de lavande ? - Flashmode Magazine | Magazine de mode et style de vie Num\u00e9ro un en Tunisie et au Maghreb\" \/>\n<meta property=\"og:description\" content=\"La dur\u00e9e de vie d&#039;une lavande dans de bonnes conditions est de huit \u00e0 dix ans. Ainsi, Comment faire repartir de la lavande ? Vous pouvez tout juste\" \/>\n<meta property=\"og:url\" content=\"https:\/\/flashmode.tn\/magazine\/quelle-est-la-duree-de-vie-dun-pied-de-lavande-2\/\" \/>\n<meta property=\"og:site_name\" content=\"Flashmode Magazine | Magazine de mode et style de vie Num\u00e9ro un en Tunisie et au Maghreb\" \/>\n<meta property=\"article:publisher\" content=\"https:\/\/www.facebook.com\/flashmode.magazine\/\" \/>\n<meta property=\"article:published_time\" content=\"2022-01-15T02:16:59+00:00\" \/>\n<meta name=\"author\" content=\"EventsEditors\" \/>\n<meta name=\"twitter:card\" content=\"summary_large_image\" \/>\n<meta name=\"twitter:creator\" content=\"@agenceflashmode\" \/>\n<meta name=\"twitter:site\" content=\"@agenceflashmode\" \/>\n<meta name=\"twitter:label1\" content=\"\u00c9crit par\" \/>\n\t<meta name=\"twitter:data1\" content=\"EventsEditors\" \/>\n\t<meta name=\"twitter:label2\" content=\"Dur\u00e9e de lecture estim\u00e9e\" \/>\n\t<meta name=\"twitter:data2\" content=\"6 minutes\" \/>\n<script type=\"application\/ld+json\" class=\"yoast-schema-graph\">{\"@context\":\"https:\/\/schema.org\",\"@graph\":[{\"@type\":\"WebPage\",\"@id\":\"https:\/\/flashmode.tn\/magazine\/quelle-est-la-duree-de-vie-dun-pied-de-lavande-2\/\",\"url\":\"https:\/\/flashmode.tn\/magazine\/quelle-est-la-duree-de-vie-dun-pied-de-lavande-2\/\",\"name\":\"Quelle est la dur\u00e9e de vie d'un pied de lavande ?\",\"isPartOf\":{\"@id\":\"https:\/\/flashmode.tn\/magazine\/#website\"},\"datePublished\":\"2022-01-15T02:16:59+00:00\",\"author\":{\"@id\":\"https:\/\/flashmode.tn\/magazine\/#\/schema\/person\/257d6780605b915a5e352977f0f6f41c\"},\"description\":\"La dur\u00e9e de vie d'une lavande dans de bonnes conditions est de huit \u00e0 dix ans. Ainsi, Comment faire repartir de la lavande ? Vous pouvez tout juste\",\"breadcrumb\":{\"@id\":\"https:\/\/flashmode.tn\/magazine\/quelle-est-la-duree-de-vie-dun-pied-de-lavande-2\/#breadcrumb\"},\"inLanguage\":\"fr-FR\",\"potentialAction\":[{\"@type\":\"ReadAction\",\"target\":[\"https:\/\/flashmode.tn\/magazine\/quelle-est-la-duree-de-vie-dun-pied-de-lavande-2\/\"]}]},{\"@type\":\"BreadcrumbList\",\"@id\":\"https:\/\/flashmode.tn\/magazine\/quelle-est-la-duree-de-vie-dun-pied-de-lavande-2\/#breadcrumb\",\"itemListElement\":[{\"@type\":\"ListItem\",\"position\":1,\"name\":\"Accueil\",\"item\":\"https:\/\/flashmode.tn\/magazine\/\"},{\"@type\":\"ListItem\",\"position\":2,\"name\":\"Quelle est la dur\u00e9e de vie d&rsquo;un pied de lavande ?\"}]},{\"@type\":\"WebSite\",\"@id\":\"https:\/\/flashmode.tn\/magazine\/#website\",\"url\":\"https:\/\/flashmode.tn\/magazine\/\",\"name\":\"Flashmode Magazine | Magazine de mode et style de vie Num\u00e9ro un en Tunisie et au Maghreb\",\"description\":\"Magazine de mode et style de vie Num\u00e9ro un en Tunisie et au Maghreb, cr\u00e9\u00e9 pour les hommes et les femmes : conseils beaut\u00e9, mode femme, mode homme, recettes de cuisine, c\u00e9l\u00e9brit\u00e9s et people, mannequins et top modeles\",\"potentialAction\":[{\"@type\":\"SearchAction\",\"target\":{\"@type\":\"EntryPoint\",\"urlTemplate\":\"https:\/\/flashmode.tn\/magazine\/?s={search_term_string}\"},\"query-input\":{\"@type\":\"PropertyValueSpecification\",\"valueRequired\":true,\"valueName\":\"search_term_string\"}}],\"inLanguage\":\"fr-FR\"},{\"@type\":\"Person\",\"@id\":\"https:\/\/flashmode.tn\/magazine\/#\/schema\/person\/257d6780605b915a5e352977f0f6f41c\",\"name\":\"EventsEditors\",\"image\":{\"@type\":\"ImageObject\",\"inLanguage\":\"fr-FR\",\"@id\":\"https:\/\/flashmode.tn\/magazine\/#\/schema\/person\/image\/\",\"url\":\"https:\/\/secure.gravatar.com\/avatar\/e2daedf958f66be37c9a79abe56184d85cd1baa6bba0dd8017e3f7d01555232f?s=96&d=mm&r=g\",\"contentUrl\":\"https:\/\/secure.gravatar.com\/avatar\/e2daedf958f66be37c9a79abe56184d85cd1baa6bba0dd8017e3f7d01555232f?s=96&d=mm&r=g\",\"caption\":\"EventsEditors\"},\"url\":\"https:\/\/flashmode.tn\/magazine\/author\/eventseditors\/\"}]}<\/script>\n<!-- \/ Yoast SEO Premium plugin. -->","yoast_head_json":{"title":"Quelle est la dur\u00e9e de vie d'un pied de lavande ?","description":"La dur\u00e9e de vie d'une lavande dans de bonnes conditions est de huit \u00e0 dix ans. Ainsi, Comment faire repartir de la lavande ? Vous pouvez tout juste","robots":{"index":"index","follow":"follow","max-snippet":"max-snippet:-1","max-image-preview":"max-image-preview:large","max-video-preview":"max-video-preview:-1"},"canonical":"https:\/\/flashmode.tn\/magazine\/quelle-est-la-duree-de-vie-dun-pied-de-lavande-2\/","og_locale":"fr_FR","og_type":"article","og_title":"Quelle est la dur\u00e9e de vie d'un pied de lavande ? - Flashmode Magazine | Magazine de mode et style de vie Num\u00e9ro un en Tunisie et au Maghreb","og_description":"La dur\u00e9e de vie d'une lavande dans de bonnes conditions est de huit \u00e0 dix ans. Ainsi, Comment faire repartir de la lavande ? Vous pouvez tout juste","og_url":"https:\/\/flashmode.tn\/magazine\/quelle-est-la-duree-de-vie-dun-pied-de-lavande-2\/","og_site_name":"Flashmode Magazine | Magazine de mode et style de vie Num\u00e9ro un en Tunisie et au Maghreb","article_publisher":"https:\/\/www.facebook.com\/flashmode.magazine\/","article_published_time":"2022-01-15T02:16:59+00:00","author":"EventsEditors","twitter_card":"summary_large_image","twitter_creator":"@agenceflashmode","twitter_site":"@agenceflashmode","twitter_misc":{"\u00c9crit par":"EventsEditors","Dur\u00e9e de lecture estim\u00e9e":"6 minutes"},"schema":{"@context":"https:\/\/schema.org","@graph":[{"@type":"WebPage","@id":"https:\/\/flashmode.tn\/magazine\/quelle-est-la-duree-de-vie-dun-pied-de-lavande-2\/","url":"https:\/\/flashmode.tn\/magazine\/quelle-est-la-duree-de-vie-dun-pied-de-lavande-2\/","name":"Quelle est la dur\u00e9e de vie d'un pied de lavande ?","isPartOf":{"@id":"https:\/\/flashmode.tn\/magazine\/#website"},"datePublished":"2022-01-15T02:16:59+00:00","author":{"@id":"https:\/\/flashmode.tn\/magazine\/#\/schema\/person\/257d6780605b915a5e352977f0f6f41c"},"description":"La dur\u00e9e de vie d'une lavande dans de bonnes conditions est de huit \u00e0 dix ans. Ainsi, Comment faire repartir de la lavande ? Vous pouvez tout juste","breadcrumb":{"@id":"https:\/\/flashmode.tn\/magazine\/quelle-est-la-duree-de-vie-dun-pied-de-lavande-2\/#breadcrumb"},"inLanguage":"fr-FR","potentialAction":[{"@type":"ReadAction","target":["https:\/\/flashmode.tn\/magazine\/quelle-est-la-duree-de-vie-dun-pied-de-lavande-2\/"]}]},{"@type":"BreadcrumbList","@id":"https:\/\/flashmode.tn\/magazine\/quelle-est-la-duree-de-vie-dun-pied-de-lavande-2\/#breadcrumb","itemListElement":[{"@type":"ListItem","position":1,"name":"Accueil","item":"https:\/\/flashmode.tn\/magazine\/"},{"@type":"ListItem","position":2,"name":"Quelle est la dur\u00e9e de vie d&rsquo;un pied de lavande ?"}]},{"@type":"WebSite","@id":"https:\/\/flashmode.tn\/magazine\/#website","url":"https:\/\/flashmode.tn\/magazine\/","name":"Flashmode Magazine | Magazine de mode et style de vie Num\u00e9ro un en Tunisie et au Maghreb","description":"Magazine de mode et style de vie Num\u00e9ro un en Tunisie et au Maghreb, cr\u00e9\u00e9 pour les hommes et les femmes : conseils beaut\u00e9, mode femme, mode homme, recettes de cuisine, c\u00e9l\u00e9brit\u00e9s et people, mannequins et top modeles","potentialAction":[{"@type":"SearchAction","target":{"@type":"EntryPoint","urlTemplate":"https:\/\/flashmode.tn\/magazine\/?s={search_term_string}"},"query-input":{"@type":"PropertyValueSpecification","valueRequired":true,"valueName":"search_term_string"}}],"inLanguage":"fr-FR"},{"@type":"Person","@id":"https:\/\/flashmode.tn\/magazine\/#\/schema\/person\/257d6780605b915a5e352977f0f6f41c","name":"EventsEditors","image":{"@type":"ImageObject","inLanguage":"fr-FR","@id":"https:\/\/flashmode.tn\/magazine\/#\/schema\/person\/image\/","url":"https:\/\/secure.gravatar.com\/avatar\/e2daedf958f66be37c9a79abe56184d85cd1baa6bba0dd8017e3f7d01555232f?s=96&d=mm&r=g","contentUrl":"https:\/\/secure.gravatar.com\/avatar\/e2daedf958f66be37c9a79abe56184d85cd1baa6bba0dd8017e3f7d01555232f?s=96&d=mm&r=g","caption":"EventsEditors"},"url":"https:\/\/flashmode.tn\/magazine\/author\/eventseditors\/"}]}},"jetpack_publicize_connections":[],"jetpack_featured_media_url":"","jetpack_shortlink":"https:\/\/wp.me\/p8BPGr-ey8","jetpack_sharing_enabled":true,"_links":{"self":[{"href":"https:\/\/flashmode.tn\/magazine\/wp-json\/wp\/v2\/posts\/55932","targetHints":{"allow":["GET"]}}],"collection":[{"href":"https:\/\/flashmode.tn\/magazine\/wp-json\/wp\/v2\/posts"}],"about":[{"href":"https:\/\/flashmode.tn\/magazine\/wp-json\/wp\/v2\/types\/post"}],"author":[{"embeddable":true,"href":"https:\/\/flashmode.tn\/magazine\/wp-json\/wp\/v2\/users\/6"}],"replies":[{"embeddable":true,"href":"https:\/\/flashmode.tn\/magazine\/wp-json\/wp\/v2\/comments?post=55932"}],"version-history":[{"count":0,"href":"https:\/\/flashmode.tn\/magazine\/wp-json\/wp\/v2\/posts\/55932\/revisions"}],"wp:attachment":[{"href":"https:\/\/flashmode.tn\/magazine\/wp-json\/wp\/v2\/media?parent=55932"}],"wp:term":[{"taxonomy":"category","embeddable":true,"href":"https:\/\/flashmode.tn\/magazine\/wp-json\/wp\/v2\/categories?post=55932"},{"taxonomy":"post_tag","embeddable":true,"href":"https:\/\/flashmode.tn\/magazine\/wp-json\/wp\/v2\/tags?post=55932"}],"curies":[{"name":"wp","href":"https:\/\/api.w.org\/{rel}","templated":true}]}}