{"id":57010,"date":"2021-10-18T22:22:56","date_gmt":"2021-10-18T20:22:56","guid":{"rendered":"https:\/\/flashmode.tn\/magazine\/?p=57010"},"modified":"2021-10-18T22:22:56","modified_gmt":"2021-10-18T20:22:56","slug":"comment-demarrer-la-pose-dun-parquet-flottant-dans-une-piece-pas-d-equerre-3","status":"publish","type":"post","link":"https:\/\/flashmode.tn\/magazine\/comment-demarrer-la-pose-dun-parquet-flottant-dans-une-piece-pas-d-equerre-3\/","title":{"rendered":"Comment d\u00e9marrer la pose d&rsquo;un parquet flottant dans une pi\u00e8ce pas d Equerre ?"},"content":{"rendered":"<p>Bonjour, il est imp\u00e9ratif que la premi\u00e8re lame soit rectiligne c\u00f4t\u00e9 <b>pi\u00e8ce<\/b>, ce qui implique de l&rsquo;ajuster c\u00f4t\u00e9 mur, si vous ne faites <b>pas<\/b> \u00e7a vous allez au devant de probl\u00e8me pour la suite de la <b>pose<\/b>, et \u00e7a vous ne pourrez jamais le rectifier. Pour ajuster les bouts le croquis de droite ci-dessus est \u00ab\u00a0parlant\u00a0\u00bb.<\/p>\n<p>Ainsi, Comment calculer la pose de parquet ?<\/p>\n<p>Multipliez la longueur par la largeur de la lame (en m\u00e8tres) pour conna\u00eetre sa surface en m\u00b2. Calculez le nombre de lames de <b>parquets<\/b> : pour d\u00e9terminer le nombre de lames n\u00e9cessaires, divisez la surface de la pi\u00e8ce par la surface d&rsquo;une lame. Vous obtenez le nombre pr\u00e9cis de lames dont vous avez besoin.<\/p>\n<p>ensuite Comment poser le m\u00eame parquet dans plusieurs pi\u00e8ces ?<\/p>\n<p>Pour r\u00e9aliser cette t\u00e2che, vous n&rsquo;aurez besoin que d&rsquo;une fausse \u00e9querre et d&rsquo;une scie. Une transition fluide entre deux <b>pi\u00e8ces<\/b> r\u00e9alis\u00e9e avec du <b>parquet<\/b> est la cl\u00e9 d&rsquo;un r\u00e9sultat professionnel. Tout d&rsquo;abord, choisissez la direction de vos lattes de <b>plancher<\/b> et commencez la <b>pose<\/b> dans la premi\u00e8re <b>pi\u00e8ce<\/b>.<\/p>\n<p>Comment faire l&rsquo;\u00e9querrage d&rsquo;une pi\u00e8ce ?<\/p>\n<p><b>  L&rsquo;  <b>   \u00e9querrage  <\/b>  des murs <\/b> <\/p>\n<ol>\n<li>   Marquez un point sur un mur \u00e0 100 cm de l&rsquo;angle sur une ligne horizontale.  <\/li>\n<li>   Puis marquez un second point, toujours \u00e0 100 cm de l&rsquo;angle sur la m\u00eame ligne horizontale mais sur l&rsquo;autre mur,  <\/li>\n<li>   La distance entre les deux point doit mesurer 141 cm si votre angle est bien un angle droit.  <\/li>\n<\/ol>\n<div id=\"ez-toc-container\" class=\"ez-toc-v2_0_81 counter-hierarchy ez-toc-counter ez-toc-grey ez-toc-container-direction\">\n<div class=\"ez-toc-title-container\">\n<p class=\"ez-toc-title\" style=\"cursor:inherit\">Contenus de la page<\/p>\n<span class=\"ez-toc-title-toggle\"><a href=\"#\" class=\"ez-toc-pull-right ez-toc-btn ez-toc-btn-xs ez-toc-btn-default ez-toc-toggle\" aria-label=\"Toggle Table of Content\"><span class=\"ez-toc-js-icon-con\"><span class=\"\"><span class=\"eztoc-hide\" style=\"display:none;\">Toggle<\/span><span class=\"ez-toc-icon-toggle-span\"><svg style=\"fill: #999;color:#999\" xmlns=\"http:\/\/www.w3.org\/2000\/svg\" class=\"list-377408\" width=\"20px\" height=\"20px\" viewBox=\"0 0 24 24\" fill=\"none\"><path d=\"M6 6H4v2h2V6zm14 0H8v2h12V6zM4 11h2v2H4v-2zm16 0H8v2h12v-2zM4 16h2v2H4v-2zm16 0H8v2h12v-2z\" fill=\"currentColor\"><\/path><\/svg><svg style=\"fill: #999;color:#999\" class=\"arrow-unsorted-368013\" xmlns=\"http:\/\/www.w3.org\/2000\/svg\" width=\"10px\" height=\"10px\" viewBox=\"0 0 24 24\" version=\"1.2\" baseProfile=\"tiny\"><path d=\"M18.2 9.3l-6.2-6.3-6.2 6.3c-.2.2-.3.4-.3.7s.1.5.3.7c.2.2.4.3.7.3h11c.3 0 .5-.1.7-.3.2-.2.3-.5.3-.7s-.1-.5-.3-.7zM5.8 14.7l6.2 6.3 6.2-6.3c.2-.2.3-.5.3-.7s-.1-.5-.3-.7c-.2-.2-.4-.3-.7-.3h-11c-.3 0-.5.1-.7.3-.2.2-.3.5-.3.7s.1.5.3.7z\"\/><\/svg><\/span><\/span><\/span><\/a><\/span><\/div>\n<nav><ul class='ez-toc-list ez-toc-list-level-1 ' ><li class='ez-toc-page-1 ez-toc-heading-level-2'><a class=\"ez-toc-link ez-toc-heading-1\" href=\"https:\/\/flashmode.tn\/magazine\/comment-demarrer-la-pose-dun-parquet-flottant-dans-une-piece-pas-d-equerre-3\/#Comment_poser_un_parquet_flottant_dans_un_couloir\" >Comment poser un parquet flottant dans un couloir ?<\/a><\/li><li class='ez-toc-page-1 ez-toc-heading-level-2'><a class=\"ez-toc-link ez-toc-heading-2\" href=\"https:\/\/flashmode.tn\/magazine\/comment-demarrer-la-pose-dun-parquet-flottant-dans-une-piece-pas-d-equerre-3\/#Comment_disposer_lame_de_parquet\" >Comment disposer lame de parquet ?<\/a><\/li><li class='ez-toc-page-1 ez-toc-heading-level-2'><a class=\"ez-toc-link ez-toc-heading-3\" href=\"https:\/\/flashmode.tn\/magazine\/comment-demarrer-la-pose-dun-parquet-flottant-dans-une-piece-pas-d-equerre-3\/#Comment_calculer_quantite_sol_stratifie\" >Comment calculer quantit\u00e9 sol stratifi\u00e9 ?<\/a><\/li><li class='ez-toc-page-1 ez-toc-heading-level-2'><a class=\"ez-toc-link ez-toc-heading-4\" href=\"https:\/\/flashmode.tn\/magazine\/comment-demarrer-la-pose-dun-parquet-flottant-dans-une-piece-pas-d-equerre-3\/#Comment_disposer_des_lames_de_parquet\" >Comment disposer des lames de parquet ?<\/a><\/li><li class='ez-toc-page-1 ez-toc-heading-level-2'><a class=\"ez-toc-link ez-toc-heading-5\" href=\"https:\/\/flashmode.tn\/magazine\/comment-demarrer-la-pose-dun-parquet-flottant-dans-une-piece-pas-d-equerre-3\/#Comment_faire_une_jonction_entre_2_parquets\" >Comment faire une jonction entre 2 parquets ?<\/a><\/li><li class='ez-toc-page-1 ez-toc-heading-level-2'><a class=\"ez-toc-link ez-toc-heading-6\" href=\"https:\/\/flashmode.tn\/magazine\/comment-demarrer-la-pose-dun-parquet-flottant-dans-une-piece-pas-d-equerre-3\/#Comment_associer_deux_parquets\" >Comment associer deux parquets ?<\/a><\/li><li class='ez-toc-page-1 ez-toc-heading-level-2'><a class=\"ez-toc-link ez-toc-heading-7\" href=\"https:\/\/flashmode.tn\/magazine\/comment-demarrer-la-pose-dun-parquet-flottant-dans-une-piece-pas-d-equerre-3\/#Comment_poser_un_parquet_dans_une_piece_en_L\" >Comment poser un parquet dans une pi\u00e8ce en L ?<\/a><\/li><li class='ez-toc-page-1 ez-toc-heading-level-2'><a class=\"ez-toc-link ez-toc-heading-8\" href=\"https:\/\/flashmode.tn\/magazine\/comment-demarrer-la-pose-dun-parquet-flottant-dans-une-piece-pas-d-equerre-3\/#Comment_etre_sur_que_lon_est_dequerre\" >Comment \u00eatre s\u00fbr que l&rsquo;on est d&rsquo;\u00e9querre ?<\/a><\/li><li class='ez-toc-page-1 ez-toc-heading-level-2'><a class=\"ez-toc-link ez-toc-heading-9\" href=\"https:\/\/flashmode.tn\/magazine\/comment-demarrer-la-pose-dun-parquet-flottant-dans-une-piece-pas-d-equerre-3\/#Comment_pour_faire_lequerrage_dune_maison\" >Comment pour faire l&rsquo;\u00e9querrage d&rsquo;une maison ?<\/a><\/li><li class='ez-toc-page-1 ez-toc-heading-level-2'><a class=\"ez-toc-link ez-toc-heading-10\" href=\"https:\/\/flashmode.tn\/magazine\/comment-demarrer-la-pose-dun-parquet-flottant-dans-une-piece-pas-d-equerre-3\/#Comment_calculer_lequerre\" >Comment calculer l&rsquo;\u00e9querre ?<\/a><\/li><li class='ez-toc-page-1 ez-toc-heading-level-2'><a class=\"ez-toc-link ez-toc-heading-11\" href=\"https:\/\/flashmode.tn\/magazine\/comment-demarrer-la-pose-dun-parquet-flottant-dans-une-piece-pas-d-equerre-3\/#Quel_parquet_choisir_pour_un_couloir\" >Quel parquet choisir pour un couloir ?<\/a><\/li><li class='ez-toc-page-1 ez-toc-heading-level-2'><a class=\"ez-toc-link ez-toc-heading-12\" href=\"https:\/\/flashmode.tn\/magazine\/comment-demarrer-la-pose-dun-parquet-flottant-dans-une-piece-pas-d-equerre-3\/#Quel_sens_parquet_chambre\" >Quel sens parquet chambre ?<\/a><\/li><li class='ez-toc-page-1 ez-toc-heading-level-2'><a class=\"ez-toc-link ez-toc-heading-13\" href=\"https:\/\/flashmode.tn\/magazine\/comment-demarrer-la-pose-dun-parquet-flottant-dans-une-piece-pas-d-equerre-3\/#Comment_poser_du_parquet_dans_un_escalier\" >Comment poser du parquet dans un escalier ?<\/a><\/li><li class='ez-toc-page-1 ez-toc-heading-level-2'><a class=\"ez-toc-link ez-toc-heading-14\" href=\"https:\/\/flashmode.tn\/magazine\/comment-demarrer-la-pose-dun-parquet-flottant-dans-une-piece-pas-d-equerre-3\/#Comment_mettre_un_parquet_en_bois\" >Comment mettre un parquet en bois ?<\/a><\/li><li class='ez-toc-page-1 ez-toc-heading-level-2'><a class=\"ez-toc-link ez-toc-heading-15\" href=\"https:\/\/flashmode.tn\/magazine\/comment-demarrer-la-pose-dun-parquet-flottant-dans-une-piece-pas-d-equerre-3\/#Comment_poser_un_parquet_en_limitant_les_pertes\" >Comment poser un parquet en limitant les pertes ?<\/a><\/li><li class='ez-toc-page-1 ez-toc-heading-level-2'><a class=\"ez-toc-link ez-toc-heading-16\" href=\"https:\/\/flashmode.tn\/magazine\/comment-demarrer-la-pose-dun-parquet-flottant-dans-une-piece-pas-d-equerre-3\/#Comment_calculer_le_nombre_de_latte\" >Comment calculer le nombre de latte ?<\/a><\/li><li class='ez-toc-page-1 ez-toc-heading-level-2'><a class=\"ez-toc-link ez-toc-heading-17\" href=\"https:\/\/flashmode.tn\/magazine\/comment-demarrer-la-pose-dun-parquet-flottant-dans-une-piece-pas-d-equerre-3\/#Comment_calculer_une_surface_en_m2\" >Comment calculer une surface en m2 ?<\/a><\/li><li class='ez-toc-page-1 ez-toc-heading-level-2'><a class=\"ez-toc-link ez-toc-heading-18\" href=\"https:\/\/flashmode.tn\/magazine\/comment-demarrer-la-pose-dun-parquet-flottant-dans-une-piece-pas-d-equerre-3\/#Comment_calculer_le_nombre_de_lames_de_terrasse\" >Comment calculer le nombre de lames de terrasse ?<\/a><\/li><li class='ez-toc-page-1 ez-toc-heading-level-2'><a class=\"ez-toc-link ez-toc-heading-19\" href=\"https:\/\/flashmode.tn\/magazine\/comment-demarrer-la-pose-dun-parquet-flottant-dans-une-piece-pas-d-equerre-3\/#Comment_agrandir_une_piece_avec_du_parquet\" >Comment agrandir une pi\u00e8ce avec du parquet ?<\/a><\/li><\/ul><\/nav><\/div>\n<h2><span class=\"ez-toc-section\" id=\"Comment_poser_un_parquet_flottant_dans_un_couloir\"><\/span>Comment poser un parquet flottant dans un couloir ?<span class=\"ez-toc-section-end\"><\/span><\/h2>\n<p>Dans un <b>couloir<\/b>, le sens de <b>pose<\/b> du <b>parquet flottant<\/b>, clou\u00e9 ou coll\u00e9 se fait g\u00e9n\u00e9ralement dans le sens de la marche, c&rsquo;est-\u00e0-dire que les lames sont pos\u00e9es parall\u00e8lement au c\u00f4t\u00e9 le plus long de la pi\u00e8ce.<\/p>\n<h2><span class=\"ez-toc-section\" id=\"Comment_disposer_lame_de_parquet\"><\/span><strong>Comment disposer lame de parquet ?<\/strong><span class=\"ez-toc-section-end\"><\/span><\/h2>\n<p>La position des <b>lames<\/b><\/p>\n<p> L&rsquo;orientation des <b>lames<\/b> doit se faire en fonction du soleil. Elles ne doivent pas \u00eatre parall\u00e8les \u00e0 la fen\u00eatre principale, mais former un angle droit. De cette mani\u00e8re, la lumi\u00e8re du soleil suit la longueur des <b>lames<\/b> lorsqu&rsquo;elle p\u00e9n\u00e8tre dans la maison.<\/p>\n<h2><span class=\"ez-toc-section\" id=\"Comment_calculer_quantite_sol_stratifie\"><\/span><strong>Comment calculer quantit\u00e9 sol stratifi\u00e9 ?<\/strong><span class=\"ez-toc-section-end\"><\/span><\/h2>\n<p>Parquet \u2013<b>Stratifi\u00e9<\/b><\/p>\n<p> Ajouter 8 \u00e0 10% \u00e0 votre surface r\u00e9elle en m\u00b2 pour conna\u00eetre <b>la quantit\u00e9<\/b> n\u00e9cessaire \u00e0 votre pose. <b>La quantit\u00e9<\/b> \u00e0 pr\u00e9voir en plus varie en fonction des d\u00e9coupes de votre pi\u00e8ce. Nos produits sont vendus par botte correspondant \u00e0 un conditionnement sp\u00e9cifique (le plus souvent entre 2 et 3m\u00b2).<\/p>\n<h2><span class=\"ez-toc-section\" id=\"Comment_disposer_des_lames_de_parquet\"><\/span><strong>Comment disposer des lames de parquet ?<\/strong><span class=\"ez-toc-section-end\"><\/span><\/h2>\n<p>En r\u00e8gle g\u00e9n\u00e9rale, le choix du sens du <b>parquet<\/b> d\u00e9pend de l&#8217;emplacement de la principale source de lumi\u00e8re. En effet, pour mettre en valeur le volume d&rsquo;une pi\u00e8ce, il est pr\u00e9f\u00e9rable de poser les <b>lames de parquet<\/b> dans le sens perpendiculaire par rapport \u00e0 la fen\u00eatre b\u00e9n\u00e9ficiant de la meilleure exposition.<\/p>\n<h2><span class=\"ez-toc-section\" id=\"Comment_faire_une_jonction_entre_2_parquets\"><\/span><strong>Comment faire une jonction entre 2 parquets ?<\/strong><span class=\"ez-toc-section-end\"><\/span><\/h2>\n<p><b>Les<\/b> barres <b>de<\/b> seuil \u00e0 fixation invisible sont particuli\u00e8rement adapt\u00e9es aux <b>jonctions entre parquets<\/b>. Elles permettent <b>de<\/b> laisser un espace <b>de<\/b> dilatation <b>entre les<\/b> deux surfaces <b>en<\/b> bois.<\/p>\n<h2><span class=\"ez-toc-section\" id=\"Comment_associer_deux_parquets\"><\/span><strong>Comment associer deux parquets ?<\/strong><span class=\"ez-toc-section-end\"><\/span><\/h2>\n<p>La jonction entre un sol carrel\u00e9 et un <b>parquet<\/b> est r\u00e9alis\u00e9e par une bande de galets blancs plats ins\u00e9r\u00e9s dans du joint de ciment gris, \u00e0 l&#8217;emplacement de la cloison manquante.<\/p>\n<h2><span class=\"ez-toc-section\" id=\"Comment_poser_un_parquet_dans_une_piece_en_L\"><\/span><strong>Comment poser un parquet dans une pi\u00e8ce en L ?<\/strong><span class=\"ez-toc-section-end\"><\/span><\/h2>\n<p>Pour allonger les espaces, vous pouvez <b>poser<\/b> le <b>parquet<\/b> parall\u00e8lement au mur le plus long comme dans un couloir. Pour \u00e9quilibrer et \u00e9largir les espaces, vous pouvez <b>poser<\/b> les lames perpendiculairement au c\u00f4t\u00e9 le plus long.<\/p>\n<h2><span class=\"ez-toc-section\" id=\"Comment_etre_sur_que_lon_est_dequerre\"><\/span><strong>Comment \u00eatre s\u00fbr que l&rsquo;on est d&rsquo;\u00e9querre ?<\/strong><span class=\"ez-toc-section-end\"><\/span><\/h2>\n<p>Une <b>\u00e9querre<\/b>. Puisque le carr\u00e9 de l&rsquo;hypot\u00e9nuse est \u00e9gal \u00e0 la somme des carr\u00e9s des deux autres cot\u00e9s, il suffit de tracer, \u00e0 la m\u00eame hauteur, en partant de l&rsquo;angle du mur sur un cot\u00e9 un point \u00e0 60 centim\u00e8tres et sur l&rsquo;autre mur un point \u00e0 80 centim\u00e8tres.<\/p>\n<h2><span class=\"ez-toc-section\" id=\"Comment_pour_faire_lequerrage_dune_maison\"><\/span><strong>Comment pour faire l&rsquo;\u00e9querrage d&rsquo;une maison ?<\/strong><span class=\"ez-toc-section-end\"><\/span><\/h2>\n<p>Il suffit de <b>prendre<\/b> un d\u00e9cam\u00e8tre et de <b>prendre<\/b> les mesures des deux diagonales de la fondation, si les mesures sont parfaitement \u00e9gales, l&rsquo;<b>\u00e9querrage<\/b> est r\u00e9ussi sinon il faut recaler les piquets \u00e0 la bonne place.<\/p>\n<h2><span class=\"ez-toc-section\" id=\"Comment_calculer_lequerre\"><\/span><strong>Comment calculer l&rsquo;\u00e9querre ?<\/strong><span class=\"ez-toc-section-end\"><\/span><\/h2>\n<p><b>Comment<\/b> s&rsquo;assurer que mon angle est droit si mon <b>\u00e9querre<\/b> n&rsquo;est pas assez grande ? Utilisez la r\u00e8gle du 3-4-5 ! On mesure 3 m sur un cot\u00e9 , 4 m sur l&rsquo;autre cot\u00e9 et la diagonale doit faire 5 m !<\/p>\n<h2><span class=\"ez-toc-section\" id=\"Quel_parquet_choisir_pour_un_couloir\"><\/span><strong>Quel parquet choisir pour un couloir ?<\/strong><span class=\"ez-toc-section-end\"><\/span><\/h2>\n<p>Misez sur un <b>parquet<\/b> massif ou sur un contrecoll\u00e9 avec un parement <b>d<\/b>&lsquo;au moins 32 mm. Il r\u00e9sistera mieux au poin\u00e7onnement et \u00e0 l&rsquo;usure et sera plus longtemps r\u00e9novable.<\/p>\n<h2><span class=\"ez-toc-section\" id=\"Quel_sens_parquet_chambre\"><\/span><strong>Quel sens parquet chambre ?<\/strong><span class=\"ez-toc-section-end\"><\/span><\/h2>\n<p>Le choix le plus commun, surtout pour une pi\u00e8ce plus ou moins carr\u00e9e, c&rsquo;est de poser le <b>parquet<\/b> dans le <b>sens<\/b> de la principale source de lumi\u00e8re naturelle. Le <b>parquet<\/b> est alors pos\u00e9 perpendiculairement au mur qui comporte la plus grande surface de fen\u00eatres.<\/p>\n<h2><span class=\"ez-toc-section\" id=\"Comment_poser_du_parquet_dans_un_escalier\"><\/span><strong>Comment poser du parquet dans un escalier ?<\/strong><span class=\"ez-toc-section-end\"><\/span><\/h2>\n<p><b>  <b>   Comment poser  <\/b>  un  <b>   parquet  <\/b>  Quick-Step sur des  <b>   escaliers  <\/b>  ? <\/b> <\/p>\n<ol>\n<li>   Collez un panneau de   <b>    parquet   <\/b>   coup\u00e9 \u00e0 mesure sur la contremarche \u00e0 l&rsquo;aide de la colle Quick-Step One4All Glue. &#8230;  <\/li>\n<li>   Collez et vissez le sous-profil\u00e9 en aluminium sur le nez-de-marche.  <\/li>\n<li>   Appliquez de la colle sur le sous-profil\u00e9 et la marche.  <\/li>\n<\/ol>\n<h2><span class=\"ez-toc-section\" id=\"Comment_mettre_un_parquet_en_bois\"><\/span><strong>Comment mettre un parquet en bois ?<\/strong><span class=\"ez-toc-section-end\"><\/span><\/h2>\n<p><b>  <b>   Comment poser  <\/b>  du  <b>   parquet en bois  <\/b>  massif ? <\/b> <\/p>\n<ol>\n<li>   Entreposer les lames de   <b>    bois   <\/b>   dans la pi\u00e8ce avant d&rsquo;installer le   <b>    parquet   <\/b>   , pour \u00e9viter que le   <b>    bois   <\/b>   travaille apr\u00e8s la pose.  <\/li>\n<li>   <b>    Poser   <\/b>   une couche isolante si n\u00e9cessaire.  <\/li>\n<li>   Installer les lambourdes en parall\u00e8le, espac\u00e9es de 40 cm, et perpendiculaires par rapport aux lames de   <b>    parquet   <\/b>   .  <\/li>\n<\/ol>\n<h2><span class=\"ez-toc-section\" id=\"Comment_poser_un_parquet_en_limitant_les_pertes\"><\/span><strong>Comment poser un parquet en limitant les pertes ?<\/strong><span class=\"ez-toc-section-end\"><\/span><\/h2>\n<p>Privil\u00e9gier la <b>pose<\/b> des lames parall\u00e8lement \u00e0 la plus grande longueur de la pi\u00e8ce. Ou dans le sens de la lumi\u00e8re projet\u00e9e par les fen\u00eatres. Calculer le nombre de rang\u00e9es de lames enti\u00e8res n\u00e9cessaires pour couvrir la largeur de la pi\u00e8ce afin de d\u00e9terminer la largeur de la premi\u00e8re et de la derni\u00e8re lame.<\/p>\n<h2><span class=\"ez-toc-section\" id=\"Comment_calculer_le_nombre_de_latte\"><\/span><strong>Comment calculer le nombre de latte ?<\/strong><span class=\"ez-toc-section-end\"><\/span><\/h2>\n<p>Liteaux : <b>calculs<\/b> indispensables<\/p>\n<p> En r\u00e8gle g\u00e9n\u00e9rale, l&rsquo;\u00e9cartement de pose des liteaux est \u00e9gal \u00e0 la longueur de la tuile moins le recouvrement.<\/p>\n<h2><span class=\"ez-toc-section\" id=\"Comment_calculer_une_surface_en_m2\"><\/span><strong>Comment calculer une surface en m2 ?<\/strong><span class=\"ez-toc-section-end\"><\/span><\/h2>\n<p><b>Calculer<\/b> en <b>m2<\/b> son appartement ou sa maison<\/p>\n<p> Pour <b>calculer<\/b> la <b>surface<\/b> des pi\u00e8ces en <b>m2<\/b>, qui sont pour la plupart du temps de forme rectangulaire, ou carr\u00e9e, il faut multiplier la largeur en m\u00e8tres par la longueur. <b>Surface<\/b> = longueur x largeur.<\/p>\n<h2><span class=\"ez-toc-section\" id=\"Comment_calculer_le_nombre_de_lames_de_terrasse\"><\/span><strong>Comment calculer le nombre de lames de terrasse ?<\/strong><span class=\"ez-toc-section-end\"><\/span><\/h2>\n<p>Concernant les longueurs sup\u00e9rieurs, imaginons 9.00m, vous divisez par 2,5 , comme cela vous posez deux <b>lames<\/b> compl\u00e8tes en 3,65 m et un demi puis vous repartez dans l&rsquo;autre sens. Sch\u00e9ma exemple : Divisez la largeur pour d\u00e9terminer le <b>nombre<\/b> de rang\u00e9es : 3,50 \/ 0,140 = 25 rang\u00e9es.<\/p>\n<h2><span class=\"ez-toc-section\" id=\"Comment_agrandir_une_piece_avec_du_parquet\"><\/span><strong>Comment agrandir une pi\u00e8ce avec du parquet ?<\/strong><span class=\"ez-toc-section-end\"><\/span><\/h2>\n<p><b>Pour agrandir<\/b> une <b>pi\u00e8ce<\/b> et <b>pour<\/b> \u00e9quilibrer les volumes nous vous recommandons de <b>poser<\/b> vos lames de <b>parquet<\/b> parall\u00e8les au plus petit c\u00f4t\u00e9 de votre <b>pi\u00e8ce<\/b>. \u00c0 l&rsquo;inverse une <b>pose<\/b> parall\u00e8le au plus grand c\u00f4t\u00e9 permet d&rsquo;allonger l&rsquo;espace, mais attention dans le cas d&rsquo;une trop petite <b>pi\u00e8ce<\/b>, cela a tendance \u00e0 la r\u00e9tr\u00e9cir.<\/p>\n<h2><strong><\/strong><\/h2>\n<h2><strong><\/strong><\/h2>\n<hr \/>\n<p><em>Editeurs: 6 &#8211; R\u00e9f\u00e9rences: 32 articles<\/em><\/p>\n<p><em>N\u2019oubliez pas de partager l\u2019article !<\/em><\/p>\n","protected":false},"excerpt":{"rendered":"<p>Bonjour, il est imp\u00e9ratif que la premi\u00e8re lame soit rectiligne c\u00f4t\u00e9 pi\u00e8ce, ce qui implique de l&rsquo;ajuster c\u00f4t\u00e9 mur, si vous ne faites pas \u00e7a vous allez au devant de probl\u00e8me pour la suite de la pose, et \u00e7a vous ne pourrez jamais le rectifier. Pour ajuster les bouts le croquis de droite ci-dessus est [&hellip;]<\/p>\n","protected":false},"author":6,"featured_media":0,"comment_status":"open","ping_status":"open","sticky":false,"template":"","format":"standard","meta":{"tdm_status":"","tdm_grid_status":"","_jetpack_memberships_contains_paid_content":false,"footnotes":"","jetpack_publicize_message":"","jetpack_publicize_feature_enabled":true,"jetpack_social_post_already_shared":true,"jetpack_social_options":{"image_generator_settings":{"template":"highway","default_image_id":0,"font":"","enabled":false},"version":2}},"categories":[3457],"tags":[],"class_list":["post-57010","post","type-post","status-publish","format-standard","hentry","category-maison"],"yoast_head":"<!-- This site is optimized with the Yoast SEO Premium plugin v25.0 (Yoast SEO v25.0) - https:\/\/yoast.com\/wordpress\/plugins\/seo\/ -->\n<title>Comment d\u00e9marrer la pose d&#039;un parquet flottant dans une pi\u00e8ce pas d Equerre ?<\/title>\n<meta name=\"description\" content=\"Bonjour, il est imp\u00e9ratif que la premi\u00e8re lame soit rectiligne c\u00f4t\u00e9 pi\u00e8ce, ce qui implique de l&#039;ajuster c\u00f4t\u00e9 mur, si vous ne faites pas \u00e7a vous allez au\" \/>\n<meta name=\"robots\" content=\"index, follow, max-snippet:-1, max-image-preview:large, max-video-preview:-1\" \/>\n<link rel=\"canonical\" href=\"https:\/\/flashmode.tn\/magazine\/comment-demarrer-la-pose-dun-parquet-flottant-dans-une-piece-pas-d-equerre-3\/\" \/>\n<meta property=\"og:locale\" content=\"fr_FR\" \/>\n<meta property=\"og:type\" content=\"article\" \/>\n<meta property=\"og:title\" content=\"Comment d\u00e9marrer la pose d&#039;un parquet flottant dans une pi\u00e8ce pas d Equerre ? - Flashmode Magazine | Magazine de mode et style de vie Num\u00e9ro un en Tunisie et au Maghreb\" \/>\n<meta property=\"og:description\" content=\"Bonjour, il est imp\u00e9ratif que la premi\u00e8re lame soit rectiligne c\u00f4t\u00e9 pi\u00e8ce, ce qui implique de l&#039;ajuster c\u00f4t\u00e9 mur, si vous ne faites pas \u00e7a vous allez au\" \/>\n<meta property=\"og:url\" content=\"https:\/\/flashmode.tn\/magazine\/comment-demarrer-la-pose-dun-parquet-flottant-dans-une-piece-pas-d-equerre-3\/\" \/>\n<meta property=\"og:site_name\" content=\"Flashmode Magazine | Magazine de mode et style de vie Num\u00e9ro un en Tunisie et au Maghreb\" \/>\n<meta property=\"article:publisher\" content=\"https:\/\/www.facebook.com\/flashmode.magazine\/\" \/>\n<meta property=\"article:published_time\" content=\"2021-10-18T20:22:56+00:00\" \/>\n<meta name=\"author\" content=\"EventsEditors\" \/>\n<meta name=\"twitter:card\" content=\"summary_large_image\" \/>\n<meta name=\"twitter:creator\" content=\"@agenceflashmode\" \/>\n<meta name=\"twitter:site\" content=\"@agenceflashmode\" \/>\n<meta name=\"twitter:label1\" content=\"\u00c9crit par\" \/>\n\t<meta name=\"twitter:data1\" content=\"EventsEditors\" \/>\n\t<meta name=\"twitter:label2\" content=\"Dur\u00e9e de lecture estim\u00e9e\" \/>\n\t<meta name=\"twitter:data2\" content=\"6 minutes\" \/>\n<script type=\"application\/ld+json\" class=\"yoast-schema-graph\">{\"@context\":\"https:\/\/schema.org\",\"@graph\":[{\"@type\":\"WebPage\",\"@id\":\"https:\/\/flashmode.tn\/magazine\/comment-demarrer-la-pose-dun-parquet-flottant-dans-une-piece-pas-d-equerre-3\/\",\"url\":\"https:\/\/flashmode.tn\/magazine\/comment-demarrer-la-pose-dun-parquet-flottant-dans-une-piece-pas-d-equerre-3\/\",\"name\":\"Comment d\u00e9marrer la pose d'un parquet flottant dans une pi\u00e8ce pas d Equerre ?\",\"isPartOf\":{\"@id\":\"https:\/\/flashmode.tn\/magazine\/#website\"},\"datePublished\":\"2021-10-18T20:22:56+00:00\",\"author\":{\"@id\":\"https:\/\/flashmode.tn\/magazine\/#\/schema\/person\/257d6780605b915a5e352977f0f6f41c\"},\"description\":\"Bonjour, il est imp\u00e9ratif que la premi\u00e8re lame soit rectiligne c\u00f4t\u00e9 pi\u00e8ce, ce qui implique de l'ajuster c\u00f4t\u00e9 mur, si vous ne faites pas \u00e7a vous allez au\",\"breadcrumb\":{\"@id\":\"https:\/\/flashmode.tn\/magazine\/comment-demarrer-la-pose-dun-parquet-flottant-dans-une-piece-pas-d-equerre-3\/#breadcrumb\"},\"inLanguage\":\"fr-FR\",\"potentialAction\":[{\"@type\":\"ReadAction\",\"target\":[\"https:\/\/flashmode.tn\/magazine\/comment-demarrer-la-pose-dun-parquet-flottant-dans-une-piece-pas-d-equerre-3\/\"]}]},{\"@type\":\"BreadcrumbList\",\"@id\":\"https:\/\/flashmode.tn\/magazine\/comment-demarrer-la-pose-dun-parquet-flottant-dans-une-piece-pas-d-equerre-3\/#breadcrumb\",\"itemListElement\":[{\"@type\":\"ListItem\",\"position\":1,\"name\":\"Accueil\",\"item\":\"https:\/\/flashmode.tn\/magazine\/\"},{\"@type\":\"ListItem\",\"position\":2,\"name\":\"Comment d\u00e9marrer la pose d&rsquo;un parquet flottant dans une pi\u00e8ce pas d Equerre ?\"}]},{\"@type\":\"WebSite\",\"@id\":\"https:\/\/flashmode.tn\/magazine\/#website\",\"url\":\"https:\/\/flashmode.tn\/magazine\/\",\"name\":\"Flashmode Magazine | Magazine de mode et style de vie Num\u00e9ro un en Tunisie et au Maghreb\",\"description\":\"Magazine de mode et style de vie Num\u00e9ro un en Tunisie et au Maghreb, cr\u00e9\u00e9 pour les hommes et les femmes : conseils beaut\u00e9, mode femme, mode homme, recettes de cuisine, c\u00e9l\u00e9brit\u00e9s et people, mannequins et top modeles\",\"potentialAction\":[{\"@type\":\"SearchAction\",\"target\":{\"@type\":\"EntryPoint\",\"urlTemplate\":\"https:\/\/flashmode.tn\/magazine\/?s={search_term_string}\"},\"query-input\":{\"@type\":\"PropertyValueSpecification\",\"valueRequired\":true,\"valueName\":\"search_term_string\"}}],\"inLanguage\":\"fr-FR\"},{\"@type\":\"Person\",\"@id\":\"https:\/\/flashmode.tn\/magazine\/#\/schema\/person\/257d6780605b915a5e352977f0f6f41c\",\"name\":\"EventsEditors\",\"image\":{\"@type\":\"ImageObject\",\"inLanguage\":\"fr-FR\",\"@id\":\"https:\/\/flashmode.tn\/magazine\/#\/schema\/person\/image\/\",\"url\":\"https:\/\/secure.gravatar.com\/avatar\/e2daedf958f66be37c9a79abe56184d85cd1baa6bba0dd8017e3f7d01555232f?s=96&d=mm&r=g\",\"contentUrl\":\"https:\/\/secure.gravatar.com\/avatar\/e2daedf958f66be37c9a79abe56184d85cd1baa6bba0dd8017e3f7d01555232f?s=96&d=mm&r=g\",\"caption\":\"EventsEditors\"},\"url\":\"https:\/\/flashmode.tn\/magazine\/author\/eventseditors\/\"}]}<\/script>\n<!-- \/ Yoast SEO Premium plugin. -->","yoast_head_json":{"title":"Comment d\u00e9marrer la pose d'un parquet flottant dans une pi\u00e8ce pas d Equerre ?","description":"Bonjour, il est imp\u00e9ratif que la premi\u00e8re lame soit rectiligne c\u00f4t\u00e9 pi\u00e8ce, ce qui implique de l'ajuster c\u00f4t\u00e9 mur, si vous ne faites pas \u00e7a vous allez au","robots":{"index":"index","follow":"follow","max-snippet":"max-snippet:-1","max-image-preview":"max-image-preview:large","max-video-preview":"max-video-preview:-1"},"canonical":"https:\/\/flashmode.tn\/magazine\/comment-demarrer-la-pose-dun-parquet-flottant-dans-une-piece-pas-d-equerre-3\/","og_locale":"fr_FR","og_type":"article","og_title":"Comment d\u00e9marrer la pose d'un parquet flottant dans une pi\u00e8ce pas d Equerre ? - Flashmode Magazine | Magazine de mode et style de vie Num\u00e9ro un en Tunisie et au Maghreb","og_description":"Bonjour, il est imp\u00e9ratif que la premi\u00e8re lame soit rectiligne c\u00f4t\u00e9 pi\u00e8ce, ce qui implique de l'ajuster c\u00f4t\u00e9 mur, si vous ne faites pas \u00e7a vous allez au","og_url":"https:\/\/flashmode.tn\/magazine\/comment-demarrer-la-pose-dun-parquet-flottant-dans-une-piece-pas-d-equerre-3\/","og_site_name":"Flashmode Magazine | Magazine de mode et style de vie Num\u00e9ro un en Tunisie et au Maghreb","article_publisher":"https:\/\/www.facebook.com\/flashmode.magazine\/","article_published_time":"2021-10-18T20:22:56+00:00","author":"EventsEditors","twitter_card":"summary_large_image","twitter_creator":"@agenceflashmode","twitter_site":"@agenceflashmode","twitter_misc":{"\u00c9crit par":"EventsEditors","Dur\u00e9e de lecture estim\u00e9e":"6 minutes"},"schema":{"@context":"https:\/\/schema.org","@graph":[{"@type":"WebPage","@id":"https:\/\/flashmode.tn\/magazine\/comment-demarrer-la-pose-dun-parquet-flottant-dans-une-piece-pas-d-equerre-3\/","url":"https:\/\/flashmode.tn\/magazine\/comment-demarrer-la-pose-dun-parquet-flottant-dans-une-piece-pas-d-equerre-3\/","name":"Comment d\u00e9marrer la pose d'un parquet flottant dans une pi\u00e8ce pas d Equerre ?","isPartOf":{"@id":"https:\/\/flashmode.tn\/magazine\/#website"},"datePublished":"2021-10-18T20:22:56+00:00","author":{"@id":"https:\/\/flashmode.tn\/magazine\/#\/schema\/person\/257d6780605b915a5e352977f0f6f41c"},"description":"Bonjour, il est imp\u00e9ratif que la premi\u00e8re lame soit rectiligne c\u00f4t\u00e9 pi\u00e8ce, ce qui implique de l'ajuster c\u00f4t\u00e9 mur, si vous ne faites pas \u00e7a vous allez au","breadcrumb":{"@id":"https:\/\/flashmode.tn\/magazine\/comment-demarrer-la-pose-dun-parquet-flottant-dans-une-piece-pas-d-equerre-3\/#breadcrumb"},"inLanguage":"fr-FR","potentialAction":[{"@type":"ReadAction","target":["https:\/\/flashmode.tn\/magazine\/comment-demarrer-la-pose-dun-parquet-flottant-dans-une-piece-pas-d-equerre-3\/"]}]},{"@type":"BreadcrumbList","@id":"https:\/\/flashmode.tn\/magazine\/comment-demarrer-la-pose-dun-parquet-flottant-dans-une-piece-pas-d-equerre-3\/#breadcrumb","itemListElement":[{"@type":"ListItem","position":1,"name":"Accueil","item":"https:\/\/flashmode.tn\/magazine\/"},{"@type":"ListItem","position":2,"name":"Comment d\u00e9marrer la pose d&rsquo;un parquet flottant dans une pi\u00e8ce pas d Equerre ?"}]},{"@type":"WebSite","@id":"https:\/\/flashmode.tn\/magazine\/#website","url":"https:\/\/flashmode.tn\/magazine\/","name":"Flashmode Magazine | Magazine de mode et style de vie Num\u00e9ro un en Tunisie et au Maghreb","description":"Magazine de mode et style de vie Num\u00e9ro un en Tunisie et au Maghreb, cr\u00e9\u00e9 pour les hommes et les femmes : conseils beaut\u00e9, mode femme, mode homme, recettes de cuisine, c\u00e9l\u00e9brit\u00e9s et people, mannequins et top modeles","potentialAction":[{"@type":"SearchAction","target":{"@type":"EntryPoint","urlTemplate":"https:\/\/flashmode.tn\/magazine\/?s={search_term_string}"},"query-input":{"@type":"PropertyValueSpecification","valueRequired":true,"valueName":"search_term_string"}}],"inLanguage":"fr-FR"},{"@type":"Person","@id":"https:\/\/flashmode.tn\/magazine\/#\/schema\/person\/257d6780605b915a5e352977f0f6f41c","name":"EventsEditors","image":{"@type":"ImageObject","inLanguage":"fr-FR","@id":"https:\/\/flashmode.tn\/magazine\/#\/schema\/person\/image\/","url":"https:\/\/secure.gravatar.com\/avatar\/e2daedf958f66be37c9a79abe56184d85cd1baa6bba0dd8017e3f7d01555232f?s=96&d=mm&r=g","contentUrl":"https:\/\/secure.gravatar.com\/avatar\/e2daedf958f66be37c9a79abe56184d85cd1baa6bba0dd8017e3f7d01555232f?s=96&d=mm&r=g","caption":"EventsEditors"},"url":"https:\/\/flashmode.tn\/magazine\/author\/eventseditors\/"}]}},"jetpack_publicize_connections":[],"jetpack_featured_media_url":"","jetpack_shortlink":"https:\/\/wp.me\/p8BPGr-ePw","jetpack_sharing_enabled":true,"_links":{"self":[{"href":"https:\/\/flashmode.tn\/magazine\/wp-json\/wp\/v2\/posts\/57010","targetHints":{"allow":["GET"]}}],"collection":[{"href":"https:\/\/flashmode.tn\/magazine\/wp-json\/wp\/v2\/posts"}],"about":[{"href":"https:\/\/flashmode.tn\/magazine\/wp-json\/wp\/v2\/types\/post"}],"author":[{"embeddable":true,"href":"https:\/\/flashmode.tn\/magazine\/wp-json\/wp\/v2\/users\/6"}],"replies":[{"embeddable":true,"href":"https:\/\/flashmode.tn\/magazine\/wp-json\/wp\/v2\/comments?post=57010"}],"version-history":[{"count":0,"href":"https:\/\/flashmode.tn\/magazine\/wp-json\/wp\/v2\/posts\/57010\/revisions"}],"wp:attachment":[{"href":"https:\/\/flashmode.tn\/magazine\/wp-json\/wp\/v2\/media?parent=57010"}],"wp:term":[{"taxonomy":"category","embeddable":true,"href":"https:\/\/flashmode.tn\/magazine\/wp-json\/wp\/v2\/categories?post=57010"},{"taxonomy":"post_tag","embeddable":true,"href":"https:\/\/flashmode.tn\/magazine\/wp-json\/wp\/v2\/tags?post=57010"}],"curies":[{"name":"wp","href":"https:\/\/api.w.org\/{rel}","templated":true}]}}