{"id":57101,"date":"2021-10-14T04:49:09","date_gmt":"2021-10-14T02:49:09","guid":{"rendered":"https:\/\/flashmode.tn\/magazine\/quand-et-comment-tailler-un-olivier\/"},"modified":"2021-10-14T04:49:09","modified_gmt":"2021-10-14T02:49:09","slug":"quand-et-comment-tailler-un-olivier","status":"publish","type":"post","link":"https:\/\/flashmode.tn\/magazine\/quand-et-comment-tailler-un-olivier\/","title":{"rendered":"Quand et comment tailler un olivier ?"},"content":{"rendered":"<p>\u00c0 faire tous les deux ans (les fruits viennent sur les bois de l&rsquo;ann\u00e9e pr\u00e9c\u00e9dente) apr\u00e8s les grands froids (selon les r\u00e9gions) et avant l&rsquo;apparition des premi\u00e8res fleurs (mai). Cette <b>taille<\/b> \u00ab en gobelet \u00bb vise \u00e0 donner \u00e0 l&rsquo;arbre une structure avec 4-5 branches.<\/p>\n<p>Ainsi, Quelle hauteur fait un \u00e9rable du Japon ?<\/p>\n<p>De la famille des Ac\u00e9rac\u00e9es, l&rsquo;Acer palmatum ou <b>\u00e9rable<\/b> palm\u00e9, ne peut \u00eatre confondu avec son cousin l&rsquo;Acer japonicum qui porte lui aussi le nom d&rsquo;<b>\u00e9rable du Japon<\/b>. Ce dernier est un arbre d&rsquo;environ 10 m au port largement \u00e9tal\u00e9 et dont les feuilles montrent plus de lobes (7 \u00e0 11 contre 5 \u00e0 7 pour l&rsquo;Acer palmatum).<\/p>\n<p>ensuite Comment tailler un olivier qui n&rsquo;a jamais \u00e9t\u00e9 taille ?<\/p>\n<p>D&rsquo;ailleurs, il arrive que des <b>oliviers qui<\/b> n&rsquo;ont <b>jamais \u00e9t\u00e9 taill\u00e9s<\/b> et <b>qui<\/b> sont donc difformes soient <b>taill\u00e9s<\/b> \u00e0 ras du sol : il suffira apr\u00e8s de s\u00e9lectionner un nouveau leader, pousse vigoureuse <b>qui<\/b> sera tuteur\u00e9e verticalement tandis que les autres seront \u00e9limin\u00e9es.<\/p>\n<p>Comment donner une forme a un olivier ?<\/p>\n<p>Taillez les branches qui poussent \u00e0 l&rsquo;int\u00e9rieur en conservant les branches ma\u00eetresses ce qui favorisera la circulation de l&rsquo;air, donc sa pollinisation et sa fructification ; Raccourcissez les branches pour <b>donner<\/b> la <b>forme<\/b> que vous souhaitez \u00e0 votre <b>olivier<\/b> (une boule, plusieurs boules, <b>forme<\/b> nuage, <b>forme<\/b> libre\u2026).<\/p>\n<div id=\"ez-toc-container\" class=\"ez-toc-v2_0_81 counter-hierarchy ez-toc-counter ez-toc-grey ez-toc-container-direction\">\n<div class=\"ez-toc-title-container\">\n<p class=\"ez-toc-title\" style=\"cursor:inherit\">Contenus de la page<\/p>\n<span class=\"ez-toc-title-toggle\"><a href=\"#\" class=\"ez-toc-pull-right ez-toc-btn ez-toc-btn-xs ez-toc-btn-default ez-toc-toggle\" aria-label=\"Toggle Table of Content\"><span class=\"ez-toc-js-icon-con\"><span class=\"\"><span class=\"eztoc-hide\" style=\"display:none;\">Toggle<\/span><span class=\"ez-toc-icon-toggle-span\"><svg style=\"fill: #999;color:#999\" xmlns=\"http:\/\/www.w3.org\/2000\/svg\" class=\"list-377408\" width=\"20px\" height=\"20px\" viewBox=\"0 0 24 24\" fill=\"none\"><path d=\"M6 6H4v2h2V6zm14 0H8v2h12V6zM4 11h2v2H4v-2zm16 0H8v2h12v-2zM4 16h2v2H4v-2zm16 0H8v2h12v-2z\" fill=\"currentColor\"><\/path><\/svg><svg style=\"fill: #999;color:#999\" class=\"arrow-unsorted-368013\" xmlns=\"http:\/\/www.w3.org\/2000\/svg\" width=\"10px\" height=\"10px\" viewBox=\"0 0 24 24\" version=\"1.2\" baseProfile=\"tiny\"><path d=\"M18.2 9.3l-6.2-6.3-6.2 6.3c-.2.2-.3.4-.3.7s.1.5.3.7c.2.2.4.3.7.3h11c.3 0 .5-.1.7-.3.2-.2.3-.5.3-.7s-.1-.5-.3-.7zM5.8 14.7l6.2 6.3 6.2-6.3c.2-.2.3-.5.3-.7s-.1-.5-.3-.7c-.2-.2-.4-.3-.7-.3h-11c-.3 0-.5.1-.7.3-.2.2-.3.5-.3.7s.1.5.3.7z\"\/><\/svg><\/span><\/span><\/span><\/a><\/span><\/div>\n<nav><ul class='ez-toc-list ez-toc-list-level-1 ' ><li class='ez-toc-page-1 ez-toc-heading-level-2'><a class=\"ez-toc-link ez-toc-heading-1\" href=\"https:\/\/flashmode.tn\/magazine\/quand-et-comment-tailler-un-olivier\/#Quand_tailler_un_olivier_en_boule\" >Quand tailler un olivier en boule ?<\/a><\/li><li class='ez-toc-page-1 ez-toc-heading-level-2'><a class=\"ez-toc-link ez-toc-heading-2\" href=\"https:\/\/flashmode.tn\/magazine\/quand-et-comment-tailler-un-olivier\/#Comment_faire_rougir_un_Erable_du_Japon\" >Comment faire rougir un Erable du Japon ?<\/a><\/li><li class='ez-toc-page-1 ez-toc-heading-level-2'><a class=\"ez-toc-link ez-toc-heading-3\" href=\"https:\/\/flashmode.tn\/magazine\/quand-et-comment-tailler-un-olivier\/#Quel_erable_pour_plein_soleil\" >Quel \u00e9rable pour plein soleil ?<\/a><\/li><li class='ez-toc-page-1 ez-toc-heading-level-2'><a class=\"ez-toc-link ez-toc-heading-4\" href=\"https:\/\/flashmode.tn\/magazine\/quand-et-comment-tailler-un-olivier\/#Ou_planter_un_erable_du_Japon\" >O\u00f9 planter un \u00e9rable du Japon ?<\/a><\/li><li class='ez-toc-page-1 ez-toc-heading-level-2'><a class=\"ez-toc-link ez-toc-heading-5\" href=\"https:\/\/flashmode.tn\/magazine\/quand-et-comment-tailler-un-olivier\/#Comment_rabattre_un_olivier_trop_haut\" >Comment rabattre un olivier trop haut ?<\/a><\/li><li class='ez-toc-page-1 ez-toc-heading-level-2'><a class=\"ez-toc-link ez-toc-heading-6\" href=\"https:\/\/flashmode.tn\/magazine\/quand-et-comment-tailler-un-olivier\/#Quelle_est_la_croissance_dun_olivier\" >Quelle est la croissance d&rsquo;un olivier ?<\/a><\/li><li class='ez-toc-page-1 ez-toc-heading-level-2'><a class=\"ez-toc-link ez-toc-heading-7\" href=\"https:\/\/flashmode.tn\/magazine\/quand-et-comment-tailler-un-olivier\/#Comment_faire_pour_faire_grossir_le_tronc_dun_olivier\" >Comment faire pour faire grossir le tronc d&rsquo;un olivier ?<\/a><\/li><li class='ez-toc-page-1 ez-toc-heading-level-2'><a class=\"ez-toc-link ez-toc-heading-8\" href=\"https:\/\/flashmode.tn\/magazine\/quand-et-comment-tailler-un-olivier\/#Comment_tailler_un_olivier_en_forme_de_nuage\" >Comment tailler un olivier en forme de nuage ?<\/a><\/li><li class='ez-toc-page-1 ez-toc-heading-level-2'><a class=\"ez-toc-link ez-toc-heading-9\" href=\"https:\/\/flashmode.tn\/magazine\/quand-et-comment-tailler-un-olivier\/#Comment_tailler_un_olivier_Buisson\" >Comment tailler un olivier Buisson ?<\/a><\/li><li class='ez-toc-page-1 ez-toc-heading-level-2'><a class=\"ez-toc-link ez-toc-heading-10\" href=\"https:\/\/flashmode.tn\/magazine\/quand-et-comment-tailler-un-olivier\/#Comment_tailler_un_olivier_en_parasol\" >Comment tailler un olivier en parasol ?<\/a><\/li><li class='ez-toc-page-1 ez-toc-heading-level-2'><a class=\"ez-toc-link ez-toc-heading-11\" href=\"https:\/\/flashmode.tn\/magazine\/quand-et-comment-tailler-un-olivier\/#Quand_tailler_un_olivier_nuage\" >Quand tailler un olivier nuage ?<\/a><\/li><li class='ez-toc-page-1 ez-toc-heading-level-2'><a class=\"ez-toc-link ez-toc-heading-12\" href=\"https:\/\/flashmode.tn\/magazine\/quand-et-comment-tailler-un-olivier\/#Puis-je_tailler_mon_olivier_en_septembre\" >Puis-je tailler mon olivier en septembre ?<\/a><\/li><li class='ez-toc-page-1 ez-toc-heading-level-2'><a class=\"ez-toc-link ez-toc-heading-13\" href=\"https:\/\/flashmode.tn\/magazine\/quand-et-comment-tailler-un-olivier\/#Quelle_terre_mettre_pour_un_Erable_du_Japon\" >Quelle terre mettre pour un Erable du Japon ?<\/a><\/li><li class='ez-toc-page-1 ez-toc-heading-level-2'><a class=\"ez-toc-link ez-toc-heading-14\" href=\"https:\/\/flashmode.tn\/magazine\/quand-et-comment-tailler-un-olivier\/#Quel_engrais_pour_un_erable_du_Japon\" >Quel engrais pour un \u00e9rable du Japon ?<\/a><\/li><li class='ez-toc-page-1 ez-toc-heading-level-2'><a class=\"ez-toc-link ez-toc-heading-15\" href=\"https:\/\/flashmode.tn\/magazine\/quand-et-comment-tailler-un-olivier\/#Quel_engrais_pour_les_erables_du_Japon\" >Quel engrais pour les \u00e9rables du Japon ?<\/a><\/li><li class='ez-toc-page-1 ez-toc-heading-level-2'><a class=\"ez-toc-link ez-toc-heading-16\" href=\"https:\/\/flashmode.tn\/magazine\/quand-et-comment-tailler-un-olivier\/#Quel_Acer_en_plein_soleil\" >Quel Acer en plein soleil ?<\/a><\/li><li class='ez-toc-page-1 ez-toc-heading-level-2'><a class=\"ez-toc-link ez-toc-heading-17\" href=\"https:\/\/flashmode.tn\/magazine\/quand-et-comment-tailler-un-olivier\/#Quel_arbuste_pour_le_plein_soleil\" >Quel arbuste pour le plein soleil ?<\/a><\/li><li class='ez-toc-page-1 ez-toc-heading-level-2'><a class=\"ez-toc-link ez-toc-heading-18\" href=\"https:\/\/flashmode.tn\/magazine\/quand-et-comment-tailler-un-olivier\/#Pourquoi_les_feuilles_de_mon_Erable_sechent\" >Pourquoi les feuilles de mon Erable s\u00e8chent ?<\/a><\/li><li class='ez-toc-page-1 ez-toc-heading-level-2'><a class=\"ez-toc-link ez-toc-heading-19\" href=\"https:\/\/flashmode.tn\/magazine\/quand-et-comment-tailler-un-olivier\/#Pourquoi_les_feuilles_de_mon_erable_du_Japon_sechent\" >Pourquoi les feuilles de mon \u00e9rable du Japon s\u00e8chent ?<\/a><\/li><li class='ez-toc-page-1 ez-toc-heading-level-2'><a class=\"ez-toc-link ez-toc-heading-20\" href=\"https:\/\/flashmode.tn\/magazine\/quand-et-comment-tailler-un-olivier\/#Comment_proteger_erable_japonais_du_froid\" >Comment prot\u00e9ger \u00e9rable japonais du froid ?<\/a><\/li><\/ul><\/nav><\/div>\n<h2><span class=\"ez-toc-section\" id=\"Quand_tailler_un_olivier_en_boule\"><\/span>Quand tailler un olivier en boule ?<span class=\"ez-toc-section-end\"><\/span><\/h2>\n<p>Tous les 5 \u00e0 6 ans, sur les vieux <b>oliviers<\/b>, supprimez les branches malades ou cass\u00e9es, celles qui poussent vers l&rsquo;int\u00e9rieur ainsi que le bois mort. R\u00e9duisez \u00e9galement d&rsquo;environ 1\/3 de leur longueur les extr\u00e9mit\u00e9s des branches les plus vigoureuses.<\/p>\n<h2><span class=\"ez-toc-section\" id=\"Comment_faire_rougir_un_Erable_du_Japon\"><\/span><strong>Comment faire rougir un Erable du Japon ?<\/strong><span class=\"ez-toc-section-end\"><\/span><\/h2>\n<p>N\u00e9anmoins, il faut le prot\u00e9ger contre les rayons directs du soleil qui risquent de br\u00fbler le feuillage. Il redeviendra pourpre au printemps prochain en apportant un reverdissant \u00e0 base ch\u00e9late de fer ainsi qu&rsquo;un apport d&rsquo;engrais organique sp\u00e9cial plantes de terre de bruy\u00e8re et du compost au pied.<\/p>\n<h2><span class=\"ez-toc-section\" id=\"Quel_erable_pour_plein_soleil\"><\/span><strong>Quel \u00e9rable pour plein soleil ?<\/strong><span class=\"ez-toc-section-end\"><\/span><\/h2>\n<p>Plantation de l&rsquo;<b>\u00e9rable<\/b> du Japon<\/p>\n<p> Les <b>\u00e9rables<\/b> appr\u00e9cient en g\u00e9n\u00e9ral la mi-ombre, mais de gros sujets peuvent \u00eatre plant\u00e9s en <b>plein soleil<\/b> (sauf contre un mur), \u00e0 condition d&rsquo;augmenter les arrosages bien s\u00fbr. &#8211; Les vari\u00e9t\u00e9s \u00e0 feuilles vertes sont celles qui supportent le mieux le <b>plein soleil<\/b>.<\/p>\n<h2><span class=\"ez-toc-section\" id=\"Ou_planter_un_erable_du_Japon\"><\/span><strong>O\u00f9 planter un \u00e9rable du Japon ?<\/strong><span class=\"ez-toc-section-end\"><\/span><\/h2>\n<p><b>O\u00f9 planter<\/b> l&rsquo;<b>\u00e9rable du Japon<\/b> ? Les <b>\u00e9rables<\/b> se plaisent au soleil ou \u00e0 la mi-ombre, ils acceptent aussi l&rsquo;ombre totale. Ils aiment les terrains acides dans l&rsquo;id\u00e9al. Ce sont des plantes de terre de bruy\u00e8re, au m\u00eame titre que l&rsquo;azal\u00e9e, le rhododendron, le cam\u00e9lia, le magnolia, l&rsquo;hortensia, le pi\u00e9ris, la bruy\u00e8re&#8230;<\/p>\n<h2><span class=\"ez-toc-section\" id=\"Comment_rabattre_un_olivier_trop_haut\"><\/span><strong>Comment rabattre un olivier trop haut ?<\/strong><span class=\"ez-toc-section-end\"><\/span><\/h2>\n<p>Il faut enlever les rameaux qui poussent tout droit vers le <b>haut<\/b>, surtout ceux vers le <b>haut<\/b> de l&rsquo;arbre qui sont fins et fragiles. Coupez \u00e9galement les branches au centre de l&rsquo;<b>olivier<\/b> pour \u00e9viter que l&rsquo;int\u00e9rieur de la forme de verre \u00e0 martini soit <b>trop<\/b> dense <sup>X<\/sup> <sup>Source<\/sup> <sup>de<\/sup> <sup>recherche<\/sup> .<\/p>\n<h2><span class=\"ez-toc-section\" id=\"Quelle_est_la_croissance_dun_olivier\"><\/span><strong>Quelle est la croissance d&rsquo;un olivier ?<\/strong><span class=\"ez-toc-section-end\"><\/span><\/h2>\n<p>Et si la <b>croissance<\/b> de l&rsquo;<b>olivier est<\/b> tr\u00e8s lente, de l&rsquo;ordre de 12 \u00e0 15 cm par an, l&rsquo;arbre peut vivre plusieurs centaines d&rsquo;ann\u00e9es.<\/p>\n<h2><span class=\"ez-toc-section\" id=\"Comment_faire_pour_faire_grossir_le_tronc_dun_olivier\"><\/span><strong>Comment faire pour faire grossir le tronc d&rsquo;un olivier ?<\/strong><span class=\"ez-toc-section-end\"><\/span><\/h2>\n<p>Plantez votre arbre dans le sol<\/p>\n<p> Pour <b>faire grossir le tronc<\/b> le plus t\u00f4t possible, la meilleure chose \u00e0 <b>faire<\/b> est de plantez-le dans le sol dans une zone o\u00f9 il re\u00e7oit beaucoup de lumi\u00e8re directe du soleil et prenez-en soin comme une autre plante de jardin pendant au moins deux ou trois ans.<\/p>\n<h2><span class=\"ez-toc-section\" id=\"Comment_tailler_un_olivier_en_forme_de_nuage\"><\/span><strong>Comment tailler un olivier en forme de nuage ?<\/strong><span class=\"ez-toc-section-end\"><\/span><\/h2>\n<p>Commencez par couper les petites branches ou rameaux de votre <b>olivier<\/b> \u00e0 la base du tronc tout en remontant au fur et \u00e0 mesure. Puis coupez petit \u00e0 petit gr\u00e2ce \u00e0 de petits gestes r\u00e9guliers, taillez en tournant autour de chaque <b>nuage<\/b> en vous mettant bien \u00e0 la hauteur de la coupe pour viser correctement.<\/p>\n<h2><span class=\"ez-toc-section\" id=\"Comment_tailler_un_olivier_Buisson\"><\/span><strong>Comment tailler un olivier Buisson ?<\/strong><span class=\"ez-toc-section-end\"><\/span><\/h2>\n<p>Pendant la <b>taille<\/b>, prenez un s\u00e9cateur bien aiguis\u00e9 et positionnez-vous l\u00e9g\u00e8rement au-dessus de l&rsquo;<b>olivier<\/b>. Coupez les rameaux de l&rsquo;arbre \u00e0 la forme d&rsquo;un <b>buisson<\/b>. Pour les jeunes <b>oliviers<\/b>, pensez \u00e0 couper les branches porteuses des fruits tous les deux ans.<\/p>\n<h2><span class=\"ez-toc-section\" id=\"Comment_tailler_un_olivier_en_parasol\"><\/span><strong>Comment tailler un olivier en parasol ?<\/strong><span class=\"ez-toc-section-end\"><\/span><\/h2>\n<p>Supprimez donc les pousses trop verticales et rectilignes, en faveur de branches plus retombantes, arqu\u00e9es, afin de faciliter la fructification et la r\u00e9colte. Ensuite, l&rsquo;id\u00e9e est de supprimer les branches se d\u00e9veloppant \u00e0 l&rsquo;int\u00e9rieur de la ramure, dans le coeur de l&rsquo;arbre et favoriser les branches en p\u00e9riph\u00e9rie.<\/p>\n<h2><span class=\"ez-toc-section\" id=\"Quand_tailler_un_olivier_nuage\"><\/span><strong>Quand tailler un olivier nuage ?<\/strong><span class=\"ez-toc-section-end\"><\/span><\/h2>\n<p>L&rsquo;<b>olivier<\/b> est un arbre qu&rsquo;il faut id\u00e9alement <b>tailler<\/b> en <b>nuage<\/b> dans la p\u00e9riode allant de f\u00e9vrier \u00e0 mars une fois que la vague des grands froids est pass\u00e9e. Il est \u00e9galement possible de le <b>tailler<\/b> entre mai et juin avant que n&rsquo;apparaissent les premi\u00e8res fleurs.<\/p>\n<h2><span class=\"ez-toc-section\" id=\"Puis-je_tailler_mon_olivier_en_septembre\"><\/span><strong>Puis-je tailler mon olivier en septembre ?<\/strong><span class=\"ez-toc-section-end\"><\/span><\/h2>\n<p>Il peut \u00eatre taill\u00e9 toute l&rsquo;ann\u00e9e, mais les mois de mars, avril et mai sont les mois de la <b>taille<\/b>, entre les risques de gel et la floraison. L&rsquo;<b>olivier<\/b> est un arbre qui n\u00e9cessite une <b>taille<\/b> annuelle. &#8230; La <b>taille<\/b> de fructification est pour sa part limit\u00e9e \u00e0 l&rsquo;entretien et \u00e0 l&rsquo;harmonisation.<\/p>\n<h2><span class=\"ez-toc-section\" id=\"Quelle_terre_mettre_pour_un_Erable_du_Japon\"><\/span><strong>Quelle terre mettre pour un Erable du Japon ?<\/strong><span class=\"ez-toc-section-end\"><\/span><\/h2>\n<p>L&rsquo;<b>\u00c9rable du Japon<\/b> affectionne un sol frais, l\u00e9g\u00e8rement acide, bien drain\u00e9 et humif\u00e8re, riche en mati\u00e8res organiques <b>pour<\/b> \u00e9voluer dans des conditions optimales. Nous conseillons d&rsquo;ailleurs de pailler son pied chaque automne soit avec des feuilles mortes, soit avec de l&rsquo;\u00e9corce de pin tr\u00e8s fines.<\/p>\n<h2><span class=\"ez-toc-section\" id=\"Quel_engrais_pour_un_erable_du_Japon\"><\/span><strong>Quel engrais pour un \u00e9rable du Japon ?<\/strong><span class=\"ez-toc-section-end\"><\/span><\/h2>\n<p><b>Quel engrais<\/b> utiliser <b>pour<\/b> fertiliser un <b>\u00e9rable du Japon<\/b> ? L&rsquo;<b>\u00e9rable du Japon<\/b> n&rsquo;<b>a<\/b> pas de grand besoin. Au contraire m\u00eame, un sol trop riche nuit \u00e0 son bon d\u00e9veloppement. Un <b>engrais<\/b> organique \u00e0 lib\u00e9ration lente (corne broy\u00e9e, sang dess\u00e9ch\u00e9) suffit donc la plupart du temps.<\/p>\n<h2><span class=\"ez-toc-section\" id=\"Quel_engrais_pour_les_erables_du_Japon\"><\/span><strong>Quel engrais pour les \u00e9rables du Japon ?<\/strong><span class=\"ez-toc-section-end\"><\/span><\/h2>\n<p>Utilisez \u00e0 votre choix : un <b>engrais pour<\/b> plantes de terre de bruy\u00e8re ; un <b>engrais<\/b> \u00e0 base de poudre d&rsquo;os ; ou un peu de compost.<\/p>\n<h2><span class=\"ez-toc-section\" id=\"Quel_Acer_en_plein_soleil\"><\/span><strong>Quel Acer en plein soleil ?<\/strong><span class=\"ez-toc-section-end\"><\/span><\/h2>\n<p>Il est facile \u00e0 accommoder dans des situations o\u00f9 la plupart des <b>Acer<\/b> palmatum ne peuvent aller car il supporte le <b>plein soleil<\/b> et les terrains secs (supporter ne veut pas dire affectionner). En automne, il se pare de jaune, d&rsquo;orange et des fois de rouge.<\/p>\n<h2><span class=\"ez-toc-section\" id=\"Quel_arbuste_pour_le_plein_soleil\"><\/span><strong>Quel arbuste pour le plein soleil ?<\/strong><span class=\"ez-toc-section-end\"><\/span><\/h2>\n<ul>\n<li>   Ab\u00e9lia.  <\/li>\n<li>   Arbre aux papillons.  <\/li>\n<li>   C\u00e9anothe.  <\/li>\n<li>   Cornouiller.  <\/li>\n<li>   Escallonia.  <\/li>\n<li>   Forsythia.  <\/li>\n<li>   Hibiscus.  <\/li>\n<li>   Lilas.  <\/li>\n<\/ul>\n<h2><span class=\"ez-toc-section\" id=\"Pourquoi_les_feuilles_de_mon_Erable_sechent\"><\/span><strong>Pourquoi les feuilles de mon Erable s\u00e8chent ?<\/strong><span class=\"ez-toc-section-end\"><\/span><\/h2>\n<p>L&rsquo;Acer craint ainsi une lumi\u00e8re trop forte et une chaleur \u00e9touffante qui grille son feuillage. &#8230; L&rsquo;\u00e9t\u00e9, elles accentuent le dess\u00e8chement des <b>feuilles<\/b> alors que l&rsquo;hiver, ce m\u00eame vent pique au vif !<\/p>\n<h2><span class=\"ez-toc-section\" id=\"Pourquoi_les_feuilles_de_mon_erable_du_Japon_sechent\"><\/span><strong>Pourquoi les feuilles de mon \u00e9rable du Japon s\u00e8chent ?<\/strong><span class=\"ez-toc-section-end\"><\/span><\/h2>\n<p>L&rsquo;<b>\u00e9rable du Japon<\/b> est probablement l&rsquo;un des arbustes les plus d\u00e9licats \u00e0 cultiver, m\u00eame s&rsquo;il ne r\u00e9clame pas beaucoup d&rsquo;entretien. Plac\u00e9 dans des conditions inadapt\u00e9es, ses <b>feuilles<\/b> commencent \u00e0 s\u00e9cher depuis leurs extr\u00e9mit\u00e9s avant de s&rsquo;enrouler progressivement. &#8230; Votre <b>\u00e9rable<\/b> a notamment souvent trop chaud !<\/p>\n<h2><span class=\"ez-toc-section\" id=\"Comment_proteger_erable_japonais_du_froid\"><\/span><strong>Comment prot\u00e9ger \u00e9rable japonais du froid ?<\/strong><span class=\"ez-toc-section-end\"><\/span><\/h2>\n<p>En <b>hiver<\/b>, paillez son pied pour lui \u00e9viter le gel m\u00eame s&rsquo;il ne le craint pas, on est jamais trop prudent. Le paillage pourra \u00e9galement servir de protection contre les vents froids qu&rsquo;il redoute beaucoup.<\/p>\n<h2><strong><\/strong><\/h2>\n<hr \/>\n<p><em>Editeurs: 36 &#8211; R\u00e9f\u00e9rences: 22 articles<\/em><\/p>\n<p><em>N\u2019oubliez pas de partager l\u2019article !<\/em><\/p>\n","protected":false},"excerpt":{"rendered":"<p>\u00c0 faire tous les deux ans (les fruits viennent sur les bois de l&rsquo;ann\u00e9e pr\u00e9c\u00e9dente) apr\u00e8s les grands froids (selon les r\u00e9gions) et avant l&rsquo;apparition des premi\u00e8res fleurs (mai). Cette taille \u00ab en gobelet \u00bb vise \u00e0 donner \u00e0 l&rsquo;arbre une structure avec 4-5 branches. Ainsi, Quelle hauteur fait un \u00e9rable du Japon ? De [&hellip;]<\/p>\n","protected":false},"author":6,"featured_media":0,"comment_status":"open","ping_status":"open","sticky":false,"template":"","format":"standard","meta":{"tdm_status":"","tdm_grid_status":"","_jetpack_memberships_contains_paid_content":false,"footnotes":"","jetpack_publicize_message":"","jetpack_publicize_feature_enabled":true,"jetpack_social_post_already_shared":false,"jetpack_social_options":{"image_generator_settings":{"template":"highway","default_image_id":0,"font":"","enabled":false},"version":2}},"categories":[3457],"tags":[],"class_list":["post-57101","post","type-post","status-publish","format-standard","hentry","category-maison"],"yoast_head":"<!-- This site is optimized with the Yoast SEO Premium plugin v25.0 (Yoast SEO v25.0) - https:\/\/yoast.com\/wordpress\/plugins\/seo\/ -->\n<title>Quand et comment tailler un olivier ?<\/title>\n<meta name=\"description\" content=\"\u00c0 faire tous les deux ans (les fruits viennent sur les bois de l&#039;ann\u00e9e pr\u00e9c\u00e9dente) apr\u00e8s les grands froids (selon les r\u00e9gions) et avant l&#039;apparition des\" \/>\n<meta name=\"robots\" content=\"index, follow, max-snippet:-1, max-image-preview:large, max-video-preview:-1\" \/>\n<link rel=\"canonical\" href=\"https:\/\/flashmode.tn\/magazine\/quand-et-comment-tailler-un-olivier\/\" \/>\n<meta property=\"og:locale\" content=\"fr_FR\" \/>\n<meta property=\"og:type\" content=\"article\" \/>\n<meta property=\"og:title\" content=\"Quand et comment tailler un olivier ? - Flashmode Magazine | Magazine de mode et style de vie Num\u00e9ro un en Tunisie et au Maghreb\" \/>\n<meta property=\"og:description\" content=\"\u00c0 faire tous les deux ans (les fruits viennent sur les bois de l&#039;ann\u00e9e pr\u00e9c\u00e9dente) apr\u00e8s les grands froids (selon les r\u00e9gions) et avant l&#039;apparition des\" \/>\n<meta property=\"og:url\" content=\"https:\/\/flashmode.tn\/magazine\/quand-et-comment-tailler-un-olivier\/\" \/>\n<meta property=\"og:site_name\" content=\"Flashmode Magazine | Magazine de mode et style de vie Num\u00e9ro un en Tunisie et au Maghreb\" \/>\n<meta property=\"article:publisher\" content=\"https:\/\/www.facebook.com\/flashmode.magazine\/\" \/>\n<meta property=\"article:published_time\" content=\"2021-10-14T02:49:09+00:00\" \/>\n<meta name=\"author\" content=\"EventsEditors\" \/>\n<meta name=\"twitter:card\" content=\"summary_large_image\" \/>\n<meta name=\"twitter:creator\" content=\"@agenceflashmode\" \/>\n<meta name=\"twitter:site\" content=\"@agenceflashmode\" \/>\n<meta name=\"twitter:label1\" content=\"\u00c9crit par\" \/>\n\t<meta name=\"twitter:data1\" content=\"EventsEditors\" \/>\n\t<meta name=\"twitter:label2\" content=\"Dur\u00e9e de lecture estim\u00e9e\" \/>\n\t<meta name=\"twitter:data2\" content=\"6 minutes\" \/>\n<script type=\"application\/ld+json\" class=\"yoast-schema-graph\">{\"@context\":\"https:\/\/schema.org\",\"@graph\":[{\"@type\":\"WebPage\",\"@id\":\"https:\/\/flashmode.tn\/magazine\/quand-et-comment-tailler-un-olivier\/\",\"url\":\"https:\/\/flashmode.tn\/magazine\/quand-et-comment-tailler-un-olivier\/\",\"name\":\"Quand et comment tailler un olivier ?\",\"isPartOf\":{\"@id\":\"https:\/\/flashmode.tn\/magazine\/#website\"},\"datePublished\":\"2021-10-14T02:49:09+00:00\",\"author\":{\"@id\":\"https:\/\/flashmode.tn\/magazine\/#\/schema\/person\/257d6780605b915a5e352977f0f6f41c\"},\"description\":\"\u00c0 faire tous les deux ans (les fruits viennent sur les bois de l'ann\u00e9e pr\u00e9c\u00e9dente) apr\u00e8s les grands froids (selon les r\u00e9gions) et avant l'apparition des\",\"breadcrumb\":{\"@id\":\"https:\/\/flashmode.tn\/magazine\/quand-et-comment-tailler-un-olivier\/#breadcrumb\"},\"inLanguage\":\"fr-FR\",\"potentialAction\":[{\"@type\":\"ReadAction\",\"target\":[\"https:\/\/flashmode.tn\/magazine\/quand-et-comment-tailler-un-olivier\/\"]}]},{\"@type\":\"BreadcrumbList\",\"@id\":\"https:\/\/flashmode.tn\/magazine\/quand-et-comment-tailler-un-olivier\/#breadcrumb\",\"itemListElement\":[{\"@type\":\"ListItem\",\"position\":1,\"name\":\"Accueil\",\"item\":\"https:\/\/flashmode.tn\/magazine\/\"},{\"@type\":\"ListItem\",\"position\":2,\"name\":\"Quand et comment tailler un olivier ?\"}]},{\"@type\":\"WebSite\",\"@id\":\"https:\/\/flashmode.tn\/magazine\/#website\",\"url\":\"https:\/\/flashmode.tn\/magazine\/\",\"name\":\"Flashmode Magazine | Magazine de mode et style de vie Num\u00e9ro un en Tunisie et au Maghreb\",\"description\":\"Magazine de mode et style de vie Num\u00e9ro un en Tunisie et au Maghreb, cr\u00e9\u00e9 pour les hommes et les femmes : conseils beaut\u00e9, mode femme, mode homme, recettes de cuisine, c\u00e9l\u00e9brit\u00e9s et people, mannequins et top modeles\",\"potentialAction\":[{\"@type\":\"SearchAction\",\"target\":{\"@type\":\"EntryPoint\",\"urlTemplate\":\"https:\/\/flashmode.tn\/magazine\/?s={search_term_string}\"},\"query-input\":{\"@type\":\"PropertyValueSpecification\",\"valueRequired\":true,\"valueName\":\"search_term_string\"}}],\"inLanguage\":\"fr-FR\"},{\"@type\":\"Person\",\"@id\":\"https:\/\/flashmode.tn\/magazine\/#\/schema\/person\/257d6780605b915a5e352977f0f6f41c\",\"name\":\"EventsEditors\",\"image\":{\"@type\":\"ImageObject\",\"inLanguage\":\"fr-FR\",\"@id\":\"https:\/\/flashmode.tn\/magazine\/#\/schema\/person\/image\/\",\"url\":\"https:\/\/secure.gravatar.com\/avatar\/e2daedf958f66be37c9a79abe56184d85cd1baa6bba0dd8017e3f7d01555232f?s=96&d=mm&r=g\",\"contentUrl\":\"https:\/\/secure.gravatar.com\/avatar\/e2daedf958f66be37c9a79abe56184d85cd1baa6bba0dd8017e3f7d01555232f?s=96&d=mm&r=g\",\"caption\":\"EventsEditors\"},\"url\":\"https:\/\/flashmode.tn\/magazine\/author\/eventseditors\/\"}]}<\/script>\n<!-- \/ Yoast SEO Premium plugin. -->","yoast_head_json":{"title":"Quand et comment tailler un olivier ?","description":"\u00c0 faire tous les deux ans (les fruits viennent sur les bois de l'ann\u00e9e pr\u00e9c\u00e9dente) apr\u00e8s les grands froids (selon les r\u00e9gions) et avant l'apparition des","robots":{"index":"index","follow":"follow","max-snippet":"max-snippet:-1","max-image-preview":"max-image-preview:large","max-video-preview":"max-video-preview:-1"},"canonical":"https:\/\/flashmode.tn\/magazine\/quand-et-comment-tailler-un-olivier\/","og_locale":"fr_FR","og_type":"article","og_title":"Quand et comment tailler un olivier ? - Flashmode Magazine | Magazine de mode et style de vie Num\u00e9ro un en Tunisie et au Maghreb","og_description":"\u00c0 faire tous les deux ans (les fruits viennent sur les bois de l'ann\u00e9e pr\u00e9c\u00e9dente) apr\u00e8s les grands froids (selon les r\u00e9gions) et avant l'apparition des","og_url":"https:\/\/flashmode.tn\/magazine\/quand-et-comment-tailler-un-olivier\/","og_site_name":"Flashmode Magazine | Magazine de mode et style de vie Num\u00e9ro un en Tunisie et au Maghreb","article_publisher":"https:\/\/www.facebook.com\/flashmode.magazine\/","article_published_time":"2021-10-14T02:49:09+00:00","author":"EventsEditors","twitter_card":"summary_large_image","twitter_creator":"@agenceflashmode","twitter_site":"@agenceflashmode","twitter_misc":{"\u00c9crit par":"EventsEditors","Dur\u00e9e de lecture estim\u00e9e":"6 minutes"},"schema":{"@context":"https:\/\/schema.org","@graph":[{"@type":"WebPage","@id":"https:\/\/flashmode.tn\/magazine\/quand-et-comment-tailler-un-olivier\/","url":"https:\/\/flashmode.tn\/magazine\/quand-et-comment-tailler-un-olivier\/","name":"Quand et comment tailler un olivier ?","isPartOf":{"@id":"https:\/\/flashmode.tn\/magazine\/#website"},"datePublished":"2021-10-14T02:49:09+00:00","author":{"@id":"https:\/\/flashmode.tn\/magazine\/#\/schema\/person\/257d6780605b915a5e352977f0f6f41c"},"description":"\u00c0 faire tous les deux ans (les fruits viennent sur les bois de l'ann\u00e9e pr\u00e9c\u00e9dente) apr\u00e8s les grands froids (selon les r\u00e9gions) et avant l'apparition des","breadcrumb":{"@id":"https:\/\/flashmode.tn\/magazine\/quand-et-comment-tailler-un-olivier\/#breadcrumb"},"inLanguage":"fr-FR","potentialAction":[{"@type":"ReadAction","target":["https:\/\/flashmode.tn\/magazine\/quand-et-comment-tailler-un-olivier\/"]}]},{"@type":"BreadcrumbList","@id":"https:\/\/flashmode.tn\/magazine\/quand-et-comment-tailler-un-olivier\/#breadcrumb","itemListElement":[{"@type":"ListItem","position":1,"name":"Accueil","item":"https:\/\/flashmode.tn\/magazine\/"},{"@type":"ListItem","position":2,"name":"Quand et comment tailler un olivier ?"}]},{"@type":"WebSite","@id":"https:\/\/flashmode.tn\/magazine\/#website","url":"https:\/\/flashmode.tn\/magazine\/","name":"Flashmode Magazine | Magazine de mode et style de vie Num\u00e9ro un en Tunisie et au Maghreb","description":"Magazine de mode et style de vie Num\u00e9ro un en Tunisie et au Maghreb, cr\u00e9\u00e9 pour les hommes et les femmes : conseils beaut\u00e9, mode femme, mode homme, recettes de cuisine, c\u00e9l\u00e9brit\u00e9s et people, mannequins et top modeles","potentialAction":[{"@type":"SearchAction","target":{"@type":"EntryPoint","urlTemplate":"https:\/\/flashmode.tn\/magazine\/?s={search_term_string}"},"query-input":{"@type":"PropertyValueSpecification","valueRequired":true,"valueName":"search_term_string"}}],"inLanguage":"fr-FR"},{"@type":"Person","@id":"https:\/\/flashmode.tn\/magazine\/#\/schema\/person\/257d6780605b915a5e352977f0f6f41c","name":"EventsEditors","image":{"@type":"ImageObject","inLanguage":"fr-FR","@id":"https:\/\/flashmode.tn\/magazine\/#\/schema\/person\/image\/","url":"https:\/\/secure.gravatar.com\/avatar\/e2daedf958f66be37c9a79abe56184d85cd1baa6bba0dd8017e3f7d01555232f?s=96&d=mm&r=g","contentUrl":"https:\/\/secure.gravatar.com\/avatar\/e2daedf958f66be37c9a79abe56184d85cd1baa6bba0dd8017e3f7d01555232f?s=96&d=mm&r=g","caption":"EventsEditors"},"url":"https:\/\/flashmode.tn\/magazine\/author\/eventseditors\/"}]}},"jetpack_publicize_connections":[],"jetpack_featured_media_url":"","jetpack_shortlink":"https:\/\/wp.me\/p8BPGr-eQZ","jetpack_sharing_enabled":true,"_links":{"self":[{"href":"https:\/\/flashmode.tn\/magazine\/wp-json\/wp\/v2\/posts\/57101","targetHints":{"allow":["GET"]}}],"collection":[{"href":"https:\/\/flashmode.tn\/magazine\/wp-json\/wp\/v2\/posts"}],"about":[{"href":"https:\/\/flashmode.tn\/magazine\/wp-json\/wp\/v2\/types\/post"}],"author":[{"embeddable":true,"href":"https:\/\/flashmode.tn\/magazine\/wp-json\/wp\/v2\/users\/6"}],"replies":[{"embeddable":true,"href":"https:\/\/flashmode.tn\/magazine\/wp-json\/wp\/v2\/comments?post=57101"}],"version-history":[{"count":0,"href":"https:\/\/flashmode.tn\/magazine\/wp-json\/wp\/v2\/posts\/57101\/revisions"}],"wp:attachment":[{"href":"https:\/\/flashmode.tn\/magazine\/wp-json\/wp\/v2\/media?parent=57101"}],"wp:term":[{"taxonomy":"category","embeddable":true,"href":"https:\/\/flashmode.tn\/magazine\/wp-json\/wp\/v2\/categories?post=57101"},{"taxonomy":"post_tag","embeddable":true,"href":"https:\/\/flashmode.tn\/magazine\/wp-json\/wp\/v2\/tags?post=57101"}],"curies":[{"name":"wp","href":"https:\/\/api.w.org\/{rel}","templated":true}]}}