{"id":57591,"date":"2021-10-26T08:08:20","date_gmt":"2021-10-26T06:08:20","guid":{"rendered":"https:\/\/flashmode.tn\/magazine\/?p=57591"},"modified":"2021-10-26T08:08:20","modified_gmt":"2021-10-26T06:08:20","slug":"est-ce-quon-peut-transporter-un-frigo-couche","status":"publish","type":"post","link":"https:\/\/flashmode.tn\/magazine\/est-ce-quon-peut-transporter-un-frigo-couche\/","title":{"rendered":"Est-ce qu&rsquo;on peut transporter un frigo couch\u00e9 ?"},"content":{"rendered":"<p>Cependant, il <b>peut<\/b> arriver que pour des raisons de logistiques, il <b>est<\/b> parfois difficile de <b>transporter<\/b> son <b>frigo<\/b> en position verticale. Si vous n&rsquo;avez pas le choix, couchez votre appareil. Mais il faut \u00e9viter un maximum les secousses et les vibrations lors du <b>transport<\/b>.<\/p>\n<p>Ainsi, Quel utilitaire pour transporter un frigo ?<\/p>\n<p>Il faut le <b>transporter<\/b> debout avec un <b>utilitaire<\/b> suffisamment spacieux (Jumper, Boxer, Ducato\u2026).<\/p>\n<p>ensuite Pourquoi ne pas transporter un frigo couch\u00e9 ?<\/p>\n<p><b>Pourquoi ne<\/b> faut-il <b>pas coucher<\/b> votre <b>frigo<\/b> ? Tout simplement parce que l&rsquo;huile du compresseur pourrait remonter dans les tubes, ce qui pourrait endommager partiellement ou totalement votre <b>frigo<\/b>. &#8230; Sauf si votre r\u00e9frig\u00e9rateur a \u00e9t\u00e9 en position allong\u00e9e pendant plus de 24 heures.<\/p>\n<p>Quand remettre un frigo en route apr\u00e8s d\u00e9m\u00e9nagement ?<\/p>\n<p>On estime en g\u00e9n\u00e9ral qu&rsquo;il est n\u00e9cessaire d&rsquo;attendre entre 12 et 24 h avant de rebrancher un <b>frigo<\/b> qui aurait \u00e9t\u00e9 plac\u00e9 en position couch\u00e9e. Si l&rsquo;on se demande souvent comment <b>d\u00e9m\u00e9nager<\/b>, il peut \u00eatre bon de se poser certaines questions sur l&#8217;emm\u00e9nagement lui-m\u00eame.<\/p>\n<div id=\"ez-toc-container\" class=\"ez-toc-v2_0_81 counter-hierarchy ez-toc-counter ez-toc-grey ez-toc-container-direction\">\n<div class=\"ez-toc-title-container\">\n<p class=\"ez-toc-title\" style=\"cursor:inherit\">Contenus de la page<\/p>\n<span class=\"ez-toc-title-toggle\"><a href=\"#\" class=\"ez-toc-pull-right ez-toc-btn ez-toc-btn-xs ez-toc-btn-default ez-toc-toggle\" aria-label=\"Toggle Table of Content\"><span class=\"ez-toc-js-icon-con\"><span class=\"\"><span class=\"eztoc-hide\" style=\"display:none;\">Toggle<\/span><span class=\"ez-toc-icon-toggle-span\"><svg style=\"fill: #999;color:#999\" xmlns=\"http:\/\/www.w3.org\/2000\/svg\" class=\"list-377408\" width=\"20px\" height=\"20px\" viewBox=\"0 0 24 24\" fill=\"none\"><path d=\"M6 6H4v2h2V6zm14 0H8v2h12V6zM4 11h2v2H4v-2zm16 0H8v2h12v-2zM4 16h2v2H4v-2zm16 0H8v2h12v-2z\" fill=\"currentColor\"><\/path><\/svg><svg style=\"fill: #999;color:#999\" class=\"arrow-unsorted-368013\" xmlns=\"http:\/\/www.w3.org\/2000\/svg\" width=\"10px\" height=\"10px\" viewBox=\"0 0 24 24\" version=\"1.2\" baseProfile=\"tiny\"><path d=\"M18.2 9.3l-6.2-6.3-6.2 6.3c-.2.2-.3.4-.3.7s.1.5.3.7c.2.2.4.3.7.3h11c.3 0 .5-.1.7-.3.2-.2.3-.5.3-.7s-.1-.5-.3-.7zM5.8 14.7l6.2 6.3 6.2-6.3c.2-.2.3-.5.3-.7s-.1-.5-.3-.7c-.2-.2-.4-.3-.7-.3h-11c-.3 0-.5.1-.7.3-.2.2-.3.5-.3.7s.1.5.3.7z\"\/><\/svg><\/span><\/span><\/span><\/a><\/span><\/div>\n<nav><ul class='ez-toc-list ez-toc-list-level-1 ' ><li class='ez-toc-page-1 ez-toc-heading-level-2'><a class=\"ez-toc-link ez-toc-heading-1\" href=\"https:\/\/flashmode.tn\/magazine\/est-ce-quon-peut-transporter-un-frigo-couche\/#Pourquoi_attendre_frigo_couche\" >Pourquoi attendre frigo couch\u00e9 ?<\/a><\/li><li class='ez-toc-page-1 ez-toc-heading-level-2'><a class=\"ez-toc-link ez-toc-heading-2\" href=\"https:\/\/flashmode.tn\/magazine\/est-ce-quon-peut-transporter-un-frigo-couche\/#Quelle_camionnette_pour_transporter_un_matelas\" >Quelle camionnette pour transporter un matelas ?<\/a><\/li><li class='ez-toc-page-1 ez-toc-heading-level-2'><a class=\"ez-toc-link ez-toc-heading-3\" href=\"https:\/\/flashmode.tn\/magazine\/est-ce-quon-peut-transporter-un-frigo-couche\/#Comment_transporter_un_frigo_dans_une_voiture\" >Comment transporter un frigo dans une voiture ?<\/a><\/li><li class='ez-toc-page-1 ez-toc-heading-level-2'><a class=\"ez-toc-link ez-toc-heading-4\" href=\"https:\/\/flashmode.tn\/magazine\/est-ce-quon-peut-transporter-un-frigo-couche\/#Comment_choisir_la_taille_dun_utilitaire\" >Comment choisir la taille d&rsquo;un utilitaire ?<\/a><\/li><li class='ez-toc-page-1 ez-toc-heading-level-2'><a class=\"ez-toc-link ez-toc-heading-5\" href=\"https:\/\/flashmode.tn\/magazine\/est-ce-quon-peut-transporter-un-frigo-couche\/#Comment_transporter_un_congelateur_en_voiture\" >Comment transporter un cong\u00e9lateur en voiture ?<\/a><\/li><li class='ez-toc-page-1 ez-toc-heading-level-2'><a class=\"ez-toc-link ez-toc-heading-6\" href=\"https:\/\/flashmode.tn\/magazine\/est-ce-quon-peut-transporter-un-frigo-couche\/#Comment_transporter_un_frigo_sur_un_diable\" >Comment transporter un frigo sur un diable ?<\/a><\/li><li class='ez-toc-page-1 ez-toc-heading-level-2'><a class=\"ez-toc-link ez-toc-heading-7\" href=\"https:\/\/flashmode.tn\/magazine\/est-ce-quon-peut-transporter-un-frigo-couche\/#Comment_descendre_un_frigo_dans_un_escalier\" >Comment descendre un frigo dans un escalier ?<\/a><\/li><li class='ez-toc-page-1 ez-toc-heading-level-2'><a class=\"ez-toc-link ez-toc-heading-8\" href=\"https:\/\/flashmode.tn\/magazine\/est-ce-quon-peut-transporter-un-frigo-couche\/#Comment_utiliser_un_frigo_neuf\" >Comment utiliser un frigo neuf ?<\/a><\/li><li class='ez-toc-page-1 ez-toc-heading-level-2'><a class=\"ez-toc-link ez-toc-heading-9\" href=\"https:\/\/flashmode.tn\/magazine\/est-ce-quon-peut-transporter-un-frigo-couche\/#Quand_brancher_un_congelateur_neuf_apres_transport\" >Quand brancher un cong\u00e9lateur neuf apr\u00e8s transport ?<\/a><\/li><li class='ez-toc-page-1 ez-toc-heading-level-2'><a class=\"ez-toc-link ez-toc-heading-10\" href=\"https:\/\/flashmode.tn\/magazine\/est-ce-quon-peut-transporter-un-frigo-couche\/#Pourquoi_attendre_24_heures_pour_brancher_un_frigo\" >Pourquoi attendre 24 heures pour brancher un frigo ?<\/a><\/li><li class='ez-toc-page-1 ez-toc-heading-level-2'><a class=\"ez-toc-link ez-toc-heading-11\" href=\"https:\/\/flashmode.tn\/magazine\/est-ce-quon-peut-transporter-un-frigo-couche\/#Comment_porter_un_frigo\" >Comment porter un frigo ?<\/a><\/li><li class='ez-toc-page-1 ez-toc-heading-level-2'><a class=\"ez-toc-link ez-toc-heading-12\" href=\"https:\/\/flashmode.tn\/magazine\/est-ce-quon-peut-transporter-un-frigo-couche\/#Comment_choisir_son_utilitaire_pour_demenager\" >Comment choisir son utilitaire pour d\u00e9m\u00e9nager ?<\/a><\/li><li class='ez-toc-page-1 ez-toc-heading-level-2'><a class=\"ez-toc-link ez-toc-heading-13\" href=\"https:\/\/flashmode.tn\/magazine\/est-ce-quon-peut-transporter-un-frigo-couche\/#Quel_volume_de_camion_pour_demenager\" >Quel volume de camion pour d\u00e9m\u00e9nager ?<\/a><\/li><li class='ez-toc-page-1 ez-toc-heading-level-2'><a class=\"ez-toc-link ez-toc-heading-14\" href=\"https:\/\/flashmode.tn\/magazine\/est-ce-quon-peut-transporter-un-frigo-couche\/#Comment_transporter_un_lit_2_places\" >Comment transporter un lit 2 places ?<\/a><\/li><li class='ez-toc-page-1 ez-toc-heading-level-2'><a class=\"ez-toc-link ez-toc-heading-15\" href=\"https:\/\/flashmode.tn\/magazine\/est-ce-quon-peut-transporter-un-frigo-couche\/#Quand_rebrancher_un_frigo_qui_a_ete_couche\" >Quand rebrancher un frigo qui a \u00e9t\u00e9 couch\u00e9 ?<\/a><\/li><li class='ez-toc-page-1 ez-toc-heading-level-2'><a class=\"ez-toc-link ez-toc-heading-16\" href=\"https:\/\/flashmode.tn\/magazine\/est-ce-quon-peut-transporter-un-frigo-couche\/#Comment_porter_un_frigo_dans_un_escalier\" >Comment porter un frigo dans un escalier ?<\/a><\/li><li class='ez-toc-page-1 ez-toc-heading-level-2'><a class=\"ez-toc-link ez-toc-heading-17\" href=\"https:\/\/flashmode.tn\/magazine\/est-ce-quon-peut-transporter-un-frigo-couche\/#Comment_deplacer_un_frigo\" >Comment d\u00e9placer un frigo ?<\/a><\/li><li class='ez-toc-page-1 ez-toc-heading-level-2'><a class=\"ez-toc-link ez-toc-heading-18\" href=\"https:\/\/flashmode.tn\/magazine\/est-ce-quon-peut-transporter-un-frigo-couche\/#Quel_volume_pour_un_utilitaire\" >Quel volume pour un utilitaire ?<\/a><\/li><li class='ez-toc-page-1 ez-toc-heading-level-2'><a class=\"ez-toc-link ez-toc-heading-19\" href=\"https:\/\/flashmode.tn\/magazine\/est-ce-quon-peut-transporter-un-frigo-couche\/#Quelle_taille_de_camion_pour_un_matelas\" >Quelle taille de camion pour un matelas ?<\/a><\/li><\/ul><\/nav><\/div>\n<h2><span class=\"ez-toc-section\" id=\"Pourquoi_attendre_frigo_couche\"><\/span>Pourquoi attendre frigo couch\u00e9 ?<span class=\"ez-toc-section-end\"><\/span><\/h2>\n<p>Ce liquide sert en effet \u00e0 lubrifier le compresseur, comme pour une voiture. Or, lorsque l&rsquo;appareil est plac\u00e9 \u00e0 l&rsquo;horizontale, l&rsquo;huile sort de son compartiment et se r\u00e9pand dans les circuits. Elle risque alors d&#8217;emp\u00eacher l&rsquo;air froid de circuler en bouchant le syst\u00e8me.<\/p>\n<h2><span class=\"ez-toc-section\" id=\"Quelle_camionnette_pour_transporter_un_matelas\"><\/span><strong>Quelle camionnette pour transporter un matelas ?<\/strong><span class=\"ez-toc-section-end\"><\/span><\/h2>\n<p>En revanche, si vous devez <b>transporter<\/b> un lit deux places ou un canap\u00e9, privil\u00e9giez plut\u00f4t l&rsquo;utilisation d&rsquo;un camion <b>de<\/b> 8-10m3 !<\/p>\n<h2><span class=\"ez-toc-section\" id=\"Comment_transporter_un_frigo_dans_une_voiture\"><\/span><strong>Comment transporter un frigo dans une voiture ?<\/strong><span class=\"ez-toc-section-end\"><\/span><\/h2>\n<p>Avant toute chose ne JAMAIS mettre le r\u00e9frig\u00e9rateur \u00e0 l&rsquo;horizontal, cela risquerait de l&rsquo;ab\u00eemer de mani\u00e8re irr\u00e9m\u00e9diable. Pour le <b>transporter<\/b>, mettez-le en position verticale ou le plus verticalement possible. Vous devrez faire en sorte que le moteur reste vers le bas lorsque vous le transportez.<\/p>\n<h2><span class=\"ez-toc-section\" id=\"Comment_choisir_la_taille_dun_utilitaire\"><\/span><strong>Comment choisir la taille d&rsquo;un utilitaire ?<\/strong><span class=\"ez-toc-section-end\"><\/span><\/h2>\n<p>Globalement, si vous avez un studio de moins de 15m\u00b2, un v\u00e9hicule <b>utilitaire<\/b> de 9 m3 maximum devrait suffire. Pour un appartement un peu plus grand de 20 \u00e0 40 m\u00b2, vous pourrez avoir besoin d&rsquo;un <b>utilitaire<\/b> de 14 m3.<\/p>\n<h2><span class=\"ez-toc-section\" id=\"Comment_transporter_un_congelateur_en_voiture\"><\/span><strong>Comment transporter un cong\u00e9lateur en voiture ?<\/strong><span class=\"ez-toc-section-end\"><\/span><\/h2>\n<p>N&rsquo;oubliez pas de <b>transporter<\/b> \u00e0 la verticale votre r\u00e9frig\u00e9rateur ou <b>cong\u00e9lateur<\/b>, voire l\u00e9g\u00e8rement inclin\u00e9. \u00c9vitez au maximum le <b>transport<\/b> horizontal. Attacher l&rsquo;appareil avec des sangles pour l&#8217;emp\u00eacher de basculer. Fixez la porte avec un ruban adh\u00e9sif pour \u00e9viter qu&rsquo;elle ne s&rsquo;ouvre pendant le <b>transport<\/b>.<\/p>\n<h2><span class=\"ez-toc-section\" id=\"Comment_transporter_un_frigo_sur_un_diable\"><\/span><strong>Comment transporter un frigo sur un diable ?<\/strong><span class=\"ez-toc-section-end\"><\/span><\/h2>\n<p><b>  Le  <b>   transport  <\/b>  : s\u00e9curiser et d\u00e9m\u00e9nager l&rsquo;appareil <\/b> <\/p>\n<ol>\n<li>   Faire basculer le   <b>    frigo   <\/b>   l\u00e9g\u00e8rement vers l&rsquo;arri\u00e8re et glisser le   <b>    diable   <\/b>   dessous.  <\/li>\n<li>   Attacher le   <b>    frigo   <\/b>   au   <b>    diable   <\/b>   afin d&rsquo;\u00e9viter qu&rsquo;il ne tombe.  <\/li>\n<li>   Redresser le   <b>    diable   <\/b>   et d\u00e9placer le   <b>    frigo   <\/b>   .  <\/li>\n<li>   Rouler jusqu&rsquo;au camion afin de le charger.  <\/li>\n<\/ol>\n<h2><span class=\"ez-toc-section\" id=\"Comment_descendre_un_frigo_dans_un_escalier\"><\/span><strong>Comment descendre un frigo dans un escalier ?<\/strong><span class=\"ez-toc-section-end\"><\/span><\/h2>\n<p>Si vous habitez dans immeuble sans ascenseur, et que vous devez obligatoirement <b>descendre<\/b> des <b>escaliers<\/b>, transportez le <b>frigo<\/b> \u00e0 deux. La premi\u00e8re personne qui <b>descend<\/b> attrape l&rsquo;objet par les pieds, l&rsquo;autre maintient la partie haute du <b>frigo<\/b> pour qu&rsquo;il soit au maximum en position verticale.<\/p>\n<h2><span class=\"ez-toc-section\" id=\"Comment_utiliser_un_frigo_neuf\"><\/span><strong>Comment utiliser un frigo neuf ?<\/strong><span class=\"ez-toc-section-end\"><\/span><\/h2>\n<p><b>  Le bon environnement <\/b> <\/p>\n<ol>\n<li>   Placez votre   <b>    frigo   <\/b>   dans une pi\u00e8ce s\u00e8che, a\u00e9r\u00e9e et pr\u00e8s d&rsquo;une arriv\u00e9e d&rsquo;eau (pour un   <b>    frigo   <\/b>   am\u00e9ricain).  <\/li>\n<li>   Gardez minimum 10 cm \u00e0 droite, \u00e0 gauche et \u00e0 l&rsquo;arri\u00e8re de votre appareil. &#8230;  <\/li>\n<li>   Positionnez votre   <b>    frigo   <\/b>   sur un sol dur et plan pour \u00e9viter qu&rsquo;il vibre et fasse du bruit.  <\/li>\n<\/ol>\n<h2><span class=\"ez-toc-section\" id=\"Quand_brancher_un_congelateur_neuf_apres_transport\"><\/span><strong>Quand brancher un cong\u00e9lateur neuf apr\u00e8s transport ?<\/strong><span class=\"ez-toc-section-end\"><\/span><\/h2>\n<p>G\u00e9n\u00e9ralement, il faut attendre 24 heures avant qu&rsquo;il soit totalement op\u00e9rationnel. Durant cette p\u00e9riode, il est particuli\u00e8rement important de faire en sorte d&rsquo;ouvrir les portes le moins souvent possible pour ne pas allonger le temps d&rsquo;attente avant de le remplir.<\/p>\n<h2><span class=\"ez-toc-section\" id=\"Pourquoi_attendre_24_heures_pour_brancher_un_frigo\"><\/span><strong>Pourquoi attendre 24 heures pour brancher un frigo ?<\/strong><span class=\"ez-toc-section-end\"><\/span><\/h2>\n<p>Remettre en marche le <b>frigo<\/b> sans <b>attendre<\/b>, c&rsquo;est prendre le risque <b>de<\/b> le faire avec un condenseur partiellement bouch\u00e9, et du coup avec un refroidissement partiel, non homog\u00e8ne. C&rsquo;est <b>pourquoi<\/b> nous recommandons toujours d&rsquo;<b>attendre 24 heures<\/b> avant <b>de<\/b> relancer un <b>frigo<\/b> qui a \u00e9t\u00e9 d\u00e9plac\u00e9 \u00e0 plat.<\/p>\n<h2><span class=\"ez-toc-section\" id=\"Comment_porter_un_frigo\"><\/span><strong>Comment porter un frigo ?<\/strong><span class=\"ez-toc-section-end\"><\/span><\/h2>\n<p>Toujours transporter le r\u00e9frig\u00e9rateur ou cong\u00e9lateur en position verticale en l&rsquo;inclinant l\u00e9g\u00e8rement. Fixer l&rsquo;appareil avec des sangles pour l&#8217;emp\u00eacher de basculer. Fixer la porte pour \u00e9viter qu&rsquo;elle s&rsquo;ouvre pendant le transport. Si possible, prot\u00e9ger l&rsquo;appareil contre les vibrations fortes.<\/p>\n<h2><span class=\"ez-toc-section\" id=\"Comment_choisir_son_utilitaire_pour_demenager\"><\/span><strong>Comment choisir son utilitaire pour d\u00e9m\u00e9nager ?<\/strong><span class=\"ez-toc-section-end\"><\/span><\/h2>\n<p>L&rsquo;astuce : divisez par deux la surface du logement que vous devez <b>d\u00e9m\u00e9nager<\/b>, cela donne environ le nombre <b>de<\/b> m\u00e8tres cubes dont vous aurez besoin. Par exemple si c&rsquo;est un studio <b>de<\/b> 20m2, louer un <b>utilitaire de<\/b> 9-10m3 devrait suffire.<\/p>\n<h2><span class=\"ez-toc-section\" id=\"Quel_volume_de_camion_pour_demenager\"><\/span><strong>Quel volume de camion pour d\u00e9m\u00e9nager ?<\/strong><span class=\"ez-toc-section-end\"><\/span><\/h2>\n<p>Petit <b>camion<\/b><\/p>\n<p> Le volume de ce <b>camion<\/b> varie entre 20 m3 et 23 m3 et permet de transporter jusqu&rsquo;\u00e0 150 cartons. G\u00e9n\u00e9ralement, il est parfait <b>pour<\/b> le <b>d\u00e9m\u00e9nagement d<\/b>&lsquo;un logement jusqu&rsquo;\u00e0 50 m2. Ce v\u00e9hicule ne n\u00e9cessite pas le permis poids lourd car juste le permis de voiture (B) suffit.<\/p>\n<h2><span class=\"ez-toc-section\" id=\"Comment_transporter_un_lit_2_places\"><\/span><strong>Comment transporter un lit 2 places ?<\/strong><span class=\"ez-toc-section-end\"><\/span><\/h2>\n<p>Dans le camion, placez votre matelas en position verticale et immobilisez-le avec d&rsquo;autres \u00e9l\u00e9ments du d\u00e9m\u00e9nagement. Pour votre sommier, vous le calerez et le prot\u00e8gerez avec des couvertures. Nous d\u00e9conseillons fortement de <b>transporter<\/b> votre literie sur le toit de votre voiture.<\/p>\n<h2><span class=\"ez-toc-section\" id=\"Quand_rebrancher_un_frigo_qui_a_ete_couche\"><\/span><strong>Quand rebrancher un frigo qui a \u00e9t\u00e9 couch\u00e9 ?<\/strong><span class=\"ez-toc-section-end\"><\/span><\/h2>\n<p>On estime en g\u00e9n\u00e9ral qu&rsquo;il est n\u00e9cessaire d&rsquo;attendre entre 12 et 24 h avant de <b>rebrancher un frigo qui<\/b> aurait <b>\u00e9t\u00e9<\/b> plac\u00e9 en position <b>couch\u00e9e<\/b>. Si l&rsquo;on se demande souvent comment d\u00e9m\u00e9nager, il peut \u00eatre bon de se poser certaines questions sur l&#8217;emm\u00e9nagement lui-m\u00eame.<\/p>\n<h2><span class=\"ez-toc-section\" id=\"Comment_porter_un_frigo_dans_un_escalier\"><\/span><strong>Comment porter un frigo dans un escalier ?<\/strong><span class=\"ez-toc-section-end\"><\/span><\/h2>\n<p>Si vous habitez dans immeuble sans ascenseur, et que vous devez obligatoirement descendre des <b>escaliers<\/b>, transportez le <b>frigo<\/b> \u00e0 deux. La premi\u00e8re personne qui descend attrape l&rsquo;objet par les pieds, l&rsquo;autre maintient la partie haute du <b>frigo<\/b> pour qu&rsquo;il soit au maximum en position verticale.<\/p>\n<h2><span class=\"ez-toc-section\" id=\"Comment_deplacer_un_frigo\"><\/span><strong>Comment d\u00e9placer un frigo ?<\/strong><span class=\"ez-toc-section-end\"><\/span><\/h2>\n<p>Nos sp\u00e9cialistes du SAV sont formels : un r\u00e9frig\u00e9rateur doit \u00eatre transport\u00e9 \u00e0 la verticale, et jamais \u00e0 l&rsquo;horizontale, comme il est indiqu\u00e9 sur leur notice d&#8217;emploi sinon vous risquez de l&rsquo;ab\u00eemer consid\u00e9rablement. En effet, l&rsquo;huile du moteur risquerait de boucher le circuit.<\/p>\n<h2><span class=\"ez-toc-section\" id=\"Quel_volume_pour_un_utilitaire\"><\/span><strong>Quel volume pour un utilitaire ?<\/strong><span class=\"ez-toc-section-end\"><\/span><\/h2>\n<p>La location <b>d<\/b>&lsquo;un camion de 16m\u00b3 permet de charger jusqu&rsquo;<b>a<\/b> 100 cartons (soit environ un appartement de 50m\u00b2) La location <b>d&rsquo;un utilitaire<\/b> de 20m\u00b3 permet de transporter l&rsquo;\u00e9quivalent <b>d<\/b>&lsquo;un logement entre 40 et 60m\u00b2 (soit environ 130 cartons).<\/p>\n<h2><span class=\"ez-toc-section\" id=\"Quelle_taille_de_camion_pour_un_matelas\"><\/span><strong>Quelle taille de camion pour un matelas ?<\/strong><span class=\"ez-toc-section-end\"><\/span><\/h2>\n<p><b>Pour<\/b> d\u00e9m\u00e9nager un studio, il est conseill\u00e9 de louer un <b>camion<\/b> entre 6 et 10m<sup>3<\/sup>.<\/p>\n<h2><strong><\/strong><\/h2>\n<h2><strong><\/strong><\/h2>\n<hr \/>\n<p><em>Editeurs: 20 &#8211; R\u00e9f\u00e9rences: 25 articles<\/em><\/p>\n<p><em>N\u2019oubliez pas de partager l\u2019article !<\/em><\/p>\n","protected":false},"excerpt":{"rendered":"<p>Cependant, il peut arriver que pour des raisons de logistiques, il est parfois difficile de transporter son frigo en position verticale. Si vous n&rsquo;avez pas le choix, couchez votre appareil. Mais il faut \u00e9viter un maximum les secousses et les vibrations lors du transport. Ainsi, Quel utilitaire pour transporter un frigo ? Il faut le [&hellip;]<\/p>\n","protected":false},"author":6,"featured_media":0,"comment_status":"open","ping_status":"open","sticky":false,"template":"","format":"standard","meta":{"tdm_status":"","tdm_grid_status":"","_jetpack_memberships_contains_paid_content":false,"footnotes":"","jetpack_publicize_message":"","jetpack_publicize_feature_enabled":true,"jetpack_social_post_already_shared":true,"jetpack_social_options":{"image_generator_settings":{"template":"highway","default_image_id":0,"font":"","enabled":false},"version":2}},"categories":[3457],"tags":[],"class_list":["post-57591","post","type-post","status-publish","format-standard","hentry","category-maison"],"yoast_head":"<!-- This site is optimized with the Yoast SEO Premium plugin v25.0 (Yoast SEO v25.0) - https:\/\/yoast.com\/wordpress\/plugins\/seo\/ -->\n<title>Est-ce qu&#039;on peut transporter un frigo couch\u00e9 ?<\/title>\n<meta name=\"description\" content=\"Cependant, il peut arriver que pour des raisons de logistiques, il est parfois difficile de transporter son frigo en position verticale. Si vous n&#039;avez\" \/>\n<meta name=\"robots\" content=\"index, follow, max-snippet:-1, max-image-preview:large, max-video-preview:-1\" \/>\n<link rel=\"canonical\" href=\"https:\/\/flashmode.tn\/magazine\/est-ce-quon-peut-transporter-un-frigo-couche\/\" \/>\n<meta property=\"og:locale\" content=\"fr_FR\" \/>\n<meta property=\"og:type\" content=\"article\" \/>\n<meta property=\"og:title\" content=\"Est-ce qu&#039;on peut transporter un frigo couch\u00e9 ? - Flashmode Magazine | Magazine de mode et style de vie Num\u00e9ro un en Tunisie et au Maghreb\" \/>\n<meta property=\"og:description\" content=\"Cependant, il peut arriver que pour des raisons de logistiques, il est parfois difficile de transporter son frigo en position verticale. Si vous n&#039;avez\" \/>\n<meta property=\"og:url\" content=\"https:\/\/flashmode.tn\/magazine\/est-ce-quon-peut-transporter-un-frigo-couche\/\" \/>\n<meta property=\"og:site_name\" content=\"Flashmode Magazine | Magazine de mode et style de vie Num\u00e9ro un en Tunisie et au Maghreb\" \/>\n<meta property=\"article:publisher\" content=\"https:\/\/www.facebook.com\/flashmode.magazine\/\" \/>\n<meta property=\"article:published_time\" content=\"2021-10-26T06:08:20+00:00\" \/>\n<meta name=\"author\" content=\"EventsEditors\" \/>\n<meta name=\"twitter:card\" content=\"summary_large_image\" \/>\n<meta name=\"twitter:creator\" content=\"@agenceflashmode\" \/>\n<meta name=\"twitter:site\" content=\"@agenceflashmode\" \/>\n<meta name=\"twitter:label1\" content=\"\u00c9crit par\" \/>\n\t<meta name=\"twitter:data1\" content=\"EventsEditors\" \/>\n\t<meta name=\"twitter:label2\" content=\"Dur\u00e9e de lecture estim\u00e9e\" \/>\n\t<meta name=\"twitter:data2\" content=\"6 minutes\" \/>\n<script type=\"application\/ld+json\" class=\"yoast-schema-graph\">{\"@context\":\"https:\/\/schema.org\",\"@graph\":[{\"@type\":\"WebPage\",\"@id\":\"https:\/\/flashmode.tn\/magazine\/est-ce-quon-peut-transporter-un-frigo-couche\/\",\"url\":\"https:\/\/flashmode.tn\/magazine\/est-ce-quon-peut-transporter-un-frigo-couche\/\",\"name\":\"Est-ce qu'on peut transporter un frigo couch\u00e9 ?\",\"isPartOf\":{\"@id\":\"https:\/\/flashmode.tn\/magazine\/#website\"},\"datePublished\":\"2021-10-26T06:08:20+00:00\",\"author\":{\"@id\":\"https:\/\/flashmode.tn\/magazine\/#\/schema\/person\/257d6780605b915a5e352977f0f6f41c\"},\"description\":\"Cependant, il peut arriver que pour des raisons de logistiques, il est parfois difficile de transporter son frigo en position verticale. Si vous n'avez\",\"breadcrumb\":{\"@id\":\"https:\/\/flashmode.tn\/magazine\/est-ce-quon-peut-transporter-un-frigo-couche\/#breadcrumb\"},\"inLanguage\":\"fr-FR\",\"potentialAction\":[{\"@type\":\"ReadAction\",\"target\":[\"https:\/\/flashmode.tn\/magazine\/est-ce-quon-peut-transporter-un-frigo-couche\/\"]}]},{\"@type\":\"BreadcrumbList\",\"@id\":\"https:\/\/flashmode.tn\/magazine\/est-ce-quon-peut-transporter-un-frigo-couche\/#breadcrumb\",\"itemListElement\":[{\"@type\":\"ListItem\",\"position\":1,\"name\":\"Accueil\",\"item\":\"https:\/\/flashmode.tn\/magazine\/\"},{\"@type\":\"ListItem\",\"position\":2,\"name\":\"Est-ce qu&rsquo;on peut transporter un frigo couch\u00e9 ?\"}]},{\"@type\":\"WebSite\",\"@id\":\"https:\/\/flashmode.tn\/magazine\/#website\",\"url\":\"https:\/\/flashmode.tn\/magazine\/\",\"name\":\"Flashmode Magazine | Magazine de mode et style de vie Num\u00e9ro un en Tunisie et au Maghreb\",\"description\":\"Magazine de mode et style de vie Num\u00e9ro un en Tunisie et au Maghreb, cr\u00e9\u00e9 pour les hommes et les femmes : conseils beaut\u00e9, mode femme, mode homme, recettes de cuisine, c\u00e9l\u00e9brit\u00e9s et people, mannequins et top modeles\",\"potentialAction\":[{\"@type\":\"SearchAction\",\"target\":{\"@type\":\"EntryPoint\",\"urlTemplate\":\"https:\/\/flashmode.tn\/magazine\/?s={search_term_string}\"},\"query-input\":{\"@type\":\"PropertyValueSpecification\",\"valueRequired\":true,\"valueName\":\"search_term_string\"}}],\"inLanguage\":\"fr-FR\"},{\"@type\":\"Person\",\"@id\":\"https:\/\/flashmode.tn\/magazine\/#\/schema\/person\/257d6780605b915a5e352977f0f6f41c\",\"name\":\"EventsEditors\",\"image\":{\"@type\":\"ImageObject\",\"inLanguage\":\"fr-FR\",\"@id\":\"https:\/\/flashmode.tn\/magazine\/#\/schema\/person\/image\/\",\"url\":\"https:\/\/secure.gravatar.com\/avatar\/e2daedf958f66be37c9a79abe56184d85cd1baa6bba0dd8017e3f7d01555232f?s=96&d=mm&r=g\",\"contentUrl\":\"https:\/\/secure.gravatar.com\/avatar\/e2daedf958f66be37c9a79abe56184d85cd1baa6bba0dd8017e3f7d01555232f?s=96&d=mm&r=g\",\"caption\":\"EventsEditors\"},\"url\":\"https:\/\/flashmode.tn\/magazine\/author\/eventseditors\/\"}]}<\/script>\n<!-- \/ Yoast SEO Premium plugin. -->","yoast_head_json":{"title":"Est-ce qu'on peut transporter un frigo couch\u00e9 ?","description":"Cependant, il peut arriver que pour des raisons de logistiques, il est parfois difficile de transporter son frigo en position verticale. Si vous n'avez","robots":{"index":"index","follow":"follow","max-snippet":"max-snippet:-1","max-image-preview":"max-image-preview:large","max-video-preview":"max-video-preview:-1"},"canonical":"https:\/\/flashmode.tn\/magazine\/est-ce-quon-peut-transporter-un-frigo-couche\/","og_locale":"fr_FR","og_type":"article","og_title":"Est-ce qu'on peut transporter un frigo couch\u00e9 ? - Flashmode Magazine | Magazine de mode et style de vie Num\u00e9ro un en Tunisie et au Maghreb","og_description":"Cependant, il peut arriver que pour des raisons de logistiques, il est parfois difficile de transporter son frigo en position verticale. Si vous n'avez","og_url":"https:\/\/flashmode.tn\/magazine\/est-ce-quon-peut-transporter-un-frigo-couche\/","og_site_name":"Flashmode Magazine | Magazine de mode et style de vie Num\u00e9ro un en Tunisie et au Maghreb","article_publisher":"https:\/\/www.facebook.com\/flashmode.magazine\/","article_published_time":"2021-10-26T06:08:20+00:00","author":"EventsEditors","twitter_card":"summary_large_image","twitter_creator":"@agenceflashmode","twitter_site":"@agenceflashmode","twitter_misc":{"\u00c9crit par":"EventsEditors","Dur\u00e9e de lecture estim\u00e9e":"6 minutes"},"schema":{"@context":"https:\/\/schema.org","@graph":[{"@type":"WebPage","@id":"https:\/\/flashmode.tn\/magazine\/est-ce-quon-peut-transporter-un-frigo-couche\/","url":"https:\/\/flashmode.tn\/magazine\/est-ce-quon-peut-transporter-un-frigo-couche\/","name":"Est-ce qu'on peut transporter un frigo couch\u00e9 ?","isPartOf":{"@id":"https:\/\/flashmode.tn\/magazine\/#website"},"datePublished":"2021-10-26T06:08:20+00:00","author":{"@id":"https:\/\/flashmode.tn\/magazine\/#\/schema\/person\/257d6780605b915a5e352977f0f6f41c"},"description":"Cependant, il peut arriver que pour des raisons de logistiques, il est parfois difficile de transporter son frigo en position verticale. Si vous n'avez","breadcrumb":{"@id":"https:\/\/flashmode.tn\/magazine\/est-ce-quon-peut-transporter-un-frigo-couche\/#breadcrumb"},"inLanguage":"fr-FR","potentialAction":[{"@type":"ReadAction","target":["https:\/\/flashmode.tn\/magazine\/est-ce-quon-peut-transporter-un-frigo-couche\/"]}]},{"@type":"BreadcrumbList","@id":"https:\/\/flashmode.tn\/magazine\/est-ce-quon-peut-transporter-un-frigo-couche\/#breadcrumb","itemListElement":[{"@type":"ListItem","position":1,"name":"Accueil","item":"https:\/\/flashmode.tn\/magazine\/"},{"@type":"ListItem","position":2,"name":"Est-ce qu&rsquo;on peut transporter un frigo couch\u00e9 ?"}]},{"@type":"WebSite","@id":"https:\/\/flashmode.tn\/magazine\/#website","url":"https:\/\/flashmode.tn\/magazine\/","name":"Flashmode Magazine | Magazine de mode et style de vie Num\u00e9ro un en Tunisie et au Maghreb","description":"Magazine de mode et style de vie Num\u00e9ro un en Tunisie et au Maghreb, cr\u00e9\u00e9 pour les hommes et les femmes : conseils beaut\u00e9, mode femme, mode homme, recettes de cuisine, c\u00e9l\u00e9brit\u00e9s et people, mannequins et top modeles","potentialAction":[{"@type":"SearchAction","target":{"@type":"EntryPoint","urlTemplate":"https:\/\/flashmode.tn\/magazine\/?s={search_term_string}"},"query-input":{"@type":"PropertyValueSpecification","valueRequired":true,"valueName":"search_term_string"}}],"inLanguage":"fr-FR"},{"@type":"Person","@id":"https:\/\/flashmode.tn\/magazine\/#\/schema\/person\/257d6780605b915a5e352977f0f6f41c","name":"EventsEditors","image":{"@type":"ImageObject","inLanguage":"fr-FR","@id":"https:\/\/flashmode.tn\/magazine\/#\/schema\/person\/image\/","url":"https:\/\/secure.gravatar.com\/avatar\/e2daedf958f66be37c9a79abe56184d85cd1baa6bba0dd8017e3f7d01555232f?s=96&d=mm&r=g","contentUrl":"https:\/\/secure.gravatar.com\/avatar\/e2daedf958f66be37c9a79abe56184d85cd1baa6bba0dd8017e3f7d01555232f?s=96&d=mm&r=g","caption":"EventsEditors"},"url":"https:\/\/flashmode.tn\/magazine\/author\/eventseditors\/"}]}},"jetpack_publicize_connections":[],"jetpack_featured_media_url":"","jetpack_shortlink":"https:\/\/wp.me\/p8BPGr-eYT","jetpack_sharing_enabled":true,"_links":{"self":[{"href":"https:\/\/flashmode.tn\/magazine\/wp-json\/wp\/v2\/posts\/57591","targetHints":{"allow":["GET"]}}],"collection":[{"href":"https:\/\/flashmode.tn\/magazine\/wp-json\/wp\/v2\/posts"}],"about":[{"href":"https:\/\/flashmode.tn\/magazine\/wp-json\/wp\/v2\/types\/post"}],"author":[{"embeddable":true,"href":"https:\/\/flashmode.tn\/magazine\/wp-json\/wp\/v2\/users\/6"}],"replies":[{"embeddable":true,"href":"https:\/\/flashmode.tn\/magazine\/wp-json\/wp\/v2\/comments?post=57591"}],"version-history":[{"count":0,"href":"https:\/\/flashmode.tn\/magazine\/wp-json\/wp\/v2\/posts\/57591\/revisions"}],"wp:attachment":[{"href":"https:\/\/flashmode.tn\/magazine\/wp-json\/wp\/v2\/media?parent=57591"}],"wp:term":[{"taxonomy":"category","embeddable":true,"href":"https:\/\/flashmode.tn\/magazine\/wp-json\/wp\/v2\/categories?post=57591"},{"taxonomy":"post_tag","embeddable":true,"href":"https:\/\/flashmode.tn\/magazine\/wp-json\/wp\/v2\/tags?post=57591"}],"curies":[{"name":"wp","href":"https:\/\/api.w.org\/{rel}","templated":true}]}}