{"id":57621,"date":"2021-10-30T08:54:40","date_gmt":"2021-10-30T06:54:40","guid":{"rendered":"https:\/\/flashmode.tn\/magazine\/?p=57621"},"modified":"2021-10-30T08:54:40","modified_gmt":"2021-10-30T06:54:40","slug":"comment-garder-un-pied-de-basilic-pour-lhiver-2","status":"publish","type":"post","link":"https:\/\/flashmode.tn\/magazine\/comment-garder-un-pied-de-basilic-pour-lhiver-2\/","title":{"rendered":"Comment garder un pied de basilic pour l&rsquo;hiver ?"},"content":{"rendered":"<p>Congelez alors les feuilles une <b>\u00e0<\/b> deux heures. Rangez-les ensuite dans un sac de cong\u00e9lation. Lorsque vous d\u00e9cong\u00e8lerez le <b>basilic<\/b> par la suite, vous pourrez <b>garder<\/b> les feuilles enti\u00e8res ou bien les hacher. Si vous pr\u00e9f\u00e9rez le <b>basilic<\/b> cisel\u00e9, congelez-le dans des petits bacs <b>\u00e0<\/b> gla\u00e7ons remplis d&rsquo;huile d&rsquo;olive.<\/p>\n<p>Ainsi, Comment garder un plant de basilic en pleine terre ?<\/p>\n<p><b>  En  <b>   pleine terre  <\/b>  : <\/b> <\/p>\n<ol>\n<li>   Creusez un trou plus grand que la motte.  <\/li>\n<li>   Si le sol est lourd, all\u00e9gez-le avec du sable.  <\/li>\n<li>   D\u00e9posez au fond du trou une poign\u00e9e de compost.  <\/li>\n<li>   Retirez le   <b>    plant   <\/b>   de son contenant et griffez doucement la motte pour d\u00e9tacher les racines sans les abimer.  <\/li>\n<li>   Glissez la motte au milieu du trou et enterrez.  <\/li>\n<\/ol>\n<p>ensuite Comment tailler un basilic pour l&rsquo;hiver ?<\/p>\n<p>Le <b>basilic<\/b> peut \u00eatre taill\u00e9 \u00e0 la main ou au s\u00e9cateur. Taillez toujours le <b>basilic<\/b> \u00e0 l&rsquo;extr\u00e9mit\u00e9 des tiges, au-dessus d&rsquo;une paire de feuilles. La <b>taille<\/b> du <b>basilic<\/b> peut \u00eatre r\u00e9alis\u00e9e \u00e0 partir du mois de juin, et jusqu&rsquo;\u00e0 la fin de l&rsquo;automne.<\/p>\n<p>O\u00f9 mettre son basilic l&rsquo;hiver ?<\/p>\n<p>Choisissez un endroit lumineux et ensoleill\u00e9, le bord d&rsquo;une fen\u00eatre par exemple.<\/p>\n<div id=\"ez-toc-container\" class=\"ez-toc-v2_0_81 counter-hierarchy ez-toc-counter ez-toc-grey ez-toc-container-direction\">\n<div class=\"ez-toc-title-container\">\n<p class=\"ez-toc-title\" style=\"cursor:inherit\">Contenus de la page<\/p>\n<span class=\"ez-toc-title-toggle\"><a href=\"#\" class=\"ez-toc-pull-right ez-toc-btn ez-toc-btn-xs ez-toc-btn-default ez-toc-toggle\" aria-label=\"Toggle Table of Content\"><span class=\"ez-toc-js-icon-con\"><span class=\"\"><span class=\"eztoc-hide\" style=\"display:none;\">Toggle<\/span><span class=\"ez-toc-icon-toggle-span\"><svg style=\"fill: #999;color:#999\" xmlns=\"http:\/\/www.w3.org\/2000\/svg\" class=\"list-377408\" width=\"20px\" height=\"20px\" viewBox=\"0 0 24 24\" fill=\"none\"><path d=\"M6 6H4v2h2V6zm14 0H8v2h12V6zM4 11h2v2H4v-2zm16 0H8v2h12v-2zM4 16h2v2H4v-2zm16 0H8v2h12v-2z\" fill=\"currentColor\"><\/path><\/svg><svg style=\"fill: #999;color:#999\" class=\"arrow-unsorted-368013\" xmlns=\"http:\/\/www.w3.org\/2000\/svg\" width=\"10px\" height=\"10px\" viewBox=\"0 0 24 24\" version=\"1.2\" baseProfile=\"tiny\"><path d=\"M18.2 9.3l-6.2-6.3-6.2 6.3c-.2.2-.3.4-.3.7s.1.5.3.7c.2.2.4.3.7.3h11c.3 0 .5-.1.7-.3.2-.2.3-.5.3-.7s-.1-.5-.3-.7zM5.8 14.7l6.2 6.3 6.2-6.3c.2-.2.3-.5.3-.7s-.1-.5-.3-.7c-.2-.2-.4-.3-.7-.3h-11c-.3 0-.5.1-.7.3-.2.2-.3.5-.3.7s.1.5.3.7z\"\/><\/svg><\/span><\/span><\/span><\/a><\/span><\/div>\n<nav><ul class='ez-toc-list ez-toc-list-level-1 ' ><li class='ez-toc-page-1 ez-toc-heading-level-2'><a class=\"ez-toc-link ez-toc-heading-1\" href=\"https:\/\/flashmode.tn\/magazine\/comment-garder-un-pied-de-basilic-pour-lhiver-2\/#Pourquoi_mon_basilic_meurt_en_pleine_terre\" >Pourquoi mon basilic meurt en pleine terre ?<\/a><\/li><li class='ez-toc-page-1 ez-toc-heading-level-2'><a class=\"ez-toc-link ez-toc-heading-2\" href=\"https:\/\/flashmode.tn\/magazine\/comment-garder-un-pied-de-basilic-pour-lhiver-2\/#Ou_planter_du_basilic_dans_le_jardin\" >O\u00f9 planter du basilic dans le jardin ?<\/a><\/li><li class='ez-toc-page-1 ez-toc-heading-level-2'><a class=\"ez-toc-link ez-toc-heading-3\" href=\"https:\/\/flashmode.tn\/magazine\/comment-garder-un-pied-de-basilic-pour-lhiver-2\/#Comment_conserver_du_basilic_toute_lannee\" >Comment conserver du basilic toute l&rsquo;ann\u00e9e ?<\/a><\/li><li class='ez-toc-page-1 ez-toc-heading-level-2'><a class=\"ez-toc-link ez-toc-heading-4\" href=\"https:\/\/flashmode.tn\/magazine\/comment-garder-un-pied-de-basilic-pour-lhiver-2\/#Quel_arrosage_pour_le_basilic\" >Quel arrosage pour le basilic ?<\/a><\/li><li class='ez-toc-page-1 ez-toc-heading-level-2'><a class=\"ez-toc-link ez-toc-heading-5\" href=\"https:\/\/flashmode.tn\/magazine\/comment-garder-un-pied-de-basilic-pour-lhiver-2\/#Pourquoi_les_feuilles_de_basilic_brunissent\" >Pourquoi les feuilles de basilic brunissent ?<\/a><\/li><li class='ez-toc-page-1 ez-toc-heading-level-2'><a class=\"ez-toc-link ez-toc-heading-6\" href=\"https:\/\/flashmode.tn\/magazine\/comment-garder-un-pied-de-basilic-pour-lhiver-2\/#Ou_planter_le_basilic_ombre_ou_soleil\" >O\u00f9 planter le basilic ombre ou soleil ?<\/a><\/li><li class='ez-toc-page-1 ez-toc-heading-level-2'><a class=\"ez-toc-link ez-toc-heading-7\" href=\"https:\/\/flashmode.tn\/magazine\/comment-garder-un-pied-de-basilic-pour-lhiver-2\/#Quelle_plante_avec_le_basilic\" >Quelle plante avec le basilic ?<\/a><\/li><li class='ez-toc-page-1 ez-toc-heading-level-2'><a class=\"ez-toc-link ez-toc-heading-8\" href=\"https:\/\/flashmode.tn\/magazine\/comment-garder-un-pied-de-basilic-pour-lhiver-2\/#Comment_conserver_le_basilic_Une_fois_coupe\" >Comment conserver le basilic Une fois coup\u00e9 ?<\/a><\/li><li class='ez-toc-page-1 ez-toc-heading-level-2'><a class=\"ez-toc-link ez-toc-heading-9\" href=\"https:\/\/flashmode.tn\/magazine\/comment-garder-un-pied-de-basilic-pour-lhiver-2\/#Comment_conserver_le_basilic_au_congelateur\" >Comment conserver le basilic au cong\u00e9lateur ?<\/a><\/li><li class='ez-toc-page-1 ez-toc-heading-level-2'><a class=\"ez-toc-link ez-toc-heading-10\" href=\"https:\/\/flashmode.tn\/magazine\/comment-garder-un-pied-de-basilic-pour-lhiver-2\/#Pourquoi_ma_plante_de_basilic_meurt\" >Pourquoi ma plante de basilic meurt ?<\/a><\/li><li class='ez-toc-page-1 ez-toc-heading-level-2'><a class=\"ez-toc-link ez-toc-heading-11\" href=\"https:\/\/flashmode.tn\/magazine\/comment-garder-un-pied-de-basilic-pour-lhiver-2\/#Comment_savoir_si_on_arrose_trop_le_basilic\" >Comment savoir si on arrose trop le basilic ?<\/a><\/li><li class='ez-toc-page-1 ez-toc-heading-level-2'><a class=\"ez-toc-link ez-toc-heading-12\" href=\"https:\/\/flashmode.tn\/magazine\/comment-garder-un-pied-de-basilic-pour-lhiver-2\/#Comment_arroser_semis_basilic\" >Comment arroser semis basilic ?<\/a><\/li><li class='ez-toc-page-1 ez-toc-heading-level-2'><a class=\"ez-toc-link ez-toc-heading-13\" href=\"https:\/\/flashmode.tn\/magazine\/comment-garder-un-pied-de-basilic-pour-lhiver-2\/#Quelle_exposition_pour_la_menthe\" >Quelle exposition pour la menthe ?<\/a><\/li><li class='ez-toc-page-1 ez-toc-heading-level-2'><a class=\"ez-toc-link ez-toc-heading-14\" href=\"https:\/\/flashmode.tn\/magazine\/comment-garder-un-pied-de-basilic-pour-lhiver-2\/#Ou_mettre_du_basilic_en_cuisine\" >O\u00f9 mettre du basilic en cuisine ?<\/a><\/li><li class='ez-toc-page-1 ez-toc-heading-level-2'><a class=\"ez-toc-link ez-toc-heading-15\" href=\"https:\/\/flashmode.tn\/magazine\/comment-garder-un-pied-de-basilic-pour-lhiver-2\/#Quelles_plantes_aromatiques_mettre_ensemble\" >Quelles plantes aromatiques mettre ensemble ?<\/a><\/li><li class='ez-toc-page-1 ez-toc-heading-level-2'><a class=\"ez-toc-link ez-toc-heading-16\" href=\"https:\/\/flashmode.tn\/magazine\/comment-garder-un-pied-de-basilic-pour-lhiver-2\/#Quelle_plante_associer_avec_Tournesol\" >Quelle plante associer avec Tournesol ?<\/a><\/li><li class='ez-toc-page-1 ez-toc-heading-level-2'><a class=\"ez-toc-link ez-toc-heading-17\" href=\"https:\/\/flashmode.tn\/magazine\/comment-garder-un-pied-de-basilic-pour-lhiver-2\/#Quelle_plante_associer_avec_verveine\" >Quelle plante associer avec verveine ?<\/a><\/li><li class='ez-toc-page-1 ez-toc-heading-level-2'><a class=\"ez-toc-link ez-toc-heading-18\" href=\"https:\/\/flashmode.tn\/magazine\/comment-garder-un-pied-de-basilic-pour-lhiver-2\/#Comment_conserver_la_basilic_frais\" >Comment conserver la basilic frais ?<\/a><\/li><li class='ez-toc-page-1 ez-toc-heading-level-2'><a class=\"ez-toc-link ez-toc-heading-19\" href=\"https:\/\/flashmode.tn\/magazine\/comment-garder-un-pied-de-basilic-pour-lhiver-2\/#Comment_conserver_basilic_Epicerie\" >Comment conserver basilic Epicerie ?<\/a><\/li><li class='ez-toc-page-1 ez-toc-heading-level-2'><a class=\"ez-toc-link ez-toc-heading-20\" href=\"https:\/\/flashmode.tn\/magazine\/comment-garder-un-pied-de-basilic-pour-lhiver-2\/#Pourquoi_blanchir_le_basilic\" >Pourquoi blanchir le basilic ?<\/a><\/li><\/ul><\/nav><\/div>\n<h2><span class=\"ez-toc-section\" id=\"Pourquoi_mon_basilic_meurt_en_pleine_terre\"><\/span>Pourquoi mon basilic meurt en pleine terre ?<span class=\"ez-toc-section-end\"><\/span><\/h2>\n<p>Vous arrosez trop votre <b>basilic<\/b><\/p>\n<p> Tr\u00e8s copieusement, trop copieusement. Si votre plante a besoin d&rsquo;eau, il faut trouver un juste milieu, car une plante trop arros\u00e9e, va \u00e9galement mourir. En effet, si la plante est compl\u00e8tement noy\u00e9e, elle ne va pas pouvoir s&rsquo;oxyg\u00e9ner correctement et ne pourra donc pas subsister.<\/p>\n<h2><span class=\"ez-toc-section\" id=\"Ou_planter_du_basilic_dans_le_jardin\"><\/span><strong>O\u00f9 planter du basilic dans le jardin ?<\/strong><span class=\"ez-toc-section-end\"><\/span><\/h2>\n<p>Le <b>basilic<\/b> aime le soleil, (la mi-ombre en climat chaud), un sol riche, bien drain\u00e9, mais qui reste frais. Il exige beaucoup de chaleur et de nombreux arrosages pour prosp\u00e9rer, et d\u00e9teste le vent. <b>Semer<\/b> \u00e0 chaud, en mars-avril, en caissette ou en pot.<\/p>\n<h2><span class=\"ez-toc-section\" id=\"Comment_conserver_du_basilic_toute_lannee\"><\/span><strong>Comment conserver du basilic toute l&rsquo;ann\u00e9e ?<\/strong><span class=\"ez-toc-section-end\"><\/span><\/h2>\n<p>Congeler. Pour congeler le <b>basilic<\/b>, lavez et faites s\u00e9cher les tiges \u00e0 l&rsquo;aide d&rsquo;un torchon. Enlevez les feuilles et placez-les dans un sac \u00e0 cong\u00e9lation.<\/p>\n<h2><span class=\"ez-toc-section\" id=\"Quel_arrosage_pour_le_basilic\"><\/span><strong>Quel arrosage pour le basilic ?<\/strong><span class=\"ez-toc-section-end\"><\/span><\/h2>\n<p>Le <b>basilic<\/b> a besoin d&rsquo;<b>arrosages<\/b> fr\u00e9quents, parfois quotidiens en p\u00e9riode de s\u00e9cheresse. Mais un exc\u00e8s d&rsquo;eau en p\u00e9riode fra\u00eeche risque de le faire pourrir. En \u00e9t\u00e9, effectuer l&rsquo;<b>arrosage<\/b> le soir <b>pour<\/b> que l&rsquo;\u00e9vaporation soit moins forte. Au printemps et en automne, privil\u00e9gier plut\u00f4t le matin.<\/p>\n<h2><span class=\"ez-toc-section\" id=\"Pourquoi_les_feuilles_de_basilic_brunissent\"><\/span><strong>Pourquoi les feuilles de basilic brunissent ?<\/strong><span class=\"ez-toc-section-end\"><\/span><\/h2>\n<p>Si vous remarquez que les <b>feuilles<\/b> de votre <b>basilic<\/b> deviennent marron, c&rsquo;est que votre herbe aromatique est peut-\u00eatre touch\u00e9e par la fusariose, une maladie caus\u00e9e par un champignon et due \u00e0 un environnement trop humide. Ce dernier entra\u00eene quelques jaunissements et des n\u00e9croses beiges \u00e0 marron clair.<\/p>\n<h2><span class=\"ez-toc-section\" id=\"Ou_planter_le_basilic_ombre_ou_soleil\"><\/span><strong>O\u00f9 planter le basilic ombre ou soleil ?<\/strong><span class=\"ez-toc-section-end\"><\/span><\/h2>\n<p>Le <b>basilic<\/b> pr\u00e9f\u00e8re une exposition au <b>soleil<\/b>, \u00e0 l&rsquo;abri du vent et du froid. Il aime les terres l\u00e9g\u00e8res, plut\u00f4t s\u00e8ches, bien drain\u00e9es, et suffisamment riches. Plantez le <b>basilic<\/b> de pr\u00e9f\u00e9rence au printemps (avril-mai dans le Midi), apr\u00e8s les derni\u00e8res gel\u00e9es.<\/p>\n<h2><span class=\"ez-toc-section\" id=\"Quelle_plante_avec_le_basilic\"><\/span><strong>Quelle plante avec le basilic ?<\/strong><span class=\"ez-toc-section-end\"><\/span><\/h2>\n<p>Le <b>basilic<\/b> est \u00e0 placer \u00e0 c\u00f4t\u00e9 des cucurbitac\u00e9es (concombre, courge, courgette, cornichon, melon, past\u00e8que, potiron, potimarron\u2026). Il se pla\u00eet bien aussi en association <b>avec<\/b> les tomates, choux et asperges. Il repousse \u00e9galement les pucerons.<\/p>\n<h2><span class=\"ez-toc-section\" id=\"Comment_conserver_le_basilic_Une_fois_coupe\"><\/span><strong>Comment conserver le basilic Une fois coup\u00e9 ?<\/strong><span class=\"ez-toc-section-end\"><\/span><\/h2>\n<p>Pour que le <b>basilic conserve<\/b> tous ses ar\u00f4mes, il suffit de le laver puis de le s\u00e9cher \u00e0 l&rsquo;aide d&rsquo;un essuie-tout. Ensuite, mettez les feuilles enti\u00e8res ou cisel\u00e9es dans un bac \u00e0 gla\u00e7ons. Ajoutez de l&rsquo;eau et placez au cong\u00e9lateur. Il vous suffira de d\u00e9congeler les gla\u00e7ons pour profiter des vertus du <b>basilic<\/b>.<\/p>\n<h2><span class=\"ez-toc-section\" id=\"Comment_conserver_le_basilic_au_congelateur\"><\/span><strong>Comment conserver le basilic au cong\u00e9lateur ?<\/strong><span class=\"ez-toc-section-end\"><\/span><\/h2>\n<p>Deux fa\u00e7ons de <b>congeler<\/b> les feuilles de <b>basilic<\/b> : enti\u00e8res, sans les tiges, dans un sac herm\u00e9tique ou en pur\u00e9e. Enti\u00e8res, elles seront utilis\u00e9es pour faire du pistou (en les pilant). Pour la pur\u00e9e, passez les feuilles fra\u00eeches au m\u00e9langeur, ajoutez de l&rsquo;huile d&rsquo;olive si d\u00e9sir\u00e9.<\/p>\n<h2><span class=\"ez-toc-section\" id=\"Pourquoi_ma_plante_de_basilic_meurt\"><\/span><strong>Pourquoi ma plante de basilic meurt ?<\/strong><span class=\"ez-toc-section-end\"><\/span><\/h2>\n<p>Un pot qui ne permet pas aux herbes aromatiques de b\u00e9n\u00e9ficier d&rsquo;assez d&rsquo;air peut expliquer que votre <b>plant de basilic meurt<\/b>. De m\u00eame, si le sol sur lequel vous avez pos\u00e9 votre pot est trop frais (voire g\u00e8le en hiver), ou au contraire, le sol est trop chaud, cela endommage le <b>basilic<\/b> en fragilisant ses racines.<\/p>\n<h2><span class=\"ez-toc-section\" id=\"Comment_savoir_si_on_arrose_trop_le_basilic\"><\/span><strong>Comment savoir si on arrose trop le basilic ?<\/strong><span class=\"ez-toc-section-end\"><\/span><\/h2>\n<p>Pour <b>savoir si<\/b> vous avez <b>trop arros\u00e9<\/b> votre <b>basilic<\/b>, il y a quelques signes qui vous permettent de <b>reconnaitre<\/b> un exc\u00e8s d&rsquo;eau. <b>Si<\/b> vous constatez que les feuilles jaunissent voire <b>qu<\/b>&lsquo;elles finissent par fl\u00e9trir et tomber, c&rsquo;est signe que le <b>basilic<\/b> ne va pas bien. Une odeur d\u00e9sagr\u00e9able s&rsquo;\u00e9mane du sol ?<\/p>\n<h2><span class=\"ez-toc-section\" id=\"Comment_arroser_semis_basilic\"><\/span><strong>Comment arroser semis basilic ?<\/strong><span class=\"ez-toc-section-end\"><\/span><\/h2>\n<p>Recouvrez d&rsquo;une fine couche de terre et arrosez doucement. Maintenez la terre humide jusqu&rsquo;\u00e0 la lev\u00e9e. Une fois que les plantules ont 2 feuilles, ne garder qu&rsquo;un ou deux plants par emplacement.<\/p>\n<h2><span class=\"ez-toc-section\" id=\"Quelle_exposition_pour_la_menthe\"><\/span><strong>Quelle exposition pour la menthe ?<\/strong><span class=\"ez-toc-section-end\"><\/span><\/h2>\n<p>L&rsquo;<b>exposition<\/b> id\u00e9ale est la mi-ombre, bien que la <b>menthe<\/b> puisse pousser au soleil \u00e0 condition que celui-ci ne soit pas br\u00fblant et que la <b>menthe<\/b> soit suffisamment arros\u00e9e. Le soleil direct va freiner sa croissance et la <b>menthe<\/b> aura besoin <b>de<\/b> plus d&rsquo;humidit\u00e9.<\/p>\n<h2><span class=\"ez-toc-section\" id=\"Ou_mettre_du_basilic_en_cuisine\"><\/span><strong>O\u00f9 mettre du basilic en cuisine ?<\/strong><span class=\"ez-toc-section-end\"><\/span><\/h2>\n<p>Consommer Le <b>basilic<\/b> :<\/p>\n<p> Le <b>basilic<\/b> frais aromatise particuli\u00e8rement bien les salades mais peut \u00e9galement se marier avec les oeufs et les p\u00e2tes, ainsi qu&rsquo;avec les l\u00e9gumes, tels que la courgette, les carottes et les aubergines. Il est \u00e9galement indispensable dans les sauces aux herbes comme le pesto, et sur les pizzas.<\/p>\n<h2><span class=\"ez-toc-section\" id=\"Quelles_plantes_aromatiques_mettre_ensemble\"><\/span><strong>Quelles plantes aromatiques mettre ensemble ?<\/strong><span class=\"ez-toc-section-end\"><\/span><\/h2>\n<p><b>  <b>   Quelles plantes aromatiques  <\/b>  planter  <b>   ensemble  <\/b>  ? <\/b> <\/p>\n<ul>\n<li>   Verveine et basilic : &#8230;  <\/li>\n<li>   Cerfeuil, persil et c\u00e9leri perp\u00e9tuel : &#8230;  <\/li>\n<li>   Ciboulette, coriandre et estragon : &#8230;  <\/li>\n<li>   Thym, romarin, marjolaine et sarriette : &#8230;  <\/li>\n<li>   Lavande et sauge : &#8230;  <\/li>\n<li>   Estragon, coriandre, basilic et persil : &#8230;  <\/li>\n<li>   Thym, origan et laurier : &#8230;  <\/li>\n<li>   Persil, m\u00e9lisse, estragon et coriandre :  <\/li>\n<\/ul>\n<h2><span class=\"ez-toc-section\" id=\"Quelle_plante_associer_avec_Tournesol\"><\/span><strong>Quelle plante associer avec Tournesol ?<\/strong><span class=\"ez-toc-section-end\"><\/span><\/h2>\n<p>Les meilleures associations <b>tournesol<\/b> et l\u00e9gumes<\/p>\n<p> On peut l&rsquo;<b>associer<\/b> \u00e0 des <b>plantes<\/b> basses donc, comme les choux, les laitues, les \u0153illets. On peut aussi l&rsquo;<b>associer avec<\/b> des grimpantes comme l&rsquo;ipom\u00e9e, \u00e0 qui il servira de tuteur.<\/p>\n<h2><span class=\"ez-toc-section\" id=\"Quelle_plante_associer_avec_verveine\"><\/span><strong>Quelle plante associer avec verveine ?<\/strong><span class=\"ez-toc-section-end\"><\/span><\/h2>\n<p><b>  <b>   Quelles  <\/b>  bonnes associations de  <b>   plantes avec  <\/b>  la  <b>   verveine  <\/b>  ? <\/b> <\/p>\n<ul>\n<li>   La lantana jaune   <b>    avec   <\/b>   son parfum de fleur d&rsquo;oranger se marie parfaitement ave la   <b>    verveine   <\/b>   . &#8230;  <\/li>\n<li>   L&rsquo;ag\u00e9ratum peut \u00eatre associ\u00e9 \u00e0 la   <b>    verveine   <\/b>   et permettra d&rsquo;apporter une touche de couleur pastel au massif.  <\/li>\n<\/ul>\n<h2><span class=\"ez-toc-section\" id=\"Comment_conserver_la_basilic_frais\"><\/span><strong>Comment conserver la basilic frais ?<\/strong><span class=\"ez-toc-section-end\"><\/span><\/h2>\n<p><b>  1. <\/b> <b>  Cr\u00e9ez des gla\u00e7ons de  <b>   basilic  <\/b>  . <\/b> <\/p>\n<ol>\n<li>   M\u00e9langez le   <b>    basilic   <\/b>   au robot culinaire en ajoutant de l&rsquo;huile ou de l&rsquo;eau pour enrober les feuilles. &#8230;  <\/li>\n<li>   Versez le m\u00e9lange \u00e0 base d&rsquo;herbes dans des moules \u00e0 gla\u00e7ons et congelez.  <\/li>\n<li>   Une fois saisis, d\u00e9moulez et transf\u00e9rez dans des sacs de cong\u00e9lation.  <\/li>\n<li>   Conservez au cong\u00e9lateur.  <\/li>\n<\/ol>\n<h2><span class=\"ez-toc-section\" id=\"Comment_conserver_basilic_Epicerie\"><\/span><strong>Comment conserver basilic Epicerie ?<\/strong><span class=\"ez-toc-section-end\"><\/span><\/h2>\n<p>\u00ab Pour le <b>conserver<\/b>, madame devrait le transplanter dans un plus gros pot ou l&rsquo;envoyer au jardin. Il peut \u00eatre consomm\u00e9 maintenant. Mais il faut se rappeler que c&rsquo;est un plant juv\u00e9nile, un jeune plant.<\/p>\n<h2><span class=\"ez-toc-section\" id=\"Pourquoi_blanchir_le_basilic\"><\/span><strong>Pourquoi blanchir le basilic ?<\/strong><span class=\"ez-toc-section-end\"><\/span><\/h2>\n<p><b>Blanchir<\/b> tue les enzymes en d\u00e9composition.<\/p>\n<p> Cela ne devrait pas prendre plus de quelques secondes. Vous ne voulez pas alt\u00e9riorer la saveur du <b>basilic<\/b>, juste tuer ces enzymes en d\u00e9composition. D\u00e8s que le <b>basilic<\/b> a fan\u00e9, transf\u00e9rer le imm\u00e9diatement \u00e0 l&rsquo;eau glac\u00e9e.<\/p>\n<h2><strong><\/strong><\/h2>\n<hr \/>\n<p><em>Editeurs: 10 &#8211; R\u00e9f\u00e9rences: 40 articles<\/em><\/p>\n<p><em>N\u2019oubliez pas de partager l\u2019article !<\/em><\/p>\n","protected":false},"excerpt":{"rendered":"<p>Congelez alors les feuilles une \u00e0 deux heures. Rangez-les ensuite dans un sac de cong\u00e9lation. Lorsque vous d\u00e9cong\u00e8lerez le basilic par la suite, vous pourrez garder les feuilles enti\u00e8res ou bien les hacher. Si vous pr\u00e9f\u00e9rez le basilic cisel\u00e9, congelez-le dans des petits bacs \u00e0 gla\u00e7ons remplis d&rsquo;huile d&rsquo;olive. Ainsi, Comment garder un plant de [&hellip;]<\/p>\n","protected":false},"author":6,"featured_media":0,"comment_status":"open","ping_status":"open","sticky":false,"template":"","format":"standard","meta":{"tdm_status":"","tdm_grid_status":"","_jetpack_memberships_contains_paid_content":false,"footnotes":"","jetpack_publicize_message":"","jetpack_publicize_feature_enabled":true,"jetpack_social_post_already_shared":true,"jetpack_social_options":{"image_generator_settings":{"template":"highway","default_image_id":0,"font":"","enabled":false},"version":2}},"categories":[3457],"tags":[],"class_list":["post-57621","post","type-post","status-publish","format-standard","hentry","category-maison"],"yoast_head":"<!-- This site is optimized with the Yoast SEO Premium plugin v25.0 (Yoast SEO v25.0) - https:\/\/yoast.com\/wordpress\/plugins\/seo\/ -->\n<title>Comment garder un pied de basilic pour l&#039;hiver ?<\/title>\n<meta name=\"description\" content=\"Congelez alors les feuilles une \u00e0 deux heures. Rangez-les ensuite dans un sac de cong\u00e9lation. Lorsque vous d\u00e9cong\u00e8lerez le basilic par la suite, vous\" \/>\n<meta name=\"robots\" content=\"index, follow, max-snippet:-1, max-image-preview:large, max-video-preview:-1\" \/>\n<link rel=\"canonical\" href=\"https:\/\/flashmode.tn\/magazine\/comment-garder-un-pied-de-basilic-pour-lhiver-2\/\" \/>\n<meta property=\"og:locale\" content=\"fr_FR\" \/>\n<meta property=\"og:type\" content=\"article\" \/>\n<meta property=\"og:title\" content=\"Comment garder un pied de basilic pour l&#039;hiver ? - Flashmode Magazine | Magazine de mode et style de vie Num\u00e9ro un en Tunisie et au Maghreb\" \/>\n<meta property=\"og:description\" content=\"Congelez alors les feuilles une \u00e0 deux heures. Rangez-les ensuite dans un sac de cong\u00e9lation. Lorsque vous d\u00e9cong\u00e8lerez le basilic par la suite, vous\" \/>\n<meta property=\"og:url\" content=\"https:\/\/flashmode.tn\/magazine\/comment-garder-un-pied-de-basilic-pour-lhiver-2\/\" \/>\n<meta property=\"og:site_name\" content=\"Flashmode Magazine | Magazine de mode et style de vie Num\u00e9ro un en Tunisie et au Maghreb\" \/>\n<meta property=\"article:publisher\" content=\"https:\/\/www.facebook.com\/flashmode.magazine\/\" \/>\n<meta property=\"article:published_time\" content=\"2021-10-30T06:54:40+00:00\" \/>\n<meta name=\"author\" content=\"EventsEditors\" \/>\n<meta name=\"twitter:card\" content=\"summary_large_image\" \/>\n<meta name=\"twitter:creator\" content=\"@agenceflashmode\" \/>\n<meta name=\"twitter:site\" content=\"@agenceflashmode\" \/>\n<meta name=\"twitter:label1\" content=\"\u00c9crit par\" \/>\n\t<meta name=\"twitter:data1\" content=\"EventsEditors\" \/>\n\t<meta name=\"twitter:label2\" content=\"Dur\u00e9e de lecture estim\u00e9e\" \/>\n\t<meta name=\"twitter:data2\" content=\"6 minutes\" \/>\n<script type=\"application\/ld+json\" class=\"yoast-schema-graph\">{\"@context\":\"https:\/\/schema.org\",\"@graph\":[{\"@type\":\"WebPage\",\"@id\":\"https:\/\/flashmode.tn\/magazine\/comment-garder-un-pied-de-basilic-pour-lhiver-2\/\",\"url\":\"https:\/\/flashmode.tn\/magazine\/comment-garder-un-pied-de-basilic-pour-lhiver-2\/\",\"name\":\"Comment garder un pied de basilic pour l'hiver ?\",\"isPartOf\":{\"@id\":\"https:\/\/flashmode.tn\/magazine\/#website\"},\"datePublished\":\"2021-10-30T06:54:40+00:00\",\"author\":{\"@id\":\"https:\/\/flashmode.tn\/magazine\/#\/schema\/person\/257d6780605b915a5e352977f0f6f41c\"},\"description\":\"Congelez alors les feuilles une \u00e0 deux heures. Rangez-les ensuite dans un sac de cong\u00e9lation. Lorsque vous d\u00e9cong\u00e8lerez le basilic par la suite, vous\",\"breadcrumb\":{\"@id\":\"https:\/\/flashmode.tn\/magazine\/comment-garder-un-pied-de-basilic-pour-lhiver-2\/#breadcrumb\"},\"inLanguage\":\"fr-FR\",\"potentialAction\":[{\"@type\":\"ReadAction\",\"target\":[\"https:\/\/flashmode.tn\/magazine\/comment-garder-un-pied-de-basilic-pour-lhiver-2\/\"]}]},{\"@type\":\"BreadcrumbList\",\"@id\":\"https:\/\/flashmode.tn\/magazine\/comment-garder-un-pied-de-basilic-pour-lhiver-2\/#breadcrumb\",\"itemListElement\":[{\"@type\":\"ListItem\",\"position\":1,\"name\":\"Accueil\",\"item\":\"https:\/\/flashmode.tn\/magazine\/\"},{\"@type\":\"ListItem\",\"position\":2,\"name\":\"Comment garder un pied de basilic pour l&rsquo;hiver ?\"}]},{\"@type\":\"WebSite\",\"@id\":\"https:\/\/flashmode.tn\/magazine\/#website\",\"url\":\"https:\/\/flashmode.tn\/magazine\/\",\"name\":\"Flashmode Magazine | Magazine de mode et style de vie Num\u00e9ro un en Tunisie et au Maghreb\",\"description\":\"Magazine de mode et style de vie Num\u00e9ro un en Tunisie et au Maghreb, cr\u00e9\u00e9 pour les hommes et les femmes : conseils beaut\u00e9, mode femme, mode homme, recettes de cuisine, c\u00e9l\u00e9brit\u00e9s et people, mannequins et top modeles\",\"potentialAction\":[{\"@type\":\"SearchAction\",\"target\":{\"@type\":\"EntryPoint\",\"urlTemplate\":\"https:\/\/flashmode.tn\/magazine\/?s={search_term_string}\"},\"query-input\":{\"@type\":\"PropertyValueSpecification\",\"valueRequired\":true,\"valueName\":\"search_term_string\"}}],\"inLanguage\":\"fr-FR\"},{\"@type\":\"Person\",\"@id\":\"https:\/\/flashmode.tn\/magazine\/#\/schema\/person\/257d6780605b915a5e352977f0f6f41c\",\"name\":\"EventsEditors\",\"image\":{\"@type\":\"ImageObject\",\"inLanguage\":\"fr-FR\",\"@id\":\"https:\/\/flashmode.tn\/magazine\/#\/schema\/person\/image\/\",\"url\":\"https:\/\/secure.gravatar.com\/avatar\/e2daedf958f66be37c9a79abe56184d85cd1baa6bba0dd8017e3f7d01555232f?s=96&d=mm&r=g\",\"contentUrl\":\"https:\/\/secure.gravatar.com\/avatar\/e2daedf958f66be37c9a79abe56184d85cd1baa6bba0dd8017e3f7d01555232f?s=96&d=mm&r=g\",\"caption\":\"EventsEditors\"},\"url\":\"https:\/\/flashmode.tn\/magazine\/author\/eventseditors\/\"}]}<\/script>\n<!-- \/ Yoast SEO Premium plugin. -->","yoast_head_json":{"title":"Comment garder un pied de basilic pour l'hiver ?","description":"Congelez alors les feuilles une \u00e0 deux heures. Rangez-les ensuite dans un sac de cong\u00e9lation. Lorsque vous d\u00e9cong\u00e8lerez le basilic par la suite, vous","robots":{"index":"index","follow":"follow","max-snippet":"max-snippet:-1","max-image-preview":"max-image-preview:large","max-video-preview":"max-video-preview:-1"},"canonical":"https:\/\/flashmode.tn\/magazine\/comment-garder-un-pied-de-basilic-pour-lhiver-2\/","og_locale":"fr_FR","og_type":"article","og_title":"Comment garder un pied de basilic pour l'hiver ? - Flashmode Magazine | Magazine de mode et style de vie Num\u00e9ro un en Tunisie et au Maghreb","og_description":"Congelez alors les feuilles une \u00e0 deux heures. Rangez-les ensuite dans un sac de cong\u00e9lation. Lorsque vous d\u00e9cong\u00e8lerez le basilic par la suite, vous","og_url":"https:\/\/flashmode.tn\/magazine\/comment-garder-un-pied-de-basilic-pour-lhiver-2\/","og_site_name":"Flashmode Magazine | Magazine de mode et style de vie Num\u00e9ro un en Tunisie et au Maghreb","article_publisher":"https:\/\/www.facebook.com\/flashmode.magazine\/","article_published_time":"2021-10-30T06:54:40+00:00","author":"EventsEditors","twitter_card":"summary_large_image","twitter_creator":"@agenceflashmode","twitter_site":"@agenceflashmode","twitter_misc":{"\u00c9crit par":"EventsEditors","Dur\u00e9e de lecture estim\u00e9e":"6 minutes"},"schema":{"@context":"https:\/\/schema.org","@graph":[{"@type":"WebPage","@id":"https:\/\/flashmode.tn\/magazine\/comment-garder-un-pied-de-basilic-pour-lhiver-2\/","url":"https:\/\/flashmode.tn\/magazine\/comment-garder-un-pied-de-basilic-pour-lhiver-2\/","name":"Comment garder un pied de basilic pour l'hiver ?","isPartOf":{"@id":"https:\/\/flashmode.tn\/magazine\/#website"},"datePublished":"2021-10-30T06:54:40+00:00","author":{"@id":"https:\/\/flashmode.tn\/magazine\/#\/schema\/person\/257d6780605b915a5e352977f0f6f41c"},"description":"Congelez alors les feuilles une \u00e0 deux heures. Rangez-les ensuite dans un sac de cong\u00e9lation. Lorsque vous d\u00e9cong\u00e8lerez le basilic par la suite, vous","breadcrumb":{"@id":"https:\/\/flashmode.tn\/magazine\/comment-garder-un-pied-de-basilic-pour-lhiver-2\/#breadcrumb"},"inLanguage":"fr-FR","potentialAction":[{"@type":"ReadAction","target":["https:\/\/flashmode.tn\/magazine\/comment-garder-un-pied-de-basilic-pour-lhiver-2\/"]}]},{"@type":"BreadcrumbList","@id":"https:\/\/flashmode.tn\/magazine\/comment-garder-un-pied-de-basilic-pour-lhiver-2\/#breadcrumb","itemListElement":[{"@type":"ListItem","position":1,"name":"Accueil","item":"https:\/\/flashmode.tn\/magazine\/"},{"@type":"ListItem","position":2,"name":"Comment garder un pied de basilic pour l&rsquo;hiver ?"}]},{"@type":"WebSite","@id":"https:\/\/flashmode.tn\/magazine\/#website","url":"https:\/\/flashmode.tn\/magazine\/","name":"Flashmode Magazine | Magazine de mode et style de vie Num\u00e9ro un en Tunisie et au Maghreb","description":"Magazine de mode et style de vie Num\u00e9ro un en Tunisie et au Maghreb, cr\u00e9\u00e9 pour les hommes et les femmes : conseils beaut\u00e9, mode femme, mode homme, recettes de cuisine, c\u00e9l\u00e9brit\u00e9s et people, mannequins et top modeles","potentialAction":[{"@type":"SearchAction","target":{"@type":"EntryPoint","urlTemplate":"https:\/\/flashmode.tn\/magazine\/?s={search_term_string}"},"query-input":{"@type":"PropertyValueSpecification","valueRequired":true,"valueName":"search_term_string"}}],"inLanguage":"fr-FR"},{"@type":"Person","@id":"https:\/\/flashmode.tn\/magazine\/#\/schema\/person\/257d6780605b915a5e352977f0f6f41c","name":"EventsEditors","image":{"@type":"ImageObject","inLanguage":"fr-FR","@id":"https:\/\/flashmode.tn\/magazine\/#\/schema\/person\/image\/","url":"https:\/\/secure.gravatar.com\/avatar\/e2daedf958f66be37c9a79abe56184d85cd1baa6bba0dd8017e3f7d01555232f?s=96&d=mm&r=g","contentUrl":"https:\/\/secure.gravatar.com\/avatar\/e2daedf958f66be37c9a79abe56184d85cd1baa6bba0dd8017e3f7d01555232f?s=96&d=mm&r=g","caption":"EventsEditors"},"url":"https:\/\/flashmode.tn\/magazine\/author\/eventseditors\/"}]}},"jetpack_publicize_connections":[],"jetpack_featured_media_url":"","jetpack_shortlink":"https:\/\/wp.me\/p8BPGr-eZn","jetpack_sharing_enabled":true,"_links":{"self":[{"href":"https:\/\/flashmode.tn\/magazine\/wp-json\/wp\/v2\/posts\/57621","targetHints":{"allow":["GET"]}}],"collection":[{"href":"https:\/\/flashmode.tn\/magazine\/wp-json\/wp\/v2\/posts"}],"about":[{"href":"https:\/\/flashmode.tn\/magazine\/wp-json\/wp\/v2\/types\/post"}],"author":[{"embeddable":true,"href":"https:\/\/flashmode.tn\/magazine\/wp-json\/wp\/v2\/users\/6"}],"replies":[{"embeddable":true,"href":"https:\/\/flashmode.tn\/magazine\/wp-json\/wp\/v2\/comments?post=57621"}],"version-history":[{"count":0,"href":"https:\/\/flashmode.tn\/magazine\/wp-json\/wp\/v2\/posts\/57621\/revisions"}],"wp:attachment":[{"href":"https:\/\/flashmode.tn\/magazine\/wp-json\/wp\/v2\/media?parent=57621"}],"wp:term":[{"taxonomy":"category","embeddable":true,"href":"https:\/\/flashmode.tn\/magazine\/wp-json\/wp\/v2\/categories?post=57621"},{"taxonomy":"post_tag","embeddable":true,"href":"https:\/\/flashmode.tn\/magazine\/wp-json\/wp\/v2\/tags?post=57621"}],"curies":[{"name":"wp","href":"https:\/\/api.w.org\/{rel}","templated":true}]}}