{"id":57658,"date":"2021-10-22T08:15:04","date_gmt":"2021-10-22T06:15:04","guid":{"rendered":"https:\/\/flashmode.tn\/magazine\/?p=57658"},"modified":"2021-10-22T08:15:04","modified_gmt":"2021-10-22T06:15:04","slug":"quand-repiquer-de-la-mache-2","status":"publish","type":"post","link":"https:\/\/flashmode.tn\/magazine\/quand-repiquer-de-la-mache-2\/","title":{"rendered":"Quand repiquer de la m\u00e2che ?"},"content":{"rendered":"<p>Il est n\u00e9cessaire de les <b>repiquer<\/b> en automne pour pouvoir les consommer au printemps. Bien tasser la terre.<\/p>\n<p>Ainsi, Quand planter la m\u00e2che avec la lune ?<\/p>\n<p>Attendez que la <b>Lune<\/b> soit favorable, c&rsquo;est-<b>\u00e0<\/b>-dire ne <b>Lune<\/b> descendante, pour <b>planter la m\u00e2che<\/b>. Si vous pr\u00e9f\u00e9rez effectuer un semis de <b>m\u00e2che<\/b>, c&rsquo;est en <b>Lune<\/b> montante, donc ascendante, qu&rsquo;il faudra le faire.<\/p>\n<p>ensuite Pourquoi la m\u00e2che ne pousse pas ?<\/p>\n<p>Si vous semez des m\u00e2ches \u00e0 petites graines en \u00e9t\u00e9, elles auront du mal \u00e0 germer, tandis que les m\u00e2ches \u00e0 grosses graines sem\u00e9es trop tardivement souffriront du froid et se d\u00e9velopperont de mani\u00e8re hasardeuse.<\/p>\n<p>Est-il trop tard pour semer de la m\u00e2che ?<\/p>\n<p>Les <b>m\u00e2ches<\/b> se s\u00e8ment \u00e0 la fin de l&rsquo;\u00e9t\u00e9 et l\u00e8vent sur un terrain ferme. <b>Il<\/b> ne faut donc pas travailler la terre en profondeur, un simple coup de grille suffit <b>pour<\/b> l&rsquo;arranger et retirer les herbes ind\u00e9sirables.<\/p>\n<div id=\"ez-toc-container\" class=\"ez-toc-v2_0_81 counter-hierarchy ez-toc-counter ez-toc-grey ez-toc-container-direction\">\n<div class=\"ez-toc-title-container\">\n<p class=\"ez-toc-title\" style=\"cursor:inherit\">Contenus de la page<\/p>\n<span class=\"ez-toc-title-toggle\"><a href=\"#\" class=\"ez-toc-pull-right ez-toc-btn ez-toc-btn-xs ez-toc-btn-default ez-toc-toggle\" aria-label=\"Toggle Table of Content\"><span class=\"ez-toc-js-icon-con\"><span class=\"\"><span class=\"eztoc-hide\" style=\"display:none;\">Toggle<\/span><span class=\"ez-toc-icon-toggle-span\"><svg style=\"fill: #999;color:#999\" xmlns=\"http:\/\/www.w3.org\/2000\/svg\" class=\"list-377408\" width=\"20px\" height=\"20px\" viewBox=\"0 0 24 24\" fill=\"none\"><path d=\"M6 6H4v2h2V6zm14 0H8v2h12V6zM4 11h2v2H4v-2zm16 0H8v2h12v-2zM4 16h2v2H4v-2zm16 0H8v2h12v-2z\" fill=\"currentColor\"><\/path><\/svg><svg style=\"fill: #999;color:#999\" class=\"arrow-unsorted-368013\" xmlns=\"http:\/\/www.w3.org\/2000\/svg\" width=\"10px\" height=\"10px\" viewBox=\"0 0 24 24\" version=\"1.2\" baseProfile=\"tiny\"><path d=\"M18.2 9.3l-6.2-6.3-6.2 6.3c-.2.2-.3.4-.3.7s.1.5.3.7c.2.2.4.3.7.3h11c.3 0 .5-.1.7-.3.2-.2.3-.5.3-.7s-.1-.5-.3-.7zM5.8 14.7l6.2 6.3 6.2-6.3c.2-.2.3-.5.3-.7s-.1-.5-.3-.7c-.2-.2-.4-.3-.7-.3h-11c-.3 0-.5.1-.7.3-.2.2-.3.5-.3.7s.1.5.3.7z\"\/><\/svg><\/span><\/span><\/span><\/a><\/span><\/div>\n<nav><ul class='ez-toc-list ez-toc-list-level-1 ' ><li class='ez-toc-page-1 ez-toc-heading-level-2'><a class=\"ez-toc-link ez-toc-heading-1\" href=\"https:\/\/flashmode.tn\/magazine\/quand-repiquer-de-la-mache-2\/#Quand_semer_la_mache_avec_la_lune_2021\" >Quand semer la m\u00e2che avec la lune 2021 ?<\/a><\/li><li class='ez-toc-page-1 ez-toc-heading-level-2'><a class=\"ez-toc-link ez-toc-heading-2\" href=\"https:\/\/flashmode.tn\/magazine\/quand-repiquer-de-la-mache-2\/#Quand_planter_les_tomates_en_2021\" >Quand planter les tomates en 2021 ?<\/a><\/li><li class='ez-toc-page-1 ez-toc-heading-level-2'><a class=\"ez-toc-link ez-toc-heading-3\" href=\"https:\/\/flashmode.tn\/magazine\/quand-repiquer-de-la-mache-2\/#Quand_planter_les_plants_de_salades\" >Quand planter les plants de salades ?<\/a><\/li><li class='ez-toc-page-1 ez-toc-heading-level-2'><a class=\"ez-toc-link ez-toc-heading-4\" href=\"https:\/\/flashmode.tn\/magazine\/quand-repiquer-de-la-mache-2\/#Comment_eclaircir_la_mache\" >Comment \u00e9claircir la m\u00e2che ?<\/a><\/li><li class='ez-toc-page-1 ez-toc-heading-level-2'><a class=\"ez-toc-link ez-toc-heading-5\" href=\"https:\/\/flashmode.tn\/magazine\/quand-repiquer-de-la-mache-2\/#Est-ce_que_la_mache_repousse\" >Est-ce que la m\u00e2che repousse ?<\/a><\/li><li class='ez-toc-page-1 ez-toc-heading-level-2'><a class=\"ez-toc-link ez-toc-heading-6\" href=\"https:\/\/flashmode.tn\/magazine\/quand-repiquer-de-la-mache-2\/#Comment_arroser_la_mache\" >Comment arroser la m\u00e2che ?<\/a><\/li><li class='ez-toc-page-1 ez-toc-heading-level-2'><a class=\"ez-toc-link ez-toc-heading-7\" href=\"https:\/\/flashmode.tn\/magazine\/quand-repiquer-de-la-mache-2\/#Quelle_est_la_meilleure_mache\" >Quelle est la meilleure m\u00e2che ?<\/a><\/li><li class='ez-toc-page-1 ez-toc-heading-level-2'><a class=\"ez-toc-link ez-toc-heading-8\" href=\"https:\/\/flashmode.tn\/magazine\/quand-repiquer-de-la-mache-2\/#Quand_semer_la_mache_en_septembre_2020\" >Quand semer la m\u00e2che en septembre 2020 ?<\/a><\/li><li class='ez-toc-page-1 ez-toc-heading-level-2'><a class=\"ez-toc-link ez-toc-heading-9\" href=\"https:\/\/flashmode.tn\/magazine\/quand-repiquer-de-la-mache-2\/#Quelle_lune_pour_planter_les_salades\" >Quelle lune pour planter les salades ?<\/a><\/li><li class='ez-toc-page-1 ez-toc-heading-level-2'><a class=\"ez-toc-link ez-toc-heading-10\" href=\"https:\/\/flashmode.tn\/magazine\/quand-repiquer-de-la-mache-2\/#Quand_semer_la_mache_en_septembre\" >Quand semer la m\u00e2che en septembre ?<\/a><\/li><li class='ez-toc-page-1 ez-toc-heading-level-2'><a class=\"ez-toc-link ez-toc-heading-11\" href=\"https:\/\/flashmode.tn\/magazine\/quand-repiquer-de-la-mache-2\/#Quand_faire_les_semis_de_tomates_en_2021\" >Quand faire les semis de tomates en 2021 ?<\/a><\/li><li class='ez-toc-page-1 ez-toc-heading-level-2'><a class=\"ez-toc-link ez-toc-heading-12\" href=\"https:\/\/flashmode.tn\/magazine\/quand-repiquer-de-la-mache-2\/#Quand_planter_les_plants_de_tomates_en_pleine_terre\" >Quand planter les plants de tomates en pleine terre ?<\/a><\/li><li class='ez-toc-page-1 ez-toc-heading-level-2'><a class=\"ez-toc-link ez-toc-heading-13\" href=\"https:\/\/flashmode.tn\/magazine\/quand-repiquer-de-la-mache-2\/#Quand_mettre_les_plants_de_tomates_dehors\" >Quand mettre les plants de tomates dehors ?<\/a><\/li><li class='ez-toc-page-1 ez-toc-heading-level-2'><a class=\"ez-toc-link ez-toc-heading-14\" href=\"https:\/\/flashmode.tn\/magazine\/quand-repiquer-de-la-mache-2\/#Quand_planter_les_tomates_en_pleine_terre_avec_la_lune\" >Quand planter les tomates en pleine terre avec la lune ?<\/a><\/li><li class='ez-toc-page-1 ez-toc-heading-level-2'><a class=\"ez-toc-link ez-toc-heading-15\" href=\"https:\/\/flashmode.tn\/magazine\/quand-repiquer-de-la-mache-2\/#Quand_repiquer_les_salades_avec_la_lune\" >Quand repiquer les salades avec la lune ?<\/a><\/li><li class='ez-toc-page-1 ez-toc-heading-level-2'><a class=\"ez-toc-link ez-toc-heading-16\" href=\"https:\/\/flashmode.tn\/magazine\/quand-repiquer-de-la-mache-2\/#Quelle_salade_planter_maintenant\" >Quelle salade planter maintenant ?<\/a><\/li><li class='ez-toc-page-1 ez-toc-heading-level-2'><a class=\"ez-toc-link ez-toc-heading-17\" href=\"https:\/\/flashmode.tn\/magazine\/quand-repiquer-de-la-mache-2\/#Quelles_salades_planter_en_mars\" >Quelles salades planter en mars ?<\/a><\/li><li class='ez-toc-page-1 ez-toc-heading-level-2'><a class=\"ez-toc-link ez-toc-heading-18\" href=\"https:\/\/flashmode.tn\/magazine\/quand-repiquer-de-la-mache-2\/#Comment_eclaircir_jardin\" >Comment \u00e9claircir jardin ?<\/a><\/li><li class='ez-toc-page-1 ez-toc-heading-level-2'><a class=\"ez-toc-link ez-toc-heading-19\" href=\"https:\/\/flashmode.tn\/magazine\/quand-repiquer-de-la-mache-2\/#Comment_eclaircir_le_basilic\" >Comment \u00e9claircir le basilic ?<\/a><\/li><li class='ez-toc-page-1 ez-toc-heading-level-2'><a class=\"ez-toc-link ez-toc-heading-20\" href=\"https:\/\/flashmode.tn\/magazine\/quand-repiquer-de-la-mache-2\/#Comment_eclaircir_ses_semis\" >Comment \u00e9claircir ses semis ?<\/a><\/li><\/ul><\/nav><\/div>\n<h2><span class=\"ez-toc-section\" id=\"Quand_semer_la_mache_avec_la_lune_2021\"><\/span>Quand semer la m\u00e2che avec la lune 2021 ?<span class=\"ez-toc-section-end\"><\/span><\/h2>\n<p><b>Semer en lune<\/b> montante, <b>en<\/b> ligne, <b>de<\/b> ao\u00fbt <b>\u00e0<\/b> octobre.<\/p>\n<h2><span class=\"ez-toc-section\" id=\"Quand_planter_les_tomates_en_2021\"><\/span><strong>Quand planter les tomates en 2021 ?<\/strong><span class=\"ez-toc-section-end\"><\/span><\/h2>\n<p>CALENDRIER LUNAIRE POUR LES SEMIS DE <b>TOMATES 2021<\/b><\/p>\n<p> JOURS FAVORABLES AVRIL <b>2021<\/b>: &#8211; le 3,4 avril, le 13 avril:, le 22,23 avril. JOURS FAVORABLES JUIN <b>2021<\/b>: &#8211; les 6 et 7 juin , 15,16,17 juin, 24 et 25 juin: plantez les <b>tomates<\/b>.<\/p>\n<h2><span class=\"ez-toc-section\" id=\"Quand_planter_les_plants_de_salades\"><\/span><strong>Quand planter les plants de salades ?<\/strong><span class=\"ez-toc-section-end\"><\/span><\/h2>\n<p>Le <b>repiquage<\/b> des <b>salades<\/b> intervient lorsque les jeunes plants issus de semis portent 4 vraies feuilles (environ 4 semaines apr\u00e8s la germination).<\/p>\n<h2><span class=\"ez-toc-section\" id=\"Comment_eclaircir_la_mache\"><\/span><strong>Comment \u00e9claircir la m\u00e2che ?<\/strong><span class=\"ez-toc-section-end\"><\/span><\/h2>\n<p><b>Comment \u00e9claircir la m\u00e2che<\/b> ? Arroser, puis arracher d\u00e9licatement les jeunes plants \u00e0 l&rsquo;aide d&rsquo;un couteau ou d&rsquo;une fourchette en faisant bien attention de ne pas casser la longue racine pour ne garder qu&rsquo;un plant tous les 10 cm. Deux solutions : consommer les jeunes feuilles, ou les repiquer \u00e0 un autre endroit.<\/p>\n<h2><span class=\"ez-toc-section\" id=\"Est-ce_que_la_mache_repousse\"><\/span><strong>Est-ce que la m\u00e2che repousse ?<\/strong><span class=\"ez-toc-section-end\"><\/span><\/h2>\n<p>Elle peut ainsi coloniser le jardin et <b>repousser<\/b> spontan\u00e9ment sur vos planches de culture. Ce n&rsquo;<b>est<\/b> pas une plante tr\u00e8s envahissante et elle occupe le jardin en hiver ce qui pose rarement probl\u00e8me.<\/p>\n<h2><span class=\"ez-toc-section\" id=\"Comment_arroser_la_mache\"><\/span><strong>Comment arroser la m\u00e2che ?<\/strong><span class=\"ez-toc-section-end\"><\/span><\/h2>\n<p>Si l&rsquo;arri\u00e8re saison est s\u00e8che, <b>arroser<\/b> au moins 2 \u00e0 3 fois par semaine surtout en d\u00e9but de culture. Sinon, la <b>m\u00e2che<\/b> se contente des pluies, mais surveiller que la terre reste humif\u00e8re.<\/p>\n<h2><span class=\"ez-toc-section\" id=\"Quelle_est_la_meilleure_mache\"><\/span><strong>Quelle est la meilleure m\u00e2che ?<\/strong><span class=\"ez-toc-section-end\"><\/span><\/h2>\n<p>Si vous souhaitez semer de la <b>m\u00e2che<\/b>, il <b>est<\/b> pr\u00e9f\u00e9rable de vous tourner vers la <b>m\u00e2che<\/b> verte. Cette derni\u00e8re <b>est<\/b> beaucoup plus facile \u00e0 trouver ! Veuillez noter que la <b>m\u00e2che<\/b> verte comporte elle-m\u00eame diverses sous-cat\u00e9gories. Par exemple, la Jade, la Baron, la Trophy ou encore la Cirilla font partie des plus connues.<\/p>\n<h2><span class=\"ez-toc-section\" id=\"Quand_semer_la_mache_en_septembre_2020\"><\/span><strong>Quand semer la m\u00e2che en septembre 2020 ?<\/strong><span class=\"ez-toc-section-end\"><\/span><\/h2>\n<p>Les premi\u00e8res se s\u00e8ment de la fin juillet \u00e0 fin ao\u00fbt, et se r\u00e9coltent environ 60 jours plus tard. Les secondes se s\u00e8ment en <b>septembre<\/b> et octobre, pour une r\u00e9colte de 3 \u00e0 5 mois apr\u00e8s soit durant l&rsquo;hiver jusqu&rsquo;au d\u00e9but du printemps.<\/p>\n<h2><span class=\"ez-toc-section\" id=\"Quelle_lune_pour_planter_les_salades\"><\/span><strong>Quelle lune pour planter les salades ?<\/strong><span class=\"ez-toc-section-end\"><\/span><\/h2>\n<p>La pr\u00e9paration du sol, son enrichissement, l&rsquo;\u00e9claircissage, la <b>plantation<\/b> et l&rsquo;entretien s&rsquo;effectuent de pr\u00e9f\u00e9rence en <b>lune<\/b> descendante, devant le Cancer et le Scorpion. Le semis et la r\u00e9colte se font de pr\u00e9f\u00e9rence en <b>lune<\/b> ascendante, devant les Poissons.<\/p>\n<h2><span class=\"ez-toc-section\" id=\"Quand_semer_la_mache_en_septembre\"><\/span><strong>Quand semer la m\u00e2che en septembre ?<\/strong><span class=\"ez-toc-section-end\"><\/span><\/h2>\n<p>Les premi\u00e8res se s\u00e8ment de la fin juillet \u00e0 fin ao\u00fbt, et se r\u00e9coltent environ 60 jours plus tard. Les secondes se s\u00e8ment en <b>septembre<\/b> et octobre, pour une r\u00e9colte de 3 \u00e0 5 mois apr\u00e8s soit durant l&rsquo;hiver jusqu&rsquo;au d\u00e9but du printemps.<\/p>\n<h2><span class=\"ez-toc-section\" id=\"Quand_faire_les_semis_de_tomates_en_2021\"><\/span><strong>Quand faire les semis de tomates en 2021 ?<\/strong><span class=\"ez-toc-section-end\"><\/span><\/h2>\n<p>CALENDRIER LUNAIRE POUR LES <b>SEMIS DE TOMATES 2021<\/b><\/p>\n<p> JOURS FAVORABLES MARS <b>2021<\/b>: &#8211; le 7,8 mars, le 16,17,18 mars, le 25,26 et 27 mars. JOURS FAVORABLES AVRIL <b>2021<\/b>: &#8211; le 3,4 avril, le 13 avril:, le 22,23 avril. JOURS FAVORABLES JUIN <b>2021<\/b>: &#8211; les 6 et 7 juin , 15,16,17 juin, 24 et 25 juin: plantez les <b>tomates<\/b>.<\/p>\n<h2><span class=\"ez-toc-section\" id=\"Quand_planter_les_plants_de_tomates_en_pleine_terre\"><\/span><strong>Quand planter les plants de tomates en pleine terre ?<\/strong><span class=\"ez-toc-section-end\"><\/span><\/h2>\n<p>Dans le nord, attendre d\u00e9but-mai pour <b>planter<\/b> les <b>tomates<\/b> les plus pr\u00e9coces. Dans le Sud, pour les jardiniers disposant d&rsquo;abris, il est possible d&rsquo;installer les <b>tomates<\/b> d\u00e8s la fin-avril. Attendre 2 semaines de plus pour achever l&rsquo;essentiel de la <b>plantation<\/b> avec les <b>tomates<\/b> de mi-saison et tardives.<\/p>\n<h2><span class=\"ez-toc-section\" id=\"Quand_mettre_les_plants_de_tomates_dehors\"><\/span><strong>Quand mettre les plants de tomates dehors ?<\/strong><span class=\"ez-toc-section-end\"><\/span><\/h2>\n<p>Vers la mi-mai, ou apr\u00e8s les derni\u00e8res gel\u00e9es printani\u00e8res, il est temps de planter vos <b>tomates<\/b> \u00e0 l&rsquo;ext\u00e9rieur. Choisissez un emplacement bien ensoleill\u00e9 (minimum 6 \u00e0 8 heures de soleil) et \u00e0 l&rsquo;abri du vent.<\/p>\n<h2><span class=\"ez-toc-section\" id=\"Quand_planter_les_tomates_en_pleine_terre_avec_la_lune\"><\/span><strong>Quand planter les tomates en pleine terre avec la lune ?<\/strong><span class=\"ez-toc-section-end\"><\/span><\/h2>\n<p>Semez-les en <b>Lune<\/b> montante (ou ascendante) mais repiquez-les et plantez-les en <b>pleine terre<\/b> en <b>Lune<\/b> descendante. Le semis est <b>\u00e0<\/b> envisager si vous souhaitez produire vos propres plants, pour faire des \u00e9conomies ou d\u00e9couvrir de nouvelles vari\u00e9t\u00e9s, de la mi-mars <b>\u00e0<\/b> la mi-avril, en <b>Lune<\/b> montante donc.<\/p>\n<h2><span class=\"ez-toc-section\" id=\"Quand_repiquer_les_salades_avec_la_lune\"><\/span><strong>Quand repiquer les salades avec la lune ?<\/strong><span class=\"ez-toc-section-end\"><\/span><\/h2>\n<p>La plantation des <b>salades<\/b>, \u00e0 partir de plants qu&rsquo;on a fait soi-m\u00eame en pot (ou en godet) ou achet\u00e9s dans le commerce, se fait \u00e9galement en <b>Lune<\/b> descendante.<\/p>\n<h2><span class=\"ez-toc-section\" id=\"Quelle_salade_planter_maintenant\"><\/span><strong>Quelle salade planter maintenant ?<\/strong><span class=\"ez-toc-section-end\"><\/span><\/h2>\n<p><b>  Quelles  <b>   salades  <\/b>  d&rsquo;hiver  <b>   planter  <\/b>  ? <\/b> <\/p>\n<ul>\n<li>   chicor\u00e9e fris\u00e9e.  <\/li>\n<li>   chicor\u00e9e scarole.  <\/li>\n<li>   chicor\u00e9e pain de sucre.  <\/li>\n<li>   cornet d&rsquo;Anjou.  <\/li>\n<li>   chicor\u00e9e rouge.  <\/li>\n<li>   laitue romaine d&rsquo;hiver.  <\/li>\n<li>   m\u00e2che.  <\/li>\n<li>   roquette&#8230;  <\/li>\n<\/ul>\n<h2><span class=\"ez-toc-section\" id=\"Quelles_salades_planter_en_mars\"><\/span><strong>Quelles salades planter en mars ?<\/strong><span class=\"ez-toc-section-end\"><\/span><\/h2>\n<p>Calendrier de plantation des salades <\/p>\n<table>\n<tbody>\n<tr>\n<th>     Mois    <\/th>\n<th>     <b>      Salades     <\/b>     \u00e0 semer    <\/th>\n<\/tr>\n<tr>\n<td>     <b>      Mars     <\/b>    <\/td>\n<td>     Laitues, roquette, cresson    <\/td>\n<\/tr>\n<tr>\n<td>     Avril    <\/td>\n<td>     Scaroles, cresson, \u00e9pinards, laitues, batavia, roquette&#8230;    <\/td>\n<\/tr>\n<tr>\n<td>     Mai    <\/td>\n<td>     Chicor\u00e9es fris\u00e9es, scaroles, cresson, \u00e9pinards, laitues, roquette&#8230;    <\/td>\n<\/tr>\n<tr>\n<td>     Juin    <\/td>\n<td>     Chicor\u00e9es fris\u00e9es, scaroles, pain de sucre, cresson, \u00e9pinards, laitues, pourpier, roquette&#8230;    <\/td>\n<\/tr>\n<\/tbody>\n<\/table>\n<h2><span class=\"ez-toc-section\" id=\"Comment_eclaircir_jardin\"><\/span><strong>Comment \u00e9claircir jardin ?<\/strong><span class=\"ez-toc-section-end\"><\/span><\/h2>\n<p>Une fois les graines germ\u00e9es, et les jeunes plantules pourvus de feuilles, \u00e9liminez en plusieurs pour leur laisser l&rsquo;espace n\u00e9cessaire \u00e0 leur d\u00e9veloppement. Selon le type de l\u00e9gume \u00e0 <b>\u00e9claircir<\/b> : jetez les jeunes plants au compost ou en paillis, repiquez-les plus loin ou mangez-les !<\/p>\n<h2><span class=\"ez-toc-section\" id=\"Comment_eclaircir_le_basilic\"><\/span><strong>Comment \u00e9claircir le basilic ?<\/strong><span class=\"ez-toc-section-end\"><\/span><\/h2>\n<p>On \u00e9claircit une premi\u00e8re fois en laissant beaucoup plus de plantules que n\u00e9cessaire. On les laisse ensuite grandir et \u00e9voluer, puis on enl\u00e8ve les plus faibles. On les laisse grandir encore un peu, puis on enl\u00e8ve encore les plus faibles, ainsi de suite jusqu&rsquo;\u00e0 obtenir le nombre voulu de plants matures.<\/p>\n<h2><span class=\"ez-toc-section\" id=\"Comment_eclaircir_ses_semis\"><\/span><strong>Comment \u00e9claircir ses semis ?<\/strong><span class=\"ez-toc-section-end\"><\/span><\/h2>\n<p><b>  <b>   Comment \u00e9claircir  <\/b>  ? <\/b> <\/p>\n<ol>\n<li>   arrosez copieusement pour faciliter l&rsquo;op\u00e9ration ;  <\/li>\n<li>   rep\u00e9rez les plantules les moins vigoureuses, ou celles qui sont tordues ou qui commencent \u00e0 jaunir ;  <\/li>\n<li>   saisissez la base des plantules entre le pouce et l&rsquo;index et arrachez-les d&rsquo;un geste pr\u00e9cis ;  <\/li>\n<\/ol>\n<h2><strong><\/strong><\/h2>\n<hr \/>\n<p><em>Editeurs: 32 &#8211; R\u00e9f\u00e9rences: 40 articles<\/em><\/p>\n<p><em>N\u2019oubliez pas de partager l\u2019article !<\/em><\/p>\n","protected":false},"excerpt":{"rendered":"<p>Il est n\u00e9cessaire de les repiquer en automne pour pouvoir les consommer au printemps. Bien tasser la terre. Ainsi, Quand planter la m\u00e2che avec la lune ? Attendez que la Lune soit favorable, c&rsquo;est-\u00e0-dire ne Lune descendante, pour planter la m\u00e2che. Si vous pr\u00e9f\u00e9rez effectuer un semis de m\u00e2che, c&rsquo;est en Lune montante, donc ascendante, [&hellip;]<\/p>\n","protected":false},"author":6,"featured_media":0,"comment_status":"open","ping_status":"open","sticky":false,"template":"","format":"standard","meta":{"tdm_status":"","tdm_grid_status":"","_jetpack_memberships_contains_paid_content":false,"footnotes":"","jetpack_publicize_message":"","jetpack_publicize_feature_enabled":true,"jetpack_social_post_already_shared":true,"jetpack_social_options":{"image_generator_settings":{"template":"highway","default_image_id":0,"font":"","enabled":false},"version":2}},"categories":[3457],"tags":[],"class_list":["post-57658","post","type-post","status-publish","format-standard","hentry","category-maison"],"yoast_head":"<!-- This site is optimized with the Yoast SEO Premium plugin v25.0 (Yoast SEO v25.0) - https:\/\/yoast.com\/wordpress\/plugins\/seo\/ -->\n<title>Quand repiquer de la m\u00e2che ?<\/title>\n<meta name=\"description\" content=\"Il est n\u00e9cessaire de les repiquer en automne pour pouvoir les consommer au printemps. Bien tasser la terre. Ainsi, Quand planter la m\u00e2che avec la lune ?\" \/>\n<meta name=\"robots\" content=\"index, follow, max-snippet:-1, max-image-preview:large, max-video-preview:-1\" \/>\n<link rel=\"canonical\" href=\"https:\/\/flashmode.tn\/magazine\/quand-repiquer-de-la-mache-2\/\" \/>\n<meta property=\"og:locale\" content=\"fr_FR\" \/>\n<meta property=\"og:type\" content=\"article\" \/>\n<meta property=\"og:title\" content=\"Quand repiquer de la m\u00e2che ? - Flashmode Magazine | Magazine de mode et style de vie Num\u00e9ro un en Tunisie et au Maghreb\" \/>\n<meta property=\"og:description\" content=\"Il est n\u00e9cessaire de les repiquer en automne pour pouvoir les consommer au printemps. Bien tasser la terre. Ainsi, Quand planter la m\u00e2che avec la lune ?\" \/>\n<meta property=\"og:url\" content=\"https:\/\/flashmode.tn\/magazine\/quand-repiquer-de-la-mache-2\/\" \/>\n<meta property=\"og:site_name\" content=\"Flashmode Magazine | Magazine de mode et style de vie Num\u00e9ro un en Tunisie et au Maghreb\" \/>\n<meta property=\"article:publisher\" content=\"https:\/\/www.facebook.com\/flashmode.magazine\/\" \/>\n<meta property=\"article:published_time\" content=\"2021-10-22T06:15:04+00:00\" \/>\n<meta name=\"author\" content=\"EventsEditors\" \/>\n<meta name=\"twitter:card\" content=\"summary_large_image\" \/>\n<meta name=\"twitter:creator\" content=\"@agenceflashmode\" \/>\n<meta name=\"twitter:site\" content=\"@agenceflashmode\" \/>\n<meta name=\"twitter:label1\" content=\"\u00c9crit par\" \/>\n\t<meta name=\"twitter:data1\" content=\"EventsEditors\" \/>\n\t<meta name=\"twitter:label2\" content=\"Dur\u00e9e de lecture estim\u00e9e\" \/>\n\t<meta name=\"twitter:data2\" content=\"5 minutes\" \/>\n<script type=\"application\/ld+json\" class=\"yoast-schema-graph\">{\"@context\":\"https:\/\/schema.org\",\"@graph\":[{\"@type\":\"WebPage\",\"@id\":\"https:\/\/flashmode.tn\/magazine\/quand-repiquer-de-la-mache-2\/\",\"url\":\"https:\/\/flashmode.tn\/magazine\/quand-repiquer-de-la-mache-2\/\",\"name\":\"Quand repiquer de la m\u00e2che ?\",\"isPartOf\":{\"@id\":\"https:\/\/flashmode.tn\/magazine\/#website\"},\"datePublished\":\"2021-10-22T06:15:04+00:00\",\"author\":{\"@id\":\"https:\/\/flashmode.tn\/magazine\/#\/schema\/person\/257d6780605b915a5e352977f0f6f41c\"},\"description\":\"Il est n\u00e9cessaire de les repiquer en automne pour pouvoir les consommer au printemps. Bien tasser la terre. Ainsi, Quand planter la m\u00e2che avec la lune ?\",\"breadcrumb\":{\"@id\":\"https:\/\/flashmode.tn\/magazine\/quand-repiquer-de-la-mache-2\/#breadcrumb\"},\"inLanguage\":\"fr-FR\",\"potentialAction\":[{\"@type\":\"ReadAction\",\"target\":[\"https:\/\/flashmode.tn\/magazine\/quand-repiquer-de-la-mache-2\/\"]}]},{\"@type\":\"BreadcrumbList\",\"@id\":\"https:\/\/flashmode.tn\/magazine\/quand-repiquer-de-la-mache-2\/#breadcrumb\",\"itemListElement\":[{\"@type\":\"ListItem\",\"position\":1,\"name\":\"Accueil\",\"item\":\"https:\/\/flashmode.tn\/magazine\/\"},{\"@type\":\"ListItem\",\"position\":2,\"name\":\"Quand repiquer de la m\u00e2che ?\"}]},{\"@type\":\"WebSite\",\"@id\":\"https:\/\/flashmode.tn\/magazine\/#website\",\"url\":\"https:\/\/flashmode.tn\/magazine\/\",\"name\":\"Flashmode Magazine | Magazine de mode et style de vie Num\u00e9ro un en Tunisie et au Maghreb\",\"description\":\"Magazine de mode et style de vie Num\u00e9ro un en Tunisie et au Maghreb, cr\u00e9\u00e9 pour les hommes et les femmes : conseils beaut\u00e9, mode femme, mode homme, recettes de cuisine, c\u00e9l\u00e9brit\u00e9s et people, mannequins et top modeles\",\"potentialAction\":[{\"@type\":\"SearchAction\",\"target\":{\"@type\":\"EntryPoint\",\"urlTemplate\":\"https:\/\/flashmode.tn\/magazine\/?s={search_term_string}\"},\"query-input\":{\"@type\":\"PropertyValueSpecification\",\"valueRequired\":true,\"valueName\":\"search_term_string\"}}],\"inLanguage\":\"fr-FR\"},{\"@type\":\"Person\",\"@id\":\"https:\/\/flashmode.tn\/magazine\/#\/schema\/person\/257d6780605b915a5e352977f0f6f41c\",\"name\":\"EventsEditors\",\"image\":{\"@type\":\"ImageObject\",\"inLanguage\":\"fr-FR\",\"@id\":\"https:\/\/flashmode.tn\/magazine\/#\/schema\/person\/image\/\",\"url\":\"https:\/\/secure.gravatar.com\/avatar\/e2daedf958f66be37c9a79abe56184d85cd1baa6bba0dd8017e3f7d01555232f?s=96&d=mm&r=g\",\"contentUrl\":\"https:\/\/secure.gravatar.com\/avatar\/e2daedf958f66be37c9a79abe56184d85cd1baa6bba0dd8017e3f7d01555232f?s=96&d=mm&r=g\",\"caption\":\"EventsEditors\"},\"url\":\"https:\/\/flashmode.tn\/magazine\/author\/eventseditors\/\"}]}<\/script>\n<!-- \/ Yoast SEO Premium plugin. -->","yoast_head_json":{"title":"Quand repiquer de la m\u00e2che ?","description":"Il est n\u00e9cessaire de les repiquer en automne pour pouvoir les consommer au printemps. Bien tasser la terre. Ainsi, Quand planter la m\u00e2che avec la lune ?","robots":{"index":"index","follow":"follow","max-snippet":"max-snippet:-1","max-image-preview":"max-image-preview:large","max-video-preview":"max-video-preview:-1"},"canonical":"https:\/\/flashmode.tn\/magazine\/quand-repiquer-de-la-mache-2\/","og_locale":"fr_FR","og_type":"article","og_title":"Quand repiquer de la m\u00e2che ? - Flashmode Magazine | Magazine de mode et style de vie Num\u00e9ro un en Tunisie et au Maghreb","og_description":"Il est n\u00e9cessaire de les repiquer en automne pour pouvoir les consommer au printemps. Bien tasser la terre. Ainsi, Quand planter la m\u00e2che avec la lune ?","og_url":"https:\/\/flashmode.tn\/magazine\/quand-repiquer-de-la-mache-2\/","og_site_name":"Flashmode Magazine | Magazine de mode et style de vie Num\u00e9ro un en Tunisie et au Maghreb","article_publisher":"https:\/\/www.facebook.com\/flashmode.magazine\/","article_published_time":"2021-10-22T06:15:04+00:00","author":"EventsEditors","twitter_card":"summary_large_image","twitter_creator":"@agenceflashmode","twitter_site":"@agenceflashmode","twitter_misc":{"\u00c9crit par":"EventsEditors","Dur\u00e9e de lecture estim\u00e9e":"5 minutes"},"schema":{"@context":"https:\/\/schema.org","@graph":[{"@type":"WebPage","@id":"https:\/\/flashmode.tn\/magazine\/quand-repiquer-de-la-mache-2\/","url":"https:\/\/flashmode.tn\/magazine\/quand-repiquer-de-la-mache-2\/","name":"Quand repiquer de la m\u00e2che ?","isPartOf":{"@id":"https:\/\/flashmode.tn\/magazine\/#website"},"datePublished":"2021-10-22T06:15:04+00:00","author":{"@id":"https:\/\/flashmode.tn\/magazine\/#\/schema\/person\/257d6780605b915a5e352977f0f6f41c"},"description":"Il est n\u00e9cessaire de les repiquer en automne pour pouvoir les consommer au printemps. Bien tasser la terre. Ainsi, Quand planter la m\u00e2che avec la lune ?","breadcrumb":{"@id":"https:\/\/flashmode.tn\/magazine\/quand-repiquer-de-la-mache-2\/#breadcrumb"},"inLanguage":"fr-FR","potentialAction":[{"@type":"ReadAction","target":["https:\/\/flashmode.tn\/magazine\/quand-repiquer-de-la-mache-2\/"]}]},{"@type":"BreadcrumbList","@id":"https:\/\/flashmode.tn\/magazine\/quand-repiquer-de-la-mache-2\/#breadcrumb","itemListElement":[{"@type":"ListItem","position":1,"name":"Accueil","item":"https:\/\/flashmode.tn\/magazine\/"},{"@type":"ListItem","position":2,"name":"Quand repiquer de la m\u00e2che ?"}]},{"@type":"WebSite","@id":"https:\/\/flashmode.tn\/magazine\/#website","url":"https:\/\/flashmode.tn\/magazine\/","name":"Flashmode Magazine | Magazine de mode et style de vie Num\u00e9ro un en Tunisie et au Maghreb","description":"Magazine de mode et style de vie Num\u00e9ro un en Tunisie et au Maghreb, cr\u00e9\u00e9 pour les hommes et les femmes : conseils beaut\u00e9, mode femme, mode homme, recettes de cuisine, c\u00e9l\u00e9brit\u00e9s et people, mannequins et top modeles","potentialAction":[{"@type":"SearchAction","target":{"@type":"EntryPoint","urlTemplate":"https:\/\/flashmode.tn\/magazine\/?s={search_term_string}"},"query-input":{"@type":"PropertyValueSpecification","valueRequired":true,"valueName":"search_term_string"}}],"inLanguage":"fr-FR"},{"@type":"Person","@id":"https:\/\/flashmode.tn\/magazine\/#\/schema\/person\/257d6780605b915a5e352977f0f6f41c","name":"EventsEditors","image":{"@type":"ImageObject","inLanguage":"fr-FR","@id":"https:\/\/flashmode.tn\/magazine\/#\/schema\/person\/image\/","url":"https:\/\/secure.gravatar.com\/avatar\/e2daedf958f66be37c9a79abe56184d85cd1baa6bba0dd8017e3f7d01555232f?s=96&d=mm&r=g","contentUrl":"https:\/\/secure.gravatar.com\/avatar\/e2daedf958f66be37c9a79abe56184d85cd1baa6bba0dd8017e3f7d01555232f?s=96&d=mm&r=g","caption":"EventsEditors"},"url":"https:\/\/flashmode.tn\/magazine\/author\/eventseditors\/"}]}},"jetpack_publicize_connections":[],"jetpack_featured_media_url":"","jetpack_shortlink":"https:\/\/wp.me\/p8BPGr-eZY","jetpack_sharing_enabled":true,"_links":{"self":[{"href":"https:\/\/flashmode.tn\/magazine\/wp-json\/wp\/v2\/posts\/57658","targetHints":{"allow":["GET"]}}],"collection":[{"href":"https:\/\/flashmode.tn\/magazine\/wp-json\/wp\/v2\/posts"}],"about":[{"href":"https:\/\/flashmode.tn\/magazine\/wp-json\/wp\/v2\/types\/post"}],"author":[{"embeddable":true,"href":"https:\/\/flashmode.tn\/magazine\/wp-json\/wp\/v2\/users\/6"}],"replies":[{"embeddable":true,"href":"https:\/\/flashmode.tn\/magazine\/wp-json\/wp\/v2\/comments?post=57658"}],"version-history":[{"count":0,"href":"https:\/\/flashmode.tn\/magazine\/wp-json\/wp\/v2\/posts\/57658\/revisions"}],"wp:attachment":[{"href":"https:\/\/flashmode.tn\/magazine\/wp-json\/wp\/v2\/media?parent=57658"}],"wp:term":[{"taxonomy":"category","embeddable":true,"href":"https:\/\/flashmode.tn\/magazine\/wp-json\/wp\/v2\/categories?post=57658"},{"taxonomy":"post_tag","embeddable":true,"href":"https:\/\/flashmode.tn\/magazine\/wp-json\/wp\/v2\/tags?post=57658"}],"curies":[{"name":"wp","href":"https:\/\/api.w.org\/{rel}","templated":true}]}}