{"id":57791,"date":"2021-12-10T06:46:12","date_gmt":"2021-12-10T05:46:12","guid":{"rendered":"https:\/\/flashmode.tn\/magazine\/?p=57791"},"modified":"2021-12-10T06:46:12","modified_gmt":"2021-12-10T05:46:12","slug":"comment-decongeler-des-abricots","status":"publish","type":"post","link":"https:\/\/flashmode.tn\/magazine\/comment-decongeler-des-abricots\/","title":{"rendered":"Comment d\u00e9congeler des abricots ?"},"content":{"rendered":"<p>Au moment de la d\u00e9cong\u00e9lation, placez-les vingt-quatre heures au r\u00e9frig\u00e9rateur pour qu&rsquo;ils d\u00e9cong\u00e8lent en douceur. Cela \u00e9vite d&rsquo;avoir des fruits ramollis. Avec cette m\u00e9thode, les <b>abricots<\/b> se conservent tr\u00e8s bien et on peut en disposer toute l&rsquo;ann\u00e9e.<\/p>\n<p>Ainsi, Quels sont les fruits que l&rsquo;on peut congeler ?<\/p>\n<p>Les baies, les griottes et la rhubarbe (en tron\u00e7ons) se cong\u00e8lent tr\u00e8s bien. Les poires, les fraises et les cerises ont tendance \u00e0 devenir trop molles une fois d\u00e9gel\u00e9es il vaut donc mieux les <b>congeler<\/b> en compote, en pur\u00e9e ou en coulis. Les agrumes et les kiwis ne supportent la <b>cong\u00e9lation<\/b>, que sous forme de coulis.<\/p>\n<p>ensuite Comment garder des abricots frais ?<\/p>\n<p>Une fois que les <b>abricots<\/b> sont m\u00fbrs, il vaut mieux les manger rapidement, autrement ils risquent de se d\u00e9grader tr\u00e8s vite ! Pour les conserver plus longtemps et ralentir leur m\u00fbrissement, vous pouvez les placer dans le bac \u00e0 l\u00e9gumes de votre r\u00e9frig\u00e9rateur.<\/p>\n<p>Comment congeler un clafoutis ?<\/p>\n<p>Le <b>clafoutis<\/b> se cong\u00e8le de pr\u00e9f\u00e9rence dans un emballage d&rsquo;aluminium herm\u00e9tique et scell\u00e9 avec un ruban adh\u00e9sif qui r\u00e9siste bien au froid. Il faut veiller \u00e0 bien \u00e9vacuer l&rsquo;air avant de le mettre au cong\u00e9lateur.<\/p>\n<div id=\"ez-toc-container\" class=\"ez-toc-v2_0_81 counter-hierarchy ez-toc-counter ez-toc-grey ez-toc-container-direction\">\n<div class=\"ez-toc-title-container\">\n<p class=\"ez-toc-title\" style=\"cursor:inherit\">Contenus de la page<\/p>\n<span class=\"ez-toc-title-toggle\"><a href=\"#\" class=\"ez-toc-pull-right ez-toc-btn ez-toc-btn-xs ez-toc-btn-default ez-toc-toggle\" aria-label=\"Toggle Table of Content\"><span class=\"ez-toc-js-icon-con\"><span class=\"\"><span class=\"eztoc-hide\" style=\"display:none;\">Toggle<\/span><span class=\"ez-toc-icon-toggle-span\"><svg style=\"fill: #999;color:#999\" xmlns=\"http:\/\/www.w3.org\/2000\/svg\" class=\"list-377408\" width=\"20px\" height=\"20px\" viewBox=\"0 0 24 24\" fill=\"none\"><path d=\"M6 6H4v2h2V6zm14 0H8v2h12V6zM4 11h2v2H4v-2zm16 0H8v2h12v-2zM4 16h2v2H4v-2zm16 0H8v2h12v-2z\" fill=\"currentColor\"><\/path><\/svg><svg style=\"fill: #999;color:#999\" class=\"arrow-unsorted-368013\" xmlns=\"http:\/\/www.w3.org\/2000\/svg\" width=\"10px\" height=\"10px\" viewBox=\"0 0 24 24\" version=\"1.2\" baseProfile=\"tiny\"><path d=\"M18.2 9.3l-6.2-6.3-6.2 6.3c-.2.2-.3.4-.3.7s.1.5.3.7c.2.2.4.3.7.3h11c.3 0 .5-.1.7-.3.2-.2.3-.5.3-.7s-.1-.5-.3-.7zM5.8 14.7l6.2 6.3 6.2-6.3c.2-.2.3-.5.3-.7s-.1-.5-.3-.7c-.2-.2-.4-.3-.7-.3h-11c-.3 0-.5.1-.7.3-.2.2-.3.5-.3.7s.1.5.3.7z\"\/><\/svg><\/span><\/span><\/span><\/a><\/span><\/div>\n<nav><ul class='ez-toc-list ez-toc-list-level-1 ' ><li class='ez-toc-page-1 ez-toc-heading-level-2'><a class=\"ez-toc-link ez-toc-heading-1\" href=\"https:\/\/flashmode.tn\/magazine\/comment-decongeler-des-abricots\/#Comment_congeler_de_la_compote_dabricot\" >Comment congeler de la compote d&rsquo;abricot ?<\/a><\/li><li class='ez-toc-page-1 ez-toc-heading-level-2'><a class=\"ez-toc-link ez-toc-heading-2\" href=\"https:\/\/flashmode.tn\/magazine\/comment-decongeler-des-abricots\/#Quel_fruit_ne_pas_congeler\" >Quel fruit ne pas congeler ?<\/a><\/li><li class='ez-toc-page-1 ez-toc-heading-level-2'><a class=\"ez-toc-link ez-toc-heading-3\" href=\"https:\/\/flashmode.tn\/magazine\/comment-decongeler-des-abricots\/#Quels_fruits_et_legumes_Peut-on_congeler\" >Quels fruits et l\u00e9gumes Peut-on congeler ?<\/a><\/li><li class='ez-toc-page-1 ez-toc-heading-level-2'><a class=\"ez-toc-link ez-toc-heading-4\" href=\"https:\/\/flashmode.tn\/magazine\/comment-decongeler-des-abricots\/#Comment_conserver_les_fruits_au_congelateur\" >Comment conserver les fruits au cong\u00e9lateur ?<\/a><\/li><li class='ez-toc-page-1 ez-toc-heading-level-2'><a class=\"ez-toc-link ez-toc-heading-5\" href=\"https:\/\/flashmode.tn\/magazine\/comment-decongeler-des-abricots\/#Quand_achete_des_abricots_a_confiture\" >Quand achet\u00e9 des abricots \u00e0 confiture ?<\/a><\/li><li class='ez-toc-page-1 ez-toc-heading-level-2'><a class=\"ez-toc-link ez-toc-heading-6\" href=\"https:\/\/flashmode.tn\/magazine\/comment-decongeler-des-abricots\/#Quel_mois_labricot_nest_pas_de_saison\" >Quel mois l&rsquo;abricot n&rsquo;est pas de saison ?<\/a><\/li><li class='ez-toc-page-1 ez-toc-heading-level-2'><a class=\"ez-toc-link ez-toc-heading-7\" href=\"https:\/\/flashmode.tn\/magazine\/comment-decongeler-des-abricots\/#Quelle_variete_dabricots_pour_la_confiture\" >Quelle vari\u00e9t\u00e9 d&rsquo;abricots pour la confiture ?<\/a><\/li><li class='ez-toc-page-1 ez-toc-heading-level-2'><a class=\"ez-toc-link ez-toc-heading-8\" href=\"https:\/\/flashmode.tn\/magazine\/comment-decongeler-des-abricots\/#Comment_se_conserve_un_clafoutis\" >Comment se conserve un clafoutis ?<\/a><\/li><li class='ez-toc-page-1 ez-toc-heading-level-2'><a class=\"ez-toc-link ez-toc-heading-9\" href=\"https:\/\/flashmode.tn\/magazine\/comment-decongeler-des-abricots\/#Comment_congeler_des_cerises\" >Comment congeler des cerises ?<\/a><\/li><li class='ez-toc-page-1 ez-toc-heading-level-2'><a class=\"ez-toc-link ez-toc-heading-10\" href=\"https:\/\/flashmode.tn\/magazine\/comment-decongeler-des-abricots\/#Comment_congeler_un_far_breton\" >Comment congeler un far breton ?<\/a><\/li><li class='ez-toc-page-1 ez-toc-heading-level-2'><a class=\"ez-toc-link ez-toc-heading-11\" href=\"https:\/\/flashmode.tn\/magazine\/comment-decongeler-des-abricots\/#Comment_conserver_la_compote_sans_steriliser\" >Comment conserver la compote sans st\u00e9riliser ?<\/a><\/li><li class='ez-toc-page-1 ez-toc-heading-level-2'><a class=\"ez-toc-link ez-toc-heading-12\" href=\"https:\/\/flashmode.tn\/magazine\/comment-decongeler-des-abricots\/#Comment_congeler_des_fruits_crus\" >Comment congeler des fruits crus ?<\/a><\/li><li class='ez-toc-page-1 ez-toc-heading-level-2'><a class=\"ez-toc-link ez-toc-heading-13\" href=\"https:\/\/flashmode.tn\/magazine\/comment-decongeler-des-abricots\/#Comment_faire_pour_congeler_des_poires\" >Comment faire pour congeler des poires ?<\/a><\/li><li class='ez-toc-page-1 ez-toc-heading-level-2'><a class=\"ez-toc-link ez-toc-heading-14\" href=\"https:\/\/flashmode.tn\/magazine\/comment-decongeler-des-abricots\/#Quest-ce_que_lon_ne_peut_pas_congeler\" >Qu&rsquo;est-ce que l&rsquo;on ne peut pas congeler ?<\/a><\/li><li class='ez-toc-page-1 ez-toc-heading-level-2'><a class=\"ez-toc-link ez-toc-heading-15\" href=\"https:\/\/flashmode.tn\/magazine\/comment-decongeler-des-abricots\/#Est-ce_que_tout_peut_se_congeler\" >Est-ce que tout peut se congeler ?<\/a><\/li><li class='ez-toc-page-1 ez-toc-heading-level-2'><a class=\"ez-toc-link ez-toc-heading-16\" href=\"https:\/\/flashmode.tn\/magazine\/comment-decongeler-des-abricots\/#Est-ce_que_la_congelation_tue_les_vitamines\" >Est-ce que la cong\u00e9lation tue les vitamines ?<\/a><\/li><li class='ez-toc-page-1 ez-toc-heading-level-2'><a class=\"ez-toc-link ez-toc-heading-17\" href=\"https:\/\/flashmode.tn\/magazine\/comment-decongeler-des-abricots\/#Quel_legumes_Peut-on_congeler_cru\" >Quel l\u00e9gumes Peut-on congeler cru ?<\/a><\/li><li class='ez-toc-page-1 ez-toc-heading-level-2'><a class=\"ez-toc-link ez-toc-heading-18\" href=\"https:\/\/flashmode.tn\/magazine\/comment-decongeler-des-abricots\/#Quel_legumes_ne_pas_congeler\" >Quel l\u00e9gumes ne pas congeler ?<\/a><\/li><li class='ez-toc-page-1 ez-toc-heading-level-2'><a class=\"ez-toc-link ez-toc-heading-19\" href=\"https:\/\/flashmode.tn\/magazine\/comment-decongeler-des-abricots\/#Pourquoi_Faut-il_blanchir_les_legumes_avant_de_les_congeler\" >Pourquoi Faut-il blanchir les l\u00e9gumes avant de les congeler ?<\/a><\/li><\/ul><\/nav><\/div>\n<h2><span class=\"ez-toc-section\" id=\"Comment_congeler_de_la_compote_dabricot\"><\/span>Comment congeler de la compote d&rsquo;abricot ?<span class=\"ez-toc-section-end\"><\/span><\/h2>\n<p>R\u00e9partissez la <b>compote<\/b> pour b\u00e9b\u00e9 dans des bacs \u00e0 gla\u00e7ons de taille ad\u00e9quate, mettez au cong\u00e9lateur une nuit, et le lendemain, d\u00e9moulez et mettez dans des sacs de cong\u00e9lation que vous refermez en \u00f4tant l&rsquo;air et que vous remettrez au cong\u00e9lateur.<\/p>\n<h2><span class=\"ez-toc-section\" id=\"Quel_fruit_ne_pas_congeler\"><\/span><strong>Quel fruit ne pas congeler ?<\/strong><span class=\"ez-toc-section-end\"><\/span><\/h2>\n<p>La past\u00e8que et le melon<\/p>\n<p> En effet, l&rsquo;eau pr\u00e9sente va se solidifier et lors de la d\u00e9cong\u00e9lation elle va en partie s&rsquo;\u00e9vaporer ou sortir du <b>fruit<\/b>. Le r\u00e9sultat est une past\u00e8que molle, qui aura perdu de sa tenue. Ce <b>n&rsquo;est<\/b> donc <b>pas<\/b> une bonne id\u00e9e de <b>congeler<\/b> ce genre de <b>fruits<\/b>.<\/p>\n<h2><span class=\"ez-toc-section\" id=\"Quels_fruits_et_legumes_Peut-on_congeler\"><\/span><strong>Quels fruits et l\u00e9gumes Peut-on congeler ?<\/strong><span class=\"ez-toc-section-end\"><\/span><\/h2>\n<ul>\n<li>   Asperges: de deux \u00e0 quatre minutes selon la grosseur.  <\/li>\n<li>   Betteraves: cuire avant de   <b>    congeler   <\/b>   .  <\/li>\n<li>   Brocoli et chou-fleur en morceaux: 3 minutes.  <\/li>\n<li>   Carottes: enti\u00e8res, 5 minutes; en morceaux, 3 minutes.  <\/li>\n<li>   \u00c9pinards: 3 minutes.  <\/li>\n<li>   Haricots: 3 minutes.  <\/li>\n<li>   Pois verts ou pois mange-tout: 1 1\/2 minute.  <\/li>\n<li>   Courgettes: 30 secondes.  <\/li>\n<\/ul>\n<h2><span class=\"ez-toc-section\" id=\"Comment_conserver_les_fruits_au_congelateur\"><\/span><strong>Comment conserver les fruits au cong\u00e9lateur ?<\/strong><span class=\"ez-toc-section-end\"><\/span><\/h2>\n<p>Ensacher les <b>fruits<\/b> en portions (selon vos besoins et habitudes culinaires) dans des sachets de <b>cong\u00e9lation<\/b> zipp\u00e9s (ou les placer dans des boites herm\u00e9tiques). Remettre les sachets (ou boites) de <b>fruits<\/b> congel\u00e9s au froid. Vous pourrez les <b>conserver<\/b> ainsi 10 \u00e0 12 mois.<\/p>\n<h2><span class=\"ez-toc-section\" id=\"Quand_achete_des_abricots_a_confiture\"><\/span><strong>Quand achet\u00e9 des abricots \u00e0 confiture ?<\/strong><span class=\"ez-toc-section-end\"><\/span><\/h2>\n<p>Le printemps est la saison de la <b>confiture<\/b> d&rsquo;<b>abricot<\/b>. Faite maison, bio ou industrielle, la <b>confiture<\/b> d&rsquo;<b>abricot<\/b>, en dehors du petit d\u00e9jeuner, peut tout aussi bien se savourer \u00e0 n&rsquo;importe quel moment de la journ\u00e9e.<\/p>\n<h2><span class=\"ez-toc-section\" id=\"Quel_mois_labricot_nest_pas_de_saison\"><\/span><strong>Quel mois l&rsquo;abricot n&rsquo;est pas de saison ?<\/strong><span class=\"ez-toc-section-end\"><\/span><\/h2>\n<p>L&rsquo;<b>abricot<\/b>, le go\u00fbt des vacances | Minist\u00e8re de l&rsquo;Agriculture et de l&rsquo;Alimentation. L&rsquo;<b>abricot<\/b> est l&rsquo;un des premiers fruits de l&rsquo;\u00e9t\u00e9. Issu de trois bassins de productions principaux en France &#8211; Vall\u00e9e du Rh\u00f4ne, Roussillon et Provence-Alpes-C\u00f4te-d&rsquo;Azur &#8211; l&rsquo;<b>abricot<\/b> fran\u00e7ais se consomme de mi-mai \u00e0 mi-septembre.<\/p>\n<h2><span class=\"ez-toc-section\" id=\"Quelle_variete_dabricots_pour_la_confiture\"><\/span><strong>Quelle vari\u00e9t\u00e9 d&rsquo;abricots pour la confiture ?<\/strong><span class=\"ez-toc-section-end\"><\/span><\/h2>\n<p>La vari\u00e9t\u00e9 la plus classique <b>pour<\/b> les <b>confitures<\/b> sont les <b>abricots<\/b> bergeron. Ce sont de gros <b>abricots<\/b> bien dodus, assez fondants, et surtout gorg\u00e9s de sucre. On peut faire de la <b>confiture<\/b> avec n&rsquo;importe <b>quel abricot<\/b>, mais il faut veiller \u00e0 ce qu&rsquo;ils soient bien m\u00fbrs et sucr\u00e9s.<\/p>\n<h2><span class=\"ez-toc-section\" id=\"Comment_se_conserve_un_clafoutis\"><\/span><strong>Comment se conserve un clafoutis ?<\/strong><span class=\"ez-toc-section-end\"><\/span><\/h2>\n<p>Il est pr\u00e9f\u00e9rable de <b>conserver<\/b> les tartes et les g\u00e2teaux fourr\u00e9s ou napp\u00e9s au frigo. Entremets, <b>clafoutis<\/b>, charlottes, mille-feuilles, \u00e9clair au chocolat et autres g\u00e2teaux \u00e0 base de cr\u00e8me et chantilly ne doivent pas rester trop longtemps dehors. Servez-vous une part et rangez aussit\u00f4t la p\u00e2tisserie au frigo.<\/p>\n<h2><span class=\"ez-toc-section\" id=\"Comment_congeler_des_cerises\"><\/span><strong>Comment congeler des cerises ?<\/strong><span class=\"ez-toc-section-end\"><\/span><\/h2>\n<p>Vous ne souhaitez pas d\u00e9noyauter vos <b>cerises<\/b> ? D\u00e9posez-les dans un r\u00e9cipient suffisamment large pour qu&rsquo;elles ne se touchent pas. Disposez au cong\u00e9lateur pendant deux \u00e0 trois heures. Une fois le temps \u00e9coul\u00e9, glissez vos <b>cerises<\/b> dans un sachet herm\u00e9tique et placez-les \u00e0 nouveau au cong\u00e9lateur.<\/p>\n<h2><span class=\"ez-toc-section\" id=\"Comment_congeler_un_far_breton\"><\/span><strong>Comment congeler un far breton ?<\/strong><span class=\"ez-toc-section-end\"><\/span><\/h2>\n<p>Je l&rsquo;avais congel\u00e9 en l&rsquo;enveloppant soigneusement dans du papier film qui adh\u00e9rait bien au <b>far<\/b>. Pour la d\u00e9cong\u00e9lation je l&rsquo;ai d\u00e9ball\u00e9 et laiss\u00e9 d\u00e9congeler \u00e0 temp\u00e9rature ambiante dans une assiette recouverte d&rsquo;un couvercle.<\/p>\n<h2><span class=\"ez-toc-section\" id=\"Comment_conserver_la_compote_sans_steriliser\"><\/span><strong>Comment conserver la compote sans st\u00e9riliser ?<\/strong><span class=\"ez-toc-section-end\"><\/span><\/h2>\n<p>Tout d&rsquo;abord, le citron \u00e9tant un conservateur naturel, ajoutez-en un peu \u00e0 la fin de la cuisson. Ensuite, versez votre <b>compote<\/b> dans un Tupperware \u00ae ou dans un pot \u00e0 couvercle tr\u00e8s herm\u00e9tique (comme un pot de confiture). \u00c9videmment, attendez que votre pr\u00e9paration ait refroidi avant de la placer au r\u00e9frig\u00e9rateur.<\/p>\n<h2><span class=\"ez-toc-section\" id=\"Comment_congeler_des_fruits_crus\"><\/span><strong>Comment congeler des fruits crus ?<\/strong><span class=\"ez-toc-section-end\"><\/span><\/h2>\n<p>Placer le plateau au cong\u00e9lateur pour 24 h afin que les <b>fruits<\/b> durcissent bien. Ensacher les <b>fruits<\/b> en portions (selon vos besoins et habitudes culinaires) dans des sachets de cong\u00e9lation zipp\u00e9s (ou les placer dans des boites herm\u00e9tiques). Remettre les sachets (ou boites) de <b>fruits<\/b> congel\u00e9s au froid.<\/p>\n<h2><span class=\"ez-toc-section\" id=\"Comment_faire_pour_congeler_des_poires\"><\/span><strong>Comment faire pour congeler des poires ?<\/strong><span class=\"ez-toc-section-end\"><\/span><\/h2>\n<p><b>  <b>   Comment  <\/b>  conserver des  <b>   poires  <\/b>  au cong\u00e9lateur ? <\/b> <\/p>\n<ol>\n<li>   lavez-les, \u00e9pluchez-les, coupez-les en deux et \u00e9p\u00e9pinez-les ;  <\/li>\n<li>   arrosez vos   <b>    poires   <\/b>   d&rsquo;un filet   <b>    de   <\/b>   citron   <b>    pour   <\/b>   \u00e9viter qu&rsquo;elles ne s&rsquo;oxydent ;  <\/li>\n<li>   faites une premi\u00e8re   <b>    cong\u00e9lation de   <\/b>   12 \u00e0 24 heures en disposant les demi-   <b>    poires   <\/b>   \u00e0 plat sur une plaque couverte d&rsquo;un papier cuisson ;  <\/li>\n<\/ol>\n<h2><span class=\"ez-toc-section\" id=\"Quest-ce_que_lon_ne_peut_pas_congeler\"><\/span><strong>Qu&rsquo;est-ce que l&rsquo;on ne peut pas congeler ?<\/strong><span class=\"ez-toc-section-end\"><\/span><\/h2>\n<p><b>  Voici les 8 aliments \u00e0  <b>   ne  <\/b>  surtout  <b>   pas congeler  <\/b> <\/b> <\/p>\n<ul>\n<li>   Le concombre. Past\u00e8que, melon, concombre\u2026 &#8230;  <\/li>\n<li>   Les \u0153ufs. C&rsquo;   <b>    est   <\/b>   une tr\u00e8s mauvaise id\u00e9e de glisser ses \u0153ufs dans le cong\u00e9lateur. &#8230;  <\/li>\n<li>   Les fromages frais ou \u00e0 p\u00e2te molle. Les fromages frais (ch\u00e8vre) et \u00e0 p\u00e2te molle (camembert) sont riches en eau. &#8230;  <\/li>\n<li>   Les pommes de terre. &#8230;  <\/li>\n<li>   Les sauces. &#8230;  <\/li>\n<li>   Le pain.  <\/li>\n<\/ul>\n<h2><span class=\"ez-toc-section\" id=\"Est-ce_que_tout_peut_se_congeler\"><\/span><strong>Est-ce que tout peut se congeler ?<\/strong><span class=\"ez-toc-section-end\"><\/span><\/h2>\n<p><b>Peut<\/b>-on <b>congeler tout<\/b> et n&rsquo;importe quoi ? Pour la plupart des produits, la r\u00e9ponse <b>est<\/b> oui, mais il existe cependant une petite liste noire des ennemis du grand froid\u2026 &#8211; Les \u0153ufs : la prolif\u00e9ration bact\u00e9rienne qui revient au galop d\u00e8s la d\u00e9cong\u00e9lation y <b>est<\/b> particuli\u00e8rement virulente.<\/p>\n<h2><span class=\"ez-toc-section\" id=\"Est-ce_que_la_congelation_tue_les_vitamines\"><\/span><strong>Est-ce que la cong\u00e9lation tue les vitamines ?<\/strong><span class=\"ez-toc-section-end\"><\/span><\/h2>\n<p>\u00abUn l\u00e9gume surgel\u00e9 peut contenir plus de <b>vitamines<\/b> qu&rsquo;un l\u00e9gume \u201cfrais\u201d qui a tra\u00een\u00e9 plusieurs jours sur un \u00e9tal puis dans la cuisine\u00bb, rench\u00e9rit le docteur Jacques Fricker, nutritionniste \u00e0 l&rsquo;h\u00f4pital Bichat \u00e0 Paris. S&rsquo;agissant des poissons, leurs prot\u00e9ines, min\u00e9raux et glucides r\u00e9sistent \u00e0 la <b>cong\u00e9lation<\/b>.<\/p>\n<h2><span class=\"ez-toc-section\" id=\"Quel_legumes_Peut-on_congeler_cru\"><\/span><strong>Quel l\u00e9gumes Peut-on congeler cru ?<\/strong><span class=\"ez-toc-section-end\"><\/span><\/h2>\n<p>haricot, pois mange-tout, petits pois, chou-fleur, brocoli, chou romanesco, colrave, chou blanc, chou rouge, chou fris\u00e9, choux de Bruxelles, courgette, fenouil, salsifis, c\u00e9leri-rave, asperges, \u00e9pinards. Pourquoi les blanchir?<\/p>\n<h2><span class=\"ez-toc-section\" id=\"Quel_legumes_ne_pas_congeler\"><\/span><strong>Quel l\u00e9gumes ne pas congeler ?<\/strong><span class=\"ez-toc-section-end\"><\/span><\/h2>\n<p><b>  Voici les 8 aliments \u00e0  <b>   ne  <\/b>  surtout  <b>   pas congeler  <\/b> <\/b> <\/p>\n<ul>\n<li>   Le concombre. Past\u00e8que, melon, concombre\u2026 &#8230;  <\/li>\n<li>   Les \u0153ufs. C&rsquo;est une tr\u00e8s mauvaise id\u00e9e de glisser ses \u0153ufs dans le cong\u00e9lateur. &#8230;  <\/li>\n<li>   Les fromages frais ou \u00e0 p\u00e2te molle. Les fromages frais (ch\u00e8vre) et \u00e0 p\u00e2te molle (camembert) sont riches en eau. &#8230;  <\/li>\n<li>   Les pommes de terre. &#8230;  <\/li>\n<li>   Les sauces. &#8230;  <\/li>\n<li>   Le pain.  <\/li>\n<\/ul>\n<h2><span class=\"ez-toc-section\" id=\"Pourquoi_Faut-il_blanchir_les_legumes_avant_de_les_congeler\"><\/span><strong>Pourquoi Faut-il blanchir les l\u00e9gumes avant de les congeler ?<\/strong><span class=\"ez-toc-section-end\"><\/span><\/h2>\n<p><b>Avant<\/b> la <b>cong\u00e9lation<\/b>, la plupart des <b>l\u00e9gumes<\/b> doivent \u00eatre <b>blanchis<\/b>, c&rsquo;est-\u00e0-dire bri\u00e8vement plong\u00e9s dans de l&rsquo;eau bouillante puis pass\u00e9s sous l&rsquo;eau froide, ce qui permet une meilleure conservation de leur couleur, de leur texture et de leur go\u00fbt.<\/p>\n<h2><strong><\/strong><\/h2>\n<h2><strong><\/strong><\/h2>\n<hr \/>\n<p><em>Editeurs: 19 &#8211; R\u00e9f\u00e9rences: 27 articles<\/em><\/p>\n<p><em>N\u2019oubliez pas de partager l\u2019article !<\/em><\/p>\n","protected":false},"excerpt":{"rendered":"<p>Au moment de la d\u00e9cong\u00e9lation, placez-les vingt-quatre heures au r\u00e9frig\u00e9rateur pour qu&rsquo;ils d\u00e9cong\u00e8lent en douceur. Cela \u00e9vite d&rsquo;avoir des fruits ramollis. Avec cette m\u00e9thode, les abricots se conservent tr\u00e8s bien et on peut en disposer toute l&rsquo;ann\u00e9e. Ainsi, Quels sont les fruits que l&rsquo;on peut congeler ? Les baies, les griottes et la rhubarbe (en [&hellip;]<\/p>\n","protected":false},"author":6,"featured_media":0,"comment_status":"open","ping_status":"open","sticky":false,"template":"","format":"standard","meta":{"tdm_status":"","tdm_grid_status":"","_jetpack_memberships_contains_paid_content":false,"footnotes":"","jetpack_publicize_message":"","jetpack_publicize_feature_enabled":true,"jetpack_social_post_already_shared":true,"jetpack_social_options":{"image_generator_settings":{"template":"highway","default_image_id":0,"font":"","enabled":false},"version":2}},"categories":[3457],"tags":[],"class_list":["post-57791","post","type-post","status-publish","format-standard","hentry","category-maison"],"yoast_head":"<!-- This site is optimized with the Yoast SEO Premium plugin v25.0 (Yoast SEO v25.0) - https:\/\/yoast.com\/wordpress\/plugins\/seo\/ -->\n<title>Comment d\u00e9congeler des abricots ?<\/title>\n<meta name=\"description\" content=\"Au moment de la d\u00e9cong\u00e9lation, placez-les vingt-quatre heures au r\u00e9frig\u00e9rateur pour qu&#039;ils d\u00e9cong\u00e8lent en douceur. Cela \u00e9vite d&#039;avoir des fruits ramollis.\" \/>\n<meta name=\"robots\" content=\"index, follow, max-snippet:-1, max-image-preview:large, max-video-preview:-1\" \/>\n<link rel=\"canonical\" href=\"https:\/\/flashmode.tn\/magazine\/comment-decongeler-des-abricots\/\" \/>\n<meta property=\"og:locale\" content=\"fr_FR\" \/>\n<meta property=\"og:type\" content=\"article\" \/>\n<meta property=\"og:title\" content=\"Comment d\u00e9congeler des abricots ? - Flashmode Magazine | Magazine de mode et style de vie Num\u00e9ro un en Tunisie et au Maghreb\" \/>\n<meta property=\"og:description\" content=\"Au moment de la d\u00e9cong\u00e9lation, placez-les vingt-quatre heures au r\u00e9frig\u00e9rateur pour qu&#039;ils d\u00e9cong\u00e8lent en douceur. Cela \u00e9vite d&#039;avoir des fruits ramollis.\" \/>\n<meta property=\"og:url\" content=\"https:\/\/flashmode.tn\/magazine\/comment-decongeler-des-abricots\/\" \/>\n<meta property=\"og:site_name\" content=\"Flashmode Magazine | Magazine de mode et style de vie Num\u00e9ro un en Tunisie et au Maghreb\" \/>\n<meta property=\"article:publisher\" content=\"https:\/\/www.facebook.com\/flashmode.magazine\/\" \/>\n<meta property=\"article:published_time\" content=\"2021-12-10T05:46:12+00:00\" \/>\n<meta name=\"author\" content=\"EventsEditors\" \/>\n<meta name=\"twitter:card\" content=\"summary_large_image\" \/>\n<meta name=\"twitter:creator\" content=\"@agenceflashmode\" \/>\n<meta name=\"twitter:site\" content=\"@agenceflashmode\" \/>\n<meta name=\"twitter:label1\" content=\"\u00c9crit par\" \/>\n\t<meta name=\"twitter:data1\" content=\"EventsEditors\" \/>\n\t<meta name=\"twitter:label2\" content=\"Dur\u00e9e de lecture estim\u00e9e\" \/>\n\t<meta name=\"twitter:data2\" content=\"6 minutes\" \/>\n<script type=\"application\/ld+json\" class=\"yoast-schema-graph\">{\"@context\":\"https:\/\/schema.org\",\"@graph\":[{\"@type\":\"WebPage\",\"@id\":\"https:\/\/flashmode.tn\/magazine\/comment-decongeler-des-abricots\/\",\"url\":\"https:\/\/flashmode.tn\/magazine\/comment-decongeler-des-abricots\/\",\"name\":\"Comment d\u00e9congeler des abricots ?\",\"isPartOf\":{\"@id\":\"https:\/\/flashmode.tn\/magazine\/#website\"},\"datePublished\":\"2021-12-10T05:46:12+00:00\",\"author\":{\"@id\":\"https:\/\/flashmode.tn\/magazine\/#\/schema\/person\/257d6780605b915a5e352977f0f6f41c\"},\"description\":\"Au moment de la d\u00e9cong\u00e9lation, placez-les vingt-quatre heures au r\u00e9frig\u00e9rateur pour qu'ils d\u00e9cong\u00e8lent en douceur. Cela \u00e9vite d'avoir des fruits ramollis.\",\"breadcrumb\":{\"@id\":\"https:\/\/flashmode.tn\/magazine\/comment-decongeler-des-abricots\/#breadcrumb\"},\"inLanguage\":\"fr-FR\",\"potentialAction\":[{\"@type\":\"ReadAction\",\"target\":[\"https:\/\/flashmode.tn\/magazine\/comment-decongeler-des-abricots\/\"]}]},{\"@type\":\"BreadcrumbList\",\"@id\":\"https:\/\/flashmode.tn\/magazine\/comment-decongeler-des-abricots\/#breadcrumb\",\"itemListElement\":[{\"@type\":\"ListItem\",\"position\":1,\"name\":\"Accueil\",\"item\":\"https:\/\/flashmode.tn\/magazine\/\"},{\"@type\":\"ListItem\",\"position\":2,\"name\":\"Comment d\u00e9congeler des abricots ?\"}]},{\"@type\":\"WebSite\",\"@id\":\"https:\/\/flashmode.tn\/magazine\/#website\",\"url\":\"https:\/\/flashmode.tn\/magazine\/\",\"name\":\"Flashmode Magazine | Magazine de mode et style de vie Num\u00e9ro un en Tunisie et au Maghreb\",\"description\":\"Magazine de mode et style de vie Num\u00e9ro un en Tunisie et au Maghreb, cr\u00e9\u00e9 pour les hommes et les femmes : conseils beaut\u00e9, mode femme, mode homme, recettes de cuisine, c\u00e9l\u00e9brit\u00e9s et people, mannequins et top modeles\",\"potentialAction\":[{\"@type\":\"SearchAction\",\"target\":{\"@type\":\"EntryPoint\",\"urlTemplate\":\"https:\/\/flashmode.tn\/magazine\/?s={search_term_string}\"},\"query-input\":{\"@type\":\"PropertyValueSpecification\",\"valueRequired\":true,\"valueName\":\"search_term_string\"}}],\"inLanguage\":\"fr-FR\"},{\"@type\":\"Person\",\"@id\":\"https:\/\/flashmode.tn\/magazine\/#\/schema\/person\/257d6780605b915a5e352977f0f6f41c\",\"name\":\"EventsEditors\",\"image\":{\"@type\":\"ImageObject\",\"inLanguage\":\"fr-FR\",\"@id\":\"https:\/\/flashmode.tn\/magazine\/#\/schema\/person\/image\/\",\"url\":\"https:\/\/secure.gravatar.com\/avatar\/e2daedf958f66be37c9a79abe56184d85cd1baa6bba0dd8017e3f7d01555232f?s=96&d=mm&r=g\",\"contentUrl\":\"https:\/\/secure.gravatar.com\/avatar\/e2daedf958f66be37c9a79abe56184d85cd1baa6bba0dd8017e3f7d01555232f?s=96&d=mm&r=g\",\"caption\":\"EventsEditors\"},\"url\":\"https:\/\/flashmode.tn\/magazine\/author\/eventseditors\/\"}]}<\/script>\n<!-- \/ Yoast SEO Premium plugin. -->","yoast_head_json":{"title":"Comment d\u00e9congeler des abricots ?","description":"Au moment de la d\u00e9cong\u00e9lation, placez-les vingt-quatre heures au r\u00e9frig\u00e9rateur pour qu'ils d\u00e9cong\u00e8lent en douceur. Cela \u00e9vite d'avoir des fruits ramollis.","robots":{"index":"index","follow":"follow","max-snippet":"max-snippet:-1","max-image-preview":"max-image-preview:large","max-video-preview":"max-video-preview:-1"},"canonical":"https:\/\/flashmode.tn\/magazine\/comment-decongeler-des-abricots\/","og_locale":"fr_FR","og_type":"article","og_title":"Comment d\u00e9congeler des abricots ? - Flashmode Magazine | Magazine de mode et style de vie Num\u00e9ro un en Tunisie et au Maghreb","og_description":"Au moment de la d\u00e9cong\u00e9lation, placez-les vingt-quatre heures au r\u00e9frig\u00e9rateur pour qu'ils d\u00e9cong\u00e8lent en douceur. Cela \u00e9vite d'avoir des fruits ramollis.","og_url":"https:\/\/flashmode.tn\/magazine\/comment-decongeler-des-abricots\/","og_site_name":"Flashmode Magazine | Magazine de mode et style de vie Num\u00e9ro un en Tunisie et au Maghreb","article_publisher":"https:\/\/www.facebook.com\/flashmode.magazine\/","article_published_time":"2021-12-10T05:46:12+00:00","author":"EventsEditors","twitter_card":"summary_large_image","twitter_creator":"@agenceflashmode","twitter_site":"@agenceflashmode","twitter_misc":{"\u00c9crit par":"EventsEditors","Dur\u00e9e de lecture estim\u00e9e":"6 minutes"},"schema":{"@context":"https:\/\/schema.org","@graph":[{"@type":"WebPage","@id":"https:\/\/flashmode.tn\/magazine\/comment-decongeler-des-abricots\/","url":"https:\/\/flashmode.tn\/magazine\/comment-decongeler-des-abricots\/","name":"Comment d\u00e9congeler des abricots ?","isPartOf":{"@id":"https:\/\/flashmode.tn\/magazine\/#website"},"datePublished":"2021-12-10T05:46:12+00:00","author":{"@id":"https:\/\/flashmode.tn\/magazine\/#\/schema\/person\/257d6780605b915a5e352977f0f6f41c"},"description":"Au moment de la d\u00e9cong\u00e9lation, placez-les vingt-quatre heures au r\u00e9frig\u00e9rateur pour qu'ils d\u00e9cong\u00e8lent en douceur. Cela \u00e9vite d'avoir des fruits ramollis.","breadcrumb":{"@id":"https:\/\/flashmode.tn\/magazine\/comment-decongeler-des-abricots\/#breadcrumb"},"inLanguage":"fr-FR","potentialAction":[{"@type":"ReadAction","target":["https:\/\/flashmode.tn\/magazine\/comment-decongeler-des-abricots\/"]}]},{"@type":"BreadcrumbList","@id":"https:\/\/flashmode.tn\/magazine\/comment-decongeler-des-abricots\/#breadcrumb","itemListElement":[{"@type":"ListItem","position":1,"name":"Accueil","item":"https:\/\/flashmode.tn\/magazine\/"},{"@type":"ListItem","position":2,"name":"Comment d\u00e9congeler des abricots ?"}]},{"@type":"WebSite","@id":"https:\/\/flashmode.tn\/magazine\/#website","url":"https:\/\/flashmode.tn\/magazine\/","name":"Flashmode Magazine | Magazine de mode et style de vie Num\u00e9ro un en Tunisie et au Maghreb","description":"Magazine de mode et style de vie Num\u00e9ro un en Tunisie et au Maghreb, cr\u00e9\u00e9 pour les hommes et les femmes : conseils beaut\u00e9, mode femme, mode homme, recettes de cuisine, c\u00e9l\u00e9brit\u00e9s et people, mannequins et top modeles","potentialAction":[{"@type":"SearchAction","target":{"@type":"EntryPoint","urlTemplate":"https:\/\/flashmode.tn\/magazine\/?s={search_term_string}"},"query-input":{"@type":"PropertyValueSpecification","valueRequired":true,"valueName":"search_term_string"}}],"inLanguage":"fr-FR"},{"@type":"Person","@id":"https:\/\/flashmode.tn\/magazine\/#\/schema\/person\/257d6780605b915a5e352977f0f6f41c","name":"EventsEditors","image":{"@type":"ImageObject","inLanguage":"fr-FR","@id":"https:\/\/flashmode.tn\/magazine\/#\/schema\/person\/image\/","url":"https:\/\/secure.gravatar.com\/avatar\/e2daedf958f66be37c9a79abe56184d85cd1baa6bba0dd8017e3f7d01555232f?s=96&d=mm&r=g","contentUrl":"https:\/\/secure.gravatar.com\/avatar\/e2daedf958f66be37c9a79abe56184d85cd1baa6bba0dd8017e3f7d01555232f?s=96&d=mm&r=g","caption":"EventsEditors"},"url":"https:\/\/flashmode.tn\/magazine\/author\/eventseditors\/"}]}},"jetpack_publicize_connections":[],"jetpack_featured_media_url":"","jetpack_shortlink":"https:\/\/wp.me\/p8BPGr-f27","jetpack_sharing_enabled":true,"_links":{"self":[{"href":"https:\/\/flashmode.tn\/magazine\/wp-json\/wp\/v2\/posts\/57791","targetHints":{"allow":["GET"]}}],"collection":[{"href":"https:\/\/flashmode.tn\/magazine\/wp-json\/wp\/v2\/posts"}],"about":[{"href":"https:\/\/flashmode.tn\/magazine\/wp-json\/wp\/v2\/types\/post"}],"author":[{"embeddable":true,"href":"https:\/\/flashmode.tn\/magazine\/wp-json\/wp\/v2\/users\/6"}],"replies":[{"embeddable":true,"href":"https:\/\/flashmode.tn\/magazine\/wp-json\/wp\/v2\/comments?post=57791"}],"version-history":[{"count":0,"href":"https:\/\/flashmode.tn\/magazine\/wp-json\/wp\/v2\/posts\/57791\/revisions"}],"wp:attachment":[{"href":"https:\/\/flashmode.tn\/magazine\/wp-json\/wp\/v2\/media?parent=57791"}],"wp:term":[{"taxonomy":"category","embeddable":true,"href":"https:\/\/flashmode.tn\/magazine\/wp-json\/wp\/v2\/categories?post=57791"},{"taxonomy":"post_tag","embeddable":true,"href":"https:\/\/flashmode.tn\/magazine\/wp-json\/wp\/v2\/tags?post=57791"}],"curies":[{"name":"wp","href":"https:\/\/api.w.org\/{rel}","templated":true}]}}