{"id":57981,"date":"2021-11-21T20:04:47","date_gmt":"2021-11-21T19:04:47","guid":{"rendered":"https:\/\/flashmode.tn\/magazine\/?p=57981"},"modified":"2021-11-21T20:04:47","modified_gmt":"2021-11-21T19:04:47","slug":"quand-tailler-un-buddleia","status":"publish","type":"post","link":"https:\/\/flashmode.tn\/magazine\/quand-tailler-un-buddleia\/","title":{"rendered":"Quand tailler un buddleia ?"},"content":{"rendered":"<p><b>Quand tailler<\/b><\/p>\n<p> Que ce soit pour effectuer une <b>taille<\/b> s\u00e9v\u00e8re ou remodeler la silhouette de votre <b>Buddleia<\/b>, proc\u00e9dez en f\u00e9vrier-mars, avant le red\u00e9marrage de la v\u00e9g\u00e9tation et avant que les bourgeons gonflent.<\/p>\n<p>Ainsi, Comment couper les fleurs fan\u00e9es du buddleia ?<\/p>\n<p>Retirez les inflorescences <b>fan\u00e9es<\/b> au cours de la floraison.<\/p>\n<p> Cela veut dire qu&rsquo;il faut cueillir ou <b>couper les fleurs fan\u00e9es<\/b> pendant que l&rsquo;arbuste fleurit encore. Les <b>fleurs fan\u00e9es<\/b> commenceront \u00e0 brunir et \u00e0 se fl\u00e9trir. Coupez-les au point o\u00f9 elles sont rattach\u00e9es au rameau.<\/p>\n<p>ensuite Quand et comment tailler le paulownia ?<\/p>\n<p>La <b>taille<\/b> du <b>paulownia<\/b> est \u00e0 faire \u00e0 la fin de l&rsquo;hiver, avant la reprise de la croissance v\u00e9g\u00e9tative, et selon le port que vous souhaitez lui donner.<\/p>\n<p>Quand et comment tailler un cerisier ?<\/p>\n<p><b>Quand tailler<\/b> le <b>cerisier<\/b> ? Privil\u00e9giez l&rsquo;automne, <b>quand<\/b> l&rsquo;arbre perd ses feuilles, en octobre et novembre, ou l&rsquo;hiver hors p\u00e9riodes de gel et d&rsquo;humidit\u00e9. Si vous n&rsquo;avez pas pu le <b>tailler<\/b> durant cette p\u00e9riode, mars est encore un bon mois pour le faire.<\/p>\n<div id=\"ez-toc-container\" class=\"ez-toc-v2_0_81 counter-hierarchy ez-toc-counter ez-toc-grey ez-toc-container-direction\">\n<div class=\"ez-toc-title-container\">\n<p class=\"ez-toc-title\" style=\"cursor:inherit\">Contenus de la page<\/p>\n<span class=\"ez-toc-title-toggle\"><a href=\"#\" class=\"ez-toc-pull-right ez-toc-btn ez-toc-btn-xs ez-toc-btn-default ez-toc-toggle\" aria-label=\"Toggle Table of Content\"><span class=\"ez-toc-js-icon-con\"><span class=\"\"><span class=\"eztoc-hide\" style=\"display:none;\">Toggle<\/span><span class=\"ez-toc-icon-toggle-span\"><svg style=\"fill: #999;color:#999\" xmlns=\"http:\/\/www.w3.org\/2000\/svg\" class=\"list-377408\" width=\"20px\" height=\"20px\" viewBox=\"0 0 24 24\" fill=\"none\"><path d=\"M6 6H4v2h2V6zm14 0H8v2h12V6zM4 11h2v2H4v-2zm16 0H8v2h12v-2zM4 16h2v2H4v-2zm16 0H8v2h12v-2z\" fill=\"currentColor\"><\/path><\/svg><svg style=\"fill: #999;color:#999\" class=\"arrow-unsorted-368013\" xmlns=\"http:\/\/www.w3.org\/2000\/svg\" width=\"10px\" height=\"10px\" viewBox=\"0 0 24 24\" version=\"1.2\" baseProfile=\"tiny\"><path d=\"M18.2 9.3l-6.2-6.3-6.2 6.3c-.2.2-.3.4-.3.7s.1.5.3.7c.2.2.4.3.7.3h11c.3 0 .5-.1.7-.3.2-.2.3-.5.3-.7s-.1-.5-.3-.7zM5.8 14.7l6.2 6.3 6.2-6.3c.2-.2.3-.5.3-.7s-.1-.5-.3-.7c-.2-.2-.4-.3-.7-.3h-11c-.3 0-.5.1-.7.3-.2.2-.3.5-.3.7s.1.5.3.7z\"\/><\/svg><\/span><\/span><\/span><\/a><\/span><\/div>\n<nav><ul class='ez-toc-list ez-toc-list-level-1 ' ><li class='ez-toc-page-1 ez-toc-heading-level-2'><a class=\"ez-toc-link ez-toc-heading-1\" href=\"https:\/\/flashmode.tn\/magazine\/quand-tailler-un-buddleia\/#Comment_faire_une_bouture_darbre_a_papillon\" >Comment faire une bouture d&rsquo;arbre \u00e0 papillon ?<\/a><\/li><li class='ez-toc-page-1 ez-toc-heading-level-2'><a class=\"ez-toc-link ez-toc-heading-2\" href=\"https:\/\/flashmode.tn\/magazine\/quand-tailler-un-buddleia\/#Ou_planter_un_buddleia\" >O\u00f9 planter un buddleia ?<\/a><\/li><li class='ez-toc-page-1 ez-toc-heading-level-2'><a class=\"ez-toc-link ez-toc-heading-3\" href=\"https:\/\/flashmode.tn\/magazine\/quand-tailler-un-buddleia\/#Quand_couper_le_millepertuis\" >Quand couper le millepertuis ?<\/a><\/li><li class='ez-toc-page-1 ez-toc-heading-level-2'><a class=\"ez-toc-link ez-toc-heading-4\" href=\"https:\/\/flashmode.tn\/magazine\/quand-tailler-un-buddleia\/#Comment_faire_une_bouture_darbre_a_papillon-2\" >Comment faire une bouture d&rsquo;arbre \u00e0 papillon ?<\/a><\/li><li class='ez-toc-page-1 ez-toc-heading-level-2'><a class=\"ez-toc-link ez-toc-heading-5\" href=\"https:\/\/flashmode.tn\/magazine\/quand-tailler-un-buddleia\/#Comment_tailler_paulownia_tomentosa\" >Comment tailler paulownia tomentosa ?<\/a><\/li><li class='ez-toc-page-1 ez-toc-heading-level-2'><a class=\"ez-toc-link ez-toc-heading-6\" href=\"https:\/\/flashmode.tn\/magazine\/quand-tailler-un-buddleia\/#Ou_pousse_les_Paulownias\" >O\u00f9 pousse les Paulownias ?<\/a><\/li><li class='ez-toc-page-1 ez-toc-heading-level-2'><a class=\"ez-toc-link ez-toc-heading-7\" href=\"https:\/\/flashmode.tn\/magazine\/quand-tailler-un-buddleia\/#Comment_entretenir_un_paulownia\" >Comment entretenir un paulownia ?<\/a><\/li><li class='ez-toc-page-1 ez-toc-heading-level-2'><a class=\"ez-toc-link ez-toc-heading-8\" href=\"https:\/\/flashmode.tn\/magazine\/quand-tailler-un-buddleia\/#Quand_tailler_un_cerisier_trop_haut\" >Quand tailler un cerisier trop haut ?<\/a><\/li><li class='ez-toc-page-1 ez-toc-heading-level-2'><a class=\"ez-toc-link ez-toc-heading-9\" href=\"https:\/\/flashmode.tn\/magazine\/quand-tailler-un-buddleia\/#Quelle_hauteur_pour_un_cerisier\" >Quelle hauteur pour un cerisier ?<\/a><\/li><li class='ez-toc-page-1 ez-toc-heading-level-2'><a class=\"ez-toc-link ez-toc-heading-10\" href=\"https:\/\/flashmode.tn\/magazine\/quand-tailler-un-buddleia\/#Comment_tailler_un_cerisier_apres_la_recolte\" >Comment tailler un cerisier apr\u00e8s la r\u00e9colte ?<\/a><\/li><li class='ez-toc-page-1 ez-toc-heading-level-2'><a class=\"ez-toc-link ez-toc-heading-11\" href=\"https:\/\/flashmode.tn\/magazine\/quand-tailler-un-buddleia\/#Comment_bouturer_des_Buddleias\" >Comment bouturer des Buddleias ?<\/a><\/li><li class='ez-toc-page-1 ez-toc-heading-level-2'><a class=\"ez-toc-link ez-toc-heading-12\" href=\"https:\/\/flashmode.tn\/magazine\/quand-tailler-un-buddleia\/#Comment_faire_une_bouture_a_partir_dune_branche_darbre\" >Comment faire une bouture \u00e0 partir d&rsquo;une branche d&rsquo;arbre ?<\/a><\/li><li class='ez-toc-page-1 ez-toc-heading-level-2'><a class=\"ez-toc-link ez-toc-heading-13\" href=\"https:\/\/flashmode.tn\/magazine\/quand-tailler-un-buddleia\/#Quand_bouturer_les_arbres\" >Quand bouturer les arbres ?<\/a><\/li><li class='ez-toc-page-1 ez-toc-heading-level-2'><a class=\"ez-toc-link ez-toc-heading-14\" href=\"https:\/\/flashmode.tn\/magazine\/quand-tailler-un-buddleia\/#Quelle_exposition_pour_un_buddleia\" >Quelle exposition pour un buddleia ?<\/a><\/li><li class='ez-toc-page-1 ez-toc-heading-level-2'><a class=\"ez-toc-link ez-toc-heading-15\" href=\"https:\/\/flashmode.tn\/magazine\/quand-tailler-un-buddleia\/#Quelle_terre_pour_arbre_a_papillon\" >Quelle terre pour arbre \u00e0 papillon ?<\/a><\/li><li class='ez-toc-page-1 ez-toc-heading-level-2'><a class=\"ez-toc-link ez-toc-heading-16\" href=\"https:\/\/flashmode.tn\/magazine\/quand-tailler-un-buddleia\/#Quand_et_comment_deplacer_un_buddleia\" >Quand et comment d\u00e9placer un buddleia ?<\/a><\/li><li class='ez-toc-page-1 ez-toc-heading-level-2'><a class=\"ez-toc-link ez-toc-heading-17\" href=\"https:\/\/flashmode.tn\/magazine\/quand-tailler-un-buddleia\/#Comment_rabattre_le_millepertuis\" >Comment rabattre le millepertuis ?<\/a><\/li><li class='ez-toc-page-1 ez-toc-heading-level-2'><a class=\"ez-toc-link ez-toc-heading-18\" href=\"https:\/\/flashmode.tn\/magazine\/quand-tailler-un-buddleia\/#Comment_tailler_du_millepertuis\" >Comment tailler du millepertuis ?<\/a><\/li><li class='ez-toc-page-1 ez-toc-heading-level-2'><a class=\"ez-toc-link ez-toc-heading-19\" href=\"https:\/\/flashmode.tn\/magazine\/quand-tailler-un-buddleia\/#Quels_sont_les_dangers_du_millepertuis\" >Quels sont les dangers du millepertuis ?<\/a><\/li><\/ul><\/nav><\/div>\n<h2><span class=\"ez-toc-section\" id=\"Comment_faire_une_bouture_darbre_a_papillon\"><\/span>Comment faire une bouture d&rsquo;arbre \u00e0 papillon ?<span class=\"ez-toc-section-end\"><\/span><\/h2>\n<p>Pr\u00e9lever des boutures sur des rameaux vigoureux, en conservant deux ou trois \u00e9tages de feuilles. Couper au ras de l&rsquo;\u00e9tage inf\u00e9rieur et \u00e0 1cm au-dessus des feuilles sup\u00e9rieures. Ne conserver que celles-ci et retirer les 2\/3 de leur surface. Piquer les boutures, espac\u00e9es de 5-10 cm, dans un m\u00e9lange l\u00e9ger et frais.<\/p>\n<h2><span class=\"ez-toc-section\" id=\"Ou_planter_un_buddleia\"><\/span><strong>O\u00f9 planter un buddleia ?<\/strong><span class=\"ez-toc-section-end\"><\/span><\/h2>\n<p><b>Planter<\/b> le <b>buddl\u00e9ia<\/b><\/p>\n<p> A <b>planter<\/b> en isol\u00e9, en massif ou dans une haie libre, le <b>buddl\u00e9ia<\/b> est un refuge tout trouv\u00e9 pour les papillons qui affectionnent ses fleurs en longues grappes. Trouvez-lui un emplacement plut\u00f4t bien ensoleill\u00e9.<\/p>\n<h2><span class=\"ez-toc-section\" id=\"Quand_couper_le_millepertuis\"><\/span><strong>Quand couper le millepertuis ?<\/strong><span class=\"ez-toc-section-end\"><\/span><\/h2>\n<p>Pour les vari\u00e9t\u00e9s arbustives, la <b>taille<\/b> du <b>millepertuis<\/b> aura lieu au d\u00e9but du printemps, avant que n&rsquo;apparaissent les premiers bourgeons. Il n&rsquo;est pas indispensable de <b>tailler<\/b> le <b>millepertuis<\/b> chaque ann\u00e9e. Une coupe tous les deux ou trois ans lui permettra cependant de conserver un port compact et \u00e9quilibr\u00e9.<\/p>\n<h2><span class=\"ez-toc-section\" id=\"Comment_faire_une_bouture_darbre_a_papillon-2\"><\/span><strong>Comment faire une bouture d&rsquo;arbre \u00e0 papillon ?<\/strong><span class=\"ez-toc-section-end\"><\/span><\/h2>\n<p>Pr\u00e9lever des <b>boutures<\/b> sur des rameaux vigoureux, en conservant deux ou trois \u00e9tages de feuilles. Couper au ras de l&rsquo;\u00e9tage inf\u00e9rieur et \u00e0 1cm au-dessus des feuilles sup\u00e9rieures. Ne conserver que celles-ci et retirer les 2\/3 de leur surface. Piquer les <b>boutures<\/b>, espac\u00e9es de 5-10 cm, dans un m\u00e9lange l\u00e9ger et frais.<\/p>\n<h2><span class=\"ez-toc-section\" id=\"Comment_tailler_paulownia_tomentosa\"><\/span><strong>Comment tailler paulownia tomentosa ?<\/strong><span class=\"ez-toc-section-end\"><\/span><\/h2>\n<p><b>  Taillez en hiver : <\/b> <\/p>\n<ol>\n<li>   Il est pr\u00e9f\u00e9rable d&rsquo;\u00e9viter d&rsquo;effectuer de grosses coupes qui peinent \u00e0 cicatriser et sont la proie de champignons lignivores.  <\/li>\n<li>   Coupez les branches g\u00eanantes inf\u00e9rieures \u00e0 5 cm de diam\u00e8tre, pour remonter le houppier par exemple.  <\/li>\n<li>   En revanche, le rec\u00e9page est tr\u00e8s bien tol\u00e9r\u00e9.  <\/li>\n<\/ol>\n<h2><span class=\"ez-toc-section\" id=\"Ou_pousse_les_Paulownias\"><\/span><strong>O\u00f9 pousse les Paulownias ?<\/strong><span class=\"ez-toc-section-end\"><\/span><\/h2>\n<p><b>Paulownia<\/b> (<b>Paulownia<\/b> tomentosa), ou l&rsquo;arbre d&rsquo;Anna Paulowna<\/p>\n<p> Souvent confondu avec le catalpa de par sa morphologie, le <b>paulownia<\/b> (<b>Paulownia<\/b> tomentosa) est un arbre qui nous vient directement de Chine et de Cor\u00e9e.<\/p>\n<h2><span class=\"ez-toc-section\" id=\"Comment_entretenir_un_paulownia\"><\/span><strong>Comment entretenir un paulownia ?<\/strong><span class=\"ez-toc-section-end\"><\/span><\/h2>\n<p>Le <b>paulownia<\/b> se plante dans des sols profonds, humif\u00e8res et plut\u00f4t acides avec une exposition en plein soleil, \u00e0 l&rsquo;abri du vent et des embruns, de pr\u00e9f\u00e9rence \u00e0 l&rsquo;automne. Cela assurera une bonne floraison de l&rsquo;arbuste. L&rsquo;\u00e9t\u00e9, il appr\u00e9cie un sol fertile et frais.<\/p>\n<h2><span class=\"ez-toc-section\" id=\"Quand_tailler_un_cerisier_trop_haut\"><\/span><strong>Quand tailler un cerisier trop haut ?<\/strong><span class=\"ez-toc-section-end\"><\/span><\/h2>\n<p>Re: <b>Taille cerisier<\/b> beaucoup <b>trop haut<\/b><\/p>\n<p> Ce doit \u00eatre fait imp\u00e9rativement bien avant la chutes des premi\u00e8res feuilles, si non l&rsquo;arbre a de tr\u00e8s forts risques de mourir .<\/p>\n<h2><span class=\"ez-toc-section\" id=\"Quelle_hauteur_pour_un_cerisier\"><\/span><strong>Quelle hauteur pour un cerisier ?<\/strong><span class=\"ez-toc-section-end\"><\/span><\/h2>\n<p>Arbre rustique \u00e0 port \u00e9vas\u00e9 s&rsquo;arrondissant avec l&rsquo;\u00e2ge, le <b>cerisier<\/b> atteint une fois adulte 6 \u00e0 10 m de haut. Son abondante floraison blanche en mars-avril redoute les gel\u00e9es tardives : les fleurs sont d\u00e9truites vers -2\u00b0C. Les fruits se r\u00e9coltent selon les vari\u00e9t\u00e9s de mai \u00e0 fin juillet.<\/p>\n<h2><span class=\"ez-toc-section\" id=\"Comment_tailler_un_cerisier_apres_la_recolte\"><\/span><strong>Comment tailler un cerisier apr\u00e8s la r\u00e9colte ?<\/strong><span class=\"ez-toc-section-end\"><\/span><\/h2>\n<p>En d\u00e9but d&rsquo;\u00e9t\u00e9, la chaleur et la rar\u00e9faction des pluies am\u00e9liorent en effet la cicatrisation des plaies. Taillez toujours le <b>cerisier<\/b> en douceur, en limitant vos coupes aux 4 \u00e0 5 branches les plus mal plac\u00e9es, celles qui se d\u00e9veloppent par exemple vers l&rsquo;int\u00e9rieur de l&rsquo;arbre et se croisent inutilement.<\/p>\n<h2><span class=\"ez-toc-section\" id=\"Comment_bouturer_des_Buddleias\"><\/span><strong>Comment bouturer des Buddleias ?<\/strong><span class=\"ez-toc-section-end\"><\/span><\/h2>\n<p><b>  <b>   Bouture  <\/b>  du  <b>   buddleia  <\/b> <\/b> <\/p>\n<ol>\n<li>   Pr\u00e9lever l&rsquo;\u00e9t\u00e9 les   <b>    boutures   <\/b>   de 15 cm sur bois semi-ao\u00fbt\u00e9 (pas encore dur)  <\/li>\n<li>   Supprimer les feuilles du bas pour ne garder qu&rsquo;une paire de feuilles.  <\/li>\n<li>   Tremper \u00e9ventuellement la base dans de la poudre d&rsquo;hormone de   <b>    bouturage   <\/b>   .  <\/li>\n<li>   Planter les   <b>    boutures   <\/b>   dans du terreau sp\u00e9cial   <b>    bouturage   <\/b>   .  <\/li>\n<\/ol>\n<h2><span class=\"ez-toc-section\" id=\"Comment_faire_une_bouture_a_partir_dune_branche_darbre\"><\/span><strong>Comment faire une bouture \u00e0 partir d&rsquo;une branche d&rsquo;arbre ?<\/strong><span class=\"ez-toc-section-end\"><\/span><\/h2>\n<p>Taillez la <b>branche<\/b> avec un angle de 45 degr\u00e9s, en utilisant un ciseau aiguis\u00e9. Enfoncez les <b>boutures<\/b> d&rsquo;environ deux centim\u00e8tres (un pouce) dans le substrat. Ensuite nous arrosons g\u00e9n\u00e9reusement. Gardez le substrat l\u00e9g\u00e8rement humide, les <b>boutures<\/b> commenceront \u00e0 pousser au bout de quelques semaines.<\/p>\n<h2><span class=\"ez-toc-section\" id=\"Quand_bouturer_les_arbres\"><\/span><strong>Quand bouturer les arbres ?<\/strong><span class=\"ez-toc-section-end\"><\/span><\/h2>\n<p><b>Quand bouturer<\/b> un <b>arbre<\/b> fruitier ? En octobre novembre, avant les grands froids et <b>quand<\/b> les feuilles sont tomb\u00e9es. C&rsquo;est la p\u00e9riode \u00e0 laquelle les <b>arbres<\/b> \u00ab qui font du bois \u00bb se mettent au repos et font racine.<\/p>\n<h2><span class=\"ez-toc-section\" id=\"Quelle_exposition_pour_un_buddleia\"><\/span><strong>Quelle exposition pour un buddleia ?<\/strong><span class=\"ez-toc-section-end\"><\/span><\/h2>\n<p>L&rsquo;Arbre \u00e0 papillons peut s&rsquo;adapter autant sur un sol l\u00e9ger, sain, m\u00eame sec et caillouteux en situation ensoleill\u00e9e. Les autres esp\u00e8ces de <b>Buddleia<\/b> auront \u00e9galement besoin de plein soleil, \u00e0 l&rsquo;abri des vents forts, et pr\u00e9f\u00e8reront un sol profond, drain\u00e9, m\u00eame si un sol pauvre et calcaire ne les g\u00eanera pas.<\/p>\n<h2><span class=\"ez-toc-section\" id=\"Quelle_terre_pour_arbre_a_papillon\"><\/span><strong>Quelle terre pour arbre \u00e0 papillon ?<\/strong><span class=\"ez-toc-section-end\"><\/span><\/h2>\n<p>Les <b>Arbres \u00e0 papillons<\/b> se contentent <b>de<\/b> n&rsquo;importe <b>quel<\/b> sol, m\u00eame m\u00e9diocre, seul exigence : qu&rsquo;il soit bien drain\u00e9. Un sol trop riche favoriserait le feuillage au d\u00e9triment des fleurs. Dans un sol profond, ils pr\u00e9senteront une r\u00e9sistance accrue \u00e0 la s\u00e9cheresse.<\/p>\n<h2><span class=\"ez-toc-section\" id=\"Quand_et_comment_deplacer_un_buddleia\"><\/span><strong>Quand et comment d\u00e9placer un buddleia ?<\/strong><span class=\"ez-toc-section-end\"><\/span><\/h2>\n<p>il n&rsquo;y a pas de probl\u00e8me pour transplanter \u00e0 cette saison. avant de le d\u00e9planter, il va falloir le tailler assez s\u00e9v\u00e8rement! tu peux commencer a l&rsquo;\u00e9claircir de l&rsquo;int\u00e9rieur et ensuite le rabattre \u00e0 environ 50 cm du sol. ( \u00e7a parait s\u00e9v\u00e8re mais c&rsquo;est n\u00e9cessaire pour l&rsquo;inciter \u00e0 reprendre plus vite) .<\/p>\n<h2><span class=\"ez-toc-section\" id=\"Comment_rabattre_le_millepertuis\"><\/span><strong>Comment rabattre le millepertuis ?<\/strong><span class=\"ez-toc-section-end\"><\/span><\/h2>\n<p><b>Comment rabattre le millepertuis<\/b> ? Pour les formes non tra\u00e7antes : tailler en boule, \u00e0 15-20 cm du sol, \u00e0 la cisaille. Pour les formes tra\u00e7antes : passer la surface au coupe-bordure, en coupant \u00e0 quelques centim\u00e8tres du sol.<\/p>\n<h2><span class=\"ez-toc-section\" id=\"Comment_tailler_du_millepertuis\"><\/span><strong>Comment tailler du millepertuis ?<\/strong><span class=\"ez-toc-section-end\"><\/span><\/h2>\n<p>Taillez le <b>millepertuis<\/b> \u00e0 la fin de l&rsquo;hiver ou au d\u00e9but du printemps avant que les premiers bourgeons n&rsquo;apparaissent afin de favoriser la floraison. Une <b>taille<\/b> annuelle n&rsquo;est pas n\u00e9cessaire mais en donnant un coup de cisaille tous les 2 ou 3 ans vous permettrez \u00e0 votre <b>millepertuis<\/b> de garder un port compact.<\/p>\n<h2><span class=\"ez-toc-section\" id=\"Quels_sont_les_dangers_du_millepertuis\"><\/span><strong>Quels sont les dangers du millepertuis ?<\/strong><span class=\"ez-toc-section-end\"><\/span><\/h2>\n<p>Les effets ind\u00e9sirables li\u00e9s \u00e0 la prise de <b>millepertuis sont<\/b> rares et g\u00e9n\u00e9ralement b\u00e9nins : l\u00e9gers troubles digestifs, allergies cutan\u00e9es, fatigue, nervosit\u00e9, maux de t\u00eate et s\u00e9cheresse buccale.<\/p>\n<h2><strong><\/strong><\/h2>\n<h2><strong><\/strong><\/h2>\n<hr \/>\n<p><em>Editeurs: 29 &#8211; R\u00e9f\u00e9rences: 39 articles<\/em><\/p>\n<p><em>N\u2019oubliez pas de partager l\u2019article !<\/em><\/p>\n","protected":false},"excerpt":{"rendered":"<p>Quand tailler Que ce soit pour effectuer une taille s\u00e9v\u00e8re ou remodeler la silhouette de votre Buddleia, proc\u00e9dez en f\u00e9vrier-mars, avant le red\u00e9marrage de la v\u00e9g\u00e9tation et avant que les bourgeons gonflent. Ainsi, Comment couper les fleurs fan\u00e9es du buddleia ? Retirez les inflorescences fan\u00e9es au cours de la floraison. Cela veut dire qu&rsquo;il faut [&hellip;]<\/p>\n","protected":false},"author":6,"featured_media":0,"comment_status":"open","ping_status":"open","sticky":false,"template":"","format":"standard","meta":{"tdm_status":"","tdm_grid_status":"","_jetpack_memberships_contains_paid_content":false,"footnotes":"","jetpack_publicize_message":"","jetpack_publicize_feature_enabled":true,"jetpack_social_post_already_shared":true,"jetpack_social_options":{"image_generator_settings":{"template":"highway","default_image_id":0,"font":"","enabled":false},"version":2}},"categories":[3457],"tags":[],"class_list":["post-57981","post","type-post","status-publish","format-standard","hentry","category-maison"],"yoast_head":"<!-- This site is optimized with the Yoast SEO Premium plugin v25.0 (Yoast SEO v25.0) - https:\/\/yoast.com\/wordpress\/plugins\/seo\/ -->\n<title>Quand tailler un buddleia ?<\/title>\n<meta name=\"description\" content=\"Quand tailler Que ce soit pour effectuer une taille s\u00e9v\u00e8re ou remodeler la silhouette de votre Buddleia, proc\u00e9dez en f\u00e9vrier-mars, avant le red\u00e9marrage de\" \/>\n<meta name=\"robots\" content=\"index, follow, max-snippet:-1, max-image-preview:large, max-video-preview:-1\" \/>\n<link rel=\"canonical\" href=\"https:\/\/flashmode.tn\/magazine\/quand-tailler-un-buddleia\/\" \/>\n<meta property=\"og:locale\" content=\"fr_FR\" \/>\n<meta property=\"og:type\" content=\"article\" \/>\n<meta property=\"og:title\" content=\"Quand tailler un buddleia ? - Flashmode Magazine | Magazine de mode et style de vie Num\u00e9ro un en Tunisie et au Maghreb\" \/>\n<meta property=\"og:description\" content=\"Quand tailler Que ce soit pour effectuer une taille s\u00e9v\u00e8re ou remodeler la silhouette de votre Buddleia, proc\u00e9dez en f\u00e9vrier-mars, avant le red\u00e9marrage de\" \/>\n<meta property=\"og:url\" content=\"https:\/\/flashmode.tn\/magazine\/quand-tailler-un-buddleia\/\" \/>\n<meta property=\"og:site_name\" content=\"Flashmode Magazine | Magazine de mode et style de vie Num\u00e9ro un en Tunisie et au Maghreb\" \/>\n<meta property=\"article:publisher\" content=\"https:\/\/www.facebook.com\/flashmode.magazine\/\" \/>\n<meta property=\"article:published_time\" content=\"2021-11-21T19:04:47+00:00\" \/>\n<meta name=\"author\" content=\"EventsEditors\" \/>\n<meta name=\"twitter:card\" content=\"summary_large_image\" \/>\n<meta name=\"twitter:creator\" content=\"@agenceflashmode\" \/>\n<meta name=\"twitter:site\" content=\"@agenceflashmode\" \/>\n<meta name=\"twitter:label1\" content=\"\u00c9crit par\" \/>\n\t<meta name=\"twitter:data1\" content=\"EventsEditors\" \/>\n\t<meta name=\"twitter:label2\" content=\"Dur\u00e9e de lecture estim\u00e9e\" \/>\n\t<meta name=\"twitter:data2\" content=\"6 minutes\" \/>\n<script type=\"application\/ld+json\" class=\"yoast-schema-graph\">{\"@context\":\"https:\/\/schema.org\",\"@graph\":[{\"@type\":\"WebPage\",\"@id\":\"https:\/\/flashmode.tn\/magazine\/quand-tailler-un-buddleia\/\",\"url\":\"https:\/\/flashmode.tn\/magazine\/quand-tailler-un-buddleia\/\",\"name\":\"Quand tailler un buddleia ?\",\"isPartOf\":{\"@id\":\"https:\/\/flashmode.tn\/magazine\/#website\"},\"datePublished\":\"2021-11-21T19:04:47+00:00\",\"author\":{\"@id\":\"https:\/\/flashmode.tn\/magazine\/#\/schema\/person\/257d6780605b915a5e352977f0f6f41c\"},\"description\":\"Quand tailler Que ce soit pour effectuer une taille s\u00e9v\u00e8re ou remodeler la silhouette de votre Buddleia, proc\u00e9dez en f\u00e9vrier-mars, avant le red\u00e9marrage de\",\"breadcrumb\":{\"@id\":\"https:\/\/flashmode.tn\/magazine\/quand-tailler-un-buddleia\/#breadcrumb\"},\"inLanguage\":\"fr-FR\",\"potentialAction\":[{\"@type\":\"ReadAction\",\"target\":[\"https:\/\/flashmode.tn\/magazine\/quand-tailler-un-buddleia\/\"]}]},{\"@type\":\"BreadcrumbList\",\"@id\":\"https:\/\/flashmode.tn\/magazine\/quand-tailler-un-buddleia\/#breadcrumb\",\"itemListElement\":[{\"@type\":\"ListItem\",\"position\":1,\"name\":\"Accueil\",\"item\":\"https:\/\/flashmode.tn\/magazine\/\"},{\"@type\":\"ListItem\",\"position\":2,\"name\":\"Quand tailler un buddleia ?\"}]},{\"@type\":\"WebSite\",\"@id\":\"https:\/\/flashmode.tn\/magazine\/#website\",\"url\":\"https:\/\/flashmode.tn\/magazine\/\",\"name\":\"Flashmode Magazine | Magazine de mode et style de vie Num\u00e9ro un en Tunisie et au Maghreb\",\"description\":\"Magazine de mode et style de vie Num\u00e9ro un en Tunisie et au Maghreb, cr\u00e9\u00e9 pour les hommes et les femmes : conseils beaut\u00e9, mode femme, mode homme, recettes de cuisine, c\u00e9l\u00e9brit\u00e9s et people, mannequins et top modeles\",\"potentialAction\":[{\"@type\":\"SearchAction\",\"target\":{\"@type\":\"EntryPoint\",\"urlTemplate\":\"https:\/\/flashmode.tn\/magazine\/?s={search_term_string}\"},\"query-input\":{\"@type\":\"PropertyValueSpecification\",\"valueRequired\":true,\"valueName\":\"search_term_string\"}}],\"inLanguage\":\"fr-FR\"},{\"@type\":\"Person\",\"@id\":\"https:\/\/flashmode.tn\/magazine\/#\/schema\/person\/257d6780605b915a5e352977f0f6f41c\",\"name\":\"EventsEditors\",\"image\":{\"@type\":\"ImageObject\",\"inLanguage\":\"fr-FR\",\"@id\":\"https:\/\/flashmode.tn\/magazine\/#\/schema\/person\/image\/\",\"url\":\"https:\/\/secure.gravatar.com\/avatar\/e2daedf958f66be37c9a79abe56184d85cd1baa6bba0dd8017e3f7d01555232f?s=96&d=mm&r=g\",\"contentUrl\":\"https:\/\/secure.gravatar.com\/avatar\/e2daedf958f66be37c9a79abe56184d85cd1baa6bba0dd8017e3f7d01555232f?s=96&d=mm&r=g\",\"caption\":\"EventsEditors\"},\"url\":\"https:\/\/flashmode.tn\/magazine\/author\/eventseditors\/\"}]}<\/script>\n<!-- \/ Yoast SEO Premium plugin. -->","yoast_head_json":{"title":"Quand tailler un buddleia ?","description":"Quand tailler Que ce soit pour effectuer une taille s\u00e9v\u00e8re ou remodeler la silhouette de votre Buddleia, proc\u00e9dez en f\u00e9vrier-mars, avant le red\u00e9marrage de","robots":{"index":"index","follow":"follow","max-snippet":"max-snippet:-1","max-image-preview":"max-image-preview:large","max-video-preview":"max-video-preview:-1"},"canonical":"https:\/\/flashmode.tn\/magazine\/quand-tailler-un-buddleia\/","og_locale":"fr_FR","og_type":"article","og_title":"Quand tailler un buddleia ? - Flashmode Magazine | Magazine de mode et style de vie Num\u00e9ro un en Tunisie et au Maghreb","og_description":"Quand tailler Que ce soit pour effectuer une taille s\u00e9v\u00e8re ou remodeler la silhouette de votre Buddleia, proc\u00e9dez en f\u00e9vrier-mars, avant le red\u00e9marrage de","og_url":"https:\/\/flashmode.tn\/magazine\/quand-tailler-un-buddleia\/","og_site_name":"Flashmode Magazine | Magazine de mode et style de vie Num\u00e9ro un en Tunisie et au Maghreb","article_publisher":"https:\/\/www.facebook.com\/flashmode.magazine\/","article_published_time":"2021-11-21T19:04:47+00:00","author":"EventsEditors","twitter_card":"summary_large_image","twitter_creator":"@agenceflashmode","twitter_site":"@agenceflashmode","twitter_misc":{"\u00c9crit par":"EventsEditors","Dur\u00e9e de lecture estim\u00e9e":"6 minutes"},"schema":{"@context":"https:\/\/schema.org","@graph":[{"@type":"WebPage","@id":"https:\/\/flashmode.tn\/magazine\/quand-tailler-un-buddleia\/","url":"https:\/\/flashmode.tn\/magazine\/quand-tailler-un-buddleia\/","name":"Quand tailler un buddleia ?","isPartOf":{"@id":"https:\/\/flashmode.tn\/magazine\/#website"},"datePublished":"2021-11-21T19:04:47+00:00","author":{"@id":"https:\/\/flashmode.tn\/magazine\/#\/schema\/person\/257d6780605b915a5e352977f0f6f41c"},"description":"Quand tailler Que ce soit pour effectuer une taille s\u00e9v\u00e8re ou remodeler la silhouette de votre Buddleia, proc\u00e9dez en f\u00e9vrier-mars, avant le red\u00e9marrage de","breadcrumb":{"@id":"https:\/\/flashmode.tn\/magazine\/quand-tailler-un-buddleia\/#breadcrumb"},"inLanguage":"fr-FR","potentialAction":[{"@type":"ReadAction","target":["https:\/\/flashmode.tn\/magazine\/quand-tailler-un-buddleia\/"]}]},{"@type":"BreadcrumbList","@id":"https:\/\/flashmode.tn\/magazine\/quand-tailler-un-buddleia\/#breadcrumb","itemListElement":[{"@type":"ListItem","position":1,"name":"Accueil","item":"https:\/\/flashmode.tn\/magazine\/"},{"@type":"ListItem","position":2,"name":"Quand tailler un buddleia ?"}]},{"@type":"WebSite","@id":"https:\/\/flashmode.tn\/magazine\/#website","url":"https:\/\/flashmode.tn\/magazine\/","name":"Flashmode Magazine | Magazine de mode et style de vie Num\u00e9ro un en Tunisie et au Maghreb","description":"Magazine de mode et style de vie Num\u00e9ro un en Tunisie et au Maghreb, cr\u00e9\u00e9 pour les hommes et les femmes : conseils beaut\u00e9, mode femme, mode homme, recettes de cuisine, c\u00e9l\u00e9brit\u00e9s et people, mannequins et top modeles","potentialAction":[{"@type":"SearchAction","target":{"@type":"EntryPoint","urlTemplate":"https:\/\/flashmode.tn\/magazine\/?s={search_term_string}"},"query-input":{"@type":"PropertyValueSpecification","valueRequired":true,"valueName":"search_term_string"}}],"inLanguage":"fr-FR"},{"@type":"Person","@id":"https:\/\/flashmode.tn\/magazine\/#\/schema\/person\/257d6780605b915a5e352977f0f6f41c","name":"EventsEditors","image":{"@type":"ImageObject","inLanguage":"fr-FR","@id":"https:\/\/flashmode.tn\/magazine\/#\/schema\/person\/image\/","url":"https:\/\/secure.gravatar.com\/avatar\/e2daedf958f66be37c9a79abe56184d85cd1baa6bba0dd8017e3f7d01555232f?s=96&d=mm&r=g","contentUrl":"https:\/\/secure.gravatar.com\/avatar\/e2daedf958f66be37c9a79abe56184d85cd1baa6bba0dd8017e3f7d01555232f?s=96&d=mm&r=g","caption":"EventsEditors"},"url":"https:\/\/flashmode.tn\/magazine\/author\/eventseditors\/"}]}},"jetpack_publicize_connections":[],"jetpack_featured_media_url":"","jetpack_shortlink":"https:\/\/wp.me\/p8BPGr-f5b","jetpack_sharing_enabled":true,"_links":{"self":[{"href":"https:\/\/flashmode.tn\/magazine\/wp-json\/wp\/v2\/posts\/57981","targetHints":{"allow":["GET"]}}],"collection":[{"href":"https:\/\/flashmode.tn\/magazine\/wp-json\/wp\/v2\/posts"}],"about":[{"href":"https:\/\/flashmode.tn\/magazine\/wp-json\/wp\/v2\/types\/post"}],"author":[{"embeddable":true,"href":"https:\/\/flashmode.tn\/magazine\/wp-json\/wp\/v2\/users\/6"}],"replies":[{"embeddable":true,"href":"https:\/\/flashmode.tn\/magazine\/wp-json\/wp\/v2\/comments?post=57981"}],"version-history":[{"count":0,"href":"https:\/\/flashmode.tn\/magazine\/wp-json\/wp\/v2\/posts\/57981\/revisions"}],"wp:attachment":[{"href":"https:\/\/flashmode.tn\/magazine\/wp-json\/wp\/v2\/media?parent=57981"}],"wp:term":[{"taxonomy":"category","embeddable":true,"href":"https:\/\/flashmode.tn\/magazine\/wp-json\/wp\/v2\/categories?post=57981"},{"taxonomy":"post_tag","embeddable":true,"href":"https:\/\/flashmode.tn\/magazine\/wp-json\/wp\/v2\/tags?post=57981"}],"curies":[{"name":"wp","href":"https:\/\/api.w.org\/{rel}","templated":true}]}}