{"id":58227,"date":"2022-01-09T22:46:35","date_gmt":"2022-01-09T21:46:35","guid":{"rendered":"https:\/\/flashmode.tn\/magazine\/?p=58227"},"modified":"2022-01-09T22:46:35","modified_gmt":"2022-01-09T21:46:35","slug":"quel-est-le-prix-dune-palette-europe-3","status":"publish","type":"post","link":"https:\/\/flashmode.tn\/magazine\/quel-est-le-prix-dune-palette-europe-3\/","title":{"rendered":"Quel est le prix d&rsquo;une palette Europe ?"},"content":{"rendered":"<p><b>Quel est le prix d&rsquo;une palette Europe<\/b> ? Le \u00ab cours \u00bb de la <b>palette Europe<\/b> fluctue en fonction de l&rsquo;offre et de la demande, comme sur tout march\u00e9 : le co\u00fbt d&rsquo;une <b>palette Europe<\/b> neuve varie entre 9,80 et 15 euros HT. le <b>prix d&rsquo;une palette Europe<\/b> d&rsquo;occasion oscille entre 5,50 et 7 euros HT.<\/p>\n<p>Ainsi, Quel est la dimension d&rsquo;une palette Europe ?<\/p>\n<p>Selon les caract\u00e9ristiques de construction de ces supports \u00e9tablis par la norme, les <b>dimensions<\/b> de 1200 x 800 mm ont \u00e9t\u00e9 adopt\u00e9es. Quant au poids, une europalette p\u00e8se environ 25 kg <b>et<\/b> peut supporter des charges pesant jusqu&rsquo;\u00e0 1500 kg (<b>et<\/b> de mani\u00e8re statique, sans d\u00e9placement de la <b>palette<\/b>, jusqu&rsquo;\u00e0 4000 kg).<\/p>\n<p>ensuite Pourquoi les palettes Europe Sont-elles consign\u00e9es ?<\/p>\n<p>Le seul marquage qui vous garantit de pouvoir utiliser une palette pour fabriquer des meubles <b>est<\/b> l&rsquo;indication HT. <b>Elle<\/b> signifie que le bois a \u00e9t\u00e9 chauff\u00e9 pour \u00e9liminer tous les pathog\u00e8nes. C&rsquo;<b>est<\/b> aujourd&rsquo;hui le seul traitement phytosanitaire non-polluant autoris\u00e9 dans l&rsquo;Union Europ\u00e9enne.<\/p>\n<p>Quel est le prix d&rsquo;une palette de parpaing ?<\/p>\n<p>Le <b>prix d&rsquo;une palette de parpaing<\/b> se situe dans les ~80 \u00e0 120\u20ac TTC\/<b>palette<\/b>, hors frais de livraison. Commentaire : Le <b>parpaing<\/b> le plus commun <b>est<\/b> le \u00ab <b>parpaing<\/b> de 20 \u00bb en r\u00e9sistance B40 et en format \u00ab creux \u00bb. C&rsquo;<b>est<\/b> un <b>parpaing<\/b> utilis\u00e9 pour construire des murs de cl\u00f4ture et des murs de maison.<\/p>\n<div id=\"ez-toc-container\" class=\"ez-toc-v2_0_81 counter-hierarchy ez-toc-counter ez-toc-grey ez-toc-container-direction\">\n<div class=\"ez-toc-title-container\">\n<p class=\"ez-toc-title\" style=\"cursor:inherit\">Contenus de la page<\/p>\n<span class=\"ez-toc-title-toggle\"><a href=\"#\" class=\"ez-toc-pull-right ez-toc-btn ez-toc-btn-xs ez-toc-btn-default ez-toc-toggle\" aria-label=\"Toggle Table of Content\"><span class=\"ez-toc-js-icon-con\"><span class=\"\"><span class=\"eztoc-hide\" style=\"display:none;\">Toggle<\/span><span class=\"ez-toc-icon-toggle-span\"><svg style=\"fill: #999;color:#999\" xmlns=\"http:\/\/www.w3.org\/2000\/svg\" class=\"list-377408\" width=\"20px\" height=\"20px\" viewBox=\"0 0 24 24\" fill=\"none\"><path d=\"M6 6H4v2h2V6zm14 0H8v2h12V6zM4 11h2v2H4v-2zm16 0H8v2h12v-2zM4 16h2v2H4v-2zm16 0H8v2h12v-2z\" fill=\"currentColor\"><\/path><\/svg><svg style=\"fill: #999;color:#999\" class=\"arrow-unsorted-368013\" xmlns=\"http:\/\/www.w3.org\/2000\/svg\" width=\"10px\" height=\"10px\" viewBox=\"0 0 24 24\" version=\"1.2\" baseProfile=\"tiny\"><path d=\"M18.2 9.3l-6.2-6.3-6.2 6.3c-.2.2-.3.4-.3.7s.1.5.3.7c.2.2.4.3.7.3h11c.3 0 .5-.1.7-.3.2-.2.3-.5.3-.7s-.1-.5-.3-.7zM5.8 14.7l6.2 6.3 6.2-6.3c.2-.2.3-.5.3-.7s-.1-.5-.3-.7c-.2-.2-.4-.3-.7-.3h-11c-.3 0-.5.1-.7.3-.2.2-.3.5-.3.7s.1.5.3.7z\"\/><\/svg><\/span><\/span><\/span><\/a><\/span><\/div>\n<nav><ul class='ez-toc-list ez-toc-list-level-1 ' ><li class='ez-toc-page-1 ez-toc-heading-level-2'><a class=\"ez-toc-link ez-toc-heading-1\" href=\"https:\/\/flashmode.tn\/magazine\/quel-est-le-prix-dune-palette-europe-3\/#Quelles_sont_les_dimensions_standard_dune_palette\" >Quelles sont les dimensions standard d&rsquo;une palette ?<\/a><\/li><li class='ez-toc-page-1 ez-toc-heading-level-2'><a class=\"ez-toc-link ez-toc-heading-2\" href=\"https:\/\/flashmode.tn\/magazine\/quel-est-le-prix-dune-palette-europe-3\/#Quelle_est_la_dimension_dune_palette_de_bois\" >Quelle est la dimension d&rsquo;une palette de bois ?<\/a><\/li><li class='ez-toc-page-1 ez-toc-heading-level-2'><a class=\"ez-toc-link ez-toc-heading-3\" href=\"https:\/\/flashmode.tn\/magazine\/quel-est-le-prix-dune-palette-europe-3\/#Quelle_est_la_surface_dune_palette\" >Quelle est la surface d&rsquo;une palette ?<\/a><\/li><li class='ez-toc-page-1 ez-toc-heading-level-2'><a class=\"ez-toc-link ez-toc-heading-4\" href=\"https:\/\/flashmode.tn\/magazine\/quel-est-le-prix-dune-palette-europe-3\/#Comment_savoir_si_une_palette_est_consignee\" >Comment savoir si une palette est consign\u00e9e ?<\/a><\/li><li class='ez-toc-page-1 ez-toc-heading-level-2'><a class=\"ez-toc-link ez-toc-heading-5\" href=\"https:\/\/flashmode.tn\/magazine\/quel-est-le-prix-dune-palette-europe-3\/#Quel_est_le_bois_dune_palette\" >Quel est le bois d&rsquo;une palette ?<\/a><\/li><li class='ez-toc-page-1 ez-toc-heading-level-2'><a class=\"ez-toc-link ez-toc-heading-6\" href=\"https:\/\/flashmode.tn\/magazine\/quel-est-le-prix-dune-palette-europe-3\/#Quels_sont_les_palettes_non_traitees\" >Quels sont les palettes non trait\u00e9es ?<\/a><\/li><li class='ez-toc-page-1 ez-toc-heading-level-2'><a class=\"ez-toc-link ez-toc-heading-7\" href=\"https:\/\/flashmode.tn\/magazine\/quel-est-le-prix-dune-palette-europe-3\/#Quel_est_le_prix_dun_parpaing_de_20\" >Quel est le prix d&rsquo;un parpaing de 20 ?<\/a><\/li><li class='ez-toc-page-1 ez-toc-heading-level-2'><a class=\"ez-toc-link ez-toc-heading-8\" href=\"https:\/\/flashmode.tn\/magazine\/quel-est-le-prix-dune-palette-europe-3\/#Quel_est_le_poids_dune_palette_de_parpaing\" >Quel est le poids d&rsquo;une palette de parpaing ?<\/a><\/li><li class='ez-toc-page-1 ez-toc-heading-level-2'><a class=\"ez-toc-link ez-toc-heading-9\" href=\"https:\/\/flashmode.tn\/magazine\/quel-est-le-prix-dune-palette-europe-3\/#Comment_calculer_le_nombre_de_parpaing_au_m2\" >Comment calculer le nombre de parpaing au m2 ?<\/a><\/li><li class='ez-toc-page-1 ez-toc-heading-level-2'><a class=\"ez-toc-link ez-toc-heading-10\" href=\"https:\/\/flashmode.tn\/magazine\/quel-est-le-prix-dune-palette-europe-3\/#Quelles_sont_les_differents_types_de_palettes\" >Quelles sont les diff\u00e9rents types de palettes ?<\/a><\/li><li class='ez-toc-page-1 ez-toc-heading-level-2'><a class=\"ez-toc-link ez-toc-heading-11\" href=\"https:\/\/flashmode.tn\/magazine\/quel-est-le-prix-dune-palette-europe-3\/#Quel_est_le_bois_de_palette\" >Quel est le bois de palette ?<\/a><\/li><li class='ez-toc-page-1 ez-toc-heading-level-2'><a class=\"ez-toc-link ez-toc-heading-12\" href=\"https:\/\/flashmode.tn\/magazine\/quel-est-le-prix-dune-palette-europe-3\/#Comment_fixer_les_palettes_entre_elles\" >Comment fixer les palettes entre elles ?<\/a><\/li><li class='ez-toc-page-1 ez-toc-heading-level-2'><a class=\"ez-toc-link ez-toc-heading-13\" href=\"https:\/\/flashmode.tn\/magazine\/quel-est-le-prix-dune-palette-europe-3\/#Quelle_hauteur_palette\" >Quelle hauteur palette ?<\/a><\/li><li class='ez-toc-page-1 ez-toc-heading-level-2'><a class=\"ez-toc-link ez-toc-heading-14\" href=\"https:\/\/flashmode.tn\/magazine\/quel-est-le-prix-dune-palette-europe-3\/#Quelles_sont_les_palettes_toxiques\" >Quelles sont les palettes toxiques ?<\/a><\/li><li class='ez-toc-page-1 ez-toc-heading-level-2'><a class=\"ez-toc-link ez-toc-heading-15\" href=\"https:\/\/flashmode.tn\/magazine\/quel-est-le-prix-dune-palette-europe-3\/#Quest-ce_quune_palette_CHEP\" >Qu&rsquo;est-ce qu&rsquo;une palette CHEP ?<\/a><\/li><li class='ez-toc-page-1 ez-toc-heading-level-2'><a class=\"ez-toc-link ez-toc-heading-16\" href=\"https:\/\/flashmode.tn\/magazine\/quel-est-le-prix-dune-palette-europe-3\/#Quels_sont_les_differents_types_de_palettes\" >Quels sont les diff\u00e9rents types de palettes ?<\/a><\/li><li class='ez-toc-page-1 ez-toc-heading-level-2'><a class=\"ez-toc-link ez-toc-heading-17\" href=\"https:\/\/flashmode.tn\/magazine\/quel-est-le-prix-dune-palette-europe-3\/#Comment_utiliser_du_bois_de_palette\" >Comment utiliser du bois de palette ?<\/a><\/li><li class='ez-toc-page-1 ez-toc-heading-level-2'><a class=\"ez-toc-link ez-toc-heading-18\" href=\"https:\/\/flashmode.tn\/magazine\/quel-est-le-prix-dune-palette-europe-3\/#Comment_traiter_des_palettes_en_bois\" >Comment traiter des palettes en bois ?<\/a><\/li><li class='ez-toc-page-1 ez-toc-heading-level-2'><a class=\"ez-toc-link ez-toc-heading-19\" href=\"https:\/\/flashmode.tn\/magazine\/quel-est-le-prix-dune-palette-europe-3\/#Comment_choisir_palette\" >Comment choisir palette ?<\/a><\/li><\/ul><\/nav><\/div>\n<h2><span class=\"ez-toc-section\" id=\"Quelles_sont_les_dimensions_standard_dune_palette\"><\/span>Quelles sont les dimensions standard d&rsquo;une palette ?<span class=\"ez-toc-section-end\"><\/span><\/h2>\n<p><b>  Elles  <b>   sont  <\/b>  g\u00e9n\u00e9ralement marqu\u00e9es du logo EUR ou EPAL. <\/b> <\/p>\n<ul>\n<li>   <b>    Palette   <\/b>   am\u00e9ricaine = 1200 x 1000 mm.  <\/li>\n<li>   <b>    Palette   <\/b>   europ\u00e9enne = 1200 x 800 mm.  <\/li>\n<li>   Mini-   <b>    palette   <\/b>   = 800 x 600 mm (\u00e9galement disponible en 600 x 400 mm)  <\/li>\n<\/ul>\n<h2><span class=\"ez-toc-section\" id=\"Quelle_est_la_dimension_dune_palette_de_bois\"><\/span><strong>Quelle est la dimension d&rsquo;une palette de bois ?<\/strong><span class=\"ez-toc-section-end\"><\/span><\/h2>\n<p><b>Palette<\/b> en <b>bois<\/b> regroup\u00e9e &#8211; Am\u00e9rique du Nord (48 x 40 pouces)<\/p>\n<h2><span class=\"ez-toc-section\" id=\"Quelle_est_la_surface_dune_palette\"><\/span><strong>Quelle est la surface d&rsquo;une palette ?<\/strong><span class=\"ez-toc-section-end\"><\/span><\/h2>\n<p>La <b>palette<\/b> EPAL ou <b>palette<\/b> EURO poss\u00e8de des dimensions standards, soit 1200 x 800 x 145 millim\u00e8tres. De plus, afin de les identifier, les <b>palettes<\/b> EUR <b>sont<\/b> reconnaissables gr\u00e2ce au logo \u201cEPAL\u201d ou \u201cEUR\u201d OU notamment sur les \u201cd\u00e9s\u201d.<\/p>\n<h2><span class=\"ez-toc-section\" id=\"Comment_savoir_si_une_palette_est_consignee\"><\/span><strong>Comment savoir si une palette est consign\u00e9e ?<\/strong><span class=\"ez-toc-section-end\"><\/span><\/h2>\n<p>2 types de <b>palettes<\/b> : <b>consign\u00e9es<\/b> ou jetables<\/p>\n<p> les <b>palettes consign\u00e9es<\/b> : assembl\u00e9es avec des pointes, lourdes et solides, parfois peintes, elles se distinguent gr\u00e2ce \u00e0 leur signe \u00ab EUR \u00bb, les <b>palettes<\/b> jetables : assembl\u00e9es avec des agrafes, sont l\u00e9g\u00e8res et faciles \u00e0 d\u00e9monter.<\/p>\n<h2><span class=\"ez-toc-section\" id=\"Quel_est_le_bois_dune_palette\"><\/span><strong>Quel est le bois d&rsquo;une palette ?<\/strong><span class=\"ez-toc-section-end\"><\/span><\/h2>\n<p>Les <b>palettes<\/b> sont principalement fabriqu\u00e9es \u00e0 partir d&rsquo;essences de r\u00e9sineux. Dans certains cas, des panneaux de <b>bois<\/b> \u00ab\u00a0dur\u00a0\u00bb, c&rsquo;est-\u00e0-dire du <b>bois<\/b> provenant d&rsquo;arbres class\u00e9s comme <b>bois<\/b> durs, tels que le peuplier, le h\u00eatre ou le ch\u00eane, peuvent \u00eatre utilis\u00e9s.<\/p>\n<h2><span class=\"ez-toc-section\" id=\"Quels_sont_les_palettes_non_traitees\"><\/span><strong>Quels sont les palettes non trait\u00e9es ?<\/strong><span class=\"ez-toc-section-end\"><\/span><\/h2>\n<p>Les <b>palettes non<\/b> consign\u00e9es<\/p>\n<p> Disponibles pour des charges l\u00e9g\u00e8res, demi lourdes ou lourdes, elle <b>sont<\/b> soit apell\u00e9es <b>palettes<\/b> \u00ab perdues \u00bb (qui ne servent qu&rsquo;une seule fois, \u00e9conomiques et destin\u00e9es au transport de marchandises l\u00e9g\u00e8res), soit <b>palettes<\/b> \u00ab multi-rotations \u00bb. Elles ne <b>sont<\/b> pas <b>trait\u00e9es<\/b>.<\/p>\n<h2><span class=\"ez-toc-section\" id=\"Quel_est_le_prix_dun_parpaing_de_20\"><\/span><strong>Quel est le prix d&rsquo;un parpaing de 20 ?<\/strong><span class=\"ez-toc-section-end\"><\/span><\/h2>\n<p>Un peu plus \u00e9lev\u00e9, le <b>prix<\/b> d&rsquo;un agglo de <b>20<\/b> cm se situe dans une fourchette comprise entre 1,50 \u20ac et 2,60 \u20ac par unit\u00e9. Le <b>prix d&rsquo;un parpaing<\/b> creux de 25 cm s&rsquo;\u00e9l\u00e8ve quant \u00e0 lui aux alentours de 2,30 \u20ac et 2,60 \u20ac par unit\u00e9.<\/p>\n<h2><span class=\"ez-toc-section\" id=\"Quel_est_le_poids_dune_palette_de_parpaing\"><\/span><strong>Quel est le poids d&rsquo;une palette de parpaing ?<\/strong><span class=\"ez-toc-section-end\"><\/span><\/h2>\n<p>Le <b>poids<\/b> du <b>parpaing<\/b> : le nombre de <b>parpaings<\/b> par <b>palette est<\/b> limit\u00e9 par le <b>poids<\/b>. Le <b>poids d&rsquo;une palette<\/b> ne peut pas exc\u00e9der 1,2 tonne. Si les fournisseurs livrent g\u00e9n\u00e9ralement 5 couches de <b>parpaings<\/b> empil\u00e9s par <b>palette<\/b>, le <b>poids<\/b> du <b>parpaing<\/b> peut jouer sur ce crit\u00e8re.<\/p>\n<h2><span class=\"ez-toc-section\" id=\"Comment_calculer_le_nombre_de_parpaing_au_m2\"><\/span><strong>Comment calculer le nombre de parpaing au m2 ?<\/strong><span class=\"ez-toc-section-end\"><\/span><\/h2>\n<p>Avec un <b>parpaing<\/b> de 20, il faut 10 <b>parpaings<\/b> pour couvrir 1 m\u00b2. Pour une surface de 20 m\u00b2 vous aurez besoin de : 20\u00d710= 200 <b>parpaings<\/b>.<\/p>\n<h2><span class=\"ez-toc-section\" id=\"Quelles_sont_les_differents_types_de_palettes\"><\/span><strong>Quelles sont les diff\u00e9rents types de palettes ?<\/strong><span class=\"ez-toc-section-end\"><\/span><\/h2>\n<p>La <b>palette<\/b> l\u00e9g\u00e8re <b>est<\/b> parfaite pour un transport unique ou des marchandises peu lourdes ; La <b>palette<\/b> semi-lourde peut supporter plusieurs transports ; La <b>palette<\/b> lourde permet une utilisation en multi-rotations.<\/p>\n<h2><span class=\"ez-toc-section\" id=\"Quel_est_le_bois_de_palette\"><\/span><strong>Quel est le bois de palette ?<\/strong><span class=\"ez-toc-section-end\"><\/span><\/h2>\n<p>Les <b>palettes<\/b> sont principalement fabriqu\u00e9es \u00e0 partir d&rsquo;essences de r\u00e9sineux. Dans certains cas, des panneaux de <b>bois<\/b> \u00ab\u00a0dur\u00a0\u00bb, c&rsquo;est-\u00e0-dire du <b>bois<\/b> provenant d&rsquo;arbres class\u00e9s comme <b>bois<\/b> durs, tels que le peuplier, le h\u00eatre ou le ch\u00eane, peuvent \u00eatre utilis\u00e9s.<\/p>\n<h2><span class=\"ez-toc-section\" id=\"Comment_fixer_les_palettes_entre_elles\"><\/span><strong>Comment fixer les palettes entre elles ?<\/strong><span class=\"ez-toc-section-end\"><\/span><\/h2>\n<p>Les <b>palettes<\/b> sont fix\u00e9es <b>entre elles<\/b> gr\u00e2ce \u00e0 des boulons de grande longueur ins\u00e9r\u00e9s dans chaque d\u00e9 situ\u00e9 sur les c\u00f4t\u00e9s des <b>palettes<\/b>. Posez une premi\u00e8re <b>palette<\/b> sur le sol. Tracez 2 diagonales sur les 3 d\u00e9s de la <b>palette<\/b> pour en rep\u00e9rer le centre. Faites la m\u00eame chose sur le c\u00f4t\u00e9 oppos\u00e9 de la <b>palette<\/b>.<\/p>\n<h2><span class=\"ez-toc-section\" id=\"Quelle_hauteur_palette\"><\/span><strong>Quelle hauteur palette ?<\/strong><span class=\"ez-toc-section-end\"><\/span><\/h2>\n<p>Les <b>palettes<\/b> pr\u00e9par\u00e9es ont une <b>hauteur<\/b> n&rsquo;exc\u00e9dant pas 1,20 m.<\/p>\n<h2><span class=\"ez-toc-section\" id=\"Quelles_sont_les_palettes_toxiques\"><\/span><strong>Quelles sont les palettes toxiques ?<\/strong><span class=\"ez-toc-section-end\"><\/span><\/h2>\n<p>Les <b>palettes<\/b> EUR EPAL construite depuis 1995 <b>sont<\/b> Exclusivment traiter par la chaleur et <b>sont<\/b> donc sans danger pour l&rsquo;homme. En revanche d&rsquo;anciennes <b>palettes<\/b> portant la mention MB <b>sont<\/b> hautement <b>toxiques<\/b> et ne conviennent pas pour l&rsquo;usage que nous d\u00e9sirons en faire.<\/p>\n<h2><span class=\"ez-toc-section\" id=\"Quest-ce_quune_palette_CHEP\"><\/span><strong>Qu&rsquo;est-ce qu&rsquo;une palette CHEP ?<\/strong><span class=\"ez-toc-section-end\"><\/span><\/h2>\n<p>Les <b>palettes<\/b> plastique <b>CHEP<\/b> de type Europe 1 200 x 800 mm sont la solution id\u00e9ale pour les industries tr\u00e8s r\u00e9glement\u00e9es o\u00f9 l&rsquo;hygi\u00e8ne <b>est<\/b> cruciale, comme celle des produits pharmaceutiques. Les <b>palettes<\/b> plastique <b>CHEP<\/b> ont une surface non poreuse, n&rsquo;absorbent pas les odeurs et peuvent \u00eatre lav\u00e9es facilement.<\/p>\n<h2><span class=\"ez-toc-section\" id=\"Quels_sont_les_differents_types_de_palettes\"><\/span><strong>Quels sont les diff\u00e9rents types de palettes ?<\/strong><span class=\"ez-toc-section-end\"><\/span><\/h2>\n<p>La <b>palette<\/b> l\u00e9g\u00e8re est parfaite pour un transport unique ou des marchandises peu lourdes ; La <b>palette<\/b> semi-lourde peut supporter plusieurs transports ; La <b>palette<\/b> lourde permet une utilisation en multi-rotations.<\/p>\n<h2><span class=\"ez-toc-section\" id=\"Comment_utiliser_du_bois_de_palette\"><\/span><strong>Comment utiliser du bois de palette ?<\/strong><span class=\"ez-toc-section-end\"><\/span><\/h2>\n<p>Pon\u00e7age : Le <b>bois de palettes<\/b> est g\u00e9n\u00e9ralement assez brut et rugueux, vous pouvez bien s\u00fbr l&rsquo;<b>utiliser<\/b> tel quel, mais pour un touch\u00e9 plus agr\u00e9able, le pon\u00e7age devient n\u00e9cessaire. Pour poncer rapidement, j&rsquo;<b>utilise<\/b> une ponceuse orbitale, plus puissante que les delta, et tr\u00e8s maniable.<\/p>\n<h2><span class=\"ez-toc-section\" id=\"Comment_traiter_des_palettes_en_bois\"><\/span><strong>Comment traiter des palettes en bois ?<\/strong><span class=\"ez-toc-section-end\"><\/span><\/h2>\n<p>Il s&rsquo;agit d&rsquo;un <b>traitement<\/b> par fumigation au bromure de m\u00e9thyle (MB), interdit depuis Mars 2010. Nettoyez vos <b>palettes<\/b> \u00e0 l&rsquo;aide d&rsquo;un nettoyeur haute pression, d&rsquo;une brosse \u00e0 poils durs ou d&rsquo;une brosse m\u00e9tallique pour d\u00e9loger poussi\u00e8re, les toiles d&rsquo;araign\u00e9e et autres salet\u00e9s. Ajoutez-y du vinaigre blanc ou de la javel.<\/p>\n<h2><span class=\"ez-toc-section\" id=\"Comment_choisir_palette\"><\/span><strong>Comment choisir palette ?<\/strong><span class=\"ez-toc-section-end\"><\/span><\/h2>\n<p>Deux \u00e9l\u00e9ments distinguent principalement les diff\u00e9rents mod\u00e8les de <b>palette<\/b> : ses dimensions et l&rsquo;essence du bois utilis\u00e9. C\u00f4t\u00e9 dimensions, on en trouve aux formats 60 x 80 cm, 80 x 120 cm, et 100 x 120 cm. Les mod\u00e8les de <b>palette<\/b> 80 x 120 cm sont les plus courants.<\/p>\n<h2><strong><\/strong><\/h2>\n<h2><strong><\/strong><\/h2>\n<hr \/>\n<p><em>Editeurs: 8 &#8211; R\u00e9f\u00e9rences: 36 articles<\/em><\/p>\n<p><em>N\u2019oubliez pas de partager l\u2019article !<\/em><\/p>\n","protected":false},"excerpt":{"rendered":"<p>Quel est le prix d&rsquo;une palette Europe ? Le \u00ab cours \u00bb de la palette Europe fluctue en fonction de l&rsquo;offre et de la demande, comme sur tout march\u00e9 : le co\u00fbt d&rsquo;une palette Europe neuve varie entre 9,80 et 15 euros HT. le prix d&rsquo;une palette Europe d&rsquo;occasion oscille entre 5,50 et 7 euros [&hellip;]<\/p>\n","protected":false},"author":6,"featured_media":0,"comment_status":"open","ping_status":"open","sticky":false,"template":"","format":"standard","meta":{"tdm_status":"","tdm_grid_status":"","_jetpack_memberships_contains_paid_content":false,"footnotes":"","jetpack_publicize_message":"","jetpack_publicize_feature_enabled":true,"jetpack_social_post_already_shared":true,"jetpack_social_options":{"image_generator_settings":{"template":"highway","default_image_id":0,"font":"","enabled":false},"version":2}},"categories":[3457],"tags":[],"class_list":["post-58227","post","type-post","status-publish","format-standard","hentry","category-maison"],"yoast_head":"<!-- This site is optimized with the Yoast SEO Premium plugin v25.0 (Yoast SEO v25.0) - https:\/\/yoast.com\/wordpress\/plugins\/seo\/ -->\n<title>Quel est le prix d&#039;une palette Europe ?<\/title>\n<meta name=\"description\" content=\"Quel est le prix d&#039;une palette Europe ? Le \u00ab cours \u00bb de la palette Europe fluctue en fonction de l&#039;offre et de la demande, comme sur tout march\u00e9 : le co\u00fbt\" \/>\n<meta name=\"robots\" content=\"index, follow, max-snippet:-1, max-image-preview:large, max-video-preview:-1\" \/>\n<link rel=\"canonical\" href=\"https:\/\/flashmode.tn\/magazine\/quel-est-le-prix-dune-palette-europe-3\/\" \/>\n<meta property=\"og:locale\" content=\"fr_FR\" \/>\n<meta property=\"og:type\" content=\"article\" \/>\n<meta property=\"og:title\" content=\"Quel est le prix d&#039;une palette Europe ? - Flashmode Magazine | Magazine de mode et style de vie Num\u00e9ro un en Tunisie et au Maghreb\" \/>\n<meta property=\"og:description\" content=\"Quel est le prix d&#039;une palette Europe ? Le \u00ab cours \u00bb de la palette Europe fluctue en fonction de l&#039;offre et de la demande, comme sur tout march\u00e9 : le co\u00fbt\" \/>\n<meta property=\"og:url\" content=\"https:\/\/flashmode.tn\/magazine\/quel-est-le-prix-dune-palette-europe-3\/\" \/>\n<meta property=\"og:site_name\" content=\"Flashmode Magazine | Magazine de mode et style de vie Num\u00e9ro un en Tunisie et au Maghreb\" \/>\n<meta property=\"article:publisher\" content=\"https:\/\/www.facebook.com\/flashmode.magazine\/\" \/>\n<meta property=\"article:published_time\" content=\"2022-01-09T21:46:35+00:00\" \/>\n<meta name=\"author\" content=\"EventsEditors\" \/>\n<meta name=\"twitter:card\" content=\"summary_large_image\" \/>\n<meta name=\"twitter:creator\" content=\"@agenceflashmode\" \/>\n<meta name=\"twitter:site\" content=\"@agenceflashmode\" \/>\n<meta name=\"twitter:label1\" content=\"\u00c9crit par\" \/>\n\t<meta name=\"twitter:data1\" content=\"EventsEditors\" \/>\n\t<meta name=\"twitter:label2\" content=\"Dur\u00e9e de lecture estim\u00e9e\" \/>\n\t<meta name=\"twitter:data2\" content=\"6 minutes\" \/>\n<script type=\"application\/ld+json\" class=\"yoast-schema-graph\">{\"@context\":\"https:\/\/schema.org\",\"@graph\":[{\"@type\":\"WebPage\",\"@id\":\"https:\/\/flashmode.tn\/magazine\/quel-est-le-prix-dune-palette-europe-3\/\",\"url\":\"https:\/\/flashmode.tn\/magazine\/quel-est-le-prix-dune-palette-europe-3\/\",\"name\":\"Quel est le prix d'une palette Europe ?\",\"isPartOf\":{\"@id\":\"https:\/\/flashmode.tn\/magazine\/#website\"},\"datePublished\":\"2022-01-09T21:46:35+00:00\",\"author\":{\"@id\":\"https:\/\/flashmode.tn\/magazine\/#\/schema\/person\/257d6780605b915a5e352977f0f6f41c\"},\"description\":\"Quel est le prix d'une palette Europe ? Le \u00ab cours \u00bb de la palette Europe fluctue en fonction de l'offre et de la demande, comme sur tout march\u00e9 : le co\u00fbt\",\"breadcrumb\":{\"@id\":\"https:\/\/flashmode.tn\/magazine\/quel-est-le-prix-dune-palette-europe-3\/#breadcrumb\"},\"inLanguage\":\"fr-FR\",\"potentialAction\":[{\"@type\":\"ReadAction\",\"target\":[\"https:\/\/flashmode.tn\/magazine\/quel-est-le-prix-dune-palette-europe-3\/\"]}]},{\"@type\":\"BreadcrumbList\",\"@id\":\"https:\/\/flashmode.tn\/magazine\/quel-est-le-prix-dune-palette-europe-3\/#breadcrumb\",\"itemListElement\":[{\"@type\":\"ListItem\",\"position\":1,\"name\":\"Accueil\",\"item\":\"https:\/\/flashmode.tn\/magazine\/\"},{\"@type\":\"ListItem\",\"position\":2,\"name\":\"Quel est le prix d&rsquo;une palette Europe ?\"}]},{\"@type\":\"WebSite\",\"@id\":\"https:\/\/flashmode.tn\/magazine\/#website\",\"url\":\"https:\/\/flashmode.tn\/magazine\/\",\"name\":\"Flashmode Magazine | Magazine de mode et style de vie Num\u00e9ro un en Tunisie et au Maghreb\",\"description\":\"Magazine de mode et style de vie Num\u00e9ro un en Tunisie et au Maghreb, cr\u00e9\u00e9 pour les hommes et les femmes : conseils beaut\u00e9, mode femme, mode homme, recettes de cuisine, c\u00e9l\u00e9brit\u00e9s et people, mannequins et top modeles\",\"potentialAction\":[{\"@type\":\"SearchAction\",\"target\":{\"@type\":\"EntryPoint\",\"urlTemplate\":\"https:\/\/flashmode.tn\/magazine\/?s={search_term_string}\"},\"query-input\":{\"@type\":\"PropertyValueSpecification\",\"valueRequired\":true,\"valueName\":\"search_term_string\"}}],\"inLanguage\":\"fr-FR\"},{\"@type\":\"Person\",\"@id\":\"https:\/\/flashmode.tn\/magazine\/#\/schema\/person\/257d6780605b915a5e352977f0f6f41c\",\"name\":\"EventsEditors\",\"image\":{\"@type\":\"ImageObject\",\"inLanguage\":\"fr-FR\",\"@id\":\"https:\/\/flashmode.tn\/magazine\/#\/schema\/person\/image\/\",\"url\":\"https:\/\/secure.gravatar.com\/avatar\/e2daedf958f66be37c9a79abe56184d85cd1baa6bba0dd8017e3f7d01555232f?s=96&d=mm&r=g\",\"contentUrl\":\"https:\/\/secure.gravatar.com\/avatar\/e2daedf958f66be37c9a79abe56184d85cd1baa6bba0dd8017e3f7d01555232f?s=96&d=mm&r=g\",\"caption\":\"EventsEditors\"},\"url\":\"https:\/\/flashmode.tn\/magazine\/author\/eventseditors\/\"}]}<\/script>\n<!-- \/ Yoast SEO Premium plugin. -->","yoast_head_json":{"title":"Quel est le prix d'une palette Europe ?","description":"Quel est le prix d'une palette Europe ? Le \u00ab cours \u00bb de la palette Europe fluctue en fonction de l'offre et de la demande, comme sur tout march\u00e9 : le co\u00fbt","robots":{"index":"index","follow":"follow","max-snippet":"max-snippet:-1","max-image-preview":"max-image-preview:large","max-video-preview":"max-video-preview:-1"},"canonical":"https:\/\/flashmode.tn\/magazine\/quel-est-le-prix-dune-palette-europe-3\/","og_locale":"fr_FR","og_type":"article","og_title":"Quel est le prix d'une palette Europe ? - Flashmode Magazine | Magazine de mode et style de vie Num\u00e9ro un en Tunisie et au Maghreb","og_description":"Quel est le prix d'une palette Europe ? Le \u00ab cours \u00bb de la palette Europe fluctue en fonction de l'offre et de la demande, comme sur tout march\u00e9 : le co\u00fbt","og_url":"https:\/\/flashmode.tn\/magazine\/quel-est-le-prix-dune-palette-europe-3\/","og_site_name":"Flashmode Magazine | Magazine de mode et style de vie Num\u00e9ro un en Tunisie et au Maghreb","article_publisher":"https:\/\/www.facebook.com\/flashmode.magazine\/","article_published_time":"2022-01-09T21:46:35+00:00","author":"EventsEditors","twitter_card":"summary_large_image","twitter_creator":"@agenceflashmode","twitter_site":"@agenceflashmode","twitter_misc":{"\u00c9crit par":"EventsEditors","Dur\u00e9e de lecture estim\u00e9e":"6 minutes"},"schema":{"@context":"https:\/\/schema.org","@graph":[{"@type":"WebPage","@id":"https:\/\/flashmode.tn\/magazine\/quel-est-le-prix-dune-palette-europe-3\/","url":"https:\/\/flashmode.tn\/magazine\/quel-est-le-prix-dune-palette-europe-3\/","name":"Quel est le prix d'une palette Europe ?","isPartOf":{"@id":"https:\/\/flashmode.tn\/magazine\/#website"},"datePublished":"2022-01-09T21:46:35+00:00","author":{"@id":"https:\/\/flashmode.tn\/magazine\/#\/schema\/person\/257d6780605b915a5e352977f0f6f41c"},"description":"Quel est le prix d'une palette Europe ? Le \u00ab cours \u00bb de la palette Europe fluctue en fonction de l'offre et de la demande, comme sur tout march\u00e9 : le co\u00fbt","breadcrumb":{"@id":"https:\/\/flashmode.tn\/magazine\/quel-est-le-prix-dune-palette-europe-3\/#breadcrumb"},"inLanguage":"fr-FR","potentialAction":[{"@type":"ReadAction","target":["https:\/\/flashmode.tn\/magazine\/quel-est-le-prix-dune-palette-europe-3\/"]}]},{"@type":"BreadcrumbList","@id":"https:\/\/flashmode.tn\/magazine\/quel-est-le-prix-dune-palette-europe-3\/#breadcrumb","itemListElement":[{"@type":"ListItem","position":1,"name":"Accueil","item":"https:\/\/flashmode.tn\/magazine\/"},{"@type":"ListItem","position":2,"name":"Quel est le prix d&rsquo;une palette Europe ?"}]},{"@type":"WebSite","@id":"https:\/\/flashmode.tn\/magazine\/#website","url":"https:\/\/flashmode.tn\/magazine\/","name":"Flashmode Magazine | Magazine de mode et style de vie Num\u00e9ro un en Tunisie et au Maghreb","description":"Magazine de mode et style de vie Num\u00e9ro un en Tunisie et au Maghreb, cr\u00e9\u00e9 pour les hommes et les femmes : conseils beaut\u00e9, mode femme, mode homme, recettes de cuisine, c\u00e9l\u00e9brit\u00e9s et people, mannequins et top modeles","potentialAction":[{"@type":"SearchAction","target":{"@type":"EntryPoint","urlTemplate":"https:\/\/flashmode.tn\/magazine\/?s={search_term_string}"},"query-input":{"@type":"PropertyValueSpecification","valueRequired":true,"valueName":"search_term_string"}}],"inLanguage":"fr-FR"},{"@type":"Person","@id":"https:\/\/flashmode.tn\/magazine\/#\/schema\/person\/257d6780605b915a5e352977f0f6f41c","name":"EventsEditors","image":{"@type":"ImageObject","inLanguage":"fr-FR","@id":"https:\/\/flashmode.tn\/magazine\/#\/schema\/person\/image\/","url":"https:\/\/secure.gravatar.com\/avatar\/e2daedf958f66be37c9a79abe56184d85cd1baa6bba0dd8017e3f7d01555232f?s=96&d=mm&r=g","contentUrl":"https:\/\/secure.gravatar.com\/avatar\/e2daedf958f66be37c9a79abe56184d85cd1baa6bba0dd8017e3f7d01555232f?s=96&d=mm&r=g","caption":"EventsEditors"},"url":"https:\/\/flashmode.tn\/magazine\/author\/eventseditors\/"}]}},"jetpack_publicize_connections":[],"jetpack_featured_media_url":"","jetpack_shortlink":"https:\/\/wp.me\/p8BPGr-f99","jetpack_sharing_enabled":true,"_links":{"self":[{"href":"https:\/\/flashmode.tn\/magazine\/wp-json\/wp\/v2\/posts\/58227","targetHints":{"allow":["GET"]}}],"collection":[{"href":"https:\/\/flashmode.tn\/magazine\/wp-json\/wp\/v2\/posts"}],"about":[{"href":"https:\/\/flashmode.tn\/magazine\/wp-json\/wp\/v2\/types\/post"}],"author":[{"embeddable":true,"href":"https:\/\/flashmode.tn\/magazine\/wp-json\/wp\/v2\/users\/6"}],"replies":[{"embeddable":true,"href":"https:\/\/flashmode.tn\/magazine\/wp-json\/wp\/v2\/comments?post=58227"}],"version-history":[{"count":0,"href":"https:\/\/flashmode.tn\/magazine\/wp-json\/wp\/v2\/posts\/58227\/revisions"}],"wp:attachment":[{"href":"https:\/\/flashmode.tn\/magazine\/wp-json\/wp\/v2\/media?parent=58227"}],"wp:term":[{"taxonomy":"category","embeddable":true,"href":"https:\/\/flashmode.tn\/magazine\/wp-json\/wp\/v2\/categories?post=58227"},{"taxonomy":"post_tag","embeddable":true,"href":"https:\/\/flashmode.tn\/magazine\/wp-json\/wp\/v2\/tags?post=58227"}],"curies":[{"name":"wp","href":"https:\/\/api.w.org\/{rel}","templated":true}]}}