{"id":59242,"date":"2022-01-15T01:47:44","date_gmt":"2022-01-15T00:47:44","guid":{"rendered":"https:\/\/flashmode.tn\/magazine\/?p=59242"},"modified":"2022-03-10T02:04:27","modified_gmt":"2022-03-10T01:04:27","slug":"comment-et-quand-tailler-le-manguier","status":"publish","type":"post","link":"https:\/\/flashmode.tn\/magazine\/comment-et-quand-tailler-le-manguier\/","title":{"rendered":"Comment et quand tailler le manguier ?"},"content":{"rendered":"<p>Le meilleur moment pour <b>tailler<\/b> est la mi-avril, car cela vous permet de profiter au maximum du printemps pour le d\u00e9veloppement des branches et de l&rsquo;\u00e9t\u00e9 pour la fructification.<\/p>\n<p>Ainsi, Quand tailler un manguier ?<\/p>\n<p><b>Quand tailler<\/b> le <b>manguier<\/b> ? La <b>taille<\/b> du <b>manguier<\/b> a lieu de pr\u00e9f\u00e9rence de la fin de la r\u00e9colte \u00e0 fin d\u00e9cembre.<\/p>\n<p>ensuite Quelles sont les maladies du manguier ?<\/p>\n<p>Les cicadelles qui s&rsquo;attaquent aux feuilles, rameaux e t inflorescences, des col\u00e9opt\u00e8res foreurs de tiges, certaines cochenilles et surtout les mouches des fruits <b>sont<\/b> parmi les plus importants .<\/p>\n<p>Comment s&rsquo;appelle l&rsquo;arbre qui produit des mangues ?<\/p>\n<p>Un peu d&rsquo;histoire. La <b>mangue<\/b> est originaire des for\u00eats de l&rsquo;Inde, pays o\u00f9 le manguier pousse encore \u00e0 l&rsquo;\u00e9tat sauvage. Cet <b>arbre<\/b> au feuillage persistant et \u00e0 la fructification g\u00e9n\u00e9reuse est v\u00e9n\u00e9r\u00e9 par les Hindous.<\/p>\n<div id=\"ez-toc-container\" class=\"ez-toc-v2_0_81 counter-hierarchy ez-toc-counter ez-toc-grey ez-toc-container-direction\">\n<div class=\"ez-toc-title-container\">\n<p class=\"ez-toc-title\" style=\"cursor:inherit\">Contenus de la page<\/p>\n<span class=\"ez-toc-title-toggle\"><a href=\"#\" class=\"ez-toc-pull-right ez-toc-btn ez-toc-btn-xs ez-toc-btn-default ez-toc-toggle\" aria-label=\"Toggle Table of Content\"><span class=\"ez-toc-js-icon-con\"><span class=\"\"><span class=\"eztoc-hide\" style=\"display:none;\">Toggle<\/span><span class=\"ez-toc-icon-toggle-span\"><svg style=\"fill: #999;color:#999\" xmlns=\"http:\/\/www.w3.org\/2000\/svg\" class=\"list-377408\" width=\"20px\" height=\"20px\" viewBox=\"0 0 24 24\" fill=\"none\"><path d=\"M6 6H4v2h2V6zm14 0H8v2h12V6zM4 11h2v2H4v-2zm16 0H8v2h12v-2zM4 16h2v2H4v-2zm16 0H8v2h12v-2z\" fill=\"currentColor\"><\/path><\/svg><svg style=\"fill: #999;color:#999\" class=\"arrow-unsorted-368013\" xmlns=\"http:\/\/www.w3.org\/2000\/svg\" width=\"10px\" height=\"10px\" viewBox=\"0 0 24 24\" version=\"1.2\" baseProfile=\"tiny\"><path d=\"M18.2 9.3l-6.2-6.3-6.2 6.3c-.2.2-.3.4-.3.7s.1.5.3.7c.2.2.4.3.7.3h11c.3 0 .5-.1.7-.3.2-.2.3-.5.3-.7s-.1-.5-.3-.7zM5.8 14.7l6.2 6.3 6.2-6.3c.2-.2.3-.5.3-.7s-.1-.5-.3-.7c-.2-.2-.4-.3-.7-.3h-11c-.3 0-.5.1-.7.3-.2.2-.3.5-.3.7s.1.5.3.7z\"\/><\/svg><\/span><\/span><\/span><\/a><\/span><\/div>\n<nav><ul class='ez-toc-list ez-toc-list-level-1 ' ><li class='ez-toc-page-1 ez-toc-heading-level-2'><a class=\"ez-toc-link ez-toc-heading-1\" href=\"https:\/\/flashmode.tn\/magazine\/comment-et-quand-tailler-le-manguier\/#Quest-ce_que_le_bois_de_manguier\" >Qu&rsquo;est-ce que le bois de manguier ?<\/a><\/li><li class='ez-toc-page-1 ez-toc-heading-level-2'><a class=\"ez-toc-link ez-toc-heading-2\" href=\"https:\/\/flashmode.tn\/magazine\/comment-et-quand-tailler-le-manguier\/#Comment_accelerer_la_croissance_dun_manguier\" >Comment acc\u00e9l\u00e9rer la croissance d&rsquo;un manguier ?<\/a><\/li><li class='ez-toc-page-1 ez-toc-heading-level-2'><a class=\"ez-toc-link ez-toc-heading-3\" href=\"https:\/\/flashmode.tn\/magazine\/comment-et-quand-tailler-le-manguier\/#Quels_sont_les_bienfaits_des_feuilles_du_manguier\" >Quels sont les bienfaits des feuilles du manguier ?<\/a><\/li><li class='ez-toc-page-1 ez-toc-heading-level-2'><a class=\"ez-toc-link ez-toc-heading-4\" href=\"https:\/\/flashmode.tn\/magazine\/comment-et-quand-tailler-le-manguier\/#Comment_soigner_un_manguier_malade\" >Comment soigner un manguier malade ?<\/a><\/li><li class='ez-toc-page-1 ez-toc-heading-level-2'><a class=\"ez-toc-link ez-toc-heading-5\" href=\"https:\/\/flashmode.tn\/magazine\/comment-et-quand-tailler-le-manguier\/#Pourquoi_mon_manguier_perd_ses_feuilles\" >Pourquoi mon manguier perd ses feuilles ?<\/a><\/li><li class='ez-toc-page-1 ez-toc-heading-level-2'><a class=\"ez-toc-link ez-toc-heading-6\" href=\"https:\/\/flashmode.tn\/magazine\/comment-et-quand-tailler-le-manguier\/#Quelle_est_la_meilleure_mangue\" >Quelle est la meilleure mangue ?<\/a><\/li><li class='ez-toc-page-1 ez-toc-heading-level-2'><a class=\"ez-toc-link ez-toc-heading-7\" href=\"https:\/\/flashmode.tn\/magazine\/comment-et-quand-tailler-le-manguier\/#Quel_est_larbre_qui_produit_lananas\" >Quel est l&rsquo;arbre qui produit l&rsquo;ananas ?<\/a><\/li><li class='ez-toc-page-1 ez-toc-heading-level-2'><a class=\"ez-toc-link ez-toc-heading-8\" href=\"https:\/\/flashmode.tn\/magazine\/comment-et-quand-tailler-le-manguier\/#Est-ce_que_les_mangues_poussent_en_France\" >Est-ce que les mangues poussent en France ?<\/a><\/li><li class='ez-toc-page-1 ez-toc-heading-level-2'><a class=\"ez-toc-link ez-toc-heading-9\" href=\"https:\/\/flashmode.tn\/magazine\/comment-et-quand-tailler-le-manguier\/#Quelle_est_la_couleur_du_bois_de_manguier\" >Quelle est la couleur du bois de manguier ?<\/a><\/li><li class='ez-toc-page-1 ez-toc-heading-level-2'><a class=\"ez-toc-link ez-toc-heading-10\" href=\"https:\/\/flashmode.tn\/magazine\/comment-et-quand-tailler-le-manguier\/#Quel_climat_pour_le_manguier\" >Quel climat pour le manguier ?<\/a><\/li><li class='ez-toc-page-1 ez-toc-heading-level-2'><a class=\"ez-toc-link ez-toc-heading-11\" href=\"https:\/\/flashmode.tn\/magazine\/comment-et-quand-tailler-le-manguier\/#Quest-ce_que_le_bois_dacacia\" >Qu&rsquo;est-ce que le bois d&rsquo;acacia ?<\/a><\/li><li class='ez-toc-page-1 ez-toc-heading-level-2'><a class=\"ez-toc-link ez-toc-heading-12\" href=\"https:\/\/flashmode.tn\/magazine\/comment-et-quand-tailler-le-manguier\/#Quand_arroser_le_manguier\" >Quand arroser le manguier ?<\/a><\/li><li class='ez-toc-page-1 ez-toc-heading-level-2'><a class=\"ez-toc-link ez-toc-heading-13\" href=\"https:\/\/flashmode.tn\/magazine\/comment-et-quand-tailler-le-manguier\/#Comment_avoir_des_mangues_sur_un_manguier\" >Comment avoir des mangues sur un manguier ?<\/a><\/li><li class='ez-toc-page-1 ez-toc-heading-level-2'><a class=\"ez-toc-link ez-toc-heading-14\" href=\"https:\/\/flashmode.tn\/magazine\/comment-et-quand-tailler-le-manguier\/#Comment_polliniser_un_manguier\" >Comment polliniser un manguier ?<\/a><\/li><li class='ez-toc-page-1 ez-toc-heading-level-2'><a class=\"ez-toc-link ez-toc-heading-15\" href=\"https:\/\/flashmode.tn\/magazine\/comment-et-quand-tailler-le-manguier\/#Quels_sont_les_bienfaits_du_jus_de_mangue\" >Quels sont les bienfaits du jus de mangue ?<\/a><\/li><li class='ez-toc-page-1 ez-toc-heading-level-2'><a class=\"ez-toc-link ez-toc-heading-16\" href=\"https:\/\/flashmode.tn\/magazine\/comment-et-quand-tailler-le-manguier\/#Est-ce_que_la_mangue_fait_maigrir\" >Est-ce que la mangue fait maigrir ?<\/a><\/li><li class='ez-toc-page-1 ez-toc-heading-level-2'><a class=\"ez-toc-link ez-toc-heading-17\" href=\"https:\/\/flashmode.tn\/magazine\/comment-et-quand-tailler-le-manguier\/#Quel_vitamine_quon_trouve_dans_la_mangue\" >Quel vitamine qu&rsquo;on trouve dans la mangue ?<\/a><\/li><li class='ez-toc-page-1 ez-toc-heading-level-2'><a class=\"ez-toc-link ez-toc-heading-18\" href=\"https:\/\/flashmode.tn\/magazine\/comment-et-quand-tailler-le-manguier\/#Pourquoi_mon_manguier_ne_pousse_pas\" >Pourquoi mon manguier ne pousse pas ?<\/a><\/li><li class='ez-toc-page-1 ez-toc-heading-level-2'><a class=\"ez-toc-link ez-toc-heading-19\" href=\"https:\/\/flashmode.tn\/magazine\/comment-et-quand-tailler-le-manguier\/#Comment_conserver_un_manguier\" >Comment conserver un manguier ?<\/a><\/li><li class='ez-toc-page-1 ez-toc-heading-level-2'><a class=\"ez-toc-link ez-toc-heading-20\" href=\"https:\/\/flashmode.tn\/magazine\/comment-et-quand-tailler-le-manguier\/#Quand_fleurit_le_manguier\" >Quand fleurit le manguier ?<\/a><\/li><\/ul><\/nav><\/div>\n<h2><span class=\"ez-toc-section\" id=\"Quest-ce_que_le_bois_de_manguier\"><\/span>Qu&rsquo;est-ce que le bois de manguier ?<span class=\"ez-toc-section-end\"><\/span><\/h2>\n<p>Le <b>bois de manguier<\/b> solide et durable <b>est<\/b> tr\u00e8s populaire aux Pays-Bas. Cet arbre pousse principalement en Asie du Sud-<b>Est<\/b> et en Australie. &#8230; Le <b>bois de manguier<\/b> a une couleur claire \u00e0 la base et se caract\u00e9rise par des inflexions rugueuses et fonc\u00e9es. Cela signifie que la couleur des meubles peut l\u00e9g\u00e8rement varier.<\/p>\n<h2><span class=\"ez-toc-section\" id=\"Comment_accelerer_la_croissance_dun_manguier\"><\/span><strong>Comment acc\u00e9l\u00e9rer la croissance d&rsquo;un manguier ?<\/strong><span class=\"ez-toc-section-end\"><\/span><\/h2>\n<p>Ajoutez de la tourbe \u00e0 votre terre une fois par an afin de garder un taux d&rsquo;acidit\u00e9 \u00e9lev\u00e9. \u00c9vitez d&rsquo;utiliser des engrais chimiques ou des produits contenant du sel, car ils freineront la <b>croissance<\/b> de votre <b>manguier<\/b>.<\/p>\n<h2><span class=\"ez-toc-section\" id=\"Quels_sont_les_bienfaits_des_feuilles_du_manguier\"><\/span><strong>Quels sont les bienfaits des feuilles du manguier ?<\/strong><span class=\"ez-toc-section-end\"><\/span><\/h2>\n<p>Antiradicalaire et antioxydant<\/p>\n<p> L&rsquo;extrait de <b>feuille<\/b> de <b>manguier<\/b>, riche en d\u00e9riv\u00e9s polyph\u00e9noliques antiradicalaires et antioxydants, favorise la protection de la peau contre les agressions des UV.<\/p>\n<h2><span class=\"ez-toc-section\" id=\"Comment_soigner_un_manguier_malade\"><\/span><strong>Comment soigner un manguier malade ?<\/strong><span class=\"ez-toc-section-end\"><\/span><\/h2>\n<p>Les probl\u00e8mes viennent surtout des d\u00e9s\u00e9quilibres nutritifs. Par exemple, la plante se d\u00e9veloppera peu si le sol est peu fertile. On peut alors compl\u00e9ter les apports d&rsquo;engrais en appliquant un peu de sulfate d&rsquo;aluminium en solution (5 g \/ litre). Des taches brunes sur les feuilles sont dues au rayonnement solaire.<\/p>\n<h2><span class=\"ez-toc-section\" id=\"Pourquoi_mon_manguier_perd_ses_feuilles\"><\/span><strong>Pourquoi mon manguier perd ses feuilles ?<\/strong><span class=\"ez-toc-section-end\"><\/span><\/h2>\n<p>voila comment je maintiens mes <b>manguiers<\/b> .. .si toute fois sa peut t&rsquo;aider &#8230; <b>Feuilles<\/b> marrons, fl\u00e9trissement, ce sont les sympt\u00f4mes d&rsquo;une asphyxie racinaire. Une terre trop lourde et\/ou trop humide et il n&rsquo;y a plus assez d&rsquo;oxyg\u00e8ne dans le sol. Je te conseille de rempoter dans du nouveau terreau.<\/p>\n<h2><span class=\"ez-toc-section\" id=\"Quelle_est_la_meilleure_mangue\"><\/span><strong>Quelle est la meilleure mangue ?<\/strong><span class=\"ez-toc-section-end\"><\/span><\/h2>\n<p>Toutes ces caract\u00e9ristiques font des <b>mangues<\/b> Irwin l&rsquo;une des vari\u00e9t\u00e9s les plus appr\u00e9ci\u00e9es. Julie: D&rsquo;une saveur exceptionnelle et de petite taille, la <b>mangue<\/b> Julie <b>est<\/b> tr\u00e8s appr\u00e9ci\u00e9e, mais sa culture <b>est<\/b> tr\u00e8s compliqu\u00e9e. Keitt: Tr\u00e8s bonne qualit\u00e9, facile \u00e0 trouver sur le march\u00e9 et avec peu de fibres, agr\u00e9able en bouche.<\/p>\n<h2><span class=\"ez-toc-section\" id=\"Quel_est_larbre_qui_produit_lananas\"><\/span><strong>Quel est l&rsquo;arbre qui produit l&rsquo;ananas ?<\/strong><span class=\"ez-toc-section-end\"><\/span><\/h2>\n<p>L&rsquo;<b>ananas<\/b> comosus est une plante au joli feuillage mais qui donne surtout le fruit portant le m\u00eame nom, l&rsquo;<b>ananas<\/b>. Originaire du Br\u00e9sil, on peut tr\u00e8s bien cultiver un <b>ananas<\/b> chez soi en respectant ces conseils de culture .<\/p>\n<h2><span class=\"ez-toc-section\" id=\"Est-ce_que_les_mangues_poussent_en_France\"><\/span><strong>Est-ce que les mangues poussent en France ?<\/strong><span class=\"ez-toc-section-end\"><\/span><\/h2>\n<p>M\u00eame si le manguier <b>est<\/b> un arbre tropical, il <b>est<\/b> possible de le faire <b>pousser<\/b> sous nos latitudes. L&rsquo;hiver <b>est<\/b> pour cela une bonne p\u00e9riode, car on profite de la chaleur int\u00e9rieure pour le faire na\u00eetre et cro\u00eetre avant de lui faire prendre le soleil estival.<\/p>\n<h2><span class=\"ez-toc-section\" id=\"Quelle_est_la_couleur_du_bois_de_manguier\"><\/span><strong>Quelle est la couleur du bois de manguier ?<\/strong><span class=\"ez-toc-section-end\"><\/span><\/h2>\n<p>Originaire d&rsquo;Inde orientale, le <b>manguier<\/b> donne un <b>bois<\/b> tirant vers le marron clair, ce qui le rapproche du noyer.<\/p>\n<h2><span class=\"ez-toc-section\" id=\"Quel_climat_pour_le_manguier\"><\/span><strong>Quel climat pour le manguier ?<\/strong><span class=\"ez-toc-section-end\"><\/span><\/h2>\n<p>Le <b>manguier<\/b> (Mangifera indica) est un arbre majestueux vivant \u00e0 l&rsquo;origine sous un <b>climat<\/b> tropical de mousson mais aujourd&rsquo;hui largement r\u00e9pandu dans la zone subtropicale <b>pour<\/b> ses fruits d\u00e9licieux et son ombrage. Il se cultive ais\u00e9ment en v\u00e9randa.<\/p>\n<h2><span class=\"ez-toc-section\" id=\"Quest-ce_que_le_bois_dacacia\"><\/span><strong>Qu&rsquo;est-ce que le bois d&rsquo;acacia ?<\/strong><span class=\"ez-toc-section-end\"><\/span><\/h2>\n<p>L&rsquo;<b>acacia est<\/b> un <b>bois<\/b> lourd et dur qui supporte bien les variations climatiques. Cette forte r\u00e9sistance et sa durabilit\u00e9 naturelle en font une essence id\u00e9ale pour tous les ouvrages ext\u00e9rieurs et constitue une parfaite alternative aux <b>bois<\/b> exotiques.<\/p>\n<h2><span class=\"ez-toc-section\" id=\"Quand_arroser_le_manguier\"><\/span><strong>Quand arroser le manguier ?<\/strong><span class=\"ez-toc-section-end\"><\/span><\/h2>\n<p>L&rsquo;<b>arrosage<\/b> doit \u00eatre fr\u00e9quent en \u00e9t\u00e9. Le substrat doit \u00eatre maintenu l\u00e9g\u00e8rement humide en permanence. En hiver, r\u00e9duisez les arrosages de fa\u00e7on \u00e0 ce que le substrat s\u00e8che sur quelques centim\u00e8tres entre deux.<\/p>\n<h2><span class=\"ez-toc-section\" id=\"Comment_avoir_des_mangues_sur_un_manguier\"><\/span><strong>Comment avoir des mangues sur un manguier ?<\/strong><span class=\"ez-toc-section-end\"><\/span><\/h2>\n<p>Planter le jeune <b>manguier<\/b> dans un pot profond. Utiliser un m\u00e9lange de 3\/4 de terreau universel et de 1\/4 de sable de rivi\u00e8re ou un terreau \u00ab\u00a0Semis et boutures\u00a0\u00bb. Attention de ne pas casser le germe et les racines. Des feuilles apparaissent tr\u00e8s vite.<\/p>\n<h2><span class=\"ez-toc-section\" id=\"Comment_polliniser_un_manguier\"><\/span><strong>Comment polliniser un manguier ?<\/strong><span class=\"ez-toc-section-end\"><\/span><\/h2>\n<p>Les fleurs de <b>manguier<\/b> sont pollinis\u00e9es de diff\u00e9rentes mani\u00e8res, soit par autof\u00e9condation, soit par <b>pollinisation<\/b> gr\u00e2ce au vent et les insectes (abeilles, fourmis, et mouches). Les abeilles sont les insectes qui pollinisent le plus les <b>manguiers<\/b>.<\/p>\n<h2><span class=\"ez-toc-section\" id=\"Quels_sont_les_bienfaits_du_jus_de_mangue\"><\/span><strong>Quels sont les bienfaits du jus de mangue ?<\/strong><span class=\"ez-toc-section-end\"><\/span><\/h2>\n<p>La <b>mangue<\/b> est riche en polyph\u00e9nols, des substances antioxydantes qui prot\u00e8gent les cellules du corps contre les dommages caus\u00e9s par les radicaux libres. Elle contient d&rsquo;autres antioxydants, comme la vitamine C et le lup\u00e9ol, qui diminue la croissance des cellules canc\u00e9reuses, notamment dans le cancer de la prostate.<\/p>\n<h2><span class=\"ez-toc-section\" id=\"Est-ce_que_la_mangue_fait_maigrir\"><\/span><strong>Est-ce que la mangue fait maigrir ?<\/strong><span class=\"ez-toc-section-end\"><\/span><\/h2>\n<p>La <b>mangue<\/b> ne <b>fait<\/b> pas <b>grossir<\/b>, <b>est<\/b> l&rsquo;un des fruits tropicaux les plus d\u00e9licieux qui existe et <b>est<\/b> faible en calories. M\u00eame ainsi, il ne faut pas oublier que sa consommation excessive peut \u00eatre nocive.<\/p>\n<h2><span class=\"ez-toc-section\" id=\"Quel_vitamine_quon_trouve_dans_la_mangue\"><\/span><strong>Quel vitamine qu&rsquo;on trouve dans la mangue ?<\/strong><span class=\"ez-toc-section-end\"><\/span><\/h2>\n<p>La composition de la mangue \u00e0 la loupe <\/p>\n<table>\n<tbody>\n<tr>\n<th>     Eau    <\/th>\n<th>     81,10 g    <\/th>\n<\/tr>\n<tr>\n<td>     Fibres    <\/td>\n<td>     1,60 g    <\/td>\n<\/tr>\n<tr>\n<td>     Provitamine A B\u00e9ta-carot\u00e8ne    <\/td>\n<td>     864 \u00b5g    <\/td>\n<\/tr>\n<tr>\n<td>     <b>      Vitamine     <\/b>     B9    <\/td>\n<td>     70,20 \u00b5g    <\/td>\n<\/tr>\n<tr>\n<td>     <b>      Vitamine     <\/b>     C    <\/td>\n<td>     25 mg    <\/td>\n<\/tr>\n<\/tbody>\n<\/table>\n<h2><span class=\"ez-toc-section\" id=\"Pourquoi_mon_manguier_ne_pousse_pas\"><\/span><strong>Pourquoi mon manguier ne pousse pas ?<\/strong><span class=\"ez-toc-section-end\"><\/span><\/h2>\n<p>Choisissez un endroit o\u00f9 faire <b>pousser<\/b> votre <b>manguier<\/b>.<\/p>\n<p> Ils pr\u00e9f\u00e8rent avoir beaucoup de chaleur et la lumi\u00e8re directe du soleil, ce qui veut dire qu&rsquo;ils <b>ne poussent pas<\/b> bien \u00e0 l&rsquo;int\u00e9rieur (m\u00eame s&rsquo;ils peuvent \u00eatre rentr\u00e9s en pot pendant l&rsquo;hiver).<\/p>\n<h2><span class=\"ez-toc-section\" id=\"Comment_conserver_un_manguier\"><\/span><strong>Comment conserver un manguier ?<\/strong><span class=\"ez-toc-section-end\"><\/span><\/h2>\n<p>N&rsquo;oubliez pas de l&rsquo;arroser copieusement surtout les premi\u00e8res ann\u00e9es et de paillez le pied d\u00e8s l&rsquo;automne pour prot\u00e9ger les racines. Si un coup de froid est annonc\u00e9, couvrez votre plante avec un voile d&rsquo; hivernage , car le <b>manguier<\/b> n&rsquo;est pas du tout rustique et une gel\u00e9e pourrait lui \u00eatre fatale.<\/p>\n<h2><span class=\"ez-toc-section\" id=\"Quand_fleurit_le_manguier\"><\/span><strong>Quand fleurit le manguier ?<\/strong><span class=\"ez-toc-section-end\"><\/span><\/h2>\n<p>La s\u00e9cheresse est un puissant d\u00e9clencheur de la floraison du <b>manguier<\/b>. L&rsquo;\u00e9t\u00e9 est donc sa p\u00e9riode de floraison par excellence. Il s&rsquo;agit d&rsquo;une plante mono\u00efque qui porte \u00e0 la fois es fleurs m\u00e2les et des fleurs m\u00e2les.<\/p>\n<h2><strong><\/strong><\/h2>\n<hr \/>\n<p><em>Editeurs: 32 &#8211; R\u00e9f\u00e9rences: 28 articles<\/em><\/p>\n<p><em>N\u2019oubliez pas de partager l\u2019article !<\/em><\/p>\n","protected":false},"excerpt":{"rendered":"<p>Le meilleur moment pour tailler est la mi-avril, car cela vous permet de profiter au maximum du printemps pour le d\u00e9veloppement des branches et de l&rsquo;\u00e9t\u00e9 pour la fructification. Ainsi, Quand tailler un manguier ? Quand tailler le manguier ? La taille du manguier a lieu de pr\u00e9f\u00e9rence de la fin de la r\u00e9colte \u00e0 [&hellip;]<\/p>\n","protected":false},"author":6,"featured_media":0,"comment_status":"open","ping_status":"open","sticky":false,"template":"","format":"standard","meta":{"tdm_status":"","tdm_grid_status":"","_jetpack_memberships_contains_paid_content":false,"footnotes":"","jetpack_publicize_message":"","jetpack_publicize_feature_enabled":true,"jetpack_social_post_already_shared":false,"jetpack_social_options":{"image_generator_settings":{"template":"highway","default_image_id":0,"font":"","enabled":false},"version":2}},"categories":[3457],"tags":[],"class_list":["post-59242","post","type-post","status-publish","format-standard","hentry","category-maison"],"yoast_head":"<!-- This site is optimized with the Yoast SEO Premium plugin v25.0 (Yoast SEO v25.0) - https:\/\/yoast.com\/wordpress\/plugins\/seo\/ -->\n<title>Comment et quand tailler le manguier ?<\/title>\n<meta name=\"description\" content=\"Le meilleur moment pour tailler est la mi-avril, car cela vous permet de profiter au maximum du printemps pour le d\u00e9veloppement des branches et de l&#039;\u00e9t\u00e9\" \/>\n<meta name=\"robots\" content=\"index, follow, max-snippet:-1, max-image-preview:large, max-video-preview:-1\" \/>\n<link rel=\"canonical\" href=\"https:\/\/flashmode.tn\/magazine\/comment-et-quand-tailler-le-manguier\/\" \/>\n<meta property=\"og:locale\" content=\"fr_FR\" \/>\n<meta property=\"og:type\" content=\"article\" \/>\n<meta property=\"og:title\" content=\"Comment et quand tailler le manguier ? - Flashmode Magazine | Magazine de mode et style de vie Num\u00e9ro un en Tunisie et au Maghreb\" \/>\n<meta property=\"og:description\" content=\"Le meilleur moment pour tailler est la mi-avril, car cela vous permet de profiter au maximum du printemps pour le d\u00e9veloppement des branches et de l&#039;\u00e9t\u00e9\" \/>\n<meta property=\"og:url\" content=\"https:\/\/flashmode.tn\/magazine\/comment-et-quand-tailler-le-manguier\/\" \/>\n<meta property=\"og:site_name\" content=\"Flashmode Magazine | Magazine de mode et style de vie Num\u00e9ro un en Tunisie et au Maghreb\" \/>\n<meta property=\"article:publisher\" content=\"https:\/\/www.facebook.com\/flashmode.magazine\/\" \/>\n<meta property=\"article:published_time\" content=\"2022-01-15T00:47:44+00:00\" \/>\n<meta property=\"article:modified_time\" content=\"2022-03-10T01:04:27+00:00\" \/>\n<meta name=\"author\" content=\"EventsEditors\" \/>\n<meta name=\"twitter:card\" content=\"summary_large_image\" \/>\n<meta name=\"twitter:creator\" content=\"@agenceflashmode\" \/>\n<meta name=\"twitter:site\" content=\"@agenceflashmode\" \/>\n<meta name=\"twitter:label1\" content=\"\u00c9crit par\" \/>\n\t<meta name=\"twitter:data1\" content=\"EventsEditors\" \/>\n\t<meta name=\"twitter:label2\" content=\"Dur\u00e9e de lecture estim\u00e9e\" \/>\n\t<meta name=\"twitter:data2\" content=\"6 minutes\" \/>\n<script type=\"application\/ld+json\" class=\"yoast-schema-graph\">{\"@context\":\"https:\/\/schema.org\",\"@graph\":[{\"@type\":\"WebPage\",\"@id\":\"https:\/\/flashmode.tn\/magazine\/comment-et-quand-tailler-le-manguier\/\",\"url\":\"https:\/\/flashmode.tn\/magazine\/comment-et-quand-tailler-le-manguier\/\",\"name\":\"Comment et quand tailler le manguier ?\",\"isPartOf\":{\"@id\":\"https:\/\/flashmode.tn\/magazine\/#website\"},\"datePublished\":\"2022-01-15T00:47:44+00:00\",\"dateModified\":\"2022-03-10T01:04:27+00:00\",\"author\":{\"@id\":\"https:\/\/flashmode.tn\/magazine\/#\/schema\/person\/257d6780605b915a5e352977f0f6f41c\"},\"description\":\"Le meilleur moment pour tailler est la mi-avril, car cela vous permet de profiter au maximum du printemps pour le d\u00e9veloppement des branches et de l'\u00e9t\u00e9\",\"breadcrumb\":{\"@id\":\"https:\/\/flashmode.tn\/magazine\/comment-et-quand-tailler-le-manguier\/#breadcrumb\"},\"inLanguage\":\"fr-FR\",\"potentialAction\":[{\"@type\":\"ReadAction\",\"target\":[\"https:\/\/flashmode.tn\/magazine\/comment-et-quand-tailler-le-manguier\/\"]}]},{\"@type\":\"BreadcrumbList\",\"@id\":\"https:\/\/flashmode.tn\/magazine\/comment-et-quand-tailler-le-manguier\/#breadcrumb\",\"itemListElement\":[{\"@type\":\"ListItem\",\"position\":1,\"name\":\"Accueil\",\"item\":\"https:\/\/flashmode.tn\/magazine\/\"},{\"@type\":\"ListItem\",\"position\":2,\"name\":\"Comment et quand tailler le manguier ?\"}]},{\"@type\":\"WebSite\",\"@id\":\"https:\/\/flashmode.tn\/magazine\/#website\",\"url\":\"https:\/\/flashmode.tn\/magazine\/\",\"name\":\"Flashmode Magazine | Magazine de mode et style de vie Num\u00e9ro un en Tunisie et au Maghreb\",\"description\":\"Magazine de mode et style de vie Num\u00e9ro un en Tunisie et au Maghreb, cr\u00e9\u00e9 pour les hommes et les femmes : conseils beaut\u00e9, mode femme, mode homme, recettes de cuisine, c\u00e9l\u00e9brit\u00e9s et people, mannequins et top modeles\",\"potentialAction\":[{\"@type\":\"SearchAction\",\"target\":{\"@type\":\"EntryPoint\",\"urlTemplate\":\"https:\/\/flashmode.tn\/magazine\/?s={search_term_string}\"},\"query-input\":{\"@type\":\"PropertyValueSpecification\",\"valueRequired\":true,\"valueName\":\"search_term_string\"}}],\"inLanguage\":\"fr-FR\"},{\"@type\":\"Person\",\"@id\":\"https:\/\/flashmode.tn\/magazine\/#\/schema\/person\/257d6780605b915a5e352977f0f6f41c\",\"name\":\"EventsEditors\",\"image\":{\"@type\":\"ImageObject\",\"inLanguage\":\"fr-FR\",\"@id\":\"https:\/\/flashmode.tn\/magazine\/#\/schema\/person\/image\/\",\"url\":\"https:\/\/secure.gravatar.com\/avatar\/e2daedf958f66be37c9a79abe56184d85cd1baa6bba0dd8017e3f7d01555232f?s=96&d=mm&r=g\",\"contentUrl\":\"https:\/\/secure.gravatar.com\/avatar\/e2daedf958f66be37c9a79abe56184d85cd1baa6bba0dd8017e3f7d01555232f?s=96&d=mm&r=g\",\"caption\":\"EventsEditors\"},\"url\":\"https:\/\/flashmode.tn\/magazine\/author\/eventseditors\/\"}]}<\/script>\n<!-- \/ Yoast SEO Premium plugin. -->","yoast_head_json":{"title":"Comment et quand tailler le manguier ?","description":"Le meilleur moment pour tailler est la mi-avril, car cela vous permet de profiter au maximum du printemps pour le d\u00e9veloppement des branches et de l'\u00e9t\u00e9","robots":{"index":"index","follow":"follow","max-snippet":"max-snippet:-1","max-image-preview":"max-image-preview:large","max-video-preview":"max-video-preview:-1"},"canonical":"https:\/\/flashmode.tn\/magazine\/comment-et-quand-tailler-le-manguier\/","og_locale":"fr_FR","og_type":"article","og_title":"Comment et quand tailler le manguier ? - Flashmode Magazine | Magazine de mode et style de vie Num\u00e9ro un en Tunisie et au Maghreb","og_description":"Le meilleur moment pour tailler est la mi-avril, car cela vous permet de profiter au maximum du printemps pour le d\u00e9veloppement des branches et de l'\u00e9t\u00e9","og_url":"https:\/\/flashmode.tn\/magazine\/comment-et-quand-tailler-le-manguier\/","og_site_name":"Flashmode Magazine | Magazine de mode et style de vie Num\u00e9ro un en Tunisie et au Maghreb","article_publisher":"https:\/\/www.facebook.com\/flashmode.magazine\/","article_published_time":"2022-01-15T00:47:44+00:00","article_modified_time":"2022-03-10T01:04:27+00:00","author":"EventsEditors","twitter_card":"summary_large_image","twitter_creator":"@agenceflashmode","twitter_site":"@agenceflashmode","twitter_misc":{"\u00c9crit par":"EventsEditors","Dur\u00e9e de lecture estim\u00e9e":"6 minutes"},"schema":{"@context":"https:\/\/schema.org","@graph":[{"@type":"WebPage","@id":"https:\/\/flashmode.tn\/magazine\/comment-et-quand-tailler-le-manguier\/","url":"https:\/\/flashmode.tn\/magazine\/comment-et-quand-tailler-le-manguier\/","name":"Comment et quand tailler le manguier ?","isPartOf":{"@id":"https:\/\/flashmode.tn\/magazine\/#website"},"datePublished":"2022-01-15T00:47:44+00:00","dateModified":"2022-03-10T01:04:27+00:00","author":{"@id":"https:\/\/flashmode.tn\/magazine\/#\/schema\/person\/257d6780605b915a5e352977f0f6f41c"},"description":"Le meilleur moment pour tailler est la mi-avril, car cela vous permet de profiter au maximum du printemps pour le d\u00e9veloppement des branches et de l'\u00e9t\u00e9","breadcrumb":{"@id":"https:\/\/flashmode.tn\/magazine\/comment-et-quand-tailler-le-manguier\/#breadcrumb"},"inLanguage":"fr-FR","potentialAction":[{"@type":"ReadAction","target":["https:\/\/flashmode.tn\/magazine\/comment-et-quand-tailler-le-manguier\/"]}]},{"@type":"BreadcrumbList","@id":"https:\/\/flashmode.tn\/magazine\/comment-et-quand-tailler-le-manguier\/#breadcrumb","itemListElement":[{"@type":"ListItem","position":1,"name":"Accueil","item":"https:\/\/flashmode.tn\/magazine\/"},{"@type":"ListItem","position":2,"name":"Comment et quand tailler le manguier ?"}]},{"@type":"WebSite","@id":"https:\/\/flashmode.tn\/magazine\/#website","url":"https:\/\/flashmode.tn\/magazine\/","name":"Flashmode Magazine | Magazine de mode et style de vie Num\u00e9ro un en Tunisie et au Maghreb","description":"Magazine de mode et style de vie Num\u00e9ro un en Tunisie et au Maghreb, cr\u00e9\u00e9 pour les hommes et les femmes : conseils beaut\u00e9, mode femme, mode homme, recettes de cuisine, c\u00e9l\u00e9brit\u00e9s et people, mannequins et top modeles","potentialAction":[{"@type":"SearchAction","target":{"@type":"EntryPoint","urlTemplate":"https:\/\/flashmode.tn\/magazine\/?s={search_term_string}"},"query-input":{"@type":"PropertyValueSpecification","valueRequired":true,"valueName":"search_term_string"}}],"inLanguage":"fr-FR"},{"@type":"Person","@id":"https:\/\/flashmode.tn\/magazine\/#\/schema\/person\/257d6780605b915a5e352977f0f6f41c","name":"EventsEditors","image":{"@type":"ImageObject","inLanguage":"fr-FR","@id":"https:\/\/flashmode.tn\/magazine\/#\/schema\/person\/image\/","url":"https:\/\/secure.gravatar.com\/avatar\/e2daedf958f66be37c9a79abe56184d85cd1baa6bba0dd8017e3f7d01555232f?s=96&d=mm&r=g","contentUrl":"https:\/\/secure.gravatar.com\/avatar\/e2daedf958f66be37c9a79abe56184d85cd1baa6bba0dd8017e3f7d01555232f?s=96&d=mm&r=g","caption":"EventsEditors"},"url":"https:\/\/flashmode.tn\/magazine\/author\/eventseditors\/"}]}},"jetpack_publicize_connections":[],"jetpack_featured_media_url":"","jetpack_shortlink":"https:\/\/wp.me\/p8BPGr-fpw","jetpack_sharing_enabled":true,"_links":{"self":[{"href":"https:\/\/flashmode.tn\/magazine\/wp-json\/wp\/v2\/posts\/59242","targetHints":{"allow":["GET"]}}],"collection":[{"href":"https:\/\/flashmode.tn\/magazine\/wp-json\/wp\/v2\/posts"}],"about":[{"href":"https:\/\/flashmode.tn\/magazine\/wp-json\/wp\/v2\/types\/post"}],"author":[{"embeddable":true,"href":"https:\/\/flashmode.tn\/magazine\/wp-json\/wp\/v2\/users\/6"}],"replies":[{"embeddable":true,"href":"https:\/\/flashmode.tn\/magazine\/wp-json\/wp\/v2\/comments?post=59242"}],"version-history":[{"count":1,"href":"https:\/\/flashmode.tn\/magazine\/wp-json\/wp\/v2\/posts\/59242\/revisions"}],"predecessor-version":[{"id":70995,"href":"https:\/\/flashmode.tn\/magazine\/wp-json\/wp\/v2\/posts\/59242\/revisions\/70995"}],"wp:attachment":[{"href":"https:\/\/flashmode.tn\/magazine\/wp-json\/wp\/v2\/media?parent=59242"}],"wp:term":[{"taxonomy":"category","embeddable":true,"href":"https:\/\/flashmode.tn\/magazine\/wp-json\/wp\/v2\/categories?post=59242"},{"taxonomy":"post_tag","embeddable":true,"href":"https:\/\/flashmode.tn\/magazine\/wp-json\/wp\/v2\/tags?post=59242"}],"curies":[{"name":"wp","href":"https:\/\/api.w.org\/{rel}","templated":true}]}}