{"id":60237,"date":"2021-12-19T02:08:52","date_gmt":"2021-12-19T01:08:52","guid":{"rendered":"https:\/\/flashmode.tn\/magazine\/?p=60237"},"modified":"2021-12-19T02:08:52","modified_gmt":"2021-12-19T01:08:52","slug":"quelle-largeur-marche","status":"publish","type":"post","link":"https:\/\/flashmode.tn\/magazine\/quelle-largeur-marche\/","title":{"rendered":"Quelle largeur marche ?"},"content":{"rendered":"<p>la <b>largeur<\/b> d&rsquo;une <b>marche<\/b> (l&#8217;emmarchement) mesure g\u00e9n\u00e9ralement 45 cm ; vos <b>marches<\/b> doivent imp\u00e9rativement toutes \u00eatre de la m\u00eame hauteur mais pas n\u00e9cessairement de la m\u00eame <b>largeur<\/b>.<\/p>\n<p>Ainsi, Quel espace pour un escalier droit ?<\/p>\n<p>Quelles dimensions d&rsquo;escalier pour quel espace ? <\/p>\n<table>\n<tbody>\n<tr>\n<th>    <\/th>\n<th>     Longueur de mur     <b>      d     <\/b>     &lsquo;appui* (en m)    <\/th>\n<th>     Surface de tr\u00e9mie en m     <sup>      2     <\/sup>    <\/th>\n<\/tr>\n<tr>\n<td>     <b>      Escalier droit     <\/b>    <\/td>\n<td>     6 m    <\/td>\n<td>     2,30 m\u00b2    <\/td>\n<\/tr>\n<tr>\n<td>     <b>      Escalier     <\/b>     1\/4 tournant    <\/td>\n<td>     6,80 m    <\/td>\n<td>     2,40 m\u00b2    <\/td>\n<\/tr>\n<tr>\n<td>     <b>      Escalier     <\/b>     2\/4 tournant    <\/td>\n<td>     4,40 m    <\/td>\n<td>     3,50 m\u00b2    <\/td>\n<\/tr>\n<tr>\n<td>     <b>      Escalier     <\/b>     h\u00e9lico\u00efdal    <\/td>\n<td>     inadapt\u00e9    <\/td>\n<td>     1,80 m\u00b2    <\/td>\n<\/tr>\n<\/tbody>\n<\/table>\n<p>ensuite Comment calculer la largeur d&rsquo;une marche d&rsquo;escalier ?<\/p>\n<p>Nous appliquons la formule de Blondel : 2 hauteurs de <b>marche<\/b> + 1 giron doit \u00eatre compris entre 57 et 64 cm, avec une fourchette id\u00e9ale comprise entre 61 et 63 cm. Avec cet outil de <b>calcul<\/b> d&rsquo;<b>escalier<\/b>, nous essayons de \u00ab\u00a0viser\u00a0\u00bb la valeur de 61 cm comme r\u00e9sultat de la formule de Blondel.<\/p>\n<p>Quelle profondeur pour une marche ?<\/p>\n<p>Rappelons les normes \u00e9l\u00e9mentaires <b>d<\/b>&lsquo;un escalier : &#8211; La hauteur <b>de marche<\/b> doit \u00eatre comprise entre 17 et 20 cm. &#8211; La <b>profondeur de marche<\/b> est \u00e9gale au giron + 4 cm. &#8211; Le giron <b>de marche<\/b> doit \u00eatre compris entre 21 et 27 cm.<\/p>\n<div id=\"ez-toc-container\" class=\"ez-toc-v2_0_81 counter-hierarchy ez-toc-counter ez-toc-grey ez-toc-container-direction\">\n<div class=\"ez-toc-title-container\">\n<p class=\"ez-toc-title\" style=\"cursor:inherit\">Contenus de la page<\/p>\n<span class=\"ez-toc-title-toggle\"><a href=\"#\" class=\"ez-toc-pull-right ez-toc-btn ez-toc-btn-xs ez-toc-btn-default ez-toc-toggle\" aria-label=\"Toggle Table of Content\"><span class=\"ez-toc-js-icon-con\"><span class=\"\"><span class=\"eztoc-hide\" style=\"display:none;\">Toggle<\/span><span class=\"ez-toc-icon-toggle-span\"><svg style=\"fill: #999;color:#999\" xmlns=\"http:\/\/www.w3.org\/2000\/svg\" class=\"list-377408\" width=\"20px\" height=\"20px\" viewBox=\"0 0 24 24\" fill=\"none\"><path d=\"M6 6H4v2h2V6zm14 0H8v2h12V6zM4 11h2v2H4v-2zm16 0H8v2h12v-2zM4 16h2v2H4v-2zm16 0H8v2h12v-2z\" fill=\"currentColor\"><\/path><\/svg><svg style=\"fill: #999;color:#999\" class=\"arrow-unsorted-368013\" xmlns=\"http:\/\/www.w3.org\/2000\/svg\" width=\"10px\" height=\"10px\" viewBox=\"0 0 24 24\" version=\"1.2\" baseProfile=\"tiny\"><path d=\"M18.2 9.3l-6.2-6.3-6.2 6.3c-.2.2-.3.4-.3.7s.1.5.3.7c.2.2.4.3.7.3h11c.3 0 .5-.1.7-.3.2-.2.3-.5.3-.7s-.1-.5-.3-.7zM5.8 14.7l6.2 6.3 6.2-6.3c.2-.2.3-.5.3-.7s-.1-.5-.3-.7c-.2-.2-.4-.3-.7-.3h-11c-.3 0-.5.1-.7.3-.2.2-.3.5-.3.7s.1.5.3.7z\"\/><\/svg><\/span><\/span><\/span><\/a><\/span><\/div>\n<nav><ul class='ez-toc-list ez-toc-list-level-1 ' ><li class='ez-toc-page-1 ez-toc-heading-level-2'><a class=\"ez-toc-link ez-toc-heading-1\" href=\"https:\/\/flashmode.tn\/magazine\/quelle-largeur-marche\/#Quelle_taille_nez_de_marche\" >Quelle taille nez de marche ?<\/a><\/li><li class='ez-toc-page-1 ez-toc-heading-level-2'><a class=\"ez-toc-link ez-toc-heading-2\" href=\"https:\/\/flashmode.tn\/magazine\/quelle-largeur-marche\/#Comment_calculer_lencombrement_dun_escalier\" >Comment calculer l&rsquo;encombrement d&rsquo;un escalier ?<\/a><\/li><li class='ez-toc-page-1 ez-toc-heading-level-2'><a class=\"ez-toc-link ez-toc-heading-3\" href=\"https:\/\/flashmode.tn\/magazine\/quelle-largeur-marche\/#Comment_calculer_encombrement_escalier\" >Comment calculer encombrement escalier ?<\/a><\/li><li class='ez-toc-page-1 ez-toc-heading-level-2'><a class=\"ez-toc-link ez-toc-heading-4\" href=\"https:\/\/flashmode.tn\/magazine\/quelle-largeur-marche\/#Comment_calculer_la_longueur_dun_escalier_droit\" >Comment calculer la longueur d&rsquo;un escalier droit ?<\/a><\/li><li class='ez-toc-page-1 ez-toc-heading-level-2'><a class=\"ez-toc-link ez-toc-heading-5\" href=\"https:\/\/flashmode.tn\/magazine\/quelle-largeur-marche\/#Quelle_hauteur_pour_une_marche_descalier\" >Quelle hauteur pour une marche d&rsquo;escalier ?<\/a><\/li><li class='ez-toc-page-1 ez-toc-heading-level-2'><a class=\"ez-toc-link ez-toc-heading-6\" href=\"https:\/\/flashmode.tn\/magazine\/quelle-largeur-marche\/#Quest-ce_que_le_giron_dune_marche\" >Qu&rsquo;est-ce que le giron d&rsquo;une marche ?<\/a><\/li><li class='ez-toc-page-1 ez-toc-heading-level-2'><a class=\"ez-toc-link ez-toc-heading-7\" href=\"https:\/\/flashmode.tn\/magazine\/quelle-largeur-marche\/#Comment_calculer_marche_et_contremarche\" >Comment calculer marche et contremarche ?<\/a><\/li><li class='ez-toc-page-1 ez-toc-heading-level-2'><a class=\"ez-toc-link ez-toc-heading-8\" href=\"https:\/\/flashmode.tn\/magazine\/quelle-largeur-marche\/#Quelle_hauteur_marche_descalier\" >Quelle hauteur marche d&rsquo;escalier ?<\/a><\/li><li class='ez-toc-page-1 ez-toc-heading-level-2'><a class=\"ez-toc-link ez-toc-heading-9\" href=\"https:\/\/flashmode.tn\/magazine\/quelle-largeur-marche\/#Quelle_hauteur_une_marche\" >Quelle hauteur une marche ?<\/a><\/li><li class='ez-toc-page-1 ez-toc-heading-level-2'><a class=\"ez-toc-link ez-toc-heading-10\" href=\"https:\/\/flashmode.tn\/magazine\/quelle-largeur-marche\/#Quel_nez_de_marche_choisir\" >Quel nez de marche choisir ?<\/a><\/li><li class='ez-toc-page-1 ez-toc-heading-level-2'><a class=\"ez-toc-link ez-toc-heading-11\" href=\"https:\/\/flashmode.tn\/magazine\/quelle-largeur-marche\/#Pourquoi_nez_de_marche\" >Pourquoi nez de marche ?<\/a><\/li><li class='ez-toc-page-1 ez-toc-heading-level-2'><a class=\"ez-toc-link ez-toc-heading-12\" href=\"https:\/\/flashmode.tn\/magazine\/quelle-largeur-marche\/#Comment_recouvrir_un_nez_de_marche\" >Comment recouvrir un nez de marche ?<\/a><\/li><li class='ez-toc-page-1 ez-toc-heading-level-2'><a class=\"ez-toc-link ez-toc-heading-13\" href=\"https:\/\/flashmode.tn\/magazine\/quelle-largeur-marche\/#Comment_calculer_la_longueur_dun_limon_descalier\" >Comment calculer la longueur d&rsquo;un limon d&rsquo;escalier ?<\/a><\/li><li class='ez-toc-page-1 ez-toc-heading-level-2'><a class=\"ez-toc-link ez-toc-heading-14\" href=\"https:\/\/flashmode.tn\/magazine\/quelle-largeur-marche\/#Comment_appliquer_la_formule_de_Blondel\" >Comment appliquer la formule de Blondel ?<\/a><\/li><li class='ez-toc-page-1 ez-toc-heading-level-2'><a class=\"ez-toc-link ez-toc-heading-15\" href=\"https:\/\/flashmode.tn\/magazine\/quelle-largeur-marche\/#Comment_appliquer_la_formule_de_Blondel-2\" >Comment appliquer la formule de Blondel ?<\/a><\/li><li class='ez-toc-page-1 ez-toc-heading-level-2'><a class=\"ez-toc-link ez-toc-heading-16\" href=\"https:\/\/flashmode.tn\/magazine\/quelle-largeur-marche\/#Comment_mesurer_un_giron\" >Comment mesurer un giron ?<\/a><\/li><li class='ez-toc-page-1 ez-toc-heading-level-2'><a class=\"ez-toc-link ez-toc-heading-17\" href=\"https:\/\/flashmode.tn\/magazine\/quelle-largeur-marche\/#Comment_calculer_une_marche\" >Comment calculer une marche ?<\/a><\/li><li class='ez-toc-page-1 ez-toc-heading-level-2'><a class=\"ez-toc-link ez-toc-heading-18\" href=\"https:\/\/flashmode.tn\/magazine\/quelle-largeur-marche\/#Quel_est_le_degre_dun_escalier\" >Quel est le degr\u00e9 d&rsquo;un escalier ?<\/a><\/li><li class='ez-toc-page-1 ez-toc-heading-level-2'><a class=\"ez-toc-link ez-toc-heading-19\" href=\"https:\/\/flashmode.tn\/magazine\/quelle-largeur-marche\/#Comment_calculer_le_giron_dune_marche\" >Comment calculer le giron d&rsquo;une marche ?<\/a><\/li><li class='ez-toc-page-1 ez-toc-heading-level-2'><a class=\"ez-toc-link ez-toc-heading-20\" href=\"https:\/\/flashmode.tn\/magazine\/quelle-largeur-marche\/#Comment_calculer_nombre_de_marches\" >Comment calculer nombre de marches ?<\/a><\/li><li class='ez-toc-page-1 ez-toc-heading-level-2'><a class=\"ez-toc-link ez-toc-heading-21\" href=\"https:\/\/flashmode.tn\/magazine\/quelle-largeur-marche\/#Comment_agrandir_les_marches_descalier\" >Comment agrandir les marches d&rsquo;escalier ?<\/a><\/li><\/ul><\/nav><\/div>\n<h2><span class=\"ez-toc-section\" id=\"Quelle_taille_nez_de_marche\"><\/span>Quelle taille nez de marche ?<span class=\"ez-toc-section-end\"><\/span><\/h2>\n<p>Les <b>nez de marche<\/b> doivent \u00eatre de largeur minimal de 3 cm. Ils ne doivent pas pr\u00e9senter de d\u00e9bord trop important par rapport \u00e0 la contremarche. Il existe sur le <b>march\u00e9<\/b> des <b>nez de marche<\/b> plat, arrondis (en forme de L) et avec contremarche int\u00e9gr\u00e9e de 39 mm ou encore de 59 mm.<\/p>\n<h2><span class=\"ez-toc-section\" id=\"Comment_calculer_lencombrement_dun_escalier\"><\/span><strong>Comment calculer l&rsquo;encombrement d&rsquo;un escalier ?<\/strong><span class=\"ez-toc-section-end\"><\/span><\/h2>\n<p>Pour <b>calculer l&rsquo;encombrement<\/b>, il va falloir prendre en compte le reculement de l&rsquo;<b>escalier<\/b> (longueur au sol entre le d\u00e9but et la fin de l&rsquo;<b>escalier<\/b>), la hauteur sol plafond ainsi que les dimensions de la tr\u00e9mie. L&rsquo;<b>encombrement<\/b> va d\u00e9pendre de la forme et de la structure de votre <b>escalier<\/b>.<\/p>\n<h2><span class=\"ez-toc-section\" id=\"Comment_calculer_encombrement_escalier\"><\/span><strong>Comment calculer encombrement escalier ?<\/strong><span class=\"ez-toc-section-end\"><\/span><\/h2>\n<p>Formule de Blondel<\/p>\n<p> Explication : la somme de deux hauteurs de marche (2h) et du giron (g) doit \u00eatre comprise entre 60 et 65 cm. Selon l&rsquo;architecte Fran\u00e7ois Blondel (1618-1686), 2h + g = 63 cm est le meilleur rapport pour monter un <b>escalier<\/b> en d\u00e9pensant le moins d&rsquo;\u00e9nergie.<\/p>\n<h2><span class=\"ez-toc-section\" id=\"Comment_calculer_la_longueur_dun_escalier_droit\"><\/span><strong>Comment calculer la longueur d&rsquo;un escalier droit ?<\/strong><span class=\"ez-toc-section-end\"><\/span><\/h2>\n<p>Exemple : Prenons un exemple avec un <b>escalier droit<\/b>. Si ma hauteur de sol \u00e0 sol fini est de 280 cm et que je souhaite que mes marches mesurent 18 cm de haut. On va diviser 280 par 18.<\/p>\n<h2><span class=\"ez-toc-section\" id=\"Quelle_hauteur_pour_une_marche_descalier\"><\/span><strong>Quelle hauteur pour une marche d&rsquo;escalier ?<\/strong><span class=\"ez-toc-section-end\"><\/span><\/h2>\n<p>La loi <b>de<\/b> blondel \u00e0 <b>pour<\/b> objectif <b>de<\/b> v\u00e9rifier la coh\u00e9rence entre la <b>hauteur de marche<\/b> et celle <b>de<\/b> son giron. <b>Pour<\/b> les b\u00e2timents d&rsquo;habitation, la <b>hauteur<\/b> id\u00e9ale serait <b>de<\/b> 17 cm <b>pour<\/b> un giron entre 26 et 30 cm.<\/p>\n<h2><span class=\"ez-toc-section\" id=\"Quest-ce_que_le_giron_dune_marche\"><\/span><strong>Qu&rsquo;est-ce que le giron d&rsquo;une marche ?<\/strong><span class=\"ez-toc-section-end\"><\/span><\/h2>\n<p>La d\u00e9finition th\u00e9orique du <b>giron est<\/b> la distance horizontale de nez de <b>marche<\/b> \u00e0 nez de <b>marche<\/b>. Plus simplement, le d\u00e9couvert de votre <b>marche<\/b> correspond \u00e0 la profondeur d&rsquo;une <b>marche<\/b> d&rsquo;escalier, recouvrement de saillie escalier comprise.<\/p>\n<h2><span class=\"ez-toc-section\" id=\"Comment_calculer_marche_et_contremarche\"><\/span><strong>Comment calculer marche et contremarche ?<\/strong><span class=\"ez-toc-section-end\"><\/span><\/h2>\n<p><b>  Conna\u00eetre le nombre de  <b>   contremarches  <\/b>  vous permettra de d\u00e9terminer la hauteur confortable et vous aidera pour appliquer les normes. <\/b> <\/p>\n<ol>\n<li>   <b>    Calcul   <\/b>   1 : Hauteur de l&rsquo;escalier \/ Hauteur de la   <b>    marche   <\/b>   id\u00e9ale = Nombre de   <b>    contremarches   <\/b>   .  <\/li>\n<li>   <b>    Calcul   <\/b>   2 : Hauteur de l&rsquo;escalier \/ Nombre de   <b>    contremarches   <\/b>   = Hauteur de la   <b>    contremarche   <\/b>   .  <\/li>\n<\/ol>\n<h2><span class=\"ez-toc-section\" id=\"Quelle_hauteur_marche_descalier\"><\/span><strong>Quelle hauteur marche d&rsquo;escalier ?<\/strong><span class=\"ez-toc-section-end\"><\/span><\/h2>\n<p>La loi de blondel \u00e0 pour objectif de v\u00e9rifier la coh\u00e9rence entre la <b>hauteur<\/b> de <b>marche<\/b> et celle de son giron. Pour les b\u00e2timents d&rsquo;habitation, la <b>hauteur<\/b> id\u00e9ale serait de 17 cm pour un giron entre 26 et 30 cm.<\/p>\n<h2><span class=\"ez-toc-section\" id=\"Quelle_hauteur_une_marche\"><\/span><strong>Quelle hauteur une marche ?<\/strong><span class=\"ez-toc-section-end\"><\/span><\/h2>\n<p>Une <b>marche<\/b> est d\u00e9finie par son giron (distance entre deux nez de <b>marche<\/b>), son emmarchement (sa largeur) et sa <b>hauteur<\/b>. Que dire de la <b>hauteur<\/b> de <b>marche<\/b> ? La <b>hauteur<\/b> de <b>marche<\/b> doit \u00eatre comprise entre 16 et 20 cm.<\/p>\n<h2><span class=\"ez-toc-section\" id=\"Quel_nez_de_marche_choisir\"><\/span><strong>Quel nez de marche choisir ?<\/strong><span class=\"ez-toc-section-end\"><\/span><\/h2>\n<p>En fonction de l&rsquo;usure de la surface ou de la forme du <b>nez de marche<\/b> votre choix sera diff\u00e9rent. Pour des <b>marches<\/b> us\u00e9es ou arrondies pr\u00e9f\u00e9rez les <b>nez de marche<\/b> plats. Pour des <b>marches<\/b> r\u00e9guli\u00e8res et droites, les <b>nez de marche<\/b> en \u00ab L \u00bb conviendront parfaitement !<\/p>\n<h2><span class=\"ez-toc-section\" id=\"Pourquoi_nez_de_marche\"><\/span><strong>Pourquoi nez de marche ?<\/strong><span class=\"ez-toc-section-end\"><\/span><\/h2>\n<p>Compos\u00e9 d&rsquo;un mat\u00e9riau antid\u00e9rapant et de couleur contrast\u00e9e avec les <b>marches<\/b>, le <b>nez de marche<\/b> permet aux usagers de mieux distinguer l&rsquo;escalier et r\u00e9duit le risque de glissade au minimum.<\/p>\n<h2><span class=\"ez-toc-section\" id=\"Comment_recouvrir_un_nez_de_marche\"><\/span><strong>Comment recouvrir un nez de marche ?<\/strong><span class=\"ez-toc-section-end\"><\/span><\/h2>\n<p>Ils peuvent \u00eatre dans le m\u00eame mat\u00e9riau ou le m\u00eame rev\u00eatement que les <b>marches<\/b> : Pour un carrelage d&rsquo;escalier par exemple, vous trouvez des carreaux sp\u00e9ciaux qui se terminent en L l\u00e9g\u00e8rement arrondi, pour <b>recouvrir<\/b> les <b>nez de marche<\/b>.<\/p>\n<h2><span class=\"ez-toc-section\" id=\"Comment_calculer_la_longueur_dun_limon_descalier\"><\/span><strong>Comment calculer la longueur d&rsquo;un limon d&rsquo;escalier ?<\/strong><span class=\"ez-toc-section-end\"><\/span><\/h2>\n<p>Multipliez les marches par la largeur de chacune pour d\u00e9terminer la <b>longueur<\/b> de l&rsquo;<b>escalier<\/b>. Une fois que cela est fait, vous pouvez marquer les mesures sur les planches que vous couperez pour fabriquer les <b>limons<\/b>. Ensuite, passez \u00e0 la phase de sciage et d&rsquo;assemblage.<\/p>\n<h2><span class=\"ez-toc-section\" id=\"Comment_appliquer_la_formule_de_Blondel\"><\/span><strong>Comment appliquer la formule de Blondel ?<\/strong><span class=\"ez-toc-section-end\"><\/span><\/h2>\n<p><b>  Loi  <b>   BLONDEL  <\/b>  : <\/b> <b>  <b>   Comment calculer  <\/b>  la loi de  <b>   Blondel  <\/b>  pour votre escalier ? <\/b> <\/p>\n<ol>\n<li>   2 hauteurs de marche (h) + 1 giron (g) = [60 et 64 cm]  <\/li>\n<li>   Exemple : h = 18 cm et g = 25 cm 2 x 18 cm + 25 cm = 61.  <\/li>\n<\/ol>\n<h2><span class=\"ez-toc-section\" id=\"Comment_appliquer_la_formule_de_Blondel-2\"><\/span><strong>Comment appliquer la formule de Blondel ?<\/strong><span class=\"ez-toc-section-end\"><\/span><\/h2>\n<p>La <b>formule de Blondel<\/b> est : M = 2h + g<\/p>\n<p> h est la hauteur de marche \u00e0 marche. g est le giron, la profondeur utile d&rsquo;une marche. Si la marche fait 15 cm de haut et 35 cm de profondeur, on calcule M = 2 x 15 + 35 = 30 + 35 = 65 cm.<\/p>\n<h2><span class=\"ez-toc-section\" id=\"Comment_mesurer_un_giron\"><\/span><strong>Comment mesurer un giron ?<\/strong><span class=\"ez-toc-section-end\"><\/span><\/h2>\n<p>Le <b>giron<\/b> est la distance entre deux nez de marche. Sa longueur doit permettre de poser le pied enti\u00e8rement sur la marche afin d&rsquo;assurer une bonne stabilit\u00e9. Elle doit \u00eatre comprise entre 24 cm et 30 cm.<\/p>\n<h2><span class=\"ez-toc-section\" id=\"Comment_calculer_une_marche\"><\/span><strong>Comment calculer une marche ?<\/strong><span class=\"ez-toc-section-end\"><\/span><\/h2>\n<p>Exemple : Prenons un exemple avec un escalier droit. Si ma hauteur de sol \u00e0 sol fini est de 280 cm et que je souhaite que mes marches mesurent 18 cm de haut. On va diviser 280 par 18.<\/p>\n<h2><span class=\"ez-toc-section\" id=\"Quel_est_le_degre_dun_escalier\"><\/span><strong>Quel est le degr\u00e9 d&rsquo;un escalier ?<\/strong><span class=\"ez-toc-section-end\"><\/span><\/h2>\n<p>La r\u00e9glementation pr\u00e9conise un angle de 20 \u00e0 50 <b>degr\u00e9s<\/b>, sachant que la valeur id\u00e9ale <b>est<\/b> estim\u00e9e \u00e0 30 <b>degr\u00e9s<\/b>. L&rsquo;application de la formule de Fran\u00e7ois BLONDEL (1618-1686), permet de respecter cette norme.<\/p>\n<h2><span class=\"ez-toc-section\" id=\"Comment_calculer_le_giron_dune_marche\"><\/span><strong>Comment calculer le giron d&rsquo;une marche ?<\/strong><span class=\"ez-toc-section-end\"><\/span><\/h2>\n<p>Prenons un exemple avec un escalier droit. Si la marche a une hauteur de 18 cm et que le <b>giron<\/b> est de 25 cm, j&rsquo;obtiens avec la formule de Blondel : 18 x 2 + 25 cm = 61 cm. Mon r\u00e9sultat se situe bien dans la fourchette optimale (entre 60 et 64 cm).<\/p>\n<h2><span class=\"ez-toc-section\" id=\"Comment_calculer_nombre_de_marches\"><\/span><strong>Comment calculer nombre de marches ?<\/strong><span class=\"ez-toc-section-end\"><\/span><\/h2>\n<p>La hauteur conseill\u00e9e pour les <b>marches<\/b> est comprise entre 16 et 20 cm, 17 cm \u00e9tant le standard. &#8211; Par exemple : si la hauteur entre les deux \u00e9tages est de 3 m\u00e8tres, soit 300 cm, et que la hauteur des <b>marches<\/b> est de 17 cm, le <b>calcul<\/b> \u00e0 effectuer pour d\u00e9terminer le <b>nombre de marches<\/b> n\u00e9cessaire est 300 \/ 17 = 17,6.<\/p>\n<h2><span class=\"ez-toc-section\" id=\"Comment_agrandir_les_marches_descalier\"><\/span><strong>Comment agrandir les marches d&rsquo;escalier ?<\/strong><span class=\"ez-toc-section-end\"><\/span><\/h2>\n<p>Effectivement, il est possible de ralonger les <b>marches<\/b> en rempla\u00e7ant les <b>marches<\/b> actuelles par des plus longues et les faisant d\u00e9passer sous l&rsquo;<b>escalier<\/b> ou de fa\u00e7on \u00e9gale sur et sous l&rsquo;<b>escalier<\/b> mais dans ce cas, il faut enlever les contre-<b>marches<\/b>.<\/p>\n<hr \/>\n<p><em>Editeurs: 34 &#8211; R\u00e9f\u00e9rences: 41 articles<\/em><\/p>\n<p><em>N\u2019oubliez pas de partager l\u2019article !<\/em><\/p>\n","protected":false},"excerpt":{"rendered":"<p>la largeur d&rsquo;une marche (l&#8217;emmarchement) mesure g\u00e9n\u00e9ralement 45 cm ; vos marches doivent imp\u00e9rativement toutes \u00eatre de la m\u00eame hauteur mais pas n\u00e9cessairement de la m\u00eame largeur. Ainsi, Quel espace pour un escalier droit ? Quelles dimensions d&rsquo;escalier pour quel espace ? Longueur de mur d &lsquo;appui* (en m) Surface de tr\u00e9mie en m 2 [&hellip;]<\/p>\n","protected":false},"author":6,"featured_media":0,"comment_status":"open","ping_status":"open","sticky":false,"template":"","format":"standard","meta":{"tdm_status":"","tdm_grid_status":"","_jetpack_memberships_contains_paid_content":false,"footnotes":"","jetpack_publicize_message":"","jetpack_publicize_feature_enabled":true,"jetpack_social_post_already_shared":true,"jetpack_social_options":{"image_generator_settings":{"template":"highway","default_image_id":0,"font":"","enabled":false},"version":2}},"categories":[3457],"tags":[],"class_list":["post-60237","post","type-post","status-publish","format-standard","hentry","category-maison"],"yoast_head":"<!-- This site is optimized with the Yoast SEO Premium plugin v25.0 (Yoast SEO v25.0) - https:\/\/yoast.com\/wordpress\/plugins\/seo\/ -->\n<title>Quelle largeur marche ?<\/title>\n<meta name=\"description\" content=\"la largeur d&#039;une marche (l&#039;emmarchement) mesure g\u00e9n\u00e9ralement 45 cm ; vos marches doivent imp\u00e9rativement toutes \u00eatre de la m\u00eame hauteur mais pas\" \/>\n<meta name=\"robots\" content=\"index, follow, max-snippet:-1, max-image-preview:large, max-video-preview:-1\" \/>\n<link rel=\"canonical\" href=\"https:\/\/flashmode.tn\/magazine\/quelle-largeur-marche\/\" \/>\n<meta property=\"og:locale\" content=\"fr_FR\" \/>\n<meta property=\"og:type\" content=\"article\" \/>\n<meta property=\"og:title\" content=\"Quelle largeur marche ? - Flashmode Magazine | Magazine de mode et style de vie Num\u00e9ro un en Tunisie et au Maghreb\" \/>\n<meta property=\"og:description\" content=\"la largeur d&#039;une marche (l&#039;emmarchement) mesure g\u00e9n\u00e9ralement 45 cm ; vos marches doivent imp\u00e9rativement toutes \u00eatre de la m\u00eame hauteur mais pas\" \/>\n<meta property=\"og:url\" content=\"https:\/\/flashmode.tn\/magazine\/quelle-largeur-marche\/\" \/>\n<meta property=\"og:site_name\" content=\"Flashmode Magazine | Magazine de mode et style de vie Num\u00e9ro un en Tunisie et au Maghreb\" \/>\n<meta property=\"article:publisher\" content=\"https:\/\/www.facebook.com\/flashmode.magazine\/\" \/>\n<meta property=\"article:published_time\" content=\"2021-12-19T01:08:52+00:00\" \/>\n<meta name=\"author\" content=\"EventsEditors\" \/>\n<meta name=\"twitter:card\" content=\"summary_large_image\" \/>\n<meta name=\"twitter:creator\" content=\"@agenceflashmode\" \/>\n<meta name=\"twitter:site\" content=\"@agenceflashmode\" \/>\n<meta name=\"twitter:label1\" content=\"\u00c9crit par\" \/>\n\t<meta name=\"twitter:data1\" content=\"EventsEditors\" \/>\n\t<meta name=\"twitter:label2\" content=\"Dur\u00e9e de lecture estim\u00e9e\" \/>\n\t<meta name=\"twitter:data2\" content=\"6 minutes\" \/>\n<script type=\"application\/ld+json\" class=\"yoast-schema-graph\">{\"@context\":\"https:\/\/schema.org\",\"@graph\":[{\"@type\":\"WebPage\",\"@id\":\"https:\/\/flashmode.tn\/magazine\/quelle-largeur-marche\/\",\"url\":\"https:\/\/flashmode.tn\/magazine\/quelle-largeur-marche\/\",\"name\":\"Quelle largeur marche ?\",\"isPartOf\":{\"@id\":\"https:\/\/flashmode.tn\/magazine\/#website\"},\"datePublished\":\"2021-12-19T01:08:52+00:00\",\"author\":{\"@id\":\"https:\/\/flashmode.tn\/magazine\/#\/schema\/person\/257d6780605b915a5e352977f0f6f41c\"},\"description\":\"la largeur d'une marche (l'emmarchement) mesure g\u00e9n\u00e9ralement 45 cm ; vos marches doivent imp\u00e9rativement toutes \u00eatre de la m\u00eame hauteur mais pas\",\"breadcrumb\":{\"@id\":\"https:\/\/flashmode.tn\/magazine\/quelle-largeur-marche\/#breadcrumb\"},\"inLanguage\":\"fr-FR\",\"potentialAction\":[{\"@type\":\"ReadAction\",\"target\":[\"https:\/\/flashmode.tn\/magazine\/quelle-largeur-marche\/\"]}]},{\"@type\":\"BreadcrumbList\",\"@id\":\"https:\/\/flashmode.tn\/magazine\/quelle-largeur-marche\/#breadcrumb\",\"itemListElement\":[{\"@type\":\"ListItem\",\"position\":1,\"name\":\"Accueil\",\"item\":\"https:\/\/flashmode.tn\/magazine\/\"},{\"@type\":\"ListItem\",\"position\":2,\"name\":\"Quelle largeur marche ?\"}]},{\"@type\":\"WebSite\",\"@id\":\"https:\/\/flashmode.tn\/magazine\/#website\",\"url\":\"https:\/\/flashmode.tn\/magazine\/\",\"name\":\"Flashmode Magazine | Magazine de mode et style de vie Num\u00e9ro un en Tunisie et au Maghreb\",\"description\":\"Magazine de mode et style de vie Num\u00e9ro un en Tunisie et au Maghreb, cr\u00e9\u00e9 pour les hommes et les femmes : conseils beaut\u00e9, mode femme, mode homme, recettes de cuisine, c\u00e9l\u00e9brit\u00e9s et people, mannequins et top modeles\",\"potentialAction\":[{\"@type\":\"SearchAction\",\"target\":{\"@type\":\"EntryPoint\",\"urlTemplate\":\"https:\/\/flashmode.tn\/magazine\/?s={search_term_string}\"},\"query-input\":{\"@type\":\"PropertyValueSpecification\",\"valueRequired\":true,\"valueName\":\"search_term_string\"}}],\"inLanguage\":\"fr-FR\"},{\"@type\":\"Person\",\"@id\":\"https:\/\/flashmode.tn\/magazine\/#\/schema\/person\/257d6780605b915a5e352977f0f6f41c\",\"name\":\"EventsEditors\",\"image\":{\"@type\":\"ImageObject\",\"inLanguage\":\"fr-FR\",\"@id\":\"https:\/\/flashmode.tn\/magazine\/#\/schema\/person\/image\/\",\"url\":\"https:\/\/secure.gravatar.com\/avatar\/e2daedf958f66be37c9a79abe56184d85cd1baa6bba0dd8017e3f7d01555232f?s=96&d=mm&r=g\",\"contentUrl\":\"https:\/\/secure.gravatar.com\/avatar\/e2daedf958f66be37c9a79abe56184d85cd1baa6bba0dd8017e3f7d01555232f?s=96&d=mm&r=g\",\"caption\":\"EventsEditors\"},\"url\":\"https:\/\/flashmode.tn\/magazine\/author\/eventseditors\/\"}]}<\/script>\n<!-- \/ Yoast SEO Premium plugin. -->","yoast_head_json":{"title":"Quelle largeur marche ?","description":"la largeur d'une marche (l'emmarchement) mesure g\u00e9n\u00e9ralement 45 cm ; vos marches doivent imp\u00e9rativement toutes \u00eatre de la m\u00eame hauteur mais pas","robots":{"index":"index","follow":"follow","max-snippet":"max-snippet:-1","max-image-preview":"max-image-preview:large","max-video-preview":"max-video-preview:-1"},"canonical":"https:\/\/flashmode.tn\/magazine\/quelle-largeur-marche\/","og_locale":"fr_FR","og_type":"article","og_title":"Quelle largeur marche ? - Flashmode Magazine | Magazine de mode et style de vie Num\u00e9ro un en Tunisie et au Maghreb","og_description":"la largeur d'une marche (l'emmarchement) mesure g\u00e9n\u00e9ralement 45 cm ; vos marches doivent imp\u00e9rativement toutes \u00eatre de la m\u00eame hauteur mais pas","og_url":"https:\/\/flashmode.tn\/magazine\/quelle-largeur-marche\/","og_site_name":"Flashmode Magazine | Magazine de mode et style de vie Num\u00e9ro un en Tunisie et au Maghreb","article_publisher":"https:\/\/www.facebook.com\/flashmode.magazine\/","article_published_time":"2021-12-19T01:08:52+00:00","author":"EventsEditors","twitter_card":"summary_large_image","twitter_creator":"@agenceflashmode","twitter_site":"@agenceflashmode","twitter_misc":{"\u00c9crit par":"EventsEditors","Dur\u00e9e de lecture estim\u00e9e":"6 minutes"},"schema":{"@context":"https:\/\/schema.org","@graph":[{"@type":"WebPage","@id":"https:\/\/flashmode.tn\/magazine\/quelle-largeur-marche\/","url":"https:\/\/flashmode.tn\/magazine\/quelle-largeur-marche\/","name":"Quelle largeur marche ?","isPartOf":{"@id":"https:\/\/flashmode.tn\/magazine\/#website"},"datePublished":"2021-12-19T01:08:52+00:00","author":{"@id":"https:\/\/flashmode.tn\/magazine\/#\/schema\/person\/257d6780605b915a5e352977f0f6f41c"},"description":"la largeur d'une marche (l'emmarchement) mesure g\u00e9n\u00e9ralement 45 cm ; vos marches doivent imp\u00e9rativement toutes \u00eatre de la m\u00eame hauteur mais pas","breadcrumb":{"@id":"https:\/\/flashmode.tn\/magazine\/quelle-largeur-marche\/#breadcrumb"},"inLanguage":"fr-FR","potentialAction":[{"@type":"ReadAction","target":["https:\/\/flashmode.tn\/magazine\/quelle-largeur-marche\/"]}]},{"@type":"BreadcrumbList","@id":"https:\/\/flashmode.tn\/magazine\/quelle-largeur-marche\/#breadcrumb","itemListElement":[{"@type":"ListItem","position":1,"name":"Accueil","item":"https:\/\/flashmode.tn\/magazine\/"},{"@type":"ListItem","position":2,"name":"Quelle largeur marche ?"}]},{"@type":"WebSite","@id":"https:\/\/flashmode.tn\/magazine\/#website","url":"https:\/\/flashmode.tn\/magazine\/","name":"Flashmode Magazine | Magazine de mode et style de vie Num\u00e9ro un en Tunisie et au Maghreb","description":"Magazine de mode et style de vie Num\u00e9ro un en Tunisie et au Maghreb, cr\u00e9\u00e9 pour les hommes et les femmes : conseils beaut\u00e9, mode femme, mode homme, recettes de cuisine, c\u00e9l\u00e9brit\u00e9s et people, mannequins et top modeles","potentialAction":[{"@type":"SearchAction","target":{"@type":"EntryPoint","urlTemplate":"https:\/\/flashmode.tn\/magazine\/?s={search_term_string}"},"query-input":{"@type":"PropertyValueSpecification","valueRequired":true,"valueName":"search_term_string"}}],"inLanguage":"fr-FR"},{"@type":"Person","@id":"https:\/\/flashmode.tn\/magazine\/#\/schema\/person\/257d6780605b915a5e352977f0f6f41c","name":"EventsEditors","image":{"@type":"ImageObject","inLanguage":"fr-FR","@id":"https:\/\/flashmode.tn\/magazine\/#\/schema\/person\/image\/","url":"https:\/\/secure.gravatar.com\/avatar\/e2daedf958f66be37c9a79abe56184d85cd1baa6bba0dd8017e3f7d01555232f?s=96&d=mm&r=g","contentUrl":"https:\/\/secure.gravatar.com\/avatar\/e2daedf958f66be37c9a79abe56184d85cd1baa6bba0dd8017e3f7d01555232f?s=96&d=mm&r=g","caption":"EventsEditors"},"url":"https:\/\/flashmode.tn\/magazine\/author\/eventseditors\/"}]}},"jetpack_publicize_connections":[],"jetpack_featured_media_url":"","jetpack_shortlink":"https:\/\/wp.me\/p8BPGr-fFz","jetpack_sharing_enabled":true,"_links":{"self":[{"href":"https:\/\/flashmode.tn\/magazine\/wp-json\/wp\/v2\/posts\/60237","targetHints":{"allow":["GET"]}}],"collection":[{"href":"https:\/\/flashmode.tn\/magazine\/wp-json\/wp\/v2\/posts"}],"about":[{"href":"https:\/\/flashmode.tn\/magazine\/wp-json\/wp\/v2\/types\/post"}],"author":[{"embeddable":true,"href":"https:\/\/flashmode.tn\/magazine\/wp-json\/wp\/v2\/users\/6"}],"replies":[{"embeddable":true,"href":"https:\/\/flashmode.tn\/magazine\/wp-json\/wp\/v2\/comments?post=60237"}],"version-history":[{"count":0,"href":"https:\/\/flashmode.tn\/magazine\/wp-json\/wp\/v2\/posts\/60237\/revisions"}],"wp:attachment":[{"href":"https:\/\/flashmode.tn\/magazine\/wp-json\/wp\/v2\/media?parent=60237"}],"wp:term":[{"taxonomy":"category","embeddable":true,"href":"https:\/\/flashmode.tn\/magazine\/wp-json\/wp\/v2\/categories?post=60237"},{"taxonomy":"post_tag","embeddable":true,"href":"https:\/\/flashmode.tn\/magazine\/wp-json\/wp\/v2\/tags?post=60237"}],"curies":[{"name":"wp","href":"https:\/\/api.w.org\/{rel}","templated":true}]}}