{"id":60938,"date":"2022-01-23T03:19:50","date_gmt":"2022-01-23T02:19:50","guid":{"rendered":"https:\/\/flashmode.tn\/magazine\/?p=60938"},"modified":"2022-01-23T03:19:50","modified_gmt":"2022-01-23T02:19:50","slug":"quand-couper-les-gourmands-des-framboisiers","status":"publish","type":"post","link":"https:\/\/flashmode.tn\/magazine\/quand-couper-les-gourmands-des-framboisiers\/","title":{"rendered":"Quand couper les gourmands des framboisiers ?"},"content":{"rendered":"<p>Apr\u00e8s la derni\u00e8re fructification, vous pouvez <b>couper<\/b> les rameaux qui vont se dess\u00e9cher et mourir ; cela donnera un peu d&rsquo;air aux pieds. Pour les <b>framboisiers<\/b> non remontants, coupez donc ces rameux d\u00e8s qu&rsquo;ils commencent \u00e0 donner les premiers signes de dess\u00e8chement.<\/p>\n<p>Ainsi, Quand et comment repiquer des framboisiers ?<\/p>\n<p>En mai, <b>repiquer<\/b> les boutures de racines en godet dans un m\u00e9lange de terre du jardin et de terreau. A cette \u00e9poque des tiges commencent \u00e0 appara\u00eetre. Bien veiller \u00e0 l&rsquo;arrosage pendant l&rsquo;\u00e9t\u00e9 sans pour autant faire pourrir les racines par un exc\u00e8s d&rsquo;eau. A l&rsquo;automne, installer les plantes au jardin.<\/p>\n<p>ensuite Quand et comment tailler un framboisier remontant ?<\/p>\n<p>En hiver, taillez les <b>framboisiers<\/b> remontants en coupant \u00e0 ras du sol toutes les tiges, sauf quelques tiges parmi les plus vigoureuses que vous raccourcirez \u00e0 50 cm de haut.<\/p>\n<p>Comment savoir si framboisier remontant ou non ?<\/p>\n<p>On distingue deux types de <b>framboisiers<\/b> : le <b>framboisier non remontant<\/b>, qui fructifie sur les pousses de l&rsquo;ann\u00e9e pr\u00e9c\u00e9dente en juin-juillet, et le <b>framboisier remontant<\/b>, qui produit une premi\u00e8re fois sur les pousses de l&rsquo;ann\u00e9e d&rsquo;ao\u00fbt \u00e0 octobre et une deuxi\u00e8me fois sur les m\u00eames cannes l&rsquo;ann\u00e9e suivante en juin-juillet.<\/p>\n<div id=\"ez-toc-container\" class=\"ez-toc-v2_0_81 counter-hierarchy ez-toc-counter ez-toc-grey ez-toc-container-direction\">\n<div class=\"ez-toc-title-container\">\n<p class=\"ez-toc-title\" style=\"cursor:inherit\">Contenus de la page<\/p>\n<span class=\"ez-toc-title-toggle\"><a href=\"#\" class=\"ez-toc-pull-right ez-toc-btn ez-toc-btn-xs ez-toc-btn-default ez-toc-toggle\" aria-label=\"Toggle Table of Content\"><span class=\"ez-toc-js-icon-con\"><span class=\"\"><span class=\"eztoc-hide\" style=\"display:none;\">Toggle<\/span><span class=\"ez-toc-icon-toggle-span\"><svg style=\"fill: #999;color:#999\" xmlns=\"http:\/\/www.w3.org\/2000\/svg\" class=\"list-377408\" width=\"20px\" height=\"20px\" viewBox=\"0 0 24 24\" fill=\"none\"><path d=\"M6 6H4v2h2V6zm14 0H8v2h12V6zM4 11h2v2H4v-2zm16 0H8v2h12v-2zM4 16h2v2H4v-2zm16 0H8v2h12v-2z\" fill=\"currentColor\"><\/path><\/svg><svg style=\"fill: #999;color:#999\" class=\"arrow-unsorted-368013\" xmlns=\"http:\/\/www.w3.org\/2000\/svg\" width=\"10px\" height=\"10px\" viewBox=\"0 0 24 24\" version=\"1.2\" baseProfile=\"tiny\"><path d=\"M18.2 9.3l-6.2-6.3-6.2 6.3c-.2.2-.3.4-.3.7s.1.5.3.7c.2.2.4.3.7.3h11c.3 0 .5-.1.7-.3.2-.2.3-.5.3-.7s-.1-.5-.3-.7zM5.8 14.7l6.2 6.3 6.2-6.3c.2-.2.3-.5.3-.7s-.1-.5-.3-.7c-.2-.2-.4-.3-.7-.3h-11c-.3 0-.5.1-.7.3-.2.2-.3.5-.3.7s.1.5.3.7z\"\/><\/svg><\/span><\/span><\/span><\/a><\/span><\/div>\n<nav><ul class='ez-toc-list ez-toc-list-level-1 ' ><li class='ez-toc-page-1 ez-toc-heading-level-2'><a class=\"ez-toc-link ez-toc-heading-1\" href=\"https:\/\/flashmode.tn\/magazine\/quand-couper-les-gourmands-des-framboisiers\/#Quel_mois_tailler_le_framboisier\" >Quel mois tailler le framboisier ?<\/a><\/li><li class='ez-toc-page-1 ez-toc-heading-level-2'><a class=\"ez-toc-link ez-toc-heading-2\" href=\"https:\/\/flashmode.tn\/magazine\/quand-couper-les-gourmands-des-framboisiers\/#Comment_pousse_framboisier\" >Comment pousse framboisier ?<\/a><\/li><li class='ez-toc-page-1 ez-toc-heading-level-2'><a class=\"ez-toc-link ez-toc-heading-3\" href=\"https:\/\/flashmode.tn\/magazine\/quand-couper-les-gourmands-des-framboisiers\/#Quelle_exposition_pour_planter_des_framboisiers\" >Quelle exposition pour planter des framboisiers ?<\/a><\/li><li class='ez-toc-page-1 ez-toc-heading-level-2'><a class=\"ez-toc-link ez-toc-heading-4\" href=\"https:\/\/flashmode.tn\/magazine\/quand-couper-les-gourmands-des-framboisiers\/#Est-ce_que_les_framboisiers_se_taillent\" >Est-ce que les framboisiers se taillent ?<\/a><\/li><li class='ez-toc-page-1 ez-toc-heading-level-2'><a class=\"ez-toc-link ez-toc-heading-5\" href=\"https:\/\/flashmode.tn\/magazine\/quand-couper-les-gourmands-des-framboisiers\/#Quand_tailler_framboisier_Quebec\" >Quand tailler framboisier Qu\u00e9bec ?<\/a><\/li><li class='ez-toc-page-1 ez-toc-heading-level-2'><a class=\"ez-toc-link ez-toc-heading-6\" href=\"https:\/\/flashmode.tn\/magazine\/quand-couper-les-gourmands-des-framboisiers\/#Comment_entretenir_des_framboisiers_remontants\" >Comment entretenir des framboisiers remontants ?<\/a><\/li><li class='ez-toc-page-1 ez-toc-heading-level-2'><a class=\"ez-toc-link ez-toc-heading-7\" href=\"https:\/\/flashmode.tn\/magazine\/quand-couper-les-gourmands-des-framboisiers\/#Quel_est_le_meilleur_framboisier\" >Quel est le meilleur framboisier ?<\/a><\/li><li class='ez-toc-page-1 ez-toc-heading-level-2'><a class=\"ez-toc-link ez-toc-heading-8\" href=\"https:\/\/flashmode.tn\/magazine\/quand-couper-les-gourmands-des-framboisiers\/#Comment_entretenir_le_framboisier\" >Comment entretenir le framboisier ?<\/a><\/li><li class='ez-toc-page-1 ez-toc-heading-level-2'><a class=\"ez-toc-link ez-toc-heading-9\" href=\"https:\/\/flashmode.tn\/magazine\/quand-couper-les-gourmands-des-framboisiers\/#Comment_tailler_les_framboisier_non_remontant\" >Comment tailler les framboisier non remontant ?<\/a><\/li><li class='ez-toc-page-1 ez-toc-heading-level-2'><a class=\"ez-toc-link ez-toc-heading-10\" href=\"https:\/\/flashmode.tn\/magazine\/quand-couper-les-gourmands-des-framboisiers\/#Comment_entretenir_les_framboisiers\" >Comment entretenir les framboisiers ?<\/a><\/li><li class='ez-toc-page-1 ez-toc-heading-level-2'><a class=\"ez-toc-link ez-toc-heading-11\" href=\"https:\/\/flashmode.tn\/magazine\/quand-couper-les-gourmands-des-framboisiers\/#Quelle_periode_pour_tailler_les_haies\" >Quelle p\u00e9riode pour tailler les haies ?<\/a><\/li><li class='ez-toc-page-1 ez-toc-heading-level-2'><a class=\"ez-toc-link ez-toc-heading-12\" href=\"https:\/\/flashmode.tn\/magazine\/quand-couper-les-gourmands-des-framboisiers\/#Quand_pousse_les_framboises\" >Quand pousse les framboises ?<\/a><\/li><li class='ez-toc-page-1 ez-toc-heading-level-2'><a class=\"ez-toc-link ez-toc-heading-13\" href=\"https:\/\/flashmode.tn\/magazine\/quand-couper-les-gourmands-des-framboisiers\/#Comment_avoir_de_beaux_framboisiers\" >Comment avoir de beaux framboisiers ?<\/a><\/li><li class='ez-toc-page-1 ez-toc-heading-level-2'><a class=\"ez-toc-link ez-toc-heading-14\" href=\"https:\/\/flashmode.tn\/magazine\/quand-couper-les-gourmands-des-framboisiers\/#Pourquoi_les_framboisiers_ne_donnent_pas_de_fruits\" >Pourquoi les framboisiers ne donnent pas de fruits ?<\/a><\/li><li class='ez-toc-page-1 ez-toc-heading-level-2'><a class=\"ez-toc-link ez-toc-heading-15\" href=\"https:\/\/flashmode.tn\/magazine\/quand-couper-les-gourmands-des-framboisiers\/#Ou_planter_un_framboisier_dans_son_jardin\" >O\u00f9 planter un framboisier dans son jardin ?<\/a><\/li><li class='ez-toc-page-1 ez-toc-heading-level-2'><a class=\"ez-toc-link ez-toc-heading-16\" href=\"https:\/\/flashmode.tn\/magazine\/quand-couper-les-gourmands-des-framboisiers\/#Quelle_exposition_pour_un_groseillier\" >Quelle exposition pour un groseillier ?<\/a><\/li><li class='ez-toc-page-1 ez-toc-heading-level-2'><a class=\"ez-toc-link ez-toc-heading-17\" href=\"https:\/\/flashmode.tn\/magazine\/quand-couper-les-gourmands-des-framboisiers\/#Quelle_exposition_pour_la_menthe\" >Quelle exposition pour la menthe ?<\/a><\/li><li class='ez-toc-page-1 ez-toc-heading-level-2'><a class=\"ez-toc-link ez-toc-heading-18\" href=\"https:\/\/flashmode.tn\/magazine\/quand-couper-les-gourmands-des-framboisiers\/#Pourquoi_mes_framboisiers_ne_donnent_pas_de_fruits\" >Pourquoi mes framboisiers ne donnent pas de fruits ?<\/a><\/li><li class='ez-toc-page-1 ez-toc-heading-level-2'><a class=\"ez-toc-link ez-toc-heading-19\" href=\"https:\/\/flashmode.tn\/magazine\/quand-couper-les-gourmands-des-framboisiers\/#Comment_faire_pour_avoir_de_belles_framboises\" >Comment faire pour avoir de belles framboises ?<\/a><\/li><\/ul><\/nav><\/div>\n<h2><span class=\"ez-toc-section\" id=\"Quel_mois_tailler_le_framboisier\"><\/span>Quel mois tailler le framboisier ?<span class=\"ez-toc-section-end\"><\/span><\/h2>\n<p>En juin, pratiquer une <b>taille<\/b> d&rsquo;\u00e9claircissement en laissant une quinzaine de beaux brins par m\u00e8tre lin\u00e9aire. La <b>taille<\/b> d&rsquo;hiver consiste \u00e0 couper au ras du sol les branches qui ont produit. On en profitera pour \u00e9liminer syst\u00e9matiquement les rameaux faibles et les tiges dess\u00e9ch\u00e9es.<\/p>\n<h2><span class=\"ez-toc-section\" id=\"Comment_pousse_framboisier\"><\/span><strong>Comment pousse framboisier ?<\/strong><span class=\"ez-toc-section-end\"><\/span><\/h2>\n<p>Il peut \u00eatre cultiv\u00e9 jusqu&rsquo;\u00e0 1 600 m d&rsquo;altitude ; il faut alors compter un retard de floraison de 10 jours par 300 m. De juin \u00e0 septembre, bien surveiller l&rsquo;arrosage, v\u00e9rifier que la terre reste fra\u00eeche. Cette plante <b>pousse<\/b> en tout sol mais pr\u00e9f\u00e8re les terrains l\u00e9gers, frais et riches.<\/p>\n<h2><span class=\"ez-toc-section\" id=\"Quelle_exposition_pour_planter_des_framboisiers\"><\/span><strong>Quelle exposition pour planter des framboisiers ?<\/strong><span class=\"ez-toc-section-end\"><\/span><\/h2>\n<p>L\u00e9g\u00e8rement acide, bien drainant, ni trop sec en \u00e9t\u00e9, ni gorg\u00e9 d&rsquo;eau en hiver. Assez humif\u00e8re. Le <b>framboisier<\/b> appr\u00e9cie \u00eatre plant\u00e9 en ligne en plein soleil ou \u00e0 mi-ombre afin de former une jolie haie gourmande ou seul dans un bac profond. De novembre \u00e0 f\u00e9vrier hors p\u00e9riode de gel.<\/p>\n<h2><span class=\"ez-toc-section\" id=\"Est-ce_que_les_framboisiers_se_taillent\"><\/span><strong>Est-ce que les framboisiers se taillent ?<\/strong><span class=\"ez-toc-section-end\"><\/span><\/h2>\n<p>Tailler les <b>framboisiers<\/b> \u00e0 ras &#8211; surtout les tiges qui ont fl\u00e9tri. &#8230; les <b>framboisiers<\/b> non remontants : ils ne donnent qu&rsquo;une fois par an, au printemps, et pas en automne. Ceux-l\u00e0 <b>se taillent<\/b> plus facilement puisque les tiges qui ont donn\u00e9 fl\u00e9trissent en \u00e9t\u00e9 et il faut donc les couper \u00e0 ras.<\/p>\n<h2><span class=\"ez-toc-section\" id=\"Quand_tailler_framboisier_Quebec\"><\/span><strong>Quand tailler framboisier Qu\u00e9bec ?<\/strong><span class=\"ez-toc-section-end\"><\/span><\/h2>\n<p><b>  <b>   Taille  <\/b>  pour la framboise d&rsquo;\u00e9t\u00e9 : <\/b> <\/p>\n<ul>\n<li>   Apr\u00e8s la r\u00e9colte, en ao\u00fbt si le plant est malade ou en novembre s&rsquo;il est en sant\u00e9.   <b>    Tailler   <\/b>   au sol les tiges de bois sec.  <\/li>\n<li>   Au printemps, \u00e9liminer les tiges bris\u00e9es apr\u00e8s les risques de gel. Faucher les drageons exc\u00e9dentaires.  <\/li>\n<\/ul>\n<h2><span class=\"ez-toc-section\" id=\"Comment_entretenir_des_framboisiers_remontants\"><\/span><strong>Comment entretenir des framboisiers remontants ?<\/strong><span class=\"ez-toc-section-end\"><\/span><\/h2>\n<p>Taillez en f\u00e9vrier, \u00e0 10 cm du sol, les tiges ayant fructifi\u00e9, car elles ne produiront plus. Supprimez \u00e9galement toutes les pousses qui vous paraissent ch\u00e9tives. On conserve en g\u00e9n\u00e9ral une dizaine de tiges par m\u00e8tre lin\u00e9aire. Toute l&rsquo;ann\u00e9e, supprimez les drageons (c&rsquo;est-\u00e0-dire les nouvelles pousses en surnombre).<\/p>\n<h2><span class=\"ez-toc-section\" id=\"Quel_est_le_meilleur_framboisier\"><\/span><strong>Quel est le meilleur framboisier ?<\/strong><span class=\"ez-toc-section-end\"><\/span><\/h2>\n<p>Meeker&rsquo; Voil\u00e0 la vari\u00e9t\u00e9 de <b>framboisier<\/b> la plus cultiv\u00e9e, chez les \u00ab non remontants \u00bb. On dit de son fruit qu&rsquo;il <b>est<\/b> presque parfait : de couleur rouge pourpre, de taille moyenne et tout en rondeur, sa chair <b>est<\/b> ferme et parfum\u00e9e, \u00e0 l&rsquo;ar\u00f4me fruit\u00e9 et au go\u00fbt sucr\u00e9.<\/p>\n<h2><span class=\"ez-toc-section\" id=\"Comment_entretenir_le_framboisier\"><\/span><strong>Comment entretenir le framboisier ?<\/strong><span class=\"ez-toc-section-end\"><\/span><\/h2>\n<p>Arrosez en \u00e9t\u00e9. Le <b>framboisier<\/b> ne doit pas manquer d&rsquo;eau quand les fruits grossissent et m\u00fbrissent. Comptez un arrosoir tous les deux jours par plante, en cas de forte chaleur. Paillez le sol avec un mulch d&rsquo;\u00e9corces, pour limiter l&rsquo;\u00e9vaporation.<\/p>\n<h2><span class=\"ez-toc-section\" id=\"Comment_tailler_les_framboisier_non_remontant\"><\/span><strong>Comment tailler les framboisier non remontant ?<\/strong><span class=\"ez-toc-section-end\"><\/span><\/h2>\n<p><b>  <b>   Tailler  <\/b>  le  <b>   framboisier non remontant  <\/b> <\/b> <\/p>\n<ol>\n<li>   Enlever les vieilles tiges. Avec un s\u00e9cateur, coupez au ras du sol toutes les tiges ayant fructifi\u00e9. &#8230;  <\/li>\n<li>   Conserver 6 \u00e0 8 nouvelles tiges par pied. Supprimez \u00e9galement les tiges en surnombre. &#8230;  <\/li>\n<li>   Enlever les drageons. &#8230;  <\/li>\n<li>   Pallisser.  <\/li>\n<\/ol>\n<h2><span class=\"ez-toc-section\" id=\"Comment_entretenir_les_framboisiers\"><\/span><strong>Comment entretenir les framboisiers ?<\/strong><span class=\"ez-toc-section-end\"><\/span><\/h2>\n<p>Taillez en f\u00e9vrier, \u00e0 10 cm du sol, les tiges ayant fructifi\u00e9, car elles ne produiront plus. Supprimez \u00e9galement toutes les pousses qui vous paraissent ch\u00e9tives. On conserve en g\u00e9n\u00e9ral une dizaine de tiges par m\u00e8tre lin\u00e9aire. Toute l&rsquo;ann\u00e9e, supprimez les drageons (c&rsquo;est-\u00e0-dire les nouvelles pousses en surnombre).<\/p>\n<h2><span class=\"ez-toc-section\" id=\"Quelle_periode_pour_tailler_les_haies\"><\/span><strong>Quelle p\u00e9riode pour tailler les haies ?<\/strong><span class=\"ez-toc-section-end\"><\/span><\/h2>\n<p>Les <b>haies<\/b> en formation, qui n&rsquo;ont donc pas atteint leur plein d\u00e9veloppement, se taillent durant la saison de v\u00e9g\u00e9tation, de mars \u00e0 septembre, en jour de Lune descendante. Mais les <b>haies<\/b> plus \u00e2g\u00e9es, qu&rsquo;il faut rajeunir, se taillent plut\u00f4t en fin d&rsquo;hiver, de janvier \u00e0 mars, toujours en Lune descendante.<\/p>\n<h2><span class=\"ez-toc-section\" id=\"Quand_pousse_les_framboises\"><\/span><strong>Quand pousse les framboises ?<\/strong><span class=\"ez-toc-section-end\"><\/span><\/h2>\n<p>Les premi\u00e8res <b>framboises<\/b> apparaissent environ 2 ans apr\u00e8s plantation, mais les vari\u00e9t\u00e9s remontantes peuvent donner quelques fruits d\u00e8s le premier automne. Les <b>framboisiers<\/b> se plantent en bordures ou en haies, et nous vous conseillons de m\u00e9langer les vari\u00e9t\u00e9s afin d&rsquo;avoir une r\u00e9colte \u00e9chelonn\u00e9e de juin aux gel\u00e9es.<\/p>\n<h2><span class=\"ez-toc-section\" id=\"Comment_avoir_de_beaux_framboisiers\"><\/span><strong>Comment avoir de beaux framboisiers ?<\/strong><span class=\"ez-toc-section-end\"><\/span><\/h2>\n<p>Voici un bon moyen de favoriser la croissance de votre <b>framboisier<\/b> et d&rsquo;assurer la production de belles framboises. La m\u00e9thode consiste \u00e0 planter en ligne et \u00e0 tendre des fils de fer, \u00e0 40 puis \u00e0 80 cm de haut. Cette m\u00e9thode am\u00e9liore la fructification, la production et la r\u00e9colte.<\/p>\n<h2><span class=\"ez-toc-section\" id=\"Pourquoi_les_framboisiers_ne_donnent_pas_de_fruits\"><\/span><strong>Pourquoi les framboisiers ne donnent pas de fruits ?<\/strong><span class=\"ez-toc-section-end\"><\/span><\/h2>\n<p>Donc quand au printemps il sort de dormance il est suffisamment enracin\u00e9 pour produire des <b>fruits<\/b> d\u00e8s le premier \u00e9t\u00e9. S&rsquo;il est plant\u00e9 au printemps, il n&rsquo;a <b>pas<\/b> le temps de se d\u00e9velopper suffisamment, et il y a de grandes chances de n&rsquo;avoir aucun <b>fruit<\/b> la premi\u00e8re ann\u00e9e.<\/p>\n<h2><span class=\"ez-toc-section\" id=\"Ou_planter_un_framboisier_dans_son_jardin\"><\/span><strong>O\u00f9 planter un framboisier dans son jardin ?<\/strong><span class=\"ez-toc-section-end\"><\/span><\/h2>\n<p>Plantez-les en sol riche et fertile. Pr\u00e9f\u00e9rez une exposition ensoleill\u00e9e pour vos <b>framboisiers<\/b>, voire \u00e0 mi-ombre dans les r\u00e9gions chaudes de France. A l&rsquo;\u00e9tat sauvage, <b>le framboisier<\/b> est une <b>plante<\/b> des sous-bois et lisi\u00e8res des r\u00e9gions montagneuses.<\/p>\n<h2><span class=\"ez-toc-section\" id=\"Quelle_exposition_pour_un_groseillier\"><\/span><strong>Quelle exposition pour un groseillier ?<\/strong><span class=\"ez-toc-section-end\"><\/span><\/h2>\n<p>Le <b>groseillier<\/b> \u00e0 grappes <b>a<\/b> les m\u00eames exigences que le <b>groseillier<\/b> \u00e0 maquereau <b>pour<\/b> ce qui est de l&rsquo;<b>exposition<\/b>. Placez-le sous un soleil direct, mais non br\u00fblant ou sous une ombre l\u00e9g\u00e8re dans un lieu abrit\u00e9. Il redoute chaleur et s\u00e9cheresse. Il se plaira particuli\u00e8rement bien dans le Nord de la France.<\/p>\n<h2><span class=\"ez-toc-section\" id=\"Quelle_exposition_pour_la_menthe\"><\/span><strong>Quelle exposition pour la menthe ?<\/strong><span class=\"ez-toc-section-end\"><\/span><\/h2>\n<p>L&rsquo;<b>exposition<\/b> id\u00e9ale est la mi-ombre, bien que la <b>menthe<\/b> puisse pousser au soleil \u00e0 condition que celui-ci ne soit pas br\u00fblant et que la <b>menthe<\/b> soit suffisamment arros\u00e9e. Le soleil direct va freiner sa croissance et la <b>menthe<\/b> aura besoin <b>de<\/b> plus d&rsquo;humidit\u00e9.<\/p>\n<h2><span class=\"ez-toc-section\" id=\"Pourquoi_mes_framboisiers_ne_donnent_pas_de_fruits\"><\/span><strong>Pourquoi mes framboisiers ne donnent pas de fruits ?<\/strong><span class=\"ez-toc-section-end\"><\/span><\/h2>\n<p>Donc quand au printemps il sort de dormance il est suffisamment enracin\u00e9 pour produire des <b>fruits<\/b> d\u00e8s le premier \u00e9t\u00e9. S&rsquo;il est plant\u00e9 au printemps, il n&rsquo;a <b>pas<\/b> le temps de se d\u00e9velopper suffisamment, et il y a de grandes chances de n&rsquo;avoir aucun <b>fruit<\/b> la premi\u00e8re ann\u00e9e.<\/p>\n<h2><span class=\"ez-toc-section\" id=\"Comment_faire_pour_avoir_de_belles_framboises\"><\/span><strong>Comment faire pour avoir de belles framboises ?<\/strong><span class=\"ez-toc-section-end\"><\/span><\/h2>\n<p>Voici un bon moyen de favoriser la croissance de votre framboisier et <b>d<\/b>&lsquo;assurer la production de <b>belles framboises<\/b>. La m\u00e9thode consiste \u00e0 planter en ligne et \u00e0 tendre des fils de fer, \u00e0 40 puis \u00e0 80 cm de haut. Cette m\u00e9thode am\u00e9liore la fructification, la production et la r\u00e9colte.<\/p>\n<h2><strong><\/strong><\/h2>\n<h2><strong><\/strong><\/h2>\n<hr \/>\n<p><em>Editeurs: 27 &#8211; R\u00e9f\u00e9rences: 33 articles<\/em><\/p>\n<p><em>N\u2019oubliez pas de partager l\u2019article !<\/em><\/p>\n","protected":false},"excerpt":{"rendered":"<p>Apr\u00e8s la derni\u00e8re fructification, vous pouvez couper les rameaux qui vont se dess\u00e9cher et mourir ; cela donnera un peu d&rsquo;air aux pieds. Pour les framboisiers non remontants, coupez donc ces rameux d\u00e8s qu&rsquo;ils commencent \u00e0 donner les premiers signes de dess\u00e8chement. Ainsi, Quand et comment repiquer des framboisiers ? En mai, repiquer les boutures [&hellip;]<\/p>\n","protected":false},"author":6,"featured_media":0,"comment_status":"open","ping_status":"open","sticky":false,"template":"","format":"standard","meta":{"tdm_status":"","tdm_grid_status":"","_jetpack_memberships_contains_paid_content":false,"footnotes":"","jetpack_publicize_message":"","jetpack_publicize_feature_enabled":true,"jetpack_social_post_already_shared":true,"jetpack_social_options":{"image_generator_settings":{"template":"highway","default_image_id":0,"font":"","enabled":false},"version":2}},"categories":[3457],"tags":[],"class_list":["post-60938","post","type-post","status-publish","format-standard","hentry","category-maison"],"yoast_head":"<!-- This site is optimized with the Yoast SEO Premium plugin v25.0 (Yoast SEO v25.0) - https:\/\/yoast.com\/wordpress\/plugins\/seo\/ -->\n<title>Quand couper les gourmands des framboisiers ?<\/title>\n<meta name=\"description\" content=\"Apr\u00e8s la derni\u00e8re fructification, vous pouvez couper les rameaux qui vont se dess\u00e9cher et mourir ; cela donnera un peu d&#039;air aux pieds. Pour les\" \/>\n<meta name=\"robots\" content=\"index, follow, max-snippet:-1, max-image-preview:large, max-video-preview:-1\" \/>\n<link rel=\"canonical\" href=\"https:\/\/flashmode.tn\/magazine\/quand-couper-les-gourmands-des-framboisiers\/\" \/>\n<meta property=\"og:locale\" content=\"fr_FR\" \/>\n<meta property=\"og:type\" content=\"article\" \/>\n<meta property=\"og:title\" content=\"Quand couper les gourmands des framboisiers ? - Flashmode Magazine | Magazine de mode et style de vie Num\u00e9ro un en Tunisie et au Maghreb\" \/>\n<meta property=\"og:description\" content=\"Apr\u00e8s la derni\u00e8re fructification, vous pouvez couper les rameaux qui vont se dess\u00e9cher et mourir ; cela donnera un peu d&#039;air aux pieds. Pour les\" \/>\n<meta property=\"og:url\" content=\"https:\/\/flashmode.tn\/magazine\/quand-couper-les-gourmands-des-framboisiers\/\" \/>\n<meta property=\"og:site_name\" content=\"Flashmode Magazine | Magazine de mode et style de vie Num\u00e9ro un en Tunisie et au Maghreb\" \/>\n<meta property=\"article:publisher\" content=\"https:\/\/www.facebook.com\/flashmode.magazine\/\" \/>\n<meta property=\"article:published_time\" content=\"2022-01-23T02:19:50+00:00\" \/>\n<meta name=\"author\" content=\"EventsEditors\" \/>\n<meta name=\"twitter:card\" content=\"summary_large_image\" \/>\n<meta name=\"twitter:creator\" content=\"@agenceflashmode\" \/>\n<meta name=\"twitter:site\" content=\"@agenceflashmode\" \/>\n<meta name=\"twitter:label1\" content=\"\u00c9crit par\" \/>\n\t<meta name=\"twitter:data1\" content=\"EventsEditors\" \/>\n\t<meta name=\"twitter:label2\" content=\"Dur\u00e9e de lecture estim\u00e9e\" \/>\n\t<meta name=\"twitter:data2\" content=\"6 minutes\" \/>\n<script type=\"application\/ld+json\" class=\"yoast-schema-graph\">{\"@context\":\"https:\/\/schema.org\",\"@graph\":[{\"@type\":\"WebPage\",\"@id\":\"https:\/\/flashmode.tn\/magazine\/quand-couper-les-gourmands-des-framboisiers\/\",\"url\":\"https:\/\/flashmode.tn\/magazine\/quand-couper-les-gourmands-des-framboisiers\/\",\"name\":\"Quand couper les gourmands des framboisiers ?\",\"isPartOf\":{\"@id\":\"https:\/\/flashmode.tn\/magazine\/#website\"},\"datePublished\":\"2022-01-23T02:19:50+00:00\",\"author\":{\"@id\":\"https:\/\/flashmode.tn\/magazine\/#\/schema\/person\/257d6780605b915a5e352977f0f6f41c\"},\"description\":\"Apr\u00e8s la derni\u00e8re fructification, vous pouvez couper les rameaux qui vont se dess\u00e9cher et mourir ; cela donnera un peu d'air aux pieds. Pour les\",\"breadcrumb\":{\"@id\":\"https:\/\/flashmode.tn\/magazine\/quand-couper-les-gourmands-des-framboisiers\/#breadcrumb\"},\"inLanguage\":\"fr-FR\",\"potentialAction\":[{\"@type\":\"ReadAction\",\"target\":[\"https:\/\/flashmode.tn\/magazine\/quand-couper-les-gourmands-des-framboisiers\/\"]}]},{\"@type\":\"BreadcrumbList\",\"@id\":\"https:\/\/flashmode.tn\/magazine\/quand-couper-les-gourmands-des-framboisiers\/#breadcrumb\",\"itemListElement\":[{\"@type\":\"ListItem\",\"position\":1,\"name\":\"Accueil\",\"item\":\"https:\/\/flashmode.tn\/magazine\/\"},{\"@type\":\"ListItem\",\"position\":2,\"name\":\"Quand couper les gourmands des framboisiers ?\"}]},{\"@type\":\"WebSite\",\"@id\":\"https:\/\/flashmode.tn\/magazine\/#website\",\"url\":\"https:\/\/flashmode.tn\/magazine\/\",\"name\":\"Flashmode Magazine | Magazine de mode et style de vie Num\u00e9ro un en Tunisie et au Maghreb\",\"description\":\"Magazine de mode et style de vie Num\u00e9ro un en Tunisie et au Maghreb, cr\u00e9\u00e9 pour les hommes et les femmes : conseils beaut\u00e9, mode femme, mode homme, recettes de cuisine, c\u00e9l\u00e9brit\u00e9s et people, mannequins et top modeles\",\"potentialAction\":[{\"@type\":\"SearchAction\",\"target\":{\"@type\":\"EntryPoint\",\"urlTemplate\":\"https:\/\/flashmode.tn\/magazine\/?s={search_term_string}\"},\"query-input\":{\"@type\":\"PropertyValueSpecification\",\"valueRequired\":true,\"valueName\":\"search_term_string\"}}],\"inLanguage\":\"fr-FR\"},{\"@type\":\"Person\",\"@id\":\"https:\/\/flashmode.tn\/magazine\/#\/schema\/person\/257d6780605b915a5e352977f0f6f41c\",\"name\":\"EventsEditors\",\"image\":{\"@type\":\"ImageObject\",\"inLanguage\":\"fr-FR\",\"@id\":\"https:\/\/flashmode.tn\/magazine\/#\/schema\/person\/image\/\",\"url\":\"https:\/\/secure.gravatar.com\/avatar\/e2daedf958f66be37c9a79abe56184d85cd1baa6bba0dd8017e3f7d01555232f?s=96&d=mm&r=g\",\"contentUrl\":\"https:\/\/secure.gravatar.com\/avatar\/e2daedf958f66be37c9a79abe56184d85cd1baa6bba0dd8017e3f7d01555232f?s=96&d=mm&r=g\",\"caption\":\"EventsEditors\"},\"url\":\"https:\/\/flashmode.tn\/magazine\/author\/eventseditors\/\"}]}<\/script>\n<!-- \/ Yoast SEO Premium plugin. -->","yoast_head_json":{"title":"Quand couper les gourmands des framboisiers ?","description":"Apr\u00e8s la derni\u00e8re fructification, vous pouvez couper les rameaux qui vont se dess\u00e9cher et mourir ; cela donnera un peu d'air aux pieds. Pour les","robots":{"index":"index","follow":"follow","max-snippet":"max-snippet:-1","max-image-preview":"max-image-preview:large","max-video-preview":"max-video-preview:-1"},"canonical":"https:\/\/flashmode.tn\/magazine\/quand-couper-les-gourmands-des-framboisiers\/","og_locale":"fr_FR","og_type":"article","og_title":"Quand couper les gourmands des framboisiers ? - Flashmode Magazine | Magazine de mode et style de vie Num\u00e9ro un en Tunisie et au Maghreb","og_description":"Apr\u00e8s la derni\u00e8re fructification, vous pouvez couper les rameaux qui vont se dess\u00e9cher et mourir ; cela donnera un peu d'air aux pieds. Pour les","og_url":"https:\/\/flashmode.tn\/magazine\/quand-couper-les-gourmands-des-framboisiers\/","og_site_name":"Flashmode Magazine | Magazine de mode et style de vie Num\u00e9ro un en Tunisie et au Maghreb","article_publisher":"https:\/\/www.facebook.com\/flashmode.magazine\/","article_published_time":"2022-01-23T02:19:50+00:00","author":"EventsEditors","twitter_card":"summary_large_image","twitter_creator":"@agenceflashmode","twitter_site":"@agenceflashmode","twitter_misc":{"\u00c9crit par":"EventsEditors","Dur\u00e9e de lecture estim\u00e9e":"6 minutes"},"schema":{"@context":"https:\/\/schema.org","@graph":[{"@type":"WebPage","@id":"https:\/\/flashmode.tn\/magazine\/quand-couper-les-gourmands-des-framboisiers\/","url":"https:\/\/flashmode.tn\/magazine\/quand-couper-les-gourmands-des-framboisiers\/","name":"Quand couper les gourmands des framboisiers ?","isPartOf":{"@id":"https:\/\/flashmode.tn\/magazine\/#website"},"datePublished":"2022-01-23T02:19:50+00:00","author":{"@id":"https:\/\/flashmode.tn\/magazine\/#\/schema\/person\/257d6780605b915a5e352977f0f6f41c"},"description":"Apr\u00e8s la derni\u00e8re fructification, vous pouvez couper les rameaux qui vont se dess\u00e9cher et mourir ; cela donnera un peu d'air aux pieds. Pour les","breadcrumb":{"@id":"https:\/\/flashmode.tn\/magazine\/quand-couper-les-gourmands-des-framboisiers\/#breadcrumb"},"inLanguage":"fr-FR","potentialAction":[{"@type":"ReadAction","target":["https:\/\/flashmode.tn\/magazine\/quand-couper-les-gourmands-des-framboisiers\/"]}]},{"@type":"BreadcrumbList","@id":"https:\/\/flashmode.tn\/magazine\/quand-couper-les-gourmands-des-framboisiers\/#breadcrumb","itemListElement":[{"@type":"ListItem","position":1,"name":"Accueil","item":"https:\/\/flashmode.tn\/magazine\/"},{"@type":"ListItem","position":2,"name":"Quand couper les gourmands des framboisiers ?"}]},{"@type":"WebSite","@id":"https:\/\/flashmode.tn\/magazine\/#website","url":"https:\/\/flashmode.tn\/magazine\/","name":"Flashmode Magazine | Magazine de mode et style de vie Num\u00e9ro un en Tunisie et au Maghreb","description":"Magazine de mode et style de vie Num\u00e9ro un en Tunisie et au Maghreb, cr\u00e9\u00e9 pour les hommes et les femmes : conseils beaut\u00e9, mode femme, mode homme, recettes de cuisine, c\u00e9l\u00e9brit\u00e9s et people, mannequins et top modeles","potentialAction":[{"@type":"SearchAction","target":{"@type":"EntryPoint","urlTemplate":"https:\/\/flashmode.tn\/magazine\/?s={search_term_string}"},"query-input":{"@type":"PropertyValueSpecification","valueRequired":true,"valueName":"search_term_string"}}],"inLanguage":"fr-FR"},{"@type":"Person","@id":"https:\/\/flashmode.tn\/magazine\/#\/schema\/person\/257d6780605b915a5e352977f0f6f41c","name":"EventsEditors","image":{"@type":"ImageObject","inLanguage":"fr-FR","@id":"https:\/\/flashmode.tn\/magazine\/#\/schema\/person\/image\/","url":"https:\/\/secure.gravatar.com\/avatar\/e2daedf958f66be37c9a79abe56184d85cd1baa6bba0dd8017e3f7d01555232f?s=96&d=mm&r=g","contentUrl":"https:\/\/secure.gravatar.com\/avatar\/e2daedf958f66be37c9a79abe56184d85cd1baa6bba0dd8017e3f7d01555232f?s=96&d=mm&r=g","caption":"EventsEditors"},"url":"https:\/\/flashmode.tn\/magazine\/author\/eventseditors\/"}]}},"jetpack_publicize_connections":[],"jetpack_featured_media_url":"","jetpack_shortlink":"https:\/\/wp.me\/p8BPGr-fQS","jetpack_sharing_enabled":true,"_links":{"self":[{"href":"https:\/\/flashmode.tn\/magazine\/wp-json\/wp\/v2\/posts\/60938","targetHints":{"allow":["GET"]}}],"collection":[{"href":"https:\/\/flashmode.tn\/magazine\/wp-json\/wp\/v2\/posts"}],"about":[{"href":"https:\/\/flashmode.tn\/magazine\/wp-json\/wp\/v2\/types\/post"}],"author":[{"embeddable":true,"href":"https:\/\/flashmode.tn\/magazine\/wp-json\/wp\/v2\/users\/6"}],"replies":[{"embeddable":true,"href":"https:\/\/flashmode.tn\/magazine\/wp-json\/wp\/v2\/comments?post=60938"}],"version-history":[{"count":0,"href":"https:\/\/flashmode.tn\/magazine\/wp-json\/wp\/v2\/posts\/60938\/revisions"}],"wp:attachment":[{"href":"https:\/\/flashmode.tn\/magazine\/wp-json\/wp\/v2\/media?parent=60938"}],"wp:term":[{"taxonomy":"category","embeddable":true,"href":"https:\/\/flashmode.tn\/magazine\/wp-json\/wp\/v2\/categories?post=60938"},{"taxonomy":"post_tag","embeddable":true,"href":"https:\/\/flashmode.tn\/magazine\/wp-json\/wp\/v2\/tags?post=60938"}],"curies":[{"name":"wp","href":"https:\/\/api.w.org\/{rel}","templated":true}]}}