{"id":61488,"date":"2021-12-13T02:57:29","date_gmt":"2021-12-13T01:57:29","guid":{"rendered":"https:\/\/flashmode.tn\/magazine\/?p=61488"},"modified":"2021-12-13T02:57:29","modified_gmt":"2021-12-13T01:57:29","slug":"pourquoi-planter-les-haricots-a-la-saint-didier","status":"publish","type":"post","link":"https:\/\/flashmode.tn\/magazine\/pourquoi-planter-les-haricots-a-la-saint-didier\/","title":{"rendered":"Pourquoi planter les haricots \u00e0 la Saint-didier ?"},"content":{"rendered":"<p>Semez des <b>haricots<\/b> le 23 mai, \u00e0 la <b>saint Didier<\/b><\/p>\n<p> Edith est formelle : si on s\u00e8me des <b>haricots \u00e0 la saint Didier<\/b>, le 23 mai, on en r\u00e9coltera le double ! Cela fait des ann\u00e9es qu&rsquo;elle le pratique et qu&rsquo;elle constate que c&rsquo;est sa meilleure r\u00e9colte de princesse de la saison.<\/p>\n<p>Ainsi, Quand tombe la St Didier ?<\/p>\n<p>L&rsquo;\u00e9ph\u00e9m\u00e9ride du samedi 23 mai 2020. Nous sommes le 144e jour de l&rsquo;ann\u00e9e, nous f\u00eatons <b>Saint<\/b>&#8211;<b>Didier<\/b>.<\/p>\n<p>ensuite Comment faire pousser les haricots plus vite ?<\/p>\n<p>Laissez tremper une nuit vos <b>haricots<\/b> dans de l&rsquo;eau l\u00e9g\u00e8rement ti\u00e8de dix heures durant avant de les semer, ils d\u00e9marreront <b>plus<\/b> rapidement.<\/p>\n<p>Quand arroser les haricots verts ?<\/p>\n<p>Fr\u00e9quence des arrosages : 1 fois par semaine si le sol est paill\u00e9 ; sinon, 2 ou 3 fois, entre le d\u00e9but de la floraison et la derni\u00e8re r\u00e9colte. Qualit\u00e9 de l&rsquo;eau : pas trop calcaire. Comment <b>arroser<\/b> : la plante peut \u00eatre mouill\u00e9e. Par aspersion, <b>il faut<\/b> un apport abondant pour que l&rsquo;eau arrive au sol.<\/p>\n<div id=\"ez-toc-container\" class=\"ez-toc-v2_0_81 counter-hierarchy ez-toc-counter ez-toc-grey ez-toc-container-direction\">\n<div class=\"ez-toc-title-container\">\n<p class=\"ez-toc-title\" style=\"cursor:inherit\">Contenus de la page<\/p>\n<span class=\"ez-toc-title-toggle\"><a href=\"#\" class=\"ez-toc-pull-right ez-toc-btn ez-toc-btn-xs ez-toc-btn-default ez-toc-toggle\" aria-label=\"Toggle Table of Content\"><span class=\"ez-toc-js-icon-con\"><span class=\"\"><span class=\"eztoc-hide\" style=\"display:none;\">Toggle<\/span><span class=\"ez-toc-icon-toggle-span\"><svg style=\"fill: #999;color:#999\" xmlns=\"http:\/\/www.w3.org\/2000\/svg\" class=\"list-377408\" width=\"20px\" height=\"20px\" viewBox=\"0 0 24 24\" fill=\"none\"><path d=\"M6 6H4v2h2V6zm14 0H8v2h12V6zM4 11h2v2H4v-2zm16 0H8v2h12v-2zM4 16h2v2H4v-2zm16 0H8v2h12v-2z\" fill=\"currentColor\"><\/path><\/svg><svg style=\"fill: #999;color:#999\" class=\"arrow-unsorted-368013\" xmlns=\"http:\/\/www.w3.org\/2000\/svg\" width=\"10px\" height=\"10px\" viewBox=\"0 0 24 24\" version=\"1.2\" baseProfile=\"tiny\"><path d=\"M18.2 9.3l-6.2-6.3-6.2 6.3c-.2.2-.3.4-.3.7s.1.5.3.7c.2.2.4.3.7.3h11c.3 0 .5-.1.7-.3.2-.2.3-.5.3-.7s-.1-.5-.3-.7zM5.8 14.7l6.2 6.3 6.2-6.3c.2-.2.3-.5.3-.7s-.1-.5-.3-.7c-.2-.2-.4-.3-.7-.3h-11c-.3 0-.5.1-.7.3-.2.2-.3.5-.3.7s.1.5.3.7z\"\/><\/svg><\/span><\/span><\/span><\/a><\/span><\/div>\n<nav><ul class='ez-toc-list ez-toc-list-level-1 ' ><li class='ez-toc-page-1 ez-toc-heading-level-2'><a class=\"ez-toc-link ez-toc-heading-1\" href=\"https:\/\/flashmode.tn\/magazine\/pourquoi-planter-les-haricots-a-la-saint-didier\/#Quelle_fete_le_23_mai_2021\" >Quelle f\u00eate le 23 mai 2021 ?<\/a><\/li><li class='ez-toc-page-1 ez-toc-heading-level-2'><a class=\"ez-toc-link ez-toc-heading-2\" href=\"https:\/\/flashmode.tn\/magazine\/pourquoi-planter-les-haricots-a-la-saint-didier\/#Quel_saint_le_23_mai_2021\" >Quel saint le 23 mai 2021 ?<\/a><\/li><li class='ez-toc-page-1 ez-toc-heading-level-2'><a class=\"ez-toc-link ez-toc-heading-3\" href=\"https:\/\/flashmode.tn\/magazine\/pourquoi-planter-les-haricots-a-la-saint-didier\/#Quelle_saint_le_23_mai\" >Quelle saint le 23 mai ?<\/a><\/li><li class='ez-toc-page-1 ez-toc-heading-level-2'><a class=\"ez-toc-link ez-toc-heading-4\" href=\"https:\/\/flashmode.tn\/magazine\/pourquoi-planter-les-haricots-a-la-saint-didier\/#Quel_est_le_meilleur_engrais_pour_les_haricots_verts\" >Quel est le meilleur engrais pour les haricots verts ?<\/a><\/li><li class='ez-toc-page-1 ez-toc-heading-level-2'><a class=\"ez-toc-link ez-toc-heading-5\" href=\"https:\/\/flashmode.tn\/magazine\/pourquoi-planter-les-haricots-a-la-saint-didier\/#Comment_faire_germer_des_haricots_avant_de_les_planter\" >Comment faire germer des haricots avant de les planter ?<\/a><\/li><li class='ez-toc-page-1 ez-toc-heading-level-2'><a class=\"ez-toc-link ez-toc-heading-6\" href=\"https:\/\/flashmode.tn\/magazine\/pourquoi-planter-les-haricots-a-la-saint-didier\/#Comment_bien_faire_pousser_des_haricots_verts\" >Comment bien faire pousser des haricots verts ?<\/a><\/li><li class='ez-toc-page-1 ez-toc-heading-level-2'><a class=\"ez-toc-link ez-toc-heading-7\" href=\"https:\/\/flashmode.tn\/magazine\/pourquoi-planter-les-haricots-a-la-saint-didier\/#Comment_avoir_de_beaux_haricots_verts\" >Comment avoir de beaux haricots verts ?<\/a><\/li><li class='ez-toc-page-1 ez-toc-heading-level-2'><a class=\"ez-toc-link ez-toc-heading-8\" href=\"https:\/\/flashmode.tn\/magazine\/pourquoi-planter-les-haricots-a-la-saint-didier\/#Pourquoi_arroser_les_haricots_verts\" >Pourquoi arroser les haricots verts ?<\/a><\/li><li class='ez-toc-page-1 ez-toc-heading-level-2'><a class=\"ez-toc-link ez-toc-heading-9\" href=\"https:\/\/flashmode.tn\/magazine\/pourquoi-planter-les-haricots-a-la-saint-didier\/#Est-ce_quil_faut_arroser_les_haricots\" >Est-ce qu&rsquo;il faut arroser les haricots ?<\/a><\/li><li class='ez-toc-page-1 ez-toc-heading-level-2'><a class=\"ez-toc-link ez-toc-heading-10\" href=\"https:\/\/flashmode.tn\/magazine\/pourquoi-planter-les-haricots-a-la-saint-didier\/#Quelle_fete_le_23_juin\" >Quelle f\u00eate le 23 juin ?<\/a><\/li><li class='ez-toc-page-1 ez-toc-heading-level-2'><a class=\"ez-toc-link ez-toc-heading-11\" href=\"https:\/\/flashmode.tn\/magazine\/pourquoi-planter-les-haricots-a-la-saint-didier\/#Quelle_fetes_aujourdhui\" >Quelle f\u00eates aujourd&rsquo;hui ?<\/a><\/li><li class='ez-toc-page-1 ez-toc-heading-level-2'><a class=\"ez-toc-link ez-toc-heading-12\" href=\"https:\/\/flashmode.tn\/magazine\/pourquoi-planter-les-haricots-a-la-saint-didier\/#Quelle_fete_le_22_mai\" >Quelle f\u00eate le 22 mai ?<\/a><\/li><li class='ez-toc-page-1 ez-toc-heading-level-2'><a class=\"ez-toc-link ez-toc-heading-13\" href=\"https:\/\/flashmode.tn\/magazine\/pourquoi-planter-les-haricots-a-la-saint-didier\/#Quels_sont_les_jours_feries_en_2021\" >Quels sont les jours f\u00e9ri\u00e9s en 2021 ?<\/a><\/li><li class='ez-toc-page-1 ez-toc-heading-level-2'><a class=\"ez-toc-link ez-toc-heading-14\" href=\"https:\/\/flashmode.tn\/magazine\/pourquoi-planter-les-haricots-a-la-saint-didier\/#Quel_est_le_dicton_de_la_St_Didier\" >Quel est le dicton de la St Didier ?<\/a><\/li><li class='ez-toc-page-1 ez-toc-heading-level-2'><a class=\"ez-toc-link ez-toc-heading-15\" href=\"https:\/\/flashmode.tn\/magazine\/pourquoi-planter-les-haricots-a-la-saint-didier\/#Quelle_fete_le_25_mai\" >Quelle f\u00eate le 25 mai ?<\/a><\/li><li class='ez-toc-page-1 ez-toc-heading-level-2'><a class=\"ez-toc-link ez-toc-heading-16\" href=\"https:\/\/flashmode.tn\/magazine\/pourquoi-planter-les-haricots-a-la-saint-didier\/#Quelle_est_la_fete_du_22_mai\" >Quelle est la f\u00eate du 22 mai ?<\/a><\/li><li class='ez-toc-page-1 ez-toc-heading-level-2'><a class=\"ez-toc-link ez-toc-heading-17\" href=\"https:\/\/flashmode.tn\/magazine\/pourquoi-planter-les-haricots-a-la-saint-didier\/#Quel_engrais_pour_les_haricots_verts\" >Quel engrais pour les haricots verts ?<\/a><\/li><li class='ez-toc-page-1 ez-toc-heading-level-2'><a class=\"ez-toc-link ez-toc-heading-18\" href=\"https:\/\/flashmode.tn\/magazine\/pourquoi-planter-les-haricots-a-la-saint-didier\/#Pourquoi_les_haricots_verts_ne_poussent_pas\" >Pourquoi les haricots verts ne poussent pas ?<\/a><\/li><li class='ez-toc-page-1 ez-toc-heading-level-2'><a class=\"ez-toc-link ez-toc-heading-19\" href=\"https:\/\/flashmode.tn\/magazine\/pourquoi-planter-les-haricots-a-la-saint-didier\/#Quel_traitement_pour_les_haricots_verts\" >Quel traitement pour les haricots verts ?<\/a><\/li><\/ul><\/nav><\/div>\n<h2><span class=\"ez-toc-section\" id=\"Quelle_fete_le_23_mai_2021\"><\/span>Quelle f\u00eate le 23 mai 2021 ?<span class=\"ez-toc-section-end\"><\/span><\/h2>\n<p>Il compte 5 jours f\u00e9ri\u00e9s : le 01 <b>Mai 2021<\/b> : <b>f\u00eate<\/b> du travail, le 08 <b>Mai 2021<\/b> : victoire des Alli\u00e9s, le 13 <b>Mai 2021<\/b> : jour de l&rsquo;Ascension, le <b>23 Mai 2021<\/b> : dimanche de Pentec\u00f4te, le 24 <b>Mai 2021<\/b> : lundi de Pentec\u00f4te.<\/p>\n<h2><span class=\"ez-toc-section\" id=\"Quel_saint_le_23_mai_2021\"><\/span><strong>Quel saint le 23 mai 2021 ?<\/strong><span class=\"ez-toc-section-end\"><\/span><\/h2>\n<p>Dicton du <b>23<\/b>\/05\/<b>2021<\/b><\/p>\n<p> [<b>Saint<\/b> Didier] <b>Saint<\/b>-Didier ramasse tout dans son devantier.<\/p>\n<h2><span class=\"ez-toc-section\" id=\"Quelle_saint_le_23_mai\"><\/span><strong>Quelle saint le 23 mai ?<\/strong><span class=\"ez-toc-section-end\"><\/span><\/h2>\n<p><b>Saint<\/b> Didier et date de f\u00eate<\/p>\n<p> On dit que c&rsquo;est la reine Brunehilde qui les avait envoy\u00e9s pour tuer <b>saint<\/b> Didier de Vienne \u00e0 coups de pierre. On l&rsquo;honore le <b>23 mai<\/b>.<\/p>\n<h2><span class=\"ez-toc-section\" id=\"Quel_est_le_meilleur_engrais_pour_les_haricots_verts\"><\/span><strong>Quel est le meilleur engrais pour les haricots verts ?<\/strong><span class=\"ez-toc-section-end\"><\/span><\/h2>\n<p>Types d&rsquo;<b>engrais<\/b> naturels recommand\u00e9s <b>pour les haricots<\/b><\/p>\n<p> Compost, tourteau de ricin.<\/p>\n<h2><span class=\"ez-toc-section\" id=\"Comment_faire_germer_des_haricots_avant_de_les_planter\"><\/span><strong>Comment faire germer des haricots avant de les planter ?<\/strong><span class=\"ez-toc-section-end\"><\/span><\/h2>\n<p>Environ 24 heures <b>avant<\/b> le semis, faites tremper les graines \u00e0 <b>semer<\/b> dans l&rsquo;eau. La germination sera d&rsquo;autant plus rapide. Semez une graine tous les 5 cm ou des groupes de 5 \u00e0 7 graines tous les 35 cm.<\/p>\n<h2><span class=\"ez-toc-section\" id=\"Comment_bien_faire_pousser_des_haricots_verts\"><\/span><strong>Comment bien faire pousser des haricots verts ?<\/strong><span class=\"ez-toc-section-end\"><\/span><\/h2>\n<p>Pour se d\u00e9velopper, le <b>haricot vert<\/b> pr\u00e9f\u00e8re les sols neutres qui commencent \u00e0 se r\u00e9chauffer vers la mi-avril jusqu&rsquo;au mois de juillet : Tracez un sillon et espacez les graines de 10 \u00e0 15 cm. Tassez la terre apr\u00e8s les avoir enterr\u00e9s dans un sol ameubli et fertilis\u00e9 avec un engrais min\u00e9ral peu azot\u00e9.<\/p>\n<h2><span class=\"ez-toc-section\" id=\"Comment_avoir_de_beaux_haricots_verts\"><\/span><strong>Comment avoir de beaux haricots verts ?<\/strong><span class=\"ez-toc-section-end\"><\/span><\/h2>\n<p>Les <b>haricots<\/b> ont besoin de chaleur pour bien pousser, id\u00e9alement avec une temp\u00e9rature de l&rsquo;air entre 20 et 27\u00b0C, et une temp\u00e9rature du sol d&rsquo;au moins 15\u00b0C. 3. Semez vos graines de <b>haricots<\/b> en lignes et \u00e0 2 ou 3 cm de profondeur, avec 8 \u00e0 10 cm entre chaque graine.<\/p>\n<h2><span class=\"ez-toc-section\" id=\"Pourquoi_arroser_les_haricots_verts\"><\/span><strong>Pourquoi arroser les haricots verts ?<\/strong><span class=\"ez-toc-section-end\"><\/span><\/h2>\n<p>Pendant la floraison il s&rsquo;agit de bien <b>arroser les haricots verts<\/b> au niveau du pied et non du feuillage. Les arrosages trop abondants sont \u00e0 proscrire car ces l\u00e9gumes redoutent l&rsquo;humidit\u00e9. On opte donc pour un <b>arrosage<\/b> limit\u00e9 quand le sol est sec.<\/p>\n<h2><span class=\"ez-toc-section\" id=\"Est-ce_quil_faut_arroser_les_haricots\"><\/span><strong>Est-ce qu&rsquo;il faut arroser les haricots ?<\/strong><span class=\"ez-toc-section-end\"><\/span><\/h2>\n<p>Les <b>haricots<\/b> sont sensibles aux maladies cryptogamiques, c&rsquo;<b>est<\/b> pour cela <b>qu<\/b>&lsquo;<b>il faut<\/b> toujours les <b>arroser<\/b> au pied et les installer en plein soleil.<\/p>\n<h2><span class=\"ez-toc-section\" id=\"Quelle_fete_le_23_juin\"><\/span><strong>Quelle f\u00eate le 23 juin ?<\/strong><span class=\"ez-toc-section-end\"><\/span><\/h2>\n<p>le <b>23 juin<\/b>, nous f\u00eatons Sainte Audrey.<\/p>\n<h2><span class=\"ez-toc-section\" id=\"Quelle_fetes_aujourdhui\"><\/span><strong>Quelle f\u00eates aujourd&rsquo;hui ?<\/strong><span class=\"ez-toc-section-end\"><\/span><\/h2>\n<p><b>Aujourd<\/b>&lsquo;<b>hui<\/b>, nous f\u00eatons \u00e9galement les Saint Acepsimas, Saint Audry, Saint Cerbon\u00e9i, Sainte \u00c9lampie, Sainte Eulampie, Saint Fran\u00e7ois de Borgia, Saint G\u00e9r\u00e9on, Saint Ghislain, Saint Nonce, Sainte Tanche, Sainte Telchide.<\/p>\n<h2><span class=\"ez-toc-section\" id=\"Quelle_fete_le_22_mai\"><\/span><strong>Quelle f\u00eate le 22 mai ?<\/strong><span class=\"ez-toc-section-end\"><\/span><\/h2>\n<p>Le <b>22 mai<\/b> nous f\u00eatons les Emile, Emilie en l&rsquo;honneur de Saint Emile, un martyr mort \u00e0 Carthage vers 250. Le pr\u00e9nom Emile vient du mot \u00ab\u00a0aemulus\u00a0\u00bb que l&rsquo;on traduit en fran\u00e7ais par \u00ab\u00a0\u00e9mule\u00a0\u00bb et qui signifie \u00ab\u00a0qui cherche \u00e0 \u00e9galer,\u00a0\u00bb (\u00e9tymologie latine).<\/p>\n<h2><span class=\"ez-toc-section\" id=\"Quels_sont_les_jours_feries_en_2021\"><\/span><strong>Quels sont les jours f\u00e9ri\u00e9s en 2021 ?<\/strong><span class=\"ez-toc-section-end\"><\/span><\/h2>\n<p><b>  Ponts et  <b>   jours f\u00e9ri\u00e9s  <\/b>  en  <b>   France  <\/b>  en  <b>   2021  <\/b> <\/b> <\/p>\n<ul>\n<li>   Vendredi 1er janvier : Jour de l&rsquo;an.  <\/li>\n<li>   Lundi 5 avril : Lundi de P\u00e2ques.  <\/li>\n<li>   Samedi 1er mai : F\u00eate du travail.  <\/li>\n<li>   Samedi 8 mai : Armistice 1945.  <\/li>\n<li>   Jeudi 13 mai : F\u00eate de l&rsquo;Ascension.  <\/li>\n<li>   Lundi 24 mai : Lundi de Pentec\u00f4te.  <\/li>\n<\/ul>\n<h2><span class=\"ez-toc-section\" id=\"Quel_est_le_dicton_de_la_St_Didier\"><\/span><strong>Quel est le dicton de la St Didier ?<\/strong><span class=\"ez-toc-section-end\"><\/span><\/h2>\n<p><b>DICTON<\/b>   \u00ab\u00a0<b>Qui<\/b> s\u00e8me les haricots \u00e0 la <b>saint Didier<\/b>, les r\u00e9colte par poign\u00e9es .\u00a0\u00bb<\/p>\n<h2><span class=\"ez-toc-section\" id=\"Quelle_fete_le_25_mai\"><\/span><strong>Quelle f\u00eate le 25 mai ?<\/strong><span class=\"ez-toc-section-end\"><\/span><\/h2>\n<p><b>Sainte<\/b> Sophie et date de f\u00eate<\/p>\n<p> Le <b>25 mai<\/b>, on honore <b>sainte<\/b> Madeleine-Sophie Barat, la fondatrice des S?<\/p>\n<h2><span class=\"ez-toc-section\" id=\"Quelle_est_la_fete_du_22_mai\"><\/span><strong>Quelle est la f\u00eate du 22 mai ?<\/strong><span class=\"ez-toc-section-end\"><\/span><\/h2>\n<p>Le <b>22 mai<\/b> nous f\u00eatons les Emile, Emilie en l&rsquo;honneur de Saint Emile, un martyr mort \u00e0 Carthage vers 250. Le pr\u00e9nom Emile vient du mot \u00ab\u00a0aemulus\u00a0\u00bb que l&rsquo;on traduit en fran\u00e7ais par \u00ab\u00a0\u00e9mule\u00a0\u00bb et qui signifie \u00ab\u00a0qui cherche \u00e0 \u00e9galer,\u00a0\u00bb (\u00e9tymologie latine).<\/p>\n<h2><span class=\"ez-toc-section\" id=\"Quel_engrais_pour_les_haricots_verts\"><\/span><strong>Quel engrais pour les haricots verts ?<\/strong><span class=\"ez-toc-section-end\"><\/span><\/h2>\n<p>Un <b>engrais<\/b> sp\u00e9cifique <b>pour<\/b> la culture de <b>haricot<\/b> demeure alors, le NPK (S) + Mg 6.12.26 + 5 qu&rsquo;il faut \u00e9pandre avant le semis \u00e0 raison de 20g au m\u00e8tre carr\u00e9; quatre semaine apr\u00e8s le semis appliquer le NPK (S) + Mg 12.14.19 + 5.<\/p>\n<h2><span class=\"ez-toc-section\" id=\"Pourquoi_les_haricots_verts_ne_poussent_pas\"><\/span><strong>Pourquoi les haricots verts ne poussent pas ?<\/strong><span class=\"ez-toc-section-end\"><\/span><\/h2>\n<p>Le plus souvent, c&rsquo;est la temp\u00e9rature du sol qui est en cause : il est trop froid. Rappelez-vous qu&rsquo;il doit s&rsquo;\u00e9lever \u00e0 15 \u00b0C pour assurer une bonne lev\u00e9e, en dessous, aucun d\u00e9veloppement n&rsquo;est enclench\u00e9.<\/p>\n<h2><span class=\"ez-toc-section\" id=\"Quel_traitement_pour_les_haricots_verts\"><\/span><strong>Quel traitement pour les haricots verts ?<\/strong><span class=\"ez-toc-section-end\"><\/span><\/h2>\n<p>Le bicarbonate de soude peut \u00eatre utilis\u00e9 en curatif d\u00e8s l&rsquo;apparition <b>des<\/b> premiers sympt\u00f4mes (dose : 3 \u00e0 10 g\/L).<\/p>\n<h2><strong><\/strong><\/h2>\n<h2><strong><\/strong><\/h2>\n<hr \/>\n<p><em>Editeurs: 26 &#8211; R\u00e9f\u00e9rences: 25 articles<\/em><\/p>\n<p><em>N\u2019oubliez pas de partager l\u2019article !<\/em><\/p>\n","protected":false},"excerpt":{"rendered":"<p>Semez des haricots le 23 mai, \u00e0 la saint Didier Edith est formelle : si on s\u00e8me des haricots \u00e0 la saint Didier, le 23 mai, on en r\u00e9coltera le double ! Cela fait des ann\u00e9es qu&rsquo;elle le pratique et qu&rsquo;elle constate que c&rsquo;est sa meilleure r\u00e9colte de princesse de la saison. Ainsi, Quand tombe [&hellip;]<\/p>\n","protected":false},"author":6,"featured_media":0,"comment_status":"open","ping_status":"open","sticky":false,"template":"","format":"standard","meta":{"tdm_status":"","tdm_grid_status":"","_jetpack_memberships_contains_paid_content":false,"footnotes":"","jetpack_publicize_message":"","jetpack_publicize_feature_enabled":true,"jetpack_social_post_already_shared":true,"jetpack_social_options":{"image_generator_settings":{"template":"highway","default_image_id":0,"font":"","enabled":false},"version":2}},"categories":[3457],"tags":[],"class_list":["post-61488","post","type-post","status-publish","format-standard","hentry","category-maison"],"yoast_head":"<!-- This site is optimized with the Yoast SEO Premium plugin v25.0 (Yoast SEO v25.0) - https:\/\/yoast.com\/wordpress\/plugins\/seo\/ -->\n<title>Pourquoi planter les haricots \u00e0 la Saint-didier ?<\/title>\n<meta name=\"description\" content=\"Semez des haricots le 23 mai, \u00e0 la saint Didier Edith est formelle : si on s\u00e8me des haricots \u00e0 la saint Didier, le 23 mai, on en r\u00e9coltera le double !\" \/>\n<meta name=\"robots\" content=\"index, follow, max-snippet:-1, max-image-preview:large, max-video-preview:-1\" \/>\n<link rel=\"canonical\" href=\"https:\/\/flashmode.tn\/magazine\/pourquoi-planter-les-haricots-a-la-saint-didier\/\" \/>\n<meta property=\"og:locale\" content=\"fr_FR\" \/>\n<meta property=\"og:type\" content=\"article\" \/>\n<meta property=\"og:title\" content=\"Pourquoi planter les haricots \u00e0 la Saint-didier ? - Flashmode Magazine | Magazine de mode et style de vie Num\u00e9ro un en Tunisie et au Maghreb\" \/>\n<meta property=\"og:description\" content=\"Semez des haricots le 23 mai, \u00e0 la saint Didier Edith est formelle : si on s\u00e8me des haricots \u00e0 la saint Didier, le 23 mai, on en r\u00e9coltera le double !\" \/>\n<meta property=\"og:url\" content=\"https:\/\/flashmode.tn\/magazine\/pourquoi-planter-les-haricots-a-la-saint-didier\/\" \/>\n<meta property=\"og:site_name\" content=\"Flashmode Magazine | Magazine de mode et style de vie Num\u00e9ro un en Tunisie et au Maghreb\" \/>\n<meta property=\"article:publisher\" content=\"https:\/\/www.facebook.com\/flashmode.magazine\/\" \/>\n<meta property=\"article:published_time\" content=\"2021-12-13T01:57:29+00:00\" \/>\n<meta name=\"author\" content=\"EventsEditors\" \/>\n<meta name=\"twitter:card\" content=\"summary_large_image\" \/>\n<meta name=\"twitter:creator\" content=\"@agenceflashmode\" \/>\n<meta name=\"twitter:site\" content=\"@agenceflashmode\" \/>\n<meta name=\"twitter:label1\" content=\"\u00c9crit par\" \/>\n\t<meta name=\"twitter:data1\" content=\"EventsEditors\" \/>\n\t<meta name=\"twitter:label2\" content=\"Dur\u00e9e de lecture estim\u00e9e\" \/>\n\t<meta name=\"twitter:data2\" content=\"4 minutes\" \/>\n<script type=\"application\/ld+json\" class=\"yoast-schema-graph\">{\"@context\":\"https:\/\/schema.org\",\"@graph\":[{\"@type\":\"WebPage\",\"@id\":\"https:\/\/flashmode.tn\/magazine\/pourquoi-planter-les-haricots-a-la-saint-didier\/\",\"url\":\"https:\/\/flashmode.tn\/magazine\/pourquoi-planter-les-haricots-a-la-saint-didier\/\",\"name\":\"Pourquoi planter les haricots \u00e0 la Saint-didier ?\",\"isPartOf\":{\"@id\":\"https:\/\/flashmode.tn\/magazine\/#website\"},\"datePublished\":\"2021-12-13T01:57:29+00:00\",\"author\":{\"@id\":\"https:\/\/flashmode.tn\/magazine\/#\/schema\/person\/257d6780605b915a5e352977f0f6f41c\"},\"description\":\"Semez des haricots le 23 mai, \u00e0 la saint Didier Edith est formelle : si on s\u00e8me des haricots \u00e0 la saint Didier, le 23 mai, on en r\u00e9coltera le double !\",\"breadcrumb\":{\"@id\":\"https:\/\/flashmode.tn\/magazine\/pourquoi-planter-les-haricots-a-la-saint-didier\/#breadcrumb\"},\"inLanguage\":\"fr-FR\",\"potentialAction\":[{\"@type\":\"ReadAction\",\"target\":[\"https:\/\/flashmode.tn\/magazine\/pourquoi-planter-les-haricots-a-la-saint-didier\/\"]}]},{\"@type\":\"BreadcrumbList\",\"@id\":\"https:\/\/flashmode.tn\/magazine\/pourquoi-planter-les-haricots-a-la-saint-didier\/#breadcrumb\",\"itemListElement\":[{\"@type\":\"ListItem\",\"position\":1,\"name\":\"Accueil\",\"item\":\"https:\/\/flashmode.tn\/magazine\/\"},{\"@type\":\"ListItem\",\"position\":2,\"name\":\"Pourquoi planter les haricots \u00e0 la Saint-didier ?\"}]},{\"@type\":\"WebSite\",\"@id\":\"https:\/\/flashmode.tn\/magazine\/#website\",\"url\":\"https:\/\/flashmode.tn\/magazine\/\",\"name\":\"Flashmode Magazine | Magazine de mode et style de vie Num\u00e9ro un en Tunisie et au Maghreb\",\"description\":\"Magazine de mode et style de vie Num\u00e9ro un en Tunisie et au Maghreb, cr\u00e9\u00e9 pour les hommes et les femmes : conseils beaut\u00e9, mode femme, mode homme, recettes de cuisine, c\u00e9l\u00e9brit\u00e9s et people, mannequins et top modeles\",\"potentialAction\":[{\"@type\":\"SearchAction\",\"target\":{\"@type\":\"EntryPoint\",\"urlTemplate\":\"https:\/\/flashmode.tn\/magazine\/?s={search_term_string}\"},\"query-input\":{\"@type\":\"PropertyValueSpecification\",\"valueRequired\":true,\"valueName\":\"search_term_string\"}}],\"inLanguage\":\"fr-FR\"},{\"@type\":\"Person\",\"@id\":\"https:\/\/flashmode.tn\/magazine\/#\/schema\/person\/257d6780605b915a5e352977f0f6f41c\",\"name\":\"EventsEditors\",\"image\":{\"@type\":\"ImageObject\",\"inLanguage\":\"fr-FR\",\"@id\":\"https:\/\/flashmode.tn\/magazine\/#\/schema\/person\/image\/\",\"url\":\"https:\/\/secure.gravatar.com\/avatar\/e2daedf958f66be37c9a79abe56184d85cd1baa6bba0dd8017e3f7d01555232f?s=96&d=mm&r=g\",\"contentUrl\":\"https:\/\/secure.gravatar.com\/avatar\/e2daedf958f66be37c9a79abe56184d85cd1baa6bba0dd8017e3f7d01555232f?s=96&d=mm&r=g\",\"caption\":\"EventsEditors\"},\"url\":\"https:\/\/flashmode.tn\/magazine\/author\/eventseditors\/\"}]}<\/script>\n<!-- \/ Yoast SEO Premium plugin. -->","yoast_head_json":{"title":"Pourquoi planter les haricots \u00e0 la Saint-didier ?","description":"Semez des haricots le 23 mai, \u00e0 la saint Didier Edith est formelle : si on s\u00e8me des haricots \u00e0 la saint Didier, le 23 mai, on en r\u00e9coltera le double !","robots":{"index":"index","follow":"follow","max-snippet":"max-snippet:-1","max-image-preview":"max-image-preview:large","max-video-preview":"max-video-preview:-1"},"canonical":"https:\/\/flashmode.tn\/magazine\/pourquoi-planter-les-haricots-a-la-saint-didier\/","og_locale":"fr_FR","og_type":"article","og_title":"Pourquoi planter les haricots \u00e0 la Saint-didier ? - Flashmode Magazine | Magazine de mode et style de vie Num\u00e9ro un en Tunisie et au Maghreb","og_description":"Semez des haricots le 23 mai, \u00e0 la saint Didier Edith est formelle : si on s\u00e8me des haricots \u00e0 la saint Didier, le 23 mai, on en r\u00e9coltera le double !","og_url":"https:\/\/flashmode.tn\/magazine\/pourquoi-planter-les-haricots-a-la-saint-didier\/","og_site_name":"Flashmode Magazine | Magazine de mode et style de vie Num\u00e9ro un en Tunisie et au Maghreb","article_publisher":"https:\/\/www.facebook.com\/flashmode.magazine\/","article_published_time":"2021-12-13T01:57:29+00:00","author":"EventsEditors","twitter_card":"summary_large_image","twitter_creator":"@agenceflashmode","twitter_site":"@agenceflashmode","twitter_misc":{"\u00c9crit par":"EventsEditors","Dur\u00e9e de lecture estim\u00e9e":"4 minutes"},"schema":{"@context":"https:\/\/schema.org","@graph":[{"@type":"WebPage","@id":"https:\/\/flashmode.tn\/magazine\/pourquoi-planter-les-haricots-a-la-saint-didier\/","url":"https:\/\/flashmode.tn\/magazine\/pourquoi-planter-les-haricots-a-la-saint-didier\/","name":"Pourquoi planter les haricots \u00e0 la Saint-didier ?","isPartOf":{"@id":"https:\/\/flashmode.tn\/magazine\/#website"},"datePublished":"2021-12-13T01:57:29+00:00","author":{"@id":"https:\/\/flashmode.tn\/magazine\/#\/schema\/person\/257d6780605b915a5e352977f0f6f41c"},"description":"Semez des haricots le 23 mai, \u00e0 la saint Didier Edith est formelle : si on s\u00e8me des haricots \u00e0 la saint Didier, le 23 mai, on en r\u00e9coltera le double !","breadcrumb":{"@id":"https:\/\/flashmode.tn\/magazine\/pourquoi-planter-les-haricots-a-la-saint-didier\/#breadcrumb"},"inLanguage":"fr-FR","potentialAction":[{"@type":"ReadAction","target":["https:\/\/flashmode.tn\/magazine\/pourquoi-planter-les-haricots-a-la-saint-didier\/"]}]},{"@type":"BreadcrumbList","@id":"https:\/\/flashmode.tn\/magazine\/pourquoi-planter-les-haricots-a-la-saint-didier\/#breadcrumb","itemListElement":[{"@type":"ListItem","position":1,"name":"Accueil","item":"https:\/\/flashmode.tn\/magazine\/"},{"@type":"ListItem","position":2,"name":"Pourquoi planter les haricots \u00e0 la Saint-didier ?"}]},{"@type":"WebSite","@id":"https:\/\/flashmode.tn\/magazine\/#website","url":"https:\/\/flashmode.tn\/magazine\/","name":"Flashmode Magazine | Magazine de mode et style de vie Num\u00e9ro un en Tunisie et au Maghreb","description":"Magazine de mode et style de vie Num\u00e9ro un en Tunisie et au Maghreb, cr\u00e9\u00e9 pour les hommes et les femmes : conseils beaut\u00e9, mode femme, mode homme, recettes de cuisine, c\u00e9l\u00e9brit\u00e9s et people, mannequins et top modeles","potentialAction":[{"@type":"SearchAction","target":{"@type":"EntryPoint","urlTemplate":"https:\/\/flashmode.tn\/magazine\/?s={search_term_string}"},"query-input":{"@type":"PropertyValueSpecification","valueRequired":true,"valueName":"search_term_string"}}],"inLanguage":"fr-FR"},{"@type":"Person","@id":"https:\/\/flashmode.tn\/magazine\/#\/schema\/person\/257d6780605b915a5e352977f0f6f41c","name":"EventsEditors","image":{"@type":"ImageObject","inLanguage":"fr-FR","@id":"https:\/\/flashmode.tn\/magazine\/#\/schema\/person\/image\/","url":"https:\/\/secure.gravatar.com\/avatar\/e2daedf958f66be37c9a79abe56184d85cd1baa6bba0dd8017e3f7d01555232f?s=96&d=mm&r=g","contentUrl":"https:\/\/secure.gravatar.com\/avatar\/e2daedf958f66be37c9a79abe56184d85cd1baa6bba0dd8017e3f7d01555232f?s=96&d=mm&r=g","caption":"EventsEditors"},"url":"https:\/\/flashmode.tn\/magazine\/author\/eventseditors\/"}]}},"jetpack_publicize_connections":[],"jetpack_featured_media_url":"","jetpack_shortlink":"https:\/\/wp.me\/p8BPGr-fZK","jetpack_sharing_enabled":true,"_links":{"self":[{"href":"https:\/\/flashmode.tn\/magazine\/wp-json\/wp\/v2\/posts\/61488","targetHints":{"allow":["GET"]}}],"collection":[{"href":"https:\/\/flashmode.tn\/magazine\/wp-json\/wp\/v2\/posts"}],"about":[{"href":"https:\/\/flashmode.tn\/magazine\/wp-json\/wp\/v2\/types\/post"}],"author":[{"embeddable":true,"href":"https:\/\/flashmode.tn\/magazine\/wp-json\/wp\/v2\/users\/6"}],"replies":[{"embeddable":true,"href":"https:\/\/flashmode.tn\/magazine\/wp-json\/wp\/v2\/comments?post=61488"}],"version-history":[{"count":0,"href":"https:\/\/flashmode.tn\/magazine\/wp-json\/wp\/v2\/posts\/61488\/revisions"}],"wp:attachment":[{"href":"https:\/\/flashmode.tn\/magazine\/wp-json\/wp\/v2\/media?parent=61488"}],"wp:term":[{"taxonomy":"category","embeddable":true,"href":"https:\/\/flashmode.tn\/magazine\/wp-json\/wp\/v2\/categories?post=61488"},{"taxonomy":"post_tag","embeddable":true,"href":"https:\/\/flashmode.tn\/magazine\/wp-json\/wp\/v2\/tags?post=61488"}],"curies":[{"name":"wp","href":"https:\/\/api.w.org\/{rel}","templated":true}]}}