{"id":61823,"date":"2022-01-15T04:01:20","date_gmt":"2022-01-15T03:01:20","guid":{"rendered":"https:\/\/flashmode.tn\/magazine\/?p=61823"},"modified":"2022-01-15T04:01:20","modified_gmt":"2022-01-15T03:01:20","slug":"quelle-exposition-pour-la-menthe","status":"publish","type":"post","link":"https:\/\/flashmode.tn\/magazine\/quelle-exposition-pour-la-menthe\/","title":{"rendered":"Quelle exposition pour la menthe ?"},"content":{"rendered":"<p>L&rsquo;<b>exposition<\/b> id\u00e9ale est la mi-ombre, bien que la <b>menthe<\/b> puisse pousser au soleil \u00e0 condition que celui-ci ne soit pas br\u00fblant et que la <b>menthe<\/b> soit suffisamment arros\u00e9e. Le soleil direct va freiner sa croissance et la <b>menthe<\/b> aura besoin <b>de<\/b> plus d&rsquo;humidit\u00e9.<\/p>\n<p>Ainsi, Comment faire pousser une tige de menthe ?<\/p>\n<p><b>  R\u00e9sum\u00e9 de la technique de bouturage de la  <b>   menthe  <\/b> <\/b> <\/p>\n<ol>\n<li>   Pr\u00e9levez une   <b>    tige   <\/b>   .  <\/li>\n<li>   Enlevez les feuilles du bas et en laisser 3 ou 4 en haut de la   <b>    tige   <\/b>   .  <\/li>\n<li>   Laissez la   <b>    tige   <\/b>   dans un verre d&rsquo;eau rempli au 2\/3.  <\/li>\n<li>   Replentez votre   <b>    menthe   <\/b>   lorsque la   <b>    tige   <\/b>   a des racines importantes.  <\/li>\n<\/ol>\n<p>ensuite O\u00f9 planter la menthe soleil ou ombre ?<\/p>\n<p>Choisir un emplacement abrit\u00e9 et ensoleill\u00e9 mais pas expos\u00e9 au <b>soleil<\/b> br\u00fblant de la mi-journ\u00e9e. La <b>menthe<\/b> aime les sols frais : ne pas h\u00e9siter \u00e0 lui m\u00e9nager un place pr\u00e8s d&rsquo;un ruisseau ou d&rsquo;un bassin. Faire un trou un peu plus grand que la taille de la motte, <b>planter<\/b>. Tasser l\u00e9g\u00e8rement la terre autour du pied.<\/p>\n<p>Quel l\u00e9gume associer avec la menthe ?<\/p>\n<p>La <b>menthe<\/b> est tr\u00e8s utilis\u00e9e <b>dans<\/b> la cuisine indienne <b>et<\/b> d&rsquo;Afrique du Nord. Elle se marie notamment tr\u00e8s bien <b>avec<\/b> les fruits rouges, les courgettes <b>et<\/b> autres <b>l\u00e9gumes<\/b>, les sauces, le b\u0153uf\u2026<\/p>\n<div id=\"ez-toc-container\" class=\"ez-toc-v2_0_81 counter-hierarchy ez-toc-counter ez-toc-grey ez-toc-container-direction\">\n<div class=\"ez-toc-title-container\">\n<p class=\"ez-toc-title\" style=\"cursor:inherit\">Contenus de la page<\/p>\n<span class=\"ez-toc-title-toggle\"><a href=\"#\" class=\"ez-toc-pull-right ez-toc-btn ez-toc-btn-xs ez-toc-btn-default ez-toc-toggle\" aria-label=\"Toggle Table of Content\"><span class=\"ez-toc-js-icon-con\"><span class=\"\"><span class=\"eztoc-hide\" style=\"display:none;\">Toggle<\/span><span class=\"ez-toc-icon-toggle-span\"><svg style=\"fill: #999;color:#999\" xmlns=\"http:\/\/www.w3.org\/2000\/svg\" class=\"list-377408\" width=\"20px\" height=\"20px\" viewBox=\"0 0 24 24\" fill=\"none\"><path d=\"M6 6H4v2h2V6zm14 0H8v2h12V6zM4 11h2v2H4v-2zm16 0H8v2h12v-2zM4 16h2v2H4v-2zm16 0H8v2h12v-2z\" fill=\"currentColor\"><\/path><\/svg><svg style=\"fill: #999;color:#999\" class=\"arrow-unsorted-368013\" xmlns=\"http:\/\/www.w3.org\/2000\/svg\" width=\"10px\" height=\"10px\" viewBox=\"0 0 24 24\" version=\"1.2\" baseProfile=\"tiny\"><path d=\"M18.2 9.3l-6.2-6.3-6.2 6.3c-.2.2-.3.4-.3.7s.1.5.3.7c.2.2.4.3.7.3h11c.3 0 .5-.1.7-.3.2-.2.3-.5.3-.7s-.1-.5-.3-.7zM5.8 14.7l6.2 6.3 6.2-6.3c.2-.2.3-.5.3-.7s-.1-.5-.3-.7c-.2-.2-.4-.3-.7-.3h-11c-.3 0-.5.1-.7.3-.2.2-.3.5-.3.7s.1.5.3.7z\"\/><\/svg><\/span><\/span><\/span><\/a><\/span><\/div>\n<nav><ul class='ez-toc-list ez-toc-list-level-1 ' ><li class='ez-toc-page-1 ez-toc-heading-level-2'><a class=\"ez-toc-link ez-toc-heading-1\" href=\"https:\/\/flashmode.tn\/magazine\/quelle-exposition-pour-la-menthe\/#Est-ce_quil_faut_couper_les_fleurs_de_la_menthe\" >Est-ce qu&rsquo;il faut couper les fleurs de la menthe ?<\/a><\/li><li class='ez-toc-page-1 ez-toc-heading-level-2'><a class=\"ez-toc-link ez-toc-heading-2\" href=\"https:\/\/flashmode.tn\/magazine\/quelle-exposition-pour-la-menthe\/#Comment_bouturer_de_la_mente\" >Comment bouturer de la mente ?<\/a><\/li><li class='ez-toc-page-1 ez-toc-heading-level-2'><a class=\"ez-toc-link ez-toc-heading-3\" href=\"https:\/\/flashmode.tn\/magazine\/quelle-exposition-pour-la-menthe\/#Comment_reproduire_la_menthe\" >Comment reproduire la menthe ?<\/a><\/li><li class='ez-toc-page-1 ez-toc-heading-level-2'><a class=\"ez-toc-link ez-toc-heading-4\" href=\"https:\/\/flashmode.tn\/magazine\/quelle-exposition-pour-la-menthe\/#Comment_bouturer_la_menthe_poivree\" >Comment bouturer la menthe poivr\u00e9e ?<\/a><\/li><li class='ez-toc-page-1 ez-toc-heading-level-2'><a class=\"ez-toc-link ez-toc-heading-5\" href=\"https:\/\/flashmode.tn\/magazine\/quelle-exposition-pour-la-menthe\/#Quand_couper_les_fleurs_de_menthe\" >Quand couper les fleurs de menthe ?<\/a><\/li><li class='ez-toc-page-1 ez-toc-heading-level-2'><a class=\"ez-toc-link ez-toc-heading-6\" href=\"https:\/\/flashmode.tn\/magazine\/quelle-exposition-pour-la-menthe\/#Quelle_plante_cohabite_avec_la_menthe\" >Quelle plante cohabite avec la menthe ?<\/a><\/li><li class='ez-toc-page-1 ez-toc-heading-level-2'><a class=\"ez-toc-link ez-toc-heading-7\" href=\"https:\/\/flashmode.tn\/magazine\/quelle-exposition-pour-la-menthe\/#Quelle_plante_associer_avec_le_tournesol\" >Quelle plante associer avec le tournesol ?<\/a><\/li><li class='ez-toc-page-1 ez-toc-heading-level-2'><a class=\"ez-toc-link ez-toc-heading-8\" href=\"https:\/\/flashmode.tn\/magazine\/quelle-exposition-pour-la-menthe\/#Quelles_herbes_aromatiques_planter_ensemble\" >Quelles herbes aromatiques planter ensemble ?<\/a><\/li><li class='ez-toc-page-1 ez-toc-heading-level-2'><a class=\"ez-toc-link ez-toc-heading-9\" href=\"https:\/\/flashmode.tn\/magazine\/quelle-exposition-pour-la-menthe\/#Pourquoi_ma_menthe_fait_des_fleurs\" >Pourquoi ma menthe fait des fleurs ?<\/a><\/li><li class='ez-toc-page-1 ez-toc-heading-level-2'><a class=\"ez-toc-link ez-toc-heading-10\" href=\"https:\/\/flashmode.tn\/magazine\/quelle-exposition-pour-la-menthe\/#Quand_et_comment_couper_la_menthe\" >Quand et comment couper la menthe ?<\/a><\/li><li class='ez-toc-page-1 ez-toc-heading-level-2'><a class=\"ez-toc-link ez-toc-heading-11\" href=\"https:\/\/flashmode.tn\/magazine\/quelle-exposition-pour-la-menthe\/#Comment_fait_ont_avec_de_la_menthe_sauvage\" >Comment fait ont avec de la menthe sauvage ?<\/a><\/li><li class='ez-toc-page-1 ez-toc-heading-level-2'><a class=\"ez-toc-link ez-toc-heading-12\" href=\"https:\/\/flashmode.tn\/magazine\/quelle-exposition-pour-la-menthe\/#Comment_bouturer_de_la_coriandre\" >Comment bouturer de la coriandre ?<\/a><\/li><li class='ez-toc-page-1 ez-toc-heading-level-2'><a class=\"ez-toc-link ez-toc-heading-13\" href=\"https:\/\/flashmode.tn\/magazine\/quelle-exposition-pour-la-menthe\/#Comment_faire_des_boutures\" >Comment faire des boutures ?<\/a><\/li><li class='ez-toc-page-1 ez-toc-heading-level-2'><a class=\"ez-toc-link ez-toc-heading-14\" href=\"https:\/\/flashmode.tn\/magazine\/quelle-exposition-pour-la-menthe\/#Comment_couper_la_menthe_pour_quil_repousse\" >Comment couper la menthe pour qu&rsquo;il repousse ?<\/a><\/li><li class='ez-toc-page-1 ez-toc-heading-level-2'><a class=\"ez-toc-link ez-toc-heading-15\" href=\"https:\/\/flashmode.tn\/magazine\/quelle-exposition-pour-la-menthe\/#Comment_avoir_une_belle_menthe\" >Comment avoir une belle menthe ?<\/a><\/li><li class='ez-toc-page-1 ez-toc-heading-level-2'><a class=\"ez-toc-link ez-toc-heading-16\" href=\"https:\/\/flashmode.tn\/magazine\/quelle-exposition-pour-la-menthe\/#Comment_faire_pousser_du_persil_a_partir_dune_branche\" >Comment faire pousser du persil \u00e0 partir d&rsquo;une branche ?<\/a><\/li><li class='ez-toc-page-1 ez-toc-heading-level-2'><a class=\"ez-toc-link ez-toc-heading-17\" href=\"https:\/\/flashmode.tn\/magazine\/quelle-exposition-pour-la-menthe\/#Quand_et_comment_tailler_le_thym\" >Quand et comment tailler le thym ?<\/a><\/li><li class='ez-toc-page-1 ez-toc-heading-level-2'><a class=\"ez-toc-link ez-toc-heading-18\" href=\"https:\/\/flashmode.tn\/magazine\/quelle-exposition-pour-la-menthe\/#Comment_couper_les_feuilles_de_menthe\" >Comment couper les feuilles de menthe ?<\/a><\/li><li class='ez-toc-page-1 ez-toc-heading-level-2'><a class=\"ez-toc-link ez-toc-heading-19\" href=\"https:\/\/flashmode.tn\/magazine\/quelle-exposition-pour-la-menthe\/#Quel_engrais_utiliser_pour_la_menthe\" >Quel engrais utiliser pour la menthe ?<\/a><\/li><li class='ez-toc-page-1 ez-toc-heading-level-2'><a class=\"ez-toc-link ez-toc-heading-20\" href=\"https:\/\/flashmode.tn\/magazine\/quelle-exposition-pour-la-menthe\/#Quel_engrais_naturel_pour_menthe\" >Quel engrais naturel pour menthe ?<\/a><\/li><li class='ez-toc-page-1 ez-toc-heading-level-2'><a class=\"ez-toc-link ez-toc-heading-21\" href=\"https:\/\/flashmode.tn\/magazine\/quelle-exposition-pour-la-menthe\/#Quelles_fines_herbes_vont_ensemble\" >Quelles fines herbes vont ensemble ?<\/a><\/li><\/ul><\/nav><\/div>\n<h2><span class=\"ez-toc-section\" id=\"Est-ce_quil_faut_couper_les_fleurs_de_la_menthe\"><\/span>Est-ce qu&rsquo;il faut couper les fleurs de la menthe ?<span class=\"ez-toc-section-end\"><\/span><\/h2>\n<p><b>On<\/b> les <b>coupe<\/b> aussi ! Les <b>fleurs<\/b> n&rsquo;ont pas beaucoup de parfum et ce ne sont pas elles <b>qui<\/b> sont les plus int\u00e9ressantes dans la <b>menthe<\/b> ! C&rsquo;<b>est<\/b> le feuillage <b>qui est<\/b> int\u00e9ressant, car parfum\u00e9. &#8230; Enlever les <b>fleurs<\/b> contribue aussi \u00e0 la croissance de jeunes pousses.<\/p>\n<h2><span class=\"ez-toc-section\" id=\"Comment_bouturer_de_la_mente\"><\/span><strong>Comment bouturer de la mente ?<\/strong><span class=\"ez-toc-section-end\"><\/span><\/h2>\n<p><b>  Marche \u00e0 suivre pour r\u00e9ussir le bouturage de  <b>   menthe  <\/b>  en godet. <\/b> <\/p>\n<ol>\n<li>   Remplir les pots de terreau et humidifier le substrat.  <\/li>\n<li>   Placer une tige de   <b>    menthe   <\/b>   dans chaque pot, en faisant au pr\u00e9alable un trou avec le crayon pour \u00e9viter de casser les tiges fragiles.  <\/li>\n<li>   Tasser avec les doigts autour de la tige.  <\/li>\n<\/ol>\n<h2><span class=\"ez-toc-section\" id=\"Comment_reproduire_la_menthe\"><\/span><strong>Comment reproduire la menthe ?<\/strong><span class=\"ez-toc-section-end\"><\/span><\/h2>\n<p>Vous pouvez facilement <b>multiplier<\/b> la <b>menthe<\/b> dans le jardin : Rep\u00e9rez les pousses enracin\u00e9es qui d\u00e9passent du sol. Coupez les pousses le plus profond\u00e9ment possible et plantez-les n&rsquo;importe o\u00f9 dans le jardin ou dans un pot. Placez les pots dans un endroit abrit\u00e9 et clair, mais pas trop chaud et gardez-les bien humides.<\/p>\n<h2><span class=\"ez-toc-section\" id=\"Comment_bouturer_la_menthe_poivree\"><\/span><strong>Comment bouturer la menthe poivr\u00e9e ?<\/strong><span class=\"ez-toc-section-end\"><\/span><\/h2>\n<p>Pour <b>bouturer<\/b> votre <b>menthe<\/b>, pr\u00e9levez quelques tiges de 10\/15 centim\u00e8tres. Enlevez les feuilles sur les deux tiers puis plongez les tiges dans un verre d&rsquo;eau.<\/p>\n<h2><span class=\"ez-toc-section\" id=\"Quand_couper_les_fleurs_de_menthe\"><\/span><strong>Quand couper les fleurs de menthe ?<\/strong><span class=\"ez-toc-section-end\"><\/span><\/h2>\n<p>Lorsque la floraison d\u00e9marre, vers juin, les fleurs s&rsquo;\u00e9panouissent au d\u00e9triment quelque peu des feuilles. Dans tous les cas, en fin d&rsquo;automne, taillez les pieds de <b>menthe<\/b> \u00e0 ras et r\u00e9cup\u00e9rez les plus belles feuilles. &#8230; D\u00e8s lors, vous pouvez consommer la <b>menthe<\/b> ou choisir de la conserver pour les mois \u00e0 venir.<\/p>\n<h2><span class=\"ez-toc-section\" id=\"Quelle_plante_cohabite_avec_la_menthe\"><\/span><strong>Quelle plante cohabite avec la menthe ?<\/strong><span class=\"ez-toc-section-end\"><\/span><\/h2>\n<p>Si la <b>menthe<\/b> n\u00e9cessite une mise <b>\u00e0<\/b> l&rsquo;\u00e9cart seule <b>dans<\/b> un pot, d&rsquo;autres aromatiques peuvent parfaitement <b>cohabiter dans<\/b> une m\u00eame jardini\u00e8re : l&rsquo;estragon, l&rsquo;oseille, le persil, la ciboulette et la coriandre sont des associations int\u00e9ressantes, <b>\u00e0<\/b> placer <b>dans<\/b> une zone <b>en<\/b> mi-ombre <b>avec<\/b> sol frais ; tout comme, <b>dans<\/b> une autre &#8230;<\/p>\n<h2><span class=\"ez-toc-section\" id=\"Quelle_plante_associer_avec_le_tournesol\"><\/span><strong>Quelle plante associer avec le tournesol ?<\/strong><span class=\"ez-toc-section-end\"><\/span><\/h2>\n<p>Les meilleures associations <b>tournesol<\/b> et l\u00e9gumes<\/p>\n<p> On peut l&rsquo;<b>associer<\/b> \u00e0 des <b>plantes<\/b> basses donc, comme les choux, les laitues, les \u0153illets. On peut aussi l&rsquo;<b>associer avec<\/b> des grimpantes comme l&rsquo;ipom\u00e9e, \u00e0 qui il servira de tuteur.<\/p>\n<h2><span class=\"ez-toc-section\" id=\"Quelles_herbes_aromatiques_planter_ensemble\"><\/span><strong>Quelles herbes aromatiques planter ensemble ?<\/strong><span class=\"ez-toc-section-end\"><\/span><\/h2>\n<p><b>  <b>   Quelles plantes aromatiques planter ensemble  <\/b>  ? <\/b> <\/p>\n<ul>\n<li>   Verveine et basilic : &#8230;  <\/li>\n<li>   Cerfeuil, persil et c\u00e9leri perp\u00e9tuel : &#8230;  <\/li>\n<li>   Ciboulette, coriandre et estragon : &#8230;  <\/li>\n<li>   Thym, romarin, marjolaine et sarriette : &#8230;  <\/li>\n<li>   Lavande et sauge : &#8230;  <\/li>\n<li>   Estragon, coriandre, basilic et persil : &#8230;  <\/li>\n<li>   Thym, origan et laurier : &#8230;  <\/li>\n<li>   Persil, m\u00e9lisse, estragon et coriandre :  <\/li>\n<\/ul>\n<h2><span class=\"ez-toc-section\" id=\"Pourquoi_ma_menthe_fait_des_fleurs\"><\/span><strong>Pourquoi ma menthe fait des fleurs ?<\/strong><span class=\"ez-toc-section-end\"><\/span><\/h2>\n<p>La <b>menthe<\/b> est une plante vivace qui fleurit g\u00e9n\u00e9ralement au sommet des tiges feuill\u00e9es qui cessent alors de s&rsquo;allonger. Elle perd ses feuilles durant l&rsquo;hiver et \u00e9met de nouvelles tiges depuis le sol au printemps suivant. La r\u00e9colte des feuilles et des sommit\u00e9s florales s&rsquo;effectue donc pendant la belle saison.<\/p>\n<h2><span class=\"ez-toc-section\" id=\"Quand_et_comment_couper_la_menthe\"><\/span><strong>Quand et comment couper la menthe ?<\/strong><span class=\"ez-toc-section-end\"><\/span><\/h2>\n<p><b>Quand<\/b> r\u00e9colter la <b>menthe<\/b> ? La <b>menthe<\/b> se r\u00e9colte, selon les besoins, du printemps \u00e0 la fin de l&rsquo;\u00e9t\u00e9. R\u00e9colter les feuilles de <b>menthe<\/b> de pr\u00e9f\u00e9rence le matin. <b>Couper<\/b> les tiges juste au dessus de deux feuilles, cela permettra \u00e0 la plante de se ramifier et de produire de nouvelles feuilles bien tendres.<\/p>\n<h2><span class=\"ez-toc-section\" id=\"Comment_fait_ont_avec_de_la_menthe_sauvage\"><\/span><strong>Comment fait ont avec de la menthe sauvage ?<\/strong><span class=\"ez-toc-section-end\"><\/span><\/h2>\n<p>De la m\u00eame mani\u00e8re que les menthes cultiv\u00e9es, les menthes <b>sauvages<\/b> sont utilis\u00e9es : en aromates, dans de nombreux plats, surtout m\u00e9diterran\u00e9ens ; en phytoth\u00e9rapie, sous forme d&rsquo;infusions de feuilles ; en aromath\u00e9rapie : leur huile essentielle est obtenue par distillation \u00e0 la vapeur des parties a\u00e9riennes.<\/p>\n<h2><span class=\"ez-toc-section\" id=\"Comment_bouturer_de_la_coriandre\"><\/span><strong>Comment bouturer de la coriandre ?<\/strong><span class=\"ez-toc-section-end\"><\/span><\/h2>\n<p>Coupez des tiges de 15cm (la taille d&rsquo;un petit crayon) Enlevez la t\u00eate en pin\u00e7ant avec les ongles pour ne laisser que 2 feuilles. Plantez les tiges dans un pot de terreau sableux et arrosez. Laissez le pot \u00e0 l&rsquo;ombre et arrosez de temps en temps pour garder la terre humide.<\/p>\n<h2><span class=\"ez-toc-section\" id=\"Comment_faire_des_boutures\"><\/span><strong>Comment faire des boutures ?<\/strong><span class=\"ez-toc-section-end\"><\/span><\/h2>\n<p><b>  La  <b>   bouture  <\/b>  traditionnelle <\/b> <\/p>\n<ol>\n<li>   Pr\u00e9levez une tige non lignifi\u00e9e de 10-15 cm de long.  <\/li>\n<li>   Retirez les feuilles sur la moiti\u00e9 du bas de la tige.  <\/li>\n<li>   Plantez cette tige dans un m\u00e9lange de terreau et de sable.  <\/li>\n<li>   Maintenez humide, de nouvelles racines vont se d\u00e9velopper.  <\/li>\n<li>   Au bout de quelques mois, repiquez en pleine terre.  <\/li>\n<\/ol>\n<h2><span class=\"ez-toc-section\" id=\"Comment_couper_la_menthe_pour_quil_repousse\"><\/span><strong>Comment couper la menthe pour qu&rsquo;il repousse ?<\/strong><span class=\"ez-toc-section-end\"><\/span><\/h2>\n<p><b>Couper<\/b> les tiges juste au dessus <b>de<\/b> deux feuilles, cela permettra \u00e0 la plante <b>de<\/b> se ramifier et <b>de<\/b> produire <b>de<\/b> nouvelles feuilles bien tendres. <b>Il<\/b> est aussi possible <b>de<\/b> conserver <b>de<\/b> la <b>menthe<\/b> en pot <b>pour<\/b> une culture en int\u00e9rieur.<\/p>\n<h2><span class=\"ez-toc-section\" id=\"Comment_avoir_une_belle_menthe\"><\/span><strong>Comment avoir une belle menthe ?<\/strong><span class=\"ez-toc-section-end\"><\/span><\/h2>\n<p>Choisir un emplacement abrit\u00e9 et ensoleill\u00e9 mais pas expos\u00e9 au soleil br\u00fblant de la mi-journ\u00e9e. La <b>menthe<\/b> aime les sols frais : ne pas h\u00e9siter \u00e0 lui m\u00e9nager un place pr\u00e8s d&rsquo;un ruisseau ou d&rsquo;un bassin. <b>Faire<\/b> un trou un peu plus grand que la taille de la motte, planter. Tasser l\u00e9g\u00e8rement la terre autour du pied.<\/p>\n<h2><span class=\"ez-toc-section\" id=\"Comment_faire_pousser_du_persil_a_partir_dune_branche\"><\/span><strong>Comment faire pousser du persil \u00e0 partir d&rsquo;une branche ?<\/strong><span class=\"ez-toc-section-end\"><\/span><\/h2>\n<p>Malheureusement le <b>persil<\/b> ne se bouture pas. La seule fa\u00e7on de le reproduire est donc de le laisser fleurir durant la seconde ann\u00e9e de sa vie afin d&rsquo;en r\u00e9colter les graines, et de semer celle-ci le moment venu.<\/p>\n<h2><span class=\"ez-toc-section\" id=\"Quand_et_comment_tailler_le_thym\"><\/span><strong>Quand et comment tailler le thym ?<\/strong><span class=\"ez-toc-section-end\"><\/span><\/h2>\n<p>Pour garder une forme compact, attendez la fin de la floraison pour <b>tailler<\/b> en douceur. Si, en revanche, vous faites pousser du <b>thym<\/b> pour le r\u00e9colter, mieux vaut <b>tailler<\/b> avant la floraison.<\/p>\n<h2><span class=\"ez-toc-section\" id=\"Comment_couper_les_feuilles_de_menthe\"><\/span><strong>Comment couper les feuilles de menthe ?<\/strong><span class=\"ez-toc-section-end\"><\/span><\/h2>\n<p>la couper assez bas juste au-dessus d&rsquo;une paire de <b>feuilles<\/b> afin de provoquer des ramifications et la production de nouvelles tiges feuill\u00e9es ; laisser quelques tiges fleurir pour attirer les insectes butineurs (papillons) et \u00e9ventuellement r\u00e9colter les inflorescences.<\/p>\n<h2><span class=\"ez-toc-section\" id=\"Quel_engrais_utiliser_pour_la_menthe\"><\/span><strong>Quel engrais utiliser pour la menthe ?<\/strong><span class=\"ez-toc-section-end\"><\/span><\/h2>\n<p>Coupez r\u00e9guli\u00e8rement les tiges <b>pour<\/b> favoriser l&rsquo;apparition <b>de<\/b> nouvelles pousses. En fin d&rsquo;\u00e9t\u00e9, rabattez les plantes au ras du sol et apportez un <b>engrais<\/b> riche en azote <b>pour<\/b> faciliter la production <b>de<\/b> nouvelles feuilles <b>\u00e0<\/b> l&rsquo;automne. Divisez les pot\u00e9es en automne.<\/p>\n<h2><span class=\"ez-toc-section\" id=\"Quel_engrais_naturel_pour_menthe\"><\/span><strong>Quel engrais naturel pour menthe ?<\/strong><span class=\"ez-toc-section-end\"><\/span><\/h2>\n<p><b>  C&rsquo;est parti ! <\/b> <\/p>\n<ul>\n<li>   Le marc   <b>    de   <\/b>   caf\u00e9, l&rsquo;   <b>    engrais naturel   <\/b>   qui donne un coup   <b>    de   <\/b>   fouet aux plants. &#8230;  <\/li>\n<li>   La peau   <b>    de   <\/b>   banane, l&rsquo;   <b>    engrais naturel   <\/b>   fruit\u00e9 &#8230;  <\/li>\n<li>   Les cendres   <b>    de   <\/b>   bois. &#8230;  <\/li>\n<li>   Les coquilles d&rsquo;\u0153ufs. &#8230;  <\/li>\n<li>   L&rsquo;eau   <b>    de   <\/b>   cuisson, un   <b>    engrais naturel   <\/b>   l&rsquo;on a trop tendance \u00e0 oublier. &#8230;  <\/li>\n<li>   Les orties.  <\/li>\n<\/ul>\n<h2><span class=\"ez-toc-section\" id=\"Quelles_fines_herbes_vont_ensemble\"><\/span><strong>Quelles fines herbes vont ensemble ?<\/strong><span class=\"ez-toc-section-end\"><\/span><\/h2>\n<p>L&rsquo;estragon, l&rsquo;oseille, le persil, la ciboulette et la coriandre se plantent bien <b>ensemble<\/b>, mais doivent l&rsquo;\u00eatre dans une zone ensoleill\u00e9e avec un sol frais. Le thym, le laurier et le romarin peuvent \u00eatre plant\u00e9s <b>ensemble<\/b> sur un terrain bien ensoleill\u00e9.<\/p>\n<hr \/>\n<p><em>Editeurs: 18 &#8211; R\u00e9f\u00e9rences: 34 articles<\/em><\/p>\n<p><em>N\u2019oubliez pas de partager l\u2019article !<\/em><\/p>\n","protected":false},"excerpt":{"rendered":"<p>L&rsquo;exposition id\u00e9ale est la mi-ombre, bien que la menthe puisse pousser au soleil \u00e0 condition que celui-ci ne soit pas br\u00fblant et que la menthe soit suffisamment arros\u00e9e. Le soleil direct va freiner sa croissance et la menthe aura besoin de plus d&rsquo;humidit\u00e9. Ainsi, Comment faire pousser une tige de menthe ? R\u00e9sum\u00e9 de la [&hellip;]<\/p>\n","protected":false},"author":6,"featured_media":0,"comment_status":"open","ping_status":"open","sticky":false,"template":"","format":"standard","meta":{"tdm_status":"","tdm_grid_status":"","_jetpack_memberships_contains_paid_content":false,"footnotes":"","jetpack_publicize_message":"","jetpack_publicize_feature_enabled":true,"jetpack_social_post_already_shared":true,"jetpack_social_options":{"image_generator_settings":{"template":"highway","default_image_id":0,"font":"","enabled":false},"version":2}},"categories":[3457],"tags":[],"class_list":["post-61823","post","type-post","status-publish","format-standard","hentry","category-maison"],"yoast_head":"<!-- This site is optimized with the Yoast SEO Premium plugin v25.0 (Yoast SEO v25.0) - https:\/\/yoast.com\/wordpress\/plugins\/seo\/ -->\n<title>Quelle exposition pour la menthe ?<\/title>\n<meta name=\"description\" content=\"L&#039;exposition id\u00e9ale est la mi-ombre, bien que la menthe puisse pousser au soleil \u00e0 condition que celui-ci ne soit pas br\u00fblant et que la menthe soit\" \/>\n<meta name=\"robots\" content=\"index, follow, max-snippet:-1, max-image-preview:large, max-video-preview:-1\" \/>\n<link rel=\"canonical\" href=\"https:\/\/flashmode.tn\/magazine\/quelle-exposition-pour-la-menthe\/\" \/>\n<meta property=\"og:locale\" content=\"fr_FR\" \/>\n<meta property=\"og:type\" content=\"article\" \/>\n<meta property=\"og:title\" content=\"Quelle exposition pour la menthe ? - Flashmode Magazine | Magazine de mode et style de vie Num\u00e9ro un en Tunisie et au Maghreb\" \/>\n<meta property=\"og:description\" content=\"L&#039;exposition id\u00e9ale est la mi-ombre, bien que la menthe puisse pousser au soleil \u00e0 condition que celui-ci ne soit pas br\u00fblant et que la menthe soit\" \/>\n<meta property=\"og:url\" content=\"https:\/\/flashmode.tn\/magazine\/quelle-exposition-pour-la-menthe\/\" \/>\n<meta property=\"og:site_name\" content=\"Flashmode Magazine | Magazine de mode et style de vie Num\u00e9ro un en Tunisie et au Maghreb\" \/>\n<meta property=\"article:publisher\" content=\"https:\/\/www.facebook.com\/flashmode.magazine\/\" \/>\n<meta property=\"article:published_time\" content=\"2022-01-15T03:01:20+00:00\" \/>\n<meta name=\"author\" content=\"EventsEditors\" \/>\n<meta name=\"twitter:card\" content=\"summary_large_image\" \/>\n<meta name=\"twitter:creator\" content=\"@agenceflashmode\" \/>\n<meta name=\"twitter:site\" content=\"@agenceflashmode\" \/>\n<meta name=\"twitter:label1\" content=\"\u00c9crit par\" \/>\n\t<meta name=\"twitter:data1\" content=\"EventsEditors\" \/>\n\t<meta name=\"twitter:label2\" content=\"Dur\u00e9e de lecture estim\u00e9e\" \/>\n\t<meta name=\"twitter:data2\" content=\"7 minutes\" \/>\n<script type=\"application\/ld+json\" class=\"yoast-schema-graph\">{\"@context\":\"https:\/\/schema.org\",\"@graph\":[{\"@type\":\"WebPage\",\"@id\":\"https:\/\/flashmode.tn\/magazine\/quelle-exposition-pour-la-menthe\/\",\"url\":\"https:\/\/flashmode.tn\/magazine\/quelle-exposition-pour-la-menthe\/\",\"name\":\"Quelle exposition pour la menthe ?\",\"isPartOf\":{\"@id\":\"https:\/\/flashmode.tn\/magazine\/#website\"},\"datePublished\":\"2022-01-15T03:01:20+00:00\",\"author\":{\"@id\":\"https:\/\/flashmode.tn\/magazine\/#\/schema\/person\/257d6780605b915a5e352977f0f6f41c\"},\"description\":\"L'exposition id\u00e9ale est la mi-ombre, bien que la menthe puisse pousser au soleil \u00e0 condition que celui-ci ne soit pas br\u00fblant et que la menthe soit\",\"breadcrumb\":{\"@id\":\"https:\/\/flashmode.tn\/magazine\/quelle-exposition-pour-la-menthe\/#breadcrumb\"},\"inLanguage\":\"fr-FR\",\"potentialAction\":[{\"@type\":\"ReadAction\",\"target\":[\"https:\/\/flashmode.tn\/magazine\/quelle-exposition-pour-la-menthe\/\"]}]},{\"@type\":\"BreadcrumbList\",\"@id\":\"https:\/\/flashmode.tn\/magazine\/quelle-exposition-pour-la-menthe\/#breadcrumb\",\"itemListElement\":[{\"@type\":\"ListItem\",\"position\":1,\"name\":\"Accueil\",\"item\":\"https:\/\/flashmode.tn\/magazine\/\"},{\"@type\":\"ListItem\",\"position\":2,\"name\":\"Quelle exposition pour la menthe ?\"}]},{\"@type\":\"WebSite\",\"@id\":\"https:\/\/flashmode.tn\/magazine\/#website\",\"url\":\"https:\/\/flashmode.tn\/magazine\/\",\"name\":\"Flashmode Magazine | Magazine de mode et style de vie Num\u00e9ro un en Tunisie et au Maghreb\",\"description\":\"Magazine de mode et style de vie Num\u00e9ro un en Tunisie et au Maghreb, cr\u00e9\u00e9 pour les hommes et les femmes : conseils beaut\u00e9, mode femme, mode homme, recettes de cuisine, c\u00e9l\u00e9brit\u00e9s et people, mannequins et top modeles\",\"potentialAction\":[{\"@type\":\"SearchAction\",\"target\":{\"@type\":\"EntryPoint\",\"urlTemplate\":\"https:\/\/flashmode.tn\/magazine\/?s={search_term_string}\"},\"query-input\":{\"@type\":\"PropertyValueSpecification\",\"valueRequired\":true,\"valueName\":\"search_term_string\"}}],\"inLanguage\":\"fr-FR\"},{\"@type\":\"Person\",\"@id\":\"https:\/\/flashmode.tn\/magazine\/#\/schema\/person\/257d6780605b915a5e352977f0f6f41c\",\"name\":\"EventsEditors\",\"image\":{\"@type\":\"ImageObject\",\"inLanguage\":\"fr-FR\",\"@id\":\"https:\/\/flashmode.tn\/magazine\/#\/schema\/person\/image\/\",\"url\":\"https:\/\/secure.gravatar.com\/avatar\/e2daedf958f66be37c9a79abe56184d85cd1baa6bba0dd8017e3f7d01555232f?s=96&d=mm&r=g\",\"contentUrl\":\"https:\/\/secure.gravatar.com\/avatar\/e2daedf958f66be37c9a79abe56184d85cd1baa6bba0dd8017e3f7d01555232f?s=96&d=mm&r=g\",\"caption\":\"EventsEditors\"},\"url\":\"https:\/\/flashmode.tn\/magazine\/author\/eventseditors\/\"}]}<\/script>\n<!-- \/ Yoast SEO Premium plugin. -->","yoast_head_json":{"title":"Quelle exposition pour la menthe ?","description":"L'exposition id\u00e9ale est la mi-ombre, bien que la menthe puisse pousser au soleil \u00e0 condition que celui-ci ne soit pas br\u00fblant et que la menthe soit","robots":{"index":"index","follow":"follow","max-snippet":"max-snippet:-1","max-image-preview":"max-image-preview:large","max-video-preview":"max-video-preview:-1"},"canonical":"https:\/\/flashmode.tn\/magazine\/quelle-exposition-pour-la-menthe\/","og_locale":"fr_FR","og_type":"article","og_title":"Quelle exposition pour la menthe ? - Flashmode Magazine | Magazine de mode et style de vie Num\u00e9ro un en Tunisie et au Maghreb","og_description":"L'exposition id\u00e9ale est la mi-ombre, bien que la menthe puisse pousser au soleil \u00e0 condition que celui-ci ne soit pas br\u00fblant et que la menthe soit","og_url":"https:\/\/flashmode.tn\/magazine\/quelle-exposition-pour-la-menthe\/","og_site_name":"Flashmode Magazine | Magazine de mode et style de vie Num\u00e9ro un en Tunisie et au Maghreb","article_publisher":"https:\/\/www.facebook.com\/flashmode.magazine\/","article_published_time":"2022-01-15T03:01:20+00:00","author":"EventsEditors","twitter_card":"summary_large_image","twitter_creator":"@agenceflashmode","twitter_site":"@agenceflashmode","twitter_misc":{"\u00c9crit par":"EventsEditors","Dur\u00e9e de lecture estim\u00e9e":"7 minutes"},"schema":{"@context":"https:\/\/schema.org","@graph":[{"@type":"WebPage","@id":"https:\/\/flashmode.tn\/magazine\/quelle-exposition-pour-la-menthe\/","url":"https:\/\/flashmode.tn\/magazine\/quelle-exposition-pour-la-menthe\/","name":"Quelle exposition pour la menthe ?","isPartOf":{"@id":"https:\/\/flashmode.tn\/magazine\/#website"},"datePublished":"2022-01-15T03:01:20+00:00","author":{"@id":"https:\/\/flashmode.tn\/magazine\/#\/schema\/person\/257d6780605b915a5e352977f0f6f41c"},"description":"L'exposition id\u00e9ale est la mi-ombre, bien que la menthe puisse pousser au soleil \u00e0 condition que celui-ci ne soit pas br\u00fblant et que la menthe soit","breadcrumb":{"@id":"https:\/\/flashmode.tn\/magazine\/quelle-exposition-pour-la-menthe\/#breadcrumb"},"inLanguage":"fr-FR","potentialAction":[{"@type":"ReadAction","target":["https:\/\/flashmode.tn\/magazine\/quelle-exposition-pour-la-menthe\/"]}]},{"@type":"BreadcrumbList","@id":"https:\/\/flashmode.tn\/magazine\/quelle-exposition-pour-la-menthe\/#breadcrumb","itemListElement":[{"@type":"ListItem","position":1,"name":"Accueil","item":"https:\/\/flashmode.tn\/magazine\/"},{"@type":"ListItem","position":2,"name":"Quelle exposition pour la menthe ?"}]},{"@type":"WebSite","@id":"https:\/\/flashmode.tn\/magazine\/#website","url":"https:\/\/flashmode.tn\/magazine\/","name":"Flashmode Magazine | Magazine de mode et style de vie Num\u00e9ro un en Tunisie et au Maghreb","description":"Magazine de mode et style de vie Num\u00e9ro un en Tunisie et au Maghreb, cr\u00e9\u00e9 pour les hommes et les femmes : conseils beaut\u00e9, mode femme, mode homme, recettes de cuisine, c\u00e9l\u00e9brit\u00e9s et people, mannequins et top modeles","potentialAction":[{"@type":"SearchAction","target":{"@type":"EntryPoint","urlTemplate":"https:\/\/flashmode.tn\/magazine\/?s={search_term_string}"},"query-input":{"@type":"PropertyValueSpecification","valueRequired":true,"valueName":"search_term_string"}}],"inLanguage":"fr-FR"},{"@type":"Person","@id":"https:\/\/flashmode.tn\/magazine\/#\/schema\/person\/257d6780605b915a5e352977f0f6f41c","name":"EventsEditors","image":{"@type":"ImageObject","inLanguage":"fr-FR","@id":"https:\/\/flashmode.tn\/magazine\/#\/schema\/person\/image\/","url":"https:\/\/secure.gravatar.com\/avatar\/e2daedf958f66be37c9a79abe56184d85cd1baa6bba0dd8017e3f7d01555232f?s=96&d=mm&r=g","contentUrl":"https:\/\/secure.gravatar.com\/avatar\/e2daedf958f66be37c9a79abe56184d85cd1baa6bba0dd8017e3f7d01555232f?s=96&d=mm&r=g","caption":"EventsEditors"},"url":"https:\/\/flashmode.tn\/magazine\/author\/eventseditors\/"}]}},"jetpack_publicize_connections":[],"jetpack_featured_media_url":"","jetpack_shortlink":"https:\/\/wp.me\/p8BPGr-g59","jetpack_sharing_enabled":true,"_links":{"self":[{"href":"https:\/\/flashmode.tn\/magazine\/wp-json\/wp\/v2\/posts\/61823","targetHints":{"allow":["GET"]}}],"collection":[{"href":"https:\/\/flashmode.tn\/magazine\/wp-json\/wp\/v2\/posts"}],"about":[{"href":"https:\/\/flashmode.tn\/magazine\/wp-json\/wp\/v2\/types\/post"}],"author":[{"embeddable":true,"href":"https:\/\/flashmode.tn\/magazine\/wp-json\/wp\/v2\/users\/6"}],"replies":[{"embeddable":true,"href":"https:\/\/flashmode.tn\/magazine\/wp-json\/wp\/v2\/comments?post=61823"}],"version-history":[{"count":0,"href":"https:\/\/flashmode.tn\/magazine\/wp-json\/wp\/v2\/posts\/61823\/revisions"}],"wp:attachment":[{"href":"https:\/\/flashmode.tn\/magazine\/wp-json\/wp\/v2\/media?parent=61823"}],"wp:term":[{"taxonomy":"category","embeddable":true,"href":"https:\/\/flashmode.tn\/magazine\/wp-json\/wp\/v2\/categories?post=61823"},{"taxonomy":"post_tag","embeddable":true,"href":"https:\/\/flashmode.tn\/magazine\/wp-json\/wp\/v2\/tags?post=61823"}],"curies":[{"name":"wp","href":"https:\/\/api.w.org\/{rel}","templated":true}]}}