{"id":62282,"date":"2022-03-13T17:09:10","date_gmt":"2022-03-13T16:09:10","guid":{"rendered":"https:\/\/flashmode.tn\/magazine\/?p=62282"},"modified":"2022-03-13T17:09:10","modified_gmt":"2022-03-13T16:09:10","slug":"est-ce-que-cest-vrai-que-francoise-hardy-est-decedee","status":"publish","type":"post","link":"https:\/\/flashmode.tn\/magazine\/est-ce-que-cest-vrai-que-francoise-hardy-est-decedee\/","title":{"rendered":"Est-ce que c&rsquo;est vrai que Fran\u00e7oise Hardy est d\u00e9c\u00e9d\u00e9e ?"},"content":{"rendered":"<p>\u00ab\u00a0Contrairement \u00e0 ce qu&rsquo;ont dit certains journaux, elle n&rsquo;<b>est<\/b> ni mourante ni en danger de mort\u00a0\u00bb, assure-t-il. M\u00eame si les nouvelles sont rassurantes, Thomas Dutronc s&rsquo;<b>est<\/b> confi\u00e9 sur le calvaire v\u00e9cu par la chanteuse du titre \u00ab\u00a0Le temps de l&rsquo;amour\u00a0\u00bb.<\/p>\n<p>Comment va Fran\u00e7oise Hardy aujourd&rsquo;hui ? Elle a eu un cancer mais il n&rsquo;y a pas de r\u00e9cidive. Elle est en r\u00e9mission. Elle-m\u00eame a tendance \u00e0 l&rsquo;oublier parce qu&rsquo;elle a des s\u00e9quelles de ses traitements, mais elle est en r\u00e9mission\u00a0\u00bb, a indiqu\u00e9 Thomas Dutronc \u00e0 nos confr\u00e8res du JDD ce dimanche 21 novembre 2021.<\/p>\n<p>or Quelle est la sant\u00e9 de Fran\u00e7oise Hardy ? Des nouvelles rassurantes. On a diagnostiqu\u00e9 un cancer du pharynx \u00e0 <b>Fran\u00e7oise Hardy<\/b> en 2017, mais apr\u00e8s des ann\u00e9es de combat, elle va mieux. Dans les colonnes du JDD, dimanche 21 novembre 2021, son fils Thomas Dutronc a donn\u00e9 de ses nouvelles.<\/p>\n<p>Quel \u00e9tat de sant\u00e9 de Fran\u00e7oise Hardy ? Atteinte d&rsquo;un cancer du syst\u00e8me lymphatique, <b>Fran\u00e7oise Hardy<\/b> souffre aujourd&rsquo;hui des cons\u00e9quences de la chimioth\u00e9rapie et de la radioth\u00e9rapie qu&rsquo;elle a du subir. Chaque ann\u00e9e, 23 000 nouveaux cas de cancer du syst\u00e8me lymphatique sont diagnostiqu\u00e9s en France.<\/p>\n<div id=\"ez-toc-container\" class=\"ez-toc-v2_0_81 counter-hierarchy ez-toc-counter ez-toc-grey ez-toc-container-direction\">\n<div class=\"ez-toc-title-container\">\n<p class=\"ez-toc-title\" style=\"cursor:inherit\">Contenus de la page<\/p>\n<span class=\"ez-toc-title-toggle\"><a href=\"#\" class=\"ez-toc-pull-right ez-toc-btn ez-toc-btn-xs ez-toc-btn-default ez-toc-toggle\" aria-label=\"Toggle Table of Content\"><span class=\"ez-toc-js-icon-con\"><span class=\"\"><span class=\"eztoc-hide\" style=\"display:none;\">Toggle<\/span><span class=\"ez-toc-icon-toggle-span\"><svg style=\"fill: #999;color:#999\" xmlns=\"http:\/\/www.w3.org\/2000\/svg\" class=\"list-377408\" width=\"20px\" height=\"20px\" viewBox=\"0 0 24 24\" fill=\"none\"><path d=\"M6 6H4v2h2V6zm14 0H8v2h12V6zM4 11h2v2H4v-2zm16 0H8v2h12v-2zM4 16h2v2H4v-2zm16 0H8v2h12v-2z\" fill=\"currentColor\"><\/path><\/svg><svg style=\"fill: #999;color:#999\" class=\"arrow-unsorted-368013\" xmlns=\"http:\/\/www.w3.org\/2000\/svg\" width=\"10px\" height=\"10px\" viewBox=\"0 0 24 24\" version=\"1.2\" baseProfile=\"tiny\"><path d=\"M18.2 9.3l-6.2-6.3-6.2 6.3c-.2.2-.3.4-.3.7s.1.5.3.7c.2.2.4.3.7.3h11c.3 0 .5-.1.7-.3.2-.2.3-.5.3-.7s-.1-.5-.3-.7zM5.8 14.7l6.2 6.3 6.2-6.3c.2-.2.3-.5.3-.7s-.1-.5-.3-.7c-.2-.2-.4-.3-.7-.3h-11c-.3 0-.5.1-.7.3-.2.2-.3.5-.3.7s.1.5.3.7z\"\/><\/svg><\/span><\/span><\/span><\/a><\/span><\/div>\n<nav><ul class='ez-toc-list ez-toc-list-level-1 ' ><li class='ez-toc-page-1 ez-toc-heading-level-2'><a class=\"ez-toc-link ez-toc-heading-1\" href=\"https:\/\/flashmode.tn\/magazine\/est-ce-que-cest-vrai-que-francoise-hardy-est-decedee\/#Quel_est_letat_de_sante_de_Bernard_Tapie\" >Quel est l&rsquo;\u00e9tat de sant\u00e9 de Bernard Tapie ?<\/a><\/li><li class='ez-toc-page-1 ez-toc-heading-level-2'><a class=\"ez-toc-link ez-toc-heading-2\" href=\"https:\/\/flashmode.tn\/magazine\/est-ce-que-cest-vrai-que-francoise-hardy-est-decedee\/#Quel_cancer_a_Francoise_Hardy\" >Quel cancer \u00e0 Fran\u00e7oise Hardy ?<\/a><\/li><li class='ez-toc-page-1 ez-toc-heading-level-2'><a class=\"ez-toc-link ez-toc-heading-3\" href=\"https:\/\/flashmode.tn\/magazine\/est-ce-que-cest-vrai-que-francoise-hardy-est-decedee\/#Comment_savoir_si_un_cancer_est_en_phase_terminale\" >Comment savoir si un cancer est en phase terminale ?<\/a><\/li><li class='ez-toc-page-1 ez-toc-heading-level-2'><a class=\"ez-toc-link ez-toc-heading-4\" href=\"https:\/\/flashmode.tn\/magazine\/est-ce-que-cest-vrai-que-francoise-hardy-est-decedee\/#Quest-ce_que_le_cancer_du_cavum\" >Qu&rsquo;est-ce que le cancer du cavum ?<\/a><ul class='ez-toc-list-level-3' ><li class='ez-toc-heading-level-3'><a class=\"ez-toc-link ez-toc-heading-5\" href=\"https:\/\/flashmode.tn\/magazine\/est-ce-que-cest-vrai-que-francoise-hardy-est-decedee\/#Quand_la_mort_approche\" >Quand la mort approche ?<\/a><\/li><\/ul><\/li><\/ul><\/nav><\/div>\n<h2><span class=\"ez-toc-section\" id=\"Quel_est_letat_de_sante_de_Bernard_Tapie\"><\/span>Quel est l&rsquo;\u00e9tat de sant\u00e9 de Bernard Tapie ?<span class=\"ez-toc-section-end\"><\/span><\/h2>\n<p>\u00ab\u00a0Il <b>est<\/b> malade, tr\u00e8s affaibli, il ne va pas de mieux en mieux\u00a0\u00bb, a confi\u00e9 Sophie <b>Tapie<\/b> dans les colonnes du magazine Gala <b>le<\/b> 3 septembre 2021. De mauvaises nouvelles corrobor\u00e9es dimanche 19 septembre 2021 par <b>le<\/b> fr\u00e8re de la chanteuse, St\u00e9phane <b>Tapie<\/b>.<\/p>\n<p>Quel maladie souffre Fran\u00e7oise Hardy ? Atteinte d&rsquo;un cancer du pharynx, <b>Fran\u00e7oise Hardy<\/b> conna\u00eet des bons et des mauvais jours : \u00ab Ce sont mes probl\u00e8mes physiques cauchemardesques qui influent sur mon moral. Chaque fois que j&rsquo;ai un petit mieux, mon moral remonte un petit peu.<\/p>\n<p>Qui est Mich\u00e8le layec ? De son vrai nom <b>Mich\u00e8le<\/b> Josette <b>Layec<\/b>, <b>Mich\u00e8le Layec est<\/b> la premi\u00e8re \u00e9pouse de l&rsquo;homme d&rsquo;affaires fran\u00e7ais Bernard Tapie. N\u00e9e dans les ann\u00e9es 50, elle se marie dans les Yvelines , \u00e0 Rosny-sur-Seine le 8 f\u00e9vrier 1964. Tr\u00e8s discr\u00e8te, elle a v\u00e9cu une relation loin des projecteurs avec l&rsquo;homme d&rsquo;affaires.<\/p>\n<p>C&rsquo;est quoi un cancer stade 4 ? Au <b>stade 4<\/b>, le <b>cancer<\/b> du sein s&rsquo;est propag\u00e9 \u00e0 d&rsquo;autres parties du corps. On dit aussi que <b>c&rsquo;est<\/b> un <b>cancer<\/b> avanc\u00e9 ou m\u00e9tastatique.<\/p>\n<h2><span class=\"ez-toc-section\" id=\"Quel_cancer_a_Francoise_Hardy\"><\/span>Quel cancer \u00e0 Fran\u00e7oise Hardy ?<span class=\"ez-toc-section-end\"><\/span><\/h2>\n<p>Depuis plusieurs ann\u00e9es, <b>Fran\u00e7oise Hardy<\/b> est gravement malade. La chanteuse a d&rsquo;abord eu un <b>cancer<\/b> du syst\u00e8me lymphatique, puis du pharynx et est trait\u00e9e depuis trois ans pour une tumeur du cavum (<b>cancer<\/b> du nasopharynx).<\/p>\n<p>O\u00f9 en est Bernard Tapie ? Bernard Tapie, n\u00e9 le 26 janvier 1943 dans le 20<sup>e<\/sup> arrondissement de Paris et mort le 3 octobre 2021 dans le 7<sup>e<\/sup> arrondissement de Paris, est un homme d&rsquo;affaires et homme politique fran\u00e7ais.<\/p>\n<p>Qui est la m\u00e8re de St\u00e9phane tapis ?<\/p>\n<p>Mich\u00e8le Layec a toujours refus\u00e9 la m\u00e9diatisation, pr\u00e9f\u00e9rant vivre dans l&rsquo;ombre de son mari aux c\u00f4t\u00e9s de leurs deux enfants : Nathalie et <b>St\u00e9phane Tapie<\/b>. Malheureusement, la premi\u00e8re \u00e9pouse de Bernard <b>Tapie<\/b> d\u00e9c\u00e8dera quelques ann\u00e9es plus tard d&rsquo;une leuc\u00e9mie.<\/p>\n<p>Qui est la m\u00e8re de St\u00e9phane et Nathalie Tapie ? <b>Nathalie<\/b> et <b>St\u00e9phane Tapie<\/b>, les premiers-n\u00e9s des enfants de Bernard <b>Tapie<\/b>, d\u00e9c\u00e9d\u00e9 ce dimanche 3 octobre des suites d&rsquo;un cancer de l&rsquo;estomac et de l&rsquo;\u0153sophage, avaient d\u00e9j\u00e0 connu la douleur de perdre leur <b>m\u00e8re<\/b>, Mich\u00e8le Layec, il y a d\u00e9j\u00e0 des ann\u00e9es.<\/p>\n<h2><span class=\"ez-toc-section\" id=\"Comment_savoir_si_un_cancer_est_en_phase_terminale\"><\/span>Comment savoir si un cancer est en phase terminale ?<span class=\"ez-toc-section-end\"><\/span><\/h2>\n<p>La <b>phase terminale<\/b>, qui conduit au d\u00e9c\u00e8s, <b>est<\/b> souvent annonc\u00e9e par des signes dits annonciateurs non sp\u00e9cifiques : troubles neuropsychiques (agitation, somnolence), angoisse de mort, modification des t\u00e9guments : p\u00e2leur, teint cireux, respiration bouche ouverte avec chute des mandibules\u2026<\/p>\n<p>C&rsquo;est quoi un cancer stade 5 ?<\/p>\n<p><b>Cancer<\/b> du sein localement avanc\u00e9 \u2013 La tumeur mesure plus de <b>5<\/b> cm. Le <b>cancer<\/b> peut s&rsquo;\u00eatre propag\u00e9 \u00e0 la peau, aux muscles de la paroi thoracique ou \u00e0 plus de 3 ganglions lymphatiques.<\/p>\n<p>Quelle esp\u00e9rance de vie avec un cancer du poumon stade 4 ? <b>Esp\u00e9rance de vie<\/b> du <b>cancer du poumon<\/b><\/p>\n<p> Le principal facteur reste le <b>stade<\/b> de la tumeur selon son type histologique, allant d&rsquo;une survie globale sup\u00e9rieure \u00e0 75 \u00e0 90% \u00e0 5 ans pour les stades IA, \u00e0 moins de 10% pour les stades <b>IV<\/b> dans les CBNPC.<\/p>\n<p>Qu&rsquo;est-ce que le cancer du syst\u00e8me lymphatique ? Les lymphomes sont des tumeurs malignes du syst\u00e8me <b>lymphatique<\/b>. Ils regroupent un ensemble de prolif\u00e9ration tumorales provenant de lymphocytes B ou T \u00e0 diff\u00e9rents stades. Ils sont responsables du d\u00e9veloppement de tumeurs au niveau des organes <b>lymphatiques<\/b> (ganglions, rate, thymus, amygdales\u2026)<\/p>\n<h2><span class=\"ez-toc-section\" id=\"Quest-ce_que_le_cancer_du_cavum\"><\/span>Qu&rsquo;est-ce que le cancer du cavum ?<span class=\"ez-toc-section-end\"><\/span><\/h2>\n<p>Le <b>cancer du nasopharynx<\/b> (<b>rhinopharynx<\/b> ou <b>cavum<\/b>) <b>est<\/b> un <b>cancer<\/b> d&rsquo;origine \u00e9pith\u00e9liale qui se d\u00e9veloppe dans les cellules de la partie sup\u00e9rieure du pharynx (en arri\u00e8re du nez en haut de la gorge).<\/p>\n<p>Quel m\u00e9tier fait St\u00e9phane Tapie ? <b>St\u00e9phane Tapie<\/b> avait \u00e9galement <b>fait<\/b> une apparition dans Commissaire Valence en 2006, lui qui a, avant La Provence, travaill\u00e9 pour TF1 comme producteur et animateur.<\/p>\n<p>Qui est le p\u00e8re de St\u00e9phane Tapie ?<\/p>\n<p>\u00ab\u00a0Au revoir mon Ph\u00e9nix.\u00a0\u00bb St\u00e9phane Tapie, le fils de <b>Bernard Tapie<\/b>, a rendu hommage ce dimanche matin \u00e0 son p\u00e8re. Atteint d&rsquo;un cancer de l&rsquo;estomac depuis 2017, l&rsquo;homme d&rsquo;affaires est mort \u00e0 l&rsquo;\u00e2ge de 78 ans.<\/p>\n<p>Quel m\u00e9tier fait Nathalie Tapie ? Charg\u00e9 de projets &#8211; ing.<\/p>\n<h3><span class=\"ez-toc-section\" id=\"Quand_la_mort_approche\"><\/span>Quand la mort approche ?<span class=\"ez-toc-section-end\"><\/span><\/h3>\n<p>En s&rsquo;approchant de la <b>mort<\/b>, une personne peut dormir davantage, \u00eatre somnolente ou \u00eatre difficile \u00e0 r\u00e9veiller. Elle peut tomber endormie m\u00eame en parlant. Elle peut aussi perdre lentement conscience au cours des jours ou des heures qui pr\u00e9c\u00e8dent sa <b>mort<\/b>.<\/p>\n<p>Quels sont les signes d&rsquo;une personne en fin de vie ? <b>  Avant un d\u00e9c\u00e8s, l&rsquo;organisme ralentit <\/b> <\/p>\n<ol>\n<li>   Un signe notoire de   <b>    fin de vie   <\/b>   : la perte d&rsquo;app\u00e9tit.  <\/li>\n<li>   Le ralentissement de l&rsquo;activit\u00e9 r\u00e9nale.  <\/li>\n<li>   L&rsquo;affaiblissement extr\u00eame du corps en   <b>    fin de vie   <\/b>   .  <\/li>\n<li>   Les extr\u00e9mit\u00e9s froides.  <\/li>\n<li>   Le changement de couleur de la peau.  <\/li>\n<li>   L&rsquo;incontinence.  <\/li>\n<li>   Les difficult\u00e9s respiratoires.  <\/li>\n<li>   Le gonflement des extr\u00e9mit\u00e9s.  <\/li>\n<\/ol>\n<p>Quels sont les sympt\u00f4mes d&rsquo;un cancer g\u00e9n\u00e9ralis\u00e9 ?<\/p>\n<p>Un <b>  cancer <\/b> est <b>  g\u00e9n\u00e9ralis\u00e9 <\/b> quand, depuis la tumeur initiale, il s&rsquo;est propag\u00e9 dans d&rsquo;autres parties du corps, pour cr\u00e9er de nouvelles tumeurs appel\u00e9es m\u00e9tastases. <br \/> &#8230; <br \/> <b>  Il y a des sympt\u00f4mes communs au  <b>   cancer g\u00e9n\u00e9ralis\u00e9  <\/b>  : <\/b> <\/p>\n<ul>\n<li>   Fatigue.  <\/li>\n<li>   Perte de poids.  <\/li>\n<li>   Manque d&rsquo;app\u00e9tit.  <\/li>\n<\/ul>\n<h2><\/h2>\n","protected":false},"excerpt":{"rendered":"<p>\u00ab\u00a0Contrairement \u00e0 ce qu&rsquo;ont dit certains journaux, elle n&rsquo;est ni mourante ni en danger de mort\u00a0\u00bb, assure-t-il. M\u00eame si les nouvelles sont rassurantes, Thomas Dutronc s&rsquo;est confi\u00e9 sur le calvaire v\u00e9cu par la chanteuse du titre \u00ab\u00a0Le temps de l&rsquo;amour\u00a0\u00bb. Comment va Fran\u00e7oise Hardy aujourd&rsquo;hui ? Elle a eu un cancer mais il n&rsquo;y a [&hellip;]<\/p>\n","protected":false},"author":5,"featured_media":0,"comment_status":"open","ping_status":"open","sticky":false,"template":"","format":"standard","meta":{"tdm_status":"","tdm_grid_status":"","_jetpack_memberships_contains_paid_content":false,"footnotes":"","jetpack_publicize_message":"","jetpack_publicize_feature_enabled":true,"jetpack_social_post_already_shared":true,"jetpack_social_options":{"image_generator_settings":{"template":"highway","default_image_id":0,"font":"","enabled":false},"version":2}},"categories":[80],"tags":[],"class_list":["post-62282","post","type-post","status-publish","format-standard","hentry","category-lifestyle"],"yoast_head":"<!-- This site is optimized with the Yoast SEO Premium plugin v25.0 (Yoast SEO v25.0) - https:\/\/yoast.com\/wordpress\/plugins\/seo\/ -->\n<title>Est-ce que c&#039;est vrai que Fran\u00e7oise Hardy est d\u00e9c\u00e9d\u00e9e ?<\/title>\n<meta name=\"description\" content=\"&quot;Contrairement \u00e0 ce qu&#039;ont dit certains journaux, elle n&#039;est ni mourante ni en danger de mort&quot;, assure-t-il. M\u00eame si les nouvelles sont rassurantes, Thomas Dutronc s&#039;est confi\u00e9 sur le calvaire v\u00e9cu par la chanteuse du titre &quot;Le temps de l&#039;amour&quot;.\" \/>\n<meta name=\"robots\" content=\"index, follow, max-snippet:-1, max-image-preview:large, max-video-preview:-1\" \/>\n<link rel=\"canonical\" href=\"https:\/\/flashmode.tn\/magazine\/est-ce-que-cest-vrai-que-francoise-hardy-est-decedee\/\" \/>\n<meta property=\"og:locale\" content=\"fr_FR\" \/>\n<meta property=\"og:type\" content=\"article\" \/>\n<meta property=\"og:title\" content=\"Est-ce que c&#039;est vrai que Fran\u00e7oise Hardy est d\u00e9c\u00e9d\u00e9e ? - Flashmode Magazine | Magazine de mode et style de vie Num\u00e9ro un en Tunisie et au Maghreb\" \/>\n<meta property=\"og:description\" content=\"&quot;Contrairement \u00e0 ce qu&#039;ont dit certains journaux, elle n&#039;est ni mourante ni en danger de mort&quot;, assure-t-il. M\u00eame si les nouvelles sont rassurantes, Thomas Dutronc s&#039;est confi\u00e9 sur le calvaire v\u00e9cu par la chanteuse du titre &quot;Le temps de l&#039;amour&quot;.\" \/>\n<meta property=\"og:url\" content=\"https:\/\/flashmode.tn\/magazine\/est-ce-que-cest-vrai-que-francoise-hardy-est-decedee\/\" \/>\n<meta property=\"og:site_name\" content=\"Flashmode Magazine | Magazine de mode et style de vie Num\u00e9ro un en Tunisie et au Maghreb\" \/>\n<meta property=\"article:publisher\" content=\"https:\/\/www.facebook.com\/flashmode.magazine\/\" \/>\n<meta property=\"article:published_time\" content=\"2022-03-13T16:09:10+00:00\" \/>\n<meta name=\"author\" content=\"PeopleLife\" \/>\n<meta name=\"twitter:card\" content=\"summary_large_image\" \/>\n<meta name=\"twitter:creator\" content=\"@agenceflashmode\" \/>\n<meta name=\"twitter:site\" content=\"@agenceflashmode\" \/>\n<meta name=\"twitter:label1\" content=\"\u00c9crit par\" \/>\n\t<meta name=\"twitter:data1\" content=\"PeopleLife\" \/>\n\t<meta name=\"twitter:label2\" content=\"Dur\u00e9e de lecture estim\u00e9e\" \/>\n\t<meta name=\"twitter:data2\" content=\"5 minutes\" \/>\n<script type=\"application\/ld+json\" class=\"yoast-schema-graph\">{\"@context\":\"https:\/\/schema.org\",\"@graph\":[{\"@type\":\"WebPage\",\"@id\":\"https:\/\/flashmode.tn\/magazine\/est-ce-que-cest-vrai-que-francoise-hardy-est-decedee\/\",\"url\":\"https:\/\/flashmode.tn\/magazine\/est-ce-que-cest-vrai-que-francoise-hardy-est-decedee\/\",\"name\":\"Est-ce que c'est vrai que Fran\u00e7oise Hardy est d\u00e9c\u00e9d\u00e9e ?\",\"isPartOf\":{\"@id\":\"https:\/\/flashmode.tn\/magazine\/#website\"},\"datePublished\":\"2022-03-13T16:09:10+00:00\",\"author\":{\"@id\":\"https:\/\/flashmode.tn\/magazine\/#\/schema\/person\/6815bd30337e8756d5357219766efcc3\"},\"description\":\"\\\"Contrairement \u00e0 ce qu'ont dit certains journaux, elle n'est ni mourante ni en danger de mort\\\", assure-t-il. M\u00eame si les nouvelles sont rassurantes, Thomas Dutronc s'est confi\u00e9 sur le calvaire v\u00e9cu par la chanteuse du titre \\\"Le temps de l'amour\\\".\",\"breadcrumb\":{\"@id\":\"https:\/\/flashmode.tn\/magazine\/est-ce-que-cest-vrai-que-francoise-hardy-est-decedee\/#breadcrumb\"},\"inLanguage\":\"fr-FR\",\"potentialAction\":[{\"@type\":\"ReadAction\",\"target\":[\"https:\/\/flashmode.tn\/magazine\/est-ce-que-cest-vrai-que-francoise-hardy-est-decedee\/\"]}]},{\"@type\":\"BreadcrumbList\",\"@id\":\"https:\/\/flashmode.tn\/magazine\/est-ce-que-cest-vrai-que-francoise-hardy-est-decedee\/#breadcrumb\",\"itemListElement\":[{\"@type\":\"ListItem\",\"position\":1,\"name\":\"Accueil\",\"item\":\"https:\/\/flashmode.tn\/magazine\/\"},{\"@type\":\"ListItem\",\"position\":2,\"name\":\"Est-ce que c&rsquo;est vrai que Fran\u00e7oise Hardy est d\u00e9c\u00e9d\u00e9e ?\"}]},{\"@type\":\"WebSite\",\"@id\":\"https:\/\/flashmode.tn\/magazine\/#website\",\"url\":\"https:\/\/flashmode.tn\/magazine\/\",\"name\":\"Flashmode Magazine | Magazine de mode et style de vie Num\u00e9ro un en Tunisie et au Maghreb\",\"description\":\"Magazine de mode et style de vie Num\u00e9ro un en Tunisie et au Maghreb, cr\u00e9\u00e9 pour les hommes et les femmes : conseils beaut\u00e9, mode femme, mode homme, recettes de cuisine, c\u00e9l\u00e9brit\u00e9s et people, mannequins et top modeles\",\"potentialAction\":[{\"@type\":\"SearchAction\",\"target\":{\"@type\":\"EntryPoint\",\"urlTemplate\":\"https:\/\/flashmode.tn\/magazine\/?s={search_term_string}\"},\"query-input\":{\"@type\":\"PropertyValueSpecification\",\"valueRequired\":true,\"valueName\":\"search_term_string\"}}],\"inLanguage\":\"fr-FR\"},{\"@type\":\"Person\",\"@id\":\"https:\/\/flashmode.tn\/magazine\/#\/schema\/person\/6815bd30337e8756d5357219766efcc3\",\"name\":\"PeopleLife\",\"image\":{\"@type\":\"ImageObject\",\"inLanguage\":\"fr-FR\",\"@id\":\"https:\/\/flashmode.tn\/magazine\/#\/schema\/person\/image\/\",\"url\":\"https:\/\/secure.gravatar.com\/avatar\/8098f49196034391d93ae20d939ad33b14f6b745c986049ad803a54f4113e18c?s=96&d=mm&r=g\",\"contentUrl\":\"https:\/\/secure.gravatar.com\/avatar\/8098f49196034391d93ae20d939ad33b14f6b745c986049ad803a54f4113e18c?s=96&d=mm&r=g\",\"caption\":\"PeopleLife\"},\"url\":\"https:\/\/flashmode.tn\/magazine\/author\/peoplelife\/\"}]}<\/script>\n<!-- \/ Yoast SEO Premium plugin. -->","yoast_head_json":{"title":"Est-ce que c'est vrai que Fran\u00e7oise Hardy est d\u00e9c\u00e9d\u00e9e ?","description":"\"Contrairement \u00e0 ce qu'ont dit certains journaux, elle n'est ni mourante ni en danger de mort\", assure-t-il. M\u00eame si les nouvelles sont rassurantes, Thomas Dutronc s'est confi\u00e9 sur le calvaire v\u00e9cu par la chanteuse du titre \"Le temps de l'amour\".","robots":{"index":"index","follow":"follow","max-snippet":"max-snippet:-1","max-image-preview":"max-image-preview:large","max-video-preview":"max-video-preview:-1"},"canonical":"https:\/\/flashmode.tn\/magazine\/est-ce-que-cest-vrai-que-francoise-hardy-est-decedee\/","og_locale":"fr_FR","og_type":"article","og_title":"Est-ce que c'est vrai que Fran\u00e7oise Hardy est d\u00e9c\u00e9d\u00e9e ? - Flashmode Magazine | Magazine de mode et style de vie Num\u00e9ro un en Tunisie et au Maghreb","og_description":"\"Contrairement \u00e0 ce qu'ont dit certains journaux, elle n'est ni mourante ni en danger de mort\", assure-t-il. M\u00eame si les nouvelles sont rassurantes, Thomas Dutronc s'est confi\u00e9 sur le calvaire v\u00e9cu par la chanteuse du titre \"Le temps de l'amour\".","og_url":"https:\/\/flashmode.tn\/magazine\/est-ce-que-cest-vrai-que-francoise-hardy-est-decedee\/","og_site_name":"Flashmode Magazine | Magazine de mode et style de vie Num\u00e9ro un en Tunisie et au Maghreb","article_publisher":"https:\/\/www.facebook.com\/flashmode.magazine\/","article_published_time":"2022-03-13T16:09:10+00:00","author":"PeopleLife","twitter_card":"summary_large_image","twitter_creator":"@agenceflashmode","twitter_site":"@agenceflashmode","twitter_misc":{"\u00c9crit par":"PeopleLife","Dur\u00e9e de lecture estim\u00e9e":"5 minutes"},"schema":{"@context":"https:\/\/schema.org","@graph":[{"@type":"WebPage","@id":"https:\/\/flashmode.tn\/magazine\/est-ce-que-cest-vrai-que-francoise-hardy-est-decedee\/","url":"https:\/\/flashmode.tn\/magazine\/est-ce-que-cest-vrai-que-francoise-hardy-est-decedee\/","name":"Est-ce que c'est vrai que Fran\u00e7oise Hardy est d\u00e9c\u00e9d\u00e9e ?","isPartOf":{"@id":"https:\/\/flashmode.tn\/magazine\/#website"},"datePublished":"2022-03-13T16:09:10+00:00","author":{"@id":"https:\/\/flashmode.tn\/magazine\/#\/schema\/person\/6815bd30337e8756d5357219766efcc3"},"description":"\"Contrairement \u00e0 ce qu'ont dit certains journaux, elle n'est ni mourante ni en danger de mort\", assure-t-il. M\u00eame si les nouvelles sont rassurantes, Thomas Dutronc s'est confi\u00e9 sur le calvaire v\u00e9cu par la chanteuse du titre \"Le temps de l'amour\".","breadcrumb":{"@id":"https:\/\/flashmode.tn\/magazine\/est-ce-que-cest-vrai-que-francoise-hardy-est-decedee\/#breadcrumb"},"inLanguage":"fr-FR","potentialAction":[{"@type":"ReadAction","target":["https:\/\/flashmode.tn\/magazine\/est-ce-que-cest-vrai-que-francoise-hardy-est-decedee\/"]}]},{"@type":"BreadcrumbList","@id":"https:\/\/flashmode.tn\/magazine\/est-ce-que-cest-vrai-que-francoise-hardy-est-decedee\/#breadcrumb","itemListElement":[{"@type":"ListItem","position":1,"name":"Accueil","item":"https:\/\/flashmode.tn\/magazine\/"},{"@type":"ListItem","position":2,"name":"Est-ce que c&rsquo;est vrai que Fran\u00e7oise Hardy est d\u00e9c\u00e9d\u00e9e ?"}]},{"@type":"WebSite","@id":"https:\/\/flashmode.tn\/magazine\/#website","url":"https:\/\/flashmode.tn\/magazine\/","name":"Flashmode Magazine | Magazine de mode et style de vie Num\u00e9ro un en Tunisie et au Maghreb","description":"Magazine de mode et style de vie Num\u00e9ro un en Tunisie et au Maghreb, cr\u00e9\u00e9 pour les hommes et les femmes : conseils beaut\u00e9, mode femme, mode homme, recettes de cuisine, c\u00e9l\u00e9brit\u00e9s et people, mannequins et top modeles","potentialAction":[{"@type":"SearchAction","target":{"@type":"EntryPoint","urlTemplate":"https:\/\/flashmode.tn\/magazine\/?s={search_term_string}"},"query-input":{"@type":"PropertyValueSpecification","valueRequired":true,"valueName":"search_term_string"}}],"inLanguage":"fr-FR"},{"@type":"Person","@id":"https:\/\/flashmode.tn\/magazine\/#\/schema\/person\/6815bd30337e8756d5357219766efcc3","name":"PeopleLife","image":{"@type":"ImageObject","inLanguage":"fr-FR","@id":"https:\/\/flashmode.tn\/magazine\/#\/schema\/person\/image\/","url":"https:\/\/secure.gravatar.com\/avatar\/8098f49196034391d93ae20d939ad33b14f6b745c986049ad803a54f4113e18c?s=96&d=mm&r=g","contentUrl":"https:\/\/secure.gravatar.com\/avatar\/8098f49196034391d93ae20d939ad33b14f6b745c986049ad803a54f4113e18c?s=96&d=mm&r=g","caption":"PeopleLife"},"url":"https:\/\/flashmode.tn\/magazine\/author\/peoplelife\/"}]}},"jetpack_publicize_connections":[],"jetpack_featured_media_url":"","jetpack_shortlink":"https:\/\/wp.me\/p8BPGr-gcy","jetpack_sharing_enabled":true,"_links":{"self":[{"href":"https:\/\/flashmode.tn\/magazine\/wp-json\/wp\/v2\/posts\/62282","targetHints":{"allow":["GET"]}}],"collection":[{"href":"https:\/\/flashmode.tn\/magazine\/wp-json\/wp\/v2\/posts"}],"about":[{"href":"https:\/\/flashmode.tn\/magazine\/wp-json\/wp\/v2\/types\/post"}],"author":[{"embeddable":true,"href":"https:\/\/flashmode.tn\/magazine\/wp-json\/wp\/v2\/users\/5"}],"replies":[{"embeddable":true,"href":"https:\/\/flashmode.tn\/magazine\/wp-json\/wp\/v2\/comments?post=62282"}],"version-history":[{"count":0,"href":"https:\/\/flashmode.tn\/magazine\/wp-json\/wp\/v2\/posts\/62282\/revisions"}],"wp:attachment":[{"href":"https:\/\/flashmode.tn\/magazine\/wp-json\/wp\/v2\/media?parent=62282"}],"wp:term":[{"taxonomy":"category","embeddable":true,"href":"https:\/\/flashmode.tn\/magazine\/wp-json\/wp\/v2\/categories?post=62282"},{"taxonomy":"post_tag","embeddable":true,"href":"https:\/\/flashmode.tn\/magazine\/wp-json\/wp\/v2\/tags?post=62282"}],"curies":[{"name":"wp","href":"https:\/\/api.w.org\/{rel}","templated":true}]}}