{"id":62684,"date":"2022-01-19T20:08:40","date_gmt":"2022-01-19T19:08:40","guid":{"rendered":"https:\/\/flashmode.tn\/magazine\/?p=62684"},"modified":"2022-01-19T20:08:40","modified_gmt":"2022-01-19T19:08:40","slug":"quelle-est-lorigine-de-olivier-giroud","status":"publish","type":"post","link":"https:\/\/flashmode.tn\/magazine\/quelle-est-lorigine-de-olivier-giroud\/","title":{"rendered":"Quelle est l&rsquo;origine de Olivier Giroud ?"},"content":{"rendered":"<p><b>Origine<\/b> familiale<\/p>\n<p> <b>Olivier Giroud est<\/b> le fils de Denis <b>Giroud<\/b> et de Viviane Arnaud-Goddet. Il a deux grands-p\u00e8res fran\u00e7ais (Henri <b>Giroud<\/b> et Jean Arnaud-Goddet) et deux grands-m\u00e8res italiennes (Yvonne Avogrado et Antonia Gaiatto).<\/p>\n<p>O\u00f9 a \u00e9t\u00e9 form\u00e9 Griezmann ? N\u00e9 le 21 mars 1991 \u00e0 M\u00e2con, Antoine <b>Griezmann est<\/b> un footballeur professionnel fran\u00e7ais \u00e9voluant au poste de milieu offensif. Apr\u00e8s des d\u00e9buts prometteurs dans le club de sa ville natale, Antoine <b>Griezmann<\/b> rejoint d\u00e8s 2005 le centre de formation de la Real Sociedad.<\/p>\n<p>or Quelle est l&rsquo;origine de Karim Benzema ? FOOTBALL &#8211; L&rsquo;attaquant d&rsquo;<b>origine<\/b> alg\u00e9rienne <b>Karim Benzema<\/b> \u00e9tait le meilleur buteur en activit\u00e9 de l&rsquo;\u00e9quipe de France (27 buts en 81 s\u00e9lections). Apr\u00e8s 81 matchs sous le maillot des Bleus en \u00e9quipe de France, le footballeur <b>Karim Benzema<\/b>, \u00e2g\u00e9 de 28 ans, n&rsquo;a pas \u00e9t\u00e9 s\u00e9lectionn\u00e9 pour l&rsquo;Euro 2016.<\/p>\n<p>Quelle est l&rsquo;origine de Hugo Lloris ? Hugo Lloris <\/p>\n<table>\n<tbody>\n<tr>\n<th>     Situation actuelle    <\/th>\n<\/tr>\n<tr>\n<td>     Nom    <\/td>\n<td>     <b>      Hugo     <\/b>     Hadrien Dominique     <b>      Lloris     <\/b>    <\/td>\n<\/tr>\n<tr>\n<td>     Nationalit\u00e9    <\/td>\n<td>     Fran\u00e7ais    <\/td>\n<\/tr>\n<tr>\n<td>     Naissance    <\/td>\n<td>     26 d\u00e9cembre 1986 Nice (France)    <\/td>\n<\/tr>\n<tr>\n<td>     Taille    <\/td>\n<td>     1,88 m (6\u2032 2\u2033)    <\/td>\n<\/tr>\n<\/tbody>\n<\/table>\n<div id=\"ez-toc-container\" class=\"ez-toc-v2_0_81 counter-hierarchy ez-toc-counter ez-toc-grey ez-toc-container-direction\">\n<div class=\"ez-toc-title-container\">\n<p class=\"ez-toc-title\" style=\"cursor:inherit\">Contenus de la page<\/p>\n<span class=\"ez-toc-title-toggle\"><a href=\"#\" class=\"ez-toc-pull-right ez-toc-btn ez-toc-btn-xs ez-toc-btn-default ez-toc-toggle\" aria-label=\"Toggle Table of Content\"><span class=\"ez-toc-js-icon-con\"><span class=\"\"><span class=\"eztoc-hide\" style=\"display:none;\">Toggle<\/span><span class=\"ez-toc-icon-toggle-span\"><svg style=\"fill: #999;color:#999\" xmlns=\"http:\/\/www.w3.org\/2000\/svg\" class=\"list-377408\" width=\"20px\" height=\"20px\" viewBox=\"0 0 24 24\" fill=\"none\"><path d=\"M6 6H4v2h2V6zm14 0H8v2h12V6zM4 11h2v2H4v-2zm16 0H8v2h12v-2zM4 16h2v2H4v-2zm16 0H8v2h12v-2z\" fill=\"currentColor\"><\/path><\/svg><svg style=\"fill: #999;color:#999\" class=\"arrow-unsorted-368013\" xmlns=\"http:\/\/www.w3.org\/2000\/svg\" width=\"10px\" height=\"10px\" viewBox=\"0 0 24 24\" version=\"1.2\" baseProfile=\"tiny\"><path d=\"M18.2 9.3l-6.2-6.3-6.2 6.3c-.2.2-.3.4-.3.7s.1.5.3.7c.2.2.4.3.7.3h11c.3 0 .5-.1.7-.3.2-.2.3-.5.3-.7s-.1-.5-.3-.7zM5.8 14.7l6.2 6.3 6.2-6.3c.2-.2.3-.5.3-.7s-.1-.5-.3-.7c-.2-.2-.4-.3-.7-.3h-11c-.3 0-.5.1-.7.3-.2.2-.3.5-.3.7s.1.5.3.7z\"\/><\/svg><\/span><\/span><\/span><\/a><\/span><\/div>\n<nav><ul class='ez-toc-list ez-toc-list-level-1 ' ><li class='ez-toc-page-1 ez-toc-heading-level-2'><a class=\"ez-toc-link ez-toc-heading-1\" href=\"https:\/\/flashmode.tn\/magazine\/quelle-est-lorigine-de-olivier-giroud\/#Quelle_est_lorigine_de_Ngolo_Kante\" >Quelle est l&rsquo;origine de Ngolo Kant\u00e9 ?<\/a><\/li><li class='ez-toc-page-1 ez-toc-heading-level-2'><a class=\"ez-toc-link ez-toc-heading-2\" href=\"https:\/\/flashmode.tn\/magazine\/quelle-est-lorigine-de-olivier-giroud\/#Quel_est_lorigine_de_Kimpembe\" >Quel est l&rsquo;origine de Kimpembe ?<\/a><\/li><li class='ez-toc-page-1 ez-toc-heading-level-2'><a class=\"ez-toc-link ez-toc-heading-3\" href=\"https:\/\/flashmode.tn\/magazine\/quelle-est-lorigine-de-olivier-giroud\/#Ou_joue_Griezmann_en_2022\" >O\u00f9 joue Griezmann en 2022 ?<\/a><\/li><li class='ez-toc-page-1 ez-toc-heading-level-2'><a class=\"ez-toc-link ez-toc-heading-4\" href=\"https:\/\/flashmode.tn\/magazine\/quelle-est-lorigine-de-olivier-giroud\/#Quelle_est_lorigine_de_Kingsley_Coman\" >Quelle est l&rsquo;origine de Kingsley Coman ?<\/a><ul class='ez-toc-list-level-3' ><li class='ez-toc-heading-level-3'><a class=\"ez-toc-link ez-toc-heading-5\" href=\"https:\/\/flashmode.tn\/magazine\/quelle-est-lorigine-de-olivier-giroud\/#Ou_joue_Cavani_2021\" >O\u00f9 joue Cavani 2021 ?<\/a><\/li><\/ul><\/li><\/ul><\/nav><\/div>\n<h2><span class=\"ez-toc-section\" id=\"Quelle_est_lorigine_de_Ngolo_Kante\"><\/span>Quelle est l&rsquo;origine de Ngolo Kant\u00e9 ?<span class=\"ez-toc-section-end\"><\/span><\/h2>\n<p>D&rsquo;<b>origine<\/b> malienne, <b>N&rsquo;golo Kant\u00e9<\/b> voit le jour \u00e0 Paris le 29 mars 1991. Durant toute sa jeunesse qu&rsquo;il passe \u00e0 Suresnes, le milieu de terrain de Chelsea FC s&rsquo;adonne \u00e0 <b>la<\/b> pratique du football.<\/p>\n<p>O\u00f9 va jouer Griezmann ? Il a notamment disput\u00e9 le Mondial 2018 en Russie avec les Bleus. Antoine <b>Griezmann<\/b> est un footballeur \u00e9voluant au poste d&rsquo;attaquant. Il <b>joue<\/b> sous les couleurs de l&rsquo;\u00e9quipe de l&rsquo;Atl\u00e9tico Madrid et pour l&rsquo;\u00c9quipe de France. Il a notamment disput\u00e9 le Mondial 2018 en Russie avec les Bleus.<\/p>\n<p>Quelle est l&rsquo;origine de Rapha\u00ebl Varane ? <b>Rapha\u00ebl<\/b> Xavier <b>Varane est<\/b> n\u00e9 \u00e0 Lille de p\u00e8re martiniquais et de m\u00e8re amandinoise. Apr\u00e8s avoir commenc\u00e9 le sport par le rugby, il opte pour le football dans le club d&rsquo;Hellemmes, commune associ\u00e9e \u00e0 la capitale des Flandres.<\/p>\n<p>Quelle est l&rsquo;origine de Riyad Mahrez ? <b>Riyad<\/b> poss\u00e8de deux nationalit\u00e9s : fran\u00e7aise et alg\u00e9rienne. Son p\u00e8re, Ahmed, meurt en 2006, d&rsquo;une crise cardiaque. \u00c9galement footballeur, il jouait dans son pays d&rsquo;<b>origine<\/b>. Il \u00e9tait \u00e9lectronicien, originaire de la ville de Beni Snous dans la wilaya de Tlemcen.<\/p>\n<h2><span class=\"ez-toc-section\" id=\"Quel_est_lorigine_de_Kimpembe\"><\/span>Quel est l&rsquo;origine de Kimpembe ?<span class=\"ez-toc-section-end\"><\/span><\/h2>\n<p>La m\u00e8re de Presnel <b>Kimpembe est<\/b> d&rsquo;<b>origine<\/b> ha\u00eftienne, son p\u00e8re vient de la R\u00e9publique d\u00e9mocratique\u2026 Il vous reste 78% de l&rsquo;article \u00e0 lire.<\/p>\n<p>Qui sont les parents de Ngolo Kant\u00e9 ? Ses <b>parents sont<\/b> des immigr\u00e9s maliens. <b>N&rsquo;Golo Kant\u00e9<\/b> poss\u00e8de d&rsquo;ailleurs la double nationalit\u00e9, fran\u00e7aise et malienne. Dans <b>son<\/b> enfance, sa <b>m\u00e8re<\/b> travaille comme femme de m\u00e9nage tandis <b>que son p\u00e8re<\/b> est \u00e9boueur.<\/p>\n<p>Quelle est l&rsquo;origine de Kimpembe ?<\/p>\n<p>Footballeur international fran\u00e7ais n\u00e9 le 13 ao\u00fbt 1995, Presnel <b>Kimpembe<\/b> commence l&rsquo;apprentissage du football \u00e0 l&rsquo;\u00e2ge de 7 ans \u00e0 l&rsquo;AS Eragny. Fruit de l&rsquo;union entre un p\u00e8re congolais et une m\u00e8re ha\u00eftienne, Presnel <b>Kimpembe<\/b> rejoint ensuite le centre de formation du Paris Saint-Germain.<\/p>\n<p>O\u00f9 joue Cavanie ? Edinson Cavani G\u00f3mez, couramment appel\u00e9 Edinson Cavani et surnomm\u00e9 El Matador en espagnol, n\u00e9 le 14 f\u00e9vrier 1987 \u00e0 Salto, est un footballeur international uruguayen qui \u00e9volue au poste d&rsquo;attaquant \u00e0 <b>Manchester United<\/b>.<\/p>\n<h2><span class=\"ez-toc-section\" id=\"Ou_joue_Griezmann_en_2022\"><\/span>O\u00f9 joue Griezmann en 2022 ?<span class=\"ez-toc-section-end\"><\/span><\/h2>\n<p>Un retour \u00e0 la maison marqu\u00e9 par un renouveau puisqu&rsquo;il arborera le num\u00e9ro 8 pour la saison 2021-<b>2022<\/b>. Ce second acte plein d&rsquo;ambitions \u00e0 l&rsquo;Atletico Madrid commence ce dimanche \u00e0 14h sur la pelouse de l&rsquo;Espanyol Barcelone.<\/p>\n<p>O\u00f9 joue Loris ?<\/p>\n<p>Hugo Lloris, n\u00e9 le 26 d\u00e9cembre 1986 \u00e0 Nice, est un footballeur international fran\u00e7ais qui \u00e9volue au poste de gardien de but \u00e0 <b>Tottenham<\/b> Hotspur.<\/p>\n<p>Quel est le premier club de Rapha\u00ebl Varane ? <b>Rapha\u00ebl Varane est<\/b> un footballeur international fran\u00e7ais, n\u00e9 \u00e0 Lille le 25 avril 1993. Talent pr\u00e9coce, <b>Rapha\u00ebl Varane<\/b> int\u00e8gre les \u00e9quipes de jeunes du Racing <b>Club<\/b> de Lens d\u00e8s l&rsquo;\u00e2ge de neuf ans. Il gravit les \u00e9chelons rapidement, en surclassant ses co\u00e9quipiers gr\u00e2ce \u00e0 sa technique et sa maturit\u00e9.<\/p>\n<p>Quelle est l&rsquo;origine de mbappe ? Kylian <b>Mbapp\u00e9 est<\/b> d&rsquo;<b>origine<\/b> camerounaise par son p\u00e8re et alg\u00e9rienne par sa m\u00e8re. Jir\u00e8s Kembo Ekoko <b>est<\/b> \u00e9lev\u00e9 par les parents de Kylian. Il a aussi un petit fr\u00e8re, Ethan. Kylian <b>Mbapp\u00e9<\/b> fait ses d\u00e9buts dans le football en 2004 \u00e0 l&rsquo;AS Bondy.<\/p>\n<h2><span class=\"ez-toc-section\" id=\"Quelle_est_lorigine_de_Kingsley_Coman\"><\/span>Quelle est l&rsquo;origine de Kingsley Coman ?<span class=\"ez-toc-section-end\"><\/span><\/h2>\n<p><b>Kingsley Coman<\/b>, n\u00e9 le 13 juin 1996 \u00e0 Paris, <b>est<\/b> un footballeur international fran\u00e7ais qui \u00e9volue au poste de milieu gauche au Bayern Munich. D&rsquo;<b>origine<\/b> guadeloup\u00e9enne, <b>Coman<\/b> grandit \u00e0 Moissy-Cramayel en banlieue parisienne et int\u00e8gre dans sa jeunesse le Paris Saint-Germain.<\/p>\n<p>Quelle est l&rsquo;origine de Kurt Zouma ? N\u00e9 \u00e0 Lyon de parents centrafricains, le jeune <b>Kurt Zouma<\/b> grandit dans un environnement familial impr\u00e9gn\u00e9 de football et fait ses d\u00e9buts en club en 2003 au FC Vaulx en Velin, dans <b>la<\/b> proche banlieue lyonnaise.<\/p>\n<p>Qui est le meilleur joueur de Chelsea en 2021 ?<\/p>\n<p>Le milieu de <b>Chelsea<\/b> Jorginho d\u00e9sign\u00e9 <b>meilleur Joueur<\/b> UEFA de l&rsquo;ann\u00e9e devant Kevin De Bruyne &#8211; Le Soir.<\/p>\n<p>Pourquoi Kant\u00e9 ne joue pas ? Ligue des champions : positif au Covid, N&rsquo;Golo <b>Kant\u00e9<\/b> forfait contre la Juventus. &#8230; La quarantaine exig\u00e9e par le gouvernement britannique en cas de contamination au Covid \u00e9tant de dix jours, cela signifie qu&rsquo;il <b>ne<\/b> pourra <b>pas<\/b> non plus <b>jouer<\/b> samedi en championnat contre Southampton.<\/p>\n<h3><span class=\"ez-toc-section\" id=\"Ou_joue_Cavani_2021\"><\/span>O\u00f9 joue Cavani 2021 ?<span class=\"ez-toc-section-end\"><\/span><\/h3>\n<p>L&rsquo;attaquant uruguayen, en manque de temps de jeu, \u00e0 des envies de d\u00e9part et sait d\u00e9j\u00e0 o\u00f9 il voudrait rebondir. 5 matchs, 1 but. Voil\u00e0 les stats qu&rsquo;affiche \u00abEl Matador\u00bb en ce d\u00e9but d&rsquo;exercice <b>2021<\/b>-2022.<\/p>\n<p>O\u00f9 a \u00e9t\u00e9 transf\u00e9r\u00e9 Cavani ? Selon les informations de TyC Sports, Edinson <b>Cavani<\/b> a en effet d\u00e9cid\u00e9 de rejoindre le FC Barcelone d\u00e8s le mercato hivernal. Le m\u00e9dia argentin explique que Boca Juniors a contact\u00e9 le principal concern\u00e9 pour prendre la temp\u00e9rature et tenter de le recruter mais que le joueur de 34 ans a refus\u00e9.<\/p>\n<h2><\/h2>\n","protected":false},"excerpt":{"rendered":"<p>Origine familiale Olivier Giroud est le fils de Denis Giroud et de Viviane Arnaud-Goddet. Il a deux grands-p\u00e8res fran\u00e7ais (Henri Giroud et Jean Arnaud-Goddet) et deux grands-m\u00e8res italiennes (Yvonne Avogrado et Antonia Gaiatto). O\u00f9 a \u00e9t\u00e9 form\u00e9 Griezmann ? N\u00e9 le 21 mars 1991 \u00e0 M\u00e2con, Antoine Griezmann est un footballeur professionnel fran\u00e7ais \u00e9voluant au [&hellip;]<\/p>\n","protected":false},"author":5,"featured_media":0,"comment_status":"open","ping_status":"open","sticky":false,"template":"","format":"standard","meta":{"tdm_status":"","tdm_grid_status":"","_jetpack_memberships_contains_paid_content":false,"footnotes":"","jetpack_publicize_message":"","jetpack_publicize_feature_enabled":true,"jetpack_social_post_already_shared":true,"jetpack_social_options":{"image_generator_settings":{"template":"highway","default_image_id":0,"font":"","enabled":false},"version":2}},"categories":[80],"tags":[],"class_list":["post-62684","post","type-post","status-publish","format-standard","hentry","category-lifestyle"],"yoast_head":"<!-- This site is optimized with the Yoast SEO Premium plugin v25.0 (Yoast SEO v25.0) - https:\/\/yoast.com\/wordpress\/plugins\/seo\/ -->\n<title>Quelle est l&#039;origine de Olivier Giroud ?<\/title>\n<meta name=\"description\" content=\"Origine familiale Olivier Giroud est le fils de Denis Giroud et de Viviane Arnaud-Goddet. Il a deux grands-p\u00e8res fran\u00e7ais (Henri Giroud et Jean Arnaud-Goddet) et deux grands-m\u00e8res italiennes (Yvonne Avogrado et Antonia Gaiatto).\" \/>\n<meta name=\"robots\" content=\"index, follow, max-snippet:-1, max-image-preview:large, max-video-preview:-1\" \/>\n<link rel=\"canonical\" href=\"https:\/\/flashmode.tn\/magazine\/quelle-est-lorigine-de-olivier-giroud\/\" \/>\n<meta property=\"og:locale\" content=\"fr_FR\" \/>\n<meta property=\"og:type\" content=\"article\" \/>\n<meta property=\"og:title\" content=\"Quelle est l&#039;origine de Olivier Giroud ? - Flashmode Magazine | Magazine de mode et style de vie Num\u00e9ro un en Tunisie et au Maghreb\" \/>\n<meta property=\"og:description\" content=\"Origine familiale Olivier Giroud est le fils de Denis Giroud et de Viviane Arnaud-Goddet. Il a deux grands-p\u00e8res fran\u00e7ais (Henri Giroud et Jean Arnaud-Goddet) et deux grands-m\u00e8res italiennes (Yvonne Avogrado et Antonia Gaiatto).\" \/>\n<meta property=\"og:url\" content=\"https:\/\/flashmode.tn\/magazine\/quelle-est-lorigine-de-olivier-giroud\/\" \/>\n<meta property=\"og:site_name\" content=\"Flashmode Magazine | Magazine de mode et style de vie Num\u00e9ro un en Tunisie et au Maghreb\" \/>\n<meta property=\"article:publisher\" content=\"https:\/\/www.facebook.com\/flashmode.magazine\/\" \/>\n<meta property=\"article:published_time\" content=\"2022-01-19T19:08:40+00:00\" \/>\n<meta name=\"author\" content=\"PeopleLife\" \/>\n<meta name=\"twitter:card\" content=\"summary_large_image\" \/>\n<meta name=\"twitter:creator\" content=\"@agenceflashmode\" \/>\n<meta name=\"twitter:site\" content=\"@agenceflashmode\" \/>\n<meta name=\"twitter:label1\" content=\"\u00c9crit par\" \/>\n\t<meta name=\"twitter:data1\" content=\"PeopleLife\" \/>\n\t<meta name=\"twitter:label2\" content=\"Dur\u00e9e de lecture estim\u00e9e\" \/>\n\t<meta name=\"twitter:data2\" content=\"5 minutes\" \/>\n<script type=\"application\/ld+json\" class=\"yoast-schema-graph\">{\"@context\":\"https:\/\/schema.org\",\"@graph\":[{\"@type\":\"WebPage\",\"@id\":\"https:\/\/flashmode.tn\/magazine\/quelle-est-lorigine-de-olivier-giroud\/\",\"url\":\"https:\/\/flashmode.tn\/magazine\/quelle-est-lorigine-de-olivier-giroud\/\",\"name\":\"Quelle est l'origine de Olivier Giroud ?\",\"isPartOf\":{\"@id\":\"https:\/\/flashmode.tn\/magazine\/#website\"},\"datePublished\":\"2022-01-19T19:08:40+00:00\",\"author\":{\"@id\":\"https:\/\/flashmode.tn\/magazine\/#\/schema\/person\/6815bd30337e8756d5357219766efcc3\"},\"description\":\"Origine familiale Olivier Giroud est le fils de Denis Giroud et de Viviane Arnaud-Goddet. Il a deux grands-p\u00e8res fran\u00e7ais (Henri Giroud et Jean Arnaud-Goddet) et deux grands-m\u00e8res italiennes (Yvonne Avogrado et Antonia Gaiatto).\",\"breadcrumb\":{\"@id\":\"https:\/\/flashmode.tn\/magazine\/quelle-est-lorigine-de-olivier-giroud\/#breadcrumb\"},\"inLanguage\":\"fr-FR\",\"potentialAction\":[{\"@type\":\"ReadAction\",\"target\":[\"https:\/\/flashmode.tn\/magazine\/quelle-est-lorigine-de-olivier-giroud\/\"]}]},{\"@type\":\"BreadcrumbList\",\"@id\":\"https:\/\/flashmode.tn\/magazine\/quelle-est-lorigine-de-olivier-giroud\/#breadcrumb\",\"itemListElement\":[{\"@type\":\"ListItem\",\"position\":1,\"name\":\"Accueil\",\"item\":\"https:\/\/flashmode.tn\/magazine\/\"},{\"@type\":\"ListItem\",\"position\":2,\"name\":\"Quelle est l&rsquo;origine de Olivier Giroud ?\"}]},{\"@type\":\"WebSite\",\"@id\":\"https:\/\/flashmode.tn\/magazine\/#website\",\"url\":\"https:\/\/flashmode.tn\/magazine\/\",\"name\":\"Flashmode Magazine | Magazine de mode et style de vie Num\u00e9ro un en Tunisie et au Maghreb\",\"description\":\"Magazine de mode et style de vie Num\u00e9ro un en Tunisie et au Maghreb, cr\u00e9\u00e9 pour les hommes et les femmes : conseils beaut\u00e9, mode femme, mode homme, recettes de cuisine, c\u00e9l\u00e9brit\u00e9s et people, mannequins et top modeles\",\"potentialAction\":[{\"@type\":\"SearchAction\",\"target\":{\"@type\":\"EntryPoint\",\"urlTemplate\":\"https:\/\/flashmode.tn\/magazine\/?s={search_term_string}\"},\"query-input\":{\"@type\":\"PropertyValueSpecification\",\"valueRequired\":true,\"valueName\":\"search_term_string\"}}],\"inLanguage\":\"fr-FR\"},{\"@type\":\"Person\",\"@id\":\"https:\/\/flashmode.tn\/magazine\/#\/schema\/person\/6815bd30337e8756d5357219766efcc3\",\"name\":\"PeopleLife\",\"image\":{\"@type\":\"ImageObject\",\"inLanguage\":\"fr-FR\",\"@id\":\"https:\/\/flashmode.tn\/magazine\/#\/schema\/person\/image\/\",\"url\":\"https:\/\/secure.gravatar.com\/avatar\/8098f49196034391d93ae20d939ad33b14f6b745c986049ad803a54f4113e18c?s=96&d=mm&r=g\",\"contentUrl\":\"https:\/\/secure.gravatar.com\/avatar\/8098f49196034391d93ae20d939ad33b14f6b745c986049ad803a54f4113e18c?s=96&d=mm&r=g\",\"caption\":\"PeopleLife\"},\"url\":\"https:\/\/flashmode.tn\/magazine\/author\/peoplelife\/\"}]}<\/script>\n<!-- \/ Yoast SEO Premium plugin. -->","yoast_head_json":{"title":"Quelle est l'origine de Olivier Giroud ?","description":"Origine familiale Olivier Giroud est le fils de Denis Giroud et de Viviane Arnaud-Goddet. Il a deux grands-p\u00e8res fran\u00e7ais (Henri Giroud et Jean Arnaud-Goddet) et deux grands-m\u00e8res italiennes (Yvonne Avogrado et Antonia Gaiatto).","robots":{"index":"index","follow":"follow","max-snippet":"max-snippet:-1","max-image-preview":"max-image-preview:large","max-video-preview":"max-video-preview:-1"},"canonical":"https:\/\/flashmode.tn\/magazine\/quelle-est-lorigine-de-olivier-giroud\/","og_locale":"fr_FR","og_type":"article","og_title":"Quelle est l'origine de Olivier Giroud ? - Flashmode Magazine | Magazine de mode et style de vie Num\u00e9ro un en Tunisie et au Maghreb","og_description":"Origine familiale Olivier Giroud est le fils de Denis Giroud et de Viviane Arnaud-Goddet. Il a deux grands-p\u00e8res fran\u00e7ais (Henri Giroud et Jean Arnaud-Goddet) et deux grands-m\u00e8res italiennes (Yvonne Avogrado et Antonia Gaiatto).","og_url":"https:\/\/flashmode.tn\/magazine\/quelle-est-lorigine-de-olivier-giroud\/","og_site_name":"Flashmode Magazine | Magazine de mode et style de vie Num\u00e9ro un en Tunisie et au Maghreb","article_publisher":"https:\/\/www.facebook.com\/flashmode.magazine\/","article_published_time":"2022-01-19T19:08:40+00:00","author":"PeopleLife","twitter_card":"summary_large_image","twitter_creator":"@agenceflashmode","twitter_site":"@agenceflashmode","twitter_misc":{"\u00c9crit par":"PeopleLife","Dur\u00e9e de lecture estim\u00e9e":"5 minutes"},"schema":{"@context":"https:\/\/schema.org","@graph":[{"@type":"WebPage","@id":"https:\/\/flashmode.tn\/magazine\/quelle-est-lorigine-de-olivier-giroud\/","url":"https:\/\/flashmode.tn\/magazine\/quelle-est-lorigine-de-olivier-giroud\/","name":"Quelle est l'origine de Olivier Giroud ?","isPartOf":{"@id":"https:\/\/flashmode.tn\/magazine\/#website"},"datePublished":"2022-01-19T19:08:40+00:00","author":{"@id":"https:\/\/flashmode.tn\/magazine\/#\/schema\/person\/6815bd30337e8756d5357219766efcc3"},"description":"Origine familiale Olivier Giroud est le fils de Denis Giroud et de Viviane Arnaud-Goddet. Il a deux grands-p\u00e8res fran\u00e7ais (Henri Giroud et Jean Arnaud-Goddet) et deux grands-m\u00e8res italiennes (Yvonne Avogrado et Antonia Gaiatto).","breadcrumb":{"@id":"https:\/\/flashmode.tn\/magazine\/quelle-est-lorigine-de-olivier-giroud\/#breadcrumb"},"inLanguage":"fr-FR","potentialAction":[{"@type":"ReadAction","target":["https:\/\/flashmode.tn\/magazine\/quelle-est-lorigine-de-olivier-giroud\/"]}]},{"@type":"BreadcrumbList","@id":"https:\/\/flashmode.tn\/magazine\/quelle-est-lorigine-de-olivier-giroud\/#breadcrumb","itemListElement":[{"@type":"ListItem","position":1,"name":"Accueil","item":"https:\/\/flashmode.tn\/magazine\/"},{"@type":"ListItem","position":2,"name":"Quelle est l&rsquo;origine de Olivier Giroud ?"}]},{"@type":"WebSite","@id":"https:\/\/flashmode.tn\/magazine\/#website","url":"https:\/\/flashmode.tn\/magazine\/","name":"Flashmode Magazine | Magazine de mode et style de vie Num\u00e9ro un en Tunisie et au Maghreb","description":"Magazine de mode et style de vie Num\u00e9ro un en Tunisie et au Maghreb, cr\u00e9\u00e9 pour les hommes et les femmes : conseils beaut\u00e9, mode femme, mode homme, recettes de cuisine, c\u00e9l\u00e9brit\u00e9s et people, mannequins et top modeles","potentialAction":[{"@type":"SearchAction","target":{"@type":"EntryPoint","urlTemplate":"https:\/\/flashmode.tn\/magazine\/?s={search_term_string}"},"query-input":{"@type":"PropertyValueSpecification","valueRequired":true,"valueName":"search_term_string"}}],"inLanguage":"fr-FR"},{"@type":"Person","@id":"https:\/\/flashmode.tn\/magazine\/#\/schema\/person\/6815bd30337e8756d5357219766efcc3","name":"PeopleLife","image":{"@type":"ImageObject","inLanguage":"fr-FR","@id":"https:\/\/flashmode.tn\/magazine\/#\/schema\/person\/image\/","url":"https:\/\/secure.gravatar.com\/avatar\/8098f49196034391d93ae20d939ad33b14f6b745c986049ad803a54f4113e18c?s=96&d=mm&r=g","contentUrl":"https:\/\/secure.gravatar.com\/avatar\/8098f49196034391d93ae20d939ad33b14f6b745c986049ad803a54f4113e18c?s=96&d=mm&r=g","caption":"PeopleLife"},"url":"https:\/\/flashmode.tn\/magazine\/author\/peoplelife\/"}]}},"jetpack_publicize_connections":[],"jetpack_featured_media_url":"","jetpack_shortlink":"https:\/\/wp.me\/p8BPGr-gj2","jetpack_sharing_enabled":true,"_links":{"self":[{"href":"https:\/\/flashmode.tn\/magazine\/wp-json\/wp\/v2\/posts\/62684","targetHints":{"allow":["GET"]}}],"collection":[{"href":"https:\/\/flashmode.tn\/magazine\/wp-json\/wp\/v2\/posts"}],"about":[{"href":"https:\/\/flashmode.tn\/magazine\/wp-json\/wp\/v2\/types\/post"}],"author":[{"embeddable":true,"href":"https:\/\/flashmode.tn\/magazine\/wp-json\/wp\/v2\/users\/5"}],"replies":[{"embeddable":true,"href":"https:\/\/flashmode.tn\/magazine\/wp-json\/wp\/v2\/comments?post=62684"}],"version-history":[{"count":0,"href":"https:\/\/flashmode.tn\/magazine\/wp-json\/wp\/v2\/posts\/62684\/revisions"}],"wp:attachment":[{"href":"https:\/\/flashmode.tn\/magazine\/wp-json\/wp\/v2\/media?parent=62684"}],"wp:term":[{"taxonomy":"category","embeddable":true,"href":"https:\/\/flashmode.tn\/magazine\/wp-json\/wp\/v2\/categories?post=62684"},{"taxonomy":"post_tag","embeddable":true,"href":"https:\/\/flashmode.tn\/magazine\/wp-json\/wp\/v2\/tags?post=62684"}],"curies":[{"name":"wp","href":"https:\/\/api.w.org\/{rel}","templated":true}]}}