{"id":62715,"date":"2022-01-26T07:10:36","date_gmt":"2022-01-26T06:10:36","guid":{"rendered":"https:\/\/flashmode.tn\/magazine\/?p=62715"},"modified":"2022-01-26T07:10:36","modified_gmt":"2022-01-26T06:10:36","slug":"ou-vit-luana-belmondo","status":"publish","type":"post","link":"https:\/\/flashmode.tn\/magazine\/ou-vit-luana-belmondo\/","title":{"rendered":"O\u00f9 vit Luana Belmondo ?"},"content":{"rendered":"<p>R\u00e9sum\u00e9 : A deux pas de Paris, Paul et <b>Luana Belmondo<\/b> se sont \u00e9tablis avec leurs trois gar\u00e7ons Victor, Alessandro et Giacomo. Paul, le fils de Jean-Paul, ouvre les portes de sa maison et de sa vie de famille. Dans la cuisine, <b>Luana<\/b> ancienne mannequin devenue animatrice sur la cha\u00eene Cuisine TV, s&rsquo;affaire aux fourneaux.<\/p>\n<p>Qui est la filleule de Luana Belmondo ? La m\u00e8re de Victor <b>Belmondo<\/b> a \u00e9galement pris soin de mentionner sa <b>filleule<\/b>, <b>qui<\/b> r\u00e9pond au nom de \u00ab\u00a0Giunav\u00a0\u00bb sur Instagram. \u00c0 l&rsquo;image de sa marraine, cette derni\u00e8re <b>est<\/b> elle aussi une \u00ab\u00a0passionn\u00e9e de cuisine\u00a0\u00bb, comme elle le d\u00e9taille dans la description de son profil.<\/p>\n<p>or Pourquoi Luana Belmondo quitt\u00e9 RTL ? En r\u00e9ponse \u00e0 un autre commentaire, elle a r\u00e9v\u00e9l\u00e9 les raisons qui ont pouss\u00e9 <b>RTL<\/b> \u00e0 la mettre dehors : \u00ab\u00a0On ne vous entend plus sur <b>RTL<\/b>, j&rsquo;aimais bien et je ne suis pas la seule\u00a0\u00bb, \u00e9crit une internaute, <b>Luana Belmondo<\/b> affirme alors : \u00ab\u00a0on m&rsquo;a vir\u00e9e, on m&rsquo;a remplac\u00e9e par une Fran\u00e7aise\u2026 plus facile \u00e0 \u00e9couter il para\u00eet\u00a0\u00bb.<\/p>\n<p>Quel est le m\u00e9tier de Luana Belmondo ? Biographie de <b>Luana Belmondo<\/b><\/p>\n<p> N\u00e9e en Italie le 18 mars 1971, <b>Luana Belmondo est<\/b> une animatrice de t\u00e9l\u00e9vision sp\u00e9cialis\u00e9e dans le domaine de la cuisine.<\/p>\n<div id=\"ez-toc-container\" class=\"ez-toc-v2_0_81 counter-hierarchy ez-toc-counter ez-toc-grey ez-toc-container-direction\">\n<div class=\"ez-toc-title-container\">\n<p class=\"ez-toc-title\" style=\"cursor:inherit\">Contenus de la page<\/p>\n<span class=\"ez-toc-title-toggle\"><a href=\"#\" class=\"ez-toc-pull-right ez-toc-btn ez-toc-btn-xs ez-toc-btn-default ez-toc-toggle\" aria-label=\"Toggle Table of Content\"><span class=\"ez-toc-js-icon-con\"><span class=\"\"><span class=\"eztoc-hide\" style=\"display:none;\">Toggle<\/span><span class=\"ez-toc-icon-toggle-span\"><svg style=\"fill: #999;color:#999\" xmlns=\"http:\/\/www.w3.org\/2000\/svg\" class=\"list-377408\" width=\"20px\" height=\"20px\" viewBox=\"0 0 24 24\" fill=\"none\"><path d=\"M6 6H4v2h2V6zm14 0H8v2h12V6zM4 11h2v2H4v-2zm16 0H8v2h12v-2zM4 16h2v2H4v-2zm16 0H8v2h12v-2z\" fill=\"currentColor\"><\/path><\/svg><svg style=\"fill: #999;color:#999\" class=\"arrow-unsorted-368013\" xmlns=\"http:\/\/www.w3.org\/2000\/svg\" width=\"10px\" height=\"10px\" viewBox=\"0 0 24 24\" version=\"1.2\" baseProfile=\"tiny\"><path d=\"M18.2 9.3l-6.2-6.3-6.2 6.3c-.2.2-.3.4-.3.7s.1.5.3.7c.2.2.4.3.7.3h11c.3 0 .5-.1.7-.3.2-.2.3-.5.3-.7s-.1-.5-.3-.7zM5.8 14.7l6.2 6.3 6.2-6.3c.2-.2.3-.5.3-.7s-.1-.5-.3-.7c-.2-.2-.4-.3-.7-.3h-11c-.3 0-.5.1-.7.3-.2.2-.3.5-.3.7s.1.5.3.7z\"\/><\/svg><\/span><\/span><\/span><\/a><\/span><\/div>\n<nav><ul class='ez-toc-list ez-toc-list-level-1 ' ><li class='ez-toc-page-1 ez-toc-heading-level-2'><a class=\"ez-toc-link ez-toc-heading-1\" href=\"https:\/\/flashmode.tn\/magazine\/ou-vit-luana-belmondo\/#Qui_quitte_RTL_en_2021\" >Qui quitte RTL en 2021 ?<\/a><\/li><li class='ez-toc-page-1 ez-toc-heading-level-2'><a class=\"ez-toc-link ez-toc-heading-2\" href=\"https:\/\/flashmode.tn\/magazine\/ou-vit-luana-belmondo\/#Quand_reprend_la_quotidienne_en_2021\" >Quand reprend la quotidienne en 2021 ?<\/a><\/li><li class='ez-toc-page-1 ez-toc-heading-level-2'><a class=\"ez-toc-link ez-toc-heading-3\" href=\"https:\/\/flashmode.tn\/magazine\/ou-vit-luana-belmondo\/#Quand_reprend_C_a_vous\" >Quand reprend C \u00e0 vous ?<\/a><\/li><li class='ez-toc-page-1 ez-toc-heading-level-2'><a class=\"ez-toc-link ez-toc-heading-4\" href=\"https:\/\/flashmode.tn\/magazine\/ou-vit-luana-belmondo\/#Pourquoi_arret_de_la_quotidienne\" >Pourquoi arr\u00eat de la quotidienne ?<\/a><ul class='ez-toc-list-level-3' ><li class='ez-toc-heading-level-3'><a class=\"ez-toc-link ez-toc-heading-5\" href=\"https:\/\/flashmode.tn\/magazine\/ou-vit-luana-belmondo\/#Quelle_emission_pour_remplacer_la_quotidienne\" >Quelle \u00e9mission pour remplacer la quotidienne ?<\/a><\/li><\/ul><\/li><\/ul><\/nav><\/div>\n<h2><span class=\"ez-toc-section\" id=\"Qui_quitte_RTL_en_2021\"><\/span>Qui quitte RTL en 2021 ?<span class=\"ez-toc-section-end\"><\/span><\/h2>\n<p><b>RTL<\/b>. L&rsquo;\u00e9quipe des \u00ab\u00a0Grosses t\u00eates\u00a0\u00bb de Laurent Ruquier accueille un nouveau pensionnaire : S\u00e9bastien Thoen, remerci\u00e9 par Canal + \u00e0 la fin de l&rsquo;ann\u00e9e derni\u00e8re. Thomas Sotto va <b>quitter<\/b> la pr\u00e9sentation de \u00ab\u00a0<b>RTL<\/b> soir\u00a0\u00bb entre 18 heures et 20 heures, incompatible avec \u00ab\u00a0T\u00e9l\u00e9matin\u00a0\u00bb.<\/p>\n<p>Qui est Luana Belmondo sur RTL ? <b>Luana Belmondo<\/b> a \u00e9t\u00e9 \u00e9vinc\u00e9e de <b>RTL<\/b>. L&rsquo;\u00e9pouse de Paul <b>Belmondo<\/b>, et donc belle-fille de Jean-Paul <b>Belmondo<\/b>, s&rsquo;<b>est<\/b> vu retirer sa chronique culinaire sur la radio fran\u00e7aise. Cette d\u00e9convenue professionnelle intervient dans une ann\u00e9e bien difficile pour elle. En mai, elle a eu le Covid-19 et a beaucoup souffert.<\/p>\n<p>Quand revient la quotidienne en 2021 ? Avant ao\u00fbt <b>2021<\/b>, l&rsquo;\u00e9mission devait \u00eatre fortement remani\u00e9e \u00e0 partir du 4 septembre <b>2021<\/b> , avec la cr\u00e9ation d&rsquo;une d\u00e9clinaison hebdomadaire intitul\u00e9e Samedi \u00e0 tout prix et d&rsquo;une diffusion <b>quotidienne<\/b> transitoire assur\u00e9e de septembre \u00e0 d\u00e9cembre <b>2021<\/b> par Thomas Isle seul. Maya Lauqu\u00e9 rejoint quant \u00e0 elle T\u00e9l\u00e9matin.<\/p>\n<p>Quand reprend \u00e7a vous 2021 ? A l&rsquo;occasion de sa rentr\u00e9e <b>2021<\/b>\/2022, le talk-show anim\u00e9 par Anne-Elisabeth Lemoine va faire une fois de plus peau neuve. En effet, l&rsquo;\u00e9mission effectue son retour \u00e0 l&rsquo;antenne le lundi 30 ao\u00fbt <b>2021<\/b>, \u00e0 partir de 19h, et propose plusieurs nouveaut\u00e9s \u00e0 ses fid\u00e8les t\u00e9l\u00e9spectateurs.<\/p>\n<h2><span class=\"ez-toc-section\" id=\"Quand_reprend_la_quotidienne_en_2021\"><\/span>Quand reprend la quotidienne en 2021 ?<span class=\"ez-toc-section-end\"><\/span><\/h2>\n<p><b>Quotidien<\/b> : qui sont les nouveaux chroniqueurs de la saison ? Yann Barth\u00e8s est de retour aux commandes de <b>Quotidien<\/b> pour une nouvelle saison in\u00e9dite lundi 30 ao\u00fbt <b>2021<\/b> sur TMC.<\/p>\n<p>Pourquoi la quotidienne n&rsquo;est plus en direct juin 2021 ? Une partie de la bande de \u00abLa <b>Quotidienne<\/b>\u00bb est d&rsquo;ailleurs de retour dans l&rsquo;\u00e9mission. &#8230; Si les audiences \u00e9taient au rendez-vous, <b>pourquoi<\/b> \u00abLa <b>Quotidienne<\/b>\u00bb s&rsquo;est-elle arr\u00eat\u00e9e? Thomas Isle invoque des raisons budg\u00e9taires. \u00abIl y a une nouvelle direction qui est arriv\u00e9e l\u00e0 il y a six mois.<\/p>\n<p>Quand recommence la quotidienne sur la 5 ?<\/p>\n<p>La <b>Quotidienne<\/b> de France <b>5<\/b> \u00e9volue en 2022<\/p>\n<p> La <b>quotidienne<\/b> de France <b>5<\/b> va \u00e9voluer, de septembre \u00e0 d\u00e9cembre 2021 \u2026 elle va rester diffus\u00e9e du lundi au vendredi avec Thomas Isle en solo (Maya Lauqu\u00e9 part \u00e0 T\u00e9l\u00e9matin). Thomas Isle h\u00e9rite d&rsquo;une nouvelle \u00e9mission Samedi \u00e0 tout prix d\u00e8s septembre 2021 avec chroniqueurs.<\/p>\n<p>Pourquoi il n&rsquo;y a plus la quotidienne sur la 5 ? L&rsquo;\u00e9mission \u00abLa <b>Quotidienne<\/b>\u00bb diffus\u00e9e sur France <b>5<\/b> a \u00e9t\u00e9 suspendue apr\u00e8s la d\u00e9tection d&rsquo;un cas de Covid-19 parmi les invit\u00e9s. &#8230; Le Parisien explique qu&rsquo;un invit\u00e9 de Maya Lauqu\u00e9 et Thomas Isle dans le num\u00e9ro du mardi 15 septembre a ressenti des sympt\u00f4mes apr\u00e8s l&rsquo;\u00e9mission.<\/p>\n<h2><span class=\"ez-toc-section\" id=\"Quand_reprend_C_a_vous\"><\/span>Quand reprend C \u00e0 vous ?<span class=\"ez-toc-section-end\"><\/span><\/h2>\n<p>Saison 2019-2020 <\/p>\n<table>\n<tbody>\n<tr>\n<th>     Date    <\/th>\n<th>     \u00c9mission    <\/th>\n<th>     Part de march\u00e9    <\/th>\n<\/tr>\n<tr>\n<td>     15 avril 2020    <\/td>\n<td>     <b>      C \u00e0 vous     <\/b>    <\/td>\n<td>     10,2 % (record historique)    <\/td>\n<\/tr>\n<tr>\n<td>     17 avril 2020    <\/td>\n<td>     9,6 %    <\/td>\n<\/tr>\n<tr>\n<td>     20 avril 2020    <\/td>\n<td>     9,8 %    <\/td>\n<\/tr>\n<tr>\n<td>     28 avril 2020    <\/td>\n<td>     9,2 %    <\/td>\n<\/tr>\n<\/tbody>\n<\/table>\n<p>Quand reprend \u00e7a vous ?<\/p>\n<p>Lundi 30 ao\u00fbt 2021, sur France 5, l&rsquo;\u00e9mission C \u00e0 <b>vous<\/b> va <b>reprendre<\/b> du service.<\/p>\n<p>Quand revient \u00c7a vous ? Apr\u00e8s une pause estivale bien m\u00e9rit\u00e9e, Anne-Elisabeth Lemoine retrouvera le plateau de C \u00e0 <b>vous<\/b> \u00e0 partir du lundi 30 ao\u00fbt 2021, pour une nouvelle saison du programme sur France 5.<\/p>\n<p>Pourquoi la quotidienne n&rsquo;est plus en direct en juin 2021 ? \u2013 A noter la suppression de La <b>quotidienne<\/b> la suite alors que les audiences \u00e9taient tr\u00e8s satisfaisantes. La raison de l&rsquo;arr\u00eat de cette 2nde partie est due selon le parisien \u00e0 une r\u00e9duction du budget.<\/p>\n<h2><span class=\"ez-toc-section\" id=\"Pourquoi_arret_de_la_quotidienne\"><\/span>Pourquoi arr\u00eat de la quotidienne ?<span class=\"ez-toc-section-end\"><\/span><\/h2>\n<p>L&rsquo;\u00e9mission \u00abLa <b>Quotidienne<\/b>\u00bb diffus\u00e9e sur France 5 a \u00e9t\u00e9 suspendue apr\u00e8s la d\u00e9tection d&rsquo;un cas de Covid-19 parmi les invit\u00e9s. &#8230; Le Parisien explique qu&rsquo;un invit\u00e9 de Maya Lauqu\u00e9 et Thomas Isle dans le num\u00e9ro du mardi 15 septembre a ressenti des sympt\u00f4mes apr\u00e8s l&rsquo;\u00e9mission.<\/p>\n<p>Pourquoi Farida n&rsquo;est plus \u00e0 la quotidienne ? <b>Farida<\/b> : C&rsquo;est bizarre parce qu&rsquo;il y a eu un changement de direction et Michel Field, qui est arriv\u00e9 \u00e0 la direction des magazines en septembre, n&rsquo;avait <b>pas<\/b> connaissance de tous les projets et c&rsquo;est pour cela que cela a pris un peu de temps.<\/p>\n<p>Comment poser une question a l emission la quotidienne ?<\/p>\n<p>Pour le faire rien de plus simple. La cha\u00eene vous permet de <b>poser<\/b> vos <b>questions<\/b>, en appelant le service de relation des t\u00e9l\u00e9spectateurs via le num\u00e9ro suivant : 08 90 71 10 00 et d&rsquo;obtenir une r\u00e9ponse imm\u00e9diate. L&rsquo;appel est surtax\u00e9 \u00e0 0,15 euro\/minute TTC.<\/p>\n<p>Quel est le m\u00e9tier de Fabien de la quotidienne ? La star <b>Fabien<\/b> Bordu a pour <b>m\u00e9tier<\/b> \/ activit\u00e9 Chroniqueur de t\u00e9l\u00e9vision (Radio \/ TV \/ Web) .<\/p>\n<h3><span class=\"ez-toc-section\" id=\"Quelle_emission_pour_remplacer_la_quotidienne\"><\/span>Quelle \u00e9mission pour remplacer la quotidienne ?<span class=\"ez-toc-section-end\"><\/span><\/h3>\n<p>Suite \u00e0 l&rsquo;arr\u00eat <b>de<\/b> \u00ab\u00a0La <b>quotidienne<\/b>\u00a0\u00bb sur France 5, Thomas Isle se retrouve \u00e0 la t\u00eate d&rsquo;un nouveau magazine baptis\u00e9 \u00ab\u00a0Samedi \u00e0 tout prix\u00a0\u00bb. L&rsquo;animateur s&rsquo;est confi\u00e9 \u00e0 nous sur ce rendez-vous qui d\u00e9barque d\u00e8s ce samedi 11 septembre. Une nouvelle aventure d\u00e9bute sur France 5 <b>pour<\/b> Thomas Isle.<\/p>\n<p>Comment joindre la quotidienne sur la 5 ? La cha\u00eene vous permet de poser vos questions, en appelant le service de relation des t\u00e9l\u00e9spectateurs via le num\u00e9ro suivant : 08 90 71 10 00 et d&rsquo;obtenir une r\u00e9ponse imm\u00e9diate.<\/p>\n<h2><\/h2>\n","protected":false},"excerpt":{"rendered":"<p>R\u00e9sum\u00e9 : A deux pas de Paris, Paul et Luana Belmondo se sont \u00e9tablis avec leurs trois gar\u00e7ons Victor, Alessandro et Giacomo. Paul, le fils de Jean-Paul, ouvre les portes de sa maison et de sa vie de famille. Dans la cuisine, Luana ancienne mannequin devenue animatrice sur la cha\u00eene Cuisine TV, s&rsquo;affaire aux fourneaux. [&hellip;]<\/p>\n","protected":false},"author":5,"featured_media":0,"comment_status":"open","ping_status":"open","sticky":false,"template":"","format":"standard","meta":{"tdm_status":"","tdm_grid_status":"","_jetpack_memberships_contains_paid_content":false,"footnotes":"","jetpack_publicize_message":"","jetpack_publicize_feature_enabled":true,"jetpack_social_post_already_shared":true,"jetpack_social_options":{"image_generator_settings":{"template":"highway","default_image_id":0,"font":"","enabled":false},"version":2}},"categories":[80],"tags":[],"class_list":["post-62715","post","type-post","status-publish","format-standard","hentry","category-lifestyle"],"yoast_head":"<!-- This site is optimized with the Yoast SEO Premium plugin v25.0 (Yoast SEO v25.0) - https:\/\/yoast.com\/wordpress\/plugins\/seo\/ -->\n<title>O\u00f9 vit Luana Belmondo ?<\/title>\n<meta name=\"description\" content=\"R\u00e9sum\u00e9 : A deux pas de Paris, Paul et Luana Belmondo se sont \u00e9tablis avec leurs trois gar\u00e7ons Victor, Alessandro et Giacomo. Paul, le fils de Jean-Paul, ouvre les portes de sa maison et de sa vie de famille. Dans la cuisine, Luana ancienne mannequin devenue animatrice sur la cha\u00eene Cuisine TV, s&#039;affaire aux fourneaux.\" \/>\n<meta name=\"robots\" content=\"index, follow, max-snippet:-1, max-image-preview:large, max-video-preview:-1\" \/>\n<link rel=\"canonical\" href=\"https:\/\/flashmode.tn\/magazine\/ou-vit-luana-belmondo\/\" \/>\n<meta property=\"og:locale\" content=\"fr_FR\" \/>\n<meta property=\"og:type\" content=\"article\" \/>\n<meta property=\"og:title\" content=\"O\u00f9 vit Luana Belmondo ? - Flashmode Magazine | Magazine de mode et style de vie Num\u00e9ro un en Tunisie et au Maghreb\" \/>\n<meta property=\"og:description\" content=\"R\u00e9sum\u00e9 : A deux pas de Paris, Paul et Luana Belmondo se sont \u00e9tablis avec leurs trois gar\u00e7ons Victor, Alessandro et Giacomo. Paul, le fils de Jean-Paul, ouvre les portes de sa maison et de sa vie de famille. Dans la cuisine, Luana ancienne mannequin devenue animatrice sur la cha\u00eene Cuisine TV, s&#039;affaire aux fourneaux.\" \/>\n<meta property=\"og:url\" content=\"https:\/\/flashmode.tn\/magazine\/ou-vit-luana-belmondo\/\" \/>\n<meta property=\"og:site_name\" content=\"Flashmode Magazine | Magazine de mode et style de vie Num\u00e9ro un en Tunisie et au Maghreb\" \/>\n<meta property=\"article:publisher\" content=\"https:\/\/www.facebook.com\/flashmode.magazine\/\" \/>\n<meta property=\"article:published_time\" content=\"2022-01-26T06:10:36+00:00\" \/>\n<meta name=\"author\" content=\"PeopleLife\" \/>\n<meta name=\"twitter:card\" content=\"summary_large_image\" \/>\n<meta name=\"twitter:creator\" content=\"@agenceflashmode\" \/>\n<meta name=\"twitter:site\" content=\"@agenceflashmode\" \/>\n<meta name=\"twitter:label1\" content=\"\u00c9crit par\" \/>\n\t<meta name=\"twitter:data1\" content=\"PeopleLife\" \/>\n\t<meta name=\"twitter:label2\" content=\"Dur\u00e9e de lecture estim\u00e9e\" \/>\n\t<meta name=\"twitter:data2\" content=\"5 minutes\" \/>\n<script type=\"application\/ld+json\" class=\"yoast-schema-graph\">{\"@context\":\"https:\/\/schema.org\",\"@graph\":[{\"@type\":\"WebPage\",\"@id\":\"https:\/\/flashmode.tn\/magazine\/ou-vit-luana-belmondo\/\",\"url\":\"https:\/\/flashmode.tn\/magazine\/ou-vit-luana-belmondo\/\",\"name\":\"O\u00f9 vit Luana Belmondo ?\",\"isPartOf\":{\"@id\":\"https:\/\/flashmode.tn\/magazine\/#website\"},\"datePublished\":\"2022-01-26T06:10:36+00:00\",\"author\":{\"@id\":\"https:\/\/flashmode.tn\/magazine\/#\/schema\/person\/6815bd30337e8756d5357219766efcc3\"},\"description\":\"R\u00e9sum\u00e9 : A deux pas de Paris, Paul et Luana Belmondo se sont \u00e9tablis avec leurs trois gar\u00e7ons Victor, Alessandro et Giacomo. Paul, le fils de Jean-Paul, ouvre les portes de sa maison et de sa vie de famille. Dans la cuisine, Luana ancienne mannequin devenue animatrice sur la cha\u00eene Cuisine TV, s'affaire aux fourneaux.\",\"breadcrumb\":{\"@id\":\"https:\/\/flashmode.tn\/magazine\/ou-vit-luana-belmondo\/#breadcrumb\"},\"inLanguage\":\"fr-FR\",\"potentialAction\":[{\"@type\":\"ReadAction\",\"target\":[\"https:\/\/flashmode.tn\/magazine\/ou-vit-luana-belmondo\/\"]}]},{\"@type\":\"BreadcrumbList\",\"@id\":\"https:\/\/flashmode.tn\/magazine\/ou-vit-luana-belmondo\/#breadcrumb\",\"itemListElement\":[{\"@type\":\"ListItem\",\"position\":1,\"name\":\"Accueil\",\"item\":\"https:\/\/flashmode.tn\/magazine\/\"},{\"@type\":\"ListItem\",\"position\":2,\"name\":\"O\u00f9 vit Luana Belmondo ?\"}]},{\"@type\":\"WebSite\",\"@id\":\"https:\/\/flashmode.tn\/magazine\/#website\",\"url\":\"https:\/\/flashmode.tn\/magazine\/\",\"name\":\"Flashmode Magazine | Magazine de mode et style de vie Num\u00e9ro un en Tunisie et au Maghreb\",\"description\":\"Magazine de mode et style de vie Num\u00e9ro un en Tunisie et au Maghreb, cr\u00e9\u00e9 pour les hommes et les femmes : conseils beaut\u00e9, mode femme, mode homme, recettes de cuisine, c\u00e9l\u00e9brit\u00e9s et people, mannequins et top modeles\",\"potentialAction\":[{\"@type\":\"SearchAction\",\"target\":{\"@type\":\"EntryPoint\",\"urlTemplate\":\"https:\/\/flashmode.tn\/magazine\/?s={search_term_string}\"},\"query-input\":{\"@type\":\"PropertyValueSpecification\",\"valueRequired\":true,\"valueName\":\"search_term_string\"}}],\"inLanguage\":\"fr-FR\"},{\"@type\":\"Person\",\"@id\":\"https:\/\/flashmode.tn\/magazine\/#\/schema\/person\/6815bd30337e8756d5357219766efcc3\",\"name\":\"PeopleLife\",\"image\":{\"@type\":\"ImageObject\",\"inLanguage\":\"fr-FR\",\"@id\":\"https:\/\/flashmode.tn\/magazine\/#\/schema\/person\/image\/\",\"url\":\"https:\/\/secure.gravatar.com\/avatar\/8098f49196034391d93ae20d939ad33b14f6b745c986049ad803a54f4113e18c?s=96&d=mm&r=g\",\"contentUrl\":\"https:\/\/secure.gravatar.com\/avatar\/8098f49196034391d93ae20d939ad33b14f6b745c986049ad803a54f4113e18c?s=96&d=mm&r=g\",\"caption\":\"PeopleLife\"},\"url\":\"https:\/\/flashmode.tn\/magazine\/author\/peoplelife\/\"}]}<\/script>\n<!-- \/ Yoast SEO Premium plugin. -->","yoast_head_json":{"title":"O\u00f9 vit Luana Belmondo ?","description":"R\u00e9sum\u00e9 : A deux pas de Paris, Paul et Luana Belmondo se sont \u00e9tablis avec leurs trois gar\u00e7ons Victor, Alessandro et Giacomo. Paul, le fils de Jean-Paul, ouvre les portes de sa maison et de sa vie de famille. Dans la cuisine, Luana ancienne mannequin devenue animatrice sur la cha\u00eene Cuisine TV, s'affaire aux fourneaux.","robots":{"index":"index","follow":"follow","max-snippet":"max-snippet:-1","max-image-preview":"max-image-preview:large","max-video-preview":"max-video-preview:-1"},"canonical":"https:\/\/flashmode.tn\/magazine\/ou-vit-luana-belmondo\/","og_locale":"fr_FR","og_type":"article","og_title":"O\u00f9 vit Luana Belmondo ? - Flashmode Magazine | Magazine de mode et style de vie Num\u00e9ro un en Tunisie et au Maghreb","og_description":"R\u00e9sum\u00e9 : A deux pas de Paris, Paul et Luana Belmondo se sont \u00e9tablis avec leurs trois gar\u00e7ons Victor, Alessandro et Giacomo. Paul, le fils de Jean-Paul, ouvre les portes de sa maison et de sa vie de famille. Dans la cuisine, Luana ancienne mannequin devenue animatrice sur la cha\u00eene Cuisine TV, s'affaire aux fourneaux.","og_url":"https:\/\/flashmode.tn\/magazine\/ou-vit-luana-belmondo\/","og_site_name":"Flashmode Magazine | Magazine de mode et style de vie Num\u00e9ro un en Tunisie et au Maghreb","article_publisher":"https:\/\/www.facebook.com\/flashmode.magazine\/","article_published_time":"2022-01-26T06:10:36+00:00","author":"PeopleLife","twitter_card":"summary_large_image","twitter_creator":"@agenceflashmode","twitter_site":"@agenceflashmode","twitter_misc":{"\u00c9crit par":"PeopleLife","Dur\u00e9e de lecture estim\u00e9e":"5 minutes"},"schema":{"@context":"https:\/\/schema.org","@graph":[{"@type":"WebPage","@id":"https:\/\/flashmode.tn\/magazine\/ou-vit-luana-belmondo\/","url":"https:\/\/flashmode.tn\/magazine\/ou-vit-luana-belmondo\/","name":"O\u00f9 vit Luana Belmondo ?","isPartOf":{"@id":"https:\/\/flashmode.tn\/magazine\/#website"},"datePublished":"2022-01-26T06:10:36+00:00","author":{"@id":"https:\/\/flashmode.tn\/magazine\/#\/schema\/person\/6815bd30337e8756d5357219766efcc3"},"description":"R\u00e9sum\u00e9 : A deux pas de Paris, Paul et Luana Belmondo se sont \u00e9tablis avec leurs trois gar\u00e7ons Victor, Alessandro et Giacomo. Paul, le fils de Jean-Paul, ouvre les portes de sa maison et de sa vie de famille. Dans la cuisine, Luana ancienne mannequin devenue animatrice sur la cha\u00eene Cuisine TV, s'affaire aux fourneaux.","breadcrumb":{"@id":"https:\/\/flashmode.tn\/magazine\/ou-vit-luana-belmondo\/#breadcrumb"},"inLanguage":"fr-FR","potentialAction":[{"@type":"ReadAction","target":["https:\/\/flashmode.tn\/magazine\/ou-vit-luana-belmondo\/"]}]},{"@type":"BreadcrumbList","@id":"https:\/\/flashmode.tn\/magazine\/ou-vit-luana-belmondo\/#breadcrumb","itemListElement":[{"@type":"ListItem","position":1,"name":"Accueil","item":"https:\/\/flashmode.tn\/magazine\/"},{"@type":"ListItem","position":2,"name":"O\u00f9 vit Luana Belmondo ?"}]},{"@type":"WebSite","@id":"https:\/\/flashmode.tn\/magazine\/#website","url":"https:\/\/flashmode.tn\/magazine\/","name":"Flashmode Magazine | Magazine de mode et style de vie Num\u00e9ro un en Tunisie et au Maghreb","description":"Magazine de mode et style de vie Num\u00e9ro un en Tunisie et au Maghreb, cr\u00e9\u00e9 pour les hommes et les femmes : conseils beaut\u00e9, mode femme, mode homme, recettes de cuisine, c\u00e9l\u00e9brit\u00e9s et people, mannequins et top modeles","potentialAction":[{"@type":"SearchAction","target":{"@type":"EntryPoint","urlTemplate":"https:\/\/flashmode.tn\/magazine\/?s={search_term_string}"},"query-input":{"@type":"PropertyValueSpecification","valueRequired":true,"valueName":"search_term_string"}}],"inLanguage":"fr-FR"},{"@type":"Person","@id":"https:\/\/flashmode.tn\/magazine\/#\/schema\/person\/6815bd30337e8756d5357219766efcc3","name":"PeopleLife","image":{"@type":"ImageObject","inLanguage":"fr-FR","@id":"https:\/\/flashmode.tn\/magazine\/#\/schema\/person\/image\/","url":"https:\/\/secure.gravatar.com\/avatar\/8098f49196034391d93ae20d939ad33b14f6b745c986049ad803a54f4113e18c?s=96&d=mm&r=g","contentUrl":"https:\/\/secure.gravatar.com\/avatar\/8098f49196034391d93ae20d939ad33b14f6b745c986049ad803a54f4113e18c?s=96&d=mm&r=g","caption":"PeopleLife"},"url":"https:\/\/flashmode.tn\/magazine\/author\/peoplelife\/"}]}},"jetpack_publicize_connections":[],"jetpack_featured_media_url":"","jetpack_shortlink":"https:\/\/wp.me\/p8BPGr-gjx","jetpack_sharing_enabled":true,"_links":{"self":[{"href":"https:\/\/flashmode.tn\/magazine\/wp-json\/wp\/v2\/posts\/62715","targetHints":{"allow":["GET"]}}],"collection":[{"href":"https:\/\/flashmode.tn\/magazine\/wp-json\/wp\/v2\/posts"}],"about":[{"href":"https:\/\/flashmode.tn\/magazine\/wp-json\/wp\/v2\/types\/post"}],"author":[{"embeddable":true,"href":"https:\/\/flashmode.tn\/magazine\/wp-json\/wp\/v2\/users\/5"}],"replies":[{"embeddable":true,"href":"https:\/\/flashmode.tn\/magazine\/wp-json\/wp\/v2\/comments?post=62715"}],"version-history":[{"count":0,"href":"https:\/\/flashmode.tn\/magazine\/wp-json\/wp\/v2\/posts\/62715\/revisions"}],"wp:attachment":[{"href":"https:\/\/flashmode.tn\/magazine\/wp-json\/wp\/v2\/media?parent=62715"}],"wp:term":[{"taxonomy":"category","embeddable":true,"href":"https:\/\/flashmode.tn\/magazine\/wp-json\/wp\/v2\/categories?post=62715"},{"taxonomy":"post_tag","embeddable":true,"href":"https:\/\/flashmode.tn\/magazine\/wp-json\/wp\/v2\/tags?post=62715"}],"curies":[{"name":"wp","href":"https:\/\/api.w.org\/{rel}","templated":true}]}}