{"id":62739,"date":"2022-01-29T19:07:03","date_gmt":"2022-01-29T18:07:03","guid":{"rendered":"https:\/\/flashmode.tn\/magazine\/?p=62739"},"modified":"2022-01-29T19:07:03","modified_gmt":"2022-01-29T18:07:03","slug":"est-ce-que-shym-a-accouche","status":"publish","type":"post","link":"https:\/\/flashmode.tn\/magazine\/est-ce-que-shym-a-accouche\/","title":{"rendered":"Est-ce que Shy&rsquo;m a accouch\u00e9 ?"},"content":{"rendered":"<p>La chanteuse a annonc\u00e9 sur les r\u00e9seaux sociaux, ce mercredi, avoir <b>accouch\u00e9<\/b> de son premier enfant. Le b\u00e9b\u00e9 <b>est<\/b> un gar\u00e7on. Il <b>est<\/b> n\u00e9 le 22 janvier dernier. &#8230; <b>Shy&rsquo;m<\/b> avait r\u00e9v\u00e9l\u00e9 le sexe du b\u00e9b\u00e9 le 23 octobre dernier en publiant, par la m\u00eame occasion, le single \u00ab\u00a0Boy\u00a0\u00bb.<\/p>\n<p>Qui est le copain de Shy ? D&rsquo;apr\u00e8s le magazine Public, il s&rsquo;agirait de Tanel Derard, \u00e2g\u00e9 de 28 ans, <b>qui est<\/b> le fils unique de l&rsquo;actrice et chanteuse H\u00e9l\u00e8ne Noguerra.<\/p>\n<p>or Est-ce que Amel Bent est enceinte ? <b>Amel Bent est enceinte<\/b> de son troisi\u00e8me enfant. C&rsquo;<b>est<\/b> sur Instagram que la chanteuse de 36 ans d\u00e9voile son ventre arrondi. Elle appara\u00eet dans une sublime robe rose drag\u00e9. &#8230; <b>Amel Bent<\/b> d\u00e9voile publiquement son baby bump sur le tapis rouge des NRJ Music Awards en novembre dernier.<\/p>\n<p>Quelle est l&rsquo;origine de Shy ? <b>Shy<\/b>&lsquo;m, de son vrai nom Tamara Marthe, <b>est<\/b> n\u00e9e le 28 novembre 1985 \u00e0 Trappes dans les Yvelines. Tr\u00e8s jeune, elle se passionne pour la danse et la musique, et grandit dans un univers musical: son p\u00e8re, d&rsquo;<b>origine<\/b> martiniquaise, <b>est<\/b> musicien et chanteur.<\/p>\n<div id=\"ez-toc-container\" class=\"ez-toc-v2_0_81 counter-hierarchy ez-toc-counter ez-toc-grey ez-toc-container-direction\">\n<div class=\"ez-toc-title-container\">\n<p class=\"ez-toc-title\" style=\"cursor:inherit\">Contenus de la page<\/p>\n<span class=\"ez-toc-title-toggle\"><a href=\"#\" class=\"ez-toc-pull-right ez-toc-btn ez-toc-btn-xs ez-toc-btn-default ez-toc-toggle\" aria-label=\"Toggle Table of Content\"><span class=\"ez-toc-js-icon-con\"><span class=\"\"><span class=\"eztoc-hide\" style=\"display:none;\">Toggle<\/span><span class=\"ez-toc-icon-toggle-span\"><svg style=\"fill: #999;color:#999\" xmlns=\"http:\/\/www.w3.org\/2000\/svg\" class=\"list-377408\" width=\"20px\" height=\"20px\" viewBox=\"0 0 24 24\" fill=\"none\"><path d=\"M6 6H4v2h2V6zm14 0H8v2h12V6zM4 11h2v2H4v-2zm16 0H8v2h12v-2zM4 16h2v2H4v-2zm16 0H8v2h12v-2z\" fill=\"currentColor\"><\/path><\/svg><svg style=\"fill: #999;color:#999\" class=\"arrow-unsorted-368013\" xmlns=\"http:\/\/www.w3.org\/2000\/svg\" width=\"10px\" height=\"10px\" viewBox=\"0 0 24 24\" version=\"1.2\" baseProfile=\"tiny\"><path d=\"M18.2 9.3l-6.2-6.3-6.2 6.3c-.2.2-.3.4-.3.7s.1.5.3.7c.2.2.4.3.7.3h11c.3 0 .5-.1.7-.3.2-.2.3-.5.3-.7s-.1-.5-.3-.7zM5.8 14.7l6.2 6.3 6.2-6.3c.2-.2.3-.5.3-.7s-.1-.5-.3-.7c-.2-.2-.4-.3-.7-.3h-11c-.3 0-.5.1-.7.3-.2.2-.3.5-.3.7s.1.5.3.7z\"\/><\/svg><\/span><\/span><\/span><\/a><\/span><\/div>\n<nav><ul class='ez-toc-list ez-toc-list-level-1 ' ><li class='ez-toc-page-1 ez-toc-heading-level-2'><a class=\"ez-toc-link ez-toc-heading-1\" href=\"https:\/\/flashmode.tn\/magazine\/est-ce-que-shym-a-accouche\/#Qui_est_le_compagnon_de_SH\" >Qui est le compagnon de SH ?<\/a><\/li><li class='ez-toc-page-1 ez-toc-heading-level-2'><a class=\"ez-toc-link ez-toc-heading-2\" href=\"https:\/\/flashmode.tn\/magazine\/est-ce-que-shym-a-accouche\/#Quelle_est_lorigine_de_Rihanna\" >Quelle est l&rsquo;origine de Rihanna ?<\/a><\/li><li class='ez-toc-page-1 ez-toc-heading-level-2'><a class=\"ez-toc-link ez-toc-heading-3\" href=\"https:\/\/flashmode.tn\/magazine\/est-ce-que-shym-a-accouche\/#Comment_contacter_Amel_Bent\" >Comment contacter Amel Bent ?<\/a><\/li><li class='ez-toc-page-1 ez-toc-heading-level-2'><a class=\"ez-toc-link ez-toc-heading-4\" href=\"https:\/\/flashmode.tn\/magazine\/est-ce-que-shym-a-accouche\/#Qui_a_decouvert_Amel_Bent\" >Qui a d\u00e9couvert Amel Bent ?<\/a><ul class='ez-toc-list-level-3' ><li class='ez-toc-heading-level-3'><a class=\"ez-toc-link ez-toc-heading-5\" href=\"https:\/\/flashmode.tn\/magazine\/est-ce-que-shym-a-accouche\/#Quel_est_lorigine_de_Vitaa\" >Quel est l&rsquo;origine de Vitaa ?<\/a><\/li><\/ul><\/li><\/ul><\/nav><\/div>\n<h2><span class=\"ez-toc-section\" id=\"Qui_est_le_compagnon_de_SH\"><\/span>Qui est le compagnon de SH ?<span class=\"ez-toc-section-end\"><\/span><\/h2>\n<p>Vous ne connaissez pas le nom de Tanel Derard ? Pourtant ce mannequin <b>qui est<\/b> aussi com\u00e9dien et musicien <b>est<\/b> le fils d&rsquo;une personnalit\u00e9 connue : Helena Noguerra.<\/p>\n<p>Quand va accoucher Amel Bent ? La chanteuse <b>Amel Bent<\/b> a <b>accouch\u00e9<\/b> en f\u00e9vrier dernier.<\/p>\n<p>Est-ce que Amel Bent est mari\u00e9e ? <b>Amel Bent<\/b> et son mari se sont rencontr\u00e9s en 2014. Patrick Antonelli, de 16 ans son a\u00een\u00e9, <b>est<\/b> alors g\u00e9rant de deux auto-\u00e9coles \u00e0 Neuilly-sur-Seine et Puteaux.<\/p>\n<p>Quelle est l&rsquo;origine de Amel Bent ? <b>Amel Bent<\/b> Bechir na\u00eet le 21 juin 1985, \u00e0 Jou\u00e9-l\u00e8s-Tours, d&rsquo;un p\u00e8re alg\u00e9rien et d&rsquo;une m\u00e8re marocaine, et grandit \u00e0 La Courneuve. Si adolescente, elle <b>est<\/b> d\u00e9j\u00e0 passionn\u00e9e de musique, c&rsquo;<b>est<\/b> en tant que psychologue que la jeune <b>Amel<\/b> a l&rsquo;ambition de percer.<\/p>\n<h2><span class=\"ez-toc-section\" id=\"Quelle_est_lorigine_de_Rihanna\"><\/span>Quelle est l&rsquo;origine de Rihanna ?<span class=\"ez-toc-section-end\"><\/span><\/h2>\n<p>Robyn <b>Rihanna<\/b> Fenty, dite <b>Rihanna<\/b> (\/\u0279i\u02c8\u00e6n\u0259\/), n\u00e9e le 20 f\u00e9vrier 1988 \u00e0 Saint Michael (Barbade), <b>est<\/b> une chanteuse, paroli\u00e8re, actrice, styliste et femme d&rsquo;affaires barbadienne.<\/p>\n<p>Quelle est l&rsquo;origine de Tal ? <b>Tal<\/b>, de son nom complet <b>Tal<\/b> Benyerzi, n\u00e9e le 12 d\u00e9cembre 1989 en Isra\u00ebl, <b>est<\/b> une chanteuse et danseuse franco-isra\u00eblienne. Alors qu&rsquo;elle <b>est<\/b> \u00e2g\u00e9e d&rsquo;un an, sa famille d\u00e9m\u00e9nage en France.<\/p>\n<p>O\u00f9 vit Amel Bent ?<\/p>\n<p>N\u00e9e le 21 juin 1985 \u00e0 Paris, <b>Amel Bent<\/b> vit en banlieue parisienne avec un p\u00e8re d&rsquo;origine alg\u00e9rienne et une m\u00e8re d&rsquo;origine marocaine.<\/p>\n<p>Est-ce que Vita est enceinte ? La com\u00e9dienne Le\u00efla Bekhti a \u00e9galement ajout\u00e9 plein de c\u0153urs sous le clich\u00e9 de la chanteuse de 38 ans, qui a annonc\u00e9 sa grossesse en grande pompe sur les r\u00e9seaux sociaux, le 18 d\u00e9cembre dernier.<\/p>\n<h2><span class=\"ez-toc-section\" id=\"Comment_contacter_Amel_Bent\"><\/span>Comment contacter Amel Bent ?<span class=\"ez-toc-section-end\"><\/span><\/h2>\n<p>78, rue Boissi\u00e8re, 16e. T\u00e9l. : 01 45 00 00 40.<\/p>\n<p>Pourquoi Amel Bent chante 1 2 3 toute seule ?<\/p>\n<p><b>Amel Bent<\/b> et Hatik abordent les probl\u00e8mes de communication au sein d&rsquo;un couple dans leur hit \u00ab<b>1<\/b>, <b>2<\/b>, <b>3<\/b>\u00bb. &#8230; <b>1<\/b>,<b>2<\/b>,<b>3<\/b>.\u00bb, interpr\u00e8te <b>Amel Bent<\/b> dans son duo avec Hatik, \u00ab<b>1<\/b>,<b>2<\/b>,<b>3<\/b>\u00bb. La collaboration des deux artistes \u00e9voque les tensions dans un couple au sein duquel chacun n&rsquo;exprime pas de la m\u00eame mani\u00e8re ses sentiments.<\/p>\n<p>Quelles \u00e9tudes a fait Amel Bent ? Biographie de <b>Amel Bent<\/b><\/p>\n<p> Suit des <b>\u00e9tudes<\/b> scientifiques au lyc\u00e9e et se pr\u00e9destine \u00e0 devenir psychologue. Ado, la jeune fille s&rsquo;int\u00e9resse de plus en plus au chant. Souvent, en allant chez sa cousine, elle n&rsquo;h\u00e9site pas, sans avoir pris des cours de solf\u00e8ge, \u00e0 pianoter quelques notes sur son instrument.<\/p>\n<p>Quel est le vrai nom d&rsquo;Amel Bent ? <b>Amel Bent<\/b> Bachir, dite <b>Amel Bent<\/b>, <b>est<\/b> une chanteuse et actrice fran\u00e7aise, n\u00e9e le 21 juin 1985 \u00e0 Paris ( 18<sup>e<\/sup> ). En 2004, sa prestation artistique lors de la saison 2 de l&rsquo;\u00e9mission Nouvelle Star, diffus\u00e9e sur M6, la r\u00e9v\u00e8le au grand public.<\/p>\n<h2><span class=\"ez-toc-section\" id=\"Qui_a_decouvert_Amel_Bent\"><\/span>Qui a d\u00e9couvert Amel Bent ?<span class=\"ez-toc-section-end\"><\/span><\/h2>\n<p>R\u00e9v\u00e9l\u00e9e par l&rsquo;\u00e9mission de M6 A la Recherche de la Nouvelle Star, <b>Amel Bent<\/b>, n\u00e9e \u00e0 Jou\u00e9-les-Tours le 21 juin 1985, a r\u00e9ussi \u00e0 d\u00e9passer cette \u00e9tiquette pour devenir une chanteuse \u00e0 part enti\u00e8re avec le hit-surprise \u00ab Ma Philosophie \u00bb et son premier album paru en 2004.<\/p>\n<p>Comment s&rsquo;appelle Rihanna pour de vrai ? Sa v\u00e9ritable identit\u00e9 est : Robyn <b>Rihanna<\/b> Fenty.<\/p>\n<p>Quelle est l&rsquo;origine de Nicki Minaj ?<\/p>\n<p><b>Nicki Minaj est<\/b> une rappeuse, chanteuse, compositrice et actrice am\u00e9ricaine n\u00e9e le 8 d\u00e9cembre 1982 \u00e0 Port-d&rsquo;Espagne, sur l&rsquo;\u00eele de Trinit\u00e9-et-Tobago. D\u00e9j\u00e0 remarqu\u00e9e gr&#8230; <b>Nicki Minaj est<\/b> une rappeuse, chanteuse, compositrice et actrice am\u00e9ricaine n\u00e9e le 8 d\u00e9cembre 1982 \u00e0 Port-d&rsquo;Espagne, sur l&rsquo;\u00eele de Trinit\u00e9-et-Tobago.<\/p>\n<p>Quelle est l&rsquo;origine de Chris Brown ? <b>Christopher<\/b> Maurice <b>Brown<\/b> voit le jour en 1989 \u00e0 Tappahannock, une petite ville situ\u00e9e en Virginie sur <b>la<\/b> c\u00f4te <b>Est<\/b> des Etats-Unis. Influenc\u00e9 par <b>la<\/b> musique qu&rsquo;\u00e9coutent ses parents, il commence \u00e0 donner de <b>la<\/b> voix vers l&rsquo;\u00e2ge de 11 ans.<\/p>\n<h3><span class=\"ez-toc-section\" id=\"Quel_est_lorigine_de_Vitaa\"><\/span>Quel est l&rsquo;origine de Vitaa ?<span class=\"ez-toc-section-end\"><\/span><\/h3>\n<p>N\u00e9e le 14 mars 1983 \u00e0 Mulhouse, <b>Vitaa<\/b>, de son vrai nom Charlotte Gonin, est une chanteuse fran\u00e7aise de R&rsquo;n&rsquo;B. D&rsquo;origine franco-italienne, elle commence \u00e0 chanter d\u00e8s l&rsquo;\u00e2ge de 11 ans.<\/p>\n<p>Quelle origine Amir ? <b>Amir<\/b>, de son vrai nom Laurent <b>Amir<\/b> Khlifa Khedider Haddad, n\u00e9 le 20 juin 1984 \u00e0 Paris, est un auteur-compositeur-interpr\u00e8te franco-isra\u00e9lien. Il est n\u00e9 dans le 12e arrondissement de Paris le 20 juin 1984 d&rsquo;un p\u00e8re d&rsquo;originetunisienne et d&rsquo;une m\u00e8re maroco-espagnole juive.<\/p>\n<h2><\/h2>\n","protected":false},"excerpt":{"rendered":"<p>La chanteuse a annonc\u00e9 sur les r\u00e9seaux sociaux, ce mercredi, avoir accouch\u00e9 de son premier enfant. Le b\u00e9b\u00e9 est un gar\u00e7on. Il est n\u00e9 le 22 janvier dernier. &#8230; Shy&rsquo;m avait r\u00e9v\u00e9l\u00e9 le sexe du b\u00e9b\u00e9 le 23 octobre dernier en publiant, par la m\u00eame occasion, le single \u00ab\u00a0Boy\u00a0\u00bb. Qui est le copain de Shy [&hellip;]<\/p>\n","protected":false},"author":5,"featured_media":0,"comment_status":"open","ping_status":"open","sticky":false,"template":"","format":"standard","meta":{"tdm_status":"","tdm_grid_status":"","_jetpack_memberships_contains_paid_content":false,"footnotes":"","jetpack_publicize_message":"","jetpack_publicize_feature_enabled":true,"jetpack_social_post_already_shared":true,"jetpack_social_options":{"image_generator_settings":{"template":"highway","default_image_id":0,"font":"","enabled":false},"version":2}},"categories":[80],"tags":[],"class_list":["post-62739","post","type-post","status-publish","format-standard","hentry","category-lifestyle"],"yoast_head":"<!-- This site is optimized with the Yoast SEO Premium plugin v25.0 (Yoast SEO v25.0) - https:\/\/yoast.com\/wordpress\/plugins\/seo\/ -->\n<title>Est-ce que Shy&#039;m a accouch\u00e9 ?<\/title>\n<meta name=\"description\" content=\"La chanteuse a annonc\u00e9 sur les r\u00e9seaux sociaux, ce mercredi, avoir accouch\u00e9 de son premier enfant. Le b\u00e9b\u00e9 est un gar\u00e7on. Il est n\u00e9 le 22 janvier dernier. ... Shy&#039;m avait r\u00e9v\u00e9l\u00e9 le sexe du b\u00e9b\u00e9 le 23 octobre dernier en publiant, par la m\u00eame occasion, le single &quot;Boy&quot;.\" \/>\n<meta name=\"robots\" content=\"index, follow, max-snippet:-1, max-image-preview:large, max-video-preview:-1\" \/>\n<link rel=\"canonical\" href=\"https:\/\/flashmode.tn\/magazine\/est-ce-que-shym-a-accouche\/\" \/>\n<meta property=\"og:locale\" content=\"fr_FR\" \/>\n<meta property=\"og:type\" content=\"article\" \/>\n<meta property=\"og:title\" content=\"Est-ce que Shy&#039;m a accouch\u00e9 ? - Flashmode Magazine | Magazine de mode et style de vie Num\u00e9ro un en Tunisie et au Maghreb\" \/>\n<meta property=\"og:description\" content=\"La chanteuse a annonc\u00e9 sur les r\u00e9seaux sociaux, ce mercredi, avoir accouch\u00e9 de son premier enfant. Le b\u00e9b\u00e9 est un gar\u00e7on. Il est n\u00e9 le 22 janvier dernier. ... Shy&#039;m avait r\u00e9v\u00e9l\u00e9 le sexe du b\u00e9b\u00e9 le 23 octobre dernier en publiant, par la m\u00eame occasion, le single &quot;Boy&quot;.\" \/>\n<meta property=\"og:url\" content=\"https:\/\/flashmode.tn\/magazine\/est-ce-que-shym-a-accouche\/\" \/>\n<meta property=\"og:site_name\" content=\"Flashmode Magazine | Magazine de mode et style de vie Num\u00e9ro un en Tunisie et au Maghreb\" \/>\n<meta property=\"article:publisher\" content=\"https:\/\/www.facebook.com\/flashmode.magazine\/\" \/>\n<meta property=\"article:published_time\" content=\"2022-01-29T18:07:03+00:00\" \/>\n<meta name=\"author\" content=\"PeopleLife\" \/>\n<meta name=\"twitter:card\" content=\"summary_large_image\" \/>\n<meta name=\"twitter:creator\" content=\"@agenceflashmode\" \/>\n<meta name=\"twitter:site\" content=\"@agenceflashmode\" \/>\n<meta name=\"twitter:label1\" content=\"\u00c9crit par\" \/>\n\t<meta name=\"twitter:data1\" content=\"PeopleLife\" \/>\n\t<meta name=\"twitter:label2\" content=\"Dur\u00e9e de lecture estim\u00e9e\" \/>\n\t<meta name=\"twitter:data2\" content=\"4 minutes\" \/>\n<script type=\"application\/ld+json\" class=\"yoast-schema-graph\">{\"@context\":\"https:\/\/schema.org\",\"@graph\":[{\"@type\":\"WebPage\",\"@id\":\"https:\/\/flashmode.tn\/magazine\/est-ce-que-shym-a-accouche\/\",\"url\":\"https:\/\/flashmode.tn\/magazine\/est-ce-que-shym-a-accouche\/\",\"name\":\"Est-ce que Shy'm a accouch\u00e9 ?\",\"isPartOf\":{\"@id\":\"https:\/\/flashmode.tn\/magazine\/#website\"},\"datePublished\":\"2022-01-29T18:07:03+00:00\",\"author\":{\"@id\":\"https:\/\/flashmode.tn\/magazine\/#\/schema\/person\/6815bd30337e8756d5357219766efcc3\"},\"description\":\"La chanteuse a annonc\u00e9 sur les r\u00e9seaux sociaux, ce mercredi, avoir accouch\u00e9 de son premier enfant. Le b\u00e9b\u00e9 est un gar\u00e7on. Il est n\u00e9 le 22 janvier dernier. ... Shy'm avait r\u00e9v\u00e9l\u00e9 le sexe du b\u00e9b\u00e9 le 23 octobre dernier en publiant, par la m\u00eame occasion, le single \\\"Boy\\\".\",\"breadcrumb\":{\"@id\":\"https:\/\/flashmode.tn\/magazine\/est-ce-que-shym-a-accouche\/#breadcrumb\"},\"inLanguage\":\"fr-FR\",\"potentialAction\":[{\"@type\":\"ReadAction\",\"target\":[\"https:\/\/flashmode.tn\/magazine\/est-ce-que-shym-a-accouche\/\"]}]},{\"@type\":\"BreadcrumbList\",\"@id\":\"https:\/\/flashmode.tn\/magazine\/est-ce-que-shym-a-accouche\/#breadcrumb\",\"itemListElement\":[{\"@type\":\"ListItem\",\"position\":1,\"name\":\"Accueil\",\"item\":\"https:\/\/flashmode.tn\/magazine\/\"},{\"@type\":\"ListItem\",\"position\":2,\"name\":\"Est-ce que Shy&rsquo;m a accouch\u00e9 ?\"}]},{\"@type\":\"WebSite\",\"@id\":\"https:\/\/flashmode.tn\/magazine\/#website\",\"url\":\"https:\/\/flashmode.tn\/magazine\/\",\"name\":\"Flashmode Magazine | Magazine de mode et style de vie Num\u00e9ro un en Tunisie et au Maghreb\",\"description\":\"Magazine de mode et style de vie Num\u00e9ro un en Tunisie et au Maghreb, cr\u00e9\u00e9 pour les hommes et les femmes : conseils beaut\u00e9, mode femme, mode homme, recettes de cuisine, c\u00e9l\u00e9brit\u00e9s et people, mannequins et top modeles\",\"potentialAction\":[{\"@type\":\"SearchAction\",\"target\":{\"@type\":\"EntryPoint\",\"urlTemplate\":\"https:\/\/flashmode.tn\/magazine\/?s={search_term_string}\"},\"query-input\":{\"@type\":\"PropertyValueSpecification\",\"valueRequired\":true,\"valueName\":\"search_term_string\"}}],\"inLanguage\":\"fr-FR\"},{\"@type\":\"Person\",\"@id\":\"https:\/\/flashmode.tn\/magazine\/#\/schema\/person\/6815bd30337e8756d5357219766efcc3\",\"name\":\"PeopleLife\",\"image\":{\"@type\":\"ImageObject\",\"inLanguage\":\"fr-FR\",\"@id\":\"https:\/\/flashmode.tn\/magazine\/#\/schema\/person\/image\/\",\"url\":\"https:\/\/secure.gravatar.com\/avatar\/8098f49196034391d93ae20d939ad33b14f6b745c986049ad803a54f4113e18c?s=96&d=mm&r=g\",\"contentUrl\":\"https:\/\/secure.gravatar.com\/avatar\/8098f49196034391d93ae20d939ad33b14f6b745c986049ad803a54f4113e18c?s=96&d=mm&r=g\",\"caption\":\"PeopleLife\"},\"url\":\"https:\/\/flashmode.tn\/magazine\/author\/peoplelife\/\"}]}<\/script>\n<!-- \/ Yoast SEO Premium plugin. -->","yoast_head_json":{"title":"Est-ce que Shy'm a accouch\u00e9 ?","description":"La chanteuse a annonc\u00e9 sur les r\u00e9seaux sociaux, ce mercredi, avoir accouch\u00e9 de son premier enfant. Le b\u00e9b\u00e9 est un gar\u00e7on. Il est n\u00e9 le 22 janvier dernier. ... Shy'm avait r\u00e9v\u00e9l\u00e9 le sexe du b\u00e9b\u00e9 le 23 octobre dernier en publiant, par la m\u00eame occasion, le single \"Boy\".","robots":{"index":"index","follow":"follow","max-snippet":"max-snippet:-1","max-image-preview":"max-image-preview:large","max-video-preview":"max-video-preview:-1"},"canonical":"https:\/\/flashmode.tn\/magazine\/est-ce-que-shym-a-accouche\/","og_locale":"fr_FR","og_type":"article","og_title":"Est-ce que Shy'm a accouch\u00e9 ? - Flashmode Magazine | Magazine de mode et style de vie Num\u00e9ro un en Tunisie et au Maghreb","og_description":"La chanteuse a annonc\u00e9 sur les r\u00e9seaux sociaux, ce mercredi, avoir accouch\u00e9 de son premier enfant. Le b\u00e9b\u00e9 est un gar\u00e7on. Il est n\u00e9 le 22 janvier dernier. ... Shy'm avait r\u00e9v\u00e9l\u00e9 le sexe du b\u00e9b\u00e9 le 23 octobre dernier en publiant, par la m\u00eame occasion, le single \"Boy\".","og_url":"https:\/\/flashmode.tn\/magazine\/est-ce-que-shym-a-accouche\/","og_site_name":"Flashmode Magazine | Magazine de mode et style de vie Num\u00e9ro un en Tunisie et au Maghreb","article_publisher":"https:\/\/www.facebook.com\/flashmode.magazine\/","article_published_time":"2022-01-29T18:07:03+00:00","author":"PeopleLife","twitter_card":"summary_large_image","twitter_creator":"@agenceflashmode","twitter_site":"@agenceflashmode","twitter_misc":{"\u00c9crit par":"PeopleLife","Dur\u00e9e de lecture estim\u00e9e":"4 minutes"},"schema":{"@context":"https:\/\/schema.org","@graph":[{"@type":"WebPage","@id":"https:\/\/flashmode.tn\/magazine\/est-ce-que-shym-a-accouche\/","url":"https:\/\/flashmode.tn\/magazine\/est-ce-que-shym-a-accouche\/","name":"Est-ce que Shy'm a accouch\u00e9 ?","isPartOf":{"@id":"https:\/\/flashmode.tn\/magazine\/#website"},"datePublished":"2022-01-29T18:07:03+00:00","author":{"@id":"https:\/\/flashmode.tn\/magazine\/#\/schema\/person\/6815bd30337e8756d5357219766efcc3"},"description":"La chanteuse a annonc\u00e9 sur les r\u00e9seaux sociaux, ce mercredi, avoir accouch\u00e9 de son premier enfant. Le b\u00e9b\u00e9 est un gar\u00e7on. Il est n\u00e9 le 22 janvier dernier. ... Shy'm avait r\u00e9v\u00e9l\u00e9 le sexe du b\u00e9b\u00e9 le 23 octobre dernier en publiant, par la m\u00eame occasion, le single \"Boy\".","breadcrumb":{"@id":"https:\/\/flashmode.tn\/magazine\/est-ce-que-shym-a-accouche\/#breadcrumb"},"inLanguage":"fr-FR","potentialAction":[{"@type":"ReadAction","target":["https:\/\/flashmode.tn\/magazine\/est-ce-que-shym-a-accouche\/"]}]},{"@type":"BreadcrumbList","@id":"https:\/\/flashmode.tn\/magazine\/est-ce-que-shym-a-accouche\/#breadcrumb","itemListElement":[{"@type":"ListItem","position":1,"name":"Accueil","item":"https:\/\/flashmode.tn\/magazine\/"},{"@type":"ListItem","position":2,"name":"Est-ce que Shy&rsquo;m a accouch\u00e9 ?"}]},{"@type":"WebSite","@id":"https:\/\/flashmode.tn\/magazine\/#website","url":"https:\/\/flashmode.tn\/magazine\/","name":"Flashmode Magazine | Magazine de mode et style de vie Num\u00e9ro un en Tunisie et au Maghreb","description":"Magazine de mode et style de vie Num\u00e9ro un en Tunisie et au Maghreb, cr\u00e9\u00e9 pour les hommes et les femmes : conseils beaut\u00e9, mode femme, mode homme, recettes de cuisine, c\u00e9l\u00e9brit\u00e9s et people, mannequins et top modeles","potentialAction":[{"@type":"SearchAction","target":{"@type":"EntryPoint","urlTemplate":"https:\/\/flashmode.tn\/magazine\/?s={search_term_string}"},"query-input":{"@type":"PropertyValueSpecification","valueRequired":true,"valueName":"search_term_string"}}],"inLanguage":"fr-FR"},{"@type":"Person","@id":"https:\/\/flashmode.tn\/magazine\/#\/schema\/person\/6815bd30337e8756d5357219766efcc3","name":"PeopleLife","image":{"@type":"ImageObject","inLanguage":"fr-FR","@id":"https:\/\/flashmode.tn\/magazine\/#\/schema\/person\/image\/","url":"https:\/\/secure.gravatar.com\/avatar\/8098f49196034391d93ae20d939ad33b14f6b745c986049ad803a54f4113e18c?s=96&d=mm&r=g","contentUrl":"https:\/\/secure.gravatar.com\/avatar\/8098f49196034391d93ae20d939ad33b14f6b745c986049ad803a54f4113e18c?s=96&d=mm&r=g","caption":"PeopleLife"},"url":"https:\/\/flashmode.tn\/magazine\/author\/peoplelife\/"}]}},"jetpack_publicize_connections":[],"jetpack_featured_media_url":"","jetpack_shortlink":"https:\/\/wp.me\/p8BPGr-gjV","jetpack_sharing_enabled":true,"_links":{"self":[{"href":"https:\/\/flashmode.tn\/magazine\/wp-json\/wp\/v2\/posts\/62739","targetHints":{"allow":["GET"]}}],"collection":[{"href":"https:\/\/flashmode.tn\/magazine\/wp-json\/wp\/v2\/posts"}],"about":[{"href":"https:\/\/flashmode.tn\/magazine\/wp-json\/wp\/v2\/types\/post"}],"author":[{"embeddable":true,"href":"https:\/\/flashmode.tn\/magazine\/wp-json\/wp\/v2\/users\/5"}],"replies":[{"embeddable":true,"href":"https:\/\/flashmode.tn\/magazine\/wp-json\/wp\/v2\/comments?post=62739"}],"version-history":[{"count":0,"href":"https:\/\/flashmode.tn\/magazine\/wp-json\/wp\/v2\/posts\/62739\/revisions"}],"wp:attachment":[{"href":"https:\/\/flashmode.tn\/magazine\/wp-json\/wp\/v2\/media?parent=62739"}],"wp:term":[{"taxonomy":"category","embeddable":true,"href":"https:\/\/flashmode.tn\/magazine\/wp-json\/wp\/v2\/categories?post=62739"},{"taxonomy":"post_tag","embeddable":true,"href":"https:\/\/flashmode.tn\/magazine\/wp-json\/wp\/v2\/tags?post=62739"}],"curies":[{"name":"wp","href":"https:\/\/api.w.org\/{rel}","templated":true}]}}