{"id":63039,"date":"2022-02-08T12:46:58","date_gmt":"2022-02-08T11:46:58","guid":{"rendered":"https:\/\/flashmode.tn\/magazine\/?p=63039"},"modified":"2022-02-08T12:46:58","modified_gmt":"2022-02-08T11:46:58","slug":"pourquoi-je-me-reveille-a-4h-du-matin","status":"publish","type":"post","link":"https:\/\/flashmode.tn\/magazine\/pourquoi-je-me-reveille-a-4h-du-matin\/","title":{"rendered":"Pourquoi je me r\u00e9veille \u00e0 4h du matin ?"},"content":{"rendered":"<p>L&rsquo;\u00e9motion bloqu\u00e9 Si un <b>r\u00e9veil<\/b> inopin\u00e9 entre <b>4 h<\/b> et 6 h du <b>matin<\/b> peut correspondre \u00e0 un probl\u00e8me de digestion, il peut \u00e9galement avoir un lien avec le psychique.<\/p>\n<p>Quel organe travaille \u00e0 4h du matin ? C&rsquo;est la v\u00e9sicule biliaire qui <b>travaille<\/b> pendant cette tranche horaire. Son r\u00f4le est de stocker la bile s\u00e9cr\u00e9t\u00e9e par le foie pour \u00e9viter qu&rsquo;elle ne finisse dans l&rsquo;intestin entre les p\u00e9riodes de digestion, mais aussi de stocker l&rsquo;\u00e9nergie absorb\u00e9e durant la journ\u00e9e et de la redistribuer.<\/p>\n<p>or Comment se rendormir \u00e0 4h du matin ? <b>  8 rituels pour s&rsquo;endormiru2026et  <b>   se rendormir \u00e0 4h du matin  <\/b> <\/b> <\/p>\n<ol>\n<li>   2 &#8211; Un souvenir qui vous fait du bien. &#8230;  <\/li>\n<li>   3 &#8211; Inspirez, Expirezu2026 &#8230;  <\/li>\n<li>   4 &#8211; La Sonate pour deux pianos en r\u00e9 majeur de Mozart. &#8230;  <\/li>\n<li>   5 &#8211; Yoga : la posture du cadavreu2026 ou de l&rsquo;enfant. &#8230;  <\/li>\n<li>   6 &#8211; Un baume aux huiles essentielles. &#8230;  <\/li>\n<li>   7 &#8211; Une micro s\u00e9ance de m\u00e9ditation. &#8230;  <\/li>\n<li>   8 &#8211; Une histoire sans images.  <\/li>\n<\/ol>\n<p>Pourquoi je me r\u00e9veille \u00e0 5 heures du matin ? Vous vous r\u00e9veillez entre 5h et 7h du <b>matin<\/b><\/p>\n<p> \u00c0 l&rsquo;aube, c&rsquo;est le gros intestin qui travaille intens\u00e9ment. Ce dernier segment du tube digestif est similaire au foie. &#8230; Un <b>r\u00e9veil<\/b>, durant cette tranche horaire, peut indiquer un probl\u00e8me digestif, caus\u00e9 par une alimentation trop riche ou au contraire trop pauvre.<\/p>\n<div id=\"ez-toc-container\" class=\"ez-toc-v2_0_81 counter-hierarchy ez-toc-counter ez-toc-grey ez-toc-container-direction\">\n<div class=\"ez-toc-title-container\">\n<p class=\"ez-toc-title\" style=\"cursor:inherit\">Contenus de la page<\/p>\n<span class=\"ez-toc-title-toggle\"><a href=\"#\" class=\"ez-toc-pull-right ez-toc-btn ez-toc-btn-xs ez-toc-btn-default ez-toc-toggle\" aria-label=\"Toggle Table of Content\"><span class=\"ez-toc-js-icon-con\"><span class=\"\"><span class=\"eztoc-hide\" style=\"display:none;\">Toggle<\/span><span class=\"ez-toc-icon-toggle-span\"><svg style=\"fill: #999;color:#999\" xmlns=\"http:\/\/www.w3.org\/2000\/svg\" class=\"list-377408\" width=\"20px\" height=\"20px\" viewBox=\"0 0 24 24\" fill=\"none\"><path d=\"M6 6H4v2h2V6zm14 0H8v2h12V6zM4 11h2v2H4v-2zm16 0H8v2h12v-2zM4 16h2v2H4v-2zm16 0H8v2h12v-2z\" fill=\"currentColor\"><\/path><\/svg><svg style=\"fill: #999;color:#999\" class=\"arrow-unsorted-368013\" xmlns=\"http:\/\/www.w3.org\/2000\/svg\" width=\"10px\" height=\"10px\" viewBox=\"0 0 24 24\" version=\"1.2\" baseProfile=\"tiny\"><path d=\"M18.2 9.3l-6.2-6.3-6.2 6.3c-.2.2-.3.4-.3.7s.1.5.3.7c.2.2.4.3.7.3h11c.3 0 .5-.1.7-.3.2-.2.3-.5.3-.7s-.1-.5-.3-.7zM5.8 14.7l6.2 6.3 6.2-6.3c.2-.2.3-.5.3-.7s-.1-.5-.3-.7c-.2-.2-.4-.3-.7-.3h-11c-.3 0-.5.1-.7.3-.2.2-.3.5-.3.7s.1.5.3.7z\"\/><\/svg><\/span><\/span><\/span><\/a><\/span><\/div>\n<nav><ul class='ez-toc-list ez-toc-list-level-1 ' ><li class='ez-toc-page-1 ez-toc-heading-level-2'><a class=\"ez-toc-link ez-toc-heading-1\" href=\"https:\/\/flashmode.tn\/magazine\/pourquoi-je-me-reveille-a-4h-du-matin\/#Pourquoi_on_se_reveille_la_nuit_a_la_meme_heure\" >Pourquoi on se r\u00e9veill\u00e9 la nuit \u00e0 la m\u00eame heure ?<\/a><\/li><li class='ez-toc-page-1 ez-toc-heading-level-2'><a class=\"ez-toc-link ez-toc-heading-2\" href=\"https:\/\/flashmode.tn\/magazine\/pourquoi-je-me-reveille-a-4h-du-matin\/#Pourquoi_je_me_reveille_a_3_heures_du_matin\" >Pourquoi je me r\u00e9veille \u00e0 3 heures du matin ?<\/a><\/li><li class='ez-toc-page-1 ez-toc-heading-level-2'><a class=\"ez-toc-link ez-toc-heading-3\" href=\"https:\/\/flashmode.tn\/magazine\/pourquoi-je-me-reveille-a-4h-du-matin\/#Pourquoi_on_a_froid_le_matin\" >Pourquoi on a froid le matin ?<\/a><\/li><li class='ez-toc-page-1 ez-toc-heading-level-2'><a class=\"ez-toc-link ez-toc-heading-4\" href=\"https:\/\/flashmode.tn\/magazine\/pourquoi-je-me-reveille-a-4h-du-matin\/#Quel_medicament_pour_eviter_les_reveils_nocturnes\" >Quel m\u00e9dicament pour eviter les r\u00e9veils nocturnes ?<\/a><ul class='ez-toc-list-level-3' ><li class='ez-toc-heading-level-3'><a class=\"ez-toc-link ez-toc-heading-5\" href=\"https:\/\/flashmode.tn\/magazine\/pourquoi-je-me-reveille-a-4h-du-matin\/#Comment_ne_pas_avoir_froid_le_matin\" >Comment ne pas avoir froid le matin ?<\/a><\/li><\/ul><\/li><li class='ez-toc-page-1 ez-toc-heading-level-2'><a class=\"ez-toc-link ez-toc-heading-6\" href=\"https:\/\/flashmode.tn\/magazine\/pourquoi-je-me-reveille-a-4h-du-matin\/#Comment_dormir_pour_ne_pas_avoir_mal_a_la_tete\" >Comment dormir pour ne pas avoir mal \u00e0 la t\u00eate ?<\/a><\/li><\/ul><\/nav><\/div>\n<h2><span class=\"ez-toc-section\" id=\"Pourquoi_on_se_reveille_la_nuit_a_la_meme_heure\"><\/span>Pourquoi on se r\u00e9veill\u00e9 la nuit \u00e0 la m\u00eame heure ?<span class=\"ez-toc-section-end\"><\/span><\/h2>\n<p><b>Se r\u00e9veiller<\/b> syst\u00e9matiquement la <b>nuit<\/b> \u00e0 la <b>m\u00eame heure<\/b> peut ainsi cacher certaines maladies. Ce peut \u00eatre une apn\u00e9e du sommeil, c&rsquo;est-\u00e0-dire un trouble respiratoire du sommeil qui <b>se<\/b> caract\u00e9rise par des pauses respiratoires de dix \u00e0 trente secondes, voire plus, pouvant <b>se<\/b> r\u00e9p\u00e9ter plus de 10 fois par <b>heure<\/b>.<\/p>\n<p>Pourquoi certains se R\u00e9veillent-ils chaque nuit \u00e0 la m\u00eame heure ? Au fur et \u00e0 mesure que la <b>nuit<\/b> d\u00e9file, le sommeil <b>se<\/b> fait de moins en moins profond, \u00able cerveau reprend progressivement une activit\u00e9 proche de l&rsquo;\u00e9veil, ce qui le rend plus susceptible d&rsquo;\u00eatre r\u00e9veill\u00e9\u00bb, informe le sp\u00e9cialiste. Ce rythme de cycles explique que l&rsquo;<b>heure<\/b> de r\u00e9veil intempestif soit toujours identique.<\/p>\n<p>Pourquoi je me r\u00e9veille toutes les nuits \u00e0 3h du matin ? La signification d&rsquo;un <b>r\u00e9veil<\/b> entre <b>3h<\/b> et 5h<\/p>\n<p> <b>Tout<\/b> d&rsquo;abord, cela peut \u00eatre simplement un souci de respiration, un probl\u00e8me d&rsquo;oxyg\u00e9nation de l&rsquo;organisme. Mais cela peut aussi symboliser un poids psychologique. Un probl\u00e8me qui vous tracasse peut alors devenir physiquement oppressant et vous <b>r\u00e9veiller<\/b> au milieu de <b>la nuit<\/b>.<\/p>\n<p>Pourquoi je me r\u00e9veille entre 2h et 3h du matin ? <b>Entre<\/b> 1h et <b>3h<\/b>, l&rsquo;horaire est attribu\u00e9 au foie. En effet, celui-ci fonctionne \u00e0 plein r\u00e9gime <b>entre<\/b> 1h et <b>3h du matin<\/b>. Il s&rsquo;active pour \u00e9liminer les toxines et pour purifier l&rsquo;organisme. Vous pouvez donc souffrir du foie, si vous vous r\u00e9veillez \u00e0 cette heure ci.<\/p>\n<h2><span class=\"ez-toc-section\" id=\"Pourquoi_je_me_reveille_a_3_heures_du_matin\"><\/span>Pourquoi je me r\u00e9veille \u00e0 3 heures du matin ?<span class=\"ez-toc-section-end\"><\/span><\/h2>\n<p>L&rsquo;\u00e2ge, les reflux et l&rsquo;apn\u00e9e du sommeil sont souvent responsables des r\u00e9veils en milieu de nuit, mais l&rsquo;alcool aurait aussi une mauvaise influence. Une surexposition \u00e0 la lumi\u00e8re bleue des \u00e9crans et une mauvaise hygi\u00e8ne de nuit jouent aussi un r\u00f4le important. &#8230;<\/p>\n<p>Pourquoi se lever tous les jours \u00e0 la m\u00eame heure ? Votre rythme circadien est l&rsquo;horloge biologique interne de votre corps qui contribue \u00e0 r\u00e9guler les cycles de sommeil et d&rsquo;\u00e9veil. <b>Se coucher<\/b> ou <b>se lever<\/b> \u00e0 des <b>heures<\/b> diff\u00e9rentes d&rsquo;un <b>jour<\/b> \u00e0 l&rsquo;autre peut perturber le rythme circadien naturel et entra\u00eener des troubles m\u00e9taboliques, notamment une prise de poids.<\/p>\n<p>Comment arr\u00eater les r\u00e9veils nocturnes ?<\/p>\n<p>\u00e9teignez les appareils \u00e9lectroniques et fuyez les \u00e9crans au moins une heure avant d&rsquo;aller vous coucher ; \u00e9vitez de dormir avec des animaux, qui perturbent le sommeil ; limitez autant que possible l&rsquo;alcool, la nourriture trop riche et \u00e9pic\u00e9e et n&rsquo;importe quelle activit\u00e9 trop excitante le soir.<\/p>\n<p>Pourquoi je me r\u00e9veille t\u00f4t le matin ? Certaines personnes <b>se<\/b> r\u00e9veillent <b>t\u00f4t<\/b> parce qu&rsquo;elles redoutent de ne pas entendre leur <b>r\u00e9veil<\/b>. Leur cerveau s&rsquo;installe en mode alerte bien avant l&rsquo;heure H et finit par les tirer du sommeil tr\u00e8s en avance. \u00ab\u00a0Pour elles, il peut \u00eatre judicieux de tester un <b>r\u00e9veil<\/b> \u00e0 simulateur d&rsquo;aube.<\/p>\n<h2><span class=\"ez-toc-section\" id=\"Pourquoi_on_a_froid_le_matin\"><\/span>Pourquoi on a froid le matin ?<span class=\"ez-toc-section-end\"><\/span><\/h2>\n<p>Quand notre corps, trop fatigu\u00e9, tourne au ralenti, il produit moins d&rsquo;\u00e9nergie, et il se peut donc que cela se traduise par une baisse de notre temp\u00e9rature. On a le sentiment d&rsquo;avoir <b>froid<\/b> de l&rsquo;int\u00e9rieur, et malgr\u00e9 nos pulls et nos gilets, on ne se r\u00e9chauffe pas.<\/p>\n<p>Pourquoi je me r\u00e9veille avec un mal de t\u00eate ?<\/p>\n<p>Les diff\u00e9rents types de <b>maux de t\u00eate<\/b><\/p>\n<p> Plusieurs causes peuvent expliquer ces <b>maux de t\u00eate<\/b> quand ils surviennent au <b>r\u00e9veil<\/b> : Vous \u00eates d\u00e9shydrat\u00e9 : pensez \u00e0 bien boire avant de vous coucher. Vous avez un peu trop bu la veille. Vous vivez une p\u00e9riode de fatigue ou de stress.<\/p>\n<p>Comment retrouver le sommeil au milieu de la nuit ? <b>  Les astuces pour se rendormir vite apr\u00e8s un r\u00e9veil en pleine  <b>   nuit  <\/b> <\/b> <\/p>\n<ol>\n<li>   Se lever. &#8230;  <\/li>\n<li>   Rester dans la p\u00e9nombre. &#8230;  <\/li>\n<li>   Regarder la t\u00e9l\u00e9vision. &#8230;  <\/li>\n<li>   Boire une boisson chaude. &#8230;  <\/li>\n<li>   Enfiler une paire de chaussettes. &#8230;  <\/li>\n<li>   Adoptez une technique de relaxation. &#8230;  <\/li>\n<li>   En vid\u00e9o, 6 bonnes habitudes \u00e0 prendre avant de se coucher.  <\/li>\n<\/ol>\n<p>Pourquoi je me r\u00e9veille toute les nuit \u00e0 2h du matin ? <b>Se r\u00e9veiller toutes les nuits<\/b> pourrait \u00eatre le signe d&rsquo;un probl\u00e8me de sant\u00e9 sous-jacent. &#8230; L&rsquo;insomnie, entre autres probl\u00e8mes de sant\u00e9 et de style de vie, pourrait \u00eatre \u00e0 l&rsquo;origine de ces r\u00e9veils du milieu de la <b>nuit<\/b>. S&rsquo;il n&rsquo;a aucun probl\u00e8me de sant\u00e9, cela vient sans doute du mode de vie.<\/p>\n<h2><span class=\"ez-toc-section\" id=\"Quel_medicament_pour_eviter_les_reveils_nocturnes\"><\/span>Quel m\u00e9dicament pour eviter les r\u00e9veils nocturnes ?<span class=\"ez-toc-section-end\"><\/span><\/h2>\n<p>Les hypnotiques, appel\u00e9s couramment somnif\u00e8res, sont des <b>m\u00e9dicaments<\/b> qui facilitent le sommeil. Ils aident \u00e0 s&rsquo;endormir et peuvent \u00e9galement contribuer au maintien du sommeil, lorsque leur dur\u00e9e d&rsquo;action est suffisamment longue.<\/p>\n<p>Pourquoi je me r\u00e9veille une heure avant mon r\u00e9veil ? Lorsque cette horloge interne prend l&rsquo;habitude d&rsquo;un coucher et d&rsquo;un lever \u00e0 une certaine heure, comme c&rsquo;est souvent le cas dans une routine, le corps s&rsquo;adapte. L&rsquo;organisme produit donc une prot\u00e9ine, la PER, et c&rsquo;est celle-ci qui pr\u00e9pare au <b>r\u00e9veil<\/b>, environs une heure <b>avant<\/b> la sonnerie.<\/p>\n<p>Pourquoi je n&rsquo;arrive pas \u00e0 me r\u00e9veiller le matin ?<\/p>\n<p>Elle est due \u00e0 une insuffisance de tyrosine (son pr\u00e9curseur), qui peut \u00eatre provoqu\u00e9e par des couchers trop tardifs ou un d\u00e9sordre alimentaire : <b>pas<\/b> assez de prot\u00e9ines (qui fournissent les acides amin\u00e9s essentiels), ou un exc\u00e8s de sucre, qui fait baisser le taux de tyrosine.<\/p>\n<p>Comment eviter de se r\u00e9veille trop t\u00f4t ? Essayez de vous trouver des activit\u00e9s plaisantes <b>pour<\/b> un d\u00e9but de journ\u00e9e dynamisant avant tout le monde, ou bien tentez de vous recaler progressivement en retardant votre heure de coucher, ce qui d\u00e9calera naturellement celle du <b>r\u00e9veil<\/b>\u2026 La lumi\u00e8re forte le soir peut vous aider dans cette d\u00e9licate entreprise\u2026<\/p>\n<h3><span class=\"ez-toc-section\" id=\"Comment_ne_pas_avoir_froid_le_matin\"><\/span>Comment ne pas avoir froid le matin ?<span class=\"ez-toc-section-end\"><\/span><\/h3>\n<p><b>  <b>   Comment ne  <\/b>  pas  <b>   avoir froid  <\/b>  : ces 5 conseils qui fonctionnent <\/b> <\/p>\n<ol>\n<li>   PROT\u00c9GER CORRECTEMENT LES EXTR\u00c9MIT\u00c9S. Maillot de corps, t-shirt, pull en laine ou polaire, tout est bon pour retenir la chaleur naturelle du corps. &#8230;  <\/li>\n<li>   boire des boissons ti\u00e8des. &#8230;  <\/li>\n<li>   Surveiller son alimentation. &#8230;  <\/li>\n<li>   se masser le dos, le visage&#8230; &#8230;  <\/li>\n<li>   Eviter les bains.  <\/li>\n<\/ol>\n<p>Comment ne pas avoir froid le matin au r\u00e9veil ? <b>  <b>   Comment  <\/b>  survivre aux matins o\u00f9 il fait trop  <b>   froid  <\/b>  pour quitter sa couette ? <\/b> <\/p>\n<ol>\n<li>   Tout pr\u00e9parer la veille. &#8230;  <\/li>\n<li>   Se lever assez t\u00f4t pour   <b>    prendre   <\/b>   son temps. &#8230;  <\/li>\n<li>   <b>    Prendre   <\/b>   une douche bien chaude. &#8230;  <\/li>\n<li>   Faire son lit. &#8230;  <\/li>\n<li>   Un petit-d\u00e9jeuner gourmand.  <\/li>\n<\/ol>\n<p>Quelle maladie donne des frissons ?<\/p>\n<p>Ils peuvent \u00e9galement appara\u00eetre dans la plupart des <b>maladies<\/b> infectieuses (cystite, grippe, rhume, sinusite, gastro-ent\u00e9rite, m\u00e9ningite\u2026) et sont alors souvent des sympt\u00f4mes pr\u00e9curseurs de la fi\u00e8vre. Ils sont aussi pr\u00e9sents dans des <b>maladies<\/b> telles que le cancer, le paludisme, le sida ou dans certaines allergies.<\/p>\n<p>Quand s&rsquo;inqui\u00e9ter d&rsquo;un mal de t\u00eate ? <b>  <b>   Maux de t\u00eate  <\/b>  : les 5 signes qui doivent vous inqui\u00e9ter <\/b> <\/p>\n<ol>\n<li>   Si le   <b>    mal de t\u00eate   <\/b>   est accompagn\u00e9 de vomissements. &#8230;  <\/li>\n<li>   Si le   <b>    mal de t\u00eate   <\/b>   est accompagn\u00e9 d&rsquo;une   <b>    douleur   <\/b>   dans le bras. &#8230;  <\/li>\n<li>   Si le   <b>    mal de t\u00eate   <\/b>   arrive soudainement pendant une grossesse. &#8230;  <\/li>\n<li>   Si le   <b>    mal de t\u00eate   <\/b>   survient apr\u00e8s un accident.  <\/li>\n<\/ol>\n<h2><span class=\"ez-toc-section\" id=\"Comment_dormir_pour_ne_pas_avoir_mal_a_la_tete\"><\/span>Comment dormir pour ne pas avoir mal \u00e0 la t\u00eate ?<span class=\"ez-toc-section-end\"><\/span><\/h2>\n<p><b>  <b>   Comment dormir  <\/b>  quand  <b>   j&rsquo;ai mal  <\/b>  au cou ? <\/b> <\/p>\n<ol>\n<li>   <b>    Dormir   <\/b>   sur le dos : c&rsquo;est la meilleure position qui soit ! Elle permet d&rsquo;aligner le cou avec le reste   <b>    de   <\/b>   la colonne vert\u00e9brale et donc   <b>    de   <\/b>   limiter les contraintes. &#8230;  <\/li>\n<li>   <b>    Dormir   <\/b>   sur le c\u00f4t\u00e9 est une bonne position \u00e9galement, si tant est que vous   <b>    ne   <\/b>   dormiez   <b>    pas   <\/b>   sur le c\u00f4t\u00e9 qui vous fait   <b>    mal   <\/b>   .  <\/li>\n<\/ol>\n<p>Pourquoi j&rsquo;ai mal \u00e0 la t\u00eate presque tous les jours ?<\/p>\n<p>La cause de votre <b>mal<\/b> de <b>t\u00eate<\/b> peut \u00eatre la fatigue, le stress. Cela survient plut\u00f4t en fin de journ\u00e9e. La situation tend \u00e0 s&rsquo;am\u00e9liorer lorsque le patient se d\u00e9tend et se repose. N\u00e9anmoins, les c\u00e9phal\u00e9es de tension peuvent s&rsquo;installer et perdurer, et appara\u00eetre d\u00e8s le r\u00e9veil.<\/p>\n","protected":false},"excerpt":{"rendered":"<p>L&rsquo;\u00e9motion bloqu\u00e9 Si un r\u00e9veil inopin\u00e9 entre 4 h et 6 h du matin peut correspondre \u00e0 un probl\u00e8me de digestion, il peut \u00e9galement avoir un lien avec le psychique. Quel organe travaille \u00e0 4h du matin ? C&rsquo;est la v\u00e9sicule biliaire qui travaille pendant cette tranche horaire. Son r\u00f4le est de stocker la bile [&hellip;]<\/p>\n","protected":false},"author":5,"featured_media":0,"comment_status":"open","ping_status":"open","sticky":false,"template":"","format":"standard","meta":{"tdm_status":"","tdm_grid_status":"","_jetpack_memberships_contains_paid_content":false,"footnotes":"","jetpack_publicize_message":"","jetpack_publicize_feature_enabled":true,"jetpack_social_post_already_shared":true,"jetpack_social_options":{"image_generator_settings":{"template":"highway","default_image_id":0,"font":"","enabled":false},"version":2}},"categories":[80],"tags":[],"class_list":["post-63039","post","type-post","status-publish","format-standard","hentry","category-lifestyle"],"yoast_head":"<!-- This site is optimized with the Yoast SEO Premium plugin v25.0 (Yoast SEO v25.0) - https:\/\/yoast.com\/wordpress\/plugins\/seo\/ -->\n<title>Pourquoi je me r\u00e9veille \u00e0 4h du matin ?<\/title>\n<meta name=\"description\" content=\"L&#039;\u00e9motion bloqu\u00e9 Si un r\u00e9veil inopin\u00e9 entre 4 h et 6 h du matin peut correspondre \u00e0 un probl\u00e8me de digestion, il peut \u00e9galement avoir un lien avec le psychique.\" \/>\n<meta name=\"robots\" content=\"index, follow, max-snippet:-1, max-image-preview:large, max-video-preview:-1\" \/>\n<link rel=\"canonical\" href=\"https:\/\/flashmode.tn\/magazine\/pourquoi-je-me-reveille-a-4h-du-matin\/\" \/>\n<meta property=\"og:locale\" content=\"fr_FR\" \/>\n<meta property=\"og:type\" content=\"article\" \/>\n<meta property=\"og:title\" content=\"Pourquoi je me r\u00e9veille \u00e0 4h du matin ? - Flashmode Magazine | Magazine de mode et style de vie Num\u00e9ro un en Tunisie et au Maghreb\" \/>\n<meta property=\"og:description\" content=\"L&#039;\u00e9motion bloqu\u00e9 Si un r\u00e9veil inopin\u00e9 entre 4 h et 6 h du matin peut correspondre \u00e0 un probl\u00e8me de digestion, il peut \u00e9galement avoir un lien avec le psychique.\" \/>\n<meta property=\"og:url\" content=\"https:\/\/flashmode.tn\/magazine\/pourquoi-je-me-reveille-a-4h-du-matin\/\" \/>\n<meta property=\"og:site_name\" content=\"Flashmode Magazine | Magazine de mode et style de vie Num\u00e9ro un en Tunisie et au Maghreb\" \/>\n<meta property=\"article:publisher\" content=\"https:\/\/www.facebook.com\/flashmode.magazine\/\" \/>\n<meta property=\"article:published_time\" content=\"2022-02-08T11:46:58+00:00\" \/>\n<meta name=\"author\" content=\"PeopleLife\" \/>\n<meta name=\"twitter:card\" content=\"summary_large_image\" \/>\n<meta name=\"twitter:creator\" content=\"@agenceflashmode\" \/>\n<meta name=\"twitter:site\" content=\"@agenceflashmode\" \/>\n<meta name=\"twitter:label1\" content=\"\u00c9crit par\" \/>\n\t<meta name=\"twitter:data1\" content=\"PeopleLife\" \/>\n\t<meta name=\"twitter:label2\" content=\"Dur\u00e9e de lecture estim\u00e9e\" \/>\n\t<meta name=\"twitter:data2\" content=\"8 minutes\" \/>\n<script type=\"application\/ld+json\" class=\"yoast-schema-graph\">{\"@context\":\"https:\/\/schema.org\",\"@graph\":[{\"@type\":\"WebPage\",\"@id\":\"https:\/\/flashmode.tn\/magazine\/pourquoi-je-me-reveille-a-4h-du-matin\/\",\"url\":\"https:\/\/flashmode.tn\/magazine\/pourquoi-je-me-reveille-a-4h-du-matin\/\",\"name\":\"Pourquoi je me r\u00e9veille \u00e0 4h du matin ?\",\"isPartOf\":{\"@id\":\"https:\/\/flashmode.tn\/magazine\/#website\"},\"datePublished\":\"2022-02-08T11:46:58+00:00\",\"author\":{\"@id\":\"https:\/\/flashmode.tn\/magazine\/#\/schema\/person\/6815bd30337e8756d5357219766efcc3\"},\"description\":\"L'\u00e9motion bloqu\u00e9 Si un r\u00e9veil inopin\u00e9 entre 4 h et 6 h du matin peut correspondre \u00e0 un probl\u00e8me de digestion, il peut \u00e9galement avoir un lien avec le psychique.\",\"breadcrumb\":{\"@id\":\"https:\/\/flashmode.tn\/magazine\/pourquoi-je-me-reveille-a-4h-du-matin\/#breadcrumb\"},\"inLanguage\":\"fr-FR\",\"potentialAction\":[{\"@type\":\"ReadAction\",\"target\":[\"https:\/\/flashmode.tn\/magazine\/pourquoi-je-me-reveille-a-4h-du-matin\/\"]}]},{\"@type\":\"BreadcrumbList\",\"@id\":\"https:\/\/flashmode.tn\/magazine\/pourquoi-je-me-reveille-a-4h-du-matin\/#breadcrumb\",\"itemListElement\":[{\"@type\":\"ListItem\",\"position\":1,\"name\":\"Accueil\",\"item\":\"https:\/\/flashmode.tn\/magazine\/\"},{\"@type\":\"ListItem\",\"position\":2,\"name\":\"Pourquoi je me r\u00e9veille \u00e0 4h du matin ?\"}]},{\"@type\":\"WebSite\",\"@id\":\"https:\/\/flashmode.tn\/magazine\/#website\",\"url\":\"https:\/\/flashmode.tn\/magazine\/\",\"name\":\"Flashmode Magazine | Magazine de mode et style de vie Num\u00e9ro un en Tunisie et au Maghreb\",\"description\":\"Magazine de mode et style de vie Num\u00e9ro un en Tunisie et au Maghreb, cr\u00e9\u00e9 pour les hommes et les femmes : conseils beaut\u00e9, mode femme, mode homme, recettes de cuisine, c\u00e9l\u00e9brit\u00e9s et people, mannequins et top modeles\",\"potentialAction\":[{\"@type\":\"SearchAction\",\"target\":{\"@type\":\"EntryPoint\",\"urlTemplate\":\"https:\/\/flashmode.tn\/magazine\/?s={search_term_string}\"},\"query-input\":{\"@type\":\"PropertyValueSpecification\",\"valueRequired\":true,\"valueName\":\"search_term_string\"}}],\"inLanguage\":\"fr-FR\"},{\"@type\":\"Person\",\"@id\":\"https:\/\/flashmode.tn\/magazine\/#\/schema\/person\/6815bd30337e8756d5357219766efcc3\",\"name\":\"PeopleLife\",\"image\":{\"@type\":\"ImageObject\",\"inLanguage\":\"fr-FR\",\"@id\":\"https:\/\/flashmode.tn\/magazine\/#\/schema\/person\/image\/\",\"url\":\"https:\/\/secure.gravatar.com\/avatar\/8098f49196034391d93ae20d939ad33b14f6b745c986049ad803a54f4113e18c?s=96&d=mm&r=g\",\"contentUrl\":\"https:\/\/secure.gravatar.com\/avatar\/8098f49196034391d93ae20d939ad33b14f6b745c986049ad803a54f4113e18c?s=96&d=mm&r=g\",\"caption\":\"PeopleLife\"},\"url\":\"https:\/\/flashmode.tn\/magazine\/author\/peoplelife\/\"}]}<\/script>\n<!-- \/ Yoast SEO Premium plugin. -->","yoast_head_json":{"title":"Pourquoi je me r\u00e9veille \u00e0 4h du matin ?","description":"L'\u00e9motion bloqu\u00e9 Si un r\u00e9veil inopin\u00e9 entre 4 h et 6 h du matin peut correspondre \u00e0 un probl\u00e8me de digestion, il peut \u00e9galement avoir un lien avec le psychique.","robots":{"index":"index","follow":"follow","max-snippet":"max-snippet:-1","max-image-preview":"max-image-preview:large","max-video-preview":"max-video-preview:-1"},"canonical":"https:\/\/flashmode.tn\/magazine\/pourquoi-je-me-reveille-a-4h-du-matin\/","og_locale":"fr_FR","og_type":"article","og_title":"Pourquoi je me r\u00e9veille \u00e0 4h du matin ? - Flashmode Magazine | Magazine de mode et style de vie Num\u00e9ro un en Tunisie et au Maghreb","og_description":"L'\u00e9motion bloqu\u00e9 Si un r\u00e9veil inopin\u00e9 entre 4 h et 6 h du matin peut correspondre \u00e0 un probl\u00e8me de digestion, il peut \u00e9galement avoir un lien avec le psychique.","og_url":"https:\/\/flashmode.tn\/magazine\/pourquoi-je-me-reveille-a-4h-du-matin\/","og_site_name":"Flashmode Magazine | Magazine de mode et style de vie Num\u00e9ro un en Tunisie et au Maghreb","article_publisher":"https:\/\/www.facebook.com\/flashmode.magazine\/","article_published_time":"2022-02-08T11:46:58+00:00","author":"PeopleLife","twitter_card":"summary_large_image","twitter_creator":"@agenceflashmode","twitter_site":"@agenceflashmode","twitter_misc":{"\u00c9crit par":"PeopleLife","Dur\u00e9e de lecture estim\u00e9e":"8 minutes"},"schema":{"@context":"https:\/\/schema.org","@graph":[{"@type":"WebPage","@id":"https:\/\/flashmode.tn\/magazine\/pourquoi-je-me-reveille-a-4h-du-matin\/","url":"https:\/\/flashmode.tn\/magazine\/pourquoi-je-me-reveille-a-4h-du-matin\/","name":"Pourquoi je me r\u00e9veille \u00e0 4h du matin ?","isPartOf":{"@id":"https:\/\/flashmode.tn\/magazine\/#website"},"datePublished":"2022-02-08T11:46:58+00:00","author":{"@id":"https:\/\/flashmode.tn\/magazine\/#\/schema\/person\/6815bd30337e8756d5357219766efcc3"},"description":"L'\u00e9motion bloqu\u00e9 Si un r\u00e9veil inopin\u00e9 entre 4 h et 6 h du matin peut correspondre \u00e0 un probl\u00e8me de digestion, il peut \u00e9galement avoir un lien avec le psychique.","breadcrumb":{"@id":"https:\/\/flashmode.tn\/magazine\/pourquoi-je-me-reveille-a-4h-du-matin\/#breadcrumb"},"inLanguage":"fr-FR","potentialAction":[{"@type":"ReadAction","target":["https:\/\/flashmode.tn\/magazine\/pourquoi-je-me-reveille-a-4h-du-matin\/"]}]},{"@type":"BreadcrumbList","@id":"https:\/\/flashmode.tn\/magazine\/pourquoi-je-me-reveille-a-4h-du-matin\/#breadcrumb","itemListElement":[{"@type":"ListItem","position":1,"name":"Accueil","item":"https:\/\/flashmode.tn\/magazine\/"},{"@type":"ListItem","position":2,"name":"Pourquoi je me r\u00e9veille \u00e0 4h du matin ?"}]},{"@type":"WebSite","@id":"https:\/\/flashmode.tn\/magazine\/#website","url":"https:\/\/flashmode.tn\/magazine\/","name":"Flashmode Magazine | Magazine de mode et style de vie Num\u00e9ro un en Tunisie et au Maghreb","description":"Magazine de mode et style de vie Num\u00e9ro un en Tunisie et au Maghreb, cr\u00e9\u00e9 pour les hommes et les femmes : conseils beaut\u00e9, mode femme, mode homme, recettes de cuisine, c\u00e9l\u00e9brit\u00e9s et people, mannequins et top modeles","potentialAction":[{"@type":"SearchAction","target":{"@type":"EntryPoint","urlTemplate":"https:\/\/flashmode.tn\/magazine\/?s={search_term_string}"},"query-input":{"@type":"PropertyValueSpecification","valueRequired":true,"valueName":"search_term_string"}}],"inLanguage":"fr-FR"},{"@type":"Person","@id":"https:\/\/flashmode.tn\/magazine\/#\/schema\/person\/6815bd30337e8756d5357219766efcc3","name":"PeopleLife","image":{"@type":"ImageObject","inLanguage":"fr-FR","@id":"https:\/\/flashmode.tn\/magazine\/#\/schema\/person\/image\/","url":"https:\/\/secure.gravatar.com\/avatar\/8098f49196034391d93ae20d939ad33b14f6b745c986049ad803a54f4113e18c?s=96&d=mm&r=g","contentUrl":"https:\/\/secure.gravatar.com\/avatar\/8098f49196034391d93ae20d939ad33b14f6b745c986049ad803a54f4113e18c?s=96&d=mm&r=g","caption":"PeopleLife"},"url":"https:\/\/flashmode.tn\/magazine\/author\/peoplelife\/"}]}},"jetpack_publicize_connections":[],"jetpack_featured_media_url":"","jetpack_shortlink":"https:\/\/wp.me\/p8BPGr-goL","jetpack_sharing_enabled":true,"_links":{"self":[{"href":"https:\/\/flashmode.tn\/magazine\/wp-json\/wp\/v2\/posts\/63039","targetHints":{"allow":["GET"]}}],"collection":[{"href":"https:\/\/flashmode.tn\/magazine\/wp-json\/wp\/v2\/posts"}],"about":[{"href":"https:\/\/flashmode.tn\/magazine\/wp-json\/wp\/v2\/types\/post"}],"author":[{"embeddable":true,"href":"https:\/\/flashmode.tn\/magazine\/wp-json\/wp\/v2\/users\/5"}],"replies":[{"embeddable":true,"href":"https:\/\/flashmode.tn\/magazine\/wp-json\/wp\/v2\/comments?post=63039"}],"version-history":[{"count":0,"href":"https:\/\/flashmode.tn\/magazine\/wp-json\/wp\/v2\/posts\/63039\/revisions"}],"wp:attachment":[{"href":"https:\/\/flashmode.tn\/magazine\/wp-json\/wp\/v2\/media?parent=63039"}],"wp:term":[{"taxonomy":"category","embeddable":true,"href":"https:\/\/flashmode.tn\/magazine\/wp-json\/wp\/v2\/categories?post=63039"},{"taxonomy":"post_tag","embeddable":true,"href":"https:\/\/flashmode.tn\/magazine\/wp-json\/wp\/v2\/tags?post=63039"}],"curies":[{"name":"wp","href":"https:\/\/api.w.org\/{rel}","templated":true}]}}