{"id":63139,"date":"2022-01-26T00:36:19","date_gmt":"2022-01-25T23:36:19","guid":{"rendered":"https:\/\/flashmode.tn\/magazine\/?p=63139"},"modified":"2022-01-26T00:36:19","modified_gmt":"2022-01-25T23:36:19","slug":"qui-est-le-pere-du-premier-fils-de-carla-bruni","status":"publish","type":"post","link":"https:\/\/flashmode.tn\/magazine\/qui-est-le-pere-du-premier-fils-de-carla-bruni\/","title":{"rendered":"Qui est le p\u00e8re du premier fils de Carla Bruni ?"},"content":{"rendered":"<p>Depuis 2015, il intervient sur Europe 1. <br \/> &#8230; <br \/> Rapha\u00ebl Enthoven. <\/p>\n<table>\n<tbody>\n<tr>\n<th>     Naissance    <\/th>\n<th>     9 novembre 1975 Paris 13e, France    <\/th>\n<\/tr>\n<tr>\n<td>     <b>      P\u00e8re     <\/b>    <\/td>\n<td>     Jean-Paul Enthoven    <\/td>\n<\/tr>\n<tr>\n<td>     M\u00e8re    <\/td>\n<td>     Catherine David    <\/td>\n<\/tr>\n<\/tbody>\n<\/table>\n<p>Qui a couch\u00e9 avec Carla Bruni ? On pr\u00eate de nombreuses autres liaisons \u00e0 <b>Carla Bruni<\/b>, parmi lesquelles : Denis Olivennes, Donald Trump, Laurent Fabius, Kevin Costner, Florent Pagny ou encore Arno Klasferld&#8230;<\/p>\n<p>or Qui est le Raphael de Carla Bruni ? Ce mardi 9 novembre, <b>Raphael<\/b> Enthoven c\u00e9l\u00e8bre ses 46 ans. Essayiste \u00e0 succ\u00e8s, autrefois mari\u00e9 \u00e0 Justine L\u00e9vy, puis en couple avec <b>Carla Bruni<\/b>, les histoires d&rsquo;amour du philosophe ont fait couler beaucoup d&rsquo;encre. &#8230; P\u00e8re de quatre fils, l&rsquo;\u00e9crivain file le parfait amour avec sa compagne Ad\u00e8le Van Reeth depuis 2008.<\/p>\n<p>Quels ont \u00e9t\u00e9 les compagnons de Carla Bruni ? Vincent, Rapha\u00ebl, Aur\u00e9lien, Maurizio ou encore Mick\u2026 Autant de noms qui r\u00e9sonnent dans le c\u0153ur de <b>Carla Bruni<\/b>. Car si aujourd&rsquo;hui la belle italienne n&rsquo;<b>a<\/b> d&rsquo;yeux que pour Nicolas Sarkozy, son destin lui, reste \u00e0 jamais marqu\u00e9 par ces hommes qui, chacun \u00e0 leur fa\u00e7on, <b>ont<\/b> \u00e9crit une page de son histoire.<\/p>\n<h2>Qui est le Beau-p\u00e8re de Raphael Enthoven ?<\/h2>\n<p>Dans un nouveau roman intitul\u00e9 \u00ab\u00a0Le Temps gagn\u00e9\u00a0\u00bb, <b>Rapha\u00ebl Enthoven<\/b> raconte une enfance tourment\u00e9e par un <b>beau<\/b>&#8211;<b>p\u00e8re<\/b> violent, nomm\u00e9 Isidore. Seulement voil\u00e0 : le texte a tous les atours d&rsquo;une autofiction et Isi Beller, ex-<b>beau<\/b>&#8211;<b>p\u00e8re<\/b> du philosophe, s&rsquo;<b>est<\/b> reconnu dans le personnage au vitriol.<\/p>\n<p>Qui est le compagnon de Justine L\u00e9vy ? <b>  Justine L\u00e9vy <\/b> au Salon du livre de Paris en 2011. <br \/> &#8230; <br \/> <b>  Justine L\u00e9vy <\/b> . <\/p>\n<table>\n<tbody>\n<tr>\n<th>     Naissance    <\/th>\n<th>     4 septembre 1974 Paris (France)    <\/th>\n<\/tr>\n<tr>\n<td>     P\u00e8re    <\/td>\n<td>     Bernard-Henri     <b>      L\u00e9vy     <\/b>    <\/td>\n<\/tr>\n<tr>\n<td>     M\u00e8re    <\/td>\n<td>     Isabelle Doutreluigne (d)    <\/td>\n<\/tr>\n<tr>\n<td>     Conjoint    <\/td>\n<td>     Rapha\u00ebl Enthoven (de 1996 \u00e0 2001 )    <\/td>\n<\/tr>\n<\/tbody>\n<\/table>\n<p>Qui est le fils de Bernard Henri L\u00e9vy ? Fils de Bernard-Henri L\u00e9vy et de sa seconde \u00e9pouse Sylvie Bouscasse, Antonin L\u00e9vy na\u00eet en d\u00e9cembre 1980 \u00e0 Paris.<\/p>\n<h2><\/h2>\n<h2><\/h2>\n<h2><\/h2>\n<h3><\/h3>\n<h2><\/h2>\n","protected":false},"excerpt":{"rendered":"<p>Depuis 2015, il intervient sur Europe 1. &#8230; Rapha\u00ebl Enthoven. Naissance 9 novembre 1975 Paris 13e, France P\u00e8re Jean-Paul Enthoven M\u00e8re Catherine David Qui a couch\u00e9 avec Carla Bruni ? On pr\u00eate de nombreuses autres liaisons \u00e0 Carla Bruni, parmi lesquelles : Denis Olivennes, Donald Trump, Laurent Fabius, Kevin Costner, Florent Pagny ou encore Arno [&hellip;]<\/p>\n","protected":false},"author":5,"featured_media":0,"comment_status":"open","ping_status":"open","sticky":false,"template":"","format":"standard","meta":{"tdm_status":"","tdm_grid_status":"","_jetpack_memberships_contains_paid_content":false,"footnotes":"","jetpack_publicize_message":"","jetpack_publicize_feature_enabled":true,"jetpack_social_post_already_shared":true,"jetpack_social_options":{"image_generator_settings":{"template":"highway","default_image_id":0,"font":"","enabled":false},"version":2}},"categories":[80],"tags":[],"class_list":["post-63139","post","type-post","status-publish","format-standard","hentry","category-lifestyle"],"yoast_head":"<!-- This site is optimized with the Yoast SEO Premium plugin v25.0 (Yoast SEO v25.0) - https:\/\/yoast.com\/wordpress\/plugins\/seo\/ -->\n<title>Qui est le p\u00e8re du premier fils de Carla Bruni ?<\/title>\n<meta name=\"description\" content=\"Depuis 2015, il intervient sur Europe 1. ... Rapha\u00ebl Enthoven. Naissance 9 novembre 1975 Paris 13e, France P\u00e8re Jean-Paul Enthoven M\u00e8re Catherine David\" \/>\n<meta name=\"robots\" content=\"index, follow, max-snippet:-1, max-image-preview:large, max-video-preview:-1\" \/>\n<link rel=\"canonical\" href=\"https:\/\/flashmode.tn\/magazine\/qui-est-le-pere-du-premier-fils-de-carla-bruni\/\" \/>\n<meta property=\"og:locale\" content=\"fr_FR\" \/>\n<meta property=\"og:type\" content=\"article\" \/>\n<meta property=\"og:title\" content=\"Qui est le p\u00e8re du premier fils de Carla Bruni ? - Flashmode Magazine | Magazine de mode et style de vie Num\u00e9ro un en Tunisie et au Maghreb\" \/>\n<meta property=\"og:description\" content=\"Depuis 2015, il intervient sur Europe 1. ... Rapha\u00ebl Enthoven. Naissance 9 novembre 1975 Paris 13e, France P\u00e8re Jean-Paul Enthoven M\u00e8re Catherine David\" \/>\n<meta property=\"og:url\" content=\"https:\/\/flashmode.tn\/magazine\/qui-est-le-pere-du-premier-fils-de-carla-bruni\/\" \/>\n<meta property=\"og:site_name\" content=\"Flashmode Magazine | Magazine de mode et style de vie Num\u00e9ro un en Tunisie et au Maghreb\" \/>\n<meta property=\"article:publisher\" content=\"https:\/\/www.facebook.com\/flashmode.magazine\/\" \/>\n<meta property=\"article:published_time\" content=\"2022-01-25T23:36:19+00:00\" \/>\n<meta name=\"author\" content=\"PeopleLife\" \/>\n<meta name=\"twitter:card\" content=\"summary_large_image\" \/>\n<meta name=\"twitter:creator\" content=\"@agenceflashmode\" \/>\n<meta name=\"twitter:site\" content=\"@agenceflashmode\" \/>\n<meta name=\"twitter:label1\" content=\"\u00c9crit par\" \/>\n\t<meta name=\"twitter:data1\" content=\"PeopleLife\" \/>\n\t<meta name=\"twitter:label2\" content=\"Dur\u00e9e de lecture estim\u00e9e\" \/>\n\t<meta name=\"twitter:data2\" content=\"2 minutes\" \/>\n<script type=\"application\/ld+json\" class=\"yoast-schema-graph\">{\"@context\":\"https:\/\/schema.org\",\"@graph\":[{\"@type\":\"WebPage\",\"@id\":\"https:\/\/flashmode.tn\/magazine\/qui-est-le-pere-du-premier-fils-de-carla-bruni\/\",\"url\":\"https:\/\/flashmode.tn\/magazine\/qui-est-le-pere-du-premier-fils-de-carla-bruni\/\",\"name\":\"Qui est le p\u00e8re du premier fils de Carla Bruni ?\",\"isPartOf\":{\"@id\":\"https:\/\/flashmode.tn\/magazine\/#website\"},\"datePublished\":\"2022-01-25T23:36:19+00:00\",\"author\":{\"@id\":\"https:\/\/flashmode.tn\/magazine\/#\/schema\/person\/6815bd30337e8756d5357219766efcc3\"},\"description\":\"Depuis 2015, il intervient sur Europe 1. ... Rapha\u00ebl Enthoven. Naissance 9 novembre 1975 Paris 13e, France P\u00e8re Jean-Paul Enthoven M\u00e8re Catherine David\",\"breadcrumb\":{\"@id\":\"https:\/\/flashmode.tn\/magazine\/qui-est-le-pere-du-premier-fils-de-carla-bruni\/#breadcrumb\"},\"inLanguage\":\"fr-FR\",\"potentialAction\":[{\"@type\":\"ReadAction\",\"target\":[\"https:\/\/flashmode.tn\/magazine\/qui-est-le-pere-du-premier-fils-de-carla-bruni\/\"]}]},{\"@type\":\"BreadcrumbList\",\"@id\":\"https:\/\/flashmode.tn\/magazine\/qui-est-le-pere-du-premier-fils-de-carla-bruni\/#breadcrumb\",\"itemListElement\":[{\"@type\":\"ListItem\",\"position\":1,\"name\":\"Accueil\",\"item\":\"https:\/\/flashmode.tn\/magazine\/\"},{\"@type\":\"ListItem\",\"position\":2,\"name\":\"Qui est le p\u00e8re du premier fils de Carla Bruni ?\"}]},{\"@type\":\"WebSite\",\"@id\":\"https:\/\/flashmode.tn\/magazine\/#website\",\"url\":\"https:\/\/flashmode.tn\/magazine\/\",\"name\":\"Flashmode Magazine | Magazine de mode et style de vie Num\u00e9ro un en Tunisie et au Maghreb\",\"description\":\"Magazine de mode et style de vie Num\u00e9ro un en Tunisie et au Maghreb, cr\u00e9\u00e9 pour les hommes et les femmes : conseils beaut\u00e9, mode femme, mode homme, recettes de cuisine, c\u00e9l\u00e9brit\u00e9s et people, mannequins et top modeles\",\"potentialAction\":[{\"@type\":\"SearchAction\",\"target\":{\"@type\":\"EntryPoint\",\"urlTemplate\":\"https:\/\/flashmode.tn\/magazine\/?s={search_term_string}\"},\"query-input\":{\"@type\":\"PropertyValueSpecification\",\"valueRequired\":true,\"valueName\":\"search_term_string\"}}],\"inLanguage\":\"fr-FR\"},{\"@type\":\"Person\",\"@id\":\"https:\/\/flashmode.tn\/magazine\/#\/schema\/person\/6815bd30337e8756d5357219766efcc3\",\"name\":\"PeopleLife\",\"image\":{\"@type\":\"ImageObject\",\"inLanguage\":\"fr-FR\",\"@id\":\"https:\/\/flashmode.tn\/magazine\/#\/schema\/person\/image\/\",\"url\":\"https:\/\/secure.gravatar.com\/avatar\/8098f49196034391d93ae20d939ad33b14f6b745c986049ad803a54f4113e18c?s=96&d=mm&r=g\",\"contentUrl\":\"https:\/\/secure.gravatar.com\/avatar\/8098f49196034391d93ae20d939ad33b14f6b745c986049ad803a54f4113e18c?s=96&d=mm&r=g\",\"caption\":\"PeopleLife\"},\"url\":\"https:\/\/flashmode.tn\/magazine\/author\/peoplelife\/\"}]}<\/script>\n<!-- \/ Yoast SEO Premium plugin. -->","yoast_head_json":{"title":"Qui est le p\u00e8re du premier fils de Carla Bruni ?","description":"Depuis 2015, il intervient sur Europe 1. ... Rapha\u00ebl Enthoven. Naissance 9 novembre 1975 Paris 13e, France P\u00e8re Jean-Paul Enthoven M\u00e8re Catherine David","robots":{"index":"index","follow":"follow","max-snippet":"max-snippet:-1","max-image-preview":"max-image-preview:large","max-video-preview":"max-video-preview:-1"},"canonical":"https:\/\/flashmode.tn\/magazine\/qui-est-le-pere-du-premier-fils-de-carla-bruni\/","og_locale":"fr_FR","og_type":"article","og_title":"Qui est le p\u00e8re du premier fils de Carla Bruni ? - Flashmode Magazine | Magazine de mode et style de vie Num\u00e9ro un en Tunisie et au Maghreb","og_description":"Depuis 2015, il intervient sur Europe 1. ... Rapha\u00ebl Enthoven. Naissance 9 novembre 1975 Paris 13e, France P\u00e8re Jean-Paul Enthoven M\u00e8re Catherine David","og_url":"https:\/\/flashmode.tn\/magazine\/qui-est-le-pere-du-premier-fils-de-carla-bruni\/","og_site_name":"Flashmode Magazine | Magazine de mode et style de vie Num\u00e9ro un en Tunisie et au Maghreb","article_publisher":"https:\/\/www.facebook.com\/flashmode.magazine\/","article_published_time":"2022-01-25T23:36:19+00:00","author":"PeopleLife","twitter_card":"summary_large_image","twitter_creator":"@agenceflashmode","twitter_site":"@agenceflashmode","twitter_misc":{"\u00c9crit par":"PeopleLife","Dur\u00e9e de lecture estim\u00e9e":"2 minutes"},"schema":{"@context":"https:\/\/schema.org","@graph":[{"@type":"WebPage","@id":"https:\/\/flashmode.tn\/magazine\/qui-est-le-pere-du-premier-fils-de-carla-bruni\/","url":"https:\/\/flashmode.tn\/magazine\/qui-est-le-pere-du-premier-fils-de-carla-bruni\/","name":"Qui est le p\u00e8re du premier fils de Carla Bruni ?","isPartOf":{"@id":"https:\/\/flashmode.tn\/magazine\/#website"},"datePublished":"2022-01-25T23:36:19+00:00","author":{"@id":"https:\/\/flashmode.tn\/magazine\/#\/schema\/person\/6815bd30337e8756d5357219766efcc3"},"description":"Depuis 2015, il intervient sur Europe 1. ... Rapha\u00ebl Enthoven. Naissance 9 novembre 1975 Paris 13e, France P\u00e8re Jean-Paul Enthoven M\u00e8re Catherine David","breadcrumb":{"@id":"https:\/\/flashmode.tn\/magazine\/qui-est-le-pere-du-premier-fils-de-carla-bruni\/#breadcrumb"},"inLanguage":"fr-FR","potentialAction":[{"@type":"ReadAction","target":["https:\/\/flashmode.tn\/magazine\/qui-est-le-pere-du-premier-fils-de-carla-bruni\/"]}]},{"@type":"BreadcrumbList","@id":"https:\/\/flashmode.tn\/magazine\/qui-est-le-pere-du-premier-fils-de-carla-bruni\/#breadcrumb","itemListElement":[{"@type":"ListItem","position":1,"name":"Accueil","item":"https:\/\/flashmode.tn\/magazine\/"},{"@type":"ListItem","position":2,"name":"Qui est le p\u00e8re du premier fils de Carla Bruni ?"}]},{"@type":"WebSite","@id":"https:\/\/flashmode.tn\/magazine\/#website","url":"https:\/\/flashmode.tn\/magazine\/","name":"Flashmode Magazine | Magazine de mode et style de vie Num\u00e9ro un en Tunisie et au Maghreb","description":"Magazine de mode et style de vie Num\u00e9ro un en Tunisie et au Maghreb, cr\u00e9\u00e9 pour les hommes et les femmes : conseils beaut\u00e9, mode femme, mode homme, recettes de cuisine, c\u00e9l\u00e9brit\u00e9s et people, mannequins et top modeles","potentialAction":[{"@type":"SearchAction","target":{"@type":"EntryPoint","urlTemplate":"https:\/\/flashmode.tn\/magazine\/?s={search_term_string}"},"query-input":{"@type":"PropertyValueSpecification","valueRequired":true,"valueName":"search_term_string"}}],"inLanguage":"fr-FR"},{"@type":"Person","@id":"https:\/\/flashmode.tn\/magazine\/#\/schema\/person\/6815bd30337e8756d5357219766efcc3","name":"PeopleLife","image":{"@type":"ImageObject","inLanguage":"fr-FR","@id":"https:\/\/flashmode.tn\/magazine\/#\/schema\/person\/image\/","url":"https:\/\/secure.gravatar.com\/avatar\/8098f49196034391d93ae20d939ad33b14f6b745c986049ad803a54f4113e18c?s=96&d=mm&r=g","contentUrl":"https:\/\/secure.gravatar.com\/avatar\/8098f49196034391d93ae20d939ad33b14f6b745c986049ad803a54f4113e18c?s=96&d=mm&r=g","caption":"PeopleLife"},"url":"https:\/\/flashmode.tn\/magazine\/author\/peoplelife\/"}]}},"jetpack_publicize_connections":[],"jetpack_featured_media_url":"","jetpack_shortlink":"https:\/\/wp.me\/p8BPGr-gqn","jetpack_sharing_enabled":true,"_links":{"self":[{"href":"https:\/\/flashmode.tn\/magazine\/wp-json\/wp\/v2\/posts\/63139","targetHints":{"allow":["GET"]}}],"collection":[{"href":"https:\/\/flashmode.tn\/magazine\/wp-json\/wp\/v2\/posts"}],"about":[{"href":"https:\/\/flashmode.tn\/magazine\/wp-json\/wp\/v2\/types\/post"}],"author":[{"embeddable":true,"href":"https:\/\/flashmode.tn\/magazine\/wp-json\/wp\/v2\/users\/5"}],"replies":[{"embeddable":true,"href":"https:\/\/flashmode.tn\/magazine\/wp-json\/wp\/v2\/comments?post=63139"}],"version-history":[{"count":0,"href":"https:\/\/flashmode.tn\/magazine\/wp-json\/wp\/v2\/posts\/63139\/revisions"}],"wp:attachment":[{"href":"https:\/\/flashmode.tn\/magazine\/wp-json\/wp\/v2\/media?parent=63139"}],"wp:term":[{"taxonomy":"category","embeddable":true,"href":"https:\/\/flashmode.tn\/magazine\/wp-json\/wp\/v2\/categories?post=63139"},{"taxonomy":"post_tag","embeddable":true,"href":"https:\/\/flashmode.tn\/magazine\/wp-json\/wp\/v2\/tags?post=63139"}],"curies":[{"name":"wp","href":"https:\/\/api.w.org\/{rel}","templated":true}]}}