{"id":63209,"date":"2022-01-19T13:18:30","date_gmt":"2022-01-19T12:18:30","guid":{"rendered":"https:\/\/flashmode.tn\/magazine\/?p=63209"},"modified":"2022-01-19T13:18:30","modified_gmt":"2022-01-19T12:18:30","slug":"ou-est-enterre-jean-pierre-bacri","status":"publish","type":"post","link":"https:\/\/flashmode.tn\/magazine\/ou-est-enterre-jean-pierre-bacri\/","title":{"rendered":"O\u00f9 est enterr\u00e9 Jean-pierre Bacri ?"},"content":{"rendered":"<p>Atteint d&rsquo;un cancer depuis quelques ann\u00e9es, <b>Jean<\/b>&#8211;<b>Pierre Bacri<\/b> s&rsquo;\u00e9teint \u00e0 l&rsquo;\u00e2ge de 69 ans, le 18 janvier 2021. Ses cendres reposent au cr\u00e9matorium du cimeti\u00e8re du P\u00e8re-Lachaise, \u00e0 Paris, depuis le 26 janvier 2021.<\/p>\n<p>Quel \u00e2ge avait Jean-Pierre Bacri quand il est d\u00e9c\u00e9d\u00e9 ? Jean-Pierre Bacri, acteur, sc\u00e9nariste et dramaturge, est mort d&rsquo;un cancer \u00e0 l&rsquo;\u00e2ge de <b>69 ans<\/b>. Connu pour son association avec Agn\u00e8s Jaoui, le com\u00e9dien a tourn\u00e9 dans de nombreux classiques : \u00ab Didier \u00bb, \u00ab Mes meilleurs copains \u00bb ou encore \u00ab Le Go\u00fbt des autres \u00bb.<\/p>\n<p>or Quand est mort Jean-Pierre Bacri ? Jean-Pierre Sauveur Bacri est un acteur, sc\u00e9nariste et dramaturge fran\u00e7ais n\u00e9 le 24 mai 1951 \u00e0 Castiglione (aujourd&rsquo;hui Bou Isma\u00efl) en Alg\u00e9rie fran\u00e7aise et mort le <b>18 janvier 2021<\/b> \u00e0 Paris 6<sup>e<\/sup> . Il est l&rsquo;auteur de neuf sc\u00e9narios \u00e9crits avec Agn\u00e8s Jaoui dont cinq qu&rsquo;elle r\u00e9alise et dans lesquels il joue.<\/p>\n<p>O\u00f9 est enterr\u00e9 Jean-pierre Marielle ? <b>Jean<\/b>&#8211;<b>Pierre MARIELLE<\/b><\/p>\n<p> Inhum\u00e9 au cimeti\u00e8re de Pr\u00e9cy-le-Sec (Yonne).<\/p>\n<div id=\"ez-toc-container\" class=\"ez-toc-v2_0_81 counter-hierarchy ez-toc-counter ez-toc-grey ez-toc-container-direction\">\n<div class=\"ez-toc-title-container\">\n<p class=\"ez-toc-title\" style=\"cursor:inherit\">Contenus de la page<\/p>\n<span class=\"ez-toc-title-toggle\"><a href=\"#\" class=\"ez-toc-pull-right ez-toc-btn ez-toc-btn-xs ez-toc-btn-default ez-toc-toggle\" aria-label=\"Toggle Table of Content\"><span class=\"ez-toc-js-icon-con\"><span class=\"\"><span class=\"eztoc-hide\" style=\"display:none;\">Toggle<\/span><span class=\"ez-toc-icon-toggle-span\"><svg style=\"fill: #999;color:#999\" xmlns=\"http:\/\/www.w3.org\/2000\/svg\" class=\"list-377408\" width=\"20px\" height=\"20px\" viewBox=\"0 0 24 24\" fill=\"none\"><path d=\"M6 6H4v2h2V6zm14 0H8v2h12V6zM4 11h2v2H4v-2zm16 0H8v2h12v-2zM4 16h2v2H4v-2zm16 0H8v2h12v-2z\" fill=\"currentColor\"><\/path><\/svg><svg style=\"fill: #999;color:#999\" class=\"arrow-unsorted-368013\" xmlns=\"http:\/\/www.w3.org\/2000\/svg\" width=\"10px\" height=\"10px\" viewBox=\"0 0 24 24\" version=\"1.2\" baseProfile=\"tiny\"><path d=\"M18.2 9.3l-6.2-6.3-6.2 6.3c-.2.2-.3.4-.3.7s.1.5.3.7c.2.2.4.3.7.3h11c.3 0 .5-.1.7-.3.2-.2.3-.5.3-.7s-.1-.5-.3-.7zM5.8 14.7l6.2 6.3 6.2-6.3c.2-.2.3-.5.3-.7s-.1-.5-.3-.7c-.2-.2-.4-.3-.7-.3h-11c-.3 0-.5.1-.7.3-.2.2-.3.5-.3.7s.1.5.3.7z\"\/><\/svg><\/span><\/span><\/span><\/a><\/span><\/div>\n<nav><ul class='ez-toc-list ez-toc-list-level-1 ' ><li class='ez-toc-page-1 ez-toc-heading-level-2'><a class=\"ez-toc-link ez-toc-heading-1\" href=\"https:\/\/flashmode.tn\/magazine\/ou-est-enterre-jean-pierre-bacri\/#Pourquoi_separation_Bacri_Jaoui\" >Pourquoi s\u00e9paration Bacri Jaoui ?<\/a><\/li><li class='ez-toc-page-1 ez-toc-heading-level-2'><a class=\"ez-toc-link ez-toc-heading-2\" href=\"https:\/\/flashmode.tn\/magazine\/ou-est-enterre-jean-pierre-bacri\/#Ou_est_enterre_Philippe_Noiret\" >O\u00f9 est enterr\u00e9 Philippe Noiret ?<\/a><\/li><li class='ez-toc-page-1 ez-toc-heading-level-2'><a class=\"ez-toc-link ez-toc-heading-3\" href=\"https:\/\/flashmode.tn\/magazine\/ou-est-enterre-jean-pierre-bacri\/#Quel_maladie_est_mort_Belmondo\" >Quel maladie est mort Belmondo ?<\/a><\/li><li class='ez-toc-page-1 ez-toc-heading-level-2'><a class=\"ez-toc-link ez-toc-heading-4\" href=\"https:\/\/flashmode.tn\/magazine\/ou-est-enterre-jean-pierre-bacri\/#Ou_habite_JP_Belmondo_a_Paris\" >O\u00f9 habite JP Belmondo \u00e0 Paris ?<\/a><ul class='ez-toc-list-level-3' ><li class='ez-toc-heading-level-3'><a class=\"ez-toc-link ez-toc-heading-5\" href=\"https:\/\/flashmode.tn\/magazine\/ou-est-enterre-jean-pierre-bacri\/#Comment_retrouver_un_defunt\" >Comment retrouver un d\u00e9funt ?<\/a><\/li><\/ul><\/li><\/ul><\/nav><\/div>\n<h2><span class=\"ez-toc-section\" id=\"Pourquoi_separation_Bacri_Jaoui\"><\/span>Pourquoi s\u00e9paration Bacri Jaoui ?<span class=\"ez-toc-section-end\"><\/span><\/h2>\n<p>La raison de leur rupture est pr\u00e9cis\u00e9e par le magazine \u00ab Paris Match \u00bb, qui consacre un dossier \u00e0 l&rsquo;acteur \u00e9m\u00e9rite. Si Jean-Pierre <b>Bacri<\/b> vouait \u00e0 Agn\u00e8s <b>Jaoui<\/b> un amour infini, \u00ab ils n&rsquo;auront pas d&rsquo;enfants ensemble \u00bb. A chaque fois que la proposition de fonder une famille lui est faite, il \u00e9lude la question.<\/p>\n<p>Qui est le fils de Jean-pierre Marielle ? De sa troisi\u00e8me union, le 15 janvier 1979 \u00e0 Boulogne-Billancourt avec Catherine-Fran\u00e7oise Burette na\u00eetra un <b>fils<\/b>, son seul enfant, en 1980 : Fran\u00e7ois-Arthur.<\/p>\n<p>O\u00f9 est enterr\u00e9 Jean Rochefort ? D\u00e9c\u00e9d\u00e9s en 2017, les com\u00e9diens Claude Rich <b>et Jean Rochefort<\/b> ont \u00e9t\u00e9 inhum\u00e9s respectivement \u00e0 Orgeval <b>et<\/b> Grosrouvre.<\/p>\n<p>Quelle maladie \u00e0 Jean-pierre Marielle ? \u00ab Il est rest\u00e9 deux secondes et a dit : \u00ab\u00a0Qu&rsquo;est-ce que c&rsquo;est que ces conneries ? Je me tire.\u00a0\u00bb \u00c0 partir de l\u00e0, \u00e7a voulait dire que, <b>quoi<\/b> qu&rsquo;il arrive, <b>Jean<\/b>&#8211;<b>Pierre<\/b> ne voulait rien savoir de ce qui lui arrivait. \u00bb Et jamais ils n&rsquo;\u00e9voqueront ensemble la <b>maladie<\/b> d&rsquo;Alzheimer.<\/p>\n<h2><span class=\"ez-toc-section\" id=\"Ou_est_enterre_Philippe_Noiret\"><\/span>O\u00f9 est enterr\u00e9 Philippe Noiret ?<span class=\"ez-toc-section-end\"><\/span><\/h2>\n<p>Il est inhum\u00e9 le 27 novembre 2006 au <b>cimeti\u00e8re du Montparnasse<\/b> ( 3<sup>e<\/sup> division) \u00e0 Paris, face \u00e0 la tombe de l&rsquo;acteur et r\u00e9alisateur Jean Poiret, de l&rsquo;autre c\u00f4t\u00e9 de l&rsquo;avenue Transversale.<\/p>\n<p>Quand est mort Jean-paul Belmondo ? Jean-Paul Belmondo en 1960. Jean-Paul Charles Belmondo est un acteur fran\u00e7ais, n\u00e9 le 9 avril 1933 \u00e0 Neuilly-sur-Seine et mort le <b>6 septembre 2021<\/b> \u00e0 Paris 7<sup>e<\/sup> . Il a \u00e9t\u00e9 \u00e9galement producteur de cin\u00e9ma et directeur de th\u00e9\u00e2tre.<\/p>\n<p>Comment retrouver une tombe au cimeti\u00e8re Montparnasse ?<\/p>\n<p>Bienvenue sur la page du moteur de recherche de <b>cimetieres<\/b>-de-france.fr. Effectuez vos recherches en fonction des \u00e9l\u00e9ments dont vous disposez (nom du d\u00e9funt, d\u00e9partement du <b>cimeti\u00e8re<\/b>, \u2026), remplissez les champs correspondants et consultez la liste des r\u00e9sultats !<\/p>\n<p>Quel est l&rsquo;\u00e2ge de Jean-paul Belmondo ? Jean-Paul Belmondo, v\u00e9ritable l\u00e9gende du cin\u00e9ma fran\u00e7ais, est mort \u00e0 son domicile l&rsquo;\u00e2ge de <b>88 ans<\/b>, ainsi que l&rsquo;a annonc\u00e9 son avocat \u00e0 l&rsquo;AFP, lundi apr\u00e8s-midi. \u00ab\u00a0Il \u00e9tait tr\u00e8s fatigu\u00e9 depuis quelque temps.<\/p>\n<h2><span class=\"ez-toc-section\" id=\"Quel_maladie_est_mort_Belmondo\"><\/span>Quel maladie est mort Belmondo ?<span class=\"ez-toc-section-end\"><\/span><\/h2>\n<p>Le com\u00e9dien avait vu <b>sa<\/b> vie basculer en 2001 lorsqu&rsquo;il a \u00e9t\u00e9 victime d&rsquo;un grave AVC. Jean-Paul <b>Belmondo est<\/b> d\u00e9c\u00e9d\u00e9 \u00e0 88 ans ce lundi 6 septembre, \u00ab\u00a0entour\u00e9 des siens\u00a0\u00bb, selon le communiqu\u00e9 de <b>sa<\/b> famille transmis \u00e0 l&rsquo;AFP par l&rsquo;interm\u00e9diaire de son avocat.<\/p>\n<p>Comment trouver l&#8217;emplacement d&rsquo;une tombe dans un cimeti\u00e8re ?<\/p>\n<p>Lorsque vous savez dans quel <b>cimeti\u00e8re<\/b> le d\u00e9funt a \u00e9t\u00e9 inhum\u00e9, il vous suffit de vous rendre dans la mairie de cette commune. Muni du nom, du pr\u00e9nom et de la date de d\u00e9c\u00e8s du d\u00e9funt, vous pouvez directement demander aux services de la mairie de vous aider \u00e0 <b>trouver<\/b> l&#8217;emplacement de la s\u00e9pulture.<\/p>\n<p>Comment retrouver une tombe au cimeti\u00e8re Saint-pierre Marseille ? Localiser une <b>tombe<\/b> en ligne<\/p>\n<p> C&rsquo;est aussi une fa\u00e7on d&rsquo;entretenir et de conserver la m\u00e9moire de ceux qui nous ont pr\u00e9c\u00e9d\u00e9s. <b>Retrouver<\/b> la <b>tombe<\/b> d&rsquo;un parent ou d&rsquo;un proche est d\u00e9sormais possible &#8211; en quelques clics depuis chez vous &#8211; parmi plus de 187 000 d\u00e9funts enregistr\u00e9s depuis 1998 dans une base de donn\u00e9es en ligne.<\/p>\n<p>Comment savoir o\u00f9 sont enterr\u00e9s les gens ? Se rendre au cimeti\u00e8re<\/p>\n<p> Si la mairie vous informe du lieu du d\u00e9c\u00e8s (dans un d\u00e9lai pouvant aller de quelques jours \u00e0 un mois), vous aurez la possibilit\u00e9 de vous rendre au cimeti\u00e8re indiqu\u00e9. La mairie sera en mesure de vous indiquer pr\u00e9cis\u00e9ment o\u00f9 repose le d\u00e9funt recherch\u00e9.<\/p>\n<h2><span class=\"ez-toc-section\" id=\"Ou_habite_JP_Belmondo_a_Paris\"><\/span>O\u00f9 habite JP Belmondo \u00e0 Paris ?<span class=\"ez-toc-section-end\"><\/span><\/h2>\n<p>Fils du sculpteur Paul <b>Belmondo<\/b> et de l&rsquo;artiste peintre Madeleine Rainaud-Richard, il vit ses jeunes ann\u00e9es Villa Saint-Jacques (14e). En 1938, la famille emm\u00e9nage au 4, rue Victor-Consid\u00e9rant, dans le m\u00eame arrondissement, non loin de l&rsquo;atelier de son p\u00e8re, install\u00e9 sur l&rsquo;avenue Denfert-Rochereau.<\/p>\n<p>Comment retrouver une concession dans un cimeti\u00e8re ? La gestion des <b>concessions<\/b> d&rsquo;un <b>cimeti\u00e8re<\/b> rel\u00e8ve de la comp\u00e9tence de la commune. Pour conna\u00eetre l&#8217;emplacement d&rsquo;une <b>concession<\/b>, il vous faudra contacter par t\u00e9l\u00e9phone les services de la mairie.<\/p>\n<p>Comment retrouver un d\u00e9funt ?<\/p>\n<p>La recherche en ligne d&rsquo;un <b>d\u00e9funt<\/b> permet d&rsquo;obtenir une information sur la personne d\u00e9c\u00e9d\u00e9e gr\u00e2ce \u00e0 la saisie du nom, pr\u00e9nom ou la date de d\u00e9c\u00e8s. Gr\u00e2ce \u00e0 une carte interactive, les visiteurs pourront conna\u00eetre l&#8217;emplacement exact de leur proche (cimeti\u00e8re, emplacement de la s\u00e9pulture, num\u00e9ro d&rsquo;all\u00e9e\u2026).<\/p>\n<p>Comment retrouver une personne d\u00e9c\u00e8de ? Le plus souvent, en tapant les nom et pr\u00e9nom du d\u00e9funt, des sites d&rsquo;avis de d\u00e9c\u00e8s vous seront propos\u00e9s. Les plus connus, Avis de d\u00e9c\u00e8s et Dans nos coeurs, pourront peut-\u00eatre vous \u00eatre utiles. L&rsquo;avis de d\u00e9c\u00e8s peut aussi mentionner les noms de la famille proche du d\u00e9funt.<\/p>\n<h3><span class=\"ez-toc-section\" id=\"Comment_retrouver_un_defunt\"><\/span>Comment retrouver un d\u00e9funt ?<span class=\"ez-toc-section-end\"><\/span><\/h3>\n<p>Il existe des registres des avis de d\u00e9c\u00e8s et des avis d&rsquo;obs\u00e8ques qui permettent de faire une recherche rapide en ligne et d&rsquo;obtenir l&rsquo;information. Il faut renseigner le nom et le pr\u00e9nom du <b>d\u00e9funt<\/b>, ainsi que la ville ou le d\u00e9partement. Une liste avec les derniers avis d\u00e9c\u00e8s est \u00e9galement disponible.<\/p>\n<p>Comment retrouver le d\u00e9c\u00e8s d&rsquo;une personne ? Si vous peinez toujours \u00e0 <b>trouver<\/b> l&rsquo;avis de <b>d\u00e9c\u00e8s<\/b> de votre d\u00e9funt, rapprochez-vous de la mairie du dernier domicile connu de la <b>personne<\/b> concern\u00e9e. Vous pourrez avoir une copie de l&rsquo;acte de <b>d\u00e9c\u00e8s<\/b> du d\u00e9funt, qui vous indiquera alors la ville dans laquelle il ou elle a perdu la vie.<\/p>\n<p>Comment trouver le lieu d&rsquo;un enterrement ?<\/p>\n<p><b>  Visitez des sites de g\u00e9n\u00e9alogie. <\/b> <\/p>\n<ol>\n<li>   Par exemple, ancestry.com est un annuaire mondial de d\u00e9c\u00e8s. Cette base de donn\u00e9es r\u00e9pertorie tous les d\u00e9tails du cimeti\u00e8re et des fun\u00e9railles datant du 13e si\u00e8cle.  <\/li>\n<li>   Vous obtiendrez de meilleurs r\u00e9sultats si vous avez beaucoup d&rsquo;informations sur cette personne.  <\/li>\n<\/ol>\n<h2><\/h2>\n","protected":false},"excerpt":{"rendered":"<p>Atteint d&rsquo;un cancer depuis quelques ann\u00e9es, Jean&#8211;Pierre Bacri s&rsquo;\u00e9teint \u00e0 l&rsquo;\u00e2ge de 69 ans, le 18 janvier 2021. Ses cendres reposent au cr\u00e9matorium du cimeti\u00e8re du P\u00e8re-Lachaise, \u00e0 Paris, depuis le 26 janvier 2021. Quel \u00e2ge avait Jean-Pierre Bacri quand il est d\u00e9c\u00e9d\u00e9 ? Jean-Pierre Bacri, acteur, sc\u00e9nariste et dramaturge, est mort d&rsquo;un cancer \u00e0 [&hellip;]<\/p>\n","protected":false},"author":5,"featured_media":0,"comment_status":"open","ping_status":"open","sticky":false,"template":"","format":"standard","meta":{"tdm_status":"","tdm_grid_status":"","_jetpack_memberships_contains_paid_content":false,"footnotes":"","jetpack_publicize_message":"","jetpack_publicize_feature_enabled":true,"jetpack_social_post_already_shared":true,"jetpack_social_options":{"image_generator_settings":{"template":"highway","default_image_id":0,"font":"","enabled":false},"version":2}},"categories":[80],"tags":[],"class_list":["post-63209","post","type-post","status-publish","format-standard","hentry","category-lifestyle"],"yoast_head":"<!-- This site is optimized with the Yoast SEO Premium plugin v25.0 (Yoast SEO v25.0) - https:\/\/yoast.com\/wordpress\/plugins\/seo\/ -->\n<title>O\u00f9 est enterr\u00e9 Jean-pierre Bacri ?<\/title>\n<meta name=\"description\" content=\"Atteint d&#039;un cancer depuis quelques ann\u00e9es, Jean-Pierre Bacri s&#039;\u00e9teint \u00e0 l&#039;\u00e2ge de 69 ans, le 18 janvier 2021. Ses cendres reposent au cr\u00e9matorium du cimeti\u00e8re du P\u00e8re-Lachaise, \u00e0 Paris, depuis le 26 janvier 2021.\" \/>\n<meta name=\"robots\" content=\"index, follow, max-snippet:-1, max-image-preview:large, max-video-preview:-1\" \/>\n<link rel=\"canonical\" href=\"https:\/\/flashmode.tn\/magazine\/ou-est-enterre-jean-pierre-bacri\/\" \/>\n<meta property=\"og:locale\" content=\"fr_FR\" \/>\n<meta property=\"og:type\" content=\"article\" \/>\n<meta property=\"og:title\" content=\"O\u00f9 est enterr\u00e9 Jean-pierre Bacri ? - Flashmode Magazine | Magazine de mode et style de vie Num\u00e9ro un en Tunisie et au Maghreb\" \/>\n<meta property=\"og:description\" content=\"Atteint d&#039;un cancer depuis quelques ann\u00e9es, Jean-Pierre Bacri s&#039;\u00e9teint \u00e0 l&#039;\u00e2ge de 69 ans, le 18 janvier 2021. Ses cendres reposent au cr\u00e9matorium du cimeti\u00e8re du P\u00e8re-Lachaise, \u00e0 Paris, depuis le 26 janvier 2021.\" \/>\n<meta property=\"og:url\" content=\"https:\/\/flashmode.tn\/magazine\/ou-est-enterre-jean-pierre-bacri\/\" \/>\n<meta property=\"og:site_name\" content=\"Flashmode Magazine | Magazine de mode et style de vie Num\u00e9ro un en Tunisie et au Maghreb\" \/>\n<meta property=\"article:publisher\" content=\"https:\/\/www.facebook.com\/flashmode.magazine\/\" \/>\n<meta property=\"article:published_time\" content=\"2022-01-19T12:18:30+00:00\" \/>\n<meta name=\"author\" content=\"PeopleLife\" \/>\n<meta name=\"twitter:card\" content=\"summary_large_image\" \/>\n<meta name=\"twitter:creator\" content=\"@agenceflashmode\" \/>\n<meta name=\"twitter:site\" content=\"@agenceflashmode\" \/>\n<meta name=\"twitter:label1\" content=\"\u00c9crit par\" \/>\n\t<meta name=\"twitter:data1\" content=\"PeopleLife\" \/>\n\t<meta name=\"twitter:label2\" content=\"Dur\u00e9e de lecture estim\u00e9e\" \/>\n\t<meta name=\"twitter:data2\" content=\"6 minutes\" \/>\n<script type=\"application\/ld+json\" class=\"yoast-schema-graph\">{\"@context\":\"https:\/\/schema.org\",\"@graph\":[{\"@type\":\"WebPage\",\"@id\":\"https:\/\/flashmode.tn\/magazine\/ou-est-enterre-jean-pierre-bacri\/\",\"url\":\"https:\/\/flashmode.tn\/magazine\/ou-est-enterre-jean-pierre-bacri\/\",\"name\":\"O\u00f9 est enterr\u00e9 Jean-pierre Bacri ?\",\"isPartOf\":{\"@id\":\"https:\/\/flashmode.tn\/magazine\/#website\"},\"datePublished\":\"2022-01-19T12:18:30+00:00\",\"author\":{\"@id\":\"https:\/\/flashmode.tn\/magazine\/#\/schema\/person\/6815bd30337e8756d5357219766efcc3\"},\"description\":\"Atteint d'un cancer depuis quelques ann\u00e9es, Jean-Pierre Bacri s'\u00e9teint \u00e0 l'\u00e2ge de 69 ans, le 18 janvier 2021. Ses cendres reposent au cr\u00e9matorium du cimeti\u00e8re du P\u00e8re-Lachaise, \u00e0 Paris, depuis le 26 janvier 2021.\",\"breadcrumb\":{\"@id\":\"https:\/\/flashmode.tn\/magazine\/ou-est-enterre-jean-pierre-bacri\/#breadcrumb\"},\"inLanguage\":\"fr-FR\",\"potentialAction\":[{\"@type\":\"ReadAction\",\"target\":[\"https:\/\/flashmode.tn\/magazine\/ou-est-enterre-jean-pierre-bacri\/\"]}]},{\"@type\":\"BreadcrumbList\",\"@id\":\"https:\/\/flashmode.tn\/magazine\/ou-est-enterre-jean-pierre-bacri\/#breadcrumb\",\"itemListElement\":[{\"@type\":\"ListItem\",\"position\":1,\"name\":\"Accueil\",\"item\":\"https:\/\/flashmode.tn\/magazine\/\"},{\"@type\":\"ListItem\",\"position\":2,\"name\":\"O\u00f9 est enterr\u00e9 Jean-pierre Bacri ?\"}]},{\"@type\":\"WebSite\",\"@id\":\"https:\/\/flashmode.tn\/magazine\/#website\",\"url\":\"https:\/\/flashmode.tn\/magazine\/\",\"name\":\"Flashmode Magazine | Magazine de mode et style de vie Num\u00e9ro un en Tunisie et au Maghreb\",\"description\":\"Magazine de mode et style de vie Num\u00e9ro un en Tunisie et au Maghreb, cr\u00e9\u00e9 pour les hommes et les femmes : conseils beaut\u00e9, mode femme, mode homme, recettes de cuisine, c\u00e9l\u00e9brit\u00e9s et people, mannequins et top modeles\",\"potentialAction\":[{\"@type\":\"SearchAction\",\"target\":{\"@type\":\"EntryPoint\",\"urlTemplate\":\"https:\/\/flashmode.tn\/magazine\/?s={search_term_string}\"},\"query-input\":{\"@type\":\"PropertyValueSpecification\",\"valueRequired\":true,\"valueName\":\"search_term_string\"}}],\"inLanguage\":\"fr-FR\"},{\"@type\":\"Person\",\"@id\":\"https:\/\/flashmode.tn\/magazine\/#\/schema\/person\/6815bd30337e8756d5357219766efcc3\",\"name\":\"PeopleLife\",\"image\":{\"@type\":\"ImageObject\",\"inLanguage\":\"fr-FR\",\"@id\":\"https:\/\/flashmode.tn\/magazine\/#\/schema\/person\/image\/\",\"url\":\"https:\/\/secure.gravatar.com\/avatar\/8098f49196034391d93ae20d939ad33b14f6b745c986049ad803a54f4113e18c?s=96&d=mm&r=g\",\"contentUrl\":\"https:\/\/secure.gravatar.com\/avatar\/8098f49196034391d93ae20d939ad33b14f6b745c986049ad803a54f4113e18c?s=96&d=mm&r=g\",\"caption\":\"PeopleLife\"},\"url\":\"https:\/\/flashmode.tn\/magazine\/author\/peoplelife\/\"}]}<\/script>\n<!-- \/ Yoast SEO Premium plugin. -->","yoast_head_json":{"title":"O\u00f9 est enterr\u00e9 Jean-pierre Bacri ?","description":"Atteint d'un cancer depuis quelques ann\u00e9es, Jean-Pierre Bacri s'\u00e9teint \u00e0 l'\u00e2ge de 69 ans, le 18 janvier 2021. Ses cendres reposent au cr\u00e9matorium du cimeti\u00e8re du P\u00e8re-Lachaise, \u00e0 Paris, depuis le 26 janvier 2021.","robots":{"index":"index","follow":"follow","max-snippet":"max-snippet:-1","max-image-preview":"max-image-preview:large","max-video-preview":"max-video-preview:-1"},"canonical":"https:\/\/flashmode.tn\/magazine\/ou-est-enterre-jean-pierre-bacri\/","og_locale":"fr_FR","og_type":"article","og_title":"O\u00f9 est enterr\u00e9 Jean-pierre Bacri ? - Flashmode Magazine | Magazine de mode et style de vie Num\u00e9ro un en Tunisie et au Maghreb","og_description":"Atteint d'un cancer depuis quelques ann\u00e9es, Jean-Pierre Bacri s'\u00e9teint \u00e0 l'\u00e2ge de 69 ans, le 18 janvier 2021. Ses cendres reposent au cr\u00e9matorium du cimeti\u00e8re du P\u00e8re-Lachaise, \u00e0 Paris, depuis le 26 janvier 2021.","og_url":"https:\/\/flashmode.tn\/magazine\/ou-est-enterre-jean-pierre-bacri\/","og_site_name":"Flashmode Magazine | Magazine de mode et style de vie Num\u00e9ro un en Tunisie et au Maghreb","article_publisher":"https:\/\/www.facebook.com\/flashmode.magazine\/","article_published_time":"2022-01-19T12:18:30+00:00","author":"PeopleLife","twitter_card":"summary_large_image","twitter_creator":"@agenceflashmode","twitter_site":"@agenceflashmode","twitter_misc":{"\u00c9crit par":"PeopleLife","Dur\u00e9e de lecture estim\u00e9e":"6 minutes"},"schema":{"@context":"https:\/\/schema.org","@graph":[{"@type":"WebPage","@id":"https:\/\/flashmode.tn\/magazine\/ou-est-enterre-jean-pierre-bacri\/","url":"https:\/\/flashmode.tn\/magazine\/ou-est-enterre-jean-pierre-bacri\/","name":"O\u00f9 est enterr\u00e9 Jean-pierre Bacri ?","isPartOf":{"@id":"https:\/\/flashmode.tn\/magazine\/#website"},"datePublished":"2022-01-19T12:18:30+00:00","author":{"@id":"https:\/\/flashmode.tn\/magazine\/#\/schema\/person\/6815bd30337e8756d5357219766efcc3"},"description":"Atteint d'un cancer depuis quelques ann\u00e9es, Jean-Pierre Bacri s'\u00e9teint \u00e0 l'\u00e2ge de 69 ans, le 18 janvier 2021. Ses cendres reposent au cr\u00e9matorium du cimeti\u00e8re du P\u00e8re-Lachaise, \u00e0 Paris, depuis le 26 janvier 2021.","breadcrumb":{"@id":"https:\/\/flashmode.tn\/magazine\/ou-est-enterre-jean-pierre-bacri\/#breadcrumb"},"inLanguage":"fr-FR","potentialAction":[{"@type":"ReadAction","target":["https:\/\/flashmode.tn\/magazine\/ou-est-enterre-jean-pierre-bacri\/"]}]},{"@type":"BreadcrumbList","@id":"https:\/\/flashmode.tn\/magazine\/ou-est-enterre-jean-pierre-bacri\/#breadcrumb","itemListElement":[{"@type":"ListItem","position":1,"name":"Accueil","item":"https:\/\/flashmode.tn\/magazine\/"},{"@type":"ListItem","position":2,"name":"O\u00f9 est enterr\u00e9 Jean-pierre Bacri ?"}]},{"@type":"WebSite","@id":"https:\/\/flashmode.tn\/magazine\/#website","url":"https:\/\/flashmode.tn\/magazine\/","name":"Flashmode Magazine | Magazine de mode et style de vie Num\u00e9ro un en Tunisie et au Maghreb","description":"Magazine de mode et style de vie Num\u00e9ro un en Tunisie et au Maghreb, cr\u00e9\u00e9 pour les hommes et les femmes : conseils beaut\u00e9, mode femme, mode homme, recettes de cuisine, c\u00e9l\u00e9brit\u00e9s et people, mannequins et top modeles","potentialAction":[{"@type":"SearchAction","target":{"@type":"EntryPoint","urlTemplate":"https:\/\/flashmode.tn\/magazine\/?s={search_term_string}"},"query-input":{"@type":"PropertyValueSpecification","valueRequired":true,"valueName":"search_term_string"}}],"inLanguage":"fr-FR"},{"@type":"Person","@id":"https:\/\/flashmode.tn\/magazine\/#\/schema\/person\/6815bd30337e8756d5357219766efcc3","name":"PeopleLife","image":{"@type":"ImageObject","inLanguage":"fr-FR","@id":"https:\/\/flashmode.tn\/magazine\/#\/schema\/person\/image\/","url":"https:\/\/secure.gravatar.com\/avatar\/8098f49196034391d93ae20d939ad33b14f6b745c986049ad803a54f4113e18c?s=96&d=mm&r=g","contentUrl":"https:\/\/secure.gravatar.com\/avatar\/8098f49196034391d93ae20d939ad33b14f6b745c986049ad803a54f4113e18c?s=96&d=mm&r=g","caption":"PeopleLife"},"url":"https:\/\/flashmode.tn\/magazine\/author\/peoplelife\/"}]}},"jetpack_publicize_connections":[],"jetpack_featured_media_url":"","jetpack_shortlink":"https:\/\/wp.me\/p8BPGr-grv","jetpack_sharing_enabled":true,"_links":{"self":[{"href":"https:\/\/flashmode.tn\/magazine\/wp-json\/wp\/v2\/posts\/63209","targetHints":{"allow":["GET"]}}],"collection":[{"href":"https:\/\/flashmode.tn\/magazine\/wp-json\/wp\/v2\/posts"}],"about":[{"href":"https:\/\/flashmode.tn\/magazine\/wp-json\/wp\/v2\/types\/post"}],"author":[{"embeddable":true,"href":"https:\/\/flashmode.tn\/magazine\/wp-json\/wp\/v2\/users\/5"}],"replies":[{"embeddable":true,"href":"https:\/\/flashmode.tn\/magazine\/wp-json\/wp\/v2\/comments?post=63209"}],"version-history":[{"count":0,"href":"https:\/\/flashmode.tn\/magazine\/wp-json\/wp\/v2\/posts\/63209\/revisions"}],"wp:attachment":[{"href":"https:\/\/flashmode.tn\/magazine\/wp-json\/wp\/v2\/media?parent=63209"}],"wp:term":[{"taxonomy":"category","embeddable":true,"href":"https:\/\/flashmode.tn\/magazine\/wp-json\/wp\/v2\/categories?post=63209"},{"taxonomy":"post_tag","embeddable":true,"href":"https:\/\/flashmode.tn\/magazine\/wp-json\/wp\/v2\/tags?post=63209"}],"curies":[{"name":"wp","href":"https:\/\/api.w.org\/{rel}","templated":true}]}}