{"id":63743,"date":"2022-02-15T02:37:05","date_gmt":"2022-02-15T01:37:05","guid":{"rendered":"https:\/\/flashmode.tn\/magazine\/?p=63743"},"modified":"2022-02-15T02:37:05","modified_gmt":"2022-02-15T01:37:05","slug":"comment-conjuguer-le-verbe-se-lever-au-passe-simple","status":"publish","type":"post","link":"https:\/\/flashmode.tn\/magazine\/comment-conjuguer-le-verbe-se-lever-au-passe-simple\/","title":{"rendered":"Comment conjuguer le verbe se lever au pass\u00e9 simple ?"},"content":{"rendered":"<p>se l\u00e8vent <\/p>\n<table>\n<tbody>\n<tr>\n<th>     <b>      pass\u00e9 simple     <\/b>    <\/th>\n<\/tr>\n<tr>\n<td>     je    <\/td>\n<td>     <b>      me     <\/b>     levai    <\/td>\n<\/tr>\n<tr>\n<td>     tu    <\/td>\n<td>     te levas    <\/td>\n<\/tr>\n<tr>\n<td>     il, elle, on    <\/td>\n<td>     <b>      se     <\/b>     leva    <\/td>\n<\/tr>\n<tr>\n<td>     nous    <\/td>\n<td>     nous lev\u00e2mes    <\/td>\n<\/tr>\n<\/tbody>\n<\/table>\n<p>Comment \u00e9crire L\u00e8ve-toi ? <b>L\u00e8ve<\/b>&#8211;<b>toi<\/b>. Levons-nous. Levez-vous. A la forme n\u00e9gative.<\/p>\n<p>or Comment on dit en espagnol se lever ? Vamos, es hora de levantarse.<\/p>\n<p>Quel est le pass\u00e9 compos\u00e9 ? Le <b>pass\u00e9 compos\u00e9<\/b> s&rsquo;utilise pour une action ponctuelle et br\u00e8ve dans la <b>pass\u00e9<\/b>. Il <b>est<\/b> form\u00e9 \u00e0 l&rsquo;aide d&rsquo;un auxiliaire \u00ab\u00a0avoir\u00a0\u00bb ou \u00ab\u00a0\u00eatre\u00a0\u00bb et du participe <b>pass\u00e9<\/b>. Pour bien pouvoir former le <b>pass\u00e9 compos\u00e9<\/b>, il faut donc savoir conjuguer avoir et \u00eatre au pr\u00e9sent et savoir former le participe <b>pass\u00e9<\/b>.<\/p>\n<div id=\"ez-toc-container\" class=\"ez-toc-v2_0_81 counter-hierarchy ez-toc-counter ez-toc-grey ez-toc-container-direction\">\n<div class=\"ez-toc-title-container\">\n<p class=\"ez-toc-title\" style=\"cursor:inherit\">Contenus de la page<\/p>\n<span class=\"ez-toc-title-toggle\"><a href=\"#\" class=\"ez-toc-pull-right ez-toc-btn ez-toc-btn-xs ez-toc-btn-default ez-toc-toggle\" aria-label=\"Toggle Table of Content\"><span class=\"ez-toc-js-icon-con\"><span class=\"\"><span class=\"eztoc-hide\" style=\"display:none;\">Toggle<\/span><span class=\"ez-toc-icon-toggle-span\"><svg style=\"fill: #999;color:#999\" xmlns=\"http:\/\/www.w3.org\/2000\/svg\" class=\"list-377408\" width=\"20px\" height=\"20px\" viewBox=\"0 0 24 24\" fill=\"none\"><path d=\"M6 6H4v2h2V6zm14 0H8v2h12V6zM4 11h2v2H4v-2zm16 0H8v2h12v-2zM4 16h2v2H4v-2zm16 0H8v2h12v-2z\" fill=\"currentColor\"><\/path><\/svg><svg style=\"fill: #999;color:#999\" class=\"arrow-unsorted-368013\" xmlns=\"http:\/\/www.w3.org\/2000\/svg\" width=\"10px\" height=\"10px\" viewBox=\"0 0 24 24\" version=\"1.2\" baseProfile=\"tiny\"><path d=\"M18.2 9.3l-6.2-6.3-6.2 6.3c-.2.2-.3.4-.3.7s.1.5.3.7c.2.2.4.3.7.3h11c.3 0 .5-.1.7-.3.2-.2.3-.5.3-.7s-.1-.5-.3-.7zM5.8 14.7l6.2 6.3 6.2-6.3c.2-.2.3-.5.3-.7s-.1-.5-.3-.7c-.2-.2-.4-.3-.7-.3h-11c-.3 0-.5.1-.7.3-.2.2-.3.5-.3.7s.1.5.3.7z\"\/><\/svg><\/span><\/span><\/span><\/a><\/span><\/div>\n<nav><ul class='ez-toc-list ez-toc-list-level-1 ' ><li class='ez-toc-page-1 ez-toc-heading-level-2'><a class=\"ez-toc-link ez-toc-heading-1\" href=\"https:\/\/flashmode.tn\/magazine\/comment-conjuguer-le-verbe-se-lever-au-passe-simple\/#Est-ce_quon_accorde_avec_on\" >Est-ce qu&rsquo;on accorde avec on ?<\/a><\/li><li class='ez-toc-page-1 ez-toc-heading-level-2'><a class=\"ez-toc-link ez-toc-heading-2\" href=\"https:\/\/flashmode.tn\/magazine\/comment-conjuguer-le-verbe-se-lever-au-passe-simple\/#Comment_se_conjugue_Levantarse_en_espagnol\" >Comment se conjugue Levantarse en espagnol ?<\/a><\/li><li class='ez-toc-page-1 ez-toc-heading-level-2'><a class=\"ez-toc-link ez-toc-heading-3\" href=\"https:\/\/flashmode.tn\/magazine\/comment-conjuguer-le-verbe-se-lever-au-passe-simple\/#Quand_on_use_le_passe_compose\" >Quand on use le pass\u00e9 compos\u00e9 ?<\/a><\/li><li class='ez-toc-page-1 ez-toc-heading-level-2'><a class=\"ez-toc-link ez-toc-heading-4\" href=\"https:\/\/flashmode.tn\/magazine\/comment-conjuguer-le-verbe-se-lever-au-passe-simple\/#Comment_Ecrire_se_soir_ou_ce_soir\" >Comment Ecrire se soir o\u00f9 ce soir ?<\/a><ul class='ez-toc-list-level-3' ><li class='ez-toc-heading-level-3'><a class=\"ez-toc-link ez-toc-heading-5\" href=\"https:\/\/flashmode.tn\/magazine\/comment-conjuguer-le-verbe-se-lever-au-passe-simple\/#Ou_et_ou_dans_une_phrase\" >O\u00f9 et ou dans une phrase ?<\/a><\/li><\/ul><\/li><\/ul><\/nav><\/div>\n<h2><span class=\"ez-toc-section\" id=\"Est-ce_quon_accorde_avec_on\"><\/span>Est-ce qu&rsquo;on accorde avec on ?<span class=\"ez-toc-section-end\"><\/span><\/h2>\n<p>3- Doit-on <b>accorder<\/b> le participe pass\u00e9 employ\u00e9 <b>avec<\/b> \u00ab on \u00bb ? Ce qui <b>est<\/b> tr\u00e8s perturbant, chez ce \u00ab on \u00bb, c&rsquo;<b>est qu<\/b>&lsquo;il correspond \u00e0 la troisi\u00e8me personne du singulier, alors que, la plupart du temps, il d\u00e9signe un collectif. &#8230; Le participe pass\u00e9 du verbe dont il <b>est<\/b> sujet s&rsquo;<b>accorde<\/b> donc au masculin singulier.<\/p>\n<p>Comment savoir \u00e9crire se o\u00f9 ce ? <b>  Ce ou  <b>   se  <\/b>  ? <\/b> <\/p>\n<ol>\n<li>   Ce est soit la contraction de cela, soit un adjectif d\u00e9monstratif ADJECTIFS DEMONSTRATIFS. ce tableau. Ce serait g\u00e9nial.  <\/li>\n<li>   <b>    Se   <\/b>   est un pronom r\u00e9fl\u00e9chi PRONOMS REFLECHIS. Elle   <b>    se   <\/b>   douche. Ils   <b>    se   <\/b>   font la bise.  <\/li>\n<li>   Combine. \u2022 Devant tous les mots sauf les verbes, c&rsquo;est ce : ce que tu fais. ce soir.  <\/li>\n<\/ol>\n<p>O\u00f9 et ou exemple ? _ On \u00e9crit ou quand on peut le remplacer par ou bien. <b>exemple<\/b> : Posez-le sur la table ou la chaise = posez-le sur la table ou bien sur la chaise. _ On \u00e9crit o\u00f9 quand il indique le lieu ou le temps.<\/p>\n<p>Comment conjuguer le verbe lever en espagnol ? <b>  Conjugaison Se  <b>   lever  <\/b>  &#8230;.et <\/b> <\/p>\n<ul>\n<li>   je me l\u00e8ve&#8230;yo me levanto.  <\/li>\n<li>   tu te l\u00e8ves &#8230;t\u00fa te levantas.  <\/li>\n<li>   il,elle se l\u00e8ve&#8230;\u00e9l,ella se levanta.  <\/li>\n<li>   nous nous levons&#8230;nosotros nos levantamos.  <\/li>\n<li>   vous vous levez&#8230;vosotros os levant\u00e1is.  <\/li>\n<li>   ils,elles se l\u00e8vent..ellos,ellas se levantan.  <\/li>\n<\/ul>\n<h2><span class=\"ez-toc-section\" id=\"Comment_se_conjugue_Levantarse_en_espagnol\"><\/span>Comment se conjugue Levantarse en espagnol ?<span class=\"ez-toc-section-end\"><\/span><\/h2>\n<p>Exemple : Apporte-le-moi = trae+me+lo = tr\u00e1emelo. <br \/> &#8230; <br \/> 1\u00b0) L&rsquo;enclise. <\/p>\n<table>\n<tbody>\n<tr>\n<th>     <b>      Levantarse     <\/b>     (     <b>      se     <\/b>     lever)    <\/th>\n<\/tr>\n<tr>\n<th>     Levanta+te    <\/th>\n<th>     lev\u00e1ntate    <\/th>\n<th>    <\/th>\n<\/tr>\n<tr>\n<td>     Levante+     <b>      se     <\/b>    <\/td>\n<td>     lev\u00e1ntese    <\/td>\n<td>    <\/td>\n<\/tr>\n<tr>\n<td>     Levantemos+nos    <\/td>\n<td>     levant\u00e9monos    <\/td>\n<td>     Ch\u00fbte du S de levantemos    <\/td>\n<\/tr>\n<\/tbody>\n<\/table>\n<p> \u2022 Apr 12, 2012<\/p>\n<p>Comment conjuguer le verbe se doucher en espagnol ? douche <\/p>\n<table>\n<tbody>\n<tr>\n<th>     Principales traductions    <\/th>\n<\/tr>\n<tr>\n<th>     Fran\u00e7ais    <\/th>\n<th>    <\/th>\n<th>     <b>      Espagnol     <\/b>    <\/th>\n<\/tr>\n<tr>\n<td>     <b>      se doucher     <\/b>     \u21d2 v pron Ex :     <b>      se     <\/b>     regarder : \u00ab\u00a0Je me regarde dans le miroir. Tu te regardes dans le miroir.\u00a0\u00bb.     <b>      Les verbes     <\/b>     pronominaux     <b>      se conjuguent     <\/b>     toujours avec l&rsquo;auxiliaire \u00ab\u00a0\u00eatre\u00a0\u00bb. Ex : \u00ab\u00a0Elle a lav\u00e9 la voiture\u00a0\u00bb mais \u00ab\u00a0Elle s&rsquo;est lav\u00e9e.\u00a0\u00bb    <\/td>\n<td>     (     <b>      se     <\/b>     laver dans une     <b>      douche     <\/b>     )    <\/td>\n<td>     ducharse\u21d2 v prnl    <\/td>\n<\/tr>\n<\/tbody>\n<\/table>\n<p>Quand utilise ton le pass\u00e9 compos\u00e9 ?<\/p>\n<p>Le <b>pass\u00e9 compos\u00e9<\/b> est le temps <b>pass\u00e9<\/b> du <b>pr\u00e9sent<\/b> de l&rsquo;indicatif. Il sert \u00e0 exprimer un \u00e9v\u00e9nement <b>pass\u00e9<\/b> dans un discours qui a des cons\u00e9quences dans le <b>pr\u00e9sent<\/b>. Exemple : J&rsquo;ai apport\u00e9 des fleurs \u00e0 ma femme. Cela implique que ma femme a toujours ces fleurs en ce moment.<\/p>\n<p>Quand utiliser pass\u00e9 compos\u00e9 ? L&#8217;emploi du <b>pass\u00e9 compos\u00e9<\/b><\/p>\n<p> On utilise le <b>pass\u00e9 compos\u00e9<\/b> pour exprimer un fait s&rsquo;\u00e9tant produit dans le <b>pass\u00e9<\/b> et qui est termin\u00e9 dans le pr\u00e9sent. J&rsquo;ai enfin compl\u00e9t\u00e9 ce devoir. J&rsquo;ai mang\u00e9 des fruits ce matin. Elle est arriv\u00e9e tr\u00e8s t\u00f4t dans la soir\u00e9e.<\/p>\n<h2><span class=\"ez-toc-section\" id=\"Quand_on_use_le_passe_compose\"><\/span>Quand on use le pass\u00e9 compos\u00e9 ?<span class=\"ez-toc-section-end\"><\/span><\/h2>\n<p><b>Quand<\/b> employer le <b>pass\u00e9 compos\u00e9<\/b> en fran\u00e7ais ? Le <b>pass\u00e9 compos\u00e9<\/b> est utilis\u00e9 pour parler d&rsquo;une action unique, achev\u00e9e dans le <b>pass\u00e9<\/b>. Il permet de souligner le r\u00e9sultat ou la cons\u00e9quence de cette action dans le pr\u00e9sent.<\/p>\n<p>Est-ce que on s&rsquo;accorde au pluriel ?<\/p>\n<p>Quand on a la valeur d&rsquo;un pronom personnel (on repr\u00e9sente des personnes particuli\u00e8res, il peut \u00eatre remplac\u00e9 par je, tu, nous, vous), les accords peuvent se faire au masculin ou au f\u00e9minin et au singulier ou au <b>pluriel<\/b> selon le genre et le nombre des personnes d\u00e9sign\u00e9es par on.<\/p>\n<p>Comment \u00e9crire on est content ? \u00ab On <b>est<\/b> du masculin singulier : On a \u00e9t\u00e9 surpris par la nouvelle. On \u00e9tait <b>content<\/b>. Lorsque on se substitue \u00e0 nous ou qu&rsquo;il s&rsquo;agit de plusieurs personnes, le verbe reste au singulier, mais l&rsquo;attribut ou le participe pass\u00e9 avec \u00eatre peuvent se mettre au pluriel : On s&rsquo;<b>est<\/b> perdus de vue depuis sept ans.<\/p>\n<p>Comment Ecrire fi\u00e8re au masculin ? Attention de ne pas <b>\u00e9crire fi\u00e8r au masculin<\/b> et <b>fiere<\/b> au f\u00e9minin ! On n&rsquo;<b>\u00e9crit<\/b> pas non plus fiert .<\/p>\n<h2><span class=\"ez-toc-section\" id=\"Comment_Ecrire_se_soir_ou_ce_soir\"><\/span>Comment Ecrire se soir o\u00f9 ce soir ?<span class=\"ez-toc-section-end\"><\/span><\/h2>\n<p>&#x27a1; <b>se<\/b><\/p>\n<p> Il fait partie d&rsquo;un verbe pronominal : \u00ab Il <b>se<\/b> tord la cheville \u00bb. Dans ce cas, on <b>\u00e9crit<\/b> toujours <b>se<\/b> et c&rsquo;est le seul cas o\u00f9 on <b>\u00e9crit se<\/b>. Il signifie lui-m\u00eame ou elle-m\u00eame, au singulier, et eux-m\u00eames ou elles-m\u00eames, au pluriel.<\/p>\n<p>Quel est la diff\u00e9rence entre \u00e7a et sa ? On utilise \u00ab \u00e7a \u00bb lorsqu&rsquo;on peut le remplacer par \u00ab cela \u00bb. &#8211; \u00ab \u00e7\u00e0 \u00bb <b>est<\/b> un adverbe de lieu. &#8211; \u00ab <b>sa<\/b> \u00bb <b>est<\/b> un adjectif possessif. On utilise \u00ab <b>sa<\/b> \u00bb lorsqu&rsquo;on peut le remplacer par \u00ab la sienne \u00bb ou par \u00ab ses \u00bb.<\/p>\n<p>O\u00f9 et ou dans une m\u00eame phrase ?<\/p>\n<p>*On \u00e9crit &lsquo;o\u00f9&rsquo; avec un accent grave quand il indique le lieu comme dans la <b>phrase<\/b> 1 . -Exemple : -La maison o\u00f9 j&rsquo;habite est spacieuse . &lsquo;ou bien&rsquo; comme dans la <b>phrase<\/b> 2. -Exemple : -On va au th\u00e9\u00e2tre ou au cin\u00e9ma ?<\/p>\n<p>O\u00f9 et ou dans la m\u00eame phrase ? Exemple : Tu veux manger maintenant ou plus tard ? (on peut dire \u00ab tu veux manger maintenant ou bien plus tard \u00bb). R\u00e8gle 2 : On \u00e9crit \u00ab o\u00f9 \u00bb avec un accent pour parler d&rsquo;un lieu ou une situation g\u00e9ographique. Exemple : O\u00f9 veux-tu aller ? (on ne peut pas dire \u00ab ou bien veux-tu aller \u00bb).<\/p>\n<h3><span class=\"ez-toc-section\" id=\"Ou_et_ou_dans_une_phrase\"><\/span>O\u00f9 et ou dans une phrase ?<span class=\"ez-toc-section-end\"><\/span><\/h3>\n<p>Exemple : ce soir, nous pourrions aller au cin\u00e9ma ou au th\u00e9\u00e2tre &gt; ce soir, nous pourrions aller au cin\u00e9ma ou bien au th\u00e9\u00e2tre. Le terme &lsquo;o\u00f9&rsquo; est un pronom relatif, employ\u00e9 comme un compl\u00e9ment adverbial, souvent de temps ou de lieu. Exemple : la ville o\u00f9 nous vivons est agr\u00e9able.<\/p>\n<p>Comment conjuguer le verbe Leer en espagnol ? Ce tableau montre la conjugaison du <b>  verbe espagnol <\/b> \u00a0\u00bb <b>  leer <\/b> \u00ab\u00a0. <br \/> &#8230; <br \/> Gerundio: leyendo. <\/p>\n<table>\n<tbody>\n<tr>\n<th>     Presente    <\/th>\n<th>     Imperfecto    <\/th>\n<\/tr>\n<tr>\n<td>     yo t\u00fa \u00e9l\/ella nosotros vosotros ellos lea leas lea leamos le\u00e1is lean    <\/td>\n<td>     yo t\u00fa \u00e9l\/ella nosotros vosotros ellos leyera leyeras leyera ley\u00e9ramos leyerais leyeran    <\/td>\n<\/tr>\n<\/tbody>\n<\/table>\n<p>Comment conjuguer le verbe Ducharse en espagnol ?<\/p>\n<p><b>  duchar <\/b> , <b>  verbe espagnol <\/b> du 1 <sup>  er <\/sup> groupe. <br \/> &#8230; <br \/> Indicatif. <\/p>\n<table>\n<tbody>\n<tr>\n<th>     Pr\u00e9sent    <\/th>\n<\/tr>\n<tr>\n<td>     (\u00e9l\/ella\/ Ud. )    <\/td>\n<td>     ducha    <\/td>\n<td>     [Prononciation ?]    <\/td>\n<\/tr>\n<tr>\n<td>     (nosostros-as)    <\/td>\n<td>     duchamos    <\/td>\n<td>     [Prononciation ?]    <\/td>\n<\/tr>\n<tr>\n<td>     (vosostros-as\/ os )    <\/td>\n<td>     duch\u00e1is    <\/td>\n<td>     [Prononciation ?]    <\/td>\n<\/tr>\n<tr>\n<td>     (ellos-as\/ Uds. )    <\/td>\n<td>     duchan    <\/td>\n<td>     [Prononciation ?]    <\/td>\n<\/tr>\n<\/tbody>\n<\/table>\n<p>Quels sont les pronoms personnels en espagnol ? <b>  1\/  <b>   Pronoms Personnels  <\/b>  Sujets <\/b> <\/p>\n<ul>\n<li>   Yo.  <\/li>\n<li>   T\u00fa  <\/li>\n<li>   \u00c9l, ella, usted.  <\/li>\n<li>   Nosotros, nosotras.  <\/li>\n<li>   Vosotros, vosotras.  <\/li>\n<li>   Ellos, ellas, ustedes.  <\/li>\n<li>   Monsieur, me parlez-vous ? Se\u00f1or, me habla usted ?  <\/li>\n<li>   Le digo (a usted) je vous dis ou Le digo (a \u00e9l o a ella) je lui dis .  <\/li>\n<\/ul>\n<h2><\/h2>\n","protected":false},"excerpt":{"rendered":"<p>se l\u00e8vent pass\u00e9 simple je me levai tu te levas il, elle, on se leva nous nous lev\u00e2mes Comment \u00e9crire L\u00e8ve-toi ? L\u00e8ve&#8211;toi. Levons-nous. Levez-vous. A la forme n\u00e9gative. or Comment on dit en espagnol se lever ? Vamos, es hora de levantarse. Quel est le pass\u00e9 compos\u00e9 ? Le pass\u00e9 compos\u00e9 s&rsquo;utilise pour une [&hellip;]<\/p>\n","protected":false},"author":5,"featured_media":0,"comment_status":"open","ping_status":"open","sticky":false,"template":"","format":"standard","meta":{"tdm_status":"","tdm_grid_status":"","_jetpack_memberships_contains_paid_content":false,"footnotes":"","jetpack_publicize_message":"","jetpack_publicize_feature_enabled":true,"jetpack_social_post_already_shared":true,"jetpack_social_options":{"image_generator_settings":{"template":"highway","default_image_id":0,"font":"","enabled":false},"version":2}},"categories":[80],"tags":[],"class_list":["post-63743","post","type-post","status-publish","format-standard","hentry","category-lifestyle"],"yoast_head":"<!-- This site is optimized with the Yoast SEO Premium plugin v25.0 (Yoast SEO v25.0) - https:\/\/yoast.com\/wordpress\/plugins\/seo\/ -->\n<title>Comment conjuguer le verbe se lever au pass\u00e9 simple ?<\/title>\n<meta name=\"description\" content=\"se l\u00e8vent pass\u00e9 simple je me levai tu te levas il, elle, on se leva nous nous lev\u00e2mes\" \/>\n<meta name=\"robots\" content=\"index, follow, max-snippet:-1, max-image-preview:large, max-video-preview:-1\" \/>\n<link rel=\"canonical\" href=\"https:\/\/flashmode.tn\/magazine\/comment-conjuguer-le-verbe-se-lever-au-passe-simple\/\" \/>\n<meta property=\"og:locale\" content=\"fr_FR\" \/>\n<meta property=\"og:type\" content=\"article\" \/>\n<meta property=\"og:title\" content=\"Comment conjuguer le verbe se lever au pass\u00e9 simple ? - Flashmode Magazine | Magazine de mode et style de vie Num\u00e9ro un en Tunisie et au Maghreb\" \/>\n<meta property=\"og:description\" content=\"se l\u00e8vent pass\u00e9 simple je me levai tu te levas il, elle, on se leva nous nous lev\u00e2mes\" \/>\n<meta property=\"og:url\" content=\"https:\/\/flashmode.tn\/magazine\/comment-conjuguer-le-verbe-se-lever-au-passe-simple\/\" \/>\n<meta property=\"og:site_name\" content=\"Flashmode Magazine | Magazine de mode et style de vie Num\u00e9ro un en Tunisie et au Maghreb\" \/>\n<meta property=\"article:publisher\" content=\"https:\/\/www.facebook.com\/flashmode.magazine\/\" \/>\n<meta property=\"article:published_time\" content=\"2022-02-15T01:37:05+00:00\" \/>\n<meta name=\"author\" content=\"PeopleLife\" \/>\n<meta name=\"twitter:card\" content=\"summary_large_image\" \/>\n<meta name=\"twitter:creator\" content=\"@agenceflashmode\" \/>\n<meta name=\"twitter:site\" content=\"@agenceflashmode\" \/>\n<meta name=\"twitter:label1\" content=\"\u00c9crit par\" \/>\n\t<meta name=\"twitter:data1\" content=\"PeopleLife\" \/>\n\t<meta name=\"twitter:label2\" content=\"Dur\u00e9e de lecture estim\u00e9e\" \/>\n\t<meta name=\"twitter:data2\" content=\"6 minutes\" \/>\n<script type=\"application\/ld+json\" class=\"yoast-schema-graph\">{\"@context\":\"https:\/\/schema.org\",\"@graph\":[{\"@type\":\"WebPage\",\"@id\":\"https:\/\/flashmode.tn\/magazine\/comment-conjuguer-le-verbe-se-lever-au-passe-simple\/\",\"url\":\"https:\/\/flashmode.tn\/magazine\/comment-conjuguer-le-verbe-se-lever-au-passe-simple\/\",\"name\":\"Comment conjuguer le verbe se lever au pass\u00e9 simple ?\",\"isPartOf\":{\"@id\":\"https:\/\/flashmode.tn\/magazine\/#website\"},\"datePublished\":\"2022-02-15T01:37:05+00:00\",\"author\":{\"@id\":\"https:\/\/flashmode.tn\/magazine\/#\/schema\/person\/6815bd30337e8756d5357219766efcc3\"},\"description\":\"se l\u00e8vent pass\u00e9 simple je me levai tu te levas il, elle, on se leva nous nous lev\u00e2mes\",\"breadcrumb\":{\"@id\":\"https:\/\/flashmode.tn\/magazine\/comment-conjuguer-le-verbe-se-lever-au-passe-simple\/#breadcrumb\"},\"inLanguage\":\"fr-FR\",\"potentialAction\":[{\"@type\":\"ReadAction\",\"target\":[\"https:\/\/flashmode.tn\/magazine\/comment-conjuguer-le-verbe-se-lever-au-passe-simple\/\"]}]},{\"@type\":\"BreadcrumbList\",\"@id\":\"https:\/\/flashmode.tn\/magazine\/comment-conjuguer-le-verbe-se-lever-au-passe-simple\/#breadcrumb\",\"itemListElement\":[{\"@type\":\"ListItem\",\"position\":1,\"name\":\"Accueil\",\"item\":\"https:\/\/flashmode.tn\/magazine\/\"},{\"@type\":\"ListItem\",\"position\":2,\"name\":\"Comment conjuguer le verbe se lever au pass\u00e9 simple ?\"}]},{\"@type\":\"WebSite\",\"@id\":\"https:\/\/flashmode.tn\/magazine\/#website\",\"url\":\"https:\/\/flashmode.tn\/magazine\/\",\"name\":\"Flashmode Magazine | Magazine de mode et style de vie Num\u00e9ro un en Tunisie et au Maghreb\",\"description\":\"Magazine de mode et style de vie Num\u00e9ro un en Tunisie et au Maghreb, cr\u00e9\u00e9 pour les hommes et les femmes : conseils beaut\u00e9, mode femme, mode homme, recettes de cuisine, c\u00e9l\u00e9brit\u00e9s et people, mannequins et top modeles\",\"potentialAction\":[{\"@type\":\"SearchAction\",\"target\":{\"@type\":\"EntryPoint\",\"urlTemplate\":\"https:\/\/flashmode.tn\/magazine\/?s={search_term_string}\"},\"query-input\":{\"@type\":\"PropertyValueSpecification\",\"valueRequired\":true,\"valueName\":\"search_term_string\"}}],\"inLanguage\":\"fr-FR\"},{\"@type\":\"Person\",\"@id\":\"https:\/\/flashmode.tn\/magazine\/#\/schema\/person\/6815bd30337e8756d5357219766efcc3\",\"name\":\"PeopleLife\",\"image\":{\"@type\":\"ImageObject\",\"inLanguage\":\"fr-FR\",\"@id\":\"https:\/\/flashmode.tn\/magazine\/#\/schema\/person\/image\/\",\"url\":\"https:\/\/secure.gravatar.com\/avatar\/8098f49196034391d93ae20d939ad33b14f6b745c986049ad803a54f4113e18c?s=96&d=mm&r=g\",\"contentUrl\":\"https:\/\/secure.gravatar.com\/avatar\/8098f49196034391d93ae20d939ad33b14f6b745c986049ad803a54f4113e18c?s=96&d=mm&r=g\",\"caption\":\"PeopleLife\"},\"url\":\"https:\/\/flashmode.tn\/magazine\/author\/peoplelife\/\"}]}<\/script>\n<!-- \/ Yoast SEO Premium plugin. -->","yoast_head_json":{"title":"Comment conjuguer le verbe se lever au pass\u00e9 simple ?","description":"se l\u00e8vent pass\u00e9 simple je me levai tu te levas il, elle, on se leva nous nous lev\u00e2mes","robots":{"index":"index","follow":"follow","max-snippet":"max-snippet:-1","max-image-preview":"max-image-preview:large","max-video-preview":"max-video-preview:-1"},"canonical":"https:\/\/flashmode.tn\/magazine\/comment-conjuguer-le-verbe-se-lever-au-passe-simple\/","og_locale":"fr_FR","og_type":"article","og_title":"Comment conjuguer le verbe se lever au pass\u00e9 simple ? - Flashmode Magazine | Magazine de mode et style de vie Num\u00e9ro un en Tunisie et au Maghreb","og_description":"se l\u00e8vent pass\u00e9 simple je me levai tu te levas il, elle, on se leva nous nous lev\u00e2mes","og_url":"https:\/\/flashmode.tn\/magazine\/comment-conjuguer-le-verbe-se-lever-au-passe-simple\/","og_site_name":"Flashmode Magazine | Magazine de mode et style de vie Num\u00e9ro un en Tunisie et au Maghreb","article_publisher":"https:\/\/www.facebook.com\/flashmode.magazine\/","article_published_time":"2022-02-15T01:37:05+00:00","author":"PeopleLife","twitter_card":"summary_large_image","twitter_creator":"@agenceflashmode","twitter_site":"@agenceflashmode","twitter_misc":{"\u00c9crit par":"PeopleLife","Dur\u00e9e de lecture estim\u00e9e":"6 minutes"},"schema":{"@context":"https:\/\/schema.org","@graph":[{"@type":"WebPage","@id":"https:\/\/flashmode.tn\/magazine\/comment-conjuguer-le-verbe-se-lever-au-passe-simple\/","url":"https:\/\/flashmode.tn\/magazine\/comment-conjuguer-le-verbe-se-lever-au-passe-simple\/","name":"Comment conjuguer le verbe se lever au pass\u00e9 simple ?","isPartOf":{"@id":"https:\/\/flashmode.tn\/magazine\/#website"},"datePublished":"2022-02-15T01:37:05+00:00","author":{"@id":"https:\/\/flashmode.tn\/magazine\/#\/schema\/person\/6815bd30337e8756d5357219766efcc3"},"description":"se l\u00e8vent pass\u00e9 simple je me levai tu te levas il, elle, on se leva nous nous lev\u00e2mes","breadcrumb":{"@id":"https:\/\/flashmode.tn\/magazine\/comment-conjuguer-le-verbe-se-lever-au-passe-simple\/#breadcrumb"},"inLanguage":"fr-FR","potentialAction":[{"@type":"ReadAction","target":["https:\/\/flashmode.tn\/magazine\/comment-conjuguer-le-verbe-se-lever-au-passe-simple\/"]}]},{"@type":"BreadcrumbList","@id":"https:\/\/flashmode.tn\/magazine\/comment-conjuguer-le-verbe-se-lever-au-passe-simple\/#breadcrumb","itemListElement":[{"@type":"ListItem","position":1,"name":"Accueil","item":"https:\/\/flashmode.tn\/magazine\/"},{"@type":"ListItem","position":2,"name":"Comment conjuguer le verbe se lever au pass\u00e9 simple ?"}]},{"@type":"WebSite","@id":"https:\/\/flashmode.tn\/magazine\/#website","url":"https:\/\/flashmode.tn\/magazine\/","name":"Flashmode Magazine | Magazine de mode et style de vie Num\u00e9ro un en Tunisie et au Maghreb","description":"Magazine de mode et style de vie Num\u00e9ro un en Tunisie et au Maghreb, cr\u00e9\u00e9 pour les hommes et les femmes : conseils beaut\u00e9, mode femme, mode homme, recettes de cuisine, c\u00e9l\u00e9brit\u00e9s et people, mannequins et top modeles","potentialAction":[{"@type":"SearchAction","target":{"@type":"EntryPoint","urlTemplate":"https:\/\/flashmode.tn\/magazine\/?s={search_term_string}"},"query-input":{"@type":"PropertyValueSpecification","valueRequired":true,"valueName":"search_term_string"}}],"inLanguage":"fr-FR"},{"@type":"Person","@id":"https:\/\/flashmode.tn\/magazine\/#\/schema\/person\/6815bd30337e8756d5357219766efcc3","name":"PeopleLife","image":{"@type":"ImageObject","inLanguage":"fr-FR","@id":"https:\/\/flashmode.tn\/magazine\/#\/schema\/person\/image\/","url":"https:\/\/secure.gravatar.com\/avatar\/8098f49196034391d93ae20d939ad33b14f6b745c986049ad803a54f4113e18c?s=96&d=mm&r=g","contentUrl":"https:\/\/secure.gravatar.com\/avatar\/8098f49196034391d93ae20d939ad33b14f6b745c986049ad803a54f4113e18c?s=96&d=mm&r=g","caption":"PeopleLife"},"url":"https:\/\/flashmode.tn\/magazine\/author\/peoplelife\/"}]}},"jetpack_publicize_connections":[],"jetpack_featured_media_url":"","jetpack_shortlink":"https:\/\/wp.me\/p8BPGr-gA7","jetpack_sharing_enabled":true,"_links":{"self":[{"href":"https:\/\/flashmode.tn\/magazine\/wp-json\/wp\/v2\/posts\/63743","targetHints":{"allow":["GET"]}}],"collection":[{"href":"https:\/\/flashmode.tn\/magazine\/wp-json\/wp\/v2\/posts"}],"about":[{"href":"https:\/\/flashmode.tn\/magazine\/wp-json\/wp\/v2\/types\/post"}],"author":[{"embeddable":true,"href":"https:\/\/flashmode.tn\/magazine\/wp-json\/wp\/v2\/users\/5"}],"replies":[{"embeddable":true,"href":"https:\/\/flashmode.tn\/magazine\/wp-json\/wp\/v2\/comments?post=63743"}],"version-history":[{"count":0,"href":"https:\/\/flashmode.tn\/magazine\/wp-json\/wp\/v2\/posts\/63743\/revisions"}],"wp:attachment":[{"href":"https:\/\/flashmode.tn\/magazine\/wp-json\/wp\/v2\/media?parent=63743"}],"wp:term":[{"taxonomy":"category","embeddable":true,"href":"https:\/\/flashmode.tn\/magazine\/wp-json\/wp\/v2\/categories?post=63743"},{"taxonomy":"post_tag","embeddable":true,"href":"https:\/\/flashmode.tn\/magazine\/wp-json\/wp\/v2\/tags?post=63743"}],"curies":[{"name":"wp","href":"https:\/\/api.w.org\/{rel}","templated":true}]}}